{"id":40091,"date":"2015-06-17T07:44:46","date_gmt":"2015-06-17T06:14:46","guid":{"rendered":"http:\/\/eldigitaldeasturias.com\/magazine365\/?p=40091"},"modified":"2015-06-17T07:44:46","modified_gmt":"2015-06-17T06:14:46","slug":"las-pernoctaciones-hoteleras-en-portugal-suben-un-07-en-abril","status":"publish","type":"post","link":"https:\/\/eldigitaldeasturias.com\/magazine365\/las-pernoctaciones-hoteleras-en-portugal-suben-un-07-en-abril\/","title":{"rendered":"Las pernoctaciones hoteleras en Portugal suben un 0,7% en abril"},"content":{"rendered":"<p><img fetchpriority=\"high\" decoding=\"async\" class=\"alignleft size-medium wp-image-40092\" src=\"https:\/\/eldigitaldeasturias.com\/magazine365\/wp-content\/uploads\/2015\/06\/fotonoticia_20150616182022_800-360x241.jpg\" alt=\"fotonoticia_20150616182022_800\" width=\"360\" height=\"241\" srcset=\"https:\/\/eldigitaldeasturias.com\/magazine365\/wp-content\/uploads\/2015\/06\/fotonoticia_20150616182022_800-360x241.jpg 360w, https:\/\/eldigitaldeasturias.com\/magazine365\/wp-content\/uploads\/2015\/06\/fotonoticia_20150616182022_800-650x436.jpg 650w, https:\/\/eldigitaldeasturias.com\/magazine365\/wp-content\/uploads\/2015\/06\/fotonoticia_20150616182022_800-768x515.jpg 768w, https:\/\/eldigitaldeasturias.com\/magazine365\/wp-content\/uploads\/2015\/06\/fotonoticia_20150616182022_800-150x101.jpg 150w, https:\/\/eldigitaldeasturias.com\/magazine365\/wp-content\/uploads\/2015\/06\/fotonoticia_20150616182022_800-450x302.jpg 450w, https:\/\/eldigitaldeasturias.com\/magazine365\/wp-content\/uploads\/2015\/06\/fotonoticia_20150616182022_800-696x466.jpg 696w, https:\/\/eldigitaldeasturias.com\/magazine365\/wp-content\/uploads\/2015\/06\/fotonoticia_20150616182022_800-627x420.jpg 627w, https:\/\/eldigitaldeasturias.com\/magazine365\/wp-content\/uploads\/2015\/06\/fotonoticia_20150616182022_800-84x55.jpg 84w, https:\/\/eldigitaldeasturias.com\/magazine365\/wp-content\/uploads\/2015\/06\/fotonoticia_20150616182022_800.jpg 800w\" sizes=\"(max-width: 360px) 100vw, 360px\" \/>Los hoteles portugueses registraron 3,9 millones de pernoctaciones el pasado mes de abril, lo que supone un 0,7% m\u00e1s que en el mismo mes de 2014, seg\u00fan los datos difundidos por el Instituto Nacional de Estad\u00edstica (INE) de Portugal.<\/p>\n<p>Esta cifra supone una desaceleraci\u00f3n en comparaci\u00f3n con el 11,5% m\u00e1s registrado en el mes de marzo. Seg\u00fan el estudio, este estancamiento se debe a que en abril del a\u00f1o pasado hubo m\u00e1s festivos, debido a que las vacaciones de Pascua se desarrollaron en este mes.<\/p>\n<p>La estancia media en el mes de abril fue de 2,68 noches, un 3,2% menos que en el mismo mes de 2014, y se registr\u00f3 una tasa de ocupaci\u00f3n del 43,4%, 0,4 puntos porcentuales menos.<\/p>\n<p>Por su parte, el ingreso medio diario por habitaci\u00f3n disponible (RevPar), condicionado a la ocupaci\u00f3n registrada, se situ\u00f3 en 32,2 euros, con un repunte del 8,9% con respecto al mismo periodo de 2014.<\/p>\n<p>El estudio muestra que las pernoctaciones realizadas por residentes en Portugal han descendido un 4,9% en el mes de abril, mientras han aumentado un 2,8% las realizadas por extranjeros.<\/p>\n<p>UN 11,1% MENOS DE PERNOCTACIONES DE ESPA\u00d1OLES.<\/p>\n<p>Entre los mercados emisores, los mayores aumentos los registraron los estadounidenses, con un crecimiento del 34,3%, y los belgas, con un 25% m\u00e1s.<\/p>\n<p>Por el contrario, los brasile\u00f1os y los espa\u00f1oles han presentado la mayor disminuci\u00f3n de pernoctaciones frente a abril de 2014, con un 18,6% y un 11,1% menos, respectivamente.<\/p>\n<p>EN LAS AZORES, CRECEN UN 20,7%.<\/p>\n<p>Por regiones, las Azores presentaron el mayor aumento de las pernoctaciones en el mes de abril, con una subida del 20,7% con respecto a abril del a\u00f1o pasado.<\/p>\n<p>Le siguen la zona norte de Portugal, con un 5,7% m\u00e1s de pernoctaciones en abril, el centro del pa\u00eds luso, con un 4,8% m\u00e1s, Lisboa, con una cifra un 4,7% superior, y las islas Madeira con un 3,2% m\u00e1s que en abril de 2014.<\/p>\n<p>En contraste, el Algarve portugu\u00e9s y Alentejo registraron una bajada en la cifra de pernoctaciones en el mes de abril, con un 6,9% y un 10,7% menos, respectivamente.<\/p>\n","protected":false},"excerpt":{"rendered":"<p>Los hoteles portugueses registraron 3,9 millones de pernoctaciones el pasado mes de abril, lo que supone un 0,7% m\u00e1s que en el mismo mes de 2014, seg\u00fan los datos difundidos por el Instituto Nacional de Estad\u00edstica (INE) de Portugal. Esta cifra supone una desaceleraci\u00f3n en comparaci\u00f3n con el 11,5% m\u00e1s registrado en el mes de<\/p>\n","protected":false},"author":1,"featured_media":40092,"comment_status":"open","ping_status":"closed","sticky":false,"template":"","format":"standard","meta":{"footnotes":""},"categories":[222],"tags":[],"class_list":{"0":"post-40091","1":"post","2":"type-post","3":"status-publish","4":"format-standard","5":"has-post-thumbnail","7":"category-actualidad-turismo"},"aioseo_notices":[],"aioseo_head":"\n\t\t<!-- All in One SEO Pro 4.9.6.1 - aioseo.com -->\n\t<meta name=\"description\" content=\"Los hoteles portugueses registraron 3,9 millones de pernoctaciones el pasado mes de abril, lo que supone un 0,7% m\u00e1s que en el mismo mes de 2014, seg\u00fan los datos difundidos por el Instituto Nacional de Estad\u00edstica (INE) de Portugal. Esta cifra supone una desaceleraci\u00f3n en comparaci\u00f3n con el 11,5% m\u00e1s registrado en el mes de\" \/>\n\t<meta name=\"robots\" content=\"max-image-preview:large\" \/>\n\t<meta name=\"author\" content=\"admin\"\/>\n\t<meta name=\"google-site-verification\" content=\"UA-38556648-1\" \/>\n\t<meta name=\"keywords\" content=\"actualidad turismo\" \/>\n\t<link rel=\"canonical\" href=\"https:\/\/eldigitaldeasturias.com\/magazine365\/las-pernoctaciones-hoteleras-en-portugal-suben-un-07-en-abril\/\" \/>\n\t<meta name=\"generator\" content=\"All in One SEO Pro (AIOSEO) 4.9.6.1\" \/>\n\t\t<meta property=\"og:locale\" content=\"es_ES\" \/>\n\t\t<meta property=\"og:site_name\" content=\"El Digital de Asturias \u2013 Revista de ocio, turismo y estilo de vida\" \/>\n\t\t<meta property=\"og:type\" content=\"article\" \/>\n\t\t<meta property=\"og:title\" content=\"Las pernoctaciones hoteleras en Portugal suben un 0,7% en abril | El Digital de Asturias\" \/>\n\t\t<meta property=\"og:description\" content=\"Los hoteles portugueses registraron 3,9 millones de pernoctaciones el pasado mes de abril, lo que supone un 0,7% m\u00e1s que en el mismo mes de 2014, seg\u00fan los datos difundidos por el Instituto Nacional de Estad\u00edstica (INE) de Portugal. Esta cifra supone una desaceleraci\u00f3n en comparaci\u00f3n con el 11,5% m\u00e1s registrado en el mes de\" \/>\n\t\t<meta property=\"og:url\" content=\"https:\/\/eldigitaldeasturias.com\/magazine365\/las-pernoctaciones-hoteleras-en-portugal-suben-un-07-en-abril\/\" \/>\n\t\t<meta property=\"og:image\" content=\"https:\/\/eldigitaldeasturias.com\/magazine365\/wp-content\/uploads\/2015\/06\/fotonoticia_20150616182022_800.jpg\" \/>\n\t\t<meta property=\"og:image:secure_url\" content=\"https:\/\/eldigitaldeasturias.com\/magazine365\/wp-content\/uploads\/2015\/06\/fotonoticia_20150616182022_800.jpg\" \/>\n\t\t<meta property=\"og:image:width\" content=\"800\" \/>\n\t\t<meta property=\"og:image:height\" content=\"536\" \/>\n\t\t<meta property=\"article:published_time\" content=\"2015-06-17T06:14:46+00:00\" \/>\n\t\t<meta property=\"article:modified_time\" content=\"2015-06-17T06:14:46+00:00\" \/>\n\t\t<meta name=\"twitter:card\" content=\"summary_large_image\" \/>\n\t\t<meta name=\"twitter:title\" content=\"Las pernoctaciones hoteleras en Portugal suben un 0,7% en abril | El Digital de Asturias\" \/>\n\t\t<meta name=\"twitter:description\" content=\"Los hoteles portugueses registraron 3,9 millones de pernoctaciones el pasado mes de abril, lo que supone un 0,7% m\u00e1s que en el mismo mes de 2014, seg\u00fan los datos difundidos por el Instituto Nacional de Estad\u00edstica (INE) de Portugal. Esta cifra supone una desaceleraci\u00f3n en comparaci\u00f3n con el 11,5% m\u00e1s registrado en el mes de\" \/>\n\t\t<meta name=\"twitter:image\" content=\"https:\/\/eldigitaldeasturias.com\/magazine365\/wp-content\/uploads\/2015\/06\/fotonoticia_20150616182022_800.jpg\" \/>\n\t\t<script type=\"application\/ld+json\" class=\"aioseo-schema\">\n\t\t\t{\"@context\":\"https:\\\/\\\/schema.org\",\"@graph\":[{\"@type\":\"Article\",\"@id\":\"https:\\\/\\\/eldigitaldeasturias.com\\\/magazine365\\\/las-pernoctaciones-hoteleras-en-portugal-suben-un-07-en-abril\\\/#article\",\"name\":\"Las pernoctaciones hoteleras en Portugal suben un 0,7% en abril | El Digital de Asturias\",\"headline\":\"Las pernoctaciones hoteleras en Portugal suben un 0,7% en abril\",\"author\":{\"@id\":\"https:\\\/\\\/eldigitaldeasturias.com\\\/magazine365\\\/author\\\/admin\\\/#author\"},\"publisher\":{\"@id\":\"https:\\\/\\\/eldigitaldeasturias.com\\\/magazine365\\\/#organization\"},\"image\":{\"@type\":\"ImageObject\",\"url\":\"https:\\\/\\\/eldigitaldeasturias.com\\\/magazine365\\\/wp-content\\\/uploads\\\/2015\\\/06\\\/fotonoticia_20150616182022_800.jpg\",\"width\":800,\"height\":536},\"datePublished\":\"2015-06-17T07:44:46+02:00\",\"dateModified\":\"2015-06-17T07:44:46+02:00\",\"inLanguage\":\"es-ES\",\"mainEntityOfPage\":{\"@id\":\"https:\\\/\\\/eldigitaldeasturias.com\\\/magazine365\\\/las-pernoctaciones-hoteleras-en-portugal-suben-un-07-en-abril\\\/#webpage\"},\"isPartOf\":{\"@id\":\"https:\\\/\\\/eldigitaldeasturias.com\\\/magazine365\\\/las-pernoctaciones-hoteleras-en-portugal-suben-un-07-en-abril\\\/#webpage\"},\"articleSection\":\"Actualidad Turismo\"},{\"@type\":\"BreadcrumbList\",\"@id\":\"https:\\\/\\\/eldigitaldeasturias.com\\\/magazine365\\\/las-pernoctaciones-hoteleras-en-portugal-suben-un-07-en-abril\\\/#breadcrumblist\",\"itemListElement\":[{\"@type\":\"ListItem\",\"@id\":\"https:\\\/\\\/eldigitaldeasturias.com\\\/magazine365#listItem\",\"position\":1,\"name\":\"Home\",\"item\":\"https:\\\/\\\/eldigitaldeasturias.com\\\/magazine365\",\"nextItem\":{\"@type\":\"ListItem\",\"@id\":\"https:\\\/\\\/eldigitaldeasturias.com\\\/magazine365\\\/category\\\/actualidad-turismo\\\/#listItem\",\"name\":\"Actualidad Turismo\"}},{\"@type\":\"ListItem\",\"@id\":\"https:\\\/\\\/eldigitaldeasturias.com\\\/magazine365\\\/category\\\/actualidad-turismo\\\/#listItem\",\"position\":2,\"name\":\"Actualidad Turismo\",\"item\":\"https:\\\/\\\/eldigitaldeasturias.com\\\/magazine365\\\/category\\\/actualidad-turismo\\\/\",\"nextItem\":{\"@type\":\"ListItem\",\"@id\":\"https:\\\/\\\/eldigitaldeasturias.com\\\/magazine365\\\/las-pernoctaciones-hoteleras-en-portugal-suben-un-07-en-abril\\\/#listItem\",\"name\":\"Las pernoctaciones hoteleras en Portugal suben un 0,7% en abril\"},\"previousItem\":{\"@type\":\"ListItem\",\"@id\":\"https:\\\/\\\/eldigitaldeasturias.com\\\/magazine365#listItem\",\"name\":\"Home\"}},{\"@type\":\"ListItem\",\"@id\":\"https:\\\/\\\/eldigitaldeasturias.com\\\/magazine365\\\/las-pernoctaciones-hoteleras-en-portugal-suben-un-07-en-abril\\\/#listItem\",\"position\":3,\"name\":\"Las pernoctaciones hoteleras en Portugal suben un 0,7% en abril\",\"previousItem\":{\"@type\":\"ListItem\",\"@id\":\"https:\\\/\\\/eldigitaldeasturias.com\\\/magazine365\\\/category\\\/actualidad-turismo\\\/#listItem\",\"name\":\"Actualidad Turismo\"}}]},{\"@type\":\"Organization\",\"@id\":\"https:\\\/\\\/eldigitaldeasturias.com\\\/magazine365\\\/#organization\",\"name\":\"El digital de Asturias\",\"description\":\"Revista de ocio, turismo y estilo de vida\",\"url\":\"https:\\\/\\\/eldigitaldeasturias.com\\\/magazine365\\\/\",\"logo\":{\"@type\":\"ImageObject\",\"url\":\"https:\\\/\\\/www.eldigitaldeasturias.com\\\/noticias\\\/wp-content\\\/uploads\\\/2020\\\/12\\\/EDA.jpg\",\"@id\":\"https:\\\/\\\/eldigitaldeasturias.com\\\/magazine365\\\/las-pernoctaciones-hoteleras-en-portugal-suben-un-07-en-abril\\\/#organizationLogo\"},\"image\":{\"@id\":\"https:\\\/\\\/eldigitaldeasturias.com\\\/magazine365\\\/las-pernoctaciones-hoteleras-en-portugal-suben-un-07-en-abril\\\/#organizationLogo\"}},{\"@type\":\"Person\",\"@id\":\"https:\\\/\\\/eldigitaldeasturias.com\\\/magazine365\\\/author\\\/admin\\\/#author\",\"url\":\"https:\\\/\\\/eldigitaldeasturias.com\\\/magazine365\\\/author\\\/admin\\\/\",\"name\":\"admin\",\"image\":{\"@type\":\"ImageObject\",\"@id\":\"https:\\\/\\\/eldigitaldeasturias.com\\\/magazine365\\\/las-pernoctaciones-hoteleras-en-portugal-suben-un-07-en-abril\\\/#authorImage\",\"url\":\"https:\\\/\\\/eldigitaldeasturias.com\\\/magazine365\\\/wp-content\\\/litespeed\\\/avatar\\\/e571bcf59a0edd6fa6838245a470f2fe.jpg?ver=1776969259\",\"width\":96,\"height\":96,\"caption\":\"admin\"}},{\"@type\":\"WebPage\",\"@id\":\"https:\\\/\\\/eldigitaldeasturias.com\\\/magazine365\\\/las-pernoctaciones-hoteleras-en-portugal-suben-un-07-en-abril\\\/#webpage\",\"url\":\"https:\\\/\\\/eldigitaldeasturias.com\\\/magazine365\\\/las-pernoctaciones-hoteleras-en-portugal-suben-un-07-en-abril\\\/\",\"name\":\"Las pernoctaciones hoteleras en Portugal suben un 0,7% en abril | El Digital de Asturias\",\"description\":\"Los hoteles portugueses registraron 3,9 millones de pernoctaciones el pasado mes de abril, lo que supone un 0,7% m\\u00e1s que en el mismo mes de 2014, seg\\u00fan los datos difundidos por el Instituto Nacional de Estad\\u00edstica (INE) de Portugal. Esta cifra supone una desaceleraci\\u00f3n en comparaci\\u00f3n con el 11,5% m\\u00e1s registrado en el mes de\",\"inLanguage\":\"es-ES\",\"isPartOf\":{\"@id\":\"https:\\\/\\\/eldigitaldeasturias.com\\\/magazine365\\\/#website\"},\"breadcrumb\":{\"@id\":\"https:\\\/\\\/eldigitaldeasturias.com\\\/magazine365\\\/las-pernoctaciones-hoteleras-en-portugal-suben-un-07-en-abril\\\/#breadcrumblist\"},\"author\":{\"@id\":\"https:\\\/\\\/eldigitaldeasturias.com\\\/magazine365\\\/author\\\/admin\\\/#author\"},\"creator\":{\"@id\":\"https:\\\/\\\/eldigitaldeasturias.com\\\/magazine365\\\/author\\\/admin\\\/#author\"},\"image\":{\"@type\":\"ImageObject\",\"url\":\"https:\\\/\\\/eldigitaldeasturias.com\\\/magazine365\\\/wp-content\\\/uploads\\\/2015\\\/06\\\/fotonoticia_20150616182022_800.jpg\",\"@id\":\"https:\\\/\\\/eldigitaldeasturias.com\\\/magazine365\\\/las-pernoctaciones-hoteleras-en-portugal-suben-un-07-en-abril\\\/#mainImage\",\"width\":800,\"height\":536},\"primaryImageOfPage\":{\"@id\":\"https:\\\/\\\/eldigitaldeasturias.com\\\/magazine365\\\/las-pernoctaciones-hoteleras-en-portugal-suben-un-07-en-abril\\\/#mainImage\"},\"datePublished\":\"2015-06-17T07:44:46+02:00\",\"dateModified\":\"2015-06-17T07:44:46+02:00\"},{\"@type\":\"WebSite\",\"@id\":\"https:\\\/\\\/eldigitaldeasturias.com\\\/magazine365\\\/#website\",\"url\":\"https:\\\/\\\/eldigitaldeasturias.com\\\/magazine365\\\/\",\"name\":\"El Digital de Asturias\",\"description\":\"Revista de ocio, turismo y estilo de vida\",\"inLanguage\":\"es-ES\",\"publisher\":{\"@id\":\"https:\\\/\\\/eldigitaldeasturias.com\\\/magazine365\\\/#organization\"}}]}\n\t\t<\/script>\n\t\t<!-- All in One SEO Pro -->\r\n\t\t<title>Las pernoctaciones hoteleras en Portugal suben un 0,7% en abril | El Digital de Asturias<\/title>\n\n","aioseo_head_json":{"title":"Las pernoctaciones hoteleras en Portugal suben un 0,7% en abril | El Digital de Asturias","description":"Los hoteles portugueses registraron 3,9 millones de pernoctaciones el pasado mes de abril, lo que supone un 0,7% m\u00e1s que en el mismo mes de 2014, seg\u00fan los datos difundidos por el Instituto Nacional de Estad\u00edstica (INE) de Portugal. Esta cifra supone una desaceleraci\u00f3n en comparaci\u00f3n con el 11,5% m\u00e1s registrado en el mes de","canonical_url":"https:\/\/eldigitaldeasturias.com\/magazine365\/las-pernoctaciones-hoteleras-en-portugal-suben-un-07-en-abril\/","robots":"max-image-preview:large","keywords":"actualidad turismo","webmasterTools":{"google-site-verification":"UA-38556648-1","miscellaneous":""},"schema":{"@context":"https:\/\/schema.org","@graph":[{"@type":"Article","@id":"https:\/\/eldigitaldeasturias.com\/magazine365\/las-pernoctaciones-hoteleras-en-portugal-suben-un-07-en-abril\/#article","name":"Las pernoctaciones hoteleras en Portugal suben un 0,7% en abril | El Digital de Asturias","headline":"Las pernoctaciones hoteleras en Portugal suben un 0,7% en abril","author":{"@id":"https:\/\/eldigitaldeasturias.com\/magazine365\/author\/admin\/#author"},"publisher":{"@id":"https:\/\/eldigitaldeasturias.com\/magazine365\/#organization"},"image":{"@type":"ImageObject","url":"https:\/\/eldigitaldeasturias.com\/magazine365\/wp-content\/uploads\/2015\/06\/fotonoticia_20150616182022_800.jpg","width":800,"height":536},"datePublished":"2015-06-17T07:44:46+02:00","dateModified":"2015-06-17T07:44:46+02:00","inLanguage":"es-ES","mainEntityOfPage":{"@id":"https:\/\/eldigitaldeasturias.com\/magazine365\/las-pernoctaciones-hoteleras-en-portugal-suben-un-07-en-abril\/#webpage"},"isPartOf":{"@id":"https:\/\/eldigitaldeasturias.com\/magazine365\/las-pernoctaciones-hoteleras-en-portugal-suben-un-07-en-abril\/#webpage"},"articleSection":"Actualidad Turismo"},{"@type":"BreadcrumbList","@id":"https:\/\/eldigitaldeasturias.com\/magazine365\/las-pernoctaciones-hoteleras-en-portugal-suben-un-07-en-abril\/#breadcrumblist","itemListElement":[{"@type":"ListItem","@id":"https:\/\/eldigitaldeasturias.com\/magazine365#listItem","position":1,"name":"Home","item":"https:\/\/eldigitaldeasturias.com\/magazine365","nextItem":{"@type":"ListItem","@id":"https:\/\/eldigitaldeasturias.com\/magazine365\/category\/actualidad-turismo\/#listItem","name":"Actualidad Turismo"}},{"@type":"ListItem","@id":"https:\/\/eldigitaldeasturias.com\/magazine365\/category\/actualidad-turismo\/#listItem","position":2,"name":"Actualidad Turismo","item":"https:\/\/eldigitaldeasturias.com\/magazine365\/category\/actualidad-turismo\/","nextItem":{"@type":"ListItem","@id":"https:\/\/eldigitaldeasturias.com\/magazine365\/las-pernoctaciones-hoteleras-en-portugal-suben-un-07-en-abril\/#listItem","name":"Las pernoctaciones hoteleras en Portugal suben un 0,7% en abril"},"previousItem":{"@type":"ListItem","@id":"https:\/\/eldigitaldeasturias.com\/magazine365#listItem","name":"Home"}},{"@type":"ListItem","@id":"https:\/\/eldigitaldeasturias.com\/magazine365\/las-pernoctaciones-hoteleras-en-portugal-suben-un-07-en-abril\/#listItem","position":3,"name":"Las pernoctaciones hoteleras en Portugal suben un 0,7% en abril","previousItem":{"@type":"ListItem","@id":"https:\/\/eldigitaldeasturias.com\/magazine365\/category\/actualidad-turismo\/#listItem","name":"Actualidad Turismo"}}]},{"@type":"Organization","@id":"https:\/\/eldigitaldeasturias.com\/magazine365\/#organization","name":"El digital de Asturias","description":"Revista de ocio, turismo y estilo de vida","url":"https:\/\/eldigitaldeasturias.com\/magazine365\/","logo":{"@type":"ImageObject","url":"https:\/\/www.eldigitaldeasturias.com\/noticias\/wp-content\/uploads\/2020\/12\/EDA.jpg","@id":"https:\/\/eldigitaldeasturias.com\/magazine365\/las-pernoctaciones-hoteleras-en-portugal-suben-un-07-en-abril\/#organizationLogo"},"image":{"@id":"https:\/\/eldigitaldeasturias.com\/magazine365\/las-pernoctaciones-hoteleras-en-portugal-suben-un-07-en-abril\/#organizationLogo"}},{"@type":"Person","@id":"https:\/\/eldigitaldeasturias.com\/magazine365\/author\/admin\/#author","url":"https:\/\/eldigitaldeasturias.com\/magazine365\/author\/admin\/","name":"admin","image":{"@type":"ImageObject","@id":"https:\/\/eldigitaldeasturias.com\/magazine365\/las-pernoctaciones-hoteleras-en-portugal-suben-un-07-en-abril\/#authorImage","url":"https:\/\/eldigitaldeasturias.com\/magazine365\/wp-content\/litespeed\/avatar\/e571bcf59a0edd6fa6838245a470f2fe.jpg?ver=1776969259","width":96,"height":96,"caption":"admin"}},{"@type":"WebPage","@id":"https:\/\/eldigitaldeasturias.com\/magazine365\/las-pernoctaciones-hoteleras-en-portugal-suben-un-07-en-abril\/#webpage","url":"https:\/\/eldigitaldeasturias.com\/magazine365\/las-pernoctaciones-hoteleras-en-portugal-suben-un-07-en-abril\/","name":"Las pernoctaciones hoteleras en Portugal suben un 0,7% en abril | El Digital de Asturias","description":"Los hoteles portugueses registraron 3,9 millones de pernoctaciones el pasado mes de abril, lo que supone un 0,7% m\u00e1s que en el mismo mes de 2014, seg\u00fan los datos difundidos por el Instituto Nacional de Estad\u00edstica (INE) de Portugal. Esta cifra supone una desaceleraci\u00f3n en comparaci\u00f3n con el 11,5% m\u00e1s registrado en el mes de","inLanguage":"es-ES","isPartOf":{"@id":"https:\/\/eldigitaldeasturias.com\/magazine365\/#website"},"breadcrumb":{"@id":"https:\/\/eldigitaldeasturias.com\/magazine365\/las-pernoctaciones-hoteleras-en-portugal-suben-un-07-en-abril\/#breadcrumblist"},"author":{"@id":"https:\/\/eldigitaldeasturias.com\/magazine365\/author\/admin\/#author"},"creator":{"@id":"https:\/\/eldigitaldeasturias.com\/magazine365\/author\/admin\/#author"},"image":{"@type":"ImageObject","url":"https:\/\/eldigitaldeasturias.com\/magazine365\/wp-content\/uploads\/2015\/06\/fotonoticia_20150616182022_800.jpg","@id":"https:\/\/eldigitaldeasturias.com\/magazine365\/las-pernoctaciones-hoteleras-en-portugal-suben-un-07-en-abril\/#mainImage","width":800,"height":536},"primaryImageOfPage":{"@id":"https:\/\/eldigitaldeasturias.com\/magazine365\/las-pernoctaciones-hoteleras-en-portugal-suben-un-07-en-abril\/#mainImage"},"datePublished":"2015-06-17T07:44:46+02:00","dateModified":"2015-06-17T07:44:46+02:00"},{"@type":"WebSite","@id":"https:\/\/eldigitaldeasturias.com\/magazine365\/#website","url":"https:\/\/eldigitaldeasturias.com\/magazine365\/","name":"El Digital de Asturias","description":"Revista de ocio, turismo y estilo de vida","inLanguage":"es-ES","publisher":{"@id":"https:\/\/eldigitaldeasturias.com\/magazine365\/#organization"}}]},"og:locale":"es_ES","og:site_name":"El Digital de Asturias \u2013 Revista de ocio, turismo y estilo de vida","og:type":"article","og:title":"Las pernoctaciones hoteleras en Portugal suben un 0,7% en abril | El Digital de Asturias","og:description":"Los hoteles portugueses registraron 3,9 millones de pernoctaciones el pasado mes de abril, lo que supone un 0,7% m\u00e1s que en el mismo mes de 2014, seg\u00fan los datos difundidos por el Instituto Nacional de Estad\u00edstica (INE) de Portugal. Esta cifra supone una desaceleraci\u00f3n en comparaci\u00f3n con el 11,5% m\u00e1s registrado en el mes de","og:url":"https:\/\/eldigitaldeasturias.com\/magazine365\/las-pernoctaciones-hoteleras-en-portugal-suben-un-07-en-abril\/","og:image":"https:\/\/eldigitaldeasturias.com\/magazine365\/wp-content\/uploads\/2015\/06\/fotonoticia_20150616182022_800.jpg","og:image:secure_url":"https:\/\/eldigitaldeasturias.com\/magazine365\/wp-content\/uploads\/2015\/06\/fotonoticia_20150616182022_800.jpg","og:image:width":800,"og:image:height":536,"article:published_time":"2015-06-17T06:14:46+00:00","article:modified_time":"2015-06-17T06:14:46+00:00","twitter:card":"summary_large_image","twitter:title":"Las pernoctaciones hoteleras en Portugal suben un 0,7% en abril | El Digital de Asturias","twitter:description":"Los hoteles portugueses registraron 3,9 millones de pernoctaciones el pasado mes de abril, lo que supone un 0,7% m\u00e1s que en el mismo mes de 2014, seg\u00fan los datos difundidos por el Instituto Nacional de Estad\u00edstica (INE) de Portugal. Esta cifra supone una desaceleraci\u00f3n en comparaci\u00f3n con el 11,5% m\u00e1s registrado en el mes de","twitter:image":"https:\/\/eldigitaldeasturias.com\/magazine365\/wp-content\/uploads\/2015\/06\/fotonoticia_20150616182022_800.jpg"},"aioseo_meta_data":{"post_id":"40091","title":null,"description":null,"keywords":null,"keyphrases":null,"primary_term":null,"canonical_url":null,"og_title":null,"og_description":null,"og_object_type":"default","og_image_type":"default","og_image_url":null,"og_image_width":null,"og_image_height":null,"og_image_custom_url":null,"og_image_custom_fields":null,"og_video":null,"og_custom_url":null,"og_article_section":null,"og_article_tags":null,"twitter_use_og":false,"twitter_card":"default","twitter_image_type":"default","twitter_image_url":null,"twitter_image_custom_url":null,"twitter_image_custom_fields":null,"twitter_title":null,"twitter_description":null,"schema":{"blockGraphs":[],"customGraphs":[],"default":{"data":{"Article":[],"Course":[],"Dataset":[],"FAQPage":[],"Movie":[],"Person":[],"Product":[],"ProductReview":[],"Car":[],"Recipe":[],"Service":[],"SoftwareApplication":[],"WebPage":[]},"graphName":"","isEnabled":true},"graphs":[],"defaultGraph":"","defaultPostTypeGraph":""},"schema_type":null,"schema_type_options":null,"pillar_content":false,"robots_default":true,"robots_noindex":false,"robots_noarchive":false,"robots_nosnippet":false,"robots_nofollow":false,"robots_noimageindex":false,"robots_noodp":false,"robots_notranslate":false,"robots_max_snippet":null,"robots_max_videopreview":null,"robots_max_imagepreview":"large","priority":null,"frequency":null,"location":null,"local_seo":null,"seo_analyzer_scan_date":"2025-09-19 12:55:05","breadcrumb_settings":null,"limit_modified_date":false,"open_ai":null,"ai":null,"created":"2021-03-09 02:32:56","updated":"2025-09-19 12:55:05"},"aioseo_breadcrumb":"<div class=\"aioseo-breadcrumbs\"><span class=\"aioseo-breadcrumb\">\n\t<a href=\"https:\/\/eldigitaldeasturias.com\/magazine365\" title=\"Home\">Home<\/a>\n<\/span><span class=\"aioseo-breadcrumb-separator\">\u2013<\/span><span class=\"aioseo-breadcrumb\">\n\t<a href=\"https:\/\/eldigitaldeasturias.com\/magazine365\/category\/actualidad-turismo\/\" title=\"Actualidad Turismo\">Actualidad Turismo<\/a>\n<\/span><span class=\"aioseo-breadcrumb-separator\">\u2013<\/span><span class=\"aioseo-breadcrumb\">\n\t<a href=\"https:\/\/eldigitaldeasturias.com\/magazine365\/las-pernoctaciones-hoteleras-en-portugal-suben-un-07-en-abril\/\" title=\"Las pernoctaciones hoteleras en Portugal suben un 0,7% en abril\">Las pernoctaciones hoteleras en Portugal suben un 0,7% en abril<\/a>\n<\/span><\/div>","aioseo_breadcrumb_json":[{"label":"Home","link":"https:\/\/eldigitaldeasturias.com\/magazine365"},{"label":"Actualidad Turismo","link":"https:\/\/eldigitaldeasturias.com\/magazine365\/category\/actualidad-turismo\/"},{"label":"Las pernoctaciones hoteleras en Portugal suben un 0,7% en abril","link":"https:\/\/eldigitaldeasturias.com\/magazine365\/las-pernoctaciones-hoteleras-en-portugal-suben-un-07-en-abril\/"}],"_links":{"self":[{"href":"https:\/\/eldigitaldeasturias.com\/magazine365\/wp-json\/wp\/v2\/posts\/40091","targetHints":{"allow":["GET"]}}],"collection":[{"href":"https:\/\/eldigitaldeasturias.com\/magazine365\/wp-json\/wp\/v2\/posts"}],"about":[{"href":"https:\/\/eldigitaldeasturias.com\/magazine365\/wp-json\/wp\/v2\/types\/post"}],"author":[{"embeddable":true,"href":"https:\/\/eldigitaldeasturias.com\/magazine365\/wp-json\/wp\/v2\/users\/1"}],"replies":[{"embeddable":true,"href":"https:\/\/eldigitaldeasturias.com\/magazine365\/wp-json\/wp\/v2\/comments?post=40091"}],"version-history":[{"count":0,"href":"https:\/\/eldigitaldeasturias.com\/magazine365\/wp-json\/wp\/v2\/posts\/40091\/revisions"}],"wp:featuredmedia":[{"embeddable":true,"href":"https:\/\/eldigitaldeasturias.com\/magazine365\/wp-json\/wp\/v2\/media\/40092"}],"wp:attachment":[{"href":"https:\/\/eldigitaldeasturias.com\/magazine365\/wp-json\/wp\/v2\/media?parent=40091"}],"wp:term":[{"taxonomy":"category","embeddable":true,"href":"https:\/\/eldigitaldeasturias.com\/magazine365\/wp-json\/wp\/v2\/categories?post=40091"},{"taxonomy":"post_tag","embeddable":true,"href":"https:\/\/eldigitaldeasturias.com\/magazine365\/wp-json\/wp\/v2\/tags?post=40091"}],"curies":[{"name":"wp","href":"https:\/\/api.w.org\/{rel}","templated":true}]}}