{"id":40088,"date":"2015-06-17T07:41:03","date_gmt":"2015-06-17T06:11:03","guid":{"rendered":"http:\/\/eldigitaldeasturias.com\/magazine365\/?p=40088"},"modified":"2015-06-17T07:41:03","modified_gmt":"2015-06-17T06:11:03","slug":"segovia-fortalece-su-promocion-en-busca-del-turista-japones","status":"publish","type":"post","link":"https:\/\/eldigitaldeasturias.com\/magazine365\/segovia-fortalece-su-promocion-en-busca-del-turista-japones\/","title":{"rendered":"Segovia fortalece su promoci\u00f3n en busca del turista japon\u00e9s"},"content":{"rendered":"<p><img fetchpriority=\"high\" decoding=\"async\" class=\"alignleft size-medium wp-image-40089\" src=\"https:\/\/eldigitaldeasturias.com\/magazine365\/wp-content\/uploads\/2015\/06\/fotonoticia_20150616175443_800-360x202.jpg\" alt=\"fotonoticia_20150616175443_800\" width=\"360\" height=\"202\" srcset=\"https:\/\/eldigitaldeasturias.com\/magazine365\/wp-content\/uploads\/2015\/06\/fotonoticia_20150616175443_800-360x202.jpg 360w, https:\/\/eldigitaldeasturias.com\/magazine365\/wp-content\/uploads\/2015\/06\/fotonoticia_20150616175443_800-650x364.jpg 650w, https:\/\/eldigitaldeasturias.com\/magazine365\/wp-content\/uploads\/2015\/06\/fotonoticia_20150616175443_800-768x430.jpg 768w, https:\/\/eldigitaldeasturias.com\/magazine365\/wp-content\/uploads\/2015\/06\/fotonoticia_20150616175443_800-150x84.jpg 150w, https:\/\/eldigitaldeasturias.com\/magazine365\/wp-content\/uploads\/2015\/06\/fotonoticia_20150616175443_800-450x252.jpg 450w, https:\/\/eldigitaldeasturias.com\/magazine365\/wp-content\/uploads\/2015\/06\/fotonoticia_20150616175443_800-696x390.jpg 696w, https:\/\/eldigitaldeasturias.com\/magazine365\/wp-content\/uploads\/2015\/06\/fotonoticia_20150616175443_800-750x420.jpg 750w, https:\/\/eldigitaldeasturias.com\/magazine365\/wp-content\/uploads\/2015\/06\/fotonoticia_20150616175443_800-499x280.jpg 499w, https:\/\/eldigitaldeasturias.com\/magazine365\/wp-content\/uploads\/2015\/06\/fotonoticia_20150616175443_800.jpg 800w\" sizes=\"(max-width: 360px) 100vw, 360px\" \/>La ciudad de Segovia ha participado en los \u00faltimos d\u00edas en diferentes iniciativas para promocionarse como destino tur\u00edstico en el mercado japon\u00e9s, entre ellas la Feria de Vinos, Alimentaci\u00f3n y Turismo Vinalitur de Tokio o la jornada &#8216;Trabajar con Japoneses&#8217;. Adem\u00e1s, est\u00e1 presente en varias publicaciones tur\u00edsticas japonesas.<\/p>\n<p>El pasado viernes estuvo presente en Madrid en &#8216;Trabajar con Japoneses&#8217;, una jornada organizada por la C\u00e1mara de Comercio Hispano Japonesa dirigida a mejorar la inversi\u00f3n de tiempo y dinero en el trato con el pa\u00eds nip\u00f3n. La iniciativa congreg\u00f3 a una quincena de empresas que trabajan con este segmento del mercado y permiti\u00f3 conocer mejor la cultura y mejorar el avance de los negocios y las relaciones.<\/p>\n<p>Adem\u00e1s, como socia de la C\u00e1mara de Comercio Hispano Japonesa, la ciudad estuvo presente en Vinalitur 2015, celebrada en Tokio los d\u00edas 27 y 28 de mayo. En ella se distribuy\u00f3 diverso material promocional de la capital en japon\u00e9s. Adem\u00e1s, se insert\u00f3 un anuncio en el cat\u00e1logo de la Feria.<\/p>\n<p>Tambi\u00e9n se ha distribuido la revista &#8216;Noticias de Espa\u00f1a-Spain Kono&#8217; n\u00famero 90 (primavera-verano) editada por la C\u00e1mara de Comercio Hispano Japonesa. Se trata de una edici\u00f3n especial conmemorativa del 60 Aniversario de la misma, en la que Segovia es portada y centra un art\u00edculo de tres p\u00e1ginas en japon\u00e9s.<\/p>\n<p>Esta revista, junto con el material promocional anterior, se ha enviado a la Embajada de Espa\u00f1a en Tokio, el Instituto Cervantes, las oficinas de Turespa\u00f1a y la Delegaci\u00f3n de la C\u00e1mara de Comercio Hispano Japonesa.<\/p>\n<p>Otra medida de promoci\u00f3n ha sido la inserci\u00f3n de publicidad en el plano japon\u00e9s de Madrid y Barcelona que la agencia H.I.S., la principal en Jap\u00f3n, distribuye entre sus clientes. Se han editado 10.000 unidades del plano de cada ciudad, elegidas por ser los dos aeropuertos de entrada a Espa\u00f1a de los viajeros nipones.<\/p>\n<p>Seg\u00fan informan fuentes de Turismo de Segovia, casi la totalidad de los turistas japoneses que viajan a Espa\u00f1a visitan Barcelona y Madrid, ciudad esta \u00faltima que les sirve de base para realizar excursiones a lugares como Toledo o Segovia.<\/p>\n","protected":false},"excerpt":{"rendered":"<p>La ciudad de Segovia ha participado en los \u00faltimos d\u00edas en diferentes iniciativas para promocionarse como destino tur\u00edstico en el mercado japon\u00e9s, entre ellas la Feria de Vinos, Alimentaci\u00f3n y Turismo Vinalitur de Tokio o la jornada &#8216;Trabajar con Japoneses&#8217;. Adem\u00e1s, est\u00e1 presente en varias publicaciones tur\u00edsticas japonesas. El pasado viernes estuvo presente en Madrid<\/p>\n","protected":false},"author":1,"featured_media":40089,"comment_status":"open","ping_status":"closed","sticky":false,"template":"","format":"standard","meta":{"footnotes":""},"categories":[224],"tags":[],"class_list":{"0":"post-40088","1":"post","2":"type-post","3":"status-publish","4":"format-standard","5":"has-post-thumbnail","7":"category-noticias-actualidad"},"aioseo_notices":[],"aioseo_head":"\n\t\t<!-- All in One SEO Pro 4.9.6.1 - aioseo.com -->\n\t<meta name=\"description\" content=\"La ciudad de Segovia ha participado en los \u00faltimos d\u00edas en diferentes iniciativas para promocionarse como destino tur\u00edstico en el mercado japon\u00e9s, entre ellas la Feria de Vinos, Alimentaci\u00f3n y Turismo Vinalitur de Tokio o la jornada &#039;Trabajar con Japoneses&#039;. Adem\u00e1s, est\u00e1 presente en varias publicaciones tur\u00edsticas japonesas. El pasado viernes estuvo presente en Madrid\" \/>\n\t<meta name=\"robots\" content=\"max-image-preview:large\" \/>\n\t<meta name=\"author\" content=\"admin\"\/>\n\t<meta name=\"google-site-verification\" content=\"UA-38556648-1\" \/>\n\t<meta name=\"keywords\" content=\"noticias y actualidad\" \/>\n\t<link rel=\"canonical\" href=\"https:\/\/eldigitaldeasturias.com\/magazine365\/segovia-fortalece-su-promocion-en-busca-del-turista-japones\/\" \/>\n\t<meta name=\"generator\" content=\"All in One SEO Pro (AIOSEO) 4.9.6.1\" \/>\n\t\t<meta property=\"og:locale\" content=\"es_ES\" \/>\n\t\t<meta property=\"og:site_name\" content=\"El Digital de Asturias \u2013 Revista de ocio, turismo y estilo de vida\" \/>\n\t\t<meta property=\"og:type\" content=\"article\" \/>\n\t\t<meta property=\"og:title\" content=\"Segovia fortalece su promoci\u00f3n en busca del turista japon\u00e9s | El Digital de Asturias\" \/>\n\t\t<meta property=\"og:description\" content=\"La ciudad de Segovia ha participado en los \u00faltimos d\u00edas en diferentes iniciativas para promocionarse como destino tur\u00edstico en el mercado japon\u00e9s, entre ellas la Feria de Vinos, Alimentaci\u00f3n y Turismo Vinalitur de Tokio o la jornada &#039;Trabajar con Japoneses&#039;. Adem\u00e1s, est\u00e1 presente en varias publicaciones tur\u00edsticas japonesas. El pasado viernes estuvo presente en Madrid\" \/>\n\t\t<meta property=\"og:url\" content=\"https:\/\/eldigitaldeasturias.com\/magazine365\/segovia-fortalece-su-promocion-en-busca-del-turista-japones\/\" \/>\n\t\t<meta property=\"og:image\" content=\"https:\/\/eldigitaldeasturias.com\/magazine365\/wp-content\/uploads\/2015\/06\/fotonoticia_20150616175443_800.jpg\" \/>\n\t\t<meta property=\"og:image:secure_url\" content=\"https:\/\/eldigitaldeasturias.com\/magazine365\/wp-content\/uploads\/2015\/06\/fotonoticia_20150616175443_800.jpg\" \/>\n\t\t<meta property=\"og:image:width\" content=\"800\" \/>\n\t\t<meta property=\"og:image:height\" content=\"448\" \/>\n\t\t<meta property=\"article:published_time\" content=\"2015-06-17T06:11:03+00:00\" \/>\n\t\t<meta property=\"article:modified_time\" content=\"2015-06-17T06:11:03+00:00\" \/>\n\t\t<meta name=\"twitter:card\" content=\"summary_large_image\" \/>\n\t\t<meta name=\"twitter:title\" content=\"Segovia fortalece su promoci\u00f3n en busca del turista japon\u00e9s | El Digital de Asturias\" \/>\n\t\t<meta name=\"twitter:description\" content=\"La ciudad de Segovia ha participado en los \u00faltimos d\u00edas en diferentes iniciativas para promocionarse como destino tur\u00edstico en el mercado japon\u00e9s, entre ellas la Feria de Vinos, Alimentaci\u00f3n y Turismo Vinalitur de Tokio o la jornada &#039;Trabajar con Japoneses&#039;. Adem\u00e1s, est\u00e1 presente en varias publicaciones tur\u00edsticas japonesas. El pasado viernes estuvo presente en Madrid\" \/>\n\t\t<meta name=\"twitter:image\" content=\"https:\/\/eldigitaldeasturias.com\/magazine365\/wp-content\/uploads\/2015\/06\/fotonoticia_20150616175443_800.jpg\" \/>\n\t\t<script type=\"application\/ld+json\" class=\"aioseo-schema\">\n\t\t\t{\"@context\":\"https:\\\/\\\/schema.org\",\"@graph\":[{\"@type\":\"Article\",\"@id\":\"https:\\\/\\\/eldigitaldeasturias.com\\\/magazine365\\\/segovia-fortalece-su-promocion-en-busca-del-turista-japones\\\/#article\",\"name\":\"Segovia fortalece su promoci\\u00f3n en busca del turista japon\\u00e9s | El Digital de Asturias\",\"headline\":\"Segovia fortalece su promoci\\u00f3n en busca del turista japon\\u00e9s\",\"author\":{\"@id\":\"https:\\\/\\\/eldigitaldeasturias.com\\\/magazine365\\\/author\\\/admin\\\/#author\"},\"publisher\":{\"@id\":\"https:\\\/\\\/eldigitaldeasturias.com\\\/magazine365\\\/#organization\"},\"image\":{\"@type\":\"ImageObject\",\"url\":\"https:\\\/\\\/eldigitaldeasturias.com\\\/magazine365\\\/wp-content\\\/uploads\\\/2015\\\/06\\\/fotonoticia_20150616175443_800.jpg\",\"width\":800,\"height\":448},\"datePublished\":\"2015-06-17T07:41:03+02:00\",\"dateModified\":\"2015-06-17T07:41:03+02:00\",\"inLanguage\":\"es-ES\",\"mainEntityOfPage\":{\"@id\":\"https:\\\/\\\/eldigitaldeasturias.com\\\/magazine365\\\/segovia-fortalece-su-promocion-en-busca-del-turista-japones\\\/#webpage\"},\"isPartOf\":{\"@id\":\"https:\\\/\\\/eldigitaldeasturias.com\\\/magazine365\\\/segovia-fortalece-su-promocion-en-busca-del-turista-japones\\\/#webpage\"},\"articleSection\":\"Noticias y Actualidad\"},{\"@type\":\"BreadcrumbList\",\"@id\":\"https:\\\/\\\/eldigitaldeasturias.com\\\/magazine365\\\/segovia-fortalece-su-promocion-en-busca-del-turista-japones\\\/#breadcrumblist\",\"itemListElement\":[{\"@type\":\"ListItem\",\"@id\":\"https:\\\/\\\/eldigitaldeasturias.com\\\/magazine365#listItem\",\"position\":1,\"name\":\"Home\",\"item\":\"https:\\\/\\\/eldigitaldeasturias.com\\\/magazine365\",\"nextItem\":{\"@type\":\"ListItem\",\"@id\":\"https:\\\/\\\/eldigitaldeasturias.com\\\/magazine365\\\/category\\\/noticias-actualidad\\\/#listItem\",\"name\":\"Noticias y Actualidad\"}},{\"@type\":\"ListItem\",\"@id\":\"https:\\\/\\\/eldigitaldeasturias.com\\\/magazine365\\\/category\\\/noticias-actualidad\\\/#listItem\",\"position\":2,\"name\":\"Noticias y Actualidad\",\"item\":\"https:\\\/\\\/eldigitaldeasturias.com\\\/magazine365\\\/category\\\/noticias-actualidad\\\/\",\"nextItem\":{\"@type\":\"ListItem\",\"@id\":\"https:\\\/\\\/eldigitaldeasturias.com\\\/magazine365\\\/segovia-fortalece-su-promocion-en-busca-del-turista-japones\\\/#listItem\",\"name\":\"Segovia fortalece su promoci\\u00f3n en busca del turista japon\\u00e9s\"},\"previousItem\":{\"@type\":\"ListItem\",\"@id\":\"https:\\\/\\\/eldigitaldeasturias.com\\\/magazine365#listItem\",\"name\":\"Home\"}},{\"@type\":\"ListItem\",\"@id\":\"https:\\\/\\\/eldigitaldeasturias.com\\\/magazine365\\\/segovia-fortalece-su-promocion-en-busca-del-turista-japones\\\/#listItem\",\"position\":3,\"name\":\"Segovia fortalece su promoci\\u00f3n en busca del turista japon\\u00e9s\",\"previousItem\":{\"@type\":\"ListItem\",\"@id\":\"https:\\\/\\\/eldigitaldeasturias.com\\\/magazine365\\\/category\\\/noticias-actualidad\\\/#listItem\",\"name\":\"Noticias y Actualidad\"}}]},{\"@type\":\"Organization\",\"@id\":\"https:\\\/\\\/eldigitaldeasturias.com\\\/magazine365\\\/#organization\",\"name\":\"El digital de Asturias\",\"description\":\"Revista de ocio, turismo y estilo de vida\",\"url\":\"https:\\\/\\\/eldigitaldeasturias.com\\\/magazine365\\\/\",\"logo\":{\"@type\":\"ImageObject\",\"url\":\"https:\\\/\\\/www.eldigitaldeasturias.com\\\/noticias\\\/wp-content\\\/uploads\\\/2020\\\/12\\\/EDA.jpg\",\"@id\":\"https:\\\/\\\/eldigitaldeasturias.com\\\/magazine365\\\/segovia-fortalece-su-promocion-en-busca-del-turista-japones\\\/#organizationLogo\"},\"image\":{\"@id\":\"https:\\\/\\\/eldigitaldeasturias.com\\\/magazine365\\\/segovia-fortalece-su-promocion-en-busca-del-turista-japones\\\/#organizationLogo\"}},{\"@type\":\"Person\",\"@id\":\"https:\\\/\\\/eldigitaldeasturias.com\\\/magazine365\\\/author\\\/admin\\\/#author\",\"url\":\"https:\\\/\\\/eldigitaldeasturias.com\\\/magazine365\\\/author\\\/admin\\\/\",\"name\":\"admin\",\"image\":{\"@type\":\"ImageObject\",\"@id\":\"https:\\\/\\\/eldigitaldeasturias.com\\\/magazine365\\\/segovia-fortalece-su-promocion-en-busca-del-turista-japones\\\/#authorImage\",\"url\":\"https:\\\/\\\/eldigitaldeasturias.com\\\/magazine365\\\/wp-content\\\/litespeed\\\/avatar\\\/e571bcf59a0edd6fa6838245a470f2fe.jpg?ver=1776969259\",\"width\":96,\"height\":96,\"caption\":\"admin\"}},{\"@type\":\"WebPage\",\"@id\":\"https:\\\/\\\/eldigitaldeasturias.com\\\/magazine365\\\/segovia-fortalece-su-promocion-en-busca-del-turista-japones\\\/#webpage\",\"url\":\"https:\\\/\\\/eldigitaldeasturias.com\\\/magazine365\\\/segovia-fortalece-su-promocion-en-busca-del-turista-japones\\\/\",\"name\":\"Segovia fortalece su promoci\\u00f3n en busca del turista japon\\u00e9s | El Digital de Asturias\",\"description\":\"La ciudad de Segovia ha participado en los \\u00faltimos d\\u00edas en diferentes iniciativas para promocionarse como destino tur\\u00edstico en el mercado japon\\u00e9s, entre ellas la Feria de Vinos, Alimentaci\\u00f3n y Turismo Vinalitur de Tokio o la jornada 'Trabajar con Japoneses'. Adem\\u00e1s, est\\u00e1 presente en varias publicaciones tur\\u00edsticas japonesas. El pasado viernes estuvo presente en Madrid\",\"inLanguage\":\"es-ES\",\"isPartOf\":{\"@id\":\"https:\\\/\\\/eldigitaldeasturias.com\\\/magazine365\\\/#website\"},\"breadcrumb\":{\"@id\":\"https:\\\/\\\/eldigitaldeasturias.com\\\/magazine365\\\/segovia-fortalece-su-promocion-en-busca-del-turista-japones\\\/#breadcrumblist\"},\"author\":{\"@id\":\"https:\\\/\\\/eldigitaldeasturias.com\\\/magazine365\\\/author\\\/admin\\\/#author\"},\"creator\":{\"@id\":\"https:\\\/\\\/eldigitaldeasturias.com\\\/magazine365\\\/author\\\/admin\\\/#author\"},\"image\":{\"@type\":\"ImageObject\",\"url\":\"https:\\\/\\\/eldigitaldeasturias.com\\\/magazine365\\\/wp-content\\\/uploads\\\/2015\\\/06\\\/fotonoticia_20150616175443_800.jpg\",\"@id\":\"https:\\\/\\\/eldigitaldeasturias.com\\\/magazine365\\\/segovia-fortalece-su-promocion-en-busca-del-turista-japones\\\/#mainImage\",\"width\":800,\"height\":448},\"primaryImageOfPage\":{\"@id\":\"https:\\\/\\\/eldigitaldeasturias.com\\\/magazine365\\\/segovia-fortalece-su-promocion-en-busca-del-turista-japones\\\/#mainImage\"},\"datePublished\":\"2015-06-17T07:41:03+02:00\",\"dateModified\":\"2015-06-17T07:41:03+02:00\"},{\"@type\":\"WebSite\",\"@id\":\"https:\\\/\\\/eldigitaldeasturias.com\\\/magazine365\\\/#website\",\"url\":\"https:\\\/\\\/eldigitaldeasturias.com\\\/magazine365\\\/\",\"name\":\"El Digital de Asturias\",\"description\":\"Revista de ocio, turismo y estilo de vida\",\"inLanguage\":\"es-ES\",\"publisher\":{\"@id\":\"https:\\\/\\\/eldigitaldeasturias.com\\\/magazine365\\\/#organization\"}}]}\n\t\t<\/script>\n\t\t<!-- All in One SEO Pro -->\r\n\t\t<title>Segovia fortalece su promoci\u00f3n en busca del turista japon\u00e9s | El Digital de Asturias<\/title>\n\n","aioseo_head_json":{"title":"Segovia fortalece su promoci\u00f3n en busca del turista japon\u00e9s | El Digital de Asturias","description":"La ciudad de Segovia ha participado en los \u00faltimos d\u00edas en diferentes iniciativas para promocionarse como destino tur\u00edstico en el mercado japon\u00e9s, entre ellas la Feria de Vinos, Alimentaci\u00f3n y Turismo Vinalitur de Tokio o la jornada 'Trabajar con Japoneses'. Adem\u00e1s, est\u00e1 presente en varias publicaciones tur\u00edsticas japonesas. El pasado viernes estuvo presente en Madrid","canonical_url":"https:\/\/eldigitaldeasturias.com\/magazine365\/segovia-fortalece-su-promocion-en-busca-del-turista-japones\/","robots":"max-image-preview:large","keywords":"noticias y actualidad","webmasterTools":{"google-site-verification":"UA-38556648-1","miscellaneous":""},"schema":{"@context":"https:\/\/schema.org","@graph":[{"@type":"Article","@id":"https:\/\/eldigitaldeasturias.com\/magazine365\/segovia-fortalece-su-promocion-en-busca-del-turista-japones\/#article","name":"Segovia fortalece su promoci\u00f3n en busca del turista japon\u00e9s | El Digital de Asturias","headline":"Segovia fortalece su promoci\u00f3n en busca del turista japon\u00e9s","author":{"@id":"https:\/\/eldigitaldeasturias.com\/magazine365\/author\/admin\/#author"},"publisher":{"@id":"https:\/\/eldigitaldeasturias.com\/magazine365\/#organization"},"image":{"@type":"ImageObject","url":"https:\/\/eldigitaldeasturias.com\/magazine365\/wp-content\/uploads\/2015\/06\/fotonoticia_20150616175443_800.jpg","width":800,"height":448},"datePublished":"2015-06-17T07:41:03+02:00","dateModified":"2015-06-17T07:41:03+02:00","inLanguage":"es-ES","mainEntityOfPage":{"@id":"https:\/\/eldigitaldeasturias.com\/magazine365\/segovia-fortalece-su-promocion-en-busca-del-turista-japones\/#webpage"},"isPartOf":{"@id":"https:\/\/eldigitaldeasturias.com\/magazine365\/segovia-fortalece-su-promocion-en-busca-del-turista-japones\/#webpage"},"articleSection":"Noticias y Actualidad"},{"@type":"BreadcrumbList","@id":"https:\/\/eldigitaldeasturias.com\/magazine365\/segovia-fortalece-su-promocion-en-busca-del-turista-japones\/#breadcrumblist","itemListElement":[{"@type":"ListItem","@id":"https:\/\/eldigitaldeasturias.com\/magazine365#listItem","position":1,"name":"Home","item":"https:\/\/eldigitaldeasturias.com\/magazine365","nextItem":{"@type":"ListItem","@id":"https:\/\/eldigitaldeasturias.com\/magazine365\/category\/noticias-actualidad\/#listItem","name":"Noticias y Actualidad"}},{"@type":"ListItem","@id":"https:\/\/eldigitaldeasturias.com\/magazine365\/category\/noticias-actualidad\/#listItem","position":2,"name":"Noticias y Actualidad","item":"https:\/\/eldigitaldeasturias.com\/magazine365\/category\/noticias-actualidad\/","nextItem":{"@type":"ListItem","@id":"https:\/\/eldigitaldeasturias.com\/magazine365\/segovia-fortalece-su-promocion-en-busca-del-turista-japones\/#listItem","name":"Segovia fortalece su promoci\u00f3n en busca del turista japon\u00e9s"},"previousItem":{"@type":"ListItem","@id":"https:\/\/eldigitaldeasturias.com\/magazine365#listItem","name":"Home"}},{"@type":"ListItem","@id":"https:\/\/eldigitaldeasturias.com\/magazine365\/segovia-fortalece-su-promocion-en-busca-del-turista-japones\/#listItem","position":3,"name":"Segovia fortalece su promoci\u00f3n en busca del turista japon\u00e9s","previousItem":{"@type":"ListItem","@id":"https:\/\/eldigitaldeasturias.com\/magazine365\/category\/noticias-actualidad\/#listItem","name":"Noticias y Actualidad"}}]},{"@type":"Organization","@id":"https:\/\/eldigitaldeasturias.com\/magazine365\/#organization","name":"El digital de Asturias","description":"Revista de ocio, turismo y estilo de vida","url":"https:\/\/eldigitaldeasturias.com\/magazine365\/","logo":{"@type":"ImageObject","url":"https:\/\/www.eldigitaldeasturias.com\/noticias\/wp-content\/uploads\/2020\/12\/EDA.jpg","@id":"https:\/\/eldigitaldeasturias.com\/magazine365\/segovia-fortalece-su-promocion-en-busca-del-turista-japones\/#organizationLogo"},"image":{"@id":"https:\/\/eldigitaldeasturias.com\/magazine365\/segovia-fortalece-su-promocion-en-busca-del-turista-japones\/#organizationLogo"}},{"@type":"Person","@id":"https:\/\/eldigitaldeasturias.com\/magazine365\/author\/admin\/#author","url":"https:\/\/eldigitaldeasturias.com\/magazine365\/author\/admin\/","name":"admin","image":{"@type":"ImageObject","@id":"https:\/\/eldigitaldeasturias.com\/magazine365\/segovia-fortalece-su-promocion-en-busca-del-turista-japones\/#authorImage","url":"https:\/\/eldigitaldeasturias.com\/magazine365\/wp-content\/litespeed\/avatar\/e571bcf59a0edd6fa6838245a470f2fe.jpg?ver=1776969259","width":96,"height":96,"caption":"admin"}},{"@type":"WebPage","@id":"https:\/\/eldigitaldeasturias.com\/magazine365\/segovia-fortalece-su-promocion-en-busca-del-turista-japones\/#webpage","url":"https:\/\/eldigitaldeasturias.com\/magazine365\/segovia-fortalece-su-promocion-en-busca-del-turista-japones\/","name":"Segovia fortalece su promoci\u00f3n en busca del turista japon\u00e9s | El Digital de Asturias","description":"La ciudad de Segovia ha participado en los \u00faltimos d\u00edas en diferentes iniciativas para promocionarse como destino tur\u00edstico en el mercado japon\u00e9s, entre ellas la Feria de Vinos, Alimentaci\u00f3n y Turismo Vinalitur de Tokio o la jornada 'Trabajar con Japoneses'. Adem\u00e1s, est\u00e1 presente en varias publicaciones tur\u00edsticas japonesas. El pasado viernes estuvo presente en Madrid","inLanguage":"es-ES","isPartOf":{"@id":"https:\/\/eldigitaldeasturias.com\/magazine365\/#website"},"breadcrumb":{"@id":"https:\/\/eldigitaldeasturias.com\/magazine365\/segovia-fortalece-su-promocion-en-busca-del-turista-japones\/#breadcrumblist"},"author":{"@id":"https:\/\/eldigitaldeasturias.com\/magazine365\/author\/admin\/#author"},"creator":{"@id":"https:\/\/eldigitaldeasturias.com\/magazine365\/author\/admin\/#author"},"image":{"@type":"ImageObject","url":"https:\/\/eldigitaldeasturias.com\/magazine365\/wp-content\/uploads\/2015\/06\/fotonoticia_20150616175443_800.jpg","@id":"https:\/\/eldigitaldeasturias.com\/magazine365\/segovia-fortalece-su-promocion-en-busca-del-turista-japones\/#mainImage","width":800,"height":448},"primaryImageOfPage":{"@id":"https:\/\/eldigitaldeasturias.com\/magazine365\/segovia-fortalece-su-promocion-en-busca-del-turista-japones\/#mainImage"},"datePublished":"2015-06-17T07:41:03+02:00","dateModified":"2015-06-17T07:41:03+02:00"},{"@type":"WebSite","@id":"https:\/\/eldigitaldeasturias.com\/magazine365\/#website","url":"https:\/\/eldigitaldeasturias.com\/magazine365\/","name":"El Digital de Asturias","description":"Revista de ocio, turismo y estilo de vida","inLanguage":"es-ES","publisher":{"@id":"https:\/\/eldigitaldeasturias.com\/magazine365\/#organization"}}]},"og:locale":"es_ES","og:site_name":"El Digital de Asturias \u2013 Revista de ocio, turismo y estilo de vida","og:type":"article","og:title":"Segovia fortalece su promoci\u00f3n en busca del turista japon\u00e9s | El Digital de Asturias","og:description":"La ciudad de Segovia ha participado en los \u00faltimos d\u00edas en diferentes iniciativas para promocionarse como destino tur\u00edstico en el mercado japon\u00e9s, entre ellas la Feria de Vinos, Alimentaci\u00f3n y Turismo Vinalitur de Tokio o la jornada 'Trabajar con Japoneses'. Adem\u00e1s, est\u00e1 presente en varias publicaciones tur\u00edsticas japonesas. El pasado viernes estuvo presente en Madrid","og:url":"https:\/\/eldigitaldeasturias.com\/magazine365\/segovia-fortalece-su-promocion-en-busca-del-turista-japones\/","og:image":"https:\/\/eldigitaldeasturias.com\/magazine365\/wp-content\/uploads\/2015\/06\/fotonoticia_20150616175443_800.jpg","og:image:secure_url":"https:\/\/eldigitaldeasturias.com\/magazine365\/wp-content\/uploads\/2015\/06\/fotonoticia_20150616175443_800.jpg","og:image:width":800,"og:image:height":448,"article:published_time":"2015-06-17T06:11:03+00:00","article:modified_time":"2015-06-17T06:11:03+00:00","twitter:card":"summary_large_image","twitter:title":"Segovia fortalece su promoci\u00f3n en busca del turista japon\u00e9s | El Digital de Asturias","twitter:description":"La ciudad de Segovia ha participado en los \u00faltimos d\u00edas en diferentes iniciativas para promocionarse como destino tur\u00edstico en el mercado japon\u00e9s, entre ellas la Feria de Vinos, Alimentaci\u00f3n y Turismo Vinalitur de Tokio o la jornada 'Trabajar con Japoneses'. Adem\u00e1s, est\u00e1 presente en varias publicaciones tur\u00edsticas japonesas. El pasado viernes estuvo presente en Madrid","twitter:image":"https:\/\/eldigitaldeasturias.com\/magazine365\/wp-content\/uploads\/2015\/06\/fotonoticia_20150616175443_800.jpg"},"aioseo_meta_data":{"post_id":"40088","title":null,"description":null,"keywords":null,"keyphrases":null,"primary_term":null,"canonical_url":null,"og_title":null,"og_description":null,"og_object_type":"default","og_image_type":"default","og_image_url":null,"og_image_width":null,"og_image_height":null,"og_image_custom_url":null,"og_image_custom_fields":null,"og_video":null,"og_custom_url":null,"og_article_section":null,"og_article_tags":null,"twitter_use_og":false,"twitter_card":"default","twitter_image_type":"default","twitter_image_url":null,"twitter_image_custom_url":null,"twitter_image_custom_fields":null,"twitter_title":null,"twitter_description":null,"schema":{"blockGraphs":[],"customGraphs":[],"default":{"data":{"Article":[],"Course":[],"Dataset":[],"FAQPage":[],"Movie":[],"Person":[],"Product":[],"ProductReview":[],"Car":[],"Recipe":[],"Service":[],"SoftwareApplication":[],"WebPage":[]},"graphName":"","isEnabled":true},"graphs":[],"defaultGraph":"","defaultPostTypeGraph":""},"schema_type":null,"schema_type_options":null,"pillar_content":false,"robots_default":true,"robots_noindex":false,"robots_noarchive":false,"robots_nosnippet":false,"robots_nofollow":false,"robots_noimageindex":false,"robots_noodp":false,"robots_notranslate":false,"robots_max_snippet":null,"robots_max_videopreview":null,"robots_max_imagepreview":"large","priority":null,"frequency":null,"location":null,"local_seo":null,"seo_analyzer_scan_date":"2025-09-19 12:53:56","breadcrumb_settings":null,"limit_modified_date":false,"open_ai":null,"ai":null,"created":"2021-03-09 02:32:56","updated":"2025-09-19 12:53:56"},"aioseo_breadcrumb":"<div class=\"aioseo-breadcrumbs\"><span class=\"aioseo-breadcrumb\">\n\t<a href=\"https:\/\/eldigitaldeasturias.com\/magazine365\" title=\"Home\">Home<\/a>\n<\/span><span class=\"aioseo-breadcrumb-separator\">\u2013<\/span><span class=\"aioseo-breadcrumb\">\n\t<a href=\"https:\/\/eldigitaldeasturias.com\/magazine365\/category\/noticias-actualidad\/\" title=\"Noticias y Actualidad\">Noticias y Actualidad<\/a>\n<\/span><span class=\"aioseo-breadcrumb-separator\">\u2013<\/span><span class=\"aioseo-breadcrumb\">\n\t<a href=\"https:\/\/eldigitaldeasturias.com\/magazine365\/segovia-fortalece-su-promocion-en-busca-del-turista-japones\/\" title=\"Segovia fortalece su promoci\u00f3n en busca del turista japon\u00e9s\">Segovia fortalece su promoci\u00f3n en busca del turista japon\u00e9s<\/a>\n<\/span><\/div>","aioseo_breadcrumb_json":[{"label":"Home","link":"https:\/\/eldigitaldeasturias.com\/magazine365"},{"label":"Noticias y Actualidad","link":"https:\/\/eldigitaldeasturias.com\/magazine365\/category\/noticias-actualidad\/"},{"label":"Segovia fortalece su promoci\u00f3n en busca del turista japon\u00e9s","link":"https:\/\/eldigitaldeasturias.com\/magazine365\/segovia-fortalece-su-promocion-en-busca-del-turista-japones\/"}],"_links":{"self":[{"href":"https:\/\/eldigitaldeasturias.com\/magazine365\/wp-json\/wp\/v2\/posts\/40088","targetHints":{"allow":["GET"]}}],"collection":[{"href":"https:\/\/eldigitaldeasturias.com\/magazine365\/wp-json\/wp\/v2\/posts"}],"about":[{"href":"https:\/\/eldigitaldeasturias.com\/magazine365\/wp-json\/wp\/v2\/types\/post"}],"author":[{"embeddable":true,"href":"https:\/\/eldigitaldeasturias.com\/magazine365\/wp-json\/wp\/v2\/users\/1"}],"replies":[{"embeddable":true,"href":"https:\/\/eldigitaldeasturias.com\/magazine365\/wp-json\/wp\/v2\/comments?post=40088"}],"version-history":[{"count":0,"href":"https:\/\/eldigitaldeasturias.com\/magazine365\/wp-json\/wp\/v2\/posts\/40088\/revisions"}],"wp:featuredmedia":[{"embeddable":true,"href":"https:\/\/eldigitaldeasturias.com\/magazine365\/wp-json\/wp\/v2\/media\/40089"}],"wp:attachment":[{"href":"https:\/\/eldigitaldeasturias.com\/magazine365\/wp-json\/wp\/v2\/media?parent=40088"}],"wp:term":[{"taxonomy":"category","embeddable":true,"href":"https:\/\/eldigitaldeasturias.com\/magazine365\/wp-json\/wp\/v2\/categories?post=40088"},{"taxonomy":"post_tag","embeddable":true,"href":"https:\/\/eldigitaldeasturias.com\/magazine365\/wp-json\/wp\/v2\/tags?post=40088"}],"curies":[{"name":"wp","href":"https:\/\/api.w.org\/{rel}","templated":true}]}}