{"id":40075,"date":"2015-06-17T07:28:14","date_gmt":"2015-06-17T05:58:14","guid":{"rendered":"http:\/\/eldigitaldeasturias.com\/magazine365\/?p=40075"},"modified":"2015-06-17T07:28:14","modified_gmt":"2015-06-17T05:58:14","slug":"armas-retira-el-alboran-para-la-ruta-maritima-el-hierro-tenerife","status":"publish","type":"post","link":"https:\/\/eldigitaldeasturias.com\/magazine365\/armas-retira-el-alboran-para-la-ruta-maritima-el-hierro-tenerife\/","title":{"rendered":"Armas retira el &#8216;Albor\u00e1n&#8217; para la ruta mar\u00edtima El Hierro-Tenerife"},"content":{"rendered":"<p><img fetchpriority=\"high\" decoding=\"async\" class=\"alignleft size-medium wp-image-40076\" src=\"https:\/\/eldigitaldeasturias.com\/magazine365\/wp-content\/uploads\/2015\/06\/fotonoticia_20150616172852_800-360x241.jpg\" alt=\"fotonoticia_20150616172852_800\" width=\"360\" height=\"241\" srcset=\"https:\/\/eldigitaldeasturias.com\/magazine365\/wp-content\/uploads\/2015\/06\/fotonoticia_20150616172852_800-360x241.jpg 360w, https:\/\/eldigitaldeasturias.com\/magazine365\/wp-content\/uploads\/2015\/06\/fotonoticia_20150616172852_800-650x436.jpg 650w, https:\/\/eldigitaldeasturias.com\/magazine365\/wp-content\/uploads\/2015\/06\/fotonoticia_20150616172852_800-768x515.jpg 768w, https:\/\/eldigitaldeasturias.com\/magazine365\/wp-content\/uploads\/2015\/06\/fotonoticia_20150616172852_800-150x101.jpg 150w, https:\/\/eldigitaldeasturias.com\/magazine365\/wp-content\/uploads\/2015\/06\/fotonoticia_20150616172852_800-450x302.jpg 450w, https:\/\/eldigitaldeasturias.com\/magazine365\/wp-content\/uploads\/2015\/06\/fotonoticia_20150616172852_800-696x466.jpg 696w, https:\/\/eldigitaldeasturias.com\/magazine365\/wp-content\/uploads\/2015\/06\/fotonoticia_20150616172852_800-627x420.jpg 627w, https:\/\/eldigitaldeasturias.com\/magazine365\/wp-content\/uploads\/2015\/06\/fotonoticia_20150616172852_800-84x55.jpg 84w, https:\/\/eldigitaldeasturias.com\/magazine365\/wp-content\/uploads\/2015\/06\/fotonoticia_20150616172852_800.jpg 800w\" sizes=\"(max-width: 360px) 100vw, 360px\" \/>El presidente en funciones del Cabildo de El Hierro, Alpidio Armas, ha confirmado este martes la entrada en servicio del catamar\u00e1n de Naviera Armas &#8216;Volc\u00e1n de Tirajana&#8217; (antiguo Milenium III) para cubrir la ruta entre el puerto de Los Cristianos (Tenerife) y La Estaca (El Hierro) en sustituci\u00f3n del &#8216;Albor\u00e1n&#8217;, encargado hasta el momento de las Obligaciones de Servicio P\u00fablico mar\u00edtimo con la isla del Meridiano.<\/p>\n<p>La sustituci\u00f3n del Albor\u00e1n supone un \u00abnuevo logro\u00bb de la Mesa de Turismo y Transporte de El Hierro, ha declarado Alpidio Armas, ya que viene a solucionar los problemas de carga al poder hacer uso de las dos zonas de rampa previstas en La Estaca, dejando libre una de ellas para acoger con garant\u00edas el atraque de cruceros y petroleros.<\/p>\n<p>A su vez, dice que los herre\u00f1os encontrar\u00e1n unos servicios \u00abm\u00e1s c\u00f3modos\u00bb con este catamar\u00e1n de factura m\u00e1s moderna que el anterior &#8212; es de casco de aluminio y fue construido en 2006 por la empresa australiana Incat-Hobart&#8211;, m\u00e1s estable para navegar por las aguas entre Tenerife y El Hierro, y adaptado para facilitar el acceso a personas con discapacidad.<\/p>\n<p>El &#8216;Tirajana&#8217; tiene una capacidad de pasaje de 900 personas y su bodega est\u00e1 prevista para 287 veh\u00edculos o un centenar de veh\u00edculos y 288 metros lineales de carga, mientras que su velocidad de servicio es similar al anterior, con 35 nudos, aunque puede alcanzar una velocidad m\u00e1xima de 41 nudos.<\/p>\n<p>Este martes cubrir\u00e1 por primera vez la ruta entre Tenerife y El Hierro, estando prevista la salida a las 17.30 horas desde el puerto de Los Cristianos y la llegada a La Estaca a las 20.15 horas.<\/p>\n<p>Armas ha expresado su deseo de que el nuevo equipo de Gobierno que estar\u00e1 al frente del Cabildo de El Hierro a partir de este viernes contin\u00fae con la \u00abhoja de ruta\u00bb marcada para lograr que El Hierro cuente con los mejores servicios \u00abque garanticen su conectividad con el exterior y, por lo tanto, su desarrollo socioecon\u00f3mico\u00bb.<\/p>\n<p>A LA ESPERA DEL &#8216;TABURIENTE&#8217;<\/p>\n<p>Armas ha recordado que en las negociaciones emprendidas entre el Cabildo de El Hierro, la naviera encargada de cubrir las OSP mar\u00edtimas y el Gobierno de Canarias se ha demandado la entrada a su vez del ferry &#8216;Taburiente&#8217; dos d\u00edas a la semana, con el objetivo de primar el transporte de mercanc\u00edas en esos d\u00edas y facilitar el restablecimiento de conexiones entre El Hierro y los puertos de La Gomera y La Palma, con el fin de favorecer nuevas l\u00edneas de comercializaci\u00f3n para el sector tur\u00edstico.<\/p>\n<p>El objetivo es que las rutas de El Hierro se vean favorecidas con la llegada a Canarias antes de fin de a\u00f1o del nuevo ferry que se construye en China adquirido por Naviera Armas, \u00abun buque similar al Taburiente, algo m\u00e1s peque\u00f1o, nuevo, con total garant\u00eda de operatividad para nuestras aguas\u00bb.<\/p>\n","protected":false},"excerpt":{"rendered":"<p>El presidente en funciones del Cabildo de El Hierro, Alpidio Armas, ha confirmado este martes la entrada en servicio del catamar\u00e1n de Naviera Armas &#8216;Volc\u00e1n de Tirajana&#8217; (antiguo Milenium III) para cubrir la ruta entre el puerto de Los Cristianos (Tenerife) y La Estaca (El Hierro) en sustituci\u00f3n del &#8216;Albor\u00e1n&#8217;, encargado hasta el momento de<\/p>\n","protected":false},"author":1,"featured_media":40076,"comment_status":"open","ping_status":"closed","sticky":false,"template":"","format":"standard","meta":{"footnotes":""},"categories":[222],"tags":[],"class_list":{"0":"post-40075","1":"post","2":"type-post","3":"status-publish","4":"format-standard","5":"has-post-thumbnail","7":"category-actualidad-turismo"},"aioseo_notices":[],"aioseo_head":"\n\t\t<!-- All in One SEO Pro 4.9.6.1 - aioseo.com -->\n\t<meta name=\"description\" content=\"El presidente en funciones del Cabildo de El Hierro, Alpidio Armas, ha confirmado este martes la entrada en servicio del catamar\u00e1n de Naviera Armas &#039;Volc\u00e1n de Tirajana&#039; (antiguo Milenium III) para cubrir la ruta entre el puerto de Los Cristianos (Tenerife) y La Estaca (El Hierro) en sustituci\u00f3n del &#039;Albor\u00e1n&#039;, encargado hasta el momento de\" \/>\n\t<meta name=\"robots\" content=\"max-image-preview:large\" \/>\n\t<meta name=\"author\" content=\"admin\"\/>\n\t<meta name=\"google-site-verification\" content=\"UA-38556648-1\" \/>\n\t<meta name=\"keywords\" content=\"actualidad turismo\" \/>\n\t<link rel=\"canonical\" href=\"https:\/\/eldigitaldeasturias.com\/magazine365\/armas-retira-el-alboran-para-la-ruta-maritima-el-hierro-tenerife\/\" \/>\n\t<meta name=\"generator\" content=\"All in One SEO Pro (AIOSEO) 4.9.6.1\" \/>\n\t\t<meta property=\"og:locale\" content=\"es_ES\" \/>\n\t\t<meta property=\"og:site_name\" content=\"El Digital de Asturias \u2013 Revista de ocio, turismo y estilo de vida\" \/>\n\t\t<meta property=\"og:type\" content=\"article\" \/>\n\t\t<meta property=\"og:title\" content=\"Armas retira el \u2018Albor\u00e1n\u2019 para la ruta mar\u00edtima El Hierro-Tenerife | El Digital de Asturias\" \/>\n\t\t<meta property=\"og:description\" content=\"El presidente en funciones del Cabildo de El Hierro, Alpidio Armas, ha confirmado este martes la entrada en servicio del catamar\u00e1n de Naviera Armas &#039;Volc\u00e1n de Tirajana&#039; (antiguo Milenium III) para cubrir la ruta entre el puerto de Los Cristianos (Tenerife) y La Estaca (El Hierro) en sustituci\u00f3n del &#039;Albor\u00e1n&#039;, encargado hasta el momento de\" \/>\n\t\t<meta property=\"og:url\" content=\"https:\/\/eldigitaldeasturias.com\/magazine365\/armas-retira-el-alboran-para-la-ruta-maritima-el-hierro-tenerife\/\" \/>\n\t\t<meta property=\"og:image\" content=\"https:\/\/eldigitaldeasturias.com\/magazine365\/wp-content\/uploads\/2015\/06\/fotonoticia_20150616172852_800.jpg\" \/>\n\t\t<meta property=\"og:image:secure_url\" content=\"https:\/\/eldigitaldeasturias.com\/magazine365\/wp-content\/uploads\/2015\/06\/fotonoticia_20150616172852_800.jpg\" \/>\n\t\t<meta property=\"og:image:width\" content=\"800\" \/>\n\t\t<meta property=\"og:image:height\" content=\"536\" \/>\n\t\t<meta property=\"article:published_time\" content=\"2015-06-17T05:58:14+00:00\" \/>\n\t\t<meta property=\"article:modified_time\" content=\"2015-06-17T05:58:14+00:00\" \/>\n\t\t<meta name=\"twitter:card\" content=\"summary_large_image\" \/>\n\t\t<meta name=\"twitter:title\" content=\"Armas retira el \u2018Albor\u00e1n\u2019 para la ruta mar\u00edtima El Hierro-Tenerife | El Digital de Asturias\" \/>\n\t\t<meta name=\"twitter:description\" content=\"El presidente en funciones del Cabildo de El Hierro, Alpidio Armas, ha confirmado este martes la entrada en servicio del catamar\u00e1n de Naviera Armas &#039;Volc\u00e1n de Tirajana&#039; (antiguo Milenium III) para cubrir la ruta entre el puerto de Los Cristianos (Tenerife) y La Estaca (El Hierro) en sustituci\u00f3n del &#039;Albor\u00e1n&#039;, encargado hasta el momento de\" \/>\n\t\t<meta name=\"twitter:image\" content=\"https:\/\/eldigitaldeasturias.com\/magazine365\/wp-content\/uploads\/2015\/06\/fotonoticia_20150616172852_800.jpg\" \/>\n\t\t<script type=\"application\/ld+json\" class=\"aioseo-schema\">\n\t\t\t{\"@context\":\"https:\\\/\\\/schema.org\",\"@graph\":[{\"@type\":\"Article\",\"@id\":\"https:\\\/\\\/eldigitaldeasturias.com\\\/magazine365\\\/armas-retira-el-alboran-para-la-ruta-maritima-el-hierro-tenerife\\\/#article\",\"name\":\"Armas retira el \\u2018Albor\\u00e1n\\u2019 para la ruta mar\\u00edtima El Hierro-Tenerife | El Digital de Asturias\",\"headline\":\"Armas retira el &#8216;Albor\\u00e1n&#8217; para la ruta mar\\u00edtima El Hierro-Tenerife\",\"author\":{\"@id\":\"https:\\\/\\\/eldigitaldeasturias.com\\\/magazine365\\\/author\\\/admin\\\/#author\"},\"publisher\":{\"@id\":\"https:\\\/\\\/eldigitaldeasturias.com\\\/magazine365\\\/#organization\"},\"image\":{\"@type\":\"ImageObject\",\"url\":\"https:\\\/\\\/eldigitaldeasturias.com\\\/magazine365\\\/wp-content\\\/uploads\\\/2015\\\/06\\\/fotonoticia_20150616172852_800.jpg\",\"width\":800,\"height\":536},\"datePublished\":\"2015-06-17T07:28:14+02:00\",\"dateModified\":\"2015-06-17T07:28:14+02:00\",\"inLanguage\":\"es-ES\",\"mainEntityOfPage\":{\"@id\":\"https:\\\/\\\/eldigitaldeasturias.com\\\/magazine365\\\/armas-retira-el-alboran-para-la-ruta-maritima-el-hierro-tenerife\\\/#webpage\"},\"isPartOf\":{\"@id\":\"https:\\\/\\\/eldigitaldeasturias.com\\\/magazine365\\\/armas-retira-el-alboran-para-la-ruta-maritima-el-hierro-tenerife\\\/#webpage\"},\"articleSection\":\"Actualidad Turismo\"},{\"@type\":\"BreadcrumbList\",\"@id\":\"https:\\\/\\\/eldigitaldeasturias.com\\\/magazine365\\\/armas-retira-el-alboran-para-la-ruta-maritima-el-hierro-tenerife\\\/#breadcrumblist\",\"itemListElement\":[{\"@type\":\"ListItem\",\"@id\":\"https:\\\/\\\/eldigitaldeasturias.com\\\/magazine365#listItem\",\"position\":1,\"name\":\"Home\",\"item\":\"https:\\\/\\\/eldigitaldeasturias.com\\\/magazine365\",\"nextItem\":{\"@type\":\"ListItem\",\"@id\":\"https:\\\/\\\/eldigitaldeasturias.com\\\/magazine365\\\/category\\\/actualidad-turismo\\\/#listItem\",\"name\":\"Actualidad Turismo\"}},{\"@type\":\"ListItem\",\"@id\":\"https:\\\/\\\/eldigitaldeasturias.com\\\/magazine365\\\/category\\\/actualidad-turismo\\\/#listItem\",\"position\":2,\"name\":\"Actualidad Turismo\",\"item\":\"https:\\\/\\\/eldigitaldeasturias.com\\\/magazine365\\\/category\\\/actualidad-turismo\\\/\",\"nextItem\":{\"@type\":\"ListItem\",\"@id\":\"https:\\\/\\\/eldigitaldeasturias.com\\\/magazine365\\\/armas-retira-el-alboran-para-la-ruta-maritima-el-hierro-tenerife\\\/#listItem\",\"name\":\"Armas retira el &#8216;Albor\\u00e1n&#8217; para la ruta mar\\u00edtima El Hierro-Tenerife\"},\"previousItem\":{\"@type\":\"ListItem\",\"@id\":\"https:\\\/\\\/eldigitaldeasturias.com\\\/magazine365#listItem\",\"name\":\"Home\"}},{\"@type\":\"ListItem\",\"@id\":\"https:\\\/\\\/eldigitaldeasturias.com\\\/magazine365\\\/armas-retira-el-alboran-para-la-ruta-maritima-el-hierro-tenerife\\\/#listItem\",\"position\":3,\"name\":\"Armas retira el &#8216;Albor\\u00e1n&#8217; para la ruta mar\\u00edtima El Hierro-Tenerife\",\"previousItem\":{\"@type\":\"ListItem\",\"@id\":\"https:\\\/\\\/eldigitaldeasturias.com\\\/magazine365\\\/category\\\/actualidad-turismo\\\/#listItem\",\"name\":\"Actualidad Turismo\"}}]},{\"@type\":\"Organization\",\"@id\":\"https:\\\/\\\/eldigitaldeasturias.com\\\/magazine365\\\/#organization\",\"name\":\"El digital de Asturias\",\"description\":\"Revista de ocio, turismo y estilo de vida\",\"url\":\"https:\\\/\\\/eldigitaldeasturias.com\\\/magazine365\\\/\",\"logo\":{\"@type\":\"ImageObject\",\"url\":\"https:\\\/\\\/www.eldigitaldeasturias.com\\\/noticias\\\/wp-content\\\/uploads\\\/2020\\\/12\\\/EDA.jpg\",\"@id\":\"https:\\\/\\\/eldigitaldeasturias.com\\\/magazine365\\\/armas-retira-el-alboran-para-la-ruta-maritima-el-hierro-tenerife\\\/#organizationLogo\"},\"image\":{\"@id\":\"https:\\\/\\\/eldigitaldeasturias.com\\\/magazine365\\\/armas-retira-el-alboran-para-la-ruta-maritima-el-hierro-tenerife\\\/#organizationLogo\"}},{\"@type\":\"Person\",\"@id\":\"https:\\\/\\\/eldigitaldeasturias.com\\\/magazine365\\\/author\\\/admin\\\/#author\",\"url\":\"https:\\\/\\\/eldigitaldeasturias.com\\\/magazine365\\\/author\\\/admin\\\/\",\"name\":\"admin\",\"image\":{\"@type\":\"ImageObject\",\"@id\":\"https:\\\/\\\/eldigitaldeasturias.com\\\/magazine365\\\/armas-retira-el-alboran-para-la-ruta-maritima-el-hierro-tenerife\\\/#authorImage\",\"url\":\"https:\\\/\\\/eldigitaldeasturias.com\\\/magazine365\\\/wp-content\\\/litespeed\\\/avatar\\\/e571bcf59a0edd6fa6838245a470f2fe.jpg?ver=1776969259\",\"width\":96,\"height\":96,\"caption\":\"admin\"}},{\"@type\":\"WebPage\",\"@id\":\"https:\\\/\\\/eldigitaldeasturias.com\\\/magazine365\\\/armas-retira-el-alboran-para-la-ruta-maritima-el-hierro-tenerife\\\/#webpage\",\"url\":\"https:\\\/\\\/eldigitaldeasturias.com\\\/magazine365\\\/armas-retira-el-alboran-para-la-ruta-maritima-el-hierro-tenerife\\\/\",\"name\":\"Armas retira el \\u2018Albor\\u00e1n\\u2019 para la ruta mar\\u00edtima El Hierro-Tenerife | El Digital de Asturias\",\"description\":\"El presidente en funciones del Cabildo de El Hierro, Alpidio Armas, ha confirmado este martes la entrada en servicio del catamar\\u00e1n de Naviera Armas 'Volc\\u00e1n de Tirajana' (antiguo Milenium III) para cubrir la ruta entre el puerto de Los Cristianos (Tenerife) y La Estaca (El Hierro) en sustituci\\u00f3n del 'Albor\\u00e1n', encargado hasta el momento de\",\"inLanguage\":\"es-ES\",\"isPartOf\":{\"@id\":\"https:\\\/\\\/eldigitaldeasturias.com\\\/magazine365\\\/#website\"},\"breadcrumb\":{\"@id\":\"https:\\\/\\\/eldigitaldeasturias.com\\\/magazine365\\\/armas-retira-el-alboran-para-la-ruta-maritima-el-hierro-tenerife\\\/#breadcrumblist\"},\"author\":{\"@id\":\"https:\\\/\\\/eldigitaldeasturias.com\\\/magazine365\\\/author\\\/admin\\\/#author\"},\"creator\":{\"@id\":\"https:\\\/\\\/eldigitaldeasturias.com\\\/magazine365\\\/author\\\/admin\\\/#author\"},\"image\":{\"@type\":\"ImageObject\",\"url\":\"https:\\\/\\\/eldigitaldeasturias.com\\\/magazine365\\\/wp-content\\\/uploads\\\/2015\\\/06\\\/fotonoticia_20150616172852_800.jpg\",\"@id\":\"https:\\\/\\\/eldigitaldeasturias.com\\\/magazine365\\\/armas-retira-el-alboran-para-la-ruta-maritima-el-hierro-tenerife\\\/#mainImage\",\"width\":800,\"height\":536},\"primaryImageOfPage\":{\"@id\":\"https:\\\/\\\/eldigitaldeasturias.com\\\/magazine365\\\/armas-retira-el-alboran-para-la-ruta-maritima-el-hierro-tenerife\\\/#mainImage\"},\"datePublished\":\"2015-06-17T07:28:14+02:00\",\"dateModified\":\"2015-06-17T07:28:14+02:00\"},{\"@type\":\"WebSite\",\"@id\":\"https:\\\/\\\/eldigitaldeasturias.com\\\/magazine365\\\/#website\",\"url\":\"https:\\\/\\\/eldigitaldeasturias.com\\\/magazine365\\\/\",\"name\":\"El Digital de Asturias\",\"description\":\"Revista de ocio, turismo y estilo de vida\",\"inLanguage\":\"es-ES\",\"publisher\":{\"@id\":\"https:\\\/\\\/eldigitaldeasturias.com\\\/magazine365\\\/#organization\"}}]}\n\t\t<\/script>\n\t\t<!-- All in One SEO Pro -->\r\n\t\t<title>Armas retira el \u2018Albor\u00e1n\u2019 para la ruta mar\u00edtima El Hierro-Tenerife | El Digital de Asturias<\/title>\n\n","aioseo_head_json":{"title":"Armas retira el \u2018Albor\u00e1n\u2019 para la ruta mar\u00edtima El Hierro-Tenerife | El Digital de Asturias","description":"El presidente en funciones del Cabildo de El Hierro, Alpidio Armas, ha confirmado este martes la entrada en servicio del catamar\u00e1n de Naviera Armas 'Volc\u00e1n de Tirajana' (antiguo Milenium III) para cubrir la ruta entre el puerto de Los Cristianos (Tenerife) y La Estaca (El Hierro) en sustituci\u00f3n del 'Albor\u00e1n', encargado hasta el momento de","canonical_url":"https:\/\/eldigitaldeasturias.com\/magazine365\/armas-retira-el-alboran-para-la-ruta-maritima-el-hierro-tenerife\/","robots":"max-image-preview:large","keywords":"actualidad turismo","webmasterTools":{"google-site-verification":"UA-38556648-1","miscellaneous":""},"schema":{"@context":"https:\/\/schema.org","@graph":[{"@type":"Article","@id":"https:\/\/eldigitaldeasturias.com\/magazine365\/armas-retira-el-alboran-para-la-ruta-maritima-el-hierro-tenerife\/#article","name":"Armas retira el \u2018Albor\u00e1n\u2019 para la ruta mar\u00edtima El Hierro-Tenerife | El Digital de Asturias","headline":"Armas retira el &#8216;Albor\u00e1n&#8217; para la ruta mar\u00edtima El Hierro-Tenerife","author":{"@id":"https:\/\/eldigitaldeasturias.com\/magazine365\/author\/admin\/#author"},"publisher":{"@id":"https:\/\/eldigitaldeasturias.com\/magazine365\/#organization"},"image":{"@type":"ImageObject","url":"https:\/\/eldigitaldeasturias.com\/magazine365\/wp-content\/uploads\/2015\/06\/fotonoticia_20150616172852_800.jpg","width":800,"height":536},"datePublished":"2015-06-17T07:28:14+02:00","dateModified":"2015-06-17T07:28:14+02:00","inLanguage":"es-ES","mainEntityOfPage":{"@id":"https:\/\/eldigitaldeasturias.com\/magazine365\/armas-retira-el-alboran-para-la-ruta-maritima-el-hierro-tenerife\/#webpage"},"isPartOf":{"@id":"https:\/\/eldigitaldeasturias.com\/magazine365\/armas-retira-el-alboran-para-la-ruta-maritima-el-hierro-tenerife\/#webpage"},"articleSection":"Actualidad Turismo"},{"@type":"BreadcrumbList","@id":"https:\/\/eldigitaldeasturias.com\/magazine365\/armas-retira-el-alboran-para-la-ruta-maritima-el-hierro-tenerife\/#breadcrumblist","itemListElement":[{"@type":"ListItem","@id":"https:\/\/eldigitaldeasturias.com\/magazine365#listItem","position":1,"name":"Home","item":"https:\/\/eldigitaldeasturias.com\/magazine365","nextItem":{"@type":"ListItem","@id":"https:\/\/eldigitaldeasturias.com\/magazine365\/category\/actualidad-turismo\/#listItem","name":"Actualidad Turismo"}},{"@type":"ListItem","@id":"https:\/\/eldigitaldeasturias.com\/magazine365\/category\/actualidad-turismo\/#listItem","position":2,"name":"Actualidad Turismo","item":"https:\/\/eldigitaldeasturias.com\/magazine365\/category\/actualidad-turismo\/","nextItem":{"@type":"ListItem","@id":"https:\/\/eldigitaldeasturias.com\/magazine365\/armas-retira-el-alboran-para-la-ruta-maritima-el-hierro-tenerife\/#listItem","name":"Armas retira el &#8216;Albor\u00e1n&#8217; para la ruta mar\u00edtima El Hierro-Tenerife"},"previousItem":{"@type":"ListItem","@id":"https:\/\/eldigitaldeasturias.com\/magazine365#listItem","name":"Home"}},{"@type":"ListItem","@id":"https:\/\/eldigitaldeasturias.com\/magazine365\/armas-retira-el-alboran-para-la-ruta-maritima-el-hierro-tenerife\/#listItem","position":3,"name":"Armas retira el &#8216;Albor\u00e1n&#8217; para la ruta mar\u00edtima El Hierro-Tenerife","previousItem":{"@type":"ListItem","@id":"https:\/\/eldigitaldeasturias.com\/magazine365\/category\/actualidad-turismo\/#listItem","name":"Actualidad Turismo"}}]},{"@type":"Organization","@id":"https:\/\/eldigitaldeasturias.com\/magazine365\/#organization","name":"El digital de Asturias","description":"Revista de ocio, turismo y estilo de vida","url":"https:\/\/eldigitaldeasturias.com\/magazine365\/","logo":{"@type":"ImageObject","url":"https:\/\/www.eldigitaldeasturias.com\/noticias\/wp-content\/uploads\/2020\/12\/EDA.jpg","@id":"https:\/\/eldigitaldeasturias.com\/magazine365\/armas-retira-el-alboran-para-la-ruta-maritima-el-hierro-tenerife\/#organizationLogo"},"image":{"@id":"https:\/\/eldigitaldeasturias.com\/magazine365\/armas-retira-el-alboran-para-la-ruta-maritima-el-hierro-tenerife\/#organizationLogo"}},{"@type":"Person","@id":"https:\/\/eldigitaldeasturias.com\/magazine365\/author\/admin\/#author","url":"https:\/\/eldigitaldeasturias.com\/magazine365\/author\/admin\/","name":"admin","image":{"@type":"ImageObject","@id":"https:\/\/eldigitaldeasturias.com\/magazine365\/armas-retira-el-alboran-para-la-ruta-maritima-el-hierro-tenerife\/#authorImage","url":"https:\/\/eldigitaldeasturias.com\/magazine365\/wp-content\/litespeed\/avatar\/e571bcf59a0edd6fa6838245a470f2fe.jpg?ver=1776969259","width":96,"height":96,"caption":"admin"}},{"@type":"WebPage","@id":"https:\/\/eldigitaldeasturias.com\/magazine365\/armas-retira-el-alboran-para-la-ruta-maritima-el-hierro-tenerife\/#webpage","url":"https:\/\/eldigitaldeasturias.com\/magazine365\/armas-retira-el-alboran-para-la-ruta-maritima-el-hierro-tenerife\/","name":"Armas retira el \u2018Albor\u00e1n\u2019 para la ruta mar\u00edtima El Hierro-Tenerife | El Digital de Asturias","description":"El presidente en funciones del Cabildo de El Hierro, Alpidio Armas, ha confirmado este martes la entrada en servicio del catamar\u00e1n de Naviera Armas 'Volc\u00e1n de Tirajana' (antiguo Milenium III) para cubrir la ruta entre el puerto de Los Cristianos (Tenerife) y La Estaca (El Hierro) en sustituci\u00f3n del 'Albor\u00e1n', encargado hasta el momento de","inLanguage":"es-ES","isPartOf":{"@id":"https:\/\/eldigitaldeasturias.com\/magazine365\/#website"},"breadcrumb":{"@id":"https:\/\/eldigitaldeasturias.com\/magazine365\/armas-retira-el-alboran-para-la-ruta-maritima-el-hierro-tenerife\/#breadcrumblist"},"author":{"@id":"https:\/\/eldigitaldeasturias.com\/magazine365\/author\/admin\/#author"},"creator":{"@id":"https:\/\/eldigitaldeasturias.com\/magazine365\/author\/admin\/#author"},"image":{"@type":"ImageObject","url":"https:\/\/eldigitaldeasturias.com\/magazine365\/wp-content\/uploads\/2015\/06\/fotonoticia_20150616172852_800.jpg","@id":"https:\/\/eldigitaldeasturias.com\/magazine365\/armas-retira-el-alboran-para-la-ruta-maritima-el-hierro-tenerife\/#mainImage","width":800,"height":536},"primaryImageOfPage":{"@id":"https:\/\/eldigitaldeasturias.com\/magazine365\/armas-retira-el-alboran-para-la-ruta-maritima-el-hierro-tenerife\/#mainImage"},"datePublished":"2015-06-17T07:28:14+02:00","dateModified":"2015-06-17T07:28:14+02:00"},{"@type":"WebSite","@id":"https:\/\/eldigitaldeasturias.com\/magazine365\/#website","url":"https:\/\/eldigitaldeasturias.com\/magazine365\/","name":"El Digital de Asturias","description":"Revista de ocio, turismo y estilo de vida","inLanguage":"es-ES","publisher":{"@id":"https:\/\/eldigitaldeasturias.com\/magazine365\/#organization"}}]},"og:locale":"es_ES","og:site_name":"El Digital de Asturias \u2013 Revista de ocio, turismo y estilo de vida","og:type":"article","og:title":"Armas retira el \u2018Albor\u00e1n\u2019 para la ruta mar\u00edtima El Hierro-Tenerife | El Digital de Asturias","og:description":"El presidente en funciones del Cabildo de El Hierro, Alpidio Armas, ha confirmado este martes la entrada en servicio del catamar\u00e1n de Naviera Armas 'Volc\u00e1n de Tirajana' (antiguo Milenium III) para cubrir la ruta entre el puerto de Los Cristianos (Tenerife) y La Estaca (El Hierro) en sustituci\u00f3n del 'Albor\u00e1n', encargado hasta el momento de","og:url":"https:\/\/eldigitaldeasturias.com\/magazine365\/armas-retira-el-alboran-para-la-ruta-maritima-el-hierro-tenerife\/","og:image":"https:\/\/eldigitaldeasturias.com\/magazine365\/wp-content\/uploads\/2015\/06\/fotonoticia_20150616172852_800.jpg","og:image:secure_url":"https:\/\/eldigitaldeasturias.com\/magazine365\/wp-content\/uploads\/2015\/06\/fotonoticia_20150616172852_800.jpg","og:image:width":800,"og:image:height":536,"article:published_time":"2015-06-17T05:58:14+00:00","article:modified_time":"2015-06-17T05:58:14+00:00","twitter:card":"summary_large_image","twitter:title":"Armas retira el \u2018Albor\u00e1n\u2019 para la ruta mar\u00edtima El Hierro-Tenerife | El Digital de Asturias","twitter:description":"El presidente en funciones del Cabildo de El Hierro, Alpidio Armas, ha confirmado este martes la entrada en servicio del catamar\u00e1n de Naviera Armas 'Volc\u00e1n de Tirajana' (antiguo Milenium III) para cubrir la ruta entre el puerto de Los Cristianos (Tenerife) y La Estaca (El Hierro) en sustituci\u00f3n del 'Albor\u00e1n', encargado hasta el momento de","twitter:image":"https:\/\/eldigitaldeasturias.com\/magazine365\/wp-content\/uploads\/2015\/06\/fotonoticia_20150616172852_800.jpg"},"aioseo_meta_data":{"post_id":"40075","title":null,"description":null,"keywords":null,"keyphrases":null,"primary_term":null,"canonical_url":null,"og_title":null,"og_description":null,"og_object_type":"default","og_image_type":"default","og_image_url":null,"og_image_width":null,"og_image_height":null,"og_image_custom_url":null,"og_image_custom_fields":null,"og_video":null,"og_custom_url":null,"og_article_section":null,"og_article_tags":null,"twitter_use_og":false,"twitter_card":"default","twitter_image_type":"default","twitter_image_url":null,"twitter_image_custom_url":null,"twitter_image_custom_fields":null,"twitter_title":null,"twitter_description":null,"schema":{"blockGraphs":[],"customGraphs":[],"default":{"data":{"Article":[],"Course":[],"Dataset":[],"FAQPage":[],"Movie":[],"Person":[],"Product":[],"ProductReview":[],"Car":[],"Recipe":[],"Service":[],"SoftwareApplication":[],"WebPage":[]},"graphName":"","isEnabled":true},"graphs":[],"defaultGraph":"","defaultPostTypeGraph":""},"schema_type":null,"schema_type_options":null,"pillar_content":false,"robots_default":true,"robots_noindex":false,"robots_noarchive":false,"robots_nosnippet":false,"robots_nofollow":false,"robots_noimageindex":false,"robots_noodp":false,"robots_notranslate":false,"robots_max_snippet":null,"robots_max_videopreview":null,"robots_max_imagepreview":"large","priority":null,"frequency":null,"location":null,"local_seo":null,"seo_analyzer_scan_date":"2025-09-19 12:53:50","breadcrumb_settings":null,"limit_modified_date":false,"open_ai":null,"ai":null,"created":"2021-03-09 02:32:56","updated":"2025-09-19 12:53:50"},"aioseo_breadcrumb":"<div class=\"aioseo-breadcrumbs\"><span class=\"aioseo-breadcrumb\">\n\t<a href=\"https:\/\/eldigitaldeasturias.com\/magazine365\" title=\"Home\">Home<\/a>\n<\/span><span class=\"aioseo-breadcrumb-separator\">\u2013<\/span><span class=\"aioseo-breadcrumb\">\n\t<a href=\"https:\/\/eldigitaldeasturias.com\/magazine365\/category\/actualidad-turismo\/\" title=\"Actualidad Turismo\">Actualidad Turismo<\/a>\n<\/span><span class=\"aioseo-breadcrumb-separator\">\u2013<\/span><span class=\"aioseo-breadcrumb\">\n\t<a href=\"https:\/\/eldigitaldeasturias.com\/magazine365\/armas-retira-el-alboran-para-la-ruta-maritima-el-hierro-tenerife\/\" title=\"Armas retira el \u2018Albor\u00e1n\u2019 para la ruta mar\u00edtima El Hierro-Tenerife\">Armas retira el \u2018Albor\u00e1n\u2019 para la ruta mar\u00edtima El Hierro-Tenerife<\/a>\n<\/span><\/div>","aioseo_breadcrumb_json":[{"label":"Home","link":"https:\/\/eldigitaldeasturias.com\/magazine365"},{"label":"Actualidad Turismo","link":"https:\/\/eldigitaldeasturias.com\/magazine365\/category\/actualidad-turismo\/"},{"label":"Armas retira el &#8216;Albor\u00e1n&#8217; para la ruta mar\u00edtima El Hierro-Tenerife","link":"https:\/\/eldigitaldeasturias.com\/magazine365\/armas-retira-el-alboran-para-la-ruta-maritima-el-hierro-tenerife\/"}],"_links":{"self":[{"href":"https:\/\/eldigitaldeasturias.com\/magazine365\/wp-json\/wp\/v2\/posts\/40075","targetHints":{"allow":["GET"]}}],"collection":[{"href":"https:\/\/eldigitaldeasturias.com\/magazine365\/wp-json\/wp\/v2\/posts"}],"about":[{"href":"https:\/\/eldigitaldeasturias.com\/magazine365\/wp-json\/wp\/v2\/types\/post"}],"author":[{"embeddable":true,"href":"https:\/\/eldigitaldeasturias.com\/magazine365\/wp-json\/wp\/v2\/users\/1"}],"replies":[{"embeddable":true,"href":"https:\/\/eldigitaldeasturias.com\/magazine365\/wp-json\/wp\/v2\/comments?post=40075"}],"version-history":[{"count":0,"href":"https:\/\/eldigitaldeasturias.com\/magazine365\/wp-json\/wp\/v2\/posts\/40075\/revisions"}],"wp:featuredmedia":[{"embeddable":true,"href":"https:\/\/eldigitaldeasturias.com\/magazine365\/wp-json\/wp\/v2\/media\/40076"}],"wp:attachment":[{"href":"https:\/\/eldigitaldeasturias.com\/magazine365\/wp-json\/wp\/v2\/media?parent=40075"}],"wp:term":[{"taxonomy":"category","embeddable":true,"href":"https:\/\/eldigitaldeasturias.com\/magazine365\/wp-json\/wp\/v2\/categories?post=40075"},{"taxonomy":"post_tag","embeddable":true,"href":"https:\/\/eldigitaldeasturias.com\/magazine365\/wp-json\/wp\/v2\/tags?post=40075"}],"curies":[{"name":"wp","href":"https:\/\/api.w.org\/{rel}","templated":true}]}}