{"id":40069,"date":"2015-06-17T07:23:54","date_gmt":"2015-06-17T05:53:54","guid":{"rendered":"http:\/\/eldigitaldeasturias.com\/magazine365\/?p=40069"},"modified":"2015-06-17T07:23:54","modified_gmt":"2015-06-17T05:53:54","slug":"soria-informara-este-miercoles-al-congreso-sobre-la-situacion-del-turismo","status":"publish","type":"post","link":"https:\/\/eldigitaldeasturias.com\/magazine365\/soria-informara-este-miercoles-al-congreso-sobre-la-situacion-del-turismo\/","title":{"rendered":"Soria informar\u00e1 este mi\u00e9rcoles al Congreso sobre la situaci\u00f3n del turismo"},"content":{"rendered":"<p><img fetchpriority=\"high\" decoding=\"async\" class=\"alignleft size-medium wp-image-40070\" src=\"https:\/\/eldigitaldeasturias.com\/magazine365\/wp-content\/uploads\/2015\/06\/fotonoticia_20150616172150_800-360x240.jpg\" alt=\"fotonoticia_20150616172150_800\" width=\"360\" height=\"240\" srcset=\"https:\/\/eldigitaldeasturias.com\/magazine365\/wp-content\/uploads\/2015\/06\/fotonoticia_20150616172150_800-360x240.jpg 360w, https:\/\/eldigitaldeasturias.com\/magazine365\/wp-content\/uploads\/2015\/06\/fotonoticia_20150616172150_800-650x433.jpg 650w, https:\/\/eldigitaldeasturias.com\/magazine365\/wp-content\/uploads\/2015\/06\/fotonoticia_20150616172150_800-768x512.jpg 768w, https:\/\/eldigitaldeasturias.com\/magazine365\/wp-content\/uploads\/2015\/06\/fotonoticia_20150616172150_800-150x100.jpg 150w, https:\/\/eldigitaldeasturias.com\/magazine365\/wp-content\/uploads\/2015\/06\/fotonoticia_20150616172150_800-450x300.jpg 450w, https:\/\/eldigitaldeasturias.com\/magazine365\/wp-content\/uploads\/2015\/06\/fotonoticia_20150616172150_800-696x464.jpg 696w, https:\/\/eldigitaldeasturias.com\/magazine365\/wp-content\/uploads\/2015\/06\/fotonoticia_20150616172150_800-630x420.jpg 630w, https:\/\/eldigitaldeasturias.com\/magazine365\/wp-content\/uploads\/2015\/06\/fotonoticia_20150616172150_800-84x55.jpg 84w, https:\/\/eldigitaldeasturias.com\/magazine365\/wp-content\/uploads\/2015\/06\/fotonoticia_20150616172150_800.jpg 800w\" sizes=\"(max-width: 360px) 100vw, 360px\" \/>El ministro de Industria, Energ\u00eda y Turismo, Jos\u00e9 Manuel Soria, comparecer\u00e1 a petici\u00f3n propia este mi\u00e9rcoles en el Congreso para informar sobre asuntos relativos al sector tur\u00edstico.<\/p>\n<p>La intervenci\u00f3n del ministro, la d\u00e9cimo quinta de la legislatura ante la Comisi\u00f3n de Industria de la C\u00e1mara Baja, se enmarca en la ronda de intervenciones parlamentarias que est\u00e1 protagonizando en los \u00faltimos meses para hacer balance de las diferentes \u00e1reas de su departamento, que incluye tanto la industria como la energ\u00eda o las telecomunicaciones.<\/p>\n<p>En esta ocasi\u00f3n, Soria tiene previsto informar sobre la evoluci\u00f3n del sector tur\u00edstico en Espa\u00f1a en los \u00faltimos a\u00f1os, adem\u00e1s de dar respuesta a las solicitudes de comparecencia del PSOE sobre la adjudicaci\u00f3n por parte de Paradores del stand de Fitur 2014 a la mujer de su director general y sobre el cambio en los requisitos para tener acceso a puestos de responsabilidad en las Consejer\u00edas y Oficinas de Turismo de Espa\u00f1a en el exterior.<\/p>\n<p>Igualmente, en el orden del d\u00eda de la sesi\u00f3n est\u00e1n incluidas otras dos solicitudes de explicaciones registradas por la Izquierda Plural (IU-ICV-CHA), relativas la situaci\u00f3n actual de Paradores de Turismo de Espa\u00f1a y el futuro del Consejo Estatal de Turismo.<\/p>\n<p>Soria compareci\u00f3 por \u00faltima vez ante la Comisi\u00f3n de Industria del Congreso el pasado 22 de abril en relaci\u00f3n con las interconexiones el\u00e9ctricas, coincidiendo con la inclusi\u00f3n de estas infraestructuras entre las actuaciones prioritarias de la Uni\u00f3n Europea para el periodo 2014-2020 y con la firma de la Declaraci\u00f3n de Madrid por parte de Espa\u00f1a, Francia, Portugal y la Comisi\u00f3n Europea (CE) para plasmar su compromiso de avanzar hacia un verdadero mercado interior de la energ\u00eda.<\/p>\n","protected":false},"excerpt":{"rendered":"<p>El ministro de Industria, Energ\u00eda y Turismo, Jos\u00e9 Manuel Soria, comparecer\u00e1 a petici\u00f3n propia este mi\u00e9rcoles en el Congreso para informar sobre asuntos relativos al sector tur\u00edstico. La intervenci\u00f3n del ministro, la d\u00e9cimo quinta de la legislatura ante la Comisi\u00f3n de Industria de la C\u00e1mara Baja, se enmarca en la ronda de intervenciones parlamentarias que<\/p>\n","protected":false},"author":1,"featured_media":40070,"comment_status":"open","ping_status":"closed","sticky":false,"template":"","format":"standard","meta":{"footnotes":""},"categories":[222],"tags":[],"class_list":{"0":"post-40069","1":"post","2":"type-post","3":"status-publish","4":"format-standard","5":"has-post-thumbnail","7":"category-actualidad-turismo"},"aioseo_notices":[],"aioseo_head":"\n\t\t<!-- All in One SEO Pro 4.9.6.1 - aioseo.com -->\n\t<meta name=\"description\" content=\"El ministro de Industria, Energ\u00eda y Turismo, Jos\u00e9 Manuel Soria, comparecer\u00e1 a petici\u00f3n propia este mi\u00e9rcoles en el Congreso para informar sobre asuntos relativos al sector tur\u00edstico. La intervenci\u00f3n del ministro, la d\u00e9cimo quinta de la legislatura ante la Comisi\u00f3n de Industria de la C\u00e1mara Baja, se enmarca en la ronda de intervenciones parlamentarias que\" \/>\n\t<meta name=\"robots\" content=\"max-image-preview:large\" \/>\n\t<meta name=\"author\" content=\"admin\"\/>\n\t<meta name=\"google-site-verification\" content=\"UA-38556648-1\" \/>\n\t<meta name=\"keywords\" content=\"actualidad turismo\" \/>\n\t<link rel=\"canonical\" href=\"https:\/\/eldigitaldeasturias.com\/magazine365\/soria-informara-este-miercoles-al-congreso-sobre-la-situacion-del-turismo\/\" \/>\n\t<meta name=\"generator\" content=\"All in One SEO Pro (AIOSEO) 4.9.6.1\" \/>\n\t\t<meta property=\"og:locale\" content=\"es_ES\" \/>\n\t\t<meta property=\"og:site_name\" content=\"El Digital de Asturias \u2013 Revista de ocio, turismo y estilo de vida\" \/>\n\t\t<meta property=\"og:type\" content=\"article\" \/>\n\t\t<meta property=\"og:title\" content=\"Soria informar\u00e1 este mi\u00e9rcoles al Congreso sobre la situaci\u00f3n del turismo | El Digital de Asturias\" \/>\n\t\t<meta property=\"og:description\" content=\"El ministro de Industria, Energ\u00eda y Turismo, Jos\u00e9 Manuel Soria, comparecer\u00e1 a petici\u00f3n propia este mi\u00e9rcoles en el Congreso para informar sobre asuntos relativos al sector tur\u00edstico. La intervenci\u00f3n del ministro, la d\u00e9cimo quinta de la legislatura ante la Comisi\u00f3n de Industria de la C\u00e1mara Baja, se enmarca en la ronda de intervenciones parlamentarias que\" \/>\n\t\t<meta property=\"og:url\" content=\"https:\/\/eldigitaldeasturias.com\/magazine365\/soria-informara-este-miercoles-al-congreso-sobre-la-situacion-del-turismo\/\" \/>\n\t\t<meta property=\"og:image\" content=\"https:\/\/eldigitaldeasturias.com\/magazine365\/wp-content\/uploads\/2015\/06\/fotonoticia_20150616172150_800.jpg\" \/>\n\t\t<meta property=\"og:image:secure_url\" content=\"https:\/\/eldigitaldeasturias.com\/magazine365\/wp-content\/uploads\/2015\/06\/fotonoticia_20150616172150_800.jpg\" \/>\n\t\t<meta property=\"og:image:width\" content=\"800\" \/>\n\t\t<meta property=\"og:image:height\" content=\"533\" \/>\n\t\t<meta property=\"article:published_time\" content=\"2015-06-17T05:53:54+00:00\" \/>\n\t\t<meta property=\"article:modified_time\" content=\"2015-06-17T05:53:54+00:00\" \/>\n\t\t<meta name=\"twitter:card\" content=\"summary_large_image\" \/>\n\t\t<meta name=\"twitter:title\" content=\"Soria informar\u00e1 este mi\u00e9rcoles al Congreso sobre la situaci\u00f3n del turismo | El Digital de Asturias\" \/>\n\t\t<meta name=\"twitter:description\" content=\"El ministro de Industria, Energ\u00eda y Turismo, Jos\u00e9 Manuel Soria, comparecer\u00e1 a petici\u00f3n propia este mi\u00e9rcoles en el Congreso para informar sobre asuntos relativos al sector tur\u00edstico. La intervenci\u00f3n del ministro, la d\u00e9cimo quinta de la legislatura ante la Comisi\u00f3n de Industria de la C\u00e1mara Baja, se enmarca en la ronda de intervenciones parlamentarias que\" \/>\n\t\t<meta name=\"twitter:image\" content=\"https:\/\/eldigitaldeasturias.com\/magazine365\/wp-content\/uploads\/2015\/06\/fotonoticia_20150616172150_800.jpg\" \/>\n\t\t<script type=\"application\/ld+json\" class=\"aioseo-schema\">\n\t\t\t{\"@context\":\"https:\\\/\\\/schema.org\",\"@graph\":[{\"@type\":\"Article\",\"@id\":\"https:\\\/\\\/eldigitaldeasturias.com\\\/magazine365\\\/soria-informara-este-miercoles-al-congreso-sobre-la-situacion-del-turismo\\\/#article\",\"name\":\"Soria informar\\u00e1 este mi\\u00e9rcoles al Congreso sobre la situaci\\u00f3n del turismo | El Digital de Asturias\",\"headline\":\"Soria informar\\u00e1 este mi\\u00e9rcoles al Congreso sobre la situaci\\u00f3n del turismo\",\"author\":{\"@id\":\"https:\\\/\\\/eldigitaldeasturias.com\\\/magazine365\\\/author\\\/admin\\\/#author\"},\"publisher\":{\"@id\":\"https:\\\/\\\/eldigitaldeasturias.com\\\/magazine365\\\/#organization\"},\"image\":{\"@type\":\"ImageObject\",\"url\":\"https:\\\/\\\/eldigitaldeasturias.com\\\/magazine365\\\/wp-content\\\/uploads\\\/2015\\\/06\\\/fotonoticia_20150616172150_800.jpg\",\"width\":800,\"height\":533},\"datePublished\":\"2015-06-17T07:23:54+02:00\",\"dateModified\":\"2015-06-17T07:23:54+02:00\",\"inLanguage\":\"es-ES\",\"mainEntityOfPage\":{\"@id\":\"https:\\\/\\\/eldigitaldeasturias.com\\\/magazine365\\\/soria-informara-este-miercoles-al-congreso-sobre-la-situacion-del-turismo\\\/#webpage\"},\"isPartOf\":{\"@id\":\"https:\\\/\\\/eldigitaldeasturias.com\\\/magazine365\\\/soria-informara-este-miercoles-al-congreso-sobre-la-situacion-del-turismo\\\/#webpage\"},\"articleSection\":\"Actualidad Turismo\"},{\"@type\":\"BreadcrumbList\",\"@id\":\"https:\\\/\\\/eldigitaldeasturias.com\\\/magazine365\\\/soria-informara-este-miercoles-al-congreso-sobre-la-situacion-del-turismo\\\/#breadcrumblist\",\"itemListElement\":[{\"@type\":\"ListItem\",\"@id\":\"https:\\\/\\\/eldigitaldeasturias.com\\\/magazine365#listItem\",\"position\":1,\"name\":\"Home\",\"item\":\"https:\\\/\\\/eldigitaldeasturias.com\\\/magazine365\",\"nextItem\":{\"@type\":\"ListItem\",\"@id\":\"https:\\\/\\\/eldigitaldeasturias.com\\\/magazine365\\\/category\\\/actualidad-turismo\\\/#listItem\",\"name\":\"Actualidad Turismo\"}},{\"@type\":\"ListItem\",\"@id\":\"https:\\\/\\\/eldigitaldeasturias.com\\\/magazine365\\\/category\\\/actualidad-turismo\\\/#listItem\",\"position\":2,\"name\":\"Actualidad Turismo\",\"item\":\"https:\\\/\\\/eldigitaldeasturias.com\\\/magazine365\\\/category\\\/actualidad-turismo\\\/\",\"nextItem\":{\"@type\":\"ListItem\",\"@id\":\"https:\\\/\\\/eldigitaldeasturias.com\\\/magazine365\\\/soria-informara-este-miercoles-al-congreso-sobre-la-situacion-del-turismo\\\/#listItem\",\"name\":\"Soria informar\\u00e1 este mi\\u00e9rcoles al Congreso sobre la situaci\\u00f3n del turismo\"},\"previousItem\":{\"@type\":\"ListItem\",\"@id\":\"https:\\\/\\\/eldigitaldeasturias.com\\\/magazine365#listItem\",\"name\":\"Home\"}},{\"@type\":\"ListItem\",\"@id\":\"https:\\\/\\\/eldigitaldeasturias.com\\\/magazine365\\\/soria-informara-este-miercoles-al-congreso-sobre-la-situacion-del-turismo\\\/#listItem\",\"position\":3,\"name\":\"Soria informar\\u00e1 este mi\\u00e9rcoles al Congreso sobre la situaci\\u00f3n del turismo\",\"previousItem\":{\"@type\":\"ListItem\",\"@id\":\"https:\\\/\\\/eldigitaldeasturias.com\\\/magazine365\\\/category\\\/actualidad-turismo\\\/#listItem\",\"name\":\"Actualidad Turismo\"}}]},{\"@type\":\"Organization\",\"@id\":\"https:\\\/\\\/eldigitaldeasturias.com\\\/magazine365\\\/#organization\",\"name\":\"El digital de Asturias\",\"description\":\"Revista de ocio, turismo y estilo de vida\",\"url\":\"https:\\\/\\\/eldigitaldeasturias.com\\\/magazine365\\\/\",\"logo\":{\"@type\":\"ImageObject\",\"url\":\"https:\\\/\\\/www.eldigitaldeasturias.com\\\/noticias\\\/wp-content\\\/uploads\\\/2020\\\/12\\\/EDA.jpg\",\"@id\":\"https:\\\/\\\/eldigitaldeasturias.com\\\/magazine365\\\/soria-informara-este-miercoles-al-congreso-sobre-la-situacion-del-turismo\\\/#organizationLogo\"},\"image\":{\"@id\":\"https:\\\/\\\/eldigitaldeasturias.com\\\/magazine365\\\/soria-informara-este-miercoles-al-congreso-sobre-la-situacion-del-turismo\\\/#organizationLogo\"}},{\"@type\":\"Person\",\"@id\":\"https:\\\/\\\/eldigitaldeasturias.com\\\/magazine365\\\/author\\\/admin\\\/#author\",\"url\":\"https:\\\/\\\/eldigitaldeasturias.com\\\/magazine365\\\/author\\\/admin\\\/\",\"name\":\"admin\",\"image\":{\"@type\":\"ImageObject\",\"@id\":\"https:\\\/\\\/eldigitaldeasturias.com\\\/magazine365\\\/soria-informara-este-miercoles-al-congreso-sobre-la-situacion-del-turismo\\\/#authorImage\",\"url\":\"https:\\\/\\\/eldigitaldeasturias.com\\\/magazine365\\\/wp-content\\\/litespeed\\\/avatar\\\/e571bcf59a0edd6fa6838245a470f2fe.jpg?ver=1776969259\",\"width\":96,\"height\":96,\"caption\":\"admin\"}},{\"@type\":\"WebPage\",\"@id\":\"https:\\\/\\\/eldigitaldeasturias.com\\\/magazine365\\\/soria-informara-este-miercoles-al-congreso-sobre-la-situacion-del-turismo\\\/#webpage\",\"url\":\"https:\\\/\\\/eldigitaldeasturias.com\\\/magazine365\\\/soria-informara-este-miercoles-al-congreso-sobre-la-situacion-del-turismo\\\/\",\"name\":\"Soria informar\\u00e1 este mi\\u00e9rcoles al Congreso sobre la situaci\\u00f3n del turismo | El Digital de Asturias\",\"description\":\"El ministro de Industria, Energ\\u00eda y Turismo, Jos\\u00e9 Manuel Soria, comparecer\\u00e1 a petici\\u00f3n propia este mi\\u00e9rcoles en el Congreso para informar sobre asuntos relativos al sector tur\\u00edstico. La intervenci\\u00f3n del ministro, la d\\u00e9cimo quinta de la legislatura ante la Comisi\\u00f3n de Industria de la C\\u00e1mara Baja, se enmarca en la ronda de intervenciones parlamentarias que\",\"inLanguage\":\"es-ES\",\"isPartOf\":{\"@id\":\"https:\\\/\\\/eldigitaldeasturias.com\\\/magazine365\\\/#website\"},\"breadcrumb\":{\"@id\":\"https:\\\/\\\/eldigitaldeasturias.com\\\/magazine365\\\/soria-informara-este-miercoles-al-congreso-sobre-la-situacion-del-turismo\\\/#breadcrumblist\"},\"author\":{\"@id\":\"https:\\\/\\\/eldigitaldeasturias.com\\\/magazine365\\\/author\\\/admin\\\/#author\"},\"creator\":{\"@id\":\"https:\\\/\\\/eldigitaldeasturias.com\\\/magazine365\\\/author\\\/admin\\\/#author\"},\"image\":{\"@type\":\"ImageObject\",\"url\":\"https:\\\/\\\/eldigitaldeasturias.com\\\/magazine365\\\/wp-content\\\/uploads\\\/2015\\\/06\\\/fotonoticia_20150616172150_800.jpg\",\"@id\":\"https:\\\/\\\/eldigitaldeasturias.com\\\/magazine365\\\/soria-informara-este-miercoles-al-congreso-sobre-la-situacion-del-turismo\\\/#mainImage\",\"width\":800,\"height\":533},\"primaryImageOfPage\":{\"@id\":\"https:\\\/\\\/eldigitaldeasturias.com\\\/magazine365\\\/soria-informara-este-miercoles-al-congreso-sobre-la-situacion-del-turismo\\\/#mainImage\"},\"datePublished\":\"2015-06-17T07:23:54+02:00\",\"dateModified\":\"2015-06-17T07:23:54+02:00\"},{\"@type\":\"WebSite\",\"@id\":\"https:\\\/\\\/eldigitaldeasturias.com\\\/magazine365\\\/#website\",\"url\":\"https:\\\/\\\/eldigitaldeasturias.com\\\/magazine365\\\/\",\"name\":\"El Digital de Asturias\",\"description\":\"Revista de ocio, turismo y estilo de vida\",\"inLanguage\":\"es-ES\",\"publisher\":{\"@id\":\"https:\\\/\\\/eldigitaldeasturias.com\\\/magazine365\\\/#organization\"}}]}\n\t\t<\/script>\n\t\t<!-- All in One SEO Pro -->\r\n\t\t<title>Soria informar\u00e1 este mi\u00e9rcoles al Congreso sobre la situaci\u00f3n del turismo | El Digital de Asturias<\/title>\n\n","aioseo_head_json":{"title":"Soria informar\u00e1 este mi\u00e9rcoles al Congreso sobre la situaci\u00f3n del turismo | El Digital de Asturias","description":"El ministro de Industria, Energ\u00eda y Turismo, Jos\u00e9 Manuel Soria, comparecer\u00e1 a petici\u00f3n propia este mi\u00e9rcoles en el Congreso para informar sobre asuntos relativos al sector tur\u00edstico. La intervenci\u00f3n del ministro, la d\u00e9cimo quinta de la legislatura ante la Comisi\u00f3n de Industria de la C\u00e1mara Baja, se enmarca en la ronda de intervenciones parlamentarias que","canonical_url":"https:\/\/eldigitaldeasturias.com\/magazine365\/soria-informara-este-miercoles-al-congreso-sobre-la-situacion-del-turismo\/","robots":"max-image-preview:large","keywords":"actualidad turismo","webmasterTools":{"google-site-verification":"UA-38556648-1","miscellaneous":""},"schema":{"@context":"https:\/\/schema.org","@graph":[{"@type":"Article","@id":"https:\/\/eldigitaldeasturias.com\/magazine365\/soria-informara-este-miercoles-al-congreso-sobre-la-situacion-del-turismo\/#article","name":"Soria informar\u00e1 este mi\u00e9rcoles al Congreso sobre la situaci\u00f3n del turismo | El Digital de Asturias","headline":"Soria informar\u00e1 este mi\u00e9rcoles al Congreso sobre la situaci\u00f3n del turismo","author":{"@id":"https:\/\/eldigitaldeasturias.com\/magazine365\/author\/admin\/#author"},"publisher":{"@id":"https:\/\/eldigitaldeasturias.com\/magazine365\/#organization"},"image":{"@type":"ImageObject","url":"https:\/\/eldigitaldeasturias.com\/magazine365\/wp-content\/uploads\/2015\/06\/fotonoticia_20150616172150_800.jpg","width":800,"height":533},"datePublished":"2015-06-17T07:23:54+02:00","dateModified":"2015-06-17T07:23:54+02:00","inLanguage":"es-ES","mainEntityOfPage":{"@id":"https:\/\/eldigitaldeasturias.com\/magazine365\/soria-informara-este-miercoles-al-congreso-sobre-la-situacion-del-turismo\/#webpage"},"isPartOf":{"@id":"https:\/\/eldigitaldeasturias.com\/magazine365\/soria-informara-este-miercoles-al-congreso-sobre-la-situacion-del-turismo\/#webpage"},"articleSection":"Actualidad Turismo"},{"@type":"BreadcrumbList","@id":"https:\/\/eldigitaldeasturias.com\/magazine365\/soria-informara-este-miercoles-al-congreso-sobre-la-situacion-del-turismo\/#breadcrumblist","itemListElement":[{"@type":"ListItem","@id":"https:\/\/eldigitaldeasturias.com\/magazine365#listItem","position":1,"name":"Home","item":"https:\/\/eldigitaldeasturias.com\/magazine365","nextItem":{"@type":"ListItem","@id":"https:\/\/eldigitaldeasturias.com\/magazine365\/category\/actualidad-turismo\/#listItem","name":"Actualidad Turismo"}},{"@type":"ListItem","@id":"https:\/\/eldigitaldeasturias.com\/magazine365\/category\/actualidad-turismo\/#listItem","position":2,"name":"Actualidad Turismo","item":"https:\/\/eldigitaldeasturias.com\/magazine365\/category\/actualidad-turismo\/","nextItem":{"@type":"ListItem","@id":"https:\/\/eldigitaldeasturias.com\/magazine365\/soria-informara-este-miercoles-al-congreso-sobre-la-situacion-del-turismo\/#listItem","name":"Soria informar\u00e1 este mi\u00e9rcoles al Congreso sobre la situaci\u00f3n del turismo"},"previousItem":{"@type":"ListItem","@id":"https:\/\/eldigitaldeasturias.com\/magazine365#listItem","name":"Home"}},{"@type":"ListItem","@id":"https:\/\/eldigitaldeasturias.com\/magazine365\/soria-informara-este-miercoles-al-congreso-sobre-la-situacion-del-turismo\/#listItem","position":3,"name":"Soria informar\u00e1 este mi\u00e9rcoles al Congreso sobre la situaci\u00f3n del turismo","previousItem":{"@type":"ListItem","@id":"https:\/\/eldigitaldeasturias.com\/magazine365\/category\/actualidad-turismo\/#listItem","name":"Actualidad Turismo"}}]},{"@type":"Organization","@id":"https:\/\/eldigitaldeasturias.com\/magazine365\/#organization","name":"El digital de Asturias","description":"Revista de ocio, turismo y estilo de vida","url":"https:\/\/eldigitaldeasturias.com\/magazine365\/","logo":{"@type":"ImageObject","url":"https:\/\/www.eldigitaldeasturias.com\/noticias\/wp-content\/uploads\/2020\/12\/EDA.jpg","@id":"https:\/\/eldigitaldeasturias.com\/magazine365\/soria-informara-este-miercoles-al-congreso-sobre-la-situacion-del-turismo\/#organizationLogo"},"image":{"@id":"https:\/\/eldigitaldeasturias.com\/magazine365\/soria-informara-este-miercoles-al-congreso-sobre-la-situacion-del-turismo\/#organizationLogo"}},{"@type":"Person","@id":"https:\/\/eldigitaldeasturias.com\/magazine365\/author\/admin\/#author","url":"https:\/\/eldigitaldeasturias.com\/magazine365\/author\/admin\/","name":"admin","image":{"@type":"ImageObject","@id":"https:\/\/eldigitaldeasturias.com\/magazine365\/soria-informara-este-miercoles-al-congreso-sobre-la-situacion-del-turismo\/#authorImage","url":"https:\/\/eldigitaldeasturias.com\/magazine365\/wp-content\/litespeed\/avatar\/e571bcf59a0edd6fa6838245a470f2fe.jpg?ver=1776969259","width":96,"height":96,"caption":"admin"}},{"@type":"WebPage","@id":"https:\/\/eldigitaldeasturias.com\/magazine365\/soria-informara-este-miercoles-al-congreso-sobre-la-situacion-del-turismo\/#webpage","url":"https:\/\/eldigitaldeasturias.com\/magazine365\/soria-informara-este-miercoles-al-congreso-sobre-la-situacion-del-turismo\/","name":"Soria informar\u00e1 este mi\u00e9rcoles al Congreso sobre la situaci\u00f3n del turismo | El Digital de Asturias","description":"El ministro de Industria, Energ\u00eda y Turismo, Jos\u00e9 Manuel Soria, comparecer\u00e1 a petici\u00f3n propia este mi\u00e9rcoles en el Congreso para informar sobre asuntos relativos al sector tur\u00edstico. La intervenci\u00f3n del ministro, la d\u00e9cimo quinta de la legislatura ante la Comisi\u00f3n de Industria de la C\u00e1mara Baja, se enmarca en la ronda de intervenciones parlamentarias que","inLanguage":"es-ES","isPartOf":{"@id":"https:\/\/eldigitaldeasturias.com\/magazine365\/#website"},"breadcrumb":{"@id":"https:\/\/eldigitaldeasturias.com\/magazine365\/soria-informara-este-miercoles-al-congreso-sobre-la-situacion-del-turismo\/#breadcrumblist"},"author":{"@id":"https:\/\/eldigitaldeasturias.com\/magazine365\/author\/admin\/#author"},"creator":{"@id":"https:\/\/eldigitaldeasturias.com\/magazine365\/author\/admin\/#author"},"image":{"@type":"ImageObject","url":"https:\/\/eldigitaldeasturias.com\/magazine365\/wp-content\/uploads\/2015\/06\/fotonoticia_20150616172150_800.jpg","@id":"https:\/\/eldigitaldeasturias.com\/magazine365\/soria-informara-este-miercoles-al-congreso-sobre-la-situacion-del-turismo\/#mainImage","width":800,"height":533},"primaryImageOfPage":{"@id":"https:\/\/eldigitaldeasturias.com\/magazine365\/soria-informara-este-miercoles-al-congreso-sobre-la-situacion-del-turismo\/#mainImage"},"datePublished":"2015-06-17T07:23:54+02:00","dateModified":"2015-06-17T07:23:54+02:00"},{"@type":"WebSite","@id":"https:\/\/eldigitaldeasturias.com\/magazine365\/#website","url":"https:\/\/eldigitaldeasturias.com\/magazine365\/","name":"El Digital de Asturias","description":"Revista de ocio, turismo y estilo de vida","inLanguage":"es-ES","publisher":{"@id":"https:\/\/eldigitaldeasturias.com\/magazine365\/#organization"}}]},"og:locale":"es_ES","og:site_name":"El Digital de Asturias \u2013 Revista de ocio, turismo y estilo de vida","og:type":"article","og:title":"Soria informar\u00e1 este mi\u00e9rcoles al Congreso sobre la situaci\u00f3n del turismo | El Digital de Asturias","og:description":"El ministro de Industria, Energ\u00eda y Turismo, Jos\u00e9 Manuel Soria, comparecer\u00e1 a petici\u00f3n propia este mi\u00e9rcoles en el Congreso para informar sobre asuntos relativos al sector tur\u00edstico. La intervenci\u00f3n del ministro, la d\u00e9cimo quinta de la legislatura ante la Comisi\u00f3n de Industria de la C\u00e1mara Baja, se enmarca en la ronda de intervenciones parlamentarias que","og:url":"https:\/\/eldigitaldeasturias.com\/magazine365\/soria-informara-este-miercoles-al-congreso-sobre-la-situacion-del-turismo\/","og:image":"https:\/\/eldigitaldeasturias.com\/magazine365\/wp-content\/uploads\/2015\/06\/fotonoticia_20150616172150_800.jpg","og:image:secure_url":"https:\/\/eldigitaldeasturias.com\/magazine365\/wp-content\/uploads\/2015\/06\/fotonoticia_20150616172150_800.jpg","og:image:width":800,"og:image:height":533,"article:published_time":"2015-06-17T05:53:54+00:00","article:modified_time":"2015-06-17T05:53:54+00:00","twitter:card":"summary_large_image","twitter:title":"Soria informar\u00e1 este mi\u00e9rcoles al Congreso sobre la situaci\u00f3n del turismo | El Digital de Asturias","twitter:description":"El ministro de Industria, Energ\u00eda y Turismo, Jos\u00e9 Manuel Soria, comparecer\u00e1 a petici\u00f3n propia este mi\u00e9rcoles en el Congreso para informar sobre asuntos relativos al sector tur\u00edstico. La intervenci\u00f3n del ministro, la d\u00e9cimo quinta de la legislatura ante la Comisi\u00f3n de Industria de la C\u00e1mara Baja, se enmarca en la ronda de intervenciones parlamentarias que","twitter:image":"https:\/\/eldigitaldeasturias.com\/magazine365\/wp-content\/uploads\/2015\/06\/fotonoticia_20150616172150_800.jpg"},"aioseo_meta_data":{"post_id":"40069","title":null,"description":null,"keywords":null,"keyphrases":null,"primary_term":null,"canonical_url":null,"og_title":null,"og_description":null,"og_object_type":"default","og_image_type":"default","og_image_url":null,"og_image_width":null,"og_image_height":null,"og_image_custom_url":null,"og_image_custom_fields":null,"og_video":null,"og_custom_url":null,"og_article_section":null,"og_article_tags":null,"twitter_use_og":false,"twitter_card":"default","twitter_image_type":"default","twitter_image_url":null,"twitter_image_custom_url":null,"twitter_image_custom_fields":null,"twitter_title":null,"twitter_description":null,"schema":{"blockGraphs":[],"customGraphs":[],"default":{"data":{"Article":[],"Course":[],"Dataset":[],"FAQPage":[],"Movie":[],"Person":[],"Product":[],"ProductReview":[],"Car":[],"Recipe":[],"Service":[],"SoftwareApplication":[],"WebPage":[]},"graphName":"","isEnabled":true},"graphs":[],"defaultGraph":"","defaultPostTypeGraph":""},"schema_type":null,"schema_type_options":null,"pillar_content":false,"robots_default":true,"robots_noindex":false,"robots_noarchive":false,"robots_nosnippet":false,"robots_nofollow":false,"robots_noimageindex":false,"robots_noodp":false,"robots_notranslate":false,"robots_max_snippet":null,"robots_max_videopreview":null,"robots_max_imagepreview":"large","priority":null,"frequency":null,"location":null,"local_seo":null,"seo_analyzer_scan_date":"2025-09-19 12:52:06","breadcrumb_settings":null,"limit_modified_date":false,"open_ai":null,"ai":null,"created":"2021-03-09 02:32:56","updated":"2025-09-19 12:52:06"},"aioseo_breadcrumb":"<div class=\"aioseo-breadcrumbs\"><span class=\"aioseo-breadcrumb\">\n\t<a href=\"https:\/\/eldigitaldeasturias.com\/magazine365\" title=\"Home\">Home<\/a>\n<\/span><span class=\"aioseo-breadcrumb-separator\">\u2013<\/span><span class=\"aioseo-breadcrumb\">\n\t<a href=\"https:\/\/eldigitaldeasturias.com\/magazine365\/category\/actualidad-turismo\/\" title=\"Actualidad Turismo\">Actualidad Turismo<\/a>\n<\/span><span class=\"aioseo-breadcrumb-separator\">\u2013<\/span><span class=\"aioseo-breadcrumb\">\n\t<a href=\"https:\/\/eldigitaldeasturias.com\/magazine365\/soria-informara-este-miercoles-al-congreso-sobre-la-situacion-del-turismo\/\" title=\"Soria informar\u00e1 este mi\u00e9rcoles al Congreso sobre la situaci\u00f3n del turismo\">Soria informar\u00e1 este mi\u00e9rcoles al Congreso sobre la situaci\u00f3n del turismo<\/a>\n<\/span><\/div>","aioseo_breadcrumb_json":[{"label":"Home","link":"https:\/\/eldigitaldeasturias.com\/magazine365"},{"label":"Actualidad Turismo","link":"https:\/\/eldigitaldeasturias.com\/magazine365\/category\/actualidad-turismo\/"},{"label":"Soria informar\u00e1 este mi\u00e9rcoles al Congreso sobre la situaci\u00f3n del turismo","link":"https:\/\/eldigitaldeasturias.com\/magazine365\/soria-informara-este-miercoles-al-congreso-sobre-la-situacion-del-turismo\/"}],"_links":{"self":[{"href":"https:\/\/eldigitaldeasturias.com\/magazine365\/wp-json\/wp\/v2\/posts\/40069","targetHints":{"allow":["GET"]}}],"collection":[{"href":"https:\/\/eldigitaldeasturias.com\/magazine365\/wp-json\/wp\/v2\/posts"}],"about":[{"href":"https:\/\/eldigitaldeasturias.com\/magazine365\/wp-json\/wp\/v2\/types\/post"}],"author":[{"embeddable":true,"href":"https:\/\/eldigitaldeasturias.com\/magazine365\/wp-json\/wp\/v2\/users\/1"}],"replies":[{"embeddable":true,"href":"https:\/\/eldigitaldeasturias.com\/magazine365\/wp-json\/wp\/v2\/comments?post=40069"}],"version-history":[{"count":0,"href":"https:\/\/eldigitaldeasturias.com\/magazine365\/wp-json\/wp\/v2\/posts\/40069\/revisions"}],"wp:featuredmedia":[{"embeddable":true,"href":"https:\/\/eldigitaldeasturias.com\/magazine365\/wp-json\/wp\/v2\/media\/40070"}],"wp:attachment":[{"href":"https:\/\/eldigitaldeasturias.com\/magazine365\/wp-json\/wp\/v2\/media?parent=40069"}],"wp:term":[{"taxonomy":"category","embeddable":true,"href":"https:\/\/eldigitaldeasturias.com\/magazine365\/wp-json\/wp\/v2\/categories?post=40069"},{"taxonomy":"post_tag","embeddable":true,"href":"https:\/\/eldigitaldeasturias.com\/magazine365\/wp-json\/wp\/v2\/tags?post=40069"}],"curies":[{"name":"wp","href":"https:\/\/api.w.org\/{rel}","templated":true}]}}