{"id":40066,"date":"2015-06-17T07:21:09","date_gmt":"2015-06-17T05:51:09","guid":{"rendered":"http:\/\/eldigitaldeasturias.com\/magazine365\/?p=40066"},"modified":"2015-06-17T07:21:09","modified_gmt":"2015-06-17T05:51:09","slug":"la-capacidad-turistica-de-la-alhambra-y-la-cueva-de-altamira-a-debate","status":"publish","type":"post","link":"https:\/\/eldigitaldeasturias.com\/magazine365\/la-capacidad-turistica-de-la-alhambra-y-la-cueva-de-altamira-a-debate\/","title":{"rendered":"La capacidad tur\u00edstica de la Alhambra y la Cueva de Altamira, a debate"},"content":{"rendered":"<p><img fetchpriority=\"high\" decoding=\"async\" class=\"alignleft size-medium wp-image-40067\" src=\"https:\/\/eldigitaldeasturias.com\/magazine365\/wp-content\/uploads\/2015\/06\/fotonoticia_20150616162848_800-360x240.jpg\" alt=\"fotonoticia_20150616162848_800\" width=\"360\" height=\"240\" srcset=\"https:\/\/eldigitaldeasturias.com\/magazine365\/wp-content\/uploads\/2015\/06\/fotonoticia_20150616162848_800-360x240.jpg 360w, https:\/\/eldigitaldeasturias.com\/magazine365\/wp-content\/uploads\/2015\/06\/fotonoticia_20150616162848_800-650x433.jpg 650w, https:\/\/eldigitaldeasturias.com\/magazine365\/wp-content\/uploads\/2015\/06\/fotonoticia_20150616162848_800-768x512.jpg 768w, https:\/\/eldigitaldeasturias.com\/magazine365\/wp-content\/uploads\/2015\/06\/fotonoticia_20150616162848_800-150x100.jpg 150w, https:\/\/eldigitaldeasturias.com\/magazine365\/wp-content\/uploads\/2015\/06\/fotonoticia_20150616162848_800-450x300.jpg 450w, https:\/\/eldigitaldeasturias.com\/magazine365\/wp-content\/uploads\/2015\/06\/fotonoticia_20150616162848_800-696x464.jpg 696w, https:\/\/eldigitaldeasturias.com\/magazine365\/wp-content\/uploads\/2015\/06\/fotonoticia_20150616162848_800-630x420.jpg 630w, https:\/\/eldigitaldeasturias.com\/magazine365\/wp-content\/uploads\/2015\/06\/fotonoticia_20150616162848_800-84x55.jpg 84w, https:\/\/eldigitaldeasturias.com\/magazine365\/wp-content\/uploads\/2015\/06\/fotonoticia_20150616162848_800.jpg 800w\" sizes=\"(max-width: 360px) 100vw, 360px\" \/>La Alhambra y la Cueva de Altamira han sido protagonistas este martes de la II jornada del Seminario Internacional sobre Capacidad de acogida y gesti\u00f3n de flujos tur\u00edsticos en espacios patrimoniales, organizado por la Escuela de la Alhambra y la UNIA en el Palacio de Carlos V, y que durante tres d\u00edas re\u00fane a expertos internacionales para debatir sobre patrimonio y turismo.<\/p>\n<p>La sesi\u00f3n de ma\u00f1ana se ha abierto con la intervenci\u00f3n de la secretaria general del Patronato de la Alhambra y Generalife, Victoria E. Chamorro, quien ha explicado el plan de innovaci\u00f3n de la visita p\u00fablica del Conjunto Monumental y los principales retos a los que se enfrentan los gestores de esta ciudad palatina, entre los que se encuentra la \u00abconservaci\u00f3n preventiva\u00bb.<\/p>\n<p>\u00abTenemos que hacer part\u00edcipes a los visitantes de la necesidad de cuidar y proteger este legado. Adem\u00e1s, nuestro firme compromiso en la visita p\u00fablica, conforme a criterios de sostenibilidad, para definir los flujos tur\u00edsticos que nos ayuden a conservar el monumento\u00bb, ha dicho.<\/p>\n<p>Una opini\u00f3n similar ha mostrado la subdirectora del Museo de Altamira, Pilar Fat\u00e1s, cuando ha hecho referencia al debate social sobre si abrir o no la Cueva de Altamira: \u00abLa apertura o cierre de la Cueva no afectar\u00eda al n\u00famero de visitas porque el verdadero impacto de visitantes lo est\u00e1 provocando el Museo\u00bb. \u00abEl 97 por ciento de los visitantes de la Neocueva est\u00e1n concienciados de la necesidad de conservar Altamira para el futuro y creen que el Museo funciona bien, aunque no se pueda visitar la cueva original\u00bb, ha explicado.<\/p>\n<p>En su intervenci\u00f3n, Fat\u00e1s ha explicado que \u00abla Neocueva es la alternativa que actualmente los gestores de este lugar podemos ofrecer a las personas que vienen a Altamira\u00bb. Seg\u00fan estudios realizados por la instituci\u00f3n, dependiente del Ministerio de Educaci\u00f3n, Cultura y Deporte, \u00ablos visitantes valoran muy positivamente que la Cueva de Altamira tenga acceso restringido a 250 personas al a\u00f1o, ya que de esta manera se garantiza su conservaci\u00f3n futura\u00bb.<\/p>\n<p>Fat\u00e1s tambi\u00e9n ha indicado que su reto es \u00abtrabajar para dar mayor accesibilidad al conocimiento y al disfrute cultural de la Cueva de Altamira\u00bb.<\/p>\n<p>M\u00e1s de medio centenar de personas participan en el Seminario Internacional que, hasta ma\u00f1ana mi\u00e9rcoles, reunir\u00e1 a expertos en patrimonio, cultura y turismo.<\/p>\n","protected":false},"excerpt":{"rendered":"<p>La Alhambra y la Cueva de Altamira han sido protagonistas este martes de la II jornada del Seminario Internacional sobre Capacidad de acogida y gesti\u00f3n de flujos tur\u00edsticos en espacios patrimoniales, organizado por la Escuela de la Alhambra y la UNIA en el Palacio de Carlos V, y que durante tres d\u00edas re\u00fane a expertos<\/p>\n","protected":false},"author":1,"featured_media":40067,"comment_status":"open","ping_status":"closed","sticky":false,"template":"","format":"standard","meta":{"footnotes":""},"categories":[222],"tags":[],"class_list":{"0":"post-40066","1":"post","2":"type-post","3":"status-publish","4":"format-standard","5":"has-post-thumbnail","7":"category-actualidad-turismo"},"aioseo_notices":[],"aioseo_head":"\n\t\t<!-- All in One SEO Pro 4.9.6.1 - aioseo.com -->\n\t<meta name=\"description\" content=\"La Alhambra y la Cueva de Altamira han sido protagonistas este martes de la II jornada del Seminario Internacional sobre Capacidad de acogida y gesti\u00f3n de flujos tur\u00edsticos en espacios patrimoniales, organizado por la Escuela de la Alhambra y la UNIA en el Palacio de Carlos V, y que durante tres d\u00edas re\u00fane a expertos\" \/>\n\t<meta name=\"robots\" content=\"max-image-preview:large\" \/>\n\t<meta name=\"author\" content=\"admin\"\/>\n\t<meta name=\"google-site-verification\" content=\"UA-38556648-1\" \/>\n\t<meta name=\"keywords\" content=\"actualidad turismo\" \/>\n\t<link rel=\"canonical\" href=\"https:\/\/eldigitaldeasturias.com\/magazine365\/la-capacidad-turistica-de-la-alhambra-y-la-cueva-de-altamira-a-debate\/\" \/>\n\t<meta name=\"generator\" content=\"All in One SEO Pro (AIOSEO) 4.9.6.1\" \/>\n\t\t<meta property=\"og:locale\" content=\"es_ES\" \/>\n\t\t<meta property=\"og:site_name\" content=\"El Digital de Asturias \u2013 Revista de ocio, turismo y estilo de vida\" \/>\n\t\t<meta property=\"og:type\" content=\"article\" \/>\n\t\t<meta property=\"og:title\" content=\"La capacidad tur\u00edstica de la Alhambra y la Cueva de Altamira, a debate | El Digital de Asturias\" \/>\n\t\t<meta property=\"og:description\" content=\"La Alhambra y la Cueva de Altamira han sido protagonistas este martes de la II jornada del Seminario Internacional sobre Capacidad de acogida y gesti\u00f3n de flujos tur\u00edsticos en espacios patrimoniales, organizado por la Escuela de la Alhambra y la UNIA en el Palacio de Carlos V, y que durante tres d\u00edas re\u00fane a expertos\" \/>\n\t\t<meta property=\"og:url\" content=\"https:\/\/eldigitaldeasturias.com\/magazine365\/la-capacidad-turistica-de-la-alhambra-y-la-cueva-de-altamira-a-debate\/\" \/>\n\t\t<meta property=\"og:image\" content=\"https:\/\/eldigitaldeasturias.com\/magazine365\/wp-content\/uploads\/2015\/06\/fotonoticia_20150616162848_800.jpg\" \/>\n\t\t<meta property=\"og:image:secure_url\" content=\"https:\/\/eldigitaldeasturias.com\/magazine365\/wp-content\/uploads\/2015\/06\/fotonoticia_20150616162848_800.jpg\" \/>\n\t\t<meta property=\"og:image:width\" content=\"800\" \/>\n\t\t<meta property=\"og:image:height\" content=\"533\" \/>\n\t\t<meta property=\"article:published_time\" content=\"2015-06-17T05:51:09+00:00\" \/>\n\t\t<meta property=\"article:modified_time\" content=\"2015-06-17T05:51:09+00:00\" \/>\n\t\t<meta name=\"twitter:card\" content=\"summary_large_image\" \/>\n\t\t<meta name=\"twitter:title\" content=\"La capacidad tur\u00edstica de la Alhambra y la Cueva de Altamira, a debate | El Digital de Asturias\" \/>\n\t\t<meta name=\"twitter:description\" content=\"La Alhambra y la Cueva de Altamira han sido protagonistas este martes de la II jornada del Seminario Internacional sobre Capacidad de acogida y gesti\u00f3n de flujos tur\u00edsticos en espacios patrimoniales, organizado por la Escuela de la Alhambra y la UNIA en el Palacio de Carlos V, y que durante tres d\u00edas re\u00fane a expertos\" \/>\n\t\t<meta name=\"twitter:image\" content=\"https:\/\/eldigitaldeasturias.com\/magazine365\/wp-content\/uploads\/2015\/06\/fotonoticia_20150616162848_800.jpg\" \/>\n\t\t<script type=\"application\/ld+json\" class=\"aioseo-schema\">\n\t\t\t{\"@context\":\"https:\\\/\\\/schema.org\",\"@graph\":[{\"@type\":\"Article\",\"@id\":\"https:\\\/\\\/eldigitaldeasturias.com\\\/magazine365\\\/la-capacidad-turistica-de-la-alhambra-y-la-cueva-de-altamira-a-debate\\\/#article\",\"name\":\"La capacidad tur\\u00edstica de la Alhambra y la Cueva de Altamira, a debate | El Digital de Asturias\",\"headline\":\"La capacidad tur\\u00edstica de la Alhambra y la Cueva de Altamira, a debate\",\"author\":{\"@id\":\"https:\\\/\\\/eldigitaldeasturias.com\\\/magazine365\\\/author\\\/admin\\\/#author\"},\"publisher\":{\"@id\":\"https:\\\/\\\/eldigitaldeasturias.com\\\/magazine365\\\/#organization\"},\"image\":{\"@type\":\"ImageObject\",\"url\":\"https:\\\/\\\/eldigitaldeasturias.com\\\/magazine365\\\/wp-content\\\/uploads\\\/2015\\\/06\\\/fotonoticia_20150616162848_800.jpg\",\"width\":800,\"height\":533},\"datePublished\":\"2015-06-17T07:21:09+02:00\",\"dateModified\":\"2015-06-17T07:21:09+02:00\",\"inLanguage\":\"es-ES\",\"mainEntityOfPage\":{\"@id\":\"https:\\\/\\\/eldigitaldeasturias.com\\\/magazine365\\\/la-capacidad-turistica-de-la-alhambra-y-la-cueva-de-altamira-a-debate\\\/#webpage\"},\"isPartOf\":{\"@id\":\"https:\\\/\\\/eldigitaldeasturias.com\\\/magazine365\\\/la-capacidad-turistica-de-la-alhambra-y-la-cueva-de-altamira-a-debate\\\/#webpage\"},\"articleSection\":\"Actualidad Turismo\"},{\"@type\":\"BreadcrumbList\",\"@id\":\"https:\\\/\\\/eldigitaldeasturias.com\\\/magazine365\\\/la-capacidad-turistica-de-la-alhambra-y-la-cueva-de-altamira-a-debate\\\/#breadcrumblist\",\"itemListElement\":[{\"@type\":\"ListItem\",\"@id\":\"https:\\\/\\\/eldigitaldeasturias.com\\\/magazine365#listItem\",\"position\":1,\"name\":\"Home\",\"item\":\"https:\\\/\\\/eldigitaldeasturias.com\\\/magazine365\",\"nextItem\":{\"@type\":\"ListItem\",\"@id\":\"https:\\\/\\\/eldigitaldeasturias.com\\\/magazine365\\\/category\\\/actualidad-turismo\\\/#listItem\",\"name\":\"Actualidad Turismo\"}},{\"@type\":\"ListItem\",\"@id\":\"https:\\\/\\\/eldigitaldeasturias.com\\\/magazine365\\\/category\\\/actualidad-turismo\\\/#listItem\",\"position\":2,\"name\":\"Actualidad Turismo\",\"item\":\"https:\\\/\\\/eldigitaldeasturias.com\\\/magazine365\\\/category\\\/actualidad-turismo\\\/\",\"nextItem\":{\"@type\":\"ListItem\",\"@id\":\"https:\\\/\\\/eldigitaldeasturias.com\\\/magazine365\\\/la-capacidad-turistica-de-la-alhambra-y-la-cueva-de-altamira-a-debate\\\/#listItem\",\"name\":\"La capacidad tur\\u00edstica de la Alhambra y la Cueva de Altamira, a debate\"},\"previousItem\":{\"@type\":\"ListItem\",\"@id\":\"https:\\\/\\\/eldigitaldeasturias.com\\\/magazine365#listItem\",\"name\":\"Home\"}},{\"@type\":\"ListItem\",\"@id\":\"https:\\\/\\\/eldigitaldeasturias.com\\\/magazine365\\\/la-capacidad-turistica-de-la-alhambra-y-la-cueva-de-altamira-a-debate\\\/#listItem\",\"position\":3,\"name\":\"La capacidad tur\\u00edstica de la Alhambra y la Cueva de Altamira, a debate\",\"previousItem\":{\"@type\":\"ListItem\",\"@id\":\"https:\\\/\\\/eldigitaldeasturias.com\\\/magazine365\\\/category\\\/actualidad-turismo\\\/#listItem\",\"name\":\"Actualidad Turismo\"}}]},{\"@type\":\"Organization\",\"@id\":\"https:\\\/\\\/eldigitaldeasturias.com\\\/magazine365\\\/#organization\",\"name\":\"El digital de Asturias\",\"description\":\"Revista de ocio, turismo y estilo de vida\",\"url\":\"https:\\\/\\\/eldigitaldeasturias.com\\\/magazine365\\\/\",\"logo\":{\"@type\":\"ImageObject\",\"url\":\"https:\\\/\\\/www.eldigitaldeasturias.com\\\/noticias\\\/wp-content\\\/uploads\\\/2020\\\/12\\\/EDA.jpg\",\"@id\":\"https:\\\/\\\/eldigitaldeasturias.com\\\/magazine365\\\/la-capacidad-turistica-de-la-alhambra-y-la-cueva-de-altamira-a-debate\\\/#organizationLogo\"},\"image\":{\"@id\":\"https:\\\/\\\/eldigitaldeasturias.com\\\/magazine365\\\/la-capacidad-turistica-de-la-alhambra-y-la-cueva-de-altamira-a-debate\\\/#organizationLogo\"}},{\"@type\":\"Person\",\"@id\":\"https:\\\/\\\/eldigitaldeasturias.com\\\/magazine365\\\/author\\\/admin\\\/#author\",\"url\":\"https:\\\/\\\/eldigitaldeasturias.com\\\/magazine365\\\/author\\\/admin\\\/\",\"name\":\"admin\",\"image\":{\"@type\":\"ImageObject\",\"@id\":\"https:\\\/\\\/eldigitaldeasturias.com\\\/magazine365\\\/la-capacidad-turistica-de-la-alhambra-y-la-cueva-de-altamira-a-debate\\\/#authorImage\",\"url\":\"https:\\\/\\\/eldigitaldeasturias.com\\\/magazine365\\\/wp-content\\\/litespeed\\\/avatar\\\/e571bcf59a0edd6fa6838245a470f2fe.jpg?ver=1776969259\",\"width\":96,\"height\":96,\"caption\":\"admin\"}},{\"@type\":\"WebPage\",\"@id\":\"https:\\\/\\\/eldigitaldeasturias.com\\\/magazine365\\\/la-capacidad-turistica-de-la-alhambra-y-la-cueva-de-altamira-a-debate\\\/#webpage\",\"url\":\"https:\\\/\\\/eldigitaldeasturias.com\\\/magazine365\\\/la-capacidad-turistica-de-la-alhambra-y-la-cueva-de-altamira-a-debate\\\/\",\"name\":\"La capacidad tur\\u00edstica de la Alhambra y la Cueva de Altamira, a debate | El Digital de Asturias\",\"description\":\"La Alhambra y la Cueva de Altamira han sido protagonistas este martes de la II jornada del Seminario Internacional sobre Capacidad de acogida y gesti\\u00f3n de flujos tur\\u00edsticos en espacios patrimoniales, organizado por la Escuela de la Alhambra y la UNIA en el Palacio de Carlos V, y que durante tres d\\u00edas re\\u00fane a expertos\",\"inLanguage\":\"es-ES\",\"isPartOf\":{\"@id\":\"https:\\\/\\\/eldigitaldeasturias.com\\\/magazine365\\\/#website\"},\"breadcrumb\":{\"@id\":\"https:\\\/\\\/eldigitaldeasturias.com\\\/magazine365\\\/la-capacidad-turistica-de-la-alhambra-y-la-cueva-de-altamira-a-debate\\\/#breadcrumblist\"},\"author\":{\"@id\":\"https:\\\/\\\/eldigitaldeasturias.com\\\/magazine365\\\/author\\\/admin\\\/#author\"},\"creator\":{\"@id\":\"https:\\\/\\\/eldigitaldeasturias.com\\\/magazine365\\\/author\\\/admin\\\/#author\"},\"image\":{\"@type\":\"ImageObject\",\"url\":\"https:\\\/\\\/eldigitaldeasturias.com\\\/magazine365\\\/wp-content\\\/uploads\\\/2015\\\/06\\\/fotonoticia_20150616162848_800.jpg\",\"@id\":\"https:\\\/\\\/eldigitaldeasturias.com\\\/magazine365\\\/la-capacidad-turistica-de-la-alhambra-y-la-cueva-de-altamira-a-debate\\\/#mainImage\",\"width\":800,\"height\":533},\"primaryImageOfPage\":{\"@id\":\"https:\\\/\\\/eldigitaldeasturias.com\\\/magazine365\\\/la-capacidad-turistica-de-la-alhambra-y-la-cueva-de-altamira-a-debate\\\/#mainImage\"},\"datePublished\":\"2015-06-17T07:21:09+02:00\",\"dateModified\":\"2015-06-17T07:21:09+02:00\"},{\"@type\":\"WebSite\",\"@id\":\"https:\\\/\\\/eldigitaldeasturias.com\\\/magazine365\\\/#website\",\"url\":\"https:\\\/\\\/eldigitaldeasturias.com\\\/magazine365\\\/\",\"name\":\"El Digital de Asturias\",\"description\":\"Revista de ocio, turismo y estilo de vida\",\"inLanguage\":\"es-ES\",\"publisher\":{\"@id\":\"https:\\\/\\\/eldigitaldeasturias.com\\\/magazine365\\\/#organization\"}}]}\n\t\t<\/script>\n\t\t<!-- All in One SEO Pro -->\r\n\t\t<title>La capacidad tur\u00edstica de la Alhambra y la Cueva de Altamira, a debate | El Digital de Asturias<\/title>\n\n","aioseo_head_json":{"title":"La capacidad tur\u00edstica de la Alhambra y la Cueva de Altamira, a debate | El Digital de Asturias","description":"La Alhambra y la Cueva de Altamira han sido protagonistas este martes de la II jornada del Seminario Internacional sobre Capacidad de acogida y gesti\u00f3n de flujos tur\u00edsticos en espacios patrimoniales, organizado por la Escuela de la Alhambra y la UNIA en el Palacio de Carlos V, y que durante tres d\u00edas re\u00fane a expertos","canonical_url":"https:\/\/eldigitaldeasturias.com\/magazine365\/la-capacidad-turistica-de-la-alhambra-y-la-cueva-de-altamira-a-debate\/","robots":"max-image-preview:large","keywords":"actualidad turismo","webmasterTools":{"google-site-verification":"UA-38556648-1","miscellaneous":""},"schema":{"@context":"https:\/\/schema.org","@graph":[{"@type":"Article","@id":"https:\/\/eldigitaldeasturias.com\/magazine365\/la-capacidad-turistica-de-la-alhambra-y-la-cueva-de-altamira-a-debate\/#article","name":"La capacidad tur\u00edstica de la Alhambra y la Cueva de Altamira, a debate | El Digital de Asturias","headline":"La capacidad tur\u00edstica de la Alhambra y la Cueva de Altamira, a debate","author":{"@id":"https:\/\/eldigitaldeasturias.com\/magazine365\/author\/admin\/#author"},"publisher":{"@id":"https:\/\/eldigitaldeasturias.com\/magazine365\/#organization"},"image":{"@type":"ImageObject","url":"https:\/\/eldigitaldeasturias.com\/magazine365\/wp-content\/uploads\/2015\/06\/fotonoticia_20150616162848_800.jpg","width":800,"height":533},"datePublished":"2015-06-17T07:21:09+02:00","dateModified":"2015-06-17T07:21:09+02:00","inLanguage":"es-ES","mainEntityOfPage":{"@id":"https:\/\/eldigitaldeasturias.com\/magazine365\/la-capacidad-turistica-de-la-alhambra-y-la-cueva-de-altamira-a-debate\/#webpage"},"isPartOf":{"@id":"https:\/\/eldigitaldeasturias.com\/magazine365\/la-capacidad-turistica-de-la-alhambra-y-la-cueva-de-altamira-a-debate\/#webpage"},"articleSection":"Actualidad Turismo"},{"@type":"BreadcrumbList","@id":"https:\/\/eldigitaldeasturias.com\/magazine365\/la-capacidad-turistica-de-la-alhambra-y-la-cueva-de-altamira-a-debate\/#breadcrumblist","itemListElement":[{"@type":"ListItem","@id":"https:\/\/eldigitaldeasturias.com\/magazine365#listItem","position":1,"name":"Home","item":"https:\/\/eldigitaldeasturias.com\/magazine365","nextItem":{"@type":"ListItem","@id":"https:\/\/eldigitaldeasturias.com\/magazine365\/category\/actualidad-turismo\/#listItem","name":"Actualidad Turismo"}},{"@type":"ListItem","@id":"https:\/\/eldigitaldeasturias.com\/magazine365\/category\/actualidad-turismo\/#listItem","position":2,"name":"Actualidad Turismo","item":"https:\/\/eldigitaldeasturias.com\/magazine365\/category\/actualidad-turismo\/","nextItem":{"@type":"ListItem","@id":"https:\/\/eldigitaldeasturias.com\/magazine365\/la-capacidad-turistica-de-la-alhambra-y-la-cueva-de-altamira-a-debate\/#listItem","name":"La capacidad tur\u00edstica de la Alhambra y la Cueva de Altamira, a debate"},"previousItem":{"@type":"ListItem","@id":"https:\/\/eldigitaldeasturias.com\/magazine365#listItem","name":"Home"}},{"@type":"ListItem","@id":"https:\/\/eldigitaldeasturias.com\/magazine365\/la-capacidad-turistica-de-la-alhambra-y-la-cueva-de-altamira-a-debate\/#listItem","position":3,"name":"La capacidad tur\u00edstica de la Alhambra y la Cueva de Altamira, a debate","previousItem":{"@type":"ListItem","@id":"https:\/\/eldigitaldeasturias.com\/magazine365\/category\/actualidad-turismo\/#listItem","name":"Actualidad Turismo"}}]},{"@type":"Organization","@id":"https:\/\/eldigitaldeasturias.com\/magazine365\/#organization","name":"El digital de Asturias","description":"Revista de ocio, turismo y estilo de vida","url":"https:\/\/eldigitaldeasturias.com\/magazine365\/","logo":{"@type":"ImageObject","url":"https:\/\/www.eldigitaldeasturias.com\/noticias\/wp-content\/uploads\/2020\/12\/EDA.jpg","@id":"https:\/\/eldigitaldeasturias.com\/magazine365\/la-capacidad-turistica-de-la-alhambra-y-la-cueva-de-altamira-a-debate\/#organizationLogo"},"image":{"@id":"https:\/\/eldigitaldeasturias.com\/magazine365\/la-capacidad-turistica-de-la-alhambra-y-la-cueva-de-altamira-a-debate\/#organizationLogo"}},{"@type":"Person","@id":"https:\/\/eldigitaldeasturias.com\/magazine365\/author\/admin\/#author","url":"https:\/\/eldigitaldeasturias.com\/magazine365\/author\/admin\/","name":"admin","image":{"@type":"ImageObject","@id":"https:\/\/eldigitaldeasturias.com\/magazine365\/la-capacidad-turistica-de-la-alhambra-y-la-cueva-de-altamira-a-debate\/#authorImage","url":"https:\/\/eldigitaldeasturias.com\/magazine365\/wp-content\/litespeed\/avatar\/e571bcf59a0edd6fa6838245a470f2fe.jpg?ver=1776969259","width":96,"height":96,"caption":"admin"}},{"@type":"WebPage","@id":"https:\/\/eldigitaldeasturias.com\/magazine365\/la-capacidad-turistica-de-la-alhambra-y-la-cueva-de-altamira-a-debate\/#webpage","url":"https:\/\/eldigitaldeasturias.com\/magazine365\/la-capacidad-turistica-de-la-alhambra-y-la-cueva-de-altamira-a-debate\/","name":"La capacidad tur\u00edstica de la Alhambra y la Cueva de Altamira, a debate | El Digital de Asturias","description":"La Alhambra y la Cueva de Altamira han sido protagonistas este martes de la II jornada del Seminario Internacional sobre Capacidad de acogida y gesti\u00f3n de flujos tur\u00edsticos en espacios patrimoniales, organizado por la Escuela de la Alhambra y la UNIA en el Palacio de Carlos V, y que durante tres d\u00edas re\u00fane a expertos","inLanguage":"es-ES","isPartOf":{"@id":"https:\/\/eldigitaldeasturias.com\/magazine365\/#website"},"breadcrumb":{"@id":"https:\/\/eldigitaldeasturias.com\/magazine365\/la-capacidad-turistica-de-la-alhambra-y-la-cueva-de-altamira-a-debate\/#breadcrumblist"},"author":{"@id":"https:\/\/eldigitaldeasturias.com\/magazine365\/author\/admin\/#author"},"creator":{"@id":"https:\/\/eldigitaldeasturias.com\/magazine365\/author\/admin\/#author"},"image":{"@type":"ImageObject","url":"https:\/\/eldigitaldeasturias.com\/magazine365\/wp-content\/uploads\/2015\/06\/fotonoticia_20150616162848_800.jpg","@id":"https:\/\/eldigitaldeasturias.com\/magazine365\/la-capacidad-turistica-de-la-alhambra-y-la-cueva-de-altamira-a-debate\/#mainImage","width":800,"height":533},"primaryImageOfPage":{"@id":"https:\/\/eldigitaldeasturias.com\/magazine365\/la-capacidad-turistica-de-la-alhambra-y-la-cueva-de-altamira-a-debate\/#mainImage"},"datePublished":"2015-06-17T07:21:09+02:00","dateModified":"2015-06-17T07:21:09+02:00"},{"@type":"WebSite","@id":"https:\/\/eldigitaldeasturias.com\/magazine365\/#website","url":"https:\/\/eldigitaldeasturias.com\/magazine365\/","name":"El Digital de Asturias","description":"Revista de ocio, turismo y estilo de vida","inLanguage":"es-ES","publisher":{"@id":"https:\/\/eldigitaldeasturias.com\/magazine365\/#organization"}}]},"og:locale":"es_ES","og:site_name":"El Digital de Asturias \u2013 Revista de ocio, turismo y estilo de vida","og:type":"article","og:title":"La capacidad tur\u00edstica de la Alhambra y la Cueva de Altamira, a debate | El Digital de Asturias","og:description":"La Alhambra y la Cueva de Altamira han sido protagonistas este martes de la II jornada del Seminario Internacional sobre Capacidad de acogida y gesti\u00f3n de flujos tur\u00edsticos en espacios patrimoniales, organizado por la Escuela de la Alhambra y la UNIA en el Palacio de Carlos V, y que durante tres d\u00edas re\u00fane a expertos","og:url":"https:\/\/eldigitaldeasturias.com\/magazine365\/la-capacidad-turistica-de-la-alhambra-y-la-cueva-de-altamira-a-debate\/","og:image":"https:\/\/eldigitaldeasturias.com\/magazine365\/wp-content\/uploads\/2015\/06\/fotonoticia_20150616162848_800.jpg","og:image:secure_url":"https:\/\/eldigitaldeasturias.com\/magazine365\/wp-content\/uploads\/2015\/06\/fotonoticia_20150616162848_800.jpg","og:image:width":800,"og:image:height":533,"article:published_time":"2015-06-17T05:51:09+00:00","article:modified_time":"2015-06-17T05:51:09+00:00","twitter:card":"summary_large_image","twitter:title":"La capacidad tur\u00edstica de la Alhambra y la Cueva de Altamira, a debate | El Digital de Asturias","twitter:description":"La Alhambra y la Cueva de Altamira han sido protagonistas este martes de la II jornada del Seminario Internacional sobre Capacidad de acogida y gesti\u00f3n de flujos tur\u00edsticos en espacios patrimoniales, organizado por la Escuela de la Alhambra y la UNIA en el Palacio de Carlos V, y que durante tres d\u00edas re\u00fane a expertos","twitter:image":"https:\/\/eldigitaldeasturias.com\/magazine365\/wp-content\/uploads\/2015\/06\/fotonoticia_20150616162848_800.jpg"},"aioseo_meta_data":{"post_id":"40066","title":null,"description":null,"keywords":null,"keyphrases":null,"primary_term":null,"canonical_url":null,"og_title":null,"og_description":null,"og_object_type":"default","og_image_type":"default","og_image_url":null,"og_image_width":null,"og_image_height":null,"og_image_custom_url":null,"og_image_custom_fields":null,"og_video":null,"og_custom_url":null,"og_article_section":null,"og_article_tags":null,"twitter_use_og":false,"twitter_card":"default","twitter_image_type":"default","twitter_image_url":null,"twitter_image_custom_url":null,"twitter_image_custom_fields":null,"twitter_title":null,"twitter_description":null,"schema":{"blockGraphs":[],"customGraphs":[],"default":{"data":{"Article":[],"Course":[],"Dataset":[],"FAQPage":[],"Movie":[],"Person":[],"Product":[],"ProductReview":[],"Car":[],"Recipe":[],"Service":[],"SoftwareApplication":[],"WebPage":[]},"graphName":"","isEnabled":true},"graphs":[],"defaultGraph":"","defaultPostTypeGraph":""},"schema_type":null,"schema_type_options":null,"pillar_content":false,"robots_default":true,"robots_noindex":false,"robots_noarchive":false,"robots_nosnippet":false,"robots_nofollow":false,"robots_noimageindex":false,"robots_noodp":false,"robots_notranslate":false,"robots_max_snippet":null,"robots_max_videopreview":null,"robots_max_imagepreview":"large","priority":null,"frequency":null,"location":null,"local_seo":null,"seo_analyzer_scan_date":"2025-09-19 12:52:04","breadcrumb_settings":null,"limit_modified_date":false,"open_ai":null,"ai":null,"created":"2021-03-09 02:32:56","updated":"2025-09-19 12:52:04"},"aioseo_breadcrumb":"<div class=\"aioseo-breadcrumbs\"><span class=\"aioseo-breadcrumb\">\n\t<a href=\"https:\/\/eldigitaldeasturias.com\/magazine365\" title=\"Home\">Home<\/a>\n<\/span><span class=\"aioseo-breadcrumb-separator\">\u2013<\/span><span class=\"aioseo-breadcrumb\">\n\t<a href=\"https:\/\/eldigitaldeasturias.com\/magazine365\/category\/actualidad-turismo\/\" title=\"Actualidad Turismo\">Actualidad Turismo<\/a>\n<\/span><span class=\"aioseo-breadcrumb-separator\">\u2013<\/span><span class=\"aioseo-breadcrumb\">\n\t<a href=\"https:\/\/eldigitaldeasturias.com\/magazine365\/la-capacidad-turistica-de-la-alhambra-y-la-cueva-de-altamira-a-debate\/\" title=\"La capacidad tur\u00edstica de la Alhambra y la Cueva de Altamira, a debate\">La capacidad tur\u00edstica de la Alhambra y la Cueva de Altamira, a debate<\/a>\n<\/span><\/div>","aioseo_breadcrumb_json":[{"label":"Home","link":"https:\/\/eldigitaldeasturias.com\/magazine365"},{"label":"Actualidad Turismo","link":"https:\/\/eldigitaldeasturias.com\/magazine365\/category\/actualidad-turismo\/"},{"label":"La capacidad tur\u00edstica de la Alhambra y la Cueva de Altamira, a debate","link":"https:\/\/eldigitaldeasturias.com\/magazine365\/la-capacidad-turistica-de-la-alhambra-y-la-cueva-de-altamira-a-debate\/"}],"_links":{"self":[{"href":"https:\/\/eldigitaldeasturias.com\/magazine365\/wp-json\/wp\/v2\/posts\/40066","targetHints":{"allow":["GET"]}}],"collection":[{"href":"https:\/\/eldigitaldeasturias.com\/magazine365\/wp-json\/wp\/v2\/posts"}],"about":[{"href":"https:\/\/eldigitaldeasturias.com\/magazine365\/wp-json\/wp\/v2\/types\/post"}],"author":[{"embeddable":true,"href":"https:\/\/eldigitaldeasturias.com\/magazine365\/wp-json\/wp\/v2\/users\/1"}],"replies":[{"embeddable":true,"href":"https:\/\/eldigitaldeasturias.com\/magazine365\/wp-json\/wp\/v2\/comments?post=40066"}],"version-history":[{"count":0,"href":"https:\/\/eldigitaldeasturias.com\/magazine365\/wp-json\/wp\/v2\/posts\/40066\/revisions"}],"wp:featuredmedia":[{"embeddable":true,"href":"https:\/\/eldigitaldeasturias.com\/magazine365\/wp-json\/wp\/v2\/media\/40067"}],"wp:attachment":[{"href":"https:\/\/eldigitaldeasturias.com\/magazine365\/wp-json\/wp\/v2\/media?parent=40066"}],"wp:term":[{"taxonomy":"category","embeddable":true,"href":"https:\/\/eldigitaldeasturias.com\/magazine365\/wp-json\/wp\/v2\/categories?post=40066"},{"taxonomy":"post_tag","embeddable":true,"href":"https:\/\/eldigitaldeasturias.com\/magazine365\/wp-json\/wp\/v2\/tags?post=40066"}],"curies":[{"name":"wp","href":"https:\/\/api.w.org\/{rel}","templated":true}]}}