{"id":40063,"date":"2015-06-17T07:19:07","date_gmt":"2015-06-17T05:49:07","guid":{"rendered":"http:\/\/eldigitaldeasturias.com\/magazine365\/?p=40063"},"modified":"2015-06-17T07:19:07","modified_gmt":"2015-06-17T05:49:07","slug":"la-web-de-turismo-costa-del-sol-reconocida-como-la-mejor-de-espana-por-una-publicacion-alemana","status":"publish","type":"post","link":"https:\/\/eldigitaldeasturias.com\/magazine365\/la-web-de-turismo-costa-del-sol-reconocida-como-la-mejor-de-espana-por-una-publicacion-alemana\/","title":{"rendered":"La web de Turismo Costa del Sol, reconocida como la mejor de Espa\u00f1a por una publicaci\u00f3n alemana"},"content":{"rendered":"<p><img fetchpriority=\"high\" decoding=\"async\" class=\"alignleft size-medium wp-image-40064\" src=\"https:\/\/eldigitaldeasturias.com\/magazine365\/wp-content\/uploads\/2015\/06\/fotonoticia_20150616162229_800-360x216.jpg\" alt=\"fotonoticia_20150616162229_800\" width=\"360\" height=\"216\" srcset=\"https:\/\/eldigitaldeasturias.com\/magazine365\/wp-content\/uploads\/2015\/06\/fotonoticia_20150616162229_800-360x216.jpg 360w, https:\/\/eldigitaldeasturias.com\/magazine365\/wp-content\/uploads\/2015\/06\/fotonoticia_20150616162229_800-650x391.jpg 650w, https:\/\/eldigitaldeasturias.com\/magazine365\/wp-content\/uploads\/2015\/06\/fotonoticia_20150616162229_800-768x462.jpg 768w, https:\/\/eldigitaldeasturias.com\/magazine365\/wp-content\/uploads\/2015\/06\/fotonoticia_20150616162229_800-150x90.jpg 150w, https:\/\/eldigitaldeasturias.com\/magazine365\/wp-content\/uploads\/2015\/06\/fotonoticia_20150616162229_800-450x271.jpg 450w, https:\/\/eldigitaldeasturias.com\/magazine365\/wp-content\/uploads\/2015\/06\/fotonoticia_20150616162229_800-696x418.jpg 696w, https:\/\/eldigitaldeasturias.com\/magazine365\/wp-content\/uploads\/2015\/06\/fotonoticia_20150616162229_800-699x420.jpg 699w, https:\/\/eldigitaldeasturias.com\/magazine365\/wp-content\/uploads\/2015\/06\/fotonoticia_20150616162229_800.jpg 800w\" sizes=\"(max-width: 360px) 100vw, 360px\" \/>La publicaci\u00f3n tur\u00edstica alemana FVW ha reconocido la versi\u00f3n germana del portal www.visitacostadelsol.com como la mejor p\u00e1gina web tur\u00edstica del pa\u00eds tras un an\u00e1lisis que comparaba varios destinos espa\u00f1oles como Pa\u00eds Vasco, Islas Canarias o las Islas Baleares.<\/p>\n<p>El presidente de Turismo Costa del Sol en funciones, El\u00edas Bendodo, ha destacado el trabajo de todo el equipo de la sociedad p\u00fablica, que ha trabajado en la l\u00ednea de segmentaci\u00f3n estos \u00faltimos a\u00f1os. \u00abLa web refleja toda la variada oferta del destino. Hemos alcanzado los 2,2 millones de visitas en 2014 y aspiramos a lograr los 6 millones cuando acabe el presente a\u00f1o\u00bb, dijo Bendodo.<\/p>\n<p>De hecho, los factores m\u00e1s valorados por la publicaci\u00f3n &#8216;FVW&#8217;, en su secci\u00f3n &#8216;Mistery Shopper&#8217;, son el modo en que la oferta est\u00e1 plasmada en el portal, que obtiene 23 puntos sobre 25 posibles; la facilidad de navegaci\u00f3n, con 24 sobre 25; la est\u00e9tica de la p\u00e1gina, con una puntuaci\u00f3n de 23 sobre 25 y la calidad de la informaci\u00f3n, con una 22 sobre 25. En total, la web de Turismo Costa del Sol consigue una calificaci\u00f3n de 92 puntos sobre 100 posibles.<\/p>\n<p>En el an\u00e1lisis realizado, FVW valora sobre todo la calidad de las im\u00e1genes, la extensa informaci\u00f3n de cada segmento y el contenido sobre alojamientos, aunque echa en falta una valoraci\u00f3n m\u00e1s detallada sobre establecimientos tur\u00edsticos por parte de los usuarios.<\/p>\n<p>V\u00cdDEO &#8216;TODA UNA VIDA&#8217;<\/p>\n<p>Por otro lado, el v\u00eddeo &#8216;Toda una vida&#8217;, que narra la relaci\u00f3n de un turista estadounidense con el destino, se encuentra en la lista de los anuncios m\u00e1s populares de Youtube a nivel nacional en mayo de 2015.<\/p>\n<p>Este audiovisual, producido por Turismo Costa del Sol, ha logrado ya m\u00e1s de 260.000 reproducciones entre Facebook y Youtube, y se ha extendido por Internet sin apenas inversi\u00f3n publicitaria en Espa\u00f1a: ha alcanzado m\u00e1s de 300 puntos geogr\u00e1ficos distintos y a los principales emisores de turistas para la Costa del Sol.<\/p>\n<p>El v\u00eddeo se ha traducido al ingl\u00e9s para obtener una mayor repercusi\u00f3n y en solo mes y medio se ha extendido m\u00e1s de un centenar de pa\u00edses de todo el mundo.<\/p>\n<p>En concreto, esta pieza, que se encuentra alojada en el canal propio de Youtube (https:\/\/www.youtube.com\/user\/visitacostadelsol), ha registrado, solo a trav\u00e9s de este medio, m\u00e1s de 86.600 visualizaciones en Espa\u00f1a y m\u00e1s de 7.500 en su versi\u00f3n inglesa, lo que hace un total que supera las 94.100 visualizaciones en los dos idiomas.<\/p>\n","protected":false},"excerpt":{"rendered":"<p>La publicaci\u00f3n tur\u00edstica alemana FVW ha reconocido la versi\u00f3n germana del portal www.visitacostadelsol.com como la mejor p\u00e1gina web tur\u00edstica del pa\u00eds tras un an\u00e1lisis que comparaba varios destinos espa\u00f1oles como Pa\u00eds Vasco, Islas Canarias o las Islas Baleares. El presidente de Turismo Costa del Sol en funciones, El\u00edas Bendodo, ha destacado el trabajo de todo<\/p>\n","protected":false},"author":1,"featured_media":40064,"comment_status":"open","ping_status":"closed","sticky":false,"template":"","format":"standard","meta":{"footnotes":""},"categories":[222],"tags":[],"class_list":{"0":"post-40063","1":"post","2":"type-post","3":"status-publish","4":"format-standard","5":"has-post-thumbnail","7":"category-actualidad-turismo"},"aioseo_notices":[],"aioseo_head":"\n\t\t<!-- All in One SEO Pro 4.9.6.1 - aioseo.com -->\n\t<meta name=\"description\" content=\"La publicaci\u00f3n tur\u00edstica alemana FVW ha reconocido la versi\u00f3n germana del portal www.visitacostadelsol.com como la mejor p\u00e1gina web tur\u00edstica del pa\u00eds tras un an\u00e1lisis que comparaba varios destinos espa\u00f1oles como Pa\u00eds Vasco, Islas Canarias o las Islas Baleares. El presidente de Turismo Costa del Sol en funciones, El\u00edas Bendodo, ha destacado el trabajo de todo\" \/>\n\t<meta name=\"robots\" content=\"max-image-preview:large\" \/>\n\t<meta name=\"author\" content=\"admin\"\/>\n\t<meta name=\"google-site-verification\" content=\"UA-38556648-1\" \/>\n\t<meta name=\"keywords\" content=\"actualidad turismo\" \/>\n\t<link rel=\"canonical\" href=\"https:\/\/eldigitaldeasturias.com\/magazine365\/la-web-de-turismo-costa-del-sol-reconocida-como-la-mejor-de-espana-por-una-publicacion-alemana\/\" \/>\n\t<meta name=\"generator\" content=\"All in One SEO Pro (AIOSEO) 4.9.6.1\" \/>\n\t\t<meta property=\"og:locale\" content=\"es_ES\" \/>\n\t\t<meta property=\"og:site_name\" content=\"El Digital de Asturias \u2013 Revista de ocio, turismo y estilo de vida\" \/>\n\t\t<meta property=\"og:type\" content=\"article\" \/>\n\t\t<meta property=\"og:title\" content=\"La web de Turismo Costa del Sol, reconocida como la mejor de Espa\u00f1a por una publicaci\u00f3n alemana | El Digital de Asturias\" \/>\n\t\t<meta property=\"og:description\" content=\"La publicaci\u00f3n tur\u00edstica alemana FVW ha reconocido la versi\u00f3n germana del portal www.visitacostadelsol.com como la mejor p\u00e1gina web tur\u00edstica del pa\u00eds tras un an\u00e1lisis que comparaba varios destinos espa\u00f1oles como Pa\u00eds Vasco, Islas Canarias o las Islas Baleares. El presidente de Turismo Costa del Sol en funciones, El\u00edas Bendodo, ha destacado el trabajo de todo\" \/>\n\t\t<meta property=\"og:url\" content=\"https:\/\/eldigitaldeasturias.com\/magazine365\/la-web-de-turismo-costa-del-sol-reconocida-como-la-mejor-de-espana-por-una-publicacion-alemana\/\" \/>\n\t\t<meta property=\"og:image\" content=\"https:\/\/eldigitaldeasturias.com\/magazine365\/wp-content\/uploads\/2015\/06\/fotonoticia_20150616162229_800.jpg\" \/>\n\t\t<meta property=\"og:image:secure_url\" content=\"https:\/\/eldigitaldeasturias.com\/magazine365\/wp-content\/uploads\/2015\/06\/fotonoticia_20150616162229_800.jpg\" \/>\n\t\t<meta property=\"og:image:width\" content=\"800\" \/>\n\t\t<meta property=\"og:image:height\" content=\"481\" \/>\n\t\t<meta property=\"article:published_time\" content=\"2015-06-17T05:49:07+00:00\" \/>\n\t\t<meta property=\"article:modified_time\" content=\"2015-06-17T05:49:07+00:00\" \/>\n\t\t<meta name=\"twitter:card\" content=\"summary_large_image\" \/>\n\t\t<meta name=\"twitter:title\" content=\"La web de Turismo Costa del Sol, reconocida como la mejor de Espa\u00f1a por una publicaci\u00f3n alemana | El Digital de Asturias\" \/>\n\t\t<meta name=\"twitter:description\" content=\"La publicaci\u00f3n tur\u00edstica alemana FVW ha reconocido la versi\u00f3n germana del portal www.visitacostadelsol.com como la mejor p\u00e1gina web tur\u00edstica del pa\u00eds tras un an\u00e1lisis que comparaba varios destinos espa\u00f1oles como Pa\u00eds Vasco, Islas Canarias o las Islas Baleares. El presidente de Turismo Costa del Sol en funciones, El\u00edas Bendodo, ha destacado el trabajo de todo\" \/>\n\t\t<meta name=\"twitter:image\" content=\"https:\/\/eldigitaldeasturias.com\/magazine365\/wp-content\/uploads\/2015\/06\/fotonoticia_20150616162229_800.jpg\" \/>\n\t\t<script type=\"application\/ld+json\" class=\"aioseo-schema\">\n\t\t\t{\"@context\":\"https:\\\/\\\/schema.org\",\"@graph\":[{\"@type\":\"Article\",\"@id\":\"https:\\\/\\\/eldigitaldeasturias.com\\\/magazine365\\\/la-web-de-turismo-costa-del-sol-reconocida-como-la-mejor-de-espana-por-una-publicacion-alemana\\\/#article\",\"name\":\"La web de Turismo Costa del Sol, reconocida como la mejor de Espa\\u00f1a por una publicaci\\u00f3n alemana | El Digital de Asturias\",\"headline\":\"La web de Turismo Costa del Sol, reconocida como la mejor de Espa\\u00f1a por una publicaci\\u00f3n alemana\",\"author\":{\"@id\":\"https:\\\/\\\/eldigitaldeasturias.com\\\/magazine365\\\/author\\\/admin\\\/#author\"},\"publisher\":{\"@id\":\"https:\\\/\\\/eldigitaldeasturias.com\\\/magazine365\\\/#organization\"},\"image\":{\"@type\":\"ImageObject\",\"url\":\"https:\\\/\\\/eldigitaldeasturias.com\\\/magazine365\\\/wp-content\\\/uploads\\\/2015\\\/06\\\/fotonoticia_20150616162229_800.jpg\",\"width\":800,\"height\":481},\"datePublished\":\"2015-06-17T07:19:07+02:00\",\"dateModified\":\"2015-06-17T07:19:07+02:00\",\"inLanguage\":\"es-ES\",\"mainEntityOfPage\":{\"@id\":\"https:\\\/\\\/eldigitaldeasturias.com\\\/magazine365\\\/la-web-de-turismo-costa-del-sol-reconocida-como-la-mejor-de-espana-por-una-publicacion-alemana\\\/#webpage\"},\"isPartOf\":{\"@id\":\"https:\\\/\\\/eldigitaldeasturias.com\\\/magazine365\\\/la-web-de-turismo-costa-del-sol-reconocida-como-la-mejor-de-espana-por-una-publicacion-alemana\\\/#webpage\"},\"articleSection\":\"Actualidad Turismo\"},{\"@type\":\"BreadcrumbList\",\"@id\":\"https:\\\/\\\/eldigitaldeasturias.com\\\/magazine365\\\/la-web-de-turismo-costa-del-sol-reconocida-como-la-mejor-de-espana-por-una-publicacion-alemana\\\/#breadcrumblist\",\"itemListElement\":[{\"@type\":\"ListItem\",\"@id\":\"https:\\\/\\\/eldigitaldeasturias.com\\\/magazine365#listItem\",\"position\":1,\"name\":\"Home\",\"item\":\"https:\\\/\\\/eldigitaldeasturias.com\\\/magazine365\",\"nextItem\":{\"@type\":\"ListItem\",\"@id\":\"https:\\\/\\\/eldigitaldeasturias.com\\\/magazine365\\\/category\\\/actualidad-turismo\\\/#listItem\",\"name\":\"Actualidad Turismo\"}},{\"@type\":\"ListItem\",\"@id\":\"https:\\\/\\\/eldigitaldeasturias.com\\\/magazine365\\\/category\\\/actualidad-turismo\\\/#listItem\",\"position\":2,\"name\":\"Actualidad Turismo\",\"item\":\"https:\\\/\\\/eldigitaldeasturias.com\\\/magazine365\\\/category\\\/actualidad-turismo\\\/\",\"nextItem\":{\"@type\":\"ListItem\",\"@id\":\"https:\\\/\\\/eldigitaldeasturias.com\\\/magazine365\\\/la-web-de-turismo-costa-del-sol-reconocida-como-la-mejor-de-espana-por-una-publicacion-alemana\\\/#listItem\",\"name\":\"La web de Turismo Costa del Sol, reconocida como la mejor de Espa\\u00f1a por una publicaci\\u00f3n alemana\"},\"previousItem\":{\"@type\":\"ListItem\",\"@id\":\"https:\\\/\\\/eldigitaldeasturias.com\\\/magazine365#listItem\",\"name\":\"Home\"}},{\"@type\":\"ListItem\",\"@id\":\"https:\\\/\\\/eldigitaldeasturias.com\\\/magazine365\\\/la-web-de-turismo-costa-del-sol-reconocida-como-la-mejor-de-espana-por-una-publicacion-alemana\\\/#listItem\",\"position\":3,\"name\":\"La web de Turismo Costa del Sol, reconocida como la mejor de Espa\\u00f1a por una publicaci\\u00f3n alemana\",\"previousItem\":{\"@type\":\"ListItem\",\"@id\":\"https:\\\/\\\/eldigitaldeasturias.com\\\/magazine365\\\/category\\\/actualidad-turismo\\\/#listItem\",\"name\":\"Actualidad Turismo\"}}]},{\"@type\":\"Organization\",\"@id\":\"https:\\\/\\\/eldigitaldeasturias.com\\\/magazine365\\\/#organization\",\"name\":\"El digital de Asturias\",\"description\":\"Revista de ocio, turismo y estilo de vida\",\"url\":\"https:\\\/\\\/eldigitaldeasturias.com\\\/magazine365\\\/\",\"logo\":{\"@type\":\"ImageObject\",\"url\":\"https:\\\/\\\/www.eldigitaldeasturias.com\\\/noticias\\\/wp-content\\\/uploads\\\/2020\\\/12\\\/EDA.jpg\",\"@id\":\"https:\\\/\\\/eldigitaldeasturias.com\\\/magazine365\\\/la-web-de-turismo-costa-del-sol-reconocida-como-la-mejor-de-espana-por-una-publicacion-alemana\\\/#organizationLogo\"},\"image\":{\"@id\":\"https:\\\/\\\/eldigitaldeasturias.com\\\/magazine365\\\/la-web-de-turismo-costa-del-sol-reconocida-como-la-mejor-de-espana-por-una-publicacion-alemana\\\/#organizationLogo\"}},{\"@type\":\"Person\",\"@id\":\"https:\\\/\\\/eldigitaldeasturias.com\\\/magazine365\\\/author\\\/admin\\\/#author\",\"url\":\"https:\\\/\\\/eldigitaldeasturias.com\\\/magazine365\\\/author\\\/admin\\\/\",\"name\":\"admin\",\"image\":{\"@type\":\"ImageObject\",\"@id\":\"https:\\\/\\\/eldigitaldeasturias.com\\\/magazine365\\\/la-web-de-turismo-costa-del-sol-reconocida-como-la-mejor-de-espana-por-una-publicacion-alemana\\\/#authorImage\",\"url\":\"https:\\\/\\\/eldigitaldeasturias.com\\\/magazine365\\\/wp-content\\\/litespeed\\\/avatar\\\/e571bcf59a0edd6fa6838245a470f2fe.jpg?ver=1776969259\",\"width\":96,\"height\":96,\"caption\":\"admin\"}},{\"@type\":\"WebPage\",\"@id\":\"https:\\\/\\\/eldigitaldeasturias.com\\\/magazine365\\\/la-web-de-turismo-costa-del-sol-reconocida-como-la-mejor-de-espana-por-una-publicacion-alemana\\\/#webpage\",\"url\":\"https:\\\/\\\/eldigitaldeasturias.com\\\/magazine365\\\/la-web-de-turismo-costa-del-sol-reconocida-como-la-mejor-de-espana-por-una-publicacion-alemana\\\/\",\"name\":\"La web de Turismo Costa del Sol, reconocida como la mejor de Espa\\u00f1a por una publicaci\\u00f3n alemana | El Digital de Asturias\",\"description\":\"La publicaci\\u00f3n tur\\u00edstica alemana FVW ha reconocido la versi\\u00f3n germana del portal www.visitacostadelsol.com como la mejor p\\u00e1gina web tur\\u00edstica del pa\\u00eds tras un an\\u00e1lisis que comparaba varios destinos espa\\u00f1oles como Pa\\u00eds Vasco, Islas Canarias o las Islas Baleares. El presidente de Turismo Costa del Sol en funciones, El\\u00edas Bendodo, ha destacado el trabajo de todo\",\"inLanguage\":\"es-ES\",\"isPartOf\":{\"@id\":\"https:\\\/\\\/eldigitaldeasturias.com\\\/magazine365\\\/#website\"},\"breadcrumb\":{\"@id\":\"https:\\\/\\\/eldigitaldeasturias.com\\\/magazine365\\\/la-web-de-turismo-costa-del-sol-reconocida-como-la-mejor-de-espana-por-una-publicacion-alemana\\\/#breadcrumblist\"},\"author\":{\"@id\":\"https:\\\/\\\/eldigitaldeasturias.com\\\/magazine365\\\/author\\\/admin\\\/#author\"},\"creator\":{\"@id\":\"https:\\\/\\\/eldigitaldeasturias.com\\\/magazine365\\\/author\\\/admin\\\/#author\"},\"image\":{\"@type\":\"ImageObject\",\"url\":\"https:\\\/\\\/eldigitaldeasturias.com\\\/magazine365\\\/wp-content\\\/uploads\\\/2015\\\/06\\\/fotonoticia_20150616162229_800.jpg\",\"@id\":\"https:\\\/\\\/eldigitaldeasturias.com\\\/magazine365\\\/la-web-de-turismo-costa-del-sol-reconocida-como-la-mejor-de-espana-por-una-publicacion-alemana\\\/#mainImage\",\"width\":800,\"height\":481},\"primaryImageOfPage\":{\"@id\":\"https:\\\/\\\/eldigitaldeasturias.com\\\/magazine365\\\/la-web-de-turismo-costa-del-sol-reconocida-como-la-mejor-de-espana-por-una-publicacion-alemana\\\/#mainImage\"},\"datePublished\":\"2015-06-17T07:19:07+02:00\",\"dateModified\":\"2015-06-17T07:19:07+02:00\"},{\"@type\":\"WebSite\",\"@id\":\"https:\\\/\\\/eldigitaldeasturias.com\\\/magazine365\\\/#website\",\"url\":\"https:\\\/\\\/eldigitaldeasturias.com\\\/magazine365\\\/\",\"name\":\"El Digital de Asturias\",\"description\":\"Revista de ocio, turismo y estilo de vida\",\"inLanguage\":\"es-ES\",\"publisher\":{\"@id\":\"https:\\\/\\\/eldigitaldeasturias.com\\\/magazine365\\\/#organization\"}}]}\n\t\t<\/script>\n\t\t<!-- All in One SEO Pro -->\r\n\t\t<title>La web de Turismo Costa del Sol, reconocida como la mejor de Espa\u00f1a por una publicaci\u00f3n alemana | El Digital de Asturias<\/title>\n\n","aioseo_head_json":{"title":"La web de Turismo Costa del Sol, reconocida como la mejor de Espa\u00f1a por una publicaci\u00f3n alemana | El Digital de Asturias","description":"La publicaci\u00f3n tur\u00edstica alemana FVW ha reconocido la versi\u00f3n germana del portal www.visitacostadelsol.com como la mejor p\u00e1gina web tur\u00edstica del pa\u00eds tras un an\u00e1lisis que comparaba varios destinos espa\u00f1oles como Pa\u00eds Vasco, Islas Canarias o las Islas Baleares. El presidente de Turismo Costa del Sol en funciones, El\u00edas Bendodo, ha destacado el trabajo de todo","canonical_url":"https:\/\/eldigitaldeasturias.com\/magazine365\/la-web-de-turismo-costa-del-sol-reconocida-como-la-mejor-de-espana-por-una-publicacion-alemana\/","robots":"max-image-preview:large","keywords":"actualidad turismo","webmasterTools":{"google-site-verification":"UA-38556648-1","miscellaneous":""},"schema":{"@context":"https:\/\/schema.org","@graph":[{"@type":"Article","@id":"https:\/\/eldigitaldeasturias.com\/magazine365\/la-web-de-turismo-costa-del-sol-reconocida-como-la-mejor-de-espana-por-una-publicacion-alemana\/#article","name":"La web de Turismo Costa del Sol, reconocida como la mejor de Espa\u00f1a por una publicaci\u00f3n alemana | El Digital de Asturias","headline":"La web de Turismo Costa del Sol, reconocida como la mejor de Espa\u00f1a por una publicaci\u00f3n alemana","author":{"@id":"https:\/\/eldigitaldeasturias.com\/magazine365\/author\/admin\/#author"},"publisher":{"@id":"https:\/\/eldigitaldeasturias.com\/magazine365\/#organization"},"image":{"@type":"ImageObject","url":"https:\/\/eldigitaldeasturias.com\/magazine365\/wp-content\/uploads\/2015\/06\/fotonoticia_20150616162229_800.jpg","width":800,"height":481},"datePublished":"2015-06-17T07:19:07+02:00","dateModified":"2015-06-17T07:19:07+02:00","inLanguage":"es-ES","mainEntityOfPage":{"@id":"https:\/\/eldigitaldeasturias.com\/magazine365\/la-web-de-turismo-costa-del-sol-reconocida-como-la-mejor-de-espana-por-una-publicacion-alemana\/#webpage"},"isPartOf":{"@id":"https:\/\/eldigitaldeasturias.com\/magazine365\/la-web-de-turismo-costa-del-sol-reconocida-como-la-mejor-de-espana-por-una-publicacion-alemana\/#webpage"},"articleSection":"Actualidad Turismo"},{"@type":"BreadcrumbList","@id":"https:\/\/eldigitaldeasturias.com\/magazine365\/la-web-de-turismo-costa-del-sol-reconocida-como-la-mejor-de-espana-por-una-publicacion-alemana\/#breadcrumblist","itemListElement":[{"@type":"ListItem","@id":"https:\/\/eldigitaldeasturias.com\/magazine365#listItem","position":1,"name":"Home","item":"https:\/\/eldigitaldeasturias.com\/magazine365","nextItem":{"@type":"ListItem","@id":"https:\/\/eldigitaldeasturias.com\/magazine365\/category\/actualidad-turismo\/#listItem","name":"Actualidad Turismo"}},{"@type":"ListItem","@id":"https:\/\/eldigitaldeasturias.com\/magazine365\/category\/actualidad-turismo\/#listItem","position":2,"name":"Actualidad Turismo","item":"https:\/\/eldigitaldeasturias.com\/magazine365\/category\/actualidad-turismo\/","nextItem":{"@type":"ListItem","@id":"https:\/\/eldigitaldeasturias.com\/magazine365\/la-web-de-turismo-costa-del-sol-reconocida-como-la-mejor-de-espana-por-una-publicacion-alemana\/#listItem","name":"La web de Turismo Costa del Sol, reconocida como la mejor de Espa\u00f1a por una publicaci\u00f3n alemana"},"previousItem":{"@type":"ListItem","@id":"https:\/\/eldigitaldeasturias.com\/magazine365#listItem","name":"Home"}},{"@type":"ListItem","@id":"https:\/\/eldigitaldeasturias.com\/magazine365\/la-web-de-turismo-costa-del-sol-reconocida-como-la-mejor-de-espana-por-una-publicacion-alemana\/#listItem","position":3,"name":"La web de Turismo Costa del Sol, reconocida como la mejor de Espa\u00f1a por una publicaci\u00f3n alemana","previousItem":{"@type":"ListItem","@id":"https:\/\/eldigitaldeasturias.com\/magazine365\/category\/actualidad-turismo\/#listItem","name":"Actualidad Turismo"}}]},{"@type":"Organization","@id":"https:\/\/eldigitaldeasturias.com\/magazine365\/#organization","name":"El digital de Asturias","description":"Revista de ocio, turismo y estilo de vida","url":"https:\/\/eldigitaldeasturias.com\/magazine365\/","logo":{"@type":"ImageObject","url":"https:\/\/www.eldigitaldeasturias.com\/noticias\/wp-content\/uploads\/2020\/12\/EDA.jpg","@id":"https:\/\/eldigitaldeasturias.com\/magazine365\/la-web-de-turismo-costa-del-sol-reconocida-como-la-mejor-de-espana-por-una-publicacion-alemana\/#organizationLogo"},"image":{"@id":"https:\/\/eldigitaldeasturias.com\/magazine365\/la-web-de-turismo-costa-del-sol-reconocida-como-la-mejor-de-espana-por-una-publicacion-alemana\/#organizationLogo"}},{"@type":"Person","@id":"https:\/\/eldigitaldeasturias.com\/magazine365\/author\/admin\/#author","url":"https:\/\/eldigitaldeasturias.com\/magazine365\/author\/admin\/","name":"admin","image":{"@type":"ImageObject","@id":"https:\/\/eldigitaldeasturias.com\/magazine365\/la-web-de-turismo-costa-del-sol-reconocida-como-la-mejor-de-espana-por-una-publicacion-alemana\/#authorImage","url":"https:\/\/eldigitaldeasturias.com\/magazine365\/wp-content\/litespeed\/avatar\/e571bcf59a0edd6fa6838245a470f2fe.jpg?ver=1776969259","width":96,"height":96,"caption":"admin"}},{"@type":"WebPage","@id":"https:\/\/eldigitaldeasturias.com\/magazine365\/la-web-de-turismo-costa-del-sol-reconocida-como-la-mejor-de-espana-por-una-publicacion-alemana\/#webpage","url":"https:\/\/eldigitaldeasturias.com\/magazine365\/la-web-de-turismo-costa-del-sol-reconocida-como-la-mejor-de-espana-por-una-publicacion-alemana\/","name":"La web de Turismo Costa del Sol, reconocida como la mejor de Espa\u00f1a por una publicaci\u00f3n alemana | El Digital de Asturias","description":"La publicaci\u00f3n tur\u00edstica alemana FVW ha reconocido la versi\u00f3n germana del portal www.visitacostadelsol.com como la mejor p\u00e1gina web tur\u00edstica del pa\u00eds tras un an\u00e1lisis que comparaba varios destinos espa\u00f1oles como Pa\u00eds Vasco, Islas Canarias o las Islas Baleares. El presidente de Turismo Costa del Sol en funciones, El\u00edas Bendodo, ha destacado el trabajo de todo","inLanguage":"es-ES","isPartOf":{"@id":"https:\/\/eldigitaldeasturias.com\/magazine365\/#website"},"breadcrumb":{"@id":"https:\/\/eldigitaldeasturias.com\/magazine365\/la-web-de-turismo-costa-del-sol-reconocida-como-la-mejor-de-espana-por-una-publicacion-alemana\/#breadcrumblist"},"author":{"@id":"https:\/\/eldigitaldeasturias.com\/magazine365\/author\/admin\/#author"},"creator":{"@id":"https:\/\/eldigitaldeasturias.com\/magazine365\/author\/admin\/#author"},"image":{"@type":"ImageObject","url":"https:\/\/eldigitaldeasturias.com\/magazine365\/wp-content\/uploads\/2015\/06\/fotonoticia_20150616162229_800.jpg","@id":"https:\/\/eldigitaldeasturias.com\/magazine365\/la-web-de-turismo-costa-del-sol-reconocida-como-la-mejor-de-espana-por-una-publicacion-alemana\/#mainImage","width":800,"height":481},"primaryImageOfPage":{"@id":"https:\/\/eldigitaldeasturias.com\/magazine365\/la-web-de-turismo-costa-del-sol-reconocida-como-la-mejor-de-espana-por-una-publicacion-alemana\/#mainImage"},"datePublished":"2015-06-17T07:19:07+02:00","dateModified":"2015-06-17T07:19:07+02:00"},{"@type":"WebSite","@id":"https:\/\/eldigitaldeasturias.com\/magazine365\/#website","url":"https:\/\/eldigitaldeasturias.com\/magazine365\/","name":"El Digital de Asturias","description":"Revista de ocio, turismo y estilo de vida","inLanguage":"es-ES","publisher":{"@id":"https:\/\/eldigitaldeasturias.com\/magazine365\/#organization"}}]},"og:locale":"es_ES","og:site_name":"El Digital de Asturias \u2013 Revista de ocio, turismo y estilo de vida","og:type":"article","og:title":"La web de Turismo Costa del Sol, reconocida como la mejor de Espa\u00f1a por una publicaci\u00f3n alemana | El Digital de Asturias","og:description":"La publicaci\u00f3n tur\u00edstica alemana FVW ha reconocido la versi\u00f3n germana del portal www.visitacostadelsol.com como la mejor p\u00e1gina web tur\u00edstica del pa\u00eds tras un an\u00e1lisis que comparaba varios destinos espa\u00f1oles como Pa\u00eds Vasco, Islas Canarias o las Islas Baleares. El presidente de Turismo Costa del Sol en funciones, El\u00edas Bendodo, ha destacado el trabajo de todo","og:url":"https:\/\/eldigitaldeasturias.com\/magazine365\/la-web-de-turismo-costa-del-sol-reconocida-como-la-mejor-de-espana-por-una-publicacion-alemana\/","og:image":"https:\/\/eldigitaldeasturias.com\/magazine365\/wp-content\/uploads\/2015\/06\/fotonoticia_20150616162229_800.jpg","og:image:secure_url":"https:\/\/eldigitaldeasturias.com\/magazine365\/wp-content\/uploads\/2015\/06\/fotonoticia_20150616162229_800.jpg","og:image:width":800,"og:image:height":481,"article:published_time":"2015-06-17T05:49:07+00:00","article:modified_time":"2015-06-17T05:49:07+00:00","twitter:card":"summary_large_image","twitter:title":"La web de Turismo Costa del Sol, reconocida como la mejor de Espa\u00f1a por una publicaci\u00f3n alemana | El Digital de Asturias","twitter:description":"La publicaci\u00f3n tur\u00edstica alemana FVW ha reconocido la versi\u00f3n germana del portal www.visitacostadelsol.com como la mejor p\u00e1gina web tur\u00edstica del pa\u00eds tras un an\u00e1lisis que comparaba varios destinos espa\u00f1oles como Pa\u00eds Vasco, Islas Canarias o las Islas Baleares. El presidente de Turismo Costa del Sol en funciones, El\u00edas Bendodo, ha destacado el trabajo de todo","twitter:image":"https:\/\/eldigitaldeasturias.com\/magazine365\/wp-content\/uploads\/2015\/06\/fotonoticia_20150616162229_800.jpg"},"aioseo_meta_data":{"post_id":"40063","title":null,"description":null,"keywords":null,"keyphrases":null,"primary_term":null,"canonical_url":null,"og_title":null,"og_description":null,"og_object_type":"default","og_image_type":"default","og_image_url":null,"og_image_width":null,"og_image_height":null,"og_image_custom_url":null,"og_image_custom_fields":null,"og_video":null,"og_custom_url":null,"og_article_section":null,"og_article_tags":null,"twitter_use_og":false,"twitter_card":"default","twitter_image_type":"default","twitter_image_url":null,"twitter_image_custom_url":null,"twitter_image_custom_fields":null,"twitter_title":null,"twitter_description":null,"schema":{"blockGraphs":[],"customGraphs":[],"default":{"data":{"Article":[],"Course":[],"Dataset":[],"FAQPage":[],"Movie":[],"Person":[],"Product":[],"ProductReview":[],"Car":[],"Recipe":[],"Service":[],"SoftwareApplication":[],"WebPage":[]},"graphName":"","isEnabled":true},"graphs":[],"defaultGraph":"","defaultPostTypeGraph":""},"schema_type":null,"schema_type_options":null,"pillar_content":false,"robots_default":true,"robots_noindex":false,"robots_noarchive":false,"robots_nosnippet":false,"robots_nofollow":false,"robots_noimageindex":false,"robots_noodp":false,"robots_notranslate":false,"robots_max_snippet":null,"robots_max_videopreview":null,"robots_max_imagepreview":"large","priority":null,"frequency":null,"location":null,"local_seo":null,"seo_analyzer_scan_date":"2025-09-19 12:52:02","breadcrumb_settings":null,"limit_modified_date":false,"open_ai":null,"ai":null,"created":"2021-03-09 02:33:44","updated":"2025-09-19 12:52:02"},"aioseo_breadcrumb":"<div class=\"aioseo-breadcrumbs\"><span class=\"aioseo-breadcrumb\">\n\t<a href=\"https:\/\/eldigitaldeasturias.com\/magazine365\" title=\"Home\">Home<\/a>\n<\/span><span class=\"aioseo-breadcrumb-separator\">\u2013<\/span><span class=\"aioseo-breadcrumb\">\n\t<a href=\"https:\/\/eldigitaldeasturias.com\/magazine365\/category\/actualidad-turismo\/\" title=\"Actualidad Turismo\">Actualidad Turismo<\/a>\n<\/span><span class=\"aioseo-breadcrumb-separator\">\u2013<\/span><span class=\"aioseo-breadcrumb\">\n\t<a href=\"https:\/\/eldigitaldeasturias.com\/magazine365\/la-web-de-turismo-costa-del-sol-reconocida-como-la-mejor-de-espana-por-una-publicacion-alemana\/\" title=\"La web de Turismo Costa del Sol, reconocida como la mejor de Espa\u00f1a por una publicaci\u00f3n alemana\">La web de Turismo Costa del Sol, reconocida como la mejor de Espa\u00f1a por una publicaci\u00f3n alemana<\/a>\n<\/span><\/div>","aioseo_breadcrumb_json":[{"label":"Home","link":"https:\/\/eldigitaldeasturias.com\/magazine365"},{"label":"Actualidad Turismo","link":"https:\/\/eldigitaldeasturias.com\/magazine365\/category\/actualidad-turismo\/"},{"label":"La web de Turismo Costa del Sol, reconocida como la mejor de Espa\u00f1a por una publicaci\u00f3n alemana","link":"https:\/\/eldigitaldeasturias.com\/magazine365\/la-web-de-turismo-costa-del-sol-reconocida-como-la-mejor-de-espana-por-una-publicacion-alemana\/"}],"_links":{"self":[{"href":"https:\/\/eldigitaldeasturias.com\/magazine365\/wp-json\/wp\/v2\/posts\/40063","targetHints":{"allow":["GET"]}}],"collection":[{"href":"https:\/\/eldigitaldeasturias.com\/magazine365\/wp-json\/wp\/v2\/posts"}],"about":[{"href":"https:\/\/eldigitaldeasturias.com\/magazine365\/wp-json\/wp\/v2\/types\/post"}],"author":[{"embeddable":true,"href":"https:\/\/eldigitaldeasturias.com\/magazine365\/wp-json\/wp\/v2\/users\/1"}],"replies":[{"embeddable":true,"href":"https:\/\/eldigitaldeasturias.com\/magazine365\/wp-json\/wp\/v2\/comments?post=40063"}],"version-history":[{"count":0,"href":"https:\/\/eldigitaldeasturias.com\/magazine365\/wp-json\/wp\/v2\/posts\/40063\/revisions"}],"wp:featuredmedia":[{"embeddable":true,"href":"https:\/\/eldigitaldeasturias.com\/magazine365\/wp-json\/wp\/v2\/media\/40064"}],"wp:attachment":[{"href":"https:\/\/eldigitaldeasturias.com\/magazine365\/wp-json\/wp\/v2\/media?parent=40063"}],"wp:term":[{"taxonomy":"category","embeddable":true,"href":"https:\/\/eldigitaldeasturias.com\/magazine365\/wp-json\/wp\/v2\/categories?post=40063"},{"taxonomy":"post_tag","embeddable":true,"href":"https:\/\/eldigitaldeasturias.com\/magazine365\/wp-json\/wp\/v2\/tags?post=40063"}],"curies":[{"name":"wp","href":"https:\/\/api.w.org\/{rel}","templated":true}]}}