{"id":40058,"date":"2015-06-17T07:15:22","date_gmt":"2015-06-17T05:45:22","guid":{"rendered":"http:\/\/eldigitaldeasturias.com\/magazine365\/?p=40058"},"modified":"2015-06-17T07:15:22","modified_gmt":"2015-06-17T05:45:22","slug":"el-gobierno-y-los-hoteleros-destacan-las-positivas-perspectivas-del-turismo-de-cara-al-verano","status":"publish","type":"post","link":"https:\/\/eldigitaldeasturias.com\/magazine365\/el-gobierno-y-los-hoteleros-destacan-las-positivas-perspectivas-del-turismo-de-cara-al-verano\/","title":{"rendered":"El Gobierno y los hoteleros destacan las \u00abpositivas\u00bb perspectivas del turismo de cara al verano"},"content":{"rendered":"<p><img fetchpriority=\"high\" decoding=\"async\" class=\"alignleft size-medium wp-image-38569\" src=\"https:\/\/eldigitaldeasturias.com\/magazine365\/wp-content\/uploads\/2015\/06\/turismo1-360x231.jpg\" alt=\"turismo\" width=\"360\" height=\"231\" \/>La secretaria de Estado de Turismo, Isabel Borrego, ha se\u00f1alado hoy que las perspectivas de cara a la temporada de verano para el sector tur\u00edstico son \u00abpositivas\u00bb, tanto para el turismo nacional como para las llegadas de visitantes extranjeros, en lo que tambi\u00e9n coinciden desde la Confederaci\u00f3n Espa\u00f1ola de Hoteles y Alojamientos Tur\u00edsticos (CEHAT).<\/p>\n<p>Durante la presentaci\u00f3n en Madrid, del I Congreso Internacional de Turismo Familiar, que se celebrar\u00e1 en PortAventura (Tarragona) los d\u00edas 12 y 13 de noviembre, Borrego se\u00f1al\u00f3 que se espera que contin\u00fae la evoluci\u00f3n positiva de los \u00faltimos meses, tras los crecimientos registrados tanto en los mercados tradicionales como en otros emergentes como China, Corea o Jap\u00f3n.<\/p>\n<p>Por su parte, el presidente de los hoteleros, Joan Molas, ha afirmado que la temporada de verano ser\u00e1 \u00abigual o mejor\u00bb que la del a\u00f1o pasado, que ya fue hist\u00f3rica.<\/p>\n<p>Seg\u00fan explic\u00f3 Molas, las reservas en las agencias de viajes indican un aumento de entre el 10% y el 12% para la temporada alta &#8211;julio y agosto&#8211;, que podr\u00eda llegar al 20%, aunque matiz\u00f3 que se tratan de reservas a corto plazo, por lo que habr\u00e1 que ver si se cumplen las expectativas.<\/p>\n<p>Molas destac\u00f3 la recuperaci\u00f3n del mercado nacional y su constataci\u00f3n tras los buenos resultados de Semana Santa, con un aumento superior al 20%.<\/p>\n<p>DESCENSO DE TURISTAS RUSOS.<\/p>\n<p>No obstante, tanto Borrego como Molas mostraron su preocupaci\u00f3n por el descenso del n\u00famero de turistas rusos que visitan Espa\u00f1a, con una ca\u00edda del 28,3% en los cuatro primeros meses del a\u00f1o.<\/p>\n<p>Borrego, qui\u00e9n dijo que cabe esperar que la situaci\u00f3n econ\u00f3mica rusa cambie, puso en valor sin embargo que el gasto medio por turista ruso se haya incrementado y que aquellos que llegan a Espa\u00f1a por v\u00eda directa &#8211;el 30%&#8211;, los que cuentan con mayor poder adquisitivo, siguen dec\u00e1ntandose por nuestro pa\u00eds.<\/p>\n<p>Adem\u00e1s, en el caso del turismo ruso, en ca\u00edda en los \u00faltimos meses, Molas destac\u00f3 que mercados vecinos como Turqu\u00eda y Egipto tambi\u00e9n sufren del descenso de los viajeros rusos.<\/p>\n<p>\u00abEstamos hablando de 1,5 millones de turistas rusos (el 1% del total) pero los mercados alternativos son tan importantes o m\u00e1s que este mercado emisor\u00bb, recalc\u00f3 Molas.<\/p>\n<p>De este modo, dijo existe un \u00abpotencial enorme\u00bb en Corea, pa\u00eds asi\u00e1tico que en 2014 gener\u00f3 250.000 visitantes y cuyo perfil de turista no es estacional sino \u00abde ocio, cultura, deportivo y de conocimiento\u00bb.<\/p>\n","protected":false},"excerpt":{"rendered":"<p>La secretaria de Estado de Turismo, Isabel Borrego, ha se\u00f1alado hoy que las perspectivas de cara a la temporada de verano para el sector tur\u00edstico son \u00abpositivas\u00bb, tanto para el turismo nacional como para las llegadas de visitantes extranjeros, en lo que tambi\u00e9n coinciden desde la Confederaci\u00f3n Espa\u00f1ola de Hoteles y Alojamientos Tur\u00edsticos (CEHAT). Durante<\/p>\n","protected":false},"author":1,"featured_media":0,"comment_status":"open","ping_status":"closed","sticky":false,"template":"","format":"standard","meta":{"footnotes":""},"categories":[222],"tags":[],"class_list":{"0":"post-40058","1":"post","2":"type-post","3":"status-publish","4":"format-standard","6":"category-actualidad-turismo"},"aioseo_notices":[],"aioseo_head":"\n\t\t<!-- All in One SEO Pro 4.9.6.1 - aioseo.com -->\n\t<meta name=\"description\" content=\"La secretaria de Estado de Turismo, Isabel Borrego, ha se\u00f1alado hoy que las perspectivas de cara a la temporada de verano para el sector tur\u00edstico son &quot;positivas&quot;, tanto para el turismo nacional como para las llegadas de visitantes extranjeros, en lo que tambi\u00e9n coinciden desde la Confederaci\u00f3n Espa\u00f1ola de Hoteles y Alojamientos Tur\u00edsticos (CEHAT). Durante\" \/>\n\t<meta name=\"robots\" content=\"max-image-preview:large\" \/>\n\t<meta name=\"author\" content=\"admin\"\/>\n\t<meta name=\"google-site-verification\" content=\"UA-38556648-1\" \/>\n\t<meta name=\"keywords\" content=\"actualidad turismo\" \/>\n\t<link rel=\"canonical\" href=\"https:\/\/eldigitaldeasturias.com\/magazine365\/el-gobierno-y-los-hoteleros-destacan-las-positivas-perspectivas-del-turismo-de-cara-al-verano\/\" \/>\n\t<meta name=\"generator\" content=\"All in One SEO Pro (AIOSEO) 4.9.6.1\" \/>\n\t\t<meta property=\"og:locale\" content=\"es_ES\" \/>\n\t\t<meta property=\"og:site_name\" content=\"El Digital de Asturias \u2013 Revista de ocio, turismo y estilo de vida\" \/>\n\t\t<meta property=\"og:type\" content=\"article\" \/>\n\t\t<meta property=\"og:title\" content=\"El Gobierno y los hoteleros destacan las \u00abpositivas\u00bb perspectivas del turismo de cara al verano | El Digital de Asturias\" \/>\n\t\t<meta property=\"og:description\" content=\"La secretaria de Estado de Turismo, Isabel Borrego, ha se\u00f1alado hoy que las perspectivas de cara a la temporada de verano para el sector tur\u00edstico son &quot;positivas&quot;, tanto para el turismo nacional como para las llegadas de visitantes extranjeros, en lo que tambi\u00e9n coinciden desde la Confederaci\u00f3n Espa\u00f1ola de Hoteles y Alojamientos Tur\u00edsticos (CEHAT). Durante\" \/>\n\t\t<meta property=\"og:url\" content=\"https:\/\/eldigitaldeasturias.com\/magazine365\/el-gobierno-y-los-hoteleros-destacan-las-positivas-perspectivas-del-turismo-de-cara-al-verano\/\" \/>\n\t\t<meta property=\"og:image\" content=\"https:\/\/www.eldigitaldeasturias.com\/noticias\/wp-content\/uploads\/2020\/12\/EDA.jpg\" \/>\n\t\t<meta property=\"og:image:secure_url\" content=\"https:\/\/www.eldigitaldeasturias.com\/noticias\/wp-content\/uploads\/2020\/12\/EDA.jpg\" \/>\n\t\t<meta property=\"article:published_time\" content=\"2015-06-17T05:45:22+00:00\" \/>\n\t\t<meta property=\"article:modified_time\" content=\"2015-06-17T05:45:22+00:00\" \/>\n\t\t<meta name=\"twitter:card\" content=\"summary_large_image\" \/>\n\t\t<meta name=\"twitter:title\" content=\"El Gobierno y los hoteleros destacan las \u00abpositivas\u00bb perspectivas del turismo de cara al verano | El Digital de Asturias\" \/>\n\t\t<meta name=\"twitter:description\" content=\"La secretaria de Estado de Turismo, Isabel Borrego, ha se\u00f1alado hoy que las perspectivas de cara a la temporada de verano para el sector tur\u00edstico son &quot;positivas&quot;, tanto para el turismo nacional como para las llegadas de visitantes extranjeros, en lo que tambi\u00e9n coinciden desde la Confederaci\u00f3n Espa\u00f1ola de Hoteles y Alojamientos Tur\u00edsticos (CEHAT). Durante\" \/>\n\t\t<meta name=\"twitter:image\" content=\"https:\/\/www.eldigitaldeasturias.com\/noticias\/wp-content\/uploads\/2020\/12\/EDA.jpg\" \/>\n\t\t<script type=\"application\/ld+json\" class=\"aioseo-schema\">\n\t\t\t{\"@context\":\"https:\\\/\\\/schema.org\",\"@graph\":[{\"@type\":\"Article\",\"@id\":\"https:\\\/\\\/eldigitaldeasturias.com\\\/magazine365\\\/el-gobierno-y-los-hoteleros-destacan-las-positivas-perspectivas-del-turismo-de-cara-al-verano\\\/#article\",\"name\":\"El Gobierno y los hoteleros destacan las \\u00abpositivas\\u00bb perspectivas del turismo de cara al verano | El Digital de Asturias\",\"headline\":\"El Gobierno y los hoteleros destacan las \\u00abpositivas\\u00bb perspectivas del turismo de cara al verano\",\"author\":{\"@id\":\"https:\\\/\\\/eldigitaldeasturias.com\\\/magazine365\\\/author\\\/admin\\\/#author\"},\"publisher\":{\"@id\":\"https:\\\/\\\/eldigitaldeasturias.com\\\/magazine365\\\/#organization\"},\"image\":{\"@type\":\"ImageObject\",\"url\":\"http:\\\/\\\/eldigitaldeasturias.com\\\/magazine365\\\/wp-content\\\/uploads\\\/2015\\\/06\\\/turismo1-360x231.jpg\",\"@id\":\"https:\\\/\\\/eldigitaldeasturias.com\\\/magazine365\\\/el-gobierno-y-los-hoteleros-destacan-las-positivas-perspectivas-del-turismo-de-cara-al-verano\\\/#articleImage\"},\"datePublished\":\"2015-06-17T07:15:22+02:00\",\"dateModified\":\"2015-06-17T07:15:22+02:00\",\"inLanguage\":\"es-ES\",\"mainEntityOfPage\":{\"@id\":\"https:\\\/\\\/eldigitaldeasturias.com\\\/magazine365\\\/el-gobierno-y-los-hoteleros-destacan-las-positivas-perspectivas-del-turismo-de-cara-al-verano\\\/#webpage\"},\"isPartOf\":{\"@id\":\"https:\\\/\\\/eldigitaldeasturias.com\\\/magazine365\\\/el-gobierno-y-los-hoteleros-destacan-las-positivas-perspectivas-del-turismo-de-cara-al-verano\\\/#webpage\"},\"articleSection\":\"Actualidad Turismo\"},{\"@type\":\"BreadcrumbList\",\"@id\":\"https:\\\/\\\/eldigitaldeasturias.com\\\/magazine365\\\/el-gobierno-y-los-hoteleros-destacan-las-positivas-perspectivas-del-turismo-de-cara-al-verano\\\/#breadcrumblist\",\"itemListElement\":[{\"@type\":\"ListItem\",\"@id\":\"https:\\\/\\\/eldigitaldeasturias.com\\\/magazine365#listItem\",\"position\":1,\"name\":\"Home\",\"item\":\"https:\\\/\\\/eldigitaldeasturias.com\\\/magazine365\",\"nextItem\":{\"@type\":\"ListItem\",\"@id\":\"https:\\\/\\\/eldigitaldeasturias.com\\\/magazine365\\\/category\\\/actualidad-turismo\\\/#listItem\",\"name\":\"Actualidad Turismo\"}},{\"@type\":\"ListItem\",\"@id\":\"https:\\\/\\\/eldigitaldeasturias.com\\\/magazine365\\\/category\\\/actualidad-turismo\\\/#listItem\",\"position\":2,\"name\":\"Actualidad Turismo\",\"item\":\"https:\\\/\\\/eldigitaldeasturias.com\\\/magazine365\\\/category\\\/actualidad-turismo\\\/\",\"nextItem\":{\"@type\":\"ListItem\",\"@id\":\"https:\\\/\\\/eldigitaldeasturias.com\\\/magazine365\\\/el-gobierno-y-los-hoteleros-destacan-las-positivas-perspectivas-del-turismo-de-cara-al-verano\\\/#listItem\",\"name\":\"El Gobierno y los hoteleros destacan las \\u00abpositivas\\u00bb perspectivas del turismo de cara al verano\"},\"previousItem\":{\"@type\":\"ListItem\",\"@id\":\"https:\\\/\\\/eldigitaldeasturias.com\\\/magazine365#listItem\",\"name\":\"Home\"}},{\"@type\":\"ListItem\",\"@id\":\"https:\\\/\\\/eldigitaldeasturias.com\\\/magazine365\\\/el-gobierno-y-los-hoteleros-destacan-las-positivas-perspectivas-del-turismo-de-cara-al-verano\\\/#listItem\",\"position\":3,\"name\":\"El Gobierno y los hoteleros destacan las \\u00abpositivas\\u00bb perspectivas del turismo de cara al verano\",\"previousItem\":{\"@type\":\"ListItem\",\"@id\":\"https:\\\/\\\/eldigitaldeasturias.com\\\/magazine365\\\/category\\\/actualidad-turismo\\\/#listItem\",\"name\":\"Actualidad Turismo\"}}]},{\"@type\":\"Organization\",\"@id\":\"https:\\\/\\\/eldigitaldeasturias.com\\\/magazine365\\\/#organization\",\"name\":\"El digital de Asturias\",\"description\":\"Revista de ocio, turismo y estilo de vida\",\"url\":\"https:\\\/\\\/eldigitaldeasturias.com\\\/magazine365\\\/\",\"logo\":{\"@type\":\"ImageObject\",\"url\":\"https:\\\/\\\/www.eldigitaldeasturias.com\\\/noticias\\\/wp-content\\\/uploads\\\/2020\\\/12\\\/EDA.jpg\",\"@id\":\"https:\\\/\\\/eldigitaldeasturias.com\\\/magazine365\\\/el-gobierno-y-los-hoteleros-destacan-las-positivas-perspectivas-del-turismo-de-cara-al-verano\\\/#organizationLogo\"},\"image\":{\"@id\":\"https:\\\/\\\/eldigitaldeasturias.com\\\/magazine365\\\/el-gobierno-y-los-hoteleros-destacan-las-positivas-perspectivas-del-turismo-de-cara-al-verano\\\/#organizationLogo\"}},{\"@type\":\"Person\",\"@id\":\"https:\\\/\\\/eldigitaldeasturias.com\\\/magazine365\\\/author\\\/admin\\\/#author\",\"url\":\"https:\\\/\\\/eldigitaldeasturias.com\\\/magazine365\\\/author\\\/admin\\\/\",\"name\":\"admin\",\"image\":{\"@type\":\"ImageObject\",\"@id\":\"https:\\\/\\\/eldigitaldeasturias.com\\\/magazine365\\\/el-gobierno-y-los-hoteleros-destacan-las-positivas-perspectivas-del-turismo-de-cara-al-verano\\\/#authorImage\",\"url\":\"https:\\\/\\\/eldigitaldeasturias.com\\\/magazine365\\\/wp-content\\\/litespeed\\\/avatar\\\/e571bcf59a0edd6fa6838245a470f2fe.jpg?ver=1776969259\",\"width\":96,\"height\":96,\"caption\":\"admin\"}},{\"@type\":\"WebPage\",\"@id\":\"https:\\\/\\\/eldigitaldeasturias.com\\\/magazine365\\\/el-gobierno-y-los-hoteleros-destacan-las-positivas-perspectivas-del-turismo-de-cara-al-verano\\\/#webpage\",\"url\":\"https:\\\/\\\/eldigitaldeasturias.com\\\/magazine365\\\/el-gobierno-y-los-hoteleros-destacan-las-positivas-perspectivas-del-turismo-de-cara-al-verano\\\/\",\"name\":\"El Gobierno y los hoteleros destacan las \\u00abpositivas\\u00bb perspectivas del turismo de cara al verano | El Digital de Asturias\",\"description\":\"La secretaria de Estado de Turismo, Isabel Borrego, ha se\\u00f1alado hoy que las perspectivas de cara a la temporada de verano para el sector tur\\u00edstico son \\\"positivas\\\", tanto para el turismo nacional como para las llegadas de visitantes extranjeros, en lo que tambi\\u00e9n coinciden desde la Confederaci\\u00f3n Espa\\u00f1ola de Hoteles y Alojamientos Tur\\u00edsticos (CEHAT). Durante\",\"inLanguage\":\"es-ES\",\"isPartOf\":{\"@id\":\"https:\\\/\\\/eldigitaldeasturias.com\\\/magazine365\\\/#website\"},\"breadcrumb\":{\"@id\":\"https:\\\/\\\/eldigitaldeasturias.com\\\/magazine365\\\/el-gobierno-y-los-hoteleros-destacan-las-positivas-perspectivas-del-turismo-de-cara-al-verano\\\/#breadcrumblist\"},\"author\":{\"@id\":\"https:\\\/\\\/eldigitaldeasturias.com\\\/magazine365\\\/author\\\/admin\\\/#author\"},\"creator\":{\"@id\":\"https:\\\/\\\/eldigitaldeasturias.com\\\/magazine365\\\/author\\\/admin\\\/#author\"},\"datePublished\":\"2015-06-17T07:15:22+02:00\",\"dateModified\":\"2015-06-17T07:15:22+02:00\"},{\"@type\":\"WebSite\",\"@id\":\"https:\\\/\\\/eldigitaldeasturias.com\\\/magazine365\\\/#website\",\"url\":\"https:\\\/\\\/eldigitaldeasturias.com\\\/magazine365\\\/\",\"name\":\"El Digital de Asturias\",\"description\":\"Revista de ocio, turismo y estilo de vida\",\"inLanguage\":\"es-ES\",\"publisher\":{\"@id\":\"https:\\\/\\\/eldigitaldeasturias.com\\\/magazine365\\\/#organization\"}}]}\n\t\t<\/script>\n\t\t<!-- All in One SEO Pro -->\r\n\t\t<title>El Gobierno y los hoteleros destacan las \u00abpositivas\u00bb perspectivas del turismo de cara al verano | El Digital de Asturias<\/title>\n\n","aioseo_head_json":{"title":"El Gobierno y los hoteleros destacan las \u00abpositivas\u00bb perspectivas del turismo de cara al verano | El Digital de Asturias","description":"La secretaria de Estado de Turismo, Isabel Borrego, ha se\u00f1alado hoy que las perspectivas de cara a la temporada de verano para el sector tur\u00edstico son \"positivas\", tanto para el turismo nacional como para las llegadas de visitantes extranjeros, en lo que tambi\u00e9n coinciden desde la Confederaci\u00f3n Espa\u00f1ola de Hoteles y Alojamientos Tur\u00edsticos (CEHAT). Durante","canonical_url":"https:\/\/eldigitaldeasturias.com\/magazine365\/el-gobierno-y-los-hoteleros-destacan-las-positivas-perspectivas-del-turismo-de-cara-al-verano\/","robots":"max-image-preview:large","keywords":"actualidad turismo","webmasterTools":{"google-site-verification":"UA-38556648-1","miscellaneous":""},"schema":{"@context":"https:\/\/schema.org","@graph":[{"@type":"Article","@id":"https:\/\/eldigitaldeasturias.com\/magazine365\/el-gobierno-y-los-hoteleros-destacan-las-positivas-perspectivas-del-turismo-de-cara-al-verano\/#article","name":"El Gobierno y los hoteleros destacan las \u00abpositivas\u00bb perspectivas del turismo de cara al verano | El Digital de Asturias","headline":"El Gobierno y los hoteleros destacan las \u00abpositivas\u00bb perspectivas del turismo de cara al verano","author":{"@id":"https:\/\/eldigitaldeasturias.com\/magazine365\/author\/admin\/#author"},"publisher":{"@id":"https:\/\/eldigitaldeasturias.com\/magazine365\/#organization"},"image":{"@type":"ImageObject","url":"http:\/\/eldigitaldeasturias.com\/magazine365\/wp-content\/uploads\/2015\/06\/turismo1-360x231.jpg","@id":"https:\/\/eldigitaldeasturias.com\/magazine365\/el-gobierno-y-los-hoteleros-destacan-las-positivas-perspectivas-del-turismo-de-cara-al-verano\/#articleImage"},"datePublished":"2015-06-17T07:15:22+02:00","dateModified":"2015-06-17T07:15:22+02:00","inLanguage":"es-ES","mainEntityOfPage":{"@id":"https:\/\/eldigitaldeasturias.com\/magazine365\/el-gobierno-y-los-hoteleros-destacan-las-positivas-perspectivas-del-turismo-de-cara-al-verano\/#webpage"},"isPartOf":{"@id":"https:\/\/eldigitaldeasturias.com\/magazine365\/el-gobierno-y-los-hoteleros-destacan-las-positivas-perspectivas-del-turismo-de-cara-al-verano\/#webpage"},"articleSection":"Actualidad Turismo"},{"@type":"BreadcrumbList","@id":"https:\/\/eldigitaldeasturias.com\/magazine365\/el-gobierno-y-los-hoteleros-destacan-las-positivas-perspectivas-del-turismo-de-cara-al-verano\/#breadcrumblist","itemListElement":[{"@type":"ListItem","@id":"https:\/\/eldigitaldeasturias.com\/magazine365#listItem","position":1,"name":"Home","item":"https:\/\/eldigitaldeasturias.com\/magazine365","nextItem":{"@type":"ListItem","@id":"https:\/\/eldigitaldeasturias.com\/magazine365\/category\/actualidad-turismo\/#listItem","name":"Actualidad Turismo"}},{"@type":"ListItem","@id":"https:\/\/eldigitaldeasturias.com\/magazine365\/category\/actualidad-turismo\/#listItem","position":2,"name":"Actualidad Turismo","item":"https:\/\/eldigitaldeasturias.com\/magazine365\/category\/actualidad-turismo\/","nextItem":{"@type":"ListItem","@id":"https:\/\/eldigitaldeasturias.com\/magazine365\/el-gobierno-y-los-hoteleros-destacan-las-positivas-perspectivas-del-turismo-de-cara-al-verano\/#listItem","name":"El Gobierno y los hoteleros destacan las \u00abpositivas\u00bb perspectivas del turismo de cara al verano"},"previousItem":{"@type":"ListItem","@id":"https:\/\/eldigitaldeasturias.com\/magazine365#listItem","name":"Home"}},{"@type":"ListItem","@id":"https:\/\/eldigitaldeasturias.com\/magazine365\/el-gobierno-y-los-hoteleros-destacan-las-positivas-perspectivas-del-turismo-de-cara-al-verano\/#listItem","position":3,"name":"El Gobierno y los hoteleros destacan las \u00abpositivas\u00bb perspectivas del turismo de cara al verano","previousItem":{"@type":"ListItem","@id":"https:\/\/eldigitaldeasturias.com\/magazine365\/category\/actualidad-turismo\/#listItem","name":"Actualidad Turismo"}}]},{"@type":"Organization","@id":"https:\/\/eldigitaldeasturias.com\/magazine365\/#organization","name":"El digital de Asturias","description":"Revista de ocio, turismo y estilo de vida","url":"https:\/\/eldigitaldeasturias.com\/magazine365\/","logo":{"@type":"ImageObject","url":"https:\/\/www.eldigitaldeasturias.com\/noticias\/wp-content\/uploads\/2020\/12\/EDA.jpg","@id":"https:\/\/eldigitaldeasturias.com\/magazine365\/el-gobierno-y-los-hoteleros-destacan-las-positivas-perspectivas-del-turismo-de-cara-al-verano\/#organizationLogo"},"image":{"@id":"https:\/\/eldigitaldeasturias.com\/magazine365\/el-gobierno-y-los-hoteleros-destacan-las-positivas-perspectivas-del-turismo-de-cara-al-verano\/#organizationLogo"}},{"@type":"Person","@id":"https:\/\/eldigitaldeasturias.com\/magazine365\/author\/admin\/#author","url":"https:\/\/eldigitaldeasturias.com\/magazine365\/author\/admin\/","name":"admin","image":{"@type":"ImageObject","@id":"https:\/\/eldigitaldeasturias.com\/magazine365\/el-gobierno-y-los-hoteleros-destacan-las-positivas-perspectivas-del-turismo-de-cara-al-verano\/#authorImage","url":"https:\/\/eldigitaldeasturias.com\/magazine365\/wp-content\/litespeed\/avatar\/e571bcf59a0edd6fa6838245a470f2fe.jpg?ver=1776969259","width":96,"height":96,"caption":"admin"}},{"@type":"WebPage","@id":"https:\/\/eldigitaldeasturias.com\/magazine365\/el-gobierno-y-los-hoteleros-destacan-las-positivas-perspectivas-del-turismo-de-cara-al-verano\/#webpage","url":"https:\/\/eldigitaldeasturias.com\/magazine365\/el-gobierno-y-los-hoteleros-destacan-las-positivas-perspectivas-del-turismo-de-cara-al-verano\/","name":"El Gobierno y los hoteleros destacan las \u00abpositivas\u00bb perspectivas del turismo de cara al verano | El Digital de Asturias","description":"La secretaria de Estado de Turismo, Isabel Borrego, ha se\u00f1alado hoy que las perspectivas de cara a la temporada de verano para el sector tur\u00edstico son \"positivas\", tanto para el turismo nacional como para las llegadas de visitantes extranjeros, en lo que tambi\u00e9n coinciden desde la Confederaci\u00f3n Espa\u00f1ola de Hoteles y Alojamientos Tur\u00edsticos (CEHAT). Durante","inLanguage":"es-ES","isPartOf":{"@id":"https:\/\/eldigitaldeasturias.com\/magazine365\/#website"},"breadcrumb":{"@id":"https:\/\/eldigitaldeasturias.com\/magazine365\/el-gobierno-y-los-hoteleros-destacan-las-positivas-perspectivas-del-turismo-de-cara-al-verano\/#breadcrumblist"},"author":{"@id":"https:\/\/eldigitaldeasturias.com\/magazine365\/author\/admin\/#author"},"creator":{"@id":"https:\/\/eldigitaldeasturias.com\/magazine365\/author\/admin\/#author"},"datePublished":"2015-06-17T07:15:22+02:00","dateModified":"2015-06-17T07:15:22+02:00"},{"@type":"WebSite","@id":"https:\/\/eldigitaldeasturias.com\/magazine365\/#website","url":"https:\/\/eldigitaldeasturias.com\/magazine365\/","name":"El Digital de Asturias","description":"Revista de ocio, turismo y estilo de vida","inLanguage":"es-ES","publisher":{"@id":"https:\/\/eldigitaldeasturias.com\/magazine365\/#organization"}}]},"og:locale":"es_ES","og:site_name":"El Digital de Asturias \u2013 Revista de ocio, turismo y estilo de vida","og:type":"article","og:title":"El Gobierno y los hoteleros destacan las \u00abpositivas\u00bb perspectivas del turismo de cara al verano | El Digital de Asturias","og:description":"La secretaria de Estado de Turismo, Isabel Borrego, ha se\u00f1alado hoy que las perspectivas de cara a la temporada de verano para el sector tur\u00edstico son &quot;positivas&quot;, tanto para el turismo nacional como para las llegadas de visitantes extranjeros, en lo que tambi\u00e9n coinciden desde la Confederaci\u00f3n Espa\u00f1ola de Hoteles y Alojamientos Tur\u00edsticos (CEHAT). Durante","og:url":"https:\/\/eldigitaldeasturias.com\/magazine365\/el-gobierno-y-los-hoteleros-destacan-las-positivas-perspectivas-del-turismo-de-cara-al-verano\/","og:image":"https:\/\/www.eldigitaldeasturias.com\/noticias\/wp-content\/uploads\/2020\/12\/EDA.jpg","og:image:secure_url":"https:\/\/www.eldigitaldeasturias.com\/noticias\/wp-content\/uploads\/2020\/12\/EDA.jpg","article:published_time":"2015-06-17T05:45:22+00:00","article:modified_time":"2015-06-17T05:45:22+00:00","twitter:card":"summary_large_image","twitter:title":"El Gobierno y los hoteleros destacan las \u00abpositivas\u00bb perspectivas del turismo de cara al verano | El Digital de Asturias","twitter:description":"La secretaria de Estado de Turismo, Isabel Borrego, ha se\u00f1alado hoy que las perspectivas de cara a la temporada de verano para el sector tur\u00edstico son &quot;positivas&quot;, tanto para el turismo nacional como para las llegadas de visitantes extranjeros, en lo que tambi\u00e9n coinciden desde la Confederaci\u00f3n Espa\u00f1ola de Hoteles y Alojamientos Tur\u00edsticos (CEHAT). Durante","twitter:image":"https:\/\/www.eldigitaldeasturias.com\/noticias\/wp-content\/uploads\/2020\/12\/EDA.jpg"},"aioseo_meta_data":{"post_id":"40058","title":null,"description":null,"keywords":null,"keyphrases":null,"primary_term":null,"canonical_url":null,"og_title":null,"og_description":null,"og_object_type":"default","og_image_type":"default","og_image_url":null,"og_image_width":null,"og_image_height":null,"og_image_custom_url":null,"og_image_custom_fields":null,"og_video":null,"og_custom_url":null,"og_article_section":null,"og_article_tags":null,"twitter_use_og":false,"twitter_card":"default","twitter_image_type":"default","twitter_image_url":null,"twitter_image_custom_url":null,"twitter_image_custom_fields":null,"twitter_title":null,"twitter_description":null,"schema":{"blockGraphs":[],"customGraphs":[],"default":{"data":{"Article":[],"Course":[],"Dataset":[],"FAQPage":[],"Movie":[],"Person":[],"Product":[],"ProductReview":[],"Car":[],"Recipe":[],"Service":[],"SoftwareApplication":[],"WebPage":[]},"graphName":"","isEnabled":true},"graphs":[],"defaultGraph":"","defaultPostTypeGraph":""},"schema_type":null,"schema_type_options":null,"pillar_content":false,"robots_default":true,"robots_noindex":false,"robots_noarchive":false,"robots_nosnippet":false,"robots_nofollow":false,"robots_noimageindex":false,"robots_noodp":false,"robots_notranslate":false,"robots_max_snippet":null,"robots_max_videopreview":null,"robots_max_imagepreview":"large","priority":null,"frequency":null,"location":null,"local_seo":null,"seo_analyzer_scan_date":"2025-09-19 12:50:17","breadcrumb_settings":null,"limit_modified_date":false,"open_ai":null,"ai":null,"created":"2021-03-09 02:33:44","updated":"2025-09-19 12:50:17"},"aioseo_breadcrumb":"<div class=\"aioseo-breadcrumbs\"><span class=\"aioseo-breadcrumb\">\n\t<a href=\"https:\/\/eldigitaldeasturias.com\/magazine365\" title=\"Home\">Home<\/a>\n<\/span><span class=\"aioseo-breadcrumb-separator\">\u2013<\/span><span class=\"aioseo-breadcrumb\">\n\t<a href=\"https:\/\/eldigitaldeasturias.com\/magazine365\/category\/actualidad-turismo\/\" title=\"Actualidad Turismo\">Actualidad Turismo<\/a>\n<\/span><span class=\"aioseo-breadcrumb-separator\">\u2013<\/span><span class=\"aioseo-breadcrumb\">\n\t<a href=\"https:\/\/eldigitaldeasturias.com\/magazine365\/el-gobierno-y-los-hoteleros-destacan-las-positivas-perspectivas-del-turismo-de-cara-al-verano\/\" title=\"El Gobierno y los hoteleros destacan las \u00abpositivas\u00bb perspectivas del turismo de cara al verano\">El Gobierno y los hoteleros destacan las \u00abpositivas\u00bb perspectivas del turismo de cara al verano<\/a>\n<\/span><\/div>","aioseo_breadcrumb_json":[{"label":"Home","link":"https:\/\/eldigitaldeasturias.com\/magazine365"},{"label":"Actualidad Turismo","link":"https:\/\/eldigitaldeasturias.com\/magazine365\/category\/actualidad-turismo\/"},{"label":"El Gobierno y los hoteleros destacan las \u00abpositivas\u00bb perspectivas del turismo de cara al verano","link":"https:\/\/eldigitaldeasturias.com\/magazine365\/el-gobierno-y-los-hoteleros-destacan-las-positivas-perspectivas-del-turismo-de-cara-al-verano\/"}],"_links":{"self":[{"href":"https:\/\/eldigitaldeasturias.com\/magazine365\/wp-json\/wp\/v2\/posts\/40058","targetHints":{"allow":["GET"]}}],"collection":[{"href":"https:\/\/eldigitaldeasturias.com\/magazine365\/wp-json\/wp\/v2\/posts"}],"about":[{"href":"https:\/\/eldigitaldeasturias.com\/magazine365\/wp-json\/wp\/v2\/types\/post"}],"author":[{"embeddable":true,"href":"https:\/\/eldigitaldeasturias.com\/magazine365\/wp-json\/wp\/v2\/users\/1"}],"replies":[{"embeddable":true,"href":"https:\/\/eldigitaldeasturias.com\/magazine365\/wp-json\/wp\/v2\/comments?post=40058"}],"version-history":[{"count":0,"href":"https:\/\/eldigitaldeasturias.com\/magazine365\/wp-json\/wp\/v2\/posts\/40058\/revisions"}],"wp:attachment":[{"href":"https:\/\/eldigitaldeasturias.com\/magazine365\/wp-json\/wp\/v2\/media?parent=40058"}],"wp:term":[{"taxonomy":"category","embeddable":true,"href":"https:\/\/eldigitaldeasturias.com\/magazine365\/wp-json\/wp\/v2\/categories?post=40058"},{"taxonomy":"post_tag","embeddable":true,"href":"https:\/\/eldigitaldeasturias.com\/magazine365\/wp-json\/wp\/v2\/tags?post=40058"}],"curies":[{"name":"wp","href":"https:\/\/api.w.org\/{rel}","templated":true}]}}