{"id":40050,"date":"2015-06-17T07:05:54","date_gmt":"2015-06-17T05:35:54","guid":{"rendered":"http:\/\/eldigitaldeasturias.com\/magazine365\/?p=40050"},"modified":"2015-06-17T07:05:54","modified_gmt":"2015-06-17T05:35:54","slug":"el-sector-turistico-extremeno-espera-crear-mas-y-mejor-empleo","status":"publish","type":"post","link":"https:\/\/eldigitaldeasturias.com\/magazine365\/el-sector-turistico-extremeno-espera-crear-mas-y-mejor-empleo\/","title":{"rendered":"El sector tur\u00edstico extreme\u00f1o espera crear m\u00e1s y mejor empleo"},"content":{"rendered":"<p><img fetchpriority=\"high\" decoding=\"async\" class=\"alignleft size-medium wp-image-40051\" src=\"https:\/\/eldigitaldeasturias.com\/magazine365\/wp-content\/uploads\/2015\/06\/fotonoticia_20150616140938_800-360x270.jpg\" alt=\"fotonoticia_20150616140938_800\" width=\"360\" height=\"270\" srcset=\"https:\/\/eldigitaldeasturias.com\/magazine365\/wp-content\/uploads\/2015\/06\/fotonoticia_20150616140938_800-360x270.jpg 360w, https:\/\/eldigitaldeasturias.com\/magazine365\/wp-content\/uploads\/2015\/06\/fotonoticia_20150616140938_800-650x488.jpg 650w, https:\/\/eldigitaldeasturias.com\/magazine365\/wp-content\/uploads\/2015\/06\/fotonoticia_20150616140938_800-768x576.jpg 768w, https:\/\/eldigitaldeasturias.com\/magazine365\/wp-content\/uploads\/2015\/06\/fotonoticia_20150616140938_800-150x113.jpg 150w, https:\/\/eldigitaldeasturias.com\/magazine365\/wp-content\/uploads\/2015\/06\/fotonoticia_20150616140938_800-450x338.jpg 450w, https:\/\/eldigitaldeasturias.com\/magazine365\/wp-content\/uploads\/2015\/06\/fotonoticia_20150616140938_800-80x60.jpg 80w, https:\/\/eldigitaldeasturias.com\/magazine365\/wp-content\/uploads\/2015\/06\/fotonoticia_20150616140938_800-265x198.jpg 265w, https:\/\/eldigitaldeasturias.com\/magazine365\/wp-content\/uploads\/2015\/06\/fotonoticia_20150616140938_800-696x522.jpg 696w, https:\/\/eldigitaldeasturias.com\/magazine365\/wp-content\/uploads\/2015\/06\/fotonoticia_20150616140938_800-560x420.jpg 560w, https:\/\/eldigitaldeasturias.com\/magazine365\/wp-content\/uploads\/2015\/06\/fotonoticia_20150616140938_800-90x67.jpg 90w, https:\/\/eldigitaldeasturias.com\/magazine365\/wp-content\/uploads\/2015\/06\/fotonoticia_20150616140938_800-100x75.jpg 100w, https:\/\/eldigitaldeasturias.com\/magazine365\/wp-content\/uploads\/2015\/06\/fotonoticia_20150616140938_800.jpg 800w\" sizes=\"(max-width: 360px) 100vw, 360px\" \/>Las 54 empresas e instituciones que conforman el Cluster de Turismo de Extremadura han celebrado este martes su asamblea anual en C\u00e1ceres en la que se ha analizado la situaci\u00f3n del sector que espera, a finales de a\u00f1o, mejorar la cuenta de resultados de los negocios y poder revertir esa circunstancia en crear m\u00e1s empleo y de \u00abm\u00e1s calidad\u00bb.<\/p>\n<p>As\u00ed lo ha se\u00f1alado el presidente de la entidad, Jorge Prieto, quien ha indicado que el sector tur\u00edstico empieza a remontar tras la crisis y que se espera una \u00abrecuperaci\u00f3n\u00bb de los precios que llegaron a bajar \u00abhasta un 60 por ciento\u00bb lo que, junto a la disminuci\u00f3n de la demanda, ha hecho que cayeran las contrataciones o que \u00e9stas fueran en precario, algo que se est\u00e1 corrigiendo, seg\u00fan ha dicho, porque las previsiones son halag\u00fce\u00f1as.<\/p>\n<p>Prieto ha explicado en un encuentro con los medios de comunicaci\u00f3n en un receso de la asamblea que el sector hostelero \u00abbusca mejorar el empleo\u00bb porque es \u00abmuy importante\u00bb tener trabajadores cualificados y \u00abbien formados\u00bb que \u00abhagan bien su trabajo\u00bb y que sean fijos y constantes para que se d\u00e9 estabilidad al trato con el cliente.<\/p>\n<p>\u00abEstos a\u00f1os lo hemos pasado realmente mal\u00bb, ha subrayado Prieto, quien ha avanzado que la recuperaci\u00f3n econ\u00f3mica se nota en el sector tur\u00edstico y que la crisis ha obligado a desarrollar nuevos productos \u00abm\u00e1s innovadores\u00bb y \u00abm\u00e1s originales\u00bb porque el cliente est\u00e1 m\u00e1s informado y es tambi\u00e9n \u00abm\u00e1s exigente\u00bb. \u00abCuando llega a su destino no solo hay que cubrir sus expectativas, sino superarlas\u00bb, ha aseverado.<\/p>\n<p>En la asamblea anual del cluster tambi\u00e9n se ha hablado del acceso a la financiaci\u00f3n para poner en marcha nuevos proyectos que atraigan visitantes, sobre todo extranjeros que buscan experiencias nuevas en un turismo de interior en el que Extremadura tiene mucho que ofrecer.<\/p>\n<p>DESTINO PARA TODAS LAS \u00c9POCAS DEL A\u00d1O<\/p>\n<p>En esta l\u00ednea, la directora general de Turismo del Gobierno de Extremadura, Elisa Cruz, que tambi\u00e9n ha asistido a la asamblea, ha se\u00f1alado que Extremadura es un destino tur\u00edstico \u00abpara todas las \u00e9pocas del a\u00f1o\u00bb ya que ofrece patrimonio, naturaleza, gastronom\u00eda o turismo cultural a lo largo de todos los meses y eso es una fortaleza que hay que aprovechar.<\/p>\n<p>Cruz ha incidido en que el turismo es un sector \u00abestrat\u00e9gico\u00bb en la econom\u00eda regional porque crea riqueza y empleo y a\u00f1ade que hay que seguir trabajando en la promoci\u00f3n y difusi\u00f3n de la oferta para \u00abdiferenciar un producto de calidad\u00bb respecto a otras regiones y conseguir atraer m\u00e1s visitantes.<\/p>\n<p>A este respecto, seg\u00fan los datos del Observatorio del Turismo en el primer trimestre del a\u00f1o, el turismo ha crecido en un 15 por ciento respecto al mismo periodo del a\u00f1o pasado mientras que las pernoctaciones han aumentado un 13 por ciento, lo que demuestra \u00abel buen momento del turismo en Extremadura\u00bb, ha dicho.<\/p>\n<p>PREMIOS AENOR<\/p>\n<p>En la asamblea anual del Cluster de Turismo tambi\u00e9n se ha hecho entrega de dos certificaciones de AENOR a sendos alojamientos rurales, ambos en la provincia de C\u00e1ceres, por someterse a una evaluaci\u00f3n de &#8216;huella de carbono rural&#8217; respecto a sus emisiones de C02 a la atm\u00f3sfera.<\/p>\n<p>Los establecimientos reconocidos son Apartamentos A Fala en Trevejo y Casa Rural V\u00eda de la Plata de Aldea del Cano, que han participado en un proyecto de desarrollo sostenible auspiciado por el Ministerio de Industria, Energ\u00eda y Turismo que se ha desarrollado en diez establecimientos extreme\u00f1os en una experiencia piloto.<\/p>\n<p>Seg\u00fan ha informado la delegada de AENOR en Extremadura, M\u00f3nica Barroso, estos establecimientos se han sometido a una auditor\u00eda interna para evaluar sus emisiones de gases a trav\u00e9s de una aplicaci\u00f3n que puso en marcha el Cluster de Turismo de Extremadura y que ahora, a trav\u00e9s de AENOR, se har\u00e1 llegar a los hoteles de todo el pa\u00eds por si quieren medir de forma aut\u00f3noma sus niveles de CO2.<\/p>\n","protected":false},"excerpt":{"rendered":"<p>Las 54 empresas e instituciones que conforman el Cluster de Turismo de Extremadura han celebrado este martes su asamblea anual en C\u00e1ceres en la que se ha analizado la situaci\u00f3n del sector que espera, a finales de a\u00f1o, mejorar la cuenta de resultados de los negocios y poder revertir esa circunstancia en crear m\u00e1s empleo<\/p>\n","protected":false},"author":1,"featured_media":40051,"comment_status":"open","ping_status":"closed","sticky":false,"template":"","format":"standard","meta":{"footnotes":""},"categories":[222],"tags":[],"class_list":{"0":"post-40050","1":"post","2":"type-post","3":"status-publish","4":"format-standard","5":"has-post-thumbnail","7":"category-actualidad-turismo"},"aioseo_notices":[],"aioseo_head":"\n\t\t<!-- All in One SEO Pro 4.9.6.1 - aioseo.com -->\n\t<meta name=\"description\" content=\"Las 54 empresas e instituciones que conforman el Cluster de Turismo de Extremadura han celebrado este martes su asamblea anual en C\u00e1ceres en la que se ha analizado la situaci\u00f3n del sector que espera, a finales de a\u00f1o, mejorar la cuenta de resultados de los negocios y poder revertir esa circunstancia en crear m\u00e1s empleo\" \/>\n\t<meta name=\"robots\" content=\"max-image-preview:large\" \/>\n\t<meta name=\"author\" content=\"admin\"\/>\n\t<meta name=\"google-site-verification\" content=\"UA-38556648-1\" \/>\n\t<meta name=\"keywords\" content=\"actualidad turismo\" \/>\n\t<link rel=\"canonical\" href=\"https:\/\/eldigitaldeasturias.com\/magazine365\/el-sector-turistico-extremeno-espera-crear-mas-y-mejor-empleo\/\" \/>\n\t<meta name=\"generator\" content=\"All in One SEO Pro (AIOSEO) 4.9.6.1\" \/>\n\t\t<meta property=\"og:locale\" content=\"es_ES\" \/>\n\t\t<meta property=\"og:site_name\" content=\"El Digital de Asturias \u2013 Revista de ocio, turismo y estilo de vida\" \/>\n\t\t<meta property=\"og:type\" content=\"article\" \/>\n\t\t<meta property=\"og:title\" content=\"El sector tur\u00edstico extreme\u00f1o espera crear m\u00e1s y mejor empleo | El Digital de Asturias\" \/>\n\t\t<meta property=\"og:description\" content=\"Las 54 empresas e instituciones que conforman el Cluster de Turismo de Extremadura han celebrado este martes su asamblea anual en C\u00e1ceres en la que se ha analizado la situaci\u00f3n del sector que espera, a finales de a\u00f1o, mejorar la cuenta de resultados de los negocios y poder revertir esa circunstancia en crear m\u00e1s empleo\" \/>\n\t\t<meta property=\"og:url\" content=\"https:\/\/eldigitaldeasturias.com\/magazine365\/el-sector-turistico-extremeno-espera-crear-mas-y-mejor-empleo\/\" \/>\n\t\t<meta property=\"og:image\" content=\"https:\/\/eldigitaldeasturias.com\/magazine365\/wp-content\/uploads\/2015\/06\/fotonoticia_20150616140938_800.jpg\" \/>\n\t\t<meta property=\"og:image:secure_url\" content=\"https:\/\/eldigitaldeasturias.com\/magazine365\/wp-content\/uploads\/2015\/06\/fotonoticia_20150616140938_800.jpg\" \/>\n\t\t<meta property=\"og:image:width\" content=\"800\" \/>\n\t\t<meta property=\"og:image:height\" content=\"600\" \/>\n\t\t<meta property=\"article:published_time\" content=\"2015-06-17T05:35:54+00:00\" \/>\n\t\t<meta property=\"article:modified_time\" content=\"2015-06-17T05:35:54+00:00\" \/>\n\t\t<meta name=\"twitter:card\" content=\"summary_large_image\" \/>\n\t\t<meta name=\"twitter:title\" content=\"El sector tur\u00edstico extreme\u00f1o espera crear m\u00e1s y mejor empleo | El Digital de Asturias\" \/>\n\t\t<meta name=\"twitter:description\" content=\"Las 54 empresas e instituciones que conforman el Cluster de Turismo de Extremadura han celebrado este martes su asamblea anual en C\u00e1ceres en la que se ha analizado la situaci\u00f3n del sector que espera, a finales de a\u00f1o, mejorar la cuenta de resultados de los negocios y poder revertir esa circunstancia en crear m\u00e1s empleo\" \/>\n\t\t<meta name=\"twitter:image\" content=\"https:\/\/eldigitaldeasturias.com\/magazine365\/wp-content\/uploads\/2015\/06\/fotonoticia_20150616140938_800.jpg\" \/>\n\t\t<script type=\"application\/ld+json\" class=\"aioseo-schema\">\n\t\t\t{\"@context\":\"https:\\\/\\\/schema.org\",\"@graph\":[{\"@type\":\"Article\",\"@id\":\"https:\\\/\\\/eldigitaldeasturias.com\\\/magazine365\\\/el-sector-turistico-extremeno-espera-crear-mas-y-mejor-empleo\\\/#article\",\"name\":\"El sector tur\\u00edstico extreme\\u00f1o espera crear m\\u00e1s y mejor empleo | El Digital de Asturias\",\"headline\":\"El sector tur\\u00edstico extreme\\u00f1o espera crear m\\u00e1s y mejor empleo\",\"author\":{\"@id\":\"https:\\\/\\\/eldigitaldeasturias.com\\\/magazine365\\\/author\\\/admin\\\/#author\"},\"publisher\":{\"@id\":\"https:\\\/\\\/eldigitaldeasturias.com\\\/magazine365\\\/#organization\"},\"image\":{\"@type\":\"ImageObject\",\"url\":\"https:\\\/\\\/eldigitaldeasturias.com\\\/magazine365\\\/wp-content\\\/uploads\\\/2015\\\/06\\\/fotonoticia_20150616140938_800.jpg\",\"width\":800,\"height\":600},\"datePublished\":\"2015-06-17T07:05:54+02:00\",\"dateModified\":\"2015-06-17T07:05:54+02:00\",\"inLanguage\":\"es-ES\",\"mainEntityOfPage\":{\"@id\":\"https:\\\/\\\/eldigitaldeasturias.com\\\/magazine365\\\/el-sector-turistico-extremeno-espera-crear-mas-y-mejor-empleo\\\/#webpage\"},\"isPartOf\":{\"@id\":\"https:\\\/\\\/eldigitaldeasturias.com\\\/magazine365\\\/el-sector-turistico-extremeno-espera-crear-mas-y-mejor-empleo\\\/#webpage\"},\"articleSection\":\"Actualidad Turismo\"},{\"@type\":\"BreadcrumbList\",\"@id\":\"https:\\\/\\\/eldigitaldeasturias.com\\\/magazine365\\\/el-sector-turistico-extremeno-espera-crear-mas-y-mejor-empleo\\\/#breadcrumblist\",\"itemListElement\":[{\"@type\":\"ListItem\",\"@id\":\"https:\\\/\\\/eldigitaldeasturias.com\\\/magazine365#listItem\",\"position\":1,\"name\":\"Home\",\"item\":\"https:\\\/\\\/eldigitaldeasturias.com\\\/magazine365\",\"nextItem\":{\"@type\":\"ListItem\",\"@id\":\"https:\\\/\\\/eldigitaldeasturias.com\\\/magazine365\\\/category\\\/actualidad-turismo\\\/#listItem\",\"name\":\"Actualidad Turismo\"}},{\"@type\":\"ListItem\",\"@id\":\"https:\\\/\\\/eldigitaldeasturias.com\\\/magazine365\\\/category\\\/actualidad-turismo\\\/#listItem\",\"position\":2,\"name\":\"Actualidad Turismo\",\"item\":\"https:\\\/\\\/eldigitaldeasturias.com\\\/magazine365\\\/category\\\/actualidad-turismo\\\/\",\"nextItem\":{\"@type\":\"ListItem\",\"@id\":\"https:\\\/\\\/eldigitaldeasturias.com\\\/magazine365\\\/el-sector-turistico-extremeno-espera-crear-mas-y-mejor-empleo\\\/#listItem\",\"name\":\"El sector tur\\u00edstico extreme\\u00f1o espera crear m\\u00e1s y mejor empleo\"},\"previousItem\":{\"@type\":\"ListItem\",\"@id\":\"https:\\\/\\\/eldigitaldeasturias.com\\\/magazine365#listItem\",\"name\":\"Home\"}},{\"@type\":\"ListItem\",\"@id\":\"https:\\\/\\\/eldigitaldeasturias.com\\\/magazine365\\\/el-sector-turistico-extremeno-espera-crear-mas-y-mejor-empleo\\\/#listItem\",\"position\":3,\"name\":\"El sector tur\\u00edstico extreme\\u00f1o espera crear m\\u00e1s y mejor empleo\",\"previousItem\":{\"@type\":\"ListItem\",\"@id\":\"https:\\\/\\\/eldigitaldeasturias.com\\\/magazine365\\\/category\\\/actualidad-turismo\\\/#listItem\",\"name\":\"Actualidad Turismo\"}}]},{\"@type\":\"Organization\",\"@id\":\"https:\\\/\\\/eldigitaldeasturias.com\\\/magazine365\\\/#organization\",\"name\":\"El digital de Asturias\",\"description\":\"Revista de ocio, turismo y estilo de vida\",\"url\":\"https:\\\/\\\/eldigitaldeasturias.com\\\/magazine365\\\/\",\"logo\":{\"@type\":\"ImageObject\",\"url\":\"https:\\\/\\\/www.eldigitaldeasturias.com\\\/noticias\\\/wp-content\\\/uploads\\\/2020\\\/12\\\/EDA.jpg\",\"@id\":\"https:\\\/\\\/eldigitaldeasturias.com\\\/magazine365\\\/el-sector-turistico-extremeno-espera-crear-mas-y-mejor-empleo\\\/#organizationLogo\"},\"image\":{\"@id\":\"https:\\\/\\\/eldigitaldeasturias.com\\\/magazine365\\\/el-sector-turistico-extremeno-espera-crear-mas-y-mejor-empleo\\\/#organizationLogo\"}},{\"@type\":\"Person\",\"@id\":\"https:\\\/\\\/eldigitaldeasturias.com\\\/magazine365\\\/author\\\/admin\\\/#author\",\"url\":\"https:\\\/\\\/eldigitaldeasturias.com\\\/magazine365\\\/author\\\/admin\\\/\",\"name\":\"admin\",\"image\":{\"@type\":\"ImageObject\",\"@id\":\"https:\\\/\\\/eldigitaldeasturias.com\\\/magazine365\\\/el-sector-turistico-extremeno-espera-crear-mas-y-mejor-empleo\\\/#authorImage\",\"url\":\"https:\\\/\\\/eldigitaldeasturias.com\\\/magazine365\\\/wp-content\\\/litespeed\\\/avatar\\\/e571bcf59a0edd6fa6838245a470f2fe.jpg?ver=1776969259\",\"width\":96,\"height\":96,\"caption\":\"admin\"}},{\"@type\":\"WebPage\",\"@id\":\"https:\\\/\\\/eldigitaldeasturias.com\\\/magazine365\\\/el-sector-turistico-extremeno-espera-crear-mas-y-mejor-empleo\\\/#webpage\",\"url\":\"https:\\\/\\\/eldigitaldeasturias.com\\\/magazine365\\\/el-sector-turistico-extremeno-espera-crear-mas-y-mejor-empleo\\\/\",\"name\":\"El sector tur\\u00edstico extreme\\u00f1o espera crear m\\u00e1s y mejor empleo | El Digital de Asturias\",\"description\":\"Las 54 empresas e instituciones que conforman el Cluster de Turismo de Extremadura han celebrado este martes su asamblea anual en C\\u00e1ceres en la que se ha analizado la situaci\\u00f3n del sector que espera, a finales de a\\u00f1o, mejorar la cuenta de resultados de los negocios y poder revertir esa circunstancia en crear m\\u00e1s empleo\",\"inLanguage\":\"es-ES\",\"isPartOf\":{\"@id\":\"https:\\\/\\\/eldigitaldeasturias.com\\\/magazine365\\\/#website\"},\"breadcrumb\":{\"@id\":\"https:\\\/\\\/eldigitaldeasturias.com\\\/magazine365\\\/el-sector-turistico-extremeno-espera-crear-mas-y-mejor-empleo\\\/#breadcrumblist\"},\"author\":{\"@id\":\"https:\\\/\\\/eldigitaldeasturias.com\\\/magazine365\\\/author\\\/admin\\\/#author\"},\"creator\":{\"@id\":\"https:\\\/\\\/eldigitaldeasturias.com\\\/magazine365\\\/author\\\/admin\\\/#author\"},\"image\":{\"@type\":\"ImageObject\",\"url\":\"https:\\\/\\\/eldigitaldeasturias.com\\\/magazine365\\\/wp-content\\\/uploads\\\/2015\\\/06\\\/fotonoticia_20150616140938_800.jpg\",\"@id\":\"https:\\\/\\\/eldigitaldeasturias.com\\\/magazine365\\\/el-sector-turistico-extremeno-espera-crear-mas-y-mejor-empleo\\\/#mainImage\",\"width\":800,\"height\":600},\"primaryImageOfPage\":{\"@id\":\"https:\\\/\\\/eldigitaldeasturias.com\\\/magazine365\\\/el-sector-turistico-extremeno-espera-crear-mas-y-mejor-empleo\\\/#mainImage\"},\"datePublished\":\"2015-06-17T07:05:54+02:00\",\"dateModified\":\"2015-06-17T07:05:54+02:00\"},{\"@type\":\"WebSite\",\"@id\":\"https:\\\/\\\/eldigitaldeasturias.com\\\/magazine365\\\/#website\",\"url\":\"https:\\\/\\\/eldigitaldeasturias.com\\\/magazine365\\\/\",\"name\":\"El Digital de Asturias\",\"description\":\"Revista de ocio, turismo y estilo de vida\",\"inLanguage\":\"es-ES\",\"publisher\":{\"@id\":\"https:\\\/\\\/eldigitaldeasturias.com\\\/magazine365\\\/#organization\"}}]}\n\t\t<\/script>\n\t\t<!-- All in One SEO Pro -->\r\n\t\t<title>El sector tur\u00edstico extreme\u00f1o espera crear m\u00e1s y mejor empleo | El Digital de Asturias<\/title>\n\n","aioseo_head_json":{"title":"El sector tur\u00edstico extreme\u00f1o espera crear m\u00e1s y mejor empleo | El Digital de Asturias","description":"Las 54 empresas e instituciones que conforman el Cluster de Turismo de Extremadura han celebrado este martes su asamblea anual en C\u00e1ceres en la que se ha analizado la situaci\u00f3n del sector que espera, a finales de a\u00f1o, mejorar la cuenta de resultados de los negocios y poder revertir esa circunstancia en crear m\u00e1s empleo","canonical_url":"https:\/\/eldigitaldeasturias.com\/magazine365\/el-sector-turistico-extremeno-espera-crear-mas-y-mejor-empleo\/","robots":"max-image-preview:large","keywords":"actualidad turismo","webmasterTools":{"google-site-verification":"UA-38556648-1","miscellaneous":""},"schema":{"@context":"https:\/\/schema.org","@graph":[{"@type":"Article","@id":"https:\/\/eldigitaldeasturias.com\/magazine365\/el-sector-turistico-extremeno-espera-crear-mas-y-mejor-empleo\/#article","name":"El sector tur\u00edstico extreme\u00f1o espera crear m\u00e1s y mejor empleo | El Digital de Asturias","headline":"El sector tur\u00edstico extreme\u00f1o espera crear m\u00e1s y mejor empleo","author":{"@id":"https:\/\/eldigitaldeasturias.com\/magazine365\/author\/admin\/#author"},"publisher":{"@id":"https:\/\/eldigitaldeasturias.com\/magazine365\/#organization"},"image":{"@type":"ImageObject","url":"https:\/\/eldigitaldeasturias.com\/magazine365\/wp-content\/uploads\/2015\/06\/fotonoticia_20150616140938_800.jpg","width":800,"height":600},"datePublished":"2015-06-17T07:05:54+02:00","dateModified":"2015-06-17T07:05:54+02:00","inLanguage":"es-ES","mainEntityOfPage":{"@id":"https:\/\/eldigitaldeasturias.com\/magazine365\/el-sector-turistico-extremeno-espera-crear-mas-y-mejor-empleo\/#webpage"},"isPartOf":{"@id":"https:\/\/eldigitaldeasturias.com\/magazine365\/el-sector-turistico-extremeno-espera-crear-mas-y-mejor-empleo\/#webpage"},"articleSection":"Actualidad Turismo"},{"@type":"BreadcrumbList","@id":"https:\/\/eldigitaldeasturias.com\/magazine365\/el-sector-turistico-extremeno-espera-crear-mas-y-mejor-empleo\/#breadcrumblist","itemListElement":[{"@type":"ListItem","@id":"https:\/\/eldigitaldeasturias.com\/magazine365#listItem","position":1,"name":"Home","item":"https:\/\/eldigitaldeasturias.com\/magazine365","nextItem":{"@type":"ListItem","@id":"https:\/\/eldigitaldeasturias.com\/magazine365\/category\/actualidad-turismo\/#listItem","name":"Actualidad Turismo"}},{"@type":"ListItem","@id":"https:\/\/eldigitaldeasturias.com\/magazine365\/category\/actualidad-turismo\/#listItem","position":2,"name":"Actualidad Turismo","item":"https:\/\/eldigitaldeasturias.com\/magazine365\/category\/actualidad-turismo\/","nextItem":{"@type":"ListItem","@id":"https:\/\/eldigitaldeasturias.com\/magazine365\/el-sector-turistico-extremeno-espera-crear-mas-y-mejor-empleo\/#listItem","name":"El sector tur\u00edstico extreme\u00f1o espera crear m\u00e1s y mejor empleo"},"previousItem":{"@type":"ListItem","@id":"https:\/\/eldigitaldeasturias.com\/magazine365#listItem","name":"Home"}},{"@type":"ListItem","@id":"https:\/\/eldigitaldeasturias.com\/magazine365\/el-sector-turistico-extremeno-espera-crear-mas-y-mejor-empleo\/#listItem","position":3,"name":"El sector tur\u00edstico extreme\u00f1o espera crear m\u00e1s y mejor empleo","previousItem":{"@type":"ListItem","@id":"https:\/\/eldigitaldeasturias.com\/magazine365\/category\/actualidad-turismo\/#listItem","name":"Actualidad Turismo"}}]},{"@type":"Organization","@id":"https:\/\/eldigitaldeasturias.com\/magazine365\/#organization","name":"El digital de Asturias","description":"Revista de ocio, turismo y estilo de vida","url":"https:\/\/eldigitaldeasturias.com\/magazine365\/","logo":{"@type":"ImageObject","url":"https:\/\/www.eldigitaldeasturias.com\/noticias\/wp-content\/uploads\/2020\/12\/EDA.jpg","@id":"https:\/\/eldigitaldeasturias.com\/magazine365\/el-sector-turistico-extremeno-espera-crear-mas-y-mejor-empleo\/#organizationLogo"},"image":{"@id":"https:\/\/eldigitaldeasturias.com\/magazine365\/el-sector-turistico-extremeno-espera-crear-mas-y-mejor-empleo\/#organizationLogo"}},{"@type":"Person","@id":"https:\/\/eldigitaldeasturias.com\/magazine365\/author\/admin\/#author","url":"https:\/\/eldigitaldeasturias.com\/magazine365\/author\/admin\/","name":"admin","image":{"@type":"ImageObject","@id":"https:\/\/eldigitaldeasturias.com\/magazine365\/el-sector-turistico-extremeno-espera-crear-mas-y-mejor-empleo\/#authorImage","url":"https:\/\/eldigitaldeasturias.com\/magazine365\/wp-content\/litespeed\/avatar\/e571bcf59a0edd6fa6838245a470f2fe.jpg?ver=1776969259","width":96,"height":96,"caption":"admin"}},{"@type":"WebPage","@id":"https:\/\/eldigitaldeasturias.com\/magazine365\/el-sector-turistico-extremeno-espera-crear-mas-y-mejor-empleo\/#webpage","url":"https:\/\/eldigitaldeasturias.com\/magazine365\/el-sector-turistico-extremeno-espera-crear-mas-y-mejor-empleo\/","name":"El sector tur\u00edstico extreme\u00f1o espera crear m\u00e1s y mejor empleo | El Digital de Asturias","description":"Las 54 empresas e instituciones que conforman el Cluster de Turismo de Extremadura han celebrado este martes su asamblea anual en C\u00e1ceres en la que se ha analizado la situaci\u00f3n del sector que espera, a finales de a\u00f1o, mejorar la cuenta de resultados de los negocios y poder revertir esa circunstancia en crear m\u00e1s empleo","inLanguage":"es-ES","isPartOf":{"@id":"https:\/\/eldigitaldeasturias.com\/magazine365\/#website"},"breadcrumb":{"@id":"https:\/\/eldigitaldeasturias.com\/magazine365\/el-sector-turistico-extremeno-espera-crear-mas-y-mejor-empleo\/#breadcrumblist"},"author":{"@id":"https:\/\/eldigitaldeasturias.com\/magazine365\/author\/admin\/#author"},"creator":{"@id":"https:\/\/eldigitaldeasturias.com\/magazine365\/author\/admin\/#author"},"image":{"@type":"ImageObject","url":"https:\/\/eldigitaldeasturias.com\/magazine365\/wp-content\/uploads\/2015\/06\/fotonoticia_20150616140938_800.jpg","@id":"https:\/\/eldigitaldeasturias.com\/magazine365\/el-sector-turistico-extremeno-espera-crear-mas-y-mejor-empleo\/#mainImage","width":800,"height":600},"primaryImageOfPage":{"@id":"https:\/\/eldigitaldeasturias.com\/magazine365\/el-sector-turistico-extremeno-espera-crear-mas-y-mejor-empleo\/#mainImage"},"datePublished":"2015-06-17T07:05:54+02:00","dateModified":"2015-06-17T07:05:54+02:00"},{"@type":"WebSite","@id":"https:\/\/eldigitaldeasturias.com\/magazine365\/#website","url":"https:\/\/eldigitaldeasturias.com\/magazine365\/","name":"El Digital de Asturias","description":"Revista de ocio, turismo y estilo de vida","inLanguage":"es-ES","publisher":{"@id":"https:\/\/eldigitaldeasturias.com\/magazine365\/#organization"}}]},"og:locale":"es_ES","og:site_name":"El Digital de Asturias \u2013 Revista de ocio, turismo y estilo de vida","og:type":"article","og:title":"El sector tur\u00edstico extreme\u00f1o espera crear m\u00e1s y mejor empleo | El Digital de Asturias","og:description":"Las 54 empresas e instituciones que conforman el Cluster de Turismo de Extremadura han celebrado este martes su asamblea anual en C\u00e1ceres en la que se ha analizado la situaci\u00f3n del sector que espera, a finales de a\u00f1o, mejorar la cuenta de resultados de los negocios y poder revertir esa circunstancia en crear m\u00e1s empleo","og:url":"https:\/\/eldigitaldeasturias.com\/magazine365\/el-sector-turistico-extremeno-espera-crear-mas-y-mejor-empleo\/","og:image":"https:\/\/eldigitaldeasturias.com\/magazine365\/wp-content\/uploads\/2015\/06\/fotonoticia_20150616140938_800.jpg","og:image:secure_url":"https:\/\/eldigitaldeasturias.com\/magazine365\/wp-content\/uploads\/2015\/06\/fotonoticia_20150616140938_800.jpg","og:image:width":800,"og:image:height":600,"article:published_time":"2015-06-17T05:35:54+00:00","article:modified_time":"2015-06-17T05:35:54+00:00","twitter:card":"summary_large_image","twitter:title":"El sector tur\u00edstico extreme\u00f1o espera crear m\u00e1s y mejor empleo | El Digital de Asturias","twitter:description":"Las 54 empresas e instituciones que conforman el Cluster de Turismo de Extremadura han celebrado este martes su asamblea anual en C\u00e1ceres en la que se ha analizado la situaci\u00f3n del sector que espera, a finales de a\u00f1o, mejorar la cuenta de resultados de los negocios y poder revertir esa circunstancia en crear m\u00e1s empleo","twitter:image":"https:\/\/eldigitaldeasturias.com\/magazine365\/wp-content\/uploads\/2015\/06\/fotonoticia_20150616140938_800.jpg"},"aioseo_meta_data":{"post_id":"40050","title":null,"description":null,"keywords":null,"keyphrases":null,"primary_term":null,"canonical_url":null,"og_title":null,"og_description":null,"og_object_type":"default","og_image_type":"default","og_image_url":null,"og_image_width":null,"og_image_height":null,"og_image_custom_url":null,"og_image_custom_fields":null,"og_video":null,"og_custom_url":null,"og_article_section":null,"og_article_tags":null,"twitter_use_og":false,"twitter_card":"default","twitter_image_type":"default","twitter_image_url":null,"twitter_image_custom_url":null,"twitter_image_custom_fields":null,"twitter_title":null,"twitter_description":null,"schema":{"blockGraphs":[],"customGraphs":[],"default":{"data":{"Article":[],"Course":[],"Dataset":[],"FAQPage":[],"Movie":[],"Person":[],"Product":[],"ProductReview":[],"Car":[],"Recipe":[],"Service":[],"SoftwareApplication":[],"WebPage":[]},"graphName":"","isEnabled":true},"graphs":[],"defaultGraph":"","defaultPostTypeGraph":""},"schema_type":null,"schema_type_options":null,"pillar_content":false,"robots_default":true,"robots_noindex":false,"robots_noarchive":false,"robots_nosnippet":false,"robots_nofollow":false,"robots_noimageindex":false,"robots_noodp":false,"robots_notranslate":false,"robots_max_snippet":null,"robots_max_videopreview":null,"robots_max_imagepreview":"large","priority":null,"frequency":null,"location":null,"local_seo":null,"seo_analyzer_scan_date":"2025-09-19 12:50:09","breadcrumb_settings":null,"limit_modified_date":false,"open_ai":null,"ai":null,"created":"2021-03-09 02:33:44","updated":"2025-09-19 12:50:09"},"aioseo_breadcrumb":"<div class=\"aioseo-breadcrumbs\"><span class=\"aioseo-breadcrumb\">\n\t<a href=\"https:\/\/eldigitaldeasturias.com\/magazine365\" title=\"Home\">Home<\/a>\n<\/span><span class=\"aioseo-breadcrumb-separator\">\u2013<\/span><span class=\"aioseo-breadcrumb\">\n\t<a href=\"https:\/\/eldigitaldeasturias.com\/magazine365\/category\/actualidad-turismo\/\" title=\"Actualidad Turismo\">Actualidad Turismo<\/a>\n<\/span><span class=\"aioseo-breadcrumb-separator\">\u2013<\/span><span class=\"aioseo-breadcrumb\">\n\t<a href=\"https:\/\/eldigitaldeasturias.com\/magazine365\/el-sector-turistico-extremeno-espera-crear-mas-y-mejor-empleo\/\" title=\"El sector tur\u00edstico extreme\u00f1o espera crear m\u00e1s y mejor empleo\">El sector tur\u00edstico extreme\u00f1o espera crear m\u00e1s y mejor empleo<\/a>\n<\/span><\/div>","aioseo_breadcrumb_json":[{"label":"Home","link":"https:\/\/eldigitaldeasturias.com\/magazine365"},{"label":"Actualidad Turismo","link":"https:\/\/eldigitaldeasturias.com\/magazine365\/category\/actualidad-turismo\/"},{"label":"El sector tur\u00edstico extreme\u00f1o espera crear m\u00e1s y mejor empleo","link":"https:\/\/eldigitaldeasturias.com\/magazine365\/el-sector-turistico-extremeno-espera-crear-mas-y-mejor-empleo\/"}],"_links":{"self":[{"href":"https:\/\/eldigitaldeasturias.com\/magazine365\/wp-json\/wp\/v2\/posts\/40050","targetHints":{"allow":["GET"]}}],"collection":[{"href":"https:\/\/eldigitaldeasturias.com\/magazine365\/wp-json\/wp\/v2\/posts"}],"about":[{"href":"https:\/\/eldigitaldeasturias.com\/magazine365\/wp-json\/wp\/v2\/types\/post"}],"author":[{"embeddable":true,"href":"https:\/\/eldigitaldeasturias.com\/magazine365\/wp-json\/wp\/v2\/users\/1"}],"replies":[{"embeddable":true,"href":"https:\/\/eldigitaldeasturias.com\/magazine365\/wp-json\/wp\/v2\/comments?post=40050"}],"version-history":[{"count":0,"href":"https:\/\/eldigitaldeasturias.com\/magazine365\/wp-json\/wp\/v2\/posts\/40050\/revisions"}],"wp:featuredmedia":[{"embeddable":true,"href":"https:\/\/eldigitaldeasturias.com\/magazine365\/wp-json\/wp\/v2\/media\/40051"}],"wp:attachment":[{"href":"https:\/\/eldigitaldeasturias.com\/magazine365\/wp-json\/wp\/v2\/media?parent=40050"}],"wp:term":[{"taxonomy":"category","embeddable":true,"href":"https:\/\/eldigitaldeasturias.com\/magazine365\/wp-json\/wp\/v2\/categories?post=40050"},{"taxonomy":"post_tag","embeddable":true,"href":"https:\/\/eldigitaldeasturias.com\/magazine365\/wp-json\/wp\/v2\/tags?post=40050"}],"curies":[{"name":"wp","href":"https:\/\/api.w.org\/{rel}","templated":true}]}}