{"id":40047,"date":"2015-06-17T07:03:03","date_gmt":"2015-06-17T05:33:03","guid":{"rendered":"http:\/\/eldigitaldeasturias.com\/magazine365\/?p=40047"},"modified":"2015-06-17T07:03:03","modified_gmt":"2015-06-17T05:33:03","slug":"la-italiana-sarce-orientada-a-los-viajes-corporativos-aterriza-en-espana","status":"publish","type":"post","link":"https:\/\/eldigitaldeasturias.com\/magazine365\/la-italiana-sarce-orientada-a-los-viajes-corporativos-aterriza-en-espana\/","title":{"rendered":"La italiana Sarce, orientada a los viajes corporativos, aterriza en Espa\u00f1a"},"content":{"rendered":"<p><img fetchpriority=\"high\" decoding=\"async\" class=\"alignleft size-medium wp-image-40048\" src=\"https:\/\/eldigitaldeasturias.com\/magazine365\/wp-content\/uploads\/2015\/06\/fotonoticia_20150616140853_800-360x240.jpg\" alt=\"fotonoticia_20150616140853_800\" width=\"360\" height=\"240\" srcset=\"https:\/\/eldigitaldeasturias.com\/magazine365\/wp-content\/uploads\/2015\/06\/fotonoticia_20150616140853_800-360x240.jpg 360w, https:\/\/eldigitaldeasturias.com\/magazine365\/wp-content\/uploads\/2015\/06\/fotonoticia_20150616140853_800-650x433.jpg 650w, https:\/\/eldigitaldeasturias.com\/magazine365\/wp-content\/uploads\/2015\/06\/fotonoticia_20150616140853_800-768x512.jpg 768w, https:\/\/eldigitaldeasturias.com\/magazine365\/wp-content\/uploads\/2015\/06\/fotonoticia_20150616140853_800-150x100.jpg 150w, https:\/\/eldigitaldeasturias.com\/magazine365\/wp-content\/uploads\/2015\/06\/fotonoticia_20150616140853_800-450x300.jpg 450w, https:\/\/eldigitaldeasturias.com\/magazine365\/wp-content\/uploads\/2015\/06\/fotonoticia_20150616140853_800-696x464.jpg 696w, https:\/\/eldigitaldeasturias.com\/magazine365\/wp-content\/uploads\/2015\/06\/fotonoticia_20150616140853_800-630x420.jpg 630w, https:\/\/eldigitaldeasturias.com\/magazine365\/wp-content\/uploads\/2015\/06\/fotonoticia_20150616140853_800-84x55.jpg 84w, https:\/\/eldigitaldeasturias.com\/magazine365\/wp-content\/uploads\/2015\/06\/fotonoticia_20150616140853_800.jpg 800w\" sizes=\"(max-width: 360px) 100vw, 360px\" \/>La compa\u00f1\u00eda italiana Sarce, desarrollador de software con soluciones especialmente orientadas a la gesti\u00f3n del proceso de Business Travel, incorpora el mercado espa\u00f1ol a su ambicioso plan de expansi\u00f3n internacional.<\/p>\n<p>Su estrategia se basa en el desarrollo y comercializaci\u00f3n de aplicaciones de \u00faltima generaci\u00f3n, potentes, funcionales y flexibles, y en la alianza con partners estrat\u00e9gicos que le ayuden a impulsar su penetraci\u00f3n en Espa\u00f1a.<\/p>\n<p>Su soluci\u00f3n para la gesti\u00f3n de los procesos asociados al Business Travel se utiliza ya en varias compa\u00f1\u00edas multinacionales con oficinas en Europa, Estados Unidos, Tailandia, Vietnam, India, Rusia, China, Brasil, Colombia, M\u00e9xico o \u00c1frica del Sur.<\/p>\n<p>\u00abDespu\u00e9s de hacer una intensa prospecci\u00f3n del mercado espa\u00f1ol, en el que ya hemos alcanzado algunos acuerdos de colaboraci\u00f3n con organizaciones que nos est\u00e1n ayudando a impulsar el lanzamiento de nuestros aplicativos en Espa\u00f1a, barajamos unas cifras de crecimiento interanual cercanas al 30% para los pr\u00f3ximos cinco a\u00f1os\u00bb, explic\u00f3 el responsable comercial de la compa\u00f1\u00eda, Alberto Scalabrini.<\/p>\n<p>APUESTA POR ESPA\u00d1A.<\/p>\n<p>Los indicadores macroecon\u00f3micos en Espa\u00f1a y las previsiones de crecimiento muestran un escenario prometedor en el que la italiana Sarce quiere desplegar su estrategia de expansi\u00f3n, presentando productos que permitan maximizar la rentabilidad de las empresas.<\/p>\n<p>La compa\u00f1\u00eda arranca su actividad en Espa\u00f1a presentando una de sus soluciones m\u00e1s destacadas: &#8216;Travel &amp; Expense Management&#8217;, una &#8216;suite&#8217; para la gesti\u00f3n global de los procesos relacionados con el Business Travel, desde la organizaci\u00f3n del previo, hasta la gesti\u00f3n de los gastos asociados, incluyendo una opci\u00f3n m\u00f3vil, para agilizar las acciones vinculadas a los viajes de negocio desde cualquier dispositivo smartphone, tablet o iPad.<\/p>\n<p>Una parte de la soluci\u00f3n con la que Saece se introduce en el mercado espa\u00f1ol, concretamente, Nota de Gastos, est\u00e1 siendo ya utilizada por varias organizaciones que operan en Espa\u00f1a, gracias al acuerdo alcanzado a finales del a\u00f1o pasado con CezanneHR, en virtud del cual, se facilita la integraci\u00f3n entre &#8216;Cezanne OnDemand&#8217;, soluci\u00f3n online para la gesti\u00f3n de los recursos humanos, y &#8216;Note Spence&#8217;, que permite optimizar la gesti\u00f3n de las notas de gastos de los viajes de negocio.<\/p>\n","protected":false},"excerpt":{"rendered":"<p>La compa\u00f1\u00eda italiana Sarce, desarrollador de software con soluciones especialmente orientadas a la gesti\u00f3n del proceso de Business Travel, incorpora el mercado espa\u00f1ol a su ambicioso plan de expansi\u00f3n internacional. Su estrategia se basa en el desarrollo y comercializaci\u00f3n de aplicaciones de \u00faltima generaci\u00f3n, potentes, funcionales y flexibles, y en la alianza con partners estrat\u00e9gicos<\/p>\n","protected":false},"author":1,"featured_media":40048,"comment_status":"open","ping_status":"closed","sticky":false,"template":"","format":"standard","meta":{"footnotes":""},"categories":[222],"tags":[],"class_list":{"0":"post-40047","1":"post","2":"type-post","3":"status-publish","4":"format-standard","5":"has-post-thumbnail","7":"category-actualidad-turismo"},"aioseo_notices":[],"aioseo_head":"\n\t\t<!-- All in One SEO Pro 4.9.6.1 - aioseo.com -->\n\t<meta name=\"description\" content=\"La compa\u00f1\u00eda italiana Sarce, desarrollador de software con soluciones especialmente orientadas a la gesti\u00f3n del proceso de Business Travel, incorpora el mercado espa\u00f1ol a su ambicioso plan de expansi\u00f3n internacional. Su estrategia se basa en el desarrollo y comercializaci\u00f3n de aplicaciones de \u00faltima generaci\u00f3n, potentes, funcionales y flexibles, y en la alianza con partners estrat\u00e9gicos\" \/>\n\t<meta name=\"robots\" content=\"max-image-preview:large\" \/>\n\t<meta name=\"author\" content=\"admin\"\/>\n\t<meta name=\"google-site-verification\" content=\"UA-38556648-1\" \/>\n\t<meta name=\"keywords\" content=\"actualidad turismo\" \/>\n\t<link rel=\"canonical\" href=\"https:\/\/eldigitaldeasturias.com\/magazine365\/la-italiana-sarce-orientada-a-los-viajes-corporativos-aterriza-en-espana\/\" \/>\n\t<meta name=\"generator\" content=\"All in One SEO Pro (AIOSEO) 4.9.6.1\" \/>\n\t\t<meta property=\"og:locale\" content=\"es_ES\" \/>\n\t\t<meta property=\"og:site_name\" content=\"El Digital de Asturias \u2013 Revista de ocio, turismo y estilo de vida\" \/>\n\t\t<meta property=\"og:type\" content=\"article\" \/>\n\t\t<meta property=\"og:title\" content=\"La italiana Sarce, orientada a los viajes corporativos, aterriza en Espa\u00f1a | El Digital de Asturias\" \/>\n\t\t<meta property=\"og:description\" content=\"La compa\u00f1\u00eda italiana Sarce, desarrollador de software con soluciones especialmente orientadas a la gesti\u00f3n del proceso de Business Travel, incorpora el mercado espa\u00f1ol a su ambicioso plan de expansi\u00f3n internacional. Su estrategia se basa en el desarrollo y comercializaci\u00f3n de aplicaciones de \u00faltima generaci\u00f3n, potentes, funcionales y flexibles, y en la alianza con partners estrat\u00e9gicos\" \/>\n\t\t<meta property=\"og:url\" content=\"https:\/\/eldigitaldeasturias.com\/magazine365\/la-italiana-sarce-orientada-a-los-viajes-corporativos-aterriza-en-espana\/\" \/>\n\t\t<meta property=\"og:image\" content=\"https:\/\/eldigitaldeasturias.com\/magazine365\/wp-content\/uploads\/2015\/06\/fotonoticia_20150616140853_800.jpg\" \/>\n\t\t<meta property=\"og:image:secure_url\" content=\"https:\/\/eldigitaldeasturias.com\/magazine365\/wp-content\/uploads\/2015\/06\/fotonoticia_20150616140853_800.jpg\" \/>\n\t\t<meta property=\"og:image:width\" content=\"800\" \/>\n\t\t<meta property=\"og:image:height\" content=\"533\" \/>\n\t\t<meta property=\"article:published_time\" content=\"2015-06-17T05:33:03+00:00\" \/>\n\t\t<meta property=\"article:modified_time\" content=\"2015-06-17T05:33:03+00:00\" \/>\n\t\t<meta name=\"twitter:card\" content=\"summary_large_image\" \/>\n\t\t<meta name=\"twitter:title\" content=\"La italiana Sarce, orientada a los viajes corporativos, aterriza en Espa\u00f1a | El Digital de Asturias\" \/>\n\t\t<meta name=\"twitter:description\" content=\"La compa\u00f1\u00eda italiana Sarce, desarrollador de software con soluciones especialmente orientadas a la gesti\u00f3n del proceso de Business Travel, incorpora el mercado espa\u00f1ol a su ambicioso plan de expansi\u00f3n internacional. Su estrategia se basa en el desarrollo y comercializaci\u00f3n de aplicaciones de \u00faltima generaci\u00f3n, potentes, funcionales y flexibles, y en la alianza con partners estrat\u00e9gicos\" \/>\n\t\t<meta name=\"twitter:image\" content=\"https:\/\/eldigitaldeasturias.com\/magazine365\/wp-content\/uploads\/2015\/06\/fotonoticia_20150616140853_800.jpg\" \/>\n\t\t<script type=\"application\/ld+json\" class=\"aioseo-schema\">\n\t\t\t{\"@context\":\"https:\\\/\\\/schema.org\",\"@graph\":[{\"@type\":\"Article\",\"@id\":\"https:\\\/\\\/eldigitaldeasturias.com\\\/magazine365\\\/la-italiana-sarce-orientada-a-los-viajes-corporativos-aterriza-en-espana\\\/#article\",\"name\":\"La italiana Sarce, orientada a los viajes corporativos, aterriza en Espa\\u00f1a | El Digital de Asturias\",\"headline\":\"La italiana Sarce, orientada a los viajes corporativos, aterriza en Espa\\u00f1a\",\"author\":{\"@id\":\"https:\\\/\\\/eldigitaldeasturias.com\\\/magazine365\\\/author\\\/admin\\\/#author\"},\"publisher\":{\"@id\":\"https:\\\/\\\/eldigitaldeasturias.com\\\/magazine365\\\/#organization\"},\"image\":{\"@type\":\"ImageObject\",\"url\":\"https:\\\/\\\/eldigitaldeasturias.com\\\/magazine365\\\/wp-content\\\/uploads\\\/2015\\\/06\\\/fotonoticia_20150616140853_800.jpg\",\"width\":800,\"height\":533},\"datePublished\":\"2015-06-17T07:03:03+02:00\",\"dateModified\":\"2015-06-17T07:03:03+02:00\",\"inLanguage\":\"es-ES\",\"mainEntityOfPage\":{\"@id\":\"https:\\\/\\\/eldigitaldeasturias.com\\\/magazine365\\\/la-italiana-sarce-orientada-a-los-viajes-corporativos-aterriza-en-espana\\\/#webpage\"},\"isPartOf\":{\"@id\":\"https:\\\/\\\/eldigitaldeasturias.com\\\/magazine365\\\/la-italiana-sarce-orientada-a-los-viajes-corporativos-aterriza-en-espana\\\/#webpage\"},\"articleSection\":\"Actualidad Turismo\"},{\"@type\":\"BreadcrumbList\",\"@id\":\"https:\\\/\\\/eldigitaldeasturias.com\\\/magazine365\\\/la-italiana-sarce-orientada-a-los-viajes-corporativos-aterriza-en-espana\\\/#breadcrumblist\",\"itemListElement\":[{\"@type\":\"ListItem\",\"@id\":\"https:\\\/\\\/eldigitaldeasturias.com\\\/magazine365#listItem\",\"position\":1,\"name\":\"Home\",\"item\":\"https:\\\/\\\/eldigitaldeasturias.com\\\/magazine365\",\"nextItem\":{\"@type\":\"ListItem\",\"@id\":\"https:\\\/\\\/eldigitaldeasturias.com\\\/magazine365\\\/category\\\/actualidad-turismo\\\/#listItem\",\"name\":\"Actualidad Turismo\"}},{\"@type\":\"ListItem\",\"@id\":\"https:\\\/\\\/eldigitaldeasturias.com\\\/magazine365\\\/category\\\/actualidad-turismo\\\/#listItem\",\"position\":2,\"name\":\"Actualidad Turismo\",\"item\":\"https:\\\/\\\/eldigitaldeasturias.com\\\/magazine365\\\/category\\\/actualidad-turismo\\\/\",\"nextItem\":{\"@type\":\"ListItem\",\"@id\":\"https:\\\/\\\/eldigitaldeasturias.com\\\/magazine365\\\/la-italiana-sarce-orientada-a-los-viajes-corporativos-aterriza-en-espana\\\/#listItem\",\"name\":\"La italiana Sarce, orientada a los viajes corporativos, aterriza en Espa\\u00f1a\"},\"previousItem\":{\"@type\":\"ListItem\",\"@id\":\"https:\\\/\\\/eldigitaldeasturias.com\\\/magazine365#listItem\",\"name\":\"Home\"}},{\"@type\":\"ListItem\",\"@id\":\"https:\\\/\\\/eldigitaldeasturias.com\\\/magazine365\\\/la-italiana-sarce-orientada-a-los-viajes-corporativos-aterriza-en-espana\\\/#listItem\",\"position\":3,\"name\":\"La italiana Sarce, orientada a los viajes corporativos, aterriza en Espa\\u00f1a\",\"previousItem\":{\"@type\":\"ListItem\",\"@id\":\"https:\\\/\\\/eldigitaldeasturias.com\\\/magazine365\\\/category\\\/actualidad-turismo\\\/#listItem\",\"name\":\"Actualidad Turismo\"}}]},{\"@type\":\"Organization\",\"@id\":\"https:\\\/\\\/eldigitaldeasturias.com\\\/magazine365\\\/#organization\",\"name\":\"El digital de Asturias\",\"description\":\"Revista de ocio, turismo y estilo de vida\",\"url\":\"https:\\\/\\\/eldigitaldeasturias.com\\\/magazine365\\\/\",\"logo\":{\"@type\":\"ImageObject\",\"url\":\"https:\\\/\\\/www.eldigitaldeasturias.com\\\/noticias\\\/wp-content\\\/uploads\\\/2020\\\/12\\\/EDA.jpg\",\"@id\":\"https:\\\/\\\/eldigitaldeasturias.com\\\/magazine365\\\/la-italiana-sarce-orientada-a-los-viajes-corporativos-aterriza-en-espana\\\/#organizationLogo\"},\"image\":{\"@id\":\"https:\\\/\\\/eldigitaldeasturias.com\\\/magazine365\\\/la-italiana-sarce-orientada-a-los-viajes-corporativos-aterriza-en-espana\\\/#organizationLogo\"}},{\"@type\":\"Person\",\"@id\":\"https:\\\/\\\/eldigitaldeasturias.com\\\/magazine365\\\/author\\\/admin\\\/#author\",\"url\":\"https:\\\/\\\/eldigitaldeasturias.com\\\/magazine365\\\/author\\\/admin\\\/\",\"name\":\"admin\",\"image\":{\"@type\":\"ImageObject\",\"@id\":\"https:\\\/\\\/eldigitaldeasturias.com\\\/magazine365\\\/la-italiana-sarce-orientada-a-los-viajes-corporativos-aterriza-en-espana\\\/#authorImage\",\"url\":\"https:\\\/\\\/eldigitaldeasturias.com\\\/magazine365\\\/wp-content\\\/litespeed\\\/avatar\\\/e571bcf59a0edd6fa6838245a470f2fe.jpg?ver=1776969259\",\"width\":96,\"height\":96,\"caption\":\"admin\"}},{\"@type\":\"WebPage\",\"@id\":\"https:\\\/\\\/eldigitaldeasturias.com\\\/magazine365\\\/la-italiana-sarce-orientada-a-los-viajes-corporativos-aterriza-en-espana\\\/#webpage\",\"url\":\"https:\\\/\\\/eldigitaldeasturias.com\\\/magazine365\\\/la-italiana-sarce-orientada-a-los-viajes-corporativos-aterriza-en-espana\\\/\",\"name\":\"La italiana Sarce, orientada a los viajes corporativos, aterriza en Espa\\u00f1a | El Digital de Asturias\",\"description\":\"La compa\\u00f1\\u00eda italiana Sarce, desarrollador de software con soluciones especialmente orientadas a la gesti\\u00f3n del proceso de Business Travel, incorpora el mercado espa\\u00f1ol a su ambicioso plan de expansi\\u00f3n internacional. Su estrategia se basa en el desarrollo y comercializaci\\u00f3n de aplicaciones de \\u00faltima generaci\\u00f3n, potentes, funcionales y flexibles, y en la alianza con partners estrat\\u00e9gicos\",\"inLanguage\":\"es-ES\",\"isPartOf\":{\"@id\":\"https:\\\/\\\/eldigitaldeasturias.com\\\/magazine365\\\/#website\"},\"breadcrumb\":{\"@id\":\"https:\\\/\\\/eldigitaldeasturias.com\\\/magazine365\\\/la-italiana-sarce-orientada-a-los-viajes-corporativos-aterriza-en-espana\\\/#breadcrumblist\"},\"author\":{\"@id\":\"https:\\\/\\\/eldigitaldeasturias.com\\\/magazine365\\\/author\\\/admin\\\/#author\"},\"creator\":{\"@id\":\"https:\\\/\\\/eldigitaldeasturias.com\\\/magazine365\\\/author\\\/admin\\\/#author\"},\"image\":{\"@type\":\"ImageObject\",\"url\":\"https:\\\/\\\/eldigitaldeasturias.com\\\/magazine365\\\/wp-content\\\/uploads\\\/2015\\\/06\\\/fotonoticia_20150616140853_800.jpg\",\"@id\":\"https:\\\/\\\/eldigitaldeasturias.com\\\/magazine365\\\/la-italiana-sarce-orientada-a-los-viajes-corporativos-aterriza-en-espana\\\/#mainImage\",\"width\":800,\"height\":533},\"primaryImageOfPage\":{\"@id\":\"https:\\\/\\\/eldigitaldeasturias.com\\\/magazine365\\\/la-italiana-sarce-orientada-a-los-viajes-corporativos-aterriza-en-espana\\\/#mainImage\"},\"datePublished\":\"2015-06-17T07:03:03+02:00\",\"dateModified\":\"2015-06-17T07:03:03+02:00\"},{\"@type\":\"WebSite\",\"@id\":\"https:\\\/\\\/eldigitaldeasturias.com\\\/magazine365\\\/#website\",\"url\":\"https:\\\/\\\/eldigitaldeasturias.com\\\/magazine365\\\/\",\"name\":\"El Digital de Asturias\",\"description\":\"Revista de ocio, turismo y estilo de vida\",\"inLanguage\":\"es-ES\",\"publisher\":{\"@id\":\"https:\\\/\\\/eldigitaldeasturias.com\\\/magazine365\\\/#organization\"}}]}\n\t\t<\/script>\n\t\t<!-- All in One SEO Pro -->\r\n\t\t<title>La italiana Sarce, orientada a los viajes corporativos, aterriza en Espa\u00f1a | El Digital de Asturias<\/title>\n\n","aioseo_head_json":{"title":"La italiana Sarce, orientada a los viajes corporativos, aterriza en Espa\u00f1a | El Digital de Asturias","description":"La compa\u00f1\u00eda italiana Sarce, desarrollador de software con soluciones especialmente orientadas a la gesti\u00f3n del proceso de Business Travel, incorpora el mercado espa\u00f1ol a su ambicioso plan de expansi\u00f3n internacional. Su estrategia se basa en el desarrollo y comercializaci\u00f3n de aplicaciones de \u00faltima generaci\u00f3n, potentes, funcionales y flexibles, y en la alianza con partners estrat\u00e9gicos","canonical_url":"https:\/\/eldigitaldeasturias.com\/magazine365\/la-italiana-sarce-orientada-a-los-viajes-corporativos-aterriza-en-espana\/","robots":"max-image-preview:large","keywords":"actualidad turismo","webmasterTools":{"google-site-verification":"UA-38556648-1","miscellaneous":""},"schema":{"@context":"https:\/\/schema.org","@graph":[{"@type":"Article","@id":"https:\/\/eldigitaldeasturias.com\/magazine365\/la-italiana-sarce-orientada-a-los-viajes-corporativos-aterriza-en-espana\/#article","name":"La italiana Sarce, orientada a los viajes corporativos, aterriza en Espa\u00f1a | El Digital de Asturias","headline":"La italiana Sarce, orientada a los viajes corporativos, aterriza en Espa\u00f1a","author":{"@id":"https:\/\/eldigitaldeasturias.com\/magazine365\/author\/admin\/#author"},"publisher":{"@id":"https:\/\/eldigitaldeasturias.com\/magazine365\/#organization"},"image":{"@type":"ImageObject","url":"https:\/\/eldigitaldeasturias.com\/magazine365\/wp-content\/uploads\/2015\/06\/fotonoticia_20150616140853_800.jpg","width":800,"height":533},"datePublished":"2015-06-17T07:03:03+02:00","dateModified":"2015-06-17T07:03:03+02:00","inLanguage":"es-ES","mainEntityOfPage":{"@id":"https:\/\/eldigitaldeasturias.com\/magazine365\/la-italiana-sarce-orientada-a-los-viajes-corporativos-aterriza-en-espana\/#webpage"},"isPartOf":{"@id":"https:\/\/eldigitaldeasturias.com\/magazine365\/la-italiana-sarce-orientada-a-los-viajes-corporativos-aterriza-en-espana\/#webpage"},"articleSection":"Actualidad Turismo"},{"@type":"BreadcrumbList","@id":"https:\/\/eldigitaldeasturias.com\/magazine365\/la-italiana-sarce-orientada-a-los-viajes-corporativos-aterriza-en-espana\/#breadcrumblist","itemListElement":[{"@type":"ListItem","@id":"https:\/\/eldigitaldeasturias.com\/magazine365#listItem","position":1,"name":"Home","item":"https:\/\/eldigitaldeasturias.com\/magazine365","nextItem":{"@type":"ListItem","@id":"https:\/\/eldigitaldeasturias.com\/magazine365\/category\/actualidad-turismo\/#listItem","name":"Actualidad Turismo"}},{"@type":"ListItem","@id":"https:\/\/eldigitaldeasturias.com\/magazine365\/category\/actualidad-turismo\/#listItem","position":2,"name":"Actualidad Turismo","item":"https:\/\/eldigitaldeasturias.com\/magazine365\/category\/actualidad-turismo\/","nextItem":{"@type":"ListItem","@id":"https:\/\/eldigitaldeasturias.com\/magazine365\/la-italiana-sarce-orientada-a-los-viajes-corporativos-aterriza-en-espana\/#listItem","name":"La italiana Sarce, orientada a los viajes corporativos, aterriza en Espa\u00f1a"},"previousItem":{"@type":"ListItem","@id":"https:\/\/eldigitaldeasturias.com\/magazine365#listItem","name":"Home"}},{"@type":"ListItem","@id":"https:\/\/eldigitaldeasturias.com\/magazine365\/la-italiana-sarce-orientada-a-los-viajes-corporativos-aterriza-en-espana\/#listItem","position":3,"name":"La italiana Sarce, orientada a los viajes corporativos, aterriza en Espa\u00f1a","previousItem":{"@type":"ListItem","@id":"https:\/\/eldigitaldeasturias.com\/magazine365\/category\/actualidad-turismo\/#listItem","name":"Actualidad Turismo"}}]},{"@type":"Organization","@id":"https:\/\/eldigitaldeasturias.com\/magazine365\/#organization","name":"El digital de Asturias","description":"Revista de ocio, turismo y estilo de vida","url":"https:\/\/eldigitaldeasturias.com\/magazine365\/","logo":{"@type":"ImageObject","url":"https:\/\/www.eldigitaldeasturias.com\/noticias\/wp-content\/uploads\/2020\/12\/EDA.jpg","@id":"https:\/\/eldigitaldeasturias.com\/magazine365\/la-italiana-sarce-orientada-a-los-viajes-corporativos-aterriza-en-espana\/#organizationLogo"},"image":{"@id":"https:\/\/eldigitaldeasturias.com\/magazine365\/la-italiana-sarce-orientada-a-los-viajes-corporativos-aterriza-en-espana\/#organizationLogo"}},{"@type":"Person","@id":"https:\/\/eldigitaldeasturias.com\/magazine365\/author\/admin\/#author","url":"https:\/\/eldigitaldeasturias.com\/magazine365\/author\/admin\/","name":"admin","image":{"@type":"ImageObject","@id":"https:\/\/eldigitaldeasturias.com\/magazine365\/la-italiana-sarce-orientada-a-los-viajes-corporativos-aterriza-en-espana\/#authorImage","url":"https:\/\/eldigitaldeasturias.com\/magazine365\/wp-content\/litespeed\/avatar\/e571bcf59a0edd6fa6838245a470f2fe.jpg?ver=1776969259","width":96,"height":96,"caption":"admin"}},{"@type":"WebPage","@id":"https:\/\/eldigitaldeasturias.com\/magazine365\/la-italiana-sarce-orientada-a-los-viajes-corporativos-aterriza-en-espana\/#webpage","url":"https:\/\/eldigitaldeasturias.com\/magazine365\/la-italiana-sarce-orientada-a-los-viajes-corporativos-aterriza-en-espana\/","name":"La italiana Sarce, orientada a los viajes corporativos, aterriza en Espa\u00f1a | El Digital de Asturias","description":"La compa\u00f1\u00eda italiana Sarce, desarrollador de software con soluciones especialmente orientadas a la gesti\u00f3n del proceso de Business Travel, incorpora el mercado espa\u00f1ol a su ambicioso plan de expansi\u00f3n internacional. Su estrategia se basa en el desarrollo y comercializaci\u00f3n de aplicaciones de \u00faltima generaci\u00f3n, potentes, funcionales y flexibles, y en la alianza con partners estrat\u00e9gicos","inLanguage":"es-ES","isPartOf":{"@id":"https:\/\/eldigitaldeasturias.com\/magazine365\/#website"},"breadcrumb":{"@id":"https:\/\/eldigitaldeasturias.com\/magazine365\/la-italiana-sarce-orientada-a-los-viajes-corporativos-aterriza-en-espana\/#breadcrumblist"},"author":{"@id":"https:\/\/eldigitaldeasturias.com\/magazine365\/author\/admin\/#author"},"creator":{"@id":"https:\/\/eldigitaldeasturias.com\/magazine365\/author\/admin\/#author"},"image":{"@type":"ImageObject","url":"https:\/\/eldigitaldeasturias.com\/magazine365\/wp-content\/uploads\/2015\/06\/fotonoticia_20150616140853_800.jpg","@id":"https:\/\/eldigitaldeasturias.com\/magazine365\/la-italiana-sarce-orientada-a-los-viajes-corporativos-aterriza-en-espana\/#mainImage","width":800,"height":533},"primaryImageOfPage":{"@id":"https:\/\/eldigitaldeasturias.com\/magazine365\/la-italiana-sarce-orientada-a-los-viajes-corporativos-aterriza-en-espana\/#mainImage"},"datePublished":"2015-06-17T07:03:03+02:00","dateModified":"2015-06-17T07:03:03+02:00"},{"@type":"WebSite","@id":"https:\/\/eldigitaldeasturias.com\/magazine365\/#website","url":"https:\/\/eldigitaldeasturias.com\/magazine365\/","name":"El Digital de Asturias","description":"Revista de ocio, turismo y estilo de vida","inLanguage":"es-ES","publisher":{"@id":"https:\/\/eldigitaldeasturias.com\/magazine365\/#organization"}}]},"og:locale":"es_ES","og:site_name":"El Digital de Asturias \u2013 Revista de ocio, turismo y estilo de vida","og:type":"article","og:title":"La italiana Sarce, orientada a los viajes corporativos, aterriza en Espa\u00f1a | El Digital de Asturias","og:description":"La compa\u00f1\u00eda italiana Sarce, desarrollador de software con soluciones especialmente orientadas a la gesti\u00f3n del proceso de Business Travel, incorpora el mercado espa\u00f1ol a su ambicioso plan de expansi\u00f3n internacional. Su estrategia se basa en el desarrollo y comercializaci\u00f3n de aplicaciones de \u00faltima generaci\u00f3n, potentes, funcionales y flexibles, y en la alianza con partners estrat\u00e9gicos","og:url":"https:\/\/eldigitaldeasturias.com\/magazine365\/la-italiana-sarce-orientada-a-los-viajes-corporativos-aterriza-en-espana\/","og:image":"https:\/\/eldigitaldeasturias.com\/magazine365\/wp-content\/uploads\/2015\/06\/fotonoticia_20150616140853_800.jpg","og:image:secure_url":"https:\/\/eldigitaldeasturias.com\/magazine365\/wp-content\/uploads\/2015\/06\/fotonoticia_20150616140853_800.jpg","og:image:width":800,"og:image:height":533,"article:published_time":"2015-06-17T05:33:03+00:00","article:modified_time":"2015-06-17T05:33:03+00:00","twitter:card":"summary_large_image","twitter:title":"La italiana Sarce, orientada a los viajes corporativos, aterriza en Espa\u00f1a | El Digital de Asturias","twitter:description":"La compa\u00f1\u00eda italiana Sarce, desarrollador de software con soluciones especialmente orientadas a la gesti\u00f3n del proceso de Business Travel, incorpora el mercado espa\u00f1ol a su ambicioso plan de expansi\u00f3n internacional. Su estrategia se basa en el desarrollo y comercializaci\u00f3n de aplicaciones de \u00faltima generaci\u00f3n, potentes, funcionales y flexibles, y en la alianza con partners estrat\u00e9gicos","twitter:image":"https:\/\/eldigitaldeasturias.com\/magazine365\/wp-content\/uploads\/2015\/06\/fotonoticia_20150616140853_800.jpg"},"aioseo_meta_data":{"post_id":"40047","title":null,"description":null,"keywords":null,"keyphrases":null,"primary_term":null,"canonical_url":null,"og_title":null,"og_description":null,"og_object_type":"default","og_image_type":"default","og_image_url":null,"og_image_width":null,"og_image_height":null,"og_image_custom_url":null,"og_image_custom_fields":null,"og_video":null,"og_custom_url":null,"og_article_section":null,"og_article_tags":null,"twitter_use_og":false,"twitter_card":"default","twitter_image_type":"default","twitter_image_url":null,"twitter_image_custom_url":null,"twitter_image_custom_fields":null,"twitter_title":null,"twitter_description":null,"schema":{"blockGraphs":[],"customGraphs":[],"default":{"data":{"Article":[],"Course":[],"Dataset":[],"FAQPage":[],"Movie":[],"Person":[],"Product":[],"ProductReview":[],"Car":[],"Recipe":[],"Service":[],"SoftwareApplication":[],"WebPage":[]},"graphName":"","isEnabled":true},"graphs":[],"defaultGraph":"","defaultPostTypeGraph":""},"schema_type":null,"schema_type_options":null,"pillar_content":false,"robots_default":true,"robots_noindex":false,"robots_noarchive":false,"robots_nosnippet":false,"robots_nofollow":false,"robots_noimageindex":false,"robots_noodp":false,"robots_notranslate":false,"robots_max_snippet":null,"robots_max_videopreview":null,"robots_max_imagepreview":"large","priority":null,"frequency":null,"location":null,"local_seo":null,"seo_analyzer_scan_date":"2025-09-19 12:50:07","breadcrumb_settings":null,"limit_modified_date":false,"open_ai":null,"ai":null,"created":"2021-03-09 02:33:44","updated":"2025-09-19 12:50:07"},"aioseo_breadcrumb":"<div class=\"aioseo-breadcrumbs\"><span class=\"aioseo-breadcrumb\">\n\t<a href=\"https:\/\/eldigitaldeasturias.com\/magazine365\" title=\"Home\">Home<\/a>\n<\/span><span class=\"aioseo-breadcrumb-separator\">\u2013<\/span><span class=\"aioseo-breadcrumb\">\n\t<a href=\"https:\/\/eldigitaldeasturias.com\/magazine365\/category\/actualidad-turismo\/\" title=\"Actualidad Turismo\">Actualidad Turismo<\/a>\n<\/span><span class=\"aioseo-breadcrumb-separator\">\u2013<\/span><span class=\"aioseo-breadcrumb\">\n\t<a href=\"https:\/\/eldigitaldeasturias.com\/magazine365\/la-italiana-sarce-orientada-a-los-viajes-corporativos-aterriza-en-espana\/\" title=\"La italiana Sarce, orientada a los viajes corporativos, aterriza en Espa\u00f1a\">La italiana Sarce, orientada a los viajes corporativos, aterriza en Espa\u00f1a<\/a>\n<\/span><\/div>","aioseo_breadcrumb_json":[{"label":"Home","link":"https:\/\/eldigitaldeasturias.com\/magazine365"},{"label":"Actualidad Turismo","link":"https:\/\/eldigitaldeasturias.com\/magazine365\/category\/actualidad-turismo\/"},{"label":"La italiana Sarce, orientada a los viajes corporativos, aterriza en Espa\u00f1a","link":"https:\/\/eldigitaldeasturias.com\/magazine365\/la-italiana-sarce-orientada-a-los-viajes-corporativos-aterriza-en-espana\/"}],"_links":{"self":[{"href":"https:\/\/eldigitaldeasturias.com\/magazine365\/wp-json\/wp\/v2\/posts\/40047","targetHints":{"allow":["GET"]}}],"collection":[{"href":"https:\/\/eldigitaldeasturias.com\/magazine365\/wp-json\/wp\/v2\/posts"}],"about":[{"href":"https:\/\/eldigitaldeasturias.com\/magazine365\/wp-json\/wp\/v2\/types\/post"}],"author":[{"embeddable":true,"href":"https:\/\/eldigitaldeasturias.com\/magazine365\/wp-json\/wp\/v2\/users\/1"}],"replies":[{"embeddable":true,"href":"https:\/\/eldigitaldeasturias.com\/magazine365\/wp-json\/wp\/v2\/comments?post=40047"}],"version-history":[{"count":0,"href":"https:\/\/eldigitaldeasturias.com\/magazine365\/wp-json\/wp\/v2\/posts\/40047\/revisions"}],"wp:featuredmedia":[{"embeddable":true,"href":"https:\/\/eldigitaldeasturias.com\/magazine365\/wp-json\/wp\/v2\/media\/40048"}],"wp:attachment":[{"href":"https:\/\/eldigitaldeasturias.com\/magazine365\/wp-json\/wp\/v2\/media?parent=40047"}],"wp:term":[{"taxonomy":"category","embeddable":true,"href":"https:\/\/eldigitaldeasturias.com\/magazine365\/wp-json\/wp\/v2\/categories?post=40047"},{"taxonomy":"post_tag","embeddable":true,"href":"https:\/\/eldigitaldeasturias.com\/magazine365\/wp-json\/wp\/v2\/tags?post=40047"}],"curies":[{"name":"wp","href":"https:\/\/api.w.org\/{rel}","templated":true}]}}