{"id":40044,"date":"2015-06-17T07:02:00","date_gmt":"2015-06-17T05:32:00","guid":{"rendered":"http:\/\/eldigitaldeasturias.com\/magazine365\/?p=40044"},"modified":"2015-06-17T07:02:00","modified_gmt":"2015-06-17T05:32:00","slug":"air-europa-rinde-homenaje-a-angel-nieto-y-bautiza-con-su-nombre-a-uno-de-sus-a330","status":"publish","type":"post","link":"https:\/\/eldigitaldeasturias.com\/magazine365\/air-europa-rinde-homenaje-a-angel-nieto-y-bautiza-con-su-nombre-a-uno-de-sus-a330\/","title":{"rendered":"Air Europa rinde homenaje a \u00c1ngel Nieto y bautiza con su nombre a uno de sus A330"},"content":{"rendered":"<p><img fetchpriority=\"high\" decoding=\"async\" class=\"alignleft size-medium wp-image-40045\" src=\"https:\/\/eldigitaldeasturias.com\/magazine365\/wp-content\/uploads\/2015\/06\/fotonoticia_20150616140753_800-360x240.jpg\" alt=\"fotonoticia_20150616140753_800\" width=\"360\" height=\"240\" srcset=\"https:\/\/eldigitaldeasturias.com\/magazine365\/wp-content\/uploads\/2015\/06\/fotonoticia_20150616140753_800-360x240.jpg 360w, https:\/\/eldigitaldeasturias.com\/magazine365\/wp-content\/uploads\/2015\/06\/fotonoticia_20150616140753_800-650x434.jpg 650w, https:\/\/eldigitaldeasturias.com\/magazine365\/wp-content\/uploads\/2015\/06\/fotonoticia_20150616140753_800-768x513.jpg 768w, https:\/\/eldigitaldeasturias.com\/magazine365\/wp-content\/uploads\/2015\/06\/fotonoticia_20150616140753_800-150x100.jpg 150w, https:\/\/eldigitaldeasturias.com\/magazine365\/wp-content\/uploads\/2015\/06\/fotonoticia_20150616140753_800-450x300.jpg 450w, https:\/\/eldigitaldeasturias.com\/magazine365\/wp-content\/uploads\/2015\/06\/fotonoticia_20150616140753_800-696x465.jpg 696w, https:\/\/eldigitaldeasturias.com\/magazine365\/wp-content\/uploads\/2015\/06\/fotonoticia_20150616140753_800-629x420.jpg 629w, https:\/\/eldigitaldeasturias.com\/magazine365\/wp-content\/uploads\/2015\/06\/fotonoticia_20150616140753_800-84x55.jpg 84w, https:\/\/eldigitaldeasturias.com\/magazine365\/wp-content\/uploads\/2015\/06\/fotonoticia_20150616140753_800.jpg 800w\" sizes=\"(max-width: 360px) 100vw, 360px\" \/>Air Europa, la aerol\u00ednea del grupo Globalia, ha querido rendir homenaje al piloto de motociclismo \u00c1ngel Nieto bautizando con su nombre a uno de sus A330 destinado a operar rutas transoce\u00e1nicas.<\/p>\n<p>Al acto de presentaci\u00f3n, que ha tenido lugar en el aeropuerto Adolfo Su\u00e1rez Madrid-Barajas, ha acudido el presidente de Globalia, Juan Jos\u00e9 Hidalgo, y \u00c1ngel Nieto.<\/p>\n<p>\u00abPara Air Europa es todo un honor lucir en uno de nuestros aviones de mayor envergadura el nombre de uno de los mejores pilotos espa\u00f1oles de toda la historia\u00bb, ha dicho Hildago, qui\u00e9n record\u00f3 los 12-1 t\u00edtulos de Nieto como campe\u00f3n de motociclismo en sus diversas categor\u00edas.<\/p>\n<p>Para Hidalgo estos 12+1 t\u00edtulos certifican \u00ablos valores de los cuales la compa\u00f1\u00eda siempre gusta de hacer gala: el tes\u00f3n, la lucha y el inconformismo\u00bb.<\/p>\n<p>De su lado, Nieto ha agradecido al presidente de Globalia este \u00abgesto de amistad\u00bb no sin antes hacer menci\u00f3n al orgullo que le produce que \u00abun avi\u00f3n de estas dimensiones y adem\u00e1s perteneciente a una compa\u00f1\u00eda 100% espa\u00f1ola vaya a llevar su nombre los por cielos de Europa y Am\u00e9rica\u00bb.<\/p>\n","protected":false},"excerpt":{"rendered":"<p>Air Europa, la aerol\u00ednea del grupo Globalia, ha querido rendir homenaje al piloto de motociclismo \u00c1ngel Nieto bautizando con su nombre a uno de sus A330 destinado a operar rutas transoce\u00e1nicas. Al acto de presentaci\u00f3n, que ha tenido lugar en el aeropuerto Adolfo Su\u00e1rez Madrid-Barajas, ha acudido el presidente de Globalia, Juan Jos\u00e9 Hidalgo, y<\/p>\n","protected":false},"author":1,"featured_media":40045,"comment_status":"open","ping_status":"closed","sticky":false,"template":"","format":"standard","meta":{"footnotes":""},"categories":[222],"tags":[],"class_list":{"0":"post-40044","1":"post","2":"type-post","3":"status-publish","4":"format-standard","5":"has-post-thumbnail","7":"category-actualidad-turismo"},"aioseo_notices":[],"aioseo_head":"\n\t\t<!-- All in One SEO Pro 4.9.6.1 - aioseo.com -->\n\t<meta name=\"description\" content=\"Air Europa, la aerol\u00ednea del grupo Globalia, ha querido rendir homenaje al piloto de motociclismo \u00c1ngel Nieto bautizando con su nombre a uno de sus A330 destinado a operar rutas transoce\u00e1nicas. Al acto de presentaci\u00f3n, que ha tenido lugar en el aeropuerto Adolfo Su\u00e1rez Madrid-Barajas, ha acudido el presidente de Globalia, Juan Jos\u00e9 Hidalgo, y\" \/>\n\t<meta name=\"robots\" content=\"max-image-preview:large\" \/>\n\t<meta name=\"author\" content=\"admin\"\/>\n\t<meta name=\"google-site-verification\" content=\"UA-38556648-1\" \/>\n\t<meta name=\"keywords\" content=\"actualidad turismo\" \/>\n\t<link rel=\"canonical\" href=\"https:\/\/eldigitaldeasturias.com\/magazine365\/air-europa-rinde-homenaje-a-angel-nieto-y-bautiza-con-su-nombre-a-uno-de-sus-a330\/\" \/>\n\t<meta name=\"generator\" content=\"All in One SEO Pro (AIOSEO) 4.9.6.1\" \/>\n\t\t<meta property=\"og:locale\" content=\"es_ES\" \/>\n\t\t<meta property=\"og:site_name\" content=\"El Digital de Asturias \u2013 Revista de ocio, turismo y estilo de vida\" \/>\n\t\t<meta property=\"og:type\" content=\"article\" \/>\n\t\t<meta property=\"og:title\" content=\"Air Europa rinde homenaje a \u00c1ngel Nieto y bautiza con su nombre a uno de sus A330 | El Digital de Asturias\" \/>\n\t\t<meta property=\"og:description\" content=\"Air Europa, la aerol\u00ednea del grupo Globalia, ha querido rendir homenaje al piloto de motociclismo \u00c1ngel Nieto bautizando con su nombre a uno de sus A330 destinado a operar rutas transoce\u00e1nicas. Al acto de presentaci\u00f3n, que ha tenido lugar en el aeropuerto Adolfo Su\u00e1rez Madrid-Barajas, ha acudido el presidente de Globalia, Juan Jos\u00e9 Hidalgo, y\" \/>\n\t\t<meta property=\"og:url\" content=\"https:\/\/eldigitaldeasturias.com\/magazine365\/air-europa-rinde-homenaje-a-angel-nieto-y-bautiza-con-su-nombre-a-uno-de-sus-a330\/\" \/>\n\t\t<meta property=\"og:image\" content=\"https:\/\/eldigitaldeasturias.com\/magazine365\/wp-content\/uploads\/2015\/06\/fotonoticia_20150616140753_800.jpg\" \/>\n\t\t<meta property=\"og:image:secure_url\" content=\"https:\/\/eldigitaldeasturias.com\/magazine365\/wp-content\/uploads\/2015\/06\/fotonoticia_20150616140753_800.jpg\" \/>\n\t\t<meta property=\"og:image:width\" content=\"800\" \/>\n\t\t<meta property=\"og:image:height\" content=\"534\" \/>\n\t\t<meta property=\"article:published_time\" content=\"2015-06-17T05:32:00+00:00\" \/>\n\t\t<meta property=\"article:modified_time\" content=\"2015-06-17T05:32:00+00:00\" \/>\n\t\t<meta name=\"twitter:card\" content=\"summary_large_image\" \/>\n\t\t<meta name=\"twitter:title\" content=\"Air Europa rinde homenaje a \u00c1ngel Nieto y bautiza con su nombre a uno de sus A330 | El Digital de Asturias\" \/>\n\t\t<meta name=\"twitter:description\" content=\"Air Europa, la aerol\u00ednea del grupo Globalia, ha querido rendir homenaje al piloto de motociclismo \u00c1ngel Nieto bautizando con su nombre a uno de sus A330 destinado a operar rutas transoce\u00e1nicas. Al acto de presentaci\u00f3n, que ha tenido lugar en el aeropuerto Adolfo Su\u00e1rez Madrid-Barajas, ha acudido el presidente de Globalia, Juan Jos\u00e9 Hidalgo, y\" \/>\n\t\t<meta name=\"twitter:image\" content=\"https:\/\/eldigitaldeasturias.com\/magazine365\/wp-content\/uploads\/2015\/06\/fotonoticia_20150616140753_800.jpg\" \/>\n\t\t<script type=\"application\/ld+json\" class=\"aioseo-schema\">\n\t\t\t{\"@context\":\"https:\\\/\\\/schema.org\",\"@graph\":[{\"@type\":\"Article\",\"@id\":\"https:\\\/\\\/eldigitaldeasturias.com\\\/magazine365\\\/air-europa-rinde-homenaje-a-angel-nieto-y-bautiza-con-su-nombre-a-uno-de-sus-a330\\\/#article\",\"name\":\"Air Europa rinde homenaje a \\u00c1ngel Nieto y bautiza con su nombre a uno de sus A330 | El Digital de Asturias\",\"headline\":\"Air Europa rinde homenaje a \\u00c1ngel Nieto y bautiza con su nombre a uno de sus A330\",\"author\":{\"@id\":\"https:\\\/\\\/eldigitaldeasturias.com\\\/magazine365\\\/author\\\/admin\\\/#author\"},\"publisher\":{\"@id\":\"https:\\\/\\\/eldigitaldeasturias.com\\\/magazine365\\\/#organization\"},\"image\":{\"@type\":\"ImageObject\",\"url\":\"https:\\\/\\\/eldigitaldeasturias.com\\\/magazine365\\\/wp-content\\\/uploads\\\/2015\\\/06\\\/fotonoticia_20150616140753_800.jpg\",\"width\":800,\"height\":534},\"datePublished\":\"2015-06-17T07:02:00+02:00\",\"dateModified\":\"2015-06-17T07:02:00+02:00\",\"inLanguage\":\"es-ES\",\"mainEntityOfPage\":{\"@id\":\"https:\\\/\\\/eldigitaldeasturias.com\\\/magazine365\\\/air-europa-rinde-homenaje-a-angel-nieto-y-bautiza-con-su-nombre-a-uno-de-sus-a330\\\/#webpage\"},\"isPartOf\":{\"@id\":\"https:\\\/\\\/eldigitaldeasturias.com\\\/magazine365\\\/air-europa-rinde-homenaje-a-angel-nieto-y-bautiza-con-su-nombre-a-uno-de-sus-a330\\\/#webpage\"},\"articleSection\":\"Actualidad Turismo\"},{\"@type\":\"BreadcrumbList\",\"@id\":\"https:\\\/\\\/eldigitaldeasturias.com\\\/magazine365\\\/air-europa-rinde-homenaje-a-angel-nieto-y-bautiza-con-su-nombre-a-uno-de-sus-a330\\\/#breadcrumblist\",\"itemListElement\":[{\"@type\":\"ListItem\",\"@id\":\"https:\\\/\\\/eldigitaldeasturias.com\\\/magazine365#listItem\",\"position\":1,\"name\":\"Home\",\"item\":\"https:\\\/\\\/eldigitaldeasturias.com\\\/magazine365\",\"nextItem\":{\"@type\":\"ListItem\",\"@id\":\"https:\\\/\\\/eldigitaldeasturias.com\\\/magazine365\\\/category\\\/actualidad-turismo\\\/#listItem\",\"name\":\"Actualidad Turismo\"}},{\"@type\":\"ListItem\",\"@id\":\"https:\\\/\\\/eldigitaldeasturias.com\\\/magazine365\\\/category\\\/actualidad-turismo\\\/#listItem\",\"position\":2,\"name\":\"Actualidad Turismo\",\"item\":\"https:\\\/\\\/eldigitaldeasturias.com\\\/magazine365\\\/category\\\/actualidad-turismo\\\/\",\"nextItem\":{\"@type\":\"ListItem\",\"@id\":\"https:\\\/\\\/eldigitaldeasturias.com\\\/magazine365\\\/air-europa-rinde-homenaje-a-angel-nieto-y-bautiza-con-su-nombre-a-uno-de-sus-a330\\\/#listItem\",\"name\":\"Air Europa rinde homenaje a \\u00c1ngel Nieto y bautiza con su nombre a uno de sus A330\"},\"previousItem\":{\"@type\":\"ListItem\",\"@id\":\"https:\\\/\\\/eldigitaldeasturias.com\\\/magazine365#listItem\",\"name\":\"Home\"}},{\"@type\":\"ListItem\",\"@id\":\"https:\\\/\\\/eldigitaldeasturias.com\\\/magazine365\\\/air-europa-rinde-homenaje-a-angel-nieto-y-bautiza-con-su-nombre-a-uno-de-sus-a330\\\/#listItem\",\"position\":3,\"name\":\"Air Europa rinde homenaje a \\u00c1ngel Nieto y bautiza con su nombre a uno de sus A330\",\"previousItem\":{\"@type\":\"ListItem\",\"@id\":\"https:\\\/\\\/eldigitaldeasturias.com\\\/magazine365\\\/category\\\/actualidad-turismo\\\/#listItem\",\"name\":\"Actualidad Turismo\"}}]},{\"@type\":\"Organization\",\"@id\":\"https:\\\/\\\/eldigitaldeasturias.com\\\/magazine365\\\/#organization\",\"name\":\"El digital de Asturias\",\"description\":\"Revista de ocio, turismo y estilo de vida\",\"url\":\"https:\\\/\\\/eldigitaldeasturias.com\\\/magazine365\\\/\",\"logo\":{\"@type\":\"ImageObject\",\"url\":\"https:\\\/\\\/www.eldigitaldeasturias.com\\\/noticias\\\/wp-content\\\/uploads\\\/2020\\\/12\\\/EDA.jpg\",\"@id\":\"https:\\\/\\\/eldigitaldeasturias.com\\\/magazine365\\\/air-europa-rinde-homenaje-a-angel-nieto-y-bautiza-con-su-nombre-a-uno-de-sus-a330\\\/#organizationLogo\"},\"image\":{\"@id\":\"https:\\\/\\\/eldigitaldeasturias.com\\\/magazine365\\\/air-europa-rinde-homenaje-a-angel-nieto-y-bautiza-con-su-nombre-a-uno-de-sus-a330\\\/#organizationLogo\"}},{\"@type\":\"Person\",\"@id\":\"https:\\\/\\\/eldigitaldeasturias.com\\\/magazine365\\\/author\\\/admin\\\/#author\",\"url\":\"https:\\\/\\\/eldigitaldeasturias.com\\\/magazine365\\\/author\\\/admin\\\/\",\"name\":\"admin\",\"image\":{\"@type\":\"ImageObject\",\"@id\":\"https:\\\/\\\/eldigitaldeasturias.com\\\/magazine365\\\/air-europa-rinde-homenaje-a-angel-nieto-y-bautiza-con-su-nombre-a-uno-de-sus-a330\\\/#authorImage\",\"url\":\"https:\\\/\\\/eldigitaldeasturias.com\\\/magazine365\\\/wp-content\\\/litespeed\\\/avatar\\\/e571bcf59a0edd6fa6838245a470f2fe.jpg?ver=1776969259\",\"width\":96,\"height\":96,\"caption\":\"admin\"}},{\"@type\":\"WebPage\",\"@id\":\"https:\\\/\\\/eldigitaldeasturias.com\\\/magazine365\\\/air-europa-rinde-homenaje-a-angel-nieto-y-bautiza-con-su-nombre-a-uno-de-sus-a330\\\/#webpage\",\"url\":\"https:\\\/\\\/eldigitaldeasturias.com\\\/magazine365\\\/air-europa-rinde-homenaje-a-angel-nieto-y-bautiza-con-su-nombre-a-uno-de-sus-a330\\\/\",\"name\":\"Air Europa rinde homenaje a \\u00c1ngel Nieto y bautiza con su nombre a uno de sus A330 | El Digital de Asturias\",\"description\":\"Air Europa, la aerol\\u00ednea del grupo Globalia, ha querido rendir homenaje al piloto de motociclismo \\u00c1ngel Nieto bautizando con su nombre a uno de sus A330 destinado a operar rutas transoce\\u00e1nicas. Al acto de presentaci\\u00f3n, que ha tenido lugar en el aeropuerto Adolfo Su\\u00e1rez Madrid-Barajas, ha acudido el presidente de Globalia, Juan Jos\\u00e9 Hidalgo, y\",\"inLanguage\":\"es-ES\",\"isPartOf\":{\"@id\":\"https:\\\/\\\/eldigitaldeasturias.com\\\/magazine365\\\/#website\"},\"breadcrumb\":{\"@id\":\"https:\\\/\\\/eldigitaldeasturias.com\\\/magazine365\\\/air-europa-rinde-homenaje-a-angel-nieto-y-bautiza-con-su-nombre-a-uno-de-sus-a330\\\/#breadcrumblist\"},\"author\":{\"@id\":\"https:\\\/\\\/eldigitaldeasturias.com\\\/magazine365\\\/author\\\/admin\\\/#author\"},\"creator\":{\"@id\":\"https:\\\/\\\/eldigitaldeasturias.com\\\/magazine365\\\/author\\\/admin\\\/#author\"},\"image\":{\"@type\":\"ImageObject\",\"url\":\"https:\\\/\\\/eldigitaldeasturias.com\\\/magazine365\\\/wp-content\\\/uploads\\\/2015\\\/06\\\/fotonoticia_20150616140753_800.jpg\",\"@id\":\"https:\\\/\\\/eldigitaldeasturias.com\\\/magazine365\\\/air-europa-rinde-homenaje-a-angel-nieto-y-bautiza-con-su-nombre-a-uno-de-sus-a330\\\/#mainImage\",\"width\":800,\"height\":534},\"primaryImageOfPage\":{\"@id\":\"https:\\\/\\\/eldigitaldeasturias.com\\\/magazine365\\\/air-europa-rinde-homenaje-a-angel-nieto-y-bautiza-con-su-nombre-a-uno-de-sus-a330\\\/#mainImage\"},\"datePublished\":\"2015-06-17T07:02:00+02:00\",\"dateModified\":\"2015-06-17T07:02:00+02:00\"},{\"@type\":\"WebSite\",\"@id\":\"https:\\\/\\\/eldigitaldeasturias.com\\\/magazine365\\\/#website\",\"url\":\"https:\\\/\\\/eldigitaldeasturias.com\\\/magazine365\\\/\",\"name\":\"El Digital de Asturias\",\"description\":\"Revista de ocio, turismo y estilo de vida\",\"inLanguage\":\"es-ES\",\"publisher\":{\"@id\":\"https:\\\/\\\/eldigitaldeasturias.com\\\/magazine365\\\/#organization\"}}]}\n\t\t<\/script>\n\t\t<!-- All in One SEO Pro -->\r\n\t\t<title>Air Europa rinde homenaje a \u00c1ngel Nieto y bautiza con su nombre a uno de sus A330 | El Digital de Asturias<\/title>\n\n","aioseo_head_json":{"title":"Air Europa rinde homenaje a \u00c1ngel Nieto y bautiza con su nombre a uno de sus A330 | El Digital de Asturias","description":"Air Europa, la aerol\u00ednea del grupo Globalia, ha querido rendir homenaje al piloto de motociclismo \u00c1ngel Nieto bautizando con su nombre a uno de sus A330 destinado a operar rutas transoce\u00e1nicas. Al acto de presentaci\u00f3n, que ha tenido lugar en el aeropuerto Adolfo Su\u00e1rez Madrid-Barajas, ha acudido el presidente de Globalia, Juan Jos\u00e9 Hidalgo, y","canonical_url":"https:\/\/eldigitaldeasturias.com\/magazine365\/air-europa-rinde-homenaje-a-angel-nieto-y-bautiza-con-su-nombre-a-uno-de-sus-a330\/","robots":"max-image-preview:large","keywords":"actualidad turismo","webmasterTools":{"google-site-verification":"UA-38556648-1","miscellaneous":""},"schema":{"@context":"https:\/\/schema.org","@graph":[{"@type":"Article","@id":"https:\/\/eldigitaldeasturias.com\/magazine365\/air-europa-rinde-homenaje-a-angel-nieto-y-bautiza-con-su-nombre-a-uno-de-sus-a330\/#article","name":"Air Europa rinde homenaje a \u00c1ngel Nieto y bautiza con su nombre a uno de sus A330 | El Digital de Asturias","headline":"Air Europa rinde homenaje a \u00c1ngel Nieto y bautiza con su nombre a uno de sus A330","author":{"@id":"https:\/\/eldigitaldeasturias.com\/magazine365\/author\/admin\/#author"},"publisher":{"@id":"https:\/\/eldigitaldeasturias.com\/magazine365\/#organization"},"image":{"@type":"ImageObject","url":"https:\/\/eldigitaldeasturias.com\/magazine365\/wp-content\/uploads\/2015\/06\/fotonoticia_20150616140753_800.jpg","width":800,"height":534},"datePublished":"2015-06-17T07:02:00+02:00","dateModified":"2015-06-17T07:02:00+02:00","inLanguage":"es-ES","mainEntityOfPage":{"@id":"https:\/\/eldigitaldeasturias.com\/magazine365\/air-europa-rinde-homenaje-a-angel-nieto-y-bautiza-con-su-nombre-a-uno-de-sus-a330\/#webpage"},"isPartOf":{"@id":"https:\/\/eldigitaldeasturias.com\/magazine365\/air-europa-rinde-homenaje-a-angel-nieto-y-bautiza-con-su-nombre-a-uno-de-sus-a330\/#webpage"},"articleSection":"Actualidad Turismo"},{"@type":"BreadcrumbList","@id":"https:\/\/eldigitaldeasturias.com\/magazine365\/air-europa-rinde-homenaje-a-angel-nieto-y-bautiza-con-su-nombre-a-uno-de-sus-a330\/#breadcrumblist","itemListElement":[{"@type":"ListItem","@id":"https:\/\/eldigitaldeasturias.com\/magazine365#listItem","position":1,"name":"Home","item":"https:\/\/eldigitaldeasturias.com\/magazine365","nextItem":{"@type":"ListItem","@id":"https:\/\/eldigitaldeasturias.com\/magazine365\/category\/actualidad-turismo\/#listItem","name":"Actualidad Turismo"}},{"@type":"ListItem","@id":"https:\/\/eldigitaldeasturias.com\/magazine365\/category\/actualidad-turismo\/#listItem","position":2,"name":"Actualidad Turismo","item":"https:\/\/eldigitaldeasturias.com\/magazine365\/category\/actualidad-turismo\/","nextItem":{"@type":"ListItem","@id":"https:\/\/eldigitaldeasturias.com\/magazine365\/air-europa-rinde-homenaje-a-angel-nieto-y-bautiza-con-su-nombre-a-uno-de-sus-a330\/#listItem","name":"Air Europa rinde homenaje a \u00c1ngel Nieto y bautiza con su nombre a uno de sus A330"},"previousItem":{"@type":"ListItem","@id":"https:\/\/eldigitaldeasturias.com\/magazine365#listItem","name":"Home"}},{"@type":"ListItem","@id":"https:\/\/eldigitaldeasturias.com\/magazine365\/air-europa-rinde-homenaje-a-angel-nieto-y-bautiza-con-su-nombre-a-uno-de-sus-a330\/#listItem","position":3,"name":"Air Europa rinde homenaje a \u00c1ngel Nieto y bautiza con su nombre a uno de sus A330","previousItem":{"@type":"ListItem","@id":"https:\/\/eldigitaldeasturias.com\/magazine365\/category\/actualidad-turismo\/#listItem","name":"Actualidad Turismo"}}]},{"@type":"Organization","@id":"https:\/\/eldigitaldeasturias.com\/magazine365\/#organization","name":"El digital de Asturias","description":"Revista de ocio, turismo y estilo de vida","url":"https:\/\/eldigitaldeasturias.com\/magazine365\/","logo":{"@type":"ImageObject","url":"https:\/\/www.eldigitaldeasturias.com\/noticias\/wp-content\/uploads\/2020\/12\/EDA.jpg","@id":"https:\/\/eldigitaldeasturias.com\/magazine365\/air-europa-rinde-homenaje-a-angel-nieto-y-bautiza-con-su-nombre-a-uno-de-sus-a330\/#organizationLogo"},"image":{"@id":"https:\/\/eldigitaldeasturias.com\/magazine365\/air-europa-rinde-homenaje-a-angel-nieto-y-bautiza-con-su-nombre-a-uno-de-sus-a330\/#organizationLogo"}},{"@type":"Person","@id":"https:\/\/eldigitaldeasturias.com\/magazine365\/author\/admin\/#author","url":"https:\/\/eldigitaldeasturias.com\/magazine365\/author\/admin\/","name":"admin","image":{"@type":"ImageObject","@id":"https:\/\/eldigitaldeasturias.com\/magazine365\/air-europa-rinde-homenaje-a-angel-nieto-y-bautiza-con-su-nombre-a-uno-de-sus-a330\/#authorImage","url":"https:\/\/eldigitaldeasturias.com\/magazine365\/wp-content\/litespeed\/avatar\/e571bcf59a0edd6fa6838245a470f2fe.jpg?ver=1776969259","width":96,"height":96,"caption":"admin"}},{"@type":"WebPage","@id":"https:\/\/eldigitaldeasturias.com\/magazine365\/air-europa-rinde-homenaje-a-angel-nieto-y-bautiza-con-su-nombre-a-uno-de-sus-a330\/#webpage","url":"https:\/\/eldigitaldeasturias.com\/magazine365\/air-europa-rinde-homenaje-a-angel-nieto-y-bautiza-con-su-nombre-a-uno-de-sus-a330\/","name":"Air Europa rinde homenaje a \u00c1ngel Nieto y bautiza con su nombre a uno de sus A330 | El Digital de Asturias","description":"Air Europa, la aerol\u00ednea del grupo Globalia, ha querido rendir homenaje al piloto de motociclismo \u00c1ngel Nieto bautizando con su nombre a uno de sus A330 destinado a operar rutas transoce\u00e1nicas. Al acto de presentaci\u00f3n, que ha tenido lugar en el aeropuerto Adolfo Su\u00e1rez Madrid-Barajas, ha acudido el presidente de Globalia, Juan Jos\u00e9 Hidalgo, y","inLanguage":"es-ES","isPartOf":{"@id":"https:\/\/eldigitaldeasturias.com\/magazine365\/#website"},"breadcrumb":{"@id":"https:\/\/eldigitaldeasturias.com\/magazine365\/air-europa-rinde-homenaje-a-angel-nieto-y-bautiza-con-su-nombre-a-uno-de-sus-a330\/#breadcrumblist"},"author":{"@id":"https:\/\/eldigitaldeasturias.com\/magazine365\/author\/admin\/#author"},"creator":{"@id":"https:\/\/eldigitaldeasturias.com\/magazine365\/author\/admin\/#author"},"image":{"@type":"ImageObject","url":"https:\/\/eldigitaldeasturias.com\/magazine365\/wp-content\/uploads\/2015\/06\/fotonoticia_20150616140753_800.jpg","@id":"https:\/\/eldigitaldeasturias.com\/magazine365\/air-europa-rinde-homenaje-a-angel-nieto-y-bautiza-con-su-nombre-a-uno-de-sus-a330\/#mainImage","width":800,"height":534},"primaryImageOfPage":{"@id":"https:\/\/eldigitaldeasturias.com\/magazine365\/air-europa-rinde-homenaje-a-angel-nieto-y-bautiza-con-su-nombre-a-uno-de-sus-a330\/#mainImage"},"datePublished":"2015-06-17T07:02:00+02:00","dateModified":"2015-06-17T07:02:00+02:00"},{"@type":"WebSite","@id":"https:\/\/eldigitaldeasturias.com\/magazine365\/#website","url":"https:\/\/eldigitaldeasturias.com\/magazine365\/","name":"El Digital de Asturias","description":"Revista de ocio, turismo y estilo de vida","inLanguage":"es-ES","publisher":{"@id":"https:\/\/eldigitaldeasturias.com\/magazine365\/#organization"}}]},"og:locale":"es_ES","og:site_name":"El Digital de Asturias \u2013 Revista de ocio, turismo y estilo de vida","og:type":"article","og:title":"Air Europa rinde homenaje a \u00c1ngel Nieto y bautiza con su nombre a uno de sus A330 | El Digital de Asturias","og:description":"Air Europa, la aerol\u00ednea del grupo Globalia, ha querido rendir homenaje al piloto de motociclismo \u00c1ngel Nieto bautizando con su nombre a uno de sus A330 destinado a operar rutas transoce\u00e1nicas. Al acto de presentaci\u00f3n, que ha tenido lugar en el aeropuerto Adolfo Su\u00e1rez Madrid-Barajas, ha acudido el presidente de Globalia, Juan Jos\u00e9 Hidalgo, y","og:url":"https:\/\/eldigitaldeasturias.com\/magazine365\/air-europa-rinde-homenaje-a-angel-nieto-y-bautiza-con-su-nombre-a-uno-de-sus-a330\/","og:image":"https:\/\/eldigitaldeasturias.com\/magazine365\/wp-content\/uploads\/2015\/06\/fotonoticia_20150616140753_800.jpg","og:image:secure_url":"https:\/\/eldigitaldeasturias.com\/magazine365\/wp-content\/uploads\/2015\/06\/fotonoticia_20150616140753_800.jpg","og:image:width":800,"og:image:height":534,"article:published_time":"2015-06-17T05:32:00+00:00","article:modified_time":"2015-06-17T05:32:00+00:00","twitter:card":"summary_large_image","twitter:title":"Air Europa rinde homenaje a \u00c1ngel Nieto y bautiza con su nombre a uno de sus A330 | El Digital de Asturias","twitter:description":"Air Europa, la aerol\u00ednea del grupo Globalia, ha querido rendir homenaje al piloto de motociclismo \u00c1ngel Nieto bautizando con su nombre a uno de sus A330 destinado a operar rutas transoce\u00e1nicas. Al acto de presentaci\u00f3n, que ha tenido lugar en el aeropuerto Adolfo Su\u00e1rez Madrid-Barajas, ha acudido el presidente de Globalia, Juan Jos\u00e9 Hidalgo, y","twitter:image":"https:\/\/eldigitaldeasturias.com\/magazine365\/wp-content\/uploads\/2015\/06\/fotonoticia_20150616140753_800.jpg"},"aioseo_meta_data":{"post_id":"40044","title":null,"description":null,"keywords":null,"keyphrases":null,"primary_term":null,"canonical_url":null,"og_title":null,"og_description":null,"og_object_type":"default","og_image_type":"default","og_image_url":null,"og_image_width":null,"og_image_height":null,"og_image_custom_url":null,"og_image_custom_fields":null,"og_video":null,"og_custom_url":null,"og_article_section":null,"og_article_tags":null,"twitter_use_og":false,"twitter_card":"default","twitter_image_type":"default","twitter_image_url":null,"twitter_image_custom_url":null,"twitter_image_custom_fields":null,"twitter_title":null,"twitter_description":null,"schema":{"blockGraphs":[],"customGraphs":[],"default":{"data":{"Article":[],"Course":[],"Dataset":[],"FAQPage":[],"Movie":[],"Person":[],"Product":[],"ProductReview":[],"Car":[],"Recipe":[],"Service":[],"SoftwareApplication":[],"WebPage":[]},"graphName":"","isEnabled":true},"graphs":[],"defaultGraph":"","defaultPostTypeGraph":""},"schema_type":null,"schema_type_options":null,"pillar_content":false,"robots_default":true,"robots_noindex":false,"robots_noarchive":false,"robots_nosnippet":false,"robots_nofollow":false,"robots_noimageindex":false,"robots_noodp":false,"robots_notranslate":false,"robots_max_snippet":null,"robots_max_videopreview":null,"robots_max_imagepreview":"large","priority":null,"frequency":null,"location":null,"local_seo":null,"seo_analyzer_scan_date":"2025-09-19 12:47:31","breadcrumb_settings":null,"limit_modified_date":false,"open_ai":null,"ai":null,"created":"2021-03-09 02:33:44","updated":"2025-09-19 12:47:31"},"aioseo_breadcrumb":"<div class=\"aioseo-breadcrumbs\"><span class=\"aioseo-breadcrumb\">\n\t<a href=\"https:\/\/eldigitaldeasturias.com\/magazine365\" title=\"Home\">Home<\/a>\n<\/span><span class=\"aioseo-breadcrumb-separator\">\u2013<\/span><span class=\"aioseo-breadcrumb\">\n\t<a href=\"https:\/\/eldigitaldeasturias.com\/magazine365\/category\/actualidad-turismo\/\" title=\"Actualidad Turismo\">Actualidad Turismo<\/a>\n<\/span><span class=\"aioseo-breadcrumb-separator\">\u2013<\/span><span class=\"aioseo-breadcrumb\">\n\t<a href=\"https:\/\/eldigitaldeasturias.com\/magazine365\/air-europa-rinde-homenaje-a-angel-nieto-y-bautiza-con-su-nombre-a-uno-de-sus-a330\/\" title=\"Air Europa rinde homenaje a \u00c1ngel Nieto y bautiza con su nombre a uno de sus A330\">Air Europa rinde homenaje a \u00c1ngel Nieto y bautiza con su nombre a uno de sus A330<\/a>\n<\/span><\/div>","aioseo_breadcrumb_json":[{"label":"Home","link":"https:\/\/eldigitaldeasturias.com\/magazine365"},{"label":"Actualidad Turismo","link":"https:\/\/eldigitaldeasturias.com\/magazine365\/category\/actualidad-turismo\/"},{"label":"Air Europa rinde homenaje a \u00c1ngel Nieto y bautiza con su nombre a uno de sus A330","link":"https:\/\/eldigitaldeasturias.com\/magazine365\/air-europa-rinde-homenaje-a-angel-nieto-y-bautiza-con-su-nombre-a-uno-de-sus-a330\/"}],"_links":{"self":[{"href":"https:\/\/eldigitaldeasturias.com\/magazine365\/wp-json\/wp\/v2\/posts\/40044","targetHints":{"allow":["GET"]}}],"collection":[{"href":"https:\/\/eldigitaldeasturias.com\/magazine365\/wp-json\/wp\/v2\/posts"}],"about":[{"href":"https:\/\/eldigitaldeasturias.com\/magazine365\/wp-json\/wp\/v2\/types\/post"}],"author":[{"embeddable":true,"href":"https:\/\/eldigitaldeasturias.com\/magazine365\/wp-json\/wp\/v2\/users\/1"}],"replies":[{"embeddable":true,"href":"https:\/\/eldigitaldeasturias.com\/magazine365\/wp-json\/wp\/v2\/comments?post=40044"}],"version-history":[{"count":0,"href":"https:\/\/eldigitaldeasturias.com\/magazine365\/wp-json\/wp\/v2\/posts\/40044\/revisions"}],"wp:featuredmedia":[{"embeddable":true,"href":"https:\/\/eldigitaldeasturias.com\/magazine365\/wp-json\/wp\/v2\/media\/40045"}],"wp:attachment":[{"href":"https:\/\/eldigitaldeasturias.com\/magazine365\/wp-json\/wp\/v2\/media?parent=40044"}],"wp:term":[{"taxonomy":"category","embeddable":true,"href":"https:\/\/eldigitaldeasturias.com\/magazine365\/wp-json\/wp\/v2\/categories?post=40044"},{"taxonomy":"post_tag","embeddable":true,"href":"https:\/\/eldigitaldeasturias.com\/magazine365\/wp-json\/wp\/v2\/tags?post=40044"}],"curies":[{"name":"wp","href":"https:\/\/api.w.org\/{rel}","templated":true}]}}