{"id":40029,"date":"2015-06-17T06:55:00","date_gmt":"2015-06-17T05:25:00","guid":{"rendered":"http:\/\/eldigitaldeasturias.com\/magazine365\/?p=40029"},"modified":"2015-06-17T06:55:00","modified_gmt":"2015-06-17T05:25:00","slug":"el-movil-lider-en-planificacion-de-viajes-para-los-espanoles","status":"publish","type":"post","link":"https:\/\/eldigitaldeasturias.com\/magazine365\/el-movil-lider-en-planificacion-de-viajes-para-los-espanoles\/","title":{"rendered":"El m\u00f3vil, l\u00edder en planificaci\u00f3n de viajes para los espa\u00f1oles"},"content":{"rendered":"<p><img fetchpriority=\"high\" decoding=\"async\" class=\"alignleft size-medium wp-image-40030\" src=\"https:\/\/eldigitaldeasturias.com\/magazine365\/wp-content\/uploads\/2015\/06\/fotonoticia_20150616130714_800-360x240.jpg\" alt=\"fotonoticia_20150616130714_800\" width=\"360\" height=\"240\" srcset=\"https:\/\/eldigitaldeasturias.com\/magazine365\/wp-content\/uploads\/2015\/06\/fotonoticia_20150616130714_800-360x240.jpg 360w, https:\/\/eldigitaldeasturias.com\/magazine365\/wp-content\/uploads\/2015\/06\/fotonoticia_20150616130714_800-650x433.jpg 650w, https:\/\/eldigitaldeasturias.com\/magazine365\/wp-content\/uploads\/2015\/06\/fotonoticia_20150616130714_800-768x512.jpg 768w, https:\/\/eldigitaldeasturias.com\/magazine365\/wp-content\/uploads\/2015\/06\/fotonoticia_20150616130714_800-150x100.jpg 150w, https:\/\/eldigitaldeasturias.com\/magazine365\/wp-content\/uploads\/2015\/06\/fotonoticia_20150616130714_800-450x300.jpg 450w, https:\/\/eldigitaldeasturias.com\/magazine365\/wp-content\/uploads\/2015\/06\/fotonoticia_20150616130714_800-696x464.jpg 696w, https:\/\/eldigitaldeasturias.com\/magazine365\/wp-content\/uploads\/2015\/06\/fotonoticia_20150616130714_800-630x420.jpg 630w, https:\/\/eldigitaldeasturias.com\/magazine365\/wp-content\/uploads\/2015\/06\/fotonoticia_20150616130714_800-84x55.jpg 84w, https:\/\/eldigitaldeasturias.com\/magazine365\/wp-content\/uploads\/2015\/06\/fotonoticia_20150616130714_800.jpg 800w\" sizes=\"(max-width: 360px) 100vw, 360px\" \/>El m\u00f3vil se ha convertido en el l\u00edder en la planificaci\u00f3n de viajes en Espa\u00f1a escalando desde la und\u00e9cima posici\u00f3n europea de 2014 a la novena en 2015 en el uso de smartphones para buscar, reservar y organizar viajes, seg\u00fan un informe elaborado por la empresa de reservas de alojamientos Booking.com que ha analizado las \u00faltimas tendencias, las costumbres, y los h\u00e1bitos de viajar de los espa\u00f1oles.<\/p>\n<p>Este a\u00f1o los datos muestran un fuerte crecimiento de los usuarios que plantean utilizar m\u00e1s su smartphone, ejemplo de ello es que, el 24% de los espa\u00f1oles tiene la intenci\u00f3n de utilizarlo en mayor medida para organizar sus viajes de los pr\u00f3ximos meses.<\/p>\n<p>Booking.com asegura que entre los viajeros espa\u00f1oles la tecnolog\u00eda es claramente un factor que contribuye a la espontaneidad en los viajes, ya que les permite reservar f\u00e1cilmente en el \u00faltimo minuto, seg\u00fan afirman un 90% de los viajeros entre 18 y 64 a\u00f1os.<\/p>\n<p>Por g\u00e9neros el 92% de los hombres y el 96% de las espa\u00f1olas est\u00e1n de acuerdo en que la tecnolog\u00eda hace que se m\u00e1s f\u00e1cil para ellos reservar un viaje de forma espont\u00e1nea. Adem\u00e1s, el 92% de los hombres y el 92% de las espa\u00f1olas est\u00e1n de acuerdo en que la tecnolog\u00eda hace que se m\u00e1s f\u00e1cil para ellos reservar un viaje en el \u00faltimo minuto.<\/p>\n<p>EUROPA SIEMPRE ATRAE.<\/p>\n<p>Los principales destinos internacionales reservados por los espa\u00f1oles a trav\u00e9s de Booking el pasado a\u00f1o fueron Londres, Par\u00eds, Roma, Lisboa y Oporto. Le siguen en el ranking de los diez m\u00e1s reservados las ciudades de Bruselas, Amsterdam, Berl\u00edn, Andorra y Florencia.<\/p>\n<p>Respecto a los destinos nacionales m\u00e1s reservados, siguen ocupando las primeras posiciones grandes capitales como Madrid, Barcelona, Sevilla y Granada. Est\u00e1n seguidas de otras como Granada, Valencia, C\u00f3rdoba y Zaragoza. Cierran la lista las ciudades playeras de M\u00e1laga, Benidorm y Bilbao.<\/p>\n<p>En cuanto a los alojamientos m\u00e1s valorados por los espa\u00f1oles el primer puesto lo ocupa el hotel Riad Les Nuits de Marrakech, seguido del B&amp;B Art de Sejour en Bruselas, ocupando la tercera posici\u00f3n un establecimiento espa\u00f1ol situado en Asturias: El Gran Sue\u00f1o.<\/p>\n<p>Seg\u00fan los datos ofrecidos por el manager de alianzas estrat\u00e9gicas para Europa, Oriente Medio y Africa de Booking.com, Tony Raurich, los principales destinos espa\u00f1oles reservados por los extranjeros son por este orden Barcelona, Madrid, Sevilla, Valencia, Granada y M\u00e1laga. Cierran la lista la ciudades de C\u00f3rdoba, Bilbao, San Sebasti\u00e1n y Benidorm.<\/p>\n<p>Respecto a las ciudades espa\u00f1olas con playa m\u00e1s valoradas por los viajeros encabeza la lista La Franca en Asturias, San Juan de Alicante en Valencia y Nigr\u00e1n en Galicia. Tambi\u00e9n son muy queridas las playas de Puzol y Burriana en Valencia, y Noalla y Perbes en Galicia.<\/p>\n<p>Raurich tambi\u00e9n puntualiz\u00f3 que los hoteles m\u00e1s valorados por los viajeros internacionales en Espa\u00f1a el pasado a\u00f1o fueron La Casona de Abamia en Asturias, Cases Noves en Valencia, y el Hotel Posada Al Vent en Arag\u00f3n.<\/p>\n<p>SE BUSCA TURISMO DEPORTIVO.<\/p>\n<p>Desde Booking.com se ha detectado una tendencia en las navegaciones a trav\u00e9s de Internet de los usuarios que buscan ciudades para practicar deporte. As\u00ed entre las ciudades preferidas se encuentran San Miguel de Abona, Marbella, Barcelona, Alicante, El Rompido o Jerez de la Frontera entre otras.<\/p>\n<p>Respecto al tiempo de anticipaci\u00f3n y la duraci\u00f3n de los viajes, el 21% de los encuestados espa\u00f1oles asegura que reserva una semana antes para viajes de placer, mientras que el 41% de los viajeros de negocis afirman que normalmente planifican y reservan su viaje dentro de la misma semana que van a viajar.<\/p>\n<p>Factores como la duraci\u00f3n del viaje y la frecuencia con la que viaja tambi\u00e9n impacta en la anticipaci\u00f3n con la que les gusta reservar: mientras que la pre-reservas las hacen generalmente los viajeros menos frecuentes y para viajes largos, los viajeros m\u00e1s frecuentes tienden a reservar m\u00e1s cerca de la fecha de salida.<\/p>\n<p>Los encuestados espa\u00f1oles son m\u00e1s propensos a reservar un viaje corto en el \u00faltimo minuto que en unas vacaciones m\u00e1s largas. As\u00ed el 37% de los encuestados reserva unas vacaciones peque\u00f1as a corto plazo, una semana antes de viajar, pero solo el 14% prefiere reservar con poco tiempo unas vacaciones dom\u00e9sticas.<\/p>\n<p>El directivo de Booking.com confirm\u00f3 que la compa\u00f1\u00eda ha puesto en marcha dos nuevas aplicaciones que acompa\u00f1an al viajero en las \u00faltimas tendencias detectadas en el mercado: viajes espont\u00e1neos e improvisados con seguridad y alojamiento perfecto en dos pasos. As\u00ed, a trav\u00e9s de Booking Now o el website Villas.com se facilita la tarea de b\u00fasqueda al viajero.<\/p>\n<p>La gesti\u00f3n instant\u00e1nea de reservas de Booking Now se puede realizar a trav\u00e9s de Apple Watch en su versi\u00f3n para iPhone disponible en 15 idiomas. Esta aplicaci\u00f3n permite desde conocer el n\u00famero de habitaci\u00f3n hasta ayudar a llegar al cliente al establecimiento a trav\u00e9s de la geolocalizaci\u00f3n.<\/p>\n<p>En el caso de Villas.com se pueden buscar alojamientos especiales para grupos de familias o amigos. Adem\u00e1s la web ofrece informaci\u00f3n \u00fatil sobre las zonas en las que est\u00e1 situada el alojamiento vacacional con disponibilidad garantizada inmediata con confirmaci\u00f3n al instante.<\/p>\n","protected":false},"excerpt":{"rendered":"<p>El m\u00f3vil se ha convertido en el l\u00edder en la planificaci\u00f3n de viajes en Espa\u00f1a escalando desde la und\u00e9cima posici\u00f3n europea de 2014 a la novena en 2015 en el uso de smartphones para buscar, reservar y organizar viajes, seg\u00fan un informe elaborado por la empresa de reservas de alojamientos Booking.com que ha analizado las<\/p>\n","protected":false},"author":1,"featured_media":40030,"comment_status":"open","ping_status":"closed","sticky":false,"template":"","format":"standard","meta":{"footnotes":""},"categories":[222],"tags":[],"class_list":{"0":"post-40029","1":"post","2":"type-post","3":"status-publish","4":"format-standard","5":"has-post-thumbnail","7":"category-actualidad-turismo"},"aioseo_notices":[],"aioseo_head":"\n\t\t<!-- All in One SEO Pro 4.9.6.1 - aioseo.com -->\n\t<meta name=\"description\" content=\"El m\u00f3vil se ha convertido en el l\u00edder en la planificaci\u00f3n de viajes en Espa\u00f1a escalando desde la und\u00e9cima posici\u00f3n europea de 2014 a la novena en 2015 en el uso de smartphones para buscar, reservar y organizar viajes, seg\u00fan un informe elaborado por la empresa de reservas de alojamientos Booking.com que ha analizado las\" \/>\n\t<meta name=\"robots\" content=\"max-image-preview:large\" \/>\n\t<meta name=\"author\" content=\"admin\"\/>\n\t<meta name=\"google-site-verification\" content=\"UA-38556648-1\" \/>\n\t<meta name=\"keywords\" content=\"actualidad turismo\" \/>\n\t<link rel=\"canonical\" href=\"https:\/\/eldigitaldeasturias.com\/magazine365\/el-movil-lider-en-planificacion-de-viajes-para-los-espanoles\/\" \/>\n\t<meta name=\"generator\" content=\"All in One SEO Pro (AIOSEO) 4.9.6.1\" \/>\n\t\t<meta property=\"og:locale\" content=\"es_ES\" \/>\n\t\t<meta property=\"og:site_name\" content=\"El Digital de Asturias \u2013 Revista de ocio, turismo y estilo de vida\" \/>\n\t\t<meta property=\"og:type\" content=\"article\" \/>\n\t\t<meta property=\"og:title\" content=\"El m\u00f3vil, l\u00edder en planificaci\u00f3n de viajes para los espa\u00f1oles | El Digital de Asturias\" \/>\n\t\t<meta property=\"og:description\" content=\"El m\u00f3vil se ha convertido en el l\u00edder en la planificaci\u00f3n de viajes en Espa\u00f1a escalando desde la und\u00e9cima posici\u00f3n europea de 2014 a la novena en 2015 en el uso de smartphones para buscar, reservar y organizar viajes, seg\u00fan un informe elaborado por la empresa de reservas de alojamientos Booking.com que ha analizado las\" \/>\n\t\t<meta property=\"og:url\" content=\"https:\/\/eldigitaldeasturias.com\/magazine365\/el-movil-lider-en-planificacion-de-viajes-para-los-espanoles\/\" \/>\n\t\t<meta property=\"og:image\" content=\"https:\/\/eldigitaldeasturias.com\/magazine365\/wp-content\/uploads\/2015\/06\/fotonoticia_20150616130714_800.jpg\" \/>\n\t\t<meta property=\"og:image:secure_url\" content=\"https:\/\/eldigitaldeasturias.com\/magazine365\/wp-content\/uploads\/2015\/06\/fotonoticia_20150616130714_800.jpg\" \/>\n\t\t<meta property=\"og:image:width\" content=\"800\" \/>\n\t\t<meta property=\"og:image:height\" content=\"533\" \/>\n\t\t<meta property=\"article:published_time\" content=\"2015-06-17T05:25:00+00:00\" \/>\n\t\t<meta property=\"article:modified_time\" content=\"2015-06-17T05:25:00+00:00\" \/>\n\t\t<meta name=\"twitter:card\" content=\"summary_large_image\" \/>\n\t\t<meta name=\"twitter:title\" content=\"El m\u00f3vil, l\u00edder en planificaci\u00f3n de viajes para los espa\u00f1oles | El Digital de Asturias\" \/>\n\t\t<meta name=\"twitter:description\" content=\"El m\u00f3vil se ha convertido en el l\u00edder en la planificaci\u00f3n de viajes en Espa\u00f1a escalando desde la und\u00e9cima posici\u00f3n europea de 2014 a la novena en 2015 en el uso de smartphones para buscar, reservar y organizar viajes, seg\u00fan un informe elaborado por la empresa de reservas de alojamientos Booking.com que ha analizado las\" \/>\n\t\t<meta name=\"twitter:image\" content=\"https:\/\/eldigitaldeasturias.com\/magazine365\/wp-content\/uploads\/2015\/06\/fotonoticia_20150616130714_800.jpg\" \/>\n\t\t<script type=\"application\/ld+json\" class=\"aioseo-schema\">\n\t\t\t{\"@context\":\"https:\\\/\\\/schema.org\",\"@graph\":[{\"@type\":\"Article\",\"@id\":\"https:\\\/\\\/eldigitaldeasturias.com\\\/magazine365\\\/el-movil-lider-en-planificacion-de-viajes-para-los-espanoles\\\/#article\",\"name\":\"El m\\u00f3vil, l\\u00edder en planificaci\\u00f3n de viajes para los espa\\u00f1oles | El Digital de Asturias\",\"headline\":\"El m\\u00f3vil, l\\u00edder en planificaci\\u00f3n de viajes para los espa\\u00f1oles\",\"author\":{\"@id\":\"https:\\\/\\\/eldigitaldeasturias.com\\\/magazine365\\\/author\\\/admin\\\/#author\"},\"publisher\":{\"@id\":\"https:\\\/\\\/eldigitaldeasturias.com\\\/magazine365\\\/#organization\"},\"image\":{\"@type\":\"ImageObject\",\"url\":\"https:\\\/\\\/eldigitaldeasturias.com\\\/magazine365\\\/wp-content\\\/uploads\\\/2015\\\/06\\\/fotonoticia_20150616130714_800.jpg\",\"width\":800,\"height\":533},\"datePublished\":\"2015-06-17T06:55:00+02:00\",\"dateModified\":\"2015-06-17T06:55:00+02:00\",\"inLanguage\":\"es-ES\",\"mainEntityOfPage\":{\"@id\":\"https:\\\/\\\/eldigitaldeasturias.com\\\/magazine365\\\/el-movil-lider-en-planificacion-de-viajes-para-los-espanoles\\\/#webpage\"},\"isPartOf\":{\"@id\":\"https:\\\/\\\/eldigitaldeasturias.com\\\/magazine365\\\/el-movil-lider-en-planificacion-de-viajes-para-los-espanoles\\\/#webpage\"},\"articleSection\":\"Actualidad Turismo\"},{\"@type\":\"BreadcrumbList\",\"@id\":\"https:\\\/\\\/eldigitaldeasturias.com\\\/magazine365\\\/el-movil-lider-en-planificacion-de-viajes-para-los-espanoles\\\/#breadcrumblist\",\"itemListElement\":[{\"@type\":\"ListItem\",\"@id\":\"https:\\\/\\\/eldigitaldeasturias.com\\\/magazine365#listItem\",\"position\":1,\"name\":\"Home\",\"item\":\"https:\\\/\\\/eldigitaldeasturias.com\\\/magazine365\",\"nextItem\":{\"@type\":\"ListItem\",\"@id\":\"https:\\\/\\\/eldigitaldeasturias.com\\\/magazine365\\\/category\\\/actualidad-turismo\\\/#listItem\",\"name\":\"Actualidad Turismo\"}},{\"@type\":\"ListItem\",\"@id\":\"https:\\\/\\\/eldigitaldeasturias.com\\\/magazine365\\\/category\\\/actualidad-turismo\\\/#listItem\",\"position\":2,\"name\":\"Actualidad Turismo\",\"item\":\"https:\\\/\\\/eldigitaldeasturias.com\\\/magazine365\\\/category\\\/actualidad-turismo\\\/\",\"nextItem\":{\"@type\":\"ListItem\",\"@id\":\"https:\\\/\\\/eldigitaldeasturias.com\\\/magazine365\\\/el-movil-lider-en-planificacion-de-viajes-para-los-espanoles\\\/#listItem\",\"name\":\"El m\\u00f3vil, l\\u00edder en planificaci\\u00f3n de viajes para los espa\\u00f1oles\"},\"previousItem\":{\"@type\":\"ListItem\",\"@id\":\"https:\\\/\\\/eldigitaldeasturias.com\\\/magazine365#listItem\",\"name\":\"Home\"}},{\"@type\":\"ListItem\",\"@id\":\"https:\\\/\\\/eldigitaldeasturias.com\\\/magazine365\\\/el-movil-lider-en-planificacion-de-viajes-para-los-espanoles\\\/#listItem\",\"position\":3,\"name\":\"El m\\u00f3vil, l\\u00edder en planificaci\\u00f3n de viajes para los espa\\u00f1oles\",\"previousItem\":{\"@type\":\"ListItem\",\"@id\":\"https:\\\/\\\/eldigitaldeasturias.com\\\/magazine365\\\/category\\\/actualidad-turismo\\\/#listItem\",\"name\":\"Actualidad Turismo\"}}]},{\"@type\":\"Organization\",\"@id\":\"https:\\\/\\\/eldigitaldeasturias.com\\\/magazine365\\\/#organization\",\"name\":\"El digital de Asturias\",\"description\":\"Revista de ocio, turismo y estilo de vida\",\"url\":\"https:\\\/\\\/eldigitaldeasturias.com\\\/magazine365\\\/\",\"logo\":{\"@type\":\"ImageObject\",\"url\":\"https:\\\/\\\/www.eldigitaldeasturias.com\\\/noticias\\\/wp-content\\\/uploads\\\/2020\\\/12\\\/EDA.jpg\",\"@id\":\"https:\\\/\\\/eldigitaldeasturias.com\\\/magazine365\\\/el-movil-lider-en-planificacion-de-viajes-para-los-espanoles\\\/#organizationLogo\"},\"image\":{\"@id\":\"https:\\\/\\\/eldigitaldeasturias.com\\\/magazine365\\\/el-movil-lider-en-planificacion-de-viajes-para-los-espanoles\\\/#organizationLogo\"}},{\"@type\":\"Person\",\"@id\":\"https:\\\/\\\/eldigitaldeasturias.com\\\/magazine365\\\/author\\\/admin\\\/#author\",\"url\":\"https:\\\/\\\/eldigitaldeasturias.com\\\/magazine365\\\/author\\\/admin\\\/\",\"name\":\"admin\",\"image\":{\"@type\":\"ImageObject\",\"@id\":\"https:\\\/\\\/eldigitaldeasturias.com\\\/magazine365\\\/el-movil-lider-en-planificacion-de-viajes-para-los-espanoles\\\/#authorImage\",\"url\":\"https:\\\/\\\/eldigitaldeasturias.com\\\/magazine365\\\/wp-content\\\/litespeed\\\/avatar\\\/e571bcf59a0edd6fa6838245a470f2fe.jpg?ver=1776969259\",\"width\":96,\"height\":96,\"caption\":\"admin\"}},{\"@type\":\"WebPage\",\"@id\":\"https:\\\/\\\/eldigitaldeasturias.com\\\/magazine365\\\/el-movil-lider-en-planificacion-de-viajes-para-los-espanoles\\\/#webpage\",\"url\":\"https:\\\/\\\/eldigitaldeasturias.com\\\/magazine365\\\/el-movil-lider-en-planificacion-de-viajes-para-los-espanoles\\\/\",\"name\":\"El m\\u00f3vil, l\\u00edder en planificaci\\u00f3n de viajes para los espa\\u00f1oles | El Digital de Asturias\",\"description\":\"El m\\u00f3vil se ha convertido en el l\\u00edder en la planificaci\\u00f3n de viajes en Espa\\u00f1a escalando desde la und\\u00e9cima posici\\u00f3n europea de 2014 a la novena en 2015 en el uso de smartphones para buscar, reservar y organizar viajes, seg\\u00fan un informe elaborado por la empresa de reservas de alojamientos Booking.com que ha analizado las\",\"inLanguage\":\"es-ES\",\"isPartOf\":{\"@id\":\"https:\\\/\\\/eldigitaldeasturias.com\\\/magazine365\\\/#website\"},\"breadcrumb\":{\"@id\":\"https:\\\/\\\/eldigitaldeasturias.com\\\/magazine365\\\/el-movil-lider-en-planificacion-de-viajes-para-los-espanoles\\\/#breadcrumblist\"},\"author\":{\"@id\":\"https:\\\/\\\/eldigitaldeasturias.com\\\/magazine365\\\/author\\\/admin\\\/#author\"},\"creator\":{\"@id\":\"https:\\\/\\\/eldigitaldeasturias.com\\\/magazine365\\\/author\\\/admin\\\/#author\"},\"image\":{\"@type\":\"ImageObject\",\"url\":\"https:\\\/\\\/eldigitaldeasturias.com\\\/magazine365\\\/wp-content\\\/uploads\\\/2015\\\/06\\\/fotonoticia_20150616130714_800.jpg\",\"@id\":\"https:\\\/\\\/eldigitaldeasturias.com\\\/magazine365\\\/el-movil-lider-en-planificacion-de-viajes-para-los-espanoles\\\/#mainImage\",\"width\":800,\"height\":533},\"primaryImageOfPage\":{\"@id\":\"https:\\\/\\\/eldigitaldeasturias.com\\\/magazine365\\\/el-movil-lider-en-planificacion-de-viajes-para-los-espanoles\\\/#mainImage\"},\"datePublished\":\"2015-06-17T06:55:00+02:00\",\"dateModified\":\"2015-06-17T06:55:00+02:00\"},{\"@type\":\"WebSite\",\"@id\":\"https:\\\/\\\/eldigitaldeasturias.com\\\/magazine365\\\/#website\",\"url\":\"https:\\\/\\\/eldigitaldeasturias.com\\\/magazine365\\\/\",\"name\":\"El Digital de Asturias\",\"description\":\"Revista de ocio, turismo y estilo de vida\",\"inLanguage\":\"es-ES\",\"publisher\":{\"@id\":\"https:\\\/\\\/eldigitaldeasturias.com\\\/magazine365\\\/#organization\"}}]}\n\t\t<\/script>\n\t\t<!-- All in One SEO Pro -->\r\n\t\t<title>El m\u00f3vil, l\u00edder en planificaci\u00f3n de viajes para los espa\u00f1oles | El Digital de Asturias<\/title>\n\n","aioseo_head_json":{"title":"El m\u00f3vil, l\u00edder en planificaci\u00f3n de viajes para los espa\u00f1oles | El Digital de Asturias","description":"El m\u00f3vil se ha convertido en el l\u00edder en la planificaci\u00f3n de viajes en Espa\u00f1a escalando desde la und\u00e9cima posici\u00f3n europea de 2014 a la novena en 2015 en el uso de smartphones para buscar, reservar y organizar viajes, seg\u00fan un informe elaborado por la empresa de reservas de alojamientos Booking.com que ha analizado las","canonical_url":"https:\/\/eldigitaldeasturias.com\/magazine365\/el-movil-lider-en-planificacion-de-viajes-para-los-espanoles\/","robots":"max-image-preview:large","keywords":"actualidad turismo","webmasterTools":{"google-site-verification":"UA-38556648-1","miscellaneous":""},"schema":{"@context":"https:\/\/schema.org","@graph":[{"@type":"Article","@id":"https:\/\/eldigitaldeasturias.com\/magazine365\/el-movil-lider-en-planificacion-de-viajes-para-los-espanoles\/#article","name":"El m\u00f3vil, l\u00edder en planificaci\u00f3n de viajes para los espa\u00f1oles | El Digital de Asturias","headline":"El m\u00f3vil, l\u00edder en planificaci\u00f3n de viajes para los espa\u00f1oles","author":{"@id":"https:\/\/eldigitaldeasturias.com\/magazine365\/author\/admin\/#author"},"publisher":{"@id":"https:\/\/eldigitaldeasturias.com\/magazine365\/#organization"},"image":{"@type":"ImageObject","url":"https:\/\/eldigitaldeasturias.com\/magazine365\/wp-content\/uploads\/2015\/06\/fotonoticia_20150616130714_800.jpg","width":800,"height":533},"datePublished":"2015-06-17T06:55:00+02:00","dateModified":"2015-06-17T06:55:00+02:00","inLanguage":"es-ES","mainEntityOfPage":{"@id":"https:\/\/eldigitaldeasturias.com\/magazine365\/el-movil-lider-en-planificacion-de-viajes-para-los-espanoles\/#webpage"},"isPartOf":{"@id":"https:\/\/eldigitaldeasturias.com\/magazine365\/el-movil-lider-en-planificacion-de-viajes-para-los-espanoles\/#webpage"},"articleSection":"Actualidad Turismo"},{"@type":"BreadcrumbList","@id":"https:\/\/eldigitaldeasturias.com\/magazine365\/el-movil-lider-en-planificacion-de-viajes-para-los-espanoles\/#breadcrumblist","itemListElement":[{"@type":"ListItem","@id":"https:\/\/eldigitaldeasturias.com\/magazine365#listItem","position":1,"name":"Home","item":"https:\/\/eldigitaldeasturias.com\/magazine365","nextItem":{"@type":"ListItem","@id":"https:\/\/eldigitaldeasturias.com\/magazine365\/category\/actualidad-turismo\/#listItem","name":"Actualidad Turismo"}},{"@type":"ListItem","@id":"https:\/\/eldigitaldeasturias.com\/magazine365\/category\/actualidad-turismo\/#listItem","position":2,"name":"Actualidad Turismo","item":"https:\/\/eldigitaldeasturias.com\/magazine365\/category\/actualidad-turismo\/","nextItem":{"@type":"ListItem","@id":"https:\/\/eldigitaldeasturias.com\/magazine365\/el-movil-lider-en-planificacion-de-viajes-para-los-espanoles\/#listItem","name":"El m\u00f3vil, l\u00edder en planificaci\u00f3n de viajes para los espa\u00f1oles"},"previousItem":{"@type":"ListItem","@id":"https:\/\/eldigitaldeasturias.com\/magazine365#listItem","name":"Home"}},{"@type":"ListItem","@id":"https:\/\/eldigitaldeasturias.com\/magazine365\/el-movil-lider-en-planificacion-de-viajes-para-los-espanoles\/#listItem","position":3,"name":"El m\u00f3vil, l\u00edder en planificaci\u00f3n de viajes para los espa\u00f1oles","previousItem":{"@type":"ListItem","@id":"https:\/\/eldigitaldeasturias.com\/magazine365\/category\/actualidad-turismo\/#listItem","name":"Actualidad Turismo"}}]},{"@type":"Organization","@id":"https:\/\/eldigitaldeasturias.com\/magazine365\/#organization","name":"El digital de Asturias","description":"Revista de ocio, turismo y estilo de vida","url":"https:\/\/eldigitaldeasturias.com\/magazine365\/","logo":{"@type":"ImageObject","url":"https:\/\/www.eldigitaldeasturias.com\/noticias\/wp-content\/uploads\/2020\/12\/EDA.jpg","@id":"https:\/\/eldigitaldeasturias.com\/magazine365\/el-movil-lider-en-planificacion-de-viajes-para-los-espanoles\/#organizationLogo"},"image":{"@id":"https:\/\/eldigitaldeasturias.com\/magazine365\/el-movil-lider-en-planificacion-de-viajes-para-los-espanoles\/#organizationLogo"}},{"@type":"Person","@id":"https:\/\/eldigitaldeasturias.com\/magazine365\/author\/admin\/#author","url":"https:\/\/eldigitaldeasturias.com\/magazine365\/author\/admin\/","name":"admin","image":{"@type":"ImageObject","@id":"https:\/\/eldigitaldeasturias.com\/magazine365\/el-movil-lider-en-planificacion-de-viajes-para-los-espanoles\/#authorImage","url":"https:\/\/eldigitaldeasturias.com\/magazine365\/wp-content\/litespeed\/avatar\/e571bcf59a0edd6fa6838245a470f2fe.jpg?ver=1776969259","width":96,"height":96,"caption":"admin"}},{"@type":"WebPage","@id":"https:\/\/eldigitaldeasturias.com\/magazine365\/el-movil-lider-en-planificacion-de-viajes-para-los-espanoles\/#webpage","url":"https:\/\/eldigitaldeasturias.com\/magazine365\/el-movil-lider-en-planificacion-de-viajes-para-los-espanoles\/","name":"El m\u00f3vil, l\u00edder en planificaci\u00f3n de viajes para los espa\u00f1oles | El Digital de Asturias","description":"El m\u00f3vil se ha convertido en el l\u00edder en la planificaci\u00f3n de viajes en Espa\u00f1a escalando desde la und\u00e9cima posici\u00f3n europea de 2014 a la novena en 2015 en el uso de smartphones para buscar, reservar y organizar viajes, seg\u00fan un informe elaborado por la empresa de reservas de alojamientos Booking.com que ha analizado las","inLanguage":"es-ES","isPartOf":{"@id":"https:\/\/eldigitaldeasturias.com\/magazine365\/#website"},"breadcrumb":{"@id":"https:\/\/eldigitaldeasturias.com\/magazine365\/el-movil-lider-en-planificacion-de-viajes-para-los-espanoles\/#breadcrumblist"},"author":{"@id":"https:\/\/eldigitaldeasturias.com\/magazine365\/author\/admin\/#author"},"creator":{"@id":"https:\/\/eldigitaldeasturias.com\/magazine365\/author\/admin\/#author"},"image":{"@type":"ImageObject","url":"https:\/\/eldigitaldeasturias.com\/magazine365\/wp-content\/uploads\/2015\/06\/fotonoticia_20150616130714_800.jpg","@id":"https:\/\/eldigitaldeasturias.com\/magazine365\/el-movil-lider-en-planificacion-de-viajes-para-los-espanoles\/#mainImage","width":800,"height":533},"primaryImageOfPage":{"@id":"https:\/\/eldigitaldeasturias.com\/magazine365\/el-movil-lider-en-planificacion-de-viajes-para-los-espanoles\/#mainImage"},"datePublished":"2015-06-17T06:55:00+02:00","dateModified":"2015-06-17T06:55:00+02:00"},{"@type":"WebSite","@id":"https:\/\/eldigitaldeasturias.com\/magazine365\/#website","url":"https:\/\/eldigitaldeasturias.com\/magazine365\/","name":"El Digital de Asturias","description":"Revista de ocio, turismo y estilo de vida","inLanguage":"es-ES","publisher":{"@id":"https:\/\/eldigitaldeasturias.com\/magazine365\/#organization"}}]},"og:locale":"es_ES","og:site_name":"El Digital de Asturias \u2013 Revista de ocio, turismo y estilo de vida","og:type":"article","og:title":"El m\u00f3vil, l\u00edder en planificaci\u00f3n de viajes para los espa\u00f1oles | El Digital de Asturias","og:description":"El m\u00f3vil se ha convertido en el l\u00edder en la planificaci\u00f3n de viajes en Espa\u00f1a escalando desde la und\u00e9cima posici\u00f3n europea de 2014 a la novena en 2015 en el uso de smartphones para buscar, reservar y organizar viajes, seg\u00fan un informe elaborado por la empresa de reservas de alojamientos Booking.com que ha analizado las","og:url":"https:\/\/eldigitaldeasturias.com\/magazine365\/el-movil-lider-en-planificacion-de-viajes-para-los-espanoles\/","og:image":"https:\/\/eldigitaldeasturias.com\/magazine365\/wp-content\/uploads\/2015\/06\/fotonoticia_20150616130714_800.jpg","og:image:secure_url":"https:\/\/eldigitaldeasturias.com\/magazine365\/wp-content\/uploads\/2015\/06\/fotonoticia_20150616130714_800.jpg","og:image:width":800,"og:image:height":533,"article:published_time":"2015-06-17T05:25:00+00:00","article:modified_time":"2015-06-17T05:25:00+00:00","twitter:card":"summary_large_image","twitter:title":"El m\u00f3vil, l\u00edder en planificaci\u00f3n de viajes para los espa\u00f1oles | El Digital de Asturias","twitter:description":"El m\u00f3vil se ha convertido en el l\u00edder en la planificaci\u00f3n de viajes en Espa\u00f1a escalando desde la und\u00e9cima posici\u00f3n europea de 2014 a la novena en 2015 en el uso de smartphones para buscar, reservar y organizar viajes, seg\u00fan un informe elaborado por la empresa de reservas de alojamientos Booking.com que ha analizado las","twitter:image":"https:\/\/eldigitaldeasturias.com\/magazine365\/wp-content\/uploads\/2015\/06\/fotonoticia_20150616130714_800.jpg"},"aioseo_meta_data":{"post_id":"40029","title":null,"description":null,"keywords":null,"keyphrases":null,"primary_term":null,"canonical_url":null,"og_title":null,"og_description":null,"og_object_type":"default","og_image_type":"default","og_image_url":null,"og_image_width":null,"og_image_height":null,"og_image_custom_url":null,"og_image_custom_fields":null,"og_video":null,"og_custom_url":null,"og_article_section":null,"og_article_tags":null,"twitter_use_og":false,"twitter_card":"default","twitter_image_type":"default","twitter_image_url":null,"twitter_image_custom_url":null,"twitter_image_custom_fields":null,"twitter_title":null,"twitter_description":null,"schema":{"blockGraphs":[],"customGraphs":[],"default":{"data":{"Article":[],"Course":[],"Dataset":[],"FAQPage":[],"Movie":[],"Person":[],"Product":[],"ProductReview":[],"Car":[],"Recipe":[],"Service":[],"SoftwareApplication":[],"WebPage":[]},"graphName":"","isEnabled":true},"graphs":[],"defaultGraph":"","defaultPostTypeGraph":""},"schema_type":null,"schema_type_options":null,"pillar_content":false,"robots_default":true,"robots_noindex":false,"robots_noarchive":false,"robots_nosnippet":false,"robots_nofollow":false,"robots_noimageindex":false,"robots_noodp":false,"robots_notranslate":false,"robots_max_snippet":null,"robots_max_videopreview":null,"robots_max_imagepreview":"large","priority":null,"frequency":null,"location":null,"local_seo":null,"seo_analyzer_scan_date":"2025-09-19 12:46:08","breadcrumb_settings":null,"limit_modified_date":false,"open_ai":null,"ai":null,"created":"2021-03-09 02:33:44","updated":"2025-09-19 12:46:08"},"aioseo_breadcrumb":"<div class=\"aioseo-breadcrumbs\"><span class=\"aioseo-breadcrumb\">\n\t<a href=\"https:\/\/eldigitaldeasturias.com\/magazine365\" title=\"Home\">Home<\/a>\n<\/span><span class=\"aioseo-breadcrumb-separator\">\u2013<\/span><span class=\"aioseo-breadcrumb\">\n\t<a href=\"https:\/\/eldigitaldeasturias.com\/magazine365\/category\/actualidad-turismo\/\" title=\"Actualidad Turismo\">Actualidad Turismo<\/a>\n<\/span><span class=\"aioseo-breadcrumb-separator\">\u2013<\/span><span class=\"aioseo-breadcrumb\">\n\t<a href=\"https:\/\/eldigitaldeasturias.com\/magazine365\/el-movil-lider-en-planificacion-de-viajes-para-los-espanoles\/\" title=\"El m\u00f3vil, l\u00edder en planificaci\u00f3n de viajes para los espa\u00f1oles\">El m\u00f3vil, l\u00edder en planificaci\u00f3n de viajes para los espa\u00f1oles<\/a>\n<\/span><\/div>","aioseo_breadcrumb_json":[{"label":"Home","link":"https:\/\/eldigitaldeasturias.com\/magazine365"},{"label":"Actualidad Turismo","link":"https:\/\/eldigitaldeasturias.com\/magazine365\/category\/actualidad-turismo\/"},{"label":"El m\u00f3vil, l\u00edder en planificaci\u00f3n de viajes para los espa\u00f1oles","link":"https:\/\/eldigitaldeasturias.com\/magazine365\/el-movil-lider-en-planificacion-de-viajes-para-los-espanoles\/"}],"_links":{"self":[{"href":"https:\/\/eldigitaldeasturias.com\/magazine365\/wp-json\/wp\/v2\/posts\/40029","targetHints":{"allow":["GET"]}}],"collection":[{"href":"https:\/\/eldigitaldeasturias.com\/magazine365\/wp-json\/wp\/v2\/posts"}],"about":[{"href":"https:\/\/eldigitaldeasturias.com\/magazine365\/wp-json\/wp\/v2\/types\/post"}],"author":[{"embeddable":true,"href":"https:\/\/eldigitaldeasturias.com\/magazine365\/wp-json\/wp\/v2\/users\/1"}],"replies":[{"embeddable":true,"href":"https:\/\/eldigitaldeasturias.com\/magazine365\/wp-json\/wp\/v2\/comments?post=40029"}],"version-history":[{"count":0,"href":"https:\/\/eldigitaldeasturias.com\/magazine365\/wp-json\/wp\/v2\/posts\/40029\/revisions"}],"wp:featuredmedia":[{"embeddable":true,"href":"https:\/\/eldigitaldeasturias.com\/magazine365\/wp-json\/wp\/v2\/media\/40030"}],"wp:attachment":[{"href":"https:\/\/eldigitaldeasturias.com\/magazine365\/wp-json\/wp\/v2\/media?parent=40029"}],"wp:term":[{"taxonomy":"category","embeddable":true,"href":"https:\/\/eldigitaldeasturias.com\/magazine365\/wp-json\/wp\/v2\/categories?post=40029"},{"taxonomy":"post_tag","embeddable":true,"href":"https:\/\/eldigitaldeasturias.com\/magazine365\/wp-json\/wp\/v2\/tags?post=40029"}],"curies":[{"name":"wp","href":"https:\/\/api.w.org\/{rel}","templated":true}]}}