{"id":40023,"date":"2015-06-17T06:50:53","date_gmt":"2015-06-17T05:20:53","guid":{"rendered":"http:\/\/eldigitaldeasturias.com\/magazine365\/?p=40023"},"modified":"2015-06-17T06:50:53","modified_gmt":"2015-06-17T05:20:53","slug":"granada-se-promociona-en-paris-para-reforzar-el-mercado-frances-en-la-provincia","status":"publish","type":"post","link":"https:\/\/eldigitaldeasturias.com\/magazine365\/granada-se-promociona-en-paris-para-reforzar-el-mercado-frances-en-la-provincia\/","title":{"rendered":"Granada se promociona en Par\u00eds para reforzar el mercado franc\u00e9s en la provincia"},"content":{"rendered":"<p><img fetchpriority=\"high\" decoding=\"async\" class=\"alignleft size-medium wp-image-40024\" src=\"https:\/\/eldigitaldeasturias.com\/magazine365\/wp-content\/uploads\/2015\/06\/fotonoticia_20150616124906_800-360x203.jpg\" alt=\"fotonoticia_20150616124906_800\" width=\"360\" height=\"203\" srcset=\"https:\/\/eldigitaldeasturias.com\/magazine365\/wp-content\/uploads\/2015\/06\/fotonoticia_20150616124906_800-360x203.jpg 360w, https:\/\/eldigitaldeasturias.com\/magazine365\/wp-content\/uploads\/2015\/06\/fotonoticia_20150616124906_800-650x366.jpg 650w, https:\/\/eldigitaldeasturias.com\/magazine365\/wp-content\/uploads\/2015\/06\/fotonoticia_20150616124906_800-768x432.jpg 768w, https:\/\/eldigitaldeasturias.com\/magazine365\/wp-content\/uploads\/2015\/06\/fotonoticia_20150616124906_800-150x84.jpg 150w, https:\/\/eldigitaldeasturias.com\/magazine365\/wp-content\/uploads\/2015\/06\/fotonoticia_20150616124906_800-450x253.jpg 450w, https:\/\/eldigitaldeasturias.com\/magazine365\/wp-content\/uploads\/2015\/06\/fotonoticia_20150616124906_800-696x392.jpg 696w, https:\/\/eldigitaldeasturias.com\/magazine365\/wp-content\/uploads\/2015\/06\/fotonoticia_20150616124906_800-747x420.jpg 747w, https:\/\/eldigitaldeasturias.com\/magazine365\/wp-content\/uploads\/2015\/06\/fotonoticia_20150616124906_800-499x280.jpg 499w, https:\/\/eldigitaldeasturias.com\/magazine365\/wp-content\/uploads\/2015\/06\/fotonoticia_20150616124906_800.jpg 800w\" sizes=\"(max-width: 360px) 100vw, 360px\" \/>Turismo de Granada, de la Diputaci\u00f3n Provincial, ha participado junto a Turismo Andaluz y el resto de patronatos de turismo de Andaluc\u00eda, en una acci\u00f3n de promoci\u00f3n directa al consumidor en Par\u00eds, en un lugar cercano a la Torre Eiffel, en el que se muestran los productos y atractivos de la provincia granadina para mejorar la cuota de mercado en Francia.<\/p>\n<p>La Semana de Andaluc\u00eda en Par\u00eds se ha desarrollado en &#8216;Le Mail Branly&#8217;, una explanada colindante al monumento m\u00e1s representativo de la capital gala, como una iniciativa promocional concebida para alcanzar tanto al p\u00fablico final como a intermediarios y profesionales del sector tur\u00edstico a trav\u00e9s de diversas acciones de mercadotecnia que incluyen exposiciones, actuaciones, degustaciones gastron\u00f3micas o talleres, entre otras actividades con el objetivo de despertar en los clientes potenciales el deseo de viajar a Granada y aumentar el flujo de viajeros hacia el destino.<\/p>\n<p>En este sentido, el vicepresidente de la Diputaci\u00f3n y responsable provincial de Presidencia y Turismo en funciones, Jos\u00e9 Mar\u00eda Guadalupe, ha recordado la \u00abenorme importancia\u00bb del mercado franc\u00e9s para Granada, ya que \u00abes el primer emisor de turistas extranjeros a la provincia, con m\u00e1s de 120.000 viajeros alojados anualmente en los hoteles y por encima de Estados Unidos, Jap\u00f3n y del resto de pa\u00edses europeos\u00bb.<\/p>\n<p>La acci\u00f3n en Par\u00eds tendr\u00e1 continuidad en la promoci\u00f3n durante un intenso mes de junio y que se repetir\u00e1, con un formato muy parecido, en Bilbao, Mil\u00e1n y Madrid donde, junto a Turismo Andaluz y en la plaza de Santa Ana de la capital espa\u00f1ola, se han habilitado diversas zonas tem\u00e1ticas, adem\u00e1s de un escenario para espect\u00e1culos, \u00e1reas de entretenimiento y un espacio dedicado a las ocho provincias andaluzas, en el que los patronatos trasladar\u00e1n al visitante interesado en la oferta del destino los productos tur\u00edsticos de cada territorio.<\/p>\n<p>El mismo modelo se repetir\u00e1 en una c\u00e9ntrica plaza de Bilbao del 25 al 27 de junio y en Mil\u00e1n del 29 de junio al 4 de julio.<\/p>\n<p>De forma paralela, Turismo de Granada est\u00e1 organizando durante el presente mes un encuentro de familiarizaci\u00f3n con agentes de viaje de Indonesia as\u00ed como prestando servicio de apoyo a medios de comunicaci\u00f3n internacionales como la televisi\u00f3n p\u00fablica de Polonia, TVP2, que se encuentra grabando el programa de viajes y cocina &#8216;Maklovich on Tour&#8217;, la revista francesa &#8216;Femme Actuelle&#8217; y el diario &#8216;El Pa\u00eds&#8217;, que dedicar\u00e1 en julio un reportaje especial y extenso a las playas de la Costa Tropical en el suplemento &#8216;El Viajero&#8217;.<\/p>\n","protected":false},"excerpt":{"rendered":"<p>Turismo de Granada, de la Diputaci\u00f3n Provincial, ha participado junto a Turismo Andaluz y el resto de patronatos de turismo de Andaluc\u00eda, en una acci\u00f3n de promoci\u00f3n directa al consumidor en Par\u00eds, en un lugar cercano a la Torre Eiffel, en el que se muestran los productos y atractivos de la provincia granadina para mejorar<\/p>\n","protected":false},"author":1,"featured_media":40024,"comment_status":"open","ping_status":"closed","sticky":false,"template":"","format":"standard","meta":{"footnotes":""},"categories":[222],"tags":[],"class_list":{"0":"post-40023","1":"post","2":"type-post","3":"status-publish","4":"format-standard","5":"has-post-thumbnail","7":"category-actualidad-turismo"},"aioseo_notices":[],"aioseo_head":"\n\t\t<!-- All in One SEO Pro 4.9.6.1 - aioseo.com -->\n\t<meta name=\"description\" content=\"Turismo de Granada, de la Diputaci\u00f3n Provincial, ha participado junto a Turismo Andaluz y el resto de patronatos de turismo de Andaluc\u00eda, en una acci\u00f3n de promoci\u00f3n directa al consumidor en Par\u00eds, en un lugar cercano a la Torre Eiffel, en el que se muestran los productos y atractivos de la provincia granadina para mejorar\" \/>\n\t<meta name=\"robots\" content=\"max-image-preview:large\" \/>\n\t<meta name=\"author\" content=\"admin\"\/>\n\t<meta name=\"google-site-verification\" content=\"UA-38556648-1\" \/>\n\t<meta name=\"keywords\" content=\"actualidad turismo\" \/>\n\t<link rel=\"canonical\" href=\"https:\/\/eldigitaldeasturias.com\/magazine365\/granada-se-promociona-en-paris-para-reforzar-el-mercado-frances-en-la-provincia\/\" \/>\n\t<meta name=\"generator\" content=\"All in One SEO Pro (AIOSEO) 4.9.6.1\" \/>\n\t\t<meta property=\"og:locale\" content=\"es_ES\" \/>\n\t\t<meta property=\"og:site_name\" content=\"El Digital de Asturias \u2013 Revista de ocio, turismo y estilo de vida\" \/>\n\t\t<meta property=\"og:type\" content=\"article\" \/>\n\t\t<meta property=\"og:title\" content=\"Granada se promociona en Par\u00eds para reforzar el mercado franc\u00e9s en la provincia | El Digital de Asturias\" \/>\n\t\t<meta property=\"og:description\" content=\"Turismo de Granada, de la Diputaci\u00f3n Provincial, ha participado junto a Turismo Andaluz y el resto de patronatos de turismo de Andaluc\u00eda, en una acci\u00f3n de promoci\u00f3n directa al consumidor en Par\u00eds, en un lugar cercano a la Torre Eiffel, en el que se muestran los productos y atractivos de la provincia granadina para mejorar\" \/>\n\t\t<meta property=\"og:url\" content=\"https:\/\/eldigitaldeasturias.com\/magazine365\/granada-se-promociona-en-paris-para-reforzar-el-mercado-frances-en-la-provincia\/\" \/>\n\t\t<meta property=\"og:image\" content=\"https:\/\/eldigitaldeasturias.com\/magazine365\/wp-content\/uploads\/2015\/06\/fotonoticia_20150616124906_800.jpg\" \/>\n\t\t<meta property=\"og:image:secure_url\" content=\"https:\/\/eldigitaldeasturias.com\/magazine365\/wp-content\/uploads\/2015\/06\/fotonoticia_20150616124906_800.jpg\" \/>\n\t\t<meta property=\"og:image:width\" content=\"800\" \/>\n\t\t<meta property=\"og:image:height\" content=\"450\" \/>\n\t\t<meta property=\"article:published_time\" content=\"2015-06-17T05:20:53+00:00\" \/>\n\t\t<meta property=\"article:modified_time\" content=\"2015-06-17T05:20:53+00:00\" \/>\n\t\t<meta name=\"twitter:card\" content=\"summary_large_image\" \/>\n\t\t<meta name=\"twitter:title\" content=\"Granada se promociona en Par\u00eds para reforzar el mercado franc\u00e9s en la provincia | El Digital de Asturias\" \/>\n\t\t<meta name=\"twitter:description\" content=\"Turismo de Granada, de la Diputaci\u00f3n Provincial, ha participado junto a Turismo Andaluz y el resto de patronatos de turismo de Andaluc\u00eda, en una acci\u00f3n de promoci\u00f3n directa al consumidor en Par\u00eds, en un lugar cercano a la Torre Eiffel, en el que se muestran los productos y atractivos de la provincia granadina para mejorar\" \/>\n\t\t<meta name=\"twitter:image\" content=\"https:\/\/eldigitaldeasturias.com\/magazine365\/wp-content\/uploads\/2015\/06\/fotonoticia_20150616124906_800.jpg\" \/>\n\t\t<script type=\"application\/ld+json\" class=\"aioseo-schema\">\n\t\t\t{\"@context\":\"https:\\\/\\\/schema.org\",\"@graph\":[{\"@type\":\"Article\",\"@id\":\"https:\\\/\\\/eldigitaldeasturias.com\\\/magazine365\\\/granada-se-promociona-en-paris-para-reforzar-el-mercado-frances-en-la-provincia\\\/#article\",\"name\":\"Granada se promociona en Par\\u00eds para reforzar el mercado franc\\u00e9s en la provincia | El Digital de Asturias\",\"headline\":\"Granada se promociona en Par\\u00eds para reforzar el mercado franc\\u00e9s en la provincia\",\"author\":{\"@id\":\"https:\\\/\\\/eldigitaldeasturias.com\\\/magazine365\\\/author\\\/admin\\\/#author\"},\"publisher\":{\"@id\":\"https:\\\/\\\/eldigitaldeasturias.com\\\/magazine365\\\/#organization\"},\"image\":{\"@type\":\"ImageObject\",\"url\":\"https:\\\/\\\/eldigitaldeasturias.com\\\/magazine365\\\/wp-content\\\/uploads\\\/2015\\\/06\\\/fotonoticia_20150616124906_800.jpg\",\"width\":800,\"height\":450},\"datePublished\":\"2015-06-17T06:50:53+02:00\",\"dateModified\":\"2015-06-17T06:50:53+02:00\",\"inLanguage\":\"es-ES\",\"mainEntityOfPage\":{\"@id\":\"https:\\\/\\\/eldigitaldeasturias.com\\\/magazine365\\\/granada-se-promociona-en-paris-para-reforzar-el-mercado-frances-en-la-provincia\\\/#webpage\"},\"isPartOf\":{\"@id\":\"https:\\\/\\\/eldigitaldeasturias.com\\\/magazine365\\\/granada-se-promociona-en-paris-para-reforzar-el-mercado-frances-en-la-provincia\\\/#webpage\"},\"articleSection\":\"Actualidad Turismo\"},{\"@type\":\"BreadcrumbList\",\"@id\":\"https:\\\/\\\/eldigitaldeasturias.com\\\/magazine365\\\/granada-se-promociona-en-paris-para-reforzar-el-mercado-frances-en-la-provincia\\\/#breadcrumblist\",\"itemListElement\":[{\"@type\":\"ListItem\",\"@id\":\"https:\\\/\\\/eldigitaldeasturias.com\\\/magazine365#listItem\",\"position\":1,\"name\":\"Home\",\"item\":\"https:\\\/\\\/eldigitaldeasturias.com\\\/magazine365\",\"nextItem\":{\"@type\":\"ListItem\",\"@id\":\"https:\\\/\\\/eldigitaldeasturias.com\\\/magazine365\\\/category\\\/actualidad-turismo\\\/#listItem\",\"name\":\"Actualidad Turismo\"}},{\"@type\":\"ListItem\",\"@id\":\"https:\\\/\\\/eldigitaldeasturias.com\\\/magazine365\\\/category\\\/actualidad-turismo\\\/#listItem\",\"position\":2,\"name\":\"Actualidad Turismo\",\"item\":\"https:\\\/\\\/eldigitaldeasturias.com\\\/magazine365\\\/category\\\/actualidad-turismo\\\/\",\"nextItem\":{\"@type\":\"ListItem\",\"@id\":\"https:\\\/\\\/eldigitaldeasturias.com\\\/magazine365\\\/granada-se-promociona-en-paris-para-reforzar-el-mercado-frances-en-la-provincia\\\/#listItem\",\"name\":\"Granada se promociona en Par\\u00eds para reforzar el mercado franc\\u00e9s en la provincia\"},\"previousItem\":{\"@type\":\"ListItem\",\"@id\":\"https:\\\/\\\/eldigitaldeasturias.com\\\/magazine365#listItem\",\"name\":\"Home\"}},{\"@type\":\"ListItem\",\"@id\":\"https:\\\/\\\/eldigitaldeasturias.com\\\/magazine365\\\/granada-se-promociona-en-paris-para-reforzar-el-mercado-frances-en-la-provincia\\\/#listItem\",\"position\":3,\"name\":\"Granada se promociona en Par\\u00eds para reforzar el mercado franc\\u00e9s en la provincia\",\"previousItem\":{\"@type\":\"ListItem\",\"@id\":\"https:\\\/\\\/eldigitaldeasturias.com\\\/magazine365\\\/category\\\/actualidad-turismo\\\/#listItem\",\"name\":\"Actualidad Turismo\"}}]},{\"@type\":\"Organization\",\"@id\":\"https:\\\/\\\/eldigitaldeasturias.com\\\/magazine365\\\/#organization\",\"name\":\"El digital de Asturias\",\"description\":\"Revista de ocio, turismo y estilo de vida\",\"url\":\"https:\\\/\\\/eldigitaldeasturias.com\\\/magazine365\\\/\",\"logo\":{\"@type\":\"ImageObject\",\"url\":\"https:\\\/\\\/www.eldigitaldeasturias.com\\\/noticias\\\/wp-content\\\/uploads\\\/2020\\\/12\\\/EDA.jpg\",\"@id\":\"https:\\\/\\\/eldigitaldeasturias.com\\\/magazine365\\\/granada-se-promociona-en-paris-para-reforzar-el-mercado-frances-en-la-provincia\\\/#organizationLogo\"},\"image\":{\"@id\":\"https:\\\/\\\/eldigitaldeasturias.com\\\/magazine365\\\/granada-se-promociona-en-paris-para-reforzar-el-mercado-frances-en-la-provincia\\\/#organizationLogo\"}},{\"@type\":\"Person\",\"@id\":\"https:\\\/\\\/eldigitaldeasturias.com\\\/magazine365\\\/author\\\/admin\\\/#author\",\"url\":\"https:\\\/\\\/eldigitaldeasturias.com\\\/magazine365\\\/author\\\/admin\\\/\",\"name\":\"admin\",\"image\":{\"@type\":\"ImageObject\",\"@id\":\"https:\\\/\\\/eldigitaldeasturias.com\\\/magazine365\\\/granada-se-promociona-en-paris-para-reforzar-el-mercado-frances-en-la-provincia\\\/#authorImage\",\"url\":\"https:\\\/\\\/eldigitaldeasturias.com\\\/magazine365\\\/wp-content\\\/litespeed\\\/avatar\\\/e571bcf59a0edd6fa6838245a470f2fe.jpg?ver=1776969259\",\"width\":96,\"height\":96,\"caption\":\"admin\"}},{\"@type\":\"WebPage\",\"@id\":\"https:\\\/\\\/eldigitaldeasturias.com\\\/magazine365\\\/granada-se-promociona-en-paris-para-reforzar-el-mercado-frances-en-la-provincia\\\/#webpage\",\"url\":\"https:\\\/\\\/eldigitaldeasturias.com\\\/magazine365\\\/granada-se-promociona-en-paris-para-reforzar-el-mercado-frances-en-la-provincia\\\/\",\"name\":\"Granada se promociona en Par\\u00eds para reforzar el mercado franc\\u00e9s en la provincia | El Digital de Asturias\",\"description\":\"Turismo de Granada, de la Diputaci\\u00f3n Provincial, ha participado junto a Turismo Andaluz y el resto de patronatos de turismo de Andaluc\\u00eda, en una acci\\u00f3n de promoci\\u00f3n directa al consumidor en Par\\u00eds, en un lugar cercano a la Torre Eiffel, en el que se muestran los productos y atractivos de la provincia granadina para mejorar\",\"inLanguage\":\"es-ES\",\"isPartOf\":{\"@id\":\"https:\\\/\\\/eldigitaldeasturias.com\\\/magazine365\\\/#website\"},\"breadcrumb\":{\"@id\":\"https:\\\/\\\/eldigitaldeasturias.com\\\/magazine365\\\/granada-se-promociona-en-paris-para-reforzar-el-mercado-frances-en-la-provincia\\\/#breadcrumblist\"},\"author\":{\"@id\":\"https:\\\/\\\/eldigitaldeasturias.com\\\/magazine365\\\/author\\\/admin\\\/#author\"},\"creator\":{\"@id\":\"https:\\\/\\\/eldigitaldeasturias.com\\\/magazine365\\\/author\\\/admin\\\/#author\"},\"image\":{\"@type\":\"ImageObject\",\"url\":\"https:\\\/\\\/eldigitaldeasturias.com\\\/magazine365\\\/wp-content\\\/uploads\\\/2015\\\/06\\\/fotonoticia_20150616124906_800.jpg\",\"@id\":\"https:\\\/\\\/eldigitaldeasturias.com\\\/magazine365\\\/granada-se-promociona-en-paris-para-reforzar-el-mercado-frances-en-la-provincia\\\/#mainImage\",\"width\":800,\"height\":450},\"primaryImageOfPage\":{\"@id\":\"https:\\\/\\\/eldigitaldeasturias.com\\\/magazine365\\\/granada-se-promociona-en-paris-para-reforzar-el-mercado-frances-en-la-provincia\\\/#mainImage\"},\"datePublished\":\"2015-06-17T06:50:53+02:00\",\"dateModified\":\"2015-06-17T06:50:53+02:00\"},{\"@type\":\"WebSite\",\"@id\":\"https:\\\/\\\/eldigitaldeasturias.com\\\/magazine365\\\/#website\",\"url\":\"https:\\\/\\\/eldigitaldeasturias.com\\\/magazine365\\\/\",\"name\":\"El Digital de Asturias\",\"description\":\"Revista de ocio, turismo y estilo de vida\",\"inLanguage\":\"es-ES\",\"publisher\":{\"@id\":\"https:\\\/\\\/eldigitaldeasturias.com\\\/magazine365\\\/#organization\"}}]}\n\t\t<\/script>\n\t\t<!-- All in One SEO Pro -->\r\n\t\t<title>Granada se promociona en Par\u00eds para reforzar el mercado franc\u00e9s en la provincia | El Digital de Asturias<\/title>\n\n","aioseo_head_json":{"title":"Granada se promociona en Par\u00eds para reforzar el mercado franc\u00e9s en la provincia | El Digital de Asturias","description":"Turismo de Granada, de la Diputaci\u00f3n Provincial, ha participado junto a Turismo Andaluz y el resto de patronatos de turismo de Andaluc\u00eda, en una acci\u00f3n de promoci\u00f3n directa al consumidor en Par\u00eds, en un lugar cercano a la Torre Eiffel, en el que se muestran los productos y atractivos de la provincia granadina para mejorar","canonical_url":"https:\/\/eldigitaldeasturias.com\/magazine365\/granada-se-promociona-en-paris-para-reforzar-el-mercado-frances-en-la-provincia\/","robots":"max-image-preview:large","keywords":"actualidad turismo","webmasterTools":{"google-site-verification":"UA-38556648-1","miscellaneous":""},"schema":{"@context":"https:\/\/schema.org","@graph":[{"@type":"Article","@id":"https:\/\/eldigitaldeasturias.com\/magazine365\/granada-se-promociona-en-paris-para-reforzar-el-mercado-frances-en-la-provincia\/#article","name":"Granada se promociona en Par\u00eds para reforzar el mercado franc\u00e9s en la provincia | El Digital de Asturias","headline":"Granada se promociona en Par\u00eds para reforzar el mercado franc\u00e9s en la provincia","author":{"@id":"https:\/\/eldigitaldeasturias.com\/magazine365\/author\/admin\/#author"},"publisher":{"@id":"https:\/\/eldigitaldeasturias.com\/magazine365\/#organization"},"image":{"@type":"ImageObject","url":"https:\/\/eldigitaldeasturias.com\/magazine365\/wp-content\/uploads\/2015\/06\/fotonoticia_20150616124906_800.jpg","width":800,"height":450},"datePublished":"2015-06-17T06:50:53+02:00","dateModified":"2015-06-17T06:50:53+02:00","inLanguage":"es-ES","mainEntityOfPage":{"@id":"https:\/\/eldigitaldeasturias.com\/magazine365\/granada-se-promociona-en-paris-para-reforzar-el-mercado-frances-en-la-provincia\/#webpage"},"isPartOf":{"@id":"https:\/\/eldigitaldeasturias.com\/magazine365\/granada-se-promociona-en-paris-para-reforzar-el-mercado-frances-en-la-provincia\/#webpage"},"articleSection":"Actualidad Turismo"},{"@type":"BreadcrumbList","@id":"https:\/\/eldigitaldeasturias.com\/magazine365\/granada-se-promociona-en-paris-para-reforzar-el-mercado-frances-en-la-provincia\/#breadcrumblist","itemListElement":[{"@type":"ListItem","@id":"https:\/\/eldigitaldeasturias.com\/magazine365#listItem","position":1,"name":"Home","item":"https:\/\/eldigitaldeasturias.com\/magazine365","nextItem":{"@type":"ListItem","@id":"https:\/\/eldigitaldeasturias.com\/magazine365\/category\/actualidad-turismo\/#listItem","name":"Actualidad Turismo"}},{"@type":"ListItem","@id":"https:\/\/eldigitaldeasturias.com\/magazine365\/category\/actualidad-turismo\/#listItem","position":2,"name":"Actualidad Turismo","item":"https:\/\/eldigitaldeasturias.com\/magazine365\/category\/actualidad-turismo\/","nextItem":{"@type":"ListItem","@id":"https:\/\/eldigitaldeasturias.com\/magazine365\/granada-se-promociona-en-paris-para-reforzar-el-mercado-frances-en-la-provincia\/#listItem","name":"Granada se promociona en Par\u00eds para reforzar el mercado franc\u00e9s en la provincia"},"previousItem":{"@type":"ListItem","@id":"https:\/\/eldigitaldeasturias.com\/magazine365#listItem","name":"Home"}},{"@type":"ListItem","@id":"https:\/\/eldigitaldeasturias.com\/magazine365\/granada-se-promociona-en-paris-para-reforzar-el-mercado-frances-en-la-provincia\/#listItem","position":3,"name":"Granada se promociona en Par\u00eds para reforzar el mercado franc\u00e9s en la provincia","previousItem":{"@type":"ListItem","@id":"https:\/\/eldigitaldeasturias.com\/magazine365\/category\/actualidad-turismo\/#listItem","name":"Actualidad Turismo"}}]},{"@type":"Organization","@id":"https:\/\/eldigitaldeasturias.com\/magazine365\/#organization","name":"El digital de Asturias","description":"Revista de ocio, turismo y estilo de vida","url":"https:\/\/eldigitaldeasturias.com\/magazine365\/","logo":{"@type":"ImageObject","url":"https:\/\/www.eldigitaldeasturias.com\/noticias\/wp-content\/uploads\/2020\/12\/EDA.jpg","@id":"https:\/\/eldigitaldeasturias.com\/magazine365\/granada-se-promociona-en-paris-para-reforzar-el-mercado-frances-en-la-provincia\/#organizationLogo"},"image":{"@id":"https:\/\/eldigitaldeasturias.com\/magazine365\/granada-se-promociona-en-paris-para-reforzar-el-mercado-frances-en-la-provincia\/#organizationLogo"}},{"@type":"Person","@id":"https:\/\/eldigitaldeasturias.com\/magazine365\/author\/admin\/#author","url":"https:\/\/eldigitaldeasturias.com\/magazine365\/author\/admin\/","name":"admin","image":{"@type":"ImageObject","@id":"https:\/\/eldigitaldeasturias.com\/magazine365\/granada-se-promociona-en-paris-para-reforzar-el-mercado-frances-en-la-provincia\/#authorImage","url":"https:\/\/eldigitaldeasturias.com\/magazine365\/wp-content\/litespeed\/avatar\/e571bcf59a0edd6fa6838245a470f2fe.jpg?ver=1776969259","width":96,"height":96,"caption":"admin"}},{"@type":"WebPage","@id":"https:\/\/eldigitaldeasturias.com\/magazine365\/granada-se-promociona-en-paris-para-reforzar-el-mercado-frances-en-la-provincia\/#webpage","url":"https:\/\/eldigitaldeasturias.com\/magazine365\/granada-se-promociona-en-paris-para-reforzar-el-mercado-frances-en-la-provincia\/","name":"Granada se promociona en Par\u00eds para reforzar el mercado franc\u00e9s en la provincia | El Digital de Asturias","description":"Turismo de Granada, de la Diputaci\u00f3n Provincial, ha participado junto a Turismo Andaluz y el resto de patronatos de turismo de Andaluc\u00eda, en una acci\u00f3n de promoci\u00f3n directa al consumidor en Par\u00eds, en un lugar cercano a la Torre Eiffel, en el que se muestran los productos y atractivos de la provincia granadina para mejorar","inLanguage":"es-ES","isPartOf":{"@id":"https:\/\/eldigitaldeasturias.com\/magazine365\/#website"},"breadcrumb":{"@id":"https:\/\/eldigitaldeasturias.com\/magazine365\/granada-se-promociona-en-paris-para-reforzar-el-mercado-frances-en-la-provincia\/#breadcrumblist"},"author":{"@id":"https:\/\/eldigitaldeasturias.com\/magazine365\/author\/admin\/#author"},"creator":{"@id":"https:\/\/eldigitaldeasturias.com\/magazine365\/author\/admin\/#author"},"image":{"@type":"ImageObject","url":"https:\/\/eldigitaldeasturias.com\/magazine365\/wp-content\/uploads\/2015\/06\/fotonoticia_20150616124906_800.jpg","@id":"https:\/\/eldigitaldeasturias.com\/magazine365\/granada-se-promociona-en-paris-para-reforzar-el-mercado-frances-en-la-provincia\/#mainImage","width":800,"height":450},"primaryImageOfPage":{"@id":"https:\/\/eldigitaldeasturias.com\/magazine365\/granada-se-promociona-en-paris-para-reforzar-el-mercado-frances-en-la-provincia\/#mainImage"},"datePublished":"2015-06-17T06:50:53+02:00","dateModified":"2015-06-17T06:50:53+02:00"},{"@type":"WebSite","@id":"https:\/\/eldigitaldeasturias.com\/magazine365\/#website","url":"https:\/\/eldigitaldeasturias.com\/magazine365\/","name":"El Digital de Asturias","description":"Revista de ocio, turismo y estilo de vida","inLanguage":"es-ES","publisher":{"@id":"https:\/\/eldigitaldeasturias.com\/magazine365\/#organization"}}]},"og:locale":"es_ES","og:site_name":"El Digital de Asturias \u2013 Revista de ocio, turismo y estilo de vida","og:type":"article","og:title":"Granada se promociona en Par\u00eds para reforzar el mercado franc\u00e9s en la provincia | El Digital de Asturias","og:description":"Turismo de Granada, de la Diputaci\u00f3n Provincial, ha participado junto a Turismo Andaluz y el resto de patronatos de turismo de Andaluc\u00eda, en una acci\u00f3n de promoci\u00f3n directa al consumidor en Par\u00eds, en un lugar cercano a la Torre Eiffel, en el que se muestran los productos y atractivos de la provincia granadina para mejorar","og:url":"https:\/\/eldigitaldeasturias.com\/magazine365\/granada-se-promociona-en-paris-para-reforzar-el-mercado-frances-en-la-provincia\/","og:image":"https:\/\/eldigitaldeasturias.com\/magazine365\/wp-content\/uploads\/2015\/06\/fotonoticia_20150616124906_800.jpg","og:image:secure_url":"https:\/\/eldigitaldeasturias.com\/magazine365\/wp-content\/uploads\/2015\/06\/fotonoticia_20150616124906_800.jpg","og:image:width":800,"og:image:height":450,"article:published_time":"2015-06-17T05:20:53+00:00","article:modified_time":"2015-06-17T05:20:53+00:00","twitter:card":"summary_large_image","twitter:title":"Granada se promociona en Par\u00eds para reforzar el mercado franc\u00e9s en la provincia | El Digital de Asturias","twitter:description":"Turismo de Granada, de la Diputaci\u00f3n Provincial, ha participado junto a Turismo Andaluz y el resto de patronatos de turismo de Andaluc\u00eda, en una acci\u00f3n de promoci\u00f3n directa al consumidor en Par\u00eds, en un lugar cercano a la Torre Eiffel, en el que se muestran los productos y atractivos de la provincia granadina para mejorar","twitter:image":"https:\/\/eldigitaldeasturias.com\/magazine365\/wp-content\/uploads\/2015\/06\/fotonoticia_20150616124906_800.jpg"},"aioseo_meta_data":{"post_id":"40023","title":null,"description":null,"keywords":null,"keyphrases":null,"primary_term":null,"canonical_url":null,"og_title":null,"og_description":null,"og_object_type":"default","og_image_type":"default","og_image_url":null,"og_image_width":null,"og_image_height":null,"og_image_custom_url":null,"og_image_custom_fields":null,"og_video":null,"og_custom_url":null,"og_article_section":null,"og_article_tags":null,"twitter_use_og":false,"twitter_card":"default","twitter_image_type":"default","twitter_image_url":null,"twitter_image_custom_url":null,"twitter_image_custom_fields":null,"twitter_title":null,"twitter_description":null,"schema":{"blockGraphs":[],"customGraphs":[],"default":{"data":{"Article":[],"Course":[],"Dataset":[],"FAQPage":[],"Movie":[],"Person":[],"Product":[],"ProductReview":[],"Car":[],"Recipe":[],"Service":[],"SoftwareApplication":[],"WebPage":[]},"graphName":"","isEnabled":true},"graphs":[],"defaultGraph":"","defaultPostTypeGraph":""},"schema_type":null,"schema_type_options":null,"pillar_content":false,"robots_default":true,"robots_noindex":false,"robots_noarchive":false,"robots_nosnippet":false,"robots_nofollow":false,"robots_noimageindex":false,"robots_noodp":false,"robots_notranslate":false,"robots_max_snippet":null,"robots_max_videopreview":null,"robots_max_imagepreview":"large","priority":null,"frequency":null,"location":null,"local_seo":null,"seo_analyzer_scan_date":"2025-09-19 12:46:06","breadcrumb_settings":null,"limit_modified_date":false,"open_ai":null,"ai":null,"created":"2021-03-09 02:33:44","updated":"2025-09-19 12:46:06"},"aioseo_breadcrumb":"<div class=\"aioseo-breadcrumbs\"><span class=\"aioseo-breadcrumb\">\n\t<a href=\"https:\/\/eldigitaldeasturias.com\/magazine365\" title=\"Home\">Home<\/a>\n<\/span><span class=\"aioseo-breadcrumb-separator\">\u2013<\/span><span class=\"aioseo-breadcrumb\">\n\t<a href=\"https:\/\/eldigitaldeasturias.com\/magazine365\/category\/actualidad-turismo\/\" title=\"Actualidad Turismo\">Actualidad Turismo<\/a>\n<\/span><span class=\"aioseo-breadcrumb-separator\">\u2013<\/span><span class=\"aioseo-breadcrumb\">\n\t<a href=\"https:\/\/eldigitaldeasturias.com\/magazine365\/granada-se-promociona-en-paris-para-reforzar-el-mercado-frances-en-la-provincia\/\" title=\"Granada se promociona en Par\u00eds para reforzar el mercado franc\u00e9s en la provincia\">Granada se promociona en Par\u00eds para reforzar el mercado franc\u00e9s en la provincia<\/a>\n<\/span><\/div>","aioseo_breadcrumb_json":[{"label":"Home","link":"https:\/\/eldigitaldeasturias.com\/magazine365"},{"label":"Actualidad Turismo","link":"https:\/\/eldigitaldeasturias.com\/magazine365\/category\/actualidad-turismo\/"},{"label":"Granada se promociona en Par\u00eds para reforzar el mercado franc\u00e9s en la provincia","link":"https:\/\/eldigitaldeasturias.com\/magazine365\/granada-se-promociona-en-paris-para-reforzar-el-mercado-frances-en-la-provincia\/"}],"_links":{"self":[{"href":"https:\/\/eldigitaldeasturias.com\/magazine365\/wp-json\/wp\/v2\/posts\/40023","targetHints":{"allow":["GET"]}}],"collection":[{"href":"https:\/\/eldigitaldeasturias.com\/magazine365\/wp-json\/wp\/v2\/posts"}],"about":[{"href":"https:\/\/eldigitaldeasturias.com\/magazine365\/wp-json\/wp\/v2\/types\/post"}],"author":[{"embeddable":true,"href":"https:\/\/eldigitaldeasturias.com\/magazine365\/wp-json\/wp\/v2\/users\/1"}],"replies":[{"embeddable":true,"href":"https:\/\/eldigitaldeasturias.com\/magazine365\/wp-json\/wp\/v2\/comments?post=40023"}],"version-history":[{"count":0,"href":"https:\/\/eldigitaldeasturias.com\/magazine365\/wp-json\/wp\/v2\/posts\/40023\/revisions"}],"wp:featuredmedia":[{"embeddable":true,"href":"https:\/\/eldigitaldeasturias.com\/magazine365\/wp-json\/wp\/v2\/media\/40024"}],"wp:attachment":[{"href":"https:\/\/eldigitaldeasturias.com\/magazine365\/wp-json\/wp\/v2\/media?parent=40023"}],"wp:term":[{"taxonomy":"category","embeddable":true,"href":"https:\/\/eldigitaldeasturias.com\/magazine365\/wp-json\/wp\/v2\/categories?post=40023"},{"taxonomy":"post_tag","embeddable":true,"href":"https:\/\/eldigitaldeasturias.com\/magazine365\/wp-json\/wp\/v2\/tags?post=40023"}],"curies":[{"name":"wp","href":"https:\/\/api.w.org\/{rel}","templated":true}]}}