{"id":40020,"date":"2015-06-17T06:49:08","date_gmt":"2015-06-17T05:19:08","guid":{"rendered":"http:\/\/eldigitaldeasturias.com\/magazine365\/?p=40020"},"modified":"2015-06-17T06:49:08","modified_gmt":"2015-06-17T05:19:08","slug":"menorca-se-promociona-en-burdeos","status":"publish","type":"post","link":"https:\/\/eldigitaldeasturias.com\/magazine365\/menorca-se-promociona-en-burdeos\/","title":{"rendered":"Menorca se promociona en Burdeos"},"content":{"rendered":"<p><img fetchpriority=\"high\" decoding=\"async\" class=\"alignleft size-medium wp-image-40021\" src=\"https:\/\/eldigitaldeasturias.com\/magazine365\/wp-content\/uploads\/2015\/06\/fotonoticia_20150616121241_800-360x254.jpg\" alt=\"fotonoticia_20150616121241_800\" width=\"360\" height=\"254\" srcset=\"https:\/\/eldigitaldeasturias.com\/magazine365\/wp-content\/uploads\/2015\/06\/fotonoticia_20150616121241_800-360x254.jpg 360w, https:\/\/eldigitaldeasturias.com\/magazine365\/wp-content\/uploads\/2015\/06\/fotonoticia_20150616121241_800-650x459.jpg 650w, https:\/\/eldigitaldeasturias.com\/magazine365\/wp-content\/uploads\/2015\/06\/fotonoticia_20150616121241_800-768x542.jpg 768w, https:\/\/eldigitaldeasturias.com\/magazine365\/wp-content\/uploads\/2015\/06\/fotonoticia_20150616121241_800-150x106.jpg 150w, https:\/\/eldigitaldeasturias.com\/magazine365\/wp-content\/uploads\/2015\/06\/fotonoticia_20150616121241_800-450x318.jpg 450w, https:\/\/eldigitaldeasturias.com\/magazine365\/wp-content\/uploads\/2015\/06\/fotonoticia_20150616121241_800-100x70.jpg 100w, https:\/\/eldigitaldeasturias.com\/magazine365\/wp-content\/uploads\/2015\/06\/fotonoticia_20150616121241_800-696x492.jpg 696w, https:\/\/eldigitaldeasturias.com\/magazine365\/wp-content\/uploads\/2015\/06\/fotonoticia_20150616121241_800-595x420.jpg 595w, https:\/\/eldigitaldeasturias.com\/magazine365\/wp-content\/uploads\/2015\/06\/fotonoticia_20150616121241_800.jpg 800w\" sizes=\"(max-width: 360px) 100vw, 360px\" \/>El Consell Insular de Menorca, a trav\u00e9s de su ente promocional, la Fundaci\u00f3 Dest\u00ed Menorca, ha asistido a las jornadas de promoci\u00f3n tur\u00edstica que se celebran en la ciudad francesa de Burdeos, organizadas por la Oficina Espa\u00f1ola de Turismo en Par\u00eds, un evento que se ha dividido en dos fases: una orientada a los profesionales y otra a p\u00fablico finalista.<\/p>\n<p>Seg\u00fan ha informado este martes la m\u00e1xima instituci\u00f3n insular, la jornada dedicada a los profesionales ha sido organizada conjuntamente con el SNAV (el Sindicato Nacional de Agentes de Viajes de Francia).<\/p>\n<p>Al encuentro, han asistido los agentes de viaje de Burdeos (la quinta mayor ciudad de Francia con una zona urbana que supera el mill\u00f3n de habitantes), as\u00ed como los agentes de viaje de la regi\u00f3n de influencia (Toulouse), representantes del aeropuerto de Burdeos y compa\u00f1\u00edas a\u00e9reas que operan en \u00e9l.<\/p>\n<p>Tras la primera jornada profesional, el encuentro ha salido a la calle y se ha abierto al p\u00fablico generalista.<\/p>\n<p>Los asistentes han expuesto sus destinos en un espacio preparado en la Place Pey Berland, en la misma plaza que comparten Ayuntamiento y Catedral de Burdeos.<\/p>\n<p>Con esta acci\u00f3n se ha llegado de forma directa al visitante en potencia de este mercado, el cuarto en importancia al inicio de esta temporada tur\u00edstica (tras brit\u00e1nicos, espa\u00f1oles y alemanes).<\/p>\n<p>Francia se ha revelado como un pa\u00eds emergente para el turismo menorqu\u00edn, tras los esfuerzos promocionales realizados en el pa\u00eds galo las \u00faltimas temporadas, cuyos resultados se empezaron a percibir el a\u00f1o pasado, con cerca de 20.000 visitantes, seg\u00fan han recordado desde la Conseller\u00eda de Turismo que dirige en funciones Salom\u00e9 Cabrera.<\/p>\n<p>Desde este departamento manejan una cifras de previsi\u00f3n de crecimiento para el 2015 que implicar\u00edan alcanzar los 25.000 turistas.<\/p>\n<p>No en vano, hasta tres touroperadores franceses trabajan este a\u00f1o en la Isla, a los que hay que sumar las conexiones a\u00e9reas desde las principales ciudades del pa\u00eds.<\/p>\n<p>PREVISIONES PARA 2016<\/p>\n<p>De cara al 2016, ya ha confirmado su presencia un nuevo turoperador que ofrecer\u00e1 8.000 plazas para llegar a Menorca.<\/p>\n<p>Seg\u00fan ha explicado el Consell menorqu\u00edn el perfil del visitante franc\u00e9s es el de un turista interesado en conocer la historia y cultura de la Isla, su gastronom\u00eda, sus productos propios y sus propuestas de turismo activo, m\u00e1s all\u00e1 de la oferta de sol y playa.<\/p>\n","protected":false},"excerpt":{"rendered":"<p>El Consell Insular de Menorca, a trav\u00e9s de su ente promocional, la Fundaci\u00f3 Dest\u00ed Menorca, ha asistido a las jornadas de promoci\u00f3n tur\u00edstica que se celebran en la ciudad francesa de Burdeos, organizadas por la Oficina Espa\u00f1ola de Turismo en Par\u00eds, un evento que se ha dividido en dos fases: una orientada a los profesionales<\/p>\n","protected":false},"author":1,"featured_media":40021,"comment_status":"open","ping_status":"closed","sticky":false,"template":"","format":"standard","meta":{"footnotes":""},"categories":[222],"tags":[],"class_list":{"0":"post-40020","1":"post","2":"type-post","3":"status-publish","4":"format-standard","5":"has-post-thumbnail","7":"category-actualidad-turismo"},"aioseo_notices":[],"aioseo_head":"\n\t\t<!-- All in One SEO Pro 4.9.6.1 - aioseo.com -->\n\t<meta name=\"description\" content=\"El Consell Insular de Menorca, a trav\u00e9s de su ente promocional, la Fundaci\u00f3 Dest\u00ed Menorca, ha asistido a las jornadas de promoci\u00f3n tur\u00edstica que se celebran en la ciudad francesa de Burdeos, organizadas por la Oficina Espa\u00f1ola de Turismo en Par\u00eds, un evento que se ha dividido en dos fases: una orientada a los profesionales\" \/>\n\t<meta name=\"robots\" content=\"max-image-preview:large\" \/>\n\t<meta name=\"author\" content=\"admin\"\/>\n\t<meta name=\"google-site-verification\" content=\"UA-38556648-1\" \/>\n\t<meta name=\"keywords\" content=\"actualidad turismo\" \/>\n\t<link rel=\"canonical\" href=\"https:\/\/eldigitaldeasturias.com\/magazine365\/menorca-se-promociona-en-burdeos\/\" \/>\n\t<meta name=\"generator\" content=\"All in One SEO Pro (AIOSEO) 4.9.6.1\" \/>\n\t\t<meta property=\"og:locale\" content=\"es_ES\" \/>\n\t\t<meta property=\"og:site_name\" content=\"El Digital de Asturias \u2013 Revista de ocio, turismo y estilo de vida\" \/>\n\t\t<meta property=\"og:type\" content=\"article\" \/>\n\t\t<meta property=\"og:title\" content=\"Menorca se promociona en Burdeos | El Digital de Asturias\" \/>\n\t\t<meta property=\"og:description\" content=\"El Consell Insular de Menorca, a trav\u00e9s de su ente promocional, la Fundaci\u00f3 Dest\u00ed Menorca, ha asistido a las jornadas de promoci\u00f3n tur\u00edstica que se celebran en la ciudad francesa de Burdeos, organizadas por la Oficina Espa\u00f1ola de Turismo en Par\u00eds, un evento que se ha dividido en dos fases: una orientada a los profesionales\" \/>\n\t\t<meta property=\"og:url\" content=\"https:\/\/eldigitaldeasturias.com\/magazine365\/menorca-se-promociona-en-burdeos\/\" \/>\n\t\t<meta property=\"og:image\" content=\"https:\/\/eldigitaldeasturias.com\/magazine365\/wp-content\/uploads\/2015\/06\/fotonoticia_20150616121241_800.jpg\" \/>\n\t\t<meta property=\"og:image:secure_url\" content=\"https:\/\/eldigitaldeasturias.com\/magazine365\/wp-content\/uploads\/2015\/06\/fotonoticia_20150616121241_800.jpg\" \/>\n\t\t<meta property=\"og:image:width\" content=\"800\" \/>\n\t\t<meta property=\"og:image:height\" content=\"565\" \/>\n\t\t<meta property=\"article:published_time\" content=\"2015-06-17T05:19:08+00:00\" \/>\n\t\t<meta property=\"article:modified_time\" content=\"2015-06-17T05:19:08+00:00\" \/>\n\t\t<meta name=\"twitter:card\" content=\"summary_large_image\" \/>\n\t\t<meta name=\"twitter:title\" content=\"Menorca se promociona en Burdeos | El Digital de Asturias\" \/>\n\t\t<meta name=\"twitter:description\" content=\"El Consell Insular de Menorca, a trav\u00e9s de su ente promocional, la Fundaci\u00f3 Dest\u00ed Menorca, ha asistido a las jornadas de promoci\u00f3n tur\u00edstica que se celebran en la ciudad francesa de Burdeos, organizadas por la Oficina Espa\u00f1ola de Turismo en Par\u00eds, un evento que se ha dividido en dos fases: una orientada a los profesionales\" \/>\n\t\t<meta name=\"twitter:image\" content=\"https:\/\/eldigitaldeasturias.com\/magazine365\/wp-content\/uploads\/2015\/06\/fotonoticia_20150616121241_800.jpg\" \/>\n\t\t<script type=\"application\/ld+json\" class=\"aioseo-schema\">\n\t\t\t{\"@context\":\"https:\\\/\\\/schema.org\",\"@graph\":[{\"@type\":\"Article\",\"@id\":\"https:\\\/\\\/eldigitaldeasturias.com\\\/magazine365\\\/menorca-se-promociona-en-burdeos\\\/#article\",\"name\":\"Menorca se promociona en Burdeos | El Digital de Asturias\",\"headline\":\"Menorca se promociona en Burdeos\",\"author\":{\"@id\":\"https:\\\/\\\/eldigitaldeasturias.com\\\/magazine365\\\/author\\\/admin\\\/#author\"},\"publisher\":{\"@id\":\"https:\\\/\\\/eldigitaldeasturias.com\\\/magazine365\\\/#organization\"},\"image\":{\"@type\":\"ImageObject\",\"url\":\"https:\\\/\\\/eldigitaldeasturias.com\\\/magazine365\\\/wp-content\\\/uploads\\\/2015\\\/06\\\/fotonoticia_20150616121241_800.jpg\",\"width\":800,\"height\":565},\"datePublished\":\"2015-06-17T06:49:08+02:00\",\"dateModified\":\"2015-06-17T06:49:08+02:00\",\"inLanguage\":\"es-ES\",\"mainEntityOfPage\":{\"@id\":\"https:\\\/\\\/eldigitaldeasturias.com\\\/magazine365\\\/menorca-se-promociona-en-burdeos\\\/#webpage\"},\"isPartOf\":{\"@id\":\"https:\\\/\\\/eldigitaldeasturias.com\\\/magazine365\\\/menorca-se-promociona-en-burdeos\\\/#webpage\"},\"articleSection\":\"Actualidad Turismo\"},{\"@type\":\"BreadcrumbList\",\"@id\":\"https:\\\/\\\/eldigitaldeasturias.com\\\/magazine365\\\/menorca-se-promociona-en-burdeos\\\/#breadcrumblist\",\"itemListElement\":[{\"@type\":\"ListItem\",\"@id\":\"https:\\\/\\\/eldigitaldeasturias.com\\\/magazine365#listItem\",\"position\":1,\"name\":\"Home\",\"item\":\"https:\\\/\\\/eldigitaldeasturias.com\\\/magazine365\",\"nextItem\":{\"@type\":\"ListItem\",\"@id\":\"https:\\\/\\\/eldigitaldeasturias.com\\\/magazine365\\\/category\\\/actualidad-turismo\\\/#listItem\",\"name\":\"Actualidad Turismo\"}},{\"@type\":\"ListItem\",\"@id\":\"https:\\\/\\\/eldigitaldeasturias.com\\\/magazine365\\\/category\\\/actualidad-turismo\\\/#listItem\",\"position\":2,\"name\":\"Actualidad Turismo\",\"item\":\"https:\\\/\\\/eldigitaldeasturias.com\\\/magazine365\\\/category\\\/actualidad-turismo\\\/\",\"nextItem\":{\"@type\":\"ListItem\",\"@id\":\"https:\\\/\\\/eldigitaldeasturias.com\\\/magazine365\\\/menorca-se-promociona-en-burdeos\\\/#listItem\",\"name\":\"Menorca se promociona en Burdeos\"},\"previousItem\":{\"@type\":\"ListItem\",\"@id\":\"https:\\\/\\\/eldigitaldeasturias.com\\\/magazine365#listItem\",\"name\":\"Home\"}},{\"@type\":\"ListItem\",\"@id\":\"https:\\\/\\\/eldigitaldeasturias.com\\\/magazine365\\\/menorca-se-promociona-en-burdeos\\\/#listItem\",\"position\":3,\"name\":\"Menorca se promociona en Burdeos\",\"previousItem\":{\"@type\":\"ListItem\",\"@id\":\"https:\\\/\\\/eldigitaldeasturias.com\\\/magazine365\\\/category\\\/actualidad-turismo\\\/#listItem\",\"name\":\"Actualidad Turismo\"}}]},{\"@type\":\"Organization\",\"@id\":\"https:\\\/\\\/eldigitaldeasturias.com\\\/magazine365\\\/#organization\",\"name\":\"El digital de Asturias\",\"description\":\"Revista de ocio, turismo y estilo de vida\",\"url\":\"https:\\\/\\\/eldigitaldeasturias.com\\\/magazine365\\\/\",\"logo\":{\"@type\":\"ImageObject\",\"url\":\"https:\\\/\\\/www.eldigitaldeasturias.com\\\/noticias\\\/wp-content\\\/uploads\\\/2020\\\/12\\\/EDA.jpg\",\"@id\":\"https:\\\/\\\/eldigitaldeasturias.com\\\/magazine365\\\/menorca-se-promociona-en-burdeos\\\/#organizationLogo\"},\"image\":{\"@id\":\"https:\\\/\\\/eldigitaldeasturias.com\\\/magazine365\\\/menorca-se-promociona-en-burdeos\\\/#organizationLogo\"}},{\"@type\":\"Person\",\"@id\":\"https:\\\/\\\/eldigitaldeasturias.com\\\/magazine365\\\/author\\\/admin\\\/#author\",\"url\":\"https:\\\/\\\/eldigitaldeasturias.com\\\/magazine365\\\/author\\\/admin\\\/\",\"name\":\"admin\",\"image\":{\"@type\":\"ImageObject\",\"@id\":\"https:\\\/\\\/eldigitaldeasturias.com\\\/magazine365\\\/menorca-se-promociona-en-burdeos\\\/#authorImage\",\"url\":\"https:\\\/\\\/eldigitaldeasturias.com\\\/magazine365\\\/wp-content\\\/litespeed\\\/avatar\\\/e571bcf59a0edd6fa6838245a470f2fe.jpg?ver=1776969259\",\"width\":96,\"height\":96,\"caption\":\"admin\"}},{\"@type\":\"WebPage\",\"@id\":\"https:\\\/\\\/eldigitaldeasturias.com\\\/magazine365\\\/menorca-se-promociona-en-burdeos\\\/#webpage\",\"url\":\"https:\\\/\\\/eldigitaldeasturias.com\\\/magazine365\\\/menorca-se-promociona-en-burdeos\\\/\",\"name\":\"Menorca se promociona en Burdeos | El Digital de Asturias\",\"description\":\"El Consell Insular de Menorca, a trav\\u00e9s de su ente promocional, la Fundaci\\u00f3 Dest\\u00ed Menorca, ha asistido a las jornadas de promoci\\u00f3n tur\\u00edstica que se celebran en la ciudad francesa de Burdeos, organizadas por la Oficina Espa\\u00f1ola de Turismo en Par\\u00eds, un evento que se ha dividido en dos fases: una orientada a los profesionales\",\"inLanguage\":\"es-ES\",\"isPartOf\":{\"@id\":\"https:\\\/\\\/eldigitaldeasturias.com\\\/magazine365\\\/#website\"},\"breadcrumb\":{\"@id\":\"https:\\\/\\\/eldigitaldeasturias.com\\\/magazine365\\\/menorca-se-promociona-en-burdeos\\\/#breadcrumblist\"},\"author\":{\"@id\":\"https:\\\/\\\/eldigitaldeasturias.com\\\/magazine365\\\/author\\\/admin\\\/#author\"},\"creator\":{\"@id\":\"https:\\\/\\\/eldigitaldeasturias.com\\\/magazine365\\\/author\\\/admin\\\/#author\"},\"image\":{\"@type\":\"ImageObject\",\"url\":\"https:\\\/\\\/eldigitaldeasturias.com\\\/magazine365\\\/wp-content\\\/uploads\\\/2015\\\/06\\\/fotonoticia_20150616121241_800.jpg\",\"@id\":\"https:\\\/\\\/eldigitaldeasturias.com\\\/magazine365\\\/menorca-se-promociona-en-burdeos\\\/#mainImage\",\"width\":800,\"height\":565},\"primaryImageOfPage\":{\"@id\":\"https:\\\/\\\/eldigitaldeasturias.com\\\/magazine365\\\/menorca-se-promociona-en-burdeos\\\/#mainImage\"},\"datePublished\":\"2015-06-17T06:49:08+02:00\",\"dateModified\":\"2015-06-17T06:49:08+02:00\"},{\"@type\":\"WebSite\",\"@id\":\"https:\\\/\\\/eldigitaldeasturias.com\\\/magazine365\\\/#website\",\"url\":\"https:\\\/\\\/eldigitaldeasturias.com\\\/magazine365\\\/\",\"name\":\"El Digital de Asturias\",\"description\":\"Revista de ocio, turismo y estilo de vida\",\"inLanguage\":\"es-ES\",\"publisher\":{\"@id\":\"https:\\\/\\\/eldigitaldeasturias.com\\\/magazine365\\\/#organization\"}}]}\n\t\t<\/script>\n\t\t<!-- All in One SEO Pro -->\r\n\t\t<title>Menorca se promociona en Burdeos | El Digital de Asturias<\/title>\n\n","aioseo_head_json":{"title":"Menorca se promociona en Burdeos | El Digital de Asturias","description":"El Consell Insular de Menorca, a trav\u00e9s de su ente promocional, la Fundaci\u00f3 Dest\u00ed Menorca, ha asistido a las jornadas de promoci\u00f3n tur\u00edstica que se celebran en la ciudad francesa de Burdeos, organizadas por la Oficina Espa\u00f1ola de Turismo en Par\u00eds, un evento que se ha dividido en dos fases: una orientada a los profesionales","canonical_url":"https:\/\/eldigitaldeasturias.com\/magazine365\/menorca-se-promociona-en-burdeos\/","robots":"max-image-preview:large","keywords":"actualidad turismo","webmasterTools":{"google-site-verification":"UA-38556648-1","miscellaneous":""},"schema":{"@context":"https:\/\/schema.org","@graph":[{"@type":"Article","@id":"https:\/\/eldigitaldeasturias.com\/magazine365\/menorca-se-promociona-en-burdeos\/#article","name":"Menorca se promociona en Burdeos | El Digital de Asturias","headline":"Menorca se promociona en Burdeos","author":{"@id":"https:\/\/eldigitaldeasturias.com\/magazine365\/author\/admin\/#author"},"publisher":{"@id":"https:\/\/eldigitaldeasturias.com\/magazine365\/#organization"},"image":{"@type":"ImageObject","url":"https:\/\/eldigitaldeasturias.com\/magazine365\/wp-content\/uploads\/2015\/06\/fotonoticia_20150616121241_800.jpg","width":800,"height":565},"datePublished":"2015-06-17T06:49:08+02:00","dateModified":"2015-06-17T06:49:08+02:00","inLanguage":"es-ES","mainEntityOfPage":{"@id":"https:\/\/eldigitaldeasturias.com\/magazine365\/menorca-se-promociona-en-burdeos\/#webpage"},"isPartOf":{"@id":"https:\/\/eldigitaldeasturias.com\/magazine365\/menorca-se-promociona-en-burdeos\/#webpage"},"articleSection":"Actualidad Turismo"},{"@type":"BreadcrumbList","@id":"https:\/\/eldigitaldeasturias.com\/magazine365\/menorca-se-promociona-en-burdeos\/#breadcrumblist","itemListElement":[{"@type":"ListItem","@id":"https:\/\/eldigitaldeasturias.com\/magazine365#listItem","position":1,"name":"Home","item":"https:\/\/eldigitaldeasturias.com\/magazine365","nextItem":{"@type":"ListItem","@id":"https:\/\/eldigitaldeasturias.com\/magazine365\/category\/actualidad-turismo\/#listItem","name":"Actualidad Turismo"}},{"@type":"ListItem","@id":"https:\/\/eldigitaldeasturias.com\/magazine365\/category\/actualidad-turismo\/#listItem","position":2,"name":"Actualidad Turismo","item":"https:\/\/eldigitaldeasturias.com\/magazine365\/category\/actualidad-turismo\/","nextItem":{"@type":"ListItem","@id":"https:\/\/eldigitaldeasturias.com\/magazine365\/menorca-se-promociona-en-burdeos\/#listItem","name":"Menorca se promociona en Burdeos"},"previousItem":{"@type":"ListItem","@id":"https:\/\/eldigitaldeasturias.com\/magazine365#listItem","name":"Home"}},{"@type":"ListItem","@id":"https:\/\/eldigitaldeasturias.com\/magazine365\/menorca-se-promociona-en-burdeos\/#listItem","position":3,"name":"Menorca se promociona en Burdeos","previousItem":{"@type":"ListItem","@id":"https:\/\/eldigitaldeasturias.com\/magazine365\/category\/actualidad-turismo\/#listItem","name":"Actualidad Turismo"}}]},{"@type":"Organization","@id":"https:\/\/eldigitaldeasturias.com\/magazine365\/#organization","name":"El digital de Asturias","description":"Revista de ocio, turismo y estilo de vida","url":"https:\/\/eldigitaldeasturias.com\/magazine365\/","logo":{"@type":"ImageObject","url":"https:\/\/www.eldigitaldeasturias.com\/noticias\/wp-content\/uploads\/2020\/12\/EDA.jpg","@id":"https:\/\/eldigitaldeasturias.com\/magazine365\/menorca-se-promociona-en-burdeos\/#organizationLogo"},"image":{"@id":"https:\/\/eldigitaldeasturias.com\/magazine365\/menorca-se-promociona-en-burdeos\/#organizationLogo"}},{"@type":"Person","@id":"https:\/\/eldigitaldeasturias.com\/magazine365\/author\/admin\/#author","url":"https:\/\/eldigitaldeasturias.com\/magazine365\/author\/admin\/","name":"admin","image":{"@type":"ImageObject","@id":"https:\/\/eldigitaldeasturias.com\/magazine365\/menorca-se-promociona-en-burdeos\/#authorImage","url":"https:\/\/eldigitaldeasturias.com\/magazine365\/wp-content\/litespeed\/avatar\/e571bcf59a0edd6fa6838245a470f2fe.jpg?ver=1776969259","width":96,"height":96,"caption":"admin"}},{"@type":"WebPage","@id":"https:\/\/eldigitaldeasturias.com\/magazine365\/menorca-se-promociona-en-burdeos\/#webpage","url":"https:\/\/eldigitaldeasturias.com\/magazine365\/menorca-se-promociona-en-burdeos\/","name":"Menorca se promociona en Burdeos | El Digital de Asturias","description":"El Consell Insular de Menorca, a trav\u00e9s de su ente promocional, la Fundaci\u00f3 Dest\u00ed Menorca, ha asistido a las jornadas de promoci\u00f3n tur\u00edstica que se celebran en la ciudad francesa de Burdeos, organizadas por la Oficina Espa\u00f1ola de Turismo en Par\u00eds, un evento que se ha dividido en dos fases: una orientada a los profesionales","inLanguage":"es-ES","isPartOf":{"@id":"https:\/\/eldigitaldeasturias.com\/magazine365\/#website"},"breadcrumb":{"@id":"https:\/\/eldigitaldeasturias.com\/magazine365\/menorca-se-promociona-en-burdeos\/#breadcrumblist"},"author":{"@id":"https:\/\/eldigitaldeasturias.com\/magazine365\/author\/admin\/#author"},"creator":{"@id":"https:\/\/eldigitaldeasturias.com\/magazine365\/author\/admin\/#author"},"image":{"@type":"ImageObject","url":"https:\/\/eldigitaldeasturias.com\/magazine365\/wp-content\/uploads\/2015\/06\/fotonoticia_20150616121241_800.jpg","@id":"https:\/\/eldigitaldeasturias.com\/magazine365\/menorca-se-promociona-en-burdeos\/#mainImage","width":800,"height":565},"primaryImageOfPage":{"@id":"https:\/\/eldigitaldeasturias.com\/magazine365\/menorca-se-promociona-en-burdeos\/#mainImage"},"datePublished":"2015-06-17T06:49:08+02:00","dateModified":"2015-06-17T06:49:08+02:00"},{"@type":"WebSite","@id":"https:\/\/eldigitaldeasturias.com\/magazine365\/#website","url":"https:\/\/eldigitaldeasturias.com\/magazine365\/","name":"El Digital de Asturias","description":"Revista de ocio, turismo y estilo de vida","inLanguage":"es-ES","publisher":{"@id":"https:\/\/eldigitaldeasturias.com\/magazine365\/#organization"}}]},"og:locale":"es_ES","og:site_name":"El Digital de Asturias \u2013 Revista de ocio, turismo y estilo de vida","og:type":"article","og:title":"Menorca se promociona en Burdeos | El Digital de Asturias","og:description":"El Consell Insular de Menorca, a trav\u00e9s de su ente promocional, la Fundaci\u00f3 Dest\u00ed Menorca, ha asistido a las jornadas de promoci\u00f3n tur\u00edstica que se celebran en la ciudad francesa de Burdeos, organizadas por la Oficina Espa\u00f1ola de Turismo en Par\u00eds, un evento que se ha dividido en dos fases: una orientada a los profesionales","og:url":"https:\/\/eldigitaldeasturias.com\/magazine365\/menorca-se-promociona-en-burdeos\/","og:image":"https:\/\/eldigitaldeasturias.com\/magazine365\/wp-content\/uploads\/2015\/06\/fotonoticia_20150616121241_800.jpg","og:image:secure_url":"https:\/\/eldigitaldeasturias.com\/magazine365\/wp-content\/uploads\/2015\/06\/fotonoticia_20150616121241_800.jpg","og:image:width":800,"og:image:height":565,"article:published_time":"2015-06-17T05:19:08+00:00","article:modified_time":"2015-06-17T05:19:08+00:00","twitter:card":"summary_large_image","twitter:title":"Menorca se promociona en Burdeos | El Digital de Asturias","twitter:description":"El Consell Insular de Menorca, a trav\u00e9s de su ente promocional, la Fundaci\u00f3 Dest\u00ed Menorca, ha asistido a las jornadas de promoci\u00f3n tur\u00edstica que se celebran en la ciudad francesa de Burdeos, organizadas por la Oficina Espa\u00f1ola de Turismo en Par\u00eds, un evento que se ha dividido en dos fases: una orientada a los profesionales","twitter:image":"https:\/\/eldigitaldeasturias.com\/magazine365\/wp-content\/uploads\/2015\/06\/fotonoticia_20150616121241_800.jpg"},"aioseo_meta_data":{"post_id":"40020","title":null,"description":null,"keywords":null,"keyphrases":null,"primary_term":null,"canonical_url":null,"og_title":null,"og_description":null,"og_object_type":"default","og_image_type":"default","og_image_url":null,"og_image_width":null,"og_image_height":null,"og_image_custom_url":null,"og_image_custom_fields":null,"og_video":null,"og_custom_url":null,"og_article_section":null,"og_article_tags":null,"twitter_use_og":false,"twitter_card":"default","twitter_image_type":"default","twitter_image_url":null,"twitter_image_custom_url":null,"twitter_image_custom_fields":null,"twitter_title":null,"twitter_description":null,"schema":{"blockGraphs":[],"customGraphs":[],"default":{"data":{"Article":[],"Course":[],"Dataset":[],"FAQPage":[],"Movie":[],"Person":[],"Product":[],"ProductReview":[],"Car":[],"Recipe":[],"Service":[],"SoftwareApplication":[],"WebPage":[]},"graphName":"","isEnabled":true},"graphs":[],"defaultGraph":"","defaultPostTypeGraph":""},"schema_type":null,"schema_type_options":null,"pillar_content":false,"robots_default":true,"robots_noindex":false,"robots_noarchive":false,"robots_nosnippet":false,"robots_nofollow":false,"robots_noimageindex":false,"robots_noodp":false,"robots_notranslate":false,"robots_max_snippet":null,"robots_max_videopreview":null,"robots_max_imagepreview":"large","priority":null,"frequency":null,"location":null,"local_seo":null,"seo_analyzer_scan_date":"2025-09-19 12:46:05","breadcrumb_settings":null,"limit_modified_date":false,"open_ai":null,"ai":null,"created":"2021-03-09 02:33:44","updated":"2025-09-19 12:46:05"},"aioseo_breadcrumb":"<div class=\"aioseo-breadcrumbs\"><span class=\"aioseo-breadcrumb\">\n\t<a href=\"https:\/\/eldigitaldeasturias.com\/magazine365\" title=\"Home\">Home<\/a>\n<\/span><span class=\"aioseo-breadcrumb-separator\">\u2013<\/span><span class=\"aioseo-breadcrumb\">\n\t<a href=\"https:\/\/eldigitaldeasturias.com\/magazine365\/category\/actualidad-turismo\/\" title=\"Actualidad Turismo\">Actualidad Turismo<\/a>\n<\/span><span class=\"aioseo-breadcrumb-separator\">\u2013<\/span><span class=\"aioseo-breadcrumb\">\n\t<a href=\"https:\/\/eldigitaldeasturias.com\/magazine365\/menorca-se-promociona-en-burdeos\/\" title=\"Menorca se promociona en Burdeos\">Menorca se promociona en Burdeos<\/a>\n<\/span><\/div>","aioseo_breadcrumb_json":[{"label":"Home","link":"https:\/\/eldigitaldeasturias.com\/magazine365"},{"label":"Actualidad Turismo","link":"https:\/\/eldigitaldeasturias.com\/magazine365\/category\/actualidad-turismo\/"},{"label":"Menorca se promociona en Burdeos","link":"https:\/\/eldigitaldeasturias.com\/magazine365\/menorca-se-promociona-en-burdeos\/"}],"_links":{"self":[{"href":"https:\/\/eldigitaldeasturias.com\/magazine365\/wp-json\/wp\/v2\/posts\/40020","targetHints":{"allow":["GET"]}}],"collection":[{"href":"https:\/\/eldigitaldeasturias.com\/magazine365\/wp-json\/wp\/v2\/posts"}],"about":[{"href":"https:\/\/eldigitaldeasturias.com\/magazine365\/wp-json\/wp\/v2\/types\/post"}],"author":[{"embeddable":true,"href":"https:\/\/eldigitaldeasturias.com\/magazine365\/wp-json\/wp\/v2\/users\/1"}],"replies":[{"embeddable":true,"href":"https:\/\/eldigitaldeasturias.com\/magazine365\/wp-json\/wp\/v2\/comments?post=40020"}],"version-history":[{"count":0,"href":"https:\/\/eldigitaldeasturias.com\/magazine365\/wp-json\/wp\/v2\/posts\/40020\/revisions"}],"wp:featuredmedia":[{"embeddable":true,"href":"https:\/\/eldigitaldeasturias.com\/magazine365\/wp-json\/wp\/v2\/media\/40021"}],"wp:attachment":[{"href":"https:\/\/eldigitaldeasturias.com\/magazine365\/wp-json\/wp\/v2\/media?parent=40020"}],"wp:term":[{"taxonomy":"category","embeddable":true,"href":"https:\/\/eldigitaldeasturias.com\/magazine365\/wp-json\/wp\/v2\/categories?post=40020"},{"taxonomy":"post_tag","embeddable":true,"href":"https:\/\/eldigitaldeasturias.com\/magazine365\/wp-json\/wp\/v2\/tags?post=40020"}],"curies":[{"name":"wp","href":"https:\/\/api.w.org\/{rel}","templated":true}]}}