{"id":40014,"date":"2015-06-17T06:40:44","date_gmt":"2015-06-17T05:10:44","guid":{"rendered":"http:\/\/eldigitaldeasturias.com\/magazine365\/?p=40014"},"modified":"2015-06-17T06:40:44","modified_gmt":"2015-06-17T05:10:44","slug":"baleares-una-de-las-comunidades-con-mayor-numero-de-empresas-de-rent-a-car","status":"publish","type":"post","link":"https:\/\/eldigitaldeasturias.com\/magazine365\/baleares-una-de-las-comunidades-con-mayor-numero-de-empresas-de-rent-a-car\/","title":{"rendered":"Baleares, una de las comunidades con mayor n\u00famero de empresas de &#8216;rent a car&#8217;"},"content":{"rendered":"<p><img fetchpriority=\"high\" decoding=\"async\" class=\"alignleft size-medium wp-image-40015\" src=\"https:\/\/eldigitaldeasturias.com\/magazine365\/wp-content\/uploads\/2015\/06\/fotonoticia_20150616114741_800-360x240.jpg\" alt=\"fotonoticia_20150616114741_800\" width=\"360\" height=\"240\" srcset=\"https:\/\/eldigitaldeasturias.com\/magazine365\/wp-content\/uploads\/2015\/06\/fotonoticia_20150616114741_800-360x240.jpg 360w, https:\/\/eldigitaldeasturias.com\/magazine365\/wp-content\/uploads\/2015\/06\/fotonoticia_20150616114741_800-650x433.jpg 650w, https:\/\/eldigitaldeasturias.com\/magazine365\/wp-content\/uploads\/2015\/06\/fotonoticia_20150616114741_800-768x512.jpg 768w, https:\/\/eldigitaldeasturias.com\/magazine365\/wp-content\/uploads\/2015\/06\/fotonoticia_20150616114741_800-150x100.jpg 150w, https:\/\/eldigitaldeasturias.com\/magazine365\/wp-content\/uploads\/2015\/06\/fotonoticia_20150616114741_800-450x300.jpg 450w, https:\/\/eldigitaldeasturias.com\/magazine365\/wp-content\/uploads\/2015\/06\/fotonoticia_20150616114741_800-696x464.jpg 696w, https:\/\/eldigitaldeasturias.com\/magazine365\/wp-content\/uploads\/2015\/06\/fotonoticia_20150616114741_800-630x420.jpg 630w, https:\/\/eldigitaldeasturias.com\/magazine365\/wp-content\/uploads\/2015\/06\/fotonoticia_20150616114741_800-84x55.jpg 84w, https:\/\/eldigitaldeasturias.com\/magazine365\/wp-content\/uploads\/2015\/06\/fotonoticia_20150616114741_800.jpg 800w\" sizes=\"(max-width: 360px) 100vw, 360px\" \/>Baleares es una de las una de las comunidades con mayor n\u00famero de empresas de &#8216;rent a car&#8217;, con un 13 por ciento del total, el mismo porcentaje registrado por Canarias. Por delante de ellas solamente se sit\u00faa Andaluc\u00eda, con un 18 por ciento del total, seg\u00fan un informe de la consultora DBK.<\/p>\n<p>Por otro lado, los datos indican que la facturaci\u00f3n de las empresas de &#8216;rent a car&#8217; se incrementar\u00e1 en torno a un 5% en 2015, hasta superar la cifra de 1.400 millones de euros, en un marco de recuperaci\u00f3n de los viajes de ocio y de negocio de los espa\u00f1oles y de prolongaci\u00f3n del dinamismo del turismo extranjero,<\/p>\n<p>En 2014, el mercado alcanz\u00f3 los 1.340 millones de euros, un 4,3% m\u00e1s que en el a\u00f1o anterior, en el que hab\u00eda registrado un incremento del 2,8%.<\/p>\n<p>Los ingresos procedentes del turismo extranjero reunieron el 41% del mercado total, con un incremento de alrededor del 8%, mientras que el segmento de turismo nacional concentr\u00f3 el 24% (+3%) y el de empresas el 35%, tras crecer un 1,5%.<\/p>\n<p>La flota de veh\u00edculos se situ\u00f3 en 250.000 unidades en 2014, registrando un crecimiento del 2,5% respecto a 2013, frente al ligero descenso del 0,4% registrado en este \u00faltimo a\u00f1o.<\/p>\n<p>Seg\u00fan DBK, la favorable evoluci\u00f3n de la demanda tur\u00edstica prevista, en un marco de mejora de la coyuntura, incidir\u00e1 positivamente en la evoluci\u00f3n del sector en los pr\u00f3ximos a\u00f1os. Adem\u00e1s, tambi\u00e9n se esperan nuevos crecimientos de la demanda procedente de negocios y empresas.<\/p>\n<p>A principios de 2014 operaban en Espa\u00f1a 2.084 empresas de alquiler de veh\u00edculos, incluyendo autom\u00f3viles, veh\u00edculos de motor ligeros y camiones, 103 compa\u00f1\u00edas m\u00e1s que en 2013.<\/p>\n","protected":false},"excerpt":{"rendered":"<p>Baleares es una de las una de las comunidades con mayor n\u00famero de empresas de &#8216;rent a car&#8217;, con un 13 por ciento del total, el mismo porcentaje registrado por Canarias. Por delante de ellas solamente se sit\u00faa Andaluc\u00eda, con un 18 por ciento del total, seg\u00fan un informe de la consultora DBK. Por otro<\/p>\n","protected":false},"author":1,"featured_media":40015,"comment_status":"open","ping_status":"closed","sticky":false,"template":"","format":"standard","meta":{"footnotes":""},"categories":[222],"tags":[],"class_list":{"0":"post-40014","1":"post","2":"type-post","3":"status-publish","4":"format-standard","5":"has-post-thumbnail","7":"category-actualidad-turismo"},"aioseo_notices":[],"aioseo_head":"\n\t\t<!-- All in One SEO Pro 4.9.6.1 - aioseo.com -->\n\t<meta name=\"description\" content=\"Baleares es una de las una de las comunidades con mayor n\u00famero de empresas de &#039;rent a car&#039;, con un 13 por ciento del total, el mismo porcentaje registrado por Canarias. Por delante de ellas solamente se sit\u00faa Andaluc\u00eda, con un 18 por ciento del total, seg\u00fan un informe de la consultora DBK. Por otro\" \/>\n\t<meta name=\"robots\" content=\"max-image-preview:large\" \/>\n\t<meta name=\"author\" content=\"admin\"\/>\n\t<meta name=\"google-site-verification\" content=\"UA-38556648-1\" \/>\n\t<meta name=\"keywords\" content=\"actualidad turismo\" \/>\n\t<link rel=\"canonical\" href=\"https:\/\/eldigitaldeasturias.com\/magazine365\/baleares-una-de-las-comunidades-con-mayor-numero-de-empresas-de-rent-a-car\/\" \/>\n\t<meta name=\"generator\" content=\"All in One SEO Pro (AIOSEO) 4.9.6.1\" \/>\n\t\t<meta property=\"og:locale\" content=\"es_ES\" \/>\n\t\t<meta property=\"og:site_name\" content=\"El Digital de Asturias \u2013 Revista de ocio, turismo y estilo de vida\" \/>\n\t\t<meta property=\"og:type\" content=\"article\" \/>\n\t\t<meta property=\"og:title\" content=\"Baleares, una de las comunidades con mayor n\u00famero de empresas de \u2018rent a car\u2019 | El Digital de Asturias\" \/>\n\t\t<meta property=\"og:description\" content=\"Baleares es una de las una de las comunidades con mayor n\u00famero de empresas de &#039;rent a car&#039;, con un 13 por ciento del total, el mismo porcentaje registrado por Canarias. Por delante de ellas solamente se sit\u00faa Andaluc\u00eda, con un 18 por ciento del total, seg\u00fan un informe de la consultora DBK. Por otro\" \/>\n\t\t<meta property=\"og:url\" content=\"https:\/\/eldigitaldeasturias.com\/magazine365\/baleares-una-de-las-comunidades-con-mayor-numero-de-empresas-de-rent-a-car\/\" \/>\n\t\t<meta property=\"og:image\" content=\"https:\/\/eldigitaldeasturias.com\/magazine365\/wp-content\/uploads\/2015\/06\/fotonoticia_20150616114741_800.jpg\" \/>\n\t\t<meta property=\"og:image:secure_url\" content=\"https:\/\/eldigitaldeasturias.com\/magazine365\/wp-content\/uploads\/2015\/06\/fotonoticia_20150616114741_800.jpg\" \/>\n\t\t<meta property=\"og:image:width\" content=\"800\" \/>\n\t\t<meta property=\"og:image:height\" content=\"533\" \/>\n\t\t<meta property=\"article:published_time\" content=\"2015-06-17T05:10:44+00:00\" \/>\n\t\t<meta property=\"article:modified_time\" content=\"2015-06-17T05:10:44+00:00\" \/>\n\t\t<meta name=\"twitter:card\" content=\"summary_large_image\" \/>\n\t\t<meta name=\"twitter:title\" content=\"Baleares, una de las comunidades con mayor n\u00famero de empresas de \u2018rent a car\u2019 | El Digital de Asturias\" \/>\n\t\t<meta name=\"twitter:description\" content=\"Baleares es una de las una de las comunidades con mayor n\u00famero de empresas de &#039;rent a car&#039;, con un 13 por ciento del total, el mismo porcentaje registrado por Canarias. Por delante de ellas solamente se sit\u00faa Andaluc\u00eda, con un 18 por ciento del total, seg\u00fan un informe de la consultora DBK. Por otro\" \/>\n\t\t<meta name=\"twitter:image\" content=\"https:\/\/eldigitaldeasturias.com\/magazine365\/wp-content\/uploads\/2015\/06\/fotonoticia_20150616114741_800.jpg\" \/>\n\t\t<script type=\"application\/ld+json\" class=\"aioseo-schema\">\n\t\t\t{\"@context\":\"https:\\\/\\\/schema.org\",\"@graph\":[{\"@type\":\"Article\",\"@id\":\"https:\\\/\\\/eldigitaldeasturias.com\\\/magazine365\\\/baleares-una-de-las-comunidades-con-mayor-numero-de-empresas-de-rent-a-car\\\/#article\",\"name\":\"Baleares, una de las comunidades con mayor n\\u00famero de empresas de \\u2018rent a car\\u2019 | El Digital de Asturias\",\"headline\":\"Baleares, una de las comunidades con mayor n\\u00famero de empresas de &#8216;rent a car&#8217;\",\"author\":{\"@id\":\"https:\\\/\\\/eldigitaldeasturias.com\\\/magazine365\\\/author\\\/admin\\\/#author\"},\"publisher\":{\"@id\":\"https:\\\/\\\/eldigitaldeasturias.com\\\/magazine365\\\/#organization\"},\"image\":{\"@type\":\"ImageObject\",\"url\":\"https:\\\/\\\/eldigitaldeasturias.com\\\/magazine365\\\/wp-content\\\/uploads\\\/2015\\\/06\\\/fotonoticia_20150616114741_800.jpg\",\"width\":800,\"height\":533},\"datePublished\":\"2015-06-17T06:40:44+02:00\",\"dateModified\":\"2015-06-17T06:40:44+02:00\",\"inLanguage\":\"es-ES\",\"mainEntityOfPage\":{\"@id\":\"https:\\\/\\\/eldigitaldeasturias.com\\\/magazine365\\\/baleares-una-de-las-comunidades-con-mayor-numero-de-empresas-de-rent-a-car\\\/#webpage\"},\"isPartOf\":{\"@id\":\"https:\\\/\\\/eldigitaldeasturias.com\\\/magazine365\\\/baleares-una-de-las-comunidades-con-mayor-numero-de-empresas-de-rent-a-car\\\/#webpage\"},\"articleSection\":\"Actualidad Turismo\"},{\"@type\":\"BreadcrumbList\",\"@id\":\"https:\\\/\\\/eldigitaldeasturias.com\\\/magazine365\\\/baleares-una-de-las-comunidades-con-mayor-numero-de-empresas-de-rent-a-car\\\/#breadcrumblist\",\"itemListElement\":[{\"@type\":\"ListItem\",\"@id\":\"https:\\\/\\\/eldigitaldeasturias.com\\\/magazine365#listItem\",\"position\":1,\"name\":\"Home\",\"item\":\"https:\\\/\\\/eldigitaldeasturias.com\\\/magazine365\",\"nextItem\":{\"@type\":\"ListItem\",\"@id\":\"https:\\\/\\\/eldigitaldeasturias.com\\\/magazine365\\\/category\\\/actualidad-turismo\\\/#listItem\",\"name\":\"Actualidad Turismo\"}},{\"@type\":\"ListItem\",\"@id\":\"https:\\\/\\\/eldigitaldeasturias.com\\\/magazine365\\\/category\\\/actualidad-turismo\\\/#listItem\",\"position\":2,\"name\":\"Actualidad Turismo\",\"item\":\"https:\\\/\\\/eldigitaldeasturias.com\\\/magazine365\\\/category\\\/actualidad-turismo\\\/\",\"nextItem\":{\"@type\":\"ListItem\",\"@id\":\"https:\\\/\\\/eldigitaldeasturias.com\\\/magazine365\\\/baleares-una-de-las-comunidades-con-mayor-numero-de-empresas-de-rent-a-car\\\/#listItem\",\"name\":\"Baleares, una de las comunidades con mayor n\\u00famero de empresas de &#8216;rent a car&#8217;\"},\"previousItem\":{\"@type\":\"ListItem\",\"@id\":\"https:\\\/\\\/eldigitaldeasturias.com\\\/magazine365#listItem\",\"name\":\"Home\"}},{\"@type\":\"ListItem\",\"@id\":\"https:\\\/\\\/eldigitaldeasturias.com\\\/magazine365\\\/baleares-una-de-las-comunidades-con-mayor-numero-de-empresas-de-rent-a-car\\\/#listItem\",\"position\":3,\"name\":\"Baleares, una de las comunidades con mayor n\\u00famero de empresas de &#8216;rent a car&#8217;\",\"previousItem\":{\"@type\":\"ListItem\",\"@id\":\"https:\\\/\\\/eldigitaldeasturias.com\\\/magazine365\\\/category\\\/actualidad-turismo\\\/#listItem\",\"name\":\"Actualidad Turismo\"}}]},{\"@type\":\"Organization\",\"@id\":\"https:\\\/\\\/eldigitaldeasturias.com\\\/magazine365\\\/#organization\",\"name\":\"El digital de Asturias\",\"description\":\"Revista de ocio, turismo y estilo de vida\",\"url\":\"https:\\\/\\\/eldigitaldeasturias.com\\\/magazine365\\\/\",\"logo\":{\"@type\":\"ImageObject\",\"url\":\"https:\\\/\\\/www.eldigitaldeasturias.com\\\/noticias\\\/wp-content\\\/uploads\\\/2020\\\/12\\\/EDA.jpg\",\"@id\":\"https:\\\/\\\/eldigitaldeasturias.com\\\/magazine365\\\/baleares-una-de-las-comunidades-con-mayor-numero-de-empresas-de-rent-a-car\\\/#organizationLogo\"},\"image\":{\"@id\":\"https:\\\/\\\/eldigitaldeasturias.com\\\/magazine365\\\/baleares-una-de-las-comunidades-con-mayor-numero-de-empresas-de-rent-a-car\\\/#organizationLogo\"}},{\"@type\":\"Person\",\"@id\":\"https:\\\/\\\/eldigitaldeasturias.com\\\/magazine365\\\/author\\\/admin\\\/#author\",\"url\":\"https:\\\/\\\/eldigitaldeasturias.com\\\/magazine365\\\/author\\\/admin\\\/\",\"name\":\"admin\",\"image\":{\"@type\":\"ImageObject\",\"@id\":\"https:\\\/\\\/eldigitaldeasturias.com\\\/magazine365\\\/baleares-una-de-las-comunidades-con-mayor-numero-de-empresas-de-rent-a-car\\\/#authorImage\",\"url\":\"https:\\\/\\\/eldigitaldeasturias.com\\\/magazine365\\\/wp-content\\\/litespeed\\\/avatar\\\/e571bcf59a0edd6fa6838245a470f2fe.jpg?ver=1776969259\",\"width\":96,\"height\":96,\"caption\":\"admin\"}},{\"@type\":\"WebPage\",\"@id\":\"https:\\\/\\\/eldigitaldeasturias.com\\\/magazine365\\\/baleares-una-de-las-comunidades-con-mayor-numero-de-empresas-de-rent-a-car\\\/#webpage\",\"url\":\"https:\\\/\\\/eldigitaldeasturias.com\\\/magazine365\\\/baleares-una-de-las-comunidades-con-mayor-numero-de-empresas-de-rent-a-car\\\/\",\"name\":\"Baleares, una de las comunidades con mayor n\\u00famero de empresas de \\u2018rent a car\\u2019 | El Digital de Asturias\",\"description\":\"Baleares es una de las una de las comunidades con mayor n\\u00famero de empresas de 'rent a car', con un 13 por ciento del total, el mismo porcentaje registrado por Canarias. Por delante de ellas solamente se sit\\u00faa Andaluc\\u00eda, con un 18 por ciento del total, seg\\u00fan un informe de la consultora DBK. Por otro\",\"inLanguage\":\"es-ES\",\"isPartOf\":{\"@id\":\"https:\\\/\\\/eldigitaldeasturias.com\\\/magazine365\\\/#website\"},\"breadcrumb\":{\"@id\":\"https:\\\/\\\/eldigitaldeasturias.com\\\/magazine365\\\/baleares-una-de-las-comunidades-con-mayor-numero-de-empresas-de-rent-a-car\\\/#breadcrumblist\"},\"author\":{\"@id\":\"https:\\\/\\\/eldigitaldeasturias.com\\\/magazine365\\\/author\\\/admin\\\/#author\"},\"creator\":{\"@id\":\"https:\\\/\\\/eldigitaldeasturias.com\\\/magazine365\\\/author\\\/admin\\\/#author\"},\"image\":{\"@type\":\"ImageObject\",\"url\":\"https:\\\/\\\/eldigitaldeasturias.com\\\/magazine365\\\/wp-content\\\/uploads\\\/2015\\\/06\\\/fotonoticia_20150616114741_800.jpg\",\"@id\":\"https:\\\/\\\/eldigitaldeasturias.com\\\/magazine365\\\/baleares-una-de-las-comunidades-con-mayor-numero-de-empresas-de-rent-a-car\\\/#mainImage\",\"width\":800,\"height\":533},\"primaryImageOfPage\":{\"@id\":\"https:\\\/\\\/eldigitaldeasturias.com\\\/magazine365\\\/baleares-una-de-las-comunidades-con-mayor-numero-de-empresas-de-rent-a-car\\\/#mainImage\"},\"datePublished\":\"2015-06-17T06:40:44+02:00\",\"dateModified\":\"2015-06-17T06:40:44+02:00\"},{\"@type\":\"WebSite\",\"@id\":\"https:\\\/\\\/eldigitaldeasturias.com\\\/magazine365\\\/#website\",\"url\":\"https:\\\/\\\/eldigitaldeasturias.com\\\/magazine365\\\/\",\"name\":\"El Digital de Asturias\",\"description\":\"Revista de ocio, turismo y estilo de vida\",\"inLanguage\":\"es-ES\",\"publisher\":{\"@id\":\"https:\\\/\\\/eldigitaldeasturias.com\\\/magazine365\\\/#organization\"}}]}\n\t\t<\/script>\n\t\t<!-- All in One SEO Pro -->\r\n\t\t<title>Baleares, una de las comunidades con mayor n\u00famero de empresas de \u2018rent a car\u2019 | El Digital de Asturias<\/title>\n\n","aioseo_head_json":{"title":"Baleares, una de las comunidades con mayor n\u00famero de empresas de \u2018rent a car\u2019 | El Digital de Asturias","description":"Baleares es una de las una de las comunidades con mayor n\u00famero de empresas de 'rent a car', con un 13 por ciento del total, el mismo porcentaje registrado por Canarias. Por delante de ellas solamente se sit\u00faa Andaluc\u00eda, con un 18 por ciento del total, seg\u00fan un informe de la consultora DBK. Por otro","canonical_url":"https:\/\/eldigitaldeasturias.com\/magazine365\/baleares-una-de-las-comunidades-con-mayor-numero-de-empresas-de-rent-a-car\/","robots":"max-image-preview:large","keywords":"actualidad turismo","webmasterTools":{"google-site-verification":"UA-38556648-1","miscellaneous":""},"schema":{"@context":"https:\/\/schema.org","@graph":[{"@type":"Article","@id":"https:\/\/eldigitaldeasturias.com\/magazine365\/baleares-una-de-las-comunidades-con-mayor-numero-de-empresas-de-rent-a-car\/#article","name":"Baleares, una de las comunidades con mayor n\u00famero de empresas de \u2018rent a car\u2019 | El Digital de Asturias","headline":"Baleares, una de las comunidades con mayor n\u00famero de empresas de &#8216;rent a car&#8217;","author":{"@id":"https:\/\/eldigitaldeasturias.com\/magazine365\/author\/admin\/#author"},"publisher":{"@id":"https:\/\/eldigitaldeasturias.com\/magazine365\/#organization"},"image":{"@type":"ImageObject","url":"https:\/\/eldigitaldeasturias.com\/magazine365\/wp-content\/uploads\/2015\/06\/fotonoticia_20150616114741_800.jpg","width":800,"height":533},"datePublished":"2015-06-17T06:40:44+02:00","dateModified":"2015-06-17T06:40:44+02:00","inLanguage":"es-ES","mainEntityOfPage":{"@id":"https:\/\/eldigitaldeasturias.com\/magazine365\/baleares-una-de-las-comunidades-con-mayor-numero-de-empresas-de-rent-a-car\/#webpage"},"isPartOf":{"@id":"https:\/\/eldigitaldeasturias.com\/magazine365\/baleares-una-de-las-comunidades-con-mayor-numero-de-empresas-de-rent-a-car\/#webpage"},"articleSection":"Actualidad Turismo"},{"@type":"BreadcrumbList","@id":"https:\/\/eldigitaldeasturias.com\/magazine365\/baleares-una-de-las-comunidades-con-mayor-numero-de-empresas-de-rent-a-car\/#breadcrumblist","itemListElement":[{"@type":"ListItem","@id":"https:\/\/eldigitaldeasturias.com\/magazine365#listItem","position":1,"name":"Home","item":"https:\/\/eldigitaldeasturias.com\/magazine365","nextItem":{"@type":"ListItem","@id":"https:\/\/eldigitaldeasturias.com\/magazine365\/category\/actualidad-turismo\/#listItem","name":"Actualidad Turismo"}},{"@type":"ListItem","@id":"https:\/\/eldigitaldeasturias.com\/magazine365\/category\/actualidad-turismo\/#listItem","position":2,"name":"Actualidad Turismo","item":"https:\/\/eldigitaldeasturias.com\/magazine365\/category\/actualidad-turismo\/","nextItem":{"@type":"ListItem","@id":"https:\/\/eldigitaldeasturias.com\/magazine365\/baleares-una-de-las-comunidades-con-mayor-numero-de-empresas-de-rent-a-car\/#listItem","name":"Baleares, una de las comunidades con mayor n\u00famero de empresas de &#8216;rent a car&#8217;"},"previousItem":{"@type":"ListItem","@id":"https:\/\/eldigitaldeasturias.com\/magazine365#listItem","name":"Home"}},{"@type":"ListItem","@id":"https:\/\/eldigitaldeasturias.com\/magazine365\/baleares-una-de-las-comunidades-con-mayor-numero-de-empresas-de-rent-a-car\/#listItem","position":3,"name":"Baleares, una de las comunidades con mayor n\u00famero de empresas de &#8216;rent a car&#8217;","previousItem":{"@type":"ListItem","@id":"https:\/\/eldigitaldeasturias.com\/magazine365\/category\/actualidad-turismo\/#listItem","name":"Actualidad Turismo"}}]},{"@type":"Organization","@id":"https:\/\/eldigitaldeasturias.com\/magazine365\/#organization","name":"El digital de Asturias","description":"Revista de ocio, turismo y estilo de vida","url":"https:\/\/eldigitaldeasturias.com\/magazine365\/","logo":{"@type":"ImageObject","url":"https:\/\/www.eldigitaldeasturias.com\/noticias\/wp-content\/uploads\/2020\/12\/EDA.jpg","@id":"https:\/\/eldigitaldeasturias.com\/magazine365\/baleares-una-de-las-comunidades-con-mayor-numero-de-empresas-de-rent-a-car\/#organizationLogo"},"image":{"@id":"https:\/\/eldigitaldeasturias.com\/magazine365\/baleares-una-de-las-comunidades-con-mayor-numero-de-empresas-de-rent-a-car\/#organizationLogo"}},{"@type":"Person","@id":"https:\/\/eldigitaldeasturias.com\/magazine365\/author\/admin\/#author","url":"https:\/\/eldigitaldeasturias.com\/magazine365\/author\/admin\/","name":"admin","image":{"@type":"ImageObject","@id":"https:\/\/eldigitaldeasturias.com\/magazine365\/baleares-una-de-las-comunidades-con-mayor-numero-de-empresas-de-rent-a-car\/#authorImage","url":"https:\/\/eldigitaldeasturias.com\/magazine365\/wp-content\/litespeed\/avatar\/e571bcf59a0edd6fa6838245a470f2fe.jpg?ver=1776969259","width":96,"height":96,"caption":"admin"}},{"@type":"WebPage","@id":"https:\/\/eldigitaldeasturias.com\/magazine365\/baleares-una-de-las-comunidades-con-mayor-numero-de-empresas-de-rent-a-car\/#webpage","url":"https:\/\/eldigitaldeasturias.com\/magazine365\/baleares-una-de-las-comunidades-con-mayor-numero-de-empresas-de-rent-a-car\/","name":"Baleares, una de las comunidades con mayor n\u00famero de empresas de \u2018rent a car\u2019 | El Digital de Asturias","description":"Baleares es una de las una de las comunidades con mayor n\u00famero de empresas de 'rent a car', con un 13 por ciento del total, el mismo porcentaje registrado por Canarias. Por delante de ellas solamente se sit\u00faa Andaluc\u00eda, con un 18 por ciento del total, seg\u00fan un informe de la consultora DBK. Por otro","inLanguage":"es-ES","isPartOf":{"@id":"https:\/\/eldigitaldeasturias.com\/magazine365\/#website"},"breadcrumb":{"@id":"https:\/\/eldigitaldeasturias.com\/magazine365\/baleares-una-de-las-comunidades-con-mayor-numero-de-empresas-de-rent-a-car\/#breadcrumblist"},"author":{"@id":"https:\/\/eldigitaldeasturias.com\/magazine365\/author\/admin\/#author"},"creator":{"@id":"https:\/\/eldigitaldeasturias.com\/magazine365\/author\/admin\/#author"},"image":{"@type":"ImageObject","url":"https:\/\/eldigitaldeasturias.com\/magazine365\/wp-content\/uploads\/2015\/06\/fotonoticia_20150616114741_800.jpg","@id":"https:\/\/eldigitaldeasturias.com\/magazine365\/baleares-una-de-las-comunidades-con-mayor-numero-de-empresas-de-rent-a-car\/#mainImage","width":800,"height":533},"primaryImageOfPage":{"@id":"https:\/\/eldigitaldeasturias.com\/magazine365\/baleares-una-de-las-comunidades-con-mayor-numero-de-empresas-de-rent-a-car\/#mainImage"},"datePublished":"2015-06-17T06:40:44+02:00","dateModified":"2015-06-17T06:40:44+02:00"},{"@type":"WebSite","@id":"https:\/\/eldigitaldeasturias.com\/magazine365\/#website","url":"https:\/\/eldigitaldeasturias.com\/magazine365\/","name":"El Digital de Asturias","description":"Revista de ocio, turismo y estilo de vida","inLanguage":"es-ES","publisher":{"@id":"https:\/\/eldigitaldeasturias.com\/magazine365\/#organization"}}]},"og:locale":"es_ES","og:site_name":"El Digital de Asturias \u2013 Revista de ocio, turismo y estilo de vida","og:type":"article","og:title":"Baleares, una de las comunidades con mayor n\u00famero de empresas de \u2018rent a car\u2019 | El Digital de Asturias","og:description":"Baleares es una de las una de las comunidades con mayor n\u00famero de empresas de 'rent a car', con un 13 por ciento del total, el mismo porcentaje registrado por Canarias. Por delante de ellas solamente se sit\u00faa Andaluc\u00eda, con un 18 por ciento del total, seg\u00fan un informe de la consultora DBK. Por otro","og:url":"https:\/\/eldigitaldeasturias.com\/magazine365\/baleares-una-de-las-comunidades-con-mayor-numero-de-empresas-de-rent-a-car\/","og:image":"https:\/\/eldigitaldeasturias.com\/magazine365\/wp-content\/uploads\/2015\/06\/fotonoticia_20150616114741_800.jpg","og:image:secure_url":"https:\/\/eldigitaldeasturias.com\/magazine365\/wp-content\/uploads\/2015\/06\/fotonoticia_20150616114741_800.jpg","og:image:width":800,"og:image:height":533,"article:published_time":"2015-06-17T05:10:44+00:00","article:modified_time":"2015-06-17T05:10:44+00:00","twitter:card":"summary_large_image","twitter:title":"Baleares, una de las comunidades con mayor n\u00famero de empresas de \u2018rent a car\u2019 | El Digital de Asturias","twitter:description":"Baleares es una de las una de las comunidades con mayor n\u00famero de empresas de 'rent a car', con un 13 por ciento del total, el mismo porcentaje registrado por Canarias. Por delante de ellas solamente se sit\u00faa Andaluc\u00eda, con un 18 por ciento del total, seg\u00fan un informe de la consultora DBK. Por otro","twitter:image":"https:\/\/eldigitaldeasturias.com\/magazine365\/wp-content\/uploads\/2015\/06\/fotonoticia_20150616114741_800.jpg"},"aioseo_meta_data":{"post_id":"40014","title":null,"description":null,"keywords":null,"keyphrases":null,"primary_term":null,"canonical_url":null,"og_title":null,"og_description":null,"og_object_type":"default","og_image_type":"default","og_image_url":null,"og_image_width":null,"og_image_height":null,"og_image_custom_url":null,"og_image_custom_fields":null,"og_video":null,"og_custom_url":null,"og_article_section":null,"og_article_tags":null,"twitter_use_og":false,"twitter_card":"default","twitter_image_type":"default","twitter_image_url":null,"twitter_image_custom_url":null,"twitter_image_custom_fields":null,"twitter_title":null,"twitter_description":null,"schema":{"blockGraphs":[],"customGraphs":[],"default":{"data":{"Article":[],"Course":[],"Dataset":[],"FAQPage":[],"Movie":[],"Person":[],"Product":[],"ProductReview":[],"Car":[],"Recipe":[],"Service":[],"SoftwareApplication":[],"WebPage":[]},"graphName":"","isEnabled":true},"graphs":[],"defaultGraph":"","defaultPostTypeGraph":""},"schema_type":null,"schema_type_options":null,"pillar_content":false,"robots_default":true,"robots_noindex":false,"robots_noarchive":false,"robots_nosnippet":false,"robots_nofollow":false,"robots_noimageindex":false,"robots_noodp":false,"robots_notranslate":false,"robots_max_snippet":null,"robots_max_videopreview":null,"robots_max_imagepreview":"large","priority":null,"frequency":null,"location":null,"local_seo":null,"seo_analyzer_scan_date":"2025-09-19 12:45:00","breadcrumb_settings":null,"limit_modified_date":false,"open_ai":null,"ai":null,"created":"2021-03-09 02:33:44","updated":"2025-09-19 12:45:00"},"aioseo_breadcrumb":"<div class=\"aioseo-breadcrumbs\"><span class=\"aioseo-breadcrumb\">\n\t<a href=\"https:\/\/eldigitaldeasturias.com\/magazine365\" title=\"Home\">Home<\/a>\n<\/span><span class=\"aioseo-breadcrumb-separator\">\u2013<\/span><span class=\"aioseo-breadcrumb\">\n\t<a href=\"https:\/\/eldigitaldeasturias.com\/magazine365\/category\/actualidad-turismo\/\" title=\"Actualidad Turismo\">Actualidad Turismo<\/a>\n<\/span><span class=\"aioseo-breadcrumb-separator\">\u2013<\/span><span class=\"aioseo-breadcrumb\">\n\t<a href=\"https:\/\/eldigitaldeasturias.com\/magazine365\/baleares-una-de-las-comunidades-con-mayor-numero-de-empresas-de-rent-a-car\/\" title=\"Baleares, una de las comunidades con mayor n\u00famero de empresas de \u2018rent a car\u2019\">Baleares, una de las comunidades con mayor n\u00famero de empresas de \u2018rent a car\u2019<\/a>\n<\/span><\/div>","aioseo_breadcrumb_json":[{"label":"Home","link":"https:\/\/eldigitaldeasturias.com\/magazine365"},{"label":"Actualidad Turismo","link":"https:\/\/eldigitaldeasturias.com\/magazine365\/category\/actualidad-turismo\/"},{"label":"Baleares, una de las comunidades con mayor n\u00famero de empresas de &#8216;rent a car&#8217;","link":"https:\/\/eldigitaldeasturias.com\/magazine365\/baleares-una-de-las-comunidades-con-mayor-numero-de-empresas-de-rent-a-car\/"}],"_links":{"self":[{"href":"https:\/\/eldigitaldeasturias.com\/magazine365\/wp-json\/wp\/v2\/posts\/40014","targetHints":{"allow":["GET"]}}],"collection":[{"href":"https:\/\/eldigitaldeasturias.com\/magazine365\/wp-json\/wp\/v2\/posts"}],"about":[{"href":"https:\/\/eldigitaldeasturias.com\/magazine365\/wp-json\/wp\/v2\/types\/post"}],"author":[{"embeddable":true,"href":"https:\/\/eldigitaldeasturias.com\/magazine365\/wp-json\/wp\/v2\/users\/1"}],"replies":[{"embeddable":true,"href":"https:\/\/eldigitaldeasturias.com\/magazine365\/wp-json\/wp\/v2\/comments?post=40014"}],"version-history":[{"count":0,"href":"https:\/\/eldigitaldeasturias.com\/magazine365\/wp-json\/wp\/v2\/posts\/40014\/revisions"}],"wp:featuredmedia":[{"embeddable":true,"href":"https:\/\/eldigitaldeasturias.com\/magazine365\/wp-json\/wp\/v2\/media\/40015"}],"wp:attachment":[{"href":"https:\/\/eldigitaldeasturias.com\/magazine365\/wp-json\/wp\/v2\/media?parent=40014"}],"wp:term":[{"taxonomy":"category","embeddable":true,"href":"https:\/\/eldigitaldeasturias.com\/magazine365\/wp-json\/wp\/v2\/categories?post=40014"},{"taxonomy":"post_tag","embeddable":true,"href":"https:\/\/eldigitaldeasturias.com\/magazine365\/wp-json\/wp\/v2\/tags?post=40014"}],"curies":[{"name":"wp","href":"https:\/\/api.w.org\/{rel}","templated":true}]}}