{"id":40011,"date":"2015-06-17T06:38:09","date_gmt":"2015-06-17T05:08:09","guid":{"rendered":"http:\/\/eldigitaldeasturias.com\/magazine365\/?p=40011"},"modified":"2015-06-17T06:38:09","modified_gmt":"2015-06-17T05:08:09","slug":"vueling-mejora-sus-servicios-para-pasajeros-con-movilidad-reducida-y-discapacitados","status":"publish","type":"post","link":"https:\/\/eldigitaldeasturias.com\/magazine365\/vueling-mejora-sus-servicios-para-pasajeros-con-movilidad-reducida-y-discapacitados\/","title":{"rendered":"Vueling mejora sus servicios para pasajeros con movilidad reducida y discapacitados"},"content":{"rendered":"<p><img fetchpriority=\"high\" decoding=\"async\" class=\"alignleft size-medium wp-image-40012\" src=\"https:\/\/eldigitaldeasturias.com\/magazine365\/wp-content\/uploads\/2015\/06\/fotonoticia_20150616113813_800-360x250.jpg\" alt=\"fotonoticia_20150616113813_800\" width=\"360\" height=\"250\" srcset=\"https:\/\/eldigitaldeasturias.com\/magazine365\/wp-content\/uploads\/2015\/06\/fotonoticia_20150616113813_800-360x250.jpg 360w, https:\/\/eldigitaldeasturias.com\/magazine365\/wp-content\/uploads\/2015\/06\/fotonoticia_20150616113813_800-650x451.jpg 650w, https:\/\/eldigitaldeasturias.com\/magazine365\/wp-content\/uploads\/2015\/06\/fotonoticia_20150616113813_800-768x533.jpg 768w, https:\/\/eldigitaldeasturias.com\/magazine365\/wp-content\/uploads\/2015\/06\/fotonoticia_20150616113813_800-150x104.jpg 150w, https:\/\/eldigitaldeasturias.com\/magazine365\/wp-content\/uploads\/2015\/06\/fotonoticia_20150616113813_800-450x312.jpg 450w, https:\/\/eldigitaldeasturias.com\/magazine365\/wp-content\/uploads\/2015\/06\/fotonoticia_20150616113813_800-100x70.jpg 100w, https:\/\/eldigitaldeasturias.com\/magazine365\/wp-content\/uploads\/2015\/06\/fotonoticia_20150616113813_800-218x150.jpg 218w, https:\/\/eldigitaldeasturias.com\/magazine365\/wp-content\/uploads\/2015\/06\/fotonoticia_20150616113813_800-696x483.jpg 696w, https:\/\/eldigitaldeasturias.com\/magazine365\/wp-content\/uploads\/2015\/06\/fotonoticia_20150616113813_800-605x420.jpg 605w, https:\/\/eldigitaldeasturias.com\/magazine365\/wp-content\/uploads\/2015\/06\/fotonoticia_20150616113813_800.jpg 800w\" sizes=\"(max-width: 360px) 100vw, 360px\" \/>Vueling ha mejorado sus servicios para pasajeros con movilidad reducida o con alg\u00fan tipo de discapacidad, y entre las novedades destaca la posibilidad de indicar durante la reserva del vuelo el tipo de asistencia que necesita el usuario, que contar\u00e1 con un mostrador espec\u00edfico en los aeropuertos &#8216;hub&#8217; de la compa\u00f1\u00eda: Barcelona-El Prat y Roma-Fiumicino.<\/p>\n<p>Seg\u00fan ha informado la aerol\u00ednea este martes en un comunicado, los pasajeros con movilidad reducida tambi\u00e9n podr\u00e1n realizar el &#8216;check in&#8217; v\u00eda Internet y seleccionar su asiento de los disponibles \u00fanicamente para personas con discapacidad, as\u00ed como indicar si viajan, por ejemplo, con un perro gu\u00eda.<\/p>\n<p>Con estas mejoras revertir\u00e1n en un vuelo m\u00e1s accesible para las 65.000 personas con movilidad reducida o discapacitadas que Vueling prev\u00e9 transportar este a\u00f1o.<\/p>\n","protected":false},"excerpt":{"rendered":"<p>Vueling ha mejorado sus servicios para pasajeros con movilidad reducida o con alg\u00fan tipo de discapacidad, y entre las novedades destaca la posibilidad de indicar durante la reserva del vuelo el tipo de asistencia que necesita el usuario, que contar\u00e1 con un mostrador espec\u00edfico en los aeropuertos &#8216;hub&#8217; de la compa\u00f1\u00eda: Barcelona-El Prat y Roma-Fiumicino.<\/p>\n","protected":false},"author":1,"featured_media":40012,"comment_status":"open","ping_status":"closed","sticky":false,"template":"","format":"standard","meta":{"footnotes":""},"categories":[222],"tags":[],"class_list":{"0":"post-40011","1":"post","2":"type-post","3":"status-publish","4":"format-standard","5":"has-post-thumbnail","7":"category-actualidad-turismo"},"aioseo_notices":[],"aioseo_head":"\n\t\t<!-- All in One SEO Pro 4.9.6.1 - aioseo.com -->\n\t<meta name=\"description\" content=\"Vueling ha mejorado sus servicios para pasajeros con movilidad reducida o con alg\u00fan tipo de discapacidad, y entre las novedades destaca la posibilidad de indicar durante la reserva del vuelo el tipo de asistencia que necesita el usuario, que contar\u00e1 con un mostrador espec\u00edfico en los aeropuertos &#039;hub&#039; de la compa\u00f1\u00eda: Barcelona-El Prat y Roma-Fiumicino.\" \/>\n\t<meta name=\"robots\" content=\"max-image-preview:large\" \/>\n\t<meta name=\"author\" content=\"admin\"\/>\n\t<meta name=\"google-site-verification\" content=\"UA-38556648-1\" \/>\n\t<meta name=\"keywords\" content=\"actualidad turismo\" \/>\n\t<link rel=\"canonical\" href=\"https:\/\/eldigitaldeasturias.com\/magazine365\/vueling-mejora-sus-servicios-para-pasajeros-con-movilidad-reducida-y-discapacitados\/\" \/>\n\t<meta name=\"generator\" content=\"All in One SEO Pro (AIOSEO) 4.9.6.1\" \/>\n\t\t<meta property=\"og:locale\" content=\"es_ES\" \/>\n\t\t<meta property=\"og:site_name\" content=\"El Digital de Asturias \u2013 Revista de ocio, turismo y estilo de vida\" \/>\n\t\t<meta property=\"og:type\" content=\"article\" \/>\n\t\t<meta property=\"og:title\" content=\"Vueling mejora sus servicios para pasajeros con movilidad reducida y discapacitados | El Digital de Asturias\" \/>\n\t\t<meta property=\"og:description\" content=\"Vueling ha mejorado sus servicios para pasajeros con movilidad reducida o con alg\u00fan tipo de discapacidad, y entre las novedades destaca la posibilidad de indicar durante la reserva del vuelo el tipo de asistencia que necesita el usuario, que contar\u00e1 con un mostrador espec\u00edfico en los aeropuertos &#039;hub&#039; de la compa\u00f1\u00eda: Barcelona-El Prat y Roma-Fiumicino.\" \/>\n\t\t<meta property=\"og:url\" content=\"https:\/\/eldigitaldeasturias.com\/magazine365\/vueling-mejora-sus-servicios-para-pasajeros-con-movilidad-reducida-y-discapacitados\/\" \/>\n\t\t<meta property=\"og:image\" content=\"https:\/\/eldigitaldeasturias.com\/magazine365\/wp-content\/uploads\/2015\/06\/fotonoticia_20150616113813_800.jpg\" \/>\n\t\t<meta property=\"og:image:secure_url\" content=\"https:\/\/eldigitaldeasturias.com\/magazine365\/wp-content\/uploads\/2015\/06\/fotonoticia_20150616113813_800.jpg\" \/>\n\t\t<meta property=\"og:image:width\" content=\"800\" \/>\n\t\t<meta property=\"og:image:height\" content=\"555\" \/>\n\t\t<meta property=\"article:published_time\" content=\"2015-06-17T05:08:09+00:00\" \/>\n\t\t<meta property=\"article:modified_time\" content=\"2015-06-17T05:08:09+00:00\" \/>\n\t\t<meta name=\"twitter:card\" content=\"summary_large_image\" \/>\n\t\t<meta name=\"twitter:title\" content=\"Vueling mejora sus servicios para pasajeros con movilidad reducida y discapacitados | El Digital de Asturias\" \/>\n\t\t<meta name=\"twitter:description\" content=\"Vueling ha mejorado sus servicios para pasajeros con movilidad reducida o con alg\u00fan tipo de discapacidad, y entre las novedades destaca la posibilidad de indicar durante la reserva del vuelo el tipo de asistencia que necesita el usuario, que contar\u00e1 con un mostrador espec\u00edfico en los aeropuertos &#039;hub&#039; de la compa\u00f1\u00eda: Barcelona-El Prat y Roma-Fiumicino.\" \/>\n\t\t<meta name=\"twitter:image\" content=\"https:\/\/eldigitaldeasturias.com\/magazine365\/wp-content\/uploads\/2015\/06\/fotonoticia_20150616113813_800.jpg\" \/>\n\t\t<script type=\"application\/ld+json\" class=\"aioseo-schema\">\n\t\t\t{\"@context\":\"https:\\\/\\\/schema.org\",\"@graph\":[{\"@type\":\"Article\",\"@id\":\"https:\\\/\\\/eldigitaldeasturias.com\\\/magazine365\\\/vueling-mejora-sus-servicios-para-pasajeros-con-movilidad-reducida-y-discapacitados\\\/#article\",\"name\":\"Vueling mejora sus servicios para pasajeros con movilidad reducida y discapacitados | El Digital de Asturias\",\"headline\":\"Vueling mejora sus servicios para pasajeros con movilidad reducida y discapacitados\",\"author\":{\"@id\":\"https:\\\/\\\/eldigitaldeasturias.com\\\/magazine365\\\/author\\\/admin\\\/#author\"},\"publisher\":{\"@id\":\"https:\\\/\\\/eldigitaldeasturias.com\\\/magazine365\\\/#organization\"},\"image\":{\"@type\":\"ImageObject\",\"url\":\"https:\\\/\\\/eldigitaldeasturias.com\\\/magazine365\\\/wp-content\\\/uploads\\\/2015\\\/06\\\/fotonoticia_20150616113813_800.jpg\",\"width\":800,\"height\":555},\"datePublished\":\"2015-06-17T06:38:09+02:00\",\"dateModified\":\"2015-06-17T06:38:09+02:00\",\"inLanguage\":\"es-ES\",\"mainEntityOfPage\":{\"@id\":\"https:\\\/\\\/eldigitaldeasturias.com\\\/magazine365\\\/vueling-mejora-sus-servicios-para-pasajeros-con-movilidad-reducida-y-discapacitados\\\/#webpage\"},\"isPartOf\":{\"@id\":\"https:\\\/\\\/eldigitaldeasturias.com\\\/magazine365\\\/vueling-mejora-sus-servicios-para-pasajeros-con-movilidad-reducida-y-discapacitados\\\/#webpage\"},\"articleSection\":\"Actualidad Turismo\"},{\"@type\":\"BreadcrumbList\",\"@id\":\"https:\\\/\\\/eldigitaldeasturias.com\\\/magazine365\\\/vueling-mejora-sus-servicios-para-pasajeros-con-movilidad-reducida-y-discapacitados\\\/#breadcrumblist\",\"itemListElement\":[{\"@type\":\"ListItem\",\"@id\":\"https:\\\/\\\/eldigitaldeasturias.com\\\/magazine365#listItem\",\"position\":1,\"name\":\"Home\",\"item\":\"https:\\\/\\\/eldigitaldeasturias.com\\\/magazine365\",\"nextItem\":{\"@type\":\"ListItem\",\"@id\":\"https:\\\/\\\/eldigitaldeasturias.com\\\/magazine365\\\/category\\\/actualidad-turismo\\\/#listItem\",\"name\":\"Actualidad Turismo\"}},{\"@type\":\"ListItem\",\"@id\":\"https:\\\/\\\/eldigitaldeasturias.com\\\/magazine365\\\/category\\\/actualidad-turismo\\\/#listItem\",\"position\":2,\"name\":\"Actualidad Turismo\",\"item\":\"https:\\\/\\\/eldigitaldeasturias.com\\\/magazine365\\\/category\\\/actualidad-turismo\\\/\",\"nextItem\":{\"@type\":\"ListItem\",\"@id\":\"https:\\\/\\\/eldigitaldeasturias.com\\\/magazine365\\\/vueling-mejora-sus-servicios-para-pasajeros-con-movilidad-reducida-y-discapacitados\\\/#listItem\",\"name\":\"Vueling mejora sus servicios para pasajeros con movilidad reducida y discapacitados\"},\"previousItem\":{\"@type\":\"ListItem\",\"@id\":\"https:\\\/\\\/eldigitaldeasturias.com\\\/magazine365#listItem\",\"name\":\"Home\"}},{\"@type\":\"ListItem\",\"@id\":\"https:\\\/\\\/eldigitaldeasturias.com\\\/magazine365\\\/vueling-mejora-sus-servicios-para-pasajeros-con-movilidad-reducida-y-discapacitados\\\/#listItem\",\"position\":3,\"name\":\"Vueling mejora sus servicios para pasajeros con movilidad reducida y discapacitados\",\"previousItem\":{\"@type\":\"ListItem\",\"@id\":\"https:\\\/\\\/eldigitaldeasturias.com\\\/magazine365\\\/category\\\/actualidad-turismo\\\/#listItem\",\"name\":\"Actualidad Turismo\"}}]},{\"@type\":\"Organization\",\"@id\":\"https:\\\/\\\/eldigitaldeasturias.com\\\/magazine365\\\/#organization\",\"name\":\"El digital de Asturias\",\"description\":\"Revista de ocio, turismo y estilo de vida\",\"url\":\"https:\\\/\\\/eldigitaldeasturias.com\\\/magazine365\\\/\",\"logo\":{\"@type\":\"ImageObject\",\"url\":\"https:\\\/\\\/www.eldigitaldeasturias.com\\\/noticias\\\/wp-content\\\/uploads\\\/2020\\\/12\\\/EDA.jpg\",\"@id\":\"https:\\\/\\\/eldigitaldeasturias.com\\\/magazine365\\\/vueling-mejora-sus-servicios-para-pasajeros-con-movilidad-reducida-y-discapacitados\\\/#organizationLogo\"},\"image\":{\"@id\":\"https:\\\/\\\/eldigitaldeasturias.com\\\/magazine365\\\/vueling-mejora-sus-servicios-para-pasajeros-con-movilidad-reducida-y-discapacitados\\\/#organizationLogo\"}},{\"@type\":\"Person\",\"@id\":\"https:\\\/\\\/eldigitaldeasturias.com\\\/magazine365\\\/author\\\/admin\\\/#author\",\"url\":\"https:\\\/\\\/eldigitaldeasturias.com\\\/magazine365\\\/author\\\/admin\\\/\",\"name\":\"admin\",\"image\":{\"@type\":\"ImageObject\",\"@id\":\"https:\\\/\\\/eldigitaldeasturias.com\\\/magazine365\\\/vueling-mejora-sus-servicios-para-pasajeros-con-movilidad-reducida-y-discapacitados\\\/#authorImage\",\"url\":\"https:\\\/\\\/eldigitaldeasturias.com\\\/magazine365\\\/wp-content\\\/litespeed\\\/avatar\\\/e571bcf59a0edd6fa6838245a470f2fe.jpg?ver=1776969259\",\"width\":96,\"height\":96,\"caption\":\"admin\"}},{\"@type\":\"WebPage\",\"@id\":\"https:\\\/\\\/eldigitaldeasturias.com\\\/magazine365\\\/vueling-mejora-sus-servicios-para-pasajeros-con-movilidad-reducida-y-discapacitados\\\/#webpage\",\"url\":\"https:\\\/\\\/eldigitaldeasturias.com\\\/magazine365\\\/vueling-mejora-sus-servicios-para-pasajeros-con-movilidad-reducida-y-discapacitados\\\/\",\"name\":\"Vueling mejora sus servicios para pasajeros con movilidad reducida y discapacitados | El Digital de Asturias\",\"description\":\"Vueling ha mejorado sus servicios para pasajeros con movilidad reducida o con alg\\u00fan tipo de discapacidad, y entre las novedades destaca la posibilidad de indicar durante la reserva del vuelo el tipo de asistencia que necesita el usuario, que contar\\u00e1 con un mostrador espec\\u00edfico en los aeropuertos 'hub' de la compa\\u00f1\\u00eda: Barcelona-El Prat y Roma-Fiumicino.\",\"inLanguage\":\"es-ES\",\"isPartOf\":{\"@id\":\"https:\\\/\\\/eldigitaldeasturias.com\\\/magazine365\\\/#website\"},\"breadcrumb\":{\"@id\":\"https:\\\/\\\/eldigitaldeasturias.com\\\/magazine365\\\/vueling-mejora-sus-servicios-para-pasajeros-con-movilidad-reducida-y-discapacitados\\\/#breadcrumblist\"},\"author\":{\"@id\":\"https:\\\/\\\/eldigitaldeasturias.com\\\/magazine365\\\/author\\\/admin\\\/#author\"},\"creator\":{\"@id\":\"https:\\\/\\\/eldigitaldeasturias.com\\\/magazine365\\\/author\\\/admin\\\/#author\"},\"image\":{\"@type\":\"ImageObject\",\"url\":\"https:\\\/\\\/eldigitaldeasturias.com\\\/magazine365\\\/wp-content\\\/uploads\\\/2015\\\/06\\\/fotonoticia_20150616113813_800.jpg\",\"@id\":\"https:\\\/\\\/eldigitaldeasturias.com\\\/magazine365\\\/vueling-mejora-sus-servicios-para-pasajeros-con-movilidad-reducida-y-discapacitados\\\/#mainImage\",\"width\":800,\"height\":555},\"primaryImageOfPage\":{\"@id\":\"https:\\\/\\\/eldigitaldeasturias.com\\\/magazine365\\\/vueling-mejora-sus-servicios-para-pasajeros-con-movilidad-reducida-y-discapacitados\\\/#mainImage\"},\"datePublished\":\"2015-06-17T06:38:09+02:00\",\"dateModified\":\"2015-06-17T06:38:09+02:00\"},{\"@type\":\"WebSite\",\"@id\":\"https:\\\/\\\/eldigitaldeasturias.com\\\/magazine365\\\/#website\",\"url\":\"https:\\\/\\\/eldigitaldeasturias.com\\\/magazine365\\\/\",\"name\":\"El Digital de Asturias\",\"description\":\"Revista de ocio, turismo y estilo de vida\",\"inLanguage\":\"es-ES\",\"publisher\":{\"@id\":\"https:\\\/\\\/eldigitaldeasturias.com\\\/magazine365\\\/#organization\"}}]}\n\t\t<\/script>\n\t\t<!-- All in One SEO Pro -->\r\n\t\t<title>Vueling mejora sus servicios para pasajeros con movilidad reducida y discapacitados | El Digital de Asturias<\/title>\n\n","aioseo_head_json":{"title":"Vueling mejora sus servicios para pasajeros con movilidad reducida y discapacitados | El Digital de Asturias","description":"Vueling ha mejorado sus servicios para pasajeros con movilidad reducida o con alg\u00fan tipo de discapacidad, y entre las novedades destaca la posibilidad de indicar durante la reserva del vuelo el tipo de asistencia que necesita el usuario, que contar\u00e1 con un mostrador espec\u00edfico en los aeropuertos 'hub' de la compa\u00f1\u00eda: Barcelona-El Prat y Roma-Fiumicino.","canonical_url":"https:\/\/eldigitaldeasturias.com\/magazine365\/vueling-mejora-sus-servicios-para-pasajeros-con-movilidad-reducida-y-discapacitados\/","robots":"max-image-preview:large","keywords":"actualidad turismo","webmasterTools":{"google-site-verification":"UA-38556648-1","miscellaneous":""},"schema":{"@context":"https:\/\/schema.org","@graph":[{"@type":"Article","@id":"https:\/\/eldigitaldeasturias.com\/magazine365\/vueling-mejora-sus-servicios-para-pasajeros-con-movilidad-reducida-y-discapacitados\/#article","name":"Vueling mejora sus servicios para pasajeros con movilidad reducida y discapacitados | El Digital de Asturias","headline":"Vueling mejora sus servicios para pasajeros con movilidad reducida y discapacitados","author":{"@id":"https:\/\/eldigitaldeasturias.com\/magazine365\/author\/admin\/#author"},"publisher":{"@id":"https:\/\/eldigitaldeasturias.com\/magazine365\/#organization"},"image":{"@type":"ImageObject","url":"https:\/\/eldigitaldeasturias.com\/magazine365\/wp-content\/uploads\/2015\/06\/fotonoticia_20150616113813_800.jpg","width":800,"height":555},"datePublished":"2015-06-17T06:38:09+02:00","dateModified":"2015-06-17T06:38:09+02:00","inLanguage":"es-ES","mainEntityOfPage":{"@id":"https:\/\/eldigitaldeasturias.com\/magazine365\/vueling-mejora-sus-servicios-para-pasajeros-con-movilidad-reducida-y-discapacitados\/#webpage"},"isPartOf":{"@id":"https:\/\/eldigitaldeasturias.com\/magazine365\/vueling-mejora-sus-servicios-para-pasajeros-con-movilidad-reducida-y-discapacitados\/#webpage"},"articleSection":"Actualidad Turismo"},{"@type":"BreadcrumbList","@id":"https:\/\/eldigitaldeasturias.com\/magazine365\/vueling-mejora-sus-servicios-para-pasajeros-con-movilidad-reducida-y-discapacitados\/#breadcrumblist","itemListElement":[{"@type":"ListItem","@id":"https:\/\/eldigitaldeasturias.com\/magazine365#listItem","position":1,"name":"Home","item":"https:\/\/eldigitaldeasturias.com\/magazine365","nextItem":{"@type":"ListItem","@id":"https:\/\/eldigitaldeasturias.com\/magazine365\/category\/actualidad-turismo\/#listItem","name":"Actualidad Turismo"}},{"@type":"ListItem","@id":"https:\/\/eldigitaldeasturias.com\/magazine365\/category\/actualidad-turismo\/#listItem","position":2,"name":"Actualidad Turismo","item":"https:\/\/eldigitaldeasturias.com\/magazine365\/category\/actualidad-turismo\/","nextItem":{"@type":"ListItem","@id":"https:\/\/eldigitaldeasturias.com\/magazine365\/vueling-mejora-sus-servicios-para-pasajeros-con-movilidad-reducida-y-discapacitados\/#listItem","name":"Vueling mejora sus servicios para pasajeros con movilidad reducida y discapacitados"},"previousItem":{"@type":"ListItem","@id":"https:\/\/eldigitaldeasturias.com\/magazine365#listItem","name":"Home"}},{"@type":"ListItem","@id":"https:\/\/eldigitaldeasturias.com\/magazine365\/vueling-mejora-sus-servicios-para-pasajeros-con-movilidad-reducida-y-discapacitados\/#listItem","position":3,"name":"Vueling mejora sus servicios para pasajeros con movilidad reducida y discapacitados","previousItem":{"@type":"ListItem","@id":"https:\/\/eldigitaldeasturias.com\/magazine365\/category\/actualidad-turismo\/#listItem","name":"Actualidad Turismo"}}]},{"@type":"Organization","@id":"https:\/\/eldigitaldeasturias.com\/magazine365\/#organization","name":"El digital de Asturias","description":"Revista de ocio, turismo y estilo de vida","url":"https:\/\/eldigitaldeasturias.com\/magazine365\/","logo":{"@type":"ImageObject","url":"https:\/\/www.eldigitaldeasturias.com\/noticias\/wp-content\/uploads\/2020\/12\/EDA.jpg","@id":"https:\/\/eldigitaldeasturias.com\/magazine365\/vueling-mejora-sus-servicios-para-pasajeros-con-movilidad-reducida-y-discapacitados\/#organizationLogo"},"image":{"@id":"https:\/\/eldigitaldeasturias.com\/magazine365\/vueling-mejora-sus-servicios-para-pasajeros-con-movilidad-reducida-y-discapacitados\/#organizationLogo"}},{"@type":"Person","@id":"https:\/\/eldigitaldeasturias.com\/magazine365\/author\/admin\/#author","url":"https:\/\/eldigitaldeasturias.com\/magazine365\/author\/admin\/","name":"admin","image":{"@type":"ImageObject","@id":"https:\/\/eldigitaldeasturias.com\/magazine365\/vueling-mejora-sus-servicios-para-pasajeros-con-movilidad-reducida-y-discapacitados\/#authorImage","url":"https:\/\/eldigitaldeasturias.com\/magazine365\/wp-content\/litespeed\/avatar\/e571bcf59a0edd6fa6838245a470f2fe.jpg?ver=1776969259","width":96,"height":96,"caption":"admin"}},{"@type":"WebPage","@id":"https:\/\/eldigitaldeasturias.com\/magazine365\/vueling-mejora-sus-servicios-para-pasajeros-con-movilidad-reducida-y-discapacitados\/#webpage","url":"https:\/\/eldigitaldeasturias.com\/magazine365\/vueling-mejora-sus-servicios-para-pasajeros-con-movilidad-reducida-y-discapacitados\/","name":"Vueling mejora sus servicios para pasajeros con movilidad reducida y discapacitados | El Digital de Asturias","description":"Vueling ha mejorado sus servicios para pasajeros con movilidad reducida o con alg\u00fan tipo de discapacidad, y entre las novedades destaca la posibilidad de indicar durante la reserva del vuelo el tipo de asistencia que necesita el usuario, que contar\u00e1 con un mostrador espec\u00edfico en los aeropuertos 'hub' de la compa\u00f1\u00eda: Barcelona-El Prat y Roma-Fiumicino.","inLanguage":"es-ES","isPartOf":{"@id":"https:\/\/eldigitaldeasturias.com\/magazine365\/#website"},"breadcrumb":{"@id":"https:\/\/eldigitaldeasturias.com\/magazine365\/vueling-mejora-sus-servicios-para-pasajeros-con-movilidad-reducida-y-discapacitados\/#breadcrumblist"},"author":{"@id":"https:\/\/eldigitaldeasturias.com\/magazine365\/author\/admin\/#author"},"creator":{"@id":"https:\/\/eldigitaldeasturias.com\/magazine365\/author\/admin\/#author"},"image":{"@type":"ImageObject","url":"https:\/\/eldigitaldeasturias.com\/magazine365\/wp-content\/uploads\/2015\/06\/fotonoticia_20150616113813_800.jpg","@id":"https:\/\/eldigitaldeasturias.com\/magazine365\/vueling-mejora-sus-servicios-para-pasajeros-con-movilidad-reducida-y-discapacitados\/#mainImage","width":800,"height":555},"primaryImageOfPage":{"@id":"https:\/\/eldigitaldeasturias.com\/magazine365\/vueling-mejora-sus-servicios-para-pasajeros-con-movilidad-reducida-y-discapacitados\/#mainImage"},"datePublished":"2015-06-17T06:38:09+02:00","dateModified":"2015-06-17T06:38:09+02:00"},{"@type":"WebSite","@id":"https:\/\/eldigitaldeasturias.com\/magazine365\/#website","url":"https:\/\/eldigitaldeasturias.com\/magazine365\/","name":"El Digital de Asturias","description":"Revista de ocio, turismo y estilo de vida","inLanguage":"es-ES","publisher":{"@id":"https:\/\/eldigitaldeasturias.com\/magazine365\/#organization"}}]},"og:locale":"es_ES","og:site_name":"El Digital de Asturias \u2013 Revista de ocio, turismo y estilo de vida","og:type":"article","og:title":"Vueling mejora sus servicios para pasajeros con movilidad reducida y discapacitados | El Digital de Asturias","og:description":"Vueling ha mejorado sus servicios para pasajeros con movilidad reducida o con alg\u00fan tipo de discapacidad, y entre las novedades destaca la posibilidad de indicar durante la reserva del vuelo el tipo de asistencia que necesita el usuario, que contar\u00e1 con un mostrador espec\u00edfico en los aeropuertos 'hub' de la compa\u00f1\u00eda: Barcelona-El Prat y Roma-Fiumicino.","og:url":"https:\/\/eldigitaldeasturias.com\/magazine365\/vueling-mejora-sus-servicios-para-pasajeros-con-movilidad-reducida-y-discapacitados\/","og:image":"https:\/\/eldigitaldeasturias.com\/magazine365\/wp-content\/uploads\/2015\/06\/fotonoticia_20150616113813_800.jpg","og:image:secure_url":"https:\/\/eldigitaldeasturias.com\/magazine365\/wp-content\/uploads\/2015\/06\/fotonoticia_20150616113813_800.jpg","og:image:width":800,"og:image:height":555,"article:published_time":"2015-06-17T05:08:09+00:00","article:modified_time":"2015-06-17T05:08:09+00:00","twitter:card":"summary_large_image","twitter:title":"Vueling mejora sus servicios para pasajeros con movilidad reducida y discapacitados | El Digital de Asturias","twitter:description":"Vueling ha mejorado sus servicios para pasajeros con movilidad reducida o con alg\u00fan tipo de discapacidad, y entre las novedades destaca la posibilidad de indicar durante la reserva del vuelo el tipo de asistencia que necesita el usuario, que contar\u00e1 con un mostrador espec\u00edfico en los aeropuertos 'hub' de la compa\u00f1\u00eda: Barcelona-El Prat y Roma-Fiumicino.","twitter:image":"https:\/\/eldigitaldeasturias.com\/magazine365\/wp-content\/uploads\/2015\/06\/fotonoticia_20150616113813_800.jpg"},"aioseo_meta_data":{"post_id":"40011","title":null,"description":null,"keywords":null,"keyphrases":null,"primary_term":null,"canonical_url":null,"og_title":null,"og_description":null,"og_object_type":"default","og_image_type":"default","og_image_url":null,"og_image_width":null,"og_image_height":null,"og_image_custom_url":null,"og_image_custom_fields":null,"og_video":null,"og_custom_url":null,"og_article_section":null,"og_article_tags":null,"twitter_use_og":false,"twitter_card":"default","twitter_image_type":"default","twitter_image_url":null,"twitter_image_custom_url":null,"twitter_image_custom_fields":null,"twitter_title":null,"twitter_description":null,"schema":{"blockGraphs":[],"customGraphs":[],"default":{"data":{"Article":[],"Course":[],"Dataset":[],"FAQPage":[],"Movie":[],"Person":[],"Product":[],"ProductReview":[],"Car":[],"Recipe":[],"Service":[],"SoftwareApplication":[],"WebPage":[]},"graphName":"","isEnabled":true},"graphs":[],"defaultGraph":"","defaultPostTypeGraph":""},"schema_type":null,"schema_type_options":null,"pillar_content":false,"robots_default":true,"robots_noindex":false,"robots_noarchive":false,"robots_nosnippet":false,"robots_nofollow":false,"robots_noimageindex":false,"robots_noodp":false,"robots_notranslate":false,"robots_max_snippet":null,"robots_max_videopreview":null,"robots_max_imagepreview":"large","priority":null,"frequency":null,"location":null,"local_seo":null,"seo_analyzer_scan_date":"2025-09-19 12:44:59","breadcrumb_settings":null,"limit_modified_date":false,"open_ai":null,"ai":null,"created":"2021-03-09 02:33:44","updated":"2025-09-19 12:44:59"},"aioseo_breadcrumb":"<div class=\"aioseo-breadcrumbs\"><span class=\"aioseo-breadcrumb\">\n\t<a href=\"https:\/\/eldigitaldeasturias.com\/magazine365\" title=\"Home\">Home<\/a>\n<\/span><span class=\"aioseo-breadcrumb-separator\">\u2013<\/span><span class=\"aioseo-breadcrumb\">\n\t<a href=\"https:\/\/eldigitaldeasturias.com\/magazine365\/category\/actualidad-turismo\/\" title=\"Actualidad Turismo\">Actualidad Turismo<\/a>\n<\/span><span class=\"aioseo-breadcrumb-separator\">\u2013<\/span><span class=\"aioseo-breadcrumb\">\n\t<a href=\"https:\/\/eldigitaldeasturias.com\/magazine365\/vueling-mejora-sus-servicios-para-pasajeros-con-movilidad-reducida-y-discapacitados\/\" title=\"Vueling mejora sus servicios para pasajeros con movilidad reducida y discapacitados\">Vueling mejora sus servicios para pasajeros con movilidad reducida y discapacitados<\/a>\n<\/span><\/div>","aioseo_breadcrumb_json":[{"label":"Home","link":"https:\/\/eldigitaldeasturias.com\/magazine365"},{"label":"Actualidad Turismo","link":"https:\/\/eldigitaldeasturias.com\/magazine365\/category\/actualidad-turismo\/"},{"label":"Vueling mejora sus servicios para pasajeros con movilidad reducida y discapacitados","link":"https:\/\/eldigitaldeasturias.com\/magazine365\/vueling-mejora-sus-servicios-para-pasajeros-con-movilidad-reducida-y-discapacitados\/"}],"_links":{"self":[{"href":"https:\/\/eldigitaldeasturias.com\/magazine365\/wp-json\/wp\/v2\/posts\/40011","targetHints":{"allow":["GET"]}}],"collection":[{"href":"https:\/\/eldigitaldeasturias.com\/magazine365\/wp-json\/wp\/v2\/posts"}],"about":[{"href":"https:\/\/eldigitaldeasturias.com\/magazine365\/wp-json\/wp\/v2\/types\/post"}],"author":[{"embeddable":true,"href":"https:\/\/eldigitaldeasturias.com\/magazine365\/wp-json\/wp\/v2\/users\/1"}],"replies":[{"embeddable":true,"href":"https:\/\/eldigitaldeasturias.com\/magazine365\/wp-json\/wp\/v2\/comments?post=40011"}],"version-history":[{"count":0,"href":"https:\/\/eldigitaldeasturias.com\/magazine365\/wp-json\/wp\/v2\/posts\/40011\/revisions"}],"wp:featuredmedia":[{"embeddable":true,"href":"https:\/\/eldigitaldeasturias.com\/magazine365\/wp-json\/wp\/v2\/media\/40012"}],"wp:attachment":[{"href":"https:\/\/eldigitaldeasturias.com\/magazine365\/wp-json\/wp\/v2\/media?parent=40011"}],"wp:term":[{"taxonomy":"category","embeddable":true,"href":"https:\/\/eldigitaldeasturias.com\/magazine365\/wp-json\/wp\/v2\/categories?post=40011"},{"taxonomy":"post_tag","embeddable":true,"href":"https:\/\/eldigitaldeasturias.com\/magazine365\/wp-json\/wp\/v2\/tags?post=40011"}],"curies":[{"name":"wp","href":"https:\/\/api.w.org\/{rel}","templated":true}]}}