{"id":39978,"date":"2015-06-17T02:23:03","date_gmt":"2015-06-17T00:53:03","guid":{"rendered":"http:\/\/eldigitaldeasturias.com\/magazine365\/?p=39978"},"modified":"2015-06-17T02:23:03","modified_gmt":"2015-06-17T00:53:03","slug":"lanzarote-tendra-acabado-antes-de-finales-de-2016-su-museo-de-esculturas-submarino","status":"publish","type":"post","link":"https:\/\/eldigitaldeasturias.com\/magazine365\/lanzarote-tendra-acabado-antes-de-finales-de-2016-su-museo-de-esculturas-submarino\/","title":{"rendered":"Lanzarote tendr\u00e1 acabado antes de finales de 2016 su museo de esculturas submarino"},"content":{"rendered":"<p><img fetchpriority=\"high\" decoding=\"async\" class=\"alignleft size-medium wp-image-39979\" src=\"https:\/\/eldigitaldeasturias.com\/magazine365\/wp-content\/uploads\/2015\/06\/fotonoticia_20150616091906_800-360x240.jpg\" alt=\"fotonoticia_20150616091906_800\" width=\"360\" height=\"240\" srcset=\"https:\/\/eldigitaldeasturias.com\/magazine365\/wp-content\/uploads\/2015\/06\/fotonoticia_20150616091906_800-360x240.jpg 360w, https:\/\/eldigitaldeasturias.com\/magazine365\/wp-content\/uploads\/2015\/06\/fotonoticia_20150616091906_800-650x434.jpg 650w, https:\/\/eldigitaldeasturias.com\/magazine365\/wp-content\/uploads\/2015\/06\/fotonoticia_20150616091906_800-768x513.jpg 768w, https:\/\/eldigitaldeasturias.com\/magazine365\/wp-content\/uploads\/2015\/06\/fotonoticia_20150616091906_800-150x100.jpg 150w, https:\/\/eldigitaldeasturias.com\/magazine365\/wp-content\/uploads\/2015\/06\/fotonoticia_20150616091906_800-450x300.jpg 450w, https:\/\/eldigitaldeasturias.com\/magazine365\/wp-content\/uploads\/2015\/06\/fotonoticia_20150616091906_800-696x465.jpg 696w, https:\/\/eldigitaldeasturias.com\/magazine365\/wp-content\/uploads\/2015\/06\/fotonoticia_20150616091906_800-629x420.jpg 629w, https:\/\/eldigitaldeasturias.com\/magazine365\/wp-content\/uploads\/2015\/06\/fotonoticia_20150616091906_800-84x55.jpg 84w, https:\/\/eldigitaldeasturias.com\/magazine365\/wp-content\/uploads\/2015\/06\/fotonoticia_20150616091906_800.jpg 800w\" sizes=\"(max-width: 360px) 100vw, 360px\" \/>La isla de Lanzarote tendr\u00e1 acabado antes de finales de 2016 su museo de esculturas submarino, con m\u00e1s de 300 obras a lo largo de 400 metros cuadrados de fondo marino, seg\u00fan ha avanzado este lunes los Centros de Arte, Cultura y Turismo del Cabildo.<\/p>\n<p>\u00c9ste ser\u00e1 el primer museo subacu\u00e1tico de Europa, de la mano del eco-escultor Jason de Caires Taylor, que ahora vive en Lanzarote y que ya inaugur\u00f3 otro similar en Canc\u00fan (M\u00e9xico).<\/p>\n<p>Seg\u00fan explica el artista en un documental del cineasta Miguel G. Morales, las esculturas est\u00e1n hechas de materiales ecol\u00f3gicos que no solo tienen un comportamiento \u00abneutro\u00bb para el oc\u00e9ano, sino que permiten que se cree vida sobre las mismas.<\/p>\n<p>ESCULTURAS DE PERSONAS REALES Y ACTUALES<\/p>\n<p>Las esculturas toman como modelos a vecinos de la isla, de los que a veces hace moldes de cuerpo completo, as\u00ed como situaciones cotidianas y paisaje terrestre de Lanzarote. Este grupo escult\u00f3rico estar\u00e1 sumergido a no menos de 12 metros ni m\u00e1s de 15, lo que permitir\u00e1 que buceadores de todos los niveles puedan visitarlo desde cerca, as\u00ed como practicantes de apnea o &#8216;freediving&#8217;.<\/p>\n<p>Esta iniciativa art\u00edstica se sumergir\u00e1 en la zona del tri\u00e1ngulo de la calma, en Playa Blanca, zona que re\u00fane \u00ablas mejores condiciones t\u00e9cnicas y ambientales al estar al abrigo de las fuertes corrientes que azotan al litoral norte, as\u00ed como un sustrato marino muy plano y escasa presencia de especies animales y vegetales\u00bb, ha explicado el Cabildo.<\/p>\n<p>SE MOLDEAN EN TIERRA Y LUEGO SE SUMERGEN<\/p>\n<p>El proyecto se est\u00e1 construyendo en tierra para posteriormente proceder a las inmersiones. \u00abLas obras del artista simbolizan una simbiosis impresionante entre el hombre y la naturaleza, el equilibrio de mensajes de esperanza y p\u00e9rdida\u00bb, explican.<\/p>\n<p>La inversi\u00f3n es 100% p\u00fablica y proviene de los beneficios que generan los Centros de Arte, Cultura y Turismo del Cabildo. De cada 10 euros recaudados, 8 se transfieren al Cabildo de Lanzarote para poder invertir en mejoras de todos los ciudadanos, y 2 euros se reinvierten en los Centros.<\/p>\n","protected":false},"excerpt":{"rendered":"<p>La isla de Lanzarote tendr\u00e1 acabado antes de finales de 2016 su museo de esculturas submarino, con m\u00e1s de 300 obras a lo largo de 400 metros cuadrados de fondo marino, seg\u00fan ha avanzado este lunes los Centros de Arte, Cultura y Turismo del Cabildo. \u00c9ste ser\u00e1 el primer museo subacu\u00e1tico de Europa, de la<\/p>\n","protected":false},"author":1,"featured_media":39979,"comment_status":"open","ping_status":"closed","sticky":false,"template":"","format":"standard","meta":{"footnotes":""},"categories":[222],"tags":[],"class_list":{"0":"post-39978","1":"post","2":"type-post","3":"status-publish","4":"format-standard","5":"has-post-thumbnail","7":"category-actualidad-turismo"},"aioseo_notices":[],"aioseo_head":"\n\t\t<!-- All in One SEO Pro 4.9.6.1 - aioseo.com -->\n\t<meta name=\"description\" content=\"La isla de Lanzarote tendr\u00e1 acabado antes de finales de 2016 su museo de esculturas submarino, con m\u00e1s de 300 obras a lo largo de 400 metros cuadrados de fondo marino, seg\u00fan ha avanzado este lunes los Centros de Arte, Cultura y Turismo del Cabildo. \u00c9ste ser\u00e1 el primer museo subacu\u00e1tico de Europa, de la\" \/>\n\t<meta name=\"robots\" content=\"max-image-preview:large\" \/>\n\t<meta name=\"author\" content=\"admin\"\/>\n\t<meta name=\"google-site-verification\" content=\"UA-38556648-1\" \/>\n\t<meta name=\"keywords\" content=\"actualidad turismo\" \/>\n\t<link rel=\"canonical\" href=\"https:\/\/eldigitaldeasturias.com\/magazine365\/lanzarote-tendra-acabado-antes-de-finales-de-2016-su-museo-de-esculturas-submarino\/\" \/>\n\t<meta name=\"generator\" content=\"All in One SEO Pro (AIOSEO) 4.9.6.1\" \/>\n\t\t<meta property=\"og:locale\" content=\"es_ES\" \/>\n\t\t<meta property=\"og:site_name\" content=\"El Digital de Asturias \u2013 Revista de ocio, turismo y estilo de vida\" \/>\n\t\t<meta property=\"og:type\" content=\"article\" \/>\n\t\t<meta property=\"og:title\" content=\"Lanzarote tendr\u00e1 acabado antes de finales de 2016 su museo de esculturas submarino | El Digital de Asturias\" \/>\n\t\t<meta property=\"og:description\" content=\"La isla de Lanzarote tendr\u00e1 acabado antes de finales de 2016 su museo de esculturas submarino, con m\u00e1s de 300 obras a lo largo de 400 metros cuadrados de fondo marino, seg\u00fan ha avanzado este lunes los Centros de Arte, Cultura y Turismo del Cabildo. \u00c9ste ser\u00e1 el primer museo subacu\u00e1tico de Europa, de la\" \/>\n\t\t<meta property=\"og:url\" content=\"https:\/\/eldigitaldeasturias.com\/magazine365\/lanzarote-tendra-acabado-antes-de-finales-de-2016-su-museo-de-esculturas-submarino\/\" \/>\n\t\t<meta property=\"og:image\" content=\"https:\/\/eldigitaldeasturias.com\/magazine365\/wp-content\/uploads\/2015\/06\/fotonoticia_20150616091906_800.jpg\" \/>\n\t\t<meta property=\"og:image:secure_url\" content=\"https:\/\/eldigitaldeasturias.com\/magazine365\/wp-content\/uploads\/2015\/06\/fotonoticia_20150616091906_800.jpg\" \/>\n\t\t<meta property=\"og:image:width\" content=\"800\" \/>\n\t\t<meta property=\"og:image:height\" content=\"534\" \/>\n\t\t<meta property=\"article:published_time\" content=\"2015-06-17T00:53:03+00:00\" \/>\n\t\t<meta property=\"article:modified_time\" content=\"2015-06-17T00:53:03+00:00\" \/>\n\t\t<meta name=\"twitter:card\" content=\"summary_large_image\" \/>\n\t\t<meta name=\"twitter:title\" content=\"Lanzarote tendr\u00e1 acabado antes de finales de 2016 su museo de esculturas submarino | El Digital de Asturias\" \/>\n\t\t<meta name=\"twitter:description\" content=\"La isla de Lanzarote tendr\u00e1 acabado antes de finales de 2016 su museo de esculturas submarino, con m\u00e1s de 300 obras a lo largo de 400 metros cuadrados de fondo marino, seg\u00fan ha avanzado este lunes los Centros de Arte, Cultura y Turismo del Cabildo. \u00c9ste ser\u00e1 el primer museo subacu\u00e1tico de Europa, de la\" \/>\n\t\t<meta name=\"twitter:image\" content=\"https:\/\/eldigitaldeasturias.com\/magazine365\/wp-content\/uploads\/2015\/06\/fotonoticia_20150616091906_800.jpg\" \/>\n\t\t<script type=\"application\/ld+json\" class=\"aioseo-schema\">\n\t\t\t{\"@context\":\"https:\\\/\\\/schema.org\",\"@graph\":[{\"@type\":\"Article\",\"@id\":\"https:\\\/\\\/eldigitaldeasturias.com\\\/magazine365\\\/lanzarote-tendra-acabado-antes-de-finales-de-2016-su-museo-de-esculturas-submarino\\\/#article\",\"name\":\"Lanzarote tendr\\u00e1 acabado antes de finales de 2016 su museo de esculturas submarino | El Digital de Asturias\",\"headline\":\"Lanzarote tendr\\u00e1 acabado antes de finales de 2016 su museo de esculturas submarino\",\"author\":{\"@id\":\"https:\\\/\\\/eldigitaldeasturias.com\\\/magazine365\\\/author\\\/admin\\\/#author\"},\"publisher\":{\"@id\":\"https:\\\/\\\/eldigitaldeasturias.com\\\/magazine365\\\/#organization\"},\"image\":{\"@type\":\"ImageObject\",\"url\":\"https:\\\/\\\/eldigitaldeasturias.com\\\/magazine365\\\/wp-content\\\/uploads\\\/2015\\\/06\\\/fotonoticia_20150616091906_800.jpg\",\"width\":800,\"height\":534},\"datePublished\":\"2015-06-17T02:23:03+02:00\",\"dateModified\":\"2015-06-17T02:23:03+02:00\",\"inLanguage\":\"es-ES\",\"mainEntityOfPage\":{\"@id\":\"https:\\\/\\\/eldigitaldeasturias.com\\\/magazine365\\\/lanzarote-tendra-acabado-antes-de-finales-de-2016-su-museo-de-esculturas-submarino\\\/#webpage\"},\"isPartOf\":{\"@id\":\"https:\\\/\\\/eldigitaldeasturias.com\\\/magazine365\\\/lanzarote-tendra-acabado-antes-de-finales-de-2016-su-museo-de-esculturas-submarino\\\/#webpage\"},\"articleSection\":\"Actualidad Turismo\"},{\"@type\":\"BreadcrumbList\",\"@id\":\"https:\\\/\\\/eldigitaldeasturias.com\\\/magazine365\\\/lanzarote-tendra-acabado-antes-de-finales-de-2016-su-museo-de-esculturas-submarino\\\/#breadcrumblist\",\"itemListElement\":[{\"@type\":\"ListItem\",\"@id\":\"https:\\\/\\\/eldigitaldeasturias.com\\\/magazine365#listItem\",\"position\":1,\"name\":\"Home\",\"item\":\"https:\\\/\\\/eldigitaldeasturias.com\\\/magazine365\",\"nextItem\":{\"@type\":\"ListItem\",\"@id\":\"https:\\\/\\\/eldigitaldeasturias.com\\\/magazine365\\\/category\\\/actualidad-turismo\\\/#listItem\",\"name\":\"Actualidad Turismo\"}},{\"@type\":\"ListItem\",\"@id\":\"https:\\\/\\\/eldigitaldeasturias.com\\\/magazine365\\\/category\\\/actualidad-turismo\\\/#listItem\",\"position\":2,\"name\":\"Actualidad Turismo\",\"item\":\"https:\\\/\\\/eldigitaldeasturias.com\\\/magazine365\\\/category\\\/actualidad-turismo\\\/\",\"nextItem\":{\"@type\":\"ListItem\",\"@id\":\"https:\\\/\\\/eldigitaldeasturias.com\\\/magazine365\\\/lanzarote-tendra-acabado-antes-de-finales-de-2016-su-museo-de-esculturas-submarino\\\/#listItem\",\"name\":\"Lanzarote tendr\\u00e1 acabado antes de finales de 2016 su museo de esculturas submarino\"},\"previousItem\":{\"@type\":\"ListItem\",\"@id\":\"https:\\\/\\\/eldigitaldeasturias.com\\\/magazine365#listItem\",\"name\":\"Home\"}},{\"@type\":\"ListItem\",\"@id\":\"https:\\\/\\\/eldigitaldeasturias.com\\\/magazine365\\\/lanzarote-tendra-acabado-antes-de-finales-de-2016-su-museo-de-esculturas-submarino\\\/#listItem\",\"position\":3,\"name\":\"Lanzarote tendr\\u00e1 acabado antes de finales de 2016 su museo de esculturas submarino\",\"previousItem\":{\"@type\":\"ListItem\",\"@id\":\"https:\\\/\\\/eldigitaldeasturias.com\\\/magazine365\\\/category\\\/actualidad-turismo\\\/#listItem\",\"name\":\"Actualidad Turismo\"}}]},{\"@type\":\"Organization\",\"@id\":\"https:\\\/\\\/eldigitaldeasturias.com\\\/magazine365\\\/#organization\",\"name\":\"El digital de Asturias\",\"description\":\"Revista de ocio, turismo y estilo de vida\",\"url\":\"https:\\\/\\\/eldigitaldeasturias.com\\\/magazine365\\\/\",\"logo\":{\"@type\":\"ImageObject\",\"url\":\"https:\\\/\\\/www.eldigitaldeasturias.com\\\/noticias\\\/wp-content\\\/uploads\\\/2020\\\/12\\\/EDA.jpg\",\"@id\":\"https:\\\/\\\/eldigitaldeasturias.com\\\/magazine365\\\/lanzarote-tendra-acabado-antes-de-finales-de-2016-su-museo-de-esculturas-submarino\\\/#organizationLogo\"},\"image\":{\"@id\":\"https:\\\/\\\/eldigitaldeasturias.com\\\/magazine365\\\/lanzarote-tendra-acabado-antes-de-finales-de-2016-su-museo-de-esculturas-submarino\\\/#organizationLogo\"}},{\"@type\":\"Person\",\"@id\":\"https:\\\/\\\/eldigitaldeasturias.com\\\/magazine365\\\/author\\\/admin\\\/#author\",\"url\":\"https:\\\/\\\/eldigitaldeasturias.com\\\/magazine365\\\/author\\\/admin\\\/\",\"name\":\"admin\",\"image\":{\"@type\":\"ImageObject\",\"@id\":\"https:\\\/\\\/eldigitaldeasturias.com\\\/magazine365\\\/lanzarote-tendra-acabado-antes-de-finales-de-2016-su-museo-de-esculturas-submarino\\\/#authorImage\",\"url\":\"https:\\\/\\\/eldigitaldeasturias.com\\\/magazine365\\\/wp-content\\\/litespeed\\\/avatar\\\/e571bcf59a0edd6fa6838245a470f2fe.jpg?ver=1776969259\",\"width\":96,\"height\":96,\"caption\":\"admin\"}},{\"@type\":\"WebPage\",\"@id\":\"https:\\\/\\\/eldigitaldeasturias.com\\\/magazine365\\\/lanzarote-tendra-acabado-antes-de-finales-de-2016-su-museo-de-esculturas-submarino\\\/#webpage\",\"url\":\"https:\\\/\\\/eldigitaldeasturias.com\\\/magazine365\\\/lanzarote-tendra-acabado-antes-de-finales-de-2016-su-museo-de-esculturas-submarino\\\/\",\"name\":\"Lanzarote tendr\\u00e1 acabado antes de finales de 2016 su museo de esculturas submarino | El Digital de Asturias\",\"description\":\"La isla de Lanzarote tendr\\u00e1 acabado antes de finales de 2016 su museo de esculturas submarino, con m\\u00e1s de 300 obras a lo largo de 400 metros cuadrados de fondo marino, seg\\u00fan ha avanzado este lunes los Centros de Arte, Cultura y Turismo del Cabildo. \\u00c9ste ser\\u00e1 el primer museo subacu\\u00e1tico de Europa, de la\",\"inLanguage\":\"es-ES\",\"isPartOf\":{\"@id\":\"https:\\\/\\\/eldigitaldeasturias.com\\\/magazine365\\\/#website\"},\"breadcrumb\":{\"@id\":\"https:\\\/\\\/eldigitaldeasturias.com\\\/magazine365\\\/lanzarote-tendra-acabado-antes-de-finales-de-2016-su-museo-de-esculturas-submarino\\\/#breadcrumblist\"},\"author\":{\"@id\":\"https:\\\/\\\/eldigitaldeasturias.com\\\/magazine365\\\/author\\\/admin\\\/#author\"},\"creator\":{\"@id\":\"https:\\\/\\\/eldigitaldeasturias.com\\\/magazine365\\\/author\\\/admin\\\/#author\"},\"image\":{\"@type\":\"ImageObject\",\"url\":\"https:\\\/\\\/eldigitaldeasturias.com\\\/magazine365\\\/wp-content\\\/uploads\\\/2015\\\/06\\\/fotonoticia_20150616091906_800.jpg\",\"@id\":\"https:\\\/\\\/eldigitaldeasturias.com\\\/magazine365\\\/lanzarote-tendra-acabado-antes-de-finales-de-2016-su-museo-de-esculturas-submarino\\\/#mainImage\",\"width\":800,\"height\":534},\"primaryImageOfPage\":{\"@id\":\"https:\\\/\\\/eldigitaldeasturias.com\\\/magazine365\\\/lanzarote-tendra-acabado-antes-de-finales-de-2016-su-museo-de-esculturas-submarino\\\/#mainImage\"},\"datePublished\":\"2015-06-17T02:23:03+02:00\",\"dateModified\":\"2015-06-17T02:23:03+02:00\"},{\"@type\":\"WebSite\",\"@id\":\"https:\\\/\\\/eldigitaldeasturias.com\\\/magazine365\\\/#website\",\"url\":\"https:\\\/\\\/eldigitaldeasturias.com\\\/magazine365\\\/\",\"name\":\"El Digital de Asturias\",\"description\":\"Revista de ocio, turismo y estilo de vida\",\"inLanguage\":\"es-ES\",\"publisher\":{\"@id\":\"https:\\\/\\\/eldigitaldeasturias.com\\\/magazine365\\\/#organization\"}}]}\n\t\t<\/script>\n\t\t<!-- All in One SEO Pro -->\r\n\t\t<title>Lanzarote tendr\u00e1 acabado antes de finales de 2016 su museo de esculturas submarino | El Digital de Asturias<\/title>\n\n","aioseo_head_json":{"title":"Lanzarote tendr\u00e1 acabado antes de finales de 2016 su museo de esculturas submarino | El Digital de Asturias","description":"La isla de Lanzarote tendr\u00e1 acabado antes de finales de 2016 su museo de esculturas submarino, con m\u00e1s de 300 obras a lo largo de 400 metros cuadrados de fondo marino, seg\u00fan ha avanzado este lunes los Centros de Arte, Cultura y Turismo del Cabildo. \u00c9ste ser\u00e1 el primer museo subacu\u00e1tico de Europa, de la","canonical_url":"https:\/\/eldigitaldeasturias.com\/magazine365\/lanzarote-tendra-acabado-antes-de-finales-de-2016-su-museo-de-esculturas-submarino\/","robots":"max-image-preview:large","keywords":"actualidad turismo","webmasterTools":{"google-site-verification":"UA-38556648-1","miscellaneous":""},"schema":{"@context":"https:\/\/schema.org","@graph":[{"@type":"Article","@id":"https:\/\/eldigitaldeasturias.com\/magazine365\/lanzarote-tendra-acabado-antes-de-finales-de-2016-su-museo-de-esculturas-submarino\/#article","name":"Lanzarote tendr\u00e1 acabado antes de finales de 2016 su museo de esculturas submarino | El Digital de Asturias","headline":"Lanzarote tendr\u00e1 acabado antes de finales de 2016 su museo de esculturas submarino","author":{"@id":"https:\/\/eldigitaldeasturias.com\/magazine365\/author\/admin\/#author"},"publisher":{"@id":"https:\/\/eldigitaldeasturias.com\/magazine365\/#organization"},"image":{"@type":"ImageObject","url":"https:\/\/eldigitaldeasturias.com\/magazine365\/wp-content\/uploads\/2015\/06\/fotonoticia_20150616091906_800.jpg","width":800,"height":534},"datePublished":"2015-06-17T02:23:03+02:00","dateModified":"2015-06-17T02:23:03+02:00","inLanguage":"es-ES","mainEntityOfPage":{"@id":"https:\/\/eldigitaldeasturias.com\/magazine365\/lanzarote-tendra-acabado-antes-de-finales-de-2016-su-museo-de-esculturas-submarino\/#webpage"},"isPartOf":{"@id":"https:\/\/eldigitaldeasturias.com\/magazine365\/lanzarote-tendra-acabado-antes-de-finales-de-2016-su-museo-de-esculturas-submarino\/#webpage"},"articleSection":"Actualidad Turismo"},{"@type":"BreadcrumbList","@id":"https:\/\/eldigitaldeasturias.com\/magazine365\/lanzarote-tendra-acabado-antes-de-finales-de-2016-su-museo-de-esculturas-submarino\/#breadcrumblist","itemListElement":[{"@type":"ListItem","@id":"https:\/\/eldigitaldeasturias.com\/magazine365#listItem","position":1,"name":"Home","item":"https:\/\/eldigitaldeasturias.com\/magazine365","nextItem":{"@type":"ListItem","@id":"https:\/\/eldigitaldeasturias.com\/magazine365\/category\/actualidad-turismo\/#listItem","name":"Actualidad Turismo"}},{"@type":"ListItem","@id":"https:\/\/eldigitaldeasturias.com\/magazine365\/category\/actualidad-turismo\/#listItem","position":2,"name":"Actualidad Turismo","item":"https:\/\/eldigitaldeasturias.com\/magazine365\/category\/actualidad-turismo\/","nextItem":{"@type":"ListItem","@id":"https:\/\/eldigitaldeasturias.com\/magazine365\/lanzarote-tendra-acabado-antes-de-finales-de-2016-su-museo-de-esculturas-submarino\/#listItem","name":"Lanzarote tendr\u00e1 acabado antes de finales de 2016 su museo de esculturas submarino"},"previousItem":{"@type":"ListItem","@id":"https:\/\/eldigitaldeasturias.com\/magazine365#listItem","name":"Home"}},{"@type":"ListItem","@id":"https:\/\/eldigitaldeasturias.com\/magazine365\/lanzarote-tendra-acabado-antes-de-finales-de-2016-su-museo-de-esculturas-submarino\/#listItem","position":3,"name":"Lanzarote tendr\u00e1 acabado antes de finales de 2016 su museo de esculturas submarino","previousItem":{"@type":"ListItem","@id":"https:\/\/eldigitaldeasturias.com\/magazine365\/category\/actualidad-turismo\/#listItem","name":"Actualidad Turismo"}}]},{"@type":"Organization","@id":"https:\/\/eldigitaldeasturias.com\/magazine365\/#organization","name":"El digital de Asturias","description":"Revista de ocio, turismo y estilo de vida","url":"https:\/\/eldigitaldeasturias.com\/magazine365\/","logo":{"@type":"ImageObject","url":"https:\/\/www.eldigitaldeasturias.com\/noticias\/wp-content\/uploads\/2020\/12\/EDA.jpg","@id":"https:\/\/eldigitaldeasturias.com\/magazine365\/lanzarote-tendra-acabado-antes-de-finales-de-2016-su-museo-de-esculturas-submarino\/#organizationLogo"},"image":{"@id":"https:\/\/eldigitaldeasturias.com\/magazine365\/lanzarote-tendra-acabado-antes-de-finales-de-2016-su-museo-de-esculturas-submarino\/#organizationLogo"}},{"@type":"Person","@id":"https:\/\/eldigitaldeasturias.com\/magazine365\/author\/admin\/#author","url":"https:\/\/eldigitaldeasturias.com\/magazine365\/author\/admin\/","name":"admin","image":{"@type":"ImageObject","@id":"https:\/\/eldigitaldeasturias.com\/magazine365\/lanzarote-tendra-acabado-antes-de-finales-de-2016-su-museo-de-esculturas-submarino\/#authorImage","url":"https:\/\/eldigitaldeasturias.com\/magazine365\/wp-content\/litespeed\/avatar\/e571bcf59a0edd6fa6838245a470f2fe.jpg?ver=1776969259","width":96,"height":96,"caption":"admin"}},{"@type":"WebPage","@id":"https:\/\/eldigitaldeasturias.com\/magazine365\/lanzarote-tendra-acabado-antes-de-finales-de-2016-su-museo-de-esculturas-submarino\/#webpage","url":"https:\/\/eldigitaldeasturias.com\/magazine365\/lanzarote-tendra-acabado-antes-de-finales-de-2016-su-museo-de-esculturas-submarino\/","name":"Lanzarote tendr\u00e1 acabado antes de finales de 2016 su museo de esculturas submarino | El Digital de Asturias","description":"La isla de Lanzarote tendr\u00e1 acabado antes de finales de 2016 su museo de esculturas submarino, con m\u00e1s de 300 obras a lo largo de 400 metros cuadrados de fondo marino, seg\u00fan ha avanzado este lunes los Centros de Arte, Cultura y Turismo del Cabildo. \u00c9ste ser\u00e1 el primer museo subacu\u00e1tico de Europa, de la","inLanguage":"es-ES","isPartOf":{"@id":"https:\/\/eldigitaldeasturias.com\/magazine365\/#website"},"breadcrumb":{"@id":"https:\/\/eldigitaldeasturias.com\/magazine365\/lanzarote-tendra-acabado-antes-de-finales-de-2016-su-museo-de-esculturas-submarino\/#breadcrumblist"},"author":{"@id":"https:\/\/eldigitaldeasturias.com\/magazine365\/author\/admin\/#author"},"creator":{"@id":"https:\/\/eldigitaldeasturias.com\/magazine365\/author\/admin\/#author"},"image":{"@type":"ImageObject","url":"https:\/\/eldigitaldeasturias.com\/magazine365\/wp-content\/uploads\/2015\/06\/fotonoticia_20150616091906_800.jpg","@id":"https:\/\/eldigitaldeasturias.com\/magazine365\/lanzarote-tendra-acabado-antes-de-finales-de-2016-su-museo-de-esculturas-submarino\/#mainImage","width":800,"height":534},"primaryImageOfPage":{"@id":"https:\/\/eldigitaldeasturias.com\/magazine365\/lanzarote-tendra-acabado-antes-de-finales-de-2016-su-museo-de-esculturas-submarino\/#mainImage"},"datePublished":"2015-06-17T02:23:03+02:00","dateModified":"2015-06-17T02:23:03+02:00"},{"@type":"WebSite","@id":"https:\/\/eldigitaldeasturias.com\/magazine365\/#website","url":"https:\/\/eldigitaldeasturias.com\/magazine365\/","name":"El Digital de Asturias","description":"Revista de ocio, turismo y estilo de vida","inLanguage":"es-ES","publisher":{"@id":"https:\/\/eldigitaldeasturias.com\/magazine365\/#organization"}}]},"og:locale":"es_ES","og:site_name":"El Digital de Asturias \u2013 Revista de ocio, turismo y estilo de vida","og:type":"article","og:title":"Lanzarote tendr\u00e1 acabado antes de finales de 2016 su museo de esculturas submarino | El Digital de Asturias","og:description":"La isla de Lanzarote tendr\u00e1 acabado antes de finales de 2016 su museo de esculturas submarino, con m\u00e1s de 300 obras a lo largo de 400 metros cuadrados de fondo marino, seg\u00fan ha avanzado este lunes los Centros de Arte, Cultura y Turismo del Cabildo. \u00c9ste ser\u00e1 el primer museo subacu\u00e1tico de Europa, de la","og:url":"https:\/\/eldigitaldeasturias.com\/magazine365\/lanzarote-tendra-acabado-antes-de-finales-de-2016-su-museo-de-esculturas-submarino\/","og:image":"https:\/\/eldigitaldeasturias.com\/magazine365\/wp-content\/uploads\/2015\/06\/fotonoticia_20150616091906_800.jpg","og:image:secure_url":"https:\/\/eldigitaldeasturias.com\/magazine365\/wp-content\/uploads\/2015\/06\/fotonoticia_20150616091906_800.jpg","og:image:width":800,"og:image:height":534,"article:published_time":"2015-06-17T00:53:03+00:00","article:modified_time":"2015-06-17T00:53:03+00:00","twitter:card":"summary_large_image","twitter:title":"Lanzarote tendr\u00e1 acabado antes de finales de 2016 su museo de esculturas submarino | El Digital de Asturias","twitter:description":"La isla de Lanzarote tendr\u00e1 acabado antes de finales de 2016 su museo de esculturas submarino, con m\u00e1s de 300 obras a lo largo de 400 metros cuadrados de fondo marino, seg\u00fan ha avanzado este lunes los Centros de Arte, Cultura y Turismo del Cabildo. \u00c9ste ser\u00e1 el primer museo subacu\u00e1tico de Europa, de la","twitter:image":"https:\/\/eldigitaldeasturias.com\/magazine365\/wp-content\/uploads\/2015\/06\/fotonoticia_20150616091906_800.jpg"},"aioseo_meta_data":{"post_id":"39978","title":null,"description":null,"keywords":null,"keyphrases":null,"primary_term":null,"canonical_url":null,"og_title":null,"og_description":null,"og_object_type":"default","og_image_type":"default","og_image_url":null,"og_image_width":null,"og_image_height":null,"og_image_custom_url":null,"og_image_custom_fields":null,"og_video":null,"og_custom_url":null,"og_article_section":null,"og_article_tags":null,"twitter_use_og":false,"twitter_card":"default","twitter_image_type":"default","twitter_image_url":null,"twitter_image_custom_url":null,"twitter_image_custom_fields":null,"twitter_title":null,"twitter_description":null,"schema":{"blockGraphs":[],"customGraphs":[],"default":{"data":{"Article":[],"Course":[],"Dataset":[],"FAQPage":[],"Movie":[],"Person":[],"Product":[],"ProductReview":[],"Car":[],"Recipe":[],"Service":[],"SoftwareApplication":[],"WebPage":[]},"graphName":"","isEnabled":true},"graphs":[],"defaultGraph":"","defaultPostTypeGraph":""},"schema_type":null,"schema_type_options":null,"pillar_content":false,"robots_default":true,"robots_noindex":false,"robots_noarchive":false,"robots_nosnippet":false,"robots_nofollow":false,"robots_noimageindex":false,"robots_noodp":false,"robots_notranslate":false,"robots_max_snippet":null,"robots_max_videopreview":null,"robots_max_imagepreview":"large","priority":null,"frequency":null,"location":null,"local_seo":null,"seo_analyzer_scan_date":"2025-09-19 12:41:52","breadcrumb_settings":null,"limit_modified_date":false,"open_ai":null,"ai":null,"created":"2021-03-09 02:34:41","updated":"2025-09-19 12:41:52"},"aioseo_breadcrumb":"<div class=\"aioseo-breadcrumbs\"><span class=\"aioseo-breadcrumb\">\n\t<a href=\"https:\/\/eldigitaldeasturias.com\/magazine365\" title=\"Home\">Home<\/a>\n<\/span><span class=\"aioseo-breadcrumb-separator\">\u2013<\/span><span class=\"aioseo-breadcrumb\">\n\t<a href=\"https:\/\/eldigitaldeasturias.com\/magazine365\/category\/actualidad-turismo\/\" title=\"Actualidad Turismo\">Actualidad Turismo<\/a>\n<\/span><span class=\"aioseo-breadcrumb-separator\">\u2013<\/span><span class=\"aioseo-breadcrumb\">\n\t<a href=\"https:\/\/eldigitaldeasturias.com\/magazine365\/lanzarote-tendra-acabado-antes-de-finales-de-2016-su-museo-de-esculturas-submarino\/\" title=\"Lanzarote tendr\u00e1 acabado antes de finales de 2016 su museo de esculturas submarino\">Lanzarote tendr\u00e1 acabado antes de finales de 2016 su museo de esculturas submarino<\/a>\n<\/span><\/div>","aioseo_breadcrumb_json":[{"label":"Home","link":"https:\/\/eldigitaldeasturias.com\/magazine365"},{"label":"Actualidad Turismo","link":"https:\/\/eldigitaldeasturias.com\/magazine365\/category\/actualidad-turismo\/"},{"label":"Lanzarote tendr\u00e1 acabado antes de finales de 2016 su museo de esculturas submarino","link":"https:\/\/eldigitaldeasturias.com\/magazine365\/lanzarote-tendra-acabado-antes-de-finales-de-2016-su-museo-de-esculturas-submarino\/"}],"_links":{"self":[{"href":"https:\/\/eldigitaldeasturias.com\/magazine365\/wp-json\/wp\/v2\/posts\/39978","targetHints":{"allow":["GET"]}}],"collection":[{"href":"https:\/\/eldigitaldeasturias.com\/magazine365\/wp-json\/wp\/v2\/posts"}],"about":[{"href":"https:\/\/eldigitaldeasturias.com\/magazine365\/wp-json\/wp\/v2\/types\/post"}],"author":[{"embeddable":true,"href":"https:\/\/eldigitaldeasturias.com\/magazine365\/wp-json\/wp\/v2\/users\/1"}],"replies":[{"embeddable":true,"href":"https:\/\/eldigitaldeasturias.com\/magazine365\/wp-json\/wp\/v2\/comments?post=39978"}],"version-history":[{"count":0,"href":"https:\/\/eldigitaldeasturias.com\/magazine365\/wp-json\/wp\/v2\/posts\/39978\/revisions"}],"wp:featuredmedia":[{"embeddable":true,"href":"https:\/\/eldigitaldeasturias.com\/magazine365\/wp-json\/wp\/v2\/media\/39979"}],"wp:attachment":[{"href":"https:\/\/eldigitaldeasturias.com\/magazine365\/wp-json\/wp\/v2\/media?parent=39978"}],"wp:term":[{"taxonomy":"category","embeddable":true,"href":"https:\/\/eldigitaldeasturias.com\/magazine365\/wp-json\/wp\/v2\/categories?post=39978"},{"taxonomy":"post_tag","embeddable":true,"href":"https:\/\/eldigitaldeasturias.com\/magazine365\/wp-json\/wp\/v2\/tags?post=39978"}],"curies":[{"name":"wp","href":"https:\/\/api.w.org\/{rel}","templated":true}]}}