{"id":39961,"date":"2015-06-16T01:50:36","date_gmt":"2015-06-16T00:20:36","guid":{"rendered":"http:\/\/eldigitaldeasturias.com\/magazine365\/?p=39961"},"modified":"2015-06-16T01:50:36","modified_gmt":"2015-06-16T00:20:36","slug":"la-union-internacional-del-transporte-publico-reelige-a-pere-calvet-como-vicepresidente","status":"publish","type":"post","link":"https:\/\/eldigitaldeasturias.com\/magazine365\/la-union-internacional-del-transporte-publico-reelige-a-pere-calvet-como-vicepresidente\/","title":{"rendered":"La Uni\u00f3n Internacional del Transporte P\u00fablico reelige a Pere Calvet como vicepresidente"},"content":{"rendered":"<p><img fetchpriority=\"high\" decoding=\"async\" class=\"alignleft size-medium wp-image-39962\" src=\"https:\/\/eldigitaldeasturias.com\/magazine365\/wp-content\/uploads\/2015\/06\/fotonoticia_20150615182957_800-173x300.jpg\" alt=\"fotonoticia_20150615182957_800\" width=\"173\" height=\"300\" srcset=\"https:\/\/eldigitaldeasturias.com\/magazine365\/wp-content\/uploads\/2015\/06\/fotonoticia_20150615182957_800-173x300.jpg 173w, https:\/\/eldigitaldeasturias.com\/magazine365\/wp-content\/uploads\/2015\/06\/fotonoticia_20150615182957_800-368x640.jpg 368w, https:\/\/eldigitaldeasturias.com\/magazine365\/wp-content\/uploads\/2015\/06\/fotonoticia_20150615182957_800-768x1335.jpg 768w, https:\/\/eldigitaldeasturias.com\/magazine365\/wp-content\/uploads\/2015\/06\/fotonoticia_20150615182957_800-150x261.jpg 150w, https:\/\/eldigitaldeasturias.com\/magazine365\/wp-content\/uploads\/2015\/06\/fotonoticia_20150615182957_800-450x782.jpg 450w, https:\/\/eldigitaldeasturias.com\/magazine365\/wp-content\/uploads\/2015\/06\/fotonoticia_20150615182957_800-696x1210.jpg 696w, https:\/\/eldigitaldeasturias.com\/magazine365\/wp-content\/uploads\/2015\/06\/fotonoticia_20150615182957_800-242x420.jpg 242w, https:\/\/eldigitaldeasturias.com\/magazine365\/wp-content\/uploads\/2015\/06\/fotonoticia_20150615182957_800.jpg 800w\" sizes=\"(max-width: 173px) 100vw, 173px\" \/>La Uni\u00f3n Internacional del Transporte P\u00fablico (UITP) ha reelegido al director general de Ferrocarrils de la Generalitat de Catalu\u00f1a (FGC), Pere Calvet, como nuevo presidente de la divisi\u00f3n de metros y vicepresiente mundial de la organizaci\u00f3n.<\/p>\n<p>La UITP, que cuenta con 3.400 asociados, re\u00fane a operadores y autoridades del transportes, los institutos t\u00e9cnicos y acad\u00e9micos y a representantes del sector industrial y de servicios de 92 pa\u00edses, ha informado FGC en un comunicado este lunes.<\/p>\n<p>Calvet, ingeniero de Caminos, Canales y Puertos, tiene 25 a\u00f1os de experiencia en el sctor ferroviario, y desde el 2001 es director general de FGC, donde previamente hab\u00eda sido director de Proyectos, jefe de la Divisi\u00f3n de Instalaciones Fijas y adjunto al Jefe de la Divisi\u00f3n de Planeamiento y Estudios.<\/p>\n","protected":false},"excerpt":{"rendered":"<p>La Uni\u00f3n Internacional del Transporte P\u00fablico (UITP) ha reelegido al director general de Ferrocarrils de la Generalitat de Catalu\u00f1a (FGC), Pere Calvet, como nuevo presidente de la divisi\u00f3n de metros y vicepresiente mundial de la organizaci\u00f3n. La UITP, que cuenta con 3.400 asociados, re\u00fane a operadores y autoridades del transportes, los institutos t\u00e9cnicos y acad\u00e9micos<\/p>\n","protected":false},"author":1,"featured_media":39962,"comment_status":"open","ping_status":"closed","sticky":false,"template":"","format":"standard","meta":{"footnotes":""},"categories":[224],"tags":[],"class_list":{"0":"post-39961","1":"post","2":"type-post","3":"status-publish","4":"format-standard","5":"has-post-thumbnail","7":"category-noticias-actualidad"},"aioseo_notices":[],"aioseo_head":"\n\t\t<!-- All in One SEO Pro 4.9.6.1 - aioseo.com -->\n\t<meta name=\"description\" content=\"La Uni\u00f3n Internacional del Transporte P\u00fablico (UITP) ha reelegido al director general de Ferrocarrils de la Generalitat de Catalu\u00f1a (FGC), Pere Calvet, como nuevo presidente de la divisi\u00f3n de metros y vicepresiente mundial de la organizaci\u00f3n. La UITP, que cuenta con 3.400 asociados, re\u00fane a operadores y autoridades del transportes, los institutos t\u00e9cnicos y acad\u00e9micos\" \/>\n\t<meta name=\"robots\" content=\"max-image-preview:large\" \/>\n\t<meta name=\"author\" content=\"admin\"\/>\n\t<meta name=\"google-site-verification\" content=\"UA-38556648-1\" \/>\n\t<meta name=\"keywords\" content=\"noticias y actualidad\" \/>\n\t<link rel=\"canonical\" href=\"https:\/\/eldigitaldeasturias.com\/magazine365\/la-union-internacional-del-transporte-publico-reelige-a-pere-calvet-como-vicepresidente\/\" \/>\n\t<meta name=\"generator\" content=\"All in One SEO Pro (AIOSEO) 4.9.6.1\" \/>\n\t\t<meta property=\"og:locale\" content=\"es_ES\" \/>\n\t\t<meta property=\"og:site_name\" content=\"El Digital de Asturias \u2013 Revista de ocio, turismo y estilo de vida\" \/>\n\t\t<meta property=\"og:type\" content=\"article\" \/>\n\t\t<meta property=\"og:title\" content=\"La Uni\u00f3n Internacional del Transporte P\u00fablico reelige a Pere Calvet como vicepresidente | El Digital de Asturias\" \/>\n\t\t<meta property=\"og:description\" content=\"La Uni\u00f3n Internacional del Transporte P\u00fablico (UITP) ha reelegido al director general de Ferrocarrils de la Generalitat de Catalu\u00f1a (FGC), Pere Calvet, como nuevo presidente de la divisi\u00f3n de metros y vicepresiente mundial de la organizaci\u00f3n. La UITP, que cuenta con 3.400 asociados, re\u00fane a operadores y autoridades del transportes, los institutos t\u00e9cnicos y acad\u00e9micos\" \/>\n\t\t<meta property=\"og:url\" content=\"https:\/\/eldigitaldeasturias.com\/magazine365\/la-union-internacional-del-transporte-publico-reelige-a-pere-calvet-como-vicepresidente\/\" \/>\n\t\t<meta property=\"og:image\" content=\"https:\/\/eldigitaldeasturias.com\/magazine365\/wp-content\/uploads\/2015\/06\/fotonoticia_20150615182957_800.jpg\" \/>\n\t\t<meta property=\"og:image:secure_url\" content=\"https:\/\/eldigitaldeasturias.com\/magazine365\/wp-content\/uploads\/2015\/06\/fotonoticia_20150615182957_800.jpg\" \/>\n\t\t<meta property=\"og:image:width\" content=\"800\" \/>\n\t\t<meta property=\"og:image:height\" content=\"1391\" \/>\n\t\t<meta property=\"article:published_time\" content=\"2015-06-16T00:20:36+00:00\" \/>\n\t\t<meta property=\"article:modified_time\" content=\"2015-06-16T00:20:36+00:00\" \/>\n\t\t<meta name=\"twitter:card\" content=\"summary_large_image\" \/>\n\t\t<meta name=\"twitter:title\" content=\"La Uni\u00f3n Internacional del Transporte P\u00fablico reelige a Pere Calvet como vicepresidente | El Digital de Asturias\" \/>\n\t\t<meta name=\"twitter:description\" content=\"La Uni\u00f3n Internacional del Transporte P\u00fablico (UITP) ha reelegido al director general de Ferrocarrils de la Generalitat de Catalu\u00f1a (FGC), Pere Calvet, como nuevo presidente de la divisi\u00f3n de metros y vicepresiente mundial de la organizaci\u00f3n. La UITP, que cuenta con 3.400 asociados, re\u00fane a operadores y autoridades del transportes, los institutos t\u00e9cnicos y acad\u00e9micos\" \/>\n\t\t<meta name=\"twitter:image\" content=\"https:\/\/eldigitaldeasturias.com\/magazine365\/wp-content\/uploads\/2015\/06\/fotonoticia_20150615182957_800.jpg\" \/>\n\t\t<script type=\"application\/ld+json\" class=\"aioseo-schema\">\n\t\t\t{\"@context\":\"https:\\\/\\\/schema.org\",\"@graph\":[{\"@type\":\"Article\",\"@id\":\"https:\\\/\\\/eldigitaldeasturias.com\\\/magazine365\\\/la-union-internacional-del-transporte-publico-reelige-a-pere-calvet-como-vicepresidente\\\/#article\",\"name\":\"La Uni\\u00f3n Internacional del Transporte P\\u00fablico reelige a Pere Calvet como vicepresidente | El Digital de Asturias\",\"headline\":\"La Uni\\u00f3n Internacional del Transporte P\\u00fablico reelige a Pere Calvet como vicepresidente\",\"author\":{\"@id\":\"https:\\\/\\\/eldigitaldeasturias.com\\\/magazine365\\\/author\\\/admin\\\/#author\"},\"publisher\":{\"@id\":\"https:\\\/\\\/eldigitaldeasturias.com\\\/magazine365\\\/#organization\"},\"image\":{\"@type\":\"ImageObject\",\"url\":\"https:\\\/\\\/eldigitaldeasturias.com\\\/magazine365\\\/wp-content\\\/uploads\\\/2015\\\/06\\\/fotonoticia_20150615182957_800.jpg\",\"width\":800,\"height\":1391},\"datePublished\":\"2015-06-16T01:50:36+02:00\",\"dateModified\":\"2015-06-16T01:50:36+02:00\",\"inLanguage\":\"es-ES\",\"mainEntityOfPage\":{\"@id\":\"https:\\\/\\\/eldigitaldeasturias.com\\\/magazine365\\\/la-union-internacional-del-transporte-publico-reelige-a-pere-calvet-como-vicepresidente\\\/#webpage\"},\"isPartOf\":{\"@id\":\"https:\\\/\\\/eldigitaldeasturias.com\\\/magazine365\\\/la-union-internacional-del-transporte-publico-reelige-a-pere-calvet-como-vicepresidente\\\/#webpage\"},\"articleSection\":\"Noticias y Actualidad\"},{\"@type\":\"BreadcrumbList\",\"@id\":\"https:\\\/\\\/eldigitaldeasturias.com\\\/magazine365\\\/la-union-internacional-del-transporte-publico-reelige-a-pere-calvet-como-vicepresidente\\\/#breadcrumblist\",\"itemListElement\":[{\"@type\":\"ListItem\",\"@id\":\"https:\\\/\\\/eldigitaldeasturias.com\\\/magazine365#listItem\",\"position\":1,\"name\":\"Home\",\"item\":\"https:\\\/\\\/eldigitaldeasturias.com\\\/magazine365\",\"nextItem\":{\"@type\":\"ListItem\",\"@id\":\"https:\\\/\\\/eldigitaldeasturias.com\\\/magazine365\\\/category\\\/noticias-actualidad\\\/#listItem\",\"name\":\"Noticias y Actualidad\"}},{\"@type\":\"ListItem\",\"@id\":\"https:\\\/\\\/eldigitaldeasturias.com\\\/magazine365\\\/category\\\/noticias-actualidad\\\/#listItem\",\"position\":2,\"name\":\"Noticias y Actualidad\",\"item\":\"https:\\\/\\\/eldigitaldeasturias.com\\\/magazine365\\\/category\\\/noticias-actualidad\\\/\",\"nextItem\":{\"@type\":\"ListItem\",\"@id\":\"https:\\\/\\\/eldigitaldeasturias.com\\\/magazine365\\\/la-union-internacional-del-transporte-publico-reelige-a-pere-calvet-como-vicepresidente\\\/#listItem\",\"name\":\"La Uni\\u00f3n Internacional del Transporte P\\u00fablico reelige a Pere Calvet como vicepresidente\"},\"previousItem\":{\"@type\":\"ListItem\",\"@id\":\"https:\\\/\\\/eldigitaldeasturias.com\\\/magazine365#listItem\",\"name\":\"Home\"}},{\"@type\":\"ListItem\",\"@id\":\"https:\\\/\\\/eldigitaldeasturias.com\\\/magazine365\\\/la-union-internacional-del-transporte-publico-reelige-a-pere-calvet-como-vicepresidente\\\/#listItem\",\"position\":3,\"name\":\"La Uni\\u00f3n Internacional del Transporte P\\u00fablico reelige a Pere Calvet como vicepresidente\",\"previousItem\":{\"@type\":\"ListItem\",\"@id\":\"https:\\\/\\\/eldigitaldeasturias.com\\\/magazine365\\\/category\\\/noticias-actualidad\\\/#listItem\",\"name\":\"Noticias y Actualidad\"}}]},{\"@type\":\"Organization\",\"@id\":\"https:\\\/\\\/eldigitaldeasturias.com\\\/magazine365\\\/#organization\",\"name\":\"El digital de Asturias\",\"description\":\"Revista de ocio, turismo y estilo de vida\",\"url\":\"https:\\\/\\\/eldigitaldeasturias.com\\\/magazine365\\\/\",\"logo\":{\"@type\":\"ImageObject\",\"url\":\"https:\\\/\\\/www.eldigitaldeasturias.com\\\/noticias\\\/wp-content\\\/uploads\\\/2020\\\/12\\\/EDA.jpg\",\"@id\":\"https:\\\/\\\/eldigitaldeasturias.com\\\/magazine365\\\/la-union-internacional-del-transporte-publico-reelige-a-pere-calvet-como-vicepresidente\\\/#organizationLogo\"},\"image\":{\"@id\":\"https:\\\/\\\/eldigitaldeasturias.com\\\/magazine365\\\/la-union-internacional-del-transporte-publico-reelige-a-pere-calvet-como-vicepresidente\\\/#organizationLogo\"}},{\"@type\":\"Person\",\"@id\":\"https:\\\/\\\/eldigitaldeasturias.com\\\/magazine365\\\/author\\\/admin\\\/#author\",\"url\":\"https:\\\/\\\/eldigitaldeasturias.com\\\/magazine365\\\/author\\\/admin\\\/\",\"name\":\"admin\",\"image\":{\"@type\":\"ImageObject\",\"@id\":\"https:\\\/\\\/eldigitaldeasturias.com\\\/magazine365\\\/la-union-internacional-del-transporte-publico-reelige-a-pere-calvet-como-vicepresidente\\\/#authorImage\",\"url\":\"https:\\\/\\\/eldigitaldeasturias.com\\\/magazine365\\\/wp-content\\\/litespeed\\\/avatar\\\/e571bcf59a0edd6fa6838245a470f2fe.jpg?ver=1776969259\",\"width\":96,\"height\":96,\"caption\":\"admin\"}},{\"@type\":\"WebPage\",\"@id\":\"https:\\\/\\\/eldigitaldeasturias.com\\\/magazine365\\\/la-union-internacional-del-transporte-publico-reelige-a-pere-calvet-como-vicepresidente\\\/#webpage\",\"url\":\"https:\\\/\\\/eldigitaldeasturias.com\\\/magazine365\\\/la-union-internacional-del-transporte-publico-reelige-a-pere-calvet-como-vicepresidente\\\/\",\"name\":\"La Uni\\u00f3n Internacional del Transporte P\\u00fablico reelige a Pere Calvet como vicepresidente | El Digital de Asturias\",\"description\":\"La Uni\\u00f3n Internacional del Transporte P\\u00fablico (UITP) ha reelegido al director general de Ferrocarrils de la Generalitat de Catalu\\u00f1a (FGC), Pere Calvet, como nuevo presidente de la divisi\\u00f3n de metros y vicepresiente mundial de la organizaci\\u00f3n. La UITP, que cuenta con 3.400 asociados, re\\u00fane a operadores y autoridades del transportes, los institutos t\\u00e9cnicos y acad\\u00e9micos\",\"inLanguage\":\"es-ES\",\"isPartOf\":{\"@id\":\"https:\\\/\\\/eldigitaldeasturias.com\\\/magazine365\\\/#website\"},\"breadcrumb\":{\"@id\":\"https:\\\/\\\/eldigitaldeasturias.com\\\/magazine365\\\/la-union-internacional-del-transporte-publico-reelige-a-pere-calvet-como-vicepresidente\\\/#breadcrumblist\"},\"author\":{\"@id\":\"https:\\\/\\\/eldigitaldeasturias.com\\\/magazine365\\\/author\\\/admin\\\/#author\"},\"creator\":{\"@id\":\"https:\\\/\\\/eldigitaldeasturias.com\\\/magazine365\\\/author\\\/admin\\\/#author\"},\"image\":{\"@type\":\"ImageObject\",\"url\":\"https:\\\/\\\/eldigitaldeasturias.com\\\/magazine365\\\/wp-content\\\/uploads\\\/2015\\\/06\\\/fotonoticia_20150615182957_800.jpg\",\"@id\":\"https:\\\/\\\/eldigitaldeasturias.com\\\/magazine365\\\/la-union-internacional-del-transporte-publico-reelige-a-pere-calvet-como-vicepresidente\\\/#mainImage\",\"width\":800,\"height\":1391},\"primaryImageOfPage\":{\"@id\":\"https:\\\/\\\/eldigitaldeasturias.com\\\/magazine365\\\/la-union-internacional-del-transporte-publico-reelige-a-pere-calvet-como-vicepresidente\\\/#mainImage\"},\"datePublished\":\"2015-06-16T01:50:36+02:00\",\"dateModified\":\"2015-06-16T01:50:36+02:00\"},{\"@type\":\"WebSite\",\"@id\":\"https:\\\/\\\/eldigitaldeasturias.com\\\/magazine365\\\/#website\",\"url\":\"https:\\\/\\\/eldigitaldeasturias.com\\\/magazine365\\\/\",\"name\":\"El Digital de Asturias\",\"description\":\"Revista de ocio, turismo y estilo de vida\",\"inLanguage\":\"es-ES\",\"publisher\":{\"@id\":\"https:\\\/\\\/eldigitaldeasturias.com\\\/magazine365\\\/#organization\"}}]}\n\t\t<\/script>\n\t\t<!-- All in One SEO Pro -->\r\n\t\t<title>La Uni\u00f3n Internacional del Transporte P\u00fablico reelige a Pere Calvet como vicepresidente | El Digital de Asturias<\/title>\n\n","aioseo_head_json":{"title":"La Uni\u00f3n Internacional del Transporte P\u00fablico reelige a Pere Calvet como vicepresidente | El Digital de Asturias","description":"La Uni\u00f3n Internacional del Transporte P\u00fablico (UITP) ha reelegido al director general de Ferrocarrils de la Generalitat de Catalu\u00f1a (FGC), Pere Calvet, como nuevo presidente de la divisi\u00f3n de metros y vicepresiente mundial de la organizaci\u00f3n. La UITP, que cuenta con 3.400 asociados, re\u00fane a operadores y autoridades del transportes, los institutos t\u00e9cnicos y acad\u00e9micos","canonical_url":"https:\/\/eldigitaldeasturias.com\/magazine365\/la-union-internacional-del-transporte-publico-reelige-a-pere-calvet-como-vicepresidente\/","robots":"max-image-preview:large","keywords":"noticias y actualidad","webmasterTools":{"google-site-verification":"UA-38556648-1","miscellaneous":""},"schema":{"@context":"https:\/\/schema.org","@graph":[{"@type":"Article","@id":"https:\/\/eldigitaldeasturias.com\/magazine365\/la-union-internacional-del-transporte-publico-reelige-a-pere-calvet-como-vicepresidente\/#article","name":"La Uni\u00f3n Internacional del Transporte P\u00fablico reelige a Pere Calvet como vicepresidente | El Digital de Asturias","headline":"La Uni\u00f3n Internacional del Transporte P\u00fablico reelige a Pere Calvet como vicepresidente","author":{"@id":"https:\/\/eldigitaldeasturias.com\/magazine365\/author\/admin\/#author"},"publisher":{"@id":"https:\/\/eldigitaldeasturias.com\/magazine365\/#organization"},"image":{"@type":"ImageObject","url":"https:\/\/eldigitaldeasturias.com\/magazine365\/wp-content\/uploads\/2015\/06\/fotonoticia_20150615182957_800.jpg","width":800,"height":1391},"datePublished":"2015-06-16T01:50:36+02:00","dateModified":"2015-06-16T01:50:36+02:00","inLanguage":"es-ES","mainEntityOfPage":{"@id":"https:\/\/eldigitaldeasturias.com\/magazine365\/la-union-internacional-del-transporte-publico-reelige-a-pere-calvet-como-vicepresidente\/#webpage"},"isPartOf":{"@id":"https:\/\/eldigitaldeasturias.com\/magazine365\/la-union-internacional-del-transporte-publico-reelige-a-pere-calvet-como-vicepresidente\/#webpage"},"articleSection":"Noticias y Actualidad"},{"@type":"BreadcrumbList","@id":"https:\/\/eldigitaldeasturias.com\/magazine365\/la-union-internacional-del-transporte-publico-reelige-a-pere-calvet-como-vicepresidente\/#breadcrumblist","itemListElement":[{"@type":"ListItem","@id":"https:\/\/eldigitaldeasturias.com\/magazine365#listItem","position":1,"name":"Home","item":"https:\/\/eldigitaldeasturias.com\/magazine365","nextItem":{"@type":"ListItem","@id":"https:\/\/eldigitaldeasturias.com\/magazine365\/category\/noticias-actualidad\/#listItem","name":"Noticias y Actualidad"}},{"@type":"ListItem","@id":"https:\/\/eldigitaldeasturias.com\/magazine365\/category\/noticias-actualidad\/#listItem","position":2,"name":"Noticias y Actualidad","item":"https:\/\/eldigitaldeasturias.com\/magazine365\/category\/noticias-actualidad\/","nextItem":{"@type":"ListItem","@id":"https:\/\/eldigitaldeasturias.com\/magazine365\/la-union-internacional-del-transporte-publico-reelige-a-pere-calvet-como-vicepresidente\/#listItem","name":"La Uni\u00f3n Internacional del Transporte P\u00fablico reelige a Pere Calvet como vicepresidente"},"previousItem":{"@type":"ListItem","@id":"https:\/\/eldigitaldeasturias.com\/magazine365#listItem","name":"Home"}},{"@type":"ListItem","@id":"https:\/\/eldigitaldeasturias.com\/magazine365\/la-union-internacional-del-transporte-publico-reelige-a-pere-calvet-como-vicepresidente\/#listItem","position":3,"name":"La Uni\u00f3n Internacional del Transporte P\u00fablico reelige a Pere Calvet como vicepresidente","previousItem":{"@type":"ListItem","@id":"https:\/\/eldigitaldeasturias.com\/magazine365\/category\/noticias-actualidad\/#listItem","name":"Noticias y Actualidad"}}]},{"@type":"Organization","@id":"https:\/\/eldigitaldeasturias.com\/magazine365\/#organization","name":"El digital de Asturias","description":"Revista de ocio, turismo y estilo de vida","url":"https:\/\/eldigitaldeasturias.com\/magazine365\/","logo":{"@type":"ImageObject","url":"https:\/\/www.eldigitaldeasturias.com\/noticias\/wp-content\/uploads\/2020\/12\/EDA.jpg","@id":"https:\/\/eldigitaldeasturias.com\/magazine365\/la-union-internacional-del-transporte-publico-reelige-a-pere-calvet-como-vicepresidente\/#organizationLogo"},"image":{"@id":"https:\/\/eldigitaldeasturias.com\/magazine365\/la-union-internacional-del-transporte-publico-reelige-a-pere-calvet-como-vicepresidente\/#organizationLogo"}},{"@type":"Person","@id":"https:\/\/eldigitaldeasturias.com\/magazine365\/author\/admin\/#author","url":"https:\/\/eldigitaldeasturias.com\/magazine365\/author\/admin\/","name":"admin","image":{"@type":"ImageObject","@id":"https:\/\/eldigitaldeasturias.com\/magazine365\/la-union-internacional-del-transporte-publico-reelige-a-pere-calvet-como-vicepresidente\/#authorImage","url":"https:\/\/eldigitaldeasturias.com\/magazine365\/wp-content\/litespeed\/avatar\/e571bcf59a0edd6fa6838245a470f2fe.jpg?ver=1776969259","width":96,"height":96,"caption":"admin"}},{"@type":"WebPage","@id":"https:\/\/eldigitaldeasturias.com\/magazine365\/la-union-internacional-del-transporte-publico-reelige-a-pere-calvet-como-vicepresidente\/#webpage","url":"https:\/\/eldigitaldeasturias.com\/magazine365\/la-union-internacional-del-transporte-publico-reelige-a-pere-calvet-como-vicepresidente\/","name":"La Uni\u00f3n Internacional del Transporte P\u00fablico reelige a Pere Calvet como vicepresidente | El Digital de Asturias","description":"La Uni\u00f3n Internacional del Transporte P\u00fablico (UITP) ha reelegido al director general de Ferrocarrils de la Generalitat de Catalu\u00f1a (FGC), Pere Calvet, como nuevo presidente de la divisi\u00f3n de metros y vicepresiente mundial de la organizaci\u00f3n. La UITP, que cuenta con 3.400 asociados, re\u00fane a operadores y autoridades del transportes, los institutos t\u00e9cnicos y acad\u00e9micos","inLanguage":"es-ES","isPartOf":{"@id":"https:\/\/eldigitaldeasturias.com\/magazine365\/#website"},"breadcrumb":{"@id":"https:\/\/eldigitaldeasturias.com\/magazine365\/la-union-internacional-del-transporte-publico-reelige-a-pere-calvet-como-vicepresidente\/#breadcrumblist"},"author":{"@id":"https:\/\/eldigitaldeasturias.com\/magazine365\/author\/admin\/#author"},"creator":{"@id":"https:\/\/eldigitaldeasturias.com\/magazine365\/author\/admin\/#author"},"image":{"@type":"ImageObject","url":"https:\/\/eldigitaldeasturias.com\/magazine365\/wp-content\/uploads\/2015\/06\/fotonoticia_20150615182957_800.jpg","@id":"https:\/\/eldigitaldeasturias.com\/magazine365\/la-union-internacional-del-transporte-publico-reelige-a-pere-calvet-como-vicepresidente\/#mainImage","width":800,"height":1391},"primaryImageOfPage":{"@id":"https:\/\/eldigitaldeasturias.com\/magazine365\/la-union-internacional-del-transporte-publico-reelige-a-pere-calvet-como-vicepresidente\/#mainImage"},"datePublished":"2015-06-16T01:50:36+02:00","dateModified":"2015-06-16T01:50:36+02:00"},{"@type":"WebSite","@id":"https:\/\/eldigitaldeasturias.com\/magazine365\/#website","url":"https:\/\/eldigitaldeasturias.com\/magazine365\/","name":"El Digital de Asturias","description":"Revista de ocio, turismo y estilo de vida","inLanguage":"es-ES","publisher":{"@id":"https:\/\/eldigitaldeasturias.com\/magazine365\/#organization"}}]},"og:locale":"es_ES","og:site_name":"El Digital de Asturias \u2013 Revista de ocio, turismo y estilo de vida","og:type":"article","og:title":"La Uni\u00f3n Internacional del Transporte P\u00fablico reelige a Pere Calvet como vicepresidente | El Digital de Asturias","og:description":"La Uni\u00f3n Internacional del Transporte P\u00fablico (UITP) ha reelegido al director general de Ferrocarrils de la Generalitat de Catalu\u00f1a (FGC), Pere Calvet, como nuevo presidente de la divisi\u00f3n de metros y vicepresiente mundial de la organizaci\u00f3n. La UITP, que cuenta con 3.400 asociados, re\u00fane a operadores y autoridades del transportes, los institutos t\u00e9cnicos y acad\u00e9micos","og:url":"https:\/\/eldigitaldeasturias.com\/magazine365\/la-union-internacional-del-transporte-publico-reelige-a-pere-calvet-como-vicepresidente\/","og:image":"https:\/\/eldigitaldeasturias.com\/magazine365\/wp-content\/uploads\/2015\/06\/fotonoticia_20150615182957_800.jpg","og:image:secure_url":"https:\/\/eldigitaldeasturias.com\/magazine365\/wp-content\/uploads\/2015\/06\/fotonoticia_20150615182957_800.jpg","og:image:width":800,"og:image:height":1391,"article:published_time":"2015-06-16T00:20:36+00:00","article:modified_time":"2015-06-16T00:20:36+00:00","twitter:card":"summary_large_image","twitter:title":"La Uni\u00f3n Internacional del Transporte P\u00fablico reelige a Pere Calvet como vicepresidente | El Digital de Asturias","twitter:description":"La Uni\u00f3n Internacional del Transporte P\u00fablico (UITP) ha reelegido al director general de Ferrocarrils de la Generalitat de Catalu\u00f1a (FGC), Pere Calvet, como nuevo presidente de la divisi\u00f3n de metros y vicepresiente mundial de la organizaci\u00f3n. La UITP, que cuenta con 3.400 asociados, re\u00fane a operadores y autoridades del transportes, los institutos t\u00e9cnicos y acad\u00e9micos","twitter:image":"https:\/\/eldigitaldeasturias.com\/magazine365\/wp-content\/uploads\/2015\/06\/fotonoticia_20150615182957_800.jpg"},"aioseo_meta_data":{"post_id":"39961","title":null,"description":null,"keywords":null,"keyphrases":null,"primary_term":null,"canonical_url":null,"og_title":null,"og_description":null,"og_object_type":"default","og_image_type":"default","og_image_url":null,"og_image_width":null,"og_image_height":null,"og_image_custom_url":null,"og_image_custom_fields":null,"og_video":null,"og_custom_url":null,"og_article_section":null,"og_article_tags":null,"twitter_use_og":false,"twitter_card":"default","twitter_image_type":"default","twitter_image_url":null,"twitter_image_custom_url":null,"twitter_image_custom_fields":null,"twitter_title":null,"twitter_description":null,"schema":{"blockGraphs":[],"customGraphs":[],"default":{"data":{"Article":[],"Course":[],"Dataset":[],"FAQPage":[],"Movie":[],"Person":[],"Product":[],"ProductReview":[],"Car":[],"Recipe":[],"Service":[],"SoftwareApplication":[],"WebPage":[]},"graphName":"","isEnabled":true},"graphs":[],"defaultGraph":"","defaultPostTypeGraph":""},"schema_type":null,"schema_type_options":null,"pillar_content":false,"robots_default":true,"robots_noindex":false,"robots_noarchive":false,"robots_nosnippet":false,"robots_nofollow":false,"robots_noimageindex":false,"robots_noodp":false,"robots_notranslate":false,"robots_max_snippet":null,"robots_max_videopreview":null,"robots_max_imagepreview":"large","priority":null,"frequency":null,"location":null,"local_seo":null,"seo_analyzer_scan_date":"2025-09-19 12:40:19","breadcrumb_settings":null,"limit_modified_date":false,"open_ai":null,"ai":null,"created":"2021-03-09 02:34:41","updated":"2025-09-19 12:40:19"},"aioseo_breadcrumb":"<div class=\"aioseo-breadcrumbs\"><span class=\"aioseo-breadcrumb\">\n\t<a href=\"https:\/\/eldigitaldeasturias.com\/magazine365\" title=\"Home\">Home<\/a>\n<\/span><span class=\"aioseo-breadcrumb-separator\">\u2013<\/span><span class=\"aioseo-breadcrumb\">\n\t<a href=\"https:\/\/eldigitaldeasturias.com\/magazine365\/category\/noticias-actualidad\/\" title=\"Noticias y Actualidad\">Noticias y Actualidad<\/a>\n<\/span><span class=\"aioseo-breadcrumb-separator\">\u2013<\/span><span class=\"aioseo-breadcrumb\">\n\t<a href=\"https:\/\/eldigitaldeasturias.com\/magazine365\/la-union-internacional-del-transporte-publico-reelige-a-pere-calvet-como-vicepresidente\/\" title=\"La Uni\u00f3n Internacional del Transporte P\u00fablico reelige a Pere Calvet como vicepresidente\">La Uni\u00f3n Internacional del Transporte P\u00fablico reelige a Pere Calvet como vicepresidente<\/a>\n<\/span><\/div>","aioseo_breadcrumb_json":[{"label":"Home","link":"https:\/\/eldigitaldeasturias.com\/magazine365"},{"label":"Noticias y Actualidad","link":"https:\/\/eldigitaldeasturias.com\/magazine365\/category\/noticias-actualidad\/"},{"label":"La Uni\u00f3n Internacional del Transporte P\u00fablico reelige a Pere Calvet como vicepresidente","link":"https:\/\/eldigitaldeasturias.com\/magazine365\/la-union-internacional-del-transporte-publico-reelige-a-pere-calvet-como-vicepresidente\/"}],"_links":{"self":[{"href":"https:\/\/eldigitaldeasturias.com\/magazine365\/wp-json\/wp\/v2\/posts\/39961","targetHints":{"allow":["GET"]}}],"collection":[{"href":"https:\/\/eldigitaldeasturias.com\/magazine365\/wp-json\/wp\/v2\/posts"}],"about":[{"href":"https:\/\/eldigitaldeasturias.com\/magazine365\/wp-json\/wp\/v2\/types\/post"}],"author":[{"embeddable":true,"href":"https:\/\/eldigitaldeasturias.com\/magazine365\/wp-json\/wp\/v2\/users\/1"}],"replies":[{"embeddable":true,"href":"https:\/\/eldigitaldeasturias.com\/magazine365\/wp-json\/wp\/v2\/comments?post=39961"}],"version-history":[{"count":0,"href":"https:\/\/eldigitaldeasturias.com\/magazine365\/wp-json\/wp\/v2\/posts\/39961\/revisions"}],"wp:featuredmedia":[{"embeddable":true,"href":"https:\/\/eldigitaldeasturias.com\/magazine365\/wp-json\/wp\/v2\/media\/39962"}],"wp:attachment":[{"href":"https:\/\/eldigitaldeasturias.com\/magazine365\/wp-json\/wp\/v2\/media?parent=39961"}],"wp:term":[{"taxonomy":"category","embeddable":true,"href":"https:\/\/eldigitaldeasturias.com\/magazine365\/wp-json\/wp\/v2\/categories?post=39961"},{"taxonomy":"post_tag","embeddable":true,"href":"https:\/\/eldigitaldeasturias.com\/magazine365\/wp-json\/wp\/v2\/tags?post=39961"}],"curies":[{"name":"wp","href":"https:\/\/api.w.org\/{rel}","templated":true}]}}