{"id":39958,"date":"2015-06-16T01:48:37","date_gmt":"2015-06-16T00:18:37","guid":{"rendered":"http:\/\/eldigitaldeasturias.com\/magazine365\/?p=39958"},"modified":"2015-06-16T01:48:37","modified_gmt":"2015-06-16T00:18:37","slug":"la-temporada-de-playas-del-verano-de-2015-ha-comenzado-este-lunes-en-malaga","status":"publish","type":"post","link":"https:\/\/eldigitaldeasturias.com\/magazine365\/la-temporada-de-playas-del-verano-de-2015-ha-comenzado-este-lunes-en-malaga\/","title":{"rendered":"La temporada de playas del verano de 2015 ha comenzado este lunes en M\u00e1laga"},"content":{"rendered":"<p><img fetchpriority=\"high\" decoding=\"async\" class=\"alignleft size-medium wp-image-39959\" src=\"https:\/\/eldigitaldeasturias.com\/magazine365\/wp-content\/uploads\/2015\/06\/fotonoticia_20150615181325_800-360x240.jpg\" alt=\"fotonoticia_20150615181325_800\" width=\"360\" height=\"240\" srcset=\"https:\/\/eldigitaldeasturias.com\/magazine365\/wp-content\/uploads\/2015\/06\/fotonoticia_20150615181325_800-360x240.jpg 360w, https:\/\/eldigitaldeasturias.com\/magazine365\/wp-content\/uploads\/2015\/06\/fotonoticia_20150615181325_800-650x434.jpg 650w, https:\/\/eldigitaldeasturias.com\/magazine365\/wp-content\/uploads\/2015\/06\/fotonoticia_20150615181325_800-768x513.jpg 768w, https:\/\/eldigitaldeasturias.com\/magazine365\/wp-content\/uploads\/2015\/06\/fotonoticia_20150615181325_800-150x100.jpg 150w, https:\/\/eldigitaldeasturias.com\/magazine365\/wp-content\/uploads\/2015\/06\/fotonoticia_20150615181325_800-450x300.jpg 450w, https:\/\/eldigitaldeasturias.com\/magazine365\/wp-content\/uploads\/2015\/06\/fotonoticia_20150615181325_800-696x465.jpg 696w, https:\/\/eldigitaldeasturias.com\/magazine365\/wp-content\/uploads\/2015\/06\/fotonoticia_20150615181325_800-629x420.jpg 629w, https:\/\/eldigitaldeasturias.com\/magazine365\/wp-content\/uploads\/2015\/06\/fotonoticia_20150615181325_800-84x55.jpg 84w, https:\/\/eldigitaldeasturias.com\/magazine365\/wp-content\/uploads\/2015\/06\/fotonoticia_20150615181325_800.jpg 800w\" sizes=\"(max-width: 360px) 100vw, 360px\" \/>La temporada de playas del verano de 2015 ha comenzado este lunes en M\u00e1laga capital. Cerca de 200 personas cuidar\u00e1n cada d\u00eda del litoral malague\u00f1o, entre operarios de limpieza, efectivos de seguridad, socorristas, personal de los barcos de recogida de residuos s\u00f3lidos flotantes y natas, jardineros y mantenimiento del equipamiento.<\/p>\n<p>Adem\u00e1s, esta temporada se inicia con un nuevo reconocimiento, al recibir tambi\u00e9n la playa de La Misericordia una bandera azul, que se une a las que ya poseen La Malagueta-Caleta y El Dedo, que han vuelto a ser distinguidas. De esta manera son tres distinciones, una m\u00e1s que en 2014.<\/p>\n<p>Este premio anual es otorgado por la Asociaci\u00f3n de Educaci\u00f3n Ambiental y del Consumidor (Adeac). La bandera azul certifica la calidad de las aguas de ba\u00f1o, la gesti\u00f3n ambiental y de seguridad, los servicios e instalaciones de estos emplazamientos, as\u00ed como la accesibilidad.<\/p>\n<p>Las playas de M\u00e1laga cuentan, asimismo, con cinco distinciones &#8216;Q de calidad&#8217; y desde 2006 con el Premio de Accesibilidad Global. Todo ello impulsa a la capital como uno de los destinos de ciudad y playa mejor situados en el panorama tur\u00edstico espa\u00f1ol.<\/p>\n<p>MANTENIMIENTO<\/p>\n<p>Para garantizar tanto el mantenimiento preventivo como correctivo de todos y cada uno de los elementos de mobiliario urbano situados en las playas este a\u00f1o, trabajan 22 operarios que garantizan un servicio que permite reparar en menos de 24 horas todos los elementos que por su uso o vandalismo pueden sufrir alg\u00fan deterioro, seg\u00fan ha informado en un comunicado el Ayuntamiento.<\/p>\n<p>En cuanto al servicio de salvamento y socorrismo, compuesto por m\u00e1s de 50 personas, cuenta con modernos medios de comunicaci\u00f3n y transporte, tanto mar\u00edtimo como terrestre. Este servicio est\u00e1 dotado de cinco puestos de socorro cubiertos por ATS-DUE y dos ambulancias.<\/p>\n<p>En concreto, disponen de un equipamiento compuesto por 22 torretas de salvamento y 21 de megafon\u00eda, cuatro embarcaciones, dos motos de agua, cinco puntos de socorro y una ambulancia.<\/p>\n<p>El \u00c1rea de Playas ha habilitado cuatro embarcaciones, tres cabinas y un pelican de biodiesel, que proceder\u00e1 a la recogida de residuos s\u00f3lidos flotantes y natas.<\/p>\n<p>Estas embarcaciones estar\u00e1n operativas todos los d\u00edas de la semana, ocho horas diarias, desde la firma del contrato, prevista para el 18 de junio, hasta el 30 de septiembre. Asimismo, se acometer\u00e1 el balizamiento perimetral de la zona de ba\u00f1o y de los canales para la entrada y salida de embarcaciones.<\/p>\n<p>LIMPIEZA<\/p>\n<p>La empresa de limpieza Limasa activ\u00f3 su dispositivo de temporada alta de playas el pasado 1 de mayo y lo mantendr\u00e1 hasta el 30 de septiembre, para hacer frente as\u00ed a la \u00e9poca en la que el litoral recibe el mayor n\u00famero de usuarios.<\/p>\n<p>Durante los meses de verano, los operarios de limpieza actuar\u00e1n en las playas de lunes a domingo, modificando el horario de trabajo en el caso de los tractores para actuar de 04.00 a 11.00 horas, a fin de evitar las molestias que puedan ocasionar a las personas que se encuentren en la arena.<\/p>\n<p>En total, el dispositivo contempla la actuaci\u00f3n en 17 playas, desde la de La Ciza\u00f1a en el oeste hasta la mitad de la de La Cala en el este, con diferentes servicios que son ejecutados por 27 peones, cuatro tractores, cinco veh\u00edculos recolectores compactadores, uno de recogida de cajas para la transferencia de residuos y otro nodriza. A lo largo de estas playas Limasa mantiene en uso 390 papeleras.<\/p>\n<p>El dispositivo de temporada alta contempla la limpieza y cribado con la ayuda de un tractor limpiaplayas, cuyo objetivo es actuar en los primeros 15 cent\u00edmetros de profundidad de la arena, logrando su oxigenaci\u00f3n y eliminando as\u00ed un gran n\u00famero de bacterias y microorganismos.<\/p>\n<p>Tambi\u00e9n se procede a la limpieza manual de la arena de forma superficial, mediante la intervenci\u00f3n de operarios a pie que pueden acceder a aquellas zonas en las que el tractor no puede hacerlo. Estos operarios pueden retirar residuos de mayor volumen que el tractor limpiaplayas.<\/p>\n<p>El dispositivo de temporada alta de las playas incluye la utilizaci\u00f3n de un veh\u00edculo recolector compactador dedicado a recoger las bolsas de las papeleras y los residuos retirados manualmente por los operarios.<\/p>\n<p>PARQUES Y JARDINES<\/p>\n<p>Respecto a Parques y Jardines, un total de 18 personas participan a diario en labores de jardiner\u00eda y limpieza en los &#8216;oasis&#8217;. Adem\u00e1s, realizan tratamientos fitosanitarios y podas de palmeras. Las playas de La Misericordia, San Andr\u00e9s, La Malagueta, Pedregalejo, El Palo, El Dedo y La Ara\u00f1a cuentan con estas zonas verdes, conformadas por praderas de c\u00e9sped y palmeras.<\/p>\n<p>El Servicio Integral de Vigilancia y Seguridad en Playas se activ\u00f3 el 1 junio y est\u00e1 conformado por la acci\u00f3n conjunta y coordinada de efectivos de la Polic\u00eda Local, Protecci\u00f3n Civil y los vigilantes.<\/p>\n<p>Diariamente, m\u00e1s de 20 efectivos de la Polic\u00eda Local, seis voluntarios de Protecci\u00f3n Civil y ocho vigilantes de playas trabajan en el litoral malague\u00f1o.<\/p>\n<p>Respecto a estos \u00faltimos, estar\u00e1n operativos hasta el 30 de septiembre, de lunes a domingo, de 12.00 a 19.30 horas. El servicio es coordinado por la Polic\u00eda Local.<\/p>\n<p>Los accesos a todas las playas cuentan con carteles informativos de moderno dise\u00f1o relativos al correcto uso del espacio natural, seg\u00fan han apuntado desde el Ayuntamiento.<\/p>\n<p>DEPORTE<\/p>\n<p>Las playas de Guadalmar, La Misericordia, Pedregalejo y La Ara\u00f1a cuentan con plataformas flotantes situadas a 80 metros de la orilla y a m\u00e1s de 2,5 metros de profundidad para disfrute de los usuarios.<\/p>\n<p>Asimismo, las playas de El Pe\u00f1\u00f3n del Cuervo y Campo de Golf tienen habilitadas zonas de picnic con barbacoas de obras. Por su parte, Pedregalejo y Campo de Golf disponen de zonas deportivas compuestas por cuatro campos de v\u00f3ley-playa y dos de f\u00fatbol.<\/p>\n<p>Para los aficionados al deporte a pie de playa se han habilitado zonas deportivas de ejercicios varios y de rehabilitaci\u00f3n para mayores en Padre Ciganda, Chanquete, Glorieta de Antonio Molina, El Morlaco y La Misericordia.<\/p>\n<p>Por otra parte, bajo el lema &#8216;\u00a1T\u00fa puedes salvar una vida! \u00a1M\u00f3jate!&#8217;, la Asociaci\u00f3n de Expacientes de la Unidad de Medicina Intensiva (Expaumi) ofrecer\u00e1 simulacros para aprender a fortalecer y continuar la cadena de la vida.<\/p>\n<p>EDUCACI\u00d3N AMBIENTAL<\/p>\n<p>Con el objetivo de concienciar a la ciudadan\u00eda desde el \u00c1rea de Playas se organizar\u00e1n talleres de juegos de interpretaci\u00f3n y simulaci\u00f3n en el medio, reciclado, reparto de informaci\u00f3n, campa\u00f1a de recogida de colillas y primeros auxilios a especies marinas amenazadas.<\/p>\n<p>Por \u00faltimo, el \u00c1rea de Playas cuenta con una p\u00e1gina web www.playas.malaga.eu, en la que existe un sistema automatizado para la tramitaci\u00f3n de moragas. Adem\u00e1s, hay una aplicaci\u00f3n denominada Gecor, con un apartado dedicado a playas para la gesti\u00f3n de incidencias y mantenimiento de instalaciones y resultados anal\u00edticos realizados de los meses de junio a septiembre.<\/p>\n","protected":false},"excerpt":{"rendered":"<p>La temporada de playas del verano de 2015 ha comenzado este lunes en M\u00e1laga capital. Cerca de 200 personas cuidar\u00e1n cada d\u00eda del litoral malague\u00f1o, entre operarios de limpieza, efectivos de seguridad, socorristas, personal de los barcos de recogida de residuos s\u00f3lidos flotantes y natas, jardineros y mantenimiento del equipamiento. Adem\u00e1s, esta temporada se inicia<\/p>\n","protected":false},"author":1,"featured_media":39959,"comment_status":"open","ping_status":"closed","sticky":false,"template":"","format":"standard","meta":{"footnotes":""},"categories":[224],"tags":[],"class_list":{"0":"post-39958","1":"post","2":"type-post","3":"status-publish","4":"format-standard","5":"has-post-thumbnail","7":"category-noticias-actualidad"},"aioseo_notices":[],"aioseo_head":"\n\t\t<!-- All in One SEO Pro 4.9.6.1 - aioseo.com -->\n\t<meta name=\"description\" content=\"La temporada de playas del verano de 2015 ha comenzado este lunes en M\u00e1laga capital. Cerca de 200 personas cuidar\u00e1n cada d\u00eda del litoral malague\u00f1o, entre operarios de limpieza, efectivos de seguridad, socorristas, personal de los barcos de recogida de residuos s\u00f3lidos flotantes y natas, jardineros y mantenimiento del equipamiento. Adem\u00e1s, esta temporada se inicia\" \/>\n\t<meta name=\"robots\" content=\"max-image-preview:large\" \/>\n\t<meta name=\"author\" content=\"admin\"\/>\n\t<meta name=\"google-site-verification\" content=\"UA-38556648-1\" \/>\n\t<meta name=\"keywords\" content=\"noticias y actualidad\" \/>\n\t<link rel=\"canonical\" href=\"https:\/\/eldigitaldeasturias.com\/magazine365\/la-temporada-de-playas-del-verano-de-2015-ha-comenzado-este-lunes-en-malaga\/\" \/>\n\t<meta name=\"generator\" content=\"All in One SEO Pro (AIOSEO) 4.9.6.1\" \/>\n\t\t<meta property=\"og:locale\" content=\"es_ES\" \/>\n\t\t<meta property=\"og:site_name\" content=\"El Digital de Asturias \u2013 Revista de ocio, turismo y estilo de vida\" \/>\n\t\t<meta property=\"og:type\" content=\"article\" \/>\n\t\t<meta property=\"og:title\" content=\"La temporada de playas del verano de 2015 ha comenzado este lunes en M\u00e1laga | El Digital de Asturias\" \/>\n\t\t<meta property=\"og:description\" content=\"La temporada de playas del verano de 2015 ha comenzado este lunes en M\u00e1laga capital. Cerca de 200 personas cuidar\u00e1n cada d\u00eda del litoral malague\u00f1o, entre operarios de limpieza, efectivos de seguridad, socorristas, personal de los barcos de recogida de residuos s\u00f3lidos flotantes y natas, jardineros y mantenimiento del equipamiento. Adem\u00e1s, esta temporada se inicia\" \/>\n\t\t<meta property=\"og:url\" content=\"https:\/\/eldigitaldeasturias.com\/magazine365\/la-temporada-de-playas-del-verano-de-2015-ha-comenzado-este-lunes-en-malaga\/\" \/>\n\t\t<meta property=\"og:image\" content=\"https:\/\/eldigitaldeasturias.com\/magazine365\/wp-content\/uploads\/2015\/06\/fotonoticia_20150615181325_800.jpg\" \/>\n\t\t<meta property=\"og:image:secure_url\" content=\"https:\/\/eldigitaldeasturias.com\/magazine365\/wp-content\/uploads\/2015\/06\/fotonoticia_20150615181325_800.jpg\" \/>\n\t\t<meta property=\"og:image:width\" content=\"800\" \/>\n\t\t<meta property=\"og:image:height\" content=\"534\" \/>\n\t\t<meta property=\"article:published_time\" content=\"2015-06-16T00:18:37+00:00\" \/>\n\t\t<meta property=\"article:modified_time\" content=\"2015-06-16T00:18:37+00:00\" \/>\n\t\t<meta name=\"twitter:card\" content=\"summary_large_image\" \/>\n\t\t<meta name=\"twitter:title\" content=\"La temporada de playas del verano de 2015 ha comenzado este lunes en M\u00e1laga | El Digital de Asturias\" \/>\n\t\t<meta name=\"twitter:description\" content=\"La temporada de playas del verano de 2015 ha comenzado este lunes en M\u00e1laga capital. Cerca de 200 personas cuidar\u00e1n cada d\u00eda del litoral malague\u00f1o, entre operarios de limpieza, efectivos de seguridad, socorristas, personal de los barcos de recogida de residuos s\u00f3lidos flotantes y natas, jardineros y mantenimiento del equipamiento. Adem\u00e1s, esta temporada se inicia\" \/>\n\t\t<meta name=\"twitter:image\" content=\"https:\/\/eldigitaldeasturias.com\/magazine365\/wp-content\/uploads\/2015\/06\/fotonoticia_20150615181325_800.jpg\" \/>\n\t\t<script type=\"application\/ld+json\" class=\"aioseo-schema\">\n\t\t\t{\"@context\":\"https:\\\/\\\/schema.org\",\"@graph\":[{\"@type\":\"Article\",\"@id\":\"https:\\\/\\\/eldigitaldeasturias.com\\\/magazine365\\\/la-temporada-de-playas-del-verano-de-2015-ha-comenzado-este-lunes-en-malaga\\\/#article\",\"name\":\"La temporada de playas del verano de 2015 ha comenzado este lunes en M\\u00e1laga | El Digital de Asturias\",\"headline\":\"La temporada de playas del verano de 2015 ha comenzado este lunes en M\\u00e1laga\",\"author\":{\"@id\":\"https:\\\/\\\/eldigitaldeasturias.com\\\/magazine365\\\/author\\\/admin\\\/#author\"},\"publisher\":{\"@id\":\"https:\\\/\\\/eldigitaldeasturias.com\\\/magazine365\\\/#organization\"},\"image\":{\"@type\":\"ImageObject\",\"url\":\"https:\\\/\\\/eldigitaldeasturias.com\\\/magazine365\\\/wp-content\\\/uploads\\\/2015\\\/06\\\/fotonoticia_20150615181325_800.jpg\",\"width\":800,\"height\":534},\"datePublished\":\"2015-06-16T01:48:37+02:00\",\"dateModified\":\"2015-06-16T01:48:37+02:00\",\"inLanguage\":\"es-ES\",\"mainEntityOfPage\":{\"@id\":\"https:\\\/\\\/eldigitaldeasturias.com\\\/magazine365\\\/la-temporada-de-playas-del-verano-de-2015-ha-comenzado-este-lunes-en-malaga\\\/#webpage\"},\"isPartOf\":{\"@id\":\"https:\\\/\\\/eldigitaldeasturias.com\\\/magazine365\\\/la-temporada-de-playas-del-verano-de-2015-ha-comenzado-este-lunes-en-malaga\\\/#webpage\"},\"articleSection\":\"Noticias y Actualidad\"},{\"@type\":\"BreadcrumbList\",\"@id\":\"https:\\\/\\\/eldigitaldeasturias.com\\\/magazine365\\\/la-temporada-de-playas-del-verano-de-2015-ha-comenzado-este-lunes-en-malaga\\\/#breadcrumblist\",\"itemListElement\":[{\"@type\":\"ListItem\",\"@id\":\"https:\\\/\\\/eldigitaldeasturias.com\\\/magazine365#listItem\",\"position\":1,\"name\":\"Home\",\"item\":\"https:\\\/\\\/eldigitaldeasturias.com\\\/magazine365\",\"nextItem\":{\"@type\":\"ListItem\",\"@id\":\"https:\\\/\\\/eldigitaldeasturias.com\\\/magazine365\\\/category\\\/noticias-actualidad\\\/#listItem\",\"name\":\"Noticias y Actualidad\"}},{\"@type\":\"ListItem\",\"@id\":\"https:\\\/\\\/eldigitaldeasturias.com\\\/magazine365\\\/category\\\/noticias-actualidad\\\/#listItem\",\"position\":2,\"name\":\"Noticias y Actualidad\",\"item\":\"https:\\\/\\\/eldigitaldeasturias.com\\\/magazine365\\\/category\\\/noticias-actualidad\\\/\",\"nextItem\":{\"@type\":\"ListItem\",\"@id\":\"https:\\\/\\\/eldigitaldeasturias.com\\\/magazine365\\\/la-temporada-de-playas-del-verano-de-2015-ha-comenzado-este-lunes-en-malaga\\\/#listItem\",\"name\":\"La temporada de playas del verano de 2015 ha comenzado este lunes en M\\u00e1laga\"},\"previousItem\":{\"@type\":\"ListItem\",\"@id\":\"https:\\\/\\\/eldigitaldeasturias.com\\\/magazine365#listItem\",\"name\":\"Home\"}},{\"@type\":\"ListItem\",\"@id\":\"https:\\\/\\\/eldigitaldeasturias.com\\\/magazine365\\\/la-temporada-de-playas-del-verano-de-2015-ha-comenzado-este-lunes-en-malaga\\\/#listItem\",\"position\":3,\"name\":\"La temporada de playas del verano de 2015 ha comenzado este lunes en M\\u00e1laga\",\"previousItem\":{\"@type\":\"ListItem\",\"@id\":\"https:\\\/\\\/eldigitaldeasturias.com\\\/magazine365\\\/category\\\/noticias-actualidad\\\/#listItem\",\"name\":\"Noticias y Actualidad\"}}]},{\"@type\":\"Organization\",\"@id\":\"https:\\\/\\\/eldigitaldeasturias.com\\\/magazine365\\\/#organization\",\"name\":\"El digital de Asturias\",\"description\":\"Revista de ocio, turismo y estilo de vida\",\"url\":\"https:\\\/\\\/eldigitaldeasturias.com\\\/magazine365\\\/\",\"logo\":{\"@type\":\"ImageObject\",\"url\":\"https:\\\/\\\/www.eldigitaldeasturias.com\\\/noticias\\\/wp-content\\\/uploads\\\/2020\\\/12\\\/EDA.jpg\",\"@id\":\"https:\\\/\\\/eldigitaldeasturias.com\\\/magazine365\\\/la-temporada-de-playas-del-verano-de-2015-ha-comenzado-este-lunes-en-malaga\\\/#organizationLogo\"},\"image\":{\"@id\":\"https:\\\/\\\/eldigitaldeasturias.com\\\/magazine365\\\/la-temporada-de-playas-del-verano-de-2015-ha-comenzado-este-lunes-en-malaga\\\/#organizationLogo\"}},{\"@type\":\"Person\",\"@id\":\"https:\\\/\\\/eldigitaldeasturias.com\\\/magazine365\\\/author\\\/admin\\\/#author\",\"url\":\"https:\\\/\\\/eldigitaldeasturias.com\\\/magazine365\\\/author\\\/admin\\\/\",\"name\":\"admin\",\"image\":{\"@type\":\"ImageObject\",\"@id\":\"https:\\\/\\\/eldigitaldeasturias.com\\\/magazine365\\\/la-temporada-de-playas-del-verano-de-2015-ha-comenzado-este-lunes-en-malaga\\\/#authorImage\",\"url\":\"https:\\\/\\\/eldigitaldeasturias.com\\\/magazine365\\\/wp-content\\\/litespeed\\\/avatar\\\/e571bcf59a0edd6fa6838245a470f2fe.jpg?ver=1776969259\",\"width\":96,\"height\":96,\"caption\":\"admin\"}},{\"@type\":\"WebPage\",\"@id\":\"https:\\\/\\\/eldigitaldeasturias.com\\\/magazine365\\\/la-temporada-de-playas-del-verano-de-2015-ha-comenzado-este-lunes-en-malaga\\\/#webpage\",\"url\":\"https:\\\/\\\/eldigitaldeasturias.com\\\/magazine365\\\/la-temporada-de-playas-del-verano-de-2015-ha-comenzado-este-lunes-en-malaga\\\/\",\"name\":\"La temporada de playas del verano de 2015 ha comenzado este lunes en M\\u00e1laga | El Digital de Asturias\",\"description\":\"La temporada de playas del verano de 2015 ha comenzado este lunes en M\\u00e1laga capital. Cerca de 200 personas cuidar\\u00e1n cada d\\u00eda del litoral malague\\u00f1o, entre operarios de limpieza, efectivos de seguridad, socorristas, personal de los barcos de recogida de residuos s\\u00f3lidos flotantes y natas, jardineros y mantenimiento del equipamiento. Adem\\u00e1s, esta temporada se inicia\",\"inLanguage\":\"es-ES\",\"isPartOf\":{\"@id\":\"https:\\\/\\\/eldigitaldeasturias.com\\\/magazine365\\\/#website\"},\"breadcrumb\":{\"@id\":\"https:\\\/\\\/eldigitaldeasturias.com\\\/magazine365\\\/la-temporada-de-playas-del-verano-de-2015-ha-comenzado-este-lunes-en-malaga\\\/#breadcrumblist\"},\"author\":{\"@id\":\"https:\\\/\\\/eldigitaldeasturias.com\\\/magazine365\\\/author\\\/admin\\\/#author\"},\"creator\":{\"@id\":\"https:\\\/\\\/eldigitaldeasturias.com\\\/magazine365\\\/author\\\/admin\\\/#author\"},\"image\":{\"@type\":\"ImageObject\",\"url\":\"https:\\\/\\\/eldigitaldeasturias.com\\\/magazine365\\\/wp-content\\\/uploads\\\/2015\\\/06\\\/fotonoticia_20150615181325_800.jpg\",\"@id\":\"https:\\\/\\\/eldigitaldeasturias.com\\\/magazine365\\\/la-temporada-de-playas-del-verano-de-2015-ha-comenzado-este-lunes-en-malaga\\\/#mainImage\",\"width\":800,\"height\":534},\"primaryImageOfPage\":{\"@id\":\"https:\\\/\\\/eldigitaldeasturias.com\\\/magazine365\\\/la-temporada-de-playas-del-verano-de-2015-ha-comenzado-este-lunes-en-malaga\\\/#mainImage\"},\"datePublished\":\"2015-06-16T01:48:37+02:00\",\"dateModified\":\"2015-06-16T01:48:37+02:00\"},{\"@type\":\"WebSite\",\"@id\":\"https:\\\/\\\/eldigitaldeasturias.com\\\/magazine365\\\/#website\",\"url\":\"https:\\\/\\\/eldigitaldeasturias.com\\\/magazine365\\\/\",\"name\":\"El Digital de Asturias\",\"description\":\"Revista de ocio, turismo y estilo de vida\",\"inLanguage\":\"es-ES\",\"publisher\":{\"@id\":\"https:\\\/\\\/eldigitaldeasturias.com\\\/magazine365\\\/#organization\"}}]}\n\t\t<\/script>\n\t\t<!-- All in One SEO Pro -->\r\n\t\t<title>La temporada de playas del verano de 2015 ha comenzado este lunes en M\u00e1laga | El Digital de Asturias<\/title>\n\n","aioseo_head_json":{"title":"La temporada de playas del verano de 2015 ha comenzado este lunes en M\u00e1laga | El Digital de Asturias","description":"La temporada de playas del verano de 2015 ha comenzado este lunes en M\u00e1laga capital. Cerca de 200 personas cuidar\u00e1n cada d\u00eda del litoral malague\u00f1o, entre operarios de limpieza, efectivos de seguridad, socorristas, personal de los barcos de recogida de residuos s\u00f3lidos flotantes y natas, jardineros y mantenimiento del equipamiento. Adem\u00e1s, esta temporada se inicia","canonical_url":"https:\/\/eldigitaldeasturias.com\/magazine365\/la-temporada-de-playas-del-verano-de-2015-ha-comenzado-este-lunes-en-malaga\/","robots":"max-image-preview:large","keywords":"noticias y actualidad","webmasterTools":{"google-site-verification":"UA-38556648-1","miscellaneous":""},"schema":{"@context":"https:\/\/schema.org","@graph":[{"@type":"Article","@id":"https:\/\/eldigitaldeasturias.com\/magazine365\/la-temporada-de-playas-del-verano-de-2015-ha-comenzado-este-lunes-en-malaga\/#article","name":"La temporada de playas del verano de 2015 ha comenzado este lunes en M\u00e1laga | El Digital de Asturias","headline":"La temporada de playas del verano de 2015 ha comenzado este lunes en M\u00e1laga","author":{"@id":"https:\/\/eldigitaldeasturias.com\/magazine365\/author\/admin\/#author"},"publisher":{"@id":"https:\/\/eldigitaldeasturias.com\/magazine365\/#organization"},"image":{"@type":"ImageObject","url":"https:\/\/eldigitaldeasturias.com\/magazine365\/wp-content\/uploads\/2015\/06\/fotonoticia_20150615181325_800.jpg","width":800,"height":534},"datePublished":"2015-06-16T01:48:37+02:00","dateModified":"2015-06-16T01:48:37+02:00","inLanguage":"es-ES","mainEntityOfPage":{"@id":"https:\/\/eldigitaldeasturias.com\/magazine365\/la-temporada-de-playas-del-verano-de-2015-ha-comenzado-este-lunes-en-malaga\/#webpage"},"isPartOf":{"@id":"https:\/\/eldigitaldeasturias.com\/magazine365\/la-temporada-de-playas-del-verano-de-2015-ha-comenzado-este-lunes-en-malaga\/#webpage"},"articleSection":"Noticias y Actualidad"},{"@type":"BreadcrumbList","@id":"https:\/\/eldigitaldeasturias.com\/magazine365\/la-temporada-de-playas-del-verano-de-2015-ha-comenzado-este-lunes-en-malaga\/#breadcrumblist","itemListElement":[{"@type":"ListItem","@id":"https:\/\/eldigitaldeasturias.com\/magazine365#listItem","position":1,"name":"Home","item":"https:\/\/eldigitaldeasturias.com\/magazine365","nextItem":{"@type":"ListItem","@id":"https:\/\/eldigitaldeasturias.com\/magazine365\/category\/noticias-actualidad\/#listItem","name":"Noticias y Actualidad"}},{"@type":"ListItem","@id":"https:\/\/eldigitaldeasturias.com\/magazine365\/category\/noticias-actualidad\/#listItem","position":2,"name":"Noticias y Actualidad","item":"https:\/\/eldigitaldeasturias.com\/magazine365\/category\/noticias-actualidad\/","nextItem":{"@type":"ListItem","@id":"https:\/\/eldigitaldeasturias.com\/magazine365\/la-temporada-de-playas-del-verano-de-2015-ha-comenzado-este-lunes-en-malaga\/#listItem","name":"La temporada de playas del verano de 2015 ha comenzado este lunes en M\u00e1laga"},"previousItem":{"@type":"ListItem","@id":"https:\/\/eldigitaldeasturias.com\/magazine365#listItem","name":"Home"}},{"@type":"ListItem","@id":"https:\/\/eldigitaldeasturias.com\/magazine365\/la-temporada-de-playas-del-verano-de-2015-ha-comenzado-este-lunes-en-malaga\/#listItem","position":3,"name":"La temporada de playas del verano de 2015 ha comenzado este lunes en M\u00e1laga","previousItem":{"@type":"ListItem","@id":"https:\/\/eldigitaldeasturias.com\/magazine365\/category\/noticias-actualidad\/#listItem","name":"Noticias y Actualidad"}}]},{"@type":"Organization","@id":"https:\/\/eldigitaldeasturias.com\/magazine365\/#organization","name":"El digital de Asturias","description":"Revista de ocio, turismo y estilo de vida","url":"https:\/\/eldigitaldeasturias.com\/magazine365\/","logo":{"@type":"ImageObject","url":"https:\/\/www.eldigitaldeasturias.com\/noticias\/wp-content\/uploads\/2020\/12\/EDA.jpg","@id":"https:\/\/eldigitaldeasturias.com\/magazine365\/la-temporada-de-playas-del-verano-de-2015-ha-comenzado-este-lunes-en-malaga\/#organizationLogo"},"image":{"@id":"https:\/\/eldigitaldeasturias.com\/magazine365\/la-temporada-de-playas-del-verano-de-2015-ha-comenzado-este-lunes-en-malaga\/#organizationLogo"}},{"@type":"Person","@id":"https:\/\/eldigitaldeasturias.com\/magazine365\/author\/admin\/#author","url":"https:\/\/eldigitaldeasturias.com\/magazine365\/author\/admin\/","name":"admin","image":{"@type":"ImageObject","@id":"https:\/\/eldigitaldeasturias.com\/magazine365\/la-temporada-de-playas-del-verano-de-2015-ha-comenzado-este-lunes-en-malaga\/#authorImage","url":"https:\/\/eldigitaldeasturias.com\/magazine365\/wp-content\/litespeed\/avatar\/e571bcf59a0edd6fa6838245a470f2fe.jpg?ver=1776969259","width":96,"height":96,"caption":"admin"}},{"@type":"WebPage","@id":"https:\/\/eldigitaldeasturias.com\/magazine365\/la-temporada-de-playas-del-verano-de-2015-ha-comenzado-este-lunes-en-malaga\/#webpage","url":"https:\/\/eldigitaldeasturias.com\/magazine365\/la-temporada-de-playas-del-verano-de-2015-ha-comenzado-este-lunes-en-malaga\/","name":"La temporada de playas del verano de 2015 ha comenzado este lunes en M\u00e1laga | El Digital de Asturias","description":"La temporada de playas del verano de 2015 ha comenzado este lunes en M\u00e1laga capital. Cerca de 200 personas cuidar\u00e1n cada d\u00eda del litoral malague\u00f1o, entre operarios de limpieza, efectivos de seguridad, socorristas, personal de los barcos de recogida de residuos s\u00f3lidos flotantes y natas, jardineros y mantenimiento del equipamiento. Adem\u00e1s, esta temporada se inicia","inLanguage":"es-ES","isPartOf":{"@id":"https:\/\/eldigitaldeasturias.com\/magazine365\/#website"},"breadcrumb":{"@id":"https:\/\/eldigitaldeasturias.com\/magazine365\/la-temporada-de-playas-del-verano-de-2015-ha-comenzado-este-lunes-en-malaga\/#breadcrumblist"},"author":{"@id":"https:\/\/eldigitaldeasturias.com\/magazine365\/author\/admin\/#author"},"creator":{"@id":"https:\/\/eldigitaldeasturias.com\/magazine365\/author\/admin\/#author"},"image":{"@type":"ImageObject","url":"https:\/\/eldigitaldeasturias.com\/magazine365\/wp-content\/uploads\/2015\/06\/fotonoticia_20150615181325_800.jpg","@id":"https:\/\/eldigitaldeasturias.com\/magazine365\/la-temporada-de-playas-del-verano-de-2015-ha-comenzado-este-lunes-en-malaga\/#mainImage","width":800,"height":534},"primaryImageOfPage":{"@id":"https:\/\/eldigitaldeasturias.com\/magazine365\/la-temporada-de-playas-del-verano-de-2015-ha-comenzado-este-lunes-en-malaga\/#mainImage"},"datePublished":"2015-06-16T01:48:37+02:00","dateModified":"2015-06-16T01:48:37+02:00"},{"@type":"WebSite","@id":"https:\/\/eldigitaldeasturias.com\/magazine365\/#website","url":"https:\/\/eldigitaldeasturias.com\/magazine365\/","name":"El Digital de Asturias","description":"Revista de ocio, turismo y estilo de vida","inLanguage":"es-ES","publisher":{"@id":"https:\/\/eldigitaldeasturias.com\/magazine365\/#organization"}}]},"og:locale":"es_ES","og:site_name":"El Digital de Asturias \u2013 Revista de ocio, turismo y estilo de vida","og:type":"article","og:title":"La temporada de playas del verano de 2015 ha comenzado este lunes en M\u00e1laga | El Digital de Asturias","og:description":"La temporada de playas del verano de 2015 ha comenzado este lunes en M\u00e1laga capital. Cerca de 200 personas cuidar\u00e1n cada d\u00eda del litoral malague\u00f1o, entre operarios de limpieza, efectivos de seguridad, socorristas, personal de los barcos de recogida de residuos s\u00f3lidos flotantes y natas, jardineros y mantenimiento del equipamiento. Adem\u00e1s, esta temporada se inicia","og:url":"https:\/\/eldigitaldeasturias.com\/magazine365\/la-temporada-de-playas-del-verano-de-2015-ha-comenzado-este-lunes-en-malaga\/","og:image":"https:\/\/eldigitaldeasturias.com\/magazine365\/wp-content\/uploads\/2015\/06\/fotonoticia_20150615181325_800.jpg","og:image:secure_url":"https:\/\/eldigitaldeasturias.com\/magazine365\/wp-content\/uploads\/2015\/06\/fotonoticia_20150615181325_800.jpg","og:image:width":800,"og:image:height":534,"article:published_time":"2015-06-16T00:18:37+00:00","article:modified_time":"2015-06-16T00:18:37+00:00","twitter:card":"summary_large_image","twitter:title":"La temporada de playas del verano de 2015 ha comenzado este lunes en M\u00e1laga | El Digital de Asturias","twitter:description":"La temporada de playas del verano de 2015 ha comenzado este lunes en M\u00e1laga capital. Cerca de 200 personas cuidar\u00e1n cada d\u00eda del litoral malague\u00f1o, entre operarios de limpieza, efectivos de seguridad, socorristas, personal de los barcos de recogida de residuos s\u00f3lidos flotantes y natas, jardineros y mantenimiento del equipamiento. Adem\u00e1s, esta temporada se inicia","twitter:image":"https:\/\/eldigitaldeasturias.com\/magazine365\/wp-content\/uploads\/2015\/06\/fotonoticia_20150615181325_800.jpg"},"aioseo_meta_data":{"post_id":"39958","title":null,"description":null,"keywords":null,"keyphrases":null,"primary_term":null,"canonical_url":null,"og_title":null,"og_description":null,"og_object_type":"default","og_image_type":"default","og_image_url":null,"og_image_width":null,"og_image_height":null,"og_image_custom_url":null,"og_image_custom_fields":null,"og_video":null,"og_custom_url":null,"og_article_section":null,"og_article_tags":null,"twitter_use_og":false,"twitter_card":"default","twitter_image_type":"default","twitter_image_url":null,"twitter_image_custom_url":null,"twitter_image_custom_fields":null,"twitter_title":null,"twitter_description":null,"schema":{"blockGraphs":[],"customGraphs":[],"default":{"data":{"Article":[],"Course":[],"Dataset":[],"FAQPage":[],"Movie":[],"Person":[],"Product":[],"ProductReview":[],"Car":[],"Recipe":[],"Service":[],"SoftwareApplication":[],"WebPage":[]},"graphName":"","isEnabled":true},"graphs":[]},"schema_type":null,"schema_type_options":null,"pillar_content":false,"robots_default":true,"robots_noindex":false,"robots_noarchive":false,"robots_nosnippet":false,"robots_nofollow":false,"robots_noimageindex":false,"robots_noodp":false,"robots_notranslate":false,"robots_max_snippet":null,"robots_max_videopreview":null,"robots_max_imagepreview":"large","priority":null,"frequency":null,"location":null,"local_seo":null,"seo_analyzer_scan_date":"2025-09-19 12:40:18","breadcrumb_settings":null,"limit_modified_date":false,"open_ai":null,"ai":null,"created":"2021-03-09 02:34:41","updated":"2025-09-19 12:40:18"},"aioseo_breadcrumb":"<div class=\"aioseo-breadcrumbs\"><span class=\"aioseo-breadcrumb\">\n\t<a href=\"https:\/\/eldigitaldeasturias.com\/magazine365\" title=\"Home\">Home<\/a>\n<\/span><span class=\"aioseo-breadcrumb-separator\">\u2013<\/span><span class=\"aioseo-breadcrumb\">\n\t<a href=\"https:\/\/eldigitaldeasturias.com\/magazine365\/category\/noticias-actualidad\/\" title=\"Noticias y Actualidad\">Noticias y Actualidad<\/a>\n<\/span><span class=\"aioseo-breadcrumb-separator\">\u2013<\/span><span class=\"aioseo-breadcrumb\">\n\t<a href=\"https:\/\/eldigitaldeasturias.com\/magazine365\/la-temporada-de-playas-del-verano-de-2015-ha-comenzado-este-lunes-en-malaga\/\" title=\"La temporada de playas del verano de 2015 ha comenzado este lunes en M\u00e1laga\">La temporada de playas del verano de 2015 ha comenzado este lunes en M\u00e1laga<\/a>\n<\/span><\/div>","aioseo_breadcrumb_json":[{"label":"Home","link":"https:\/\/eldigitaldeasturias.com\/magazine365"},{"label":"Noticias y Actualidad","link":"https:\/\/eldigitaldeasturias.com\/magazine365\/category\/noticias-actualidad\/"},{"label":"La temporada de playas del verano de 2015 ha comenzado este lunes en M\u00e1laga","link":"https:\/\/eldigitaldeasturias.com\/magazine365\/la-temporada-de-playas-del-verano-de-2015-ha-comenzado-este-lunes-en-malaga\/"}],"_links":{"self":[{"href":"https:\/\/eldigitaldeasturias.com\/magazine365\/wp-json\/wp\/v2\/posts\/39958","targetHints":{"allow":["GET"]}}],"collection":[{"href":"https:\/\/eldigitaldeasturias.com\/magazine365\/wp-json\/wp\/v2\/posts"}],"about":[{"href":"https:\/\/eldigitaldeasturias.com\/magazine365\/wp-json\/wp\/v2\/types\/post"}],"author":[{"embeddable":true,"href":"https:\/\/eldigitaldeasturias.com\/magazine365\/wp-json\/wp\/v2\/users\/1"}],"replies":[{"embeddable":true,"href":"https:\/\/eldigitaldeasturias.com\/magazine365\/wp-json\/wp\/v2\/comments?post=39958"}],"version-history":[{"count":0,"href":"https:\/\/eldigitaldeasturias.com\/magazine365\/wp-json\/wp\/v2\/posts\/39958\/revisions"}],"wp:featuredmedia":[{"embeddable":true,"href":"https:\/\/eldigitaldeasturias.com\/magazine365\/wp-json\/wp\/v2\/media\/39959"}],"wp:attachment":[{"href":"https:\/\/eldigitaldeasturias.com\/magazine365\/wp-json\/wp\/v2\/media?parent=39958"}],"wp:term":[{"taxonomy":"category","embeddable":true,"href":"https:\/\/eldigitaldeasturias.com\/magazine365\/wp-json\/wp\/v2\/categories?post=39958"},{"taxonomy":"post_tag","embeddable":true,"href":"https:\/\/eldigitaldeasturias.com\/magazine365\/wp-json\/wp\/v2\/tags?post=39958"}],"curies":[{"name":"wp","href":"https:\/\/api.w.org\/{rel}","templated":true}]}}