{"id":39952,"date":"2015-06-16T01:43:55","date_gmt":"2015-06-16T00:13:55","guid":{"rendered":"http:\/\/eldigitaldeasturias.com\/magazine365\/?p=39952"},"modified":"2015-06-16T01:43:55","modified_gmt":"2015-06-16T00:13:55","slug":"el-aeropuerto-de-gran-canaria-traslada-la-llegada-de-pasajeros-nacionales-a-la-nueva-ampliacion","status":"publish","type":"post","link":"https:\/\/eldigitaldeasturias.com\/magazine365\/el-aeropuerto-de-gran-canaria-traslada-la-llegada-de-pasajeros-nacionales-a-la-nueva-ampliacion\/","title":{"rendered":"El aeropuerto de Gran Canaria traslada la llegada de pasajeros nacionales a la nueva ampliaci\u00f3n"},"content":{"rendered":"<p><img fetchpriority=\"high\" decoding=\"async\" class=\"alignleft size-medium wp-image-39953\" src=\"https:\/\/eldigitaldeasturias.com\/magazine365\/wp-content\/uploads\/2015\/06\/fotonoticia_20150615175731_800-360x214.jpg\" alt=\"fotonoticia_20150615175731_800\" width=\"360\" height=\"214\" srcset=\"https:\/\/eldigitaldeasturias.com\/magazine365\/wp-content\/uploads\/2015\/06\/fotonoticia_20150615175731_800-360x214.jpg 360w, https:\/\/eldigitaldeasturias.com\/magazine365\/wp-content\/uploads\/2015\/06\/fotonoticia_20150615175731_800-650x387.jpg 650w, https:\/\/eldigitaldeasturias.com\/magazine365\/wp-content\/uploads\/2015\/06\/fotonoticia_20150615175731_800-768x457.jpg 768w, https:\/\/eldigitaldeasturias.com\/magazine365\/wp-content\/uploads\/2015\/06\/fotonoticia_20150615175731_800-150x89.jpg 150w, https:\/\/eldigitaldeasturias.com\/magazine365\/wp-content\/uploads\/2015\/06\/fotonoticia_20150615175731_800-450x268.jpg 450w, https:\/\/eldigitaldeasturias.com\/magazine365\/wp-content\/uploads\/2015\/06\/fotonoticia_20150615175731_800-696x414.jpg 696w, https:\/\/eldigitaldeasturias.com\/magazine365\/wp-content\/uploads\/2015\/06\/fotonoticia_20150615175731_800-706x420.jpg 706w, https:\/\/eldigitaldeasturias.com\/magazine365\/wp-content\/uploads\/2015\/06\/fotonoticia_20150615175731_800.jpg 800w\" sizes=\"(max-width: 360px) 100vw, 360px\" \/>El aeropuerto de Gran Canaria traslada desde este martes la llegada de pasajeros de destinos nacionales a la nueva zona ampliada, donde compartir\u00e1n espacio con la llegada de vuelos insulares, ha explicado Aena a trav\u00e9s de un comunicado.<\/p>\n<p>De esta forma, El Aeropuerto de Gran Canaria unifica en la Sala 1 las llegadas de pasajeros peninsulares e interinsulares y centra en la Sala 2 las de vuelos internacionales.<\/p>\n<p>\u00abDe esta manera, no solo se facilitan las conexiones de estos pasajeros con el resto de las islas, sino tambi\u00e9n el acceso a los servicios de transporte p\u00fablico y al aparcamiento principal (P1)\u00bb, ha explicado el gestor aeroportuario.<\/p>\n<p>Adem\u00e1s, Aena ha explicado que los pasajeros que salen desde Gran Canaria no sufrir\u00e1n cambios, pues se mantiene la asignaci\u00f3n de salas de facturaci\u00f3n as\u00ed como los accesos de seguridad. Sin embargo, una vez pasado el control, el peso de las operaciones de embarque nacionales se centrar\u00e1 en la zona norte del edificio de la Terminal.<\/p>\n","protected":false},"excerpt":{"rendered":"<p>El aeropuerto de Gran Canaria traslada desde este martes la llegada de pasajeros de destinos nacionales a la nueva zona ampliada, donde compartir\u00e1n espacio con la llegada de vuelos insulares, ha explicado Aena a trav\u00e9s de un comunicado. De esta forma, El Aeropuerto de Gran Canaria unifica en la Sala 1 las llegadas de pasajeros<\/p>\n","protected":false},"author":1,"featured_media":39953,"comment_status":"open","ping_status":"closed","sticky":false,"template":"","format":"standard","meta":{"footnotes":""},"categories":[224],"tags":[],"class_list":{"0":"post-39952","1":"post","2":"type-post","3":"status-publish","4":"format-standard","5":"has-post-thumbnail","7":"category-noticias-actualidad"},"aioseo_notices":[],"aioseo_head":"\n\t\t<!-- All in One SEO Pro 4.9.6.1 - aioseo.com -->\n\t<meta name=\"description\" content=\"El aeropuerto de Gran Canaria traslada desde este martes la llegada de pasajeros de destinos nacionales a la nueva zona ampliada, donde compartir\u00e1n espacio con la llegada de vuelos insulares, ha explicado Aena a trav\u00e9s de un comunicado. De esta forma, El Aeropuerto de Gran Canaria unifica en la Sala 1 las llegadas de pasajeros\" \/>\n\t<meta name=\"robots\" content=\"max-image-preview:large\" \/>\n\t<meta name=\"author\" content=\"admin\"\/>\n\t<meta name=\"google-site-verification\" content=\"UA-38556648-1\" \/>\n\t<meta name=\"keywords\" content=\"noticias y actualidad\" \/>\n\t<link rel=\"canonical\" href=\"https:\/\/eldigitaldeasturias.com\/magazine365\/el-aeropuerto-de-gran-canaria-traslada-la-llegada-de-pasajeros-nacionales-a-la-nueva-ampliacion\/\" \/>\n\t<meta name=\"generator\" content=\"All in One SEO Pro (AIOSEO) 4.9.6.1\" \/>\n\t\t<meta property=\"og:locale\" content=\"es_ES\" \/>\n\t\t<meta property=\"og:site_name\" content=\"El Digital de Asturias \u2013 Revista de ocio, turismo y estilo de vida\" \/>\n\t\t<meta property=\"og:type\" content=\"article\" \/>\n\t\t<meta property=\"og:title\" content=\"El aeropuerto de Gran Canaria traslada la llegada de pasajeros nacionales a la nueva ampliaci\u00f3n | El Digital de Asturias\" \/>\n\t\t<meta property=\"og:description\" content=\"El aeropuerto de Gran Canaria traslada desde este martes la llegada de pasajeros de destinos nacionales a la nueva zona ampliada, donde compartir\u00e1n espacio con la llegada de vuelos insulares, ha explicado Aena a trav\u00e9s de un comunicado. De esta forma, El Aeropuerto de Gran Canaria unifica en la Sala 1 las llegadas de pasajeros\" \/>\n\t\t<meta property=\"og:url\" content=\"https:\/\/eldigitaldeasturias.com\/magazine365\/el-aeropuerto-de-gran-canaria-traslada-la-llegada-de-pasajeros-nacionales-a-la-nueva-ampliacion\/\" \/>\n\t\t<meta property=\"og:image\" content=\"https:\/\/eldigitaldeasturias.com\/magazine365\/wp-content\/uploads\/2015\/06\/fotonoticia_20150615175731_800.jpg\" \/>\n\t\t<meta property=\"og:image:secure_url\" content=\"https:\/\/eldigitaldeasturias.com\/magazine365\/wp-content\/uploads\/2015\/06\/fotonoticia_20150615175731_800.jpg\" \/>\n\t\t<meta property=\"og:image:width\" content=\"800\" \/>\n\t\t<meta property=\"og:image:height\" content=\"476\" \/>\n\t\t<meta property=\"article:published_time\" content=\"2015-06-16T00:13:55+00:00\" \/>\n\t\t<meta property=\"article:modified_time\" content=\"2015-06-16T00:13:55+00:00\" \/>\n\t\t<meta name=\"twitter:card\" content=\"summary_large_image\" \/>\n\t\t<meta name=\"twitter:title\" content=\"El aeropuerto de Gran Canaria traslada la llegada de pasajeros nacionales a la nueva ampliaci\u00f3n | El Digital de Asturias\" \/>\n\t\t<meta name=\"twitter:description\" content=\"El aeropuerto de Gran Canaria traslada desde este martes la llegada de pasajeros de destinos nacionales a la nueva zona ampliada, donde compartir\u00e1n espacio con la llegada de vuelos insulares, ha explicado Aena a trav\u00e9s de un comunicado. De esta forma, El Aeropuerto de Gran Canaria unifica en la Sala 1 las llegadas de pasajeros\" \/>\n\t\t<meta name=\"twitter:image\" content=\"https:\/\/eldigitaldeasturias.com\/magazine365\/wp-content\/uploads\/2015\/06\/fotonoticia_20150615175731_800.jpg\" \/>\n\t\t<script type=\"application\/ld+json\" class=\"aioseo-schema\">\n\t\t\t{\"@context\":\"https:\\\/\\\/schema.org\",\"@graph\":[{\"@type\":\"Article\",\"@id\":\"https:\\\/\\\/eldigitaldeasturias.com\\\/magazine365\\\/el-aeropuerto-de-gran-canaria-traslada-la-llegada-de-pasajeros-nacionales-a-la-nueva-ampliacion\\\/#article\",\"name\":\"El aeropuerto de Gran Canaria traslada la llegada de pasajeros nacionales a la nueva ampliaci\\u00f3n | El Digital de Asturias\",\"headline\":\"El aeropuerto de Gran Canaria traslada la llegada de pasajeros nacionales a la nueva ampliaci\\u00f3n\",\"author\":{\"@id\":\"https:\\\/\\\/eldigitaldeasturias.com\\\/magazine365\\\/author\\\/admin\\\/#author\"},\"publisher\":{\"@id\":\"https:\\\/\\\/eldigitaldeasturias.com\\\/magazine365\\\/#organization\"},\"image\":{\"@type\":\"ImageObject\",\"url\":\"https:\\\/\\\/eldigitaldeasturias.com\\\/magazine365\\\/wp-content\\\/uploads\\\/2015\\\/06\\\/fotonoticia_20150615175731_800.jpg\",\"width\":800,\"height\":476},\"datePublished\":\"2015-06-16T01:43:55+02:00\",\"dateModified\":\"2015-06-16T01:43:55+02:00\",\"inLanguage\":\"es-ES\",\"mainEntityOfPage\":{\"@id\":\"https:\\\/\\\/eldigitaldeasturias.com\\\/magazine365\\\/el-aeropuerto-de-gran-canaria-traslada-la-llegada-de-pasajeros-nacionales-a-la-nueva-ampliacion\\\/#webpage\"},\"isPartOf\":{\"@id\":\"https:\\\/\\\/eldigitaldeasturias.com\\\/magazine365\\\/el-aeropuerto-de-gran-canaria-traslada-la-llegada-de-pasajeros-nacionales-a-la-nueva-ampliacion\\\/#webpage\"},\"articleSection\":\"Noticias y Actualidad\"},{\"@type\":\"BreadcrumbList\",\"@id\":\"https:\\\/\\\/eldigitaldeasturias.com\\\/magazine365\\\/el-aeropuerto-de-gran-canaria-traslada-la-llegada-de-pasajeros-nacionales-a-la-nueva-ampliacion\\\/#breadcrumblist\",\"itemListElement\":[{\"@type\":\"ListItem\",\"@id\":\"https:\\\/\\\/eldigitaldeasturias.com\\\/magazine365#listItem\",\"position\":1,\"name\":\"Home\",\"item\":\"https:\\\/\\\/eldigitaldeasturias.com\\\/magazine365\",\"nextItem\":{\"@type\":\"ListItem\",\"@id\":\"https:\\\/\\\/eldigitaldeasturias.com\\\/magazine365\\\/category\\\/noticias-actualidad\\\/#listItem\",\"name\":\"Noticias y Actualidad\"}},{\"@type\":\"ListItem\",\"@id\":\"https:\\\/\\\/eldigitaldeasturias.com\\\/magazine365\\\/category\\\/noticias-actualidad\\\/#listItem\",\"position\":2,\"name\":\"Noticias y Actualidad\",\"item\":\"https:\\\/\\\/eldigitaldeasturias.com\\\/magazine365\\\/category\\\/noticias-actualidad\\\/\",\"nextItem\":{\"@type\":\"ListItem\",\"@id\":\"https:\\\/\\\/eldigitaldeasturias.com\\\/magazine365\\\/el-aeropuerto-de-gran-canaria-traslada-la-llegada-de-pasajeros-nacionales-a-la-nueva-ampliacion\\\/#listItem\",\"name\":\"El aeropuerto de Gran Canaria traslada la llegada de pasajeros nacionales a la nueva ampliaci\\u00f3n\"},\"previousItem\":{\"@type\":\"ListItem\",\"@id\":\"https:\\\/\\\/eldigitaldeasturias.com\\\/magazine365#listItem\",\"name\":\"Home\"}},{\"@type\":\"ListItem\",\"@id\":\"https:\\\/\\\/eldigitaldeasturias.com\\\/magazine365\\\/el-aeropuerto-de-gran-canaria-traslada-la-llegada-de-pasajeros-nacionales-a-la-nueva-ampliacion\\\/#listItem\",\"position\":3,\"name\":\"El aeropuerto de Gran Canaria traslada la llegada de pasajeros nacionales a la nueva ampliaci\\u00f3n\",\"previousItem\":{\"@type\":\"ListItem\",\"@id\":\"https:\\\/\\\/eldigitaldeasturias.com\\\/magazine365\\\/category\\\/noticias-actualidad\\\/#listItem\",\"name\":\"Noticias y Actualidad\"}}]},{\"@type\":\"Organization\",\"@id\":\"https:\\\/\\\/eldigitaldeasturias.com\\\/magazine365\\\/#organization\",\"name\":\"El digital de Asturias\",\"description\":\"Revista de ocio, turismo y estilo de vida\",\"url\":\"https:\\\/\\\/eldigitaldeasturias.com\\\/magazine365\\\/\",\"logo\":{\"@type\":\"ImageObject\",\"url\":\"https:\\\/\\\/www.eldigitaldeasturias.com\\\/noticias\\\/wp-content\\\/uploads\\\/2020\\\/12\\\/EDA.jpg\",\"@id\":\"https:\\\/\\\/eldigitaldeasturias.com\\\/magazine365\\\/el-aeropuerto-de-gran-canaria-traslada-la-llegada-de-pasajeros-nacionales-a-la-nueva-ampliacion\\\/#organizationLogo\"},\"image\":{\"@id\":\"https:\\\/\\\/eldigitaldeasturias.com\\\/magazine365\\\/el-aeropuerto-de-gran-canaria-traslada-la-llegada-de-pasajeros-nacionales-a-la-nueva-ampliacion\\\/#organizationLogo\"}},{\"@type\":\"Person\",\"@id\":\"https:\\\/\\\/eldigitaldeasturias.com\\\/magazine365\\\/author\\\/admin\\\/#author\",\"url\":\"https:\\\/\\\/eldigitaldeasturias.com\\\/magazine365\\\/author\\\/admin\\\/\",\"name\":\"admin\",\"image\":{\"@type\":\"ImageObject\",\"@id\":\"https:\\\/\\\/eldigitaldeasturias.com\\\/magazine365\\\/el-aeropuerto-de-gran-canaria-traslada-la-llegada-de-pasajeros-nacionales-a-la-nueva-ampliacion\\\/#authorImage\",\"url\":\"https:\\\/\\\/eldigitaldeasturias.com\\\/magazine365\\\/wp-content\\\/litespeed\\\/avatar\\\/e571bcf59a0edd6fa6838245a470f2fe.jpg?ver=1776969259\",\"width\":96,\"height\":96,\"caption\":\"admin\"}},{\"@type\":\"WebPage\",\"@id\":\"https:\\\/\\\/eldigitaldeasturias.com\\\/magazine365\\\/el-aeropuerto-de-gran-canaria-traslada-la-llegada-de-pasajeros-nacionales-a-la-nueva-ampliacion\\\/#webpage\",\"url\":\"https:\\\/\\\/eldigitaldeasturias.com\\\/magazine365\\\/el-aeropuerto-de-gran-canaria-traslada-la-llegada-de-pasajeros-nacionales-a-la-nueva-ampliacion\\\/\",\"name\":\"El aeropuerto de Gran Canaria traslada la llegada de pasajeros nacionales a la nueva ampliaci\\u00f3n | El Digital de Asturias\",\"description\":\"El aeropuerto de Gran Canaria traslada desde este martes la llegada de pasajeros de destinos nacionales a la nueva zona ampliada, donde compartir\\u00e1n espacio con la llegada de vuelos insulares, ha explicado Aena a trav\\u00e9s de un comunicado. De esta forma, El Aeropuerto de Gran Canaria unifica en la Sala 1 las llegadas de pasajeros\",\"inLanguage\":\"es-ES\",\"isPartOf\":{\"@id\":\"https:\\\/\\\/eldigitaldeasturias.com\\\/magazine365\\\/#website\"},\"breadcrumb\":{\"@id\":\"https:\\\/\\\/eldigitaldeasturias.com\\\/magazine365\\\/el-aeropuerto-de-gran-canaria-traslada-la-llegada-de-pasajeros-nacionales-a-la-nueva-ampliacion\\\/#breadcrumblist\"},\"author\":{\"@id\":\"https:\\\/\\\/eldigitaldeasturias.com\\\/magazine365\\\/author\\\/admin\\\/#author\"},\"creator\":{\"@id\":\"https:\\\/\\\/eldigitaldeasturias.com\\\/magazine365\\\/author\\\/admin\\\/#author\"},\"image\":{\"@type\":\"ImageObject\",\"url\":\"https:\\\/\\\/eldigitaldeasturias.com\\\/magazine365\\\/wp-content\\\/uploads\\\/2015\\\/06\\\/fotonoticia_20150615175731_800.jpg\",\"@id\":\"https:\\\/\\\/eldigitaldeasturias.com\\\/magazine365\\\/el-aeropuerto-de-gran-canaria-traslada-la-llegada-de-pasajeros-nacionales-a-la-nueva-ampliacion\\\/#mainImage\",\"width\":800,\"height\":476},\"primaryImageOfPage\":{\"@id\":\"https:\\\/\\\/eldigitaldeasturias.com\\\/magazine365\\\/el-aeropuerto-de-gran-canaria-traslada-la-llegada-de-pasajeros-nacionales-a-la-nueva-ampliacion\\\/#mainImage\"},\"datePublished\":\"2015-06-16T01:43:55+02:00\",\"dateModified\":\"2015-06-16T01:43:55+02:00\"},{\"@type\":\"WebSite\",\"@id\":\"https:\\\/\\\/eldigitaldeasturias.com\\\/magazine365\\\/#website\",\"url\":\"https:\\\/\\\/eldigitaldeasturias.com\\\/magazine365\\\/\",\"name\":\"El Digital de Asturias\",\"description\":\"Revista de ocio, turismo y estilo de vida\",\"inLanguage\":\"es-ES\",\"publisher\":{\"@id\":\"https:\\\/\\\/eldigitaldeasturias.com\\\/magazine365\\\/#organization\"}}]}\n\t\t<\/script>\n\t\t<!-- All in One SEO Pro -->\r\n\t\t<title>El aeropuerto de Gran Canaria traslada la llegada de pasajeros nacionales a la nueva ampliaci\u00f3n | El Digital de Asturias<\/title>\n\n","aioseo_head_json":{"title":"El aeropuerto de Gran Canaria traslada la llegada de pasajeros nacionales a la nueva ampliaci\u00f3n | El Digital de Asturias","description":"El aeropuerto de Gran Canaria traslada desde este martes la llegada de pasajeros de destinos nacionales a la nueva zona ampliada, donde compartir\u00e1n espacio con la llegada de vuelos insulares, ha explicado Aena a trav\u00e9s de un comunicado. De esta forma, El Aeropuerto de Gran Canaria unifica en la Sala 1 las llegadas de pasajeros","canonical_url":"https:\/\/eldigitaldeasturias.com\/magazine365\/el-aeropuerto-de-gran-canaria-traslada-la-llegada-de-pasajeros-nacionales-a-la-nueva-ampliacion\/","robots":"max-image-preview:large","keywords":"noticias y actualidad","webmasterTools":{"google-site-verification":"UA-38556648-1","miscellaneous":""},"schema":{"@context":"https:\/\/schema.org","@graph":[{"@type":"Article","@id":"https:\/\/eldigitaldeasturias.com\/magazine365\/el-aeropuerto-de-gran-canaria-traslada-la-llegada-de-pasajeros-nacionales-a-la-nueva-ampliacion\/#article","name":"El aeropuerto de Gran Canaria traslada la llegada de pasajeros nacionales a la nueva ampliaci\u00f3n | El Digital de Asturias","headline":"El aeropuerto de Gran Canaria traslada la llegada de pasajeros nacionales a la nueva ampliaci\u00f3n","author":{"@id":"https:\/\/eldigitaldeasturias.com\/magazine365\/author\/admin\/#author"},"publisher":{"@id":"https:\/\/eldigitaldeasturias.com\/magazine365\/#organization"},"image":{"@type":"ImageObject","url":"https:\/\/eldigitaldeasturias.com\/magazine365\/wp-content\/uploads\/2015\/06\/fotonoticia_20150615175731_800.jpg","width":800,"height":476},"datePublished":"2015-06-16T01:43:55+02:00","dateModified":"2015-06-16T01:43:55+02:00","inLanguage":"es-ES","mainEntityOfPage":{"@id":"https:\/\/eldigitaldeasturias.com\/magazine365\/el-aeropuerto-de-gran-canaria-traslada-la-llegada-de-pasajeros-nacionales-a-la-nueva-ampliacion\/#webpage"},"isPartOf":{"@id":"https:\/\/eldigitaldeasturias.com\/magazine365\/el-aeropuerto-de-gran-canaria-traslada-la-llegada-de-pasajeros-nacionales-a-la-nueva-ampliacion\/#webpage"},"articleSection":"Noticias y Actualidad"},{"@type":"BreadcrumbList","@id":"https:\/\/eldigitaldeasturias.com\/magazine365\/el-aeropuerto-de-gran-canaria-traslada-la-llegada-de-pasajeros-nacionales-a-la-nueva-ampliacion\/#breadcrumblist","itemListElement":[{"@type":"ListItem","@id":"https:\/\/eldigitaldeasturias.com\/magazine365#listItem","position":1,"name":"Home","item":"https:\/\/eldigitaldeasturias.com\/magazine365","nextItem":{"@type":"ListItem","@id":"https:\/\/eldigitaldeasturias.com\/magazine365\/category\/noticias-actualidad\/#listItem","name":"Noticias y Actualidad"}},{"@type":"ListItem","@id":"https:\/\/eldigitaldeasturias.com\/magazine365\/category\/noticias-actualidad\/#listItem","position":2,"name":"Noticias y Actualidad","item":"https:\/\/eldigitaldeasturias.com\/magazine365\/category\/noticias-actualidad\/","nextItem":{"@type":"ListItem","@id":"https:\/\/eldigitaldeasturias.com\/magazine365\/el-aeropuerto-de-gran-canaria-traslada-la-llegada-de-pasajeros-nacionales-a-la-nueva-ampliacion\/#listItem","name":"El aeropuerto de Gran Canaria traslada la llegada de pasajeros nacionales a la nueva ampliaci\u00f3n"},"previousItem":{"@type":"ListItem","@id":"https:\/\/eldigitaldeasturias.com\/magazine365#listItem","name":"Home"}},{"@type":"ListItem","@id":"https:\/\/eldigitaldeasturias.com\/magazine365\/el-aeropuerto-de-gran-canaria-traslada-la-llegada-de-pasajeros-nacionales-a-la-nueva-ampliacion\/#listItem","position":3,"name":"El aeropuerto de Gran Canaria traslada la llegada de pasajeros nacionales a la nueva ampliaci\u00f3n","previousItem":{"@type":"ListItem","@id":"https:\/\/eldigitaldeasturias.com\/magazine365\/category\/noticias-actualidad\/#listItem","name":"Noticias y Actualidad"}}]},{"@type":"Organization","@id":"https:\/\/eldigitaldeasturias.com\/magazine365\/#organization","name":"El digital de Asturias","description":"Revista de ocio, turismo y estilo de vida","url":"https:\/\/eldigitaldeasturias.com\/magazine365\/","logo":{"@type":"ImageObject","url":"https:\/\/www.eldigitaldeasturias.com\/noticias\/wp-content\/uploads\/2020\/12\/EDA.jpg","@id":"https:\/\/eldigitaldeasturias.com\/magazine365\/el-aeropuerto-de-gran-canaria-traslada-la-llegada-de-pasajeros-nacionales-a-la-nueva-ampliacion\/#organizationLogo"},"image":{"@id":"https:\/\/eldigitaldeasturias.com\/magazine365\/el-aeropuerto-de-gran-canaria-traslada-la-llegada-de-pasajeros-nacionales-a-la-nueva-ampliacion\/#organizationLogo"}},{"@type":"Person","@id":"https:\/\/eldigitaldeasturias.com\/magazine365\/author\/admin\/#author","url":"https:\/\/eldigitaldeasturias.com\/magazine365\/author\/admin\/","name":"admin","image":{"@type":"ImageObject","@id":"https:\/\/eldigitaldeasturias.com\/magazine365\/el-aeropuerto-de-gran-canaria-traslada-la-llegada-de-pasajeros-nacionales-a-la-nueva-ampliacion\/#authorImage","url":"https:\/\/eldigitaldeasturias.com\/magazine365\/wp-content\/litespeed\/avatar\/e571bcf59a0edd6fa6838245a470f2fe.jpg?ver=1776969259","width":96,"height":96,"caption":"admin"}},{"@type":"WebPage","@id":"https:\/\/eldigitaldeasturias.com\/magazine365\/el-aeropuerto-de-gran-canaria-traslada-la-llegada-de-pasajeros-nacionales-a-la-nueva-ampliacion\/#webpage","url":"https:\/\/eldigitaldeasturias.com\/magazine365\/el-aeropuerto-de-gran-canaria-traslada-la-llegada-de-pasajeros-nacionales-a-la-nueva-ampliacion\/","name":"El aeropuerto de Gran Canaria traslada la llegada de pasajeros nacionales a la nueva ampliaci\u00f3n | El Digital de Asturias","description":"El aeropuerto de Gran Canaria traslada desde este martes la llegada de pasajeros de destinos nacionales a la nueva zona ampliada, donde compartir\u00e1n espacio con la llegada de vuelos insulares, ha explicado Aena a trav\u00e9s de un comunicado. De esta forma, El Aeropuerto de Gran Canaria unifica en la Sala 1 las llegadas de pasajeros","inLanguage":"es-ES","isPartOf":{"@id":"https:\/\/eldigitaldeasturias.com\/magazine365\/#website"},"breadcrumb":{"@id":"https:\/\/eldigitaldeasturias.com\/magazine365\/el-aeropuerto-de-gran-canaria-traslada-la-llegada-de-pasajeros-nacionales-a-la-nueva-ampliacion\/#breadcrumblist"},"author":{"@id":"https:\/\/eldigitaldeasturias.com\/magazine365\/author\/admin\/#author"},"creator":{"@id":"https:\/\/eldigitaldeasturias.com\/magazine365\/author\/admin\/#author"},"image":{"@type":"ImageObject","url":"https:\/\/eldigitaldeasturias.com\/magazine365\/wp-content\/uploads\/2015\/06\/fotonoticia_20150615175731_800.jpg","@id":"https:\/\/eldigitaldeasturias.com\/magazine365\/el-aeropuerto-de-gran-canaria-traslada-la-llegada-de-pasajeros-nacionales-a-la-nueva-ampliacion\/#mainImage","width":800,"height":476},"primaryImageOfPage":{"@id":"https:\/\/eldigitaldeasturias.com\/magazine365\/el-aeropuerto-de-gran-canaria-traslada-la-llegada-de-pasajeros-nacionales-a-la-nueva-ampliacion\/#mainImage"},"datePublished":"2015-06-16T01:43:55+02:00","dateModified":"2015-06-16T01:43:55+02:00"},{"@type":"WebSite","@id":"https:\/\/eldigitaldeasturias.com\/magazine365\/#website","url":"https:\/\/eldigitaldeasturias.com\/magazine365\/","name":"El Digital de Asturias","description":"Revista de ocio, turismo y estilo de vida","inLanguage":"es-ES","publisher":{"@id":"https:\/\/eldigitaldeasturias.com\/magazine365\/#organization"}}]},"og:locale":"es_ES","og:site_name":"El Digital de Asturias \u2013 Revista de ocio, turismo y estilo de vida","og:type":"article","og:title":"El aeropuerto de Gran Canaria traslada la llegada de pasajeros nacionales a la nueva ampliaci\u00f3n | El Digital de Asturias","og:description":"El aeropuerto de Gran Canaria traslada desde este martes la llegada de pasajeros de destinos nacionales a la nueva zona ampliada, donde compartir\u00e1n espacio con la llegada de vuelos insulares, ha explicado Aena a trav\u00e9s de un comunicado. De esta forma, El Aeropuerto de Gran Canaria unifica en la Sala 1 las llegadas de pasajeros","og:url":"https:\/\/eldigitaldeasturias.com\/magazine365\/el-aeropuerto-de-gran-canaria-traslada-la-llegada-de-pasajeros-nacionales-a-la-nueva-ampliacion\/","og:image":"https:\/\/eldigitaldeasturias.com\/magazine365\/wp-content\/uploads\/2015\/06\/fotonoticia_20150615175731_800.jpg","og:image:secure_url":"https:\/\/eldigitaldeasturias.com\/magazine365\/wp-content\/uploads\/2015\/06\/fotonoticia_20150615175731_800.jpg","og:image:width":800,"og:image:height":476,"article:published_time":"2015-06-16T00:13:55+00:00","article:modified_time":"2015-06-16T00:13:55+00:00","twitter:card":"summary_large_image","twitter:title":"El aeropuerto de Gran Canaria traslada la llegada de pasajeros nacionales a la nueva ampliaci\u00f3n | El Digital de Asturias","twitter:description":"El aeropuerto de Gran Canaria traslada desde este martes la llegada de pasajeros de destinos nacionales a la nueva zona ampliada, donde compartir\u00e1n espacio con la llegada de vuelos insulares, ha explicado Aena a trav\u00e9s de un comunicado. De esta forma, El Aeropuerto de Gran Canaria unifica en la Sala 1 las llegadas de pasajeros","twitter:image":"https:\/\/eldigitaldeasturias.com\/magazine365\/wp-content\/uploads\/2015\/06\/fotonoticia_20150615175731_800.jpg"},"aioseo_meta_data":{"post_id":"39952","title":null,"description":null,"keywords":null,"keyphrases":null,"primary_term":null,"canonical_url":null,"og_title":null,"og_description":null,"og_object_type":"default","og_image_type":"default","og_image_url":null,"og_image_width":null,"og_image_height":null,"og_image_custom_url":null,"og_image_custom_fields":null,"og_video":null,"og_custom_url":null,"og_article_section":null,"og_article_tags":null,"twitter_use_og":false,"twitter_card":"default","twitter_image_type":"default","twitter_image_url":null,"twitter_image_custom_url":null,"twitter_image_custom_fields":null,"twitter_title":null,"twitter_description":null,"schema":{"blockGraphs":[],"customGraphs":[],"default":{"data":{"Article":[],"Course":[],"Dataset":[],"FAQPage":[],"Movie":[],"Person":[],"Product":[],"ProductReview":[],"Car":[],"Recipe":[],"Service":[],"SoftwareApplication":[],"WebPage":[]},"graphName":"","isEnabled":true},"graphs":[],"defaultGraph":"","defaultPostTypeGraph":""},"schema_type":null,"schema_type_options":null,"pillar_content":false,"robots_default":true,"robots_noindex":false,"robots_noarchive":false,"robots_nosnippet":false,"robots_nofollow":false,"robots_noimageindex":false,"robots_noodp":false,"robots_notranslate":false,"robots_max_snippet":null,"robots_max_videopreview":null,"robots_max_imagepreview":"large","priority":null,"frequency":null,"location":null,"local_seo":null,"seo_analyzer_scan_date":"2025-09-19 12:39:09","breadcrumb_settings":null,"limit_modified_date":false,"open_ai":null,"ai":null,"created":"2021-03-09 02:34:41","updated":"2025-09-19 12:39:09"},"aioseo_breadcrumb":"<div class=\"aioseo-breadcrumbs\"><span class=\"aioseo-breadcrumb\">\n\t<a href=\"https:\/\/eldigitaldeasturias.com\/magazine365\" title=\"Home\">Home<\/a>\n<\/span><span class=\"aioseo-breadcrumb-separator\">\u2013<\/span><span class=\"aioseo-breadcrumb\">\n\t<a href=\"https:\/\/eldigitaldeasturias.com\/magazine365\/category\/noticias-actualidad\/\" title=\"Noticias y Actualidad\">Noticias y Actualidad<\/a>\n<\/span><span class=\"aioseo-breadcrumb-separator\">\u2013<\/span><span class=\"aioseo-breadcrumb\">\n\t<a href=\"https:\/\/eldigitaldeasturias.com\/magazine365\/el-aeropuerto-de-gran-canaria-traslada-la-llegada-de-pasajeros-nacionales-a-la-nueva-ampliacion\/\" title=\"El aeropuerto de Gran Canaria traslada la llegada de pasajeros nacionales a la nueva ampliaci\u00f3n\">El aeropuerto de Gran Canaria traslada la llegada de pasajeros nacionales a la nueva ampliaci\u00f3n<\/a>\n<\/span><\/div>","aioseo_breadcrumb_json":[{"label":"Home","link":"https:\/\/eldigitaldeasturias.com\/magazine365"},{"label":"Noticias y Actualidad","link":"https:\/\/eldigitaldeasturias.com\/magazine365\/category\/noticias-actualidad\/"},{"label":"El aeropuerto de Gran Canaria traslada la llegada de pasajeros nacionales a la nueva ampliaci\u00f3n","link":"https:\/\/eldigitaldeasturias.com\/magazine365\/el-aeropuerto-de-gran-canaria-traslada-la-llegada-de-pasajeros-nacionales-a-la-nueva-ampliacion\/"}],"_links":{"self":[{"href":"https:\/\/eldigitaldeasturias.com\/magazine365\/wp-json\/wp\/v2\/posts\/39952","targetHints":{"allow":["GET"]}}],"collection":[{"href":"https:\/\/eldigitaldeasturias.com\/magazine365\/wp-json\/wp\/v2\/posts"}],"about":[{"href":"https:\/\/eldigitaldeasturias.com\/magazine365\/wp-json\/wp\/v2\/types\/post"}],"author":[{"embeddable":true,"href":"https:\/\/eldigitaldeasturias.com\/magazine365\/wp-json\/wp\/v2\/users\/1"}],"replies":[{"embeddable":true,"href":"https:\/\/eldigitaldeasturias.com\/magazine365\/wp-json\/wp\/v2\/comments?post=39952"}],"version-history":[{"count":0,"href":"https:\/\/eldigitaldeasturias.com\/magazine365\/wp-json\/wp\/v2\/posts\/39952\/revisions"}],"wp:featuredmedia":[{"embeddable":true,"href":"https:\/\/eldigitaldeasturias.com\/magazine365\/wp-json\/wp\/v2\/media\/39953"}],"wp:attachment":[{"href":"https:\/\/eldigitaldeasturias.com\/magazine365\/wp-json\/wp\/v2\/media?parent=39952"}],"wp:term":[{"taxonomy":"category","embeddable":true,"href":"https:\/\/eldigitaldeasturias.com\/magazine365\/wp-json\/wp\/v2\/categories?post=39952"},{"taxonomy":"post_tag","embeddable":true,"href":"https:\/\/eldigitaldeasturias.com\/magazine365\/wp-json\/wp\/v2\/tags?post=39952"}],"curies":[{"name":"wp","href":"https:\/\/api.w.org\/{rel}","templated":true}]}}