{"id":39949,"date":"2015-06-16T01:40:05","date_gmt":"2015-06-16T00:10:05","guid":{"rendered":"http:\/\/eldigitaldeasturias.com\/magazine365\/?p=39949"},"modified":"2015-06-16T01:40:05","modified_gmt":"2015-06-16T00:10:05","slug":"el-salon-aeronautico-de-paris-abre-sus-puertas","status":"publish","type":"post","link":"https:\/\/eldigitaldeasturias.com\/magazine365\/el-salon-aeronautico-de-paris-abre-sus-puertas\/","title":{"rendered":"El Sal\u00f3n Aeron\u00e1utico de Par\u00eds abre sus puertas"},"content":{"rendered":"<p><img fetchpriority=\"high\" decoding=\"async\" class=\"alignleft size-medium wp-image-39950\" src=\"https:\/\/eldigitaldeasturias.com\/magazine365\/wp-content\/uploads\/2015\/06\/fotonoticia_20150615174154_800-360x272.jpg\" alt=\"fotonoticia_20150615174154_800\" width=\"360\" height=\"272\" srcset=\"https:\/\/eldigitaldeasturias.com\/magazine365\/wp-content\/uploads\/2015\/06\/fotonoticia_20150615174154_800-360x272.jpg 360w, https:\/\/eldigitaldeasturias.com\/magazine365\/wp-content\/uploads\/2015\/06\/fotonoticia_20150615174154_800-650x492.jpg 650w, https:\/\/eldigitaldeasturias.com\/magazine365\/wp-content\/uploads\/2015\/06\/fotonoticia_20150615174154_800-768x581.jpg 768w, https:\/\/eldigitaldeasturias.com\/magazine365\/wp-content\/uploads\/2015\/06\/fotonoticia_20150615174154_800-150x113.jpg 150w, https:\/\/eldigitaldeasturias.com\/magazine365\/wp-content\/uploads\/2015\/06\/fotonoticia_20150615174154_800-450x340.jpg 450w, https:\/\/eldigitaldeasturias.com\/magazine365\/wp-content\/uploads\/2015\/06\/fotonoticia_20150615174154_800-80x60.jpg 80w, https:\/\/eldigitaldeasturias.com\/magazine365\/wp-content\/uploads\/2015\/06\/fotonoticia_20150615174154_800-696x526.jpg 696w, https:\/\/eldigitaldeasturias.com\/magazine365\/wp-content\/uploads\/2015\/06\/fotonoticia_20150615174154_800-555x420.jpg 555w, https:\/\/eldigitaldeasturias.com\/magazine365\/wp-content\/uploads\/2015\/06\/fotonoticia_20150615174154_800-90x67.jpg 90w, https:\/\/eldigitaldeasturias.com\/magazine365\/wp-content\/uploads\/2015\/06\/fotonoticia_20150615174154_800-100x75.jpg 100w, https:\/\/eldigitaldeasturias.com\/magazine365\/wp-content\/uploads\/2015\/06\/fotonoticia_20150615174154_800.jpg 800w\" sizes=\"(max-width: 360px) 100vw, 360px\" \/>La 51\u00aa edici\u00f3n del Sal\u00f3n Internacional de la Aeron\u00e1utica y del Espacio de Le Bourget, Paris Air Show 2015, abri\u00f3 este lunes sus puertas con la presencia de 2.260 expositores procedentes de 47 pa\u00edses y la exhibici\u00f3n de 120 aeronaves, en la que es una de las ferias m\u00e1s importantes del mundo, y la mayor de Europa, en el mercado de la aeron\u00e1utica.<\/p>\n<p>Casi 120 aviones civiles y militares, entre los m\u00e1s innovadores del mundo se presentan este a\u00f1o en el Paris Air Show 2015, con exhibiciones de vuelo diarias. La feria abrir\u00e1 sus puertas al p\u00fablico general a partir del viernes (de 8.30 horas a 18.00 horas).<\/p>\n<p>El avi\u00f3n militar A400M, que se ensambla en la planta de Sevilla de Airbus Defence and Space, fue protagonista de la apertura de la feria con un vuelo de exhibici\u00f3n. Un A400M de prueba, con matr\u00edcula MSN6, fue el encargado de inaugurar los vuelos de exhibici\u00f3n, flanqueado por la Patrulla de Francia, poco m\u00e1s de un mes despu\u00e9s del accidente.<\/p>\n<p>El avi\u00f3n realiz\u00f3 la misma rutina que viene realizando en las exhibiciones a\u00e9reas de esta feria internacional desde el a\u00f1o 2010, con la que el grupo aeron\u00e1utico exhibe su confianza en el A400M.<\/p>\n<p>El presidente franc\u00e9s, Fran\u00e7ois Hollande, visit\u00f3 este lunes la feria a bordo de un A350 XWB, y fue recibido por el consejero delegado de Airbus Group, Tom Enders, junto a otros altos ejecutivos del consorcio europeo.<\/p>\n<p>El Sal\u00f3n, que cada dos a\u00f1os organiza la Asociaci\u00f3n francesa de empresas del sector aeron\u00e1utico, GIFAS, recibi\u00f3 en su \u00faltima edici\u00f3n en 2013 la asistencia de 140.000 visitantes profesionales, a lo largo de sus 52.000 m2 de stands, con m\u00e1s de 3.000 periodistas acreditados.<\/p>\n<p>Desde hoy y hasta el pr\u00f3ximo 21 de junio, el Sal\u00f3n ser\u00e1 escenario de las innovaciones y avances tecnol\u00f3gicos del sector a nivel profesional, en una feria en la que est\u00e1n representados pa\u00edses de todo el mundo, pero donde tienen un gran peso las empresas europeas. Adem\u00e1s, de los grandes constructores de aeronaves o de sat\u00e9lites en ella se dan cita la industria de componentes y la auxiliar.<\/p>\n<p>Como novedad, el Sal\u00f3n ha lanzado una aplicaci\u00f3n con informaci\u00f3n en tiempo real sobre los expositores, la exhibici\u00f3n de vuelos y las actividades durante la feria.<\/p>\n<p>ESPA\u00d1A, OCTAVA POTENCIA MUNDIAL AERON\u00c1UTICA.<\/p>\n<p>Espa\u00f1a, octava potencia mundial aeron\u00e1utica y la quinta europea, est\u00e1 presente un a\u00f1o m\u00e1s en el Sal\u00f3n de Le Bourget con la participaci\u00f3n agrupada de un total de 18 empresas, coordinadas por la Asociaci\u00f3n Espa\u00f1ola de Empresas Tecnol\u00f3gicas de Defensa, Aeron\u00e1utica, Seguridad y Espacio (Tedae).<\/p>\n<p>Nuestro pa\u00eds es uno de los pocos en el mundo capaz de dise\u00f1ar producir y certificar un avi\u00f3n completo. Esta industria est\u00e1 presente en todos los segmentos del sector y destaca su especializaci\u00f3n en estructuras aeron\u00e1uticas en materiales compuestos y en aviones de transporte militar.<\/p>\n<p>De los 9.400 millones facturados por la industria de Defensa, Aeron\u00e1utica y Espacio durante 2014, un 5% menos que el a\u00f1o anterior, 4.800 millones procedieron del mercado de Defensa mientras que 4.600 millones tienen su origen en el mercado civil. M\u00e1s del 82% m\u00e1s correspondieron a exportaciones, seg\u00fan datos de la Tedae.<\/p>\n<p>El volumen de actividad de esta industria en Espa\u00f1a supone el 0,5% del total del PIB espa\u00f1ol y el 5,5% del total del PIB industrial.<\/p>\n","protected":false},"excerpt":{"rendered":"<p>La 51\u00aa edici\u00f3n del Sal\u00f3n Internacional de la Aeron\u00e1utica y del Espacio de Le Bourget, Paris Air Show 2015, abri\u00f3 este lunes sus puertas con la presencia de 2.260 expositores procedentes de 47 pa\u00edses y la exhibici\u00f3n de 120 aeronaves, en la que es una de las ferias m\u00e1s importantes del mundo, y la mayor<\/p>\n","protected":false},"author":1,"featured_media":39950,"comment_status":"open","ping_status":"closed","sticky":false,"template":"","format":"standard","meta":{"footnotes":""},"categories":[224],"tags":[],"class_list":{"0":"post-39949","1":"post","2":"type-post","3":"status-publish","4":"format-standard","5":"has-post-thumbnail","7":"category-noticias-actualidad"},"aioseo_notices":[],"aioseo_head":"\n\t\t<!-- All in One SEO Pro 4.9.6.1 - aioseo.com -->\n\t<meta name=\"description\" content=\"La 51\u00aa edici\u00f3n del Sal\u00f3n Internacional de la Aeron\u00e1utica y del Espacio de Le Bourget, Paris Air Show 2015, abri\u00f3 este lunes sus puertas con la presencia de 2.260 expositores procedentes de 47 pa\u00edses y la exhibici\u00f3n de 120 aeronaves, en la que es una de las ferias m\u00e1s importantes del mundo, y la mayor\" \/>\n\t<meta name=\"robots\" content=\"max-image-preview:large\" \/>\n\t<meta name=\"author\" content=\"admin\"\/>\n\t<meta name=\"google-site-verification\" content=\"UA-38556648-1\" \/>\n\t<meta name=\"keywords\" content=\"noticias y actualidad\" \/>\n\t<link rel=\"canonical\" href=\"https:\/\/eldigitaldeasturias.com\/magazine365\/el-salon-aeronautico-de-paris-abre-sus-puertas\/\" \/>\n\t<meta name=\"generator\" content=\"All in One SEO Pro (AIOSEO) 4.9.6.1\" \/>\n\t\t<meta property=\"og:locale\" content=\"es_ES\" \/>\n\t\t<meta property=\"og:site_name\" content=\"El Digital de Asturias \u2013 Revista de ocio, turismo y estilo de vida\" \/>\n\t\t<meta property=\"og:type\" content=\"article\" \/>\n\t\t<meta property=\"og:title\" content=\"El Sal\u00f3n Aeron\u00e1utico de Par\u00eds abre sus puertas | El Digital de Asturias\" \/>\n\t\t<meta property=\"og:description\" content=\"La 51\u00aa edici\u00f3n del Sal\u00f3n Internacional de la Aeron\u00e1utica y del Espacio de Le Bourget, Paris Air Show 2015, abri\u00f3 este lunes sus puertas con la presencia de 2.260 expositores procedentes de 47 pa\u00edses y la exhibici\u00f3n de 120 aeronaves, en la que es una de las ferias m\u00e1s importantes del mundo, y la mayor\" \/>\n\t\t<meta property=\"og:url\" content=\"https:\/\/eldigitaldeasturias.com\/magazine365\/el-salon-aeronautico-de-paris-abre-sus-puertas\/\" \/>\n\t\t<meta property=\"og:image\" content=\"https:\/\/eldigitaldeasturias.com\/magazine365\/wp-content\/uploads\/2015\/06\/fotonoticia_20150615174154_800.jpg\" \/>\n\t\t<meta property=\"og:image:secure_url\" content=\"https:\/\/eldigitaldeasturias.com\/magazine365\/wp-content\/uploads\/2015\/06\/fotonoticia_20150615174154_800.jpg\" \/>\n\t\t<meta property=\"og:image:width\" content=\"800\" \/>\n\t\t<meta property=\"og:image:height\" content=\"605\" \/>\n\t\t<meta property=\"article:published_time\" content=\"2015-06-16T00:10:05+00:00\" \/>\n\t\t<meta property=\"article:modified_time\" content=\"2015-06-16T00:10:05+00:00\" \/>\n\t\t<meta name=\"twitter:card\" content=\"summary_large_image\" \/>\n\t\t<meta name=\"twitter:title\" content=\"El Sal\u00f3n Aeron\u00e1utico de Par\u00eds abre sus puertas | El Digital de Asturias\" \/>\n\t\t<meta name=\"twitter:description\" content=\"La 51\u00aa edici\u00f3n del Sal\u00f3n Internacional de la Aeron\u00e1utica y del Espacio de Le Bourget, Paris Air Show 2015, abri\u00f3 este lunes sus puertas con la presencia de 2.260 expositores procedentes de 47 pa\u00edses y la exhibici\u00f3n de 120 aeronaves, en la que es una de las ferias m\u00e1s importantes del mundo, y la mayor\" \/>\n\t\t<meta name=\"twitter:image\" content=\"https:\/\/eldigitaldeasturias.com\/magazine365\/wp-content\/uploads\/2015\/06\/fotonoticia_20150615174154_800.jpg\" \/>\n\t\t<script type=\"application\/ld+json\" class=\"aioseo-schema\">\n\t\t\t{\"@context\":\"https:\\\/\\\/schema.org\",\"@graph\":[{\"@type\":\"Article\",\"@id\":\"https:\\\/\\\/eldigitaldeasturias.com\\\/magazine365\\\/el-salon-aeronautico-de-paris-abre-sus-puertas\\\/#article\",\"name\":\"El Sal\\u00f3n Aeron\\u00e1utico de Par\\u00eds abre sus puertas | El Digital de Asturias\",\"headline\":\"El Sal\\u00f3n Aeron\\u00e1utico de Par\\u00eds abre sus puertas\",\"author\":{\"@id\":\"https:\\\/\\\/eldigitaldeasturias.com\\\/magazine365\\\/author\\\/admin\\\/#author\"},\"publisher\":{\"@id\":\"https:\\\/\\\/eldigitaldeasturias.com\\\/magazine365\\\/#organization\"},\"image\":{\"@type\":\"ImageObject\",\"url\":\"https:\\\/\\\/eldigitaldeasturias.com\\\/magazine365\\\/wp-content\\\/uploads\\\/2015\\\/06\\\/fotonoticia_20150615174154_800.jpg\",\"width\":800,\"height\":605},\"datePublished\":\"2015-06-16T01:40:05+02:00\",\"dateModified\":\"2015-06-16T01:40:05+02:00\",\"inLanguage\":\"es-ES\",\"mainEntityOfPage\":{\"@id\":\"https:\\\/\\\/eldigitaldeasturias.com\\\/magazine365\\\/el-salon-aeronautico-de-paris-abre-sus-puertas\\\/#webpage\"},\"isPartOf\":{\"@id\":\"https:\\\/\\\/eldigitaldeasturias.com\\\/magazine365\\\/el-salon-aeronautico-de-paris-abre-sus-puertas\\\/#webpage\"},\"articleSection\":\"Noticias y Actualidad\"},{\"@type\":\"BreadcrumbList\",\"@id\":\"https:\\\/\\\/eldigitaldeasturias.com\\\/magazine365\\\/el-salon-aeronautico-de-paris-abre-sus-puertas\\\/#breadcrumblist\",\"itemListElement\":[{\"@type\":\"ListItem\",\"@id\":\"https:\\\/\\\/eldigitaldeasturias.com\\\/magazine365#listItem\",\"position\":1,\"name\":\"Home\",\"item\":\"https:\\\/\\\/eldigitaldeasturias.com\\\/magazine365\",\"nextItem\":{\"@type\":\"ListItem\",\"@id\":\"https:\\\/\\\/eldigitaldeasturias.com\\\/magazine365\\\/category\\\/noticias-actualidad\\\/#listItem\",\"name\":\"Noticias y Actualidad\"}},{\"@type\":\"ListItem\",\"@id\":\"https:\\\/\\\/eldigitaldeasturias.com\\\/magazine365\\\/category\\\/noticias-actualidad\\\/#listItem\",\"position\":2,\"name\":\"Noticias y Actualidad\",\"item\":\"https:\\\/\\\/eldigitaldeasturias.com\\\/magazine365\\\/category\\\/noticias-actualidad\\\/\",\"nextItem\":{\"@type\":\"ListItem\",\"@id\":\"https:\\\/\\\/eldigitaldeasturias.com\\\/magazine365\\\/el-salon-aeronautico-de-paris-abre-sus-puertas\\\/#listItem\",\"name\":\"El Sal\\u00f3n Aeron\\u00e1utico de Par\\u00eds abre sus puertas\"},\"previousItem\":{\"@type\":\"ListItem\",\"@id\":\"https:\\\/\\\/eldigitaldeasturias.com\\\/magazine365#listItem\",\"name\":\"Home\"}},{\"@type\":\"ListItem\",\"@id\":\"https:\\\/\\\/eldigitaldeasturias.com\\\/magazine365\\\/el-salon-aeronautico-de-paris-abre-sus-puertas\\\/#listItem\",\"position\":3,\"name\":\"El Sal\\u00f3n Aeron\\u00e1utico de Par\\u00eds abre sus puertas\",\"previousItem\":{\"@type\":\"ListItem\",\"@id\":\"https:\\\/\\\/eldigitaldeasturias.com\\\/magazine365\\\/category\\\/noticias-actualidad\\\/#listItem\",\"name\":\"Noticias y Actualidad\"}}]},{\"@type\":\"Organization\",\"@id\":\"https:\\\/\\\/eldigitaldeasturias.com\\\/magazine365\\\/#organization\",\"name\":\"El digital de Asturias\",\"description\":\"Revista de ocio, turismo y estilo de vida\",\"url\":\"https:\\\/\\\/eldigitaldeasturias.com\\\/magazine365\\\/\",\"logo\":{\"@type\":\"ImageObject\",\"url\":\"https:\\\/\\\/www.eldigitaldeasturias.com\\\/noticias\\\/wp-content\\\/uploads\\\/2020\\\/12\\\/EDA.jpg\",\"@id\":\"https:\\\/\\\/eldigitaldeasturias.com\\\/magazine365\\\/el-salon-aeronautico-de-paris-abre-sus-puertas\\\/#organizationLogo\"},\"image\":{\"@id\":\"https:\\\/\\\/eldigitaldeasturias.com\\\/magazine365\\\/el-salon-aeronautico-de-paris-abre-sus-puertas\\\/#organizationLogo\"}},{\"@type\":\"Person\",\"@id\":\"https:\\\/\\\/eldigitaldeasturias.com\\\/magazine365\\\/author\\\/admin\\\/#author\",\"url\":\"https:\\\/\\\/eldigitaldeasturias.com\\\/magazine365\\\/author\\\/admin\\\/\",\"name\":\"admin\",\"image\":{\"@type\":\"ImageObject\",\"@id\":\"https:\\\/\\\/eldigitaldeasturias.com\\\/magazine365\\\/el-salon-aeronautico-de-paris-abre-sus-puertas\\\/#authorImage\",\"url\":\"https:\\\/\\\/eldigitaldeasturias.com\\\/magazine365\\\/wp-content\\\/litespeed\\\/avatar\\\/e571bcf59a0edd6fa6838245a470f2fe.jpg?ver=1776969259\",\"width\":96,\"height\":96,\"caption\":\"admin\"}},{\"@type\":\"WebPage\",\"@id\":\"https:\\\/\\\/eldigitaldeasturias.com\\\/magazine365\\\/el-salon-aeronautico-de-paris-abre-sus-puertas\\\/#webpage\",\"url\":\"https:\\\/\\\/eldigitaldeasturias.com\\\/magazine365\\\/el-salon-aeronautico-de-paris-abre-sus-puertas\\\/\",\"name\":\"El Sal\\u00f3n Aeron\\u00e1utico de Par\\u00eds abre sus puertas | El Digital de Asturias\",\"description\":\"La 51\\u00aa edici\\u00f3n del Sal\\u00f3n Internacional de la Aeron\\u00e1utica y del Espacio de Le Bourget, Paris Air Show 2015, abri\\u00f3 este lunes sus puertas con la presencia de 2.260 expositores procedentes de 47 pa\\u00edses y la exhibici\\u00f3n de 120 aeronaves, en la que es una de las ferias m\\u00e1s importantes del mundo, y la mayor\",\"inLanguage\":\"es-ES\",\"isPartOf\":{\"@id\":\"https:\\\/\\\/eldigitaldeasturias.com\\\/magazine365\\\/#website\"},\"breadcrumb\":{\"@id\":\"https:\\\/\\\/eldigitaldeasturias.com\\\/magazine365\\\/el-salon-aeronautico-de-paris-abre-sus-puertas\\\/#breadcrumblist\"},\"author\":{\"@id\":\"https:\\\/\\\/eldigitaldeasturias.com\\\/magazine365\\\/author\\\/admin\\\/#author\"},\"creator\":{\"@id\":\"https:\\\/\\\/eldigitaldeasturias.com\\\/magazine365\\\/author\\\/admin\\\/#author\"},\"image\":{\"@type\":\"ImageObject\",\"url\":\"https:\\\/\\\/eldigitaldeasturias.com\\\/magazine365\\\/wp-content\\\/uploads\\\/2015\\\/06\\\/fotonoticia_20150615174154_800.jpg\",\"@id\":\"https:\\\/\\\/eldigitaldeasturias.com\\\/magazine365\\\/el-salon-aeronautico-de-paris-abre-sus-puertas\\\/#mainImage\",\"width\":800,\"height\":605},\"primaryImageOfPage\":{\"@id\":\"https:\\\/\\\/eldigitaldeasturias.com\\\/magazine365\\\/el-salon-aeronautico-de-paris-abre-sus-puertas\\\/#mainImage\"},\"datePublished\":\"2015-06-16T01:40:05+02:00\",\"dateModified\":\"2015-06-16T01:40:05+02:00\"},{\"@type\":\"WebSite\",\"@id\":\"https:\\\/\\\/eldigitaldeasturias.com\\\/magazine365\\\/#website\",\"url\":\"https:\\\/\\\/eldigitaldeasturias.com\\\/magazine365\\\/\",\"name\":\"El Digital de Asturias\",\"description\":\"Revista de ocio, turismo y estilo de vida\",\"inLanguage\":\"es-ES\",\"publisher\":{\"@id\":\"https:\\\/\\\/eldigitaldeasturias.com\\\/magazine365\\\/#organization\"}}]}\n\t\t<\/script>\n\t\t<!-- All in One SEO Pro -->\r\n\t\t<title>El Sal\u00f3n Aeron\u00e1utico de Par\u00eds abre sus puertas | El Digital de Asturias<\/title>\n\n","aioseo_head_json":{"title":"El Sal\u00f3n Aeron\u00e1utico de Par\u00eds abre sus puertas | El Digital de Asturias","description":"La 51\u00aa edici\u00f3n del Sal\u00f3n Internacional de la Aeron\u00e1utica y del Espacio de Le Bourget, Paris Air Show 2015, abri\u00f3 este lunes sus puertas con la presencia de 2.260 expositores procedentes de 47 pa\u00edses y la exhibici\u00f3n de 120 aeronaves, en la que es una de las ferias m\u00e1s importantes del mundo, y la mayor","canonical_url":"https:\/\/eldigitaldeasturias.com\/magazine365\/el-salon-aeronautico-de-paris-abre-sus-puertas\/","robots":"max-image-preview:large","keywords":"noticias y actualidad","webmasterTools":{"google-site-verification":"UA-38556648-1","miscellaneous":""},"schema":{"@context":"https:\/\/schema.org","@graph":[{"@type":"Article","@id":"https:\/\/eldigitaldeasturias.com\/magazine365\/el-salon-aeronautico-de-paris-abre-sus-puertas\/#article","name":"El Sal\u00f3n Aeron\u00e1utico de Par\u00eds abre sus puertas | El Digital de Asturias","headline":"El Sal\u00f3n Aeron\u00e1utico de Par\u00eds abre sus puertas","author":{"@id":"https:\/\/eldigitaldeasturias.com\/magazine365\/author\/admin\/#author"},"publisher":{"@id":"https:\/\/eldigitaldeasturias.com\/magazine365\/#organization"},"image":{"@type":"ImageObject","url":"https:\/\/eldigitaldeasturias.com\/magazine365\/wp-content\/uploads\/2015\/06\/fotonoticia_20150615174154_800.jpg","width":800,"height":605},"datePublished":"2015-06-16T01:40:05+02:00","dateModified":"2015-06-16T01:40:05+02:00","inLanguage":"es-ES","mainEntityOfPage":{"@id":"https:\/\/eldigitaldeasturias.com\/magazine365\/el-salon-aeronautico-de-paris-abre-sus-puertas\/#webpage"},"isPartOf":{"@id":"https:\/\/eldigitaldeasturias.com\/magazine365\/el-salon-aeronautico-de-paris-abre-sus-puertas\/#webpage"},"articleSection":"Noticias y Actualidad"},{"@type":"BreadcrumbList","@id":"https:\/\/eldigitaldeasturias.com\/magazine365\/el-salon-aeronautico-de-paris-abre-sus-puertas\/#breadcrumblist","itemListElement":[{"@type":"ListItem","@id":"https:\/\/eldigitaldeasturias.com\/magazine365#listItem","position":1,"name":"Home","item":"https:\/\/eldigitaldeasturias.com\/magazine365","nextItem":{"@type":"ListItem","@id":"https:\/\/eldigitaldeasturias.com\/magazine365\/category\/noticias-actualidad\/#listItem","name":"Noticias y Actualidad"}},{"@type":"ListItem","@id":"https:\/\/eldigitaldeasturias.com\/magazine365\/category\/noticias-actualidad\/#listItem","position":2,"name":"Noticias y Actualidad","item":"https:\/\/eldigitaldeasturias.com\/magazine365\/category\/noticias-actualidad\/","nextItem":{"@type":"ListItem","@id":"https:\/\/eldigitaldeasturias.com\/magazine365\/el-salon-aeronautico-de-paris-abre-sus-puertas\/#listItem","name":"El Sal\u00f3n Aeron\u00e1utico de Par\u00eds abre sus puertas"},"previousItem":{"@type":"ListItem","@id":"https:\/\/eldigitaldeasturias.com\/magazine365#listItem","name":"Home"}},{"@type":"ListItem","@id":"https:\/\/eldigitaldeasturias.com\/magazine365\/el-salon-aeronautico-de-paris-abre-sus-puertas\/#listItem","position":3,"name":"El Sal\u00f3n Aeron\u00e1utico de Par\u00eds abre sus puertas","previousItem":{"@type":"ListItem","@id":"https:\/\/eldigitaldeasturias.com\/magazine365\/category\/noticias-actualidad\/#listItem","name":"Noticias y Actualidad"}}]},{"@type":"Organization","@id":"https:\/\/eldigitaldeasturias.com\/magazine365\/#organization","name":"El digital de Asturias","description":"Revista de ocio, turismo y estilo de vida","url":"https:\/\/eldigitaldeasturias.com\/magazine365\/","logo":{"@type":"ImageObject","url":"https:\/\/www.eldigitaldeasturias.com\/noticias\/wp-content\/uploads\/2020\/12\/EDA.jpg","@id":"https:\/\/eldigitaldeasturias.com\/magazine365\/el-salon-aeronautico-de-paris-abre-sus-puertas\/#organizationLogo"},"image":{"@id":"https:\/\/eldigitaldeasturias.com\/magazine365\/el-salon-aeronautico-de-paris-abre-sus-puertas\/#organizationLogo"}},{"@type":"Person","@id":"https:\/\/eldigitaldeasturias.com\/magazine365\/author\/admin\/#author","url":"https:\/\/eldigitaldeasturias.com\/magazine365\/author\/admin\/","name":"admin","image":{"@type":"ImageObject","@id":"https:\/\/eldigitaldeasturias.com\/magazine365\/el-salon-aeronautico-de-paris-abre-sus-puertas\/#authorImage","url":"https:\/\/eldigitaldeasturias.com\/magazine365\/wp-content\/litespeed\/avatar\/e571bcf59a0edd6fa6838245a470f2fe.jpg?ver=1776969259","width":96,"height":96,"caption":"admin"}},{"@type":"WebPage","@id":"https:\/\/eldigitaldeasturias.com\/magazine365\/el-salon-aeronautico-de-paris-abre-sus-puertas\/#webpage","url":"https:\/\/eldigitaldeasturias.com\/magazine365\/el-salon-aeronautico-de-paris-abre-sus-puertas\/","name":"El Sal\u00f3n Aeron\u00e1utico de Par\u00eds abre sus puertas | El Digital de Asturias","description":"La 51\u00aa edici\u00f3n del Sal\u00f3n Internacional de la Aeron\u00e1utica y del Espacio de Le Bourget, Paris Air Show 2015, abri\u00f3 este lunes sus puertas con la presencia de 2.260 expositores procedentes de 47 pa\u00edses y la exhibici\u00f3n de 120 aeronaves, en la que es una de las ferias m\u00e1s importantes del mundo, y la mayor","inLanguage":"es-ES","isPartOf":{"@id":"https:\/\/eldigitaldeasturias.com\/magazine365\/#website"},"breadcrumb":{"@id":"https:\/\/eldigitaldeasturias.com\/magazine365\/el-salon-aeronautico-de-paris-abre-sus-puertas\/#breadcrumblist"},"author":{"@id":"https:\/\/eldigitaldeasturias.com\/magazine365\/author\/admin\/#author"},"creator":{"@id":"https:\/\/eldigitaldeasturias.com\/magazine365\/author\/admin\/#author"},"image":{"@type":"ImageObject","url":"https:\/\/eldigitaldeasturias.com\/magazine365\/wp-content\/uploads\/2015\/06\/fotonoticia_20150615174154_800.jpg","@id":"https:\/\/eldigitaldeasturias.com\/magazine365\/el-salon-aeronautico-de-paris-abre-sus-puertas\/#mainImage","width":800,"height":605},"primaryImageOfPage":{"@id":"https:\/\/eldigitaldeasturias.com\/magazine365\/el-salon-aeronautico-de-paris-abre-sus-puertas\/#mainImage"},"datePublished":"2015-06-16T01:40:05+02:00","dateModified":"2015-06-16T01:40:05+02:00"},{"@type":"WebSite","@id":"https:\/\/eldigitaldeasturias.com\/magazine365\/#website","url":"https:\/\/eldigitaldeasturias.com\/magazine365\/","name":"El Digital de Asturias","description":"Revista de ocio, turismo y estilo de vida","inLanguage":"es-ES","publisher":{"@id":"https:\/\/eldigitaldeasturias.com\/magazine365\/#organization"}}]},"og:locale":"es_ES","og:site_name":"El Digital de Asturias \u2013 Revista de ocio, turismo y estilo de vida","og:type":"article","og:title":"El Sal\u00f3n Aeron\u00e1utico de Par\u00eds abre sus puertas | El Digital de Asturias","og:description":"La 51\u00aa edici\u00f3n del Sal\u00f3n Internacional de la Aeron\u00e1utica y del Espacio de Le Bourget, Paris Air Show 2015, abri\u00f3 este lunes sus puertas con la presencia de 2.260 expositores procedentes de 47 pa\u00edses y la exhibici\u00f3n de 120 aeronaves, en la que es una de las ferias m\u00e1s importantes del mundo, y la mayor","og:url":"https:\/\/eldigitaldeasturias.com\/magazine365\/el-salon-aeronautico-de-paris-abre-sus-puertas\/","og:image":"https:\/\/eldigitaldeasturias.com\/magazine365\/wp-content\/uploads\/2015\/06\/fotonoticia_20150615174154_800.jpg","og:image:secure_url":"https:\/\/eldigitaldeasturias.com\/magazine365\/wp-content\/uploads\/2015\/06\/fotonoticia_20150615174154_800.jpg","og:image:width":800,"og:image:height":605,"article:published_time":"2015-06-16T00:10:05+00:00","article:modified_time":"2015-06-16T00:10:05+00:00","twitter:card":"summary_large_image","twitter:title":"El Sal\u00f3n Aeron\u00e1utico de Par\u00eds abre sus puertas | El Digital de Asturias","twitter:description":"La 51\u00aa edici\u00f3n del Sal\u00f3n Internacional de la Aeron\u00e1utica y del Espacio de Le Bourget, Paris Air Show 2015, abri\u00f3 este lunes sus puertas con la presencia de 2.260 expositores procedentes de 47 pa\u00edses y la exhibici\u00f3n de 120 aeronaves, en la que es una de las ferias m\u00e1s importantes del mundo, y la mayor","twitter:image":"https:\/\/eldigitaldeasturias.com\/magazine365\/wp-content\/uploads\/2015\/06\/fotonoticia_20150615174154_800.jpg"},"aioseo_meta_data":{"post_id":"39949","title":null,"description":null,"keywords":null,"keyphrases":null,"primary_term":null,"canonical_url":null,"og_title":null,"og_description":null,"og_object_type":"default","og_image_type":"default","og_image_url":null,"og_image_width":null,"og_image_height":null,"og_image_custom_url":null,"og_image_custom_fields":null,"og_video":null,"og_custom_url":null,"og_article_section":null,"og_article_tags":null,"twitter_use_og":false,"twitter_card":"default","twitter_image_type":"default","twitter_image_url":null,"twitter_image_custom_url":null,"twitter_image_custom_fields":null,"twitter_title":null,"twitter_description":null,"schema":{"blockGraphs":[],"customGraphs":[],"default":{"data":{"Article":[],"Course":[],"Dataset":[],"FAQPage":[],"Movie":[],"Person":[],"Product":[],"ProductReview":[],"Car":[],"Recipe":[],"Service":[],"SoftwareApplication":[],"WebPage":[]},"graphName":"","isEnabled":true},"graphs":[],"defaultGraph":"","defaultPostTypeGraph":""},"schema_type":null,"schema_type_options":null,"pillar_content":false,"robots_default":true,"robots_noindex":false,"robots_noarchive":false,"robots_nosnippet":false,"robots_nofollow":false,"robots_noimageindex":false,"robots_noodp":false,"robots_notranslate":false,"robots_max_snippet":null,"robots_max_videopreview":null,"robots_max_imagepreview":"large","priority":null,"frequency":null,"location":null,"local_seo":null,"seo_analyzer_scan_date":"2025-09-19 12:39:08","breadcrumb_settings":null,"limit_modified_date":false,"open_ai":null,"ai":null,"created":"2021-03-09 02:34:41","updated":"2025-09-19 12:39:08"},"aioseo_breadcrumb":"<div class=\"aioseo-breadcrumbs\"><span class=\"aioseo-breadcrumb\">\n\t<a href=\"https:\/\/eldigitaldeasturias.com\/magazine365\" title=\"Home\">Home<\/a>\n<\/span><span class=\"aioseo-breadcrumb-separator\">\u2013<\/span><span class=\"aioseo-breadcrumb\">\n\t<a href=\"https:\/\/eldigitaldeasturias.com\/magazine365\/category\/noticias-actualidad\/\" title=\"Noticias y Actualidad\">Noticias y Actualidad<\/a>\n<\/span><span class=\"aioseo-breadcrumb-separator\">\u2013<\/span><span class=\"aioseo-breadcrumb\">\n\t<a href=\"https:\/\/eldigitaldeasturias.com\/magazine365\/el-salon-aeronautico-de-paris-abre-sus-puertas\/\" title=\"El Sal\u00f3n Aeron\u00e1utico de Par\u00eds abre sus puertas\">El Sal\u00f3n Aeron\u00e1utico de Par\u00eds abre sus puertas<\/a>\n<\/span><\/div>","aioseo_breadcrumb_json":[{"label":"Home","link":"https:\/\/eldigitaldeasturias.com\/magazine365"},{"label":"Noticias y Actualidad","link":"https:\/\/eldigitaldeasturias.com\/magazine365\/category\/noticias-actualidad\/"},{"label":"El Sal\u00f3n Aeron\u00e1utico de Par\u00eds abre sus puertas","link":"https:\/\/eldigitaldeasturias.com\/magazine365\/el-salon-aeronautico-de-paris-abre-sus-puertas\/"}],"_links":{"self":[{"href":"https:\/\/eldigitaldeasturias.com\/magazine365\/wp-json\/wp\/v2\/posts\/39949","targetHints":{"allow":["GET"]}}],"collection":[{"href":"https:\/\/eldigitaldeasturias.com\/magazine365\/wp-json\/wp\/v2\/posts"}],"about":[{"href":"https:\/\/eldigitaldeasturias.com\/magazine365\/wp-json\/wp\/v2\/types\/post"}],"author":[{"embeddable":true,"href":"https:\/\/eldigitaldeasturias.com\/magazine365\/wp-json\/wp\/v2\/users\/1"}],"replies":[{"embeddable":true,"href":"https:\/\/eldigitaldeasturias.com\/magazine365\/wp-json\/wp\/v2\/comments?post=39949"}],"version-history":[{"count":0,"href":"https:\/\/eldigitaldeasturias.com\/magazine365\/wp-json\/wp\/v2\/posts\/39949\/revisions"}],"wp:featuredmedia":[{"embeddable":true,"href":"https:\/\/eldigitaldeasturias.com\/magazine365\/wp-json\/wp\/v2\/media\/39950"}],"wp:attachment":[{"href":"https:\/\/eldigitaldeasturias.com\/magazine365\/wp-json\/wp\/v2\/media?parent=39949"}],"wp:term":[{"taxonomy":"category","embeddable":true,"href":"https:\/\/eldigitaldeasturias.com\/magazine365\/wp-json\/wp\/v2\/categories?post=39949"},{"taxonomy":"post_tag","embeddable":true,"href":"https:\/\/eldigitaldeasturias.com\/magazine365\/wp-json\/wp\/v2\/tags?post=39949"}],"curies":[{"name":"wp","href":"https:\/\/api.w.org\/{rel}","templated":true}]}}