{"id":39946,"date":"2015-06-16T01:37:16","date_gmt":"2015-06-16T00:07:16","guid":{"rendered":"http:\/\/eldigitaldeasturias.com\/magazine365\/?p=39946"},"modified":"2015-06-16T01:37:16","modified_gmt":"2015-06-16T00:07:16","slug":"la-consula-y-la-fonda-abren-el-plazo-de-recepcion-de-solicitudes-para-el-proximo-curso","status":"publish","type":"post","link":"https:\/\/eldigitaldeasturias.com\/magazine365\/la-consula-y-la-fonda-abren-el-plazo-de-recepcion-de-solicitudes-para-el-proximo-curso\/","title":{"rendered":"La C\u00f3nsula y La Fonda abren el plazo de recepci\u00f3n de solicitudes para el pr\u00f3ximo curso"},"content":{"rendered":"<p><img fetchpriority=\"high\" decoding=\"async\" class=\"alignleft size-medium wp-image-39947\" src=\"https:\/\/eldigitaldeasturias.com\/magazine365\/wp-content\/uploads\/2015\/06\/fotonoticia_20150615170530_800-360x291.jpg\" alt=\"fotonoticia_20150615170530_800\" width=\"360\" height=\"291\" srcset=\"https:\/\/eldigitaldeasturias.com\/magazine365\/wp-content\/uploads\/2015\/06\/fotonoticia_20150615170530_800-360x291.jpg 360w, https:\/\/eldigitaldeasturias.com\/magazine365\/wp-content\/uploads\/2015\/06\/fotonoticia_20150615170530_800-650x525.jpg 650w, https:\/\/eldigitaldeasturias.com\/magazine365\/wp-content\/uploads\/2015\/06\/fotonoticia_20150615170530_800-768x620.jpg 768w, https:\/\/eldigitaldeasturias.com\/magazine365\/wp-content\/uploads\/2015\/06\/fotonoticia_20150615170530_800-150x121.jpg 150w, https:\/\/eldigitaldeasturias.com\/magazine365\/wp-content\/uploads\/2015\/06\/fotonoticia_20150615170530_800-450x363.jpg 450w, https:\/\/eldigitaldeasturias.com\/magazine365\/wp-content\/uploads\/2015\/06\/fotonoticia_20150615170530_800-696x562.jpg 696w, https:\/\/eldigitaldeasturias.com\/magazine365\/wp-content\/uploads\/2015\/06\/fotonoticia_20150615170530_800-520x420.jpg 520w, https:\/\/eldigitaldeasturias.com\/magazine365\/wp-content\/uploads\/2015\/06\/fotonoticia_20150615170530_800.jpg 800w\" sizes=\"(max-width: 360px) 100vw, 360px\" \/>Las escuelas de hosteler\u00eda La C\u00f3nsula, en M\u00e1laga capital, y La Fonda, en el municipio malague\u00f1o de Benalm\u00e1dena, han abierto este lunes el plazo de recepci\u00f3n de solicitudes de alumnos para el pr\u00f3ximo curso escolar.<\/p>\n<p>Adem\u00e1s, seg\u00fan ha informado la Junta en un comunicado, los convenios de colaboraci\u00f3n entre la Agencia P\u00fablica de Educaci\u00f3n y Formaci\u00f3n (Apaef) y ambos consorcios-escuela se firmar\u00e1n este martes con el objetivo de posibilitar la realizaci\u00f3n de actividades formativas y de preparaci\u00f3n del nuevo curso mientras culmina su proceso de integraci\u00f3n definitiva en el citado organismo.<\/p>\n<p>El consejo rector de la Agencia P\u00fablica Andaluza de Educaci\u00f3n y Formaci\u00f3n, reunido d\u00edas atr\u00e1s, decidi\u00f3 la apertura de una l\u00ednea de actuaci\u00f3n con dotaci\u00f3n presupuestaria para el desarrollo de acciones formativas en el \u00e1mbito de la Formaci\u00f3n Profesional para el Empleo.<\/p>\n<p>Este acuerdo permite a la Consejer\u00eda de Educaci\u00f3n, Cultura y Deporte \u00abcumplir con su compromiso de garantizar la formaci\u00f3n en los consorcios-escuela y avanzar en el proceso de puesta en marcha de un nuevo modelo de gesti\u00f3n de estas entidades desde lo p\u00fablico, integradas en la Apaef\u00bb, han precisado desde el Gobierno andaluz.<\/p>\n<p>En el caso de ambas escuelas este curso escolar ha sido bastante pol\u00e9mico; de hecho, en La Fonda ni siquiera ha llegado a iniciarse. Los problemas de pagos han sido una constante, aunque se solucionaron a finales del pasado marzo, despu\u00e9s de meses de movilizaciones de alumnos y trabajadores, una vez que se ingres\u00f3 el 75 por ciento del dinero correspondiente a la subvenci\u00f3n de 2013.<\/p>\n<p>No obstante, los empleados de ambos centros no han cobrado a\u00fan el mes de mayo, algo que, han indicado a Europa Press, esperan que se solvente lo antes posible y que, de una vez, se d\u00e9 normalidad a ambos centros formativos. Previsiblemente, el convenio de colaboraci\u00f3n permitir\u00e1 inyectar liquidez para que los profesores reciban su n\u00f3mina adeudada y tambi\u00e9n la paga extra de verano.<\/p>\n<p>En el caso de La C\u00f3nsula, el n\u00famero habitual de alumnos nuevos es de 44 (22 para Sala y los mismos para Cocina). El pasado a\u00f1o la cifra de solicitudes ya descendi\u00f3 por las dificultades que se produjeron. En La Fonda, en total hay 32 para Sala y 24 para Cocina; de \u00e9stas \u00faltimas, la mitad ser\u00edan para nuevos alumnos.<\/p>\n","protected":false},"excerpt":{"rendered":"<p>Las escuelas de hosteler\u00eda La C\u00f3nsula, en M\u00e1laga capital, y La Fonda, en el municipio malague\u00f1o de Benalm\u00e1dena, han abierto este lunes el plazo de recepci\u00f3n de solicitudes de alumnos para el pr\u00f3ximo curso escolar. Adem\u00e1s, seg\u00fan ha informado la Junta en un comunicado, los convenios de colaboraci\u00f3n entre la Agencia P\u00fablica de Educaci\u00f3n y<\/p>\n","protected":false},"author":1,"featured_media":39947,"comment_status":"open","ping_status":"closed","sticky":false,"template":"","format":"standard","meta":{"footnotes":""},"categories":[222],"tags":[],"class_list":{"0":"post-39946","1":"post","2":"type-post","3":"status-publish","4":"format-standard","5":"has-post-thumbnail","7":"category-actualidad-turismo"},"aioseo_notices":[],"aioseo_head":"\n\t\t<!-- All in One SEO Pro 4.9.6.1 - aioseo.com -->\n\t<meta name=\"description\" content=\"Las escuelas de hosteler\u00eda La C\u00f3nsula, en M\u00e1laga capital, y La Fonda, en el municipio malague\u00f1o de Benalm\u00e1dena, han abierto este lunes el plazo de recepci\u00f3n de solicitudes de alumnos para el pr\u00f3ximo curso escolar. Adem\u00e1s, seg\u00fan ha informado la Junta en un comunicado, los convenios de colaboraci\u00f3n entre la Agencia P\u00fablica de Educaci\u00f3n y\" \/>\n\t<meta name=\"robots\" content=\"max-image-preview:large\" \/>\n\t<meta name=\"author\" content=\"admin\"\/>\n\t<meta name=\"google-site-verification\" content=\"UA-38556648-1\" \/>\n\t<meta name=\"keywords\" content=\"actualidad turismo\" \/>\n\t<link rel=\"canonical\" href=\"https:\/\/eldigitaldeasturias.com\/magazine365\/la-consula-y-la-fonda-abren-el-plazo-de-recepcion-de-solicitudes-para-el-proximo-curso\/\" \/>\n\t<meta name=\"generator\" content=\"All in One SEO Pro (AIOSEO) 4.9.6.1\" \/>\n\t\t<meta property=\"og:locale\" content=\"es_ES\" \/>\n\t\t<meta property=\"og:site_name\" content=\"El Digital de Asturias \u2013 Revista de ocio, turismo y estilo de vida\" \/>\n\t\t<meta property=\"og:type\" content=\"article\" \/>\n\t\t<meta property=\"og:title\" content=\"La C\u00f3nsula y La Fonda abren el plazo de recepci\u00f3n de solicitudes para el pr\u00f3ximo curso | El Digital de Asturias\" \/>\n\t\t<meta property=\"og:description\" content=\"Las escuelas de hosteler\u00eda La C\u00f3nsula, en M\u00e1laga capital, y La Fonda, en el municipio malague\u00f1o de Benalm\u00e1dena, han abierto este lunes el plazo de recepci\u00f3n de solicitudes de alumnos para el pr\u00f3ximo curso escolar. Adem\u00e1s, seg\u00fan ha informado la Junta en un comunicado, los convenios de colaboraci\u00f3n entre la Agencia P\u00fablica de Educaci\u00f3n y\" \/>\n\t\t<meta property=\"og:url\" content=\"https:\/\/eldigitaldeasturias.com\/magazine365\/la-consula-y-la-fonda-abren-el-plazo-de-recepcion-de-solicitudes-para-el-proximo-curso\/\" \/>\n\t\t<meta property=\"og:image\" content=\"https:\/\/eldigitaldeasturias.com\/magazine365\/wp-content\/uploads\/2015\/06\/fotonoticia_20150615170530_800.jpg\" \/>\n\t\t<meta property=\"og:image:secure_url\" content=\"https:\/\/eldigitaldeasturias.com\/magazine365\/wp-content\/uploads\/2015\/06\/fotonoticia_20150615170530_800.jpg\" \/>\n\t\t<meta property=\"og:image:width\" content=\"800\" \/>\n\t\t<meta property=\"og:image:height\" content=\"646\" \/>\n\t\t<meta property=\"article:published_time\" content=\"2015-06-16T00:07:16+00:00\" \/>\n\t\t<meta property=\"article:modified_time\" content=\"2015-06-16T00:07:16+00:00\" \/>\n\t\t<meta name=\"twitter:card\" content=\"summary_large_image\" \/>\n\t\t<meta name=\"twitter:title\" content=\"La C\u00f3nsula y La Fonda abren el plazo de recepci\u00f3n de solicitudes para el pr\u00f3ximo curso | El Digital de Asturias\" \/>\n\t\t<meta name=\"twitter:description\" content=\"Las escuelas de hosteler\u00eda La C\u00f3nsula, en M\u00e1laga capital, y La Fonda, en el municipio malague\u00f1o de Benalm\u00e1dena, han abierto este lunes el plazo de recepci\u00f3n de solicitudes de alumnos para el pr\u00f3ximo curso escolar. Adem\u00e1s, seg\u00fan ha informado la Junta en un comunicado, los convenios de colaboraci\u00f3n entre la Agencia P\u00fablica de Educaci\u00f3n y\" \/>\n\t\t<meta name=\"twitter:image\" content=\"https:\/\/eldigitaldeasturias.com\/magazine365\/wp-content\/uploads\/2015\/06\/fotonoticia_20150615170530_800.jpg\" \/>\n\t\t<script type=\"application\/ld+json\" class=\"aioseo-schema\">\n\t\t\t{\"@context\":\"https:\\\/\\\/schema.org\",\"@graph\":[{\"@type\":\"Article\",\"@id\":\"https:\\\/\\\/eldigitaldeasturias.com\\\/magazine365\\\/la-consula-y-la-fonda-abren-el-plazo-de-recepcion-de-solicitudes-para-el-proximo-curso\\\/#article\",\"name\":\"La C\\u00f3nsula y La Fonda abren el plazo de recepci\\u00f3n de solicitudes para el pr\\u00f3ximo curso | El Digital de Asturias\",\"headline\":\"La C\\u00f3nsula y La Fonda abren el plazo de recepci\\u00f3n de solicitudes para el pr\\u00f3ximo curso\",\"author\":{\"@id\":\"https:\\\/\\\/eldigitaldeasturias.com\\\/magazine365\\\/author\\\/admin\\\/#author\"},\"publisher\":{\"@id\":\"https:\\\/\\\/eldigitaldeasturias.com\\\/magazine365\\\/#organization\"},\"image\":{\"@type\":\"ImageObject\",\"url\":\"https:\\\/\\\/eldigitaldeasturias.com\\\/magazine365\\\/wp-content\\\/uploads\\\/2015\\\/06\\\/fotonoticia_20150615170530_800.jpg\",\"width\":800,\"height\":646},\"datePublished\":\"2015-06-16T01:37:16+02:00\",\"dateModified\":\"2015-06-16T01:37:16+02:00\",\"inLanguage\":\"es-ES\",\"mainEntityOfPage\":{\"@id\":\"https:\\\/\\\/eldigitaldeasturias.com\\\/magazine365\\\/la-consula-y-la-fonda-abren-el-plazo-de-recepcion-de-solicitudes-para-el-proximo-curso\\\/#webpage\"},\"isPartOf\":{\"@id\":\"https:\\\/\\\/eldigitaldeasturias.com\\\/magazine365\\\/la-consula-y-la-fonda-abren-el-plazo-de-recepcion-de-solicitudes-para-el-proximo-curso\\\/#webpage\"},\"articleSection\":\"Actualidad Turismo\"},{\"@type\":\"BreadcrumbList\",\"@id\":\"https:\\\/\\\/eldigitaldeasturias.com\\\/magazine365\\\/la-consula-y-la-fonda-abren-el-plazo-de-recepcion-de-solicitudes-para-el-proximo-curso\\\/#breadcrumblist\",\"itemListElement\":[{\"@type\":\"ListItem\",\"@id\":\"https:\\\/\\\/eldigitaldeasturias.com\\\/magazine365#listItem\",\"position\":1,\"name\":\"Home\",\"item\":\"https:\\\/\\\/eldigitaldeasturias.com\\\/magazine365\",\"nextItem\":{\"@type\":\"ListItem\",\"@id\":\"https:\\\/\\\/eldigitaldeasturias.com\\\/magazine365\\\/category\\\/actualidad-turismo\\\/#listItem\",\"name\":\"Actualidad Turismo\"}},{\"@type\":\"ListItem\",\"@id\":\"https:\\\/\\\/eldigitaldeasturias.com\\\/magazine365\\\/category\\\/actualidad-turismo\\\/#listItem\",\"position\":2,\"name\":\"Actualidad Turismo\",\"item\":\"https:\\\/\\\/eldigitaldeasturias.com\\\/magazine365\\\/category\\\/actualidad-turismo\\\/\",\"nextItem\":{\"@type\":\"ListItem\",\"@id\":\"https:\\\/\\\/eldigitaldeasturias.com\\\/magazine365\\\/la-consula-y-la-fonda-abren-el-plazo-de-recepcion-de-solicitudes-para-el-proximo-curso\\\/#listItem\",\"name\":\"La C\\u00f3nsula y La Fonda abren el plazo de recepci\\u00f3n de solicitudes para el pr\\u00f3ximo curso\"},\"previousItem\":{\"@type\":\"ListItem\",\"@id\":\"https:\\\/\\\/eldigitaldeasturias.com\\\/magazine365#listItem\",\"name\":\"Home\"}},{\"@type\":\"ListItem\",\"@id\":\"https:\\\/\\\/eldigitaldeasturias.com\\\/magazine365\\\/la-consula-y-la-fonda-abren-el-plazo-de-recepcion-de-solicitudes-para-el-proximo-curso\\\/#listItem\",\"position\":3,\"name\":\"La C\\u00f3nsula y La Fonda abren el plazo de recepci\\u00f3n de solicitudes para el pr\\u00f3ximo curso\",\"previousItem\":{\"@type\":\"ListItem\",\"@id\":\"https:\\\/\\\/eldigitaldeasturias.com\\\/magazine365\\\/category\\\/actualidad-turismo\\\/#listItem\",\"name\":\"Actualidad Turismo\"}}]},{\"@type\":\"Organization\",\"@id\":\"https:\\\/\\\/eldigitaldeasturias.com\\\/magazine365\\\/#organization\",\"name\":\"El digital de Asturias\",\"description\":\"Revista de ocio, turismo y estilo de vida\",\"url\":\"https:\\\/\\\/eldigitaldeasturias.com\\\/magazine365\\\/\",\"logo\":{\"@type\":\"ImageObject\",\"url\":\"https:\\\/\\\/www.eldigitaldeasturias.com\\\/noticias\\\/wp-content\\\/uploads\\\/2020\\\/12\\\/EDA.jpg\",\"@id\":\"https:\\\/\\\/eldigitaldeasturias.com\\\/magazine365\\\/la-consula-y-la-fonda-abren-el-plazo-de-recepcion-de-solicitudes-para-el-proximo-curso\\\/#organizationLogo\"},\"image\":{\"@id\":\"https:\\\/\\\/eldigitaldeasturias.com\\\/magazine365\\\/la-consula-y-la-fonda-abren-el-plazo-de-recepcion-de-solicitudes-para-el-proximo-curso\\\/#organizationLogo\"}},{\"@type\":\"Person\",\"@id\":\"https:\\\/\\\/eldigitaldeasturias.com\\\/magazine365\\\/author\\\/admin\\\/#author\",\"url\":\"https:\\\/\\\/eldigitaldeasturias.com\\\/magazine365\\\/author\\\/admin\\\/\",\"name\":\"admin\",\"image\":{\"@type\":\"ImageObject\",\"@id\":\"https:\\\/\\\/eldigitaldeasturias.com\\\/magazine365\\\/la-consula-y-la-fonda-abren-el-plazo-de-recepcion-de-solicitudes-para-el-proximo-curso\\\/#authorImage\",\"url\":\"https:\\\/\\\/eldigitaldeasturias.com\\\/magazine365\\\/wp-content\\\/litespeed\\\/avatar\\\/e571bcf59a0edd6fa6838245a470f2fe.jpg?ver=1776969259\",\"width\":96,\"height\":96,\"caption\":\"admin\"}},{\"@type\":\"WebPage\",\"@id\":\"https:\\\/\\\/eldigitaldeasturias.com\\\/magazine365\\\/la-consula-y-la-fonda-abren-el-plazo-de-recepcion-de-solicitudes-para-el-proximo-curso\\\/#webpage\",\"url\":\"https:\\\/\\\/eldigitaldeasturias.com\\\/magazine365\\\/la-consula-y-la-fonda-abren-el-plazo-de-recepcion-de-solicitudes-para-el-proximo-curso\\\/\",\"name\":\"La C\\u00f3nsula y La Fonda abren el plazo de recepci\\u00f3n de solicitudes para el pr\\u00f3ximo curso | El Digital de Asturias\",\"description\":\"Las escuelas de hosteler\\u00eda La C\\u00f3nsula, en M\\u00e1laga capital, y La Fonda, en el municipio malague\\u00f1o de Benalm\\u00e1dena, han abierto este lunes el plazo de recepci\\u00f3n de solicitudes de alumnos para el pr\\u00f3ximo curso escolar. Adem\\u00e1s, seg\\u00fan ha informado la Junta en un comunicado, los convenios de colaboraci\\u00f3n entre la Agencia P\\u00fablica de Educaci\\u00f3n y\",\"inLanguage\":\"es-ES\",\"isPartOf\":{\"@id\":\"https:\\\/\\\/eldigitaldeasturias.com\\\/magazine365\\\/#website\"},\"breadcrumb\":{\"@id\":\"https:\\\/\\\/eldigitaldeasturias.com\\\/magazine365\\\/la-consula-y-la-fonda-abren-el-plazo-de-recepcion-de-solicitudes-para-el-proximo-curso\\\/#breadcrumblist\"},\"author\":{\"@id\":\"https:\\\/\\\/eldigitaldeasturias.com\\\/magazine365\\\/author\\\/admin\\\/#author\"},\"creator\":{\"@id\":\"https:\\\/\\\/eldigitaldeasturias.com\\\/magazine365\\\/author\\\/admin\\\/#author\"},\"image\":{\"@type\":\"ImageObject\",\"url\":\"https:\\\/\\\/eldigitaldeasturias.com\\\/magazine365\\\/wp-content\\\/uploads\\\/2015\\\/06\\\/fotonoticia_20150615170530_800.jpg\",\"@id\":\"https:\\\/\\\/eldigitaldeasturias.com\\\/magazine365\\\/la-consula-y-la-fonda-abren-el-plazo-de-recepcion-de-solicitudes-para-el-proximo-curso\\\/#mainImage\",\"width\":800,\"height\":646},\"primaryImageOfPage\":{\"@id\":\"https:\\\/\\\/eldigitaldeasturias.com\\\/magazine365\\\/la-consula-y-la-fonda-abren-el-plazo-de-recepcion-de-solicitudes-para-el-proximo-curso\\\/#mainImage\"},\"datePublished\":\"2015-06-16T01:37:16+02:00\",\"dateModified\":\"2015-06-16T01:37:16+02:00\"},{\"@type\":\"WebSite\",\"@id\":\"https:\\\/\\\/eldigitaldeasturias.com\\\/magazine365\\\/#website\",\"url\":\"https:\\\/\\\/eldigitaldeasturias.com\\\/magazine365\\\/\",\"name\":\"El Digital de Asturias\",\"description\":\"Revista de ocio, turismo y estilo de vida\",\"inLanguage\":\"es-ES\",\"publisher\":{\"@id\":\"https:\\\/\\\/eldigitaldeasturias.com\\\/magazine365\\\/#organization\"}}]}\n\t\t<\/script>\n\t\t<!-- All in One SEO Pro -->\r\n\t\t<title>La C\u00f3nsula y La Fonda abren el plazo de recepci\u00f3n de solicitudes para el pr\u00f3ximo curso | El Digital de Asturias<\/title>\n\n","aioseo_head_json":{"title":"La C\u00f3nsula y La Fonda abren el plazo de recepci\u00f3n de solicitudes para el pr\u00f3ximo curso | El Digital de Asturias","description":"Las escuelas de hosteler\u00eda La C\u00f3nsula, en M\u00e1laga capital, y La Fonda, en el municipio malague\u00f1o de Benalm\u00e1dena, han abierto este lunes el plazo de recepci\u00f3n de solicitudes de alumnos para el pr\u00f3ximo curso escolar. Adem\u00e1s, seg\u00fan ha informado la Junta en un comunicado, los convenios de colaboraci\u00f3n entre la Agencia P\u00fablica de Educaci\u00f3n y","canonical_url":"https:\/\/eldigitaldeasturias.com\/magazine365\/la-consula-y-la-fonda-abren-el-plazo-de-recepcion-de-solicitudes-para-el-proximo-curso\/","robots":"max-image-preview:large","keywords":"actualidad turismo","webmasterTools":{"google-site-verification":"UA-38556648-1","miscellaneous":""},"schema":{"@context":"https:\/\/schema.org","@graph":[{"@type":"Article","@id":"https:\/\/eldigitaldeasturias.com\/magazine365\/la-consula-y-la-fonda-abren-el-plazo-de-recepcion-de-solicitudes-para-el-proximo-curso\/#article","name":"La C\u00f3nsula y La Fonda abren el plazo de recepci\u00f3n de solicitudes para el pr\u00f3ximo curso | El Digital de Asturias","headline":"La C\u00f3nsula y La Fonda abren el plazo de recepci\u00f3n de solicitudes para el pr\u00f3ximo curso","author":{"@id":"https:\/\/eldigitaldeasturias.com\/magazine365\/author\/admin\/#author"},"publisher":{"@id":"https:\/\/eldigitaldeasturias.com\/magazine365\/#organization"},"image":{"@type":"ImageObject","url":"https:\/\/eldigitaldeasturias.com\/magazine365\/wp-content\/uploads\/2015\/06\/fotonoticia_20150615170530_800.jpg","width":800,"height":646},"datePublished":"2015-06-16T01:37:16+02:00","dateModified":"2015-06-16T01:37:16+02:00","inLanguage":"es-ES","mainEntityOfPage":{"@id":"https:\/\/eldigitaldeasturias.com\/magazine365\/la-consula-y-la-fonda-abren-el-plazo-de-recepcion-de-solicitudes-para-el-proximo-curso\/#webpage"},"isPartOf":{"@id":"https:\/\/eldigitaldeasturias.com\/magazine365\/la-consula-y-la-fonda-abren-el-plazo-de-recepcion-de-solicitudes-para-el-proximo-curso\/#webpage"},"articleSection":"Actualidad Turismo"},{"@type":"BreadcrumbList","@id":"https:\/\/eldigitaldeasturias.com\/magazine365\/la-consula-y-la-fonda-abren-el-plazo-de-recepcion-de-solicitudes-para-el-proximo-curso\/#breadcrumblist","itemListElement":[{"@type":"ListItem","@id":"https:\/\/eldigitaldeasturias.com\/magazine365#listItem","position":1,"name":"Home","item":"https:\/\/eldigitaldeasturias.com\/magazine365","nextItem":{"@type":"ListItem","@id":"https:\/\/eldigitaldeasturias.com\/magazine365\/category\/actualidad-turismo\/#listItem","name":"Actualidad Turismo"}},{"@type":"ListItem","@id":"https:\/\/eldigitaldeasturias.com\/magazine365\/category\/actualidad-turismo\/#listItem","position":2,"name":"Actualidad Turismo","item":"https:\/\/eldigitaldeasturias.com\/magazine365\/category\/actualidad-turismo\/","nextItem":{"@type":"ListItem","@id":"https:\/\/eldigitaldeasturias.com\/magazine365\/la-consula-y-la-fonda-abren-el-plazo-de-recepcion-de-solicitudes-para-el-proximo-curso\/#listItem","name":"La C\u00f3nsula y La Fonda abren el plazo de recepci\u00f3n de solicitudes para el pr\u00f3ximo curso"},"previousItem":{"@type":"ListItem","@id":"https:\/\/eldigitaldeasturias.com\/magazine365#listItem","name":"Home"}},{"@type":"ListItem","@id":"https:\/\/eldigitaldeasturias.com\/magazine365\/la-consula-y-la-fonda-abren-el-plazo-de-recepcion-de-solicitudes-para-el-proximo-curso\/#listItem","position":3,"name":"La C\u00f3nsula y La Fonda abren el plazo de recepci\u00f3n de solicitudes para el pr\u00f3ximo curso","previousItem":{"@type":"ListItem","@id":"https:\/\/eldigitaldeasturias.com\/magazine365\/category\/actualidad-turismo\/#listItem","name":"Actualidad Turismo"}}]},{"@type":"Organization","@id":"https:\/\/eldigitaldeasturias.com\/magazine365\/#organization","name":"El digital de Asturias","description":"Revista de ocio, turismo y estilo de vida","url":"https:\/\/eldigitaldeasturias.com\/magazine365\/","logo":{"@type":"ImageObject","url":"https:\/\/www.eldigitaldeasturias.com\/noticias\/wp-content\/uploads\/2020\/12\/EDA.jpg","@id":"https:\/\/eldigitaldeasturias.com\/magazine365\/la-consula-y-la-fonda-abren-el-plazo-de-recepcion-de-solicitudes-para-el-proximo-curso\/#organizationLogo"},"image":{"@id":"https:\/\/eldigitaldeasturias.com\/magazine365\/la-consula-y-la-fonda-abren-el-plazo-de-recepcion-de-solicitudes-para-el-proximo-curso\/#organizationLogo"}},{"@type":"Person","@id":"https:\/\/eldigitaldeasturias.com\/magazine365\/author\/admin\/#author","url":"https:\/\/eldigitaldeasturias.com\/magazine365\/author\/admin\/","name":"admin","image":{"@type":"ImageObject","@id":"https:\/\/eldigitaldeasturias.com\/magazine365\/la-consula-y-la-fonda-abren-el-plazo-de-recepcion-de-solicitudes-para-el-proximo-curso\/#authorImage","url":"https:\/\/eldigitaldeasturias.com\/magazine365\/wp-content\/litespeed\/avatar\/e571bcf59a0edd6fa6838245a470f2fe.jpg?ver=1776969259","width":96,"height":96,"caption":"admin"}},{"@type":"WebPage","@id":"https:\/\/eldigitaldeasturias.com\/magazine365\/la-consula-y-la-fonda-abren-el-plazo-de-recepcion-de-solicitudes-para-el-proximo-curso\/#webpage","url":"https:\/\/eldigitaldeasturias.com\/magazine365\/la-consula-y-la-fonda-abren-el-plazo-de-recepcion-de-solicitudes-para-el-proximo-curso\/","name":"La C\u00f3nsula y La Fonda abren el plazo de recepci\u00f3n de solicitudes para el pr\u00f3ximo curso | El Digital de Asturias","description":"Las escuelas de hosteler\u00eda La C\u00f3nsula, en M\u00e1laga capital, y La Fonda, en el municipio malague\u00f1o de Benalm\u00e1dena, han abierto este lunes el plazo de recepci\u00f3n de solicitudes de alumnos para el pr\u00f3ximo curso escolar. Adem\u00e1s, seg\u00fan ha informado la Junta en un comunicado, los convenios de colaboraci\u00f3n entre la Agencia P\u00fablica de Educaci\u00f3n y","inLanguage":"es-ES","isPartOf":{"@id":"https:\/\/eldigitaldeasturias.com\/magazine365\/#website"},"breadcrumb":{"@id":"https:\/\/eldigitaldeasturias.com\/magazine365\/la-consula-y-la-fonda-abren-el-plazo-de-recepcion-de-solicitudes-para-el-proximo-curso\/#breadcrumblist"},"author":{"@id":"https:\/\/eldigitaldeasturias.com\/magazine365\/author\/admin\/#author"},"creator":{"@id":"https:\/\/eldigitaldeasturias.com\/magazine365\/author\/admin\/#author"},"image":{"@type":"ImageObject","url":"https:\/\/eldigitaldeasturias.com\/magazine365\/wp-content\/uploads\/2015\/06\/fotonoticia_20150615170530_800.jpg","@id":"https:\/\/eldigitaldeasturias.com\/magazine365\/la-consula-y-la-fonda-abren-el-plazo-de-recepcion-de-solicitudes-para-el-proximo-curso\/#mainImage","width":800,"height":646},"primaryImageOfPage":{"@id":"https:\/\/eldigitaldeasturias.com\/magazine365\/la-consula-y-la-fonda-abren-el-plazo-de-recepcion-de-solicitudes-para-el-proximo-curso\/#mainImage"},"datePublished":"2015-06-16T01:37:16+02:00","dateModified":"2015-06-16T01:37:16+02:00"},{"@type":"WebSite","@id":"https:\/\/eldigitaldeasturias.com\/magazine365\/#website","url":"https:\/\/eldigitaldeasturias.com\/magazine365\/","name":"El Digital de Asturias","description":"Revista de ocio, turismo y estilo de vida","inLanguage":"es-ES","publisher":{"@id":"https:\/\/eldigitaldeasturias.com\/magazine365\/#organization"}}]},"og:locale":"es_ES","og:site_name":"El Digital de Asturias \u2013 Revista de ocio, turismo y estilo de vida","og:type":"article","og:title":"La C\u00f3nsula y La Fonda abren el plazo de recepci\u00f3n de solicitudes para el pr\u00f3ximo curso | El Digital de Asturias","og:description":"Las escuelas de hosteler\u00eda La C\u00f3nsula, en M\u00e1laga capital, y La Fonda, en el municipio malague\u00f1o de Benalm\u00e1dena, han abierto este lunes el plazo de recepci\u00f3n de solicitudes de alumnos para el pr\u00f3ximo curso escolar. Adem\u00e1s, seg\u00fan ha informado la Junta en un comunicado, los convenios de colaboraci\u00f3n entre la Agencia P\u00fablica de Educaci\u00f3n y","og:url":"https:\/\/eldigitaldeasturias.com\/magazine365\/la-consula-y-la-fonda-abren-el-plazo-de-recepcion-de-solicitudes-para-el-proximo-curso\/","og:image":"https:\/\/eldigitaldeasturias.com\/magazine365\/wp-content\/uploads\/2015\/06\/fotonoticia_20150615170530_800.jpg","og:image:secure_url":"https:\/\/eldigitaldeasturias.com\/magazine365\/wp-content\/uploads\/2015\/06\/fotonoticia_20150615170530_800.jpg","og:image:width":800,"og:image:height":646,"article:published_time":"2015-06-16T00:07:16+00:00","article:modified_time":"2015-06-16T00:07:16+00:00","twitter:card":"summary_large_image","twitter:title":"La C\u00f3nsula y La Fonda abren el plazo de recepci\u00f3n de solicitudes para el pr\u00f3ximo curso | El Digital de Asturias","twitter:description":"Las escuelas de hosteler\u00eda La C\u00f3nsula, en M\u00e1laga capital, y La Fonda, en el municipio malague\u00f1o de Benalm\u00e1dena, han abierto este lunes el plazo de recepci\u00f3n de solicitudes de alumnos para el pr\u00f3ximo curso escolar. Adem\u00e1s, seg\u00fan ha informado la Junta en un comunicado, los convenios de colaboraci\u00f3n entre la Agencia P\u00fablica de Educaci\u00f3n y","twitter:image":"https:\/\/eldigitaldeasturias.com\/magazine365\/wp-content\/uploads\/2015\/06\/fotonoticia_20150615170530_800.jpg"},"aioseo_meta_data":{"post_id":"39946","title":null,"description":null,"keywords":null,"keyphrases":null,"primary_term":null,"canonical_url":null,"og_title":null,"og_description":null,"og_object_type":"default","og_image_type":"default","og_image_url":null,"og_image_width":null,"og_image_height":null,"og_image_custom_url":null,"og_image_custom_fields":null,"og_video":null,"og_custom_url":null,"og_article_section":null,"og_article_tags":null,"twitter_use_og":false,"twitter_card":"default","twitter_image_type":"default","twitter_image_url":null,"twitter_image_custom_url":null,"twitter_image_custom_fields":null,"twitter_title":null,"twitter_description":null,"schema":{"blockGraphs":[],"customGraphs":[],"default":{"data":{"Article":[],"Course":[],"Dataset":[],"FAQPage":[],"Movie":[],"Person":[],"Product":[],"ProductReview":[],"Car":[],"Recipe":[],"Service":[],"SoftwareApplication":[],"WebPage":[]},"graphName":"","isEnabled":true},"graphs":[],"defaultGraph":"","defaultPostTypeGraph":""},"schema_type":null,"schema_type_options":null,"pillar_content":false,"robots_default":true,"robots_noindex":false,"robots_noarchive":false,"robots_nosnippet":false,"robots_nofollow":false,"robots_noimageindex":false,"robots_noodp":false,"robots_notranslate":false,"robots_max_snippet":null,"robots_max_videopreview":null,"robots_max_imagepreview":"large","priority":null,"frequency":null,"location":null,"local_seo":null,"seo_analyzer_scan_date":"2025-09-19 12:39:07","breadcrumb_settings":null,"limit_modified_date":false,"open_ai":null,"ai":null,"created":"2021-03-09 02:34:41","updated":"2025-09-19 12:39:07"},"aioseo_breadcrumb":"<div class=\"aioseo-breadcrumbs\"><span class=\"aioseo-breadcrumb\">\n\t<a href=\"https:\/\/eldigitaldeasturias.com\/magazine365\" title=\"Home\">Home<\/a>\n<\/span><span class=\"aioseo-breadcrumb-separator\">\u2013<\/span><span class=\"aioseo-breadcrumb\">\n\t<a href=\"https:\/\/eldigitaldeasturias.com\/magazine365\/category\/actualidad-turismo\/\" title=\"Actualidad Turismo\">Actualidad Turismo<\/a>\n<\/span><span class=\"aioseo-breadcrumb-separator\">\u2013<\/span><span class=\"aioseo-breadcrumb\">\n\t<a href=\"https:\/\/eldigitaldeasturias.com\/magazine365\/la-consula-y-la-fonda-abren-el-plazo-de-recepcion-de-solicitudes-para-el-proximo-curso\/\" title=\"La C\u00f3nsula y La Fonda abren el plazo de recepci\u00f3n de solicitudes para el pr\u00f3ximo curso\">La C\u00f3nsula y La Fonda abren el plazo de recepci\u00f3n de solicitudes para el pr\u00f3ximo curso<\/a>\n<\/span><\/div>","aioseo_breadcrumb_json":[{"label":"Home","link":"https:\/\/eldigitaldeasturias.com\/magazine365"},{"label":"Actualidad Turismo","link":"https:\/\/eldigitaldeasturias.com\/magazine365\/category\/actualidad-turismo\/"},{"label":"La C\u00f3nsula y La Fonda abren el plazo de recepci\u00f3n de solicitudes para el pr\u00f3ximo curso","link":"https:\/\/eldigitaldeasturias.com\/magazine365\/la-consula-y-la-fonda-abren-el-plazo-de-recepcion-de-solicitudes-para-el-proximo-curso\/"}],"_links":{"self":[{"href":"https:\/\/eldigitaldeasturias.com\/magazine365\/wp-json\/wp\/v2\/posts\/39946","targetHints":{"allow":["GET"]}}],"collection":[{"href":"https:\/\/eldigitaldeasturias.com\/magazine365\/wp-json\/wp\/v2\/posts"}],"about":[{"href":"https:\/\/eldigitaldeasturias.com\/magazine365\/wp-json\/wp\/v2\/types\/post"}],"author":[{"embeddable":true,"href":"https:\/\/eldigitaldeasturias.com\/magazine365\/wp-json\/wp\/v2\/users\/1"}],"replies":[{"embeddable":true,"href":"https:\/\/eldigitaldeasturias.com\/magazine365\/wp-json\/wp\/v2\/comments?post=39946"}],"version-history":[{"count":0,"href":"https:\/\/eldigitaldeasturias.com\/magazine365\/wp-json\/wp\/v2\/posts\/39946\/revisions"}],"wp:featuredmedia":[{"embeddable":true,"href":"https:\/\/eldigitaldeasturias.com\/magazine365\/wp-json\/wp\/v2\/media\/39947"}],"wp:attachment":[{"href":"https:\/\/eldigitaldeasturias.com\/magazine365\/wp-json\/wp\/v2\/media?parent=39946"}],"wp:term":[{"taxonomy":"category","embeddable":true,"href":"https:\/\/eldigitaldeasturias.com\/magazine365\/wp-json\/wp\/v2\/categories?post=39946"},{"taxonomy":"post_tag","embeddable":true,"href":"https:\/\/eldigitaldeasturias.com\/magazine365\/wp-json\/wp\/v2\/tags?post=39946"}],"curies":[{"name":"wp","href":"https:\/\/api.w.org\/{rel}","templated":true}]}}