{"id":39910,"date":"2015-06-16T01:11:26","date_gmt":"2015-06-15T23:41:26","guid":{"rendered":"http:\/\/eldigitaldeasturias.com\/magazine365\/?p=39910"},"modified":"2015-06-16T01:11:26","modified_gmt":"2015-06-15T23:41:26","slug":"ihg-anuncia-la-apertura-de-su-quinto-hotel-en-francia","status":"publish","type":"post","link":"https:\/\/eldigitaldeasturias.com\/magazine365\/ihg-anuncia-la-apertura-de-su-quinto-hotel-en-francia\/","title":{"rendered":"IHG anuncia la apertura de su quinto hotel en Francia"},"content":{"rendered":"<p><img fetchpriority=\"high\" decoding=\"async\" class=\"alignleft size-medium wp-image-39911\" src=\"https:\/\/eldigitaldeasturias.com\/magazine365\/wp-content\/uploads\/2015\/06\/fotonoticia_20150615143023_800-360x240.jpg\" alt=\"fotonoticia_20150615143023_800\" width=\"360\" height=\"240\" srcset=\"https:\/\/eldigitaldeasturias.com\/magazine365\/wp-content\/uploads\/2015\/06\/fotonoticia_20150615143023_800-360x240.jpg 360w, https:\/\/eldigitaldeasturias.com\/magazine365\/wp-content\/uploads\/2015\/06\/fotonoticia_20150615143023_800-650x434.jpg 650w, https:\/\/eldigitaldeasturias.com\/magazine365\/wp-content\/uploads\/2015\/06\/fotonoticia_20150615143023_800-768x513.jpg 768w, https:\/\/eldigitaldeasturias.com\/magazine365\/wp-content\/uploads\/2015\/06\/fotonoticia_20150615143023_800-150x100.jpg 150w, https:\/\/eldigitaldeasturias.com\/magazine365\/wp-content\/uploads\/2015\/06\/fotonoticia_20150615143023_800-450x300.jpg 450w, https:\/\/eldigitaldeasturias.com\/magazine365\/wp-content\/uploads\/2015\/06\/fotonoticia_20150615143023_800-696x465.jpg 696w, https:\/\/eldigitaldeasturias.com\/magazine365\/wp-content\/uploads\/2015\/06\/fotonoticia_20150615143023_800-629x420.jpg 629w, https:\/\/eldigitaldeasturias.com\/magazine365\/wp-content\/uploads\/2015\/06\/fotonoticia_20150615143023_800-84x55.jpg 84w, https:\/\/eldigitaldeasturias.com\/magazine365\/wp-content\/uploads\/2015\/06\/fotonoticia_20150615143023_800.jpg 800w\" sizes=\"(max-width: 360px) 100vw, 360px\" \/>Intercontinental Hotels Group ha anunciado la apertura de un nuevo hotel en Francia, que ser\u00e1 el quinto de la compa\u00f1\u00eda en el pa\u00eds galo y que tiene prevista su apertura en oto\u00f1o de 2014.<\/p>\n<p>El hotel de 143 habitaciones ser\u00e1 operado bajo un acuerdo de gesti\u00f3n con Cr\u00e9dit Agricole Assurances y estar\u00e1 desarrollado por Eiffage.<\/p>\n<p>El establecimiento se suma as\u00ed a los otros cuatro hoteles que la marca posee en Francia: Intercontinental Paris &#8211; Le Grand, InterContinental Paris &#8211; Avenue Marceau, InterContinental Marseille Hotel Dieu, y InterContinental Carlton Cannes.<\/p>\n<p>Situado justo en la orilla del r\u00edo R\u00f3dano, la propiedad era uno de los hospitales m\u00e1s antiguos de Francia famoso por su belleza arquitect\u00f3nic- Forma parte de un grupo de la lista de edificios que data del siglo 17, cerca de la Place Bellecour, en el coraz\u00f3n de la ciudad.<\/p>\n<p>&#8216;InterContinental Lyon H\u00f4tel-Dieu&#8217; y el centro de conferencias contiguo son parte de un proyecto de desarrollo de usos m\u00faltiples llamado Grand H\u00f4tel Dieu, un \u00e1rea de gran tama\u00f1o en el centro de Lyon con tiendas , restaurantes, oficinas, apartamentos privados y la vecina &#8216;Cit\u00e9 de la Gastronomie&#8217;.<\/p>\n<p>El establecimiento contar\u00e1 con un centro de conferencias de 2.500 metros cuadrados que incluye nueve salas de reuniones y un amplio centro de reuniones, un lounge y un gran sal\u00f3n de 500 metros cuadrados.<\/p>\n<p>\u00abEstamos encantados de ampliar nuestra marca InterContinental en Francia y cimentar nuestra posici\u00f3n de liderazgo en el mercado internacional de hoteles. InterContinental Hotels &amp; Resorts es una verdadera se\u00f1a de identidad ic\u00f3nica de lujo y este hotel es una adquisici\u00f3n excepcional para nuestra cartera europea\u00bb, explic\u00f3, el vicepresidente de desarrollo para la zona norte y este de Europa, Willemijn Geels.<\/p>\n","protected":false},"excerpt":{"rendered":"<p>Intercontinental Hotels Group ha anunciado la apertura de un nuevo hotel en Francia, que ser\u00e1 el quinto de la compa\u00f1\u00eda en el pa\u00eds galo y que tiene prevista su apertura en oto\u00f1o de 2014. El hotel de 143 habitaciones ser\u00e1 operado bajo un acuerdo de gesti\u00f3n con Cr\u00e9dit Agricole Assurances y estar\u00e1 desarrollado por Eiffage.<\/p>\n","protected":false},"author":1,"featured_media":39911,"comment_status":"open","ping_status":"closed","sticky":false,"template":"","format":"standard","meta":{"footnotes":""},"categories":[222],"tags":[],"class_list":{"0":"post-39910","1":"post","2":"type-post","3":"status-publish","4":"format-standard","5":"has-post-thumbnail","7":"category-actualidad-turismo"},"aioseo_notices":[],"aioseo_head":"\n\t\t<!-- All in One SEO Pro 4.9.6.1 - aioseo.com -->\n\t<meta name=\"description\" content=\"Intercontinental Hotels Group ha anunciado la apertura de un nuevo hotel en Francia, que ser\u00e1 el quinto de la compa\u00f1\u00eda en el pa\u00eds galo y que tiene prevista su apertura en oto\u00f1o de 2014. El hotel de 143 habitaciones ser\u00e1 operado bajo un acuerdo de gesti\u00f3n con Cr\u00e9dit Agricole Assurances y estar\u00e1 desarrollado por Eiffage.\" \/>\n\t<meta name=\"robots\" content=\"max-image-preview:large\" \/>\n\t<meta name=\"author\" content=\"admin\"\/>\n\t<meta name=\"google-site-verification\" content=\"UA-38556648-1\" \/>\n\t<meta name=\"keywords\" content=\"actualidad turismo\" \/>\n\t<link rel=\"canonical\" href=\"https:\/\/eldigitaldeasturias.com\/magazine365\/ihg-anuncia-la-apertura-de-su-quinto-hotel-en-francia\/\" \/>\n\t<meta name=\"generator\" content=\"All in One SEO Pro (AIOSEO) 4.9.6.1\" \/>\n\t\t<meta property=\"og:locale\" content=\"es_ES\" \/>\n\t\t<meta property=\"og:site_name\" content=\"El Digital de Asturias \u2013 Revista de ocio, turismo y estilo de vida\" \/>\n\t\t<meta property=\"og:type\" content=\"article\" \/>\n\t\t<meta property=\"og:title\" content=\"IHG anuncia la apertura de su quinto hotel en Francia | El Digital de Asturias\" \/>\n\t\t<meta property=\"og:description\" content=\"Intercontinental Hotels Group ha anunciado la apertura de un nuevo hotel en Francia, que ser\u00e1 el quinto de la compa\u00f1\u00eda en el pa\u00eds galo y que tiene prevista su apertura en oto\u00f1o de 2014. El hotel de 143 habitaciones ser\u00e1 operado bajo un acuerdo de gesti\u00f3n con Cr\u00e9dit Agricole Assurances y estar\u00e1 desarrollado por Eiffage.\" \/>\n\t\t<meta property=\"og:url\" content=\"https:\/\/eldigitaldeasturias.com\/magazine365\/ihg-anuncia-la-apertura-de-su-quinto-hotel-en-francia\/\" \/>\n\t\t<meta property=\"og:image\" content=\"https:\/\/eldigitaldeasturias.com\/magazine365\/wp-content\/uploads\/2015\/06\/fotonoticia_20150615143023_800.jpg\" \/>\n\t\t<meta property=\"og:image:secure_url\" content=\"https:\/\/eldigitaldeasturias.com\/magazine365\/wp-content\/uploads\/2015\/06\/fotonoticia_20150615143023_800.jpg\" \/>\n\t\t<meta property=\"og:image:width\" content=\"800\" \/>\n\t\t<meta property=\"og:image:height\" content=\"534\" \/>\n\t\t<meta property=\"article:published_time\" content=\"2015-06-15T23:41:26+00:00\" \/>\n\t\t<meta property=\"article:modified_time\" content=\"2015-06-15T23:41:26+00:00\" \/>\n\t\t<meta name=\"twitter:card\" content=\"summary_large_image\" \/>\n\t\t<meta name=\"twitter:title\" content=\"IHG anuncia la apertura de su quinto hotel en Francia | El Digital de Asturias\" \/>\n\t\t<meta name=\"twitter:description\" content=\"Intercontinental Hotels Group ha anunciado la apertura de un nuevo hotel en Francia, que ser\u00e1 el quinto de la compa\u00f1\u00eda en el pa\u00eds galo y que tiene prevista su apertura en oto\u00f1o de 2014. El hotel de 143 habitaciones ser\u00e1 operado bajo un acuerdo de gesti\u00f3n con Cr\u00e9dit Agricole Assurances y estar\u00e1 desarrollado por Eiffage.\" \/>\n\t\t<meta name=\"twitter:image\" content=\"https:\/\/eldigitaldeasturias.com\/magazine365\/wp-content\/uploads\/2015\/06\/fotonoticia_20150615143023_800.jpg\" \/>\n\t\t<script type=\"application\/ld+json\" class=\"aioseo-schema\">\n\t\t\t{\"@context\":\"https:\\\/\\\/schema.org\",\"@graph\":[{\"@type\":\"Article\",\"@id\":\"https:\\\/\\\/eldigitaldeasturias.com\\\/magazine365\\\/ihg-anuncia-la-apertura-de-su-quinto-hotel-en-francia\\\/#article\",\"name\":\"IHG anuncia la apertura de su quinto hotel en Francia | El Digital de Asturias\",\"headline\":\"IHG anuncia la apertura de su quinto hotel en Francia\",\"author\":{\"@id\":\"https:\\\/\\\/eldigitaldeasturias.com\\\/magazine365\\\/author\\\/admin\\\/#author\"},\"publisher\":{\"@id\":\"https:\\\/\\\/eldigitaldeasturias.com\\\/magazine365\\\/#organization\"},\"image\":{\"@type\":\"ImageObject\",\"url\":\"https:\\\/\\\/eldigitaldeasturias.com\\\/magazine365\\\/wp-content\\\/uploads\\\/2015\\\/06\\\/fotonoticia_20150615143023_800.jpg\",\"width\":800,\"height\":534},\"datePublished\":\"2015-06-16T01:11:26+02:00\",\"dateModified\":\"2015-06-16T01:11:26+02:00\",\"inLanguage\":\"es-ES\",\"mainEntityOfPage\":{\"@id\":\"https:\\\/\\\/eldigitaldeasturias.com\\\/magazine365\\\/ihg-anuncia-la-apertura-de-su-quinto-hotel-en-francia\\\/#webpage\"},\"isPartOf\":{\"@id\":\"https:\\\/\\\/eldigitaldeasturias.com\\\/magazine365\\\/ihg-anuncia-la-apertura-de-su-quinto-hotel-en-francia\\\/#webpage\"},\"articleSection\":\"Actualidad Turismo\"},{\"@type\":\"BreadcrumbList\",\"@id\":\"https:\\\/\\\/eldigitaldeasturias.com\\\/magazine365\\\/ihg-anuncia-la-apertura-de-su-quinto-hotel-en-francia\\\/#breadcrumblist\",\"itemListElement\":[{\"@type\":\"ListItem\",\"@id\":\"https:\\\/\\\/eldigitaldeasturias.com\\\/magazine365#listItem\",\"position\":1,\"name\":\"Home\",\"item\":\"https:\\\/\\\/eldigitaldeasturias.com\\\/magazine365\",\"nextItem\":{\"@type\":\"ListItem\",\"@id\":\"https:\\\/\\\/eldigitaldeasturias.com\\\/magazine365\\\/category\\\/actualidad-turismo\\\/#listItem\",\"name\":\"Actualidad Turismo\"}},{\"@type\":\"ListItem\",\"@id\":\"https:\\\/\\\/eldigitaldeasturias.com\\\/magazine365\\\/category\\\/actualidad-turismo\\\/#listItem\",\"position\":2,\"name\":\"Actualidad Turismo\",\"item\":\"https:\\\/\\\/eldigitaldeasturias.com\\\/magazine365\\\/category\\\/actualidad-turismo\\\/\",\"nextItem\":{\"@type\":\"ListItem\",\"@id\":\"https:\\\/\\\/eldigitaldeasturias.com\\\/magazine365\\\/ihg-anuncia-la-apertura-de-su-quinto-hotel-en-francia\\\/#listItem\",\"name\":\"IHG anuncia la apertura de su quinto hotel en Francia\"},\"previousItem\":{\"@type\":\"ListItem\",\"@id\":\"https:\\\/\\\/eldigitaldeasturias.com\\\/magazine365#listItem\",\"name\":\"Home\"}},{\"@type\":\"ListItem\",\"@id\":\"https:\\\/\\\/eldigitaldeasturias.com\\\/magazine365\\\/ihg-anuncia-la-apertura-de-su-quinto-hotel-en-francia\\\/#listItem\",\"position\":3,\"name\":\"IHG anuncia la apertura de su quinto hotel en Francia\",\"previousItem\":{\"@type\":\"ListItem\",\"@id\":\"https:\\\/\\\/eldigitaldeasturias.com\\\/magazine365\\\/category\\\/actualidad-turismo\\\/#listItem\",\"name\":\"Actualidad Turismo\"}}]},{\"@type\":\"Organization\",\"@id\":\"https:\\\/\\\/eldigitaldeasturias.com\\\/magazine365\\\/#organization\",\"name\":\"El digital de Asturias\",\"description\":\"Revista de ocio, turismo y estilo de vida\",\"url\":\"https:\\\/\\\/eldigitaldeasturias.com\\\/magazine365\\\/\",\"logo\":{\"@type\":\"ImageObject\",\"url\":\"https:\\\/\\\/www.eldigitaldeasturias.com\\\/noticias\\\/wp-content\\\/uploads\\\/2020\\\/12\\\/EDA.jpg\",\"@id\":\"https:\\\/\\\/eldigitaldeasturias.com\\\/magazine365\\\/ihg-anuncia-la-apertura-de-su-quinto-hotel-en-francia\\\/#organizationLogo\"},\"image\":{\"@id\":\"https:\\\/\\\/eldigitaldeasturias.com\\\/magazine365\\\/ihg-anuncia-la-apertura-de-su-quinto-hotel-en-francia\\\/#organizationLogo\"}},{\"@type\":\"Person\",\"@id\":\"https:\\\/\\\/eldigitaldeasturias.com\\\/magazine365\\\/author\\\/admin\\\/#author\",\"url\":\"https:\\\/\\\/eldigitaldeasturias.com\\\/magazine365\\\/author\\\/admin\\\/\",\"name\":\"admin\",\"image\":{\"@type\":\"ImageObject\",\"@id\":\"https:\\\/\\\/eldigitaldeasturias.com\\\/magazine365\\\/ihg-anuncia-la-apertura-de-su-quinto-hotel-en-francia\\\/#authorImage\",\"url\":\"https:\\\/\\\/eldigitaldeasturias.com\\\/magazine365\\\/wp-content\\\/litespeed\\\/avatar\\\/e571bcf59a0edd6fa6838245a470f2fe.jpg?ver=1776969259\",\"width\":96,\"height\":96,\"caption\":\"admin\"}},{\"@type\":\"WebPage\",\"@id\":\"https:\\\/\\\/eldigitaldeasturias.com\\\/magazine365\\\/ihg-anuncia-la-apertura-de-su-quinto-hotel-en-francia\\\/#webpage\",\"url\":\"https:\\\/\\\/eldigitaldeasturias.com\\\/magazine365\\\/ihg-anuncia-la-apertura-de-su-quinto-hotel-en-francia\\\/\",\"name\":\"IHG anuncia la apertura de su quinto hotel en Francia | El Digital de Asturias\",\"description\":\"Intercontinental Hotels Group ha anunciado la apertura de un nuevo hotel en Francia, que ser\\u00e1 el quinto de la compa\\u00f1\\u00eda en el pa\\u00eds galo y que tiene prevista su apertura en oto\\u00f1o de 2014. El hotel de 143 habitaciones ser\\u00e1 operado bajo un acuerdo de gesti\\u00f3n con Cr\\u00e9dit Agricole Assurances y estar\\u00e1 desarrollado por Eiffage.\",\"inLanguage\":\"es-ES\",\"isPartOf\":{\"@id\":\"https:\\\/\\\/eldigitaldeasturias.com\\\/magazine365\\\/#website\"},\"breadcrumb\":{\"@id\":\"https:\\\/\\\/eldigitaldeasturias.com\\\/magazine365\\\/ihg-anuncia-la-apertura-de-su-quinto-hotel-en-francia\\\/#breadcrumblist\"},\"author\":{\"@id\":\"https:\\\/\\\/eldigitaldeasturias.com\\\/magazine365\\\/author\\\/admin\\\/#author\"},\"creator\":{\"@id\":\"https:\\\/\\\/eldigitaldeasturias.com\\\/magazine365\\\/author\\\/admin\\\/#author\"},\"image\":{\"@type\":\"ImageObject\",\"url\":\"https:\\\/\\\/eldigitaldeasturias.com\\\/magazine365\\\/wp-content\\\/uploads\\\/2015\\\/06\\\/fotonoticia_20150615143023_800.jpg\",\"@id\":\"https:\\\/\\\/eldigitaldeasturias.com\\\/magazine365\\\/ihg-anuncia-la-apertura-de-su-quinto-hotel-en-francia\\\/#mainImage\",\"width\":800,\"height\":534},\"primaryImageOfPage\":{\"@id\":\"https:\\\/\\\/eldigitaldeasturias.com\\\/magazine365\\\/ihg-anuncia-la-apertura-de-su-quinto-hotel-en-francia\\\/#mainImage\"},\"datePublished\":\"2015-06-16T01:11:26+02:00\",\"dateModified\":\"2015-06-16T01:11:26+02:00\"},{\"@type\":\"WebSite\",\"@id\":\"https:\\\/\\\/eldigitaldeasturias.com\\\/magazine365\\\/#website\",\"url\":\"https:\\\/\\\/eldigitaldeasturias.com\\\/magazine365\\\/\",\"name\":\"El Digital de Asturias\",\"description\":\"Revista de ocio, turismo y estilo de vida\",\"inLanguage\":\"es-ES\",\"publisher\":{\"@id\":\"https:\\\/\\\/eldigitaldeasturias.com\\\/magazine365\\\/#organization\"}}]}\n\t\t<\/script>\n\t\t<!-- All in One SEO Pro -->\r\n\t\t<title>IHG anuncia la apertura de su quinto hotel en Francia | El Digital de Asturias<\/title>\n\n","aioseo_head_json":{"title":"IHG anuncia la apertura de su quinto hotel en Francia | El Digital de Asturias","description":"Intercontinental Hotels Group ha anunciado la apertura de un nuevo hotel en Francia, que ser\u00e1 el quinto de la compa\u00f1\u00eda en el pa\u00eds galo y que tiene prevista su apertura en oto\u00f1o de 2014. El hotel de 143 habitaciones ser\u00e1 operado bajo un acuerdo de gesti\u00f3n con Cr\u00e9dit Agricole Assurances y estar\u00e1 desarrollado por Eiffage.","canonical_url":"https:\/\/eldigitaldeasturias.com\/magazine365\/ihg-anuncia-la-apertura-de-su-quinto-hotel-en-francia\/","robots":"max-image-preview:large","keywords":"actualidad turismo","webmasterTools":{"google-site-verification":"UA-38556648-1","miscellaneous":""},"schema":{"@context":"https:\/\/schema.org","@graph":[{"@type":"Article","@id":"https:\/\/eldigitaldeasturias.com\/magazine365\/ihg-anuncia-la-apertura-de-su-quinto-hotel-en-francia\/#article","name":"IHG anuncia la apertura de su quinto hotel en Francia | El Digital de Asturias","headline":"IHG anuncia la apertura de su quinto hotel en Francia","author":{"@id":"https:\/\/eldigitaldeasturias.com\/magazine365\/author\/admin\/#author"},"publisher":{"@id":"https:\/\/eldigitaldeasturias.com\/magazine365\/#organization"},"image":{"@type":"ImageObject","url":"https:\/\/eldigitaldeasturias.com\/magazine365\/wp-content\/uploads\/2015\/06\/fotonoticia_20150615143023_800.jpg","width":800,"height":534},"datePublished":"2015-06-16T01:11:26+02:00","dateModified":"2015-06-16T01:11:26+02:00","inLanguage":"es-ES","mainEntityOfPage":{"@id":"https:\/\/eldigitaldeasturias.com\/magazine365\/ihg-anuncia-la-apertura-de-su-quinto-hotel-en-francia\/#webpage"},"isPartOf":{"@id":"https:\/\/eldigitaldeasturias.com\/magazine365\/ihg-anuncia-la-apertura-de-su-quinto-hotel-en-francia\/#webpage"},"articleSection":"Actualidad Turismo"},{"@type":"BreadcrumbList","@id":"https:\/\/eldigitaldeasturias.com\/magazine365\/ihg-anuncia-la-apertura-de-su-quinto-hotel-en-francia\/#breadcrumblist","itemListElement":[{"@type":"ListItem","@id":"https:\/\/eldigitaldeasturias.com\/magazine365#listItem","position":1,"name":"Home","item":"https:\/\/eldigitaldeasturias.com\/magazine365","nextItem":{"@type":"ListItem","@id":"https:\/\/eldigitaldeasturias.com\/magazine365\/category\/actualidad-turismo\/#listItem","name":"Actualidad Turismo"}},{"@type":"ListItem","@id":"https:\/\/eldigitaldeasturias.com\/magazine365\/category\/actualidad-turismo\/#listItem","position":2,"name":"Actualidad Turismo","item":"https:\/\/eldigitaldeasturias.com\/magazine365\/category\/actualidad-turismo\/","nextItem":{"@type":"ListItem","@id":"https:\/\/eldigitaldeasturias.com\/magazine365\/ihg-anuncia-la-apertura-de-su-quinto-hotel-en-francia\/#listItem","name":"IHG anuncia la apertura de su quinto hotel en Francia"},"previousItem":{"@type":"ListItem","@id":"https:\/\/eldigitaldeasturias.com\/magazine365#listItem","name":"Home"}},{"@type":"ListItem","@id":"https:\/\/eldigitaldeasturias.com\/magazine365\/ihg-anuncia-la-apertura-de-su-quinto-hotel-en-francia\/#listItem","position":3,"name":"IHG anuncia la apertura de su quinto hotel en Francia","previousItem":{"@type":"ListItem","@id":"https:\/\/eldigitaldeasturias.com\/magazine365\/category\/actualidad-turismo\/#listItem","name":"Actualidad Turismo"}}]},{"@type":"Organization","@id":"https:\/\/eldigitaldeasturias.com\/magazine365\/#organization","name":"El digital de Asturias","description":"Revista de ocio, turismo y estilo de vida","url":"https:\/\/eldigitaldeasturias.com\/magazine365\/","logo":{"@type":"ImageObject","url":"https:\/\/www.eldigitaldeasturias.com\/noticias\/wp-content\/uploads\/2020\/12\/EDA.jpg","@id":"https:\/\/eldigitaldeasturias.com\/magazine365\/ihg-anuncia-la-apertura-de-su-quinto-hotel-en-francia\/#organizationLogo"},"image":{"@id":"https:\/\/eldigitaldeasturias.com\/magazine365\/ihg-anuncia-la-apertura-de-su-quinto-hotel-en-francia\/#organizationLogo"}},{"@type":"Person","@id":"https:\/\/eldigitaldeasturias.com\/magazine365\/author\/admin\/#author","url":"https:\/\/eldigitaldeasturias.com\/magazine365\/author\/admin\/","name":"admin","image":{"@type":"ImageObject","@id":"https:\/\/eldigitaldeasturias.com\/magazine365\/ihg-anuncia-la-apertura-de-su-quinto-hotel-en-francia\/#authorImage","url":"https:\/\/eldigitaldeasturias.com\/magazine365\/wp-content\/litespeed\/avatar\/e571bcf59a0edd6fa6838245a470f2fe.jpg?ver=1776969259","width":96,"height":96,"caption":"admin"}},{"@type":"WebPage","@id":"https:\/\/eldigitaldeasturias.com\/magazine365\/ihg-anuncia-la-apertura-de-su-quinto-hotel-en-francia\/#webpage","url":"https:\/\/eldigitaldeasturias.com\/magazine365\/ihg-anuncia-la-apertura-de-su-quinto-hotel-en-francia\/","name":"IHG anuncia la apertura de su quinto hotel en Francia | El Digital de Asturias","description":"Intercontinental Hotels Group ha anunciado la apertura de un nuevo hotel en Francia, que ser\u00e1 el quinto de la compa\u00f1\u00eda en el pa\u00eds galo y que tiene prevista su apertura en oto\u00f1o de 2014. El hotel de 143 habitaciones ser\u00e1 operado bajo un acuerdo de gesti\u00f3n con Cr\u00e9dit Agricole Assurances y estar\u00e1 desarrollado por Eiffage.","inLanguage":"es-ES","isPartOf":{"@id":"https:\/\/eldigitaldeasturias.com\/magazine365\/#website"},"breadcrumb":{"@id":"https:\/\/eldigitaldeasturias.com\/magazine365\/ihg-anuncia-la-apertura-de-su-quinto-hotel-en-francia\/#breadcrumblist"},"author":{"@id":"https:\/\/eldigitaldeasturias.com\/magazine365\/author\/admin\/#author"},"creator":{"@id":"https:\/\/eldigitaldeasturias.com\/magazine365\/author\/admin\/#author"},"image":{"@type":"ImageObject","url":"https:\/\/eldigitaldeasturias.com\/magazine365\/wp-content\/uploads\/2015\/06\/fotonoticia_20150615143023_800.jpg","@id":"https:\/\/eldigitaldeasturias.com\/magazine365\/ihg-anuncia-la-apertura-de-su-quinto-hotel-en-francia\/#mainImage","width":800,"height":534},"primaryImageOfPage":{"@id":"https:\/\/eldigitaldeasturias.com\/magazine365\/ihg-anuncia-la-apertura-de-su-quinto-hotel-en-francia\/#mainImage"},"datePublished":"2015-06-16T01:11:26+02:00","dateModified":"2015-06-16T01:11:26+02:00"},{"@type":"WebSite","@id":"https:\/\/eldigitaldeasturias.com\/magazine365\/#website","url":"https:\/\/eldigitaldeasturias.com\/magazine365\/","name":"El Digital de Asturias","description":"Revista de ocio, turismo y estilo de vida","inLanguage":"es-ES","publisher":{"@id":"https:\/\/eldigitaldeasturias.com\/magazine365\/#organization"}}]},"og:locale":"es_ES","og:site_name":"El Digital de Asturias \u2013 Revista de ocio, turismo y estilo de vida","og:type":"article","og:title":"IHG anuncia la apertura de su quinto hotel en Francia | El Digital de Asturias","og:description":"Intercontinental Hotels Group ha anunciado la apertura de un nuevo hotel en Francia, que ser\u00e1 el quinto de la compa\u00f1\u00eda en el pa\u00eds galo y que tiene prevista su apertura en oto\u00f1o de 2014. El hotel de 143 habitaciones ser\u00e1 operado bajo un acuerdo de gesti\u00f3n con Cr\u00e9dit Agricole Assurances y estar\u00e1 desarrollado por Eiffage.","og:url":"https:\/\/eldigitaldeasturias.com\/magazine365\/ihg-anuncia-la-apertura-de-su-quinto-hotel-en-francia\/","og:image":"https:\/\/eldigitaldeasturias.com\/magazine365\/wp-content\/uploads\/2015\/06\/fotonoticia_20150615143023_800.jpg","og:image:secure_url":"https:\/\/eldigitaldeasturias.com\/magazine365\/wp-content\/uploads\/2015\/06\/fotonoticia_20150615143023_800.jpg","og:image:width":800,"og:image:height":534,"article:published_time":"2015-06-15T23:41:26+00:00","article:modified_time":"2015-06-15T23:41:26+00:00","twitter:card":"summary_large_image","twitter:title":"IHG anuncia la apertura de su quinto hotel en Francia | El Digital de Asturias","twitter:description":"Intercontinental Hotels Group ha anunciado la apertura de un nuevo hotel en Francia, que ser\u00e1 el quinto de la compa\u00f1\u00eda en el pa\u00eds galo y que tiene prevista su apertura en oto\u00f1o de 2014. El hotel de 143 habitaciones ser\u00e1 operado bajo un acuerdo de gesti\u00f3n con Cr\u00e9dit Agricole Assurances y estar\u00e1 desarrollado por Eiffage.","twitter:image":"https:\/\/eldigitaldeasturias.com\/magazine365\/wp-content\/uploads\/2015\/06\/fotonoticia_20150615143023_800.jpg"},"aioseo_meta_data":{"post_id":"39910","title":null,"description":null,"keywords":null,"keyphrases":null,"primary_term":null,"canonical_url":null,"og_title":null,"og_description":null,"og_object_type":"default","og_image_type":"default","og_image_url":null,"og_image_width":null,"og_image_height":null,"og_image_custom_url":null,"og_image_custom_fields":null,"og_video":null,"og_custom_url":null,"og_article_section":null,"og_article_tags":null,"twitter_use_og":false,"twitter_card":"default","twitter_image_type":"default","twitter_image_url":null,"twitter_image_custom_url":null,"twitter_image_custom_fields":null,"twitter_title":null,"twitter_description":null,"schema":{"blockGraphs":[],"customGraphs":[],"default":{"data":{"Article":[],"Course":[],"Dataset":[],"FAQPage":[],"Movie":[],"Person":[],"Product":[],"ProductReview":[],"Car":[],"Recipe":[],"Service":[],"SoftwareApplication":[],"WebPage":[]},"graphName":"","isEnabled":true},"graphs":[],"defaultGraph":"","defaultPostTypeGraph":""},"schema_type":null,"schema_type_options":null,"pillar_content":false,"robots_default":true,"robots_noindex":false,"robots_noarchive":false,"robots_nosnippet":false,"robots_nofollow":false,"robots_noimageindex":false,"robots_noodp":false,"robots_notranslate":false,"robots_max_snippet":null,"robots_max_videopreview":null,"robots_max_imagepreview":"large","priority":null,"frequency":null,"location":null,"local_seo":null,"seo_analyzer_scan_date":"2025-09-19 12:33:51","breadcrumb_settings":null,"limit_modified_date":false,"open_ai":null,"ai":null,"created":"2021-03-09 02:35:43","updated":"2025-09-19 12:33:51"},"aioseo_breadcrumb":"<div class=\"aioseo-breadcrumbs\"><span class=\"aioseo-breadcrumb\">\n\t<a href=\"https:\/\/eldigitaldeasturias.com\/magazine365\" title=\"Home\">Home<\/a>\n<\/span><span class=\"aioseo-breadcrumb-separator\">\u2013<\/span><span class=\"aioseo-breadcrumb\">\n\t<a href=\"https:\/\/eldigitaldeasturias.com\/magazine365\/category\/actualidad-turismo\/\" title=\"Actualidad Turismo\">Actualidad Turismo<\/a>\n<\/span><span class=\"aioseo-breadcrumb-separator\">\u2013<\/span><span class=\"aioseo-breadcrumb\">\n\t<a href=\"https:\/\/eldigitaldeasturias.com\/magazine365\/ihg-anuncia-la-apertura-de-su-quinto-hotel-en-francia\/\" title=\"IHG anuncia la apertura de su quinto hotel en Francia\">IHG anuncia la apertura de su quinto hotel en Francia<\/a>\n<\/span><\/div>","aioseo_breadcrumb_json":[{"label":"Home","link":"https:\/\/eldigitaldeasturias.com\/magazine365"},{"label":"Actualidad Turismo","link":"https:\/\/eldigitaldeasturias.com\/magazine365\/category\/actualidad-turismo\/"},{"label":"IHG anuncia la apertura de su quinto hotel en Francia","link":"https:\/\/eldigitaldeasturias.com\/magazine365\/ihg-anuncia-la-apertura-de-su-quinto-hotel-en-francia\/"}],"_links":{"self":[{"href":"https:\/\/eldigitaldeasturias.com\/magazine365\/wp-json\/wp\/v2\/posts\/39910","targetHints":{"allow":["GET"]}}],"collection":[{"href":"https:\/\/eldigitaldeasturias.com\/magazine365\/wp-json\/wp\/v2\/posts"}],"about":[{"href":"https:\/\/eldigitaldeasturias.com\/magazine365\/wp-json\/wp\/v2\/types\/post"}],"author":[{"embeddable":true,"href":"https:\/\/eldigitaldeasturias.com\/magazine365\/wp-json\/wp\/v2\/users\/1"}],"replies":[{"embeddable":true,"href":"https:\/\/eldigitaldeasturias.com\/magazine365\/wp-json\/wp\/v2\/comments?post=39910"}],"version-history":[{"count":0,"href":"https:\/\/eldigitaldeasturias.com\/magazine365\/wp-json\/wp\/v2\/posts\/39910\/revisions"}],"wp:featuredmedia":[{"embeddable":true,"href":"https:\/\/eldigitaldeasturias.com\/magazine365\/wp-json\/wp\/v2\/media\/39911"}],"wp:attachment":[{"href":"https:\/\/eldigitaldeasturias.com\/magazine365\/wp-json\/wp\/v2\/media?parent=39910"}],"wp:term":[{"taxonomy":"category","embeddable":true,"href":"https:\/\/eldigitaldeasturias.com\/magazine365\/wp-json\/wp\/v2\/categories?post=39910"},{"taxonomy":"post_tag","embeddable":true,"href":"https:\/\/eldigitaldeasturias.com\/magazine365\/wp-json\/wp\/v2\/tags?post=39910"}],"curies":[{"name":"wp","href":"https:\/\/api.w.org\/{rel}","templated":true}]}}