{"id":39907,"date":"2015-06-16T01:09:49","date_gmt":"2015-06-15T23:39:49","guid":{"rendered":"http:\/\/eldigitaldeasturias.com\/magazine365\/?p=39907"},"modified":"2015-06-16T01:09:49","modified_gmt":"2015-06-15T23:39:49","slug":"las-visitas-a-la-mezquita-catedral-de-cordoba-aumentan-un-621-en-lo-que-va-de-ano","status":"publish","type":"post","link":"https:\/\/eldigitaldeasturias.com\/magazine365\/las-visitas-a-la-mezquita-catedral-de-cordoba-aumentan-un-621-en-lo-que-va-de-ano\/","title":{"rendered":"Las visitas a la Mezquita-Catedral de C\u00f3rdoba aumentan un 6,21% en lo que va de a\u00f1o"},"content":{"rendered":"<p><img fetchpriority=\"high\" decoding=\"async\" class=\"alignleft size-medium wp-image-39908\" src=\"https:\/\/eldigitaldeasturias.com\/magazine365\/wp-content\/uploads\/2015\/06\/fotonoticia_20150615135545_800-225x300.jpg\" alt=\"fotonoticia_20150615135545_800\" width=\"225\" height=\"300\" srcset=\"https:\/\/eldigitaldeasturias.com\/magazine365\/wp-content\/uploads\/2015\/06\/fotonoticia_20150615135545_800-225x300.jpg 225w, https:\/\/eldigitaldeasturias.com\/magazine365\/wp-content\/uploads\/2015\/06\/fotonoticia_20150615135545_800-480x640.jpg 480w, https:\/\/eldigitaldeasturias.com\/magazine365\/wp-content\/uploads\/2015\/06\/fotonoticia_20150615135545_800-768x1024.jpg 768w, https:\/\/eldigitaldeasturias.com\/magazine365\/wp-content\/uploads\/2015\/06\/fotonoticia_20150615135545_800-150x200.jpg 150w, https:\/\/eldigitaldeasturias.com\/magazine365\/wp-content\/uploads\/2015\/06\/fotonoticia_20150615135545_800-450x600.jpg 450w, https:\/\/eldigitaldeasturias.com\/magazine365\/wp-content\/uploads\/2015\/06\/fotonoticia_20150615135545_800-696x928.jpg 696w, https:\/\/eldigitaldeasturias.com\/magazine365\/wp-content\/uploads\/2015\/06\/fotonoticia_20150615135545_800-315x420.jpg 315w, https:\/\/eldigitaldeasturias.com\/magazine365\/wp-content\/uploads\/2015\/06\/fotonoticia_20150615135545_800.jpg 800w\" sizes=\"(max-width: 225px) 100vw, 225px\" \/>Las visitas a mezquita-catedral de C\u00f3rdoba no dejan de aumentar, ya que, si en 2014 se bat\u00eda el r\u00e9cord de visitantes, el presente 2015 contin\u00faa por esa senda, pues, en lo que va a de a\u00f1o, el n\u00famero de visitas ha aumentado en un 6,21% y, hasta el pasado 31 de mayo, el hist\u00f3rico inmueble recibi\u00f3 714.715 visitas, frente a las 683.498 registradas en el mismo periodo de 2014.<\/p>\n<p>Adem\u00e1s, seg\u00fan ha informado el Cabildo Catedral de C\u00f3rdoba, \u00f3rgano de la Iglesia Cat\u00f3lica titular del templo, el pasado mes de mayo la Catedral de C\u00f3rdoba recibi\u00f3 219.531 visitas, lo que supuso que ese mes recibiese 7.081 visitas de media cada d\u00eda y, con respecto a mayo de 2014, el n\u00famero de visitas ha aumentado en un 2,61%.<\/p>\n<p>A este respecto, el presidente de\u00e1n presidente del Cabildo, Manuel P\u00e9rez Moya, ha se\u00f1alado que \u00abestas cifras vienen a confirmar\u00bb a la Mezquita-Catedral, declarada Patrimonio de la Humanidad por la Unesco, \u00abcomo uno de los motores de la econom\u00eda cordobesa, tal y como recoge el informe Loyola Andaluc\u00eda\u00bb, lo que hace en el Cabildo est\u00e9n \u00abmuy satisfechos por estos datos, que a quien de verdad benefician es a la ciudad de C\u00f3rdoba\u00bb.<\/p>\n<p>Por otra parte, en el horario nocturno, el n\u00famero de visitas a la Catedral de C\u00f3rdoba, antigua Mezquita, sufri\u00f3 un descenso el pasado mes de mayo. En total, 3.430 personas recorrieron el templo en el horario nocturno en el marco de &#8216;El Alma de C\u00f3rdoba&#8217;.<\/p>\n<p>Sin embargo y de modo general, seg\u00fan ha precisado el Cabildo, con estas cifras de visitas a la Mezquita-Catedral, \u00abcontin\u00faa la l\u00ednea ascendente que se inici\u00f3 en 2014, cuando se bati\u00f3 el r\u00e9cord de visitantes con un total 1.565.017 visitas, un 9,2% m\u00e1s que en 2013\u00bb.<\/p>\n","protected":false},"excerpt":{"rendered":"<p>Las visitas a mezquita-catedral de C\u00f3rdoba no dejan de aumentar, ya que, si en 2014 se bat\u00eda el r\u00e9cord de visitantes, el presente 2015 contin\u00faa por esa senda, pues, en lo que va a de a\u00f1o, el n\u00famero de visitas ha aumentado en un 6,21% y, hasta el pasado 31 de mayo, el hist\u00f3rico inmueble<\/p>\n","protected":false},"author":1,"featured_media":39908,"comment_status":"open","ping_status":"closed","sticky":false,"template":"","format":"standard","meta":{"footnotes":""},"categories":[222],"tags":[],"class_list":{"0":"post-39907","1":"post","2":"type-post","3":"status-publish","4":"format-standard","5":"has-post-thumbnail","7":"category-actualidad-turismo"},"aioseo_notices":[],"aioseo_head":"\n\t\t<!-- All in One SEO Pro 4.9.6.1 - aioseo.com -->\n\t<meta name=\"description\" content=\"Las visitas a mezquita-catedral de C\u00f3rdoba no dejan de aumentar, ya que, si en 2014 se bat\u00eda el r\u00e9cord de visitantes, el presente 2015 contin\u00faa por esa senda, pues, en lo que va a de a\u00f1o, el n\u00famero de visitas ha aumentado en un 6,21% y, hasta el pasado 31 de mayo, el hist\u00f3rico inmueble\" \/>\n\t<meta name=\"robots\" content=\"max-image-preview:large\" \/>\n\t<meta name=\"author\" content=\"admin\"\/>\n\t<meta name=\"google-site-verification\" content=\"UA-38556648-1\" \/>\n\t<meta name=\"keywords\" content=\"actualidad turismo\" \/>\n\t<link rel=\"canonical\" href=\"https:\/\/eldigitaldeasturias.com\/magazine365\/las-visitas-a-la-mezquita-catedral-de-cordoba-aumentan-un-621-en-lo-que-va-de-ano\/\" \/>\n\t<meta name=\"generator\" content=\"All in One SEO Pro (AIOSEO) 4.9.6.1\" \/>\n\t\t<meta property=\"og:locale\" content=\"es_ES\" \/>\n\t\t<meta property=\"og:site_name\" content=\"El Digital de Asturias \u2013 Revista de ocio, turismo y estilo de vida\" \/>\n\t\t<meta property=\"og:type\" content=\"article\" \/>\n\t\t<meta property=\"og:title\" content=\"Las visitas a la Mezquita-Catedral de C\u00f3rdoba aumentan un 6,21% en lo que va de a\u00f1o | El Digital de Asturias\" \/>\n\t\t<meta property=\"og:description\" content=\"Las visitas a mezquita-catedral de C\u00f3rdoba no dejan de aumentar, ya que, si en 2014 se bat\u00eda el r\u00e9cord de visitantes, el presente 2015 contin\u00faa por esa senda, pues, en lo que va a de a\u00f1o, el n\u00famero de visitas ha aumentado en un 6,21% y, hasta el pasado 31 de mayo, el hist\u00f3rico inmueble\" \/>\n\t\t<meta property=\"og:url\" content=\"https:\/\/eldigitaldeasturias.com\/magazine365\/las-visitas-a-la-mezquita-catedral-de-cordoba-aumentan-un-621-en-lo-que-va-de-ano\/\" \/>\n\t\t<meta property=\"og:image\" content=\"https:\/\/eldigitaldeasturias.com\/magazine365\/wp-content\/uploads\/2015\/06\/fotonoticia_20150615135545_800.jpg\" \/>\n\t\t<meta property=\"og:image:secure_url\" content=\"https:\/\/eldigitaldeasturias.com\/magazine365\/wp-content\/uploads\/2015\/06\/fotonoticia_20150615135545_800.jpg\" \/>\n\t\t<meta property=\"og:image:width\" content=\"800\" \/>\n\t\t<meta property=\"og:image:height\" content=\"1067\" \/>\n\t\t<meta property=\"article:published_time\" content=\"2015-06-15T23:39:49+00:00\" \/>\n\t\t<meta property=\"article:modified_time\" content=\"2015-06-15T23:39:49+00:00\" \/>\n\t\t<meta name=\"twitter:card\" content=\"summary_large_image\" \/>\n\t\t<meta name=\"twitter:title\" content=\"Las visitas a la Mezquita-Catedral de C\u00f3rdoba aumentan un 6,21% en lo que va de a\u00f1o | El Digital de Asturias\" \/>\n\t\t<meta name=\"twitter:description\" content=\"Las visitas a mezquita-catedral de C\u00f3rdoba no dejan de aumentar, ya que, si en 2014 se bat\u00eda el r\u00e9cord de visitantes, el presente 2015 contin\u00faa por esa senda, pues, en lo que va a de a\u00f1o, el n\u00famero de visitas ha aumentado en un 6,21% y, hasta el pasado 31 de mayo, el hist\u00f3rico inmueble\" \/>\n\t\t<meta name=\"twitter:image\" content=\"https:\/\/eldigitaldeasturias.com\/magazine365\/wp-content\/uploads\/2015\/06\/fotonoticia_20150615135545_800.jpg\" \/>\n\t\t<script type=\"application\/ld+json\" class=\"aioseo-schema\">\n\t\t\t{\"@context\":\"https:\\\/\\\/schema.org\",\"@graph\":[{\"@type\":\"Article\",\"@id\":\"https:\\\/\\\/eldigitaldeasturias.com\\\/magazine365\\\/las-visitas-a-la-mezquita-catedral-de-cordoba-aumentan-un-621-en-lo-que-va-de-ano\\\/#article\",\"name\":\"Las visitas a la Mezquita-Catedral de C\\u00f3rdoba aumentan un 6,21% en lo que va de a\\u00f1o | El Digital de Asturias\",\"headline\":\"Las visitas a la Mezquita-Catedral de C\\u00f3rdoba aumentan un 6,21% en lo que va de a\\u00f1o\",\"author\":{\"@id\":\"https:\\\/\\\/eldigitaldeasturias.com\\\/magazine365\\\/author\\\/admin\\\/#author\"},\"publisher\":{\"@id\":\"https:\\\/\\\/eldigitaldeasturias.com\\\/magazine365\\\/#organization\"},\"image\":{\"@type\":\"ImageObject\",\"url\":\"https:\\\/\\\/eldigitaldeasturias.com\\\/magazine365\\\/wp-content\\\/uploads\\\/2015\\\/06\\\/fotonoticia_20150615135545_800.jpg\",\"width\":800,\"height\":1067},\"datePublished\":\"2015-06-16T01:09:49+02:00\",\"dateModified\":\"2015-06-16T01:09:49+02:00\",\"inLanguage\":\"es-ES\",\"mainEntityOfPage\":{\"@id\":\"https:\\\/\\\/eldigitaldeasturias.com\\\/magazine365\\\/las-visitas-a-la-mezquita-catedral-de-cordoba-aumentan-un-621-en-lo-que-va-de-ano\\\/#webpage\"},\"isPartOf\":{\"@id\":\"https:\\\/\\\/eldigitaldeasturias.com\\\/magazine365\\\/las-visitas-a-la-mezquita-catedral-de-cordoba-aumentan-un-621-en-lo-que-va-de-ano\\\/#webpage\"},\"articleSection\":\"Actualidad Turismo\"},{\"@type\":\"BreadcrumbList\",\"@id\":\"https:\\\/\\\/eldigitaldeasturias.com\\\/magazine365\\\/las-visitas-a-la-mezquita-catedral-de-cordoba-aumentan-un-621-en-lo-que-va-de-ano\\\/#breadcrumblist\",\"itemListElement\":[{\"@type\":\"ListItem\",\"@id\":\"https:\\\/\\\/eldigitaldeasturias.com\\\/magazine365#listItem\",\"position\":1,\"name\":\"Home\",\"item\":\"https:\\\/\\\/eldigitaldeasturias.com\\\/magazine365\",\"nextItem\":{\"@type\":\"ListItem\",\"@id\":\"https:\\\/\\\/eldigitaldeasturias.com\\\/magazine365\\\/category\\\/actualidad-turismo\\\/#listItem\",\"name\":\"Actualidad Turismo\"}},{\"@type\":\"ListItem\",\"@id\":\"https:\\\/\\\/eldigitaldeasturias.com\\\/magazine365\\\/category\\\/actualidad-turismo\\\/#listItem\",\"position\":2,\"name\":\"Actualidad Turismo\",\"item\":\"https:\\\/\\\/eldigitaldeasturias.com\\\/magazine365\\\/category\\\/actualidad-turismo\\\/\",\"nextItem\":{\"@type\":\"ListItem\",\"@id\":\"https:\\\/\\\/eldigitaldeasturias.com\\\/magazine365\\\/las-visitas-a-la-mezquita-catedral-de-cordoba-aumentan-un-621-en-lo-que-va-de-ano\\\/#listItem\",\"name\":\"Las visitas a la Mezquita-Catedral de C\\u00f3rdoba aumentan un 6,21% en lo que va de a\\u00f1o\"},\"previousItem\":{\"@type\":\"ListItem\",\"@id\":\"https:\\\/\\\/eldigitaldeasturias.com\\\/magazine365#listItem\",\"name\":\"Home\"}},{\"@type\":\"ListItem\",\"@id\":\"https:\\\/\\\/eldigitaldeasturias.com\\\/magazine365\\\/las-visitas-a-la-mezquita-catedral-de-cordoba-aumentan-un-621-en-lo-que-va-de-ano\\\/#listItem\",\"position\":3,\"name\":\"Las visitas a la Mezquita-Catedral de C\\u00f3rdoba aumentan un 6,21% en lo que va de a\\u00f1o\",\"previousItem\":{\"@type\":\"ListItem\",\"@id\":\"https:\\\/\\\/eldigitaldeasturias.com\\\/magazine365\\\/category\\\/actualidad-turismo\\\/#listItem\",\"name\":\"Actualidad Turismo\"}}]},{\"@type\":\"Organization\",\"@id\":\"https:\\\/\\\/eldigitaldeasturias.com\\\/magazine365\\\/#organization\",\"name\":\"El digital de Asturias\",\"description\":\"Revista de ocio, turismo y estilo de vida\",\"url\":\"https:\\\/\\\/eldigitaldeasturias.com\\\/magazine365\\\/\",\"logo\":{\"@type\":\"ImageObject\",\"url\":\"https:\\\/\\\/www.eldigitaldeasturias.com\\\/noticias\\\/wp-content\\\/uploads\\\/2020\\\/12\\\/EDA.jpg\",\"@id\":\"https:\\\/\\\/eldigitaldeasturias.com\\\/magazine365\\\/las-visitas-a-la-mezquita-catedral-de-cordoba-aumentan-un-621-en-lo-que-va-de-ano\\\/#organizationLogo\"},\"image\":{\"@id\":\"https:\\\/\\\/eldigitaldeasturias.com\\\/magazine365\\\/las-visitas-a-la-mezquita-catedral-de-cordoba-aumentan-un-621-en-lo-que-va-de-ano\\\/#organizationLogo\"}},{\"@type\":\"Person\",\"@id\":\"https:\\\/\\\/eldigitaldeasturias.com\\\/magazine365\\\/author\\\/admin\\\/#author\",\"url\":\"https:\\\/\\\/eldigitaldeasturias.com\\\/magazine365\\\/author\\\/admin\\\/\",\"name\":\"admin\",\"image\":{\"@type\":\"ImageObject\",\"@id\":\"https:\\\/\\\/eldigitaldeasturias.com\\\/magazine365\\\/las-visitas-a-la-mezquita-catedral-de-cordoba-aumentan-un-621-en-lo-que-va-de-ano\\\/#authorImage\",\"url\":\"https:\\\/\\\/eldigitaldeasturias.com\\\/magazine365\\\/wp-content\\\/litespeed\\\/avatar\\\/e571bcf59a0edd6fa6838245a470f2fe.jpg?ver=1776969259\",\"width\":96,\"height\":96,\"caption\":\"admin\"}},{\"@type\":\"WebPage\",\"@id\":\"https:\\\/\\\/eldigitaldeasturias.com\\\/magazine365\\\/las-visitas-a-la-mezquita-catedral-de-cordoba-aumentan-un-621-en-lo-que-va-de-ano\\\/#webpage\",\"url\":\"https:\\\/\\\/eldigitaldeasturias.com\\\/magazine365\\\/las-visitas-a-la-mezquita-catedral-de-cordoba-aumentan-un-621-en-lo-que-va-de-ano\\\/\",\"name\":\"Las visitas a la Mezquita-Catedral de C\\u00f3rdoba aumentan un 6,21% en lo que va de a\\u00f1o | El Digital de Asturias\",\"description\":\"Las visitas a mezquita-catedral de C\\u00f3rdoba no dejan de aumentar, ya que, si en 2014 se bat\\u00eda el r\\u00e9cord de visitantes, el presente 2015 contin\\u00faa por esa senda, pues, en lo que va a de a\\u00f1o, el n\\u00famero de visitas ha aumentado en un 6,21% y, hasta el pasado 31 de mayo, el hist\\u00f3rico inmueble\",\"inLanguage\":\"es-ES\",\"isPartOf\":{\"@id\":\"https:\\\/\\\/eldigitaldeasturias.com\\\/magazine365\\\/#website\"},\"breadcrumb\":{\"@id\":\"https:\\\/\\\/eldigitaldeasturias.com\\\/magazine365\\\/las-visitas-a-la-mezquita-catedral-de-cordoba-aumentan-un-621-en-lo-que-va-de-ano\\\/#breadcrumblist\"},\"author\":{\"@id\":\"https:\\\/\\\/eldigitaldeasturias.com\\\/magazine365\\\/author\\\/admin\\\/#author\"},\"creator\":{\"@id\":\"https:\\\/\\\/eldigitaldeasturias.com\\\/magazine365\\\/author\\\/admin\\\/#author\"},\"image\":{\"@type\":\"ImageObject\",\"url\":\"https:\\\/\\\/eldigitaldeasturias.com\\\/magazine365\\\/wp-content\\\/uploads\\\/2015\\\/06\\\/fotonoticia_20150615135545_800.jpg\",\"@id\":\"https:\\\/\\\/eldigitaldeasturias.com\\\/magazine365\\\/las-visitas-a-la-mezquita-catedral-de-cordoba-aumentan-un-621-en-lo-que-va-de-ano\\\/#mainImage\",\"width\":800,\"height\":1067},\"primaryImageOfPage\":{\"@id\":\"https:\\\/\\\/eldigitaldeasturias.com\\\/magazine365\\\/las-visitas-a-la-mezquita-catedral-de-cordoba-aumentan-un-621-en-lo-que-va-de-ano\\\/#mainImage\"},\"datePublished\":\"2015-06-16T01:09:49+02:00\",\"dateModified\":\"2015-06-16T01:09:49+02:00\"},{\"@type\":\"WebSite\",\"@id\":\"https:\\\/\\\/eldigitaldeasturias.com\\\/magazine365\\\/#website\",\"url\":\"https:\\\/\\\/eldigitaldeasturias.com\\\/magazine365\\\/\",\"name\":\"El Digital de Asturias\",\"description\":\"Revista de ocio, turismo y estilo de vida\",\"inLanguage\":\"es-ES\",\"publisher\":{\"@id\":\"https:\\\/\\\/eldigitaldeasturias.com\\\/magazine365\\\/#organization\"}}]}\n\t\t<\/script>\n\t\t<!-- All in One SEO Pro -->\r\n\t\t<title>Las visitas a la Mezquita-Catedral de C\u00f3rdoba aumentan un 6,21% en lo que va de a\u00f1o | El Digital de Asturias<\/title>\n\n","aioseo_head_json":{"title":"Las visitas a la Mezquita-Catedral de C\u00f3rdoba aumentan un 6,21% en lo que va de a\u00f1o | El Digital de Asturias","description":"Las visitas a mezquita-catedral de C\u00f3rdoba no dejan de aumentar, ya que, si en 2014 se bat\u00eda el r\u00e9cord de visitantes, el presente 2015 contin\u00faa por esa senda, pues, en lo que va a de a\u00f1o, el n\u00famero de visitas ha aumentado en un 6,21% y, hasta el pasado 31 de mayo, el hist\u00f3rico inmueble","canonical_url":"https:\/\/eldigitaldeasturias.com\/magazine365\/las-visitas-a-la-mezquita-catedral-de-cordoba-aumentan-un-621-en-lo-que-va-de-ano\/","robots":"max-image-preview:large","keywords":"actualidad turismo","webmasterTools":{"google-site-verification":"UA-38556648-1","miscellaneous":""},"schema":{"@context":"https:\/\/schema.org","@graph":[{"@type":"Article","@id":"https:\/\/eldigitaldeasturias.com\/magazine365\/las-visitas-a-la-mezquita-catedral-de-cordoba-aumentan-un-621-en-lo-que-va-de-ano\/#article","name":"Las visitas a la Mezquita-Catedral de C\u00f3rdoba aumentan un 6,21% en lo que va de a\u00f1o | El Digital de Asturias","headline":"Las visitas a la Mezquita-Catedral de C\u00f3rdoba aumentan un 6,21% en lo que va de a\u00f1o","author":{"@id":"https:\/\/eldigitaldeasturias.com\/magazine365\/author\/admin\/#author"},"publisher":{"@id":"https:\/\/eldigitaldeasturias.com\/magazine365\/#organization"},"image":{"@type":"ImageObject","url":"https:\/\/eldigitaldeasturias.com\/magazine365\/wp-content\/uploads\/2015\/06\/fotonoticia_20150615135545_800.jpg","width":800,"height":1067},"datePublished":"2015-06-16T01:09:49+02:00","dateModified":"2015-06-16T01:09:49+02:00","inLanguage":"es-ES","mainEntityOfPage":{"@id":"https:\/\/eldigitaldeasturias.com\/magazine365\/las-visitas-a-la-mezquita-catedral-de-cordoba-aumentan-un-621-en-lo-que-va-de-ano\/#webpage"},"isPartOf":{"@id":"https:\/\/eldigitaldeasturias.com\/magazine365\/las-visitas-a-la-mezquita-catedral-de-cordoba-aumentan-un-621-en-lo-que-va-de-ano\/#webpage"},"articleSection":"Actualidad Turismo"},{"@type":"BreadcrumbList","@id":"https:\/\/eldigitaldeasturias.com\/magazine365\/las-visitas-a-la-mezquita-catedral-de-cordoba-aumentan-un-621-en-lo-que-va-de-ano\/#breadcrumblist","itemListElement":[{"@type":"ListItem","@id":"https:\/\/eldigitaldeasturias.com\/magazine365#listItem","position":1,"name":"Home","item":"https:\/\/eldigitaldeasturias.com\/magazine365","nextItem":{"@type":"ListItem","@id":"https:\/\/eldigitaldeasturias.com\/magazine365\/category\/actualidad-turismo\/#listItem","name":"Actualidad Turismo"}},{"@type":"ListItem","@id":"https:\/\/eldigitaldeasturias.com\/magazine365\/category\/actualidad-turismo\/#listItem","position":2,"name":"Actualidad Turismo","item":"https:\/\/eldigitaldeasturias.com\/magazine365\/category\/actualidad-turismo\/","nextItem":{"@type":"ListItem","@id":"https:\/\/eldigitaldeasturias.com\/magazine365\/las-visitas-a-la-mezquita-catedral-de-cordoba-aumentan-un-621-en-lo-que-va-de-ano\/#listItem","name":"Las visitas a la Mezquita-Catedral de C\u00f3rdoba aumentan un 6,21% en lo que va de a\u00f1o"},"previousItem":{"@type":"ListItem","@id":"https:\/\/eldigitaldeasturias.com\/magazine365#listItem","name":"Home"}},{"@type":"ListItem","@id":"https:\/\/eldigitaldeasturias.com\/magazine365\/las-visitas-a-la-mezquita-catedral-de-cordoba-aumentan-un-621-en-lo-que-va-de-ano\/#listItem","position":3,"name":"Las visitas a la Mezquita-Catedral de C\u00f3rdoba aumentan un 6,21% en lo que va de a\u00f1o","previousItem":{"@type":"ListItem","@id":"https:\/\/eldigitaldeasturias.com\/magazine365\/category\/actualidad-turismo\/#listItem","name":"Actualidad Turismo"}}]},{"@type":"Organization","@id":"https:\/\/eldigitaldeasturias.com\/magazine365\/#organization","name":"El digital de Asturias","description":"Revista de ocio, turismo y estilo de vida","url":"https:\/\/eldigitaldeasturias.com\/magazine365\/","logo":{"@type":"ImageObject","url":"https:\/\/www.eldigitaldeasturias.com\/noticias\/wp-content\/uploads\/2020\/12\/EDA.jpg","@id":"https:\/\/eldigitaldeasturias.com\/magazine365\/las-visitas-a-la-mezquita-catedral-de-cordoba-aumentan-un-621-en-lo-que-va-de-ano\/#organizationLogo"},"image":{"@id":"https:\/\/eldigitaldeasturias.com\/magazine365\/las-visitas-a-la-mezquita-catedral-de-cordoba-aumentan-un-621-en-lo-que-va-de-ano\/#organizationLogo"}},{"@type":"Person","@id":"https:\/\/eldigitaldeasturias.com\/magazine365\/author\/admin\/#author","url":"https:\/\/eldigitaldeasturias.com\/magazine365\/author\/admin\/","name":"admin","image":{"@type":"ImageObject","@id":"https:\/\/eldigitaldeasturias.com\/magazine365\/las-visitas-a-la-mezquita-catedral-de-cordoba-aumentan-un-621-en-lo-que-va-de-ano\/#authorImage","url":"https:\/\/eldigitaldeasturias.com\/magazine365\/wp-content\/litespeed\/avatar\/e571bcf59a0edd6fa6838245a470f2fe.jpg?ver=1776969259","width":96,"height":96,"caption":"admin"}},{"@type":"WebPage","@id":"https:\/\/eldigitaldeasturias.com\/magazine365\/las-visitas-a-la-mezquita-catedral-de-cordoba-aumentan-un-621-en-lo-que-va-de-ano\/#webpage","url":"https:\/\/eldigitaldeasturias.com\/magazine365\/las-visitas-a-la-mezquita-catedral-de-cordoba-aumentan-un-621-en-lo-que-va-de-ano\/","name":"Las visitas a la Mezquita-Catedral de C\u00f3rdoba aumentan un 6,21% en lo que va de a\u00f1o | El Digital de Asturias","description":"Las visitas a mezquita-catedral de C\u00f3rdoba no dejan de aumentar, ya que, si en 2014 se bat\u00eda el r\u00e9cord de visitantes, el presente 2015 contin\u00faa por esa senda, pues, en lo que va a de a\u00f1o, el n\u00famero de visitas ha aumentado en un 6,21% y, hasta el pasado 31 de mayo, el hist\u00f3rico inmueble","inLanguage":"es-ES","isPartOf":{"@id":"https:\/\/eldigitaldeasturias.com\/magazine365\/#website"},"breadcrumb":{"@id":"https:\/\/eldigitaldeasturias.com\/magazine365\/las-visitas-a-la-mezquita-catedral-de-cordoba-aumentan-un-621-en-lo-que-va-de-ano\/#breadcrumblist"},"author":{"@id":"https:\/\/eldigitaldeasturias.com\/magazine365\/author\/admin\/#author"},"creator":{"@id":"https:\/\/eldigitaldeasturias.com\/magazine365\/author\/admin\/#author"},"image":{"@type":"ImageObject","url":"https:\/\/eldigitaldeasturias.com\/magazine365\/wp-content\/uploads\/2015\/06\/fotonoticia_20150615135545_800.jpg","@id":"https:\/\/eldigitaldeasturias.com\/magazine365\/las-visitas-a-la-mezquita-catedral-de-cordoba-aumentan-un-621-en-lo-que-va-de-ano\/#mainImage","width":800,"height":1067},"primaryImageOfPage":{"@id":"https:\/\/eldigitaldeasturias.com\/magazine365\/las-visitas-a-la-mezquita-catedral-de-cordoba-aumentan-un-621-en-lo-que-va-de-ano\/#mainImage"},"datePublished":"2015-06-16T01:09:49+02:00","dateModified":"2015-06-16T01:09:49+02:00"},{"@type":"WebSite","@id":"https:\/\/eldigitaldeasturias.com\/magazine365\/#website","url":"https:\/\/eldigitaldeasturias.com\/magazine365\/","name":"El Digital de Asturias","description":"Revista de ocio, turismo y estilo de vida","inLanguage":"es-ES","publisher":{"@id":"https:\/\/eldigitaldeasturias.com\/magazine365\/#organization"}}]},"og:locale":"es_ES","og:site_name":"El Digital de Asturias \u2013 Revista de ocio, turismo y estilo de vida","og:type":"article","og:title":"Las visitas a la Mezquita-Catedral de C\u00f3rdoba aumentan un 6,21% en lo que va de a\u00f1o | El Digital de Asturias","og:description":"Las visitas a mezquita-catedral de C\u00f3rdoba no dejan de aumentar, ya que, si en 2014 se bat\u00eda el r\u00e9cord de visitantes, el presente 2015 contin\u00faa por esa senda, pues, en lo que va a de a\u00f1o, el n\u00famero de visitas ha aumentado en un 6,21% y, hasta el pasado 31 de mayo, el hist\u00f3rico inmueble","og:url":"https:\/\/eldigitaldeasturias.com\/magazine365\/las-visitas-a-la-mezquita-catedral-de-cordoba-aumentan-un-621-en-lo-que-va-de-ano\/","og:image":"https:\/\/eldigitaldeasturias.com\/magazine365\/wp-content\/uploads\/2015\/06\/fotonoticia_20150615135545_800.jpg","og:image:secure_url":"https:\/\/eldigitaldeasturias.com\/magazine365\/wp-content\/uploads\/2015\/06\/fotonoticia_20150615135545_800.jpg","og:image:width":800,"og:image:height":1067,"article:published_time":"2015-06-15T23:39:49+00:00","article:modified_time":"2015-06-15T23:39:49+00:00","twitter:card":"summary_large_image","twitter:title":"Las visitas a la Mezquita-Catedral de C\u00f3rdoba aumentan un 6,21% en lo que va de a\u00f1o | El Digital de Asturias","twitter:description":"Las visitas a mezquita-catedral de C\u00f3rdoba no dejan de aumentar, ya que, si en 2014 se bat\u00eda el r\u00e9cord de visitantes, el presente 2015 contin\u00faa por esa senda, pues, en lo que va a de a\u00f1o, el n\u00famero de visitas ha aumentado en un 6,21% y, hasta el pasado 31 de mayo, el hist\u00f3rico inmueble","twitter:image":"https:\/\/eldigitaldeasturias.com\/magazine365\/wp-content\/uploads\/2015\/06\/fotonoticia_20150615135545_800.jpg"},"aioseo_meta_data":{"post_id":"39907","title":null,"description":null,"keywords":null,"keyphrases":null,"primary_term":null,"canonical_url":null,"og_title":null,"og_description":null,"og_object_type":"default","og_image_type":"default","og_image_url":null,"og_image_width":null,"og_image_height":null,"og_image_custom_url":null,"og_image_custom_fields":null,"og_video":null,"og_custom_url":null,"og_article_section":null,"og_article_tags":null,"twitter_use_og":false,"twitter_card":"default","twitter_image_type":"default","twitter_image_url":null,"twitter_image_custom_url":null,"twitter_image_custom_fields":null,"twitter_title":null,"twitter_description":null,"schema":{"blockGraphs":[],"customGraphs":[],"default":{"data":{"Article":[],"Course":[],"Dataset":[],"FAQPage":[],"Movie":[],"Person":[],"Product":[],"ProductReview":[],"Car":[],"Recipe":[],"Service":[],"SoftwareApplication":[],"WebPage":[]},"graphName":"","isEnabled":true},"graphs":[],"defaultGraph":"","defaultPostTypeGraph":""},"schema_type":null,"schema_type_options":null,"pillar_content":false,"robots_default":true,"robots_noindex":false,"robots_noarchive":false,"robots_nosnippet":false,"robots_nofollow":false,"robots_noimageindex":false,"robots_noodp":false,"robots_notranslate":false,"robots_max_snippet":null,"robots_max_videopreview":null,"robots_max_imagepreview":"large","priority":null,"frequency":null,"location":null,"local_seo":null,"seo_analyzer_scan_date":"2025-09-19 12:33:50","breadcrumb_settings":null,"limit_modified_date":false,"open_ai":null,"ai":null,"created":"2021-03-09 02:35:43","updated":"2025-09-19 12:33:50"},"aioseo_breadcrumb":"<div class=\"aioseo-breadcrumbs\"><span class=\"aioseo-breadcrumb\">\n\t<a href=\"https:\/\/eldigitaldeasturias.com\/magazine365\" title=\"Home\">Home<\/a>\n<\/span><span class=\"aioseo-breadcrumb-separator\">\u2013<\/span><span class=\"aioseo-breadcrumb\">\n\t<a href=\"https:\/\/eldigitaldeasturias.com\/magazine365\/category\/actualidad-turismo\/\" title=\"Actualidad Turismo\">Actualidad Turismo<\/a>\n<\/span><span class=\"aioseo-breadcrumb-separator\">\u2013<\/span><span class=\"aioseo-breadcrumb\">\n\t<a href=\"https:\/\/eldigitaldeasturias.com\/magazine365\/las-visitas-a-la-mezquita-catedral-de-cordoba-aumentan-un-621-en-lo-que-va-de-ano\/\" title=\"Las visitas a la Mezquita-Catedral de C\u00f3rdoba aumentan un 6,21% en lo que va de a\u00f1o\">Las visitas a la Mezquita-Catedral de C\u00f3rdoba aumentan un 6,21% en lo que va de a\u00f1o<\/a>\n<\/span><\/div>","aioseo_breadcrumb_json":[{"label":"Home","link":"https:\/\/eldigitaldeasturias.com\/magazine365"},{"label":"Actualidad Turismo","link":"https:\/\/eldigitaldeasturias.com\/magazine365\/category\/actualidad-turismo\/"},{"label":"Las visitas a la Mezquita-Catedral de C\u00f3rdoba aumentan un 6,21% en lo que va de a\u00f1o","link":"https:\/\/eldigitaldeasturias.com\/magazine365\/las-visitas-a-la-mezquita-catedral-de-cordoba-aumentan-un-621-en-lo-que-va-de-ano\/"}],"_links":{"self":[{"href":"https:\/\/eldigitaldeasturias.com\/magazine365\/wp-json\/wp\/v2\/posts\/39907","targetHints":{"allow":["GET"]}}],"collection":[{"href":"https:\/\/eldigitaldeasturias.com\/magazine365\/wp-json\/wp\/v2\/posts"}],"about":[{"href":"https:\/\/eldigitaldeasturias.com\/magazine365\/wp-json\/wp\/v2\/types\/post"}],"author":[{"embeddable":true,"href":"https:\/\/eldigitaldeasturias.com\/magazine365\/wp-json\/wp\/v2\/users\/1"}],"replies":[{"embeddable":true,"href":"https:\/\/eldigitaldeasturias.com\/magazine365\/wp-json\/wp\/v2\/comments?post=39907"}],"version-history":[{"count":0,"href":"https:\/\/eldigitaldeasturias.com\/magazine365\/wp-json\/wp\/v2\/posts\/39907\/revisions"}],"wp:featuredmedia":[{"embeddable":true,"href":"https:\/\/eldigitaldeasturias.com\/magazine365\/wp-json\/wp\/v2\/media\/39908"}],"wp:attachment":[{"href":"https:\/\/eldigitaldeasturias.com\/magazine365\/wp-json\/wp\/v2\/media?parent=39907"}],"wp:term":[{"taxonomy":"category","embeddable":true,"href":"https:\/\/eldigitaldeasturias.com\/magazine365\/wp-json\/wp\/v2\/categories?post=39907"},{"taxonomy":"post_tag","embeddable":true,"href":"https:\/\/eldigitaldeasturias.com\/magazine365\/wp-json\/wp\/v2\/tags?post=39907"}],"curies":[{"name":"wp","href":"https:\/\/api.w.org\/{rel}","templated":true}]}}