{"id":39904,"date":"2015-06-16T01:08:03","date_gmt":"2015-06-15T23:38:03","guid":{"rendered":"http:\/\/eldigitaldeasturias.com\/magazine365\/?p=39904"},"modified":"2015-06-16T01:08:03","modified_gmt":"2015-06-15T23:38:03","slug":"la-vaguada-acogera-la-iii-edicion-del-thai-festival-hasta-el-28-de-junio","status":"publish","type":"post","link":"https:\/\/eldigitaldeasturias.com\/magazine365\/la-vaguada-acogera-la-iii-edicion-del-thai-festival-hasta-el-28-de-junio\/","title":{"rendered":"La Vaguada acoger\u00e1 la III edici\u00f3n del &#8216;Thai Festival&#8217; hasta el 28 de junio"},"content":{"rendered":"<p><img fetchpriority=\"high\" decoding=\"async\" class=\"alignleft size-medium wp-image-39905\" src=\"https:\/\/eldigitaldeasturias.com\/magazine365\/wp-content\/uploads\/2015\/06\/fotonoticia_20150615135442_800-300x300.jpg\" alt=\"fotonoticia_20150615135442_800\" width=\"300\" height=\"300\" srcset=\"https:\/\/eldigitaldeasturias.com\/magazine365\/wp-content\/uploads\/2015\/06\/fotonoticia_20150615135442_800-300x300.jpg 300w, https:\/\/eldigitaldeasturias.com\/magazine365\/wp-content\/uploads\/2015\/06\/fotonoticia_20150615135442_800-640x640.jpg 640w, https:\/\/eldigitaldeasturias.com\/magazine365\/wp-content\/uploads\/2015\/06\/fotonoticia_20150615135442_800-768x768.jpg 768w, https:\/\/eldigitaldeasturias.com\/magazine365\/wp-content\/uploads\/2015\/06\/fotonoticia_20150615135442_800-150x150.jpg 150w, https:\/\/eldigitaldeasturias.com\/magazine365\/wp-content\/uploads\/2015\/06\/fotonoticia_20150615135442_800-450x450.jpg 450w, https:\/\/eldigitaldeasturias.com\/magazine365\/wp-content\/uploads\/2015\/06\/fotonoticia_20150615135442_800-696x696.jpg 696w, https:\/\/eldigitaldeasturias.com\/magazine365\/wp-content\/uploads\/2015\/06\/fotonoticia_20150615135442_800-420x420.jpg 420w, https:\/\/eldigitaldeasturias.com\/magazine365\/wp-content\/uploads\/2015\/06\/fotonoticia_20150615135442_800-50x50.jpg 50w, https:\/\/eldigitaldeasturias.com\/magazine365\/wp-content\/uploads\/2015\/06\/fotonoticia_20150615135442_800.jpg 800w\" sizes=\"(max-width: 300px) 100vw, 300px\" \/>El centro comercial La Vaguada acoger\u00e1 este jueves y , la III edici\u00f3n del &#8216;Thai Festival&#8217; un evento que acercar\u00e1 a los madrile\u00f1os la cultura y la gastronom\u00eda tailandesa, ha informado la organizaci\u00f3n en un comunicado.<\/p>\n<p>El Ministro Consejero Comercial de la Oficina de Asuntos Comerciales de la Embajada Tailandesa, Prakhan Kordumrong, junto al director del centro comercial La Vaguada, Sebasti\u00e1n Herrero, inaugurar\u00e1n esta tercera edici\u00f3n que contar\u00e1 con un \u00abvariado y extenso\u00bb programa con el objetivo de conocer de cerca la cultura y gastronom\u00eda tailandesa.<\/p>\n<p>En horario de 10 a 22 horas y durante diez d\u00edas, habr\u00e1 actividades relacionada con la exhibici\u00f3n de danzas tradicionales, &#8216;Muay Thai&#8217; (boxeo tailand\u00e9s), lucha con katanas, cocina en vivo, masajes aplicados por renombrados terapeutas, talleres de joyer\u00eda y frutas talladas, entre otras.<\/p>\n","protected":false},"excerpt":{"rendered":"<p>El centro comercial La Vaguada acoger\u00e1 este jueves y , la III edici\u00f3n del &#8216;Thai Festival&#8217; un evento que acercar\u00e1 a los madrile\u00f1os la cultura y la gastronom\u00eda tailandesa, ha informado la organizaci\u00f3n en un comunicado. El Ministro Consejero Comercial de la Oficina de Asuntos Comerciales de la Embajada Tailandesa, Prakhan Kordumrong, junto al director<\/p>\n","protected":false},"author":1,"featured_media":39905,"comment_status":"open","ping_status":"closed","sticky":false,"template":"","format":"standard","meta":{"footnotes":""},"categories":[222],"tags":[],"class_list":{"0":"post-39904","1":"post","2":"type-post","3":"status-publish","4":"format-standard","5":"has-post-thumbnail","7":"category-actualidad-turismo"},"aioseo_notices":[],"aioseo_head":"\n\t\t<!-- All in One SEO Pro 4.9.6.1 - aioseo.com -->\n\t<meta name=\"description\" content=\"El centro comercial La Vaguada acoger\u00e1 este jueves y , la III edici\u00f3n del &#039;Thai Festival&#039; un evento que acercar\u00e1 a los madrile\u00f1os la cultura y la gastronom\u00eda tailandesa, ha informado la organizaci\u00f3n en un comunicado. El Ministro Consejero Comercial de la Oficina de Asuntos Comerciales de la Embajada Tailandesa, Prakhan Kordumrong, junto al director\" \/>\n\t<meta name=\"robots\" content=\"max-image-preview:large\" \/>\n\t<meta name=\"author\" content=\"admin\"\/>\n\t<meta name=\"google-site-verification\" content=\"UA-38556648-1\" \/>\n\t<meta name=\"keywords\" content=\"actualidad turismo\" \/>\n\t<link rel=\"canonical\" href=\"https:\/\/eldigitaldeasturias.com\/magazine365\/la-vaguada-acogera-la-iii-edicion-del-thai-festival-hasta-el-28-de-junio\/\" \/>\n\t<meta name=\"generator\" content=\"All in One SEO Pro (AIOSEO) 4.9.6.1\" \/>\n\t\t<meta property=\"og:locale\" content=\"es_ES\" \/>\n\t\t<meta property=\"og:site_name\" content=\"El Digital de Asturias \u2013 Revista de ocio, turismo y estilo de vida\" \/>\n\t\t<meta property=\"og:type\" content=\"article\" \/>\n\t\t<meta property=\"og:title\" content=\"La Vaguada acoger\u00e1 la III edici\u00f3n del \u2018Thai Festival\u2019 hasta el 28 de junio | El Digital de Asturias\" \/>\n\t\t<meta property=\"og:description\" content=\"El centro comercial La Vaguada acoger\u00e1 este jueves y , la III edici\u00f3n del &#039;Thai Festival&#039; un evento que acercar\u00e1 a los madrile\u00f1os la cultura y la gastronom\u00eda tailandesa, ha informado la organizaci\u00f3n en un comunicado. El Ministro Consejero Comercial de la Oficina de Asuntos Comerciales de la Embajada Tailandesa, Prakhan Kordumrong, junto al director\" \/>\n\t\t<meta property=\"og:url\" content=\"https:\/\/eldigitaldeasturias.com\/magazine365\/la-vaguada-acogera-la-iii-edicion-del-thai-festival-hasta-el-28-de-junio\/\" \/>\n\t\t<meta property=\"og:image\" content=\"https:\/\/eldigitaldeasturias.com\/magazine365\/wp-content\/uploads\/2015\/06\/fotonoticia_20150615135442_800.jpg\" \/>\n\t\t<meta property=\"og:image:secure_url\" content=\"https:\/\/eldigitaldeasturias.com\/magazine365\/wp-content\/uploads\/2015\/06\/fotonoticia_20150615135442_800.jpg\" \/>\n\t\t<meta property=\"og:image:width\" content=\"800\" \/>\n\t\t<meta property=\"og:image:height\" content=\"800\" \/>\n\t\t<meta property=\"article:published_time\" content=\"2015-06-15T23:38:03+00:00\" \/>\n\t\t<meta property=\"article:modified_time\" content=\"2015-06-15T23:38:03+00:00\" \/>\n\t\t<meta name=\"twitter:card\" content=\"summary_large_image\" \/>\n\t\t<meta name=\"twitter:title\" content=\"La Vaguada acoger\u00e1 la III edici\u00f3n del \u2018Thai Festival\u2019 hasta el 28 de junio | El Digital de Asturias\" \/>\n\t\t<meta name=\"twitter:description\" content=\"El centro comercial La Vaguada acoger\u00e1 este jueves y , la III edici\u00f3n del &#039;Thai Festival&#039; un evento que acercar\u00e1 a los madrile\u00f1os la cultura y la gastronom\u00eda tailandesa, ha informado la organizaci\u00f3n en un comunicado. El Ministro Consejero Comercial de la Oficina de Asuntos Comerciales de la Embajada Tailandesa, Prakhan Kordumrong, junto al director\" \/>\n\t\t<meta name=\"twitter:image\" content=\"https:\/\/eldigitaldeasturias.com\/magazine365\/wp-content\/uploads\/2015\/06\/fotonoticia_20150615135442_800.jpg\" \/>\n\t\t<script type=\"application\/ld+json\" class=\"aioseo-schema\">\n\t\t\t{\"@context\":\"https:\\\/\\\/schema.org\",\"@graph\":[{\"@type\":\"Article\",\"@id\":\"https:\\\/\\\/eldigitaldeasturias.com\\\/magazine365\\\/la-vaguada-acogera-la-iii-edicion-del-thai-festival-hasta-el-28-de-junio\\\/#article\",\"name\":\"La Vaguada acoger\\u00e1 la III edici\\u00f3n del \\u2018Thai Festival\\u2019 hasta el 28 de junio | El Digital de Asturias\",\"headline\":\"La Vaguada acoger\\u00e1 la III edici\\u00f3n del &#8216;Thai Festival&#8217; hasta el 28 de junio\",\"author\":{\"@id\":\"https:\\\/\\\/eldigitaldeasturias.com\\\/magazine365\\\/author\\\/admin\\\/#author\"},\"publisher\":{\"@id\":\"https:\\\/\\\/eldigitaldeasturias.com\\\/magazine365\\\/#organization\"},\"image\":{\"@type\":\"ImageObject\",\"url\":\"https:\\\/\\\/eldigitaldeasturias.com\\\/magazine365\\\/wp-content\\\/uploads\\\/2015\\\/06\\\/fotonoticia_20150615135442_800.jpg\",\"width\":800,\"height\":800},\"datePublished\":\"2015-06-16T01:08:03+02:00\",\"dateModified\":\"2015-06-16T01:08:03+02:00\",\"inLanguage\":\"es-ES\",\"mainEntityOfPage\":{\"@id\":\"https:\\\/\\\/eldigitaldeasturias.com\\\/magazine365\\\/la-vaguada-acogera-la-iii-edicion-del-thai-festival-hasta-el-28-de-junio\\\/#webpage\"},\"isPartOf\":{\"@id\":\"https:\\\/\\\/eldigitaldeasturias.com\\\/magazine365\\\/la-vaguada-acogera-la-iii-edicion-del-thai-festival-hasta-el-28-de-junio\\\/#webpage\"},\"articleSection\":\"Actualidad Turismo\"},{\"@type\":\"BreadcrumbList\",\"@id\":\"https:\\\/\\\/eldigitaldeasturias.com\\\/magazine365\\\/la-vaguada-acogera-la-iii-edicion-del-thai-festival-hasta-el-28-de-junio\\\/#breadcrumblist\",\"itemListElement\":[{\"@type\":\"ListItem\",\"@id\":\"https:\\\/\\\/eldigitaldeasturias.com\\\/magazine365#listItem\",\"position\":1,\"name\":\"Home\",\"item\":\"https:\\\/\\\/eldigitaldeasturias.com\\\/magazine365\",\"nextItem\":{\"@type\":\"ListItem\",\"@id\":\"https:\\\/\\\/eldigitaldeasturias.com\\\/magazine365\\\/category\\\/actualidad-turismo\\\/#listItem\",\"name\":\"Actualidad Turismo\"}},{\"@type\":\"ListItem\",\"@id\":\"https:\\\/\\\/eldigitaldeasturias.com\\\/magazine365\\\/category\\\/actualidad-turismo\\\/#listItem\",\"position\":2,\"name\":\"Actualidad Turismo\",\"item\":\"https:\\\/\\\/eldigitaldeasturias.com\\\/magazine365\\\/category\\\/actualidad-turismo\\\/\",\"nextItem\":{\"@type\":\"ListItem\",\"@id\":\"https:\\\/\\\/eldigitaldeasturias.com\\\/magazine365\\\/la-vaguada-acogera-la-iii-edicion-del-thai-festival-hasta-el-28-de-junio\\\/#listItem\",\"name\":\"La Vaguada acoger\\u00e1 la III edici\\u00f3n del &#8216;Thai Festival&#8217; hasta el 28 de junio\"},\"previousItem\":{\"@type\":\"ListItem\",\"@id\":\"https:\\\/\\\/eldigitaldeasturias.com\\\/magazine365#listItem\",\"name\":\"Home\"}},{\"@type\":\"ListItem\",\"@id\":\"https:\\\/\\\/eldigitaldeasturias.com\\\/magazine365\\\/la-vaguada-acogera-la-iii-edicion-del-thai-festival-hasta-el-28-de-junio\\\/#listItem\",\"position\":3,\"name\":\"La Vaguada acoger\\u00e1 la III edici\\u00f3n del &#8216;Thai Festival&#8217; hasta el 28 de junio\",\"previousItem\":{\"@type\":\"ListItem\",\"@id\":\"https:\\\/\\\/eldigitaldeasturias.com\\\/magazine365\\\/category\\\/actualidad-turismo\\\/#listItem\",\"name\":\"Actualidad Turismo\"}}]},{\"@type\":\"Organization\",\"@id\":\"https:\\\/\\\/eldigitaldeasturias.com\\\/magazine365\\\/#organization\",\"name\":\"El digital de Asturias\",\"description\":\"Revista de ocio, turismo y estilo de vida\",\"url\":\"https:\\\/\\\/eldigitaldeasturias.com\\\/magazine365\\\/\",\"logo\":{\"@type\":\"ImageObject\",\"url\":\"https:\\\/\\\/www.eldigitaldeasturias.com\\\/noticias\\\/wp-content\\\/uploads\\\/2020\\\/12\\\/EDA.jpg\",\"@id\":\"https:\\\/\\\/eldigitaldeasturias.com\\\/magazine365\\\/la-vaguada-acogera-la-iii-edicion-del-thai-festival-hasta-el-28-de-junio\\\/#organizationLogo\"},\"image\":{\"@id\":\"https:\\\/\\\/eldigitaldeasturias.com\\\/magazine365\\\/la-vaguada-acogera-la-iii-edicion-del-thai-festival-hasta-el-28-de-junio\\\/#organizationLogo\"}},{\"@type\":\"Person\",\"@id\":\"https:\\\/\\\/eldigitaldeasturias.com\\\/magazine365\\\/author\\\/admin\\\/#author\",\"url\":\"https:\\\/\\\/eldigitaldeasturias.com\\\/magazine365\\\/author\\\/admin\\\/\",\"name\":\"admin\",\"image\":{\"@type\":\"ImageObject\",\"@id\":\"https:\\\/\\\/eldigitaldeasturias.com\\\/magazine365\\\/la-vaguada-acogera-la-iii-edicion-del-thai-festival-hasta-el-28-de-junio\\\/#authorImage\",\"url\":\"https:\\\/\\\/eldigitaldeasturias.com\\\/magazine365\\\/wp-content\\\/litespeed\\\/avatar\\\/e571bcf59a0edd6fa6838245a470f2fe.jpg?ver=1776969259\",\"width\":96,\"height\":96,\"caption\":\"admin\"}},{\"@type\":\"WebPage\",\"@id\":\"https:\\\/\\\/eldigitaldeasturias.com\\\/magazine365\\\/la-vaguada-acogera-la-iii-edicion-del-thai-festival-hasta-el-28-de-junio\\\/#webpage\",\"url\":\"https:\\\/\\\/eldigitaldeasturias.com\\\/magazine365\\\/la-vaguada-acogera-la-iii-edicion-del-thai-festival-hasta-el-28-de-junio\\\/\",\"name\":\"La Vaguada acoger\\u00e1 la III edici\\u00f3n del \\u2018Thai Festival\\u2019 hasta el 28 de junio | El Digital de Asturias\",\"description\":\"El centro comercial La Vaguada acoger\\u00e1 este jueves y , la III edici\\u00f3n del 'Thai Festival' un evento que acercar\\u00e1 a los madrile\\u00f1os la cultura y la gastronom\\u00eda tailandesa, ha informado la organizaci\\u00f3n en un comunicado. El Ministro Consejero Comercial de la Oficina de Asuntos Comerciales de la Embajada Tailandesa, Prakhan Kordumrong, junto al director\",\"inLanguage\":\"es-ES\",\"isPartOf\":{\"@id\":\"https:\\\/\\\/eldigitaldeasturias.com\\\/magazine365\\\/#website\"},\"breadcrumb\":{\"@id\":\"https:\\\/\\\/eldigitaldeasturias.com\\\/magazine365\\\/la-vaguada-acogera-la-iii-edicion-del-thai-festival-hasta-el-28-de-junio\\\/#breadcrumblist\"},\"author\":{\"@id\":\"https:\\\/\\\/eldigitaldeasturias.com\\\/magazine365\\\/author\\\/admin\\\/#author\"},\"creator\":{\"@id\":\"https:\\\/\\\/eldigitaldeasturias.com\\\/magazine365\\\/author\\\/admin\\\/#author\"},\"image\":{\"@type\":\"ImageObject\",\"url\":\"https:\\\/\\\/eldigitaldeasturias.com\\\/magazine365\\\/wp-content\\\/uploads\\\/2015\\\/06\\\/fotonoticia_20150615135442_800.jpg\",\"@id\":\"https:\\\/\\\/eldigitaldeasturias.com\\\/magazine365\\\/la-vaguada-acogera-la-iii-edicion-del-thai-festival-hasta-el-28-de-junio\\\/#mainImage\",\"width\":800,\"height\":800},\"primaryImageOfPage\":{\"@id\":\"https:\\\/\\\/eldigitaldeasturias.com\\\/magazine365\\\/la-vaguada-acogera-la-iii-edicion-del-thai-festival-hasta-el-28-de-junio\\\/#mainImage\"},\"datePublished\":\"2015-06-16T01:08:03+02:00\",\"dateModified\":\"2015-06-16T01:08:03+02:00\"},{\"@type\":\"WebSite\",\"@id\":\"https:\\\/\\\/eldigitaldeasturias.com\\\/magazine365\\\/#website\",\"url\":\"https:\\\/\\\/eldigitaldeasturias.com\\\/magazine365\\\/\",\"name\":\"El Digital de Asturias\",\"description\":\"Revista de ocio, turismo y estilo de vida\",\"inLanguage\":\"es-ES\",\"publisher\":{\"@id\":\"https:\\\/\\\/eldigitaldeasturias.com\\\/magazine365\\\/#organization\"}}]}\n\t\t<\/script>\n\t\t<!-- All in One SEO Pro -->\r\n\t\t<title>La Vaguada acoger\u00e1 la III edici\u00f3n del \u2018Thai Festival\u2019 hasta el 28 de junio | El Digital de Asturias<\/title>\n\n","aioseo_head_json":{"title":"La Vaguada acoger\u00e1 la III edici\u00f3n del \u2018Thai Festival\u2019 hasta el 28 de junio | El Digital de Asturias","description":"El centro comercial La Vaguada acoger\u00e1 este jueves y , la III edici\u00f3n del 'Thai Festival' un evento que acercar\u00e1 a los madrile\u00f1os la cultura y la gastronom\u00eda tailandesa, ha informado la organizaci\u00f3n en un comunicado. El Ministro Consejero Comercial de la Oficina de Asuntos Comerciales de la Embajada Tailandesa, Prakhan Kordumrong, junto al director","canonical_url":"https:\/\/eldigitaldeasturias.com\/magazine365\/la-vaguada-acogera-la-iii-edicion-del-thai-festival-hasta-el-28-de-junio\/","robots":"max-image-preview:large","keywords":"actualidad turismo","webmasterTools":{"google-site-verification":"UA-38556648-1","miscellaneous":""},"schema":{"@context":"https:\/\/schema.org","@graph":[{"@type":"Article","@id":"https:\/\/eldigitaldeasturias.com\/magazine365\/la-vaguada-acogera-la-iii-edicion-del-thai-festival-hasta-el-28-de-junio\/#article","name":"La Vaguada acoger\u00e1 la III edici\u00f3n del \u2018Thai Festival\u2019 hasta el 28 de junio | El Digital de Asturias","headline":"La Vaguada acoger\u00e1 la III edici\u00f3n del &#8216;Thai Festival&#8217; hasta el 28 de junio","author":{"@id":"https:\/\/eldigitaldeasturias.com\/magazine365\/author\/admin\/#author"},"publisher":{"@id":"https:\/\/eldigitaldeasturias.com\/magazine365\/#organization"},"image":{"@type":"ImageObject","url":"https:\/\/eldigitaldeasturias.com\/magazine365\/wp-content\/uploads\/2015\/06\/fotonoticia_20150615135442_800.jpg","width":800,"height":800},"datePublished":"2015-06-16T01:08:03+02:00","dateModified":"2015-06-16T01:08:03+02:00","inLanguage":"es-ES","mainEntityOfPage":{"@id":"https:\/\/eldigitaldeasturias.com\/magazine365\/la-vaguada-acogera-la-iii-edicion-del-thai-festival-hasta-el-28-de-junio\/#webpage"},"isPartOf":{"@id":"https:\/\/eldigitaldeasturias.com\/magazine365\/la-vaguada-acogera-la-iii-edicion-del-thai-festival-hasta-el-28-de-junio\/#webpage"},"articleSection":"Actualidad Turismo"},{"@type":"BreadcrumbList","@id":"https:\/\/eldigitaldeasturias.com\/magazine365\/la-vaguada-acogera-la-iii-edicion-del-thai-festival-hasta-el-28-de-junio\/#breadcrumblist","itemListElement":[{"@type":"ListItem","@id":"https:\/\/eldigitaldeasturias.com\/magazine365#listItem","position":1,"name":"Home","item":"https:\/\/eldigitaldeasturias.com\/magazine365","nextItem":{"@type":"ListItem","@id":"https:\/\/eldigitaldeasturias.com\/magazine365\/category\/actualidad-turismo\/#listItem","name":"Actualidad Turismo"}},{"@type":"ListItem","@id":"https:\/\/eldigitaldeasturias.com\/magazine365\/category\/actualidad-turismo\/#listItem","position":2,"name":"Actualidad Turismo","item":"https:\/\/eldigitaldeasturias.com\/magazine365\/category\/actualidad-turismo\/","nextItem":{"@type":"ListItem","@id":"https:\/\/eldigitaldeasturias.com\/magazine365\/la-vaguada-acogera-la-iii-edicion-del-thai-festival-hasta-el-28-de-junio\/#listItem","name":"La Vaguada acoger\u00e1 la III edici\u00f3n del &#8216;Thai Festival&#8217; hasta el 28 de junio"},"previousItem":{"@type":"ListItem","@id":"https:\/\/eldigitaldeasturias.com\/magazine365#listItem","name":"Home"}},{"@type":"ListItem","@id":"https:\/\/eldigitaldeasturias.com\/magazine365\/la-vaguada-acogera-la-iii-edicion-del-thai-festival-hasta-el-28-de-junio\/#listItem","position":3,"name":"La Vaguada acoger\u00e1 la III edici\u00f3n del &#8216;Thai Festival&#8217; hasta el 28 de junio","previousItem":{"@type":"ListItem","@id":"https:\/\/eldigitaldeasturias.com\/magazine365\/category\/actualidad-turismo\/#listItem","name":"Actualidad Turismo"}}]},{"@type":"Organization","@id":"https:\/\/eldigitaldeasturias.com\/magazine365\/#organization","name":"El digital de Asturias","description":"Revista de ocio, turismo y estilo de vida","url":"https:\/\/eldigitaldeasturias.com\/magazine365\/","logo":{"@type":"ImageObject","url":"https:\/\/www.eldigitaldeasturias.com\/noticias\/wp-content\/uploads\/2020\/12\/EDA.jpg","@id":"https:\/\/eldigitaldeasturias.com\/magazine365\/la-vaguada-acogera-la-iii-edicion-del-thai-festival-hasta-el-28-de-junio\/#organizationLogo"},"image":{"@id":"https:\/\/eldigitaldeasturias.com\/magazine365\/la-vaguada-acogera-la-iii-edicion-del-thai-festival-hasta-el-28-de-junio\/#organizationLogo"}},{"@type":"Person","@id":"https:\/\/eldigitaldeasturias.com\/magazine365\/author\/admin\/#author","url":"https:\/\/eldigitaldeasturias.com\/magazine365\/author\/admin\/","name":"admin","image":{"@type":"ImageObject","@id":"https:\/\/eldigitaldeasturias.com\/magazine365\/la-vaguada-acogera-la-iii-edicion-del-thai-festival-hasta-el-28-de-junio\/#authorImage","url":"https:\/\/eldigitaldeasturias.com\/magazine365\/wp-content\/litespeed\/avatar\/e571bcf59a0edd6fa6838245a470f2fe.jpg?ver=1776969259","width":96,"height":96,"caption":"admin"}},{"@type":"WebPage","@id":"https:\/\/eldigitaldeasturias.com\/magazine365\/la-vaguada-acogera-la-iii-edicion-del-thai-festival-hasta-el-28-de-junio\/#webpage","url":"https:\/\/eldigitaldeasturias.com\/magazine365\/la-vaguada-acogera-la-iii-edicion-del-thai-festival-hasta-el-28-de-junio\/","name":"La Vaguada acoger\u00e1 la III edici\u00f3n del \u2018Thai Festival\u2019 hasta el 28 de junio | El Digital de Asturias","description":"El centro comercial La Vaguada acoger\u00e1 este jueves y , la III edici\u00f3n del 'Thai Festival' un evento que acercar\u00e1 a los madrile\u00f1os la cultura y la gastronom\u00eda tailandesa, ha informado la organizaci\u00f3n en un comunicado. El Ministro Consejero Comercial de la Oficina de Asuntos Comerciales de la Embajada Tailandesa, Prakhan Kordumrong, junto al director","inLanguage":"es-ES","isPartOf":{"@id":"https:\/\/eldigitaldeasturias.com\/magazine365\/#website"},"breadcrumb":{"@id":"https:\/\/eldigitaldeasturias.com\/magazine365\/la-vaguada-acogera-la-iii-edicion-del-thai-festival-hasta-el-28-de-junio\/#breadcrumblist"},"author":{"@id":"https:\/\/eldigitaldeasturias.com\/magazine365\/author\/admin\/#author"},"creator":{"@id":"https:\/\/eldigitaldeasturias.com\/magazine365\/author\/admin\/#author"},"image":{"@type":"ImageObject","url":"https:\/\/eldigitaldeasturias.com\/magazine365\/wp-content\/uploads\/2015\/06\/fotonoticia_20150615135442_800.jpg","@id":"https:\/\/eldigitaldeasturias.com\/magazine365\/la-vaguada-acogera-la-iii-edicion-del-thai-festival-hasta-el-28-de-junio\/#mainImage","width":800,"height":800},"primaryImageOfPage":{"@id":"https:\/\/eldigitaldeasturias.com\/magazine365\/la-vaguada-acogera-la-iii-edicion-del-thai-festival-hasta-el-28-de-junio\/#mainImage"},"datePublished":"2015-06-16T01:08:03+02:00","dateModified":"2015-06-16T01:08:03+02:00"},{"@type":"WebSite","@id":"https:\/\/eldigitaldeasturias.com\/magazine365\/#website","url":"https:\/\/eldigitaldeasturias.com\/magazine365\/","name":"El Digital de Asturias","description":"Revista de ocio, turismo y estilo de vida","inLanguage":"es-ES","publisher":{"@id":"https:\/\/eldigitaldeasturias.com\/magazine365\/#organization"}}]},"og:locale":"es_ES","og:site_name":"El Digital de Asturias \u2013 Revista de ocio, turismo y estilo de vida","og:type":"article","og:title":"La Vaguada acoger\u00e1 la III edici\u00f3n del \u2018Thai Festival\u2019 hasta el 28 de junio | El Digital de Asturias","og:description":"El centro comercial La Vaguada acoger\u00e1 este jueves y , la III edici\u00f3n del 'Thai Festival' un evento que acercar\u00e1 a los madrile\u00f1os la cultura y la gastronom\u00eda tailandesa, ha informado la organizaci\u00f3n en un comunicado. El Ministro Consejero Comercial de la Oficina de Asuntos Comerciales de la Embajada Tailandesa, Prakhan Kordumrong, junto al director","og:url":"https:\/\/eldigitaldeasturias.com\/magazine365\/la-vaguada-acogera-la-iii-edicion-del-thai-festival-hasta-el-28-de-junio\/","og:image":"https:\/\/eldigitaldeasturias.com\/magazine365\/wp-content\/uploads\/2015\/06\/fotonoticia_20150615135442_800.jpg","og:image:secure_url":"https:\/\/eldigitaldeasturias.com\/magazine365\/wp-content\/uploads\/2015\/06\/fotonoticia_20150615135442_800.jpg","og:image:width":800,"og:image:height":800,"article:published_time":"2015-06-15T23:38:03+00:00","article:modified_time":"2015-06-15T23:38:03+00:00","twitter:card":"summary_large_image","twitter:title":"La Vaguada acoger\u00e1 la III edici\u00f3n del \u2018Thai Festival\u2019 hasta el 28 de junio | El Digital de Asturias","twitter:description":"El centro comercial La Vaguada acoger\u00e1 este jueves y , la III edici\u00f3n del 'Thai Festival' un evento que acercar\u00e1 a los madrile\u00f1os la cultura y la gastronom\u00eda tailandesa, ha informado la organizaci\u00f3n en un comunicado. El Ministro Consejero Comercial de la Oficina de Asuntos Comerciales de la Embajada Tailandesa, Prakhan Kordumrong, junto al director","twitter:image":"https:\/\/eldigitaldeasturias.com\/magazine365\/wp-content\/uploads\/2015\/06\/fotonoticia_20150615135442_800.jpg"},"aioseo_meta_data":{"post_id":"39904","title":null,"description":null,"keywords":null,"keyphrases":null,"primary_term":null,"canonical_url":null,"og_title":null,"og_description":null,"og_object_type":"default","og_image_type":"default","og_image_url":null,"og_image_width":null,"og_image_height":null,"og_image_custom_url":null,"og_image_custom_fields":null,"og_video":null,"og_custom_url":null,"og_article_section":null,"og_article_tags":null,"twitter_use_og":false,"twitter_card":"default","twitter_image_type":"default","twitter_image_url":null,"twitter_image_custom_url":null,"twitter_image_custom_fields":null,"twitter_title":null,"twitter_description":null,"schema":{"blockGraphs":[],"customGraphs":[],"default":{"data":{"Article":[],"Course":[],"Dataset":[],"FAQPage":[],"Movie":[],"Person":[],"Product":[],"ProductReview":[],"Car":[],"Recipe":[],"Service":[],"SoftwareApplication":[],"WebPage":[]},"graphName":"","isEnabled":true},"graphs":[],"defaultGraph":"","defaultPostTypeGraph":""},"schema_type":null,"schema_type_options":null,"pillar_content":false,"robots_default":true,"robots_noindex":false,"robots_noarchive":false,"robots_nosnippet":false,"robots_nofollow":false,"robots_noimageindex":false,"robots_noodp":false,"robots_notranslate":false,"robots_max_snippet":null,"robots_max_videopreview":null,"robots_max_imagepreview":"large","priority":null,"frequency":null,"location":null,"local_seo":null,"seo_analyzer_scan_date":"2025-09-19 12:33:49","breadcrumb_settings":null,"limit_modified_date":false,"open_ai":null,"ai":null,"created":"2021-03-09 02:35:43","updated":"2025-09-19 12:33:49"},"aioseo_breadcrumb":"<div class=\"aioseo-breadcrumbs\"><span class=\"aioseo-breadcrumb\">\n\t<a href=\"https:\/\/eldigitaldeasturias.com\/magazine365\" title=\"Home\">Home<\/a>\n<\/span><span class=\"aioseo-breadcrumb-separator\">\u2013<\/span><span class=\"aioseo-breadcrumb\">\n\t<a href=\"https:\/\/eldigitaldeasturias.com\/magazine365\/category\/actualidad-turismo\/\" title=\"Actualidad Turismo\">Actualidad Turismo<\/a>\n<\/span><span class=\"aioseo-breadcrumb-separator\">\u2013<\/span><span class=\"aioseo-breadcrumb\">\n\t<a href=\"https:\/\/eldigitaldeasturias.com\/magazine365\/la-vaguada-acogera-la-iii-edicion-del-thai-festival-hasta-el-28-de-junio\/\" title=\"La Vaguada acoger\u00e1 la III edici\u00f3n del \u2018Thai Festival\u2019 hasta el 28 de junio\">La Vaguada acoger\u00e1 la III edici\u00f3n del \u2018Thai Festival\u2019 hasta el 28 de junio<\/a>\n<\/span><\/div>","aioseo_breadcrumb_json":[{"label":"Home","link":"https:\/\/eldigitaldeasturias.com\/magazine365"},{"label":"Actualidad Turismo","link":"https:\/\/eldigitaldeasturias.com\/magazine365\/category\/actualidad-turismo\/"},{"label":"La Vaguada acoger\u00e1 la III edici\u00f3n del &#8216;Thai Festival&#8217; hasta el 28 de junio","link":"https:\/\/eldigitaldeasturias.com\/magazine365\/la-vaguada-acogera-la-iii-edicion-del-thai-festival-hasta-el-28-de-junio\/"}],"_links":{"self":[{"href":"https:\/\/eldigitaldeasturias.com\/magazine365\/wp-json\/wp\/v2\/posts\/39904","targetHints":{"allow":["GET"]}}],"collection":[{"href":"https:\/\/eldigitaldeasturias.com\/magazine365\/wp-json\/wp\/v2\/posts"}],"about":[{"href":"https:\/\/eldigitaldeasturias.com\/magazine365\/wp-json\/wp\/v2\/types\/post"}],"author":[{"embeddable":true,"href":"https:\/\/eldigitaldeasturias.com\/magazine365\/wp-json\/wp\/v2\/users\/1"}],"replies":[{"embeddable":true,"href":"https:\/\/eldigitaldeasturias.com\/magazine365\/wp-json\/wp\/v2\/comments?post=39904"}],"version-history":[{"count":0,"href":"https:\/\/eldigitaldeasturias.com\/magazine365\/wp-json\/wp\/v2\/posts\/39904\/revisions"}],"wp:featuredmedia":[{"embeddable":true,"href":"https:\/\/eldigitaldeasturias.com\/magazine365\/wp-json\/wp\/v2\/media\/39905"}],"wp:attachment":[{"href":"https:\/\/eldigitaldeasturias.com\/magazine365\/wp-json\/wp\/v2\/media?parent=39904"}],"wp:term":[{"taxonomy":"category","embeddable":true,"href":"https:\/\/eldigitaldeasturias.com\/magazine365\/wp-json\/wp\/v2\/categories?post=39904"},{"taxonomy":"post_tag","embeddable":true,"href":"https:\/\/eldigitaldeasturias.com\/magazine365\/wp-json\/wp\/v2\/tags?post=39904"}],"curies":[{"name":"wp","href":"https:\/\/api.w.org\/{rel}","templated":true}]}}