{"id":39886,"date":"2015-06-16T00:40:58","date_gmt":"2015-06-15T23:10:58","guid":{"rendered":"http:\/\/eldigitaldeasturias.com\/magazine365\/?p=39886"},"modified":"2015-06-16T00:40:58","modified_gmt":"2015-06-15T23:10:58","slug":"trabajadores-de-los-bares-del-aeropuerto-de-menorca-anuncian-posibles-huelgas-en-julio-y-agosto","status":"publish","type":"post","link":"https:\/\/eldigitaldeasturias.com\/magazine365\/trabajadores-de-los-bares-del-aeropuerto-de-menorca-anuncian-posibles-huelgas-en-julio-y-agosto\/","title":{"rendered":"Trabajadores de los bares del aeropuerto de Menorca anuncian posibles huelgas en julio y agosto"},"content":{"rendered":"<p><img fetchpriority=\"high\" decoding=\"async\" class=\"alignleft size-medium wp-image-39887\" src=\"https:\/\/eldigitaldeasturias.com\/magazine365\/wp-content\/uploads\/2015\/06\/fotonoticia_20150615132120_800-360x217.jpg\" alt=\"fotonoticia_20150615132120_800\" width=\"360\" height=\"217\" srcset=\"https:\/\/eldigitaldeasturias.com\/magazine365\/wp-content\/uploads\/2015\/06\/fotonoticia_20150615132120_800-360x217.jpg 360w, https:\/\/eldigitaldeasturias.com\/magazine365\/wp-content\/uploads\/2015\/06\/fotonoticia_20150615132120_800-650x392.jpg 650w, https:\/\/eldigitaldeasturias.com\/magazine365\/wp-content\/uploads\/2015\/06\/fotonoticia_20150615132120_800-768x464.jpg 768w, https:\/\/eldigitaldeasturias.com\/magazine365\/wp-content\/uploads\/2015\/06\/fotonoticia_20150615132120_800-150x91.jpg 150w, https:\/\/eldigitaldeasturias.com\/magazine365\/wp-content\/uploads\/2015\/06\/fotonoticia_20150615132120_800-450x272.jpg 450w, https:\/\/eldigitaldeasturias.com\/magazine365\/wp-content\/uploads\/2015\/06\/fotonoticia_20150615132120_800-696x420.jpg 696w, https:\/\/eldigitaldeasturias.com\/magazine365\/wp-content\/uploads\/2015\/06\/fotonoticia_20150615132120_800.jpg 800w\" sizes=\"(max-width: 360px) 100vw, 360px\" \/>Los trabajadores de Pans&amp;Foods, la empresa que regenta la mayor\u00eda de restaurantes y bares del aeropuerto de Menorca y la cantina para los empleados del aer\u00f3dromo se han manifestado este lunes en las instalaciones de la terminal aeroportuaria en protesta por el nuevo pliego de condiciones en el que, seg\u00fan denuncian desde el comit\u00e9 de Aena de CCOO en Menorca, el ente \u00abplantea suprimir el servicio de la cantina, as\u00ed como el cierre del bar de llegadas durante el invierno\u00bb, seg\u00fan ha denunciado el nuevo secretario general de CCOO en Menorca, Antonio Soria.<\/p>\n<p>Desde la representaci\u00f3n de los trabajadores de la empresa han advertido, asimismo, que el cierre tambi\u00e9n afectar\u00eda a la mayor\u00eda de los trabajadores de otras empresas como compa\u00f1\u00edas a\u00e9reas, PMR, conductores de autob\u00fas, taxistas y gu\u00edas tur\u00edsticos, entre otros.<\/p>\n<p>Los trabajadores han querido dar, con esta primera concentraci\u00f3n, \u00abun toque de atenci\u00f3n\u00bb, con el objetivo de poder negociar con Aena alguna salida al conflicto, ya que de lo contrario seguir\u00edan con movilizaciones, \u00abincluida la convocatoria de huelga en los d\u00edas de m\u00e1s tr\u00e1fico durante los meses de julio y de agosto\u00bb, seg\u00fan han advertido en un comunicado, en el que han recordado asimismo que \u00abno existen servicios m\u00ednimos en este servicio\u00bb.<\/p>\n<p>A lo largo de este lunes, los delegados de personal de la empresa van a registrar una petici\u00f3n de reuni\u00f3n al director del Aeropuerto de Menorca, con el objetivo de poder iniciar el proceso de negociaci\u00f3n.<\/p>\n","protected":false},"excerpt":{"rendered":"<p>Los trabajadores de Pans&amp;Foods, la empresa que regenta la mayor\u00eda de restaurantes y bares del aeropuerto de Menorca y la cantina para los empleados del aer\u00f3dromo se han manifestado este lunes en las instalaciones de la terminal aeroportuaria en protesta por el nuevo pliego de condiciones en el que, seg\u00fan denuncian desde el comit\u00e9 de<\/p>\n","protected":false},"author":1,"featured_media":39887,"comment_status":"open","ping_status":"closed","sticky":false,"template":"","format":"standard","meta":{"footnotes":""},"categories":[224],"tags":[],"class_list":{"0":"post-39886","1":"post","2":"type-post","3":"status-publish","4":"format-standard","5":"has-post-thumbnail","7":"category-noticias-actualidad"},"aioseo_notices":[],"aioseo_head":"\n\t\t<!-- All in One SEO Pro 4.9.6.1 - aioseo.com -->\n\t<meta name=\"description\" content=\"Los trabajadores de Pans&amp;Foods, la empresa que regenta la mayor\u00eda de restaurantes y bares del aeropuerto de Menorca y la cantina para los empleados del aer\u00f3dromo se han manifestado este lunes en las instalaciones de la terminal aeroportuaria en protesta por el nuevo pliego de condiciones en el que, seg\u00fan denuncian desde el comit\u00e9 de\" \/>\n\t<meta name=\"robots\" content=\"max-image-preview:large\" \/>\n\t<meta name=\"author\" content=\"admin\"\/>\n\t<meta name=\"google-site-verification\" content=\"UA-38556648-1\" \/>\n\t<meta name=\"keywords\" content=\"noticias y actualidad\" \/>\n\t<link rel=\"canonical\" href=\"https:\/\/eldigitaldeasturias.com\/magazine365\/trabajadores-de-los-bares-del-aeropuerto-de-menorca-anuncian-posibles-huelgas-en-julio-y-agosto\/\" \/>\n\t<meta name=\"generator\" content=\"All in One SEO Pro (AIOSEO) 4.9.6.1\" \/>\n\t\t<meta property=\"og:locale\" content=\"es_ES\" \/>\n\t\t<meta property=\"og:site_name\" content=\"El Digital de Asturias \u2013 Revista de ocio, turismo y estilo de vida\" \/>\n\t\t<meta property=\"og:type\" content=\"article\" \/>\n\t\t<meta property=\"og:title\" content=\"Trabajadores de los bares del aeropuerto de Menorca anuncian posibles huelgas en julio y agosto | El Digital de Asturias\" \/>\n\t\t<meta property=\"og:description\" content=\"Los trabajadores de Pans&amp;Foods, la empresa que regenta la mayor\u00eda de restaurantes y bares del aeropuerto de Menorca y la cantina para los empleados del aer\u00f3dromo se han manifestado este lunes en las instalaciones de la terminal aeroportuaria en protesta por el nuevo pliego de condiciones en el que, seg\u00fan denuncian desde el comit\u00e9 de\" \/>\n\t\t<meta property=\"og:url\" content=\"https:\/\/eldigitaldeasturias.com\/magazine365\/trabajadores-de-los-bares-del-aeropuerto-de-menorca-anuncian-posibles-huelgas-en-julio-y-agosto\/\" \/>\n\t\t<meta property=\"og:image\" content=\"https:\/\/eldigitaldeasturias.com\/magazine365\/wp-content\/uploads\/2015\/06\/fotonoticia_20150615132120_800.jpg\" \/>\n\t\t<meta property=\"og:image:secure_url\" content=\"https:\/\/eldigitaldeasturias.com\/magazine365\/wp-content\/uploads\/2015\/06\/fotonoticia_20150615132120_800.jpg\" \/>\n\t\t<meta property=\"og:image:width\" content=\"800\" \/>\n\t\t<meta property=\"og:image:height\" content=\"483\" \/>\n\t\t<meta property=\"article:published_time\" content=\"2015-06-15T23:10:58+00:00\" \/>\n\t\t<meta property=\"article:modified_time\" content=\"2015-06-15T23:10:58+00:00\" \/>\n\t\t<meta name=\"twitter:card\" content=\"summary_large_image\" \/>\n\t\t<meta name=\"twitter:title\" content=\"Trabajadores de los bares del aeropuerto de Menorca anuncian posibles huelgas en julio y agosto | El Digital de Asturias\" \/>\n\t\t<meta name=\"twitter:description\" content=\"Los trabajadores de Pans&amp;Foods, la empresa que regenta la mayor\u00eda de restaurantes y bares del aeropuerto de Menorca y la cantina para los empleados del aer\u00f3dromo se han manifestado este lunes en las instalaciones de la terminal aeroportuaria en protesta por el nuevo pliego de condiciones en el que, seg\u00fan denuncian desde el comit\u00e9 de\" \/>\n\t\t<meta name=\"twitter:image\" content=\"https:\/\/eldigitaldeasturias.com\/magazine365\/wp-content\/uploads\/2015\/06\/fotonoticia_20150615132120_800.jpg\" \/>\n\t\t<script type=\"application\/ld+json\" class=\"aioseo-schema\">\n\t\t\t{\"@context\":\"https:\\\/\\\/schema.org\",\"@graph\":[{\"@type\":\"Article\",\"@id\":\"https:\\\/\\\/eldigitaldeasturias.com\\\/magazine365\\\/trabajadores-de-los-bares-del-aeropuerto-de-menorca-anuncian-posibles-huelgas-en-julio-y-agosto\\\/#article\",\"name\":\"Trabajadores de los bares del aeropuerto de Menorca anuncian posibles huelgas en julio y agosto | El Digital de Asturias\",\"headline\":\"Trabajadores de los bares del aeropuerto de Menorca anuncian posibles huelgas en julio y agosto\",\"author\":{\"@id\":\"https:\\\/\\\/eldigitaldeasturias.com\\\/magazine365\\\/author\\\/admin\\\/#author\"},\"publisher\":{\"@id\":\"https:\\\/\\\/eldigitaldeasturias.com\\\/magazine365\\\/#organization\"},\"image\":{\"@type\":\"ImageObject\",\"url\":\"https:\\\/\\\/eldigitaldeasturias.com\\\/magazine365\\\/wp-content\\\/uploads\\\/2015\\\/06\\\/fotonoticia_20150615132120_800.jpg\",\"width\":800,\"height\":483},\"datePublished\":\"2015-06-16T00:40:58+02:00\",\"dateModified\":\"2015-06-16T00:40:58+02:00\",\"inLanguage\":\"es-ES\",\"mainEntityOfPage\":{\"@id\":\"https:\\\/\\\/eldigitaldeasturias.com\\\/magazine365\\\/trabajadores-de-los-bares-del-aeropuerto-de-menorca-anuncian-posibles-huelgas-en-julio-y-agosto\\\/#webpage\"},\"isPartOf\":{\"@id\":\"https:\\\/\\\/eldigitaldeasturias.com\\\/magazine365\\\/trabajadores-de-los-bares-del-aeropuerto-de-menorca-anuncian-posibles-huelgas-en-julio-y-agosto\\\/#webpage\"},\"articleSection\":\"Noticias y Actualidad\"},{\"@type\":\"BreadcrumbList\",\"@id\":\"https:\\\/\\\/eldigitaldeasturias.com\\\/magazine365\\\/trabajadores-de-los-bares-del-aeropuerto-de-menorca-anuncian-posibles-huelgas-en-julio-y-agosto\\\/#breadcrumblist\",\"itemListElement\":[{\"@type\":\"ListItem\",\"@id\":\"https:\\\/\\\/eldigitaldeasturias.com\\\/magazine365#listItem\",\"position\":1,\"name\":\"Home\",\"item\":\"https:\\\/\\\/eldigitaldeasturias.com\\\/magazine365\",\"nextItem\":{\"@type\":\"ListItem\",\"@id\":\"https:\\\/\\\/eldigitaldeasturias.com\\\/magazine365\\\/category\\\/noticias-actualidad\\\/#listItem\",\"name\":\"Noticias y Actualidad\"}},{\"@type\":\"ListItem\",\"@id\":\"https:\\\/\\\/eldigitaldeasturias.com\\\/magazine365\\\/category\\\/noticias-actualidad\\\/#listItem\",\"position\":2,\"name\":\"Noticias y Actualidad\",\"item\":\"https:\\\/\\\/eldigitaldeasturias.com\\\/magazine365\\\/category\\\/noticias-actualidad\\\/\",\"nextItem\":{\"@type\":\"ListItem\",\"@id\":\"https:\\\/\\\/eldigitaldeasturias.com\\\/magazine365\\\/trabajadores-de-los-bares-del-aeropuerto-de-menorca-anuncian-posibles-huelgas-en-julio-y-agosto\\\/#listItem\",\"name\":\"Trabajadores de los bares del aeropuerto de Menorca anuncian posibles huelgas en julio y agosto\"},\"previousItem\":{\"@type\":\"ListItem\",\"@id\":\"https:\\\/\\\/eldigitaldeasturias.com\\\/magazine365#listItem\",\"name\":\"Home\"}},{\"@type\":\"ListItem\",\"@id\":\"https:\\\/\\\/eldigitaldeasturias.com\\\/magazine365\\\/trabajadores-de-los-bares-del-aeropuerto-de-menorca-anuncian-posibles-huelgas-en-julio-y-agosto\\\/#listItem\",\"position\":3,\"name\":\"Trabajadores de los bares del aeropuerto de Menorca anuncian posibles huelgas en julio y agosto\",\"previousItem\":{\"@type\":\"ListItem\",\"@id\":\"https:\\\/\\\/eldigitaldeasturias.com\\\/magazine365\\\/category\\\/noticias-actualidad\\\/#listItem\",\"name\":\"Noticias y Actualidad\"}}]},{\"@type\":\"Organization\",\"@id\":\"https:\\\/\\\/eldigitaldeasturias.com\\\/magazine365\\\/#organization\",\"name\":\"El digital de Asturias\",\"description\":\"Revista de ocio, turismo y estilo de vida\",\"url\":\"https:\\\/\\\/eldigitaldeasturias.com\\\/magazine365\\\/\",\"logo\":{\"@type\":\"ImageObject\",\"url\":\"https:\\\/\\\/www.eldigitaldeasturias.com\\\/noticias\\\/wp-content\\\/uploads\\\/2020\\\/12\\\/EDA.jpg\",\"@id\":\"https:\\\/\\\/eldigitaldeasturias.com\\\/magazine365\\\/trabajadores-de-los-bares-del-aeropuerto-de-menorca-anuncian-posibles-huelgas-en-julio-y-agosto\\\/#organizationLogo\"},\"image\":{\"@id\":\"https:\\\/\\\/eldigitaldeasturias.com\\\/magazine365\\\/trabajadores-de-los-bares-del-aeropuerto-de-menorca-anuncian-posibles-huelgas-en-julio-y-agosto\\\/#organizationLogo\"}},{\"@type\":\"Person\",\"@id\":\"https:\\\/\\\/eldigitaldeasturias.com\\\/magazine365\\\/author\\\/admin\\\/#author\",\"url\":\"https:\\\/\\\/eldigitaldeasturias.com\\\/magazine365\\\/author\\\/admin\\\/\",\"name\":\"admin\",\"image\":{\"@type\":\"ImageObject\",\"@id\":\"https:\\\/\\\/eldigitaldeasturias.com\\\/magazine365\\\/trabajadores-de-los-bares-del-aeropuerto-de-menorca-anuncian-posibles-huelgas-en-julio-y-agosto\\\/#authorImage\",\"url\":\"https:\\\/\\\/eldigitaldeasturias.com\\\/magazine365\\\/wp-content\\\/litespeed\\\/avatar\\\/e571bcf59a0edd6fa6838245a470f2fe.jpg?ver=1776969259\",\"width\":96,\"height\":96,\"caption\":\"admin\"}},{\"@type\":\"WebPage\",\"@id\":\"https:\\\/\\\/eldigitaldeasturias.com\\\/magazine365\\\/trabajadores-de-los-bares-del-aeropuerto-de-menorca-anuncian-posibles-huelgas-en-julio-y-agosto\\\/#webpage\",\"url\":\"https:\\\/\\\/eldigitaldeasturias.com\\\/magazine365\\\/trabajadores-de-los-bares-del-aeropuerto-de-menorca-anuncian-posibles-huelgas-en-julio-y-agosto\\\/\",\"name\":\"Trabajadores de los bares del aeropuerto de Menorca anuncian posibles huelgas en julio y agosto | El Digital de Asturias\",\"description\":\"Los trabajadores de Pans&Foods, la empresa que regenta la mayor\\u00eda de restaurantes y bares del aeropuerto de Menorca y la cantina para los empleados del aer\\u00f3dromo se han manifestado este lunes en las instalaciones de la terminal aeroportuaria en protesta por el nuevo pliego de condiciones en el que, seg\\u00fan denuncian desde el comit\\u00e9 de\",\"inLanguage\":\"es-ES\",\"isPartOf\":{\"@id\":\"https:\\\/\\\/eldigitaldeasturias.com\\\/magazine365\\\/#website\"},\"breadcrumb\":{\"@id\":\"https:\\\/\\\/eldigitaldeasturias.com\\\/magazine365\\\/trabajadores-de-los-bares-del-aeropuerto-de-menorca-anuncian-posibles-huelgas-en-julio-y-agosto\\\/#breadcrumblist\"},\"author\":{\"@id\":\"https:\\\/\\\/eldigitaldeasturias.com\\\/magazine365\\\/author\\\/admin\\\/#author\"},\"creator\":{\"@id\":\"https:\\\/\\\/eldigitaldeasturias.com\\\/magazine365\\\/author\\\/admin\\\/#author\"},\"image\":{\"@type\":\"ImageObject\",\"url\":\"https:\\\/\\\/eldigitaldeasturias.com\\\/magazine365\\\/wp-content\\\/uploads\\\/2015\\\/06\\\/fotonoticia_20150615132120_800.jpg\",\"@id\":\"https:\\\/\\\/eldigitaldeasturias.com\\\/magazine365\\\/trabajadores-de-los-bares-del-aeropuerto-de-menorca-anuncian-posibles-huelgas-en-julio-y-agosto\\\/#mainImage\",\"width\":800,\"height\":483},\"primaryImageOfPage\":{\"@id\":\"https:\\\/\\\/eldigitaldeasturias.com\\\/magazine365\\\/trabajadores-de-los-bares-del-aeropuerto-de-menorca-anuncian-posibles-huelgas-en-julio-y-agosto\\\/#mainImage\"},\"datePublished\":\"2015-06-16T00:40:58+02:00\",\"dateModified\":\"2015-06-16T00:40:58+02:00\"},{\"@type\":\"WebSite\",\"@id\":\"https:\\\/\\\/eldigitaldeasturias.com\\\/magazine365\\\/#website\",\"url\":\"https:\\\/\\\/eldigitaldeasturias.com\\\/magazine365\\\/\",\"name\":\"El Digital de Asturias\",\"description\":\"Revista de ocio, turismo y estilo de vida\",\"inLanguage\":\"es-ES\",\"publisher\":{\"@id\":\"https:\\\/\\\/eldigitaldeasturias.com\\\/magazine365\\\/#organization\"}}]}\n\t\t<\/script>\n\t\t<!-- All in One SEO Pro -->\r\n\t\t<title>Trabajadores de los bares del aeropuerto de Menorca anuncian posibles huelgas en julio y agosto | El Digital de Asturias<\/title>\n\n","aioseo_head_json":{"title":"Trabajadores de los bares del aeropuerto de Menorca anuncian posibles huelgas en julio y agosto | El Digital de Asturias","description":"Los trabajadores de Pans&Foods, la empresa que regenta la mayor\u00eda de restaurantes y bares del aeropuerto de Menorca y la cantina para los empleados del aer\u00f3dromo se han manifestado este lunes en las instalaciones de la terminal aeroportuaria en protesta por el nuevo pliego de condiciones en el que, seg\u00fan denuncian desde el comit\u00e9 de","canonical_url":"https:\/\/eldigitaldeasturias.com\/magazine365\/trabajadores-de-los-bares-del-aeropuerto-de-menorca-anuncian-posibles-huelgas-en-julio-y-agosto\/","robots":"max-image-preview:large","keywords":"noticias y actualidad","webmasterTools":{"google-site-verification":"UA-38556648-1","miscellaneous":""},"schema":{"@context":"https:\/\/schema.org","@graph":[{"@type":"Article","@id":"https:\/\/eldigitaldeasturias.com\/magazine365\/trabajadores-de-los-bares-del-aeropuerto-de-menorca-anuncian-posibles-huelgas-en-julio-y-agosto\/#article","name":"Trabajadores de los bares del aeropuerto de Menorca anuncian posibles huelgas en julio y agosto | El Digital de Asturias","headline":"Trabajadores de los bares del aeropuerto de Menorca anuncian posibles huelgas en julio y agosto","author":{"@id":"https:\/\/eldigitaldeasturias.com\/magazine365\/author\/admin\/#author"},"publisher":{"@id":"https:\/\/eldigitaldeasturias.com\/magazine365\/#organization"},"image":{"@type":"ImageObject","url":"https:\/\/eldigitaldeasturias.com\/magazine365\/wp-content\/uploads\/2015\/06\/fotonoticia_20150615132120_800.jpg","width":800,"height":483},"datePublished":"2015-06-16T00:40:58+02:00","dateModified":"2015-06-16T00:40:58+02:00","inLanguage":"es-ES","mainEntityOfPage":{"@id":"https:\/\/eldigitaldeasturias.com\/magazine365\/trabajadores-de-los-bares-del-aeropuerto-de-menorca-anuncian-posibles-huelgas-en-julio-y-agosto\/#webpage"},"isPartOf":{"@id":"https:\/\/eldigitaldeasturias.com\/magazine365\/trabajadores-de-los-bares-del-aeropuerto-de-menorca-anuncian-posibles-huelgas-en-julio-y-agosto\/#webpage"},"articleSection":"Noticias y Actualidad"},{"@type":"BreadcrumbList","@id":"https:\/\/eldigitaldeasturias.com\/magazine365\/trabajadores-de-los-bares-del-aeropuerto-de-menorca-anuncian-posibles-huelgas-en-julio-y-agosto\/#breadcrumblist","itemListElement":[{"@type":"ListItem","@id":"https:\/\/eldigitaldeasturias.com\/magazine365#listItem","position":1,"name":"Home","item":"https:\/\/eldigitaldeasturias.com\/magazine365","nextItem":{"@type":"ListItem","@id":"https:\/\/eldigitaldeasturias.com\/magazine365\/category\/noticias-actualidad\/#listItem","name":"Noticias y Actualidad"}},{"@type":"ListItem","@id":"https:\/\/eldigitaldeasturias.com\/magazine365\/category\/noticias-actualidad\/#listItem","position":2,"name":"Noticias y Actualidad","item":"https:\/\/eldigitaldeasturias.com\/magazine365\/category\/noticias-actualidad\/","nextItem":{"@type":"ListItem","@id":"https:\/\/eldigitaldeasturias.com\/magazine365\/trabajadores-de-los-bares-del-aeropuerto-de-menorca-anuncian-posibles-huelgas-en-julio-y-agosto\/#listItem","name":"Trabajadores de los bares del aeropuerto de Menorca anuncian posibles huelgas en julio y agosto"},"previousItem":{"@type":"ListItem","@id":"https:\/\/eldigitaldeasturias.com\/magazine365#listItem","name":"Home"}},{"@type":"ListItem","@id":"https:\/\/eldigitaldeasturias.com\/magazine365\/trabajadores-de-los-bares-del-aeropuerto-de-menorca-anuncian-posibles-huelgas-en-julio-y-agosto\/#listItem","position":3,"name":"Trabajadores de los bares del aeropuerto de Menorca anuncian posibles huelgas en julio y agosto","previousItem":{"@type":"ListItem","@id":"https:\/\/eldigitaldeasturias.com\/magazine365\/category\/noticias-actualidad\/#listItem","name":"Noticias y Actualidad"}}]},{"@type":"Organization","@id":"https:\/\/eldigitaldeasturias.com\/magazine365\/#organization","name":"El digital de Asturias","description":"Revista de ocio, turismo y estilo de vida","url":"https:\/\/eldigitaldeasturias.com\/magazine365\/","logo":{"@type":"ImageObject","url":"https:\/\/www.eldigitaldeasturias.com\/noticias\/wp-content\/uploads\/2020\/12\/EDA.jpg","@id":"https:\/\/eldigitaldeasturias.com\/magazine365\/trabajadores-de-los-bares-del-aeropuerto-de-menorca-anuncian-posibles-huelgas-en-julio-y-agosto\/#organizationLogo"},"image":{"@id":"https:\/\/eldigitaldeasturias.com\/magazine365\/trabajadores-de-los-bares-del-aeropuerto-de-menorca-anuncian-posibles-huelgas-en-julio-y-agosto\/#organizationLogo"}},{"@type":"Person","@id":"https:\/\/eldigitaldeasturias.com\/magazine365\/author\/admin\/#author","url":"https:\/\/eldigitaldeasturias.com\/magazine365\/author\/admin\/","name":"admin","image":{"@type":"ImageObject","@id":"https:\/\/eldigitaldeasturias.com\/magazine365\/trabajadores-de-los-bares-del-aeropuerto-de-menorca-anuncian-posibles-huelgas-en-julio-y-agosto\/#authorImage","url":"https:\/\/eldigitaldeasturias.com\/magazine365\/wp-content\/litespeed\/avatar\/e571bcf59a0edd6fa6838245a470f2fe.jpg?ver=1776969259","width":96,"height":96,"caption":"admin"}},{"@type":"WebPage","@id":"https:\/\/eldigitaldeasturias.com\/magazine365\/trabajadores-de-los-bares-del-aeropuerto-de-menorca-anuncian-posibles-huelgas-en-julio-y-agosto\/#webpage","url":"https:\/\/eldigitaldeasturias.com\/magazine365\/trabajadores-de-los-bares-del-aeropuerto-de-menorca-anuncian-posibles-huelgas-en-julio-y-agosto\/","name":"Trabajadores de los bares del aeropuerto de Menorca anuncian posibles huelgas en julio y agosto | El Digital de Asturias","description":"Los trabajadores de Pans&Foods, la empresa que regenta la mayor\u00eda de restaurantes y bares del aeropuerto de Menorca y la cantina para los empleados del aer\u00f3dromo se han manifestado este lunes en las instalaciones de la terminal aeroportuaria en protesta por el nuevo pliego de condiciones en el que, seg\u00fan denuncian desde el comit\u00e9 de","inLanguage":"es-ES","isPartOf":{"@id":"https:\/\/eldigitaldeasturias.com\/magazine365\/#website"},"breadcrumb":{"@id":"https:\/\/eldigitaldeasturias.com\/magazine365\/trabajadores-de-los-bares-del-aeropuerto-de-menorca-anuncian-posibles-huelgas-en-julio-y-agosto\/#breadcrumblist"},"author":{"@id":"https:\/\/eldigitaldeasturias.com\/magazine365\/author\/admin\/#author"},"creator":{"@id":"https:\/\/eldigitaldeasturias.com\/magazine365\/author\/admin\/#author"},"image":{"@type":"ImageObject","url":"https:\/\/eldigitaldeasturias.com\/magazine365\/wp-content\/uploads\/2015\/06\/fotonoticia_20150615132120_800.jpg","@id":"https:\/\/eldigitaldeasturias.com\/magazine365\/trabajadores-de-los-bares-del-aeropuerto-de-menorca-anuncian-posibles-huelgas-en-julio-y-agosto\/#mainImage","width":800,"height":483},"primaryImageOfPage":{"@id":"https:\/\/eldigitaldeasturias.com\/magazine365\/trabajadores-de-los-bares-del-aeropuerto-de-menorca-anuncian-posibles-huelgas-en-julio-y-agosto\/#mainImage"},"datePublished":"2015-06-16T00:40:58+02:00","dateModified":"2015-06-16T00:40:58+02:00"},{"@type":"WebSite","@id":"https:\/\/eldigitaldeasturias.com\/magazine365\/#website","url":"https:\/\/eldigitaldeasturias.com\/magazine365\/","name":"El Digital de Asturias","description":"Revista de ocio, turismo y estilo de vida","inLanguage":"es-ES","publisher":{"@id":"https:\/\/eldigitaldeasturias.com\/magazine365\/#organization"}}]},"og:locale":"es_ES","og:site_name":"El Digital de Asturias \u2013 Revista de ocio, turismo y estilo de vida","og:type":"article","og:title":"Trabajadores de los bares del aeropuerto de Menorca anuncian posibles huelgas en julio y agosto | El Digital de Asturias","og:description":"Los trabajadores de Pans&amp;Foods, la empresa que regenta la mayor\u00eda de restaurantes y bares del aeropuerto de Menorca y la cantina para los empleados del aer\u00f3dromo se han manifestado este lunes en las instalaciones de la terminal aeroportuaria en protesta por el nuevo pliego de condiciones en el que, seg\u00fan denuncian desde el comit\u00e9 de","og:url":"https:\/\/eldigitaldeasturias.com\/magazine365\/trabajadores-de-los-bares-del-aeropuerto-de-menorca-anuncian-posibles-huelgas-en-julio-y-agosto\/","og:image":"https:\/\/eldigitaldeasturias.com\/magazine365\/wp-content\/uploads\/2015\/06\/fotonoticia_20150615132120_800.jpg","og:image:secure_url":"https:\/\/eldigitaldeasturias.com\/magazine365\/wp-content\/uploads\/2015\/06\/fotonoticia_20150615132120_800.jpg","og:image:width":800,"og:image:height":483,"article:published_time":"2015-06-15T23:10:58+00:00","article:modified_time":"2015-06-15T23:10:58+00:00","twitter:card":"summary_large_image","twitter:title":"Trabajadores de los bares del aeropuerto de Menorca anuncian posibles huelgas en julio y agosto | El Digital de Asturias","twitter:description":"Los trabajadores de Pans&amp;Foods, la empresa que regenta la mayor\u00eda de restaurantes y bares del aeropuerto de Menorca y la cantina para los empleados del aer\u00f3dromo se han manifestado este lunes en las instalaciones de la terminal aeroportuaria en protesta por el nuevo pliego de condiciones en el que, seg\u00fan denuncian desde el comit\u00e9 de","twitter:image":"https:\/\/eldigitaldeasturias.com\/magazine365\/wp-content\/uploads\/2015\/06\/fotonoticia_20150615132120_800.jpg"},"aioseo_meta_data":{"post_id":"39886","title":null,"description":null,"keywords":null,"keyphrases":null,"primary_term":null,"canonical_url":null,"og_title":null,"og_description":null,"og_object_type":"default","og_image_type":"default","og_image_url":null,"og_image_width":null,"og_image_height":null,"og_image_custom_url":null,"og_image_custom_fields":null,"og_video":null,"og_custom_url":null,"og_article_section":null,"og_article_tags":null,"twitter_use_og":false,"twitter_card":"default","twitter_image_type":"default","twitter_image_url":null,"twitter_image_custom_url":null,"twitter_image_custom_fields":null,"twitter_title":null,"twitter_description":null,"schema":{"blockGraphs":[],"customGraphs":[],"default":{"data":{"Article":[],"Course":[],"Dataset":[],"FAQPage":[],"Movie":[],"Person":[],"Product":[],"ProductReview":[],"Car":[],"Recipe":[],"Service":[],"SoftwareApplication":[],"WebPage":[]},"graphName":"","isEnabled":true},"graphs":[],"defaultGraph":"","defaultPostTypeGraph":""},"schema_type":null,"schema_type_options":null,"pillar_content":false,"robots_default":true,"robots_noindex":false,"robots_noarchive":false,"robots_nosnippet":false,"robots_nofollow":false,"robots_noimageindex":false,"robots_noodp":false,"robots_notranslate":false,"robots_max_snippet":null,"robots_max_videopreview":null,"robots_max_imagepreview":"large","priority":null,"frequency":null,"location":null,"local_seo":null,"seo_analyzer_scan_date":"2025-09-19 12:31:18","breadcrumb_settings":null,"limit_modified_date":false,"open_ai":null,"ai":null,"created":"2021-03-09 02:35:43","updated":"2025-09-19 12:31:18"},"aioseo_breadcrumb":"<div class=\"aioseo-breadcrumbs\"><span class=\"aioseo-breadcrumb\">\n\t<a href=\"https:\/\/eldigitaldeasturias.com\/magazine365\" title=\"Home\">Home<\/a>\n<\/span><span class=\"aioseo-breadcrumb-separator\">\u2013<\/span><span class=\"aioseo-breadcrumb\">\n\t<a href=\"https:\/\/eldigitaldeasturias.com\/magazine365\/category\/noticias-actualidad\/\" title=\"Noticias y Actualidad\">Noticias y Actualidad<\/a>\n<\/span><span class=\"aioseo-breadcrumb-separator\">\u2013<\/span><span class=\"aioseo-breadcrumb\">\n\t<a href=\"https:\/\/eldigitaldeasturias.com\/magazine365\/trabajadores-de-los-bares-del-aeropuerto-de-menorca-anuncian-posibles-huelgas-en-julio-y-agosto\/\" title=\"Trabajadores de los bares del aeropuerto de Menorca anuncian posibles huelgas en julio y agosto\">Trabajadores de los bares del aeropuerto de Menorca anuncian posibles huelgas en julio y agosto<\/a>\n<\/span><\/div>","aioseo_breadcrumb_json":[{"label":"Home","link":"https:\/\/eldigitaldeasturias.com\/magazine365"},{"label":"Noticias y Actualidad","link":"https:\/\/eldigitaldeasturias.com\/magazine365\/category\/noticias-actualidad\/"},{"label":"Trabajadores de los bares del aeropuerto de Menorca anuncian posibles huelgas en julio y agosto","link":"https:\/\/eldigitaldeasturias.com\/magazine365\/trabajadores-de-los-bares-del-aeropuerto-de-menorca-anuncian-posibles-huelgas-en-julio-y-agosto\/"}],"_links":{"self":[{"href":"https:\/\/eldigitaldeasturias.com\/magazine365\/wp-json\/wp\/v2\/posts\/39886","targetHints":{"allow":["GET"]}}],"collection":[{"href":"https:\/\/eldigitaldeasturias.com\/magazine365\/wp-json\/wp\/v2\/posts"}],"about":[{"href":"https:\/\/eldigitaldeasturias.com\/magazine365\/wp-json\/wp\/v2\/types\/post"}],"author":[{"embeddable":true,"href":"https:\/\/eldigitaldeasturias.com\/magazine365\/wp-json\/wp\/v2\/users\/1"}],"replies":[{"embeddable":true,"href":"https:\/\/eldigitaldeasturias.com\/magazine365\/wp-json\/wp\/v2\/comments?post=39886"}],"version-history":[{"count":0,"href":"https:\/\/eldigitaldeasturias.com\/magazine365\/wp-json\/wp\/v2\/posts\/39886\/revisions"}],"wp:featuredmedia":[{"embeddable":true,"href":"https:\/\/eldigitaldeasturias.com\/magazine365\/wp-json\/wp\/v2\/media\/39887"}],"wp:attachment":[{"href":"https:\/\/eldigitaldeasturias.com\/magazine365\/wp-json\/wp\/v2\/media?parent=39886"}],"wp:term":[{"taxonomy":"category","embeddable":true,"href":"https:\/\/eldigitaldeasturias.com\/magazine365\/wp-json\/wp\/v2\/categories?post=39886"},{"taxonomy":"post_tag","embeddable":true,"href":"https:\/\/eldigitaldeasturias.com\/magazine365\/wp-json\/wp\/v2\/tags?post=39886"}],"curies":[{"name":"wp","href":"https:\/\/api.w.org\/{rel}","templated":true}]}}