{"id":39868,"date":"2015-06-16T00:02:33","date_gmt":"2015-06-15T22:32:33","guid":{"rendered":"http:\/\/eldigitaldeasturias.com\/magazine365\/?p=39868"},"modified":"2015-06-16T00:02:33","modified_gmt":"2015-06-15T22:32:33","slug":"la-comunidad-de-madrid-lidera-el-aumento-de-los-precios-del-turismo-y-la-hosteleria-en-mayo","status":"publish","type":"post","link":"https:\/\/eldigitaldeasturias.com\/magazine365\/la-comunidad-de-madrid-lidera-el-aumento-de-los-precios-del-turismo-y-la-hosteleria-en-mayo\/","title":{"rendered":"La Comunidad de Madrid lidera el aumento de los precios del turismo y la hosteler\u00eda en mayo"},"content":{"rendered":"<p><img fetchpriority=\"high\" decoding=\"async\" class=\"alignleft size-medium wp-image-39869\" src=\"https:\/\/eldigitaldeasturias.com\/magazine365\/wp-content\/uploads\/2015\/06\/fotonoticia_20150615122501_800-360x240.jpg\" alt=\"fotonoticia_20150615122501_800\" width=\"360\" height=\"240\" srcset=\"https:\/\/eldigitaldeasturias.com\/magazine365\/wp-content\/uploads\/2015\/06\/fotonoticia_20150615122501_800-360x240.jpg 360w, https:\/\/eldigitaldeasturias.com\/magazine365\/wp-content\/uploads\/2015\/06\/fotonoticia_20150615122501_800-650x434.jpg 650w, https:\/\/eldigitaldeasturias.com\/magazine365\/wp-content\/uploads\/2015\/06\/fotonoticia_20150615122501_800-768x513.jpg 768w, https:\/\/eldigitaldeasturias.com\/magazine365\/wp-content\/uploads\/2015\/06\/fotonoticia_20150615122501_800-150x100.jpg 150w, https:\/\/eldigitaldeasturias.com\/magazine365\/wp-content\/uploads\/2015\/06\/fotonoticia_20150615122501_800-450x300.jpg 450w, https:\/\/eldigitaldeasturias.com\/magazine365\/wp-content\/uploads\/2015\/06\/fotonoticia_20150615122501_800-696x465.jpg 696w, https:\/\/eldigitaldeasturias.com\/magazine365\/wp-content\/uploads\/2015\/06\/fotonoticia_20150615122501_800-629x420.jpg 629w, https:\/\/eldigitaldeasturias.com\/magazine365\/wp-content\/uploads\/2015\/06\/fotonoticia_20150615122501_800-84x55.jpg 84w, https:\/\/eldigitaldeasturias.com\/magazine365\/wp-content\/uploads\/2015\/06\/fotonoticia_20150615122501_800.jpg 800w\" sizes=\"(max-width: 360px) 100vw, 360px\" \/>La Comunidad de Madrid registr\u00f3 el mayor aumento porcentual de los precios del turismo y la hosteler\u00eda en mayo en comparaci\u00f3n con el resto de las comunidades aut\u00f3nomas, al registrar un incremento interanual del 1,7 por ciento, s\u00edntoma de que el sector tur\u00edstico se recupera en la regi\u00f3n.<\/p>\n<p>Seg\u00fan los datos definitivos relativos al IPC del Instituto Nacional de Estad\u00edstica (INE), todas las comunidades aut\u00f3nomas registraron incrementos en las tarifas de turismo y hosteler\u00eda en el mes de mayo.<\/p>\n<p>Los mayores aumentos se registraron en la Comunidad de Madrid (+1,7%), Canarias (+1,4%), Castilla y Le\u00f3n (+1,4%) y Navarra (-1,3%).<\/p>\n<p>Por el contrario, las regiones que menos vieron subir sus precios en hosteler\u00eda y turismo durante el pasado mes de mayo fueron principalmente en Castilla-La Mancha (+0,4%) y La Rioja (+0,4%).<\/p>\n<p>En lo que va de a\u00f1o, Madrid registr\u00f3 un aumento medio del 0,6 por ciento en los precios de turismo y hosteler\u00eda.<\/p>\n<p>A nivel nacional, los precios en turismo y hosteler\u00eda se elevaron un 1,1 por ciento en mayo con respecto al mismo mes del a\u00f1o anterior. El incremento medio en el a\u00f1o es del 0,4 por ciento<\/p>\n","protected":false},"excerpt":{"rendered":"<p>La Comunidad de Madrid registr\u00f3 el mayor aumento porcentual de los precios del turismo y la hosteler\u00eda en mayo en comparaci\u00f3n con el resto de las comunidades aut\u00f3nomas, al registrar un incremento interanual del 1,7 por ciento, s\u00edntoma de que el sector tur\u00edstico se recupera en la regi\u00f3n. Seg\u00fan los datos definitivos relativos al IPC<\/p>\n","protected":false},"author":1,"featured_media":39869,"comment_status":"open","ping_status":"closed","sticky":false,"template":"","format":"standard","meta":{"footnotes":""},"categories":[222],"tags":[],"class_list":{"0":"post-39868","1":"post","2":"type-post","3":"status-publish","4":"format-standard","5":"has-post-thumbnail","7":"category-actualidad-turismo"},"aioseo_notices":[],"aioseo_head":"\n\t\t<!-- All in One SEO Pro 4.9.6.1 - aioseo.com -->\n\t<meta name=\"description\" content=\"La Comunidad de Madrid registr\u00f3 el mayor aumento porcentual de los precios del turismo y la hosteler\u00eda en mayo en comparaci\u00f3n con el resto de las comunidades aut\u00f3nomas, al registrar un incremento interanual del 1,7 por ciento, s\u00edntoma de que el sector tur\u00edstico se recupera en la regi\u00f3n. Seg\u00fan los datos definitivos relativos al IPC\" \/>\n\t<meta name=\"robots\" content=\"max-image-preview:large\" \/>\n\t<meta name=\"author\" content=\"admin\"\/>\n\t<meta name=\"google-site-verification\" content=\"UA-38556648-1\" \/>\n\t<meta name=\"keywords\" content=\"actualidad turismo\" \/>\n\t<link rel=\"canonical\" href=\"https:\/\/eldigitaldeasturias.com\/magazine365\/la-comunidad-de-madrid-lidera-el-aumento-de-los-precios-del-turismo-y-la-hosteleria-en-mayo\/\" \/>\n\t<meta name=\"generator\" content=\"All in One SEO Pro (AIOSEO) 4.9.6.1\" \/>\n\t\t<meta property=\"og:locale\" content=\"es_ES\" \/>\n\t\t<meta property=\"og:site_name\" content=\"El Digital de Asturias \u2013 Revista de ocio, turismo y estilo de vida\" \/>\n\t\t<meta property=\"og:type\" content=\"article\" \/>\n\t\t<meta property=\"og:title\" content=\"La Comunidad de Madrid lidera el aumento de los precios del turismo y la hosteler\u00eda en mayo | El Digital de Asturias\" \/>\n\t\t<meta property=\"og:description\" content=\"La Comunidad de Madrid registr\u00f3 el mayor aumento porcentual de los precios del turismo y la hosteler\u00eda en mayo en comparaci\u00f3n con el resto de las comunidades aut\u00f3nomas, al registrar un incremento interanual del 1,7 por ciento, s\u00edntoma de que el sector tur\u00edstico se recupera en la regi\u00f3n. Seg\u00fan los datos definitivos relativos al IPC\" \/>\n\t\t<meta property=\"og:url\" content=\"https:\/\/eldigitaldeasturias.com\/magazine365\/la-comunidad-de-madrid-lidera-el-aumento-de-los-precios-del-turismo-y-la-hosteleria-en-mayo\/\" \/>\n\t\t<meta property=\"og:image\" content=\"https:\/\/eldigitaldeasturias.com\/magazine365\/wp-content\/uploads\/2015\/06\/fotonoticia_20150615122501_800.jpg\" \/>\n\t\t<meta property=\"og:image:secure_url\" content=\"https:\/\/eldigitaldeasturias.com\/magazine365\/wp-content\/uploads\/2015\/06\/fotonoticia_20150615122501_800.jpg\" \/>\n\t\t<meta property=\"og:image:width\" content=\"800\" \/>\n\t\t<meta property=\"og:image:height\" content=\"534\" \/>\n\t\t<meta property=\"article:published_time\" content=\"2015-06-15T22:32:33+00:00\" \/>\n\t\t<meta property=\"article:modified_time\" content=\"2015-06-15T22:32:33+00:00\" \/>\n\t\t<meta name=\"twitter:card\" content=\"summary_large_image\" \/>\n\t\t<meta name=\"twitter:title\" content=\"La Comunidad de Madrid lidera el aumento de los precios del turismo y la hosteler\u00eda en mayo | El Digital de Asturias\" \/>\n\t\t<meta name=\"twitter:description\" content=\"La Comunidad de Madrid registr\u00f3 el mayor aumento porcentual de los precios del turismo y la hosteler\u00eda en mayo en comparaci\u00f3n con el resto de las comunidades aut\u00f3nomas, al registrar un incremento interanual del 1,7 por ciento, s\u00edntoma de que el sector tur\u00edstico se recupera en la regi\u00f3n. Seg\u00fan los datos definitivos relativos al IPC\" \/>\n\t\t<meta name=\"twitter:image\" content=\"https:\/\/eldigitaldeasturias.com\/magazine365\/wp-content\/uploads\/2015\/06\/fotonoticia_20150615122501_800.jpg\" \/>\n\t\t<script type=\"application\/ld+json\" class=\"aioseo-schema\">\n\t\t\t{\"@context\":\"https:\\\/\\\/schema.org\",\"@graph\":[{\"@type\":\"Article\",\"@id\":\"https:\\\/\\\/eldigitaldeasturias.com\\\/magazine365\\\/la-comunidad-de-madrid-lidera-el-aumento-de-los-precios-del-turismo-y-la-hosteleria-en-mayo\\\/#article\",\"name\":\"La Comunidad de Madrid lidera el aumento de los precios del turismo y la hosteler\\u00eda en mayo | El Digital de Asturias\",\"headline\":\"La Comunidad de Madrid lidera el aumento de los precios del turismo y la hosteler\\u00eda en mayo\",\"author\":{\"@id\":\"https:\\\/\\\/eldigitaldeasturias.com\\\/magazine365\\\/author\\\/admin\\\/#author\"},\"publisher\":{\"@id\":\"https:\\\/\\\/eldigitaldeasturias.com\\\/magazine365\\\/#organization\"},\"image\":{\"@type\":\"ImageObject\",\"url\":\"https:\\\/\\\/eldigitaldeasturias.com\\\/magazine365\\\/wp-content\\\/uploads\\\/2015\\\/06\\\/fotonoticia_20150615122501_800.jpg\",\"width\":800,\"height\":534},\"datePublished\":\"2015-06-16T00:02:33+02:00\",\"dateModified\":\"2015-06-16T00:02:33+02:00\",\"inLanguage\":\"es-ES\",\"mainEntityOfPage\":{\"@id\":\"https:\\\/\\\/eldigitaldeasturias.com\\\/magazine365\\\/la-comunidad-de-madrid-lidera-el-aumento-de-los-precios-del-turismo-y-la-hosteleria-en-mayo\\\/#webpage\"},\"isPartOf\":{\"@id\":\"https:\\\/\\\/eldigitaldeasturias.com\\\/magazine365\\\/la-comunidad-de-madrid-lidera-el-aumento-de-los-precios-del-turismo-y-la-hosteleria-en-mayo\\\/#webpage\"},\"articleSection\":\"Actualidad Turismo\"},{\"@type\":\"BreadcrumbList\",\"@id\":\"https:\\\/\\\/eldigitaldeasturias.com\\\/magazine365\\\/la-comunidad-de-madrid-lidera-el-aumento-de-los-precios-del-turismo-y-la-hosteleria-en-mayo\\\/#breadcrumblist\",\"itemListElement\":[{\"@type\":\"ListItem\",\"@id\":\"https:\\\/\\\/eldigitaldeasturias.com\\\/magazine365#listItem\",\"position\":1,\"name\":\"Home\",\"item\":\"https:\\\/\\\/eldigitaldeasturias.com\\\/magazine365\",\"nextItem\":{\"@type\":\"ListItem\",\"@id\":\"https:\\\/\\\/eldigitaldeasturias.com\\\/magazine365\\\/category\\\/actualidad-turismo\\\/#listItem\",\"name\":\"Actualidad Turismo\"}},{\"@type\":\"ListItem\",\"@id\":\"https:\\\/\\\/eldigitaldeasturias.com\\\/magazine365\\\/category\\\/actualidad-turismo\\\/#listItem\",\"position\":2,\"name\":\"Actualidad Turismo\",\"item\":\"https:\\\/\\\/eldigitaldeasturias.com\\\/magazine365\\\/category\\\/actualidad-turismo\\\/\",\"nextItem\":{\"@type\":\"ListItem\",\"@id\":\"https:\\\/\\\/eldigitaldeasturias.com\\\/magazine365\\\/la-comunidad-de-madrid-lidera-el-aumento-de-los-precios-del-turismo-y-la-hosteleria-en-mayo\\\/#listItem\",\"name\":\"La Comunidad de Madrid lidera el aumento de los precios del turismo y la hosteler\\u00eda en mayo\"},\"previousItem\":{\"@type\":\"ListItem\",\"@id\":\"https:\\\/\\\/eldigitaldeasturias.com\\\/magazine365#listItem\",\"name\":\"Home\"}},{\"@type\":\"ListItem\",\"@id\":\"https:\\\/\\\/eldigitaldeasturias.com\\\/magazine365\\\/la-comunidad-de-madrid-lidera-el-aumento-de-los-precios-del-turismo-y-la-hosteleria-en-mayo\\\/#listItem\",\"position\":3,\"name\":\"La Comunidad de Madrid lidera el aumento de los precios del turismo y la hosteler\\u00eda en mayo\",\"previousItem\":{\"@type\":\"ListItem\",\"@id\":\"https:\\\/\\\/eldigitaldeasturias.com\\\/magazine365\\\/category\\\/actualidad-turismo\\\/#listItem\",\"name\":\"Actualidad Turismo\"}}]},{\"@type\":\"Organization\",\"@id\":\"https:\\\/\\\/eldigitaldeasturias.com\\\/magazine365\\\/#organization\",\"name\":\"El digital de Asturias\",\"description\":\"Revista de ocio, turismo y estilo de vida\",\"url\":\"https:\\\/\\\/eldigitaldeasturias.com\\\/magazine365\\\/\",\"logo\":{\"@type\":\"ImageObject\",\"url\":\"https:\\\/\\\/www.eldigitaldeasturias.com\\\/noticias\\\/wp-content\\\/uploads\\\/2020\\\/12\\\/EDA.jpg\",\"@id\":\"https:\\\/\\\/eldigitaldeasturias.com\\\/magazine365\\\/la-comunidad-de-madrid-lidera-el-aumento-de-los-precios-del-turismo-y-la-hosteleria-en-mayo\\\/#organizationLogo\"},\"image\":{\"@id\":\"https:\\\/\\\/eldigitaldeasturias.com\\\/magazine365\\\/la-comunidad-de-madrid-lidera-el-aumento-de-los-precios-del-turismo-y-la-hosteleria-en-mayo\\\/#organizationLogo\"}},{\"@type\":\"Person\",\"@id\":\"https:\\\/\\\/eldigitaldeasturias.com\\\/magazine365\\\/author\\\/admin\\\/#author\",\"url\":\"https:\\\/\\\/eldigitaldeasturias.com\\\/magazine365\\\/author\\\/admin\\\/\",\"name\":\"admin\",\"image\":{\"@type\":\"ImageObject\",\"@id\":\"https:\\\/\\\/eldigitaldeasturias.com\\\/magazine365\\\/la-comunidad-de-madrid-lidera-el-aumento-de-los-precios-del-turismo-y-la-hosteleria-en-mayo\\\/#authorImage\",\"url\":\"https:\\\/\\\/eldigitaldeasturias.com\\\/magazine365\\\/wp-content\\\/litespeed\\\/avatar\\\/e571bcf59a0edd6fa6838245a470f2fe.jpg?ver=1776969259\",\"width\":96,\"height\":96,\"caption\":\"admin\"}},{\"@type\":\"WebPage\",\"@id\":\"https:\\\/\\\/eldigitaldeasturias.com\\\/magazine365\\\/la-comunidad-de-madrid-lidera-el-aumento-de-los-precios-del-turismo-y-la-hosteleria-en-mayo\\\/#webpage\",\"url\":\"https:\\\/\\\/eldigitaldeasturias.com\\\/magazine365\\\/la-comunidad-de-madrid-lidera-el-aumento-de-los-precios-del-turismo-y-la-hosteleria-en-mayo\\\/\",\"name\":\"La Comunidad de Madrid lidera el aumento de los precios del turismo y la hosteler\\u00eda en mayo | El Digital de Asturias\",\"description\":\"La Comunidad de Madrid registr\\u00f3 el mayor aumento porcentual de los precios del turismo y la hosteler\\u00eda en mayo en comparaci\\u00f3n con el resto de las comunidades aut\\u00f3nomas, al registrar un incremento interanual del 1,7 por ciento, s\\u00edntoma de que el sector tur\\u00edstico se recupera en la regi\\u00f3n. Seg\\u00fan los datos definitivos relativos al IPC\",\"inLanguage\":\"es-ES\",\"isPartOf\":{\"@id\":\"https:\\\/\\\/eldigitaldeasturias.com\\\/magazine365\\\/#website\"},\"breadcrumb\":{\"@id\":\"https:\\\/\\\/eldigitaldeasturias.com\\\/magazine365\\\/la-comunidad-de-madrid-lidera-el-aumento-de-los-precios-del-turismo-y-la-hosteleria-en-mayo\\\/#breadcrumblist\"},\"author\":{\"@id\":\"https:\\\/\\\/eldigitaldeasturias.com\\\/magazine365\\\/author\\\/admin\\\/#author\"},\"creator\":{\"@id\":\"https:\\\/\\\/eldigitaldeasturias.com\\\/magazine365\\\/author\\\/admin\\\/#author\"},\"image\":{\"@type\":\"ImageObject\",\"url\":\"https:\\\/\\\/eldigitaldeasturias.com\\\/magazine365\\\/wp-content\\\/uploads\\\/2015\\\/06\\\/fotonoticia_20150615122501_800.jpg\",\"@id\":\"https:\\\/\\\/eldigitaldeasturias.com\\\/magazine365\\\/la-comunidad-de-madrid-lidera-el-aumento-de-los-precios-del-turismo-y-la-hosteleria-en-mayo\\\/#mainImage\",\"width\":800,\"height\":534},\"primaryImageOfPage\":{\"@id\":\"https:\\\/\\\/eldigitaldeasturias.com\\\/magazine365\\\/la-comunidad-de-madrid-lidera-el-aumento-de-los-precios-del-turismo-y-la-hosteleria-en-mayo\\\/#mainImage\"},\"datePublished\":\"2015-06-16T00:02:33+02:00\",\"dateModified\":\"2015-06-16T00:02:33+02:00\"},{\"@type\":\"WebSite\",\"@id\":\"https:\\\/\\\/eldigitaldeasturias.com\\\/magazine365\\\/#website\",\"url\":\"https:\\\/\\\/eldigitaldeasturias.com\\\/magazine365\\\/\",\"name\":\"El Digital de Asturias\",\"description\":\"Revista de ocio, turismo y estilo de vida\",\"inLanguage\":\"es-ES\",\"publisher\":{\"@id\":\"https:\\\/\\\/eldigitaldeasturias.com\\\/magazine365\\\/#organization\"}}]}\n\t\t<\/script>\n\t\t<!-- All in One SEO Pro -->\r\n\t\t<title>La Comunidad de Madrid lidera el aumento de los precios del turismo y la hosteler\u00eda en mayo | El Digital de Asturias<\/title>\n\n","aioseo_head_json":{"title":"La Comunidad de Madrid lidera el aumento de los precios del turismo y la hosteler\u00eda en mayo | El Digital de Asturias","description":"La Comunidad de Madrid registr\u00f3 el mayor aumento porcentual de los precios del turismo y la hosteler\u00eda en mayo en comparaci\u00f3n con el resto de las comunidades aut\u00f3nomas, al registrar un incremento interanual del 1,7 por ciento, s\u00edntoma de que el sector tur\u00edstico se recupera en la regi\u00f3n. Seg\u00fan los datos definitivos relativos al IPC","canonical_url":"https:\/\/eldigitaldeasturias.com\/magazine365\/la-comunidad-de-madrid-lidera-el-aumento-de-los-precios-del-turismo-y-la-hosteleria-en-mayo\/","robots":"max-image-preview:large","keywords":"actualidad turismo","webmasterTools":{"google-site-verification":"UA-38556648-1","miscellaneous":""},"schema":{"@context":"https:\/\/schema.org","@graph":[{"@type":"Article","@id":"https:\/\/eldigitaldeasturias.com\/magazine365\/la-comunidad-de-madrid-lidera-el-aumento-de-los-precios-del-turismo-y-la-hosteleria-en-mayo\/#article","name":"La Comunidad de Madrid lidera el aumento de los precios del turismo y la hosteler\u00eda en mayo | El Digital de Asturias","headline":"La Comunidad de Madrid lidera el aumento de los precios del turismo y la hosteler\u00eda en mayo","author":{"@id":"https:\/\/eldigitaldeasturias.com\/magazine365\/author\/admin\/#author"},"publisher":{"@id":"https:\/\/eldigitaldeasturias.com\/magazine365\/#organization"},"image":{"@type":"ImageObject","url":"https:\/\/eldigitaldeasturias.com\/magazine365\/wp-content\/uploads\/2015\/06\/fotonoticia_20150615122501_800.jpg","width":800,"height":534},"datePublished":"2015-06-16T00:02:33+02:00","dateModified":"2015-06-16T00:02:33+02:00","inLanguage":"es-ES","mainEntityOfPage":{"@id":"https:\/\/eldigitaldeasturias.com\/magazine365\/la-comunidad-de-madrid-lidera-el-aumento-de-los-precios-del-turismo-y-la-hosteleria-en-mayo\/#webpage"},"isPartOf":{"@id":"https:\/\/eldigitaldeasturias.com\/magazine365\/la-comunidad-de-madrid-lidera-el-aumento-de-los-precios-del-turismo-y-la-hosteleria-en-mayo\/#webpage"},"articleSection":"Actualidad Turismo"},{"@type":"BreadcrumbList","@id":"https:\/\/eldigitaldeasturias.com\/magazine365\/la-comunidad-de-madrid-lidera-el-aumento-de-los-precios-del-turismo-y-la-hosteleria-en-mayo\/#breadcrumblist","itemListElement":[{"@type":"ListItem","@id":"https:\/\/eldigitaldeasturias.com\/magazine365#listItem","position":1,"name":"Home","item":"https:\/\/eldigitaldeasturias.com\/magazine365","nextItem":{"@type":"ListItem","@id":"https:\/\/eldigitaldeasturias.com\/magazine365\/category\/actualidad-turismo\/#listItem","name":"Actualidad Turismo"}},{"@type":"ListItem","@id":"https:\/\/eldigitaldeasturias.com\/magazine365\/category\/actualidad-turismo\/#listItem","position":2,"name":"Actualidad Turismo","item":"https:\/\/eldigitaldeasturias.com\/magazine365\/category\/actualidad-turismo\/","nextItem":{"@type":"ListItem","@id":"https:\/\/eldigitaldeasturias.com\/magazine365\/la-comunidad-de-madrid-lidera-el-aumento-de-los-precios-del-turismo-y-la-hosteleria-en-mayo\/#listItem","name":"La Comunidad de Madrid lidera el aumento de los precios del turismo y la hosteler\u00eda en mayo"},"previousItem":{"@type":"ListItem","@id":"https:\/\/eldigitaldeasturias.com\/magazine365#listItem","name":"Home"}},{"@type":"ListItem","@id":"https:\/\/eldigitaldeasturias.com\/magazine365\/la-comunidad-de-madrid-lidera-el-aumento-de-los-precios-del-turismo-y-la-hosteleria-en-mayo\/#listItem","position":3,"name":"La Comunidad de Madrid lidera el aumento de los precios del turismo y la hosteler\u00eda en mayo","previousItem":{"@type":"ListItem","@id":"https:\/\/eldigitaldeasturias.com\/magazine365\/category\/actualidad-turismo\/#listItem","name":"Actualidad Turismo"}}]},{"@type":"Organization","@id":"https:\/\/eldigitaldeasturias.com\/magazine365\/#organization","name":"El digital de Asturias","description":"Revista de ocio, turismo y estilo de vida","url":"https:\/\/eldigitaldeasturias.com\/magazine365\/","logo":{"@type":"ImageObject","url":"https:\/\/www.eldigitaldeasturias.com\/noticias\/wp-content\/uploads\/2020\/12\/EDA.jpg","@id":"https:\/\/eldigitaldeasturias.com\/magazine365\/la-comunidad-de-madrid-lidera-el-aumento-de-los-precios-del-turismo-y-la-hosteleria-en-mayo\/#organizationLogo"},"image":{"@id":"https:\/\/eldigitaldeasturias.com\/magazine365\/la-comunidad-de-madrid-lidera-el-aumento-de-los-precios-del-turismo-y-la-hosteleria-en-mayo\/#organizationLogo"}},{"@type":"Person","@id":"https:\/\/eldigitaldeasturias.com\/magazine365\/author\/admin\/#author","url":"https:\/\/eldigitaldeasturias.com\/magazine365\/author\/admin\/","name":"admin","image":{"@type":"ImageObject","@id":"https:\/\/eldigitaldeasturias.com\/magazine365\/la-comunidad-de-madrid-lidera-el-aumento-de-los-precios-del-turismo-y-la-hosteleria-en-mayo\/#authorImage","url":"https:\/\/eldigitaldeasturias.com\/magazine365\/wp-content\/litespeed\/avatar\/e571bcf59a0edd6fa6838245a470f2fe.jpg?ver=1776969259","width":96,"height":96,"caption":"admin"}},{"@type":"WebPage","@id":"https:\/\/eldigitaldeasturias.com\/magazine365\/la-comunidad-de-madrid-lidera-el-aumento-de-los-precios-del-turismo-y-la-hosteleria-en-mayo\/#webpage","url":"https:\/\/eldigitaldeasturias.com\/magazine365\/la-comunidad-de-madrid-lidera-el-aumento-de-los-precios-del-turismo-y-la-hosteleria-en-mayo\/","name":"La Comunidad de Madrid lidera el aumento de los precios del turismo y la hosteler\u00eda en mayo | El Digital de Asturias","description":"La Comunidad de Madrid registr\u00f3 el mayor aumento porcentual de los precios del turismo y la hosteler\u00eda en mayo en comparaci\u00f3n con el resto de las comunidades aut\u00f3nomas, al registrar un incremento interanual del 1,7 por ciento, s\u00edntoma de que el sector tur\u00edstico se recupera en la regi\u00f3n. Seg\u00fan los datos definitivos relativos al IPC","inLanguage":"es-ES","isPartOf":{"@id":"https:\/\/eldigitaldeasturias.com\/magazine365\/#website"},"breadcrumb":{"@id":"https:\/\/eldigitaldeasturias.com\/magazine365\/la-comunidad-de-madrid-lidera-el-aumento-de-los-precios-del-turismo-y-la-hosteleria-en-mayo\/#breadcrumblist"},"author":{"@id":"https:\/\/eldigitaldeasturias.com\/magazine365\/author\/admin\/#author"},"creator":{"@id":"https:\/\/eldigitaldeasturias.com\/magazine365\/author\/admin\/#author"},"image":{"@type":"ImageObject","url":"https:\/\/eldigitaldeasturias.com\/magazine365\/wp-content\/uploads\/2015\/06\/fotonoticia_20150615122501_800.jpg","@id":"https:\/\/eldigitaldeasturias.com\/magazine365\/la-comunidad-de-madrid-lidera-el-aumento-de-los-precios-del-turismo-y-la-hosteleria-en-mayo\/#mainImage","width":800,"height":534},"primaryImageOfPage":{"@id":"https:\/\/eldigitaldeasturias.com\/magazine365\/la-comunidad-de-madrid-lidera-el-aumento-de-los-precios-del-turismo-y-la-hosteleria-en-mayo\/#mainImage"},"datePublished":"2015-06-16T00:02:33+02:00","dateModified":"2015-06-16T00:02:33+02:00"},{"@type":"WebSite","@id":"https:\/\/eldigitaldeasturias.com\/magazine365\/#website","url":"https:\/\/eldigitaldeasturias.com\/magazine365\/","name":"El Digital de Asturias","description":"Revista de ocio, turismo y estilo de vida","inLanguage":"es-ES","publisher":{"@id":"https:\/\/eldigitaldeasturias.com\/magazine365\/#organization"}}]},"og:locale":"es_ES","og:site_name":"El Digital de Asturias \u2013 Revista de ocio, turismo y estilo de vida","og:type":"article","og:title":"La Comunidad de Madrid lidera el aumento de los precios del turismo y la hosteler\u00eda en mayo | El Digital de Asturias","og:description":"La Comunidad de Madrid registr\u00f3 el mayor aumento porcentual de los precios del turismo y la hosteler\u00eda en mayo en comparaci\u00f3n con el resto de las comunidades aut\u00f3nomas, al registrar un incremento interanual del 1,7 por ciento, s\u00edntoma de que el sector tur\u00edstico se recupera en la regi\u00f3n. Seg\u00fan los datos definitivos relativos al IPC","og:url":"https:\/\/eldigitaldeasturias.com\/magazine365\/la-comunidad-de-madrid-lidera-el-aumento-de-los-precios-del-turismo-y-la-hosteleria-en-mayo\/","og:image":"https:\/\/eldigitaldeasturias.com\/magazine365\/wp-content\/uploads\/2015\/06\/fotonoticia_20150615122501_800.jpg","og:image:secure_url":"https:\/\/eldigitaldeasturias.com\/magazine365\/wp-content\/uploads\/2015\/06\/fotonoticia_20150615122501_800.jpg","og:image:width":800,"og:image:height":534,"article:published_time":"2015-06-15T22:32:33+00:00","article:modified_time":"2015-06-15T22:32:33+00:00","twitter:card":"summary_large_image","twitter:title":"La Comunidad de Madrid lidera el aumento de los precios del turismo y la hosteler\u00eda en mayo | El Digital de Asturias","twitter:description":"La Comunidad de Madrid registr\u00f3 el mayor aumento porcentual de los precios del turismo y la hosteler\u00eda en mayo en comparaci\u00f3n con el resto de las comunidades aut\u00f3nomas, al registrar un incremento interanual del 1,7 por ciento, s\u00edntoma de que el sector tur\u00edstico se recupera en la regi\u00f3n. Seg\u00fan los datos definitivos relativos al IPC","twitter:image":"https:\/\/eldigitaldeasturias.com\/magazine365\/wp-content\/uploads\/2015\/06\/fotonoticia_20150615122501_800.jpg"},"aioseo_meta_data":{"post_id":"39868","title":null,"description":null,"keywords":null,"keyphrases":null,"primary_term":null,"canonical_url":null,"og_title":null,"og_description":null,"og_object_type":"default","og_image_type":"default","og_image_url":null,"og_image_width":null,"og_image_height":null,"og_image_custom_url":null,"og_image_custom_fields":null,"og_video":null,"og_custom_url":null,"og_article_section":null,"og_article_tags":null,"twitter_use_og":false,"twitter_card":"default","twitter_image_type":"default","twitter_image_url":null,"twitter_image_custom_url":null,"twitter_image_custom_fields":null,"twitter_title":null,"twitter_description":null,"schema":{"blockGraphs":[],"customGraphs":[],"default":{"data":{"Article":[],"Course":[],"Dataset":[],"FAQPage":[],"Movie":[],"Person":[],"Product":[],"ProductReview":[],"Car":[],"Recipe":[],"Service":[],"SoftwareApplication":[],"WebPage":[]},"graphName":"","isEnabled":true},"graphs":[],"defaultGraph":"","defaultPostTypeGraph":""},"schema_type":null,"schema_type_options":null,"pillar_content":false,"robots_default":true,"robots_noindex":false,"robots_noarchive":false,"robots_nosnippet":false,"robots_nofollow":false,"robots_noimageindex":false,"robots_noodp":false,"robots_notranslate":false,"robots_max_snippet":null,"robots_max_videopreview":null,"robots_max_imagepreview":"large","priority":null,"frequency":null,"location":null,"local_seo":null,"seo_analyzer_scan_date":"2025-09-19 12:29:54","breadcrumb_settings":null,"limit_modified_date":false,"open_ai":null,"ai":null,"created":"2021-03-09 02:35:43","updated":"2025-09-19 12:29:54"},"aioseo_breadcrumb":"<div class=\"aioseo-breadcrumbs\"><span class=\"aioseo-breadcrumb\">\n\t<a href=\"https:\/\/eldigitaldeasturias.com\/magazine365\" title=\"Home\">Home<\/a>\n<\/span><span class=\"aioseo-breadcrumb-separator\">\u2013<\/span><span class=\"aioseo-breadcrumb\">\n\t<a href=\"https:\/\/eldigitaldeasturias.com\/magazine365\/category\/actualidad-turismo\/\" title=\"Actualidad Turismo\">Actualidad Turismo<\/a>\n<\/span><span class=\"aioseo-breadcrumb-separator\">\u2013<\/span><span class=\"aioseo-breadcrumb\">\n\t<a href=\"https:\/\/eldigitaldeasturias.com\/magazine365\/la-comunidad-de-madrid-lidera-el-aumento-de-los-precios-del-turismo-y-la-hosteleria-en-mayo\/\" title=\"La Comunidad de Madrid lidera el aumento de los precios del turismo y la hosteler\u00eda en mayo\">La Comunidad de Madrid lidera el aumento de los precios del turismo y la hosteler\u00eda en mayo<\/a>\n<\/span><\/div>","aioseo_breadcrumb_json":[{"label":"Home","link":"https:\/\/eldigitaldeasturias.com\/magazine365"},{"label":"Actualidad Turismo","link":"https:\/\/eldigitaldeasturias.com\/magazine365\/category\/actualidad-turismo\/"},{"label":"La Comunidad de Madrid lidera el aumento de los precios del turismo y la hosteler\u00eda en mayo","link":"https:\/\/eldigitaldeasturias.com\/magazine365\/la-comunidad-de-madrid-lidera-el-aumento-de-los-precios-del-turismo-y-la-hosteleria-en-mayo\/"}],"_links":{"self":[{"href":"https:\/\/eldigitaldeasturias.com\/magazine365\/wp-json\/wp\/v2\/posts\/39868","targetHints":{"allow":["GET"]}}],"collection":[{"href":"https:\/\/eldigitaldeasturias.com\/magazine365\/wp-json\/wp\/v2\/posts"}],"about":[{"href":"https:\/\/eldigitaldeasturias.com\/magazine365\/wp-json\/wp\/v2\/types\/post"}],"author":[{"embeddable":true,"href":"https:\/\/eldigitaldeasturias.com\/magazine365\/wp-json\/wp\/v2\/users\/1"}],"replies":[{"embeddable":true,"href":"https:\/\/eldigitaldeasturias.com\/magazine365\/wp-json\/wp\/v2\/comments?post=39868"}],"version-history":[{"count":0,"href":"https:\/\/eldigitaldeasturias.com\/magazine365\/wp-json\/wp\/v2\/posts\/39868\/revisions"}],"wp:featuredmedia":[{"embeddable":true,"href":"https:\/\/eldigitaldeasturias.com\/magazine365\/wp-json\/wp\/v2\/media\/39869"}],"wp:attachment":[{"href":"https:\/\/eldigitaldeasturias.com\/magazine365\/wp-json\/wp\/v2\/media?parent=39868"}],"wp:term":[{"taxonomy":"category","embeddable":true,"href":"https:\/\/eldigitaldeasturias.com\/magazine365\/wp-json\/wp\/v2\/categories?post=39868"},{"taxonomy":"post_tag","embeddable":true,"href":"https:\/\/eldigitaldeasturias.com\/magazine365\/wp-json\/wp\/v2\/tags?post=39868"}],"curies":[{"name":"wp","href":"https:\/\/api.w.org\/{rel}","templated":true}]}}