{"id":39859,"date":"2015-06-15T23:56:50","date_gmt":"2015-06-15T22:26:50","guid":{"rendered":"http:\/\/eldigitaldeasturias.com\/magazine365\/?p=39859"},"modified":"2015-06-15T23:56:50","modified_gmt":"2015-06-15T22:26:50","slug":"los-mejores-pintxos-se-dan-cita-en-alava-este-viernes","status":"publish","type":"post","link":"https:\/\/eldigitaldeasturias.com\/magazine365\/los-mejores-pintxos-se-dan-cita-en-alava-este-viernes\/","title":{"rendered":"Los mejores pintxos se dan cita en \u00c1lava este viernes"},"content":{"rendered":"<p><img fetchpriority=\"high\" decoding=\"async\" class=\"alignleft size-medium wp-image-39860\" src=\"https:\/\/eldigitaldeasturias.com\/magazine365\/wp-content\/uploads\/2015\/06\/fotonoticia_20150615122225_800-360x233.jpg\" alt=\"fotonoticia_20150615122225_800\" width=\"360\" height=\"233\" srcset=\"https:\/\/eldigitaldeasturias.com\/magazine365\/wp-content\/uploads\/2015\/06\/fotonoticia_20150615122225_800-360x233.jpg 360w, https:\/\/eldigitaldeasturias.com\/magazine365\/wp-content\/uploads\/2015\/06\/fotonoticia_20150615122225_800-650x421.jpg 650w, https:\/\/eldigitaldeasturias.com\/magazine365\/wp-content\/uploads\/2015\/06\/fotonoticia_20150615122225_800-768x497.jpg 768w, https:\/\/eldigitaldeasturias.com\/magazine365\/wp-content\/uploads\/2015\/06\/fotonoticia_20150615122225_800-150x97.jpg 150w, https:\/\/eldigitaldeasturias.com\/magazine365\/wp-content\/uploads\/2015\/06\/fotonoticia_20150615122225_800-450x291.jpg 450w, https:\/\/eldigitaldeasturias.com\/magazine365\/wp-content\/uploads\/2015\/06\/fotonoticia_20150615122225_800-696x451.jpg 696w, https:\/\/eldigitaldeasturias.com\/magazine365\/wp-content\/uploads\/2015\/06\/fotonoticia_20150615122225_800-649x420.jpg 649w, https:\/\/eldigitaldeasturias.com\/magazine365\/wp-content\/uploads\/2015\/06\/fotonoticia_20150615122225_800-225x145.jpg 225w, https:\/\/eldigitaldeasturias.com\/magazine365\/wp-content\/uploads\/2015\/06\/fotonoticia_20150615122225_800-84x55.jpg 84w, https:\/\/eldigitaldeasturias.com\/magazine365\/wp-content\/uploads\/2015\/06\/fotonoticia_20150615122225_800.jpg 800w\" sizes=\"(max-width: 360px) 100vw, 360px\" \/>El Centro Tem\u00e1tico del Vino Villa-Luc\u00eda, ubicado en la localidad de Laguardia, se convertir\u00e1 el pr\u00f3ximo viernes de nuevo en el epicentro de la innovaci\u00f3n culinaria en \u00c1lava al acoger la pr\u00f3xima parada del &#8216;Minimal Tour Pintxos Passion&#8217;.<\/p>\n<p>Los amantes de la buena mesa tienen una cita con seis grandes maestros de la cocina, todos ellos premiados en distintos cert\u00e1menes y concursos, que preparar\u00e1n un men\u00fa integrado por creaciones de alta gastronom\u00eda en miniatura maridado con los mejores vinos de la bodega Pagos de Leza, de Rioja Alavesa.<\/p>\n<p>El campe\u00f3n de pintxos de \u00c1lava, Rub\u00e9n Gonz\u00e1lez; el campe\u00f3n de \u00c1lava de Cocina en Miniatura, Mitxel Su\u00e1rez; los ganadores del Pintxo Popular de Euskal Herria 2014, Koldo e \u00cd\u00f1igo Kortabitarte y el premio Eusko Label del Campeonato de Pintxos de Euskal Herria, Juan Antonio G\u00f3mez mostrar\u00e1n lo mejor de sus platos.<\/p>\n<p>Adem\u00e1s el responsable del reconocido como Mejor Espacio Dulce de Espa\u00f1a en Madrid Fusi\u00f3n, Fernando S\u00e1enz Duarte, se pondr\u00e1 tambi\u00e9n delante de los fogones del Centro Tem\u00e1tico del Vino Villa-Luc\u00eda para dirigir una nueva etapa del &#8216;Minimal Tour Pintxos Passion&#8217;.<\/p>\n<p>REFERENTE ENOTUR\u00cdSTICO.<\/p>\n<p>Adem\u00e1s de ocho platos elaborados por estos chef, se degustar\u00e1n cuatro vinos de Pagos de Leza, una de las bodegas de vanguardia de Rioja Alavesa, convertida en un aut\u00e9ntico referente enotur\u00edstico en la zona, al incorporar un universo de propuestas en torno a la cultura del vino.<\/p>\n<p>El men\u00fa incluir\u00e1 entre sus platos creaciones tales como aperitivo &amp; guindas, sardina marinada, milhojas de berenjena y foie en agridulce de cava, papada de basatxerri, huevas de arenque y sal de vino, huevo carbonizado, capuchino de hongos, y pera conferencia con crema helada de l\u00edas de vino blanco fermentado en barrica.<\/p>\n<p>En cuanto a los vinos, se degustar\u00e1n \u00c1ngel Santamar\u00eda Blanco Crianza 2011, Editor Crianza 2011, \u00c1ngel Santamar\u00eda Crianza 2011 y Penumbra Tinto Semi-Dulce 2013.<\/p>\n","protected":false},"excerpt":{"rendered":"<p>El Centro Tem\u00e1tico del Vino Villa-Luc\u00eda, ubicado en la localidad de Laguardia, se convertir\u00e1 el pr\u00f3ximo viernes de nuevo en el epicentro de la innovaci\u00f3n culinaria en \u00c1lava al acoger la pr\u00f3xima parada del &#8216;Minimal Tour Pintxos Passion&#8217;. Los amantes de la buena mesa tienen una cita con seis grandes maestros de la cocina, todos<\/p>\n","protected":false},"author":1,"featured_media":39860,"comment_status":"open","ping_status":"closed","sticky":false,"template":"","format":"standard","meta":{"footnotes":""},"categories":[224],"tags":[],"class_list":{"0":"post-39859","1":"post","2":"type-post","3":"status-publish","4":"format-standard","5":"has-post-thumbnail","7":"category-noticias-actualidad"},"aioseo_notices":[],"aioseo_head":"\n\t\t<!-- All in One SEO Pro 4.9.6.1 - aioseo.com -->\n\t<meta name=\"description\" content=\"El Centro Tem\u00e1tico del Vino Villa-Luc\u00eda, ubicado en la localidad de Laguardia, se convertir\u00e1 el pr\u00f3ximo viernes de nuevo en el epicentro de la innovaci\u00f3n culinaria en \u00c1lava al acoger la pr\u00f3xima parada del &#039;Minimal Tour Pintxos Passion&#039;. Los amantes de la buena mesa tienen una cita con seis grandes maestros de la cocina, todos\" \/>\n\t<meta name=\"robots\" content=\"max-image-preview:large\" \/>\n\t<meta name=\"author\" content=\"admin\"\/>\n\t<meta name=\"google-site-verification\" content=\"UA-38556648-1\" \/>\n\t<meta name=\"keywords\" content=\"noticias y actualidad\" \/>\n\t<link rel=\"canonical\" href=\"https:\/\/eldigitaldeasturias.com\/magazine365\/los-mejores-pintxos-se-dan-cita-en-alava-este-viernes\/\" \/>\n\t<meta name=\"generator\" content=\"All in One SEO Pro (AIOSEO) 4.9.6.1\" \/>\n\t\t<meta property=\"og:locale\" content=\"es_ES\" \/>\n\t\t<meta property=\"og:site_name\" content=\"El Digital de Asturias \u2013 Revista de ocio, turismo y estilo de vida\" \/>\n\t\t<meta property=\"og:type\" content=\"article\" \/>\n\t\t<meta property=\"og:title\" content=\"Los mejores pintxos se dan cita en \u00c1lava este viernes | El Digital de Asturias\" \/>\n\t\t<meta property=\"og:description\" content=\"El Centro Tem\u00e1tico del Vino Villa-Luc\u00eda, ubicado en la localidad de Laguardia, se convertir\u00e1 el pr\u00f3ximo viernes de nuevo en el epicentro de la innovaci\u00f3n culinaria en \u00c1lava al acoger la pr\u00f3xima parada del &#039;Minimal Tour Pintxos Passion&#039;. Los amantes de la buena mesa tienen una cita con seis grandes maestros de la cocina, todos\" \/>\n\t\t<meta property=\"og:url\" content=\"https:\/\/eldigitaldeasturias.com\/magazine365\/los-mejores-pintxos-se-dan-cita-en-alava-este-viernes\/\" \/>\n\t\t<meta property=\"og:image\" content=\"https:\/\/eldigitaldeasturias.com\/magazine365\/wp-content\/uploads\/2015\/06\/fotonoticia_20150615122225_800.jpg\" \/>\n\t\t<meta property=\"og:image:secure_url\" content=\"https:\/\/eldigitaldeasturias.com\/magazine365\/wp-content\/uploads\/2015\/06\/fotonoticia_20150615122225_800.jpg\" \/>\n\t\t<meta property=\"og:image:width\" content=\"800\" \/>\n\t\t<meta property=\"og:image:height\" content=\"518\" \/>\n\t\t<meta property=\"article:published_time\" content=\"2015-06-15T22:26:50+00:00\" \/>\n\t\t<meta property=\"article:modified_time\" content=\"2015-06-15T22:26:50+00:00\" \/>\n\t\t<meta name=\"twitter:card\" content=\"summary_large_image\" \/>\n\t\t<meta name=\"twitter:title\" content=\"Los mejores pintxos se dan cita en \u00c1lava este viernes | El Digital de Asturias\" \/>\n\t\t<meta name=\"twitter:description\" content=\"El Centro Tem\u00e1tico del Vino Villa-Luc\u00eda, ubicado en la localidad de Laguardia, se convertir\u00e1 el pr\u00f3ximo viernes de nuevo en el epicentro de la innovaci\u00f3n culinaria en \u00c1lava al acoger la pr\u00f3xima parada del &#039;Minimal Tour Pintxos Passion&#039;. Los amantes de la buena mesa tienen una cita con seis grandes maestros de la cocina, todos\" \/>\n\t\t<meta name=\"twitter:image\" content=\"https:\/\/eldigitaldeasturias.com\/magazine365\/wp-content\/uploads\/2015\/06\/fotonoticia_20150615122225_800.jpg\" \/>\n\t\t<script type=\"application\/ld+json\" class=\"aioseo-schema\">\n\t\t\t{\"@context\":\"https:\\\/\\\/schema.org\",\"@graph\":[{\"@type\":\"Article\",\"@id\":\"https:\\\/\\\/eldigitaldeasturias.com\\\/magazine365\\\/los-mejores-pintxos-se-dan-cita-en-alava-este-viernes\\\/#article\",\"name\":\"Los mejores pintxos se dan cita en \\u00c1lava este viernes | El Digital de Asturias\",\"headline\":\"Los mejores pintxos se dan cita en \\u00c1lava este viernes\",\"author\":{\"@id\":\"https:\\\/\\\/eldigitaldeasturias.com\\\/magazine365\\\/author\\\/admin\\\/#author\"},\"publisher\":{\"@id\":\"https:\\\/\\\/eldigitaldeasturias.com\\\/magazine365\\\/#organization\"},\"image\":{\"@type\":\"ImageObject\",\"url\":\"https:\\\/\\\/eldigitaldeasturias.com\\\/magazine365\\\/wp-content\\\/uploads\\\/2015\\\/06\\\/fotonoticia_20150615122225_800.jpg\",\"width\":800,\"height\":518},\"datePublished\":\"2015-06-15T23:56:50+02:00\",\"dateModified\":\"2015-06-15T23:56:50+02:00\",\"inLanguage\":\"es-ES\",\"mainEntityOfPage\":{\"@id\":\"https:\\\/\\\/eldigitaldeasturias.com\\\/magazine365\\\/los-mejores-pintxos-se-dan-cita-en-alava-este-viernes\\\/#webpage\"},\"isPartOf\":{\"@id\":\"https:\\\/\\\/eldigitaldeasturias.com\\\/magazine365\\\/los-mejores-pintxos-se-dan-cita-en-alava-este-viernes\\\/#webpage\"},\"articleSection\":\"Noticias y Actualidad\"},{\"@type\":\"BreadcrumbList\",\"@id\":\"https:\\\/\\\/eldigitaldeasturias.com\\\/magazine365\\\/los-mejores-pintxos-se-dan-cita-en-alava-este-viernes\\\/#breadcrumblist\",\"itemListElement\":[{\"@type\":\"ListItem\",\"@id\":\"https:\\\/\\\/eldigitaldeasturias.com\\\/magazine365#listItem\",\"position\":1,\"name\":\"Home\",\"item\":\"https:\\\/\\\/eldigitaldeasturias.com\\\/magazine365\",\"nextItem\":{\"@type\":\"ListItem\",\"@id\":\"https:\\\/\\\/eldigitaldeasturias.com\\\/magazine365\\\/category\\\/noticias-actualidad\\\/#listItem\",\"name\":\"Noticias y Actualidad\"}},{\"@type\":\"ListItem\",\"@id\":\"https:\\\/\\\/eldigitaldeasturias.com\\\/magazine365\\\/category\\\/noticias-actualidad\\\/#listItem\",\"position\":2,\"name\":\"Noticias y Actualidad\",\"item\":\"https:\\\/\\\/eldigitaldeasturias.com\\\/magazine365\\\/category\\\/noticias-actualidad\\\/\",\"nextItem\":{\"@type\":\"ListItem\",\"@id\":\"https:\\\/\\\/eldigitaldeasturias.com\\\/magazine365\\\/los-mejores-pintxos-se-dan-cita-en-alava-este-viernes\\\/#listItem\",\"name\":\"Los mejores pintxos se dan cita en \\u00c1lava este viernes\"},\"previousItem\":{\"@type\":\"ListItem\",\"@id\":\"https:\\\/\\\/eldigitaldeasturias.com\\\/magazine365#listItem\",\"name\":\"Home\"}},{\"@type\":\"ListItem\",\"@id\":\"https:\\\/\\\/eldigitaldeasturias.com\\\/magazine365\\\/los-mejores-pintxos-se-dan-cita-en-alava-este-viernes\\\/#listItem\",\"position\":3,\"name\":\"Los mejores pintxos se dan cita en \\u00c1lava este viernes\",\"previousItem\":{\"@type\":\"ListItem\",\"@id\":\"https:\\\/\\\/eldigitaldeasturias.com\\\/magazine365\\\/category\\\/noticias-actualidad\\\/#listItem\",\"name\":\"Noticias y Actualidad\"}}]},{\"@type\":\"Organization\",\"@id\":\"https:\\\/\\\/eldigitaldeasturias.com\\\/magazine365\\\/#organization\",\"name\":\"El digital de Asturias\",\"description\":\"Revista de ocio, turismo y estilo de vida\",\"url\":\"https:\\\/\\\/eldigitaldeasturias.com\\\/magazine365\\\/\",\"logo\":{\"@type\":\"ImageObject\",\"url\":\"https:\\\/\\\/www.eldigitaldeasturias.com\\\/noticias\\\/wp-content\\\/uploads\\\/2020\\\/12\\\/EDA.jpg\",\"@id\":\"https:\\\/\\\/eldigitaldeasturias.com\\\/magazine365\\\/los-mejores-pintxos-se-dan-cita-en-alava-este-viernes\\\/#organizationLogo\"},\"image\":{\"@id\":\"https:\\\/\\\/eldigitaldeasturias.com\\\/magazine365\\\/los-mejores-pintxos-se-dan-cita-en-alava-este-viernes\\\/#organizationLogo\"}},{\"@type\":\"Person\",\"@id\":\"https:\\\/\\\/eldigitaldeasturias.com\\\/magazine365\\\/author\\\/admin\\\/#author\",\"url\":\"https:\\\/\\\/eldigitaldeasturias.com\\\/magazine365\\\/author\\\/admin\\\/\",\"name\":\"admin\",\"image\":{\"@type\":\"ImageObject\",\"@id\":\"https:\\\/\\\/eldigitaldeasturias.com\\\/magazine365\\\/los-mejores-pintxos-se-dan-cita-en-alava-este-viernes\\\/#authorImage\",\"url\":\"https:\\\/\\\/eldigitaldeasturias.com\\\/magazine365\\\/wp-content\\\/litespeed\\\/avatar\\\/e571bcf59a0edd6fa6838245a470f2fe.jpg?ver=1776969259\",\"width\":96,\"height\":96,\"caption\":\"admin\"}},{\"@type\":\"WebPage\",\"@id\":\"https:\\\/\\\/eldigitaldeasturias.com\\\/magazine365\\\/los-mejores-pintxos-se-dan-cita-en-alava-este-viernes\\\/#webpage\",\"url\":\"https:\\\/\\\/eldigitaldeasturias.com\\\/magazine365\\\/los-mejores-pintxos-se-dan-cita-en-alava-este-viernes\\\/\",\"name\":\"Los mejores pintxos se dan cita en \\u00c1lava este viernes | El Digital de Asturias\",\"description\":\"El Centro Tem\\u00e1tico del Vino Villa-Luc\\u00eda, ubicado en la localidad de Laguardia, se convertir\\u00e1 el pr\\u00f3ximo viernes de nuevo en el epicentro de la innovaci\\u00f3n culinaria en \\u00c1lava al acoger la pr\\u00f3xima parada del 'Minimal Tour Pintxos Passion'. Los amantes de la buena mesa tienen una cita con seis grandes maestros de la cocina, todos\",\"inLanguage\":\"es-ES\",\"isPartOf\":{\"@id\":\"https:\\\/\\\/eldigitaldeasturias.com\\\/magazine365\\\/#website\"},\"breadcrumb\":{\"@id\":\"https:\\\/\\\/eldigitaldeasturias.com\\\/magazine365\\\/los-mejores-pintxos-se-dan-cita-en-alava-este-viernes\\\/#breadcrumblist\"},\"author\":{\"@id\":\"https:\\\/\\\/eldigitaldeasturias.com\\\/magazine365\\\/author\\\/admin\\\/#author\"},\"creator\":{\"@id\":\"https:\\\/\\\/eldigitaldeasturias.com\\\/magazine365\\\/author\\\/admin\\\/#author\"},\"image\":{\"@type\":\"ImageObject\",\"url\":\"https:\\\/\\\/eldigitaldeasturias.com\\\/magazine365\\\/wp-content\\\/uploads\\\/2015\\\/06\\\/fotonoticia_20150615122225_800.jpg\",\"@id\":\"https:\\\/\\\/eldigitaldeasturias.com\\\/magazine365\\\/los-mejores-pintxos-se-dan-cita-en-alava-este-viernes\\\/#mainImage\",\"width\":800,\"height\":518},\"primaryImageOfPage\":{\"@id\":\"https:\\\/\\\/eldigitaldeasturias.com\\\/magazine365\\\/los-mejores-pintxos-se-dan-cita-en-alava-este-viernes\\\/#mainImage\"},\"datePublished\":\"2015-06-15T23:56:50+02:00\",\"dateModified\":\"2015-06-15T23:56:50+02:00\"},{\"@type\":\"WebSite\",\"@id\":\"https:\\\/\\\/eldigitaldeasturias.com\\\/magazine365\\\/#website\",\"url\":\"https:\\\/\\\/eldigitaldeasturias.com\\\/magazine365\\\/\",\"name\":\"El Digital de Asturias\",\"description\":\"Revista de ocio, turismo y estilo de vida\",\"inLanguage\":\"es-ES\",\"publisher\":{\"@id\":\"https:\\\/\\\/eldigitaldeasturias.com\\\/magazine365\\\/#organization\"}}]}\n\t\t<\/script>\n\t\t<!-- All in One SEO Pro -->\r\n\t\t<title>Los mejores pintxos se dan cita en \u00c1lava este viernes | El Digital de Asturias<\/title>\n\n","aioseo_head_json":{"title":"Los mejores pintxos se dan cita en \u00c1lava este viernes | El Digital de Asturias","description":"El Centro Tem\u00e1tico del Vino Villa-Luc\u00eda, ubicado en la localidad de Laguardia, se convertir\u00e1 el pr\u00f3ximo viernes de nuevo en el epicentro de la innovaci\u00f3n culinaria en \u00c1lava al acoger la pr\u00f3xima parada del 'Minimal Tour Pintxos Passion'. Los amantes de la buena mesa tienen una cita con seis grandes maestros de la cocina, todos","canonical_url":"https:\/\/eldigitaldeasturias.com\/magazine365\/los-mejores-pintxos-se-dan-cita-en-alava-este-viernes\/","robots":"max-image-preview:large","keywords":"noticias y actualidad","webmasterTools":{"google-site-verification":"UA-38556648-1","miscellaneous":""},"schema":{"@context":"https:\/\/schema.org","@graph":[{"@type":"Article","@id":"https:\/\/eldigitaldeasturias.com\/magazine365\/los-mejores-pintxos-se-dan-cita-en-alava-este-viernes\/#article","name":"Los mejores pintxos se dan cita en \u00c1lava este viernes | El Digital de Asturias","headline":"Los mejores pintxos se dan cita en \u00c1lava este viernes","author":{"@id":"https:\/\/eldigitaldeasturias.com\/magazine365\/author\/admin\/#author"},"publisher":{"@id":"https:\/\/eldigitaldeasturias.com\/magazine365\/#organization"},"image":{"@type":"ImageObject","url":"https:\/\/eldigitaldeasturias.com\/magazine365\/wp-content\/uploads\/2015\/06\/fotonoticia_20150615122225_800.jpg","width":800,"height":518},"datePublished":"2015-06-15T23:56:50+02:00","dateModified":"2015-06-15T23:56:50+02:00","inLanguage":"es-ES","mainEntityOfPage":{"@id":"https:\/\/eldigitaldeasturias.com\/magazine365\/los-mejores-pintxos-se-dan-cita-en-alava-este-viernes\/#webpage"},"isPartOf":{"@id":"https:\/\/eldigitaldeasturias.com\/magazine365\/los-mejores-pintxos-se-dan-cita-en-alava-este-viernes\/#webpage"},"articleSection":"Noticias y Actualidad"},{"@type":"BreadcrumbList","@id":"https:\/\/eldigitaldeasturias.com\/magazine365\/los-mejores-pintxos-se-dan-cita-en-alava-este-viernes\/#breadcrumblist","itemListElement":[{"@type":"ListItem","@id":"https:\/\/eldigitaldeasturias.com\/magazine365#listItem","position":1,"name":"Home","item":"https:\/\/eldigitaldeasturias.com\/magazine365","nextItem":{"@type":"ListItem","@id":"https:\/\/eldigitaldeasturias.com\/magazine365\/category\/noticias-actualidad\/#listItem","name":"Noticias y Actualidad"}},{"@type":"ListItem","@id":"https:\/\/eldigitaldeasturias.com\/magazine365\/category\/noticias-actualidad\/#listItem","position":2,"name":"Noticias y Actualidad","item":"https:\/\/eldigitaldeasturias.com\/magazine365\/category\/noticias-actualidad\/","nextItem":{"@type":"ListItem","@id":"https:\/\/eldigitaldeasturias.com\/magazine365\/los-mejores-pintxos-se-dan-cita-en-alava-este-viernes\/#listItem","name":"Los mejores pintxos se dan cita en \u00c1lava este viernes"},"previousItem":{"@type":"ListItem","@id":"https:\/\/eldigitaldeasturias.com\/magazine365#listItem","name":"Home"}},{"@type":"ListItem","@id":"https:\/\/eldigitaldeasturias.com\/magazine365\/los-mejores-pintxos-se-dan-cita-en-alava-este-viernes\/#listItem","position":3,"name":"Los mejores pintxos se dan cita en \u00c1lava este viernes","previousItem":{"@type":"ListItem","@id":"https:\/\/eldigitaldeasturias.com\/magazine365\/category\/noticias-actualidad\/#listItem","name":"Noticias y Actualidad"}}]},{"@type":"Organization","@id":"https:\/\/eldigitaldeasturias.com\/magazine365\/#organization","name":"El digital de Asturias","description":"Revista de ocio, turismo y estilo de vida","url":"https:\/\/eldigitaldeasturias.com\/magazine365\/","logo":{"@type":"ImageObject","url":"https:\/\/www.eldigitaldeasturias.com\/noticias\/wp-content\/uploads\/2020\/12\/EDA.jpg","@id":"https:\/\/eldigitaldeasturias.com\/magazine365\/los-mejores-pintxos-se-dan-cita-en-alava-este-viernes\/#organizationLogo"},"image":{"@id":"https:\/\/eldigitaldeasturias.com\/magazine365\/los-mejores-pintxos-se-dan-cita-en-alava-este-viernes\/#organizationLogo"}},{"@type":"Person","@id":"https:\/\/eldigitaldeasturias.com\/magazine365\/author\/admin\/#author","url":"https:\/\/eldigitaldeasturias.com\/magazine365\/author\/admin\/","name":"admin","image":{"@type":"ImageObject","@id":"https:\/\/eldigitaldeasturias.com\/magazine365\/los-mejores-pintxos-se-dan-cita-en-alava-este-viernes\/#authorImage","url":"https:\/\/eldigitaldeasturias.com\/magazine365\/wp-content\/litespeed\/avatar\/e571bcf59a0edd6fa6838245a470f2fe.jpg?ver=1776969259","width":96,"height":96,"caption":"admin"}},{"@type":"WebPage","@id":"https:\/\/eldigitaldeasturias.com\/magazine365\/los-mejores-pintxos-se-dan-cita-en-alava-este-viernes\/#webpage","url":"https:\/\/eldigitaldeasturias.com\/magazine365\/los-mejores-pintxos-se-dan-cita-en-alava-este-viernes\/","name":"Los mejores pintxos se dan cita en \u00c1lava este viernes | El Digital de Asturias","description":"El Centro Tem\u00e1tico del Vino Villa-Luc\u00eda, ubicado en la localidad de Laguardia, se convertir\u00e1 el pr\u00f3ximo viernes de nuevo en el epicentro de la innovaci\u00f3n culinaria en \u00c1lava al acoger la pr\u00f3xima parada del 'Minimal Tour Pintxos Passion'. Los amantes de la buena mesa tienen una cita con seis grandes maestros de la cocina, todos","inLanguage":"es-ES","isPartOf":{"@id":"https:\/\/eldigitaldeasturias.com\/magazine365\/#website"},"breadcrumb":{"@id":"https:\/\/eldigitaldeasturias.com\/magazine365\/los-mejores-pintxos-se-dan-cita-en-alava-este-viernes\/#breadcrumblist"},"author":{"@id":"https:\/\/eldigitaldeasturias.com\/magazine365\/author\/admin\/#author"},"creator":{"@id":"https:\/\/eldigitaldeasturias.com\/magazine365\/author\/admin\/#author"},"image":{"@type":"ImageObject","url":"https:\/\/eldigitaldeasturias.com\/magazine365\/wp-content\/uploads\/2015\/06\/fotonoticia_20150615122225_800.jpg","@id":"https:\/\/eldigitaldeasturias.com\/magazine365\/los-mejores-pintxos-se-dan-cita-en-alava-este-viernes\/#mainImage","width":800,"height":518},"primaryImageOfPage":{"@id":"https:\/\/eldigitaldeasturias.com\/magazine365\/los-mejores-pintxos-se-dan-cita-en-alava-este-viernes\/#mainImage"},"datePublished":"2015-06-15T23:56:50+02:00","dateModified":"2015-06-15T23:56:50+02:00"},{"@type":"WebSite","@id":"https:\/\/eldigitaldeasturias.com\/magazine365\/#website","url":"https:\/\/eldigitaldeasturias.com\/magazine365\/","name":"El Digital de Asturias","description":"Revista de ocio, turismo y estilo de vida","inLanguage":"es-ES","publisher":{"@id":"https:\/\/eldigitaldeasturias.com\/magazine365\/#organization"}}]},"og:locale":"es_ES","og:site_name":"El Digital de Asturias \u2013 Revista de ocio, turismo y estilo de vida","og:type":"article","og:title":"Los mejores pintxos se dan cita en \u00c1lava este viernes | El Digital de Asturias","og:description":"El Centro Tem\u00e1tico del Vino Villa-Luc\u00eda, ubicado en la localidad de Laguardia, se convertir\u00e1 el pr\u00f3ximo viernes de nuevo en el epicentro de la innovaci\u00f3n culinaria en \u00c1lava al acoger la pr\u00f3xima parada del 'Minimal Tour Pintxos Passion'. Los amantes de la buena mesa tienen una cita con seis grandes maestros de la cocina, todos","og:url":"https:\/\/eldigitaldeasturias.com\/magazine365\/los-mejores-pintxos-se-dan-cita-en-alava-este-viernes\/","og:image":"https:\/\/eldigitaldeasturias.com\/magazine365\/wp-content\/uploads\/2015\/06\/fotonoticia_20150615122225_800.jpg","og:image:secure_url":"https:\/\/eldigitaldeasturias.com\/magazine365\/wp-content\/uploads\/2015\/06\/fotonoticia_20150615122225_800.jpg","og:image:width":800,"og:image:height":518,"article:published_time":"2015-06-15T22:26:50+00:00","article:modified_time":"2015-06-15T22:26:50+00:00","twitter:card":"summary_large_image","twitter:title":"Los mejores pintxos se dan cita en \u00c1lava este viernes | El Digital de Asturias","twitter:description":"El Centro Tem\u00e1tico del Vino Villa-Luc\u00eda, ubicado en la localidad de Laguardia, se convertir\u00e1 el pr\u00f3ximo viernes de nuevo en el epicentro de la innovaci\u00f3n culinaria en \u00c1lava al acoger la pr\u00f3xima parada del 'Minimal Tour Pintxos Passion'. Los amantes de la buena mesa tienen una cita con seis grandes maestros de la cocina, todos","twitter:image":"https:\/\/eldigitaldeasturias.com\/magazine365\/wp-content\/uploads\/2015\/06\/fotonoticia_20150615122225_800.jpg"},"aioseo_meta_data":{"post_id":"39859","title":null,"description":null,"keywords":null,"keyphrases":null,"primary_term":null,"canonical_url":null,"og_title":null,"og_description":null,"og_object_type":"default","og_image_type":"default","og_image_url":null,"og_image_width":null,"og_image_height":null,"og_image_custom_url":null,"og_image_custom_fields":null,"og_video":null,"og_custom_url":null,"og_article_section":null,"og_article_tags":null,"twitter_use_og":false,"twitter_card":"default","twitter_image_type":"default","twitter_image_url":null,"twitter_image_custom_url":null,"twitter_image_custom_fields":null,"twitter_title":null,"twitter_description":null,"schema":{"blockGraphs":[],"customGraphs":[],"default":{"data":{"Article":[],"Course":[],"Dataset":[],"FAQPage":[],"Movie":[],"Person":[],"Product":[],"ProductReview":[],"Car":[],"Recipe":[],"Service":[],"SoftwareApplication":[],"WebPage":[]},"graphName":"","isEnabled":true},"graphs":[],"defaultGraph":"","defaultPostTypeGraph":""},"schema_type":null,"schema_type_options":null,"pillar_content":false,"robots_default":true,"robots_noindex":false,"robots_noarchive":false,"robots_nosnippet":false,"robots_nofollow":false,"robots_noimageindex":false,"robots_noodp":false,"robots_notranslate":false,"robots_max_snippet":null,"robots_max_videopreview":null,"robots_max_imagepreview":"large","priority":null,"frequency":null,"location":null,"local_seo":null,"seo_analyzer_scan_date":"2025-09-19 12:28:33","breadcrumb_settings":null,"limit_modified_date":false,"open_ai":null,"ai":null,"created":"2021-03-09 02:35:43","updated":"2025-09-19 12:28:33"},"aioseo_breadcrumb":"<div class=\"aioseo-breadcrumbs\"><span class=\"aioseo-breadcrumb\">\n\t<a href=\"https:\/\/eldigitaldeasturias.com\/magazine365\" title=\"Home\">Home<\/a>\n<\/span><span class=\"aioseo-breadcrumb-separator\">\u2013<\/span><span class=\"aioseo-breadcrumb\">\n\t<a href=\"https:\/\/eldigitaldeasturias.com\/magazine365\/category\/noticias-actualidad\/\" title=\"Noticias y Actualidad\">Noticias y Actualidad<\/a>\n<\/span><span class=\"aioseo-breadcrumb-separator\">\u2013<\/span><span class=\"aioseo-breadcrumb\">\n\t<a href=\"https:\/\/eldigitaldeasturias.com\/magazine365\/los-mejores-pintxos-se-dan-cita-en-alava-este-viernes\/\" title=\"Los mejores pintxos se dan cita en \u00c1lava este viernes\">Los mejores pintxos se dan cita en \u00c1lava este viernes<\/a>\n<\/span><\/div>","aioseo_breadcrumb_json":[{"label":"Home","link":"https:\/\/eldigitaldeasturias.com\/magazine365"},{"label":"Noticias y Actualidad","link":"https:\/\/eldigitaldeasturias.com\/magazine365\/category\/noticias-actualidad\/"},{"label":"Los mejores pintxos se dan cita en \u00c1lava este viernes","link":"https:\/\/eldigitaldeasturias.com\/magazine365\/los-mejores-pintxos-se-dan-cita-en-alava-este-viernes\/"}],"_links":{"self":[{"href":"https:\/\/eldigitaldeasturias.com\/magazine365\/wp-json\/wp\/v2\/posts\/39859","targetHints":{"allow":["GET"]}}],"collection":[{"href":"https:\/\/eldigitaldeasturias.com\/magazine365\/wp-json\/wp\/v2\/posts"}],"about":[{"href":"https:\/\/eldigitaldeasturias.com\/magazine365\/wp-json\/wp\/v2\/types\/post"}],"author":[{"embeddable":true,"href":"https:\/\/eldigitaldeasturias.com\/magazine365\/wp-json\/wp\/v2\/users\/1"}],"replies":[{"embeddable":true,"href":"https:\/\/eldigitaldeasturias.com\/magazine365\/wp-json\/wp\/v2\/comments?post=39859"}],"version-history":[{"count":0,"href":"https:\/\/eldigitaldeasturias.com\/magazine365\/wp-json\/wp\/v2\/posts\/39859\/revisions"}],"wp:featuredmedia":[{"embeddable":true,"href":"https:\/\/eldigitaldeasturias.com\/magazine365\/wp-json\/wp\/v2\/media\/39860"}],"wp:attachment":[{"href":"https:\/\/eldigitaldeasturias.com\/magazine365\/wp-json\/wp\/v2\/media?parent=39859"}],"wp:term":[{"taxonomy":"category","embeddable":true,"href":"https:\/\/eldigitaldeasturias.com\/magazine365\/wp-json\/wp\/v2\/categories?post=39859"},{"taxonomy":"post_tag","embeddable":true,"href":"https:\/\/eldigitaldeasturias.com\/magazine365\/wp-json\/wp\/v2\/tags?post=39859"}],"curies":[{"name":"wp","href":"https:\/\/api.w.org\/{rel}","templated":true}]}}