{"id":39847,"date":"2015-06-15T23:47:44","date_gmt":"2015-06-15T22:17:44","guid":{"rendered":"http:\/\/eldigitaldeasturias.com\/magazine365\/?p=39847"},"modified":"2015-06-15T23:47:44","modified_gmt":"2015-06-15T22:17:44","slug":"comite-interempresas-de-airbus-pide-una-verdadera-rectificacion-que-restaure-la-credibilidad-en-la-planta-sevillana","status":"publish","type":"post","link":"https:\/\/eldigitaldeasturias.com\/magazine365\/comite-interempresas-de-airbus-pide-una-verdadera-rectificacion-que-restaure-la-credibilidad-en-la-planta-sevillana\/","title":{"rendered":"Comit\u00e9 interempresas de Airbus pide una \u00abverdadera rectificaci\u00f3n\u00bb que restaure \u00abla credibilidad\u00bb en la planta sevillana"},"content":{"rendered":"<p><img fetchpriority=\"high\" decoding=\"async\" class=\"alignleft size-medium wp-image-39848\" src=\"https:\/\/eldigitaldeasturias.com\/magazine365\/wp-content\/uploads\/2015\/06\/fotonoticia_20150615114532_800-360x258.jpg\" alt=\"fotonoticia_20150615114532_800\" width=\"360\" height=\"258\" srcset=\"https:\/\/eldigitaldeasturias.com\/magazine365\/wp-content\/uploads\/2015\/06\/fotonoticia_20150615114532_800-360x258.jpg 360w, https:\/\/eldigitaldeasturias.com\/magazine365\/wp-content\/uploads\/2015\/06\/fotonoticia_20150615114532_800-650x466.jpg 650w, https:\/\/eldigitaldeasturias.com\/magazine365\/wp-content\/uploads\/2015\/06\/fotonoticia_20150615114532_800-768x551.jpg 768w, https:\/\/eldigitaldeasturias.com\/magazine365\/wp-content\/uploads\/2015\/06\/fotonoticia_20150615114532_800-150x108.jpg 150w, https:\/\/eldigitaldeasturias.com\/magazine365\/wp-content\/uploads\/2015\/06\/fotonoticia_20150615114532_800-450x323.jpg 450w, https:\/\/eldigitaldeasturias.com\/magazine365\/wp-content\/uploads\/2015\/06\/fotonoticia_20150615114532_800-696x499.jpg 696w, https:\/\/eldigitaldeasturias.com\/magazine365\/wp-content\/uploads\/2015\/06\/fotonoticia_20150615114532_800-585x420.jpg 585w, https:\/\/eldigitaldeasturias.com\/magazine365\/wp-content\/uploads\/2015\/06\/fotonoticia_20150615114532_800.jpg 800w\" sizes=\"(max-width: 360px) 100vw, 360px\" \/>Los cinco sindicatos presentes en el comit\u00e9 interempresas de Airbus Group han exigido una rectificaci\u00f3n \u00abverdadera y genuina\u00bb de la compa\u00f1\u00eda que restaure \u00abla credibilidad\u00bb en planta sevillana tras el accidente del A400M del pasado 9 de mayo.<\/p>\n<p>As\u00ed lo se\u00f1ala en un comunicado tras aprobar una resoluci\u00f3n en la que reflexionan sobre el proceso que se inici\u00f3 tras el \u00abdesgraciado\u00bb accidente que cost\u00f3 la vida de cuatro trabajadores y provoc\u00f3 heridas de gravedad a otros dos.<\/p>\n<p>El comit\u00e9 interempresas entiende que la investigaci\u00f3n judicial es la v\u00eda leg\u00edtima para establecer \u00abcon total rigor e independencia\u00bb las causas del accidente y considera una \u00abfalta absoluta de responsabilidad y profesionalidad\u00bb el comportamiento de algunos altos directivos de la compa\u00f1\u00eda, que \u00ablanzaron injustas acusaciones y atribuciones de culpabilidad al centro de Sevilla, da\u00f1ando la imagen de la propia empresa y provocando un clima de enorme malestar e indignaci\u00f3n entre los trabajadores\u00bb.<\/p>\n<p>Tambi\u00e9n apunta que nada m\u00e1s conocerse el accidente del A400M en Sevilla, la representaci\u00f3n sindical en la empresa, \u00aben un ejercicio de responsabilidad, se abstuvo de acudir a los medios de comunicaci\u00f3n para hacer comentarios, valoraciones o declaraciones al respecto, para no generar mayor confusi\u00f3n y da\u00f1ar la imagen de los programas y de la actividad industrial de Airbus, de manera que dej\u00f3 el caso en manos de la investigaci\u00f3n judicial\u00bb.<\/p>\n<p>\u00abLamentablemente, no hicieron lo mismo algunos de los m\u00e1s altos directivos de la compa\u00f1\u00eda. En la resoluci\u00f3n que aprob\u00f3 el comit\u00e9 interempresas se cuestiona lo ocurrido y se exige una verdadera rectificaci\u00f3n\u00bb, ha subrayado.<\/p>\n<p>Aunque las opiniones del directivo alem\u00e1n se vieron \u00abdesautorizadas y desmentidas\u00bb por los leg\u00edtimos portavoces de la compa\u00f1\u00eda, e incluso por el propio consejero delegado, los cinco sindicatos con representaci\u00f3n en la multinacional aeron\u00e1utica creen que se hizo de forma \u00abtan sutil que no consiguieron corregir ni mitigar el verdadero da\u00f1o ocasionado\u00bb.<\/p>\n<p>En la resoluci\u00f3n afirman que la empresa, \u00abpierde toda su credibilidad\u00bb cuando reclama una determinada actuaci\u00f3n al conjunto de personas que componen la empresa y despu\u00e9s, \u00ablejos de predicar con el ejemplo\u00bb, son algunos de sus propios miembros \u00abquienes act\u00faan en una direcci\u00f3n contraria a lo que propugnan\u00bb.<\/p>\n<p>El Comit\u00e9 Interempresas de Airbus Group recuerda que este tipo de declaraciones \u00abno hacen otra cosa que erosionar y poner en cuesti\u00f3n el cr\u00e9dito obtenido con m\u00e1s de 90 a\u00f1os de muy buen hacer profesional en nuestra actividad en Espa\u00f1a\u00bb, por lo que suponen \u00abuna amenaza impl\u00edcita\u00bb al futuro de las capacidades industriales. Por eso entienden que hay que ser \u00abextremadamente sensibles a esta situaci\u00f3n\u00bb.<\/p>\n","protected":false},"excerpt":{"rendered":"<p>Los cinco sindicatos presentes en el comit\u00e9 interempresas de Airbus Group han exigido una rectificaci\u00f3n \u00abverdadera y genuina\u00bb de la compa\u00f1\u00eda que restaure \u00abla credibilidad\u00bb en planta sevillana tras el accidente del A400M del pasado 9 de mayo. As\u00ed lo se\u00f1ala en un comunicado tras aprobar una resoluci\u00f3n en la que reflexionan sobre el proceso<\/p>\n","protected":false},"author":1,"featured_media":39848,"comment_status":"open","ping_status":"closed","sticky":false,"template":"","format":"standard","meta":{"footnotes":""},"categories":[224],"tags":[],"class_list":{"0":"post-39847","1":"post","2":"type-post","3":"status-publish","4":"format-standard","5":"has-post-thumbnail","7":"category-noticias-actualidad"},"aioseo_notices":[],"aioseo_head":"\n\t\t<!-- All in One SEO Pro 4.9.6.1 - aioseo.com -->\n\t<meta name=\"description\" content=\"Los cinco sindicatos presentes en el comit\u00e9 interempresas de Airbus Group han exigido una rectificaci\u00f3n &quot;verdadera y genuina&quot; de la compa\u00f1\u00eda que restaure &quot;la credibilidad&quot; en planta sevillana tras el accidente del A400M del pasado 9 de mayo. As\u00ed lo se\u00f1ala en un comunicado tras aprobar una resoluci\u00f3n en la que reflexionan sobre el proceso\" \/>\n\t<meta name=\"robots\" content=\"max-image-preview:large\" \/>\n\t<meta name=\"author\" content=\"admin\"\/>\n\t<meta name=\"google-site-verification\" content=\"UA-38556648-1\" \/>\n\t<meta name=\"keywords\" content=\"noticias y actualidad\" \/>\n\t<link rel=\"canonical\" href=\"https:\/\/eldigitaldeasturias.com\/magazine365\/comite-interempresas-de-airbus-pide-una-verdadera-rectificacion-que-restaure-la-credibilidad-en-la-planta-sevillana\/\" \/>\n\t<meta name=\"generator\" content=\"All in One SEO Pro (AIOSEO) 4.9.6.1\" \/>\n\t\t<meta property=\"og:locale\" content=\"es_ES\" \/>\n\t\t<meta property=\"og:site_name\" content=\"El Digital de Asturias \u2013 Revista de ocio, turismo y estilo de vida\" \/>\n\t\t<meta property=\"og:type\" content=\"article\" \/>\n\t\t<meta property=\"og:title\" content=\"Comit\u00e9 interempresas de Airbus pide una \u00abverdadera rectificaci\u00f3n\u00bb que restaure \u00abla credibilidad\u00bb en la planta sevillana | El Digital de Asturias\" \/>\n\t\t<meta property=\"og:description\" content=\"Los cinco sindicatos presentes en el comit\u00e9 interempresas de Airbus Group han exigido una rectificaci\u00f3n &quot;verdadera y genuina&quot; de la compa\u00f1\u00eda que restaure &quot;la credibilidad&quot; en planta sevillana tras el accidente del A400M del pasado 9 de mayo. As\u00ed lo se\u00f1ala en un comunicado tras aprobar una resoluci\u00f3n en la que reflexionan sobre el proceso\" \/>\n\t\t<meta property=\"og:url\" content=\"https:\/\/eldigitaldeasturias.com\/magazine365\/comite-interempresas-de-airbus-pide-una-verdadera-rectificacion-que-restaure-la-credibilidad-en-la-planta-sevillana\/\" \/>\n\t\t<meta property=\"og:image\" content=\"https:\/\/eldigitaldeasturias.com\/magazine365\/wp-content\/uploads\/2015\/06\/fotonoticia_20150615114532_800.jpg\" \/>\n\t\t<meta property=\"og:image:secure_url\" content=\"https:\/\/eldigitaldeasturias.com\/magazine365\/wp-content\/uploads\/2015\/06\/fotonoticia_20150615114532_800.jpg\" \/>\n\t\t<meta property=\"og:image:width\" content=\"800\" \/>\n\t\t<meta property=\"og:image:height\" content=\"574\" \/>\n\t\t<meta property=\"article:published_time\" content=\"2015-06-15T22:17:44+00:00\" \/>\n\t\t<meta property=\"article:modified_time\" content=\"2015-06-15T22:17:44+00:00\" \/>\n\t\t<meta name=\"twitter:card\" content=\"summary_large_image\" \/>\n\t\t<meta name=\"twitter:title\" content=\"Comit\u00e9 interempresas de Airbus pide una \u00abverdadera rectificaci\u00f3n\u00bb que restaure \u00abla credibilidad\u00bb en la planta sevillana | El Digital de Asturias\" \/>\n\t\t<meta name=\"twitter:description\" content=\"Los cinco sindicatos presentes en el comit\u00e9 interempresas de Airbus Group han exigido una rectificaci\u00f3n &quot;verdadera y genuina&quot; de la compa\u00f1\u00eda que restaure &quot;la credibilidad&quot; en planta sevillana tras el accidente del A400M del pasado 9 de mayo. As\u00ed lo se\u00f1ala en un comunicado tras aprobar una resoluci\u00f3n en la que reflexionan sobre el proceso\" \/>\n\t\t<meta name=\"twitter:image\" content=\"https:\/\/eldigitaldeasturias.com\/magazine365\/wp-content\/uploads\/2015\/06\/fotonoticia_20150615114532_800.jpg\" \/>\n\t\t<script type=\"application\/ld+json\" class=\"aioseo-schema\">\n\t\t\t{\"@context\":\"https:\\\/\\\/schema.org\",\"@graph\":[{\"@type\":\"Article\",\"@id\":\"https:\\\/\\\/eldigitaldeasturias.com\\\/magazine365\\\/comite-interempresas-de-airbus-pide-una-verdadera-rectificacion-que-restaure-la-credibilidad-en-la-planta-sevillana\\\/#article\",\"name\":\"Comit\\u00e9 interempresas de Airbus pide una \\u00abverdadera rectificaci\\u00f3n\\u00bb que restaure \\u00abla credibilidad\\u00bb en la planta sevillana | El Digital de Asturias\",\"headline\":\"Comit\\u00e9 interempresas de Airbus pide una \\u00abverdadera rectificaci\\u00f3n\\u00bb que restaure \\u00abla credibilidad\\u00bb en la planta sevillana\",\"author\":{\"@id\":\"https:\\\/\\\/eldigitaldeasturias.com\\\/magazine365\\\/author\\\/admin\\\/#author\"},\"publisher\":{\"@id\":\"https:\\\/\\\/eldigitaldeasturias.com\\\/magazine365\\\/#organization\"},\"image\":{\"@type\":\"ImageObject\",\"url\":\"https:\\\/\\\/eldigitaldeasturias.com\\\/magazine365\\\/wp-content\\\/uploads\\\/2015\\\/06\\\/fotonoticia_20150615114532_800.jpg\",\"width\":800,\"height\":574},\"datePublished\":\"2015-06-15T23:47:44+02:00\",\"dateModified\":\"2015-06-15T23:47:44+02:00\",\"inLanguage\":\"es-ES\",\"mainEntityOfPage\":{\"@id\":\"https:\\\/\\\/eldigitaldeasturias.com\\\/magazine365\\\/comite-interempresas-de-airbus-pide-una-verdadera-rectificacion-que-restaure-la-credibilidad-en-la-planta-sevillana\\\/#webpage\"},\"isPartOf\":{\"@id\":\"https:\\\/\\\/eldigitaldeasturias.com\\\/magazine365\\\/comite-interempresas-de-airbus-pide-una-verdadera-rectificacion-que-restaure-la-credibilidad-en-la-planta-sevillana\\\/#webpage\"},\"articleSection\":\"Noticias y Actualidad\"},{\"@type\":\"BreadcrumbList\",\"@id\":\"https:\\\/\\\/eldigitaldeasturias.com\\\/magazine365\\\/comite-interempresas-de-airbus-pide-una-verdadera-rectificacion-que-restaure-la-credibilidad-en-la-planta-sevillana\\\/#breadcrumblist\",\"itemListElement\":[{\"@type\":\"ListItem\",\"@id\":\"https:\\\/\\\/eldigitaldeasturias.com\\\/magazine365#listItem\",\"position\":1,\"name\":\"Home\",\"item\":\"https:\\\/\\\/eldigitaldeasturias.com\\\/magazine365\",\"nextItem\":{\"@type\":\"ListItem\",\"@id\":\"https:\\\/\\\/eldigitaldeasturias.com\\\/magazine365\\\/category\\\/noticias-actualidad\\\/#listItem\",\"name\":\"Noticias y Actualidad\"}},{\"@type\":\"ListItem\",\"@id\":\"https:\\\/\\\/eldigitaldeasturias.com\\\/magazine365\\\/category\\\/noticias-actualidad\\\/#listItem\",\"position\":2,\"name\":\"Noticias y Actualidad\",\"item\":\"https:\\\/\\\/eldigitaldeasturias.com\\\/magazine365\\\/category\\\/noticias-actualidad\\\/\",\"nextItem\":{\"@type\":\"ListItem\",\"@id\":\"https:\\\/\\\/eldigitaldeasturias.com\\\/magazine365\\\/comite-interempresas-de-airbus-pide-una-verdadera-rectificacion-que-restaure-la-credibilidad-en-la-planta-sevillana\\\/#listItem\",\"name\":\"Comit\\u00e9 interempresas de Airbus pide una \\u00abverdadera rectificaci\\u00f3n\\u00bb que restaure \\u00abla credibilidad\\u00bb en la planta sevillana\"},\"previousItem\":{\"@type\":\"ListItem\",\"@id\":\"https:\\\/\\\/eldigitaldeasturias.com\\\/magazine365#listItem\",\"name\":\"Home\"}},{\"@type\":\"ListItem\",\"@id\":\"https:\\\/\\\/eldigitaldeasturias.com\\\/magazine365\\\/comite-interempresas-de-airbus-pide-una-verdadera-rectificacion-que-restaure-la-credibilidad-en-la-planta-sevillana\\\/#listItem\",\"position\":3,\"name\":\"Comit\\u00e9 interempresas de Airbus pide una \\u00abverdadera rectificaci\\u00f3n\\u00bb que restaure \\u00abla credibilidad\\u00bb en la planta sevillana\",\"previousItem\":{\"@type\":\"ListItem\",\"@id\":\"https:\\\/\\\/eldigitaldeasturias.com\\\/magazine365\\\/category\\\/noticias-actualidad\\\/#listItem\",\"name\":\"Noticias y Actualidad\"}}]},{\"@type\":\"Organization\",\"@id\":\"https:\\\/\\\/eldigitaldeasturias.com\\\/magazine365\\\/#organization\",\"name\":\"El digital de Asturias\",\"description\":\"Revista de ocio, turismo y estilo de vida\",\"url\":\"https:\\\/\\\/eldigitaldeasturias.com\\\/magazine365\\\/\",\"logo\":{\"@type\":\"ImageObject\",\"url\":\"https:\\\/\\\/www.eldigitaldeasturias.com\\\/noticias\\\/wp-content\\\/uploads\\\/2020\\\/12\\\/EDA.jpg\",\"@id\":\"https:\\\/\\\/eldigitaldeasturias.com\\\/magazine365\\\/comite-interempresas-de-airbus-pide-una-verdadera-rectificacion-que-restaure-la-credibilidad-en-la-planta-sevillana\\\/#organizationLogo\"},\"image\":{\"@id\":\"https:\\\/\\\/eldigitaldeasturias.com\\\/magazine365\\\/comite-interempresas-de-airbus-pide-una-verdadera-rectificacion-que-restaure-la-credibilidad-en-la-planta-sevillana\\\/#organizationLogo\"}},{\"@type\":\"Person\",\"@id\":\"https:\\\/\\\/eldigitaldeasturias.com\\\/magazine365\\\/author\\\/admin\\\/#author\",\"url\":\"https:\\\/\\\/eldigitaldeasturias.com\\\/magazine365\\\/author\\\/admin\\\/\",\"name\":\"admin\",\"image\":{\"@type\":\"ImageObject\",\"@id\":\"https:\\\/\\\/eldigitaldeasturias.com\\\/magazine365\\\/comite-interempresas-de-airbus-pide-una-verdadera-rectificacion-que-restaure-la-credibilidad-en-la-planta-sevillana\\\/#authorImage\",\"url\":\"https:\\\/\\\/eldigitaldeasturias.com\\\/magazine365\\\/wp-content\\\/litespeed\\\/avatar\\\/e571bcf59a0edd6fa6838245a470f2fe.jpg?ver=1776969259\",\"width\":96,\"height\":96,\"caption\":\"admin\"}},{\"@type\":\"WebPage\",\"@id\":\"https:\\\/\\\/eldigitaldeasturias.com\\\/magazine365\\\/comite-interempresas-de-airbus-pide-una-verdadera-rectificacion-que-restaure-la-credibilidad-en-la-planta-sevillana\\\/#webpage\",\"url\":\"https:\\\/\\\/eldigitaldeasturias.com\\\/magazine365\\\/comite-interempresas-de-airbus-pide-una-verdadera-rectificacion-que-restaure-la-credibilidad-en-la-planta-sevillana\\\/\",\"name\":\"Comit\\u00e9 interempresas de Airbus pide una \\u00abverdadera rectificaci\\u00f3n\\u00bb que restaure \\u00abla credibilidad\\u00bb en la planta sevillana | El Digital de Asturias\",\"description\":\"Los cinco sindicatos presentes en el comit\\u00e9 interempresas de Airbus Group han exigido una rectificaci\\u00f3n \\\"verdadera y genuina\\\" de la compa\\u00f1\\u00eda que restaure \\\"la credibilidad\\\" en planta sevillana tras el accidente del A400M del pasado 9 de mayo. As\\u00ed lo se\\u00f1ala en un comunicado tras aprobar una resoluci\\u00f3n en la que reflexionan sobre el proceso\",\"inLanguage\":\"es-ES\",\"isPartOf\":{\"@id\":\"https:\\\/\\\/eldigitaldeasturias.com\\\/magazine365\\\/#website\"},\"breadcrumb\":{\"@id\":\"https:\\\/\\\/eldigitaldeasturias.com\\\/magazine365\\\/comite-interempresas-de-airbus-pide-una-verdadera-rectificacion-que-restaure-la-credibilidad-en-la-planta-sevillana\\\/#breadcrumblist\"},\"author\":{\"@id\":\"https:\\\/\\\/eldigitaldeasturias.com\\\/magazine365\\\/author\\\/admin\\\/#author\"},\"creator\":{\"@id\":\"https:\\\/\\\/eldigitaldeasturias.com\\\/magazine365\\\/author\\\/admin\\\/#author\"},\"image\":{\"@type\":\"ImageObject\",\"url\":\"https:\\\/\\\/eldigitaldeasturias.com\\\/magazine365\\\/wp-content\\\/uploads\\\/2015\\\/06\\\/fotonoticia_20150615114532_800.jpg\",\"@id\":\"https:\\\/\\\/eldigitaldeasturias.com\\\/magazine365\\\/comite-interempresas-de-airbus-pide-una-verdadera-rectificacion-que-restaure-la-credibilidad-en-la-planta-sevillana\\\/#mainImage\",\"width\":800,\"height\":574},\"primaryImageOfPage\":{\"@id\":\"https:\\\/\\\/eldigitaldeasturias.com\\\/magazine365\\\/comite-interempresas-de-airbus-pide-una-verdadera-rectificacion-que-restaure-la-credibilidad-en-la-planta-sevillana\\\/#mainImage\"},\"datePublished\":\"2015-06-15T23:47:44+02:00\",\"dateModified\":\"2015-06-15T23:47:44+02:00\"},{\"@type\":\"WebSite\",\"@id\":\"https:\\\/\\\/eldigitaldeasturias.com\\\/magazine365\\\/#website\",\"url\":\"https:\\\/\\\/eldigitaldeasturias.com\\\/magazine365\\\/\",\"name\":\"El Digital de Asturias\",\"description\":\"Revista de ocio, turismo y estilo de vida\",\"inLanguage\":\"es-ES\",\"publisher\":{\"@id\":\"https:\\\/\\\/eldigitaldeasturias.com\\\/magazine365\\\/#organization\"}}]}\n\t\t<\/script>\n\t\t<!-- All in One SEO Pro -->\r\n\t\t<title>Comit\u00e9 interempresas de Airbus pide una \u00abverdadera rectificaci\u00f3n\u00bb que restaure \u00abla credibilidad\u00bb en la planta sevillana | El Digital de Asturias<\/title>\n\n","aioseo_head_json":{"title":"Comit\u00e9 interempresas de Airbus pide una \u00abverdadera rectificaci\u00f3n\u00bb que restaure \u00abla credibilidad\u00bb en la planta sevillana | El Digital de Asturias","description":"Los cinco sindicatos presentes en el comit\u00e9 interempresas de Airbus Group han exigido una rectificaci\u00f3n \"verdadera y genuina\" de la compa\u00f1\u00eda que restaure \"la credibilidad\" en planta sevillana tras el accidente del A400M del pasado 9 de mayo. As\u00ed lo se\u00f1ala en un comunicado tras aprobar una resoluci\u00f3n en la que reflexionan sobre el proceso","canonical_url":"https:\/\/eldigitaldeasturias.com\/magazine365\/comite-interempresas-de-airbus-pide-una-verdadera-rectificacion-que-restaure-la-credibilidad-en-la-planta-sevillana\/","robots":"max-image-preview:large","keywords":"noticias y actualidad","webmasterTools":{"google-site-verification":"UA-38556648-1","miscellaneous":""},"schema":{"@context":"https:\/\/schema.org","@graph":[{"@type":"Article","@id":"https:\/\/eldigitaldeasturias.com\/magazine365\/comite-interempresas-de-airbus-pide-una-verdadera-rectificacion-que-restaure-la-credibilidad-en-la-planta-sevillana\/#article","name":"Comit\u00e9 interempresas de Airbus pide una \u00abverdadera rectificaci\u00f3n\u00bb que restaure \u00abla credibilidad\u00bb en la planta sevillana | El Digital de Asturias","headline":"Comit\u00e9 interempresas de Airbus pide una \u00abverdadera rectificaci\u00f3n\u00bb que restaure \u00abla credibilidad\u00bb en la planta sevillana","author":{"@id":"https:\/\/eldigitaldeasturias.com\/magazine365\/author\/admin\/#author"},"publisher":{"@id":"https:\/\/eldigitaldeasturias.com\/magazine365\/#organization"},"image":{"@type":"ImageObject","url":"https:\/\/eldigitaldeasturias.com\/magazine365\/wp-content\/uploads\/2015\/06\/fotonoticia_20150615114532_800.jpg","width":800,"height":574},"datePublished":"2015-06-15T23:47:44+02:00","dateModified":"2015-06-15T23:47:44+02:00","inLanguage":"es-ES","mainEntityOfPage":{"@id":"https:\/\/eldigitaldeasturias.com\/magazine365\/comite-interempresas-de-airbus-pide-una-verdadera-rectificacion-que-restaure-la-credibilidad-en-la-planta-sevillana\/#webpage"},"isPartOf":{"@id":"https:\/\/eldigitaldeasturias.com\/magazine365\/comite-interempresas-de-airbus-pide-una-verdadera-rectificacion-que-restaure-la-credibilidad-en-la-planta-sevillana\/#webpage"},"articleSection":"Noticias y Actualidad"},{"@type":"BreadcrumbList","@id":"https:\/\/eldigitaldeasturias.com\/magazine365\/comite-interempresas-de-airbus-pide-una-verdadera-rectificacion-que-restaure-la-credibilidad-en-la-planta-sevillana\/#breadcrumblist","itemListElement":[{"@type":"ListItem","@id":"https:\/\/eldigitaldeasturias.com\/magazine365#listItem","position":1,"name":"Home","item":"https:\/\/eldigitaldeasturias.com\/magazine365","nextItem":{"@type":"ListItem","@id":"https:\/\/eldigitaldeasturias.com\/magazine365\/category\/noticias-actualidad\/#listItem","name":"Noticias y Actualidad"}},{"@type":"ListItem","@id":"https:\/\/eldigitaldeasturias.com\/magazine365\/category\/noticias-actualidad\/#listItem","position":2,"name":"Noticias y Actualidad","item":"https:\/\/eldigitaldeasturias.com\/magazine365\/category\/noticias-actualidad\/","nextItem":{"@type":"ListItem","@id":"https:\/\/eldigitaldeasturias.com\/magazine365\/comite-interempresas-de-airbus-pide-una-verdadera-rectificacion-que-restaure-la-credibilidad-en-la-planta-sevillana\/#listItem","name":"Comit\u00e9 interempresas de Airbus pide una \u00abverdadera rectificaci\u00f3n\u00bb que restaure \u00abla credibilidad\u00bb en la planta sevillana"},"previousItem":{"@type":"ListItem","@id":"https:\/\/eldigitaldeasturias.com\/magazine365#listItem","name":"Home"}},{"@type":"ListItem","@id":"https:\/\/eldigitaldeasturias.com\/magazine365\/comite-interempresas-de-airbus-pide-una-verdadera-rectificacion-que-restaure-la-credibilidad-en-la-planta-sevillana\/#listItem","position":3,"name":"Comit\u00e9 interempresas de Airbus pide una \u00abverdadera rectificaci\u00f3n\u00bb que restaure \u00abla credibilidad\u00bb en la planta sevillana","previousItem":{"@type":"ListItem","@id":"https:\/\/eldigitaldeasturias.com\/magazine365\/category\/noticias-actualidad\/#listItem","name":"Noticias y Actualidad"}}]},{"@type":"Organization","@id":"https:\/\/eldigitaldeasturias.com\/magazine365\/#organization","name":"El digital de Asturias","description":"Revista de ocio, turismo y estilo de vida","url":"https:\/\/eldigitaldeasturias.com\/magazine365\/","logo":{"@type":"ImageObject","url":"https:\/\/www.eldigitaldeasturias.com\/noticias\/wp-content\/uploads\/2020\/12\/EDA.jpg","@id":"https:\/\/eldigitaldeasturias.com\/magazine365\/comite-interempresas-de-airbus-pide-una-verdadera-rectificacion-que-restaure-la-credibilidad-en-la-planta-sevillana\/#organizationLogo"},"image":{"@id":"https:\/\/eldigitaldeasturias.com\/magazine365\/comite-interempresas-de-airbus-pide-una-verdadera-rectificacion-que-restaure-la-credibilidad-en-la-planta-sevillana\/#organizationLogo"}},{"@type":"Person","@id":"https:\/\/eldigitaldeasturias.com\/magazine365\/author\/admin\/#author","url":"https:\/\/eldigitaldeasturias.com\/magazine365\/author\/admin\/","name":"admin","image":{"@type":"ImageObject","@id":"https:\/\/eldigitaldeasturias.com\/magazine365\/comite-interempresas-de-airbus-pide-una-verdadera-rectificacion-que-restaure-la-credibilidad-en-la-planta-sevillana\/#authorImage","url":"https:\/\/eldigitaldeasturias.com\/magazine365\/wp-content\/litespeed\/avatar\/e571bcf59a0edd6fa6838245a470f2fe.jpg?ver=1776969259","width":96,"height":96,"caption":"admin"}},{"@type":"WebPage","@id":"https:\/\/eldigitaldeasturias.com\/magazine365\/comite-interempresas-de-airbus-pide-una-verdadera-rectificacion-que-restaure-la-credibilidad-en-la-planta-sevillana\/#webpage","url":"https:\/\/eldigitaldeasturias.com\/magazine365\/comite-interempresas-de-airbus-pide-una-verdadera-rectificacion-que-restaure-la-credibilidad-en-la-planta-sevillana\/","name":"Comit\u00e9 interempresas de Airbus pide una \u00abverdadera rectificaci\u00f3n\u00bb que restaure \u00abla credibilidad\u00bb en la planta sevillana | El Digital de Asturias","description":"Los cinco sindicatos presentes en el comit\u00e9 interempresas de Airbus Group han exigido una rectificaci\u00f3n \"verdadera y genuina\" de la compa\u00f1\u00eda que restaure \"la credibilidad\" en planta sevillana tras el accidente del A400M del pasado 9 de mayo. As\u00ed lo se\u00f1ala en un comunicado tras aprobar una resoluci\u00f3n en la que reflexionan sobre el proceso","inLanguage":"es-ES","isPartOf":{"@id":"https:\/\/eldigitaldeasturias.com\/magazine365\/#website"},"breadcrumb":{"@id":"https:\/\/eldigitaldeasturias.com\/magazine365\/comite-interempresas-de-airbus-pide-una-verdadera-rectificacion-que-restaure-la-credibilidad-en-la-planta-sevillana\/#breadcrumblist"},"author":{"@id":"https:\/\/eldigitaldeasturias.com\/magazine365\/author\/admin\/#author"},"creator":{"@id":"https:\/\/eldigitaldeasturias.com\/magazine365\/author\/admin\/#author"},"image":{"@type":"ImageObject","url":"https:\/\/eldigitaldeasturias.com\/magazine365\/wp-content\/uploads\/2015\/06\/fotonoticia_20150615114532_800.jpg","@id":"https:\/\/eldigitaldeasturias.com\/magazine365\/comite-interempresas-de-airbus-pide-una-verdadera-rectificacion-que-restaure-la-credibilidad-en-la-planta-sevillana\/#mainImage","width":800,"height":574},"primaryImageOfPage":{"@id":"https:\/\/eldigitaldeasturias.com\/magazine365\/comite-interempresas-de-airbus-pide-una-verdadera-rectificacion-que-restaure-la-credibilidad-en-la-planta-sevillana\/#mainImage"},"datePublished":"2015-06-15T23:47:44+02:00","dateModified":"2015-06-15T23:47:44+02:00"},{"@type":"WebSite","@id":"https:\/\/eldigitaldeasturias.com\/magazine365\/#website","url":"https:\/\/eldigitaldeasturias.com\/magazine365\/","name":"El Digital de Asturias","description":"Revista de ocio, turismo y estilo de vida","inLanguage":"es-ES","publisher":{"@id":"https:\/\/eldigitaldeasturias.com\/magazine365\/#organization"}}]},"og:locale":"es_ES","og:site_name":"El Digital de Asturias \u2013 Revista de ocio, turismo y estilo de vida","og:type":"article","og:title":"Comit\u00e9 interempresas de Airbus pide una \u00abverdadera rectificaci\u00f3n\u00bb que restaure \u00abla credibilidad\u00bb en la planta sevillana | El Digital de Asturias","og:description":"Los cinco sindicatos presentes en el comit\u00e9 interempresas de Airbus Group han exigido una rectificaci\u00f3n &quot;verdadera y genuina&quot; de la compa\u00f1\u00eda que restaure &quot;la credibilidad&quot; en planta sevillana tras el accidente del A400M del pasado 9 de mayo. As\u00ed lo se\u00f1ala en un comunicado tras aprobar una resoluci\u00f3n en la que reflexionan sobre el proceso","og:url":"https:\/\/eldigitaldeasturias.com\/magazine365\/comite-interempresas-de-airbus-pide-una-verdadera-rectificacion-que-restaure-la-credibilidad-en-la-planta-sevillana\/","og:image":"https:\/\/eldigitaldeasturias.com\/magazine365\/wp-content\/uploads\/2015\/06\/fotonoticia_20150615114532_800.jpg","og:image:secure_url":"https:\/\/eldigitaldeasturias.com\/magazine365\/wp-content\/uploads\/2015\/06\/fotonoticia_20150615114532_800.jpg","og:image:width":800,"og:image:height":574,"article:published_time":"2015-06-15T22:17:44+00:00","article:modified_time":"2015-06-15T22:17:44+00:00","twitter:card":"summary_large_image","twitter:title":"Comit\u00e9 interempresas de Airbus pide una \u00abverdadera rectificaci\u00f3n\u00bb que restaure \u00abla credibilidad\u00bb en la planta sevillana | El Digital de Asturias","twitter:description":"Los cinco sindicatos presentes en el comit\u00e9 interempresas de Airbus Group han exigido una rectificaci\u00f3n &quot;verdadera y genuina&quot; de la compa\u00f1\u00eda que restaure &quot;la credibilidad&quot; en planta sevillana tras el accidente del A400M del pasado 9 de mayo. As\u00ed lo se\u00f1ala en un comunicado tras aprobar una resoluci\u00f3n en la que reflexionan sobre el proceso","twitter:image":"https:\/\/eldigitaldeasturias.com\/magazine365\/wp-content\/uploads\/2015\/06\/fotonoticia_20150615114532_800.jpg"},"aioseo_meta_data":{"post_id":"39847","title":null,"description":null,"keywords":null,"keyphrases":null,"primary_term":null,"canonical_url":null,"og_title":null,"og_description":null,"og_object_type":"default","og_image_type":"default","og_image_url":null,"og_image_width":null,"og_image_height":null,"og_image_custom_url":null,"og_image_custom_fields":null,"og_video":null,"og_custom_url":null,"og_article_section":null,"og_article_tags":null,"twitter_use_og":false,"twitter_card":"default","twitter_image_type":"default","twitter_image_url":null,"twitter_image_custom_url":null,"twitter_image_custom_fields":null,"twitter_title":null,"twitter_description":null,"schema":{"blockGraphs":[],"customGraphs":[],"default":{"data":{"Article":[],"Course":[],"Dataset":[],"FAQPage":[],"Movie":[],"Person":[],"Product":[],"ProductReview":[],"Car":[],"Recipe":[],"Service":[],"SoftwareApplication":[],"WebPage":[]},"graphName":"","isEnabled":true},"graphs":[],"defaultGraph":"","defaultPostTypeGraph":""},"schema_type":null,"schema_type_options":null,"pillar_content":false,"robots_default":true,"robots_noindex":false,"robots_noarchive":false,"robots_nosnippet":false,"robots_nofollow":false,"robots_noimageindex":false,"robots_noodp":false,"robots_notranslate":false,"robots_max_snippet":null,"robots_max_videopreview":null,"robots_max_imagepreview":"large","priority":null,"frequency":null,"location":null,"local_seo":null,"seo_analyzer_scan_date":"2025-09-19 12:26:56","breadcrumb_settings":null,"limit_modified_date":false,"open_ai":null,"ai":null,"created":"2021-03-09 02:35:43","updated":"2025-09-19 12:26:56"},"aioseo_breadcrumb":"<div class=\"aioseo-breadcrumbs\"><span class=\"aioseo-breadcrumb\">\n\t<a href=\"https:\/\/eldigitaldeasturias.com\/magazine365\" title=\"Home\">Home<\/a>\n<\/span><span class=\"aioseo-breadcrumb-separator\">\u2013<\/span><span class=\"aioseo-breadcrumb\">\n\t<a href=\"https:\/\/eldigitaldeasturias.com\/magazine365\/category\/noticias-actualidad\/\" title=\"Noticias y Actualidad\">Noticias y Actualidad<\/a>\n<\/span><span class=\"aioseo-breadcrumb-separator\">\u2013<\/span><span class=\"aioseo-breadcrumb\">\n\t<a href=\"https:\/\/eldigitaldeasturias.com\/magazine365\/comite-interempresas-de-airbus-pide-una-verdadera-rectificacion-que-restaure-la-credibilidad-en-la-planta-sevillana\/\" title=\"Comit\u00e9 interempresas de Airbus pide una \u00abverdadera rectificaci\u00f3n\u00bb que restaure \u00abla credibilidad\u00bb en la planta sevillana\">Comit\u00e9 interempresas de Airbus pide una \u00abverdadera rectificaci\u00f3n\u00bb que restaure \u00abla credibilidad\u00bb en la planta sevillana<\/a>\n<\/span><\/div>","aioseo_breadcrumb_json":[{"label":"Home","link":"https:\/\/eldigitaldeasturias.com\/magazine365"},{"label":"Noticias y Actualidad","link":"https:\/\/eldigitaldeasturias.com\/magazine365\/category\/noticias-actualidad\/"},{"label":"Comit\u00e9 interempresas de Airbus pide una \u00abverdadera rectificaci\u00f3n\u00bb que restaure \u00abla credibilidad\u00bb en la planta sevillana","link":"https:\/\/eldigitaldeasturias.com\/magazine365\/comite-interempresas-de-airbus-pide-una-verdadera-rectificacion-que-restaure-la-credibilidad-en-la-planta-sevillana\/"}],"_links":{"self":[{"href":"https:\/\/eldigitaldeasturias.com\/magazine365\/wp-json\/wp\/v2\/posts\/39847","targetHints":{"allow":["GET"]}}],"collection":[{"href":"https:\/\/eldigitaldeasturias.com\/magazine365\/wp-json\/wp\/v2\/posts"}],"about":[{"href":"https:\/\/eldigitaldeasturias.com\/magazine365\/wp-json\/wp\/v2\/types\/post"}],"author":[{"embeddable":true,"href":"https:\/\/eldigitaldeasturias.com\/magazine365\/wp-json\/wp\/v2\/users\/1"}],"replies":[{"embeddable":true,"href":"https:\/\/eldigitaldeasturias.com\/magazine365\/wp-json\/wp\/v2\/comments?post=39847"}],"version-history":[{"count":0,"href":"https:\/\/eldigitaldeasturias.com\/magazine365\/wp-json\/wp\/v2\/posts\/39847\/revisions"}],"wp:featuredmedia":[{"embeddable":true,"href":"https:\/\/eldigitaldeasturias.com\/magazine365\/wp-json\/wp\/v2\/media\/39848"}],"wp:attachment":[{"href":"https:\/\/eldigitaldeasturias.com\/magazine365\/wp-json\/wp\/v2\/media?parent=39847"}],"wp:term":[{"taxonomy":"category","embeddable":true,"href":"https:\/\/eldigitaldeasturias.com\/magazine365\/wp-json\/wp\/v2\/categories?post=39847"},{"taxonomy":"post_tag","embeddable":true,"href":"https:\/\/eldigitaldeasturias.com\/magazine365\/wp-json\/wp\/v2\/tags?post=39847"}],"curies":[{"name":"wp","href":"https:\/\/api.w.org\/{rel}","templated":true}]}}