{"id":39838,"date":"2015-06-15T23:43:00","date_gmt":"2015-06-15T22:13:00","guid":{"rendered":"http:\/\/eldigitaldeasturias.com\/magazine365\/?p=39838"},"modified":"2015-06-15T23:43:00","modified_gmt":"2015-06-15T22:13:00","slug":"los-vigilantes-ya-estan-en-las-playas-de-santander","status":"publish","type":"post","link":"https:\/\/eldigitaldeasturias.com\/magazine365\/los-vigilantes-ya-estan-en-las-playas-de-santander\/","title":{"rendered":"Los \u201cVigilantes\u201d ya est\u00e1n en las Playas de Santander"},"content":{"rendered":"<p><img fetchpriority=\"high\" decoding=\"async\" class=\"alignleft size-medium wp-image-39839\" src=\"https:\/\/eldigitaldeasturias.com\/magazine365\/wp-content\/uploads\/2015\/06\/fotonoticia_20150615111659_800-360x182.jpg\" alt=\"fotonoticia_20150615111659_800\" width=\"360\" height=\"182\" srcset=\"https:\/\/eldigitaldeasturias.com\/magazine365\/wp-content\/uploads\/2015\/06\/fotonoticia_20150615111659_800-360x182.jpg 360w, https:\/\/eldigitaldeasturias.com\/magazine365\/wp-content\/uploads\/2015\/06\/fotonoticia_20150615111659_800-650x329.jpg 650w, https:\/\/eldigitaldeasturias.com\/magazine365\/wp-content\/uploads\/2015\/06\/fotonoticia_20150615111659_800-768x389.jpg 768w, https:\/\/eldigitaldeasturias.com\/magazine365\/wp-content\/uploads\/2015\/06\/fotonoticia_20150615111659_800-150x76.jpg 150w, https:\/\/eldigitaldeasturias.com\/magazine365\/wp-content\/uploads\/2015\/06\/fotonoticia_20150615111659_800-450x228.jpg 450w, https:\/\/eldigitaldeasturias.com\/magazine365\/wp-content\/uploads\/2015\/06\/fotonoticia_20150615111659_800-696x352.jpg 696w, https:\/\/eldigitaldeasturias.com\/magazine365\/wp-content\/uploads\/2015\/06\/fotonoticia_20150615111659_800-304x154.jpg 304w, https:\/\/eldigitaldeasturias.com\/magazine365\/wp-content\/uploads\/2015\/06\/fotonoticia_20150615111659_800.jpg 800w\" sizes=\"(max-width: 360px) 100vw, 360px\" \/>El servicio de seguridad, socorrismo y salvamento que atender\u00e1 este verano las playas de Santander estar\u00e1 formado por 57 operarios, tres embarcaciones, dos ambulancias, un todoterreno, un centro de coordinaci\u00f3n de emergencias y dos puestos de socorro en la segunda playa del Sardinero y en La Magdalena.<\/p>\n<p>El servicio se prestar\u00e1 de forma ininterrumpida desde el 15 de junio al 15 de septiembre. No obstante, este servicio arranc\u00f3 el fin de semana del 6 y 7 de junio, y tambi\u00e9n se prest\u00f3 el 13 y 14 de este mes y se har\u00e1 lo propio el 19 y 20 y 26 y 27 de septiembre. El horario de atenci\u00f3n ser\u00e1 desde las 11.30 horas hasta las 19.30 horas.<\/p>\n<p>Habr\u00e1 socorristas en todas la playas de Santander, hasta en las m\u00e1s peque\u00f1as y apartadas. As\u00ed, los arenales de Matale\u00f1as, Los Peligros, La Magdalena, Bikinis, El Camello, Virgen del Mar y La Maruca contar\u00e1n con dos socorristas, mientras que la primera y la segunda del Sardinero tendr\u00e1n cinco.<\/p>\n<p>Asimismo, habr\u00e1 dos profesionales que atender\u00e1n la playa de El Bocal los s\u00e1bados y domingos y otros dos especialistas que atender\u00e1n el puesto de ba\u00f1o adaptado de la Playa de Los Peligros, un servicio al que este a\u00f1o se a\u00f1ade una camilla mecanizada para facilitar el cambio de ropa de las personas con discapacidad.<\/p>\n<p>Tambi\u00e9n, estas personas contar\u00e1n este a\u00f1o con un servicio de transporte adaptado a las playas, que se prestar\u00e1 a trav\u00e9s de citas concertadas. Adem\u00e1s del puesto de ba\u00f1o de Los Peligros, tambi\u00e9n habr\u00e1 zonas de ba\u00f1o adaptado en El Camello y las playas primera y segunda del Sardinero, aunque \u00e9stas no contar\u00e1n con personal y tendr\u00e1n que ser los propios familiares quienes ayuden a la persona con discapacidad.<\/p>\n<p>El Ayuntamiento de Santander invierte 389.100 euros en este servicio que presta un a\u00f1o m\u00e1s Cruz Roja que, seg\u00fan ha detallado el alcalde en funciones, en 2014 atendi\u00f3 a 3.941 personas, evacu\u00f3 a 63, realiz\u00f3 10 rescates, localiz\u00f3 a 122 ni\u00f1os extraviados y prest\u00f3 el servicio del ba\u00f1o adaptado en 445 ocasiones.<\/p>\n<p>Adem\u00e1s del servicio de socorrismo y salvamento, los ciudadanos de Santander contar\u00e1n como en a\u00f1os anteriores con los parques infantiles playeros en la primera y la segunda del Sardinero y Los Peligros, donde de 11.00 a 18.00 horas se realizar\u00e1n actividades y talleres para los ni\u00f1os de entre 2 y 12 a\u00f1os.<\/p>\n<p>Las familias tambi\u00e9n tendr\u00e1n a su disposici\u00f3n un servicio de pulseras identificativas para ni\u00f1os y personas mayores, que se repartir\u00e1n los puestos de socorrismo y en las que se indicar\u00e1 un tel\u00e9fono y el nombre de la persona responsable.<\/p>\n<p>En cuanto a los trabajos de limpieza de playas que se llevar\u00e1n a cabo, un total de 28 operarios se encargar\u00e1n de este servicio, que comienza con la limpieza manual desde las 7.00 a las 12.50, luego se realiza la recogida del cord\u00f3n de la marea y, por la noche, de 22.00 a 9.20 horas, en dos turnos, se hace el cribado mec\u00e1nico de la arena.<\/p>\n","protected":false},"excerpt":{"rendered":"<p>El servicio de seguridad, socorrismo y salvamento que atender\u00e1 este verano las playas de Santander estar\u00e1 formado por 57 operarios, tres embarcaciones, dos ambulancias, un todoterreno, un centro de coordinaci\u00f3n de emergencias y dos puestos de socorro en la segunda playa del Sardinero y en La Magdalena. El servicio se prestar\u00e1 de forma ininterrumpida desde<\/p>\n","protected":false},"author":1,"featured_media":39839,"comment_status":"open","ping_status":"closed","sticky":false,"template":"","format":"standard","meta":{"footnotes":""},"categories":[222],"tags":[],"class_list":{"0":"post-39838","1":"post","2":"type-post","3":"status-publish","4":"format-standard","5":"has-post-thumbnail","7":"category-actualidad-turismo"},"aioseo_notices":[],"aioseo_head":"\n\t\t<!-- All in One SEO Pro 4.9.6.1 - aioseo.com -->\n\t<meta name=\"description\" content=\"El servicio de seguridad, socorrismo y salvamento que atender\u00e1 este verano las playas de Santander estar\u00e1 formado por 57 operarios, tres embarcaciones, dos ambulancias, un todoterreno, un centro de coordinaci\u00f3n de emergencias y dos puestos de socorro en la segunda playa del Sardinero y en La Magdalena. El servicio se prestar\u00e1 de forma ininterrumpida desde\" \/>\n\t<meta name=\"robots\" content=\"max-image-preview:large\" \/>\n\t<meta name=\"author\" content=\"admin\"\/>\n\t<meta name=\"google-site-verification\" content=\"UA-38556648-1\" \/>\n\t<meta name=\"keywords\" content=\"actualidad turismo\" \/>\n\t<link rel=\"canonical\" href=\"https:\/\/eldigitaldeasturias.com\/magazine365\/los-vigilantes-ya-estan-en-las-playas-de-santander\/\" \/>\n\t<meta name=\"generator\" content=\"All in One SEO Pro (AIOSEO) 4.9.6.1\" \/>\n\t\t<meta property=\"og:locale\" content=\"es_ES\" \/>\n\t\t<meta property=\"og:site_name\" content=\"El Digital de Asturias \u2013 Revista de ocio, turismo y estilo de vida\" \/>\n\t\t<meta property=\"og:type\" content=\"article\" \/>\n\t\t<meta property=\"og:title\" content=\"Los \u201cVigilantes\u201d ya est\u00e1n en las Playas de Santander | El Digital de Asturias\" \/>\n\t\t<meta property=\"og:description\" content=\"El servicio de seguridad, socorrismo y salvamento que atender\u00e1 este verano las playas de Santander estar\u00e1 formado por 57 operarios, tres embarcaciones, dos ambulancias, un todoterreno, un centro de coordinaci\u00f3n de emergencias y dos puestos de socorro en la segunda playa del Sardinero y en La Magdalena. El servicio se prestar\u00e1 de forma ininterrumpida desde\" \/>\n\t\t<meta property=\"og:url\" content=\"https:\/\/eldigitaldeasturias.com\/magazine365\/los-vigilantes-ya-estan-en-las-playas-de-santander\/\" \/>\n\t\t<meta property=\"og:image\" content=\"https:\/\/eldigitaldeasturias.com\/magazine365\/wp-content\/uploads\/2015\/06\/fotonoticia_20150615111659_800.jpg\" \/>\n\t\t<meta property=\"og:image:secure_url\" content=\"https:\/\/eldigitaldeasturias.com\/magazine365\/wp-content\/uploads\/2015\/06\/fotonoticia_20150615111659_800.jpg\" \/>\n\t\t<meta property=\"og:image:width\" content=\"800\" \/>\n\t\t<meta property=\"og:image:height\" content=\"405\" \/>\n\t\t<meta property=\"article:published_time\" content=\"2015-06-15T22:13:00+00:00\" \/>\n\t\t<meta property=\"article:modified_time\" content=\"2015-06-15T22:13:00+00:00\" \/>\n\t\t<meta name=\"twitter:card\" content=\"summary_large_image\" \/>\n\t\t<meta name=\"twitter:title\" content=\"Los \u201cVigilantes\u201d ya est\u00e1n en las Playas de Santander | El Digital de Asturias\" \/>\n\t\t<meta name=\"twitter:description\" content=\"El servicio de seguridad, socorrismo y salvamento que atender\u00e1 este verano las playas de Santander estar\u00e1 formado por 57 operarios, tres embarcaciones, dos ambulancias, un todoterreno, un centro de coordinaci\u00f3n de emergencias y dos puestos de socorro en la segunda playa del Sardinero y en La Magdalena. El servicio se prestar\u00e1 de forma ininterrumpida desde\" \/>\n\t\t<meta name=\"twitter:image\" content=\"https:\/\/eldigitaldeasturias.com\/magazine365\/wp-content\/uploads\/2015\/06\/fotonoticia_20150615111659_800.jpg\" \/>\n\t\t<script type=\"application\/ld+json\" class=\"aioseo-schema\">\n\t\t\t{\"@context\":\"https:\\\/\\\/schema.org\",\"@graph\":[{\"@type\":\"Article\",\"@id\":\"https:\\\/\\\/eldigitaldeasturias.com\\\/magazine365\\\/los-vigilantes-ya-estan-en-las-playas-de-santander\\\/#article\",\"name\":\"Los \\u201cVigilantes\\u201d ya est\\u00e1n en las Playas de Santander | El Digital de Asturias\",\"headline\":\"Los \\u201cVigilantes\\u201d ya est\\u00e1n en las Playas de Santander\",\"author\":{\"@id\":\"https:\\\/\\\/eldigitaldeasturias.com\\\/magazine365\\\/author\\\/admin\\\/#author\"},\"publisher\":{\"@id\":\"https:\\\/\\\/eldigitaldeasturias.com\\\/magazine365\\\/#organization\"},\"image\":{\"@type\":\"ImageObject\",\"url\":\"https:\\\/\\\/eldigitaldeasturias.com\\\/magazine365\\\/wp-content\\\/uploads\\\/2015\\\/06\\\/fotonoticia_20150615111659_800.jpg\",\"width\":800,\"height\":405},\"datePublished\":\"2015-06-15T23:43:00+02:00\",\"dateModified\":\"2015-06-15T23:43:00+02:00\",\"inLanguage\":\"es-ES\",\"mainEntityOfPage\":{\"@id\":\"https:\\\/\\\/eldigitaldeasturias.com\\\/magazine365\\\/los-vigilantes-ya-estan-en-las-playas-de-santander\\\/#webpage\"},\"isPartOf\":{\"@id\":\"https:\\\/\\\/eldigitaldeasturias.com\\\/magazine365\\\/los-vigilantes-ya-estan-en-las-playas-de-santander\\\/#webpage\"},\"articleSection\":\"Actualidad Turismo\"},{\"@type\":\"BreadcrumbList\",\"@id\":\"https:\\\/\\\/eldigitaldeasturias.com\\\/magazine365\\\/los-vigilantes-ya-estan-en-las-playas-de-santander\\\/#breadcrumblist\",\"itemListElement\":[{\"@type\":\"ListItem\",\"@id\":\"https:\\\/\\\/eldigitaldeasturias.com\\\/magazine365#listItem\",\"position\":1,\"name\":\"Home\",\"item\":\"https:\\\/\\\/eldigitaldeasturias.com\\\/magazine365\",\"nextItem\":{\"@type\":\"ListItem\",\"@id\":\"https:\\\/\\\/eldigitaldeasturias.com\\\/magazine365\\\/category\\\/actualidad-turismo\\\/#listItem\",\"name\":\"Actualidad Turismo\"}},{\"@type\":\"ListItem\",\"@id\":\"https:\\\/\\\/eldigitaldeasturias.com\\\/magazine365\\\/category\\\/actualidad-turismo\\\/#listItem\",\"position\":2,\"name\":\"Actualidad Turismo\",\"item\":\"https:\\\/\\\/eldigitaldeasturias.com\\\/magazine365\\\/category\\\/actualidad-turismo\\\/\",\"nextItem\":{\"@type\":\"ListItem\",\"@id\":\"https:\\\/\\\/eldigitaldeasturias.com\\\/magazine365\\\/los-vigilantes-ya-estan-en-las-playas-de-santander\\\/#listItem\",\"name\":\"Los \\u201cVigilantes\\u201d ya est\\u00e1n en las Playas de Santander\"},\"previousItem\":{\"@type\":\"ListItem\",\"@id\":\"https:\\\/\\\/eldigitaldeasturias.com\\\/magazine365#listItem\",\"name\":\"Home\"}},{\"@type\":\"ListItem\",\"@id\":\"https:\\\/\\\/eldigitaldeasturias.com\\\/magazine365\\\/los-vigilantes-ya-estan-en-las-playas-de-santander\\\/#listItem\",\"position\":3,\"name\":\"Los \\u201cVigilantes\\u201d ya est\\u00e1n en las Playas de Santander\",\"previousItem\":{\"@type\":\"ListItem\",\"@id\":\"https:\\\/\\\/eldigitaldeasturias.com\\\/magazine365\\\/category\\\/actualidad-turismo\\\/#listItem\",\"name\":\"Actualidad Turismo\"}}]},{\"@type\":\"Organization\",\"@id\":\"https:\\\/\\\/eldigitaldeasturias.com\\\/magazine365\\\/#organization\",\"name\":\"El digital de Asturias\",\"description\":\"Revista de ocio, turismo y estilo de vida\",\"url\":\"https:\\\/\\\/eldigitaldeasturias.com\\\/magazine365\\\/\",\"logo\":{\"@type\":\"ImageObject\",\"url\":\"https:\\\/\\\/www.eldigitaldeasturias.com\\\/noticias\\\/wp-content\\\/uploads\\\/2020\\\/12\\\/EDA.jpg\",\"@id\":\"https:\\\/\\\/eldigitaldeasturias.com\\\/magazine365\\\/los-vigilantes-ya-estan-en-las-playas-de-santander\\\/#organizationLogo\"},\"image\":{\"@id\":\"https:\\\/\\\/eldigitaldeasturias.com\\\/magazine365\\\/los-vigilantes-ya-estan-en-las-playas-de-santander\\\/#organizationLogo\"}},{\"@type\":\"Person\",\"@id\":\"https:\\\/\\\/eldigitaldeasturias.com\\\/magazine365\\\/author\\\/admin\\\/#author\",\"url\":\"https:\\\/\\\/eldigitaldeasturias.com\\\/magazine365\\\/author\\\/admin\\\/\",\"name\":\"admin\",\"image\":{\"@type\":\"ImageObject\",\"@id\":\"https:\\\/\\\/eldigitaldeasturias.com\\\/magazine365\\\/los-vigilantes-ya-estan-en-las-playas-de-santander\\\/#authorImage\",\"url\":\"https:\\\/\\\/eldigitaldeasturias.com\\\/magazine365\\\/wp-content\\\/litespeed\\\/avatar\\\/e571bcf59a0edd6fa6838245a470f2fe.jpg?ver=1776969259\",\"width\":96,\"height\":96,\"caption\":\"admin\"}},{\"@type\":\"WebPage\",\"@id\":\"https:\\\/\\\/eldigitaldeasturias.com\\\/magazine365\\\/los-vigilantes-ya-estan-en-las-playas-de-santander\\\/#webpage\",\"url\":\"https:\\\/\\\/eldigitaldeasturias.com\\\/magazine365\\\/los-vigilantes-ya-estan-en-las-playas-de-santander\\\/\",\"name\":\"Los \\u201cVigilantes\\u201d ya est\\u00e1n en las Playas de Santander | El Digital de Asturias\",\"description\":\"El servicio de seguridad, socorrismo y salvamento que atender\\u00e1 este verano las playas de Santander estar\\u00e1 formado por 57 operarios, tres embarcaciones, dos ambulancias, un todoterreno, un centro de coordinaci\\u00f3n de emergencias y dos puestos de socorro en la segunda playa del Sardinero y en La Magdalena. El servicio se prestar\\u00e1 de forma ininterrumpida desde\",\"inLanguage\":\"es-ES\",\"isPartOf\":{\"@id\":\"https:\\\/\\\/eldigitaldeasturias.com\\\/magazine365\\\/#website\"},\"breadcrumb\":{\"@id\":\"https:\\\/\\\/eldigitaldeasturias.com\\\/magazine365\\\/los-vigilantes-ya-estan-en-las-playas-de-santander\\\/#breadcrumblist\"},\"author\":{\"@id\":\"https:\\\/\\\/eldigitaldeasturias.com\\\/magazine365\\\/author\\\/admin\\\/#author\"},\"creator\":{\"@id\":\"https:\\\/\\\/eldigitaldeasturias.com\\\/magazine365\\\/author\\\/admin\\\/#author\"},\"image\":{\"@type\":\"ImageObject\",\"url\":\"https:\\\/\\\/eldigitaldeasturias.com\\\/magazine365\\\/wp-content\\\/uploads\\\/2015\\\/06\\\/fotonoticia_20150615111659_800.jpg\",\"@id\":\"https:\\\/\\\/eldigitaldeasturias.com\\\/magazine365\\\/los-vigilantes-ya-estan-en-las-playas-de-santander\\\/#mainImage\",\"width\":800,\"height\":405},\"primaryImageOfPage\":{\"@id\":\"https:\\\/\\\/eldigitaldeasturias.com\\\/magazine365\\\/los-vigilantes-ya-estan-en-las-playas-de-santander\\\/#mainImage\"},\"datePublished\":\"2015-06-15T23:43:00+02:00\",\"dateModified\":\"2015-06-15T23:43:00+02:00\"},{\"@type\":\"WebSite\",\"@id\":\"https:\\\/\\\/eldigitaldeasturias.com\\\/magazine365\\\/#website\",\"url\":\"https:\\\/\\\/eldigitaldeasturias.com\\\/magazine365\\\/\",\"name\":\"El Digital de Asturias\",\"description\":\"Revista de ocio, turismo y estilo de vida\",\"inLanguage\":\"es-ES\",\"publisher\":{\"@id\":\"https:\\\/\\\/eldigitaldeasturias.com\\\/magazine365\\\/#organization\"}}]}\n\t\t<\/script>\n\t\t<!-- All in One SEO Pro -->\r\n\t\t<title>Los \u201cVigilantes\u201d ya est\u00e1n en las Playas de Santander | El Digital de Asturias<\/title>\n\n","aioseo_head_json":{"title":"Los \u201cVigilantes\u201d ya est\u00e1n en las Playas de Santander | El Digital de Asturias","description":"El servicio de seguridad, socorrismo y salvamento que atender\u00e1 este verano las playas de Santander estar\u00e1 formado por 57 operarios, tres embarcaciones, dos ambulancias, un todoterreno, un centro de coordinaci\u00f3n de emergencias y dos puestos de socorro en la segunda playa del Sardinero y en La Magdalena. El servicio se prestar\u00e1 de forma ininterrumpida desde","canonical_url":"https:\/\/eldigitaldeasturias.com\/magazine365\/los-vigilantes-ya-estan-en-las-playas-de-santander\/","robots":"max-image-preview:large","keywords":"actualidad turismo","webmasterTools":{"google-site-verification":"UA-38556648-1","miscellaneous":""},"schema":{"@context":"https:\/\/schema.org","@graph":[{"@type":"Article","@id":"https:\/\/eldigitaldeasturias.com\/magazine365\/los-vigilantes-ya-estan-en-las-playas-de-santander\/#article","name":"Los \u201cVigilantes\u201d ya est\u00e1n en las Playas de Santander | El Digital de Asturias","headline":"Los \u201cVigilantes\u201d ya est\u00e1n en las Playas de Santander","author":{"@id":"https:\/\/eldigitaldeasturias.com\/magazine365\/author\/admin\/#author"},"publisher":{"@id":"https:\/\/eldigitaldeasturias.com\/magazine365\/#organization"},"image":{"@type":"ImageObject","url":"https:\/\/eldigitaldeasturias.com\/magazine365\/wp-content\/uploads\/2015\/06\/fotonoticia_20150615111659_800.jpg","width":800,"height":405},"datePublished":"2015-06-15T23:43:00+02:00","dateModified":"2015-06-15T23:43:00+02:00","inLanguage":"es-ES","mainEntityOfPage":{"@id":"https:\/\/eldigitaldeasturias.com\/magazine365\/los-vigilantes-ya-estan-en-las-playas-de-santander\/#webpage"},"isPartOf":{"@id":"https:\/\/eldigitaldeasturias.com\/magazine365\/los-vigilantes-ya-estan-en-las-playas-de-santander\/#webpage"},"articleSection":"Actualidad Turismo"},{"@type":"BreadcrumbList","@id":"https:\/\/eldigitaldeasturias.com\/magazine365\/los-vigilantes-ya-estan-en-las-playas-de-santander\/#breadcrumblist","itemListElement":[{"@type":"ListItem","@id":"https:\/\/eldigitaldeasturias.com\/magazine365#listItem","position":1,"name":"Home","item":"https:\/\/eldigitaldeasturias.com\/magazine365","nextItem":{"@type":"ListItem","@id":"https:\/\/eldigitaldeasturias.com\/magazine365\/category\/actualidad-turismo\/#listItem","name":"Actualidad Turismo"}},{"@type":"ListItem","@id":"https:\/\/eldigitaldeasturias.com\/magazine365\/category\/actualidad-turismo\/#listItem","position":2,"name":"Actualidad Turismo","item":"https:\/\/eldigitaldeasturias.com\/magazine365\/category\/actualidad-turismo\/","nextItem":{"@type":"ListItem","@id":"https:\/\/eldigitaldeasturias.com\/magazine365\/los-vigilantes-ya-estan-en-las-playas-de-santander\/#listItem","name":"Los \u201cVigilantes\u201d ya est\u00e1n en las Playas de Santander"},"previousItem":{"@type":"ListItem","@id":"https:\/\/eldigitaldeasturias.com\/magazine365#listItem","name":"Home"}},{"@type":"ListItem","@id":"https:\/\/eldigitaldeasturias.com\/magazine365\/los-vigilantes-ya-estan-en-las-playas-de-santander\/#listItem","position":3,"name":"Los \u201cVigilantes\u201d ya est\u00e1n en las Playas de Santander","previousItem":{"@type":"ListItem","@id":"https:\/\/eldigitaldeasturias.com\/magazine365\/category\/actualidad-turismo\/#listItem","name":"Actualidad Turismo"}}]},{"@type":"Organization","@id":"https:\/\/eldigitaldeasturias.com\/magazine365\/#organization","name":"El digital de Asturias","description":"Revista de ocio, turismo y estilo de vida","url":"https:\/\/eldigitaldeasturias.com\/magazine365\/","logo":{"@type":"ImageObject","url":"https:\/\/www.eldigitaldeasturias.com\/noticias\/wp-content\/uploads\/2020\/12\/EDA.jpg","@id":"https:\/\/eldigitaldeasturias.com\/magazine365\/los-vigilantes-ya-estan-en-las-playas-de-santander\/#organizationLogo"},"image":{"@id":"https:\/\/eldigitaldeasturias.com\/magazine365\/los-vigilantes-ya-estan-en-las-playas-de-santander\/#organizationLogo"}},{"@type":"Person","@id":"https:\/\/eldigitaldeasturias.com\/magazine365\/author\/admin\/#author","url":"https:\/\/eldigitaldeasturias.com\/magazine365\/author\/admin\/","name":"admin","image":{"@type":"ImageObject","@id":"https:\/\/eldigitaldeasturias.com\/magazine365\/los-vigilantes-ya-estan-en-las-playas-de-santander\/#authorImage","url":"https:\/\/eldigitaldeasturias.com\/magazine365\/wp-content\/litespeed\/avatar\/e571bcf59a0edd6fa6838245a470f2fe.jpg?ver=1776969259","width":96,"height":96,"caption":"admin"}},{"@type":"WebPage","@id":"https:\/\/eldigitaldeasturias.com\/magazine365\/los-vigilantes-ya-estan-en-las-playas-de-santander\/#webpage","url":"https:\/\/eldigitaldeasturias.com\/magazine365\/los-vigilantes-ya-estan-en-las-playas-de-santander\/","name":"Los \u201cVigilantes\u201d ya est\u00e1n en las Playas de Santander | El Digital de Asturias","description":"El servicio de seguridad, socorrismo y salvamento que atender\u00e1 este verano las playas de Santander estar\u00e1 formado por 57 operarios, tres embarcaciones, dos ambulancias, un todoterreno, un centro de coordinaci\u00f3n de emergencias y dos puestos de socorro en la segunda playa del Sardinero y en La Magdalena. El servicio se prestar\u00e1 de forma ininterrumpida desde","inLanguage":"es-ES","isPartOf":{"@id":"https:\/\/eldigitaldeasturias.com\/magazine365\/#website"},"breadcrumb":{"@id":"https:\/\/eldigitaldeasturias.com\/magazine365\/los-vigilantes-ya-estan-en-las-playas-de-santander\/#breadcrumblist"},"author":{"@id":"https:\/\/eldigitaldeasturias.com\/magazine365\/author\/admin\/#author"},"creator":{"@id":"https:\/\/eldigitaldeasturias.com\/magazine365\/author\/admin\/#author"},"image":{"@type":"ImageObject","url":"https:\/\/eldigitaldeasturias.com\/magazine365\/wp-content\/uploads\/2015\/06\/fotonoticia_20150615111659_800.jpg","@id":"https:\/\/eldigitaldeasturias.com\/magazine365\/los-vigilantes-ya-estan-en-las-playas-de-santander\/#mainImage","width":800,"height":405},"primaryImageOfPage":{"@id":"https:\/\/eldigitaldeasturias.com\/magazine365\/los-vigilantes-ya-estan-en-las-playas-de-santander\/#mainImage"},"datePublished":"2015-06-15T23:43:00+02:00","dateModified":"2015-06-15T23:43:00+02:00"},{"@type":"WebSite","@id":"https:\/\/eldigitaldeasturias.com\/magazine365\/#website","url":"https:\/\/eldigitaldeasturias.com\/magazine365\/","name":"El Digital de Asturias","description":"Revista de ocio, turismo y estilo de vida","inLanguage":"es-ES","publisher":{"@id":"https:\/\/eldigitaldeasturias.com\/magazine365\/#organization"}}]},"og:locale":"es_ES","og:site_name":"El Digital de Asturias \u2013 Revista de ocio, turismo y estilo de vida","og:type":"article","og:title":"Los \u201cVigilantes\u201d ya est\u00e1n en las Playas de Santander | El Digital de Asturias","og:description":"El servicio de seguridad, socorrismo y salvamento que atender\u00e1 este verano las playas de Santander estar\u00e1 formado por 57 operarios, tres embarcaciones, dos ambulancias, un todoterreno, un centro de coordinaci\u00f3n de emergencias y dos puestos de socorro en la segunda playa del Sardinero y en La Magdalena. El servicio se prestar\u00e1 de forma ininterrumpida desde","og:url":"https:\/\/eldigitaldeasturias.com\/magazine365\/los-vigilantes-ya-estan-en-las-playas-de-santander\/","og:image":"https:\/\/eldigitaldeasturias.com\/magazine365\/wp-content\/uploads\/2015\/06\/fotonoticia_20150615111659_800.jpg","og:image:secure_url":"https:\/\/eldigitaldeasturias.com\/magazine365\/wp-content\/uploads\/2015\/06\/fotonoticia_20150615111659_800.jpg","og:image:width":800,"og:image:height":405,"article:published_time":"2015-06-15T22:13:00+00:00","article:modified_time":"2015-06-15T22:13:00+00:00","twitter:card":"summary_large_image","twitter:title":"Los \u201cVigilantes\u201d ya est\u00e1n en las Playas de Santander | El Digital de Asturias","twitter:description":"El servicio de seguridad, socorrismo y salvamento que atender\u00e1 este verano las playas de Santander estar\u00e1 formado por 57 operarios, tres embarcaciones, dos ambulancias, un todoterreno, un centro de coordinaci\u00f3n de emergencias y dos puestos de socorro en la segunda playa del Sardinero y en La Magdalena. El servicio se prestar\u00e1 de forma ininterrumpida desde","twitter:image":"https:\/\/eldigitaldeasturias.com\/magazine365\/wp-content\/uploads\/2015\/06\/fotonoticia_20150615111659_800.jpg"},"aioseo_meta_data":{"post_id":"39838","title":null,"description":null,"keywords":null,"keyphrases":null,"primary_term":null,"canonical_url":null,"og_title":null,"og_description":null,"og_object_type":"default","og_image_type":"default","og_image_url":null,"og_image_width":null,"og_image_height":null,"og_image_custom_url":null,"og_image_custom_fields":null,"og_video":null,"og_custom_url":null,"og_article_section":null,"og_article_tags":null,"twitter_use_og":false,"twitter_card":"default","twitter_image_type":"default","twitter_image_url":null,"twitter_image_custom_url":null,"twitter_image_custom_fields":null,"twitter_title":null,"twitter_description":null,"schema":{"blockGraphs":[],"customGraphs":[],"default":{"data":{"Article":[],"Course":[],"Dataset":[],"FAQPage":[],"Movie":[],"Person":[],"Product":[],"ProductReview":[],"Car":[],"Recipe":[],"Service":[],"SoftwareApplication":[],"WebPage":[]},"graphName":"","isEnabled":true},"graphs":[],"defaultGraph":"","defaultPostTypeGraph":""},"schema_type":null,"schema_type_options":null,"pillar_content":false,"robots_default":true,"robots_noindex":false,"robots_noarchive":false,"robots_nosnippet":false,"robots_nofollow":false,"robots_noimageindex":false,"robots_noodp":false,"robots_notranslate":false,"robots_max_snippet":null,"robots_max_videopreview":null,"robots_max_imagepreview":"large","priority":null,"frequency":null,"location":null,"local_seo":null,"seo_analyzer_scan_date":"2025-09-19 12:26:53","breadcrumb_settings":null,"limit_modified_date":false,"open_ai":null,"ai":null,"created":"2021-03-08 19:05:29","updated":"2025-09-19 12:26:53"},"aioseo_breadcrumb":"<div class=\"aioseo-breadcrumbs\"><span class=\"aioseo-breadcrumb\">\n\t<a href=\"https:\/\/eldigitaldeasturias.com\/magazine365\" title=\"Home\">Home<\/a>\n<\/span><span class=\"aioseo-breadcrumb-separator\">\u2013<\/span><span class=\"aioseo-breadcrumb\">\n\t<a href=\"https:\/\/eldigitaldeasturias.com\/magazine365\/category\/actualidad-turismo\/\" title=\"Actualidad Turismo\">Actualidad Turismo<\/a>\n<\/span><span class=\"aioseo-breadcrumb-separator\">\u2013<\/span><span class=\"aioseo-breadcrumb\">\n\t<a href=\"https:\/\/eldigitaldeasturias.com\/magazine365\/los-vigilantes-ya-estan-en-las-playas-de-santander\/\" title=\"Los \u201cVigilantes\u201d ya est\u00e1n en las Playas de Santander\">Los \u201cVigilantes\u201d ya est\u00e1n en las Playas de Santander<\/a>\n<\/span><\/div>","aioseo_breadcrumb_json":[{"label":"Home","link":"https:\/\/eldigitaldeasturias.com\/magazine365"},{"label":"Actualidad Turismo","link":"https:\/\/eldigitaldeasturias.com\/magazine365\/category\/actualidad-turismo\/"},{"label":"Los \u201cVigilantes\u201d ya est\u00e1n en las Playas de Santander","link":"https:\/\/eldigitaldeasturias.com\/magazine365\/los-vigilantes-ya-estan-en-las-playas-de-santander\/"}],"_links":{"self":[{"href":"https:\/\/eldigitaldeasturias.com\/magazine365\/wp-json\/wp\/v2\/posts\/39838","targetHints":{"allow":["GET"]}}],"collection":[{"href":"https:\/\/eldigitaldeasturias.com\/magazine365\/wp-json\/wp\/v2\/posts"}],"about":[{"href":"https:\/\/eldigitaldeasturias.com\/magazine365\/wp-json\/wp\/v2\/types\/post"}],"author":[{"embeddable":true,"href":"https:\/\/eldigitaldeasturias.com\/magazine365\/wp-json\/wp\/v2\/users\/1"}],"replies":[{"embeddable":true,"href":"https:\/\/eldigitaldeasturias.com\/magazine365\/wp-json\/wp\/v2\/comments?post=39838"}],"version-history":[{"count":0,"href":"https:\/\/eldigitaldeasturias.com\/magazine365\/wp-json\/wp\/v2\/posts\/39838\/revisions"}],"wp:featuredmedia":[{"embeddable":true,"href":"https:\/\/eldigitaldeasturias.com\/magazine365\/wp-json\/wp\/v2\/media\/39839"}],"wp:attachment":[{"href":"https:\/\/eldigitaldeasturias.com\/magazine365\/wp-json\/wp\/v2\/media?parent=39838"}],"wp:term":[{"taxonomy":"category","embeddable":true,"href":"https:\/\/eldigitaldeasturias.com\/magazine365\/wp-json\/wp\/v2\/categories?post=39838"},{"taxonomy":"post_tag","embeddable":true,"href":"https:\/\/eldigitaldeasturias.com\/magazine365\/wp-json\/wp\/v2\/tags?post=39838"}],"curies":[{"name":"wp","href":"https:\/\/api.w.org\/{rel}","templated":true}]}}