{"id":39832,"date":"2015-06-15T23:39:31","date_gmt":"2015-06-15T22:09:31","guid":{"rendered":"http:\/\/eldigitaldeasturias.com\/magazine365\/?p=39832"},"modified":"2015-06-15T23:39:31","modified_gmt":"2015-06-15T22:09:31","slug":"air-canada-y-unifor-acuerdan-renovar-su-contrato-cinco-anos-mas","status":"publish","type":"post","link":"https:\/\/eldigitaldeasturias.com\/magazine365\/air-canada-y-unifor-acuerdan-renovar-su-contrato-cinco-anos-mas\/","title":{"rendered":"Air Canada y Unifor acuerdan renovar su contrato cinco a\u00f1os m\u00e1s"},"content":{"rendered":"<p><img fetchpriority=\"high\" decoding=\"async\" class=\"alignleft size-medium wp-image-39833\" src=\"https:\/\/eldigitaldeasturias.com\/magazine365\/wp-content\/uploads\/2015\/06\/fotonoticia_20150615110216_800-360x283.jpg\" alt=\"fotonoticia_20150615110216_800\" width=\"360\" height=\"283\" srcset=\"https:\/\/eldigitaldeasturias.com\/magazine365\/wp-content\/uploads\/2015\/06\/fotonoticia_20150615110216_800-360x283.jpg 360w, https:\/\/eldigitaldeasturias.com\/magazine365\/wp-content\/uploads\/2015\/06\/fotonoticia_20150615110216_800-650x511.jpg 650w, https:\/\/eldigitaldeasturias.com\/magazine365\/wp-content\/uploads\/2015\/06\/fotonoticia_20150615110216_800-768x604.jpg 768w, https:\/\/eldigitaldeasturias.com\/magazine365\/wp-content\/uploads\/2015\/06\/fotonoticia_20150615110216_800-150x118.jpg 150w, https:\/\/eldigitaldeasturias.com\/magazine365\/wp-content\/uploads\/2015\/06\/fotonoticia_20150615110216_800-450x354.jpg 450w, https:\/\/eldigitaldeasturias.com\/magazine365\/wp-content\/uploads\/2015\/06\/fotonoticia_20150615110216_800-696x547.jpg 696w, https:\/\/eldigitaldeasturias.com\/magazine365\/wp-content\/uploads\/2015\/06\/fotonoticia_20150615110216_800-534x420.jpg 534w, https:\/\/eldigitaldeasturias.com\/magazine365\/wp-content\/uploads\/2015\/06\/fotonoticia_20150615110216_800.jpg 800w\" sizes=\"(max-width: 360px) 100vw, 360px\" \/>Air Canada ha anunciado el acuerdo con sus trabajadores de servicio al cliente y agentes de ventas &#8211;Unifor&#8211; para renovar contrato por cinco a\u00f1os m\u00e1s, aunque la decisi\u00f3n est\u00e1 pendiente de ratificarse, seg\u00fan ha informado la aerol\u00ednea en un comunicado.<\/p>\n<p>La decisi\u00f3n va en l\u00ednea a los otros acuerdos alcanzados en los pasados ocho meses, lo que supone una situaci\u00f3n ventajosa para ambas partes, defendi\u00f3 el presidente y consejero delegado de la a\u00e9rea canadiense, Calin Rovinescu.<\/p>\n<p>Tanto los miembros del sindicato como los del Comit\u00e9 Ejecutivo de la empresa deber\u00e1n aprobar el acuerdo para que \u00e9ste se aplique de manera efectiva.<\/p>\n<p>El mes de octubre de 2014, Air Canad\u00e1 hizo p\u00fablica la renovaci\u00f3n de los convenios colectivos para los pr\u00f3ximos diez a\u00f1os con los pilotos. Tambi\u00e9n contin\u00faa su relaci\u00f3n con los trabajadores estadounidenses del sindicato IBT y con los brit\u00e1nicos de UNITE.<\/p>\n","protected":false},"excerpt":{"rendered":"<p>Air Canada ha anunciado el acuerdo con sus trabajadores de servicio al cliente y agentes de ventas &#8211;Unifor&#8211; para renovar contrato por cinco a\u00f1os m\u00e1s, aunque la decisi\u00f3n est\u00e1 pendiente de ratificarse, seg\u00fan ha informado la aerol\u00ednea en un comunicado. La decisi\u00f3n va en l\u00ednea a los otros acuerdos alcanzados en los pasados ocho meses,<\/p>\n","protected":false},"author":1,"featured_media":39833,"comment_status":"open","ping_status":"closed","sticky":false,"template":"","format":"standard","meta":{"footnotes":""},"categories":[222],"tags":[],"class_list":{"0":"post-39832","1":"post","2":"type-post","3":"status-publish","4":"format-standard","5":"has-post-thumbnail","7":"category-actualidad-turismo"},"aioseo_notices":[],"aioseo_head":"\n\t\t<!-- All in One SEO Pro 4.9.6.1 - aioseo.com -->\n\t<meta name=\"description\" content=\"Air Canada ha anunciado el acuerdo con sus trabajadores de servicio al cliente y agentes de ventas --Unifor-- para renovar contrato por cinco a\u00f1os m\u00e1s, aunque la decisi\u00f3n est\u00e1 pendiente de ratificarse, seg\u00fan ha informado la aerol\u00ednea en un comunicado. La decisi\u00f3n va en l\u00ednea a los otros acuerdos alcanzados en los pasados ocho meses,\" \/>\n\t<meta name=\"robots\" content=\"max-image-preview:large\" \/>\n\t<meta name=\"author\" content=\"admin\"\/>\n\t<meta name=\"google-site-verification\" content=\"UA-38556648-1\" \/>\n\t<meta name=\"keywords\" content=\"actualidad turismo\" \/>\n\t<link rel=\"canonical\" href=\"https:\/\/eldigitaldeasturias.com\/magazine365\/air-canada-y-unifor-acuerdan-renovar-su-contrato-cinco-anos-mas\/\" \/>\n\t<meta name=\"generator\" content=\"All in One SEO Pro (AIOSEO) 4.9.6.1\" \/>\n\t\t<meta property=\"og:locale\" content=\"es_ES\" \/>\n\t\t<meta property=\"og:site_name\" content=\"El Digital de Asturias \u2013 Revista de ocio, turismo y estilo de vida\" \/>\n\t\t<meta property=\"og:type\" content=\"article\" \/>\n\t\t<meta property=\"og:title\" content=\"Air Canada y Unifor acuerdan renovar su contrato cinco a\u00f1os m\u00e1s | El Digital de Asturias\" \/>\n\t\t<meta property=\"og:description\" content=\"Air Canada ha anunciado el acuerdo con sus trabajadores de servicio al cliente y agentes de ventas --Unifor-- para renovar contrato por cinco a\u00f1os m\u00e1s, aunque la decisi\u00f3n est\u00e1 pendiente de ratificarse, seg\u00fan ha informado la aerol\u00ednea en un comunicado. La decisi\u00f3n va en l\u00ednea a los otros acuerdos alcanzados en los pasados ocho meses,\" \/>\n\t\t<meta property=\"og:url\" content=\"https:\/\/eldigitaldeasturias.com\/magazine365\/air-canada-y-unifor-acuerdan-renovar-su-contrato-cinco-anos-mas\/\" \/>\n\t\t<meta property=\"og:image\" content=\"https:\/\/eldigitaldeasturias.com\/magazine365\/wp-content\/uploads\/2015\/06\/fotonoticia_20150615110216_800.jpg\" \/>\n\t\t<meta property=\"og:image:secure_url\" content=\"https:\/\/eldigitaldeasturias.com\/magazine365\/wp-content\/uploads\/2015\/06\/fotonoticia_20150615110216_800.jpg\" \/>\n\t\t<meta property=\"og:image:width\" content=\"800\" \/>\n\t\t<meta property=\"og:image:height\" content=\"629\" \/>\n\t\t<meta property=\"article:published_time\" content=\"2015-06-15T22:09:31+00:00\" \/>\n\t\t<meta property=\"article:modified_time\" content=\"2015-06-15T22:09:31+00:00\" \/>\n\t\t<meta name=\"twitter:card\" content=\"summary_large_image\" \/>\n\t\t<meta name=\"twitter:title\" content=\"Air Canada y Unifor acuerdan renovar su contrato cinco a\u00f1os m\u00e1s | El Digital de Asturias\" \/>\n\t\t<meta name=\"twitter:description\" content=\"Air Canada ha anunciado el acuerdo con sus trabajadores de servicio al cliente y agentes de ventas --Unifor-- para renovar contrato por cinco a\u00f1os m\u00e1s, aunque la decisi\u00f3n est\u00e1 pendiente de ratificarse, seg\u00fan ha informado la aerol\u00ednea en un comunicado. La decisi\u00f3n va en l\u00ednea a los otros acuerdos alcanzados en los pasados ocho meses,\" \/>\n\t\t<meta name=\"twitter:image\" content=\"https:\/\/eldigitaldeasturias.com\/magazine365\/wp-content\/uploads\/2015\/06\/fotonoticia_20150615110216_800.jpg\" \/>\n\t\t<script type=\"application\/ld+json\" class=\"aioseo-schema\">\n\t\t\t{\"@context\":\"https:\\\/\\\/schema.org\",\"@graph\":[{\"@type\":\"Article\",\"@id\":\"https:\\\/\\\/eldigitaldeasturias.com\\\/magazine365\\\/air-canada-y-unifor-acuerdan-renovar-su-contrato-cinco-anos-mas\\\/#article\",\"name\":\"Air Canada y Unifor acuerdan renovar su contrato cinco a\\u00f1os m\\u00e1s | El Digital de Asturias\",\"headline\":\"Air Canada y Unifor acuerdan renovar su contrato cinco a\\u00f1os m\\u00e1s\",\"author\":{\"@id\":\"https:\\\/\\\/eldigitaldeasturias.com\\\/magazine365\\\/author\\\/admin\\\/#author\"},\"publisher\":{\"@id\":\"https:\\\/\\\/eldigitaldeasturias.com\\\/magazine365\\\/#organization\"},\"image\":{\"@type\":\"ImageObject\",\"url\":\"https:\\\/\\\/eldigitaldeasturias.com\\\/magazine365\\\/wp-content\\\/uploads\\\/2015\\\/06\\\/fotonoticia_20150615110216_800.jpg\",\"width\":800,\"height\":629},\"datePublished\":\"2015-06-15T23:39:31+02:00\",\"dateModified\":\"2015-06-15T23:39:31+02:00\",\"inLanguage\":\"es-ES\",\"mainEntityOfPage\":{\"@id\":\"https:\\\/\\\/eldigitaldeasturias.com\\\/magazine365\\\/air-canada-y-unifor-acuerdan-renovar-su-contrato-cinco-anos-mas\\\/#webpage\"},\"isPartOf\":{\"@id\":\"https:\\\/\\\/eldigitaldeasturias.com\\\/magazine365\\\/air-canada-y-unifor-acuerdan-renovar-su-contrato-cinco-anos-mas\\\/#webpage\"},\"articleSection\":\"Actualidad Turismo\"},{\"@type\":\"BreadcrumbList\",\"@id\":\"https:\\\/\\\/eldigitaldeasturias.com\\\/magazine365\\\/air-canada-y-unifor-acuerdan-renovar-su-contrato-cinco-anos-mas\\\/#breadcrumblist\",\"itemListElement\":[{\"@type\":\"ListItem\",\"@id\":\"https:\\\/\\\/eldigitaldeasturias.com\\\/magazine365#listItem\",\"position\":1,\"name\":\"Home\",\"item\":\"https:\\\/\\\/eldigitaldeasturias.com\\\/magazine365\",\"nextItem\":{\"@type\":\"ListItem\",\"@id\":\"https:\\\/\\\/eldigitaldeasturias.com\\\/magazine365\\\/category\\\/actualidad-turismo\\\/#listItem\",\"name\":\"Actualidad Turismo\"}},{\"@type\":\"ListItem\",\"@id\":\"https:\\\/\\\/eldigitaldeasturias.com\\\/magazine365\\\/category\\\/actualidad-turismo\\\/#listItem\",\"position\":2,\"name\":\"Actualidad Turismo\",\"item\":\"https:\\\/\\\/eldigitaldeasturias.com\\\/magazine365\\\/category\\\/actualidad-turismo\\\/\",\"nextItem\":{\"@type\":\"ListItem\",\"@id\":\"https:\\\/\\\/eldigitaldeasturias.com\\\/magazine365\\\/air-canada-y-unifor-acuerdan-renovar-su-contrato-cinco-anos-mas\\\/#listItem\",\"name\":\"Air Canada y Unifor acuerdan renovar su contrato cinco a\\u00f1os m\\u00e1s\"},\"previousItem\":{\"@type\":\"ListItem\",\"@id\":\"https:\\\/\\\/eldigitaldeasturias.com\\\/magazine365#listItem\",\"name\":\"Home\"}},{\"@type\":\"ListItem\",\"@id\":\"https:\\\/\\\/eldigitaldeasturias.com\\\/magazine365\\\/air-canada-y-unifor-acuerdan-renovar-su-contrato-cinco-anos-mas\\\/#listItem\",\"position\":3,\"name\":\"Air Canada y Unifor acuerdan renovar su contrato cinco a\\u00f1os m\\u00e1s\",\"previousItem\":{\"@type\":\"ListItem\",\"@id\":\"https:\\\/\\\/eldigitaldeasturias.com\\\/magazine365\\\/category\\\/actualidad-turismo\\\/#listItem\",\"name\":\"Actualidad Turismo\"}}]},{\"@type\":\"Organization\",\"@id\":\"https:\\\/\\\/eldigitaldeasturias.com\\\/magazine365\\\/#organization\",\"name\":\"El digital de Asturias\",\"description\":\"Revista de ocio, turismo y estilo de vida\",\"url\":\"https:\\\/\\\/eldigitaldeasturias.com\\\/magazine365\\\/\",\"logo\":{\"@type\":\"ImageObject\",\"url\":\"https:\\\/\\\/www.eldigitaldeasturias.com\\\/noticias\\\/wp-content\\\/uploads\\\/2020\\\/12\\\/EDA.jpg\",\"@id\":\"https:\\\/\\\/eldigitaldeasturias.com\\\/magazine365\\\/air-canada-y-unifor-acuerdan-renovar-su-contrato-cinco-anos-mas\\\/#organizationLogo\"},\"image\":{\"@id\":\"https:\\\/\\\/eldigitaldeasturias.com\\\/magazine365\\\/air-canada-y-unifor-acuerdan-renovar-su-contrato-cinco-anos-mas\\\/#organizationLogo\"}},{\"@type\":\"Person\",\"@id\":\"https:\\\/\\\/eldigitaldeasturias.com\\\/magazine365\\\/author\\\/admin\\\/#author\",\"url\":\"https:\\\/\\\/eldigitaldeasturias.com\\\/magazine365\\\/author\\\/admin\\\/\",\"name\":\"admin\",\"image\":{\"@type\":\"ImageObject\",\"@id\":\"https:\\\/\\\/eldigitaldeasturias.com\\\/magazine365\\\/air-canada-y-unifor-acuerdan-renovar-su-contrato-cinco-anos-mas\\\/#authorImage\",\"url\":\"https:\\\/\\\/eldigitaldeasturias.com\\\/magazine365\\\/wp-content\\\/litespeed\\\/avatar\\\/e571bcf59a0edd6fa6838245a470f2fe.jpg?ver=1776969259\",\"width\":96,\"height\":96,\"caption\":\"admin\"}},{\"@type\":\"WebPage\",\"@id\":\"https:\\\/\\\/eldigitaldeasturias.com\\\/magazine365\\\/air-canada-y-unifor-acuerdan-renovar-su-contrato-cinco-anos-mas\\\/#webpage\",\"url\":\"https:\\\/\\\/eldigitaldeasturias.com\\\/magazine365\\\/air-canada-y-unifor-acuerdan-renovar-su-contrato-cinco-anos-mas\\\/\",\"name\":\"Air Canada y Unifor acuerdan renovar su contrato cinco a\\u00f1os m\\u00e1s | El Digital de Asturias\",\"description\":\"Air Canada ha anunciado el acuerdo con sus trabajadores de servicio al cliente y agentes de ventas --Unifor-- para renovar contrato por cinco a\\u00f1os m\\u00e1s, aunque la decisi\\u00f3n est\\u00e1 pendiente de ratificarse, seg\\u00fan ha informado la aerol\\u00ednea en un comunicado. La decisi\\u00f3n va en l\\u00ednea a los otros acuerdos alcanzados en los pasados ocho meses,\",\"inLanguage\":\"es-ES\",\"isPartOf\":{\"@id\":\"https:\\\/\\\/eldigitaldeasturias.com\\\/magazine365\\\/#website\"},\"breadcrumb\":{\"@id\":\"https:\\\/\\\/eldigitaldeasturias.com\\\/magazine365\\\/air-canada-y-unifor-acuerdan-renovar-su-contrato-cinco-anos-mas\\\/#breadcrumblist\"},\"author\":{\"@id\":\"https:\\\/\\\/eldigitaldeasturias.com\\\/magazine365\\\/author\\\/admin\\\/#author\"},\"creator\":{\"@id\":\"https:\\\/\\\/eldigitaldeasturias.com\\\/magazine365\\\/author\\\/admin\\\/#author\"},\"image\":{\"@type\":\"ImageObject\",\"url\":\"https:\\\/\\\/eldigitaldeasturias.com\\\/magazine365\\\/wp-content\\\/uploads\\\/2015\\\/06\\\/fotonoticia_20150615110216_800.jpg\",\"@id\":\"https:\\\/\\\/eldigitaldeasturias.com\\\/magazine365\\\/air-canada-y-unifor-acuerdan-renovar-su-contrato-cinco-anos-mas\\\/#mainImage\",\"width\":800,\"height\":629},\"primaryImageOfPage\":{\"@id\":\"https:\\\/\\\/eldigitaldeasturias.com\\\/magazine365\\\/air-canada-y-unifor-acuerdan-renovar-su-contrato-cinco-anos-mas\\\/#mainImage\"},\"datePublished\":\"2015-06-15T23:39:31+02:00\",\"dateModified\":\"2015-06-15T23:39:31+02:00\"},{\"@type\":\"WebSite\",\"@id\":\"https:\\\/\\\/eldigitaldeasturias.com\\\/magazine365\\\/#website\",\"url\":\"https:\\\/\\\/eldigitaldeasturias.com\\\/magazine365\\\/\",\"name\":\"El Digital de Asturias\",\"description\":\"Revista de ocio, turismo y estilo de vida\",\"inLanguage\":\"es-ES\",\"publisher\":{\"@id\":\"https:\\\/\\\/eldigitaldeasturias.com\\\/magazine365\\\/#organization\"}}]}\n\t\t<\/script>\n\t\t<!-- All in One SEO Pro -->\r\n\t\t<title>Air Canada y Unifor acuerdan renovar su contrato cinco a\u00f1os m\u00e1s | El Digital de Asturias<\/title>\n\n","aioseo_head_json":{"title":"Air Canada y Unifor acuerdan renovar su contrato cinco a\u00f1os m\u00e1s | El Digital de Asturias","description":"Air Canada ha anunciado el acuerdo con sus trabajadores de servicio al cliente y agentes de ventas --Unifor-- para renovar contrato por cinco a\u00f1os m\u00e1s, aunque la decisi\u00f3n est\u00e1 pendiente de ratificarse, seg\u00fan ha informado la aerol\u00ednea en un comunicado. La decisi\u00f3n va en l\u00ednea a los otros acuerdos alcanzados en los pasados ocho meses,","canonical_url":"https:\/\/eldigitaldeasturias.com\/magazine365\/air-canada-y-unifor-acuerdan-renovar-su-contrato-cinco-anos-mas\/","robots":"max-image-preview:large","keywords":"actualidad turismo","webmasterTools":{"google-site-verification":"UA-38556648-1","miscellaneous":""},"schema":{"@context":"https:\/\/schema.org","@graph":[{"@type":"Article","@id":"https:\/\/eldigitaldeasturias.com\/magazine365\/air-canada-y-unifor-acuerdan-renovar-su-contrato-cinco-anos-mas\/#article","name":"Air Canada y Unifor acuerdan renovar su contrato cinco a\u00f1os m\u00e1s | El Digital de Asturias","headline":"Air Canada y Unifor acuerdan renovar su contrato cinco a\u00f1os m\u00e1s","author":{"@id":"https:\/\/eldigitaldeasturias.com\/magazine365\/author\/admin\/#author"},"publisher":{"@id":"https:\/\/eldigitaldeasturias.com\/magazine365\/#organization"},"image":{"@type":"ImageObject","url":"https:\/\/eldigitaldeasturias.com\/magazine365\/wp-content\/uploads\/2015\/06\/fotonoticia_20150615110216_800.jpg","width":800,"height":629},"datePublished":"2015-06-15T23:39:31+02:00","dateModified":"2015-06-15T23:39:31+02:00","inLanguage":"es-ES","mainEntityOfPage":{"@id":"https:\/\/eldigitaldeasturias.com\/magazine365\/air-canada-y-unifor-acuerdan-renovar-su-contrato-cinco-anos-mas\/#webpage"},"isPartOf":{"@id":"https:\/\/eldigitaldeasturias.com\/magazine365\/air-canada-y-unifor-acuerdan-renovar-su-contrato-cinco-anos-mas\/#webpage"},"articleSection":"Actualidad Turismo"},{"@type":"BreadcrumbList","@id":"https:\/\/eldigitaldeasturias.com\/magazine365\/air-canada-y-unifor-acuerdan-renovar-su-contrato-cinco-anos-mas\/#breadcrumblist","itemListElement":[{"@type":"ListItem","@id":"https:\/\/eldigitaldeasturias.com\/magazine365#listItem","position":1,"name":"Home","item":"https:\/\/eldigitaldeasturias.com\/magazine365","nextItem":{"@type":"ListItem","@id":"https:\/\/eldigitaldeasturias.com\/magazine365\/category\/actualidad-turismo\/#listItem","name":"Actualidad Turismo"}},{"@type":"ListItem","@id":"https:\/\/eldigitaldeasturias.com\/magazine365\/category\/actualidad-turismo\/#listItem","position":2,"name":"Actualidad Turismo","item":"https:\/\/eldigitaldeasturias.com\/magazine365\/category\/actualidad-turismo\/","nextItem":{"@type":"ListItem","@id":"https:\/\/eldigitaldeasturias.com\/magazine365\/air-canada-y-unifor-acuerdan-renovar-su-contrato-cinco-anos-mas\/#listItem","name":"Air Canada y Unifor acuerdan renovar su contrato cinco a\u00f1os m\u00e1s"},"previousItem":{"@type":"ListItem","@id":"https:\/\/eldigitaldeasturias.com\/magazine365#listItem","name":"Home"}},{"@type":"ListItem","@id":"https:\/\/eldigitaldeasturias.com\/magazine365\/air-canada-y-unifor-acuerdan-renovar-su-contrato-cinco-anos-mas\/#listItem","position":3,"name":"Air Canada y Unifor acuerdan renovar su contrato cinco a\u00f1os m\u00e1s","previousItem":{"@type":"ListItem","@id":"https:\/\/eldigitaldeasturias.com\/magazine365\/category\/actualidad-turismo\/#listItem","name":"Actualidad Turismo"}}]},{"@type":"Organization","@id":"https:\/\/eldigitaldeasturias.com\/magazine365\/#organization","name":"El digital de Asturias","description":"Revista de ocio, turismo y estilo de vida","url":"https:\/\/eldigitaldeasturias.com\/magazine365\/","logo":{"@type":"ImageObject","url":"https:\/\/www.eldigitaldeasturias.com\/noticias\/wp-content\/uploads\/2020\/12\/EDA.jpg","@id":"https:\/\/eldigitaldeasturias.com\/magazine365\/air-canada-y-unifor-acuerdan-renovar-su-contrato-cinco-anos-mas\/#organizationLogo"},"image":{"@id":"https:\/\/eldigitaldeasturias.com\/magazine365\/air-canada-y-unifor-acuerdan-renovar-su-contrato-cinco-anos-mas\/#organizationLogo"}},{"@type":"Person","@id":"https:\/\/eldigitaldeasturias.com\/magazine365\/author\/admin\/#author","url":"https:\/\/eldigitaldeasturias.com\/magazine365\/author\/admin\/","name":"admin","image":{"@type":"ImageObject","@id":"https:\/\/eldigitaldeasturias.com\/magazine365\/air-canada-y-unifor-acuerdan-renovar-su-contrato-cinco-anos-mas\/#authorImage","url":"https:\/\/eldigitaldeasturias.com\/magazine365\/wp-content\/litespeed\/avatar\/e571bcf59a0edd6fa6838245a470f2fe.jpg?ver=1776969259","width":96,"height":96,"caption":"admin"}},{"@type":"WebPage","@id":"https:\/\/eldigitaldeasturias.com\/magazine365\/air-canada-y-unifor-acuerdan-renovar-su-contrato-cinco-anos-mas\/#webpage","url":"https:\/\/eldigitaldeasturias.com\/magazine365\/air-canada-y-unifor-acuerdan-renovar-su-contrato-cinco-anos-mas\/","name":"Air Canada y Unifor acuerdan renovar su contrato cinco a\u00f1os m\u00e1s | El Digital de Asturias","description":"Air Canada ha anunciado el acuerdo con sus trabajadores de servicio al cliente y agentes de ventas --Unifor-- para renovar contrato por cinco a\u00f1os m\u00e1s, aunque la decisi\u00f3n est\u00e1 pendiente de ratificarse, seg\u00fan ha informado la aerol\u00ednea en un comunicado. La decisi\u00f3n va en l\u00ednea a los otros acuerdos alcanzados en los pasados ocho meses,","inLanguage":"es-ES","isPartOf":{"@id":"https:\/\/eldigitaldeasturias.com\/magazine365\/#website"},"breadcrumb":{"@id":"https:\/\/eldigitaldeasturias.com\/magazine365\/air-canada-y-unifor-acuerdan-renovar-su-contrato-cinco-anos-mas\/#breadcrumblist"},"author":{"@id":"https:\/\/eldigitaldeasturias.com\/magazine365\/author\/admin\/#author"},"creator":{"@id":"https:\/\/eldigitaldeasturias.com\/magazine365\/author\/admin\/#author"},"image":{"@type":"ImageObject","url":"https:\/\/eldigitaldeasturias.com\/magazine365\/wp-content\/uploads\/2015\/06\/fotonoticia_20150615110216_800.jpg","@id":"https:\/\/eldigitaldeasturias.com\/magazine365\/air-canada-y-unifor-acuerdan-renovar-su-contrato-cinco-anos-mas\/#mainImage","width":800,"height":629},"primaryImageOfPage":{"@id":"https:\/\/eldigitaldeasturias.com\/magazine365\/air-canada-y-unifor-acuerdan-renovar-su-contrato-cinco-anos-mas\/#mainImage"},"datePublished":"2015-06-15T23:39:31+02:00","dateModified":"2015-06-15T23:39:31+02:00"},{"@type":"WebSite","@id":"https:\/\/eldigitaldeasturias.com\/magazine365\/#website","url":"https:\/\/eldigitaldeasturias.com\/magazine365\/","name":"El Digital de Asturias","description":"Revista de ocio, turismo y estilo de vida","inLanguage":"es-ES","publisher":{"@id":"https:\/\/eldigitaldeasturias.com\/magazine365\/#organization"}}]},"og:locale":"es_ES","og:site_name":"El Digital de Asturias \u2013 Revista de ocio, turismo y estilo de vida","og:type":"article","og:title":"Air Canada y Unifor acuerdan renovar su contrato cinco a\u00f1os m\u00e1s | El Digital de Asturias","og:description":"Air Canada ha anunciado el acuerdo con sus trabajadores de servicio al cliente y agentes de ventas --Unifor-- para renovar contrato por cinco a\u00f1os m\u00e1s, aunque la decisi\u00f3n est\u00e1 pendiente de ratificarse, seg\u00fan ha informado la aerol\u00ednea en un comunicado. La decisi\u00f3n va en l\u00ednea a los otros acuerdos alcanzados en los pasados ocho meses,","og:url":"https:\/\/eldigitaldeasturias.com\/magazine365\/air-canada-y-unifor-acuerdan-renovar-su-contrato-cinco-anos-mas\/","og:image":"https:\/\/eldigitaldeasturias.com\/magazine365\/wp-content\/uploads\/2015\/06\/fotonoticia_20150615110216_800.jpg","og:image:secure_url":"https:\/\/eldigitaldeasturias.com\/magazine365\/wp-content\/uploads\/2015\/06\/fotonoticia_20150615110216_800.jpg","og:image:width":800,"og:image:height":629,"article:published_time":"2015-06-15T22:09:31+00:00","article:modified_time":"2015-06-15T22:09:31+00:00","twitter:card":"summary_large_image","twitter:title":"Air Canada y Unifor acuerdan renovar su contrato cinco a\u00f1os m\u00e1s | El Digital de Asturias","twitter:description":"Air Canada ha anunciado el acuerdo con sus trabajadores de servicio al cliente y agentes de ventas --Unifor-- para renovar contrato por cinco a\u00f1os m\u00e1s, aunque la decisi\u00f3n est\u00e1 pendiente de ratificarse, seg\u00fan ha informado la aerol\u00ednea en un comunicado. La decisi\u00f3n va en l\u00ednea a los otros acuerdos alcanzados en los pasados ocho meses,","twitter:image":"https:\/\/eldigitaldeasturias.com\/magazine365\/wp-content\/uploads\/2015\/06\/fotonoticia_20150615110216_800.jpg"},"aioseo_meta_data":{"post_id":"39832","title":null,"description":null,"keywords":null,"keyphrases":null,"primary_term":null,"canonical_url":null,"og_title":null,"og_description":null,"og_object_type":"default","og_image_type":"default","og_image_url":null,"og_image_width":null,"og_image_height":null,"og_image_custom_url":null,"og_image_custom_fields":null,"og_video":null,"og_custom_url":null,"og_article_section":null,"og_article_tags":null,"twitter_use_og":false,"twitter_card":"default","twitter_image_type":"default","twitter_image_url":null,"twitter_image_custom_url":null,"twitter_image_custom_fields":null,"twitter_title":null,"twitter_description":null,"schema":{"blockGraphs":[],"customGraphs":[],"default":{"data":{"Article":[],"Course":[],"Dataset":[],"FAQPage":[],"Movie":[],"Person":[],"Product":[],"ProductReview":[],"Car":[],"Recipe":[],"Service":[],"SoftwareApplication":[],"WebPage":[]},"graphName":"","isEnabled":true},"graphs":[],"defaultGraph":"","defaultPostTypeGraph":""},"schema_type":null,"schema_type_options":null,"pillar_content":false,"robots_default":true,"robots_noindex":false,"robots_noarchive":false,"robots_nosnippet":false,"robots_nofollow":false,"robots_noimageindex":false,"robots_noodp":false,"robots_notranslate":false,"robots_max_snippet":null,"robots_max_videopreview":null,"robots_max_imagepreview":"large","priority":null,"frequency":null,"location":null,"local_seo":null,"seo_analyzer_scan_date":"2025-09-19 12:24:57","breadcrumb_settings":null,"limit_modified_date":false,"open_ai":null,"ai":null,"created":"2021-03-09 02:36:41","updated":"2025-09-19 12:24:57"},"aioseo_breadcrumb":"<div class=\"aioseo-breadcrumbs\"><span class=\"aioseo-breadcrumb\">\n\t<a href=\"https:\/\/eldigitaldeasturias.com\/magazine365\" title=\"Home\">Home<\/a>\n<\/span><span class=\"aioseo-breadcrumb-separator\">\u2013<\/span><span class=\"aioseo-breadcrumb\">\n\t<a href=\"https:\/\/eldigitaldeasturias.com\/magazine365\/category\/actualidad-turismo\/\" title=\"Actualidad Turismo\">Actualidad Turismo<\/a>\n<\/span><span class=\"aioseo-breadcrumb-separator\">\u2013<\/span><span class=\"aioseo-breadcrumb\">\n\t<a href=\"https:\/\/eldigitaldeasturias.com\/magazine365\/air-canada-y-unifor-acuerdan-renovar-su-contrato-cinco-anos-mas\/\" title=\"Air Canada y Unifor acuerdan renovar su contrato cinco a\u00f1os m\u00e1s\">Air Canada y Unifor acuerdan renovar su contrato cinco a\u00f1os m\u00e1s<\/a>\n<\/span><\/div>","aioseo_breadcrumb_json":[{"label":"Home","link":"https:\/\/eldigitaldeasturias.com\/magazine365"},{"label":"Actualidad Turismo","link":"https:\/\/eldigitaldeasturias.com\/magazine365\/category\/actualidad-turismo\/"},{"label":"Air Canada y Unifor acuerdan renovar su contrato cinco a\u00f1os m\u00e1s","link":"https:\/\/eldigitaldeasturias.com\/magazine365\/air-canada-y-unifor-acuerdan-renovar-su-contrato-cinco-anos-mas\/"}],"_links":{"self":[{"href":"https:\/\/eldigitaldeasturias.com\/magazine365\/wp-json\/wp\/v2\/posts\/39832","targetHints":{"allow":["GET"]}}],"collection":[{"href":"https:\/\/eldigitaldeasturias.com\/magazine365\/wp-json\/wp\/v2\/posts"}],"about":[{"href":"https:\/\/eldigitaldeasturias.com\/magazine365\/wp-json\/wp\/v2\/types\/post"}],"author":[{"embeddable":true,"href":"https:\/\/eldigitaldeasturias.com\/magazine365\/wp-json\/wp\/v2\/users\/1"}],"replies":[{"embeddable":true,"href":"https:\/\/eldigitaldeasturias.com\/magazine365\/wp-json\/wp\/v2\/comments?post=39832"}],"version-history":[{"count":0,"href":"https:\/\/eldigitaldeasturias.com\/magazine365\/wp-json\/wp\/v2\/posts\/39832\/revisions"}],"wp:featuredmedia":[{"embeddable":true,"href":"https:\/\/eldigitaldeasturias.com\/magazine365\/wp-json\/wp\/v2\/media\/39833"}],"wp:attachment":[{"href":"https:\/\/eldigitaldeasturias.com\/magazine365\/wp-json\/wp\/v2\/media?parent=39832"}],"wp:term":[{"taxonomy":"category","embeddable":true,"href":"https:\/\/eldigitaldeasturias.com\/magazine365\/wp-json\/wp\/v2\/categories?post=39832"},{"taxonomy":"post_tag","embeddable":true,"href":"https:\/\/eldigitaldeasturias.com\/magazine365\/wp-json\/wp\/v2\/tags?post=39832"}],"curies":[{"name":"wp","href":"https:\/\/api.w.org\/{rel}","templated":true}]}}