{"id":39826,"date":"2015-06-15T23:36:28","date_gmt":"2015-06-15T22:06:28","guid":{"rendered":"http:\/\/eldigitaldeasturias.com\/magazine365\/?p=39826"},"modified":"2015-06-15T23:36:28","modified_gmt":"2015-06-15T22:06:28","slug":"las-baleares-cuatro-islas-unidas-por-la-naturaleza","status":"publish","type":"post","link":"https:\/\/eldigitaldeasturias.com\/magazine365\/las-baleares-cuatro-islas-unidas-por-la-naturaleza\/","title":{"rendered":"Las Baleares, cuatro islas unidas por la naturaleza"},"content":{"rendered":"<p><img fetchpriority=\"high\" decoding=\"async\" class=\"alignleft size-medium wp-image-39827\" src=\"https:\/\/eldigitaldeasturias.com\/magazine365\/wp-content\/uploads\/2015\/06\/fotonoticia_20150615103411_800-360x254.jpg\" alt=\"fotonoticia_20150615103411_800\" width=\"360\" height=\"254\" srcset=\"https:\/\/eldigitaldeasturias.com\/magazine365\/wp-content\/uploads\/2015\/06\/fotonoticia_20150615103411_800-360x254.jpg 360w, https:\/\/eldigitaldeasturias.com\/magazine365\/wp-content\/uploads\/2015\/06\/fotonoticia_20150615103411_800-650x459.jpg 650w, https:\/\/eldigitaldeasturias.com\/magazine365\/wp-content\/uploads\/2015\/06\/fotonoticia_20150615103411_800-768x542.jpg 768w, https:\/\/eldigitaldeasturias.com\/magazine365\/wp-content\/uploads\/2015\/06\/fotonoticia_20150615103411_800-150x106.jpg 150w, https:\/\/eldigitaldeasturias.com\/magazine365\/wp-content\/uploads\/2015\/06\/fotonoticia_20150615103411_800-450x318.jpg 450w, https:\/\/eldigitaldeasturias.com\/magazine365\/wp-content\/uploads\/2015\/06\/fotonoticia_20150615103411_800-100x70.jpg 100w, https:\/\/eldigitaldeasturias.com\/magazine365\/wp-content\/uploads\/2015\/06\/fotonoticia_20150615103411_800-696x492.jpg 696w, https:\/\/eldigitaldeasturias.com\/magazine365\/wp-content\/uploads\/2015\/06\/fotonoticia_20150615103411_800-595x420.jpg 595w, https:\/\/eldigitaldeasturias.com\/magazine365\/wp-content\/uploads\/2015\/06\/fotonoticia_20150615103411_800.jpg 800w\" sizes=\"(max-width: 360px) 100vw, 360px\" \/>Los 90 kil\u00f3metros de largo de la Serra de Tramuntana en Mallorca y sus m\u00e1s de 50 picos de m\u00e1s 1.000 metros, la gran variedad de sistemas naturales que coexisten en una isla \u00abtan peque\u00f1a como Menorca\u00bb o las praderas de posidonia en las aguas de Ibiza y Formentera son algunos de los atractivos naturales de Baleares y comparten el mismo denominador com\u00fan: todos est\u00e1n protegidos por la Unesco.<\/p>\n<p>La Serra de Tramuntana en Mallorca (o simplemente, la Serra, como se refieren a ella los locales) fue declarada Patrimonio Mundial en categor\u00eda de Paisaje Cultural en 2011 por la Organizaci\u00f3n de las Naciones Unidas para la Educaci\u00f3n, la Ciencia y la Cultura (Unesco). Es la principal cordillera de la Comunidad aut\u00f3noma y recorre, a lo largo de 90 kil\u00f3metros, la isla m\u00e1s grande de las Baleares.<\/p>\n<p>Seg\u00fan su portal en Internet, en ella se da \u00abuna simbiosis casi perfecta entre la acci\u00f3n del ser humano y la naturaleza, realizada durante siglos, de la que ha resultado una monumental obra en la que se mezclan cultura, tradiciones, est\u00e9tica, espiritualidad e identidad\u00bb. La recorren algunos de los pueblos con m\u00e1s solera de Mallorca, tales como Valldemossa o Dei\u00e0, as\u00ed como iglesias, santuarios, torres, faros y estructuras de &#8216;pedra en sec&#8217; repartidas por toda su extensi\u00f3n.<\/p>\n<p>La Cartuja de Valldemossa, palacio de estilo neocl\u00e1sico que fue el hogar del Rey Sancho I de Mallorca, es un bien declarado de inter\u00e9s cultural y patrimonio hist\u00f3rico de Espa\u00f1a, en el que residieron el m\u00fasico Frederic Chopin y la escritora George Sand. Ah\u00ed, \u00e9l compuso &#8216;Preludios Op. 28&#8217; y ella escribi\u00f3 el c\u00e9lebre &#8216;Un invierno en Mallorca&#8217;. Personajes como Rub\u00e9n Dar\u00edo, Jorge Luis Borges, Gaspar Melchor de Jovellanos, Santiago Rusi\u00f1ol tambi\u00e9n se alojaron en ella.<\/p>\n<p>El pueblo en s\u00ed procede de una alquer\u00eda musulmana y actualmente forma un pintoresco y delicado paisaje urbano que rezuma elegancia, tranquilidad y tradici\u00f3n. Es y ha sido residencia de pintores como Josep Coll Bardolet, Nils Burwitz, Bruno Zupan, Bernat Re\u00fcll y Claudio Torcigliani. Por otra parte, la Serra tambi\u00e9n cuenta con numerosas rutas para hacer senderismo o nordic walking: entre sus 54 cimas de m\u00e1s de 1.000 metros (m) destacan el Puig Major (1.443 m), el Massanella (1.348 m), la Serra d&#8217;Alf\u00e0bia (1.069 m), es Teix (1.064) o el Galatz\u00f3 (1.026 m).<\/p>\n<p>PEDRA EN SEC<\/p>\n<p>Dentro de las numerosas posibilidades de la Serra, una de las principales opciones es la Ruta de Pedra en Sec GR 221 que es el primer sendero de gran recorrido de Baleares y propone descubrir los paisajes construidos con esta tecnolog\u00eda tradicional. Se pueden ver paredes, marges, caminos, barracas y obras hidr\u00e1ulicas distribuidos en 149,5 kil\u00f3metros abiertos y se\u00f1alizados que pasan, entre otras localizaciones, por Dei\u00e0, Pollen\u00e7a, Banyalbufar, Esporles, Calvi\u00e0, Puigpunyent u Orient.<\/p>\n<p>Este a\u00f1o, adem\u00e1s, se ha impulsado la apertura de una segunda ruta de pedra en sec, la GR 222 entre Lluc y Art\u00e0, que conecta la zona central de la Serra de Tramuntana con las sierras de Llevant y su parque natural. Actualmente, tiene abiertos 48 kil\u00f3metros y cuando est\u00e9 terminada contar\u00e1 con 134 kil\u00f3metros transitables.<\/p>\n<p>Atravesando la Serra, se encuentra el Torrent de Pareis, un paraje declarado Monumento Natural en 2003 que acaba en el Mar Mediterr\u00e1neo y alberga al sapillo balear (ferreret), una especie que s\u00f3lo se encuentra en Baleares. Debido a su belleza, en \u00e9l se han rodado varias pel\u00edculas, como una de las \u00faltimas producciones de los directores de &#8216;The Matrix&#8217;, &#8216;El atlas de las nubes&#8217; o la cl\u00e1sica &#8216;El S\u00e9ptimo viaje de Simbad&#8217; con efectos especiales del maestro Ray Harryhausen.<\/p>\n<p>Con todo esto, la Unesco define la Serra como \u00abun ejemplo significativo del paisaje agr\u00edcola mediterr\u00e1neo\u00bb que tras \u00absiglos de transformaciones del terreno escarpado para explotar los recursos\u00bb se ha adaptado \u00aba los asentamientos humanos\u00bb.<\/p>\n<p>Tambi\u00e9n en Mallorca, al nordeste, entre Sa Pobla y Muro, se encuentra la Albufera, la zona h\u00fameda m\u00e1s extensa del Archipi\u00e9lago, que cuenta con una superficie de 1.646,48 hect\u00e1reas terrestres y se puede visitar a pie o en bicicleta. Gracias a las casetas para realizar &#8216;birdwatching&#8217;, se pueden ver 271 especies diferentes de aves.<\/p>\n<p>Cabe destacar, adem\u00e1s, la red de refugios del Govern, con un total de 14 albergues y que permiten la realizaci\u00f3n de peque\u00f1as estancias en contacto con la naturaleza, seg\u00fan la p\u00e1gina web de la Comunidad aut\u00f3noma. Muchos de ellos est\u00e1n en la Serra pero resalta el del refugio de s&#8217;Arenalet, en Art\u00e0: antes fue la casa de veraneo de los antiguos se\u00f1ores de la finca de Albarca y se encuentra junto a la playa de s&#8217;Arenalet des Verger, en el Parque Natural de Llevant.<\/p>\n<p>MENORCA, RESERVA DE LA BIOSFERA<\/p>\n<p>Desde 1993, Menorca est\u00e1 declarada por la Unesco Reserva de la Biosfera. Estas reservas son ecosistemas que impulsan \u00abarm\u00f3nicamente\u00bb la \u00abintegraci\u00f3n de poblaciones y naturaleza\u00bb para promover \u00abun desarrollo sostenible mediante un di\u00e1logo participativo, el intercambio de conocimiento, la reducci\u00f3n de la pobreza, la mejora del bienestar, el respeto a los valores culturales y la capacidad de adaptaci\u00f3n de la sociedad ante los cambios\u00bb.<\/p>\n<p>As\u00ed, en los 216 kil\u00f3metros de per\u00edmetro total de Menorca hay muestras de los principales h\u00e1bitats mediterr\u00e1neos en barrancos, cuevas y simas, zonas h\u00famedas, sistemas dunares, islotes, peque\u00f1as colinas y cerros, y amplios espacios abiertos de car\u00e1cter rural.<\/p>\n<p>Entre todas las posibilidades para disfrutar de la naturaleza, destaca el popular Cam\u00ed de Cavalls: 185 kil\u00f3metros de Bien de Inter\u00e9s Cultural y de Patrimonio Hist\u00f3rico de Espa\u00f1a que rodean Menorca a trav\u00e9s de acantilados, playas, senderos y rutas monta\u00f1osas y n\u00facleos urbanos. Puede recorrerse a pie, corriendo, a caballo, en bicicleta e incluso en \u00e9l se realizan competiciones, este recorrido conocido entre los senderistas como GR 223 es la principal ruta de elecci\u00f3n de estos deportistas en la Isla.<\/p>\n<p>A parte de esto, Menorca cuenta con distintas rutas que combinan cultura y naturaleza como la denominada ruta talay\u00f3tica, con una colecci\u00f3n de monumentos de m\u00e1s de 4.000 a\u00f1os de historia, que son candidatos a Patrimonio Mundial de la Unesco en la categor\u00eda &#8216;\u00danica en el Mundo&#8217;. Adem\u00e1s, la Isla cuenta con los vestigios legados por el dominio brit\u00e1nico de casi un siglo, el XVIII, o las construcciones fortificadas que se fueron construyendo desde la Edad Media por su situaci\u00f3n estrat\u00e9gica en medio del Mediterr\u00e1neo occidental.<\/p>\n<p>BUCEO EN IBIZA Y FORMENTERA<\/p>\n<p>Las Pitiusas (Ibiza y Formentera), poseen unas de las \u00abpraderas marinas de posidonia oce\u00e1nica mejor conservadas del Mediterr\u00e1neo\u00bb y desde 1999, las que se encuentran en el Parque Natural de Ses Salines, est\u00e1n catalogadas como Patrimonio de la Humanidad por la Unesco. Debido a esto y a sus m\u00e1s de 200 kil\u00f3metros de costa, Ibiza es un lugar id\u00f3neo para practicar buceo. Por esto, los empresarios isle\u00f1os ponen a disposici\u00f3n de los interesados numerosas empresas donde ofrecen los servicios necesarios para realizar este deporte.<\/p>\n<p>Adem\u00e1s, Ses Salines fueron declaradas Reserva Natural en 1995 y Parque Natural en 2001. Ah\u00ed conviven comunidades vegetales y animales end\u00e9micas bajo un ecosistema condicionado por la predominancia de la sal que impera desde el sur de Ibiza hasta el norte de Formentera. En algunos puntos existen dunas blancas de sal almacenada ya que \u00e9sta se sigue extrayendo con m\u00e9todos tradicionales y se almacena en los alrededores.<\/p>\n<p>Este paisaje, adem\u00e1s, fue declarado Zona de Especial Protecci\u00f3n para las Aves ya que en \u00e9l hay catalogadas 210 especies entre las que destacan las garzas y flamencos que se pueden ver durante sus pasos migratorios de julio a octubre y de febrero a mayo.<\/p>\n","protected":false},"excerpt":{"rendered":"<p>Los 90 kil\u00f3metros de largo de la Serra de Tramuntana en Mallorca y sus m\u00e1s de 50 picos de m\u00e1s 1.000 metros, la gran variedad de sistemas naturales que coexisten en una isla \u00abtan peque\u00f1a como Menorca\u00bb o las praderas de posidonia en las aguas de Ibiza y Formentera son algunos de los atractivos naturales<\/p>\n","protected":false},"author":1,"featured_media":39827,"comment_status":"open","ping_status":"closed","sticky":false,"template":"","format":"standard","meta":{"footnotes":""},"categories":[222],"tags":[],"class_list":{"0":"post-39826","1":"post","2":"type-post","3":"status-publish","4":"format-standard","5":"has-post-thumbnail","7":"category-actualidad-turismo"},"aioseo_notices":[],"aioseo_head":"\n\t\t<!-- All in One SEO Pro 4.9.6.1 - aioseo.com -->\n\t<meta name=\"description\" content=\"Los 90 kil\u00f3metros de largo de la Serra de Tramuntana en Mallorca y sus m\u00e1s de 50 picos de m\u00e1s 1.000 metros, la gran variedad de sistemas naturales que coexisten en una isla &quot;tan peque\u00f1a como Menorca&quot; o las praderas de posidonia en las aguas de Ibiza y Formentera son algunos de los atractivos naturales\" \/>\n\t<meta name=\"robots\" content=\"max-image-preview:large\" \/>\n\t<meta name=\"author\" content=\"admin\"\/>\n\t<meta name=\"google-site-verification\" content=\"UA-38556648-1\" \/>\n\t<meta name=\"keywords\" content=\"actualidad turismo\" \/>\n\t<link rel=\"canonical\" href=\"https:\/\/eldigitaldeasturias.com\/magazine365\/las-baleares-cuatro-islas-unidas-por-la-naturaleza\/\" \/>\n\t<meta name=\"generator\" content=\"All in One SEO Pro (AIOSEO) 4.9.6.1\" \/>\n\t\t<meta property=\"og:locale\" content=\"es_ES\" \/>\n\t\t<meta property=\"og:site_name\" content=\"El Digital de Asturias \u2013 Revista de ocio, turismo y estilo de vida\" \/>\n\t\t<meta property=\"og:type\" content=\"article\" \/>\n\t\t<meta property=\"og:title\" content=\"Las Baleares, cuatro islas unidas por la naturaleza | El Digital de Asturias\" \/>\n\t\t<meta property=\"og:description\" content=\"Los 90 kil\u00f3metros de largo de la Serra de Tramuntana en Mallorca y sus m\u00e1s de 50 picos de m\u00e1s 1.000 metros, la gran variedad de sistemas naturales que coexisten en una isla &quot;tan peque\u00f1a como Menorca&quot; o las praderas de posidonia en las aguas de Ibiza y Formentera son algunos de los atractivos naturales\" \/>\n\t\t<meta property=\"og:url\" content=\"https:\/\/eldigitaldeasturias.com\/magazine365\/las-baleares-cuatro-islas-unidas-por-la-naturaleza\/\" \/>\n\t\t<meta property=\"og:image\" content=\"https:\/\/eldigitaldeasturias.com\/magazine365\/wp-content\/uploads\/2015\/06\/fotonoticia_20150615103411_800.jpg\" \/>\n\t\t<meta property=\"og:image:secure_url\" content=\"https:\/\/eldigitaldeasturias.com\/magazine365\/wp-content\/uploads\/2015\/06\/fotonoticia_20150615103411_800.jpg\" \/>\n\t\t<meta property=\"og:image:width\" content=\"800\" \/>\n\t\t<meta property=\"og:image:height\" content=\"565\" \/>\n\t\t<meta property=\"article:published_time\" content=\"2015-06-15T22:06:28+00:00\" \/>\n\t\t<meta property=\"article:modified_time\" content=\"2015-06-15T22:06:28+00:00\" \/>\n\t\t<meta name=\"twitter:card\" content=\"summary_large_image\" \/>\n\t\t<meta name=\"twitter:title\" content=\"Las Baleares, cuatro islas unidas por la naturaleza | El Digital de Asturias\" \/>\n\t\t<meta name=\"twitter:description\" content=\"Los 90 kil\u00f3metros de largo de la Serra de Tramuntana en Mallorca y sus m\u00e1s de 50 picos de m\u00e1s 1.000 metros, la gran variedad de sistemas naturales que coexisten en una isla &quot;tan peque\u00f1a como Menorca&quot; o las praderas de posidonia en las aguas de Ibiza y Formentera son algunos de los atractivos naturales\" \/>\n\t\t<meta name=\"twitter:image\" content=\"https:\/\/eldigitaldeasturias.com\/magazine365\/wp-content\/uploads\/2015\/06\/fotonoticia_20150615103411_800.jpg\" \/>\n\t\t<script type=\"application\/ld+json\" class=\"aioseo-schema\">\n\t\t\t{\"@context\":\"https:\\\/\\\/schema.org\",\"@graph\":[{\"@type\":\"Article\",\"@id\":\"https:\\\/\\\/eldigitaldeasturias.com\\\/magazine365\\\/las-baleares-cuatro-islas-unidas-por-la-naturaleza\\\/#article\",\"name\":\"Las Baleares, cuatro islas unidas por la naturaleza | El Digital de Asturias\",\"headline\":\"Las Baleares, cuatro islas unidas por la naturaleza\",\"author\":{\"@id\":\"https:\\\/\\\/eldigitaldeasturias.com\\\/magazine365\\\/author\\\/admin\\\/#author\"},\"publisher\":{\"@id\":\"https:\\\/\\\/eldigitaldeasturias.com\\\/magazine365\\\/#organization\"},\"image\":{\"@type\":\"ImageObject\",\"url\":\"https:\\\/\\\/eldigitaldeasturias.com\\\/magazine365\\\/wp-content\\\/uploads\\\/2015\\\/06\\\/fotonoticia_20150615103411_800.jpg\",\"width\":800,\"height\":565},\"datePublished\":\"2015-06-15T23:36:28+02:00\",\"dateModified\":\"2015-06-15T23:36:28+02:00\",\"inLanguage\":\"es-ES\",\"mainEntityOfPage\":{\"@id\":\"https:\\\/\\\/eldigitaldeasturias.com\\\/magazine365\\\/las-baleares-cuatro-islas-unidas-por-la-naturaleza\\\/#webpage\"},\"isPartOf\":{\"@id\":\"https:\\\/\\\/eldigitaldeasturias.com\\\/magazine365\\\/las-baleares-cuatro-islas-unidas-por-la-naturaleza\\\/#webpage\"},\"articleSection\":\"Actualidad Turismo\"},{\"@type\":\"BreadcrumbList\",\"@id\":\"https:\\\/\\\/eldigitaldeasturias.com\\\/magazine365\\\/las-baleares-cuatro-islas-unidas-por-la-naturaleza\\\/#breadcrumblist\",\"itemListElement\":[{\"@type\":\"ListItem\",\"@id\":\"https:\\\/\\\/eldigitaldeasturias.com\\\/magazine365#listItem\",\"position\":1,\"name\":\"Home\",\"item\":\"https:\\\/\\\/eldigitaldeasturias.com\\\/magazine365\",\"nextItem\":{\"@type\":\"ListItem\",\"@id\":\"https:\\\/\\\/eldigitaldeasturias.com\\\/magazine365\\\/category\\\/actualidad-turismo\\\/#listItem\",\"name\":\"Actualidad Turismo\"}},{\"@type\":\"ListItem\",\"@id\":\"https:\\\/\\\/eldigitaldeasturias.com\\\/magazine365\\\/category\\\/actualidad-turismo\\\/#listItem\",\"position\":2,\"name\":\"Actualidad Turismo\",\"item\":\"https:\\\/\\\/eldigitaldeasturias.com\\\/magazine365\\\/category\\\/actualidad-turismo\\\/\",\"nextItem\":{\"@type\":\"ListItem\",\"@id\":\"https:\\\/\\\/eldigitaldeasturias.com\\\/magazine365\\\/las-baleares-cuatro-islas-unidas-por-la-naturaleza\\\/#listItem\",\"name\":\"Las Baleares, cuatro islas unidas por la naturaleza\"},\"previousItem\":{\"@type\":\"ListItem\",\"@id\":\"https:\\\/\\\/eldigitaldeasturias.com\\\/magazine365#listItem\",\"name\":\"Home\"}},{\"@type\":\"ListItem\",\"@id\":\"https:\\\/\\\/eldigitaldeasturias.com\\\/magazine365\\\/las-baleares-cuatro-islas-unidas-por-la-naturaleza\\\/#listItem\",\"position\":3,\"name\":\"Las Baleares, cuatro islas unidas por la naturaleza\",\"previousItem\":{\"@type\":\"ListItem\",\"@id\":\"https:\\\/\\\/eldigitaldeasturias.com\\\/magazine365\\\/category\\\/actualidad-turismo\\\/#listItem\",\"name\":\"Actualidad Turismo\"}}]},{\"@type\":\"Organization\",\"@id\":\"https:\\\/\\\/eldigitaldeasturias.com\\\/magazine365\\\/#organization\",\"name\":\"El digital de Asturias\",\"description\":\"Revista de ocio, turismo y estilo de vida\",\"url\":\"https:\\\/\\\/eldigitaldeasturias.com\\\/magazine365\\\/\",\"logo\":{\"@type\":\"ImageObject\",\"url\":\"https:\\\/\\\/www.eldigitaldeasturias.com\\\/noticias\\\/wp-content\\\/uploads\\\/2020\\\/12\\\/EDA.jpg\",\"@id\":\"https:\\\/\\\/eldigitaldeasturias.com\\\/magazine365\\\/las-baleares-cuatro-islas-unidas-por-la-naturaleza\\\/#organizationLogo\"},\"image\":{\"@id\":\"https:\\\/\\\/eldigitaldeasturias.com\\\/magazine365\\\/las-baleares-cuatro-islas-unidas-por-la-naturaleza\\\/#organizationLogo\"}},{\"@type\":\"Person\",\"@id\":\"https:\\\/\\\/eldigitaldeasturias.com\\\/magazine365\\\/author\\\/admin\\\/#author\",\"url\":\"https:\\\/\\\/eldigitaldeasturias.com\\\/magazine365\\\/author\\\/admin\\\/\",\"name\":\"admin\",\"image\":{\"@type\":\"ImageObject\",\"@id\":\"https:\\\/\\\/eldigitaldeasturias.com\\\/magazine365\\\/las-baleares-cuatro-islas-unidas-por-la-naturaleza\\\/#authorImage\",\"url\":\"https:\\\/\\\/eldigitaldeasturias.com\\\/magazine365\\\/wp-content\\\/litespeed\\\/avatar\\\/e571bcf59a0edd6fa6838245a470f2fe.jpg?ver=1776969259\",\"width\":96,\"height\":96,\"caption\":\"admin\"}},{\"@type\":\"WebPage\",\"@id\":\"https:\\\/\\\/eldigitaldeasturias.com\\\/magazine365\\\/las-baleares-cuatro-islas-unidas-por-la-naturaleza\\\/#webpage\",\"url\":\"https:\\\/\\\/eldigitaldeasturias.com\\\/magazine365\\\/las-baleares-cuatro-islas-unidas-por-la-naturaleza\\\/\",\"name\":\"Las Baleares, cuatro islas unidas por la naturaleza | El Digital de Asturias\",\"description\":\"Los 90 kil\\u00f3metros de largo de la Serra de Tramuntana en Mallorca y sus m\\u00e1s de 50 picos de m\\u00e1s 1.000 metros, la gran variedad de sistemas naturales que coexisten en una isla \\\"tan peque\\u00f1a como Menorca\\\" o las praderas de posidonia en las aguas de Ibiza y Formentera son algunos de los atractivos naturales\",\"inLanguage\":\"es-ES\",\"isPartOf\":{\"@id\":\"https:\\\/\\\/eldigitaldeasturias.com\\\/magazine365\\\/#website\"},\"breadcrumb\":{\"@id\":\"https:\\\/\\\/eldigitaldeasturias.com\\\/magazine365\\\/las-baleares-cuatro-islas-unidas-por-la-naturaleza\\\/#breadcrumblist\"},\"author\":{\"@id\":\"https:\\\/\\\/eldigitaldeasturias.com\\\/magazine365\\\/author\\\/admin\\\/#author\"},\"creator\":{\"@id\":\"https:\\\/\\\/eldigitaldeasturias.com\\\/magazine365\\\/author\\\/admin\\\/#author\"},\"image\":{\"@type\":\"ImageObject\",\"url\":\"https:\\\/\\\/eldigitaldeasturias.com\\\/magazine365\\\/wp-content\\\/uploads\\\/2015\\\/06\\\/fotonoticia_20150615103411_800.jpg\",\"@id\":\"https:\\\/\\\/eldigitaldeasturias.com\\\/magazine365\\\/las-baleares-cuatro-islas-unidas-por-la-naturaleza\\\/#mainImage\",\"width\":800,\"height\":565},\"primaryImageOfPage\":{\"@id\":\"https:\\\/\\\/eldigitaldeasturias.com\\\/magazine365\\\/las-baleares-cuatro-islas-unidas-por-la-naturaleza\\\/#mainImage\"},\"datePublished\":\"2015-06-15T23:36:28+02:00\",\"dateModified\":\"2015-06-15T23:36:28+02:00\"},{\"@type\":\"WebSite\",\"@id\":\"https:\\\/\\\/eldigitaldeasturias.com\\\/magazine365\\\/#website\",\"url\":\"https:\\\/\\\/eldigitaldeasturias.com\\\/magazine365\\\/\",\"name\":\"El Digital de Asturias\",\"description\":\"Revista de ocio, turismo y estilo de vida\",\"inLanguage\":\"es-ES\",\"publisher\":{\"@id\":\"https:\\\/\\\/eldigitaldeasturias.com\\\/magazine365\\\/#organization\"}}]}\n\t\t<\/script>\n\t\t<!-- All in One SEO Pro -->\r\n\t\t<title>Las Baleares, cuatro islas unidas por la naturaleza | El Digital de Asturias<\/title>\n\n","aioseo_head_json":{"title":"Las Baleares, cuatro islas unidas por la naturaleza | El Digital de Asturias","description":"Los 90 kil\u00f3metros de largo de la Serra de Tramuntana en Mallorca y sus m\u00e1s de 50 picos de m\u00e1s 1.000 metros, la gran variedad de sistemas naturales que coexisten en una isla \"tan peque\u00f1a como Menorca\" o las praderas de posidonia en las aguas de Ibiza y Formentera son algunos de los atractivos naturales","canonical_url":"https:\/\/eldigitaldeasturias.com\/magazine365\/las-baleares-cuatro-islas-unidas-por-la-naturaleza\/","robots":"max-image-preview:large","keywords":"actualidad turismo","webmasterTools":{"google-site-verification":"UA-38556648-1","miscellaneous":""},"schema":{"@context":"https:\/\/schema.org","@graph":[{"@type":"Article","@id":"https:\/\/eldigitaldeasturias.com\/magazine365\/las-baleares-cuatro-islas-unidas-por-la-naturaleza\/#article","name":"Las Baleares, cuatro islas unidas por la naturaleza | El Digital de Asturias","headline":"Las Baleares, cuatro islas unidas por la naturaleza","author":{"@id":"https:\/\/eldigitaldeasturias.com\/magazine365\/author\/admin\/#author"},"publisher":{"@id":"https:\/\/eldigitaldeasturias.com\/magazine365\/#organization"},"image":{"@type":"ImageObject","url":"https:\/\/eldigitaldeasturias.com\/magazine365\/wp-content\/uploads\/2015\/06\/fotonoticia_20150615103411_800.jpg","width":800,"height":565},"datePublished":"2015-06-15T23:36:28+02:00","dateModified":"2015-06-15T23:36:28+02:00","inLanguage":"es-ES","mainEntityOfPage":{"@id":"https:\/\/eldigitaldeasturias.com\/magazine365\/las-baleares-cuatro-islas-unidas-por-la-naturaleza\/#webpage"},"isPartOf":{"@id":"https:\/\/eldigitaldeasturias.com\/magazine365\/las-baleares-cuatro-islas-unidas-por-la-naturaleza\/#webpage"},"articleSection":"Actualidad Turismo"},{"@type":"BreadcrumbList","@id":"https:\/\/eldigitaldeasturias.com\/magazine365\/las-baleares-cuatro-islas-unidas-por-la-naturaleza\/#breadcrumblist","itemListElement":[{"@type":"ListItem","@id":"https:\/\/eldigitaldeasturias.com\/magazine365#listItem","position":1,"name":"Home","item":"https:\/\/eldigitaldeasturias.com\/magazine365","nextItem":{"@type":"ListItem","@id":"https:\/\/eldigitaldeasturias.com\/magazine365\/category\/actualidad-turismo\/#listItem","name":"Actualidad Turismo"}},{"@type":"ListItem","@id":"https:\/\/eldigitaldeasturias.com\/magazine365\/category\/actualidad-turismo\/#listItem","position":2,"name":"Actualidad Turismo","item":"https:\/\/eldigitaldeasturias.com\/magazine365\/category\/actualidad-turismo\/","nextItem":{"@type":"ListItem","@id":"https:\/\/eldigitaldeasturias.com\/magazine365\/las-baleares-cuatro-islas-unidas-por-la-naturaleza\/#listItem","name":"Las Baleares, cuatro islas unidas por la naturaleza"},"previousItem":{"@type":"ListItem","@id":"https:\/\/eldigitaldeasturias.com\/magazine365#listItem","name":"Home"}},{"@type":"ListItem","@id":"https:\/\/eldigitaldeasturias.com\/magazine365\/las-baleares-cuatro-islas-unidas-por-la-naturaleza\/#listItem","position":3,"name":"Las Baleares, cuatro islas unidas por la naturaleza","previousItem":{"@type":"ListItem","@id":"https:\/\/eldigitaldeasturias.com\/magazine365\/category\/actualidad-turismo\/#listItem","name":"Actualidad Turismo"}}]},{"@type":"Organization","@id":"https:\/\/eldigitaldeasturias.com\/magazine365\/#organization","name":"El digital de Asturias","description":"Revista de ocio, turismo y estilo de vida","url":"https:\/\/eldigitaldeasturias.com\/magazine365\/","logo":{"@type":"ImageObject","url":"https:\/\/www.eldigitaldeasturias.com\/noticias\/wp-content\/uploads\/2020\/12\/EDA.jpg","@id":"https:\/\/eldigitaldeasturias.com\/magazine365\/las-baleares-cuatro-islas-unidas-por-la-naturaleza\/#organizationLogo"},"image":{"@id":"https:\/\/eldigitaldeasturias.com\/magazine365\/las-baleares-cuatro-islas-unidas-por-la-naturaleza\/#organizationLogo"}},{"@type":"Person","@id":"https:\/\/eldigitaldeasturias.com\/magazine365\/author\/admin\/#author","url":"https:\/\/eldigitaldeasturias.com\/magazine365\/author\/admin\/","name":"admin","image":{"@type":"ImageObject","@id":"https:\/\/eldigitaldeasturias.com\/magazine365\/las-baleares-cuatro-islas-unidas-por-la-naturaleza\/#authorImage","url":"https:\/\/eldigitaldeasturias.com\/magazine365\/wp-content\/litespeed\/avatar\/e571bcf59a0edd6fa6838245a470f2fe.jpg?ver=1776969259","width":96,"height":96,"caption":"admin"}},{"@type":"WebPage","@id":"https:\/\/eldigitaldeasturias.com\/magazine365\/las-baleares-cuatro-islas-unidas-por-la-naturaleza\/#webpage","url":"https:\/\/eldigitaldeasturias.com\/magazine365\/las-baleares-cuatro-islas-unidas-por-la-naturaleza\/","name":"Las Baleares, cuatro islas unidas por la naturaleza | El Digital de Asturias","description":"Los 90 kil\u00f3metros de largo de la Serra de Tramuntana en Mallorca y sus m\u00e1s de 50 picos de m\u00e1s 1.000 metros, la gran variedad de sistemas naturales que coexisten en una isla \"tan peque\u00f1a como Menorca\" o las praderas de posidonia en las aguas de Ibiza y Formentera son algunos de los atractivos naturales","inLanguage":"es-ES","isPartOf":{"@id":"https:\/\/eldigitaldeasturias.com\/magazine365\/#website"},"breadcrumb":{"@id":"https:\/\/eldigitaldeasturias.com\/magazine365\/las-baleares-cuatro-islas-unidas-por-la-naturaleza\/#breadcrumblist"},"author":{"@id":"https:\/\/eldigitaldeasturias.com\/magazine365\/author\/admin\/#author"},"creator":{"@id":"https:\/\/eldigitaldeasturias.com\/magazine365\/author\/admin\/#author"},"image":{"@type":"ImageObject","url":"https:\/\/eldigitaldeasturias.com\/magazine365\/wp-content\/uploads\/2015\/06\/fotonoticia_20150615103411_800.jpg","@id":"https:\/\/eldigitaldeasturias.com\/magazine365\/las-baleares-cuatro-islas-unidas-por-la-naturaleza\/#mainImage","width":800,"height":565},"primaryImageOfPage":{"@id":"https:\/\/eldigitaldeasturias.com\/magazine365\/las-baleares-cuatro-islas-unidas-por-la-naturaleza\/#mainImage"},"datePublished":"2015-06-15T23:36:28+02:00","dateModified":"2015-06-15T23:36:28+02:00"},{"@type":"WebSite","@id":"https:\/\/eldigitaldeasturias.com\/magazine365\/#website","url":"https:\/\/eldigitaldeasturias.com\/magazine365\/","name":"El Digital de Asturias","description":"Revista de ocio, turismo y estilo de vida","inLanguage":"es-ES","publisher":{"@id":"https:\/\/eldigitaldeasturias.com\/magazine365\/#organization"}}]},"og:locale":"es_ES","og:site_name":"El Digital de Asturias \u2013 Revista de ocio, turismo y estilo de vida","og:type":"article","og:title":"Las Baleares, cuatro islas unidas por la naturaleza | El Digital de Asturias","og:description":"Los 90 kil\u00f3metros de largo de la Serra de Tramuntana en Mallorca y sus m\u00e1s de 50 picos de m\u00e1s 1.000 metros, la gran variedad de sistemas naturales que coexisten en una isla &quot;tan peque\u00f1a como Menorca&quot; o las praderas de posidonia en las aguas de Ibiza y Formentera son algunos de los atractivos naturales","og:url":"https:\/\/eldigitaldeasturias.com\/magazine365\/las-baleares-cuatro-islas-unidas-por-la-naturaleza\/","og:image":"https:\/\/eldigitaldeasturias.com\/magazine365\/wp-content\/uploads\/2015\/06\/fotonoticia_20150615103411_800.jpg","og:image:secure_url":"https:\/\/eldigitaldeasturias.com\/magazine365\/wp-content\/uploads\/2015\/06\/fotonoticia_20150615103411_800.jpg","og:image:width":800,"og:image:height":565,"article:published_time":"2015-06-15T22:06:28+00:00","article:modified_time":"2015-06-15T22:06:28+00:00","twitter:card":"summary_large_image","twitter:title":"Las Baleares, cuatro islas unidas por la naturaleza | El Digital de Asturias","twitter:description":"Los 90 kil\u00f3metros de largo de la Serra de Tramuntana en Mallorca y sus m\u00e1s de 50 picos de m\u00e1s 1.000 metros, la gran variedad de sistemas naturales que coexisten en una isla &quot;tan peque\u00f1a como Menorca&quot; o las praderas de posidonia en las aguas de Ibiza y Formentera son algunos de los atractivos naturales","twitter:image":"https:\/\/eldigitaldeasturias.com\/magazine365\/wp-content\/uploads\/2015\/06\/fotonoticia_20150615103411_800.jpg"},"aioseo_meta_data":{"post_id":"39826","title":null,"description":null,"keywords":null,"keyphrases":null,"primary_term":null,"canonical_url":null,"og_title":null,"og_description":null,"og_object_type":"default","og_image_type":"default","og_image_url":null,"og_image_width":null,"og_image_height":null,"og_image_custom_url":null,"og_image_custom_fields":null,"og_video":null,"og_custom_url":null,"og_article_section":null,"og_article_tags":null,"twitter_use_og":false,"twitter_card":"default","twitter_image_type":"default","twitter_image_url":null,"twitter_image_custom_url":null,"twitter_image_custom_fields":null,"twitter_title":null,"twitter_description":null,"schema":{"blockGraphs":[],"customGraphs":[],"default":{"data":{"Article":[],"Course":[],"Dataset":[],"FAQPage":[],"Movie":[],"Person":[],"Product":[],"ProductReview":[],"Car":[],"Recipe":[],"Service":[],"SoftwareApplication":[],"WebPage":[]},"graphName":"","isEnabled":true},"graphs":[],"defaultGraph":"","defaultPostTypeGraph":""},"schema_type":null,"schema_type_options":null,"pillar_content":false,"robots_default":true,"robots_noindex":false,"robots_noarchive":false,"robots_nosnippet":false,"robots_nofollow":false,"robots_noimageindex":false,"robots_noodp":false,"robots_notranslate":false,"robots_max_snippet":null,"robots_max_videopreview":null,"robots_max_imagepreview":"large","priority":null,"frequency":null,"location":null,"local_seo":null,"seo_analyzer_scan_date":"2025-09-19 12:24:54","breadcrumb_settings":null,"limit_modified_date":false,"open_ai":null,"ai":null,"created":"2021-03-09 02:36:41","updated":"2025-09-19 12:24:55"},"aioseo_breadcrumb":"<div class=\"aioseo-breadcrumbs\"><span class=\"aioseo-breadcrumb\">\n\t<a href=\"https:\/\/eldigitaldeasturias.com\/magazine365\" title=\"Home\">Home<\/a>\n<\/span><span class=\"aioseo-breadcrumb-separator\">\u2013<\/span><span class=\"aioseo-breadcrumb\">\n\t<a href=\"https:\/\/eldigitaldeasturias.com\/magazine365\/category\/actualidad-turismo\/\" title=\"Actualidad Turismo\">Actualidad Turismo<\/a>\n<\/span><span class=\"aioseo-breadcrumb-separator\">\u2013<\/span><span class=\"aioseo-breadcrumb\">\n\t<a href=\"https:\/\/eldigitaldeasturias.com\/magazine365\/las-baleares-cuatro-islas-unidas-por-la-naturaleza\/\" title=\"Las Baleares, cuatro islas unidas por la naturaleza\">Las Baleares, cuatro islas unidas por la naturaleza<\/a>\n<\/span><\/div>","aioseo_breadcrumb_json":[{"label":"Home","link":"https:\/\/eldigitaldeasturias.com\/magazine365"},{"label":"Actualidad Turismo","link":"https:\/\/eldigitaldeasturias.com\/magazine365\/category\/actualidad-turismo\/"},{"label":"Las Baleares, cuatro islas unidas por la naturaleza","link":"https:\/\/eldigitaldeasturias.com\/magazine365\/las-baleares-cuatro-islas-unidas-por-la-naturaleza\/"}],"_links":{"self":[{"href":"https:\/\/eldigitaldeasturias.com\/magazine365\/wp-json\/wp\/v2\/posts\/39826","targetHints":{"allow":["GET"]}}],"collection":[{"href":"https:\/\/eldigitaldeasturias.com\/magazine365\/wp-json\/wp\/v2\/posts"}],"about":[{"href":"https:\/\/eldigitaldeasturias.com\/magazine365\/wp-json\/wp\/v2\/types\/post"}],"author":[{"embeddable":true,"href":"https:\/\/eldigitaldeasturias.com\/magazine365\/wp-json\/wp\/v2\/users\/1"}],"replies":[{"embeddable":true,"href":"https:\/\/eldigitaldeasturias.com\/magazine365\/wp-json\/wp\/v2\/comments?post=39826"}],"version-history":[{"count":0,"href":"https:\/\/eldigitaldeasturias.com\/magazine365\/wp-json\/wp\/v2\/posts\/39826\/revisions"}],"wp:featuredmedia":[{"embeddable":true,"href":"https:\/\/eldigitaldeasturias.com\/magazine365\/wp-json\/wp\/v2\/media\/39827"}],"wp:attachment":[{"href":"https:\/\/eldigitaldeasturias.com\/magazine365\/wp-json\/wp\/v2\/media?parent=39826"}],"wp:term":[{"taxonomy":"category","embeddable":true,"href":"https:\/\/eldigitaldeasturias.com\/magazine365\/wp-json\/wp\/v2\/categories?post=39826"},{"taxonomy":"post_tag","embeddable":true,"href":"https:\/\/eldigitaldeasturias.com\/magazine365\/wp-json\/wp\/v2\/tags?post=39826"}],"curies":[{"name":"wp","href":"https:\/\/api.w.org\/{rel}","templated":true}]}}