{"id":39821,"date":"2015-06-15T14:16:57","date_gmt":"2015-06-15T12:46:57","guid":{"rendered":"http:\/\/eldigitaldeasturias.com\/magazine365\/?p=39821"},"modified":"2015-06-15T14:16:57","modified_gmt":"2015-06-15T12:46:57","slug":"mas-de-16-500-personas-participaron-en-los-25-eventos-celebrados-en-el-palacio-de-la-magdalena","status":"publish","type":"post","link":"https:\/\/eldigitaldeasturias.com\/magazine365\/mas-de-16-500-personas-participaron-en-los-25-eventos-celebrados-en-el-palacio-de-la-magdalena\/","title":{"rendered":"M\u00e1s de 16.500 personas participaron en los 25 eventos celebrados en el Palacio de La Magdalena"},"content":{"rendered":"<p><img fetchpriority=\"high\" decoding=\"async\" class=\"alignleft size-medium wp-image-39822\" src=\"https:\/\/eldigitaldeasturias.com\/magazine365\/wp-content\/uploads\/2015\/06\/fotonoticia_20150615094833_800-360x240.jpg\" alt=\"fotonoticia_20150615094833_800\" width=\"360\" height=\"240\" srcset=\"https:\/\/eldigitaldeasturias.com\/magazine365\/wp-content\/uploads\/2015\/06\/fotonoticia_20150615094833_800-360x240.jpg 360w, https:\/\/eldigitaldeasturias.com\/magazine365\/wp-content\/uploads\/2015\/06\/fotonoticia_20150615094833_800-650x434.jpg 650w, https:\/\/eldigitaldeasturias.com\/magazine365\/wp-content\/uploads\/2015\/06\/fotonoticia_20150615094833_800-768x513.jpg 768w, https:\/\/eldigitaldeasturias.com\/magazine365\/wp-content\/uploads\/2015\/06\/fotonoticia_20150615094833_800-150x100.jpg 150w, https:\/\/eldigitaldeasturias.com\/magazine365\/wp-content\/uploads\/2015\/06\/fotonoticia_20150615094833_800-450x300.jpg 450w, https:\/\/eldigitaldeasturias.com\/magazine365\/wp-content\/uploads\/2015\/06\/fotonoticia_20150615094833_800-696x465.jpg 696w, https:\/\/eldigitaldeasturias.com\/magazine365\/wp-content\/uploads\/2015\/06\/fotonoticia_20150615094833_800-629x420.jpg 629w, https:\/\/eldigitaldeasturias.com\/magazine365\/wp-content\/uploads\/2015\/06\/fotonoticia_20150615094833_800-84x55.jpg 84w, https:\/\/eldigitaldeasturias.com\/magazine365\/wp-content\/uploads\/2015\/06\/fotonoticia_20150615094833_800.jpg 800w\" sizes=\"(max-width: 360px) 100vw, 360px\" \/>M\u00e1s de 16.500 personas han participado en los 125 eventos celebrados en el Palacio de la Magdalena hasta el 12 de junio, consolid\u00e1ndose, nuevamente, como un destino preferente del turismo MICE -reuniones, congresos e incentivos-.<\/p>\n<p>Durante los seis primeros meses del a\u00f1o, la antigua residencia estival de los reyes Alfonso XIII y Victoria Eugenia acogi\u00f3 55 reuniones, nacionales e internacionales; 11 recepciones; 10 congresos; 7 actos solidarios y 2 cursos, seg\u00fan ha informado el Ayuntamiento de Santander en un comunicado.<\/p>\n<p>Adem\u00e1s, recibi\u00f3 casi una treintena de visitas de prospecci\u00f3n de empresas, instituciones y organizadores profesionales de congresos y eventos interesados en conocer las instalaciones municipales, a las que tambi\u00e9n se puede acceder desde la web http:\/\/palaciomagdalena.com\/es\/.<\/p>\n<p>De forma paralela a su actividad congresual, La Magdalena ha desarrollado una intensa actividad como palacio semi muse\u00edstico, a trav\u00e9s de las visitas guiadas que tienen lugar a diario, as\u00ed como los fines de semana y festivos, en colaboraci\u00f3n con los gu\u00edas oficiales de turismo de Santander y Cantabria.<\/p>\n<p>En total, han sido casi 16.000 las personas que han recorrido el interior del emblem\u00e1tico edificio conociendo la historia de un palacio que, adem\u00e1s de residencia estival de los reyes de Espa\u00f1a durante 17 veranos consecutivos, fue el lugar elegido por el Gobierno de la II Rep\u00fablica para el desarrollo de la Universidad Internacional de Verano de Santander -precedente de la actual UIMP-, hospital de sangre durante la Guerra Civil y residencia temporal para los afectado por el incendio que en 1941 destruy\u00f3 la ciudad.<\/p>\n<p>HORARIO VISITAS DE VERANO<\/p>\n<p>El Palacio de la Magdalena organizar\u00e1 del 13 de junio al 27 de septiembre visitas guiadas los s\u00e1bados y domingo, en horario de ma\u00f1ana, a las 10.00, 11.00 y 12.00 horas.<\/p>\n<p>Las visitas, de unos 45 minutos de duraci\u00f3n, que tienen un precio de 3 euros -menores de 9 a\u00f1os gratis-, permiten conocer algunas de las principales dependencias de la que fuera la residencia estival de los reyes Alfonso XIII y Victoria Eugenia, convertida, en la actualidad, en un palacio congresual y semi muse\u00edstico, as\u00ed como en sede estival de la Universidad Internacional Men\u00e9ndez Pelayo (UIMP).<\/p>\n<p>Con motivo de las actividades de la UIMP, las habituales visitas que se realizan de lunes a viernes en horario de ma\u00f1ana y tarde por parte del personal municipal, as\u00ed como los fines de semana y festivo, mediante los gu\u00edas oficiales de turismo, se reducen entre los meses de junio y septiembre.<\/p>\n","protected":false},"excerpt":{"rendered":"<p>M\u00e1s de 16.500 personas han participado en los 125 eventos celebrados en el Palacio de la Magdalena hasta el 12 de junio, consolid\u00e1ndose, nuevamente, como un destino preferente del turismo MICE -reuniones, congresos e incentivos-. Durante los seis primeros meses del a\u00f1o, la antigua residencia estival de los reyes Alfonso XIII y Victoria Eugenia acogi\u00f3<\/p>\n","protected":false},"author":1,"featured_media":39822,"comment_status":"open","ping_status":"closed","sticky":false,"template":"","format":"standard","meta":{"footnotes":""},"categories":[222],"tags":[],"class_list":{"0":"post-39821","1":"post","2":"type-post","3":"status-publish","4":"format-standard","5":"has-post-thumbnail","7":"category-actualidad-turismo"},"aioseo_notices":[],"aioseo_head":"\n\t\t<!-- All in One SEO Pro 4.9.6.1 - aioseo.com -->\n\t<meta name=\"description\" content=\"M\u00e1s de 16.500 personas han participado en los 125 eventos celebrados en el Palacio de la Magdalena hasta el 12 de junio, consolid\u00e1ndose, nuevamente, como un destino preferente del turismo MICE -reuniones, congresos e incentivos-. Durante los seis primeros meses del a\u00f1o, la antigua residencia estival de los reyes Alfonso XIII y Victoria Eugenia acogi\u00f3\" \/>\n\t<meta name=\"robots\" content=\"max-image-preview:large\" \/>\n\t<meta name=\"author\" content=\"admin\"\/>\n\t<meta name=\"google-site-verification\" content=\"UA-38556648-1\" \/>\n\t<meta name=\"keywords\" content=\"actualidad turismo\" \/>\n\t<link rel=\"canonical\" href=\"https:\/\/eldigitaldeasturias.com\/magazine365\/mas-de-16-500-personas-participaron-en-los-25-eventos-celebrados-en-el-palacio-de-la-magdalena\/\" \/>\n\t<meta name=\"generator\" content=\"All in One SEO Pro (AIOSEO) 4.9.6.1\" \/>\n\t\t<meta property=\"og:locale\" content=\"es_ES\" \/>\n\t\t<meta property=\"og:site_name\" content=\"El Digital de Asturias \u2013 Revista de ocio, turismo y estilo de vida\" \/>\n\t\t<meta property=\"og:type\" content=\"article\" \/>\n\t\t<meta property=\"og:title\" content=\"M\u00e1s de 16.500 personas participaron en los 25 eventos celebrados en el Palacio de La Magdalena | El Digital de Asturias\" \/>\n\t\t<meta property=\"og:description\" content=\"M\u00e1s de 16.500 personas han participado en los 125 eventos celebrados en el Palacio de la Magdalena hasta el 12 de junio, consolid\u00e1ndose, nuevamente, como un destino preferente del turismo MICE -reuniones, congresos e incentivos-. Durante los seis primeros meses del a\u00f1o, la antigua residencia estival de los reyes Alfonso XIII y Victoria Eugenia acogi\u00f3\" \/>\n\t\t<meta property=\"og:url\" content=\"https:\/\/eldigitaldeasturias.com\/magazine365\/mas-de-16-500-personas-participaron-en-los-25-eventos-celebrados-en-el-palacio-de-la-magdalena\/\" \/>\n\t\t<meta property=\"og:image\" content=\"https:\/\/eldigitaldeasturias.com\/magazine365\/wp-content\/uploads\/2015\/06\/fotonoticia_20150615094833_800.jpg\" \/>\n\t\t<meta property=\"og:image:secure_url\" content=\"https:\/\/eldigitaldeasturias.com\/magazine365\/wp-content\/uploads\/2015\/06\/fotonoticia_20150615094833_800.jpg\" \/>\n\t\t<meta property=\"og:image:width\" content=\"800\" \/>\n\t\t<meta property=\"og:image:height\" content=\"534\" \/>\n\t\t<meta property=\"article:published_time\" content=\"2015-06-15T12:46:57+00:00\" \/>\n\t\t<meta property=\"article:modified_time\" content=\"2015-06-15T12:46:57+00:00\" \/>\n\t\t<meta name=\"twitter:card\" content=\"summary_large_image\" \/>\n\t\t<meta name=\"twitter:title\" content=\"M\u00e1s de 16.500 personas participaron en los 25 eventos celebrados en el Palacio de La Magdalena | El Digital de Asturias\" \/>\n\t\t<meta name=\"twitter:description\" content=\"M\u00e1s de 16.500 personas han participado en los 125 eventos celebrados en el Palacio de la Magdalena hasta el 12 de junio, consolid\u00e1ndose, nuevamente, como un destino preferente del turismo MICE -reuniones, congresos e incentivos-. Durante los seis primeros meses del a\u00f1o, la antigua residencia estival de los reyes Alfonso XIII y Victoria Eugenia acogi\u00f3\" \/>\n\t\t<meta name=\"twitter:image\" content=\"https:\/\/eldigitaldeasturias.com\/magazine365\/wp-content\/uploads\/2015\/06\/fotonoticia_20150615094833_800.jpg\" \/>\n\t\t<script type=\"application\/ld+json\" class=\"aioseo-schema\">\n\t\t\t{\"@context\":\"https:\\\/\\\/schema.org\",\"@graph\":[{\"@type\":\"Article\",\"@id\":\"https:\\\/\\\/eldigitaldeasturias.com\\\/magazine365\\\/mas-de-16-500-personas-participaron-en-los-25-eventos-celebrados-en-el-palacio-de-la-magdalena\\\/#article\",\"name\":\"M\\u00e1s de 16.500 personas participaron en los 25 eventos celebrados en el Palacio de La Magdalena | El Digital de Asturias\",\"headline\":\"M\\u00e1s de 16.500 personas participaron en los 25 eventos celebrados en el Palacio de La Magdalena\",\"author\":{\"@id\":\"https:\\\/\\\/eldigitaldeasturias.com\\\/magazine365\\\/author\\\/admin\\\/#author\"},\"publisher\":{\"@id\":\"https:\\\/\\\/eldigitaldeasturias.com\\\/magazine365\\\/#organization\"},\"image\":{\"@type\":\"ImageObject\",\"url\":\"https:\\\/\\\/eldigitaldeasturias.com\\\/magazine365\\\/wp-content\\\/uploads\\\/2015\\\/06\\\/fotonoticia_20150615094833_800.jpg\",\"width\":800,\"height\":534},\"datePublished\":\"2015-06-15T14:16:57+02:00\",\"dateModified\":\"2015-06-15T14:16:57+02:00\",\"inLanguage\":\"es-ES\",\"mainEntityOfPage\":{\"@id\":\"https:\\\/\\\/eldigitaldeasturias.com\\\/magazine365\\\/mas-de-16-500-personas-participaron-en-los-25-eventos-celebrados-en-el-palacio-de-la-magdalena\\\/#webpage\"},\"isPartOf\":{\"@id\":\"https:\\\/\\\/eldigitaldeasturias.com\\\/magazine365\\\/mas-de-16-500-personas-participaron-en-los-25-eventos-celebrados-en-el-palacio-de-la-magdalena\\\/#webpage\"},\"articleSection\":\"Actualidad Turismo\"},{\"@type\":\"BreadcrumbList\",\"@id\":\"https:\\\/\\\/eldigitaldeasturias.com\\\/magazine365\\\/mas-de-16-500-personas-participaron-en-los-25-eventos-celebrados-en-el-palacio-de-la-magdalena\\\/#breadcrumblist\",\"itemListElement\":[{\"@type\":\"ListItem\",\"@id\":\"https:\\\/\\\/eldigitaldeasturias.com\\\/magazine365#listItem\",\"position\":1,\"name\":\"Home\",\"item\":\"https:\\\/\\\/eldigitaldeasturias.com\\\/magazine365\",\"nextItem\":{\"@type\":\"ListItem\",\"@id\":\"https:\\\/\\\/eldigitaldeasturias.com\\\/magazine365\\\/category\\\/actualidad-turismo\\\/#listItem\",\"name\":\"Actualidad Turismo\"}},{\"@type\":\"ListItem\",\"@id\":\"https:\\\/\\\/eldigitaldeasturias.com\\\/magazine365\\\/category\\\/actualidad-turismo\\\/#listItem\",\"position\":2,\"name\":\"Actualidad Turismo\",\"item\":\"https:\\\/\\\/eldigitaldeasturias.com\\\/magazine365\\\/category\\\/actualidad-turismo\\\/\",\"nextItem\":{\"@type\":\"ListItem\",\"@id\":\"https:\\\/\\\/eldigitaldeasturias.com\\\/magazine365\\\/mas-de-16-500-personas-participaron-en-los-25-eventos-celebrados-en-el-palacio-de-la-magdalena\\\/#listItem\",\"name\":\"M\\u00e1s de 16.500 personas participaron en los 25 eventos celebrados en el Palacio de La Magdalena\"},\"previousItem\":{\"@type\":\"ListItem\",\"@id\":\"https:\\\/\\\/eldigitaldeasturias.com\\\/magazine365#listItem\",\"name\":\"Home\"}},{\"@type\":\"ListItem\",\"@id\":\"https:\\\/\\\/eldigitaldeasturias.com\\\/magazine365\\\/mas-de-16-500-personas-participaron-en-los-25-eventos-celebrados-en-el-palacio-de-la-magdalena\\\/#listItem\",\"position\":3,\"name\":\"M\\u00e1s de 16.500 personas participaron en los 25 eventos celebrados en el Palacio de La Magdalena\",\"previousItem\":{\"@type\":\"ListItem\",\"@id\":\"https:\\\/\\\/eldigitaldeasturias.com\\\/magazine365\\\/category\\\/actualidad-turismo\\\/#listItem\",\"name\":\"Actualidad Turismo\"}}]},{\"@type\":\"Organization\",\"@id\":\"https:\\\/\\\/eldigitaldeasturias.com\\\/magazine365\\\/#organization\",\"name\":\"El digital de Asturias\",\"description\":\"Revista de ocio, turismo y estilo de vida\",\"url\":\"https:\\\/\\\/eldigitaldeasturias.com\\\/magazine365\\\/\",\"logo\":{\"@type\":\"ImageObject\",\"url\":\"https:\\\/\\\/www.eldigitaldeasturias.com\\\/noticias\\\/wp-content\\\/uploads\\\/2020\\\/12\\\/EDA.jpg\",\"@id\":\"https:\\\/\\\/eldigitaldeasturias.com\\\/magazine365\\\/mas-de-16-500-personas-participaron-en-los-25-eventos-celebrados-en-el-palacio-de-la-magdalena\\\/#organizationLogo\"},\"image\":{\"@id\":\"https:\\\/\\\/eldigitaldeasturias.com\\\/magazine365\\\/mas-de-16-500-personas-participaron-en-los-25-eventos-celebrados-en-el-palacio-de-la-magdalena\\\/#organizationLogo\"}},{\"@type\":\"Person\",\"@id\":\"https:\\\/\\\/eldigitaldeasturias.com\\\/magazine365\\\/author\\\/admin\\\/#author\",\"url\":\"https:\\\/\\\/eldigitaldeasturias.com\\\/magazine365\\\/author\\\/admin\\\/\",\"name\":\"admin\",\"image\":{\"@type\":\"ImageObject\",\"@id\":\"https:\\\/\\\/eldigitaldeasturias.com\\\/magazine365\\\/mas-de-16-500-personas-participaron-en-los-25-eventos-celebrados-en-el-palacio-de-la-magdalena\\\/#authorImage\",\"url\":\"https:\\\/\\\/eldigitaldeasturias.com\\\/magazine365\\\/wp-content\\\/litespeed\\\/avatar\\\/e571bcf59a0edd6fa6838245a470f2fe.jpg?ver=1776969259\",\"width\":96,\"height\":96,\"caption\":\"admin\"}},{\"@type\":\"WebPage\",\"@id\":\"https:\\\/\\\/eldigitaldeasturias.com\\\/magazine365\\\/mas-de-16-500-personas-participaron-en-los-25-eventos-celebrados-en-el-palacio-de-la-magdalena\\\/#webpage\",\"url\":\"https:\\\/\\\/eldigitaldeasturias.com\\\/magazine365\\\/mas-de-16-500-personas-participaron-en-los-25-eventos-celebrados-en-el-palacio-de-la-magdalena\\\/\",\"name\":\"M\\u00e1s de 16.500 personas participaron en los 25 eventos celebrados en el Palacio de La Magdalena | El Digital de Asturias\",\"description\":\"M\\u00e1s de 16.500 personas han participado en los 125 eventos celebrados en el Palacio de la Magdalena hasta el 12 de junio, consolid\\u00e1ndose, nuevamente, como un destino preferente del turismo MICE -reuniones, congresos e incentivos-. Durante los seis primeros meses del a\\u00f1o, la antigua residencia estival de los reyes Alfonso XIII y Victoria Eugenia acogi\\u00f3\",\"inLanguage\":\"es-ES\",\"isPartOf\":{\"@id\":\"https:\\\/\\\/eldigitaldeasturias.com\\\/magazine365\\\/#website\"},\"breadcrumb\":{\"@id\":\"https:\\\/\\\/eldigitaldeasturias.com\\\/magazine365\\\/mas-de-16-500-personas-participaron-en-los-25-eventos-celebrados-en-el-palacio-de-la-magdalena\\\/#breadcrumblist\"},\"author\":{\"@id\":\"https:\\\/\\\/eldigitaldeasturias.com\\\/magazine365\\\/author\\\/admin\\\/#author\"},\"creator\":{\"@id\":\"https:\\\/\\\/eldigitaldeasturias.com\\\/magazine365\\\/author\\\/admin\\\/#author\"},\"image\":{\"@type\":\"ImageObject\",\"url\":\"https:\\\/\\\/eldigitaldeasturias.com\\\/magazine365\\\/wp-content\\\/uploads\\\/2015\\\/06\\\/fotonoticia_20150615094833_800.jpg\",\"@id\":\"https:\\\/\\\/eldigitaldeasturias.com\\\/magazine365\\\/mas-de-16-500-personas-participaron-en-los-25-eventos-celebrados-en-el-palacio-de-la-magdalena\\\/#mainImage\",\"width\":800,\"height\":534},\"primaryImageOfPage\":{\"@id\":\"https:\\\/\\\/eldigitaldeasturias.com\\\/magazine365\\\/mas-de-16-500-personas-participaron-en-los-25-eventos-celebrados-en-el-palacio-de-la-magdalena\\\/#mainImage\"},\"datePublished\":\"2015-06-15T14:16:57+02:00\",\"dateModified\":\"2015-06-15T14:16:57+02:00\"},{\"@type\":\"WebSite\",\"@id\":\"https:\\\/\\\/eldigitaldeasturias.com\\\/magazine365\\\/#website\",\"url\":\"https:\\\/\\\/eldigitaldeasturias.com\\\/magazine365\\\/\",\"name\":\"El Digital de Asturias\",\"description\":\"Revista de ocio, turismo y estilo de vida\",\"inLanguage\":\"es-ES\",\"publisher\":{\"@id\":\"https:\\\/\\\/eldigitaldeasturias.com\\\/magazine365\\\/#organization\"}}]}\n\t\t<\/script>\n\t\t<!-- All in One SEO Pro -->\r\n\t\t<title>M\u00e1s de 16.500 personas participaron en los 25 eventos celebrados en el Palacio de La Magdalena | El Digital de Asturias<\/title>\n\n","aioseo_head_json":{"title":"M\u00e1s de 16.500 personas participaron en los 25 eventos celebrados en el Palacio de La Magdalena | El Digital de Asturias","description":"M\u00e1s de 16.500 personas han participado en los 125 eventos celebrados en el Palacio de la Magdalena hasta el 12 de junio, consolid\u00e1ndose, nuevamente, como un destino preferente del turismo MICE -reuniones, congresos e incentivos-. Durante los seis primeros meses del a\u00f1o, la antigua residencia estival de los reyes Alfonso XIII y Victoria Eugenia acogi\u00f3","canonical_url":"https:\/\/eldigitaldeasturias.com\/magazine365\/mas-de-16-500-personas-participaron-en-los-25-eventos-celebrados-en-el-palacio-de-la-magdalena\/","robots":"max-image-preview:large","keywords":"actualidad turismo","webmasterTools":{"google-site-verification":"UA-38556648-1","miscellaneous":""},"schema":{"@context":"https:\/\/schema.org","@graph":[{"@type":"Article","@id":"https:\/\/eldigitaldeasturias.com\/magazine365\/mas-de-16-500-personas-participaron-en-los-25-eventos-celebrados-en-el-palacio-de-la-magdalena\/#article","name":"M\u00e1s de 16.500 personas participaron en los 25 eventos celebrados en el Palacio de La Magdalena | El Digital de Asturias","headline":"M\u00e1s de 16.500 personas participaron en los 25 eventos celebrados en el Palacio de La Magdalena","author":{"@id":"https:\/\/eldigitaldeasturias.com\/magazine365\/author\/admin\/#author"},"publisher":{"@id":"https:\/\/eldigitaldeasturias.com\/magazine365\/#organization"},"image":{"@type":"ImageObject","url":"https:\/\/eldigitaldeasturias.com\/magazine365\/wp-content\/uploads\/2015\/06\/fotonoticia_20150615094833_800.jpg","width":800,"height":534},"datePublished":"2015-06-15T14:16:57+02:00","dateModified":"2015-06-15T14:16:57+02:00","inLanguage":"es-ES","mainEntityOfPage":{"@id":"https:\/\/eldigitaldeasturias.com\/magazine365\/mas-de-16-500-personas-participaron-en-los-25-eventos-celebrados-en-el-palacio-de-la-magdalena\/#webpage"},"isPartOf":{"@id":"https:\/\/eldigitaldeasturias.com\/magazine365\/mas-de-16-500-personas-participaron-en-los-25-eventos-celebrados-en-el-palacio-de-la-magdalena\/#webpage"},"articleSection":"Actualidad Turismo"},{"@type":"BreadcrumbList","@id":"https:\/\/eldigitaldeasturias.com\/magazine365\/mas-de-16-500-personas-participaron-en-los-25-eventos-celebrados-en-el-palacio-de-la-magdalena\/#breadcrumblist","itemListElement":[{"@type":"ListItem","@id":"https:\/\/eldigitaldeasturias.com\/magazine365#listItem","position":1,"name":"Home","item":"https:\/\/eldigitaldeasturias.com\/magazine365","nextItem":{"@type":"ListItem","@id":"https:\/\/eldigitaldeasturias.com\/magazine365\/category\/actualidad-turismo\/#listItem","name":"Actualidad Turismo"}},{"@type":"ListItem","@id":"https:\/\/eldigitaldeasturias.com\/magazine365\/category\/actualidad-turismo\/#listItem","position":2,"name":"Actualidad Turismo","item":"https:\/\/eldigitaldeasturias.com\/magazine365\/category\/actualidad-turismo\/","nextItem":{"@type":"ListItem","@id":"https:\/\/eldigitaldeasturias.com\/magazine365\/mas-de-16-500-personas-participaron-en-los-25-eventos-celebrados-en-el-palacio-de-la-magdalena\/#listItem","name":"M\u00e1s de 16.500 personas participaron en los 25 eventos celebrados en el Palacio de La Magdalena"},"previousItem":{"@type":"ListItem","@id":"https:\/\/eldigitaldeasturias.com\/magazine365#listItem","name":"Home"}},{"@type":"ListItem","@id":"https:\/\/eldigitaldeasturias.com\/magazine365\/mas-de-16-500-personas-participaron-en-los-25-eventos-celebrados-en-el-palacio-de-la-magdalena\/#listItem","position":3,"name":"M\u00e1s de 16.500 personas participaron en los 25 eventos celebrados en el Palacio de La Magdalena","previousItem":{"@type":"ListItem","@id":"https:\/\/eldigitaldeasturias.com\/magazine365\/category\/actualidad-turismo\/#listItem","name":"Actualidad Turismo"}}]},{"@type":"Organization","@id":"https:\/\/eldigitaldeasturias.com\/magazine365\/#organization","name":"El digital de Asturias","description":"Revista de ocio, turismo y estilo de vida","url":"https:\/\/eldigitaldeasturias.com\/magazine365\/","logo":{"@type":"ImageObject","url":"https:\/\/www.eldigitaldeasturias.com\/noticias\/wp-content\/uploads\/2020\/12\/EDA.jpg","@id":"https:\/\/eldigitaldeasturias.com\/magazine365\/mas-de-16-500-personas-participaron-en-los-25-eventos-celebrados-en-el-palacio-de-la-magdalena\/#organizationLogo"},"image":{"@id":"https:\/\/eldigitaldeasturias.com\/magazine365\/mas-de-16-500-personas-participaron-en-los-25-eventos-celebrados-en-el-palacio-de-la-magdalena\/#organizationLogo"}},{"@type":"Person","@id":"https:\/\/eldigitaldeasturias.com\/magazine365\/author\/admin\/#author","url":"https:\/\/eldigitaldeasturias.com\/magazine365\/author\/admin\/","name":"admin","image":{"@type":"ImageObject","@id":"https:\/\/eldigitaldeasturias.com\/magazine365\/mas-de-16-500-personas-participaron-en-los-25-eventos-celebrados-en-el-palacio-de-la-magdalena\/#authorImage","url":"https:\/\/eldigitaldeasturias.com\/magazine365\/wp-content\/litespeed\/avatar\/e571bcf59a0edd6fa6838245a470f2fe.jpg?ver=1776969259","width":96,"height":96,"caption":"admin"}},{"@type":"WebPage","@id":"https:\/\/eldigitaldeasturias.com\/magazine365\/mas-de-16-500-personas-participaron-en-los-25-eventos-celebrados-en-el-palacio-de-la-magdalena\/#webpage","url":"https:\/\/eldigitaldeasturias.com\/magazine365\/mas-de-16-500-personas-participaron-en-los-25-eventos-celebrados-en-el-palacio-de-la-magdalena\/","name":"M\u00e1s de 16.500 personas participaron en los 25 eventos celebrados en el Palacio de La Magdalena | El Digital de Asturias","description":"M\u00e1s de 16.500 personas han participado en los 125 eventos celebrados en el Palacio de la Magdalena hasta el 12 de junio, consolid\u00e1ndose, nuevamente, como un destino preferente del turismo MICE -reuniones, congresos e incentivos-. Durante los seis primeros meses del a\u00f1o, la antigua residencia estival de los reyes Alfonso XIII y Victoria Eugenia acogi\u00f3","inLanguage":"es-ES","isPartOf":{"@id":"https:\/\/eldigitaldeasturias.com\/magazine365\/#website"},"breadcrumb":{"@id":"https:\/\/eldigitaldeasturias.com\/magazine365\/mas-de-16-500-personas-participaron-en-los-25-eventos-celebrados-en-el-palacio-de-la-magdalena\/#breadcrumblist"},"author":{"@id":"https:\/\/eldigitaldeasturias.com\/magazine365\/author\/admin\/#author"},"creator":{"@id":"https:\/\/eldigitaldeasturias.com\/magazine365\/author\/admin\/#author"},"image":{"@type":"ImageObject","url":"https:\/\/eldigitaldeasturias.com\/magazine365\/wp-content\/uploads\/2015\/06\/fotonoticia_20150615094833_800.jpg","@id":"https:\/\/eldigitaldeasturias.com\/magazine365\/mas-de-16-500-personas-participaron-en-los-25-eventos-celebrados-en-el-palacio-de-la-magdalena\/#mainImage","width":800,"height":534},"primaryImageOfPage":{"@id":"https:\/\/eldigitaldeasturias.com\/magazine365\/mas-de-16-500-personas-participaron-en-los-25-eventos-celebrados-en-el-palacio-de-la-magdalena\/#mainImage"},"datePublished":"2015-06-15T14:16:57+02:00","dateModified":"2015-06-15T14:16:57+02:00"},{"@type":"WebSite","@id":"https:\/\/eldigitaldeasturias.com\/magazine365\/#website","url":"https:\/\/eldigitaldeasturias.com\/magazine365\/","name":"El Digital de Asturias","description":"Revista de ocio, turismo y estilo de vida","inLanguage":"es-ES","publisher":{"@id":"https:\/\/eldigitaldeasturias.com\/magazine365\/#organization"}}]},"og:locale":"es_ES","og:site_name":"El Digital de Asturias \u2013 Revista de ocio, turismo y estilo de vida","og:type":"article","og:title":"M\u00e1s de 16.500 personas participaron en los 25 eventos celebrados en el Palacio de La Magdalena | El Digital de Asturias","og:description":"M\u00e1s de 16.500 personas han participado en los 125 eventos celebrados en el Palacio de la Magdalena hasta el 12 de junio, consolid\u00e1ndose, nuevamente, como un destino preferente del turismo MICE -reuniones, congresos e incentivos-. Durante los seis primeros meses del a\u00f1o, la antigua residencia estival de los reyes Alfonso XIII y Victoria Eugenia acogi\u00f3","og:url":"https:\/\/eldigitaldeasturias.com\/magazine365\/mas-de-16-500-personas-participaron-en-los-25-eventos-celebrados-en-el-palacio-de-la-magdalena\/","og:image":"https:\/\/eldigitaldeasturias.com\/magazine365\/wp-content\/uploads\/2015\/06\/fotonoticia_20150615094833_800.jpg","og:image:secure_url":"https:\/\/eldigitaldeasturias.com\/magazine365\/wp-content\/uploads\/2015\/06\/fotonoticia_20150615094833_800.jpg","og:image:width":800,"og:image:height":534,"article:published_time":"2015-06-15T12:46:57+00:00","article:modified_time":"2015-06-15T12:46:57+00:00","twitter:card":"summary_large_image","twitter:title":"M\u00e1s de 16.500 personas participaron en los 25 eventos celebrados en el Palacio de La Magdalena | El Digital de Asturias","twitter:description":"M\u00e1s de 16.500 personas han participado en los 125 eventos celebrados en el Palacio de la Magdalena hasta el 12 de junio, consolid\u00e1ndose, nuevamente, como un destino preferente del turismo MICE -reuniones, congresos e incentivos-. Durante los seis primeros meses del a\u00f1o, la antigua residencia estival de los reyes Alfonso XIII y Victoria Eugenia acogi\u00f3","twitter:image":"https:\/\/eldigitaldeasturias.com\/magazine365\/wp-content\/uploads\/2015\/06\/fotonoticia_20150615094833_800.jpg"},"aioseo_meta_data":{"post_id":"39821","title":null,"description":null,"keywords":null,"keyphrases":null,"primary_term":null,"canonical_url":null,"og_title":null,"og_description":null,"og_object_type":"default","og_image_type":"default","og_image_url":null,"og_image_width":null,"og_image_height":null,"og_image_custom_url":null,"og_image_custom_fields":null,"og_video":null,"og_custom_url":null,"og_article_section":null,"og_article_tags":null,"twitter_use_og":false,"twitter_card":"default","twitter_image_type":"default","twitter_image_url":null,"twitter_image_custom_url":null,"twitter_image_custom_fields":null,"twitter_title":null,"twitter_description":null,"schema":{"blockGraphs":[],"customGraphs":[],"default":{"data":{"Article":[],"Course":[],"Dataset":[],"FAQPage":[],"Movie":[],"Person":[],"Product":[],"ProductReview":[],"Car":[],"Recipe":[],"Service":[],"SoftwareApplication":[],"WebPage":[]},"graphName":"","isEnabled":true},"graphs":[],"defaultGraph":"","defaultPostTypeGraph":""},"schema_type":null,"schema_type_options":null,"pillar_content":false,"robots_default":true,"robots_noindex":false,"robots_noarchive":false,"robots_nosnippet":false,"robots_nofollow":false,"robots_noimageindex":false,"robots_noodp":false,"robots_notranslate":false,"robots_max_snippet":null,"robots_max_videopreview":null,"robots_max_imagepreview":"large","priority":null,"frequency":null,"location":null,"local_seo":null,"seo_analyzer_scan_date":"2025-09-19 12:23:13","breadcrumb_settings":null,"limit_modified_date":false,"open_ai":null,"ai":null,"created":"2021-03-09 02:36:41","updated":"2025-09-19 12:23:13"},"aioseo_breadcrumb":"<div class=\"aioseo-breadcrumbs\"><span class=\"aioseo-breadcrumb\">\n\t<a href=\"https:\/\/eldigitaldeasturias.com\/magazine365\" title=\"Home\">Home<\/a>\n<\/span><span class=\"aioseo-breadcrumb-separator\">\u2013<\/span><span class=\"aioseo-breadcrumb\">\n\t<a href=\"https:\/\/eldigitaldeasturias.com\/magazine365\/category\/actualidad-turismo\/\" title=\"Actualidad Turismo\">Actualidad Turismo<\/a>\n<\/span><span class=\"aioseo-breadcrumb-separator\">\u2013<\/span><span class=\"aioseo-breadcrumb\">\n\t<a href=\"https:\/\/eldigitaldeasturias.com\/magazine365\/mas-de-16-500-personas-participaron-en-los-25-eventos-celebrados-en-el-palacio-de-la-magdalena\/\" title=\"M\u00e1s de 16.500 personas participaron en los 25 eventos celebrados en el Palacio de La Magdalena\">M\u00e1s de 16.500 personas participaron en los 25 eventos celebrados en el Palacio de La Magdalena<\/a>\n<\/span><\/div>","aioseo_breadcrumb_json":[{"label":"Home","link":"https:\/\/eldigitaldeasturias.com\/magazine365"},{"label":"Actualidad Turismo","link":"https:\/\/eldigitaldeasturias.com\/magazine365\/category\/actualidad-turismo\/"},{"label":"M\u00e1s de 16.500 personas participaron en los 25 eventos celebrados en el Palacio de La Magdalena","link":"https:\/\/eldigitaldeasturias.com\/magazine365\/mas-de-16-500-personas-participaron-en-los-25-eventos-celebrados-en-el-palacio-de-la-magdalena\/"}],"_links":{"self":[{"href":"https:\/\/eldigitaldeasturias.com\/magazine365\/wp-json\/wp\/v2\/posts\/39821","targetHints":{"allow":["GET"]}}],"collection":[{"href":"https:\/\/eldigitaldeasturias.com\/magazine365\/wp-json\/wp\/v2\/posts"}],"about":[{"href":"https:\/\/eldigitaldeasturias.com\/magazine365\/wp-json\/wp\/v2\/types\/post"}],"author":[{"embeddable":true,"href":"https:\/\/eldigitaldeasturias.com\/magazine365\/wp-json\/wp\/v2\/users\/1"}],"replies":[{"embeddable":true,"href":"https:\/\/eldigitaldeasturias.com\/magazine365\/wp-json\/wp\/v2\/comments?post=39821"}],"version-history":[{"count":0,"href":"https:\/\/eldigitaldeasturias.com\/magazine365\/wp-json\/wp\/v2\/posts\/39821\/revisions"}],"wp:featuredmedia":[{"embeddable":true,"href":"https:\/\/eldigitaldeasturias.com\/magazine365\/wp-json\/wp\/v2\/media\/39822"}],"wp:attachment":[{"href":"https:\/\/eldigitaldeasturias.com\/magazine365\/wp-json\/wp\/v2\/media?parent=39821"}],"wp:term":[{"taxonomy":"category","embeddable":true,"href":"https:\/\/eldigitaldeasturias.com\/magazine365\/wp-json\/wp\/v2\/categories?post=39821"},{"taxonomy":"post_tag","embeddable":true,"href":"https:\/\/eldigitaldeasturias.com\/magazine365\/wp-json\/wp\/v2\/tags?post=39821"}],"curies":[{"name":"wp","href":"https:\/\/api.w.org\/{rel}","templated":true}]}}