{"id":39813,"date":"2015-06-15T14:12:34","date_gmt":"2015-06-15T12:42:34","guid":{"rendered":"http:\/\/eldigitaldeasturias.com\/magazine365\/?p=39813"},"modified":"2015-06-15T14:12:34","modified_gmt":"2015-06-15T12:42:34","slug":"los-parques-de-ocio-de-malaga-preven-una-buena-temporada","status":"publish","type":"post","link":"https:\/\/eldigitaldeasturias.com\/magazine365\/los-parques-de-ocio-de-malaga-preven-una-buena-temporada\/","title":{"rendered":"Los parques de ocio de M\u00e1laga prev\u00e9n una \u201cbuena\u201d temporada"},"content":{"rendered":"<p><img fetchpriority=\"high\" decoding=\"async\" class=\"alignleft size-medium wp-image-39814\" src=\"https:\/\/eldigitaldeasturias.com\/magazine365\/wp-content\/uploads\/2015\/06\/fotonoticia_20150615093954_800-360x240.jpg\" alt=\"fotonoticia_20150615093954_800\" width=\"360\" height=\"240\" srcset=\"https:\/\/eldigitaldeasturias.com\/magazine365\/wp-content\/uploads\/2015\/06\/fotonoticia_20150615093954_800-360x240.jpg 360w, https:\/\/eldigitaldeasturias.com\/magazine365\/wp-content\/uploads\/2015\/06\/fotonoticia_20150615093954_800-650x433.jpg 650w, https:\/\/eldigitaldeasturias.com\/magazine365\/wp-content\/uploads\/2015\/06\/fotonoticia_20150615093954_800-768x512.jpg 768w, https:\/\/eldigitaldeasturias.com\/magazine365\/wp-content\/uploads\/2015\/06\/fotonoticia_20150615093954_800-150x100.jpg 150w, https:\/\/eldigitaldeasturias.com\/magazine365\/wp-content\/uploads\/2015\/06\/fotonoticia_20150615093954_800-450x300.jpg 450w, https:\/\/eldigitaldeasturias.com\/magazine365\/wp-content\/uploads\/2015\/06\/fotonoticia_20150615093954_800-696x464.jpg 696w, https:\/\/eldigitaldeasturias.com\/magazine365\/wp-content\/uploads\/2015\/06\/fotonoticia_20150615093954_800-630x420.jpg 630w, https:\/\/eldigitaldeasturias.com\/magazine365\/wp-content\/uploads\/2015\/06\/fotonoticia_20150615093954_800-84x55.jpg 84w, https:\/\/eldigitaldeasturias.com\/magazine365\/wp-content\/uploads\/2015\/06\/fotonoticia_20150615093954_800.jpg 800w\" sizes=\"(max-width: 360px) 100vw, 360px\" \/>Los parques de ocio de la provincia de M\u00e1laga prev\u00e9n continuar con los buenos datos registrados el pasado y superar un 5% su facturaci\u00f3n anual, unas cifras que rondan los 100 millones de euros al a\u00f1o.<\/p>\n<p>El presidente de la Asociaci\u00f3n Provincial de Empresas y Centros de Ocio de la Costa del Sol, Jos\u00e9 Mar\u00eda Yag\u00fce, ha manifestado a Europa Press que en el ejercicio anterior y en este 2015 se percibe \u00abm\u00e1s animaci\u00f3n y alegr\u00eda\u00bb de la gente por viajar; de hecho, en 2014 la facturaci\u00f3n aument\u00f3 un 4% respecto a 2013.<\/p>\n<p>En cuanto al n\u00famero de visitas, estos centros de ocio reciben a unos 3,5 millones de clientes de media anual, con el turismo extranjero por encima del nacional. \u00c9ste, no obstante, se est\u00e1 animando m\u00e1s aunque es cierto que su presencia en estos parques es m\u00e1s de temporada, especialmente en verano, mientras que los viajeros internacionales suelen aumentar en primavera y en oto\u00f1o.<\/p>\n<p>Uno de los principales problemas de este sector, que emplea de forma directa a unas 1.600 personas, fue, en agosto de 2012, la subida del IVA, que pas\u00f3 del ocho al 21 por ciento. Un incremento que entonces no se aplic\u00f3, al estar en plena temporada alta, y que asumieron los propios centros de ocio.<\/p>\n<p>Desde entonces, la estrategia pasa por ofrecer precios asequibles a los clientes: \u00abal menos vienen dos o tres personas y eso es dinero, por lo que tenemos que hacer ofertas y campa\u00f1as de promoci\u00f3n\u00bb. Incluso, entre los propios parques intercambian clientes y en los hoteles hay descuentos para los hu\u00e9spedes.<\/p>\n<p>NO A GRANDES PARQUES TEM\u00c1TICOS<\/p>\n<p>Yag\u00fce ha defendido que en la provincia de M\u00e1laga no existan \u00abgrandes parques de ocio\u00bb tipo Disney; es m\u00e1s, ha considerado que de haberlos ser\u00eda perjudicial y, adem\u00e1s, donde los hay, \u00abninguno son rentables y est\u00e1n supeditados a ayudas\u00bb.<\/p>\n<p>\u00abNuestro destino es la Costa del Sol en s\u00ed. Es mucho mejor tener peque\u00f1os parques, como es nuestro caso\u00bb, ha sostenido el presidente de Apeco, al tiempo que ha incidido en lo bien que funcionan centros de ocio como el mariposario de Benalm\u00e1dena o Aventura Amazonia en Marbella, entre otros, y la oferta variada que suponen.<\/p>\n<p>Asimismo, ha destacado el hecho de que en el litoral malague\u00f1o est\u00e9n proliferando parques acu\u00e1ticos marinos, es decir, plataformas que se instalan en el mar, a cierta distancia de la orilla, y que cada vez son m\u00e1s demandados. De hecho, este verano podr\u00eda haber unos cuatro, para los que son necesarias licencias de los ayuntamientos en cuyo territorio se ubiquen.<\/p>\n<p>Los parques acu\u00e1ticos son tambi\u00e9n otra opci\u00f3n durante el verano. Los existentes en la provincia (Aqualand en Torremolinos; Aquavelis en Torre del Mar, V\u00e9lez-M\u00e1laga; o Aquamijas, en dicha localidad) funcionan bien y ya han abierto sus puertas. En este \u00faltimo, de hecho, que es el que abri\u00f3 antes, est\u00e1n \u00abmuy contentos por c\u00f3mo est\u00e1 funcionando\u00bb.<\/p>\n","protected":false},"excerpt":{"rendered":"<p>Los parques de ocio de la provincia de M\u00e1laga prev\u00e9n continuar con los buenos datos registrados el pasado y superar un 5% su facturaci\u00f3n anual, unas cifras que rondan los 100 millones de euros al a\u00f1o. El presidente de la Asociaci\u00f3n Provincial de Empresas y Centros de Ocio de la Costa del Sol, Jos\u00e9 Mar\u00eda<\/p>\n","protected":false},"author":1,"featured_media":39814,"comment_status":"open","ping_status":"closed","sticky":false,"template":"","format":"standard","meta":{"footnotes":""},"categories":[222],"tags":[],"class_list":{"0":"post-39813","1":"post","2":"type-post","3":"status-publish","4":"format-standard","5":"has-post-thumbnail","7":"category-actualidad-turismo"},"aioseo_notices":[],"aioseo_head":"\n\t\t<!-- All in One SEO Pro 4.9.6.1 - aioseo.com -->\n\t<meta name=\"description\" content=\"Los parques de ocio de la provincia de M\u00e1laga prev\u00e9n continuar con los buenos datos registrados el pasado y superar un 5% su facturaci\u00f3n anual, unas cifras que rondan los 100 millones de euros al a\u00f1o. El presidente de la Asociaci\u00f3n Provincial de Empresas y Centros de Ocio de la Costa del Sol, Jos\u00e9 Mar\u00eda\" \/>\n\t<meta name=\"robots\" content=\"max-image-preview:large\" \/>\n\t<meta name=\"author\" content=\"admin\"\/>\n\t<meta name=\"google-site-verification\" content=\"UA-38556648-1\" \/>\n\t<meta name=\"keywords\" content=\"actualidad turismo\" \/>\n\t<link rel=\"canonical\" href=\"https:\/\/eldigitaldeasturias.com\/magazine365\/los-parques-de-ocio-de-malaga-preven-una-buena-temporada\/\" \/>\n\t<meta name=\"generator\" content=\"All in One SEO Pro (AIOSEO) 4.9.6.1\" \/>\n\t\t<meta property=\"og:locale\" content=\"es_ES\" \/>\n\t\t<meta property=\"og:site_name\" content=\"El Digital de Asturias \u2013 Revista de ocio, turismo y estilo de vida\" \/>\n\t\t<meta property=\"og:type\" content=\"article\" \/>\n\t\t<meta property=\"og:title\" content=\"Los parques de ocio de M\u00e1laga prev\u00e9n una \u201cbuena\u201d temporada | El Digital de Asturias\" \/>\n\t\t<meta property=\"og:description\" content=\"Los parques de ocio de la provincia de M\u00e1laga prev\u00e9n continuar con los buenos datos registrados el pasado y superar un 5% su facturaci\u00f3n anual, unas cifras que rondan los 100 millones de euros al a\u00f1o. El presidente de la Asociaci\u00f3n Provincial de Empresas y Centros de Ocio de la Costa del Sol, Jos\u00e9 Mar\u00eda\" \/>\n\t\t<meta property=\"og:url\" content=\"https:\/\/eldigitaldeasturias.com\/magazine365\/los-parques-de-ocio-de-malaga-preven-una-buena-temporada\/\" \/>\n\t\t<meta property=\"og:image\" content=\"https:\/\/eldigitaldeasturias.com\/magazine365\/wp-content\/uploads\/2015\/06\/fotonoticia_20150615093954_800.jpg\" \/>\n\t\t<meta property=\"og:image:secure_url\" content=\"https:\/\/eldigitaldeasturias.com\/magazine365\/wp-content\/uploads\/2015\/06\/fotonoticia_20150615093954_800.jpg\" \/>\n\t\t<meta property=\"og:image:width\" content=\"800\" \/>\n\t\t<meta property=\"og:image:height\" content=\"533\" \/>\n\t\t<meta property=\"article:published_time\" content=\"2015-06-15T12:42:34+00:00\" \/>\n\t\t<meta property=\"article:modified_time\" content=\"2015-06-15T12:42:34+00:00\" \/>\n\t\t<meta name=\"twitter:card\" content=\"summary_large_image\" \/>\n\t\t<meta name=\"twitter:title\" content=\"Los parques de ocio de M\u00e1laga prev\u00e9n una \u201cbuena\u201d temporada | El Digital de Asturias\" \/>\n\t\t<meta name=\"twitter:description\" content=\"Los parques de ocio de la provincia de M\u00e1laga prev\u00e9n continuar con los buenos datos registrados el pasado y superar un 5% su facturaci\u00f3n anual, unas cifras que rondan los 100 millones de euros al a\u00f1o. El presidente de la Asociaci\u00f3n Provincial de Empresas y Centros de Ocio de la Costa del Sol, Jos\u00e9 Mar\u00eda\" \/>\n\t\t<meta name=\"twitter:image\" content=\"https:\/\/eldigitaldeasturias.com\/magazine365\/wp-content\/uploads\/2015\/06\/fotonoticia_20150615093954_800.jpg\" \/>\n\t\t<script type=\"application\/ld+json\" class=\"aioseo-schema\">\n\t\t\t{\"@context\":\"https:\\\/\\\/schema.org\",\"@graph\":[{\"@type\":\"Article\",\"@id\":\"https:\\\/\\\/eldigitaldeasturias.com\\\/magazine365\\\/los-parques-de-ocio-de-malaga-preven-una-buena-temporada\\\/#article\",\"name\":\"Los parques de ocio de M\\u00e1laga prev\\u00e9n una \\u201cbuena\\u201d temporada | El Digital de Asturias\",\"headline\":\"Los parques de ocio de M\\u00e1laga prev\\u00e9n una \\u201cbuena\\u201d temporada\",\"author\":{\"@id\":\"https:\\\/\\\/eldigitaldeasturias.com\\\/magazine365\\\/author\\\/admin\\\/#author\"},\"publisher\":{\"@id\":\"https:\\\/\\\/eldigitaldeasturias.com\\\/magazine365\\\/#organization\"},\"image\":{\"@type\":\"ImageObject\",\"url\":\"https:\\\/\\\/eldigitaldeasturias.com\\\/magazine365\\\/wp-content\\\/uploads\\\/2015\\\/06\\\/fotonoticia_20150615093954_800.jpg\",\"width\":800,\"height\":533},\"datePublished\":\"2015-06-15T14:12:34+02:00\",\"dateModified\":\"2015-06-15T14:12:34+02:00\",\"inLanguage\":\"es-ES\",\"mainEntityOfPage\":{\"@id\":\"https:\\\/\\\/eldigitaldeasturias.com\\\/magazine365\\\/los-parques-de-ocio-de-malaga-preven-una-buena-temporada\\\/#webpage\"},\"isPartOf\":{\"@id\":\"https:\\\/\\\/eldigitaldeasturias.com\\\/magazine365\\\/los-parques-de-ocio-de-malaga-preven-una-buena-temporada\\\/#webpage\"},\"articleSection\":\"Actualidad Turismo\"},{\"@type\":\"BreadcrumbList\",\"@id\":\"https:\\\/\\\/eldigitaldeasturias.com\\\/magazine365\\\/los-parques-de-ocio-de-malaga-preven-una-buena-temporada\\\/#breadcrumblist\",\"itemListElement\":[{\"@type\":\"ListItem\",\"@id\":\"https:\\\/\\\/eldigitaldeasturias.com\\\/magazine365#listItem\",\"position\":1,\"name\":\"Home\",\"item\":\"https:\\\/\\\/eldigitaldeasturias.com\\\/magazine365\",\"nextItem\":{\"@type\":\"ListItem\",\"@id\":\"https:\\\/\\\/eldigitaldeasturias.com\\\/magazine365\\\/category\\\/actualidad-turismo\\\/#listItem\",\"name\":\"Actualidad Turismo\"}},{\"@type\":\"ListItem\",\"@id\":\"https:\\\/\\\/eldigitaldeasturias.com\\\/magazine365\\\/category\\\/actualidad-turismo\\\/#listItem\",\"position\":2,\"name\":\"Actualidad Turismo\",\"item\":\"https:\\\/\\\/eldigitaldeasturias.com\\\/magazine365\\\/category\\\/actualidad-turismo\\\/\",\"nextItem\":{\"@type\":\"ListItem\",\"@id\":\"https:\\\/\\\/eldigitaldeasturias.com\\\/magazine365\\\/los-parques-de-ocio-de-malaga-preven-una-buena-temporada\\\/#listItem\",\"name\":\"Los parques de ocio de M\\u00e1laga prev\\u00e9n una \\u201cbuena\\u201d temporada\"},\"previousItem\":{\"@type\":\"ListItem\",\"@id\":\"https:\\\/\\\/eldigitaldeasturias.com\\\/magazine365#listItem\",\"name\":\"Home\"}},{\"@type\":\"ListItem\",\"@id\":\"https:\\\/\\\/eldigitaldeasturias.com\\\/magazine365\\\/los-parques-de-ocio-de-malaga-preven-una-buena-temporada\\\/#listItem\",\"position\":3,\"name\":\"Los parques de ocio de M\\u00e1laga prev\\u00e9n una \\u201cbuena\\u201d temporada\",\"previousItem\":{\"@type\":\"ListItem\",\"@id\":\"https:\\\/\\\/eldigitaldeasturias.com\\\/magazine365\\\/category\\\/actualidad-turismo\\\/#listItem\",\"name\":\"Actualidad Turismo\"}}]},{\"@type\":\"Organization\",\"@id\":\"https:\\\/\\\/eldigitaldeasturias.com\\\/magazine365\\\/#organization\",\"name\":\"El digital de Asturias\",\"description\":\"Revista de ocio, turismo y estilo de vida\",\"url\":\"https:\\\/\\\/eldigitaldeasturias.com\\\/magazine365\\\/\",\"logo\":{\"@type\":\"ImageObject\",\"url\":\"https:\\\/\\\/www.eldigitaldeasturias.com\\\/noticias\\\/wp-content\\\/uploads\\\/2020\\\/12\\\/EDA.jpg\",\"@id\":\"https:\\\/\\\/eldigitaldeasturias.com\\\/magazine365\\\/los-parques-de-ocio-de-malaga-preven-una-buena-temporada\\\/#organizationLogo\"},\"image\":{\"@id\":\"https:\\\/\\\/eldigitaldeasturias.com\\\/magazine365\\\/los-parques-de-ocio-de-malaga-preven-una-buena-temporada\\\/#organizationLogo\"}},{\"@type\":\"Person\",\"@id\":\"https:\\\/\\\/eldigitaldeasturias.com\\\/magazine365\\\/author\\\/admin\\\/#author\",\"url\":\"https:\\\/\\\/eldigitaldeasturias.com\\\/magazine365\\\/author\\\/admin\\\/\",\"name\":\"admin\",\"image\":{\"@type\":\"ImageObject\",\"@id\":\"https:\\\/\\\/eldigitaldeasturias.com\\\/magazine365\\\/los-parques-de-ocio-de-malaga-preven-una-buena-temporada\\\/#authorImage\",\"url\":\"https:\\\/\\\/eldigitaldeasturias.com\\\/magazine365\\\/wp-content\\\/litespeed\\\/avatar\\\/e571bcf59a0edd6fa6838245a470f2fe.jpg?ver=1776969259\",\"width\":96,\"height\":96,\"caption\":\"admin\"}},{\"@type\":\"WebPage\",\"@id\":\"https:\\\/\\\/eldigitaldeasturias.com\\\/magazine365\\\/los-parques-de-ocio-de-malaga-preven-una-buena-temporada\\\/#webpage\",\"url\":\"https:\\\/\\\/eldigitaldeasturias.com\\\/magazine365\\\/los-parques-de-ocio-de-malaga-preven-una-buena-temporada\\\/\",\"name\":\"Los parques de ocio de M\\u00e1laga prev\\u00e9n una \\u201cbuena\\u201d temporada | El Digital de Asturias\",\"description\":\"Los parques de ocio de la provincia de M\\u00e1laga prev\\u00e9n continuar con los buenos datos registrados el pasado y superar un 5% su facturaci\\u00f3n anual, unas cifras que rondan los 100 millones de euros al a\\u00f1o. El presidente de la Asociaci\\u00f3n Provincial de Empresas y Centros de Ocio de la Costa del Sol, Jos\\u00e9 Mar\\u00eda\",\"inLanguage\":\"es-ES\",\"isPartOf\":{\"@id\":\"https:\\\/\\\/eldigitaldeasturias.com\\\/magazine365\\\/#website\"},\"breadcrumb\":{\"@id\":\"https:\\\/\\\/eldigitaldeasturias.com\\\/magazine365\\\/los-parques-de-ocio-de-malaga-preven-una-buena-temporada\\\/#breadcrumblist\"},\"author\":{\"@id\":\"https:\\\/\\\/eldigitaldeasturias.com\\\/magazine365\\\/author\\\/admin\\\/#author\"},\"creator\":{\"@id\":\"https:\\\/\\\/eldigitaldeasturias.com\\\/magazine365\\\/author\\\/admin\\\/#author\"},\"image\":{\"@type\":\"ImageObject\",\"url\":\"https:\\\/\\\/eldigitaldeasturias.com\\\/magazine365\\\/wp-content\\\/uploads\\\/2015\\\/06\\\/fotonoticia_20150615093954_800.jpg\",\"@id\":\"https:\\\/\\\/eldigitaldeasturias.com\\\/magazine365\\\/los-parques-de-ocio-de-malaga-preven-una-buena-temporada\\\/#mainImage\",\"width\":800,\"height\":533},\"primaryImageOfPage\":{\"@id\":\"https:\\\/\\\/eldigitaldeasturias.com\\\/magazine365\\\/los-parques-de-ocio-de-malaga-preven-una-buena-temporada\\\/#mainImage\"},\"datePublished\":\"2015-06-15T14:12:34+02:00\",\"dateModified\":\"2015-06-15T14:12:34+02:00\"},{\"@type\":\"WebSite\",\"@id\":\"https:\\\/\\\/eldigitaldeasturias.com\\\/magazine365\\\/#website\",\"url\":\"https:\\\/\\\/eldigitaldeasturias.com\\\/magazine365\\\/\",\"name\":\"El Digital de Asturias\",\"description\":\"Revista de ocio, turismo y estilo de vida\",\"inLanguage\":\"es-ES\",\"publisher\":{\"@id\":\"https:\\\/\\\/eldigitaldeasturias.com\\\/magazine365\\\/#organization\"}}]}\n\t\t<\/script>\n\t\t<!-- All in One SEO Pro -->\r\n\t\t<title>Los parques de ocio de M\u00e1laga prev\u00e9n una \u201cbuena\u201d temporada | El Digital de Asturias<\/title>\n\n","aioseo_head_json":{"title":"Los parques de ocio de M\u00e1laga prev\u00e9n una \u201cbuena\u201d temporada | El Digital de Asturias","description":"Los parques de ocio de la provincia de M\u00e1laga prev\u00e9n continuar con los buenos datos registrados el pasado y superar un 5% su facturaci\u00f3n anual, unas cifras que rondan los 100 millones de euros al a\u00f1o. El presidente de la Asociaci\u00f3n Provincial de Empresas y Centros de Ocio de la Costa del Sol, Jos\u00e9 Mar\u00eda","canonical_url":"https:\/\/eldigitaldeasturias.com\/magazine365\/los-parques-de-ocio-de-malaga-preven-una-buena-temporada\/","robots":"max-image-preview:large","keywords":"actualidad turismo","webmasterTools":{"google-site-verification":"UA-38556648-1","miscellaneous":""},"schema":{"@context":"https:\/\/schema.org","@graph":[{"@type":"Article","@id":"https:\/\/eldigitaldeasturias.com\/magazine365\/los-parques-de-ocio-de-malaga-preven-una-buena-temporada\/#article","name":"Los parques de ocio de M\u00e1laga prev\u00e9n una \u201cbuena\u201d temporada | El Digital de Asturias","headline":"Los parques de ocio de M\u00e1laga prev\u00e9n una \u201cbuena\u201d temporada","author":{"@id":"https:\/\/eldigitaldeasturias.com\/magazine365\/author\/admin\/#author"},"publisher":{"@id":"https:\/\/eldigitaldeasturias.com\/magazine365\/#organization"},"image":{"@type":"ImageObject","url":"https:\/\/eldigitaldeasturias.com\/magazine365\/wp-content\/uploads\/2015\/06\/fotonoticia_20150615093954_800.jpg","width":800,"height":533},"datePublished":"2015-06-15T14:12:34+02:00","dateModified":"2015-06-15T14:12:34+02:00","inLanguage":"es-ES","mainEntityOfPage":{"@id":"https:\/\/eldigitaldeasturias.com\/magazine365\/los-parques-de-ocio-de-malaga-preven-una-buena-temporada\/#webpage"},"isPartOf":{"@id":"https:\/\/eldigitaldeasturias.com\/magazine365\/los-parques-de-ocio-de-malaga-preven-una-buena-temporada\/#webpage"},"articleSection":"Actualidad Turismo"},{"@type":"BreadcrumbList","@id":"https:\/\/eldigitaldeasturias.com\/magazine365\/los-parques-de-ocio-de-malaga-preven-una-buena-temporada\/#breadcrumblist","itemListElement":[{"@type":"ListItem","@id":"https:\/\/eldigitaldeasturias.com\/magazine365#listItem","position":1,"name":"Home","item":"https:\/\/eldigitaldeasturias.com\/magazine365","nextItem":{"@type":"ListItem","@id":"https:\/\/eldigitaldeasturias.com\/magazine365\/category\/actualidad-turismo\/#listItem","name":"Actualidad Turismo"}},{"@type":"ListItem","@id":"https:\/\/eldigitaldeasturias.com\/magazine365\/category\/actualidad-turismo\/#listItem","position":2,"name":"Actualidad Turismo","item":"https:\/\/eldigitaldeasturias.com\/magazine365\/category\/actualidad-turismo\/","nextItem":{"@type":"ListItem","@id":"https:\/\/eldigitaldeasturias.com\/magazine365\/los-parques-de-ocio-de-malaga-preven-una-buena-temporada\/#listItem","name":"Los parques de ocio de M\u00e1laga prev\u00e9n una \u201cbuena\u201d temporada"},"previousItem":{"@type":"ListItem","@id":"https:\/\/eldigitaldeasturias.com\/magazine365#listItem","name":"Home"}},{"@type":"ListItem","@id":"https:\/\/eldigitaldeasturias.com\/magazine365\/los-parques-de-ocio-de-malaga-preven-una-buena-temporada\/#listItem","position":3,"name":"Los parques de ocio de M\u00e1laga prev\u00e9n una \u201cbuena\u201d temporada","previousItem":{"@type":"ListItem","@id":"https:\/\/eldigitaldeasturias.com\/magazine365\/category\/actualidad-turismo\/#listItem","name":"Actualidad Turismo"}}]},{"@type":"Organization","@id":"https:\/\/eldigitaldeasturias.com\/magazine365\/#organization","name":"El digital de Asturias","description":"Revista de ocio, turismo y estilo de vida","url":"https:\/\/eldigitaldeasturias.com\/magazine365\/","logo":{"@type":"ImageObject","url":"https:\/\/www.eldigitaldeasturias.com\/noticias\/wp-content\/uploads\/2020\/12\/EDA.jpg","@id":"https:\/\/eldigitaldeasturias.com\/magazine365\/los-parques-de-ocio-de-malaga-preven-una-buena-temporada\/#organizationLogo"},"image":{"@id":"https:\/\/eldigitaldeasturias.com\/magazine365\/los-parques-de-ocio-de-malaga-preven-una-buena-temporada\/#organizationLogo"}},{"@type":"Person","@id":"https:\/\/eldigitaldeasturias.com\/magazine365\/author\/admin\/#author","url":"https:\/\/eldigitaldeasturias.com\/magazine365\/author\/admin\/","name":"admin","image":{"@type":"ImageObject","@id":"https:\/\/eldigitaldeasturias.com\/magazine365\/los-parques-de-ocio-de-malaga-preven-una-buena-temporada\/#authorImage","url":"https:\/\/eldigitaldeasturias.com\/magazine365\/wp-content\/litespeed\/avatar\/e571bcf59a0edd6fa6838245a470f2fe.jpg?ver=1776969259","width":96,"height":96,"caption":"admin"}},{"@type":"WebPage","@id":"https:\/\/eldigitaldeasturias.com\/magazine365\/los-parques-de-ocio-de-malaga-preven-una-buena-temporada\/#webpage","url":"https:\/\/eldigitaldeasturias.com\/magazine365\/los-parques-de-ocio-de-malaga-preven-una-buena-temporada\/","name":"Los parques de ocio de M\u00e1laga prev\u00e9n una \u201cbuena\u201d temporada | El Digital de Asturias","description":"Los parques de ocio de la provincia de M\u00e1laga prev\u00e9n continuar con los buenos datos registrados el pasado y superar un 5% su facturaci\u00f3n anual, unas cifras que rondan los 100 millones de euros al a\u00f1o. El presidente de la Asociaci\u00f3n Provincial de Empresas y Centros de Ocio de la Costa del Sol, Jos\u00e9 Mar\u00eda","inLanguage":"es-ES","isPartOf":{"@id":"https:\/\/eldigitaldeasturias.com\/magazine365\/#website"},"breadcrumb":{"@id":"https:\/\/eldigitaldeasturias.com\/magazine365\/los-parques-de-ocio-de-malaga-preven-una-buena-temporada\/#breadcrumblist"},"author":{"@id":"https:\/\/eldigitaldeasturias.com\/magazine365\/author\/admin\/#author"},"creator":{"@id":"https:\/\/eldigitaldeasturias.com\/magazine365\/author\/admin\/#author"},"image":{"@type":"ImageObject","url":"https:\/\/eldigitaldeasturias.com\/magazine365\/wp-content\/uploads\/2015\/06\/fotonoticia_20150615093954_800.jpg","@id":"https:\/\/eldigitaldeasturias.com\/magazine365\/los-parques-de-ocio-de-malaga-preven-una-buena-temporada\/#mainImage","width":800,"height":533},"primaryImageOfPage":{"@id":"https:\/\/eldigitaldeasturias.com\/magazine365\/los-parques-de-ocio-de-malaga-preven-una-buena-temporada\/#mainImage"},"datePublished":"2015-06-15T14:12:34+02:00","dateModified":"2015-06-15T14:12:34+02:00"},{"@type":"WebSite","@id":"https:\/\/eldigitaldeasturias.com\/magazine365\/#website","url":"https:\/\/eldigitaldeasturias.com\/magazine365\/","name":"El Digital de Asturias","description":"Revista de ocio, turismo y estilo de vida","inLanguage":"es-ES","publisher":{"@id":"https:\/\/eldigitaldeasturias.com\/magazine365\/#organization"}}]},"og:locale":"es_ES","og:site_name":"El Digital de Asturias \u2013 Revista de ocio, turismo y estilo de vida","og:type":"article","og:title":"Los parques de ocio de M\u00e1laga prev\u00e9n una \u201cbuena\u201d temporada | El Digital de Asturias","og:description":"Los parques de ocio de la provincia de M\u00e1laga prev\u00e9n continuar con los buenos datos registrados el pasado y superar un 5% su facturaci\u00f3n anual, unas cifras que rondan los 100 millones de euros al a\u00f1o. El presidente de la Asociaci\u00f3n Provincial de Empresas y Centros de Ocio de la Costa del Sol, Jos\u00e9 Mar\u00eda","og:url":"https:\/\/eldigitaldeasturias.com\/magazine365\/los-parques-de-ocio-de-malaga-preven-una-buena-temporada\/","og:image":"https:\/\/eldigitaldeasturias.com\/magazine365\/wp-content\/uploads\/2015\/06\/fotonoticia_20150615093954_800.jpg","og:image:secure_url":"https:\/\/eldigitaldeasturias.com\/magazine365\/wp-content\/uploads\/2015\/06\/fotonoticia_20150615093954_800.jpg","og:image:width":800,"og:image:height":533,"article:published_time":"2015-06-15T12:42:34+00:00","article:modified_time":"2015-06-15T12:42:34+00:00","twitter:card":"summary_large_image","twitter:title":"Los parques de ocio de M\u00e1laga prev\u00e9n una \u201cbuena\u201d temporada | El Digital de Asturias","twitter:description":"Los parques de ocio de la provincia de M\u00e1laga prev\u00e9n continuar con los buenos datos registrados el pasado y superar un 5% su facturaci\u00f3n anual, unas cifras que rondan los 100 millones de euros al a\u00f1o. El presidente de la Asociaci\u00f3n Provincial de Empresas y Centros de Ocio de la Costa del Sol, Jos\u00e9 Mar\u00eda","twitter:image":"https:\/\/eldigitaldeasturias.com\/magazine365\/wp-content\/uploads\/2015\/06\/fotonoticia_20150615093954_800.jpg"},"aioseo_meta_data":{"post_id":"39813","title":null,"description":null,"keywords":null,"keyphrases":null,"primary_term":null,"canonical_url":null,"og_title":null,"og_description":null,"og_object_type":"default","og_image_type":"default","og_image_url":null,"og_image_width":null,"og_image_height":null,"og_image_custom_url":null,"og_image_custom_fields":null,"og_video":null,"og_custom_url":null,"og_article_section":null,"og_article_tags":null,"twitter_use_og":false,"twitter_card":"default","twitter_image_type":"default","twitter_image_url":null,"twitter_image_custom_url":null,"twitter_image_custom_fields":null,"twitter_title":null,"twitter_description":null,"schema":{"blockGraphs":[],"customGraphs":[],"default":{"data":{"Article":[],"Course":[],"Dataset":[],"FAQPage":[],"Movie":[],"Person":[],"Product":[],"ProductReview":[],"Car":[],"Recipe":[],"Service":[],"SoftwareApplication":[],"WebPage":[]},"graphName":"","isEnabled":true},"graphs":[],"defaultGraph":"","defaultPostTypeGraph":""},"schema_type":null,"schema_type_options":null,"pillar_content":false,"robots_default":true,"robots_noindex":false,"robots_noarchive":false,"robots_nosnippet":false,"robots_nofollow":false,"robots_noimageindex":false,"robots_noodp":false,"robots_notranslate":false,"robots_max_snippet":null,"robots_max_videopreview":null,"robots_max_imagepreview":"large","priority":null,"frequency":null,"location":null,"local_seo":null,"seo_analyzer_scan_date":"2025-09-19 12:23:09","breadcrumb_settings":null,"limit_modified_date":false,"open_ai":null,"ai":null,"created":"2021-03-09 02:36:41","updated":"2025-09-19 12:23:09"},"aioseo_breadcrumb":"<div class=\"aioseo-breadcrumbs\"><span class=\"aioseo-breadcrumb\">\n\t<a href=\"https:\/\/eldigitaldeasturias.com\/magazine365\" title=\"Home\">Home<\/a>\n<\/span><span class=\"aioseo-breadcrumb-separator\">\u2013<\/span><span class=\"aioseo-breadcrumb\">\n\t<a href=\"https:\/\/eldigitaldeasturias.com\/magazine365\/category\/actualidad-turismo\/\" title=\"Actualidad Turismo\">Actualidad Turismo<\/a>\n<\/span><span class=\"aioseo-breadcrumb-separator\">\u2013<\/span><span class=\"aioseo-breadcrumb\">\n\t<a href=\"https:\/\/eldigitaldeasturias.com\/magazine365\/los-parques-de-ocio-de-malaga-preven-una-buena-temporada\/\" title=\"Los parques de ocio de M\u00e1laga prev\u00e9n una \u201cbuena\u201d temporada\">Los parques de ocio de M\u00e1laga prev\u00e9n una \u201cbuena\u201d temporada<\/a>\n<\/span><\/div>","aioseo_breadcrumb_json":[{"label":"Home","link":"https:\/\/eldigitaldeasturias.com\/magazine365"},{"label":"Actualidad Turismo","link":"https:\/\/eldigitaldeasturias.com\/magazine365\/category\/actualidad-turismo\/"},{"label":"Los parques de ocio de M\u00e1laga prev\u00e9n una \u201cbuena\u201d temporada","link":"https:\/\/eldigitaldeasturias.com\/magazine365\/los-parques-de-ocio-de-malaga-preven-una-buena-temporada\/"}],"_links":{"self":[{"href":"https:\/\/eldigitaldeasturias.com\/magazine365\/wp-json\/wp\/v2\/posts\/39813","targetHints":{"allow":["GET"]}}],"collection":[{"href":"https:\/\/eldigitaldeasturias.com\/magazine365\/wp-json\/wp\/v2\/posts"}],"about":[{"href":"https:\/\/eldigitaldeasturias.com\/magazine365\/wp-json\/wp\/v2\/types\/post"}],"author":[{"embeddable":true,"href":"https:\/\/eldigitaldeasturias.com\/magazine365\/wp-json\/wp\/v2\/users\/1"}],"replies":[{"embeddable":true,"href":"https:\/\/eldigitaldeasturias.com\/magazine365\/wp-json\/wp\/v2\/comments?post=39813"}],"version-history":[{"count":0,"href":"https:\/\/eldigitaldeasturias.com\/magazine365\/wp-json\/wp\/v2\/posts\/39813\/revisions"}],"wp:featuredmedia":[{"embeddable":true,"href":"https:\/\/eldigitaldeasturias.com\/magazine365\/wp-json\/wp\/v2\/media\/39814"}],"wp:attachment":[{"href":"https:\/\/eldigitaldeasturias.com\/magazine365\/wp-json\/wp\/v2\/media?parent=39813"}],"wp:term":[{"taxonomy":"category","embeddable":true,"href":"https:\/\/eldigitaldeasturias.com\/magazine365\/wp-json\/wp\/v2\/categories?post=39813"},{"taxonomy":"post_tag","embeddable":true,"href":"https:\/\/eldigitaldeasturias.com\/magazine365\/wp-json\/wp\/v2\/tags?post=39813"}],"curies":[{"name":"wp","href":"https:\/\/api.w.org\/{rel}","templated":true}]}}