{"id":39807,"date":"2015-06-15T14:04:55","date_gmt":"2015-06-15T12:34:55","guid":{"rendered":"http:\/\/eldigitaldeasturias.com\/magazine365\/?p=39807"},"modified":"2015-06-15T14:04:55","modified_gmt":"2015-06-15T12:34:55","slug":"el-tram-de-alicante-registro-mas-de-836-000-pasajeros-en-mayo","status":"publish","type":"post","link":"https:\/\/eldigitaldeasturias.com\/magazine365\/el-tram-de-alicante-registro-mas-de-836-000-pasajeros-en-mayo\/","title":{"rendered":"El Tram de Alicante registr\u00f3 m\u00e1s de 836.000 pasajeros en mayo"},"content":{"rendered":"<p><img fetchpriority=\"high\" decoding=\"async\" class=\"alignleft size-medium wp-image-39808\" src=\"https:\/\/eldigitaldeasturias.com\/magazine365\/wp-content\/uploads\/2015\/06\/fotonoticia_20150615093205_800-360x241.jpg\" alt=\"fotonoticia_20150615093205_800\" width=\"360\" height=\"241\" srcset=\"https:\/\/eldigitaldeasturias.com\/magazine365\/wp-content\/uploads\/2015\/06\/fotonoticia_20150615093205_800-360x241.jpg 360w, https:\/\/eldigitaldeasturias.com\/magazine365\/wp-content\/uploads\/2015\/06\/fotonoticia_20150615093205_800-650x435.jpg 650w, https:\/\/eldigitaldeasturias.com\/magazine365\/wp-content\/uploads\/2015\/06\/fotonoticia_20150615093205_800-768x514.jpg 768w, https:\/\/eldigitaldeasturias.com\/magazine365\/wp-content\/uploads\/2015\/06\/fotonoticia_20150615093205_800-150x100.jpg 150w, https:\/\/eldigitaldeasturias.com\/magazine365\/wp-content\/uploads\/2015\/06\/fotonoticia_20150615093205_800-450x301.jpg 450w, https:\/\/eldigitaldeasturias.com\/magazine365\/wp-content\/uploads\/2015\/06\/fotonoticia_20150615093205_800-696x465.jpg 696w, https:\/\/eldigitaldeasturias.com\/magazine365\/wp-content\/uploads\/2015\/06\/fotonoticia_20150615093205_800-628x420.jpg 628w, https:\/\/eldigitaldeasturias.com\/magazine365\/wp-content\/uploads\/2015\/06\/fotonoticia_20150615093205_800-84x55.jpg 84w, https:\/\/eldigitaldeasturias.com\/magazine365\/wp-content\/uploads\/2015\/06\/fotonoticia_20150615093205_800.jpg 800w\" sizes=\"(max-width: 360px) 100vw, 360px\" \/>El Tram Metropolitano de Alicante registr\u00f3 durante el mes de mayo en sus cinco l\u00edneas de tranv\u00eda, tren-TRAM y tren di\u00e9sel un total de 836.759 usuarios, lo que se traduce en una media de 26.992 clientes al d\u00eda.<\/p>\n<p>La l\u00ednea 2, que une Luceros y San Vicente del Raspeig, fuela m\u00e1s utilizada, con 321.742 usuarios, seguida del tren-TRAM de la l\u00ednea 1 entre Luceros y Benidorm, con 175.363 usuarios; el tranv\u00eda de la l\u00ednea 3 entre Luceros y El Campello, con 167.451 viajeros; el tranv\u00eda de la l\u00ednea 4 que conecta Luceros con Plaza La Coru\u00f1a, con 111.038 pasajeros, y, por \u00faltimo, el tren de la l\u00ednea 9 entre Benidorm y Denia, con 61.165 clientes.<\/p>\n<p>En el tr\u00e1fico por estaciones, Luceros ha liderado el ranking con 132.054 viajeros. Le sigue Mercado, con 80.085, y en tercera posici\u00f3n MARQ, con 32.094. En la cuarta posici\u00f3n se sit\u00faa Benidorm, que ha registrado 22.313 movimientos. En quinto lugar se encuentra la estaci\u00f3n de Creueta que registr\u00f3 4.535 usuarios durante el pasado mes.<\/p>\n<p>Al existir la posibilidad de comprar y validar los t\u00edtulos de transportes en el interior de las unidades del tranv\u00eda, tren-TRAM y tren convencional, las ventas y validaciones de t\u00edtulos de transporte en ruta se concretaron en 553.115 viajes.<\/p>\n","protected":false},"excerpt":{"rendered":"<p>El Tram Metropolitano de Alicante registr\u00f3 durante el mes de mayo en sus cinco l\u00edneas de tranv\u00eda, tren-TRAM y tren di\u00e9sel un total de 836.759 usuarios, lo que se traduce en una media de 26.992 clientes al d\u00eda. La l\u00ednea 2, que une Luceros y San Vicente del Raspeig, fuela m\u00e1s utilizada, con 321.742 usuarios,<\/p>\n","protected":false},"author":1,"featured_media":39808,"comment_status":"open","ping_status":"closed","sticky":false,"template":"","format":"standard","meta":{"footnotes":""},"categories":[222],"tags":[],"class_list":{"0":"post-39807","1":"post","2":"type-post","3":"status-publish","4":"format-standard","5":"has-post-thumbnail","7":"category-actualidad-turismo"},"aioseo_notices":[],"aioseo_head":"\n\t\t<!-- All in One SEO Pro 4.9.6.1 - aioseo.com -->\n\t<meta name=\"description\" content=\"El Tram Metropolitano de Alicante registr\u00f3 durante el mes de mayo en sus cinco l\u00edneas de tranv\u00eda, tren-TRAM y tren di\u00e9sel un total de 836.759 usuarios, lo que se traduce en una media de 26.992 clientes al d\u00eda. La l\u00ednea 2, que une Luceros y San Vicente del Raspeig, fuela m\u00e1s utilizada, con 321.742 usuarios,\" \/>\n\t<meta name=\"robots\" content=\"max-image-preview:large\" \/>\n\t<meta name=\"author\" content=\"admin\"\/>\n\t<meta name=\"google-site-verification\" content=\"UA-38556648-1\" \/>\n\t<meta name=\"keywords\" content=\"actualidad turismo\" \/>\n\t<link rel=\"canonical\" href=\"https:\/\/eldigitaldeasturias.com\/magazine365\/el-tram-de-alicante-registro-mas-de-836-000-pasajeros-en-mayo\/\" \/>\n\t<meta name=\"generator\" content=\"All in One SEO Pro (AIOSEO) 4.9.6.1\" \/>\n\t\t<meta property=\"og:locale\" content=\"es_ES\" \/>\n\t\t<meta property=\"og:site_name\" content=\"El Digital de Asturias \u2013 Revista de ocio, turismo y estilo de vida\" \/>\n\t\t<meta property=\"og:type\" content=\"article\" \/>\n\t\t<meta property=\"og:title\" content=\"El Tram de Alicante registr\u00f3 m\u00e1s de 836.000 pasajeros en mayo | El Digital de Asturias\" \/>\n\t\t<meta property=\"og:description\" content=\"El Tram Metropolitano de Alicante registr\u00f3 durante el mes de mayo en sus cinco l\u00edneas de tranv\u00eda, tren-TRAM y tren di\u00e9sel un total de 836.759 usuarios, lo que se traduce en una media de 26.992 clientes al d\u00eda. La l\u00ednea 2, que une Luceros y San Vicente del Raspeig, fuela m\u00e1s utilizada, con 321.742 usuarios,\" \/>\n\t\t<meta property=\"og:url\" content=\"https:\/\/eldigitaldeasturias.com\/magazine365\/el-tram-de-alicante-registro-mas-de-836-000-pasajeros-en-mayo\/\" \/>\n\t\t<meta property=\"og:image\" content=\"https:\/\/eldigitaldeasturias.com\/magazine365\/wp-content\/uploads\/2015\/06\/fotonoticia_20150615093205_800.jpg\" \/>\n\t\t<meta property=\"og:image:secure_url\" content=\"https:\/\/eldigitaldeasturias.com\/magazine365\/wp-content\/uploads\/2015\/06\/fotonoticia_20150615093205_800.jpg\" \/>\n\t\t<meta property=\"og:image:width\" content=\"800\" \/>\n\t\t<meta property=\"og:image:height\" content=\"535\" \/>\n\t\t<meta property=\"article:published_time\" content=\"2015-06-15T12:34:55+00:00\" \/>\n\t\t<meta property=\"article:modified_time\" content=\"2015-06-15T12:34:55+00:00\" \/>\n\t\t<meta name=\"twitter:card\" content=\"summary_large_image\" \/>\n\t\t<meta name=\"twitter:title\" content=\"El Tram de Alicante registr\u00f3 m\u00e1s de 836.000 pasajeros en mayo | El Digital de Asturias\" \/>\n\t\t<meta name=\"twitter:description\" content=\"El Tram Metropolitano de Alicante registr\u00f3 durante el mes de mayo en sus cinco l\u00edneas de tranv\u00eda, tren-TRAM y tren di\u00e9sel un total de 836.759 usuarios, lo que se traduce en una media de 26.992 clientes al d\u00eda. La l\u00ednea 2, que une Luceros y San Vicente del Raspeig, fuela m\u00e1s utilizada, con 321.742 usuarios,\" \/>\n\t\t<meta name=\"twitter:image\" content=\"https:\/\/eldigitaldeasturias.com\/magazine365\/wp-content\/uploads\/2015\/06\/fotonoticia_20150615093205_800.jpg\" \/>\n\t\t<script type=\"application\/ld+json\" class=\"aioseo-schema\">\n\t\t\t{\"@context\":\"https:\\\/\\\/schema.org\",\"@graph\":[{\"@type\":\"Article\",\"@id\":\"https:\\\/\\\/eldigitaldeasturias.com\\\/magazine365\\\/el-tram-de-alicante-registro-mas-de-836-000-pasajeros-en-mayo\\\/#article\",\"name\":\"El Tram de Alicante registr\\u00f3 m\\u00e1s de 836.000 pasajeros en mayo | El Digital de Asturias\",\"headline\":\"El Tram de Alicante registr\\u00f3 m\\u00e1s de 836.000 pasajeros en mayo\",\"author\":{\"@id\":\"https:\\\/\\\/eldigitaldeasturias.com\\\/magazine365\\\/author\\\/admin\\\/#author\"},\"publisher\":{\"@id\":\"https:\\\/\\\/eldigitaldeasturias.com\\\/magazine365\\\/#organization\"},\"image\":{\"@type\":\"ImageObject\",\"url\":\"https:\\\/\\\/eldigitaldeasturias.com\\\/magazine365\\\/wp-content\\\/uploads\\\/2015\\\/06\\\/fotonoticia_20150615093205_800.jpg\",\"width\":800,\"height\":535},\"datePublished\":\"2015-06-15T14:04:55+02:00\",\"dateModified\":\"2015-06-15T14:04:55+02:00\",\"inLanguage\":\"es-ES\",\"mainEntityOfPage\":{\"@id\":\"https:\\\/\\\/eldigitaldeasturias.com\\\/magazine365\\\/el-tram-de-alicante-registro-mas-de-836-000-pasajeros-en-mayo\\\/#webpage\"},\"isPartOf\":{\"@id\":\"https:\\\/\\\/eldigitaldeasturias.com\\\/magazine365\\\/el-tram-de-alicante-registro-mas-de-836-000-pasajeros-en-mayo\\\/#webpage\"},\"articleSection\":\"Actualidad Turismo\"},{\"@type\":\"BreadcrumbList\",\"@id\":\"https:\\\/\\\/eldigitaldeasturias.com\\\/magazine365\\\/el-tram-de-alicante-registro-mas-de-836-000-pasajeros-en-mayo\\\/#breadcrumblist\",\"itemListElement\":[{\"@type\":\"ListItem\",\"@id\":\"https:\\\/\\\/eldigitaldeasturias.com\\\/magazine365#listItem\",\"position\":1,\"name\":\"Home\",\"item\":\"https:\\\/\\\/eldigitaldeasturias.com\\\/magazine365\",\"nextItem\":{\"@type\":\"ListItem\",\"@id\":\"https:\\\/\\\/eldigitaldeasturias.com\\\/magazine365\\\/category\\\/actualidad-turismo\\\/#listItem\",\"name\":\"Actualidad Turismo\"}},{\"@type\":\"ListItem\",\"@id\":\"https:\\\/\\\/eldigitaldeasturias.com\\\/magazine365\\\/category\\\/actualidad-turismo\\\/#listItem\",\"position\":2,\"name\":\"Actualidad Turismo\",\"item\":\"https:\\\/\\\/eldigitaldeasturias.com\\\/magazine365\\\/category\\\/actualidad-turismo\\\/\",\"nextItem\":{\"@type\":\"ListItem\",\"@id\":\"https:\\\/\\\/eldigitaldeasturias.com\\\/magazine365\\\/el-tram-de-alicante-registro-mas-de-836-000-pasajeros-en-mayo\\\/#listItem\",\"name\":\"El Tram de Alicante registr\\u00f3 m\\u00e1s de 836.000 pasajeros en mayo\"},\"previousItem\":{\"@type\":\"ListItem\",\"@id\":\"https:\\\/\\\/eldigitaldeasturias.com\\\/magazine365#listItem\",\"name\":\"Home\"}},{\"@type\":\"ListItem\",\"@id\":\"https:\\\/\\\/eldigitaldeasturias.com\\\/magazine365\\\/el-tram-de-alicante-registro-mas-de-836-000-pasajeros-en-mayo\\\/#listItem\",\"position\":3,\"name\":\"El Tram de Alicante registr\\u00f3 m\\u00e1s de 836.000 pasajeros en mayo\",\"previousItem\":{\"@type\":\"ListItem\",\"@id\":\"https:\\\/\\\/eldigitaldeasturias.com\\\/magazine365\\\/category\\\/actualidad-turismo\\\/#listItem\",\"name\":\"Actualidad Turismo\"}}]},{\"@type\":\"Organization\",\"@id\":\"https:\\\/\\\/eldigitaldeasturias.com\\\/magazine365\\\/#organization\",\"name\":\"El digital de Asturias\",\"description\":\"Revista de ocio, turismo y estilo de vida\",\"url\":\"https:\\\/\\\/eldigitaldeasturias.com\\\/magazine365\\\/\",\"logo\":{\"@type\":\"ImageObject\",\"url\":\"https:\\\/\\\/www.eldigitaldeasturias.com\\\/noticias\\\/wp-content\\\/uploads\\\/2020\\\/12\\\/EDA.jpg\",\"@id\":\"https:\\\/\\\/eldigitaldeasturias.com\\\/magazine365\\\/el-tram-de-alicante-registro-mas-de-836-000-pasajeros-en-mayo\\\/#organizationLogo\"},\"image\":{\"@id\":\"https:\\\/\\\/eldigitaldeasturias.com\\\/magazine365\\\/el-tram-de-alicante-registro-mas-de-836-000-pasajeros-en-mayo\\\/#organizationLogo\"}},{\"@type\":\"Person\",\"@id\":\"https:\\\/\\\/eldigitaldeasturias.com\\\/magazine365\\\/author\\\/admin\\\/#author\",\"url\":\"https:\\\/\\\/eldigitaldeasturias.com\\\/magazine365\\\/author\\\/admin\\\/\",\"name\":\"admin\",\"image\":{\"@type\":\"ImageObject\",\"@id\":\"https:\\\/\\\/eldigitaldeasturias.com\\\/magazine365\\\/el-tram-de-alicante-registro-mas-de-836-000-pasajeros-en-mayo\\\/#authorImage\",\"url\":\"https:\\\/\\\/eldigitaldeasturias.com\\\/magazine365\\\/wp-content\\\/litespeed\\\/avatar\\\/e571bcf59a0edd6fa6838245a470f2fe.jpg?ver=1776969259\",\"width\":96,\"height\":96,\"caption\":\"admin\"}},{\"@type\":\"WebPage\",\"@id\":\"https:\\\/\\\/eldigitaldeasturias.com\\\/magazine365\\\/el-tram-de-alicante-registro-mas-de-836-000-pasajeros-en-mayo\\\/#webpage\",\"url\":\"https:\\\/\\\/eldigitaldeasturias.com\\\/magazine365\\\/el-tram-de-alicante-registro-mas-de-836-000-pasajeros-en-mayo\\\/\",\"name\":\"El Tram de Alicante registr\\u00f3 m\\u00e1s de 836.000 pasajeros en mayo | El Digital de Asturias\",\"description\":\"El Tram Metropolitano de Alicante registr\\u00f3 durante el mes de mayo en sus cinco l\\u00edneas de tranv\\u00eda, tren-TRAM y tren di\\u00e9sel un total de 836.759 usuarios, lo que se traduce en una media de 26.992 clientes al d\\u00eda. La l\\u00ednea 2, que une Luceros y San Vicente del Raspeig, fuela m\\u00e1s utilizada, con 321.742 usuarios,\",\"inLanguage\":\"es-ES\",\"isPartOf\":{\"@id\":\"https:\\\/\\\/eldigitaldeasturias.com\\\/magazine365\\\/#website\"},\"breadcrumb\":{\"@id\":\"https:\\\/\\\/eldigitaldeasturias.com\\\/magazine365\\\/el-tram-de-alicante-registro-mas-de-836-000-pasajeros-en-mayo\\\/#breadcrumblist\"},\"author\":{\"@id\":\"https:\\\/\\\/eldigitaldeasturias.com\\\/magazine365\\\/author\\\/admin\\\/#author\"},\"creator\":{\"@id\":\"https:\\\/\\\/eldigitaldeasturias.com\\\/magazine365\\\/author\\\/admin\\\/#author\"},\"image\":{\"@type\":\"ImageObject\",\"url\":\"https:\\\/\\\/eldigitaldeasturias.com\\\/magazine365\\\/wp-content\\\/uploads\\\/2015\\\/06\\\/fotonoticia_20150615093205_800.jpg\",\"@id\":\"https:\\\/\\\/eldigitaldeasturias.com\\\/magazine365\\\/el-tram-de-alicante-registro-mas-de-836-000-pasajeros-en-mayo\\\/#mainImage\",\"width\":800,\"height\":535},\"primaryImageOfPage\":{\"@id\":\"https:\\\/\\\/eldigitaldeasturias.com\\\/magazine365\\\/el-tram-de-alicante-registro-mas-de-836-000-pasajeros-en-mayo\\\/#mainImage\"},\"datePublished\":\"2015-06-15T14:04:55+02:00\",\"dateModified\":\"2015-06-15T14:04:55+02:00\"},{\"@type\":\"WebSite\",\"@id\":\"https:\\\/\\\/eldigitaldeasturias.com\\\/magazine365\\\/#website\",\"url\":\"https:\\\/\\\/eldigitaldeasturias.com\\\/magazine365\\\/\",\"name\":\"El Digital de Asturias\",\"description\":\"Revista de ocio, turismo y estilo de vida\",\"inLanguage\":\"es-ES\",\"publisher\":{\"@id\":\"https:\\\/\\\/eldigitaldeasturias.com\\\/magazine365\\\/#organization\"}}]}\n\t\t<\/script>\n\t\t<!-- All in One SEO Pro -->\r\n\t\t<title>El Tram de Alicante registr\u00f3 m\u00e1s de 836.000 pasajeros en mayo | El Digital de Asturias<\/title>\n\n","aioseo_head_json":{"title":"El Tram de Alicante registr\u00f3 m\u00e1s de 836.000 pasajeros en mayo | El Digital de Asturias","description":"El Tram Metropolitano de Alicante registr\u00f3 durante el mes de mayo en sus cinco l\u00edneas de tranv\u00eda, tren-TRAM y tren di\u00e9sel un total de 836.759 usuarios, lo que se traduce en una media de 26.992 clientes al d\u00eda. La l\u00ednea 2, que une Luceros y San Vicente del Raspeig, fuela m\u00e1s utilizada, con 321.742 usuarios,","canonical_url":"https:\/\/eldigitaldeasturias.com\/magazine365\/el-tram-de-alicante-registro-mas-de-836-000-pasajeros-en-mayo\/","robots":"max-image-preview:large","keywords":"actualidad turismo","webmasterTools":{"google-site-verification":"UA-38556648-1","miscellaneous":""},"schema":{"@context":"https:\/\/schema.org","@graph":[{"@type":"Article","@id":"https:\/\/eldigitaldeasturias.com\/magazine365\/el-tram-de-alicante-registro-mas-de-836-000-pasajeros-en-mayo\/#article","name":"El Tram de Alicante registr\u00f3 m\u00e1s de 836.000 pasajeros en mayo | El Digital de Asturias","headline":"El Tram de Alicante registr\u00f3 m\u00e1s de 836.000 pasajeros en mayo","author":{"@id":"https:\/\/eldigitaldeasturias.com\/magazine365\/author\/admin\/#author"},"publisher":{"@id":"https:\/\/eldigitaldeasturias.com\/magazine365\/#organization"},"image":{"@type":"ImageObject","url":"https:\/\/eldigitaldeasturias.com\/magazine365\/wp-content\/uploads\/2015\/06\/fotonoticia_20150615093205_800.jpg","width":800,"height":535},"datePublished":"2015-06-15T14:04:55+02:00","dateModified":"2015-06-15T14:04:55+02:00","inLanguage":"es-ES","mainEntityOfPage":{"@id":"https:\/\/eldigitaldeasturias.com\/magazine365\/el-tram-de-alicante-registro-mas-de-836-000-pasajeros-en-mayo\/#webpage"},"isPartOf":{"@id":"https:\/\/eldigitaldeasturias.com\/magazine365\/el-tram-de-alicante-registro-mas-de-836-000-pasajeros-en-mayo\/#webpage"},"articleSection":"Actualidad Turismo"},{"@type":"BreadcrumbList","@id":"https:\/\/eldigitaldeasturias.com\/magazine365\/el-tram-de-alicante-registro-mas-de-836-000-pasajeros-en-mayo\/#breadcrumblist","itemListElement":[{"@type":"ListItem","@id":"https:\/\/eldigitaldeasturias.com\/magazine365#listItem","position":1,"name":"Home","item":"https:\/\/eldigitaldeasturias.com\/magazine365","nextItem":{"@type":"ListItem","@id":"https:\/\/eldigitaldeasturias.com\/magazine365\/category\/actualidad-turismo\/#listItem","name":"Actualidad Turismo"}},{"@type":"ListItem","@id":"https:\/\/eldigitaldeasturias.com\/magazine365\/category\/actualidad-turismo\/#listItem","position":2,"name":"Actualidad Turismo","item":"https:\/\/eldigitaldeasturias.com\/magazine365\/category\/actualidad-turismo\/","nextItem":{"@type":"ListItem","@id":"https:\/\/eldigitaldeasturias.com\/magazine365\/el-tram-de-alicante-registro-mas-de-836-000-pasajeros-en-mayo\/#listItem","name":"El Tram de Alicante registr\u00f3 m\u00e1s de 836.000 pasajeros en mayo"},"previousItem":{"@type":"ListItem","@id":"https:\/\/eldigitaldeasturias.com\/magazine365#listItem","name":"Home"}},{"@type":"ListItem","@id":"https:\/\/eldigitaldeasturias.com\/magazine365\/el-tram-de-alicante-registro-mas-de-836-000-pasajeros-en-mayo\/#listItem","position":3,"name":"El Tram de Alicante registr\u00f3 m\u00e1s de 836.000 pasajeros en mayo","previousItem":{"@type":"ListItem","@id":"https:\/\/eldigitaldeasturias.com\/magazine365\/category\/actualidad-turismo\/#listItem","name":"Actualidad Turismo"}}]},{"@type":"Organization","@id":"https:\/\/eldigitaldeasturias.com\/magazine365\/#organization","name":"El digital de Asturias","description":"Revista de ocio, turismo y estilo de vida","url":"https:\/\/eldigitaldeasturias.com\/magazine365\/","logo":{"@type":"ImageObject","url":"https:\/\/www.eldigitaldeasturias.com\/noticias\/wp-content\/uploads\/2020\/12\/EDA.jpg","@id":"https:\/\/eldigitaldeasturias.com\/magazine365\/el-tram-de-alicante-registro-mas-de-836-000-pasajeros-en-mayo\/#organizationLogo"},"image":{"@id":"https:\/\/eldigitaldeasturias.com\/magazine365\/el-tram-de-alicante-registro-mas-de-836-000-pasajeros-en-mayo\/#organizationLogo"}},{"@type":"Person","@id":"https:\/\/eldigitaldeasturias.com\/magazine365\/author\/admin\/#author","url":"https:\/\/eldigitaldeasturias.com\/magazine365\/author\/admin\/","name":"admin","image":{"@type":"ImageObject","@id":"https:\/\/eldigitaldeasturias.com\/magazine365\/el-tram-de-alicante-registro-mas-de-836-000-pasajeros-en-mayo\/#authorImage","url":"https:\/\/eldigitaldeasturias.com\/magazine365\/wp-content\/litespeed\/avatar\/e571bcf59a0edd6fa6838245a470f2fe.jpg?ver=1776969259","width":96,"height":96,"caption":"admin"}},{"@type":"WebPage","@id":"https:\/\/eldigitaldeasturias.com\/magazine365\/el-tram-de-alicante-registro-mas-de-836-000-pasajeros-en-mayo\/#webpage","url":"https:\/\/eldigitaldeasturias.com\/magazine365\/el-tram-de-alicante-registro-mas-de-836-000-pasajeros-en-mayo\/","name":"El Tram de Alicante registr\u00f3 m\u00e1s de 836.000 pasajeros en mayo | El Digital de Asturias","description":"El Tram Metropolitano de Alicante registr\u00f3 durante el mes de mayo en sus cinco l\u00edneas de tranv\u00eda, tren-TRAM y tren di\u00e9sel un total de 836.759 usuarios, lo que se traduce en una media de 26.992 clientes al d\u00eda. La l\u00ednea 2, que une Luceros y San Vicente del Raspeig, fuela m\u00e1s utilizada, con 321.742 usuarios,","inLanguage":"es-ES","isPartOf":{"@id":"https:\/\/eldigitaldeasturias.com\/magazine365\/#website"},"breadcrumb":{"@id":"https:\/\/eldigitaldeasturias.com\/magazine365\/el-tram-de-alicante-registro-mas-de-836-000-pasajeros-en-mayo\/#breadcrumblist"},"author":{"@id":"https:\/\/eldigitaldeasturias.com\/magazine365\/author\/admin\/#author"},"creator":{"@id":"https:\/\/eldigitaldeasturias.com\/magazine365\/author\/admin\/#author"},"image":{"@type":"ImageObject","url":"https:\/\/eldigitaldeasturias.com\/magazine365\/wp-content\/uploads\/2015\/06\/fotonoticia_20150615093205_800.jpg","@id":"https:\/\/eldigitaldeasturias.com\/magazine365\/el-tram-de-alicante-registro-mas-de-836-000-pasajeros-en-mayo\/#mainImage","width":800,"height":535},"primaryImageOfPage":{"@id":"https:\/\/eldigitaldeasturias.com\/magazine365\/el-tram-de-alicante-registro-mas-de-836-000-pasajeros-en-mayo\/#mainImage"},"datePublished":"2015-06-15T14:04:55+02:00","dateModified":"2015-06-15T14:04:55+02:00"},{"@type":"WebSite","@id":"https:\/\/eldigitaldeasturias.com\/magazine365\/#website","url":"https:\/\/eldigitaldeasturias.com\/magazine365\/","name":"El Digital de Asturias","description":"Revista de ocio, turismo y estilo de vida","inLanguage":"es-ES","publisher":{"@id":"https:\/\/eldigitaldeasturias.com\/magazine365\/#organization"}}]},"og:locale":"es_ES","og:site_name":"El Digital de Asturias \u2013 Revista de ocio, turismo y estilo de vida","og:type":"article","og:title":"El Tram de Alicante registr\u00f3 m\u00e1s de 836.000 pasajeros en mayo | El Digital de Asturias","og:description":"El Tram Metropolitano de Alicante registr\u00f3 durante el mes de mayo en sus cinco l\u00edneas de tranv\u00eda, tren-TRAM y tren di\u00e9sel un total de 836.759 usuarios, lo que se traduce en una media de 26.992 clientes al d\u00eda. La l\u00ednea 2, que une Luceros y San Vicente del Raspeig, fuela m\u00e1s utilizada, con 321.742 usuarios,","og:url":"https:\/\/eldigitaldeasturias.com\/magazine365\/el-tram-de-alicante-registro-mas-de-836-000-pasajeros-en-mayo\/","og:image":"https:\/\/eldigitaldeasturias.com\/magazine365\/wp-content\/uploads\/2015\/06\/fotonoticia_20150615093205_800.jpg","og:image:secure_url":"https:\/\/eldigitaldeasturias.com\/magazine365\/wp-content\/uploads\/2015\/06\/fotonoticia_20150615093205_800.jpg","og:image:width":800,"og:image:height":535,"article:published_time":"2015-06-15T12:34:55+00:00","article:modified_time":"2015-06-15T12:34:55+00:00","twitter:card":"summary_large_image","twitter:title":"El Tram de Alicante registr\u00f3 m\u00e1s de 836.000 pasajeros en mayo | El Digital de Asturias","twitter:description":"El Tram Metropolitano de Alicante registr\u00f3 durante el mes de mayo en sus cinco l\u00edneas de tranv\u00eda, tren-TRAM y tren di\u00e9sel un total de 836.759 usuarios, lo que se traduce en una media de 26.992 clientes al d\u00eda. La l\u00ednea 2, que une Luceros y San Vicente del Raspeig, fuela m\u00e1s utilizada, con 321.742 usuarios,","twitter:image":"https:\/\/eldigitaldeasturias.com\/magazine365\/wp-content\/uploads\/2015\/06\/fotonoticia_20150615093205_800.jpg"},"aioseo_meta_data":{"post_id":"39807","title":null,"description":null,"keywords":null,"keyphrases":null,"primary_term":null,"canonical_url":null,"og_title":null,"og_description":null,"og_object_type":"default","og_image_type":"default","og_image_url":null,"og_image_width":null,"og_image_height":null,"og_image_custom_url":null,"og_image_custom_fields":null,"og_video":null,"og_custom_url":null,"og_article_section":null,"og_article_tags":null,"twitter_use_og":false,"twitter_card":"default","twitter_image_type":"default","twitter_image_url":null,"twitter_image_custom_url":null,"twitter_image_custom_fields":null,"twitter_title":null,"twitter_description":null,"schema":{"blockGraphs":[],"customGraphs":[],"default":{"data":{"Article":[],"Course":[],"Dataset":[],"FAQPage":[],"Movie":[],"Person":[],"Product":[],"ProductReview":[],"Car":[],"Recipe":[],"Service":[],"SoftwareApplication":[],"WebPage":[]},"graphName":"","isEnabled":true},"graphs":[],"defaultGraph":"","defaultPostTypeGraph":""},"schema_type":null,"schema_type_options":null,"pillar_content":false,"robots_default":true,"robots_noindex":false,"robots_noarchive":false,"robots_nosnippet":false,"robots_nofollow":false,"robots_noimageindex":false,"robots_noodp":false,"robots_notranslate":false,"robots_max_snippet":null,"robots_max_videopreview":null,"robots_max_imagepreview":"large","priority":null,"frequency":null,"location":null,"local_seo":null,"seo_analyzer_scan_date":"2025-09-19 12:21:08","breadcrumb_settings":null,"limit_modified_date":false,"open_ai":null,"ai":null,"created":"2021-03-09 02:36:41","updated":"2025-09-19 12:21:08"},"aioseo_breadcrumb":"<div class=\"aioseo-breadcrumbs\"><span class=\"aioseo-breadcrumb\">\n\t<a href=\"https:\/\/eldigitaldeasturias.com\/magazine365\" title=\"Home\">Home<\/a>\n<\/span><span class=\"aioseo-breadcrumb-separator\">\u2013<\/span><span class=\"aioseo-breadcrumb\">\n\t<a href=\"https:\/\/eldigitaldeasturias.com\/magazine365\/category\/actualidad-turismo\/\" title=\"Actualidad Turismo\">Actualidad Turismo<\/a>\n<\/span><span class=\"aioseo-breadcrumb-separator\">\u2013<\/span><span class=\"aioseo-breadcrumb\">\n\t<a href=\"https:\/\/eldigitaldeasturias.com\/magazine365\/el-tram-de-alicante-registro-mas-de-836-000-pasajeros-en-mayo\/\" title=\"El Tram de Alicante registr\u00f3 m\u00e1s de 836.000 pasajeros en mayo\">El Tram de Alicante registr\u00f3 m\u00e1s de 836.000 pasajeros en mayo<\/a>\n<\/span><\/div>","aioseo_breadcrumb_json":[{"label":"Home","link":"https:\/\/eldigitaldeasturias.com\/magazine365"},{"label":"Actualidad Turismo","link":"https:\/\/eldigitaldeasturias.com\/magazine365\/category\/actualidad-turismo\/"},{"label":"El Tram de Alicante registr\u00f3 m\u00e1s de 836.000 pasajeros en mayo","link":"https:\/\/eldigitaldeasturias.com\/magazine365\/el-tram-de-alicante-registro-mas-de-836-000-pasajeros-en-mayo\/"}],"_links":{"self":[{"href":"https:\/\/eldigitaldeasturias.com\/magazine365\/wp-json\/wp\/v2\/posts\/39807","targetHints":{"allow":["GET"]}}],"collection":[{"href":"https:\/\/eldigitaldeasturias.com\/magazine365\/wp-json\/wp\/v2\/posts"}],"about":[{"href":"https:\/\/eldigitaldeasturias.com\/magazine365\/wp-json\/wp\/v2\/types\/post"}],"author":[{"embeddable":true,"href":"https:\/\/eldigitaldeasturias.com\/magazine365\/wp-json\/wp\/v2\/users\/1"}],"replies":[{"embeddable":true,"href":"https:\/\/eldigitaldeasturias.com\/magazine365\/wp-json\/wp\/v2\/comments?post=39807"}],"version-history":[{"count":0,"href":"https:\/\/eldigitaldeasturias.com\/magazine365\/wp-json\/wp\/v2\/posts\/39807\/revisions"}],"wp:featuredmedia":[{"embeddable":true,"href":"https:\/\/eldigitaldeasturias.com\/magazine365\/wp-json\/wp\/v2\/media\/39808"}],"wp:attachment":[{"href":"https:\/\/eldigitaldeasturias.com\/magazine365\/wp-json\/wp\/v2\/media?parent=39807"}],"wp:term":[{"taxonomy":"category","embeddable":true,"href":"https:\/\/eldigitaldeasturias.com\/magazine365\/wp-json\/wp\/v2\/categories?post=39807"},{"taxonomy":"post_tag","embeddable":true,"href":"https:\/\/eldigitaldeasturias.com\/magazine365\/wp-json\/wp\/v2\/tags?post=39807"}],"curies":[{"name":"wp","href":"https:\/\/api.w.org\/{rel}","templated":true}]}}