{"id":39801,"date":"2015-06-15T14:01:46","date_gmt":"2015-06-15T12:31:46","guid":{"rendered":"http:\/\/eldigitaldeasturias.com\/magazine365\/?p=39801"},"modified":"2015-06-15T14:01:46","modified_gmt":"2015-06-15T12:31:46","slug":"galicia-se-promociona-en-francia-y-holanda","status":"publish","type":"post","link":"https:\/\/eldigitaldeasturias.com\/magazine365\/galicia-se-promociona-en-francia-y-holanda\/","title":{"rendered":"Galicia se promociona en Francia y Holanda"},"content":{"rendered":"<p><img fetchpriority=\"high\" decoding=\"async\" class=\"alignleft size-medium wp-image-39802\" src=\"https:\/\/eldigitaldeasturias.com\/magazine365\/wp-content\/uploads\/2015\/06\/fotonoticia_20150615092920_800-360x270.jpg\" alt=\"fotonoticia_20150615092920_800\" width=\"360\" height=\"270\" srcset=\"https:\/\/eldigitaldeasturias.com\/magazine365\/wp-content\/uploads\/2015\/06\/fotonoticia_20150615092920_800-360x270.jpg 360w, https:\/\/eldigitaldeasturias.com\/magazine365\/wp-content\/uploads\/2015\/06\/fotonoticia_20150615092920_800-650x488.jpg 650w, https:\/\/eldigitaldeasturias.com\/magazine365\/wp-content\/uploads\/2015\/06\/fotonoticia_20150615092920_800-768x576.jpg 768w, https:\/\/eldigitaldeasturias.com\/magazine365\/wp-content\/uploads\/2015\/06\/fotonoticia_20150615092920_800-150x113.jpg 150w, https:\/\/eldigitaldeasturias.com\/magazine365\/wp-content\/uploads\/2015\/06\/fotonoticia_20150615092920_800-450x338.jpg 450w, https:\/\/eldigitaldeasturias.com\/magazine365\/wp-content\/uploads\/2015\/06\/fotonoticia_20150615092920_800-80x60.jpg 80w, https:\/\/eldigitaldeasturias.com\/magazine365\/wp-content\/uploads\/2015\/06\/fotonoticia_20150615092920_800-265x198.jpg 265w, https:\/\/eldigitaldeasturias.com\/magazine365\/wp-content\/uploads\/2015\/06\/fotonoticia_20150615092920_800-696x522.jpg 696w, https:\/\/eldigitaldeasturias.com\/magazine365\/wp-content\/uploads\/2015\/06\/fotonoticia_20150615092920_800-560x420.jpg 560w, https:\/\/eldigitaldeasturias.com\/magazine365\/wp-content\/uploads\/2015\/06\/fotonoticia_20150615092920_800-90x67.jpg 90w, https:\/\/eldigitaldeasturias.com\/magazine365\/wp-content\/uploads\/2015\/06\/fotonoticia_20150615092920_800-100x75.jpg 100w, https:\/\/eldigitaldeasturias.com\/magazine365\/wp-content\/uploads\/2015\/06\/fotonoticia_20150615092920_800.jpg 800w\" sizes=\"(max-width: 360px) 100vw, 360px\" \/>Con el objetivo de reforzar la promoci\u00f3n internacional del destino Galicia, Turismo de Galicia particip\u00f3 este fin de semana en dos eventos organizados por Turespa\u00f1a en las ciudades de Burdeos (Francia) y Haarlem (Holanda).<\/p>\n<p>En concreto, estos dos eventos han estado destinados a difundir los valores tur\u00edsticos del territorio espa\u00f1ol entre el p\u00fablico franc\u00e9s y holand\u00e9s, seg\u00fan ha precisado la Xunta en un comunicado.<\/p>\n<p>De este modo, entre los pasados d\u00edas 11 y 13 de junio, Turismo de Galicia cont\u00f3 con un recinto de promoci\u00f3n en la Plaza de la Victoria de Burdeos, en donde se ofreci\u00f3 informaci\u00f3n tur\u00edstica de la Comunidad gallega.<\/p>\n<p>Adem\u00e1s, en este espacio tuvieron lugar varios turnos de degustaciones de productos gastron\u00f3micos, vinos y licores representativos de Galicia.<\/p>\n<p>Por otra parte, a lo largo de los d\u00edas 12 y 13 de junio, representantes de Turismo de Galicia participaron en la promoci\u00f3n del &#8216;D\u00eda de Espa\u00f1a en Haarlem&#8217;, una ciudad holandesa pr\u00f3xima a Amsterdam.<\/p>\n<p>En esta ocasi\u00f3n, se cont\u00f3 con el apoyo de una exposici\u00f3n fotogr\u00e1fica relacionada con los recursos tur\u00edsticos de Galicia que el p\u00fablico asistente pudo visitar en la propia iglesia, a la vez que participaban en las degustaciones de productos gastron\u00f3micos gallegos organizdas por Turismo de Galicia.<\/p>\n<p>VIAJEROS FRANCESES Y HOLANDESES<\/p>\n<p>El mercado tur\u00edstico franc\u00e9s registr\u00f3, en el primer cuatrimestre de este a\u00f1o 2015, un \u00abincremento\u00bb importante en los establecimientos hoteleros de Galicia, superando en un 13,2% la cifra de viajeros alojados y en un 16,4% el n\u00famero de noches del mismo periodo del pasado a\u00f1o, seg\u00fan ha indicado la Xunta.<\/p>\n<p>En temporada baja, el mercado franc\u00e9s supone el 6,8% del turismo internacional de la comunidad, constituyendo un mercado de \u00abgran importancia\u00bb para Galicia.<\/p>\n<p>En cuanto a los viajeros holandeses, en los cuatro primeros meses de este a\u00f1o 2015, Galicia registr\u00f3 tambi\u00e9n un \u00abnotable incremento\u00bb de este mercado en sus establecimientos hosteleros, superando en un 26,7% la cifra de viajeros alojados y en un 24,1% el n\u00famero de noches en relaci\u00f3n al mismo periodo del pasado a\u00f1o.<\/p>\n<p>TURISMO INTERNACIONAL<\/p>\n<p>Sobre el turismo internacional, el pasado mes de abril se produjo un \u00abfuerte crecimiento\u00bb que permiti\u00f3 a este segmento alcanzar \u00abm\u00e1ximos hist\u00f3ricos\u00bb de volumen, con algo m\u00e1s de 85.000 viajeros alojados y unas 132.000 pernoctaciones, seg\u00fan ha precisado el Gobierno gallego.<\/p>\n<p>Adem\u00e1s, el gasto total del turismo internacional en la comunidad gallega creci\u00f3 el pasado mes de abril en un 17,2% en relaci\u00f3n con el mismo mes del a\u00f1o anterior. De igual modo, el gasto total de los turistas extranjeros que visitaron Galicia el pasado abril fue de 52.457.031 millones, seg\u00fan la encuesta Egatur, del Instituto de Turismo de Espa\u00f1a.<\/p>\n<p>De igual forma, el gasto medio por persona tambi\u00e9n creci\u00f3 en el cuarto mes de este a\u00f1o con una subida del 4,9%, superando los 750 euros.<\/p>\n","protected":false},"excerpt":{"rendered":"<p>Con el objetivo de reforzar la promoci\u00f3n internacional del destino Galicia, Turismo de Galicia particip\u00f3 este fin de semana en dos eventos organizados por Turespa\u00f1a en las ciudades de Burdeos (Francia) y Haarlem (Holanda). En concreto, estos dos eventos han estado destinados a difundir los valores tur\u00edsticos del territorio espa\u00f1ol entre el p\u00fablico franc\u00e9s y<\/p>\n","protected":false},"author":1,"featured_media":39802,"comment_status":"open","ping_status":"closed","sticky":false,"template":"","format":"standard","meta":{"footnotes":""},"categories":[222],"tags":[],"class_list":{"0":"post-39801","1":"post","2":"type-post","3":"status-publish","4":"format-standard","5":"has-post-thumbnail","7":"category-actualidad-turismo"},"aioseo_notices":[],"aioseo_head":"\n\t\t<!-- All in One SEO Pro 4.9.6.1 - aioseo.com -->\n\t<meta name=\"description\" content=\"Con el objetivo de reforzar la promoci\u00f3n internacional del destino Galicia, Turismo de Galicia particip\u00f3 este fin de semana en dos eventos organizados por Turespa\u00f1a en las ciudades de Burdeos (Francia) y Haarlem (Holanda). En concreto, estos dos eventos han estado destinados a difundir los valores tur\u00edsticos del territorio espa\u00f1ol entre el p\u00fablico franc\u00e9s y\" \/>\n\t<meta name=\"robots\" content=\"max-image-preview:large\" \/>\n\t<meta name=\"author\" content=\"admin\"\/>\n\t<meta name=\"google-site-verification\" content=\"UA-38556648-1\" \/>\n\t<meta name=\"keywords\" content=\"actualidad turismo\" \/>\n\t<link rel=\"canonical\" href=\"https:\/\/eldigitaldeasturias.com\/magazine365\/galicia-se-promociona-en-francia-y-holanda\/\" \/>\n\t<meta name=\"generator\" content=\"All in One SEO Pro (AIOSEO) 4.9.6.1\" \/>\n\t\t<meta property=\"og:locale\" content=\"es_ES\" \/>\n\t\t<meta property=\"og:site_name\" content=\"El Digital de Asturias \u2013 Revista de ocio, turismo y estilo de vida\" \/>\n\t\t<meta property=\"og:type\" content=\"article\" \/>\n\t\t<meta property=\"og:title\" content=\"Galicia se promociona en Francia y Holanda | El Digital de Asturias\" \/>\n\t\t<meta property=\"og:description\" content=\"Con el objetivo de reforzar la promoci\u00f3n internacional del destino Galicia, Turismo de Galicia particip\u00f3 este fin de semana en dos eventos organizados por Turespa\u00f1a en las ciudades de Burdeos (Francia) y Haarlem (Holanda). En concreto, estos dos eventos han estado destinados a difundir los valores tur\u00edsticos del territorio espa\u00f1ol entre el p\u00fablico franc\u00e9s y\" \/>\n\t\t<meta property=\"og:url\" content=\"https:\/\/eldigitaldeasturias.com\/magazine365\/galicia-se-promociona-en-francia-y-holanda\/\" \/>\n\t\t<meta property=\"og:image\" content=\"https:\/\/eldigitaldeasturias.com\/magazine365\/wp-content\/uploads\/2015\/06\/fotonoticia_20150615092920_800.jpg\" \/>\n\t\t<meta property=\"og:image:secure_url\" content=\"https:\/\/eldigitaldeasturias.com\/magazine365\/wp-content\/uploads\/2015\/06\/fotonoticia_20150615092920_800.jpg\" \/>\n\t\t<meta property=\"og:image:width\" content=\"800\" \/>\n\t\t<meta property=\"og:image:height\" content=\"600\" \/>\n\t\t<meta property=\"article:published_time\" content=\"2015-06-15T12:31:46+00:00\" \/>\n\t\t<meta property=\"article:modified_time\" content=\"2015-06-15T12:31:46+00:00\" \/>\n\t\t<meta name=\"twitter:card\" content=\"summary_large_image\" \/>\n\t\t<meta name=\"twitter:title\" content=\"Galicia se promociona en Francia y Holanda | El Digital de Asturias\" \/>\n\t\t<meta name=\"twitter:description\" content=\"Con el objetivo de reforzar la promoci\u00f3n internacional del destino Galicia, Turismo de Galicia particip\u00f3 este fin de semana en dos eventos organizados por Turespa\u00f1a en las ciudades de Burdeos (Francia) y Haarlem (Holanda). En concreto, estos dos eventos han estado destinados a difundir los valores tur\u00edsticos del territorio espa\u00f1ol entre el p\u00fablico franc\u00e9s y\" \/>\n\t\t<meta name=\"twitter:image\" content=\"https:\/\/eldigitaldeasturias.com\/magazine365\/wp-content\/uploads\/2015\/06\/fotonoticia_20150615092920_800.jpg\" \/>\n\t\t<script type=\"application\/ld+json\" class=\"aioseo-schema\">\n\t\t\t{\"@context\":\"https:\\\/\\\/schema.org\",\"@graph\":[{\"@type\":\"Article\",\"@id\":\"https:\\\/\\\/eldigitaldeasturias.com\\\/magazine365\\\/galicia-se-promociona-en-francia-y-holanda\\\/#article\",\"name\":\"Galicia se promociona en Francia y Holanda | El Digital de Asturias\",\"headline\":\"Galicia se promociona en Francia y Holanda\",\"author\":{\"@id\":\"https:\\\/\\\/eldigitaldeasturias.com\\\/magazine365\\\/author\\\/admin\\\/#author\"},\"publisher\":{\"@id\":\"https:\\\/\\\/eldigitaldeasturias.com\\\/magazine365\\\/#organization\"},\"image\":{\"@type\":\"ImageObject\",\"url\":\"https:\\\/\\\/eldigitaldeasturias.com\\\/magazine365\\\/wp-content\\\/uploads\\\/2015\\\/06\\\/fotonoticia_20150615092920_800.jpg\",\"width\":800,\"height\":600},\"datePublished\":\"2015-06-15T14:01:46+02:00\",\"dateModified\":\"2015-06-15T14:01:46+02:00\",\"inLanguage\":\"es-ES\",\"mainEntityOfPage\":{\"@id\":\"https:\\\/\\\/eldigitaldeasturias.com\\\/magazine365\\\/galicia-se-promociona-en-francia-y-holanda\\\/#webpage\"},\"isPartOf\":{\"@id\":\"https:\\\/\\\/eldigitaldeasturias.com\\\/magazine365\\\/galicia-se-promociona-en-francia-y-holanda\\\/#webpage\"},\"articleSection\":\"Actualidad Turismo\"},{\"@type\":\"BreadcrumbList\",\"@id\":\"https:\\\/\\\/eldigitaldeasturias.com\\\/magazine365\\\/galicia-se-promociona-en-francia-y-holanda\\\/#breadcrumblist\",\"itemListElement\":[{\"@type\":\"ListItem\",\"@id\":\"https:\\\/\\\/eldigitaldeasturias.com\\\/magazine365#listItem\",\"position\":1,\"name\":\"Home\",\"item\":\"https:\\\/\\\/eldigitaldeasturias.com\\\/magazine365\",\"nextItem\":{\"@type\":\"ListItem\",\"@id\":\"https:\\\/\\\/eldigitaldeasturias.com\\\/magazine365\\\/category\\\/actualidad-turismo\\\/#listItem\",\"name\":\"Actualidad Turismo\"}},{\"@type\":\"ListItem\",\"@id\":\"https:\\\/\\\/eldigitaldeasturias.com\\\/magazine365\\\/category\\\/actualidad-turismo\\\/#listItem\",\"position\":2,\"name\":\"Actualidad Turismo\",\"item\":\"https:\\\/\\\/eldigitaldeasturias.com\\\/magazine365\\\/category\\\/actualidad-turismo\\\/\",\"nextItem\":{\"@type\":\"ListItem\",\"@id\":\"https:\\\/\\\/eldigitaldeasturias.com\\\/magazine365\\\/galicia-se-promociona-en-francia-y-holanda\\\/#listItem\",\"name\":\"Galicia se promociona en Francia y Holanda\"},\"previousItem\":{\"@type\":\"ListItem\",\"@id\":\"https:\\\/\\\/eldigitaldeasturias.com\\\/magazine365#listItem\",\"name\":\"Home\"}},{\"@type\":\"ListItem\",\"@id\":\"https:\\\/\\\/eldigitaldeasturias.com\\\/magazine365\\\/galicia-se-promociona-en-francia-y-holanda\\\/#listItem\",\"position\":3,\"name\":\"Galicia se promociona en Francia y Holanda\",\"previousItem\":{\"@type\":\"ListItem\",\"@id\":\"https:\\\/\\\/eldigitaldeasturias.com\\\/magazine365\\\/category\\\/actualidad-turismo\\\/#listItem\",\"name\":\"Actualidad Turismo\"}}]},{\"@type\":\"Organization\",\"@id\":\"https:\\\/\\\/eldigitaldeasturias.com\\\/magazine365\\\/#organization\",\"name\":\"El digital de Asturias\",\"description\":\"Revista de ocio, turismo y estilo de vida\",\"url\":\"https:\\\/\\\/eldigitaldeasturias.com\\\/magazine365\\\/\",\"logo\":{\"@type\":\"ImageObject\",\"url\":\"https:\\\/\\\/www.eldigitaldeasturias.com\\\/noticias\\\/wp-content\\\/uploads\\\/2020\\\/12\\\/EDA.jpg\",\"@id\":\"https:\\\/\\\/eldigitaldeasturias.com\\\/magazine365\\\/galicia-se-promociona-en-francia-y-holanda\\\/#organizationLogo\"},\"image\":{\"@id\":\"https:\\\/\\\/eldigitaldeasturias.com\\\/magazine365\\\/galicia-se-promociona-en-francia-y-holanda\\\/#organizationLogo\"}},{\"@type\":\"Person\",\"@id\":\"https:\\\/\\\/eldigitaldeasturias.com\\\/magazine365\\\/author\\\/admin\\\/#author\",\"url\":\"https:\\\/\\\/eldigitaldeasturias.com\\\/magazine365\\\/author\\\/admin\\\/\",\"name\":\"admin\",\"image\":{\"@type\":\"ImageObject\",\"@id\":\"https:\\\/\\\/eldigitaldeasturias.com\\\/magazine365\\\/galicia-se-promociona-en-francia-y-holanda\\\/#authorImage\",\"url\":\"https:\\\/\\\/eldigitaldeasturias.com\\\/magazine365\\\/wp-content\\\/litespeed\\\/avatar\\\/e571bcf59a0edd6fa6838245a470f2fe.jpg?ver=1776969259\",\"width\":96,\"height\":96,\"caption\":\"admin\"}},{\"@type\":\"WebPage\",\"@id\":\"https:\\\/\\\/eldigitaldeasturias.com\\\/magazine365\\\/galicia-se-promociona-en-francia-y-holanda\\\/#webpage\",\"url\":\"https:\\\/\\\/eldigitaldeasturias.com\\\/magazine365\\\/galicia-se-promociona-en-francia-y-holanda\\\/\",\"name\":\"Galicia se promociona en Francia y Holanda | El Digital de Asturias\",\"description\":\"Con el objetivo de reforzar la promoci\\u00f3n internacional del destino Galicia, Turismo de Galicia particip\\u00f3 este fin de semana en dos eventos organizados por Turespa\\u00f1a en las ciudades de Burdeos (Francia) y Haarlem (Holanda). En concreto, estos dos eventos han estado destinados a difundir los valores tur\\u00edsticos del territorio espa\\u00f1ol entre el p\\u00fablico franc\\u00e9s y\",\"inLanguage\":\"es-ES\",\"isPartOf\":{\"@id\":\"https:\\\/\\\/eldigitaldeasturias.com\\\/magazine365\\\/#website\"},\"breadcrumb\":{\"@id\":\"https:\\\/\\\/eldigitaldeasturias.com\\\/magazine365\\\/galicia-se-promociona-en-francia-y-holanda\\\/#breadcrumblist\"},\"author\":{\"@id\":\"https:\\\/\\\/eldigitaldeasturias.com\\\/magazine365\\\/author\\\/admin\\\/#author\"},\"creator\":{\"@id\":\"https:\\\/\\\/eldigitaldeasturias.com\\\/magazine365\\\/author\\\/admin\\\/#author\"},\"image\":{\"@type\":\"ImageObject\",\"url\":\"https:\\\/\\\/eldigitaldeasturias.com\\\/magazine365\\\/wp-content\\\/uploads\\\/2015\\\/06\\\/fotonoticia_20150615092920_800.jpg\",\"@id\":\"https:\\\/\\\/eldigitaldeasturias.com\\\/magazine365\\\/galicia-se-promociona-en-francia-y-holanda\\\/#mainImage\",\"width\":800,\"height\":600},\"primaryImageOfPage\":{\"@id\":\"https:\\\/\\\/eldigitaldeasturias.com\\\/magazine365\\\/galicia-se-promociona-en-francia-y-holanda\\\/#mainImage\"},\"datePublished\":\"2015-06-15T14:01:46+02:00\",\"dateModified\":\"2015-06-15T14:01:46+02:00\"},{\"@type\":\"WebSite\",\"@id\":\"https:\\\/\\\/eldigitaldeasturias.com\\\/magazine365\\\/#website\",\"url\":\"https:\\\/\\\/eldigitaldeasturias.com\\\/magazine365\\\/\",\"name\":\"El Digital de Asturias\",\"description\":\"Revista de ocio, turismo y estilo de vida\",\"inLanguage\":\"es-ES\",\"publisher\":{\"@id\":\"https:\\\/\\\/eldigitaldeasturias.com\\\/magazine365\\\/#organization\"}}]}\n\t\t<\/script>\n\t\t<!-- All in One SEO Pro -->\r\n\t\t<title>Galicia se promociona en Francia y Holanda | El Digital de Asturias<\/title>\n\n","aioseo_head_json":{"title":"Galicia se promociona en Francia y Holanda | El Digital de Asturias","description":"Con el objetivo de reforzar la promoci\u00f3n internacional del destino Galicia, Turismo de Galicia particip\u00f3 este fin de semana en dos eventos organizados por Turespa\u00f1a en las ciudades de Burdeos (Francia) y Haarlem (Holanda). En concreto, estos dos eventos han estado destinados a difundir los valores tur\u00edsticos del territorio espa\u00f1ol entre el p\u00fablico franc\u00e9s y","canonical_url":"https:\/\/eldigitaldeasturias.com\/magazine365\/galicia-se-promociona-en-francia-y-holanda\/","robots":"max-image-preview:large","keywords":"actualidad turismo","webmasterTools":{"google-site-verification":"UA-38556648-1","miscellaneous":""},"schema":{"@context":"https:\/\/schema.org","@graph":[{"@type":"Article","@id":"https:\/\/eldigitaldeasturias.com\/magazine365\/galicia-se-promociona-en-francia-y-holanda\/#article","name":"Galicia se promociona en Francia y Holanda | El Digital de Asturias","headline":"Galicia se promociona en Francia y Holanda","author":{"@id":"https:\/\/eldigitaldeasturias.com\/magazine365\/author\/admin\/#author"},"publisher":{"@id":"https:\/\/eldigitaldeasturias.com\/magazine365\/#organization"},"image":{"@type":"ImageObject","url":"https:\/\/eldigitaldeasturias.com\/magazine365\/wp-content\/uploads\/2015\/06\/fotonoticia_20150615092920_800.jpg","width":800,"height":600},"datePublished":"2015-06-15T14:01:46+02:00","dateModified":"2015-06-15T14:01:46+02:00","inLanguage":"es-ES","mainEntityOfPage":{"@id":"https:\/\/eldigitaldeasturias.com\/magazine365\/galicia-se-promociona-en-francia-y-holanda\/#webpage"},"isPartOf":{"@id":"https:\/\/eldigitaldeasturias.com\/magazine365\/galicia-se-promociona-en-francia-y-holanda\/#webpage"},"articleSection":"Actualidad Turismo"},{"@type":"BreadcrumbList","@id":"https:\/\/eldigitaldeasturias.com\/magazine365\/galicia-se-promociona-en-francia-y-holanda\/#breadcrumblist","itemListElement":[{"@type":"ListItem","@id":"https:\/\/eldigitaldeasturias.com\/magazine365#listItem","position":1,"name":"Home","item":"https:\/\/eldigitaldeasturias.com\/magazine365","nextItem":{"@type":"ListItem","@id":"https:\/\/eldigitaldeasturias.com\/magazine365\/category\/actualidad-turismo\/#listItem","name":"Actualidad Turismo"}},{"@type":"ListItem","@id":"https:\/\/eldigitaldeasturias.com\/magazine365\/category\/actualidad-turismo\/#listItem","position":2,"name":"Actualidad Turismo","item":"https:\/\/eldigitaldeasturias.com\/magazine365\/category\/actualidad-turismo\/","nextItem":{"@type":"ListItem","@id":"https:\/\/eldigitaldeasturias.com\/magazine365\/galicia-se-promociona-en-francia-y-holanda\/#listItem","name":"Galicia se promociona en Francia y Holanda"},"previousItem":{"@type":"ListItem","@id":"https:\/\/eldigitaldeasturias.com\/magazine365#listItem","name":"Home"}},{"@type":"ListItem","@id":"https:\/\/eldigitaldeasturias.com\/magazine365\/galicia-se-promociona-en-francia-y-holanda\/#listItem","position":3,"name":"Galicia se promociona en Francia y Holanda","previousItem":{"@type":"ListItem","@id":"https:\/\/eldigitaldeasturias.com\/magazine365\/category\/actualidad-turismo\/#listItem","name":"Actualidad Turismo"}}]},{"@type":"Organization","@id":"https:\/\/eldigitaldeasturias.com\/magazine365\/#organization","name":"El digital de Asturias","description":"Revista de ocio, turismo y estilo de vida","url":"https:\/\/eldigitaldeasturias.com\/magazine365\/","logo":{"@type":"ImageObject","url":"https:\/\/www.eldigitaldeasturias.com\/noticias\/wp-content\/uploads\/2020\/12\/EDA.jpg","@id":"https:\/\/eldigitaldeasturias.com\/magazine365\/galicia-se-promociona-en-francia-y-holanda\/#organizationLogo"},"image":{"@id":"https:\/\/eldigitaldeasturias.com\/magazine365\/galicia-se-promociona-en-francia-y-holanda\/#organizationLogo"}},{"@type":"Person","@id":"https:\/\/eldigitaldeasturias.com\/magazine365\/author\/admin\/#author","url":"https:\/\/eldigitaldeasturias.com\/magazine365\/author\/admin\/","name":"admin","image":{"@type":"ImageObject","@id":"https:\/\/eldigitaldeasturias.com\/magazine365\/galicia-se-promociona-en-francia-y-holanda\/#authorImage","url":"https:\/\/eldigitaldeasturias.com\/magazine365\/wp-content\/litespeed\/avatar\/e571bcf59a0edd6fa6838245a470f2fe.jpg?ver=1776969259","width":96,"height":96,"caption":"admin"}},{"@type":"WebPage","@id":"https:\/\/eldigitaldeasturias.com\/magazine365\/galicia-se-promociona-en-francia-y-holanda\/#webpage","url":"https:\/\/eldigitaldeasturias.com\/magazine365\/galicia-se-promociona-en-francia-y-holanda\/","name":"Galicia se promociona en Francia y Holanda | El Digital de Asturias","description":"Con el objetivo de reforzar la promoci\u00f3n internacional del destino Galicia, Turismo de Galicia particip\u00f3 este fin de semana en dos eventos organizados por Turespa\u00f1a en las ciudades de Burdeos (Francia) y Haarlem (Holanda). En concreto, estos dos eventos han estado destinados a difundir los valores tur\u00edsticos del territorio espa\u00f1ol entre el p\u00fablico franc\u00e9s y","inLanguage":"es-ES","isPartOf":{"@id":"https:\/\/eldigitaldeasturias.com\/magazine365\/#website"},"breadcrumb":{"@id":"https:\/\/eldigitaldeasturias.com\/magazine365\/galicia-se-promociona-en-francia-y-holanda\/#breadcrumblist"},"author":{"@id":"https:\/\/eldigitaldeasturias.com\/magazine365\/author\/admin\/#author"},"creator":{"@id":"https:\/\/eldigitaldeasturias.com\/magazine365\/author\/admin\/#author"},"image":{"@type":"ImageObject","url":"https:\/\/eldigitaldeasturias.com\/magazine365\/wp-content\/uploads\/2015\/06\/fotonoticia_20150615092920_800.jpg","@id":"https:\/\/eldigitaldeasturias.com\/magazine365\/galicia-se-promociona-en-francia-y-holanda\/#mainImage","width":800,"height":600},"primaryImageOfPage":{"@id":"https:\/\/eldigitaldeasturias.com\/magazine365\/galicia-se-promociona-en-francia-y-holanda\/#mainImage"},"datePublished":"2015-06-15T14:01:46+02:00","dateModified":"2015-06-15T14:01:46+02:00"},{"@type":"WebSite","@id":"https:\/\/eldigitaldeasturias.com\/magazine365\/#website","url":"https:\/\/eldigitaldeasturias.com\/magazine365\/","name":"El Digital de Asturias","description":"Revista de ocio, turismo y estilo de vida","inLanguage":"es-ES","publisher":{"@id":"https:\/\/eldigitaldeasturias.com\/magazine365\/#organization"}}]},"og:locale":"es_ES","og:site_name":"El Digital de Asturias \u2013 Revista de ocio, turismo y estilo de vida","og:type":"article","og:title":"Galicia se promociona en Francia y Holanda | El Digital de Asturias","og:description":"Con el objetivo de reforzar la promoci\u00f3n internacional del destino Galicia, Turismo de Galicia particip\u00f3 este fin de semana en dos eventos organizados por Turespa\u00f1a en las ciudades de Burdeos (Francia) y Haarlem (Holanda). En concreto, estos dos eventos han estado destinados a difundir los valores tur\u00edsticos del territorio espa\u00f1ol entre el p\u00fablico franc\u00e9s y","og:url":"https:\/\/eldigitaldeasturias.com\/magazine365\/galicia-se-promociona-en-francia-y-holanda\/","og:image":"https:\/\/eldigitaldeasturias.com\/magazine365\/wp-content\/uploads\/2015\/06\/fotonoticia_20150615092920_800.jpg","og:image:secure_url":"https:\/\/eldigitaldeasturias.com\/magazine365\/wp-content\/uploads\/2015\/06\/fotonoticia_20150615092920_800.jpg","og:image:width":800,"og:image:height":600,"article:published_time":"2015-06-15T12:31:46+00:00","article:modified_time":"2015-06-15T12:31:46+00:00","twitter:card":"summary_large_image","twitter:title":"Galicia se promociona en Francia y Holanda | El Digital de Asturias","twitter:description":"Con el objetivo de reforzar la promoci\u00f3n internacional del destino Galicia, Turismo de Galicia particip\u00f3 este fin de semana en dos eventos organizados por Turespa\u00f1a en las ciudades de Burdeos (Francia) y Haarlem (Holanda). En concreto, estos dos eventos han estado destinados a difundir los valores tur\u00edsticos del territorio espa\u00f1ol entre el p\u00fablico franc\u00e9s y","twitter:image":"https:\/\/eldigitaldeasturias.com\/magazine365\/wp-content\/uploads\/2015\/06\/fotonoticia_20150615092920_800.jpg"},"aioseo_meta_data":{"post_id":"39801","title":null,"description":null,"keywords":null,"keyphrases":null,"primary_term":null,"canonical_url":null,"og_title":null,"og_description":null,"og_object_type":"default","og_image_type":"default","og_image_url":null,"og_image_width":null,"og_image_height":null,"og_image_custom_url":null,"og_image_custom_fields":null,"og_video":null,"og_custom_url":null,"og_article_section":null,"og_article_tags":null,"twitter_use_og":false,"twitter_card":"default","twitter_image_type":"default","twitter_image_url":null,"twitter_image_custom_url":null,"twitter_image_custom_fields":null,"twitter_title":null,"twitter_description":null,"schema":{"blockGraphs":[],"customGraphs":[],"default":{"data":{"Article":[],"Course":[],"Dataset":[],"FAQPage":[],"Movie":[],"Person":[],"Product":[],"ProductReview":[],"Car":[],"Recipe":[],"Service":[],"SoftwareApplication":[],"WebPage":[]},"graphName":"","isEnabled":true},"graphs":[],"defaultGraph":"","defaultPostTypeGraph":""},"schema_type":null,"schema_type_options":null,"pillar_content":false,"robots_default":true,"robots_noindex":false,"robots_noarchive":false,"robots_nosnippet":false,"robots_nofollow":false,"robots_noimageindex":false,"robots_noodp":false,"robots_notranslate":false,"robots_max_snippet":null,"robots_max_videopreview":null,"robots_max_imagepreview":"large","priority":null,"frequency":null,"location":null,"local_seo":null,"seo_analyzer_scan_date":"2025-09-19 12:21:05","breadcrumb_settings":null,"limit_modified_date":false,"open_ai":null,"ai":null,"created":"2021-03-09 02:36:41","updated":"2025-09-19 12:21:05"},"aioseo_breadcrumb":"<div class=\"aioseo-breadcrumbs\"><span class=\"aioseo-breadcrumb\">\n\t<a href=\"https:\/\/eldigitaldeasturias.com\/magazine365\" title=\"Home\">Home<\/a>\n<\/span><span class=\"aioseo-breadcrumb-separator\">\u2013<\/span><span class=\"aioseo-breadcrumb\">\n\t<a href=\"https:\/\/eldigitaldeasturias.com\/magazine365\/category\/actualidad-turismo\/\" title=\"Actualidad Turismo\">Actualidad Turismo<\/a>\n<\/span><span class=\"aioseo-breadcrumb-separator\">\u2013<\/span><span class=\"aioseo-breadcrumb\">\n\t<a href=\"https:\/\/eldigitaldeasturias.com\/magazine365\/galicia-se-promociona-en-francia-y-holanda\/\" title=\"Galicia se promociona en Francia y Holanda\">Galicia se promociona en Francia y Holanda<\/a>\n<\/span><\/div>","aioseo_breadcrumb_json":[{"label":"Home","link":"https:\/\/eldigitaldeasturias.com\/magazine365"},{"label":"Actualidad Turismo","link":"https:\/\/eldigitaldeasturias.com\/magazine365\/category\/actualidad-turismo\/"},{"label":"Galicia se promociona en Francia y Holanda","link":"https:\/\/eldigitaldeasturias.com\/magazine365\/galicia-se-promociona-en-francia-y-holanda\/"}],"_links":{"self":[{"href":"https:\/\/eldigitaldeasturias.com\/magazine365\/wp-json\/wp\/v2\/posts\/39801","targetHints":{"allow":["GET"]}}],"collection":[{"href":"https:\/\/eldigitaldeasturias.com\/magazine365\/wp-json\/wp\/v2\/posts"}],"about":[{"href":"https:\/\/eldigitaldeasturias.com\/magazine365\/wp-json\/wp\/v2\/types\/post"}],"author":[{"embeddable":true,"href":"https:\/\/eldigitaldeasturias.com\/magazine365\/wp-json\/wp\/v2\/users\/1"}],"replies":[{"embeddable":true,"href":"https:\/\/eldigitaldeasturias.com\/magazine365\/wp-json\/wp\/v2\/comments?post=39801"}],"version-history":[{"count":0,"href":"https:\/\/eldigitaldeasturias.com\/magazine365\/wp-json\/wp\/v2\/posts\/39801\/revisions"}],"wp:featuredmedia":[{"embeddable":true,"href":"https:\/\/eldigitaldeasturias.com\/magazine365\/wp-json\/wp\/v2\/media\/39802"}],"wp:attachment":[{"href":"https:\/\/eldigitaldeasturias.com\/magazine365\/wp-json\/wp\/v2\/media?parent=39801"}],"wp:term":[{"taxonomy":"category","embeddable":true,"href":"https:\/\/eldigitaldeasturias.com\/magazine365\/wp-json\/wp\/v2\/categories?post=39801"},{"taxonomy":"post_tag","embeddable":true,"href":"https:\/\/eldigitaldeasturias.com\/magazine365\/wp-json\/wp\/v2\/tags?post=39801"}],"curies":[{"name":"wp","href":"https:\/\/api.w.org\/{rel}","templated":true}]}}