{"id":39796,"date":"2015-06-15T13:42:09","date_gmt":"2015-06-15T12:12:09","guid":{"rendered":"http:\/\/eldigitaldeasturias.com\/magazine365\/?p=39796"},"modified":"2015-06-15T13:42:09","modified_gmt":"2015-06-15T12:12:09","slug":"concluye-el-xvii-concurso-de-pinchos-de-valladolid","status":"publish","type":"post","link":"https:\/\/eldigitaldeasturias.com\/magazine365\/concluye-el-xvii-concurso-de-pinchos-de-valladolid\/","title":{"rendered":"Concluye el XVII Concurso de Pinchos de Valladolid"},"content":{"rendered":"<p><img fetchpriority=\"high\" decoding=\"async\" class=\"alignleft size-medium wp-image-39797\" src=\"https:\/\/eldigitaldeasturias.com\/magazine365\/wp-content\/uploads\/2015\/06\/fotonoticia_20150615091338_800-300x300.jpg\" alt=\"fotonoticia_20150615091338_800\" width=\"300\" height=\"300\" srcset=\"https:\/\/eldigitaldeasturias.com\/magazine365\/wp-content\/uploads\/2015\/06\/fotonoticia_20150615091338_800-300x300.jpg 300w, https:\/\/eldigitaldeasturias.com\/magazine365\/wp-content\/uploads\/2015\/06\/fotonoticia_20150615091338_800-640x640.jpg 640w, https:\/\/eldigitaldeasturias.com\/magazine365\/wp-content\/uploads\/2015\/06\/fotonoticia_20150615091338_800-768x768.jpg 768w, https:\/\/eldigitaldeasturias.com\/magazine365\/wp-content\/uploads\/2015\/06\/fotonoticia_20150615091338_800-150x150.jpg 150w, https:\/\/eldigitaldeasturias.com\/magazine365\/wp-content\/uploads\/2015\/06\/fotonoticia_20150615091338_800-450x450.jpg 450w, https:\/\/eldigitaldeasturias.com\/magazine365\/wp-content\/uploads\/2015\/06\/fotonoticia_20150615091338_800-696x696.jpg 696w, https:\/\/eldigitaldeasturias.com\/magazine365\/wp-content\/uploads\/2015\/06\/fotonoticia_20150615091338_800-420x420.jpg 420w, https:\/\/eldigitaldeasturias.com\/magazine365\/wp-content\/uploads\/2015\/06\/fotonoticia_20150615091338_800-50x50.jpg 50w, https:\/\/eldigitaldeasturias.com\/magazine365\/wp-content\/uploads\/2015\/06\/fotonoticia_20150615091338_800.jpg 800w\" sizes=\"(max-width: 300px) 100vw, 300px\" \/>El chef c\u00e1ntabro y propietario del restaurante &#8216;El Cenador de Am\u00f3s&#8217; de Villaverde de Pontones, Jes\u00fas S\u00e1nchez, comparte la Presidencia del Jurado de la XVII edici\u00f3n del Concurso Provincial de Pinchos de Valladolid con el jefe de cocina del restaurante &#8216;Le Domaine&#8217; del hotel Abad\u00eda de Retuerta, Pablo Montero.<\/p>\n<p>Ambos restauradores han compartido la presidencia del Jurado de la XVII Edici\u00f3n del Concurso Provincial de Pinchos en la final que se celebra este lunes, 15 de junio, en la Escuela Internacional de Cocina &#8216;Fernando P\u00e9rez&#8217; y a la que acudir\u00e1n los 20 seleccionados por el Jurado Permanente una vez hayan probado todos los pinchos presentados a concurso.<\/p>\n<p>Las novedades en el concurso de este a\u00f1o consisten en la ampliaci\u00f3n de los acc\u00e9sit, ya que al margen de los tres habituales en las \u00faltimas ediciones &#8211;Pincho m\u00e1s Tradicional, Vanguardista y Mejor Concepto de Pincho&#8211; se suman el Pincho sin Gluten (apto para cel\u00edacos) y el Pincho Vegano o vegetariano.<\/p>\n<p>Por otro lado, todos lo establecimientos han podido presentar, adem\u00e1s, un Pincho Infantil, que ser\u00e1 votado por un jurado compuesto por ni\u00f1os de 10 a 12 a\u00f1os que valorar\u00e1n los pinchos participantes en esta categor\u00eda.<\/p>\n<p>En el palmar\u00e9s se mantienen el Mejor Pincho Provincial, el Pincho Popular que se elige a trav\u00e9s de la votaci\u00f3n en la aplicaci\u00f3n para m\u00f3viles, el Pincho Coca Cola, el Pincho Mahou, el Pincho Postre y los Oro, Plata, Bronce y Cobre, que dan acceso a la participaci\u00f3n en el Concurso Nacional.<\/p>\n<p>Esta jornada se celebrar\u00e1 la entrega de Premios en el Teatro Calder\u00f3n de Valladolid, a partir de las 20.00 horas. En el transcurso de la gala actuar\u00e1 el ahora monologuista y ganador de la primera edici\u00f3n de &#8216;Gran Hermano&#8217;, Ismael Beiro.<\/p>\n<p>Jes\u00fas S\u00e1nchez naci\u00f3 en enero de 1964 en Azagra (Navarra) y es propietario del restaurante \u00abEl Cenador de Am\u00f3s\u00bb en Villaverde de Pontones (Cantabria), en el que obtuvo su primera estrella Michelin en 1995. Seg\u00fan las mismas fuentes, el chef ha sabido mantener la distinci\u00f3n durante los \u00faltimos 20 a\u00f1os, mientras que aparece distinguido en la Gu\u00eda Repsol con tres soles.<\/p>\n<p>Mientras tanto, Pablo Montero ha logrado este a\u00f1o la primera estrella Michel\u00edn para el establecimiento situado en la bodega de Abad\u00eda Retuerta, en la Ribera del Duero. Es un cocinero formado en restaurantes \u00abde gran prestigio e influencia internacional\u00bb, que basa su propuesta culinaria en una visi\u00f3n creativa de la tradici\u00f3n y el uso de ingredientes locales<\/p>\n<p>Junto a ellos, estar\u00e1n en el Jurado permanente la directora comercial de la Empresa de organizaci\u00f3n, gesti\u00f3n y comunicaci\u00f3n de eventos gastron\u00f3micos, Baseclick, Sonia Garc\u00eda; el presidente de Castilla y Le\u00f3n de Maestres de Cocina y propietario del restaurante \u00abLa Braser\u00eda de San Rafael\u00bb en San Rafael (Segovia); C\u00e9sar Boal; chef y propietario del restaurante &#8216;El Pericote de Tanos&#8217; en Torrelavega (Cantabria), C\u00e9sar Muriedas; la creadora y directora de la pagina web &#8216;G de Gastronom\u00eda&#8217;, Carmen Ordiz; y el profesor de la Asociaci\u00f3n de Hosteler\u00eda y Turismo de la provincia de Castell\u00f3n, Gabriel Bonet.<\/p>\n<p>El Jurado del Pincho Postre estar\u00e1 compuesto por cuatro profesores del m\u00f3dulo de cocina y reposter\u00eda del I.E.S. Diego de Praves, y contar\u00e1 con un presidente que en esta edici\u00f3n ser\u00e1 el repostero, propietario de la Confiter\u00eda Labarga y presidente de Fecosva, Javier Labarga.<\/p>\n","protected":false},"excerpt":{"rendered":"<p>El chef c\u00e1ntabro y propietario del restaurante &#8216;El Cenador de Am\u00f3s&#8217; de Villaverde de Pontones, Jes\u00fas S\u00e1nchez, comparte la Presidencia del Jurado de la XVII edici\u00f3n del Concurso Provincial de Pinchos de Valladolid con el jefe de cocina del restaurante &#8216;Le Domaine&#8217; del hotel Abad\u00eda de Retuerta, Pablo Montero. Ambos restauradores han compartido la presidencia<\/p>\n","protected":false},"author":1,"featured_media":39797,"comment_status":"open","ping_status":"closed","sticky":false,"template":"","format":"standard","meta":{"footnotes":""},"categories":[222],"tags":[],"class_list":{"0":"post-39796","1":"post","2":"type-post","3":"status-publish","4":"format-standard","5":"has-post-thumbnail","7":"category-actualidad-turismo"},"aioseo_notices":[],"aioseo_head":"\n\t\t<!-- All in One SEO Pro 4.9.6.1 - aioseo.com -->\n\t<meta name=\"description\" content=\"El chef c\u00e1ntabro y propietario del restaurante &#039;El Cenador de Am\u00f3s&#039; de Villaverde de Pontones, Jes\u00fas S\u00e1nchez, comparte la Presidencia del Jurado de la XVII edici\u00f3n del Concurso Provincial de Pinchos de Valladolid con el jefe de cocina del restaurante &#039;Le Domaine&#039; del hotel Abad\u00eda de Retuerta, Pablo Montero. Ambos restauradores han compartido la presidencia\" \/>\n\t<meta name=\"robots\" content=\"max-image-preview:large\" \/>\n\t<meta name=\"author\" content=\"admin\"\/>\n\t<meta name=\"google-site-verification\" content=\"UA-38556648-1\" \/>\n\t<meta name=\"keywords\" content=\"actualidad turismo\" \/>\n\t<link rel=\"canonical\" href=\"https:\/\/eldigitaldeasturias.com\/magazine365\/concluye-el-xvii-concurso-de-pinchos-de-valladolid\/\" \/>\n\t<meta name=\"generator\" content=\"All in One SEO Pro (AIOSEO) 4.9.6.1\" \/>\n\t\t<meta property=\"og:locale\" content=\"es_ES\" \/>\n\t\t<meta property=\"og:site_name\" content=\"El Digital de Asturias \u2013 Revista de ocio, turismo y estilo de vida\" \/>\n\t\t<meta property=\"og:type\" content=\"article\" \/>\n\t\t<meta property=\"og:title\" content=\"Concluye el XVII Concurso de Pinchos de Valladolid | El Digital de Asturias\" \/>\n\t\t<meta property=\"og:description\" content=\"El chef c\u00e1ntabro y propietario del restaurante &#039;El Cenador de Am\u00f3s&#039; de Villaverde de Pontones, Jes\u00fas S\u00e1nchez, comparte la Presidencia del Jurado de la XVII edici\u00f3n del Concurso Provincial de Pinchos de Valladolid con el jefe de cocina del restaurante &#039;Le Domaine&#039; del hotel Abad\u00eda de Retuerta, Pablo Montero. Ambos restauradores han compartido la presidencia\" \/>\n\t\t<meta property=\"og:url\" content=\"https:\/\/eldigitaldeasturias.com\/magazine365\/concluye-el-xvii-concurso-de-pinchos-de-valladolid\/\" \/>\n\t\t<meta property=\"og:image\" content=\"https:\/\/eldigitaldeasturias.com\/magazine365\/wp-content\/uploads\/2015\/06\/fotonoticia_20150615091338_800.jpg\" \/>\n\t\t<meta property=\"og:image:secure_url\" content=\"https:\/\/eldigitaldeasturias.com\/magazine365\/wp-content\/uploads\/2015\/06\/fotonoticia_20150615091338_800.jpg\" \/>\n\t\t<meta property=\"og:image:width\" content=\"800\" \/>\n\t\t<meta property=\"og:image:height\" content=\"800\" \/>\n\t\t<meta property=\"article:published_time\" content=\"2015-06-15T12:12:09+00:00\" \/>\n\t\t<meta property=\"article:modified_time\" content=\"2015-06-15T12:12:09+00:00\" \/>\n\t\t<meta name=\"twitter:card\" content=\"summary_large_image\" \/>\n\t\t<meta name=\"twitter:title\" content=\"Concluye el XVII Concurso de Pinchos de Valladolid | El Digital de Asturias\" \/>\n\t\t<meta name=\"twitter:description\" content=\"El chef c\u00e1ntabro y propietario del restaurante &#039;El Cenador de Am\u00f3s&#039; de Villaverde de Pontones, Jes\u00fas S\u00e1nchez, comparte la Presidencia del Jurado de la XVII edici\u00f3n del Concurso Provincial de Pinchos de Valladolid con el jefe de cocina del restaurante &#039;Le Domaine&#039; del hotel Abad\u00eda de Retuerta, Pablo Montero. Ambos restauradores han compartido la presidencia\" \/>\n\t\t<meta name=\"twitter:image\" content=\"https:\/\/eldigitaldeasturias.com\/magazine365\/wp-content\/uploads\/2015\/06\/fotonoticia_20150615091338_800.jpg\" \/>\n\t\t<script type=\"application\/ld+json\" class=\"aioseo-schema\">\n\t\t\t{\"@context\":\"https:\\\/\\\/schema.org\",\"@graph\":[{\"@type\":\"Article\",\"@id\":\"https:\\\/\\\/eldigitaldeasturias.com\\\/magazine365\\\/concluye-el-xvii-concurso-de-pinchos-de-valladolid\\\/#article\",\"name\":\"Concluye el XVII Concurso de Pinchos de Valladolid | El Digital de Asturias\",\"headline\":\"Concluye el XVII Concurso de Pinchos de Valladolid\",\"author\":{\"@id\":\"https:\\\/\\\/eldigitaldeasturias.com\\\/magazine365\\\/author\\\/admin\\\/#author\"},\"publisher\":{\"@id\":\"https:\\\/\\\/eldigitaldeasturias.com\\\/magazine365\\\/#organization\"},\"image\":{\"@type\":\"ImageObject\",\"url\":\"https:\\\/\\\/eldigitaldeasturias.com\\\/magazine365\\\/wp-content\\\/uploads\\\/2015\\\/06\\\/fotonoticia_20150615091338_800.jpg\",\"width\":800,\"height\":800},\"datePublished\":\"2015-06-15T13:42:09+02:00\",\"dateModified\":\"2015-06-15T13:42:09+02:00\",\"inLanguage\":\"es-ES\",\"mainEntityOfPage\":{\"@id\":\"https:\\\/\\\/eldigitaldeasturias.com\\\/magazine365\\\/concluye-el-xvii-concurso-de-pinchos-de-valladolid\\\/#webpage\"},\"isPartOf\":{\"@id\":\"https:\\\/\\\/eldigitaldeasturias.com\\\/magazine365\\\/concluye-el-xvii-concurso-de-pinchos-de-valladolid\\\/#webpage\"},\"articleSection\":\"Actualidad Turismo\"},{\"@type\":\"BreadcrumbList\",\"@id\":\"https:\\\/\\\/eldigitaldeasturias.com\\\/magazine365\\\/concluye-el-xvii-concurso-de-pinchos-de-valladolid\\\/#breadcrumblist\",\"itemListElement\":[{\"@type\":\"ListItem\",\"@id\":\"https:\\\/\\\/eldigitaldeasturias.com\\\/magazine365#listItem\",\"position\":1,\"name\":\"Home\",\"item\":\"https:\\\/\\\/eldigitaldeasturias.com\\\/magazine365\",\"nextItem\":{\"@type\":\"ListItem\",\"@id\":\"https:\\\/\\\/eldigitaldeasturias.com\\\/magazine365\\\/category\\\/actualidad-turismo\\\/#listItem\",\"name\":\"Actualidad Turismo\"}},{\"@type\":\"ListItem\",\"@id\":\"https:\\\/\\\/eldigitaldeasturias.com\\\/magazine365\\\/category\\\/actualidad-turismo\\\/#listItem\",\"position\":2,\"name\":\"Actualidad Turismo\",\"item\":\"https:\\\/\\\/eldigitaldeasturias.com\\\/magazine365\\\/category\\\/actualidad-turismo\\\/\",\"nextItem\":{\"@type\":\"ListItem\",\"@id\":\"https:\\\/\\\/eldigitaldeasturias.com\\\/magazine365\\\/concluye-el-xvii-concurso-de-pinchos-de-valladolid\\\/#listItem\",\"name\":\"Concluye el XVII Concurso de Pinchos de Valladolid\"},\"previousItem\":{\"@type\":\"ListItem\",\"@id\":\"https:\\\/\\\/eldigitaldeasturias.com\\\/magazine365#listItem\",\"name\":\"Home\"}},{\"@type\":\"ListItem\",\"@id\":\"https:\\\/\\\/eldigitaldeasturias.com\\\/magazine365\\\/concluye-el-xvii-concurso-de-pinchos-de-valladolid\\\/#listItem\",\"position\":3,\"name\":\"Concluye el XVII Concurso de Pinchos de Valladolid\",\"previousItem\":{\"@type\":\"ListItem\",\"@id\":\"https:\\\/\\\/eldigitaldeasturias.com\\\/magazine365\\\/category\\\/actualidad-turismo\\\/#listItem\",\"name\":\"Actualidad Turismo\"}}]},{\"@type\":\"Organization\",\"@id\":\"https:\\\/\\\/eldigitaldeasturias.com\\\/magazine365\\\/#organization\",\"name\":\"El digital de Asturias\",\"description\":\"Revista de ocio, turismo y estilo de vida\",\"url\":\"https:\\\/\\\/eldigitaldeasturias.com\\\/magazine365\\\/\",\"logo\":{\"@type\":\"ImageObject\",\"url\":\"https:\\\/\\\/www.eldigitaldeasturias.com\\\/noticias\\\/wp-content\\\/uploads\\\/2020\\\/12\\\/EDA.jpg\",\"@id\":\"https:\\\/\\\/eldigitaldeasturias.com\\\/magazine365\\\/concluye-el-xvii-concurso-de-pinchos-de-valladolid\\\/#organizationLogo\"},\"image\":{\"@id\":\"https:\\\/\\\/eldigitaldeasturias.com\\\/magazine365\\\/concluye-el-xvii-concurso-de-pinchos-de-valladolid\\\/#organizationLogo\"}},{\"@type\":\"Person\",\"@id\":\"https:\\\/\\\/eldigitaldeasturias.com\\\/magazine365\\\/author\\\/admin\\\/#author\",\"url\":\"https:\\\/\\\/eldigitaldeasturias.com\\\/magazine365\\\/author\\\/admin\\\/\",\"name\":\"admin\",\"image\":{\"@type\":\"ImageObject\",\"@id\":\"https:\\\/\\\/eldigitaldeasturias.com\\\/magazine365\\\/concluye-el-xvii-concurso-de-pinchos-de-valladolid\\\/#authorImage\",\"url\":\"https:\\\/\\\/eldigitaldeasturias.com\\\/magazine365\\\/wp-content\\\/litespeed\\\/avatar\\\/e571bcf59a0edd6fa6838245a470f2fe.jpg?ver=1776969259\",\"width\":96,\"height\":96,\"caption\":\"admin\"}},{\"@type\":\"WebPage\",\"@id\":\"https:\\\/\\\/eldigitaldeasturias.com\\\/magazine365\\\/concluye-el-xvii-concurso-de-pinchos-de-valladolid\\\/#webpage\",\"url\":\"https:\\\/\\\/eldigitaldeasturias.com\\\/magazine365\\\/concluye-el-xvii-concurso-de-pinchos-de-valladolid\\\/\",\"name\":\"Concluye el XVII Concurso de Pinchos de Valladolid | El Digital de Asturias\",\"description\":\"El chef c\\u00e1ntabro y propietario del restaurante 'El Cenador de Am\\u00f3s' de Villaverde de Pontones, Jes\\u00fas S\\u00e1nchez, comparte la Presidencia del Jurado de la XVII edici\\u00f3n del Concurso Provincial de Pinchos de Valladolid con el jefe de cocina del restaurante 'Le Domaine' del hotel Abad\\u00eda de Retuerta, Pablo Montero. Ambos restauradores han compartido la presidencia\",\"inLanguage\":\"es-ES\",\"isPartOf\":{\"@id\":\"https:\\\/\\\/eldigitaldeasturias.com\\\/magazine365\\\/#website\"},\"breadcrumb\":{\"@id\":\"https:\\\/\\\/eldigitaldeasturias.com\\\/magazine365\\\/concluye-el-xvii-concurso-de-pinchos-de-valladolid\\\/#breadcrumblist\"},\"author\":{\"@id\":\"https:\\\/\\\/eldigitaldeasturias.com\\\/magazine365\\\/author\\\/admin\\\/#author\"},\"creator\":{\"@id\":\"https:\\\/\\\/eldigitaldeasturias.com\\\/magazine365\\\/author\\\/admin\\\/#author\"},\"image\":{\"@type\":\"ImageObject\",\"url\":\"https:\\\/\\\/eldigitaldeasturias.com\\\/magazine365\\\/wp-content\\\/uploads\\\/2015\\\/06\\\/fotonoticia_20150615091338_800.jpg\",\"@id\":\"https:\\\/\\\/eldigitaldeasturias.com\\\/magazine365\\\/concluye-el-xvii-concurso-de-pinchos-de-valladolid\\\/#mainImage\",\"width\":800,\"height\":800},\"primaryImageOfPage\":{\"@id\":\"https:\\\/\\\/eldigitaldeasturias.com\\\/magazine365\\\/concluye-el-xvii-concurso-de-pinchos-de-valladolid\\\/#mainImage\"},\"datePublished\":\"2015-06-15T13:42:09+02:00\",\"dateModified\":\"2015-06-15T13:42:09+02:00\"},{\"@type\":\"WebSite\",\"@id\":\"https:\\\/\\\/eldigitaldeasturias.com\\\/magazine365\\\/#website\",\"url\":\"https:\\\/\\\/eldigitaldeasturias.com\\\/magazine365\\\/\",\"name\":\"El Digital de Asturias\",\"description\":\"Revista de ocio, turismo y estilo de vida\",\"inLanguage\":\"es-ES\",\"publisher\":{\"@id\":\"https:\\\/\\\/eldigitaldeasturias.com\\\/magazine365\\\/#organization\"}}]}\n\t\t<\/script>\n\t\t<!-- All in One SEO Pro -->\r\n\t\t<title>Concluye el XVII Concurso de Pinchos de Valladolid | El Digital de Asturias<\/title>\n\n","aioseo_head_json":{"title":"Concluye el XVII Concurso de Pinchos de Valladolid | El Digital de Asturias","description":"El chef c\u00e1ntabro y propietario del restaurante 'El Cenador de Am\u00f3s' de Villaverde de Pontones, Jes\u00fas S\u00e1nchez, comparte la Presidencia del Jurado de la XVII edici\u00f3n del Concurso Provincial de Pinchos de Valladolid con el jefe de cocina del restaurante 'Le Domaine' del hotel Abad\u00eda de Retuerta, Pablo Montero. Ambos restauradores han compartido la presidencia","canonical_url":"https:\/\/eldigitaldeasturias.com\/magazine365\/concluye-el-xvii-concurso-de-pinchos-de-valladolid\/","robots":"max-image-preview:large","keywords":"actualidad turismo","webmasterTools":{"google-site-verification":"UA-38556648-1","miscellaneous":""},"schema":{"@context":"https:\/\/schema.org","@graph":[{"@type":"Article","@id":"https:\/\/eldigitaldeasturias.com\/magazine365\/concluye-el-xvii-concurso-de-pinchos-de-valladolid\/#article","name":"Concluye el XVII Concurso de Pinchos de Valladolid | El Digital de Asturias","headline":"Concluye el XVII Concurso de Pinchos de Valladolid","author":{"@id":"https:\/\/eldigitaldeasturias.com\/magazine365\/author\/admin\/#author"},"publisher":{"@id":"https:\/\/eldigitaldeasturias.com\/magazine365\/#organization"},"image":{"@type":"ImageObject","url":"https:\/\/eldigitaldeasturias.com\/magazine365\/wp-content\/uploads\/2015\/06\/fotonoticia_20150615091338_800.jpg","width":800,"height":800},"datePublished":"2015-06-15T13:42:09+02:00","dateModified":"2015-06-15T13:42:09+02:00","inLanguage":"es-ES","mainEntityOfPage":{"@id":"https:\/\/eldigitaldeasturias.com\/magazine365\/concluye-el-xvii-concurso-de-pinchos-de-valladolid\/#webpage"},"isPartOf":{"@id":"https:\/\/eldigitaldeasturias.com\/magazine365\/concluye-el-xvii-concurso-de-pinchos-de-valladolid\/#webpage"},"articleSection":"Actualidad Turismo"},{"@type":"BreadcrumbList","@id":"https:\/\/eldigitaldeasturias.com\/magazine365\/concluye-el-xvii-concurso-de-pinchos-de-valladolid\/#breadcrumblist","itemListElement":[{"@type":"ListItem","@id":"https:\/\/eldigitaldeasturias.com\/magazine365#listItem","position":1,"name":"Home","item":"https:\/\/eldigitaldeasturias.com\/magazine365","nextItem":{"@type":"ListItem","@id":"https:\/\/eldigitaldeasturias.com\/magazine365\/category\/actualidad-turismo\/#listItem","name":"Actualidad Turismo"}},{"@type":"ListItem","@id":"https:\/\/eldigitaldeasturias.com\/magazine365\/category\/actualidad-turismo\/#listItem","position":2,"name":"Actualidad Turismo","item":"https:\/\/eldigitaldeasturias.com\/magazine365\/category\/actualidad-turismo\/","nextItem":{"@type":"ListItem","@id":"https:\/\/eldigitaldeasturias.com\/magazine365\/concluye-el-xvii-concurso-de-pinchos-de-valladolid\/#listItem","name":"Concluye el XVII Concurso de Pinchos de Valladolid"},"previousItem":{"@type":"ListItem","@id":"https:\/\/eldigitaldeasturias.com\/magazine365#listItem","name":"Home"}},{"@type":"ListItem","@id":"https:\/\/eldigitaldeasturias.com\/magazine365\/concluye-el-xvii-concurso-de-pinchos-de-valladolid\/#listItem","position":3,"name":"Concluye el XVII Concurso de Pinchos de Valladolid","previousItem":{"@type":"ListItem","@id":"https:\/\/eldigitaldeasturias.com\/magazine365\/category\/actualidad-turismo\/#listItem","name":"Actualidad Turismo"}}]},{"@type":"Organization","@id":"https:\/\/eldigitaldeasturias.com\/magazine365\/#organization","name":"El digital de Asturias","description":"Revista de ocio, turismo y estilo de vida","url":"https:\/\/eldigitaldeasturias.com\/magazine365\/","logo":{"@type":"ImageObject","url":"https:\/\/www.eldigitaldeasturias.com\/noticias\/wp-content\/uploads\/2020\/12\/EDA.jpg","@id":"https:\/\/eldigitaldeasturias.com\/magazine365\/concluye-el-xvii-concurso-de-pinchos-de-valladolid\/#organizationLogo"},"image":{"@id":"https:\/\/eldigitaldeasturias.com\/magazine365\/concluye-el-xvii-concurso-de-pinchos-de-valladolid\/#organizationLogo"}},{"@type":"Person","@id":"https:\/\/eldigitaldeasturias.com\/magazine365\/author\/admin\/#author","url":"https:\/\/eldigitaldeasturias.com\/magazine365\/author\/admin\/","name":"admin","image":{"@type":"ImageObject","@id":"https:\/\/eldigitaldeasturias.com\/magazine365\/concluye-el-xvii-concurso-de-pinchos-de-valladolid\/#authorImage","url":"https:\/\/eldigitaldeasturias.com\/magazine365\/wp-content\/litespeed\/avatar\/e571bcf59a0edd6fa6838245a470f2fe.jpg?ver=1776969259","width":96,"height":96,"caption":"admin"}},{"@type":"WebPage","@id":"https:\/\/eldigitaldeasturias.com\/magazine365\/concluye-el-xvii-concurso-de-pinchos-de-valladolid\/#webpage","url":"https:\/\/eldigitaldeasturias.com\/magazine365\/concluye-el-xvii-concurso-de-pinchos-de-valladolid\/","name":"Concluye el XVII Concurso de Pinchos de Valladolid | El Digital de Asturias","description":"El chef c\u00e1ntabro y propietario del restaurante 'El Cenador de Am\u00f3s' de Villaverde de Pontones, Jes\u00fas S\u00e1nchez, comparte la Presidencia del Jurado de la XVII edici\u00f3n del Concurso Provincial de Pinchos de Valladolid con el jefe de cocina del restaurante 'Le Domaine' del hotel Abad\u00eda de Retuerta, Pablo Montero. Ambos restauradores han compartido la presidencia","inLanguage":"es-ES","isPartOf":{"@id":"https:\/\/eldigitaldeasturias.com\/magazine365\/#website"},"breadcrumb":{"@id":"https:\/\/eldigitaldeasturias.com\/magazine365\/concluye-el-xvii-concurso-de-pinchos-de-valladolid\/#breadcrumblist"},"author":{"@id":"https:\/\/eldigitaldeasturias.com\/magazine365\/author\/admin\/#author"},"creator":{"@id":"https:\/\/eldigitaldeasturias.com\/magazine365\/author\/admin\/#author"},"image":{"@type":"ImageObject","url":"https:\/\/eldigitaldeasturias.com\/magazine365\/wp-content\/uploads\/2015\/06\/fotonoticia_20150615091338_800.jpg","@id":"https:\/\/eldigitaldeasturias.com\/magazine365\/concluye-el-xvii-concurso-de-pinchos-de-valladolid\/#mainImage","width":800,"height":800},"primaryImageOfPage":{"@id":"https:\/\/eldigitaldeasturias.com\/magazine365\/concluye-el-xvii-concurso-de-pinchos-de-valladolid\/#mainImage"},"datePublished":"2015-06-15T13:42:09+02:00","dateModified":"2015-06-15T13:42:09+02:00"},{"@type":"WebSite","@id":"https:\/\/eldigitaldeasturias.com\/magazine365\/#website","url":"https:\/\/eldigitaldeasturias.com\/magazine365\/","name":"El Digital de Asturias","description":"Revista de ocio, turismo y estilo de vida","inLanguage":"es-ES","publisher":{"@id":"https:\/\/eldigitaldeasturias.com\/magazine365\/#organization"}}]},"og:locale":"es_ES","og:site_name":"El Digital de Asturias \u2013 Revista de ocio, turismo y estilo de vida","og:type":"article","og:title":"Concluye el XVII Concurso de Pinchos de Valladolid | El Digital de Asturias","og:description":"El chef c\u00e1ntabro y propietario del restaurante 'El Cenador de Am\u00f3s' de Villaverde de Pontones, Jes\u00fas S\u00e1nchez, comparte la Presidencia del Jurado de la XVII edici\u00f3n del Concurso Provincial de Pinchos de Valladolid con el jefe de cocina del restaurante 'Le Domaine' del hotel Abad\u00eda de Retuerta, Pablo Montero. Ambos restauradores han compartido la presidencia","og:url":"https:\/\/eldigitaldeasturias.com\/magazine365\/concluye-el-xvii-concurso-de-pinchos-de-valladolid\/","og:image":"https:\/\/eldigitaldeasturias.com\/magazine365\/wp-content\/uploads\/2015\/06\/fotonoticia_20150615091338_800.jpg","og:image:secure_url":"https:\/\/eldigitaldeasturias.com\/magazine365\/wp-content\/uploads\/2015\/06\/fotonoticia_20150615091338_800.jpg","og:image:width":800,"og:image:height":800,"article:published_time":"2015-06-15T12:12:09+00:00","article:modified_time":"2015-06-15T12:12:09+00:00","twitter:card":"summary_large_image","twitter:title":"Concluye el XVII Concurso de Pinchos de Valladolid | El Digital de Asturias","twitter:description":"El chef c\u00e1ntabro y propietario del restaurante 'El Cenador de Am\u00f3s' de Villaverde de Pontones, Jes\u00fas S\u00e1nchez, comparte la Presidencia del Jurado de la XVII edici\u00f3n del Concurso Provincial de Pinchos de Valladolid con el jefe de cocina del restaurante 'Le Domaine' del hotel Abad\u00eda de Retuerta, Pablo Montero. Ambos restauradores han compartido la presidencia","twitter:image":"https:\/\/eldigitaldeasturias.com\/magazine365\/wp-content\/uploads\/2015\/06\/fotonoticia_20150615091338_800.jpg"},"aioseo_meta_data":{"post_id":"39796","title":null,"description":null,"keywords":null,"keyphrases":null,"primary_term":null,"canonical_url":null,"og_title":null,"og_description":null,"og_object_type":"default","og_image_type":"default","og_image_url":null,"og_image_width":null,"og_image_height":null,"og_image_custom_url":null,"og_image_custom_fields":null,"og_video":null,"og_custom_url":null,"og_article_section":null,"og_article_tags":null,"twitter_use_og":false,"twitter_card":"default","twitter_image_type":"default","twitter_image_url":null,"twitter_image_custom_url":null,"twitter_image_custom_fields":null,"twitter_title":null,"twitter_description":null,"schema":{"blockGraphs":[],"customGraphs":[],"default":{"data":{"Article":[],"Course":[],"Dataset":[],"FAQPage":[],"Movie":[],"Person":[],"Product":[],"ProductReview":[],"Car":[],"Recipe":[],"Service":[],"SoftwareApplication":[],"WebPage":[]},"graphName":"","isEnabled":true},"graphs":[]},"schema_type":null,"schema_type_options":null,"pillar_content":false,"robots_default":true,"robots_noindex":false,"robots_noarchive":false,"robots_nosnippet":false,"robots_nofollow":false,"robots_noimageindex":false,"robots_noodp":false,"robots_notranslate":false,"robots_max_snippet":null,"robots_max_videopreview":null,"robots_max_imagepreview":"large","priority":null,"frequency":null,"location":null,"local_seo":null,"seo_analyzer_scan_date":"2025-09-19 12:21:03","breadcrumb_settings":null,"limit_modified_date":false,"open_ai":null,"ai":null,"created":"2021-03-09 02:36:41","updated":"2025-09-19 12:21:03"},"aioseo_breadcrumb":"<div class=\"aioseo-breadcrumbs\"><span class=\"aioseo-breadcrumb\">\n\t<a href=\"https:\/\/eldigitaldeasturias.com\/magazine365\" title=\"Home\">Home<\/a>\n<\/span><span class=\"aioseo-breadcrumb-separator\">\u2013<\/span><span class=\"aioseo-breadcrumb\">\n\t<a href=\"https:\/\/eldigitaldeasturias.com\/magazine365\/category\/actualidad-turismo\/\" title=\"Actualidad Turismo\">Actualidad Turismo<\/a>\n<\/span><span class=\"aioseo-breadcrumb-separator\">\u2013<\/span><span class=\"aioseo-breadcrumb\">\n\t<a href=\"https:\/\/eldigitaldeasturias.com\/magazine365\/concluye-el-xvii-concurso-de-pinchos-de-valladolid\/\" title=\"Concluye el XVII Concurso de Pinchos de Valladolid\">Concluye el XVII Concurso de Pinchos de Valladolid<\/a>\n<\/span><\/div>","aioseo_breadcrumb_json":[{"label":"Home","link":"https:\/\/eldigitaldeasturias.com\/magazine365"},{"label":"Actualidad Turismo","link":"https:\/\/eldigitaldeasturias.com\/magazine365\/category\/actualidad-turismo\/"},{"label":"Concluye el XVII Concurso de Pinchos de Valladolid","link":"https:\/\/eldigitaldeasturias.com\/magazine365\/concluye-el-xvii-concurso-de-pinchos-de-valladolid\/"}],"_links":{"self":[{"href":"https:\/\/eldigitaldeasturias.com\/magazine365\/wp-json\/wp\/v2\/posts\/39796","targetHints":{"allow":["GET"]}}],"collection":[{"href":"https:\/\/eldigitaldeasturias.com\/magazine365\/wp-json\/wp\/v2\/posts"}],"about":[{"href":"https:\/\/eldigitaldeasturias.com\/magazine365\/wp-json\/wp\/v2\/types\/post"}],"author":[{"embeddable":true,"href":"https:\/\/eldigitaldeasturias.com\/magazine365\/wp-json\/wp\/v2\/users\/1"}],"replies":[{"embeddable":true,"href":"https:\/\/eldigitaldeasturias.com\/magazine365\/wp-json\/wp\/v2\/comments?post=39796"}],"version-history":[{"count":0,"href":"https:\/\/eldigitaldeasturias.com\/magazine365\/wp-json\/wp\/v2\/posts\/39796\/revisions"}],"wp:featuredmedia":[{"embeddable":true,"href":"https:\/\/eldigitaldeasturias.com\/magazine365\/wp-json\/wp\/v2\/media\/39797"}],"wp:attachment":[{"href":"https:\/\/eldigitaldeasturias.com\/magazine365\/wp-json\/wp\/v2\/media?parent=39796"}],"wp:term":[{"taxonomy":"category","embeddable":true,"href":"https:\/\/eldigitaldeasturias.com\/magazine365\/wp-json\/wp\/v2\/categories?post=39796"},{"taxonomy":"post_tag","embeddable":true,"href":"https:\/\/eldigitaldeasturias.com\/magazine365\/wp-json\/wp\/v2\/tags?post=39796"}],"curies":[{"name":"wp","href":"https:\/\/api.w.org\/{rel}","templated":true}]}}