{"id":39778,"date":"2015-06-13T02:45:05","date_gmt":"2015-06-13T01:15:05","guid":{"rendered":"http:\/\/eldigitaldeasturias.com\/magazine365\/?p=39778"},"modified":"2015-06-13T02:45:05","modified_gmt":"2015-06-13T01:15:05","slug":"semana-gastronomica-de-galicia-hasta-el-14-de-junio-en-madrid","status":"publish","type":"post","link":"https:\/\/eldigitaldeasturias.com\/magazine365\/semana-gastronomica-de-galicia-hasta-el-14-de-junio-en-madrid\/","title":{"rendered":"Semana Gastron\u00f3mica de Galicia hasta el 14 de junio en Madrid"},"content":{"rendered":"<p><img fetchpriority=\"high\" decoding=\"async\" class=\"alignleft size-medium wp-image-39779\" src=\"https:\/\/eldigitaldeasturias.com\/magazine365\/wp-content\/uploads\/2015\/06\/fotonoticia_20150612174728_800-360x263.jpg\" alt=\"fotonoticia_20150612174728_800\" width=\"360\" height=\"263\" srcset=\"https:\/\/eldigitaldeasturias.com\/magazine365\/wp-content\/uploads\/2015\/06\/fotonoticia_20150612174728_800-360x263.jpg 360w, https:\/\/eldigitaldeasturias.com\/magazine365\/wp-content\/uploads\/2015\/06\/fotonoticia_20150612174728_800-650x475.jpg 650w, https:\/\/eldigitaldeasturias.com\/magazine365\/wp-content\/uploads\/2015\/06\/fotonoticia_20150612174728_800-768x561.jpg 768w, https:\/\/eldigitaldeasturias.com\/magazine365\/wp-content\/uploads\/2015\/06\/fotonoticia_20150612174728_800-150x110.jpg 150w, https:\/\/eldigitaldeasturias.com\/magazine365\/wp-content\/uploads\/2015\/06\/fotonoticia_20150612174728_800-450x329.jpg 450w, https:\/\/eldigitaldeasturias.com\/magazine365\/wp-content\/uploads\/2015\/06\/fotonoticia_20150612174728_800-696x508.jpg 696w, https:\/\/eldigitaldeasturias.com\/magazine365\/wp-content\/uploads\/2015\/06\/fotonoticia_20150612174728_800-575x420.jpg 575w, https:\/\/eldigitaldeasturias.com\/magazine365\/wp-content\/uploads\/2015\/06\/fotonoticia_20150612174728_800-90x67.jpg 90w, https:\/\/eldigitaldeasturias.com\/magazine365\/wp-content\/uploads\/2015\/06\/fotonoticia_20150612174728_800.jpg 800w\" sizes=\"(max-width: 360px) 100vw, 360px\" \/>La Semana Gastron\u00f3mica de Galicia recala hasta el 14 de junio en el multiespacio gastron\u00f3mico Platea con la que se podr\u00e1n degustar por parte de los asistentes con las mejores tapas elaboradas en esta regi\u00f3n.<\/p>\n<p>Bajo el nombre &#8216;De Tapas por Galicia&#8217;, el evento ha sido presentado por la directora general de Turismo de Galicia, Mar\u00eda Nava Castro Dom\u00ednguez, quien ha explicado que esta campa\u00f1a tiene por objetivo potenciar el turismo urbano y gastron\u00f3mico a esta comunidad \u00abque conquista por sus paisajes, el cari\u00f1o de su gente y sobre todo por la riqueza de su cocina\u00bb.<\/p>\n<p>\u00abLa gastronom\u00eda es ya el segundo motivo, despu\u00e9s de la naturaleza, por el que los turistas escogen Galicia\u00bb ha subrayado. \u00abPor eso queremos promover iniciativas que potencien la imagen de Galicia en lo gastron\u00f3mico y qu\u00e9 mejor escaparate que \u00e9ste en la capital\u00bb, ha incidido.<\/p>\n<p>Adem\u00e1s, como explic\u00f3 Nava Castro, Madrid es el principal emisor de turismo nacional a Galicia y un 15 por ciento de los visitantes espa\u00f1oles que viajaron a esta comunidad el a\u00f1o pasado proven\u00edan de la capital.<\/p>\n<p>Se podr\u00e1 disfrutar de tapas de los siete cocineros ganadores de los cert\u00e1menes organizados en sus respectivas ciudades, adem\u00e1s de ver c\u00f3mo ellos mismos las preparan en directo.<\/p>\n","protected":false},"excerpt":{"rendered":"<p>La Semana Gastron\u00f3mica de Galicia recala hasta el 14 de junio en el multiespacio gastron\u00f3mico Platea con la que se podr\u00e1n degustar por parte de los asistentes con las mejores tapas elaboradas en esta regi\u00f3n. Bajo el nombre &#8216;De Tapas por Galicia&#8217;, el evento ha sido presentado por la directora general de Turismo de Galicia,<\/p>\n","protected":false},"author":1,"featured_media":39779,"comment_status":"open","ping_status":"closed","sticky":false,"template":"","format":"standard","meta":{"footnotes":""},"categories":[222],"tags":[],"class_list":{"0":"post-39778","1":"post","2":"type-post","3":"status-publish","4":"format-standard","5":"has-post-thumbnail","7":"category-actualidad-turismo"},"aioseo_notices":[],"aioseo_head":"\n\t\t<!-- All in One SEO Pro 4.9.6.1 - aioseo.com -->\n\t<meta name=\"description\" content=\"La Semana Gastron\u00f3mica de Galicia recala hasta el 14 de junio en el multiespacio gastron\u00f3mico Platea con la que se podr\u00e1n degustar por parte de los asistentes con las mejores tapas elaboradas en esta regi\u00f3n. Bajo el nombre &#039;De Tapas por Galicia&#039;, el evento ha sido presentado por la directora general de Turismo de Galicia,\" \/>\n\t<meta name=\"robots\" content=\"max-image-preview:large\" \/>\n\t<meta name=\"author\" content=\"admin\"\/>\n\t<meta name=\"google-site-verification\" content=\"UA-38556648-1\" \/>\n\t<meta name=\"keywords\" content=\"actualidad turismo\" \/>\n\t<link rel=\"canonical\" href=\"https:\/\/eldigitaldeasturias.com\/magazine365\/semana-gastronomica-de-galicia-hasta-el-14-de-junio-en-madrid\/\" \/>\n\t<meta name=\"generator\" content=\"All in One SEO Pro (AIOSEO) 4.9.6.1\" \/>\n\t\t<meta property=\"og:locale\" content=\"es_ES\" \/>\n\t\t<meta property=\"og:site_name\" content=\"El Digital de Asturias \u2013 Revista de ocio, turismo y estilo de vida\" \/>\n\t\t<meta property=\"og:type\" content=\"article\" \/>\n\t\t<meta property=\"og:title\" content=\"Semana Gastron\u00f3mica de Galicia hasta el 14 de junio en Madrid | El Digital de Asturias\" \/>\n\t\t<meta property=\"og:description\" content=\"La Semana Gastron\u00f3mica de Galicia recala hasta el 14 de junio en el multiespacio gastron\u00f3mico Platea con la que se podr\u00e1n degustar por parte de los asistentes con las mejores tapas elaboradas en esta regi\u00f3n. Bajo el nombre &#039;De Tapas por Galicia&#039;, el evento ha sido presentado por la directora general de Turismo de Galicia,\" \/>\n\t\t<meta property=\"og:url\" content=\"https:\/\/eldigitaldeasturias.com\/magazine365\/semana-gastronomica-de-galicia-hasta-el-14-de-junio-en-madrid\/\" \/>\n\t\t<meta property=\"og:image\" content=\"https:\/\/eldigitaldeasturias.com\/magazine365\/wp-content\/uploads\/2015\/06\/fotonoticia_20150612174728_800.jpg\" \/>\n\t\t<meta property=\"og:image:secure_url\" content=\"https:\/\/eldigitaldeasturias.com\/magazine365\/wp-content\/uploads\/2015\/06\/fotonoticia_20150612174728_800.jpg\" \/>\n\t\t<meta property=\"og:image:width\" content=\"800\" \/>\n\t\t<meta property=\"og:image:height\" content=\"584\" \/>\n\t\t<meta property=\"article:published_time\" content=\"2015-06-13T01:15:05+00:00\" \/>\n\t\t<meta property=\"article:modified_time\" content=\"2015-06-13T01:15:05+00:00\" \/>\n\t\t<meta name=\"twitter:card\" content=\"summary_large_image\" \/>\n\t\t<meta name=\"twitter:title\" content=\"Semana Gastron\u00f3mica de Galicia hasta el 14 de junio en Madrid | El Digital de Asturias\" \/>\n\t\t<meta name=\"twitter:description\" content=\"La Semana Gastron\u00f3mica de Galicia recala hasta el 14 de junio en el multiespacio gastron\u00f3mico Platea con la que se podr\u00e1n degustar por parte de los asistentes con las mejores tapas elaboradas en esta regi\u00f3n. Bajo el nombre &#039;De Tapas por Galicia&#039;, el evento ha sido presentado por la directora general de Turismo de Galicia,\" \/>\n\t\t<meta name=\"twitter:image\" content=\"https:\/\/eldigitaldeasturias.com\/magazine365\/wp-content\/uploads\/2015\/06\/fotonoticia_20150612174728_800.jpg\" \/>\n\t\t<script type=\"application\/ld+json\" class=\"aioseo-schema\">\n\t\t\t{\"@context\":\"https:\\\/\\\/schema.org\",\"@graph\":[{\"@type\":\"Article\",\"@id\":\"https:\\\/\\\/eldigitaldeasturias.com\\\/magazine365\\\/semana-gastronomica-de-galicia-hasta-el-14-de-junio-en-madrid\\\/#article\",\"name\":\"Semana Gastron\\u00f3mica de Galicia hasta el 14 de junio en Madrid | El Digital de Asturias\",\"headline\":\"Semana Gastron\\u00f3mica de Galicia hasta el 14 de junio en Madrid\",\"author\":{\"@id\":\"https:\\\/\\\/eldigitaldeasturias.com\\\/magazine365\\\/author\\\/admin\\\/#author\"},\"publisher\":{\"@id\":\"https:\\\/\\\/eldigitaldeasturias.com\\\/magazine365\\\/#organization\"},\"image\":{\"@type\":\"ImageObject\",\"url\":\"https:\\\/\\\/eldigitaldeasturias.com\\\/magazine365\\\/wp-content\\\/uploads\\\/2015\\\/06\\\/fotonoticia_20150612174728_800.jpg\",\"width\":800,\"height\":584},\"datePublished\":\"2015-06-13T02:45:05+02:00\",\"dateModified\":\"2015-06-13T02:45:05+02:00\",\"inLanguage\":\"es-ES\",\"mainEntityOfPage\":{\"@id\":\"https:\\\/\\\/eldigitaldeasturias.com\\\/magazine365\\\/semana-gastronomica-de-galicia-hasta-el-14-de-junio-en-madrid\\\/#webpage\"},\"isPartOf\":{\"@id\":\"https:\\\/\\\/eldigitaldeasturias.com\\\/magazine365\\\/semana-gastronomica-de-galicia-hasta-el-14-de-junio-en-madrid\\\/#webpage\"},\"articleSection\":\"Actualidad Turismo\"},{\"@type\":\"BreadcrumbList\",\"@id\":\"https:\\\/\\\/eldigitaldeasturias.com\\\/magazine365\\\/semana-gastronomica-de-galicia-hasta-el-14-de-junio-en-madrid\\\/#breadcrumblist\",\"itemListElement\":[{\"@type\":\"ListItem\",\"@id\":\"https:\\\/\\\/eldigitaldeasturias.com\\\/magazine365#listItem\",\"position\":1,\"name\":\"Home\",\"item\":\"https:\\\/\\\/eldigitaldeasturias.com\\\/magazine365\",\"nextItem\":{\"@type\":\"ListItem\",\"@id\":\"https:\\\/\\\/eldigitaldeasturias.com\\\/magazine365\\\/category\\\/actualidad-turismo\\\/#listItem\",\"name\":\"Actualidad Turismo\"}},{\"@type\":\"ListItem\",\"@id\":\"https:\\\/\\\/eldigitaldeasturias.com\\\/magazine365\\\/category\\\/actualidad-turismo\\\/#listItem\",\"position\":2,\"name\":\"Actualidad Turismo\",\"item\":\"https:\\\/\\\/eldigitaldeasturias.com\\\/magazine365\\\/category\\\/actualidad-turismo\\\/\",\"nextItem\":{\"@type\":\"ListItem\",\"@id\":\"https:\\\/\\\/eldigitaldeasturias.com\\\/magazine365\\\/semana-gastronomica-de-galicia-hasta-el-14-de-junio-en-madrid\\\/#listItem\",\"name\":\"Semana Gastron\\u00f3mica de Galicia hasta el 14 de junio en Madrid\"},\"previousItem\":{\"@type\":\"ListItem\",\"@id\":\"https:\\\/\\\/eldigitaldeasturias.com\\\/magazine365#listItem\",\"name\":\"Home\"}},{\"@type\":\"ListItem\",\"@id\":\"https:\\\/\\\/eldigitaldeasturias.com\\\/magazine365\\\/semana-gastronomica-de-galicia-hasta-el-14-de-junio-en-madrid\\\/#listItem\",\"position\":3,\"name\":\"Semana Gastron\\u00f3mica de Galicia hasta el 14 de junio en Madrid\",\"previousItem\":{\"@type\":\"ListItem\",\"@id\":\"https:\\\/\\\/eldigitaldeasturias.com\\\/magazine365\\\/category\\\/actualidad-turismo\\\/#listItem\",\"name\":\"Actualidad Turismo\"}}]},{\"@type\":\"Organization\",\"@id\":\"https:\\\/\\\/eldigitaldeasturias.com\\\/magazine365\\\/#organization\",\"name\":\"El digital de Asturias\",\"description\":\"Revista de ocio, turismo y estilo de vida\",\"url\":\"https:\\\/\\\/eldigitaldeasturias.com\\\/magazine365\\\/\",\"logo\":{\"@type\":\"ImageObject\",\"url\":\"https:\\\/\\\/www.eldigitaldeasturias.com\\\/noticias\\\/wp-content\\\/uploads\\\/2020\\\/12\\\/EDA.jpg\",\"@id\":\"https:\\\/\\\/eldigitaldeasturias.com\\\/magazine365\\\/semana-gastronomica-de-galicia-hasta-el-14-de-junio-en-madrid\\\/#organizationLogo\"},\"image\":{\"@id\":\"https:\\\/\\\/eldigitaldeasturias.com\\\/magazine365\\\/semana-gastronomica-de-galicia-hasta-el-14-de-junio-en-madrid\\\/#organizationLogo\"}},{\"@type\":\"Person\",\"@id\":\"https:\\\/\\\/eldigitaldeasturias.com\\\/magazine365\\\/author\\\/admin\\\/#author\",\"url\":\"https:\\\/\\\/eldigitaldeasturias.com\\\/magazine365\\\/author\\\/admin\\\/\",\"name\":\"admin\",\"image\":{\"@type\":\"ImageObject\",\"@id\":\"https:\\\/\\\/eldigitaldeasturias.com\\\/magazine365\\\/semana-gastronomica-de-galicia-hasta-el-14-de-junio-en-madrid\\\/#authorImage\",\"url\":\"https:\\\/\\\/eldigitaldeasturias.com\\\/magazine365\\\/wp-content\\\/litespeed\\\/avatar\\\/e571bcf59a0edd6fa6838245a470f2fe.jpg?ver=1776969259\",\"width\":96,\"height\":96,\"caption\":\"admin\"}},{\"@type\":\"WebPage\",\"@id\":\"https:\\\/\\\/eldigitaldeasturias.com\\\/magazine365\\\/semana-gastronomica-de-galicia-hasta-el-14-de-junio-en-madrid\\\/#webpage\",\"url\":\"https:\\\/\\\/eldigitaldeasturias.com\\\/magazine365\\\/semana-gastronomica-de-galicia-hasta-el-14-de-junio-en-madrid\\\/\",\"name\":\"Semana Gastron\\u00f3mica de Galicia hasta el 14 de junio en Madrid | El Digital de Asturias\",\"description\":\"La Semana Gastron\\u00f3mica de Galicia recala hasta el 14 de junio en el multiespacio gastron\\u00f3mico Platea con la que se podr\\u00e1n degustar por parte de los asistentes con las mejores tapas elaboradas en esta regi\\u00f3n. Bajo el nombre 'De Tapas por Galicia', el evento ha sido presentado por la directora general de Turismo de Galicia,\",\"inLanguage\":\"es-ES\",\"isPartOf\":{\"@id\":\"https:\\\/\\\/eldigitaldeasturias.com\\\/magazine365\\\/#website\"},\"breadcrumb\":{\"@id\":\"https:\\\/\\\/eldigitaldeasturias.com\\\/magazine365\\\/semana-gastronomica-de-galicia-hasta-el-14-de-junio-en-madrid\\\/#breadcrumblist\"},\"author\":{\"@id\":\"https:\\\/\\\/eldigitaldeasturias.com\\\/magazine365\\\/author\\\/admin\\\/#author\"},\"creator\":{\"@id\":\"https:\\\/\\\/eldigitaldeasturias.com\\\/magazine365\\\/author\\\/admin\\\/#author\"},\"image\":{\"@type\":\"ImageObject\",\"url\":\"https:\\\/\\\/eldigitaldeasturias.com\\\/magazine365\\\/wp-content\\\/uploads\\\/2015\\\/06\\\/fotonoticia_20150612174728_800.jpg\",\"@id\":\"https:\\\/\\\/eldigitaldeasturias.com\\\/magazine365\\\/semana-gastronomica-de-galicia-hasta-el-14-de-junio-en-madrid\\\/#mainImage\",\"width\":800,\"height\":584},\"primaryImageOfPage\":{\"@id\":\"https:\\\/\\\/eldigitaldeasturias.com\\\/magazine365\\\/semana-gastronomica-de-galicia-hasta-el-14-de-junio-en-madrid\\\/#mainImage\"},\"datePublished\":\"2015-06-13T02:45:05+02:00\",\"dateModified\":\"2015-06-13T02:45:05+02:00\"},{\"@type\":\"WebSite\",\"@id\":\"https:\\\/\\\/eldigitaldeasturias.com\\\/magazine365\\\/#website\",\"url\":\"https:\\\/\\\/eldigitaldeasturias.com\\\/magazine365\\\/\",\"name\":\"El Digital de Asturias\",\"description\":\"Revista de ocio, turismo y estilo de vida\",\"inLanguage\":\"es-ES\",\"publisher\":{\"@id\":\"https:\\\/\\\/eldigitaldeasturias.com\\\/magazine365\\\/#organization\"}}]}\n\t\t<\/script>\n\t\t<!-- All in One SEO Pro -->\r\n\t\t<title>Semana Gastron\u00f3mica de Galicia hasta el 14 de junio en Madrid | El Digital de Asturias<\/title>\n\n","aioseo_head_json":{"title":"Semana Gastron\u00f3mica de Galicia hasta el 14 de junio en Madrid | El Digital de Asturias","description":"La Semana Gastron\u00f3mica de Galicia recala hasta el 14 de junio en el multiespacio gastron\u00f3mico Platea con la que se podr\u00e1n degustar por parte de los asistentes con las mejores tapas elaboradas en esta regi\u00f3n. Bajo el nombre 'De Tapas por Galicia', el evento ha sido presentado por la directora general de Turismo de Galicia,","canonical_url":"https:\/\/eldigitaldeasturias.com\/magazine365\/semana-gastronomica-de-galicia-hasta-el-14-de-junio-en-madrid\/","robots":"max-image-preview:large","keywords":"actualidad turismo","webmasterTools":{"google-site-verification":"UA-38556648-1","miscellaneous":""},"schema":{"@context":"https:\/\/schema.org","@graph":[{"@type":"Article","@id":"https:\/\/eldigitaldeasturias.com\/magazine365\/semana-gastronomica-de-galicia-hasta-el-14-de-junio-en-madrid\/#article","name":"Semana Gastron\u00f3mica de Galicia hasta el 14 de junio en Madrid | El Digital de Asturias","headline":"Semana Gastron\u00f3mica de Galicia hasta el 14 de junio en Madrid","author":{"@id":"https:\/\/eldigitaldeasturias.com\/magazine365\/author\/admin\/#author"},"publisher":{"@id":"https:\/\/eldigitaldeasturias.com\/magazine365\/#organization"},"image":{"@type":"ImageObject","url":"https:\/\/eldigitaldeasturias.com\/magazine365\/wp-content\/uploads\/2015\/06\/fotonoticia_20150612174728_800.jpg","width":800,"height":584},"datePublished":"2015-06-13T02:45:05+02:00","dateModified":"2015-06-13T02:45:05+02:00","inLanguage":"es-ES","mainEntityOfPage":{"@id":"https:\/\/eldigitaldeasturias.com\/magazine365\/semana-gastronomica-de-galicia-hasta-el-14-de-junio-en-madrid\/#webpage"},"isPartOf":{"@id":"https:\/\/eldigitaldeasturias.com\/magazine365\/semana-gastronomica-de-galicia-hasta-el-14-de-junio-en-madrid\/#webpage"},"articleSection":"Actualidad Turismo"},{"@type":"BreadcrumbList","@id":"https:\/\/eldigitaldeasturias.com\/magazine365\/semana-gastronomica-de-galicia-hasta-el-14-de-junio-en-madrid\/#breadcrumblist","itemListElement":[{"@type":"ListItem","@id":"https:\/\/eldigitaldeasturias.com\/magazine365#listItem","position":1,"name":"Home","item":"https:\/\/eldigitaldeasturias.com\/magazine365","nextItem":{"@type":"ListItem","@id":"https:\/\/eldigitaldeasturias.com\/magazine365\/category\/actualidad-turismo\/#listItem","name":"Actualidad Turismo"}},{"@type":"ListItem","@id":"https:\/\/eldigitaldeasturias.com\/magazine365\/category\/actualidad-turismo\/#listItem","position":2,"name":"Actualidad Turismo","item":"https:\/\/eldigitaldeasturias.com\/magazine365\/category\/actualidad-turismo\/","nextItem":{"@type":"ListItem","@id":"https:\/\/eldigitaldeasturias.com\/magazine365\/semana-gastronomica-de-galicia-hasta-el-14-de-junio-en-madrid\/#listItem","name":"Semana Gastron\u00f3mica de Galicia hasta el 14 de junio en Madrid"},"previousItem":{"@type":"ListItem","@id":"https:\/\/eldigitaldeasturias.com\/magazine365#listItem","name":"Home"}},{"@type":"ListItem","@id":"https:\/\/eldigitaldeasturias.com\/magazine365\/semana-gastronomica-de-galicia-hasta-el-14-de-junio-en-madrid\/#listItem","position":3,"name":"Semana Gastron\u00f3mica de Galicia hasta el 14 de junio en Madrid","previousItem":{"@type":"ListItem","@id":"https:\/\/eldigitaldeasturias.com\/magazine365\/category\/actualidad-turismo\/#listItem","name":"Actualidad Turismo"}}]},{"@type":"Organization","@id":"https:\/\/eldigitaldeasturias.com\/magazine365\/#organization","name":"El digital de Asturias","description":"Revista de ocio, turismo y estilo de vida","url":"https:\/\/eldigitaldeasturias.com\/magazine365\/","logo":{"@type":"ImageObject","url":"https:\/\/www.eldigitaldeasturias.com\/noticias\/wp-content\/uploads\/2020\/12\/EDA.jpg","@id":"https:\/\/eldigitaldeasturias.com\/magazine365\/semana-gastronomica-de-galicia-hasta-el-14-de-junio-en-madrid\/#organizationLogo"},"image":{"@id":"https:\/\/eldigitaldeasturias.com\/magazine365\/semana-gastronomica-de-galicia-hasta-el-14-de-junio-en-madrid\/#organizationLogo"}},{"@type":"Person","@id":"https:\/\/eldigitaldeasturias.com\/magazine365\/author\/admin\/#author","url":"https:\/\/eldigitaldeasturias.com\/magazine365\/author\/admin\/","name":"admin","image":{"@type":"ImageObject","@id":"https:\/\/eldigitaldeasturias.com\/magazine365\/semana-gastronomica-de-galicia-hasta-el-14-de-junio-en-madrid\/#authorImage","url":"https:\/\/eldigitaldeasturias.com\/magazine365\/wp-content\/litespeed\/avatar\/e571bcf59a0edd6fa6838245a470f2fe.jpg?ver=1776969259","width":96,"height":96,"caption":"admin"}},{"@type":"WebPage","@id":"https:\/\/eldigitaldeasturias.com\/magazine365\/semana-gastronomica-de-galicia-hasta-el-14-de-junio-en-madrid\/#webpage","url":"https:\/\/eldigitaldeasturias.com\/magazine365\/semana-gastronomica-de-galicia-hasta-el-14-de-junio-en-madrid\/","name":"Semana Gastron\u00f3mica de Galicia hasta el 14 de junio en Madrid | El Digital de Asturias","description":"La Semana Gastron\u00f3mica de Galicia recala hasta el 14 de junio en el multiespacio gastron\u00f3mico Platea con la que se podr\u00e1n degustar por parte de los asistentes con las mejores tapas elaboradas en esta regi\u00f3n. Bajo el nombre 'De Tapas por Galicia', el evento ha sido presentado por la directora general de Turismo de Galicia,","inLanguage":"es-ES","isPartOf":{"@id":"https:\/\/eldigitaldeasturias.com\/magazine365\/#website"},"breadcrumb":{"@id":"https:\/\/eldigitaldeasturias.com\/magazine365\/semana-gastronomica-de-galicia-hasta-el-14-de-junio-en-madrid\/#breadcrumblist"},"author":{"@id":"https:\/\/eldigitaldeasturias.com\/magazine365\/author\/admin\/#author"},"creator":{"@id":"https:\/\/eldigitaldeasturias.com\/magazine365\/author\/admin\/#author"},"image":{"@type":"ImageObject","url":"https:\/\/eldigitaldeasturias.com\/magazine365\/wp-content\/uploads\/2015\/06\/fotonoticia_20150612174728_800.jpg","@id":"https:\/\/eldigitaldeasturias.com\/magazine365\/semana-gastronomica-de-galicia-hasta-el-14-de-junio-en-madrid\/#mainImage","width":800,"height":584},"primaryImageOfPage":{"@id":"https:\/\/eldigitaldeasturias.com\/magazine365\/semana-gastronomica-de-galicia-hasta-el-14-de-junio-en-madrid\/#mainImage"},"datePublished":"2015-06-13T02:45:05+02:00","dateModified":"2015-06-13T02:45:05+02:00"},{"@type":"WebSite","@id":"https:\/\/eldigitaldeasturias.com\/magazine365\/#website","url":"https:\/\/eldigitaldeasturias.com\/magazine365\/","name":"El Digital de Asturias","description":"Revista de ocio, turismo y estilo de vida","inLanguage":"es-ES","publisher":{"@id":"https:\/\/eldigitaldeasturias.com\/magazine365\/#organization"}}]},"og:locale":"es_ES","og:site_name":"El Digital de Asturias \u2013 Revista de ocio, turismo y estilo de vida","og:type":"article","og:title":"Semana Gastron\u00f3mica de Galicia hasta el 14 de junio en Madrid | El Digital de Asturias","og:description":"La Semana Gastron\u00f3mica de Galicia recala hasta el 14 de junio en el multiespacio gastron\u00f3mico Platea con la que se podr\u00e1n degustar por parte de los asistentes con las mejores tapas elaboradas en esta regi\u00f3n. Bajo el nombre 'De Tapas por Galicia', el evento ha sido presentado por la directora general de Turismo de Galicia,","og:url":"https:\/\/eldigitaldeasturias.com\/magazine365\/semana-gastronomica-de-galicia-hasta-el-14-de-junio-en-madrid\/","og:image":"https:\/\/eldigitaldeasturias.com\/magazine365\/wp-content\/uploads\/2015\/06\/fotonoticia_20150612174728_800.jpg","og:image:secure_url":"https:\/\/eldigitaldeasturias.com\/magazine365\/wp-content\/uploads\/2015\/06\/fotonoticia_20150612174728_800.jpg","og:image:width":800,"og:image:height":584,"article:published_time":"2015-06-13T01:15:05+00:00","article:modified_time":"2015-06-13T01:15:05+00:00","twitter:card":"summary_large_image","twitter:title":"Semana Gastron\u00f3mica de Galicia hasta el 14 de junio en Madrid | El Digital de Asturias","twitter:description":"La Semana Gastron\u00f3mica de Galicia recala hasta el 14 de junio en el multiespacio gastron\u00f3mico Platea con la que se podr\u00e1n degustar por parte de los asistentes con las mejores tapas elaboradas en esta regi\u00f3n. Bajo el nombre 'De Tapas por Galicia', el evento ha sido presentado por la directora general de Turismo de Galicia,","twitter:image":"https:\/\/eldigitaldeasturias.com\/magazine365\/wp-content\/uploads\/2015\/06\/fotonoticia_20150612174728_800.jpg"},"aioseo_meta_data":{"post_id":"39778","title":null,"description":null,"keywords":null,"keyphrases":null,"primary_term":null,"canonical_url":null,"og_title":null,"og_description":null,"og_object_type":"default","og_image_type":"default","og_image_url":null,"og_image_width":null,"og_image_height":null,"og_image_custom_url":null,"og_image_custom_fields":null,"og_video":null,"og_custom_url":null,"og_article_section":null,"og_article_tags":null,"twitter_use_og":false,"twitter_card":"default","twitter_image_type":"default","twitter_image_url":null,"twitter_image_custom_url":null,"twitter_image_custom_fields":null,"twitter_title":null,"twitter_description":null,"schema":{"blockGraphs":[],"customGraphs":[],"default":{"data":{"Article":[],"Course":[],"Dataset":[],"FAQPage":[],"Movie":[],"Person":[],"Product":[],"ProductReview":[],"Car":[],"Recipe":[],"Service":[],"SoftwareApplication":[],"WebPage":[]},"graphName":"","isEnabled":true},"graphs":[],"defaultGraph":"","defaultPostTypeGraph":""},"schema_type":null,"schema_type_options":null,"pillar_content":false,"robots_default":true,"robots_noindex":false,"robots_noarchive":false,"robots_nosnippet":false,"robots_nofollow":false,"robots_noimageindex":false,"robots_noodp":false,"robots_notranslate":false,"robots_max_snippet":null,"robots_max_videopreview":null,"robots_max_imagepreview":"large","priority":null,"frequency":null,"location":null,"local_seo":null,"seo_analyzer_scan_date":"2025-09-19 12:17:20","breadcrumb_settings":null,"limit_modified_date":false,"open_ai":null,"ai":null,"created":"2021-03-09 02:36:42","updated":"2025-09-19 12:17:20"},"aioseo_breadcrumb":"<div class=\"aioseo-breadcrumbs\"><span class=\"aioseo-breadcrumb\">\n\t<a href=\"https:\/\/eldigitaldeasturias.com\/magazine365\" title=\"Home\">Home<\/a>\n<\/span><span class=\"aioseo-breadcrumb-separator\">\u2013<\/span><span class=\"aioseo-breadcrumb\">\n\t<a href=\"https:\/\/eldigitaldeasturias.com\/magazine365\/category\/actualidad-turismo\/\" title=\"Actualidad Turismo\">Actualidad Turismo<\/a>\n<\/span><span class=\"aioseo-breadcrumb-separator\">\u2013<\/span><span class=\"aioseo-breadcrumb\">\n\t<a href=\"https:\/\/eldigitaldeasturias.com\/magazine365\/semana-gastronomica-de-galicia-hasta-el-14-de-junio-en-madrid\/\" title=\"Semana Gastron\u00f3mica de Galicia hasta el 14 de junio en Madrid\">Semana Gastron\u00f3mica de Galicia hasta el 14 de junio en Madrid<\/a>\n<\/span><\/div>","aioseo_breadcrumb_json":[{"label":"Home","link":"https:\/\/eldigitaldeasturias.com\/magazine365"},{"label":"Actualidad Turismo","link":"https:\/\/eldigitaldeasturias.com\/magazine365\/category\/actualidad-turismo\/"},{"label":"Semana Gastron\u00f3mica de Galicia hasta el 14 de junio en Madrid","link":"https:\/\/eldigitaldeasturias.com\/magazine365\/semana-gastronomica-de-galicia-hasta-el-14-de-junio-en-madrid\/"}],"_links":{"self":[{"href":"https:\/\/eldigitaldeasturias.com\/magazine365\/wp-json\/wp\/v2\/posts\/39778","targetHints":{"allow":["GET"]}}],"collection":[{"href":"https:\/\/eldigitaldeasturias.com\/magazine365\/wp-json\/wp\/v2\/posts"}],"about":[{"href":"https:\/\/eldigitaldeasturias.com\/magazine365\/wp-json\/wp\/v2\/types\/post"}],"author":[{"embeddable":true,"href":"https:\/\/eldigitaldeasturias.com\/magazine365\/wp-json\/wp\/v2\/users\/1"}],"replies":[{"embeddable":true,"href":"https:\/\/eldigitaldeasturias.com\/magazine365\/wp-json\/wp\/v2\/comments?post=39778"}],"version-history":[{"count":0,"href":"https:\/\/eldigitaldeasturias.com\/magazine365\/wp-json\/wp\/v2\/posts\/39778\/revisions"}],"wp:featuredmedia":[{"embeddable":true,"href":"https:\/\/eldigitaldeasturias.com\/magazine365\/wp-json\/wp\/v2\/media\/39779"}],"wp:attachment":[{"href":"https:\/\/eldigitaldeasturias.com\/magazine365\/wp-json\/wp\/v2\/media?parent=39778"}],"wp:term":[{"taxonomy":"category","embeddable":true,"href":"https:\/\/eldigitaldeasturias.com\/magazine365\/wp-json\/wp\/v2\/categories?post=39778"},{"taxonomy":"post_tag","embeddable":true,"href":"https:\/\/eldigitaldeasturias.com\/magazine365\/wp-json\/wp\/v2\/tags?post=39778"}],"curies":[{"name":"wp","href":"https:\/\/api.w.org\/{rel}","templated":true}]}}