{"id":39770,"date":"2015-06-13T02:25:42","date_gmt":"2015-06-13T00:55:42","guid":{"rendered":"http:\/\/eldigitaldeasturias.com\/magazine365\/?p=39770"},"modified":"2015-06-13T02:25:42","modified_gmt":"2015-06-13T00:55:42","slug":"ryanair-pide-a-sus-viajeros-en-barajas-que-viajen-con-equipaje-de-mano-ante-la-huelga-de-handling","status":"publish","type":"post","link":"https:\/\/eldigitaldeasturias.com\/magazine365\/ryanair-pide-a-sus-viajeros-en-barajas-que-viajen-con-equipaje-de-mano-ante-la-huelga-de-handling\/","title":{"rendered":"Ryanair pide a sus viajeros en Barajas que viajen con equipaje de mano ante la huelga de &#8216;handling&#8217;"},"content":{"rendered":"<p><img fetchpriority=\"high\" decoding=\"async\" class=\"alignleft size-medium wp-image-39724\" src=\"https:\/\/eldigitaldeasturias.com\/magazine365\/wp-content\/uploads\/2015\/06\/aeropu-360x240.jpg\" alt=\"aeropu\" width=\"360\" height=\"240\" srcset=\"https:\/\/eldigitaldeasturias.com\/magazine365\/wp-content\/uploads\/2015\/06\/aeropu-360x240.jpg 360w, https:\/\/eldigitaldeasturias.com\/magazine365\/wp-content\/uploads\/2015\/06\/aeropu-650x433.jpg 650w, https:\/\/eldigitaldeasturias.com\/magazine365\/wp-content\/uploads\/2015\/06\/aeropu-768x512.jpg 768w, https:\/\/eldigitaldeasturias.com\/magazine365\/wp-content\/uploads\/2015\/06\/aeropu-150x100.jpg 150w, https:\/\/eldigitaldeasturias.com\/magazine365\/wp-content\/uploads\/2015\/06\/aeropu-450x300.jpg 450w, https:\/\/eldigitaldeasturias.com\/magazine365\/wp-content\/uploads\/2015\/06\/aeropu-696x464.jpg 696w, https:\/\/eldigitaldeasturias.com\/magazine365\/wp-content\/uploads\/2015\/06\/aeropu-630x420.jpg 630w, https:\/\/eldigitaldeasturias.com\/magazine365\/wp-content\/uploads\/2015\/06\/aeropu-84x55.jpg 84w, https:\/\/eldigitaldeasturias.com\/magazine365\/wp-content\/uploads\/2015\/06\/aeropu.jpg 800w\" sizes=\"(max-width: 360px) 100vw, 360px\" \/>Ryanair ha solicitado a aquellos pasajeros que viajen desde o hasta Madrid que lo hagan \u00fanicamente con equipaje de mano ante la huelga convocada por los operadores de &#8216;handling&#8217; de la compa\u00f1\u00eda que le impide facturar, seg\u00fan confirmaron fuentes de la aerol\u00ednea a Europa Press.<\/p>\n<p>La compa\u00f1\u00eda ha enviado un correo electr\u00f3nico a sus clientes en el que, adem\u00e1s de informarles de que \u00abno podr\u00e1n viajar con maletas que tengan que ser facturadas\u00bb desde y hacia Madrid, ha pedido disculpas por cualquier inconveniente causado.<\/p>\n<p>La &#8216;low cost&#8217; irlandesa ha ofrecido a sus pasajeros la opci\u00f3n de cambiarse a otros vuelos o a aeropuertos alternativos. No obstante, la aerol\u00ednea no hace referencia a la posibilidad de cancelar los billetes o el reembolso del dinero ante la imposibilidad de facturar equipaje.<\/p>\n<p>Los trabajadores de &#8216;handling&#8217; de Ryanair convocaron un paro indefinido en el aeropuerto Adolfo Su\u00e1rez Madrid-Barajas, que se inici\u00f3 el s\u00e1bado 30 de mayo, como protesta a \u00ablas condiciones laborales, abusos y amenazas a los que est\u00e1n sometidos\u00bb. El paro fue refrendado por la asamblea de trabajadores, a propuesta del comit\u00e9 de empresa, del que forman parte CTA, UGT, CC.OO. y CGT.<\/p>\n<p>Los sindicatos protestan por la intenci\u00f3n de Ryanair de recortar entre el 20% y el 30% del sueldo a los trabajadores, \u00abno respetando su convenio colectivo\u00bb, despu\u00e9s de 10 a\u00f1os de trabajo en el aeropuerto en diferentes compa\u00f1\u00edas.<\/p>\n<p>As\u00ed como por el incumplimiento de la normativa de subrogaci\u00f3n (que afecta a salario fijo y variables y la inaplicaci\u00f3n y desarrollo de la Ley de Prevenci\u00f3n de Riesgos Laborales, entre otros motivos).<\/p>\n<p>RYANAIR TACHA LA HUELGA DE \u00abILEGAL\u00bb.<\/p>\n<p>Ryanair ha asegurado que la huelga, convocada en Madrid-Barajas por el sindicato CTA y refrendada por el comit\u00e9 de empresa, es \u00abilegal y \u00abest\u00e1 incumpliendo con los servicios m\u00ednimos fijados por el Ministerio de Fomento\u00bb.<\/p>\n<p>\u00abSus intentos de perturbar a\u00fan m\u00e1s las operaciones de Ryanair en Madrid se han remitido al juzgado en Espa\u00f1a\u00bb, se\u00f1alan desde la compa\u00f1\u00eda.<\/p>\n<p>En cuanto a las causas de la huelga indefinida, Ryanair asegura que \u00abcumple plenamente con todas las leyes de empleo de la UE y Espa\u00f1a\u00bb. \u00abLos sueldos de esos trabajadores eran m\u00e1s altos que los acordados, al contrario de lo que afirman los sindicatos\u00bb, ha apuntado la compa\u00f1\u00eda.<\/p>\n<p>DENUNCIAS DE LOS TRABAJADORES.<\/p>\n<p>Los sindicatos alegan que, desde el comienzo de la huelga, aproximadamente 15 personas ajenas a la plantilla se encuentran prestando servicios en la base de Madrid, \u00abconculcando los derechos constitucionales del Comit\u00e9 de Huelga, as\u00ed como de los trabajadores que representa\u00bb.<\/p>\n<p>En un comunicado, el colectivo denuncia que Ryanair contin\u00fae cargando maletas en los ba\u00f1os de los aviones incumpliendo las normas de seguridad a\u00e9rea, queja que ya ha sido transmitida a SENASA y la Agencia Estatal de Seguridad A\u00e9rea (AESA).<\/p>\n<p>Por todo ello, el comit\u00e9 de huelga de Ryanair present\u00f3 el pasado 30 de mayo una demanda por v\u00eda penal en el Juzgado de Guardia de Madrid.<\/p>\n","protected":false},"excerpt":{"rendered":"<p>Ryanair ha solicitado a aquellos pasajeros que viajen desde o hasta Madrid que lo hagan \u00fanicamente con equipaje de mano ante la huelga convocada por los operadores de &#8216;handling&#8217; de la compa\u00f1\u00eda que le impide facturar, seg\u00fan confirmaron fuentes de la aerol\u00ednea a Europa Press. La compa\u00f1\u00eda ha enviado un correo electr\u00f3nico a sus clientes<\/p>\n","protected":false},"author":1,"featured_media":39724,"comment_status":"open","ping_status":"closed","sticky":false,"template":"","format":"standard","meta":{"footnotes":""},"categories":[222],"tags":[],"class_list":{"0":"post-39770","1":"post","2":"type-post","3":"status-publish","4":"format-standard","5":"has-post-thumbnail","7":"category-actualidad-turismo"},"aioseo_notices":[],"aioseo_head":"\n\t\t<!-- All in One SEO Pro 4.9.6.1 - aioseo.com -->\n\t<meta name=\"description\" content=\"Ryanair ha solicitado a aquellos pasajeros que viajen desde o hasta Madrid que lo hagan \u00fanicamente con equipaje de mano ante la huelga convocada por los operadores de &#039;handling&#039; de la compa\u00f1\u00eda que le impide facturar, seg\u00fan confirmaron fuentes de la aerol\u00ednea a Europa Press. La compa\u00f1\u00eda ha enviado un correo electr\u00f3nico a sus clientes\" \/>\n\t<meta name=\"robots\" content=\"max-image-preview:large\" \/>\n\t<meta name=\"author\" content=\"admin\"\/>\n\t<meta name=\"google-site-verification\" content=\"UA-38556648-1\" \/>\n\t<meta name=\"keywords\" content=\"actualidad turismo\" \/>\n\t<link rel=\"canonical\" href=\"https:\/\/eldigitaldeasturias.com\/magazine365\/ryanair-pide-a-sus-viajeros-en-barajas-que-viajen-con-equipaje-de-mano-ante-la-huelga-de-handling\/\" \/>\n\t<meta name=\"generator\" content=\"All in One SEO Pro (AIOSEO) 4.9.6.1\" \/>\n\t\t<meta property=\"og:locale\" content=\"es_ES\" \/>\n\t\t<meta property=\"og:site_name\" content=\"El Digital de Asturias \u2013 Revista de ocio, turismo y estilo de vida\" \/>\n\t\t<meta property=\"og:type\" content=\"article\" \/>\n\t\t<meta property=\"og:title\" content=\"Ryanair pide a sus viajeros en Barajas que viajen con equipaje de mano ante la huelga de \u2018handling\u2019 | El Digital de Asturias\" \/>\n\t\t<meta property=\"og:description\" content=\"Ryanair ha solicitado a aquellos pasajeros que viajen desde o hasta Madrid que lo hagan \u00fanicamente con equipaje de mano ante la huelga convocada por los operadores de &#039;handling&#039; de la compa\u00f1\u00eda que le impide facturar, seg\u00fan confirmaron fuentes de la aerol\u00ednea a Europa Press. La compa\u00f1\u00eda ha enviado un correo electr\u00f3nico a sus clientes\" \/>\n\t\t<meta property=\"og:url\" content=\"https:\/\/eldigitaldeasturias.com\/magazine365\/ryanair-pide-a-sus-viajeros-en-barajas-que-viajen-con-equipaje-de-mano-ante-la-huelga-de-handling\/\" \/>\n\t\t<meta property=\"og:image\" content=\"https:\/\/eldigitaldeasturias.com\/magazine365\/wp-content\/uploads\/2015\/06\/aeropu.jpg\" \/>\n\t\t<meta property=\"og:image:secure_url\" content=\"https:\/\/eldigitaldeasturias.com\/magazine365\/wp-content\/uploads\/2015\/06\/aeropu.jpg\" \/>\n\t\t<meta property=\"og:image:width\" content=\"800\" \/>\n\t\t<meta property=\"og:image:height\" content=\"533\" \/>\n\t\t<meta property=\"article:published_time\" content=\"2015-06-13T00:55:42+00:00\" \/>\n\t\t<meta property=\"article:modified_time\" content=\"2015-06-13T00:55:42+00:00\" \/>\n\t\t<meta name=\"twitter:card\" content=\"summary_large_image\" \/>\n\t\t<meta name=\"twitter:title\" content=\"Ryanair pide a sus viajeros en Barajas que viajen con equipaje de mano ante la huelga de \u2018handling\u2019 | El Digital de Asturias\" \/>\n\t\t<meta name=\"twitter:description\" content=\"Ryanair ha solicitado a aquellos pasajeros que viajen desde o hasta Madrid que lo hagan \u00fanicamente con equipaje de mano ante la huelga convocada por los operadores de &#039;handling&#039; de la compa\u00f1\u00eda que le impide facturar, seg\u00fan confirmaron fuentes de la aerol\u00ednea a Europa Press. La compa\u00f1\u00eda ha enviado un correo electr\u00f3nico a sus clientes\" \/>\n\t\t<meta name=\"twitter:image\" content=\"https:\/\/eldigitaldeasturias.com\/magazine365\/wp-content\/uploads\/2015\/06\/aeropu.jpg\" \/>\n\t\t<script type=\"application\/ld+json\" class=\"aioseo-schema\">\n\t\t\t{\"@context\":\"https:\\\/\\\/schema.org\",\"@graph\":[{\"@type\":\"Article\",\"@id\":\"https:\\\/\\\/eldigitaldeasturias.com\\\/magazine365\\\/ryanair-pide-a-sus-viajeros-en-barajas-que-viajen-con-equipaje-de-mano-ante-la-huelga-de-handling\\\/#article\",\"name\":\"Ryanair pide a sus viajeros en Barajas que viajen con equipaje de mano ante la huelga de \\u2018handling\\u2019 | El Digital de Asturias\",\"headline\":\"Ryanair pide a sus viajeros en Barajas que viajen con equipaje de mano ante la huelga de &#8216;handling&#8217;\",\"author\":{\"@id\":\"https:\\\/\\\/eldigitaldeasturias.com\\\/magazine365\\\/author\\\/admin\\\/#author\"},\"publisher\":{\"@id\":\"https:\\\/\\\/eldigitaldeasturias.com\\\/magazine365\\\/#organization\"},\"image\":{\"@type\":\"ImageObject\",\"url\":\"https:\\\/\\\/eldigitaldeasturias.com\\\/magazine365\\\/wp-content\\\/uploads\\\/2015\\\/06\\\/aeropu.jpg\",\"width\":800,\"height\":533},\"datePublished\":\"2015-06-13T02:25:42+02:00\",\"dateModified\":\"2015-06-13T02:25:42+02:00\",\"inLanguage\":\"es-ES\",\"mainEntityOfPage\":{\"@id\":\"https:\\\/\\\/eldigitaldeasturias.com\\\/magazine365\\\/ryanair-pide-a-sus-viajeros-en-barajas-que-viajen-con-equipaje-de-mano-ante-la-huelga-de-handling\\\/#webpage\"},\"isPartOf\":{\"@id\":\"https:\\\/\\\/eldigitaldeasturias.com\\\/magazine365\\\/ryanair-pide-a-sus-viajeros-en-barajas-que-viajen-con-equipaje-de-mano-ante-la-huelga-de-handling\\\/#webpage\"},\"articleSection\":\"Actualidad Turismo\"},{\"@type\":\"BreadcrumbList\",\"@id\":\"https:\\\/\\\/eldigitaldeasturias.com\\\/magazine365\\\/ryanair-pide-a-sus-viajeros-en-barajas-que-viajen-con-equipaje-de-mano-ante-la-huelga-de-handling\\\/#breadcrumblist\",\"itemListElement\":[{\"@type\":\"ListItem\",\"@id\":\"https:\\\/\\\/eldigitaldeasturias.com\\\/magazine365#listItem\",\"position\":1,\"name\":\"Home\",\"item\":\"https:\\\/\\\/eldigitaldeasturias.com\\\/magazine365\",\"nextItem\":{\"@type\":\"ListItem\",\"@id\":\"https:\\\/\\\/eldigitaldeasturias.com\\\/magazine365\\\/category\\\/actualidad-turismo\\\/#listItem\",\"name\":\"Actualidad Turismo\"}},{\"@type\":\"ListItem\",\"@id\":\"https:\\\/\\\/eldigitaldeasturias.com\\\/magazine365\\\/category\\\/actualidad-turismo\\\/#listItem\",\"position\":2,\"name\":\"Actualidad Turismo\",\"item\":\"https:\\\/\\\/eldigitaldeasturias.com\\\/magazine365\\\/category\\\/actualidad-turismo\\\/\",\"nextItem\":{\"@type\":\"ListItem\",\"@id\":\"https:\\\/\\\/eldigitaldeasturias.com\\\/magazine365\\\/ryanair-pide-a-sus-viajeros-en-barajas-que-viajen-con-equipaje-de-mano-ante-la-huelga-de-handling\\\/#listItem\",\"name\":\"Ryanair pide a sus viajeros en Barajas que viajen con equipaje de mano ante la huelga de &#8216;handling&#8217;\"},\"previousItem\":{\"@type\":\"ListItem\",\"@id\":\"https:\\\/\\\/eldigitaldeasturias.com\\\/magazine365#listItem\",\"name\":\"Home\"}},{\"@type\":\"ListItem\",\"@id\":\"https:\\\/\\\/eldigitaldeasturias.com\\\/magazine365\\\/ryanair-pide-a-sus-viajeros-en-barajas-que-viajen-con-equipaje-de-mano-ante-la-huelga-de-handling\\\/#listItem\",\"position\":3,\"name\":\"Ryanair pide a sus viajeros en Barajas que viajen con equipaje de mano ante la huelga de &#8216;handling&#8217;\",\"previousItem\":{\"@type\":\"ListItem\",\"@id\":\"https:\\\/\\\/eldigitaldeasturias.com\\\/magazine365\\\/category\\\/actualidad-turismo\\\/#listItem\",\"name\":\"Actualidad Turismo\"}}]},{\"@type\":\"Organization\",\"@id\":\"https:\\\/\\\/eldigitaldeasturias.com\\\/magazine365\\\/#organization\",\"name\":\"El digital de Asturias\",\"description\":\"Revista de ocio, turismo y estilo de vida\",\"url\":\"https:\\\/\\\/eldigitaldeasturias.com\\\/magazine365\\\/\",\"logo\":{\"@type\":\"ImageObject\",\"url\":\"https:\\\/\\\/www.eldigitaldeasturias.com\\\/noticias\\\/wp-content\\\/uploads\\\/2020\\\/12\\\/EDA.jpg\",\"@id\":\"https:\\\/\\\/eldigitaldeasturias.com\\\/magazine365\\\/ryanair-pide-a-sus-viajeros-en-barajas-que-viajen-con-equipaje-de-mano-ante-la-huelga-de-handling\\\/#organizationLogo\"},\"image\":{\"@id\":\"https:\\\/\\\/eldigitaldeasturias.com\\\/magazine365\\\/ryanair-pide-a-sus-viajeros-en-barajas-que-viajen-con-equipaje-de-mano-ante-la-huelga-de-handling\\\/#organizationLogo\"}},{\"@type\":\"Person\",\"@id\":\"https:\\\/\\\/eldigitaldeasturias.com\\\/magazine365\\\/author\\\/admin\\\/#author\",\"url\":\"https:\\\/\\\/eldigitaldeasturias.com\\\/magazine365\\\/author\\\/admin\\\/\",\"name\":\"admin\",\"image\":{\"@type\":\"ImageObject\",\"@id\":\"https:\\\/\\\/eldigitaldeasturias.com\\\/magazine365\\\/ryanair-pide-a-sus-viajeros-en-barajas-que-viajen-con-equipaje-de-mano-ante-la-huelga-de-handling\\\/#authorImage\",\"url\":\"https:\\\/\\\/eldigitaldeasturias.com\\\/magazine365\\\/wp-content\\\/litespeed\\\/avatar\\\/e571bcf59a0edd6fa6838245a470f2fe.jpg?ver=1776969259\",\"width\":96,\"height\":96,\"caption\":\"admin\"}},{\"@type\":\"WebPage\",\"@id\":\"https:\\\/\\\/eldigitaldeasturias.com\\\/magazine365\\\/ryanair-pide-a-sus-viajeros-en-barajas-que-viajen-con-equipaje-de-mano-ante-la-huelga-de-handling\\\/#webpage\",\"url\":\"https:\\\/\\\/eldigitaldeasturias.com\\\/magazine365\\\/ryanair-pide-a-sus-viajeros-en-barajas-que-viajen-con-equipaje-de-mano-ante-la-huelga-de-handling\\\/\",\"name\":\"Ryanair pide a sus viajeros en Barajas que viajen con equipaje de mano ante la huelga de \\u2018handling\\u2019 | El Digital de Asturias\",\"description\":\"Ryanair ha solicitado a aquellos pasajeros que viajen desde o hasta Madrid que lo hagan \\u00fanicamente con equipaje de mano ante la huelga convocada por los operadores de 'handling' de la compa\\u00f1\\u00eda que le impide facturar, seg\\u00fan confirmaron fuentes de la aerol\\u00ednea a Europa Press. La compa\\u00f1\\u00eda ha enviado un correo electr\\u00f3nico a sus clientes\",\"inLanguage\":\"es-ES\",\"isPartOf\":{\"@id\":\"https:\\\/\\\/eldigitaldeasturias.com\\\/magazine365\\\/#website\"},\"breadcrumb\":{\"@id\":\"https:\\\/\\\/eldigitaldeasturias.com\\\/magazine365\\\/ryanair-pide-a-sus-viajeros-en-barajas-que-viajen-con-equipaje-de-mano-ante-la-huelga-de-handling\\\/#breadcrumblist\"},\"author\":{\"@id\":\"https:\\\/\\\/eldigitaldeasturias.com\\\/magazine365\\\/author\\\/admin\\\/#author\"},\"creator\":{\"@id\":\"https:\\\/\\\/eldigitaldeasturias.com\\\/magazine365\\\/author\\\/admin\\\/#author\"},\"image\":{\"@type\":\"ImageObject\",\"url\":\"https:\\\/\\\/eldigitaldeasturias.com\\\/magazine365\\\/wp-content\\\/uploads\\\/2015\\\/06\\\/aeropu.jpg\",\"@id\":\"https:\\\/\\\/eldigitaldeasturias.com\\\/magazine365\\\/ryanair-pide-a-sus-viajeros-en-barajas-que-viajen-con-equipaje-de-mano-ante-la-huelga-de-handling\\\/#mainImage\",\"width\":800,\"height\":533},\"primaryImageOfPage\":{\"@id\":\"https:\\\/\\\/eldigitaldeasturias.com\\\/magazine365\\\/ryanair-pide-a-sus-viajeros-en-barajas-que-viajen-con-equipaje-de-mano-ante-la-huelga-de-handling\\\/#mainImage\"},\"datePublished\":\"2015-06-13T02:25:42+02:00\",\"dateModified\":\"2015-06-13T02:25:42+02:00\"},{\"@type\":\"WebSite\",\"@id\":\"https:\\\/\\\/eldigitaldeasturias.com\\\/magazine365\\\/#website\",\"url\":\"https:\\\/\\\/eldigitaldeasturias.com\\\/magazine365\\\/\",\"name\":\"El Digital de Asturias\",\"description\":\"Revista de ocio, turismo y estilo de vida\",\"inLanguage\":\"es-ES\",\"publisher\":{\"@id\":\"https:\\\/\\\/eldigitaldeasturias.com\\\/magazine365\\\/#organization\"}}]}\n\t\t<\/script>\n\t\t<!-- All in One SEO Pro -->\r\n\t\t<title>Ryanair pide a sus viajeros en Barajas que viajen con equipaje de mano ante la huelga de \u2018handling\u2019 | El Digital de Asturias<\/title>\n\n","aioseo_head_json":{"title":"Ryanair pide a sus viajeros en Barajas que viajen con equipaje de mano ante la huelga de \u2018handling\u2019 | El Digital de Asturias","description":"Ryanair ha solicitado a aquellos pasajeros que viajen desde o hasta Madrid que lo hagan \u00fanicamente con equipaje de mano ante la huelga convocada por los operadores de 'handling' de la compa\u00f1\u00eda que le impide facturar, seg\u00fan confirmaron fuentes de la aerol\u00ednea a Europa Press. La compa\u00f1\u00eda ha enviado un correo electr\u00f3nico a sus clientes","canonical_url":"https:\/\/eldigitaldeasturias.com\/magazine365\/ryanair-pide-a-sus-viajeros-en-barajas-que-viajen-con-equipaje-de-mano-ante-la-huelga-de-handling\/","robots":"max-image-preview:large","keywords":"actualidad turismo","webmasterTools":{"google-site-verification":"UA-38556648-1","miscellaneous":""},"schema":{"@context":"https:\/\/schema.org","@graph":[{"@type":"Article","@id":"https:\/\/eldigitaldeasturias.com\/magazine365\/ryanair-pide-a-sus-viajeros-en-barajas-que-viajen-con-equipaje-de-mano-ante-la-huelga-de-handling\/#article","name":"Ryanair pide a sus viajeros en Barajas que viajen con equipaje de mano ante la huelga de \u2018handling\u2019 | El Digital de Asturias","headline":"Ryanair pide a sus viajeros en Barajas que viajen con equipaje de mano ante la huelga de &#8216;handling&#8217;","author":{"@id":"https:\/\/eldigitaldeasturias.com\/magazine365\/author\/admin\/#author"},"publisher":{"@id":"https:\/\/eldigitaldeasturias.com\/magazine365\/#organization"},"image":{"@type":"ImageObject","url":"https:\/\/eldigitaldeasturias.com\/magazine365\/wp-content\/uploads\/2015\/06\/aeropu.jpg","width":800,"height":533},"datePublished":"2015-06-13T02:25:42+02:00","dateModified":"2015-06-13T02:25:42+02:00","inLanguage":"es-ES","mainEntityOfPage":{"@id":"https:\/\/eldigitaldeasturias.com\/magazine365\/ryanair-pide-a-sus-viajeros-en-barajas-que-viajen-con-equipaje-de-mano-ante-la-huelga-de-handling\/#webpage"},"isPartOf":{"@id":"https:\/\/eldigitaldeasturias.com\/magazine365\/ryanair-pide-a-sus-viajeros-en-barajas-que-viajen-con-equipaje-de-mano-ante-la-huelga-de-handling\/#webpage"},"articleSection":"Actualidad Turismo"},{"@type":"BreadcrumbList","@id":"https:\/\/eldigitaldeasturias.com\/magazine365\/ryanair-pide-a-sus-viajeros-en-barajas-que-viajen-con-equipaje-de-mano-ante-la-huelga-de-handling\/#breadcrumblist","itemListElement":[{"@type":"ListItem","@id":"https:\/\/eldigitaldeasturias.com\/magazine365#listItem","position":1,"name":"Home","item":"https:\/\/eldigitaldeasturias.com\/magazine365","nextItem":{"@type":"ListItem","@id":"https:\/\/eldigitaldeasturias.com\/magazine365\/category\/actualidad-turismo\/#listItem","name":"Actualidad Turismo"}},{"@type":"ListItem","@id":"https:\/\/eldigitaldeasturias.com\/magazine365\/category\/actualidad-turismo\/#listItem","position":2,"name":"Actualidad Turismo","item":"https:\/\/eldigitaldeasturias.com\/magazine365\/category\/actualidad-turismo\/","nextItem":{"@type":"ListItem","@id":"https:\/\/eldigitaldeasturias.com\/magazine365\/ryanair-pide-a-sus-viajeros-en-barajas-que-viajen-con-equipaje-de-mano-ante-la-huelga-de-handling\/#listItem","name":"Ryanair pide a sus viajeros en Barajas que viajen con equipaje de mano ante la huelga de &#8216;handling&#8217;"},"previousItem":{"@type":"ListItem","@id":"https:\/\/eldigitaldeasturias.com\/magazine365#listItem","name":"Home"}},{"@type":"ListItem","@id":"https:\/\/eldigitaldeasturias.com\/magazine365\/ryanair-pide-a-sus-viajeros-en-barajas-que-viajen-con-equipaje-de-mano-ante-la-huelga-de-handling\/#listItem","position":3,"name":"Ryanair pide a sus viajeros en Barajas que viajen con equipaje de mano ante la huelga de &#8216;handling&#8217;","previousItem":{"@type":"ListItem","@id":"https:\/\/eldigitaldeasturias.com\/magazine365\/category\/actualidad-turismo\/#listItem","name":"Actualidad Turismo"}}]},{"@type":"Organization","@id":"https:\/\/eldigitaldeasturias.com\/magazine365\/#organization","name":"El digital de Asturias","description":"Revista de ocio, turismo y estilo de vida","url":"https:\/\/eldigitaldeasturias.com\/magazine365\/","logo":{"@type":"ImageObject","url":"https:\/\/www.eldigitaldeasturias.com\/noticias\/wp-content\/uploads\/2020\/12\/EDA.jpg","@id":"https:\/\/eldigitaldeasturias.com\/magazine365\/ryanair-pide-a-sus-viajeros-en-barajas-que-viajen-con-equipaje-de-mano-ante-la-huelga-de-handling\/#organizationLogo"},"image":{"@id":"https:\/\/eldigitaldeasturias.com\/magazine365\/ryanair-pide-a-sus-viajeros-en-barajas-que-viajen-con-equipaje-de-mano-ante-la-huelga-de-handling\/#organizationLogo"}},{"@type":"Person","@id":"https:\/\/eldigitaldeasturias.com\/magazine365\/author\/admin\/#author","url":"https:\/\/eldigitaldeasturias.com\/magazine365\/author\/admin\/","name":"admin","image":{"@type":"ImageObject","@id":"https:\/\/eldigitaldeasturias.com\/magazine365\/ryanair-pide-a-sus-viajeros-en-barajas-que-viajen-con-equipaje-de-mano-ante-la-huelga-de-handling\/#authorImage","url":"https:\/\/eldigitaldeasturias.com\/magazine365\/wp-content\/litespeed\/avatar\/e571bcf59a0edd6fa6838245a470f2fe.jpg?ver=1776969259","width":96,"height":96,"caption":"admin"}},{"@type":"WebPage","@id":"https:\/\/eldigitaldeasturias.com\/magazine365\/ryanair-pide-a-sus-viajeros-en-barajas-que-viajen-con-equipaje-de-mano-ante-la-huelga-de-handling\/#webpage","url":"https:\/\/eldigitaldeasturias.com\/magazine365\/ryanair-pide-a-sus-viajeros-en-barajas-que-viajen-con-equipaje-de-mano-ante-la-huelga-de-handling\/","name":"Ryanair pide a sus viajeros en Barajas que viajen con equipaje de mano ante la huelga de \u2018handling\u2019 | El Digital de Asturias","description":"Ryanair ha solicitado a aquellos pasajeros que viajen desde o hasta Madrid que lo hagan \u00fanicamente con equipaje de mano ante la huelga convocada por los operadores de 'handling' de la compa\u00f1\u00eda que le impide facturar, seg\u00fan confirmaron fuentes de la aerol\u00ednea a Europa Press. La compa\u00f1\u00eda ha enviado un correo electr\u00f3nico a sus clientes","inLanguage":"es-ES","isPartOf":{"@id":"https:\/\/eldigitaldeasturias.com\/magazine365\/#website"},"breadcrumb":{"@id":"https:\/\/eldigitaldeasturias.com\/magazine365\/ryanair-pide-a-sus-viajeros-en-barajas-que-viajen-con-equipaje-de-mano-ante-la-huelga-de-handling\/#breadcrumblist"},"author":{"@id":"https:\/\/eldigitaldeasturias.com\/magazine365\/author\/admin\/#author"},"creator":{"@id":"https:\/\/eldigitaldeasturias.com\/magazine365\/author\/admin\/#author"},"image":{"@type":"ImageObject","url":"https:\/\/eldigitaldeasturias.com\/magazine365\/wp-content\/uploads\/2015\/06\/aeropu.jpg","@id":"https:\/\/eldigitaldeasturias.com\/magazine365\/ryanair-pide-a-sus-viajeros-en-barajas-que-viajen-con-equipaje-de-mano-ante-la-huelga-de-handling\/#mainImage","width":800,"height":533},"primaryImageOfPage":{"@id":"https:\/\/eldigitaldeasturias.com\/magazine365\/ryanair-pide-a-sus-viajeros-en-barajas-que-viajen-con-equipaje-de-mano-ante-la-huelga-de-handling\/#mainImage"},"datePublished":"2015-06-13T02:25:42+02:00","dateModified":"2015-06-13T02:25:42+02:00"},{"@type":"WebSite","@id":"https:\/\/eldigitaldeasturias.com\/magazine365\/#website","url":"https:\/\/eldigitaldeasturias.com\/magazine365\/","name":"El Digital de Asturias","description":"Revista de ocio, turismo y estilo de vida","inLanguage":"es-ES","publisher":{"@id":"https:\/\/eldigitaldeasturias.com\/magazine365\/#organization"}}]},"og:locale":"es_ES","og:site_name":"El Digital de Asturias \u2013 Revista de ocio, turismo y estilo de vida","og:type":"article","og:title":"Ryanair pide a sus viajeros en Barajas que viajen con equipaje de mano ante la huelga de \u2018handling\u2019 | El Digital de Asturias","og:description":"Ryanair ha solicitado a aquellos pasajeros que viajen desde o hasta Madrid que lo hagan \u00fanicamente con equipaje de mano ante la huelga convocada por los operadores de 'handling' de la compa\u00f1\u00eda que le impide facturar, seg\u00fan confirmaron fuentes de la aerol\u00ednea a Europa Press. La compa\u00f1\u00eda ha enviado un correo electr\u00f3nico a sus clientes","og:url":"https:\/\/eldigitaldeasturias.com\/magazine365\/ryanair-pide-a-sus-viajeros-en-barajas-que-viajen-con-equipaje-de-mano-ante-la-huelga-de-handling\/","og:image":"https:\/\/eldigitaldeasturias.com\/magazine365\/wp-content\/uploads\/2015\/06\/aeropu.jpg","og:image:secure_url":"https:\/\/eldigitaldeasturias.com\/magazine365\/wp-content\/uploads\/2015\/06\/aeropu.jpg","og:image:width":800,"og:image:height":533,"article:published_time":"2015-06-13T00:55:42+00:00","article:modified_time":"2015-06-13T00:55:42+00:00","twitter:card":"summary_large_image","twitter:title":"Ryanair pide a sus viajeros en Barajas que viajen con equipaje de mano ante la huelga de \u2018handling\u2019 | El Digital de Asturias","twitter:description":"Ryanair ha solicitado a aquellos pasajeros que viajen desde o hasta Madrid que lo hagan \u00fanicamente con equipaje de mano ante la huelga convocada por los operadores de 'handling' de la compa\u00f1\u00eda que le impide facturar, seg\u00fan confirmaron fuentes de la aerol\u00ednea a Europa Press. La compa\u00f1\u00eda ha enviado un correo electr\u00f3nico a sus clientes","twitter:image":"https:\/\/eldigitaldeasturias.com\/magazine365\/wp-content\/uploads\/2015\/06\/aeropu.jpg"},"aioseo_meta_data":{"post_id":"39770","title":null,"description":null,"keywords":null,"keyphrases":null,"primary_term":null,"canonical_url":null,"og_title":null,"og_description":null,"og_object_type":"default","og_image_type":"default","og_image_url":null,"og_image_width":null,"og_image_height":null,"og_image_custom_url":null,"og_image_custom_fields":null,"og_video":null,"og_custom_url":null,"og_article_section":null,"og_article_tags":null,"twitter_use_og":false,"twitter_card":"default","twitter_image_type":"default","twitter_image_url":null,"twitter_image_custom_url":null,"twitter_image_custom_fields":null,"twitter_title":null,"twitter_description":null,"schema":{"blockGraphs":[],"customGraphs":[],"default":{"data":{"Article":[],"Course":[],"Dataset":[],"FAQPage":[],"Movie":[],"Person":[],"Product":[],"ProductReview":[],"Car":[],"Recipe":[],"Service":[],"SoftwareApplication":[],"WebPage":[]},"graphName":"","isEnabled":true},"graphs":[],"defaultGraph":"","defaultPostTypeGraph":""},"schema_type":null,"schema_type_options":null,"pillar_content":false,"robots_default":true,"robots_noindex":false,"robots_noarchive":false,"robots_nosnippet":false,"robots_nofollow":false,"robots_noimageindex":false,"robots_noodp":false,"robots_notranslate":false,"robots_max_snippet":null,"robots_max_videopreview":null,"robots_max_imagepreview":"large","priority":null,"frequency":null,"location":null,"local_seo":null,"seo_analyzer_scan_date":"2025-09-19 12:17:16","breadcrumb_settings":null,"limit_modified_date":false,"open_ai":null,"ai":null,"created":"2021-03-09 02:36:42","updated":"2025-09-19 12:17:16"},"aioseo_breadcrumb":"<div class=\"aioseo-breadcrumbs\"><span class=\"aioseo-breadcrumb\">\n\t<a href=\"https:\/\/eldigitaldeasturias.com\/magazine365\" title=\"Home\">Home<\/a>\n<\/span><span class=\"aioseo-breadcrumb-separator\">\u2013<\/span><span class=\"aioseo-breadcrumb\">\n\t<a href=\"https:\/\/eldigitaldeasturias.com\/magazine365\/category\/actualidad-turismo\/\" title=\"Actualidad Turismo\">Actualidad Turismo<\/a>\n<\/span><span class=\"aioseo-breadcrumb-separator\">\u2013<\/span><span class=\"aioseo-breadcrumb\">\n\t<a href=\"https:\/\/eldigitaldeasturias.com\/magazine365\/ryanair-pide-a-sus-viajeros-en-barajas-que-viajen-con-equipaje-de-mano-ante-la-huelga-de-handling\/\" title=\"Ryanair pide a sus viajeros en Barajas que viajen con equipaje de mano ante la huelga de \u2018handling\u2019\">Ryanair pide a sus viajeros en Barajas que viajen con equipaje de mano ante la huelga de \u2018handling\u2019<\/a>\n<\/span><\/div>","aioseo_breadcrumb_json":[{"label":"Home","link":"https:\/\/eldigitaldeasturias.com\/magazine365"},{"label":"Actualidad Turismo","link":"https:\/\/eldigitaldeasturias.com\/magazine365\/category\/actualidad-turismo\/"},{"label":"Ryanair pide a sus viajeros en Barajas que viajen con equipaje de mano ante la huelga de &#8216;handling&#8217;","link":"https:\/\/eldigitaldeasturias.com\/magazine365\/ryanair-pide-a-sus-viajeros-en-barajas-que-viajen-con-equipaje-de-mano-ante-la-huelga-de-handling\/"}],"_links":{"self":[{"href":"https:\/\/eldigitaldeasturias.com\/magazine365\/wp-json\/wp\/v2\/posts\/39770","targetHints":{"allow":["GET"]}}],"collection":[{"href":"https:\/\/eldigitaldeasturias.com\/magazine365\/wp-json\/wp\/v2\/posts"}],"about":[{"href":"https:\/\/eldigitaldeasturias.com\/magazine365\/wp-json\/wp\/v2\/types\/post"}],"author":[{"embeddable":true,"href":"https:\/\/eldigitaldeasturias.com\/magazine365\/wp-json\/wp\/v2\/users\/1"}],"replies":[{"embeddable":true,"href":"https:\/\/eldigitaldeasturias.com\/magazine365\/wp-json\/wp\/v2\/comments?post=39770"}],"version-history":[{"count":0,"href":"https:\/\/eldigitaldeasturias.com\/magazine365\/wp-json\/wp\/v2\/posts\/39770\/revisions"}],"wp:featuredmedia":[{"embeddable":true,"href":"https:\/\/eldigitaldeasturias.com\/magazine365\/wp-json\/wp\/v2\/media\/39724"}],"wp:attachment":[{"href":"https:\/\/eldigitaldeasturias.com\/magazine365\/wp-json\/wp\/v2\/media?parent=39770"}],"wp:term":[{"taxonomy":"category","embeddable":true,"href":"https:\/\/eldigitaldeasturias.com\/magazine365\/wp-json\/wp\/v2\/categories?post=39770"},{"taxonomy":"post_tag","embeddable":true,"href":"https:\/\/eldigitaldeasturias.com\/magazine365\/wp-json\/wp\/v2\/tags?post=39770"}],"curies":[{"name":"wp","href":"https:\/\/api.w.org\/{rel}","templated":true}]}}