{"id":39758,"date":"2015-06-13T02:17:28","date_gmt":"2015-06-13T00:47:28","guid":{"rendered":"http:\/\/eldigitaldeasturias.com\/magazine365\/?p=39758"},"modified":"2015-06-13T02:17:28","modified_gmt":"2015-06-13T00:47:28","slug":"andalucia-participa-del-14-al-17-de-junio-en-la-north-america-golf-usa","status":"publish","type":"post","link":"https:\/\/eldigitaldeasturias.com\/magazine365\/andalucia-participa-del-14-al-17-de-junio-en-la-north-america-golf-usa\/","title":{"rendered":"Andaluc\u00eda participa del 14 al 17 de junio en la North America Golf USA"},"content":{"rendered":"<p><img fetchpriority=\"high\" decoding=\"async\" class=\"alignleft size-medium wp-image-39759\" src=\"https:\/\/eldigitaldeasturias.com\/magazine365\/wp-content\/uploads\/2015\/06\/fotonoticia_20150612154257_800-360x278.jpg\" alt=\"fotonoticia_20150612154257_800\" width=\"360\" height=\"278\" srcset=\"https:\/\/eldigitaldeasturias.com\/magazine365\/wp-content\/uploads\/2015\/06\/fotonoticia_20150612154257_800-360x278.jpg 360w, https:\/\/eldigitaldeasturias.com\/magazine365\/wp-content\/uploads\/2015\/06\/fotonoticia_20150612154257_800-650x501.jpg 650w, https:\/\/eldigitaldeasturias.com\/magazine365\/wp-content\/uploads\/2015\/06\/fotonoticia_20150612154257_800-768x592.jpg 768w, https:\/\/eldigitaldeasturias.com\/magazine365\/wp-content\/uploads\/2015\/06\/fotonoticia_20150612154257_800-150x116.jpg 150w, https:\/\/eldigitaldeasturias.com\/magazine365\/wp-content\/uploads\/2015\/06\/fotonoticia_20150612154257_800-450x347.jpg 450w, https:\/\/eldigitaldeasturias.com\/magazine365\/wp-content\/uploads\/2015\/06\/fotonoticia_20150612154257_800-696x537.jpg 696w, https:\/\/eldigitaldeasturias.com\/magazine365\/wp-content\/uploads\/2015\/06\/fotonoticia_20150612154257_800-545x420.jpg 545w, https:\/\/eldigitaldeasturias.com\/magazine365\/wp-content\/uploads\/2015\/06\/fotonoticia_20150612154257_800.jpg 800w\" sizes=\"(max-width: 360px) 100vw, 360px\" \/>La Consejer\u00eda de Turismo y Comercio participa del 14 al 17 de junio en la North America Golf USA Convention, encuentro organizado por la Asociaci\u00f3n Internacional de Touroperadores de Golf (Iagto) y en el que se difundir\u00e1 la oferta de la que dispone Andaluc\u00eda para la pr\u00e1ctica de este deporte.<\/p>\n<p>En una nota, la Consejer\u00eda ha precisado que el evento, que se desarrollar\u00e1 en la ciudad californiana de Palm Springs, est\u00e1 considerada como \u00abla principal acci\u00f3n del segmento de golf que tiene lugar en Estados Unidos\u00bb, en la que Andaluc\u00eda mostrar\u00e1 sus atractivos en virtud del acuerdo establecido entre la Junta e Iagto.<\/p>\n<p>Durante estas jornadas se informar\u00e1 a cerca de un centenar de responsables de los principales operadores norteamericanos sobre los campos con los que cuenta la comunidad, as\u00ed como sobre la oferta complementaria que ha situado a Andaluc\u00eda como uno de los principales destinos internacionales del segmento.<\/p>\n<p>Iagto es la principal organizaci\u00f3n de esta tipolog\u00eda a nivel global. Fundada en 1997, cuenta en la actualidad con 2.238 miembros de 98 pa\u00edses, entre los que se incluyen 560 touroperadores especializados procedentes de 62 pa\u00edses, que se estima controlan la comercializaci\u00f3n de cerca del 85 por ciento de los paquetes vacacionales de golf del mundo.<\/p>\n<p>Precisamente, la asociaci\u00f3n celebr\u00f3 recientemente en la regi\u00f3n el Iagto Andaluc\u00eda Trophy 2015, encuentro que permiti\u00f3 superar el millar de contactos comerciales entre los 50 profesionales internacionales participantes en la iniciativa y los empresarios tur\u00edsticos andaluces.<\/p>\n<p>La Comunidad recibi\u00f3 en 2014 un total de 458.000 turistas con el golf como principal motivaci\u00f3n, lo que supone un incremento del 1,3 por ciento en relaci\u00f3n con el ejercicio previo y el mejor registro de los \u00faltimos a\u00f1os, con un crecimiento acumulado superior al siete por ciento desde 2010.<\/p>\n<p>El viajero de golf cuenta con un perfil de especial inter\u00e9s para la Comunidad, debido a su elevada estancia media, de 11,9 d\u00edas, tres por encima del turista general que visita Andaluc\u00eda; y su gasto diario, que en 2014 subi\u00f3 un 2,6 por ciento y alcanz\u00f3 los 88,43 euros, cerca de 30 euros m\u00e1s que la media.<\/p>\n","protected":false},"excerpt":{"rendered":"<p>La Consejer\u00eda de Turismo y Comercio participa del 14 al 17 de junio en la North America Golf USA Convention, encuentro organizado por la Asociaci\u00f3n Internacional de Touroperadores de Golf (Iagto) y en el que se difundir\u00e1 la oferta de la que dispone Andaluc\u00eda para la pr\u00e1ctica de este deporte. En una nota, la Consejer\u00eda<\/p>\n","protected":false},"author":1,"featured_media":39759,"comment_status":"open","ping_status":"closed","sticky":false,"template":"","format":"standard","meta":{"footnotes":""},"categories":[222],"tags":[],"class_list":{"0":"post-39758","1":"post","2":"type-post","3":"status-publish","4":"format-standard","5":"has-post-thumbnail","7":"category-actualidad-turismo"},"aioseo_notices":[],"aioseo_head":"\n\t\t<!-- All in One SEO Pro 4.9.6.1 - aioseo.com -->\n\t<meta name=\"description\" content=\"La Consejer\u00eda de Turismo y Comercio participa del 14 al 17 de junio en la North America Golf USA Convention, encuentro organizado por la Asociaci\u00f3n Internacional de Touroperadores de Golf (Iagto) y en el que se difundir\u00e1 la oferta de la que dispone Andaluc\u00eda para la pr\u00e1ctica de este deporte. En una nota, la Consejer\u00eda\" \/>\n\t<meta name=\"robots\" content=\"max-image-preview:large\" \/>\n\t<meta name=\"author\" content=\"admin\"\/>\n\t<meta name=\"google-site-verification\" content=\"UA-38556648-1\" \/>\n\t<meta name=\"keywords\" content=\"actualidad turismo\" \/>\n\t<link rel=\"canonical\" href=\"https:\/\/eldigitaldeasturias.com\/magazine365\/andalucia-participa-del-14-al-17-de-junio-en-la-north-america-golf-usa\/\" \/>\n\t<meta name=\"generator\" content=\"All in One SEO Pro (AIOSEO) 4.9.6.1\" \/>\n\t\t<meta property=\"og:locale\" content=\"es_ES\" \/>\n\t\t<meta property=\"og:site_name\" content=\"El Digital de Asturias \u2013 Revista de ocio, turismo y estilo de vida\" \/>\n\t\t<meta property=\"og:type\" content=\"article\" \/>\n\t\t<meta property=\"og:title\" content=\"Andaluc\u00eda participa del 14 al 17 de junio en la North America Golf USA | El Digital de Asturias\" \/>\n\t\t<meta property=\"og:description\" content=\"La Consejer\u00eda de Turismo y Comercio participa del 14 al 17 de junio en la North America Golf USA Convention, encuentro organizado por la Asociaci\u00f3n Internacional de Touroperadores de Golf (Iagto) y en el que se difundir\u00e1 la oferta de la que dispone Andaluc\u00eda para la pr\u00e1ctica de este deporte. En una nota, la Consejer\u00eda\" \/>\n\t\t<meta property=\"og:url\" content=\"https:\/\/eldigitaldeasturias.com\/magazine365\/andalucia-participa-del-14-al-17-de-junio-en-la-north-america-golf-usa\/\" \/>\n\t\t<meta property=\"og:image\" content=\"https:\/\/eldigitaldeasturias.com\/magazine365\/wp-content\/uploads\/2015\/06\/fotonoticia_20150612154257_800.jpg\" \/>\n\t\t<meta property=\"og:image:secure_url\" content=\"https:\/\/eldigitaldeasturias.com\/magazine365\/wp-content\/uploads\/2015\/06\/fotonoticia_20150612154257_800.jpg\" \/>\n\t\t<meta property=\"og:image:width\" content=\"800\" \/>\n\t\t<meta property=\"og:image:height\" content=\"617\" \/>\n\t\t<meta property=\"article:published_time\" content=\"2015-06-13T00:47:28+00:00\" \/>\n\t\t<meta property=\"article:modified_time\" content=\"2015-06-13T00:47:28+00:00\" \/>\n\t\t<meta name=\"twitter:card\" content=\"summary_large_image\" \/>\n\t\t<meta name=\"twitter:title\" content=\"Andaluc\u00eda participa del 14 al 17 de junio en la North America Golf USA | El Digital de Asturias\" \/>\n\t\t<meta name=\"twitter:description\" content=\"La Consejer\u00eda de Turismo y Comercio participa del 14 al 17 de junio en la North America Golf USA Convention, encuentro organizado por la Asociaci\u00f3n Internacional de Touroperadores de Golf (Iagto) y en el que se difundir\u00e1 la oferta de la que dispone Andaluc\u00eda para la pr\u00e1ctica de este deporte. En una nota, la Consejer\u00eda\" \/>\n\t\t<meta name=\"twitter:image\" content=\"https:\/\/eldigitaldeasturias.com\/magazine365\/wp-content\/uploads\/2015\/06\/fotonoticia_20150612154257_800.jpg\" \/>\n\t\t<script type=\"application\/ld+json\" class=\"aioseo-schema\">\n\t\t\t{\"@context\":\"https:\\\/\\\/schema.org\",\"@graph\":[{\"@type\":\"Article\",\"@id\":\"https:\\\/\\\/eldigitaldeasturias.com\\\/magazine365\\\/andalucia-participa-del-14-al-17-de-junio-en-la-north-america-golf-usa\\\/#article\",\"name\":\"Andaluc\\u00eda participa del 14 al 17 de junio en la North America Golf USA | El Digital de Asturias\",\"headline\":\"Andaluc\\u00eda participa del 14 al 17 de junio en la North America Golf USA\",\"author\":{\"@id\":\"https:\\\/\\\/eldigitaldeasturias.com\\\/magazine365\\\/author\\\/admin\\\/#author\"},\"publisher\":{\"@id\":\"https:\\\/\\\/eldigitaldeasturias.com\\\/magazine365\\\/#organization\"},\"image\":{\"@type\":\"ImageObject\",\"url\":\"https:\\\/\\\/eldigitaldeasturias.com\\\/magazine365\\\/wp-content\\\/uploads\\\/2015\\\/06\\\/fotonoticia_20150612154257_800.jpg\",\"width\":800,\"height\":617},\"datePublished\":\"2015-06-13T02:17:28+02:00\",\"dateModified\":\"2015-06-13T02:17:28+02:00\",\"inLanguage\":\"es-ES\",\"mainEntityOfPage\":{\"@id\":\"https:\\\/\\\/eldigitaldeasturias.com\\\/magazine365\\\/andalucia-participa-del-14-al-17-de-junio-en-la-north-america-golf-usa\\\/#webpage\"},\"isPartOf\":{\"@id\":\"https:\\\/\\\/eldigitaldeasturias.com\\\/magazine365\\\/andalucia-participa-del-14-al-17-de-junio-en-la-north-america-golf-usa\\\/#webpage\"},\"articleSection\":\"Actualidad Turismo\"},{\"@type\":\"BreadcrumbList\",\"@id\":\"https:\\\/\\\/eldigitaldeasturias.com\\\/magazine365\\\/andalucia-participa-del-14-al-17-de-junio-en-la-north-america-golf-usa\\\/#breadcrumblist\",\"itemListElement\":[{\"@type\":\"ListItem\",\"@id\":\"https:\\\/\\\/eldigitaldeasturias.com\\\/magazine365#listItem\",\"position\":1,\"name\":\"Home\",\"item\":\"https:\\\/\\\/eldigitaldeasturias.com\\\/magazine365\",\"nextItem\":{\"@type\":\"ListItem\",\"@id\":\"https:\\\/\\\/eldigitaldeasturias.com\\\/magazine365\\\/category\\\/actualidad-turismo\\\/#listItem\",\"name\":\"Actualidad Turismo\"}},{\"@type\":\"ListItem\",\"@id\":\"https:\\\/\\\/eldigitaldeasturias.com\\\/magazine365\\\/category\\\/actualidad-turismo\\\/#listItem\",\"position\":2,\"name\":\"Actualidad Turismo\",\"item\":\"https:\\\/\\\/eldigitaldeasturias.com\\\/magazine365\\\/category\\\/actualidad-turismo\\\/\",\"nextItem\":{\"@type\":\"ListItem\",\"@id\":\"https:\\\/\\\/eldigitaldeasturias.com\\\/magazine365\\\/andalucia-participa-del-14-al-17-de-junio-en-la-north-america-golf-usa\\\/#listItem\",\"name\":\"Andaluc\\u00eda participa del 14 al 17 de junio en la North America Golf USA\"},\"previousItem\":{\"@type\":\"ListItem\",\"@id\":\"https:\\\/\\\/eldigitaldeasturias.com\\\/magazine365#listItem\",\"name\":\"Home\"}},{\"@type\":\"ListItem\",\"@id\":\"https:\\\/\\\/eldigitaldeasturias.com\\\/magazine365\\\/andalucia-participa-del-14-al-17-de-junio-en-la-north-america-golf-usa\\\/#listItem\",\"position\":3,\"name\":\"Andaluc\\u00eda participa del 14 al 17 de junio en la North America Golf USA\",\"previousItem\":{\"@type\":\"ListItem\",\"@id\":\"https:\\\/\\\/eldigitaldeasturias.com\\\/magazine365\\\/category\\\/actualidad-turismo\\\/#listItem\",\"name\":\"Actualidad Turismo\"}}]},{\"@type\":\"Organization\",\"@id\":\"https:\\\/\\\/eldigitaldeasturias.com\\\/magazine365\\\/#organization\",\"name\":\"El digital de Asturias\",\"description\":\"Revista de ocio, turismo y estilo de vida\",\"url\":\"https:\\\/\\\/eldigitaldeasturias.com\\\/magazine365\\\/\",\"logo\":{\"@type\":\"ImageObject\",\"url\":\"https:\\\/\\\/www.eldigitaldeasturias.com\\\/noticias\\\/wp-content\\\/uploads\\\/2020\\\/12\\\/EDA.jpg\",\"@id\":\"https:\\\/\\\/eldigitaldeasturias.com\\\/magazine365\\\/andalucia-participa-del-14-al-17-de-junio-en-la-north-america-golf-usa\\\/#organizationLogo\"},\"image\":{\"@id\":\"https:\\\/\\\/eldigitaldeasturias.com\\\/magazine365\\\/andalucia-participa-del-14-al-17-de-junio-en-la-north-america-golf-usa\\\/#organizationLogo\"}},{\"@type\":\"Person\",\"@id\":\"https:\\\/\\\/eldigitaldeasturias.com\\\/magazine365\\\/author\\\/admin\\\/#author\",\"url\":\"https:\\\/\\\/eldigitaldeasturias.com\\\/magazine365\\\/author\\\/admin\\\/\",\"name\":\"admin\",\"image\":{\"@type\":\"ImageObject\",\"@id\":\"https:\\\/\\\/eldigitaldeasturias.com\\\/magazine365\\\/andalucia-participa-del-14-al-17-de-junio-en-la-north-america-golf-usa\\\/#authorImage\",\"url\":\"https:\\\/\\\/eldigitaldeasturias.com\\\/magazine365\\\/wp-content\\\/litespeed\\\/avatar\\\/e571bcf59a0edd6fa6838245a470f2fe.jpg?ver=1776969259\",\"width\":96,\"height\":96,\"caption\":\"admin\"}},{\"@type\":\"WebPage\",\"@id\":\"https:\\\/\\\/eldigitaldeasturias.com\\\/magazine365\\\/andalucia-participa-del-14-al-17-de-junio-en-la-north-america-golf-usa\\\/#webpage\",\"url\":\"https:\\\/\\\/eldigitaldeasturias.com\\\/magazine365\\\/andalucia-participa-del-14-al-17-de-junio-en-la-north-america-golf-usa\\\/\",\"name\":\"Andaluc\\u00eda participa del 14 al 17 de junio en la North America Golf USA | El Digital de Asturias\",\"description\":\"La Consejer\\u00eda de Turismo y Comercio participa del 14 al 17 de junio en la North America Golf USA Convention, encuentro organizado por la Asociaci\\u00f3n Internacional de Touroperadores de Golf (Iagto) y en el que se difundir\\u00e1 la oferta de la que dispone Andaluc\\u00eda para la pr\\u00e1ctica de este deporte. En una nota, la Consejer\\u00eda\",\"inLanguage\":\"es-ES\",\"isPartOf\":{\"@id\":\"https:\\\/\\\/eldigitaldeasturias.com\\\/magazine365\\\/#website\"},\"breadcrumb\":{\"@id\":\"https:\\\/\\\/eldigitaldeasturias.com\\\/magazine365\\\/andalucia-participa-del-14-al-17-de-junio-en-la-north-america-golf-usa\\\/#breadcrumblist\"},\"author\":{\"@id\":\"https:\\\/\\\/eldigitaldeasturias.com\\\/magazine365\\\/author\\\/admin\\\/#author\"},\"creator\":{\"@id\":\"https:\\\/\\\/eldigitaldeasturias.com\\\/magazine365\\\/author\\\/admin\\\/#author\"},\"image\":{\"@type\":\"ImageObject\",\"url\":\"https:\\\/\\\/eldigitaldeasturias.com\\\/magazine365\\\/wp-content\\\/uploads\\\/2015\\\/06\\\/fotonoticia_20150612154257_800.jpg\",\"@id\":\"https:\\\/\\\/eldigitaldeasturias.com\\\/magazine365\\\/andalucia-participa-del-14-al-17-de-junio-en-la-north-america-golf-usa\\\/#mainImage\",\"width\":800,\"height\":617},\"primaryImageOfPage\":{\"@id\":\"https:\\\/\\\/eldigitaldeasturias.com\\\/magazine365\\\/andalucia-participa-del-14-al-17-de-junio-en-la-north-america-golf-usa\\\/#mainImage\"},\"datePublished\":\"2015-06-13T02:17:28+02:00\",\"dateModified\":\"2015-06-13T02:17:28+02:00\"},{\"@type\":\"WebSite\",\"@id\":\"https:\\\/\\\/eldigitaldeasturias.com\\\/magazine365\\\/#website\",\"url\":\"https:\\\/\\\/eldigitaldeasturias.com\\\/magazine365\\\/\",\"name\":\"El Digital de Asturias\",\"description\":\"Revista de ocio, turismo y estilo de vida\",\"inLanguage\":\"es-ES\",\"publisher\":{\"@id\":\"https:\\\/\\\/eldigitaldeasturias.com\\\/magazine365\\\/#organization\"}}]}\n\t\t<\/script>\n\t\t<!-- All in One SEO Pro -->\r\n\t\t<title>Andaluc\u00eda participa del 14 al 17 de junio en la North America Golf USA | El Digital de Asturias<\/title>\n\n","aioseo_head_json":{"title":"Andaluc\u00eda participa del 14 al 17 de junio en la North America Golf USA | El Digital de Asturias","description":"La Consejer\u00eda de Turismo y Comercio participa del 14 al 17 de junio en la North America Golf USA Convention, encuentro organizado por la Asociaci\u00f3n Internacional de Touroperadores de Golf (Iagto) y en el que se difundir\u00e1 la oferta de la que dispone Andaluc\u00eda para la pr\u00e1ctica de este deporte. En una nota, la Consejer\u00eda","canonical_url":"https:\/\/eldigitaldeasturias.com\/magazine365\/andalucia-participa-del-14-al-17-de-junio-en-la-north-america-golf-usa\/","robots":"max-image-preview:large","keywords":"actualidad turismo","webmasterTools":{"google-site-verification":"UA-38556648-1","miscellaneous":""},"schema":{"@context":"https:\/\/schema.org","@graph":[{"@type":"Article","@id":"https:\/\/eldigitaldeasturias.com\/magazine365\/andalucia-participa-del-14-al-17-de-junio-en-la-north-america-golf-usa\/#article","name":"Andaluc\u00eda participa del 14 al 17 de junio en la North America Golf USA | El Digital de Asturias","headline":"Andaluc\u00eda participa del 14 al 17 de junio en la North America Golf USA","author":{"@id":"https:\/\/eldigitaldeasturias.com\/magazine365\/author\/admin\/#author"},"publisher":{"@id":"https:\/\/eldigitaldeasturias.com\/magazine365\/#organization"},"image":{"@type":"ImageObject","url":"https:\/\/eldigitaldeasturias.com\/magazine365\/wp-content\/uploads\/2015\/06\/fotonoticia_20150612154257_800.jpg","width":800,"height":617},"datePublished":"2015-06-13T02:17:28+02:00","dateModified":"2015-06-13T02:17:28+02:00","inLanguage":"es-ES","mainEntityOfPage":{"@id":"https:\/\/eldigitaldeasturias.com\/magazine365\/andalucia-participa-del-14-al-17-de-junio-en-la-north-america-golf-usa\/#webpage"},"isPartOf":{"@id":"https:\/\/eldigitaldeasturias.com\/magazine365\/andalucia-participa-del-14-al-17-de-junio-en-la-north-america-golf-usa\/#webpage"},"articleSection":"Actualidad Turismo"},{"@type":"BreadcrumbList","@id":"https:\/\/eldigitaldeasturias.com\/magazine365\/andalucia-participa-del-14-al-17-de-junio-en-la-north-america-golf-usa\/#breadcrumblist","itemListElement":[{"@type":"ListItem","@id":"https:\/\/eldigitaldeasturias.com\/magazine365#listItem","position":1,"name":"Home","item":"https:\/\/eldigitaldeasturias.com\/magazine365","nextItem":{"@type":"ListItem","@id":"https:\/\/eldigitaldeasturias.com\/magazine365\/category\/actualidad-turismo\/#listItem","name":"Actualidad Turismo"}},{"@type":"ListItem","@id":"https:\/\/eldigitaldeasturias.com\/magazine365\/category\/actualidad-turismo\/#listItem","position":2,"name":"Actualidad Turismo","item":"https:\/\/eldigitaldeasturias.com\/magazine365\/category\/actualidad-turismo\/","nextItem":{"@type":"ListItem","@id":"https:\/\/eldigitaldeasturias.com\/magazine365\/andalucia-participa-del-14-al-17-de-junio-en-la-north-america-golf-usa\/#listItem","name":"Andaluc\u00eda participa del 14 al 17 de junio en la North America Golf USA"},"previousItem":{"@type":"ListItem","@id":"https:\/\/eldigitaldeasturias.com\/magazine365#listItem","name":"Home"}},{"@type":"ListItem","@id":"https:\/\/eldigitaldeasturias.com\/magazine365\/andalucia-participa-del-14-al-17-de-junio-en-la-north-america-golf-usa\/#listItem","position":3,"name":"Andaluc\u00eda participa del 14 al 17 de junio en la North America Golf USA","previousItem":{"@type":"ListItem","@id":"https:\/\/eldigitaldeasturias.com\/magazine365\/category\/actualidad-turismo\/#listItem","name":"Actualidad Turismo"}}]},{"@type":"Organization","@id":"https:\/\/eldigitaldeasturias.com\/magazine365\/#organization","name":"El digital de Asturias","description":"Revista de ocio, turismo y estilo de vida","url":"https:\/\/eldigitaldeasturias.com\/magazine365\/","logo":{"@type":"ImageObject","url":"https:\/\/www.eldigitaldeasturias.com\/noticias\/wp-content\/uploads\/2020\/12\/EDA.jpg","@id":"https:\/\/eldigitaldeasturias.com\/magazine365\/andalucia-participa-del-14-al-17-de-junio-en-la-north-america-golf-usa\/#organizationLogo"},"image":{"@id":"https:\/\/eldigitaldeasturias.com\/magazine365\/andalucia-participa-del-14-al-17-de-junio-en-la-north-america-golf-usa\/#organizationLogo"}},{"@type":"Person","@id":"https:\/\/eldigitaldeasturias.com\/magazine365\/author\/admin\/#author","url":"https:\/\/eldigitaldeasturias.com\/magazine365\/author\/admin\/","name":"admin","image":{"@type":"ImageObject","@id":"https:\/\/eldigitaldeasturias.com\/magazine365\/andalucia-participa-del-14-al-17-de-junio-en-la-north-america-golf-usa\/#authorImage","url":"https:\/\/eldigitaldeasturias.com\/magazine365\/wp-content\/litespeed\/avatar\/e571bcf59a0edd6fa6838245a470f2fe.jpg?ver=1776969259","width":96,"height":96,"caption":"admin"}},{"@type":"WebPage","@id":"https:\/\/eldigitaldeasturias.com\/magazine365\/andalucia-participa-del-14-al-17-de-junio-en-la-north-america-golf-usa\/#webpage","url":"https:\/\/eldigitaldeasturias.com\/magazine365\/andalucia-participa-del-14-al-17-de-junio-en-la-north-america-golf-usa\/","name":"Andaluc\u00eda participa del 14 al 17 de junio en la North America Golf USA | El Digital de Asturias","description":"La Consejer\u00eda de Turismo y Comercio participa del 14 al 17 de junio en la North America Golf USA Convention, encuentro organizado por la Asociaci\u00f3n Internacional de Touroperadores de Golf (Iagto) y en el que se difundir\u00e1 la oferta de la que dispone Andaluc\u00eda para la pr\u00e1ctica de este deporte. En una nota, la Consejer\u00eda","inLanguage":"es-ES","isPartOf":{"@id":"https:\/\/eldigitaldeasturias.com\/magazine365\/#website"},"breadcrumb":{"@id":"https:\/\/eldigitaldeasturias.com\/magazine365\/andalucia-participa-del-14-al-17-de-junio-en-la-north-america-golf-usa\/#breadcrumblist"},"author":{"@id":"https:\/\/eldigitaldeasturias.com\/magazine365\/author\/admin\/#author"},"creator":{"@id":"https:\/\/eldigitaldeasturias.com\/magazine365\/author\/admin\/#author"},"image":{"@type":"ImageObject","url":"https:\/\/eldigitaldeasturias.com\/magazine365\/wp-content\/uploads\/2015\/06\/fotonoticia_20150612154257_800.jpg","@id":"https:\/\/eldigitaldeasturias.com\/magazine365\/andalucia-participa-del-14-al-17-de-junio-en-la-north-america-golf-usa\/#mainImage","width":800,"height":617},"primaryImageOfPage":{"@id":"https:\/\/eldigitaldeasturias.com\/magazine365\/andalucia-participa-del-14-al-17-de-junio-en-la-north-america-golf-usa\/#mainImage"},"datePublished":"2015-06-13T02:17:28+02:00","dateModified":"2015-06-13T02:17:28+02:00"},{"@type":"WebSite","@id":"https:\/\/eldigitaldeasturias.com\/magazine365\/#website","url":"https:\/\/eldigitaldeasturias.com\/magazine365\/","name":"El Digital de Asturias","description":"Revista de ocio, turismo y estilo de vida","inLanguage":"es-ES","publisher":{"@id":"https:\/\/eldigitaldeasturias.com\/magazine365\/#organization"}}]},"og:locale":"es_ES","og:site_name":"El Digital de Asturias \u2013 Revista de ocio, turismo y estilo de vida","og:type":"article","og:title":"Andaluc\u00eda participa del 14 al 17 de junio en la North America Golf USA | El Digital de Asturias","og:description":"La Consejer\u00eda de Turismo y Comercio participa del 14 al 17 de junio en la North America Golf USA Convention, encuentro organizado por la Asociaci\u00f3n Internacional de Touroperadores de Golf (Iagto) y en el que se difundir\u00e1 la oferta de la que dispone Andaluc\u00eda para la pr\u00e1ctica de este deporte. En una nota, la Consejer\u00eda","og:url":"https:\/\/eldigitaldeasturias.com\/magazine365\/andalucia-participa-del-14-al-17-de-junio-en-la-north-america-golf-usa\/","og:image":"https:\/\/eldigitaldeasturias.com\/magazine365\/wp-content\/uploads\/2015\/06\/fotonoticia_20150612154257_800.jpg","og:image:secure_url":"https:\/\/eldigitaldeasturias.com\/magazine365\/wp-content\/uploads\/2015\/06\/fotonoticia_20150612154257_800.jpg","og:image:width":800,"og:image:height":617,"article:published_time":"2015-06-13T00:47:28+00:00","article:modified_time":"2015-06-13T00:47:28+00:00","twitter:card":"summary_large_image","twitter:title":"Andaluc\u00eda participa del 14 al 17 de junio en la North America Golf USA | El Digital de Asturias","twitter:description":"La Consejer\u00eda de Turismo y Comercio participa del 14 al 17 de junio en la North America Golf USA Convention, encuentro organizado por la Asociaci\u00f3n Internacional de Touroperadores de Golf (Iagto) y en el que se difundir\u00e1 la oferta de la que dispone Andaluc\u00eda para la pr\u00e1ctica de este deporte. En una nota, la Consejer\u00eda","twitter:image":"https:\/\/eldigitaldeasturias.com\/magazine365\/wp-content\/uploads\/2015\/06\/fotonoticia_20150612154257_800.jpg"},"aioseo_meta_data":{"post_id":"39758","title":null,"description":null,"keywords":null,"keyphrases":null,"primary_term":null,"canonical_url":null,"og_title":null,"og_description":null,"og_object_type":"default","og_image_type":"default","og_image_url":null,"og_image_width":null,"og_image_height":null,"og_image_custom_url":null,"og_image_custom_fields":null,"og_video":null,"og_custom_url":null,"og_article_section":null,"og_article_tags":null,"twitter_use_og":false,"twitter_card":"default","twitter_image_type":"default","twitter_image_url":null,"twitter_image_custom_url":null,"twitter_image_custom_fields":null,"twitter_title":null,"twitter_description":null,"schema":{"blockGraphs":[],"customGraphs":[],"default":{"data":{"Article":[],"Course":[],"Dataset":[],"FAQPage":[],"Movie":[],"Person":[],"Product":[],"ProductReview":[],"Car":[],"Recipe":[],"Service":[],"SoftwareApplication":[],"WebPage":[]},"graphName":"","isEnabled":true},"graphs":[],"defaultGraph":"","defaultPostTypeGraph":""},"schema_type":null,"schema_type_options":null,"pillar_content":false,"robots_default":true,"robots_noindex":false,"robots_noarchive":false,"robots_nosnippet":false,"robots_nofollow":false,"robots_noimageindex":false,"robots_noodp":false,"robots_notranslate":false,"robots_max_snippet":null,"robots_max_videopreview":null,"robots_max_imagepreview":"large","priority":null,"frequency":null,"location":null,"local_seo":null,"seo_analyzer_scan_date":"2025-09-19 12:15:28","breadcrumb_settings":null,"limit_modified_date":false,"open_ai":null,"ai":null,"created":"2021-03-09 02:37:42","updated":"2025-09-19 12:15:28"},"aioseo_breadcrumb":"<div class=\"aioseo-breadcrumbs\"><span class=\"aioseo-breadcrumb\">\n\t<a href=\"https:\/\/eldigitaldeasturias.com\/magazine365\" title=\"Home\">Home<\/a>\n<\/span><span class=\"aioseo-breadcrumb-separator\">\u2013<\/span><span class=\"aioseo-breadcrumb\">\n\t<a href=\"https:\/\/eldigitaldeasturias.com\/magazine365\/category\/actualidad-turismo\/\" title=\"Actualidad Turismo\">Actualidad Turismo<\/a>\n<\/span><span class=\"aioseo-breadcrumb-separator\">\u2013<\/span><span class=\"aioseo-breadcrumb\">\n\t<a href=\"https:\/\/eldigitaldeasturias.com\/magazine365\/andalucia-participa-del-14-al-17-de-junio-en-la-north-america-golf-usa\/\" title=\"Andaluc\u00eda participa del 14 al 17 de junio en la North America Golf USA\">Andaluc\u00eda participa del 14 al 17 de junio en la North America Golf USA<\/a>\n<\/span><\/div>","aioseo_breadcrumb_json":[{"label":"Home","link":"https:\/\/eldigitaldeasturias.com\/magazine365"},{"label":"Actualidad Turismo","link":"https:\/\/eldigitaldeasturias.com\/magazine365\/category\/actualidad-turismo\/"},{"label":"Andaluc\u00eda participa del 14 al 17 de junio en la North America Golf USA","link":"https:\/\/eldigitaldeasturias.com\/magazine365\/andalucia-participa-del-14-al-17-de-junio-en-la-north-america-golf-usa\/"}],"_links":{"self":[{"href":"https:\/\/eldigitaldeasturias.com\/magazine365\/wp-json\/wp\/v2\/posts\/39758","targetHints":{"allow":["GET"]}}],"collection":[{"href":"https:\/\/eldigitaldeasturias.com\/magazine365\/wp-json\/wp\/v2\/posts"}],"about":[{"href":"https:\/\/eldigitaldeasturias.com\/magazine365\/wp-json\/wp\/v2\/types\/post"}],"author":[{"embeddable":true,"href":"https:\/\/eldigitaldeasturias.com\/magazine365\/wp-json\/wp\/v2\/users\/1"}],"replies":[{"embeddable":true,"href":"https:\/\/eldigitaldeasturias.com\/magazine365\/wp-json\/wp\/v2\/comments?post=39758"}],"version-history":[{"count":0,"href":"https:\/\/eldigitaldeasturias.com\/magazine365\/wp-json\/wp\/v2\/posts\/39758\/revisions"}],"wp:featuredmedia":[{"embeddable":true,"href":"https:\/\/eldigitaldeasturias.com\/magazine365\/wp-json\/wp\/v2\/media\/39759"}],"wp:attachment":[{"href":"https:\/\/eldigitaldeasturias.com\/magazine365\/wp-json\/wp\/v2\/media?parent=39758"}],"wp:term":[{"taxonomy":"category","embeddable":true,"href":"https:\/\/eldigitaldeasturias.com\/magazine365\/wp-json\/wp\/v2\/categories?post=39758"},{"taxonomy":"post_tag","embeddable":true,"href":"https:\/\/eldigitaldeasturias.com\/magazine365\/wp-json\/wp\/v2\/tags?post=39758"}],"curies":[{"name":"wp","href":"https:\/\/api.w.org\/{rel}","templated":true}]}}