{"id":39752,"date":"2015-06-13T02:13:31","date_gmt":"2015-06-13T00:43:31","guid":{"rendered":"http:\/\/eldigitaldeasturias.com\/magazine365\/?p=39752"},"modified":"2015-06-13T02:13:31","modified_gmt":"2015-06-13T00:43:31","slug":"el-gobierno-aprueba-el-anteproyecto-de-ley-que-regulara-la-proteccion-social-en-el-sector-maritimo","status":"publish","type":"post","link":"https:\/\/eldigitaldeasturias.com\/magazine365\/el-gobierno-aprueba-el-anteproyecto-de-ley-que-regulara-la-proteccion-social-en-el-sector-maritimo\/","title":{"rendered":"El Gobierno aprueba el anteproyecto de ley que regular\u00e1 la protecci\u00f3n social en el sector mar\u00edtimo"},"content":{"rendered":"<p><img fetchpriority=\"high\" decoding=\"async\" class=\"alignleft size-medium wp-image-39753\" src=\"https:\/\/eldigitaldeasturias.com\/magazine365\/wp-content\/uploads\/2015\/06\/fotonoticia_20150612153818_800-360x230.jpg\" alt=\"fotonoticia_20150612153818_800\" width=\"360\" height=\"230\" srcset=\"https:\/\/eldigitaldeasturias.com\/magazine365\/wp-content\/uploads\/2015\/06\/fotonoticia_20150612153818_800-360x230.jpg 360w, https:\/\/eldigitaldeasturias.com\/magazine365\/wp-content\/uploads\/2015\/06\/fotonoticia_20150612153818_800-650x416.jpg 650w, https:\/\/eldigitaldeasturias.com\/magazine365\/wp-content\/uploads\/2015\/06\/fotonoticia_20150612153818_800-768x492.jpg 768w, https:\/\/eldigitaldeasturias.com\/magazine365\/wp-content\/uploads\/2015\/06\/fotonoticia_20150612153818_800-150x96.jpg 150w, https:\/\/eldigitaldeasturias.com\/magazine365\/wp-content\/uploads\/2015\/06\/fotonoticia_20150612153818_800-450x288.jpg 450w, https:\/\/eldigitaldeasturias.com\/magazine365\/wp-content\/uploads\/2015\/06\/fotonoticia_20150612153818_800-696x445.jpg 696w, https:\/\/eldigitaldeasturias.com\/magazine365\/wp-content\/uploads\/2015\/06\/fotonoticia_20150612153818_800-656x420.jpg 656w, https:\/\/eldigitaldeasturias.com\/magazine365\/wp-content\/uploads\/2015\/06\/fotonoticia_20150612153818_800-225x145.jpg 225w, https:\/\/eldigitaldeasturias.com\/magazine365\/wp-content\/uploads\/2015\/06\/fotonoticia_20150612153818_800-84x55.jpg 84w, https:\/\/eldigitaldeasturias.com\/magazine365\/wp-content\/uploads\/2015\/06\/fotonoticia_20150612153818_800.jpg 800w\" sizes=\"(max-width: 360px) 100vw, 360px\" \/>El Gobierno ha aprobado este viernes en el Consejo de Ministros el informe sobre el anteproyecto de ley reguladora de la protecci\u00f3n social de los trabajadores del sector mar\u00edtimo-pesquero.<\/p>\n<p>En concreto, se trata de una norma \u00abque regula de forma completa la protecci\u00f3n social de los trabajadores del mar\u00bb y que se recoge en un \u00ab\u00fanico texto\u00bb, seg\u00fan ha explicado en rueda de prensa la vicepresidenta del Gobierno, Soraya S\u00e1enz de Santamar\u00eda.<\/p>\n<p>S\u00e1enz de Santamar\u00eda ha se\u00f1alado que entre las novedades destaca la \u00abincorporaci\u00f3n de trabajadores al R\u00e9gimen Especial de la Seguridad Social del Mar, tanto aut\u00f3nomos como asalariados, que durante a\u00f1os han reivindicado su encuadramiento en este r\u00e9gimen\u00bb.<\/p>\n<p>La norma pretende una simplificaci\u00f3n en cuanto a la regulaci\u00f3n del R\u00e9gimen del Mar, ya que recoge solamente las especificidades del mismo en materia de cotizaci\u00f3n y coeficientes reductores de la edad de jubilaci\u00f3n. En todo lo dem\u00e1s, el texto remite a la normativa general de la Seguridad Social, con lo que se evitan duplicidades en la regulaci\u00f3n.<\/p>\n<p>De esta forma, la regulaci\u00f3n incluye la prestaci\u00f3n de asistencia sanitaria y actividades formativas a los trabajadores del sector. En 2014, la salud del medio mar\u00edtimo, que incluye una amplia cartera de servicios y actividades de prevenci\u00f3n, contabiliz\u00f3 54.313 reconocimientos m\u00e9dicos, 75.378 pruebas m\u00e9dicas complementarias, y la revisi\u00f3n de 7.726 revisiones botiquines.<\/p>\n<p>Por otra parte, se define a los beneficiarios de las prestaciones que gestiona el Instituto Social de la Marina (ISM) independientemente del r\u00e9gimen en que se hallen encuadrados.<\/p>\n<p>AUT\u00d3NOMOS Y ASALARIADOS.<\/p>\n<p>En concreto, la futura ley estructura el R\u00e9gimen Especial de Trabajadores del Mar en dos grandes grupos: aut\u00f3nomos y asalariados, y termina con modalidades ficticias de encuadramiento como la de los armadores embarcados.<\/p>\n<p>Por primera vez una norma con rango legal definir\u00e1 a los beneficiarios de la protecci\u00f3n social espec\u00edfica que lleva a cabo el ISM, trabajadores del sector que no est\u00e1n encuadrados en el R\u00e9gimen Especial de la Seguridad Social de los Trabajadores del Mar.<\/p>\n<p>Mientras que se clarifica el concepto de estibador portuario de acuerdo con la definici\u00f3n realizada en la Ley de Puertos del Estado y de la Marina Mercante.<\/p>\n<p>El anteproyecto da cumplimiento a reivindicaciones del sector en relaci\u00f3n con los colectivos integrados en el R\u00e9gimen Especial, que se configura con dos grandes colectivos: los trabajadores por cuenta ajena y los trabajadores por cuenta propia.<\/p>\n<p>De esta forma, se incorporan al colectivo de trabajadores por cuenta ajena del R\u00e9gimen Especial de la Seguridad Social del Mar el personal que presta sus servicios en plataformas fijas, se incluyen las plataformas petrol\u00edferas, de gas o similares, los trabajadores dedicados a la acuicultura, los buceadores, tanto a los extractores de recursos marinos como a los profesionales con exclusi\u00f3n de los recreativos, los rederos, los estibadores portuarios, y los pr\u00e1cticos de Puerto.<\/p>\n<p>En el texto tambi\u00e9n se recogen las incorporaciones de aut\u00f3nomos al R\u00e9gimen Especial del Mar, donde figuran el aut\u00f3nomo de Marina Mercante o de embarcaciones deportivas y de recreo o de tr\u00e1fico interior de puerto, adem\u00e1s aquellos que realizan actividades relacionadas con la pesca, se trata de una de las m\u00e1s constantes petici\u00f3n del sector, el aut\u00f3nomo de pesca mar\u00edtima en cualquiera de sus modalidades, se regula expresamente el concepto de acuicultura y buceadores.<\/p>\n","protected":false},"excerpt":{"rendered":"<p>El Gobierno ha aprobado este viernes en el Consejo de Ministros el informe sobre el anteproyecto de ley reguladora de la protecci\u00f3n social de los trabajadores del sector mar\u00edtimo-pesquero. En concreto, se trata de una norma \u00abque regula de forma completa la protecci\u00f3n social de los trabajadores del mar\u00bb y que se recoge en un<\/p>\n","protected":false},"author":1,"featured_media":39753,"comment_status":"open","ping_status":"closed","sticky":false,"template":"","format":"standard","meta":{"footnotes":""},"categories":[222],"tags":[],"class_list":{"0":"post-39752","1":"post","2":"type-post","3":"status-publish","4":"format-standard","5":"has-post-thumbnail","7":"category-actualidad-turismo"},"aioseo_notices":[],"aioseo_head":"\n\t\t<!-- All in One SEO Pro 4.9.6.1 - aioseo.com -->\n\t<meta name=\"description\" content=\"El Gobierno ha aprobado este viernes en el Consejo de Ministros el informe sobre el anteproyecto de ley reguladora de la protecci\u00f3n social de los trabajadores del sector mar\u00edtimo-pesquero. En concreto, se trata de una norma &quot;que regula de forma completa la protecci\u00f3n social de los trabajadores del mar&quot; y que se recoge en un\" \/>\n\t<meta name=\"robots\" content=\"max-image-preview:large\" \/>\n\t<meta name=\"author\" content=\"admin\"\/>\n\t<meta name=\"google-site-verification\" content=\"UA-38556648-1\" \/>\n\t<meta name=\"keywords\" content=\"actualidad turismo\" \/>\n\t<link rel=\"canonical\" href=\"https:\/\/eldigitaldeasturias.com\/magazine365\/el-gobierno-aprueba-el-anteproyecto-de-ley-que-regulara-la-proteccion-social-en-el-sector-maritimo\/\" \/>\n\t<meta name=\"generator\" content=\"All in One SEO Pro (AIOSEO) 4.9.6.1\" \/>\n\t\t<meta property=\"og:locale\" content=\"es_ES\" \/>\n\t\t<meta property=\"og:site_name\" content=\"El Digital de Asturias \u2013 Revista de ocio, turismo y estilo de vida\" \/>\n\t\t<meta property=\"og:type\" content=\"article\" \/>\n\t\t<meta property=\"og:title\" content=\"El Gobierno aprueba el anteproyecto de ley que regular\u00e1 la protecci\u00f3n social en el sector mar\u00edtimo | El Digital de Asturias\" \/>\n\t\t<meta property=\"og:description\" content=\"El Gobierno ha aprobado este viernes en el Consejo de Ministros el informe sobre el anteproyecto de ley reguladora de la protecci\u00f3n social de los trabajadores del sector mar\u00edtimo-pesquero. En concreto, se trata de una norma &quot;que regula de forma completa la protecci\u00f3n social de los trabajadores del mar&quot; y que se recoge en un\" \/>\n\t\t<meta property=\"og:url\" content=\"https:\/\/eldigitaldeasturias.com\/magazine365\/el-gobierno-aprueba-el-anteproyecto-de-ley-que-regulara-la-proteccion-social-en-el-sector-maritimo\/\" \/>\n\t\t<meta property=\"og:image\" content=\"https:\/\/eldigitaldeasturias.com\/magazine365\/wp-content\/uploads\/2015\/06\/fotonoticia_20150612153818_800.jpg\" \/>\n\t\t<meta property=\"og:image:secure_url\" content=\"https:\/\/eldigitaldeasturias.com\/magazine365\/wp-content\/uploads\/2015\/06\/fotonoticia_20150612153818_800.jpg\" \/>\n\t\t<meta property=\"og:image:width\" content=\"800\" \/>\n\t\t<meta property=\"og:image:height\" content=\"512\" \/>\n\t\t<meta property=\"article:published_time\" content=\"2015-06-13T00:43:31+00:00\" \/>\n\t\t<meta property=\"article:modified_time\" content=\"2015-06-13T00:43:31+00:00\" \/>\n\t\t<meta name=\"twitter:card\" content=\"summary_large_image\" \/>\n\t\t<meta name=\"twitter:title\" content=\"El Gobierno aprueba el anteproyecto de ley que regular\u00e1 la protecci\u00f3n social en el sector mar\u00edtimo | El Digital de Asturias\" \/>\n\t\t<meta name=\"twitter:description\" content=\"El Gobierno ha aprobado este viernes en el Consejo de Ministros el informe sobre el anteproyecto de ley reguladora de la protecci\u00f3n social de los trabajadores del sector mar\u00edtimo-pesquero. En concreto, se trata de una norma &quot;que regula de forma completa la protecci\u00f3n social de los trabajadores del mar&quot; y que se recoge en un\" \/>\n\t\t<meta name=\"twitter:image\" content=\"https:\/\/eldigitaldeasturias.com\/magazine365\/wp-content\/uploads\/2015\/06\/fotonoticia_20150612153818_800.jpg\" \/>\n\t\t<script type=\"application\/ld+json\" class=\"aioseo-schema\">\n\t\t\t{\"@context\":\"https:\\\/\\\/schema.org\",\"@graph\":[{\"@type\":\"Article\",\"@id\":\"https:\\\/\\\/eldigitaldeasturias.com\\\/magazine365\\\/el-gobierno-aprueba-el-anteproyecto-de-ley-que-regulara-la-proteccion-social-en-el-sector-maritimo\\\/#article\",\"name\":\"El Gobierno aprueba el anteproyecto de ley que regular\\u00e1 la protecci\\u00f3n social en el sector mar\\u00edtimo | El Digital de Asturias\",\"headline\":\"El Gobierno aprueba el anteproyecto de ley que regular\\u00e1 la protecci\\u00f3n social en el sector mar\\u00edtimo\",\"author\":{\"@id\":\"https:\\\/\\\/eldigitaldeasturias.com\\\/magazine365\\\/author\\\/admin\\\/#author\"},\"publisher\":{\"@id\":\"https:\\\/\\\/eldigitaldeasturias.com\\\/magazine365\\\/#organization\"},\"image\":{\"@type\":\"ImageObject\",\"url\":\"https:\\\/\\\/eldigitaldeasturias.com\\\/magazine365\\\/wp-content\\\/uploads\\\/2015\\\/06\\\/fotonoticia_20150612153818_800.jpg\",\"width\":800,\"height\":512},\"datePublished\":\"2015-06-13T02:13:31+02:00\",\"dateModified\":\"2015-06-13T02:13:31+02:00\",\"inLanguage\":\"es-ES\",\"mainEntityOfPage\":{\"@id\":\"https:\\\/\\\/eldigitaldeasturias.com\\\/magazine365\\\/el-gobierno-aprueba-el-anteproyecto-de-ley-que-regulara-la-proteccion-social-en-el-sector-maritimo\\\/#webpage\"},\"isPartOf\":{\"@id\":\"https:\\\/\\\/eldigitaldeasturias.com\\\/magazine365\\\/el-gobierno-aprueba-el-anteproyecto-de-ley-que-regulara-la-proteccion-social-en-el-sector-maritimo\\\/#webpage\"},\"articleSection\":\"Actualidad Turismo\"},{\"@type\":\"BreadcrumbList\",\"@id\":\"https:\\\/\\\/eldigitaldeasturias.com\\\/magazine365\\\/el-gobierno-aprueba-el-anteproyecto-de-ley-que-regulara-la-proteccion-social-en-el-sector-maritimo\\\/#breadcrumblist\",\"itemListElement\":[{\"@type\":\"ListItem\",\"@id\":\"https:\\\/\\\/eldigitaldeasturias.com\\\/magazine365#listItem\",\"position\":1,\"name\":\"Home\",\"item\":\"https:\\\/\\\/eldigitaldeasturias.com\\\/magazine365\",\"nextItem\":{\"@type\":\"ListItem\",\"@id\":\"https:\\\/\\\/eldigitaldeasturias.com\\\/magazine365\\\/category\\\/actualidad-turismo\\\/#listItem\",\"name\":\"Actualidad Turismo\"}},{\"@type\":\"ListItem\",\"@id\":\"https:\\\/\\\/eldigitaldeasturias.com\\\/magazine365\\\/category\\\/actualidad-turismo\\\/#listItem\",\"position\":2,\"name\":\"Actualidad Turismo\",\"item\":\"https:\\\/\\\/eldigitaldeasturias.com\\\/magazine365\\\/category\\\/actualidad-turismo\\\/\",\"nextItem\":{\"@type\":\"ListItem\",\"@id\":\"https:\\\/\\\/eldigitaldeasturias.com\\\/magazine365\\\/el-gobierno-aprueba-el-anteproyecto-de-ley-que-regulara-la-proteccion-social-en-el-sector-maritimo\\\/#listItem\",\"name\":\"El Gobierno aprueba el anteproyecto de ley que regular\\u00e1 la protecci\\u00f3n social en el sector mar\\u00edtimo\"},\"previousItem\":{\"@type\":\"ListItem\",\"@id\":\"https:\\\/\\\/eldigitaldeasturias.com\\\/magazine365#listItem\",\"name\":\"Home\"}},{\"@type\":\"ListItem\",\"@id\":\"https:\\\/\\\/eldigitaldeasturias.com\\\/magazine365\\\/el-gobierno-aprueba-el-anteproyecto-de-ley-que-regulara-la-proteccion-social-en-el-sector-maritimo\\\/#listItem\",\"position\":3,\"name\":\"El Gobierno aprueba el anteproyecto de ley que regular\\u00e1 la protecci\\u00f3n social en el sector mar\\u00edtimo\",\"previousItem\":{\"@type\":\"ListItem\",\"@id\":\"https:\\\/\\\/eldigitaldeasturias.com\\\/magazine365\\\/category\\\/actualidad-turismo\\\/#listItem\",\"name\":\"Actualidad Turismo\"}}]},{\"@type\":\"Organization\",\"@id\":\"https:\\\/\\\/eldigitaldeasturias.com\\\/magazine365\\\/#organization\",\"name\":\"El digital de Asturias\",\"description\":\"Revista de ocio, turismo y estilo de vida\",\"url\":\"https:\\\/\\\/eldigitaldeasturias.com\\\/magazine365\\\/\",\"logo\":{\"@type\":\"ImageObject\",\"url\":\"https:\\\/\\\/www.eldigitaldeasturias.com\\\/noticias\\\/wp-content\\\/uploads\\\/2020\\\/12\\\/EDA.jpg\",\"@id\":\"https:\\\/\\\/eldigitaldeasturias.com\\\/magazine365\\\/el-gobierno-aprueba-el-anteproyecto-de-ley-que-regulara-la-proteccion-social-en-el-sector-maritimo\\\/#organizationLogo\"},\"image\":{\"@id\":\"https:\\\/\\\/eldigitaldeasturias.com\\\/magazine365\\\/el-gobierno-aprueba-el-anteproyecto-de-ley-que-regulara-la-proteccion-social-en-el-sector-maritimo\\\/#organizationLogo\"}},{\"@type\":\"Person\",\"@id\":\"https:\\\/\\\/eldigitaldeasturias.com\\\/magazine365\\\/author\\\/admin\\\/#author\",\"url\":\"https:\\\/\\\/eldigitaldeasturias.com\\\/magazine365\\\/author\\\/admin\\\/\",\"name\":\"admin\",\"image\":{\"@type\":\"ImageObject\",\"@id\":\"https:\\\/\\\/eldigitaldeasturias.com\\\/magazine365\\\/el-gobierno-aprueba-el-anteproyecto-de-ley-que-regulara-la-proteccion-social-en-el-sector-maritimo\\\/#authorImage\",\"url\":\"https:\\\/\\\/eldigitaldeasturias.com\\\/magazine365\\\/wp-content\\\/litespeed\\\/avatar\\\/e571bcf59a0edd6fa6838245a470f2fe.jpg?ver=1776969259\",\"width\":96,\"height\":96,\"caption\":\"admin\"}},{\"@type\":\"WebPage\",\"@id\":\"https:\\\/\\\/eldigitaldeasturias.com\\\/magazine365\\\/el-gobierno-aprueba-el-anteproyecto-de-ley-que-regulara-la-proteccion-social-en-el-sector-maritimo\\\/#webpage\",\"url\":\"https:\\\/\\\/eldigitaldeasturias.com\\\/magazine365\\\/el-gobierno-aprueba-el-anteproyecto-de-ley-que-regulara-la-proteccion-social-en-el-sector-maritimo\\\/\",\"name\":\"El Gobierno aprueba el anteproyecto de ley que regular\\u00e1 la protecci\\u00f3n social en el sector mar\\u00edtimo | El Digital de Asturias\",\"description\":\"El Gobierno ha aprobado este viernes en el Consejo de Ministros el informe sobre el anteproyecto de ley reguladora de la protecci\\u00f3n social de los trabajadores del sector mar\\u00edtimo-pesquero. En concreto, se trata de una norma \\\"que regula de forma completa la protecci\\u00f3n social de los trabajadores del mar\\\" y que se recoge en un\",\"inLanguage\":\"es-ES\",\"isPartOf\":{\"@id\":\"https:\\\/\\\/eldigitaldeasturias.com\\\/magazine365\\\/#website\"},\"breadcrumb\":{\"@id\":\"https:\\\/\\\/eldigitaldeasturias.com\\\/magazine365\\\/el-gobierno-aprueba-el-anteproyecto-de-ley-que-regulara-la-proteccion-social-en-el-sector-maritimo\\\/#breadcrumblist\"},\"author\":{\"@id\":\"https:\\\/\\\/eldigitaldeasturias.com\\\/magazine365\\\/author\\\/admin\\\/#author\"},\"creator\":{\"@id\":\"https:\\\/\\\/eldigitaldeasturias.com\\\/magazine365\\\/author\\\/admin\\\/#author\"},\"image\":{\"@type\":\"ImageObject\",\"url\":\"https:\\\/\\\/eldigitaldeasturias.com\\\/magazine365\\\/wp-content\\\/uploads\\\/2015\\\/06\\\/fotonoticia_20150612153818_800.jpg\",\"@id\":\"https:\\\/\\\/eldigitaldeasturias.com\\\/magazine365\\\/el-gobierno-aprueba-el-anteproyecto-de-ley-que-regulara-la-proteccion-social-en-el-sector-maritimo\\\/#mainImage\",\"width\":800,\"height\":512},\"primaryImageOfPage\":{\"@id\":\"https:\\\/\\\/eldigitaldeasturias.com\\\/magazine365\\\/el-gobierno-aprueba-el-anteproyecto-de-ley-que-regulara-la-proteccion-social-en-el-sector-maritimo\\\/#mainImage\"},\"datePublished\":\"2015-06-13T02:13:31+02:00\",\"dateModified\":\"2015-06-13T02:13:31+02:00\"},{\"@type\":\"WebSite\",\"@id\":\"https:\\\/\\\/eldigitaldeasturias.com\\\/magazine365\\\/#website\",\"url\":\"https:\\\/\\\/eldigitaldeasturias.com\\\/magazine365\\\/\",\"name\":\"El Digital de Asturias\",\"description\":\"Revista de ocio, turismo y estilo de vida\",\"inLanguage\":\"es-ES\",\"publisher\":{\"@id\":\"https:\\\/\\\/eldigitaldeasturias.com\\\/magazine365\\\/#organization\"}}]}\n\t\t<\/script>\n\t\t<!-- All in One SEO Pro -->\r\n\t\t<title>El Gobierno aprueba el anteproyecto de ley que regular\u00e1 la protecci\u00f3n social en el sector mar\u00edtimo | El Digital de Asturias<\/title>\n\n","aioseo_head_json":{"title":"El Gobierno aprueba el anteproyecto de ley que regular\u00e1 la protecci\u00f3n social en el sector mar\u00edtimo | El Digital de Asturias","description":"El Gobierno ha aprobado este viernes en el Consejo de Ministros el informe sobre el anteproyecto de ley reguladora de la protecci\u00f3n social de los trabajadores del sector mar\u00edtimo-pesquero. En concreto, se trata de una norma \"que regula de forma completa la protecci\u00f3n social de los trabajadores del mar\" y que se recoge en un","canonical_url":"https:\/\/eldigitaldeasturias.com\/magazine365\/el-gobierno-aprueba-el-anteproyecto-de-ley-que-regulara-la-proteccion-social-en-el-sector-maritimo\/","robots":"max-image-preview:large","keywords":"actualidad turismo","webmasterTools":{"google-site-verification":"UA-38556648-1","miscellaneous":""},"schema":{"@context":"https:\/\/schema.org","@graph":[{"@type":"Article","@id":"https:\/\/eldigitaldeasturias.com\/magazine365\/el-gobierno-aprueba-el-anteproyecto-de-ley-que-regulara-la-proteccion-social-en-el-sector-maritimo\/#article","name":"El Gobierno aprueba el anteproyecto de ley que regular\u00e1 la protecci\u00f3n social en el sector mar\u00edtimo | El Digital de Asturias","headline":"El Gobierno aprueba el anteproyecto de ley que regular\u00e1 la protecci\u00f3n social en el sector mar\u00edtimo","author":{"@id":"https:\/\/eldigitaldeasturias.com\/magazine365\/author\/admin\/#author"},"publisher":{"@id":"https:\/\/eldigitaldeasturias.com\/magazine365\/#organization"},"image":{"@type":"ImageObject","url":"https:\/\/eldigitaldeasturias.com\/magazine365\/wp-content\/uploads\/2015\/06\/fotonoticia_20150612153818_800.jpg","width":800,"height":512},"datePublished":"2015-06-13T02:13:31+02:00","dateModified":"2015-06-13T02:13:31+02:00","inLanguage":"es-ES","mainEntityOfPage":{"@id":"https:\/\/eldigitaldeasturias.com\/magazine365\/el-gobierno-aprueba-el-anteproyecto-de-ley-que-regulara-la-proteccion-social-en-el-sector-maritimo\/#webpage"},"isPartOf":{"@id":"https:\/\/eldigitaldeasturias.com\/magazine365\/el-gobierno-aprueba-el-anteproyecto-de-ley-que-regulara-la-proteccion-social-en-el-sector-maritimo\/#webpage"},"articleSection":"Actualidad Turismo"},{"@type":"BreadcrumbList","@id":"https:\/\/eldigitaldeasturias.com\/magazine365\/el-gobierno-aprueba-el-anteproyecto-de-ley-que-regulara-la-proteccion-social-en-el-sector-maritimo\/#breadcrumblist","itemListElement":[{"@type":"ListItem","@id":"https:\/\/eldigitaldeasturias.com\/magazine365#listItem","position":1,"name":"Home","item":"https:\/\/eldigitaldeasturias.com\/magazine365","nextItem":{"@type":"ListItem","@id":"https:\/\/eldigitaldeasturias.com\/magazine365\/category\/actualidad-turismo\/#listItem","name":"Actualidad Turismo"}},{"@type":"ListItem","@id":"https:\/\/eldigitaldeasturias.com\/magazine365\/category\/actualidad-turismo\/#listItem","position":2,"name":"Actualidad Turismo","item":"https:\/\/eldigitaldeasturias.com\/magazine365\/category\/actualidad-turismo\/","nextItem":{"@type":"ListItem","@id":"https:\/\/eldigitaldeasturias.com\/magazine365\/el-gobierno-aprueba-el-anteproyecto-de-ley-que-regulara-la-proteccion-social-en-el-sector-maritimo\/#listItem","name":"El Gobierno aprueba el anteproyecto de ley que regular\u00e1 la protecci\u00f3n social en el sector mar\u00edtimo"},"previousItem":{"@type":"ListItem","@id":"https:\/\/eldigitaldeasturias.com\/magazine365#listItem","name":"Home"}},{"@type":"ListItem","@id":"https:\/\/eldigitaldeasturias.com\/magazine365\/el-gobierno-aprueba-el-anteproyecto-de-ley-que-regulara-la-proteccion-social-en-el-sector-maritimo\/#listItem","position":3,"name":"El Gobierno aprueba el anteproyecto de ley que regular\u00e1 la protecci\u00f3n social en el sector mar\u00edtimo","previousItem":{"@type":"ListItem","@id":"https:\/\/eldigitaldeasturias.com\/magazine365\/category\/actualidad-turismo\/#listItem","name":"Actualidad Turismo"}}]},{"@type":"Organization","@id":"https:\/\/eldigitaldeasturias.com\/magazine365\/#organization","name":"El digital de Asturias","description":"Revista de ocio, turismo y estilo de vida","url":"https:\/\/eldigitaldeasturias.com\/magazine365\/","logo":{"@type":"ImageObject","url":"https:\/\/www.eldigitaldeasturias.com\/noticias\/wp-content\/uploads\/2020\/12\/EDA.jpg","@id":"https:\/\/eldigitaldeasturias.com\/magazine365\/el-gobierno-aprueba-el-anteproyecto-de-ley-que-regulara-la-proteccion-social-en-el-sector-maritimo\/#organizationLogo"},"image":{"@id":"https:\/\/eldigitaldeasturias.com\/magazine365\/el-gobierno-aprueba-el-anteproyecto-de-ley-que-regulara-la-proteccion-social-en-el-sector-maritimo\/#organizationLogo"}},{"@type":"Person","@id":"https:\/\/eldigitaldeasturias.com\/magazine365\/author\/admin\/#author","url":"https:\/\/eldigitaldeasturias.com\/magazine365\/author\/admin\/","name":"admin","image":{"@type":"ImageObject","@id":"https:\/\/eldigitaldeasturias.com\/magazine365\/el-gobierno-aprueba-el-anteproyecto-de-ley-que-regulara-la-proteccion-social-en-el-sector-maritimo\/#authorImage","url":"https:\/\/eldigitaldeasturias.com\/magazine365\/wp-content\/litespeed\/avatar\/e571bcf59a0edd6fa6838245a470f2fe.jpg?ver=1776969259","width":96,"height":96,"caption":"admin"}},{"@type":"WebPage","@id":"https:\/\/eldigitaldeasturias.com\/magazine365\/el-gobierno-aprueba-el-anteproyecto-de-ley-que-regulara-la-proteccion-social-en-el-sector-maritimo\/#webpage","url":"https:\/\/eldigitaldeasturias.com\/magazine365\/el-gobierno-aprueba-el-anteproyecto-de-ley-que-regulara-la-proteccion-social-en-el-sector-maritimo\/","name":"El Gobierno aprueba el anteproyecto de ley que regular\u00e1 la protecci\u00f3n social en el sector mar\u00edtimo | El Digital de Asturias","description":"El Gobierno ha aprobado este viernes en el Consejo de Ministros el informe sobre el anteproyecto de ley reguladora de la protecci\u00f3n social de los trabajadores del sector mar\u00edtimo-pesquero. En concreto, se trata de una norma \"que regula de forma completa la protecci\u00f3n social de los trabajadores del mar\" y que se recoge en un","inLanguage":"es-ES","isPartOf":{"@id":"https:\/\/eldigitaldeasturias.com\/magazine365\/#website"},"breadcrumb":{"@id":"https:\/\/eldigitaldeasturias.com\/magazine365\/el-gobierno-aprueba-el-anteproyecto-de-ley-que-regulara-la-proteccion-social-en-el-sector-maritimo\/#breadcrumblist"},"author":{"@id":"https:\/\/eldigitaldeasturias.com\/magazine365\/author\/admin\/#author"},"creator":{"@id":"https:\/\/eldigitaldeasturias.com\/magazine365\/author\/admin\/#author"},"image":{"@type":"ImageObject","url":"https:\/\/eldigitaldeasturias.com\/magazine365\/wp-content\/uploads\/2015\/06\/fotonoticia_20150612153818_800.jpg","@id":"https:\/\/eldigitaldeasturias.com\/magazine365\/el-gobierno-aprueba-el-anteproyecto-de-ley-que-regulara-la-proteccion-social-en-el-sector-maritimo\/#mainImage","width":800,"height":512},"primaryImageOfPage":{"@id":"https:\/\/eldigitaldeasturias.com\/magazine365\/el-gobierno-aprueba-el-anteproyecto-de-ley-que-regulara-la-proteccion-social-en-el-sector-maritimo\/#mainImage"},"datePublished":"2015-06-13T02:13:31+02:00","dateModified":"2015-06-13T02:13:31+02:00"},{"@type":"WebSite","@id":"https:\/\/eldigitaldeasturias.com\/magazine365\/#website","url":"https:\/\/eldigitaldeasturias.com\/magazine365\/","name":"El Digital de Asturias","description":"Revista de ocio, turismo y estilo de vida","inLanguage":"es-ES","publisher":{"@id":"https:\/\/eldigitaldeasturias.com\/magazine365\/#organization"}}]},"og:locale":"es_ES","og:site_name":"El Digital de Asturias \u2013 Revista de ocio, turismo y estilo de vida","og:type":"article","og:title":"El Gobierno aprueba el anteproyecto de ley que regular\u00e1 la protecci\u00f3n social en el sector mar\u00edtimo | El Digital de Asturias","og:description":"El Gobierno ha aprobado este viernes en el Consejo de Ministros el informe sobre el anteproyecto de ley reguladora de la protecci\u00f3n social de los trabajadores del sector mar\u00edtimo-pesquero. En concreto, se trata de una norma &quot;que regula de forma completa la protecci\u00f3n social de los trabajadores del mar&quot; y que se recoge en un","og:url":"https:\/\/eldigitaldeasturias.com\/magazine365\/el-gobierno-aprueba-el-anteproyecto-de-ley-que-regulara-la-proteccion-social-en-el-sector-maritimo\/","og:image":"https:\/\/eldigitaldeasturias.com\/magazine365\/wp-content\/uploads\/2015\/06\/fotonoticia_20150612153818_800.jpg","og:image:secure_url":"https:\/\/eldigitaldeasturias.com\/magazine365\/wp-content\/uploads\/2015\/06\/fotonoticia_20150612153818_800.jpg","og:image:width":800,"og:image:height":512,"article:published_time":"2015-06-13T00:43:31+00:00","article:modified_time":"2015-06-13T00:43:31+00:00","twitter:card":"summary_large_image","twitter:title":"El Gobierno aprueba el anteproyecto de ley que regular\u00e1 la protecci\u00f3n social en el sector mar\u00edtimo | El Digital de Asturias","twitter:description":"El Gobierno ha aprobado este viernes en el Consejo de Ministros el informe sobre el anteproyecto de ley reguladora de la protecci\u00f3n social de los trabajadores del sector mar\u00edtimo-pesquero. En concreto, se trata de una norma &quot;que regula de forma completa la protecci\u00f3n social de los trabajadores del mar&quot; y que se recoge en un","twitter:image":"https:\/\/eldigitaldeasturias.com\/magazine365\/wp-content\/uploads\/2015\/06\/fotonoticia_20150612153818_800.jpg"},"aioseo_meta_data":{"post_id":"39752","title":null,"description":null,"keywords":null,"keyphrases":null,"primary_term":null,"canonical_url":null,"og_title":null,"og_description":null,"og_object_type":"default","og_image_type":"default","og_image_url":null,"og_image_width":null,"og_image_height":null,"og_image_custom_url":null,"og_image_custom_fields":null,"og_video":null,"og_custom_url":null,"og_article_section":null,"og_article_tags":null,"twitter_use_og":false,"twitter_card":"default","twitter_image_type":"default","twitter_image_url":null,"twitter_image_custom_url":null,"twitter_image_custom_fields":null,"twitter_title":null,"twitter_description":null,"schema":{"blockGraphs":[],"customGraphs":[],"default":{"data":{"Article":[],"Course":[],"Dataset":[],"FAQPage":[],"Movie":[],"Person":[],"Product":[],"ProductReview":[],"Car":[],"Recipe":[],"Service":[],"SoftwareApplication":[],"WebPage":[]},"graphName":"","isEnabled":true},"graphs":[]},"schema_type":null,"schema_type_options":null,"pillar_content":false,"robots_default":true,"robots_noindex":false,"robots_noarchive":false,"robots_nosnippet":false,"robots_nofollow":false,"robots_noimageindex":false,"robots_noodp":false,"robots_notranslate":false,"robots_max_snippet":null,"robots_max_videopreview":null,"robots_max_imagepreview":"large","priority":null,"frequency":null,"location":null,"local_seo":null,"seo_analyzer_scan_date":"2025-09-19 12:15:25","breadcrumb_settings":null,"limit_modified_date":false,"open_ai":null,"ai":null,"created":"2021-03-09 02:37:42","updated":"2025-09-19 12:15:25"},"aioseo_breadcrumb":"<div class=\"aioseo-breadcrumbs\"><span class=\"aioseo-breadcrumb\">\n\t<a href=\"https:\/\/eldigitaldeasturias.com\/magazine365\" title=\"Home\">Home<\/a>\n<\/span><span class=\"aioseo-breadcrumb-separator\">\u2013<\/span><span class=\"aioseo-breadcrumb\">\n\t<a href=\"https:\/\/eldigitaldeasturias.com\/magazine365\/category\/actualidad-turismo\/\" title=\"Actualidad Turismo\">Actualidad Turismo<\/a>\n<\/span><span class=\"aioseo-breadcrumb-separator\">\u2013<\/span><span class=\"aioseo-breadcrumb\">\n\t<a href=\"https:\/\/eldigitaldeasturias.com\/magazine365\/el-gobierno-aprueba-el-anteproyecto-de-ley-que-regulara-la-proteccion-social-en-el-sector-maritimo\/\" title=\"El Gobierno aprueba el anteproyecto de ley que regular\u00e1 la protecci\u00f3n social en el sector mar\u00edtimo\">El Gobierno aprueba el anteproyecto de ley que regular\u00e1 la protecci\u00f3n social en el sector mar\u00edtimo<\/a>\n<\/span><\/div>","aioseo_breadcrumb_json":[{"label":"Home","link":"https:\/\/eldigitaldeasturias.com\/magazine365"},{"label":"Actualidad Turismo","link":"https:\/\/eldigitaldeasturias.com\/magazine365\/category\/actualidad-turismo\/"},{"label":"El Gobierno aprueba el anteproyecto de ley que regular\u00e1 la protecci\u00f3n social en el sector mar\u00edtimo","link":"https:\/\/eldigitaldeasturias.com\/magazine365\/el-gobierno-aprueba-el-anteproyecto-de-ley-que-regulara-la-proteccion-social-en-el-sector-maritimo\/"}],"_links":{"self":[{"href":"https:\/\/eldigitaldeasturias.com\/magazine365\/wp-json\/wp\/v2\/posts\/39752","targetHints":{"allow":["GET"]}}],"collection":[{"href":"https:\/\/eldigitaldeasturias.com\/magazine365\/wp-json\/wp\/v2\/posts"}],"about":[{"href":"https:\/\/eldigitaldeasturias.com\/magazine365\/wp-json\/wp\/v2\/types\/post"}],"author":[{"embeddable":true,"href":"https:\/\/eldigitaldeasturias.com\/magazine365\/wp-json\/wp\/v2\/users\/1"}],"replies":[{"embeddable":true,"href":"https:\/\/eldigitaldeasturias.com\/magazine365\/wp-json\/wp\/v2\/comments?post=39752"}],"version-history":[{"count":0,"href":"https:\/\/eldigitaldeasturias.com\/magazine365\/wp-json\/wp\/v2\/posts\/39752\/revisions"}],"wp:featuredmedia":[{"embeddable":true,"href":"https:\/\/eldigitaldeasturias.com\/magazine365\/wp-json\/wp\/v2\/media\/39753"}],"wp:attachment":[{"href":"https:\/\/eldigitaldeasturias.com\/magazine365\/wp-json\/wp\/v2\/media?parent=39752"}],"wp:term":[{"taxonomy":"category","embeddable":true,"href":"https:\/\/eldigitaldeasturias.com\/magazine365\/wp-json\/wp\/v2\/categories?post=39752"},{"taxonomy":"post_tag","embeddable":true,"href":"https:\/\/eldigitaldeasturias.com\/magazine365\/wp-json\/wp\/v2\/tags?post=39752"}],"curies":[{"name":"wp","href":"https:\/\/api.w.org\/{rel}","templated":true}]}}