{"id":39741,"date":"2015-06-13T02:06:01","date_gmt":"2015-06-13T00:36:01","guid":{"rendered":"http:\/\/eldigitaldeasturias.com\/magazine365\/?p=39741"},"modified":"2015-06-13T02:06:01","modified_gmt":"2015-06-13T00:36:01","slug":"antonio-catalan-empresario-del-ano-en-los-iii-premios-credito-y-caucion","status":"publish","type":"post","link":"https:\/\/eldigitaldeasturias.com\/magazine365\/antonio-catalan-empresario-del-ano-en-los-iii-premios-credito-y-caucion\/","title":{"rendered":"Antonio Catal\u00e1n, empresario del a\u00f1o en los III Premios Cr\u00e9dito y Cauci\u00f3n"},"content":{"rendered":"<p><img fetchpriority=\"high\" decoding=\"async\" class=\"alignleft size-medium wp-image-39742\" src=\"https:\/\/eldigitaldeasturias.com\/magazine365\/wp-content\/uploads\/2015\/06\/fotonoticia_20150612143516_800-360x294.jpg\" alt=\"fotonoticia_20150612143516_800\" width=\"360\" height=\"294\" srcset=\"https:\/\/eldigitaldeasturias.com\/magazine365\/wp-content\/uploads\/2015\/06\/fotonoticia_20150612143516_800-360x294.jpg 360w, https:\/\/eldigitaldeasturias.com\/magazine365\/wp-content\/uploads\/2015\/06\/fotonoticia_20150612143516_800-650x531.jpg 650w, https:\/\/eldigitaldeasturias.com\/magazine365\/wp-content\/uploads\/2015\/06\/fotonoticia_20150612143516_800-768x628.jpg 768w, https:\/\/eldigitaldeasturias.com\/magazine365\/wp-content\/uploads\/2015\/06\/fotonoticia_20150612143516_800-150x123.jpg 150w, https:\/\/eldigitaldeasturias.com\/magazine365\/wp-content\/uploads\/2015\/06\/fotonoticia_20150612143516_800-450x368.jpg 450w, https:\/\/eldigitaldeasturias.com\/magazine365\/wp-content\/uploads\/2015\/06\/fotonoticia_20150612143516_800-696x569.jpg 696w, https:\/\/eldigitaldeasturias.com\/magazine365\/wp-content\/uploads\/2015\/06\/fotonoticia_20150612143516_800-514x420.jpg 514w, https:\/\/eldigitaldeasturias.com\/magazine365\/wp-content\/uploads\/2015\/06\/fotonoticia_20150612143516_800.jpg 800w\" sizes=\"(max-width: 360px) 100vw, 360px\" \/>El fundador y presidente de AC Hotels by Marriott, Antonio Catal\u00e1n, recogi\u00f3 el galard\u00f3n al Empresario del A\u00f1o durante la III Edici\u00f3n de los Premios Cr\u00e9dito y Cauci\u00f3n a la Internacionalizaci\u00f3n.<\/p>\n<p>Presididos por el Alto Comisionado del Gobierno para la Marca Espa\u00f1a, Carlos Espinosa de los Monteros, estos reconocimientos distinguen \u00aba cinco empresas espa\u00f1olas que han sabido competir en los mercados exteriores, marcadas por la innovaci\u00f3n y la diversificaci\u00f3n\u00bb.<\/p>\n<p>\u00abNuestra estrategia est\u00e1 basada en la expansi\u00f3n internacional. AC Hotels by Marriott ya se ha convertido en una marca global. Hemos tenido una excelente aceptaci\u00f3n en relaci\u00f3n al producto y concepto del hotel y un impresionante ritmo de expansi\u00f3n con el que se confirma el gran potencial de nuestra cadena en mercados tan exigentes y competitivos como el norteamericano\u00bb, dijo Antonio Catal\u00e1n.<\/p>\n<p>UNA VIDA DEDICADA A LOS HOTELES.<\/p>\n<p>Catal\u00e1n ha dedicado su vida a los hoteles. \u00abEl mejor hotelero de Espa\u00f1a\u00bb, en palabras de J. W. Marriott Jr., fund\u00f3 a los 29 a\u00f1os el Hotel Ciudad de Pamplona, que ser\u00eda la primera piedra en su largo recorrido en el sector hotelero. Durante los siguientes a\u00f1os impuls\u00f3 la expansi\u00f3n de NH Hoteles.<\/p>\n<p>En 1997, tras casi 20 a\u00f1os, decidi\u00f3 vender su participaci\u00f3n en la compa\u00f1\u00eda para iniciar un nuevo proyecto hotelero, AC Hoteles, que concluy\u00f3 en 2011 con la firma con Marriott International una &#8216;joint venture&#8217;.<\/p>\n<p>En Estados Unidos hay m\u00e1s de 50 hoteles previstos y ya se han inaugurado cinco en Nueva Orleans, Kansas, Chicago, Washington D. C. y Miami. Las siguientes aperturas contemplan Latinoam\u00e9rica, donde sus destinos clave ser\u00e1n Brasil, Panam\u00e1 y M\u00e9xico, Oriente Medio y Asia.<\/p>\n<p>Junto al empresario navarro fueron tambi\u00e9n premiados AMC Juices Investment Holding, al Proyecto del A\u00f1o; Industria Qu\u00edmicas Kupsa, a la Pyme del A\u00f1o; Adveo Group Internacional, a la Empresa Bandera; y Galletas Gull\u00f3n, a la Trayectoria.<\/p>\n","protected":false},"excerpt":{"rendered":"<p>El fundador y presidente de AC Hotels by Marriott, Antonio Catal\u00e1n, recogi\u00f3 el galard\u00f3n al Empresario del A\u00f1o durante la III Edici\u00f3n de los Premios Cr\u00e9dito y Cauci\u00f3n a la Internacionalizaci\u00f3n. Presididos por el Alto Comisionado del Gobierno para la Marca Espa\u00f1a, Carlos Espinosa de los Monteros, estos reconocimientos distinguen \u00aba cinco empresas espa\u00f1olas que<\/p>\n","protected":false},"author":1,"featured_media":39742,"comment_status":"open","ping_status":"closed","sticky":false,"template":"","format":"standard","meta":{"footnotes":""},"categories":[222],"tags":[],"class_list":{"0":"post-39741","1":"post","2":"type-post","3":"status-publish","4":"format-standard","5":"has-post-thumbnail","7":"category-actualidad-turismo"},"aioseo_notices":[],"aioseo_head":"\n\t\t<!-- All in One SEO Pro 4.9.6.1 - aioseo.com -->\n\t<meta name=\"description\" content=\"El fundador y presidente de AC Hotels by Marriott, Antonio Catal\u00e1n, recogi\u00f3 el galard\u00f3n al Empresario del A\u00f1o durante la III Edici\u00f3n de los Premios Cr\u00e9dito y Cauci\u00f3n a la Internacionalizaci\u00f3n. Presididos por el Alto Comisionado del Gobierno para la Marca Espa\u00f1a, Carlos Espinosa de los Monteros, estos reconocimientos distinguen &quot;a cinco empresas espa\u00f1olas que\" \/>\n\t<meta name=\"robots\" content=\"max-image-preview:large\" \/>\n\t<meta name=\"author\" content=\"admin\"\/>\n\t<meta name=\"google-site-verification\" content=\"UA-38556648-1\" \/>\n\t<meta name=\"keywords\" content=\"actualidad turismo\" \/>\n\t<link rel=\"canonical\" href=\"https:\/\/eldigitaldeasturias.com\/magazine365\/antonio-catalan-empresario-del-ano-en-los-iii-premios-credito-y-caucion\/\" \/>\n\t<meta name=\"generator\" content=\"All in One SEO Pro (AIOSEO) 4.9.6.1\" \/>\n\t\t<meta property=\"og:locale\" content=\"es_ES\" \/>\n\t\t<meta property=\"og:site_name\" content=\"El Digital de Asturias \u2013 Revista de ocio, turismo y estilo de vida\" \/>\n\t\t<meta property=\"og:type\" content=\"article\" \/>\n\t\t<meta property=\"og:title\" content=\"Antonio Catal\u00e1n, empresario del a\u00f1o en los III Premios Cr\u00e9dito y Cauci\u00f3n | El Digital de Asturias\" \/>\n\t\t<meta property=\"og:description\" content=\"El fundador y presidente de AC Hotels by Marriott, Antonio Catal\u00e1n, recogi\u00f3 el galard\u00f3n al Empresario del A\u00f1o durante la III Edici\u00f3n de los Premios Cr\u00e9dito y Cauci\u00f3n a la Internacionalizaci\u00f3n. Presididos por el Alto Comisionado del Gobierno para la Marca Espa\u00f1a, Carlos Espinosa de los Monteros, estos reconocimientos distinguen &quot;a cinco empresas espa\u00f1olas que\" \/>\n\t\t<meta property=\"og:url\" content=\"https:\/\/eldigitaldeasturias.com\/magazine365\/antonio-catalan-empresario-del-ano-en-los-iii-premios-credito-y-caucion\/\" \/>\n\t\t<meta property=\"og:image\" content=\"https:\/\/eldigitaldeasturias.com\/magazine365\/wp-content\/uploads\/2015\/06\/fotonoticia_20150612143516_800.jpg\" \/>\n\t\t<meta property=\"og:image:secure_url\" content=\"https:\/\/eldigitaldeasturias.com\/magazine365\/wp-content\/uploads\/2015\/06\/fotonoticia_20150612143516_800.jpg\" \/>\n\t\t<meta property=\"og:image:width\" content=\"800\" \/>\n\t\t<meta property=\"og:image:height\" content=\"654\" \/>\n\t\t<meta property=\"article:published_time\" content=\"2015-06-13T00:36:01+00:00\" \/>\n\t\t<meta property=\"article:modified_time\" content=\"2015-06-13T00:36:01+00:00\" \/>\n\t\t<meta name=\"twitter:card\" content=\"summary_large_image\" \/>\n\t\t<meta name=\"twitter:title\" content=\"Antonio Catal\u00e1n, empresario del a\u00f1o en los III Premios Cr\u00e9dito y Cauci\u00f3n | El Digital de Asturias\" \/>\n\t\t<meta name=\"twitter:description\" content=\"El fundador y presidente de AC Hotels by Marriott, Antonio Catal\u00e1n, recogi\u00f3 el galard\u00f3n al Empresario del A\u00f1o durante la III Edici\u00f3n de los Premios Cr\u00e9dito y Cauci\u00f3n a la Internacionalizaci\u00f3n. Presididos por el Alto Comisionado del Gobierno para la Marca Espa\u00f1a, Carlos Espinosa de los Monteros, estos reconocimientos distinguen &quot;a cinco empresas espa\u00f1olas que\" \/>\n\t\t<meta name=\"twitter:image\" content=\"https:\/\/eldigitaldeasturias.com\/magazine365\/wp-content\/uploads\/2015\/06\/fotonoticia_20150612143516_800.jpg\" \/>\n\t\t<script type=\"application\/ld+json\" class=\"aioseo-schema\">\n\t\t\t{\"@context\":\"https:\\\/\\\/schema.org\",\"@graph\":[{\"@type\":\"Article\",\"@id\":\"https:\\\/\\\/eldigitaldeasturias.com\\\/magazine365\\\/antonio-catalan-empresario-del-ano-en-los-iii-premios-credito-y-caucion\\\/#article\",\"name\":\"Antonio Catal\\u00e1n, empresario del a\\u00f1o en los III Premios Cr\\u00e9dito y Cauci\\u00f3n | El Digital de Asturias\",\"headline\":\"Antonio Catal\\u00e1n, empresario del a\\u00f1o en los III Premios Cr\\u00e9dito y Cauci\\u00f3n\",\"author\":{\"@id\":\"https:\\\/\\\/eldigitaldeasturias.com\\\/magazine365\\\/author\\\/admin\\\/#author\"},\"publisher\":{\"@id\":\"https:\\\/\\\/eldigitaldeasturias.com\\\/magazine365\\\/#organization\"},\"image\":{\"@type\":\"ImageObject\",\"url\":\"https:\\\/\\\/eldigitaldeasturias.com\\\/magazine365\\\/wp-content\\\/uploads\\\/2015\\\/06\\\/fotonoticia_20150612143516_800.jpg\",\"width\":800,\"height\":654},\"datePublished\":\"2015-06-13T02:06:01+02:00\",\"dateModified\":\"2015-06-13T02:06:01+02:00\",\"inLanguage\":\"es-ES\",\"mainEntityOfPage\":{\"@id\":\"https:\\\/\\\/eldigitaldeasturias.com\\\/magazine365\\\/antonio-catalan-empresario-del-ano-en-los-iii-premios-credito-y-caucion\\\/#webpage\"},\"isPartOf\":{\"@id\":\"https:\\\/\\\/eldigitaldeasturias.com\\\/magazine365\\\/antonio-catalan-empresario-del-ano-en-los-iii-premios-credito-y-caucion\\\/#webpage\"},\"articleSection\":\"Actualidad Turismo\"},{\"@type\":\"BreadcrumbList\",\"@id\":\"https:\\\/\\\/eldigitaldeasturias.com\\\/magazine365\\\/antonio-catalan-empresario-del-ano-en-los-iii-premios-credito-y-caucion\\\/#breadcrumblist\",\"itemListElement\":[{\"@type\":\"ListItem\",\"@id\":\"https:\\\/\\\/eldigitaldeasturias.com\\\/magazine365#listItem\",\"position\":1,\"name\":\"Home\",\"item\":\"https:\\\/\\\/eldigitaldeasturias.com\\\/magazine365\",\"nextItem\":{\"@type\":\"ListItem\",\"@id\":\"https:\\\/\\\/eldigitaldeasturias.com\\\/magazine365\\\/category\\\/actualidad-turismo\\\/#listItem\",\"name\":\"Actualidad Turismo\"}},{\"@type\":\"ListItem\",\"@id\":\"https:\\\/\\\/eldigitaldeasturias.com\\\/magazine365\\\/category\\\/actualidad-turismo\\\/#listItem\",\"position\":2,\"name\":\"Actualidad Turismo\",\"item\":\"https:\\\/\\\/eldigitaldeasturias.com\\\/magazine365\\\/category\\\/actualidad-turismo\\\/\",\"nextItem\":{\"@type\":\"ListItem\",\"@id\":\"https:\\\/\\\/eldigitaldeasturias.com\\\/magazine365\\\/antonio-catalan-empresario-del-ano-en-los-iii-premios-credito-y-caucion\\\/#listItem\",\"name\":\"Antonio Catal\\u00e1n, empresario del a\\u00f1o en los III Premios Cr\\u00e9dito y Cauci\\u00f3n\"},\"previousItem\":{\"@type\":\"ListItem\",\"@id\":\"https:\\\/\\\/eldigitaldeasturias.com\\\/magazine365#listItem\",\"name\":\"Home\"}},{\"@type\":\"ListItem\",\"@id\":\"https:\\\/\\\/eldigitaldeasturias.com\\\/magazine365\\\/antonio-catalan-empresario-del-ano-en-los-iii-premios-credito-y-caucion\\\/#listItem\",\"position\":3,\"name\":\"Antonio Catal\\u00e1n, empresario del a\\u00f1o en los III Premios Cr\\u00e9dito y Cauci\\u00f3n\",\"previousItem\":{\"@type\":\"ListItem\",\"@id\":\"https:\\\/\\\/eldigitaldeasturias.com\\\/magazine365\\\/category\\\/actualidad-turismo\\\/#listItem\",\"name\":\"Actualidad Turismo\"}}]},{\"@type\":\"Organization\",\"@id\":\"https:\\\/\\\/eldigitaldeasturias.com\\\/magazine365\\\/#organization\",\"name\":\"El digital de Asturias\",\"description\":\"Revista de ocio, turismo y estilo de vida\",\"url\":\"https:\\\/\\\/eldigitaldeasturias.com\\\/magazine365\\\/\",\"logo\":{\"@type\":\"ImageObject\",\"url\":\"https:\\\/\\\/www.eldigitaldeasturias.com\\\/noticias\\\/wp-content\\\/uploads\\\/2020\\\/12\\\/EDA.jpg\",\"@id\":\"https:\\\/\\\/eldigitaldeasturias.com\\\/magazine365\\\/antonio-catalan-empresario-del-ano-en-los-iii-premios-credito-y-caucion\\\/#organizationLogo\"},\"image\":{\"@id\":\"https:\\\/\\\/eldigitaldeasturias.com\\\/magazine365\\\/antonio-catalan-empresario-del-ano-en-los-iii-premios-credito-y-caucion\\\/#organizationLogo\"}},{\"@type\":\"Person\",\"@id\":\"https:\\\/\\\/eldigitaldeasturias.com\\\/magazine365\\\/author\\\/admin\\\/#author\",\"url\":\"https:\\\/\\\/eldigitaldeasturias.com\\\/magazine365\\\/author\\\/admin\\\/\",\"name\":\"admin\",\"image\":{\"@type\":\"ImageObject\",\"@id\":\"https:\\\/\\\/eldigitaldeasturias.com\\\/magazine365\\\/antonio-catalan-empresario-del-ano-en-los-iii-premios-credito-y-caucion\\\/#authorImage\",\"url\":\"https:\\\/\\\/eldigitaldeasturias.com\\\/magazine365\\\/wp-content\\\/litespeed\\\/avatar\\\/e571bcf59a0edd6fa6838245a470f2fe.jpg?ver=1776969259\",\"width\":96,\"height\":96,\"caption\":\"admin\"}},{\"@type\":\"WebPage\",\"@id\":\"https:\\\/\\\/eldigitaldeasturias.com\\\/magazine365\\\/antonio-catalan-empresario-del-ano-en-los-iii-premios-credito-y-caucion\\\/#webpage\",\"url\":\"https:\\\/\\\/eldigitaldeasturias.com\\\/magazine365\\\/antonio-catalan-empresario-del-ano-en-los-iii-premios-credito-y-caucion\\\/\",\"name\":\"Antonio Catal\\u00e1n, empresario del a\\u00f1o en los III Premios Cr\\u00e9dito y Cauci\\u00f3n | El Digital de Asturias\",\"description\":\"El fundador y presidente de AC Hotels by Marriott, Antonio Catal\\u00e1n, recogi\\u00f3 el galard\\u00f3n al Empresario del A\\u00f1o durante la III Edici\\u00f3n de los Premios Cr\\u00e9dito y Cauci\\u00f3n a la Internacionalizaci\\u00f3n. Presididos por el Alto Comisionado del Gobierno para la Marca Espa\\u00f1a, Carlos Espinosa de los Monteros, estos reconocimientos distinguen \\\"a cinco empresas espa\\u00f1olas que\",\"inLanguage\":\"es-ES\",\"isPartOf\":{\"@id\":\"https:\\\/\\\/eldigitaldeasturias.com\\\/magazine365\\\/#website\"},\"breadcrumb\":{\"@id\":\"https:\\\/\\\/eldigitaldeasturias.com\\\/magazine365\\\/antonio-catalan-empresario-del-ano-en-los-iii-premios-credito-y-caucion\\\/#breadcrumblist\"},\"author\":{\"@id\":\"https:\\\/\\\/eldigitaldeasturias.com\\\/magazine365\\\/author\\\/admin\\\/#author\"},\"creator\":{\"@id\":\"https:\\\/\\\/eldigitaldeasturias.com\\\/magazine365\\\/author\\\/admin\\\/#author\"},\"image\":{\"@type\":\"ImageObject\",\"url\":\"https:\\\/\\\/eldigitaldeasturias.com\\\/magazine365\\\/wp-content\\\/uploads\\\/2015\\\/06\\\/fotonoticia_20150612143516_800.jpg\",\"@id\":\"https:\\\/\\\/eldigitaldeasturias.com\\\/magazine365\\\/antonio-catalan-empresario-del-ano-en-los-iii-premios-credito-y-caucion\\\/#mainImage\",\"width\":800,\"height\":654},\"primaryImageOfPage\":{\"@id\":\"https:\\\/\\\/eldigitaldeasturias.com\\\/magazine365\\\/antonio-catalan-empresario-del-ano-en-los-iii-premios-credito-y-caucion\\\/#mainImage\"},\"datePublished\":\"2015-06-13T02:06:01+02:00\",\"dateModified\":\"2015-06-13T02:06:01+02:00\"},{\"@type\":\"WebSite\",\"@id\":\"https:\\\/\\\/eldigitaldeasturias.com\\\/magazine365\\\/#website\",\"url\":\"https:\\\/\\\/eldigitaldeasturias.com\\\/magazine365\\\/\",\"name\":\"El Digital de Asturias\",\"description\":\"Revista de ocio, turismo y estilo de vida\",\"inLanguage\":\"es-ES\",\"publisher\":{\"@id\":\"https:\\\/\\\/eldigitaldeasturias.com\\\/magazine365\\\/#organization\"}}]}\n\t\t<\/script>\n\t\t<!-- All in One SEO Pro -->\r\n\t\t<title>Antonio Catal\u00e1n, empresario del a\u00f1o en los III Premios Cr\u00e9dito y Cauci\u00f3n | El Digital de Asturias<\/title>\n\n","aioseo_head_json":{"title":"Antonio Catal\u00e1n, empresario del a\u00f1o en los III Premios Cr\u00e9dito y Cauci\u00f3n | El Digital de Asturias","description":"El fundador y presidente de AC Hotels by Marriott, Antonio Catal\u00e1n, recogi\u00f3 el galard\u00f3n al Empresario del A\u00f1o durante la III Edici\u00f3n de los Premios Cr\u00e9dito y Cauci\u00f3n a la Internacionalizaci\u00f3n. Presididos por el Alto Comisionado del Gobierno para la Marca Espa\u00f1a, Carlos Espinosa de los Monteros, estos reconocimientos distinguen \"a cinco empresas espa\u00f1olas que","canonical_url":"https:\/\/eldigitaldeasturias.com\/magazine365\/antonio-catalan-empresario-del-ano-en-los-iii-premios-credito-y-caucion\/","robots":"max-image-preview:large","keywords":"actualidad turismo","webmasterTools":{"google-site-verification":"UA-38556648-1","miscellaneous":""},"schema":{"@context":"https:\/\/schema.org","@graph":[{"@type":"Article","@id":"https:\/\/eldigitaldeasturias.com\/magazine365\/antonio-catalan-empresario-del-ano-en-los-iii-premios-credito-y-caucion\/#article","name":"Antonio Catal\u00e1n, empresario del a\u00f1o en los III Premios Cr\u00e9dito y Cauci\u00f3n | El Digital de Asturias","headline":"Antonio Catal\u00e1n, empresario del a\u00f1o en los III Premios Cr\u00e9dito y Cauci\u00f3n","author":{"@id":"https:\/\/eldigitaldeasturias.com\/magazine365\/author\/admin\/#author"},"publisher":{"@id":"https:\/\/eldigitaldeasturias.com\/magazine365\/#organization"},"image":{"@type":"ImageObject","url":"https:\/\/eldigitaldeasturias.com\/magazine365\/wp-content\/uploads\/2015\/06\/fotonoticia_20150612143516_800.jpg","width":800,"height":654},"datePublished":"2015-06-13T02:06:01+02:00","dateModified":"2015-06-13T02:06:01+02:00","inLanguage":"es-ES","mainEntityOfPage":{"@id":"https:\/\/eldigitaldeasturias.com\/magazine365\/antonio-catalan-empresario-del-ano-en-los-iii-premios-credito-y-caucion\/#webpage"},"isPartOf":{"@id":"https:\/\/eldigitaldeasturias.com\/magazine365\/antonio-catalan-empresario-del-ano-en-los-iii-premios-credito-y-caucion\/#webpage"},"articleSection":"Actualidad Turismo"},{"@type":"BreadcrumbList","@id":"https:\/\/eldigitaldeasturias.com\/magazine365\/antonio-catalan-empresario-del-ano-en-los-iii-premios-credito-y-caucion\/#breadcrumblist","itemListElement":[{"@type":"ListItem","@id":"https:\/\/eldigitaldeasturias.com\/magazine365#listItem","position":1,"name":"Home","item":"https:\/\/eldigitaldeasturias.com\/magazine365","nextItem":{"@type":"ListItem","@id":"https:\/\/eldigitaldeasturias.com\/magazine365\/category\/actualidad-turismo\/#listItem","name":"Actualidad Turismo"}},{"@type":"ListItem","@id":"https:\/\/eldigitaldeasturias.com\/magazine365\/category\/actualidad-turismo\/#listItem","position":2,"name":"Actualidad Turismo","item":"https:\/\/eldigitaldeasturias.com\/magazine365\/category\/actualidad-turismo\/","nextItem":{"@type":"ListItem","@id":"https:\/\/eldigitaldeasturias.com\/magazine365\/antonio-catalan-empresario-del-ano-en-los-iii-premios-credito-y-caucion\/#listItem","name":"Antonio Catal\u00e1n, empresario del a\u00f1o en los III Premios Cr\u00e9dito y Cauci\u00f3n"},"previousItem":{"@type":"ListItem","@id":"https:\/\/eldigitaldeasturias.com\/magazine365#listItem","name":"Home"}},{"@type":"ListItem","@id":"https:\/\/eldigitaldeasturias.com\/magazine365\/antonio-catalan-empresario-del-ano-en-los-iii-premios-credito-y-caucion\/#listItem","position":3,"name":"Antonio Catal\u00e1n, empresario del a\u00f1o en los III Premios Cr\u00e9dito y Cauci\u00f3n","previousItem":{"@type":"ListItem","@id":"https:\/\/eldigitaldeasturias.com\/magazine365\/category\/actualidad-turismo\/#listItem","name":"Actualidad Turismo"}}]},{"@type":"Organization","@id":"https:\/\/eldigitaldeasturias.com\/magazine365\/#organization","name":"El digital de Asturias","description":"Revista de ocio, turismo y estilo de vida","url":"https:\/\/eldigitaldeasturias.com\/magazine365\/","logo":{"@type":"ImageObject","url":"https:\/\/www.eldigitaldeasturias.com\/noticias\/wp-content\/uploads\/2020\/12\/EDA.jpg","@id":"https:\/\/eldigitaldeasturias.com\/magazine365\/antonio-catalan-empresario-del-ano-en-los-iii-premios-credito-y-caucion\/#organizationLogo"},"image":{"@id":"https:\/\/eldigitaldeasturias.com\/magazine365\/antonio-catalan-empresario-del-ano-en-los-iii-premios-credito-y-caucion\/#organizationLogo"}},{"@type":"Person","@id":"https:\/\/eldigitaldeasturias.com\/magazine365\/author\/admin\/#author","url":"https:\/\/eldigitaldeasturias.com\/magazine365\/author\/admin\/","name":"admin","image":{"@type":"ImageObject","@id":"https:\/\/eldigitaldeasturias.com\/magazine365\/antonio-catalan-empresario-del-ano-en-los-iii-premios-credito-y-caucion\/#authorImage","url":"https:\/\/eldigitaldeasturias.com\/magazine365\/wp-content\/litespeed\/avatar\/e571bcf59a0edd6fa6838245a470f2fe.jpg?ver=1776969259","width":96,"height":96,"caption":"admin"}},{"@type":"WebPage","@id":"https:\/\/eldigitaldeasturias.com\/magazine365\/antonio-catalan-empresario-del-ano-en-los-iii-premios-credito-y-caucion\/#webpage","url":"https:\/\/eldigitaldeasturias.com\/magazine365\/antonio-catalan-empresario-del-ano-en-los-iii-premios-credito-y-caucion\/","name":"Antonio Catal\u00e1n, empresario del a\u00f1o en los III Premios Cr\u00e9dito y Cauci\u00f3n | El Digital de Asturias","description":"El fundador y presidente de AC Hotels by Marriott, Antonio Catal\u00e1n, recogi\u00f3 el galard\u00f3n al Empresario del A\u00f1o durante la III Edici\u00f3n de los Premios Cr\u00e9dito y Cauci\u00f3n a la Internacionalizaci\u00f3n. Presididos por el Alto Comisionado del Gobierno para la Marca Espa\u00f1a, Carlos Espinosa de los Monteros, estos reconocimientos distinguen \"a cinco empresas espa\u00f1olas que","inLanguage":"es-ES","isPartOf":{"@id":"https:\/\/eldigitaldeasturias.com\/magazine365\/#website"},"breadcrumb":{"@id":"https:\/\/eldigitaldeasturias.com\/magazine365\/antonio-catalan-empresario-del-ano-en-los-iii-premios-credito-y-caucion\/#breadcrumblist"},"author":{"@id":"https:\/\/eldigitaldeasturias.com\/magazine365\/author\/admin\/#author"},"creator":{"@id":"https:\/\/eldigitaldeasturias.com\/magazine365\/author\/admin\/#author"},"image":{"@type":"ImageObject","url":"https:\/\/eldigitaldeasturias.com\/magazine365\/wp-content\/uploads\/2015\/06\/fotonoticia_20150612143516_800.jpg","@id":"https:\/\/eldigitaldeasturias.com\/magazine365\/antonio-catalan-empresario-del-ano-en-los-iii-premios-credito-y-caucion\/#mainImage","width":800,"height":654},"primaryImageOfPage":{"@id":"https:\/\/eldigitaldeasturias.com\/magazine365\/antonio-catalan-empresario-del-ano-en-los-iii-premios-credito-y-caucion\/#mainImage"},"datePublished":"2015-06-13T02:06:01+02:00","dateModified":"2015-06-13T02:06:01+02:00"},{"@type":"WebSite","@id":"https:\/\/eldigitaldeasturias.com\/magazine365\/#website","url":"https:\/\/eldigitaldeasturias.com\/magazine365\/","name":"El Digital de Asturias","description":"Revista de ocio, turismo y estilo de vida","inLanguage":"es-ES","publisher":{"@id":"https:\/\/eldigitaldeasturias.com\/magazine365\/#organization"}}]},"og:locale":"es_ES","og:site_name":"El Digital de Asturias \u2013 Revista de ocio, turismo y estilo de vida","og:type":"article","og:title":"Antonio Catal\u00e1n, empresario del a\u00f1o en los III Premios Cr\u00e9dito y Cauci\u00f3n | El Digital de Asturias","og:description":"El fundador y presidente de AC Hotels by Marriott, Antonio Catal\u00e1n, recogi\u00f3 el galard\u00f3n al Empresario del A\u00f1o durante la III Edici\u00f3n de los Premios Cr\u00e9dito y Cauci\u00f3n a la Internacionalizaci\u00f3n. Presididos por el Alto Comisionado del Gobierno para la Marca Espa\u00f1a, Carlos Espinosa de los Monteros, estos reconocimientos distinguen &quot;a cinco empresas espa\u00f1olas que","og:url":"https:\/\/eldigitaldeasturias.com\/magazine365\/antonio-catalan-empresario-del-ano-en-los-iii-premios-credito-y-caucion\/","og:image":"https:\/\/eldigitaldeasturias.com\/magazine365\/wp-content\/uploads\/2015\/06\/fotonoticia_20150612143516_800.jpg","og:image:secure_url":"https:\/\/eldigitaldeasturias.com\/magazine365\/wp-content\/uploads\/2015\/06\/fotonoticia_20150612143516_800.jpg","og:image:width":800,"og:image:height":654,"article:published_time":"2015-06-13T00:36:01+00:00","article:modified_time":"2015-06-13T00:36:01+00:00","twitter:card":"summary_large_image","twitter:title":"Antonio Catal\u00e1n, empresario del a\u00f1o en los III Premios Cr\u00e9dito y Cauci\u00f3n | El Digital de Asturias","twitter:description":"El fundador y presidente de AC Hotels by Marriott, Antonio Catal\u00e1n, recogi\u00f3 el galard\u00f3n al Empresario del A\u00f1o durante la III Edici\u00f3n de los Premios Cr\u00e9dito y Cauci\u00f3n a la Internacionalizaci\u00f3n. Presididos por el Alto Comisionado del Gobierno para la Marca Espa\u00f1a, Carlos Espinosa de los Monteros, estos reconocimientos distinguen &quot;a cinco empresas espa\u00f1olas que","twitter:image":"https:\/\/eldigitaldeasturias.com\/magazine365\/wp-content\/uploads\/2015\/06\/fotonoticia_20150612143516_800.jpg"},"aioseo_meta_data":{"post_id":"39741","title":null,"description":null,"keywords":null,"keyphrases":null,"primary_term":null,"canonical_url":null,"og_title":null,"og_description":null,"og_object_type":"default","og_image_type":"default","og_image_url":null,"og_image_width":null,"og_image_height":null,"og_image_custom_url":null,"og_image_custom_fields":null,"og_video":null,"og_custom_url":null,"og_article_section":null,"og_article_tags":null,"twitter_use_og":false,"twitter_card":"default","twitter_image_type":"default","twitter_image_url":null,"twitter_image_custom_url":null,"twitter_image_custom_fields":null,"twitter_title":null,"twitter_description":null,"schema":{"blockGraphs":[],"customGraphs":[],"default":{"data":{"Article":[],"Course":[],"Dataset":[],"FAQPage":[],"Movie":[],"Person":[],"Product":[],"ProductReview":[],"Car":[],"Recipe":[],"Service":[],"SoftwareApplication":[],"WebPage":[]},"graphName":"","isEnabled":true},"graphs":[]},"schema_type":null,"schema_type_options":null,"pillar_content":false,"robots_default":true,"robots_noindex":false,"robots_noarchive":false,"robots_nosnippet":false,"robots_nofollow":false,"robots_noimageindex":false,"robots_noodp":false,"robots_notranslate":false,"robots_max_snippet":null,"robots_max_videopreview":null,"robots_max_imagepreview":"large","priority":null,"frequency":null,"location":null,"local_seo":null,"seo_analyzer_scan_date":"2025-09-19 12:13:58","breadcrumb_settings":null,"limit_modified_date":false,"open_ai":null,"ai":null,"created":"2021-03-09 02:37:42","updated":"2025-09-19 12:13:58"},"aioseo_breadcrumb":"<div class=\"aioseo-breadcrumbs\"><span class=\"aioseo-breadcrumb\">\n\t<a href=\"https:\/\/eldigitaldeasturias.com\/magazine365\" title=\"Home\">Home<\/a>\n<\/span><span class=\"aioseo-breadcrumb-separator\">\u2013<\/span><span class=\"aioseo-breadcrumb\">\n\t<a href=\"https:\/\/eldigitaldeasturias.com\/magazine365\/category\/actualidad-turismo\/\" title=\"Actualidad Turismo\">Actualidad Turismo<\/a>\n<\/span><span class=\"aioseo-breadcrumb-separator\">\u2013<\/span><span class=\"aioseo-breadcrumb\">\n\t<a href=\"https:\/\/eldigitaldeasturias.com\/magazine365\/antonio-catalan-empresario-del-ano-en-los-iii-premios-credito-y-caucion\/\" title=\"Antonio Catal\u00e1n, empresario del a\u00f1o en los III Premios Cr\u00e9dito y Cauci\u00f3n\">Antonio Catal\u00e1n, empresario del a\u00f1o en los III Premios Cr\u00e9dito y Cauci\u00f3n<\/a>\n<\/span><\/div>","aioseo_breadcrumb_json":[{"label":"Home","link":"https:\/\/eldigitaldeasturias.com\/magazine365"},{"label":"Actualidad Turismo","link":"https:\/\/eldigitaldeasturias.com\/magazine365\/category\/actualidad-turismo\/"},{"label":"Antonio Catal\u00e1n, empresario del a\u00f1o en los III Premios Cr\u00e9dito y Cauci\u00f3n","link":"https:\/\/eldigitaldeasturias.com\/magazine365\/antonio-catalan-empresario-del-ano-en-los-iii-premios-credito-y-caucion\/"}],"_links":{"self":[{"href":"https:\/\/eldigitaldeasturias.com\/magazine365\/wp-json\/wp\/v2\/posts\/39741","targetHints":{"allow":["GET"]}}],"collection":[{"href":"https:\/\/eldigitaldeasturias.com\/magazine365\/wp-json\/wp\/v2\/posts"}],"about":[{"href":"https:\/\/eldigitaldeasturias.com\/magazine365\/wp-json\/wp\/v2\/types\/post"}],"author":[{"embeddable":true,"href":"https:\/\/eldigitaldeasturias.com\/magazine365\/wp-json\/wp\/v2\/users\/1"}],"replies":[{"embeddable":true,"href":"https:\/\/eldigitaldeasturias.com\/magazine365\/wp-json\/wp\/v2\/comments?post=39741"}],"version-history":[{"count":0,"href":"https:\/\/eldigitaldeasturias.com\/magazine365\/wp-json\/wp\/v2\/posts\/39741\/revisions"}],"wp:featuredmedia":[{"embeddable":true,"href":"https:\/\/eldigitaldeasturias.com\/magazine365\/wp-json\/wp\/v2\/media\/39742"}],"wp:attachment":[{"href":"https:\/\/eldigitaldeasturias.com\/magazine365\/wp-json\/wp\/v2\/media?parent=39741"}],"wp:term":[{"taxonomy":"category","embeddable":true,"href":"https:\/\/eldigitaldeasturias.com\/magazine365\/wp-json\/wp\/v2\/categories?post=39741"},{"taxonomy":"post_tag","embeddable":true,"href":"https:\/\/eldigitaldeasturias.com\/magazine365\/wp-json\/wp\/v2\/tags?post=39741"}],"curies":[{"name":"wp","href":"https:\/\/api.w.org\/{rel}","templated":true}]}}