{"id":39738,"date":"2015-06-13T02:04:02","date_gmt":"2015-06-13T00:34:02","guid":{"rendered":"http:\/\/eldigitaldeasturias.com\/magazine365\/?p=39738"},"modified":"2015-06-13T02:04:02","modified_gmt":"2015-06-13T00:34:02","slug":"luz-verde-a-la-futura-normativa-que-regulara-las-titulaciones-nauticas-profesionales","status":"publish","type":"post","link":"https:\/\/eldigitaldeasturias.com\/magazine365\/luz-verde-a-la-futura-normativa-que-regulara-las-titulaciones-nauticas-profesionales\/","title":{"rendered":"Luz verde a la futura normativa que regular\u00e1 las titulaciones n\u00e1uticas profesionales"},"content":{"rendered":"<p><img fetchpriority=\"high\" decoding=\"async\" class=\"alignleft size-medium wp-image-39739\" src=\"https:\/\/eldigitaldeasturias.com\/magazine365\/wp-content\/uploads\/2015\/06\/fotonoticia_20150612141354_800-360x239.jpg\" alt=\"fotonoticia_20150612141354_800\" width=\"360\" height=\"239\" srcset=\"https:\/\/eldigitaldeasturias.com\/magazine365\/wp-content\/uploads\/2015\/06\/fotonoticia_20150612141354_800-360x239.jpg 360w, https:\/\/eldigitaldeasturias.com\/magazine365\/wp-content\/uploads\/2015\/06\/fotonoticia_20150612141354_800-650x432.jpg 650w, https:\/\/eldigitaldeasturias.com\/magazine365\/wp-content\/uploads\/2015\/06\/fotonoticia_20150612141354_800-768x511.jpg 768w, https:\/\/eldigitaldeasturias.com\/magazine365\/wp-content\/uploads\/2015\/06\/fotonoticia_20150612141354_800-150x100.jpg 150w, https:\/\/eldigitaldeasturias.com\/magazine365\/wp-content\/uploads\/2015\/06\/fotonoticia_20150612141354_800-450x299.jpg 450w, https:\/\/eldigitaldeasturias.com\/magazine365\/wp-content\/uploads\/2015\/06\/fotonoticia_20150612141354_800-696x463.jpg 696w, https:\/\/eldigitaldeasturias.com\/magazine365\/wp-content\/uploads\/2015\/06\/fotonoticia_20150612141354_800-632x420.jpg 632w, https:\/\/eldigitaldeasturias.com\/magazine365\/wp-content\/uploads\/2015\/06\/fotonoticia_20150612141354_800-84x55.jpg 84w, https:\/\/eldigitaldeasturias.com\/magazine365\/wp-content\/uploads\/2015\/06\/fotonoticia_20150612141354_800.jpg 800w\" sizes=\"(max-width: 360px) 100vw, 360px\" \/>El proyecto legislativo para regular las titulaciones n\u00e1uticas para desarrollar determinadas actividades remuneradas, avanza de acuerdo con las previsiones anunciadas por los responsables de la Direcci\u00f3n General de Marina Mercante (DGMM) durante el III Congreso N\u00e1utico, celebrado el pasado mes de marzo, seg\u00fan informa la Asociaci\u00f3n Nacional de Empresas N\u00e1uticas (Anen).<\/p>\n<p>Esta futura normativa completar\u00eda la publicaci\u00f3n del Real Decreto sobre las titulaciones n\u00e1uticas que entr\u00f3 en vigor (en su totalidad) el pasado mes de enero.<\/p>\n<p>\u00abEl texto, a\u00fan siendo susceptible de mejoras que Anen propondr\u00e1 en fase de alegaciones, supone un gran paso para el sector ya que por un lado otorga seguridad jur\u00eddica, adem\u00e1s de regularizar y legalizar la prestaci\u00f3n de servicios remunerados por los titulados n\u00e1uticos, y por otro satisface la demanda de un mercado que podr\u00e1 competir en igualdad de condiciones con nuestros pa\u00edses vecinos\u00bb, explic\u00f3 el secretario general de Anen, Carlos Sanlorenzo.<\/p>\n<p>Con la nueva normativa los patrones de embarcaciones, patrones de yate, y capitanes de yate podr\u00e1n transportar personas y mercanc\u00edas en embarcaciones de recreo, realizar excursiones tur\u00edsticas y pesca de recreo, realizar actividades de atraque, fondeo o desplazamiento de embarcaciones de recreo dentro de las aguas correspondientes a puertos, puertos deportivos o marinas, as\u00ed como ejercer de tripulaci\u00f3n en los contratos de alquiler o ch\u00e1rter.<\/p>\n<p>REQUISITOS NECESARIOS.<\/p>\n<p>Para optar a las habilitaciones indicadas, los titulados n\u00e1uticos exclusivamente deber\u00e1n efectuar el curso b\u00e1sico de seguridad para marinero en un centro reconocido por la DGGM. Una vez obtenido dicho curso, los titulados n\u00e1uticos estar\u00e1n facultados para llevar a cabo las actividades de prestaci\u00f3n de servicio.<\/p>\n<p>Se mantienen ciertas limitaciones: los capitanes de yate podr\u00e1n realizar dichas actividades a bordo de embarcaciones menores a 24 metros de eslora y con una limitaci\u00f3n de 10 millas n\u00e1uticas desde el puerto.<\/p>\n<p>Los patrones de yate estar\u00e1n facultados para realizar las funciones indicadas a bordo de embarcaciones de recreo menores de 24 metros y con una limitaci\u00f3n de 8 millas n\u00e1uticas desde el puerto, mientras que los patrones de embarcaci\u00f3n de recreo podr\u00e1n realizar dichos servicios a bordo de embarcaciones no superiores a 15 metros y con una limitaci\u00f3n de 5 millas n\u00e1uticas desde el puerto. En cualquiera de los casos, el n\u00famero de pasajeros no podr\u00e1 superar las 6 personas<\/p>\n<p>REGULACI\u00d3N DE MOTOS NA\u00daTICAS.<\/p>\n<p>De igual forma, los titulados n\u00e1uticos mencionados tambi\u00e9n podr\u00e1n desarrollar los mencionados servicios a bordo de motos n\u00e1uticas siempre que la distancia no supere las 5 millas n\u00e1uticas desde el puerto o marina y no se transporten a m\u00e1s pasajeros que los facultados por el fabricante y la carga no sea superior a 50 kilos.<\/p>\n<p>El borrador modificar\u00e1 el RD 259\/2002, de 8 de marzo, por el que se actualizan las medidas de seguridad en la utilizaci\u00f3n de motos de agua.<\/p>\n<p>El objetivo es actualizar y homogeneizar los requisitos para el desarrollo de actividades relacionadas con la explotaci\u00f3n comercial de motos de agua, tanto por lo que se refiere al alquiler por horas o fracci\u00f3n en circuitos, excursiones con monitor o al alquiler particular de motos de agua.<\/p>\n<p>Con la nueva redacci\u00f3n se pretende dar soluci\u00f3n a las m\u00faltiples dudas de interpretaci\u00f3n que hasta el momento exist\u00edan por parte de la Administraci\u00f3n y de los operadores de esta actividad n\u00e1utica.<\/p>\n<p>El borrador del RD tambi\u00e9n amplia la atribuci\u00f3n de la Licencia de Navegaci\u00f3n en cuanto que habilitar\u00e1 tambi\u00e9n a navegar con motos n\u00e1uticas sin limitaci\u00f3n de potencia.<\/p>\n<p>Adem\u00e1s, posibilitar\u00e1 que las motos n\u00e1uticas puedan ser utilizadas para el remolque de esquiadores n\u00e1uticos u objetos n\u00e1utico-hinchables o semirr\u00edgidos siempre que se cumplan una serie de requisitos adicionales en materia de seguridad.<\/p>\n","protected":false},"excerpt":{"rendered":"<p>El proyecto legislativo para regular las titulaciones n\u00e1uticas para desarrollar determinadas actividades remuneradas, avanza de acuerdo con las previsiones anunciadas por los responsables de la Direcci\u00f3n General de Marina Mercante (DGMM) durante el III Congreso N\u00e1utico, celebrado el pasado mes de marzo, seg\u00fan informa la Asociaci\u00f3n Nacional de Empresas N\u00e1uticas (Anen). Esta futura normativa completar\u00eda<\/p>\n","protected":false},"author":1,"featured_media":39739,"comment_status":"open","ping_status":"closed","sticky":false,"template":"","format":"standard","meta":{"footnotes":""},"categories":[222],"tags":[],"class_list":{"0":"post-39738","1":"post","2":"type-post","3":"status-publish","4":"format-standard","5":"has-post-thumbnail","7":"category-actualidad-turismo"},"aioseo_notices":[],"aioseo_head":"\n\t\t<!-- All in One SEO Pro 4.9.6.1 - aioseo.com -->\n\t<meta name=\"description\" content=\"El proyecto legislativo para regular las titulaciones n\u00e1uticas para desarrollar determinadas actividades remuneradas, avanza de acuerdo con las previsiones anunciadas por los responsables de la Direcci\u00f3n General de Marina Mercante (DGMM) durante el III Congreso N\u00e1utico, celebrado el pasado mes de marzo, seg\u00fan informa la Asociaci\u00f3n Nacional de Empresas N\u00e1uticas (Anen). Esta futura normativa completar\u00eda\" \/>\n\t<meta name=\"robots\" content=\"max-image-preview:large\" \/>\n\t<meta name=\"author\" content=\"admin\"\/>\n\t<meta name=\"google-site-verification\" content=\"UA-38556648-1\" \/>\n\t<meta name=\"keywords\" content=\"actualidad turismo\" \/>\n\t<link rel=\"canonical\" href=\"https:\/\/eldigitaldeasturias.com\/magazine365\/luz-verde-a-la-futura-normativa-que-regulara-las-titulaciones-nauticas-profesionales\/\" \/>\n\t<meta name=\"generator\" content=\"All in One SEO Pro (AIOSEO) 4.9.6.1\" \/>\n\t\t<meta property=\"og:locale\" content=\"es_ES\" \/>\n\t\t<meta property=\"og:site_name\" content=\"El Digital de Asturias \u2013 Revista de ocio, turismo y estilo de vida\" \/>\n\t\t<meta property=\"og:type\" content=\"article\" \/>\n\t\t<meta property=\"og:title\" content=\"Luz verde a la futura normativa que regular\u00e1 las titulaciones n\u00e1uticas profesionales | El Digital de Asturias\" \/>\n\t\t<meta property=\"og:description\" content=\"El proyecto legislativo para regular las titulaciones n\u00e1uticas para desarrollar determinadas actividades remuneradas, avanza de acuerdo con las previsiones anunciadas por los responsables de la Direcci\u00f3n General de Marina Mercante (DGMM) durante el III Congreso N\u00e1utico, celebrado el pasado mes de marzo, seg\u00fan informa la Asociaci\u00f3n Nacional de Empresas N\u00e1uticas (Anen). Esta futura normativa completar\u00eda\" \/>\n\t\t<meta property=\"og:url\" content=\"https:\/\/eldigitaldeasturias.com\/magazine365\/luz-verde-a-la-futura-normativa-que-regulara-las-titulaciones-nauticas-profesionales\/\" \/>\n\t\t<meta property=\"og:image\" content=\"https:\/\/eldigitaldeasturias.com\/magazine365\/wp-content\/uploads\/2015\/06\/fotonoticia_20150612141354_800.jpg\" \/>\n\t\t<meta property=\"og:image:secure_url\" content=\"https:\/\/eldigitaldeasturias.com\/magazine365\/wp-content\/uploads\/2015\/06\/fotonoticia_20150612141354_800.jpg\" \/>\n\t\t<meta property=\"og:image:width\" content=\"800\" \/>\n\t\t<meta property=\"og:image:height\" content=\"532\" \/>\n\t\t<meta property=\"article:published_time\" content=\"2015-06-13T00:34:02+00:00\" \/>\n\t\t<meta property=\"article:modified_time\" content=\"2015-06-13T00:34:02+00:00\" \/>\n\t\t<meta name=\"twitter:card\" content=\"summary_large_image\" \/>\n\t\t<meta name=\"twitter:title\" content=\"Luz verde a la futura normativa que regular\u00e1 las titulaciones n\u00e1uticas profesionales | El Digital de Asturias\" \/>\n\t\t<meta name=\"twitter:description\" content=\"El proyecto legislativo para regular las titulaciones n\u00e1uticas para desarrollar determinadas actividades remuneradas, avanza de acuerdo con las previsiones anunciadas por los responsables de la Direcci\u00f3n General de Marina Mercante (DGMM) durante el III Congreso N\u00e1utico, celebrado el pasado mes de marzo, seg\u00fan informa la Asociaci\u00f3n Nacional de Empresas N\u00e1uticas (Anen). Esta futura normativa completar\u00eda\" \/>\n\t\t<meta name=\"twitter:image\" content=\"https:\/\/eldigitaldeasturias.com\/magazine365\/wp-content\/uploads\/2015\/06\/fotonoticia_20150612141354_800.jpg\" \/>\n\t\t<script type=\"application\/ld+json\" class=\"aioseo-schema\">\n\t\t\t{\"@context\":\"https:\\\/\\\/schema.org\",\"@graph\":[{\"@type\":\"Article\",\"@id\":\"https:\\\/\\\/eldigitaldeasturias.com\\\/magazine365\\\/luz-verde-a-la-futura-normativa-que-regulara-las-titulaciones-nauticas-profesionales\\\/#article\",\"name\":\"Luz verde a la futura normativa que regular\\u00e1 las titulaciones n\\u00e1uticas profesionales | El Digital de Asturias\",\"headline\":\"Luz verde a la futura normativa que regular\\u00e1 las titulaciones n\\u00e1uticas profesionales\",\"author\":{\"@id\":\"https:\\\/\\\/eldigitaldeasturias.com\\\/magazine365\\\/author\\\/admin\\\/#author\"},\"publisher\":{\"@id\":\"https:\\\/\\\/eldigitaldeasturias.com\\\/magazine365\\\/#organization\"},\"image\":{\"@type\":\"ImageObject\",\"url\":\"https:\\\/\\\/eldigitaldeasturias.com\\\/magazine365\\\/wp-content\\\/uploads\\\/2015\\\/06\\\/fotonoticia_20150612141354_800.jpg\",\"width\":800,\"height\":532},\"datePublished\":\"2015-06-13T02:04:02+02:00\",\"dateModified\":\"2015-06-13T02:04:02+02:00\",\"inLanguage\":\"es-ES\",\"mainEntityOfPage\":{\"@id\":\"https:\\\/\\\/eldigitaldeasturias.com\\\/magazine365\\\/luz-verde-a-la-futura-normativa-que-regulara-las-titulaciones-nauticas-profesionales\\\/#webpage\"},\"isPartOf\":{\"@id\":\"https:\\\/\\\/eldigitaldeasturias.com\\\/magazine365\\\/luz-verde-a-la-futura-normativa-que-regulara-las-titulaciones-nauticas-profesionales\\\/#webpage\"},\"articleSection\":\"Actualidad Turismo\"},{\"@type\":\"BreadcrumbList\",\"@id\":\"https:\\\/\\\/eldigitaldeasturias.com\\\/magazine365\\\/luz-verde-a-la-futura-normativa-que-regulara-las-titulaciones-nauticas-profesionales\\\/#breadcrumblist\",\"itemListElement\":[{\"@type\":\"ListItem\",\"@id\":\"https:\\\/\\\/eldigitaldeasturias.com\\\/magazine365#listItem\",\"position\":1,\"name\":\"Home\",\"item\":\"https:\\\/\\\/eldigitaldeasturias.com\\\/magazine365\",\"nextItem\":{\"@type\":\"ListItem\",\"@id\":\"https:\\\/\\\/eldigitaldeasturias.com\\\/magazine365\\\/category\\\/actualidad-turismo\\\/#listItem\",\"name\":\"Actualidad Turismo\"}},{\"@type\":\"ListItem\",\"@id\":\"https:\\\/\\\/eldigitaldeasturias.com\\\/magazine365\\\/category\\\/actualidad-turismo\\\/#listItem\",\"position\":2,\"name\":\"Actualidad Turismo\",\"item\":\"https:\\\/\\\/eldigitaldeasturias.com\\\/magazine365\\\/category\\\/actualidad-turismo\\\/\",\"nextItem\":{\"@type\":\"ListItem\",\"@id\":\"https:\\\/\\\/eldigitaldeasturias.com\\\/magazine365\\\/luz-verde-a-la-futura-normativa-que-regulara-las-titulaciones-nauticas-profesionales\\\/#listItem\",\"name\":\"Luz verde a la futura normativa que regular\\u00e1 las titulaciones n\\u00e1uticas profesionales\"},\"previousItem\":{\"@type\":\"ListItem\",\"@id\":\"https:\\\/\\\/eldigitaldeasturias.com\\\/magazine365#listItem\",\"name\":\"Home\"}},{\"@type\":\"ListItem\",\"@id\":\"https:\\\/\\\/eldigitaldeasturias.com\\\/magazine365\\\/luz-verde-a-la-futura-normativa-que-regulara-las-titulaciones-nauticas-profesionales\\\/#listItem\",\"position\":3,\"name\":\"Luz verde a la futura normativa que regular\\u00e1 las titulaciones n\\u00e1uticas profesionales\",\"previousItem\":{\"@type\":\"ListItem\",\"@id\":\"https:\\\/\\\/eldigitaldeasturias.com\\\/magazine365\\\/category\\\/actualidad-turismo\\\/#listItem\",\"name\":\"Actualidad Turismo\"}}]},{\"@type\":\"Organization\",\"@id\":\"https:\\\/\\\/eldigitaldeasturias.com\\\/magazine365\\\/#organization\",\"name\":\"El digital de Asturias\",\"description\":\"Revista de ocio, turismo y estilo de vida\",\"url\":\"https:\\\/\\\/eldigitaldeasturias.com\\\/magazine365\\\/\",\"logo\":{\"@type\":\"ImageObject\",\"url\":\"https:\\\/\\\/www.eldigitaldeasturias.com\\\/noticias\\\/wp-content\\\/uploads\\\/2020\\\/12\\\/EDA.jpg\",\"@id\":\"https:\\\/\\\/eldigitaldeasturias.com\\\/magazine365\\\/luz-verde-a-la-futura-normativa-que-regulara-las-titulaciones-nauticas-profesionales\\\/#organizationLogo\"},\"image\":{\"@id\":\"https:\\\/\\\/eldigitaldeasturias.com\\\/magazine365\\\/luz-verde-a-la-futura-normativa-que-regulara-las-titulaciones-nauticas-profesionales\\\/#organizationLogo\"}},{\"@type\":\"Person\",\"@id\":\"https:\\\/\\\/eldigitaldeasturias.com\\\/magazine365\\\/author\\\/admin\\\/#author\",\"url\":\"https:\\\/\\\/eldigitaldeasturias.com\\\/magazine365\\\/author\\\/admin\\\/\",\"name\":\"admin\",\"image\":{\"@type\":\"ImageObject\",\"@id\":\"https:\\\/\\\/eldigitaldeasturias.com\\\/magazine365\\\/luz-verde-a-la-futura-normativa-que-regulara-las-titulaciones-nauticas-profesionales\\\/#authorImage\",\"url\":\"https:\\\/\\\/eldigitaldeasturias.com\\\/magazine365\\\/wp-content\\\/litespeed\\\/avatar\\\/e571bcf59a0edd6fa6838245a470f2fe.jpg?ver=1776969259\",\"width\":96,\"height\":96,\"caption\":\"admin\"}},{\"@type\":\"WebPage\",\"@id\":\"https:\\\/\\\/eldigitaldeasturias.com\\\/magazine365\\\/luz-verde-a-la-futura-normativa-que-regulara-las-titulaciones-nauticas-profesionales\\\/#webpage\",\"url\":\"https:\\\/\\\/eldigitaldeasturias.com\\\/magazine365\\\/luz-verde-a-la-futura-normativa-que-regulara-las-titulaciones-nauticas-profesionales\\\/\",\"name\":\"Luz verde a la futura normativa que regular\\u00e1 las titulaciones n\\u00e1uticas profesionales | El Digital de Asturias\",\"description\":\"El proyecto legislativo para regular las titulaciones n\\u00e1uticas para desarrollar determinadas actividades remuneradas, avanza de acuerdo con las previsiones anunciadas por los responsables de la Direcci\\u00f3n General de Marina Mercante (DGMM) durante el III Congreso N\\u00e1utico, celebrado el pasado mes de marzo, seg\\u00fan informa la Asociaci\\u00f3n Nacional de Empresas N\\u00e1uticas (Anen). Esta futura normativa completar\\u00eda\",\"inLanguage\":\"es-ES\",\"isPartOf\":{\"@id\":\"https:\\\/\\\/eldigitaldeasturias.com\\\/magazine365\\\/#website\"},\"breadcrumb\":{\"@id\":\"https:\\\/\\\/eldigitaldeasturias.com\\\/magazine365\\\/luz-verde-a-la-futura-normativa-que-regulara-las-titulaciones-nauticas-profesionales\\\/#breadcrumblist\"},\"author\":{\"@id\":\"https:\\\/\\\/eldigitaldeasturias.com\\\/magazine365\\\/author\\\/admin\\\/#author\"},\"creator\":{\"@id\":\"https:\\\/\\\/eldigitaldeasturias.com\\\/magazine365\\\/author\\\/admin\\\/#author\"},\"image\":{\"@type\":\"ImageObject\",\"url\":\"https:\\\/\\\/eldigitaldeasturias.com\\\/magazine365\\\/wp-content\\\/uploads\\\/2015\\\/06\\\/fotonoticia_20150612141354_800.jpg\",\"@id\":\"https:\\\/\\\/eldigitaldeasturias.com\\\/magazine365\\\/luz-verde-a-la-futura-normativa-que-regulara-las-titulaciones-nauticas-profesionales\\\/#mainImage\",\"width\":800,\"height\":532},\"primaryImageOfPage\":{\"@id\":\"https:\\\/\\\/eldigitaldeasturias.com\\\/magazine365\\\/luz-verde-a-la-futura-normativa-que-regulara-las-titulaciones-nauticas-profesionales\\\/#mainImage\"},\"datePublished\":\"2015-06-13T02:04:02+02:00\",\"dateModified\":\"2015-06-13T02:04:02+02:00\"},{\"@type\":\"WebSite\",\"@id\":\"https:\\\/\\\/eldigitaldeasturias.com\\\/magazine365\\\/#website\",\"url\":\"https:\\\/\\\/eldigitaldeasturias.com\\\/magazine365\\\/\",\"name\":\"El Digital de Asturias\",\"description\":\"Revista de ocio, turismo y estilo de vida\",\"inLanguage\":\"es-ES\",\"publisher\":{\"@id\":\"https:\\\/\\\/eldigitaldeasturias.com\\\/magazine365\\\/#organization\"}}]}\n\t\t<\/script>\n\t\t<!-- All in One SEO Pro -->\r\n\t\t<title>Luz verde a la futura normativa que regular\u00e1 las titulaciones n\u00e1uticas profesionales | El Digital de Asturias<\/title>\n\n","aioseo_head_json":{"title":"Luz verde a la futura normativa que regular\u00e1 las titulaciones n\u00e1uticas profesionales | El Digital de Asturias","description":"El proyecto legislativo para regular las titulaciones n\u00e1uticas para desarrollar determinadas actividades remuneradas, avanza de acuerdo con las previsiones anunciadas por los responsables de la Direcci\u00f3n General de Marina Mercante (DGMM) durante el III Congreso N\u00e1utico, celebrado el pasado mes de marzo, seg\u00fan informa la Asociaci\u00f3n Nacional de Empresas N\u00e1uticas (Anen). Esta futura normativa completar\u00eda","canonical_url":"https:\/\/eldigitaldeasturias.com\/magazine365\/luz-verde-a-la-futura-normativa-que-regulara-las-titulaciones-nauticas-profesionales\/","robots":"max-image-preview:large","keywords":"actualidad turismo","webmasterTools":{"google-site-verification":"UA-38556648-1","miscellaneous":""},"schema":{"@context":"https:\/\/schema.org","@graph":[{"@type":"Article","@id":"https:\/\/eldigitaldeasturias.com\/magazine365\/luz-verde-a-la-futura-normativa-que-regulara-las-titulaciones-nauticas-profesionales\/#article","name":"Luz verde a la futura normativa que regular\u00e1 las titulaciones n\u00e1uticas profesionales | El Digital de Asturias","headline":"Luz verde a la futura normativa que regular\u00e1 las titulaciones n\u00e1uticas profesionales","author":{"@id":"https:\/\/eldigitaldeasturias.com\/magazine365\/author\/admin\/#author"},"publisher":{"@id":"https:\/\/eldigitaldeasturias.com\/magazine365\/#organization"},"image":{"@type":"ImageObject","url":"https:\/\/eldigitaldeasturias.com\/magazine365\/wp-content\/uploads\/2015\/06\/fotonoticia_20150612141354_800.jpg","width":800,"height":532},"datePublished":"2015-06-13T02:04:02+02:00","dateModified":"2015-06-13T02:04:02+02:00","inLanguage":"es-ES","mainEntityOfPage":{"@id":"https:\/\/eldigitaldeasturias.com\/magazine365\/luz-verde-a-la-futura-normativa-que-regulara-las-titulaciones-nauticas-profesionales\/#webpage"},"isPartOf":{"@id":"https:\/\/eldigitaldeasturias.com\/magazine365\/luz-verde-a-la-futura-normativa-que-regulara-las-titulaciones-nauticas-profesionales\/#webpage"},"articleSection":"Actualidad Turismo"},{"@type":"BreadcrumbList","@id":"https:\/\/eldigitaldeasturias.com\/magazine365\/luz-verde-a-la-futura-normativa-que-regulara-las-titulaciones-nauticas-profesionales\/#breadcrumblist","itemListElement":[{"@type":"ListItem","@id":"https:\/\/eldigitaldeasturias.com\/magazine365#listItem","position":1,"name":"Home","item":"https:\/\/eldigitaldeasturias.com\/magazine365","nextItem":{"@type":"ListItem","@id":"https:\/\/eldigitaldeasturias.com\/magazine365\/category\/actualidad-turismo\/#listItem","name":"Actualidad Turismo"}},{"@type":"ListItem","@id":"https:\/\/eldigitaldeasturias.com\/magazine365\/category\/actualidad-turismo\/#listItem","position":2,"name":"Actualidad Turismo","item":"https:\/\/eldigitaldeasturias.com\/magazine365\/category\/actualidad-turismo\/","nextItem":{"@type":"ListItem","@id":"https:\/\/eldigitaldeasturias.com\/magazine365\/luz-verde-a-la-futura-normativa-que-regulara-las-titulaciones-nauticas-profesionales\/#listItem","name":"Luz verde a la futura normativa que regular\u00e1 las titulaciones n\u00e1uticas profesionales"},"previousItem":{"@type":"ListItem","@id":"https:\/\/eldigitaldeasturias.com\/magazine365#listItem","name":"Home"}},{"@type":"ListItem","@id":"https:\/\/eldigitaldeasturias.com\/magazine365\/luz-verde-a-la-futura-normativa-que-regulara-las-titulaciones-nauticas-profesionales\/#listItem","position":3,"name":"Luz verde a la futura normativa que regular\u00e1 las titulaciones n\u00e1uticas profesionales","previousItem":{"@type":"ListItem","@id":"https:\/\/eldigitaldeasturias.com\/magazine365\/category\/actualidad-turismo\/#listItem","name":"Actualidad Turismo"}}]},{"@type":"Organization","@id":"https:\/\/eldigitaldeasturias.com\/magazine365\/#organization","name":"El digital de Asturias","description":"Revista de ocio, turismo y estilo de vida","url":"https:\/\/eldigitaldeasturias.com\/magazine365\/","logo":{"@type":"ImageObject","url":"https:\/\/www.eldigitaldeasturias.com\/noticias\/wp-content\/uploads\/2020\/12\/EDA.jpg","@id":"https:\/\/eldigitaldeasturias.com\/magazine365\/luz-verde-a-la-futura-normativa-que-regulara-las-titulaciones-nauticas-profesionales\/#organizationLogo"},"image":{"@id":"https:\/\/eldigitaldeasturias.com\/magazine365\/luz-verde-a-la-futura-normativa-que-regulara-las-titulaciones-nauticas-profesionales\/#organizationLogo"}},{"@type":"Person","@id":"https:\/\/eldigitaldeasturias.com\/magazine365\/author\/admin\/#author","url":"https:\/\/eldigitaldeasturias.com\/magazine365\/author\/admin\/","name":"admin","image":{"@type":"ImageObject","@id":"https:\/\/eldigitaldeasturias.com\/magazine365\/luz-verde-a-la-futura-normativa-que-regulara-las-titulaciones-nauticas-profesionales\/#authorImage","url":"https:\/\/eldigitaldeasturias.com\/magazine365\/wp-content\/litespeed\/avatar\/e571bcf59a0edd6fa6838245a470f2fe.jpg?ver=1776969259","width":96,"height":96,"caption":"admin"}},{"@type":"WebPage","@id":"https:\/\/eldigitaldeasturias.com\/magazine365\/luz-verde-a-la-futura-normativa-que-regulara-las-titulaciones-nauticas-profesionales\/#webpage","url":"https:\/\/eldigitaldeasturias.com\/magazine365\/luz-verde-a-la-futura-normativa-que-regulara-las-titulaciones-nauticas-profesionales\/","name":"Luz verde a la futura normativa que regular\u00e1 las titulaciones n\u00e1uticas profesionales | El Digital de Asturias","description":"El proyecto legislativo para regular las titulaciones n\u00e1uticas para desarrollar determinadas actividades remuneradas, avanza de acuerdo con las previsiones anunciadas por los responsables de la Direcci\u00f3n General de Marina Mercante (DGMM) durante el III Congreso N\u00e1utico, celebrado el pasado mes de marzo, seg\u00fan informa la Asociaci\u00f3n Nacional de Empresas N\u00e1uticas (Anen). Esta futura normativa completar\u00eda","inLanguage":"es-ES","isPartOf":{"@id":"https:\/\/eldigitaldeasturias.com\/magazine365\/#website"},"breadcrumb":{"@id":"https:\/\/eldigitaldeasturias.com\/magazine365\/luz-verde-a-la-futura-normativa-que-regulara-las-titulaciones-nauticas-profesionales\/#breadcrumblist"},"author":{"@id":"https:\/\/eldigitaldeasturias.com\/magazine365\/author\/admin\/#author"},"creator":{"@id":"https:\/\/eldigitaldeasturias.com\/magazine365\/author\/admin\/#author"},"image":{"@type":"ImageObject","url":"https:\/\/eldigitaldeasturias.com\/magazine365\/wp-content\/uploads\/2015\/06\/fotonoticia_20150612141354_800.jpg","@id":"https:\/\/eldigitaldeasturias.com\/magazine365\/luz-verde-a-la-futura-normativa-que-regulara-las-titulaciones-nauticas-profesionales\/#mainImage","width":800,"height":532},"primaryImageOfPage":{"@id":"https:\/\/eldigitaldeasturias.com\/magazine365\/luz-verde-a-la-futura-normativa-que-regulara-las-titulaciones-nauticas-profesionales\/#mainImage"},"datePublished":"2015-06-13T02:04:02+02:00","dateModified":"2015-06-13T02:04:02+02:00"},{"@type":"WebSite","@id":"https:\/\/eldigitaldeasturias.com\/magazine365\/#website","url":"https:\/\/eldigitaldeasturias.com\/magazine365\/","name":"El Digital de Asturias","description":"Revista de ocio, turismo y estilo de vida","inLanguage":"es-ES","publisher":{"@id":"https:\/\/eldigitaldeasturias.com\/magazine365\/#organization"}}]},"og:locale":"es_ES","og:site_name":"El Digital de Asturias \u2013 Revista de ocio, turismo y estilo de vida","og:type":"article","og:title":"Luz verde a la futura normativa que regular\u00e1 las titulaciones n\u00e1uticas profesionales | El Digital de Asturias","og:description":"El proyecto legislativo para regular las titulaciones n\u00e1uticas para desarrollar determinadas actividades remuneradas, avanza de acuerdo con las previsiones anunciadas por los responsables de la Direcci\u00f3n General de Marina Mercante (DGMM) durante el III Congreso N\u00e1utico, celebrado el pasado mes de marzo, seg\u00fan informa la Asociaci\u00f3n Nacional de Empresas N\u00e1uticas (Anen). Esta futura normativa completar\u00eda","og:url":"https:\/\/eldigitaldeasturias.com\/magazine365\/luz-verde-a-la-futura-normativa-que-regulara-las-titulaciones-nauticas-profesionales\/","og:image":"https:\/\/eldigitaldeasturias.com\/magazine365\/wp-content\/uploads\/2015\/06\/fotonoticia_20150612141354_800.jpg","og:image:secure_url":"https:\/\/eldigitaldeasturias.com\/magazine365\/wp-content\/uploads\/2015\/06\/fotonoticia_20150612141354_800.jpg","og:image:width":800,"og:image:height":532,"article:published_time":"2015-06-13T00:34:02+00:00","article:modified_time":"2015-06-13T00:34:02+00:00","twitter:card":"summary_large_image","twitter:title":"Luz verde a la futura normativa que regular\u00e1 las titulaciones n\u00e1uticas profesionales | El Digital de Asturias","twitter:description":"El proyecto legislativo para regular las titulaciones n\u00e1uticas para desarrollar determinadas actividades remuneradas, avanza de acuerdo con las previsiones anunciadas por los responsables de la Direcci\u00f3n General de Marina Mercante (DGMM) durante el III Congreso N\u00e1utico, celebrado el pasado mes de marzo, seg\u00fan informa la Asociaci\u00f3n Nacional de Empresas N\u00e1uticas (Anen). Esta futura normativa completar\u00eda","twitter:image":"https:\/\/eldigitaldeasturias.com\/magazine365\/wp-content\/uploads\/2015\/06\/fotonoticia_20150612141354_800.jpg"},"aioseo_meta_data":{"post_id":"39738","title":null,"description":null,"keywords":null,"keyphrases":null,"primary_term":null,"canonical_url":null,"og_title":null,"og_description":null,"og_object_type":"default","og_image_type":"default","og_image_url":null,"og_image_width":null,"og_image_height":null,"og_image_custom_url":null,"og_image_custom_fields":null,"og_video":null,"og_custom_url":null,"og_article_section":null,"og_article_tags":null,"twitter_use_og":false,"twitter_card":"default","twitter_image_type":"default","twitter_image_url":null,"twitter_image_custom_url":null,"twitter_image_custom_fields":null,"twitter_title":null,"twitter_description":null,"schema":{"blockGraphs":[],"customGraphs":[],"default":{"data":{"Article":[],"Course":[],"Dataset":[],"FAQPage":[],"Movie":[],"Person":[],"Product":[],"ProductReview":[],"Car":[],"Recipe":[],"Service":[],"SoftwareApplication":[],"WebPage":[]},"graphName":"","isEnabled":true},"graphs":[],"defaultGraph":"","defaultPostTypeGraph":""},"schema_type":null,"schema_type_options":null,"pillar_content":false,"robots_default":true,"robots_noindex":false,"robots_noarchive":false,"robots_nosnippet":false,"robots_nofollow":false,"robots_noimageindex":false,"robots_noodp":false,"robots_notranslate":false,"robots_max_snippet":null,"robots_max_videopreview":null,"robots_max_imagepreview":"large","priority":null,"frequency":null,"location":null,"local_seo":null,"seo_analyzer_scan_date":"2025-09-19 12:13:57","breadcrumb_settings":null,"limit_modified_date":false,"open_ai":null,"ai":null,"created":"2021-03-09 02:37:42","updated":"2025-09-19 12:13:57"},"aioseo_breadcrumb":"<div class=\"aioseo-breadcrumbs\"><span class=\"aioseo-breadcrumb\">\n\t<a href=\"https:\/\/eldigitaldeasturias.com\/magazine365\" title=\"Home\">Home<\/a>\n<\/span><span class=\"aioseo-breadcrumb-separator\">\u2013<\/span><span class=\"aioseo-breadcrumb\">\n\t<a href=\"https:\/\/eldigitaldeasturias.com\/magazine365\/category\/actualidad-turismo\/\" title=\"Actualidad Turismo\">Actualidad Turismo<\/a>\n<\/span><span class=\"aioseo-breadcrumb-separator\">\u2013<\/span><span class=\"aioseo-breadcrumb\">\n\t<a href=\"https:\/\/eldigitaldeasturias.com\/magazine365\/luz-verde-a-la-futura-normativa-que-regulara-las-titulaciones-nauticas-profesionales\/\" title=\"Luz verde a la futura normativa que regular\u00e1 las titulaciones n\u00e1uticas profesionales\">Luz verde a la futura normativa que regular\u00e1 las titulaciones n\u00e1uticas profesionales<\/a>\n<\/span><\/div>","aioseo_breadcrumb_json":[{"label":"Home","link":"https:\/\/eldigitaldeasturias.com\/magazine365"},{"label":"Actualidad Turismo","link":"https:\/\/eldigitaldeasturias.com\/magazine365\/category\/actualidad-turismo\/"},{"label":"Luz verde a la futura normativa que regular\u00e1 las titulaciones n\u00e1uticas profesionales","link":"https:\/\/eldigitaldeasturias.com\/magazine365\/luz-verde-a-la-futura-normativa-que-regulara-las-titulaciones-nauticas-profesionales\/"}],"_links":{"self":[{"href":"https:\/\/eldigitaldeasturias.com\/magazine365\/wp-json\/wp\/v2\/posts\/39738","targetHints":{"allow":["GET"]}}],"collection":[{"href":"https:\/\/eldigitaldeasturias.com\/magazine365\/wp-json\/wp\/v2\/posts"}],"about":[{"href":"https:\/\/eldigitaldeasturias.com\/magazine365\/wp-json\/wp\/v2\/types\/post"}],"author":[{"embeddable":true,"href":"https:\/\/eldigitaldeasturias.com\/magazine365\/wp-json\/wp\/v2\/users\/1"}],"replies":[{"embeddable":true,"href":"https:\/\/eldigitaldeasturias.com\/magazine365\/wp-json\/wp\/v2\/comments?post=39738"}],"version-history":[{"count":0,"href":"https:\/\/eldigitaldeasturias.com\/magazine365\/wp-json\/wp\/v2\/posts\/39738\/revisions"}],"wp:featuredmedia":[{"embeddable":true,"href":"https:\/\/eldigitaldeasturias.com\/magazine365\/wp-json\/wp\/v2\/media\/39739"}],"wp:attachment":[{"href":"https:\/\/eldigitaldeasturias.com\/magazine365\/wp-json\/wp\/v2\/media?parent=39738"}],"wp:term":[{"taxonomy":"category","embeddable":true,"href":"https:\/\/eldigitaldeasturias.com\/magazine365\/wp-json\/wp\/v2\/categories?post=39738"},{"taxonomy":"post_tag","embeddable":true,"href":"https:\/\/eldigitaldeasturias.com\/magazine365\/wp-json\/wp\/v2\/tags?post=39738"}],"curies":[{"name":"wp","href":"https:\/\/api.w.org\/{rel}","templated":true}]}}