{"id":39735,"date":"2015-06-13T01:59:44","date_gmt":"2015-06-13T00:29:44","guid":{"rendered":"http:\/\/eldigitaldeasturias.com\/magazine365\/?p=39735"},"modified":"2015-06-13T01:59:44","modified_gmt":"2015-06-13T00:29:44","slug":"jaen-impulsa-la-promocion-turistica-con-touroperadores-extranjeros","status":"publish","type":"post","link":"https:\/\/eldigitaldeasturias.com\/magazine365\/jaen-impulsa-la-promocion-turistica-con-touroperadores-extranjeros\/","title":{"rendered":"Ja\u00e9n impulsa la promoci\u00f3n tur\u00edstica con touroperadores extranjeros"},"content":{"rendered":"<p><img fetchpriority=\"high\" decoding=\"async\" class=\"alignleft size-medium wp-image-39736\" src=\"https:\/\/eldigitaldeasturias.com\/magazine365\/wp-content\/uploads\/2015\/06\/fotonoticia_20150612140528_800-225x300.jpg\" alt=\"fotonoticia_20150612140528_800\" width=\"225\" height=\"300\" srcset=\"https:\/\/eldigitaldeasturias.com\/magazine365\/wp-content\/uploads\/2015\/06\/fotonoticia_20150612140528_800-225x300.jpg 225w, https:\/\/eldigitaldeasturias.com\/magazine365\/wp-content\/uploads\/2015\/06\/fotonoticia_20150612140528_800-480x640.jpg 480w, https:\/\/eldigitaldeasturias.com\/magazine365\/wp-content\/uploads\/2015\/06\/fotonoticia_20150612140528_800-768x1024.jpg 768w, https:\/\/eldigitaldeasturias.com\/magazine365\/wp-content\/uploads\/2015\/06\/fotonoticia_20150612140528_800-150x200.jpg 150w, https:\/\/eldigitaldeasturias.com\/magazine365\/wp-content\/uploads\/2015\/06\/fotonoticia_20150612140528_800-450x600.jpg 450w, https:\/\/eldigitaldeasturias.com\/magazine365\/wp-content\/uploads\/2015\/06\/fotonoticia_20150612140528_800-696x928.jpg 696w, https:\/\/eldigitaldeasturias.com\/magazine365\/wp-content\/uploads\/2015\/06\/fotonoticia_20150612140528_800-315x420.jpg 315w, https:\/\/eldigitaldeasturias.com\/magazine365\/wp-content\/uploads\/2015\/06\/fotonoticia_20150612140528_800.jpg 800w\" sizes=\"(max-width: 225px) 100vw, 225px\" \/>La Diputaci\u00f3n de Ja\u00e9n va a impulsar la promoci\u00f3n de la provincia en el extranjero con acciones para touroperadores internacionales que se van a llevar a cabo a lo largo del mes de junio con el objetivo de atraer una mayor n\u00famero de turistas extranjeros.<\/p>\n<p>\u00abQueremos que cada vez sean m\u00e1s los viajeros de otros pa\u00edses los que conozcan el para\u00edso interior jiennense e introducir nuestra oferta cultural y de naturaleza en nuevos mercados que son emisores potenciales de turistas\u00bb, remarca la vicepresidenta de la Administraci\u00f3n provincial en funciones, Pilar Parra.<\/p>\n<p>Entre las actividades programadas con touroperadores internacionales a lo largo del mes de junio, destaca el Foro del Benelux que traer\u00e1 hasta la provincia entre los d\u00edas 17 y 21 de junio a m\u00e1s de una veintena de agentes de viaje de B\u00e9lgica y Holanda. Este grupo, adem\u00e1s de conocer distintos productos tur\u00edsticos, participar\u00e1 en una bolsa de comercializaci\u00f3n con m\u00e1s de treinta empresarios jiennenses que se desarrollar\u00e1 el 19 de junio en Linares.<\/p>\n<p>La estancia en Ja\u00e9n de estos touroperadores belgas y holandeses \u00absupone una oportunidad muy importante para introducir nuestro para\u00edso interior en estos mercados, ya que el turista de estos pa\u00edses muestra un gran inter\u00e9s por el oleoturismo, por las rutas culturales y las ciudades Patrimonio de la Humanidad, as\u00ed como por la realizaci\u00f3n de actividades de turismo activo, como senderismo y bicicleta, en parques naturales, adem\u00e1s de que priorizan la gastronom\u00eda en su elecci\u00f3n de destino\u00bb, subraya Pilar Parra. As\u00ed, el viaje por la provincia que se les ha dise\u00f1ado incluir\u00e1 visitas a \u00dabeda y Baeza, al Parque Natural de las Sierras de Cazorla, Segura y Las Villas, Ja\u00e9n capital y Linares.<\/p>\n<p>Tambi\u00e9n en este mes de junio, entre los d\u00edas 6 y 9, la provincia ha sido la protagonista del postour organizado en el marco de la 10\u00aa Feria de Turismo de Am\u00e9rica Latina y Europa (EUROAL) celebrada recientemente en Torremolinos, en el que se han dado cita delegaciones de 19 pa\u00edses y 161 empresas de servicios tur\u00edsticos.<\/p>\n<p>A trav\u00e9s de este postour, ocho operadores de pa\u00edses de tres continentes -Per\u00fa, Chile, Estados Unidos, Reino Unido, Rusia, China y Jap\u00f3n- han visitado distintos recursos tur\u00edsticos de la provincia jiennense como las ciudades Patrimonio de la Humanidad, \u00dabeda y Baeza, Ja\u00e9n capital, el Parque Natural Sierras de Cazorla, Segura y Las Villas, Linares y Alcal\u00e1 la Real, adem\u00e1s de conocer la gastronom\u00eda jiennense y degustar los aceites de oliva virgen extra &#8216;Ja\u00e9n Selecci\u00f3n 2015&#8217;. \u00abSe trata de agentes que operan a nivel internacional, que poseen gran experiencia y una amplia trayectoria en el sector, adem\u00e1s de que son l\u00edderes en sus respectivos pa\u00edses y ofrecen a sus clientes paquetes tur\u00edsticos de calidad\u00bb, destaca Pilar Parra.<\/p>\n<p>Asimismo, la provincia ha sido este mi\u00e9rcoles, destino de ocho agentes de viaje brit\u00e1nicos, pertenecientes al touroperador Kirker Holydays, \u00abque est\u00e1 especializado en la creaci\u00f3n de vacaciones a medida, para lo que cuida especialmente la selecci\u00f3n de hoteles y museos y ofrecen informaci\u00f3n \u00fatil sobre restaurantes, bares, mercados y visitas\u00bb, explica Parra. Estos agentes han conocido la Catedral de Ja\u00e9n, el Centro Cultural Ba\u00f1os \u00c1rabes y el Castillo de Santa Catalina antes de desplazarse hasta Baeza, ciudad Patrimonio de la Humanidad.<\/p>\n<p>Adem\u00e1s, de forma paralela a estos viajes de familiarizaci\u00f3n, la oferta tur\u00edstica jiennense ha vuelto a trasladarse estos d\u00edas a las ciudades francesas de Par\u00eds y Burdeos. Hasta este s\u00e1bado, la Diputaci\u00f3n de Ja\u00e9n est\u00e1 participando de manos de la Junta de Andaluc\u00eda en la Semana de Andaluc\u00eda en Par\u00eds y, a trav\u00e9s de la Oficina Espa\u00f1ola de Turismo en Par\u00eds, tambi\u00e9n est\u00e1 presente en Burdeos, ya que \u00abFrancia es el principal mercado emisor de turistas extranjeros para la provincia y el p\u00fablico franc\u00e9s demanda principalmente productos tur\u00edsticos culturales y gastron\u00f3micos, que son los que oferta la provincia jiennense\u00bb, concluye Parra.<\/p>\n","protected":false},"excerpt":{"rendered":"<p>La Diputaci\u00f3n de Ja\u00e9n va a impulsar la promoci\u00f3n de la provincia en el extranjero con acciones para touroperadores internacionales que se van a llevar a cabo a lo largo del mes de junio con el objetivo de atraer una mayor n\u00famero de turistas extranjeros. \u00abQueremos que cada vez sean m\u00e1s los viajeros de otros<\/p>\n","protected":false},"author":1,"featured_media":39736,"comment_status":"open","ping_status":"closed","sticky":false,"template":"","format":"standard","meta":{"footnotes":""},"categories":[222],"tags":[],"class_list":{"0":"post-39735","1":"post","2":"type-post","3":"status-publish","4":"format-standard","5":"has-post-thumbnail","7":"category-actualidad-turismo"},"aioseo_notices":[],"aioseo_head":"\n\t\t<!-- All in One SEO Pro 4.9.6.1 - aioseo.com -->\n\t<meta name=\"description\" content=\"La Diputaci\u00f3n de Ja\u00e9n va a impulsar la promoci\u00f3n de la provincia en el extranjero con acciones para touroperadores internacionales que se van a llevar a cabo a lo largo del mes de junio con el objetivo de atraer una mayor n\u00famero de turistas extranjeros. &quot;Queremos que cada vez sean m\u00e1s los viajeros de otros\" \/>\n\t<meta name=\"robots\" content=\"max-image-preview:large\" \/>\n\t<meta name=\"author\" content=\"admin\"\/>\n\t<meta name=\"google-site-verification\" content=\"UA-38556648-1\" \/>\n\t<meta name=\"keywords\" content=\"actualidad turismo\" \/>\n\t<link rel=\"canonical\" href=\"https:\/\/eldigitaldeasturias.com\/magazine365\/jaen-impulsa-la-promocion-turistica-con-touroperadores-extranjeros\/\" \/>\n\t<meta name=\"generator\" content=\"All in One SEO Pro (AIOSEO) 4.9.6.1\" \/>\n\t\t<meta property=\"og:locale\" content=\"es_ES\" \/>\n\t\t<meta property=\"og:site_name\" content=\"El Digital de Asturias \u2013 Revista de ocio, turismo y estilo de vida\" \/>\n\t\t<meta property=\"og:type\" content=\"article\" \/>\n\t\t<meta property=\"og:title\" content=\"Ja\u00e9n impulsa la promoci\u00f3n tur\u00edstica con touroperadores extranjeros | El Digital de Asturias\" \/>\n\t\t<meta property=\"og:description\" content=\"La Diputaci\u00f3n de Ja\u00e9n va a impulsar la promoci\u00f3n de la provincia en el extranjero con acciones para touroperadores internacionales que se van a llevar a cabo a lo largo del mes de junio con el objetivo de atraer una mayor n\u00famero de turistas extranjeros. &quot;Queremos que cada vez sean m\u00e1s los viajeros de otros\" \/>\n\t\t<meta property=\"og:url\" content=\"https:\/\/eldigitaldeasturias.com\/magazine365\/jaen-impulsa-la-promocion-turistica-con-touroperadores-extranjeros\/\" \/>\n\t\t<meta property=\"og:image\" content=\"https:\/\/eldigitaldeasturias.com\/magazine365\/wp-content\/uploads\/2015\/06\/fotonoticia_20150612140528_800.jpg\" \/>\n\t\t<meta property=\"og:image:secure_url\" content=\"https:\/\/eldigitaldeasturias.com\/magazine365\/wp-content\/uploads\/2015\/06\/fotonoticia_20150612140528_800.jpg\" \/>\n\t\t<meta property=\"og:image:width\" content=\"800\" \/>\n\t\t<meta property=\"og:image:height\" content=\"1067\" \/>\n\t\t<meta property=\"article:published_time\" content=\"2015-06-13T00:29:44+00:00\" \/>\n\t\t<meta property=\"article:modified_time\" content=\"2015-06-13T00:29:44+00:00\" \/>\n\t\t<meta name=\"twitter:card\" content=\"summary_large_image\" \/>\n\t\t<meta name=\"twitter:title\" content=\"Ja\u00e9n impulsa la promoci\u00f3n tur\u00edstica con touroperadores extranjeros | El Digital de Asturias\" \/>\n\t\t<meta name=\"twitter:description\" content=\"La Diputaci\u00f3n de Ja\u00e9n va a impulsar la promoci\u00f3n de la provincia en el extranjero con acciones para touroperadores internacionales que se van a llevar a cabo a lo largo del mes de junio con el objetivo de atraer una mayor n\u00famero de turistas extranjeros. &quot;Queremos que cada vez sean m\u00e1s los viajeros de otros\" \/>\n\t\t<meta name=\"twitter:image\" content=\"https:\/\/eldigitaldeasturias.com\/magazine365\/wp-content\/uploads\/2015\/06\/fotonoticia_20150612140528_800.jpg\" \/>\n\t\t<script type=\"application\/ld+json\" class=\"aioseo-schema\">\n\t\t\t{\"@context\":\"https:\\\/\\\/schema.org\",\"@graph\":[{\"@type\":\"Article\",\"@id\":\"https:\\\/\\\/eldigitaldeasturias.com\\\/magazine365\\\/jaen-impulsa-la-promocion-turistica-con-touroperadores-extranjeros\\\/#article\",\"name\":\"Ja\\u00e9n impulsa la promoci\\u00f3n tur\\u00edstica con touroperadores extranjeros | El Digital de Asturias\",\"headline\":\"Ja\\u00e9n impulsa la promoci\\u00f3n tur\\u00edstica con touroperadores extranjeros\",\"author\":{\"@id\":\"https:\\\/\\\/eldigitaldeasturias.com\\\/magazine365\\\/author\\\/admin\\\/#author\"},\"publisher\":{\"@id\":\"https:\\\/\\\/eldigitaldeasturias.com\\\/magazine365\\\/#organization\"},\"image\":{\"@type\":\"ImageObject\",\"url\":\"https:\\\/\\\/eldigitaldeasturias.com\\\/magazine365\\\/wp-content\\\/uploads\\\/2015\\\/06\\\/fotonoticia_20150612140528_800.jpg\",\"width\":800,\"height\":1067},\"datePublished\":\"2015-06-13T01:59:44+02:00\",\"dateModified\":\"2015-06-13T01:59:44+02:00\",\"inLanguage\":\"es-ES\",\"mainEntityOfPage\":{\"@id\":\"https:\\\/\\\/eldigitaldeasturias.com\\\/magazine365\\\/jaen-impulsa-la-promocion-turistica-con-touroperadores-extranjeros\\\/#webpage\"},\"isPartOf\":{\"@id\":\"https:\\\/\\\/eldigitaldeasturias.com\\\/magazine365\\\/jaen-impulsa-la-promocion-turistica-con-touroperadores-extranjeros\\\/#webpage\"},\"articleSection\":\"Actualidad Turismo\"},{\"@type\":\"BreadcrumbList\",\"@id\":\"https:\\\/\\\/eldigitaldeasturias.com\\\/magazine365\\\/jaen-impulsa-la-promocion-turistica-con-touroperadores-extranjeros\\\/#breadcrumblist\",\"itemListElement\":[{\"@type\":\"ListItem\",\"@id\":\"https:\\\/\\\/eldigitaldeasturias.com\\\/magazine365#listItem\",\"position\":1,\"name\":\"Home\",\"item\":\"https:\\\/\\\/eldigitaldeasturias.com\\\/magazine365\",\"nextItem\":{\"@type\":\"ListItem\",\"@id\":\"https:\\\/\\\/eldigitaldeasturias.com\\\/magazine365\\\/category\\\/actualidad-turismo\\\/#listItem\",\"name\":\"Actualidad Turismo\"}},{\"@type\":\"ListItem\",\"@id\":\"https:\\\/\\\/eldigitaldeasturias.com\\\/magazine365\\\/category\\\/actualidad-turismo\\\/#listItem\",\"position\":2,\"name\":\"Actualidad Turismo\",\"item\":\"https:\\\/\\\/eldigitaldeasturias.com\\\/magazine365\\\/category\\\/actualidad-turismo\\\/\",\"nextItem\":{\"@type\":\"ListItem\",\"@id\":\"https:\\\/\\\/eldigitaldeasturias.com\\\/magazine365\\\/jaen-impulsa-la-promocion-turistica-con-touroperadores-extranjeros\\\/#listItem\",\"name\":\"Ja\\u00e9n impulsa la promoci\\u00f3n tur\\u00edstica con touroperadores extranjeros\"},\"previousItem\":{\"@type\":\"ListItem\",\"@id\":\"https:\\\/\\\/eldigitaldeasturias.com\\\/magazine365#listItem\",\"name\":\"Home\"}},{\"@type\":\"ListItem\",\"@id\":\"https:\\\/\\\/eldigitaldeasturias.com\\\/magazine365\\\/jaen-impulsa-la-promocion-turistica-con-touroperadores-extranjeros\\\/#listItem\",\"position\":3,\"name\":\"Ja\\u00e9n impulsa la promoci\\u00f3n tur\\u00edstica con touroperadores extranjeros\",\"previousItem\":{\"@type\":\"ListItem\",\"@id\":\"https:\\\/\\\/eldigitaldeasturias.com\\\/magazine365\\\/category\\\/actualidad-turismo\\\/#listItem\",\"name\":\"Actualidad Turismo\"}}]},{\"@type\":\"Organization\",\"@id\":\"https:\\\/\\\/eldigitaldeasturias.com\\\/magazine365\\\/#organization\",\"name\":\"El digital de Asturias\",\"description\":\"Revista de ocio, turismo y estilo de vida\",\"url\":\"https:\\\/\\\/eldigitaldeasturias.com\\\/magazine365\\\/\",\"logo\":{\"@type\":\"ImageObject\",\"url\":\"https:\\\/\\\/www.eldigitaldeasturias.com\\\/noticias\\\/wp-content\\\/uploads\\\/2020\\\/12\\\/EDA.jpg\",\"@id\":\"https:\\\/\\\/eldigitaldeasturias.com\\\/magazine365\\\/jaen-impulsa-la-promocion-turistica-con-touroperadores-extranjeros\\\/#organizationLogo\"},\"image\":{\"@id\":\"https:\\\/\\\/eldigitaldeasturias.com\\\/magazine365\\\/jaen-impulsa-la-promocion-turistica-con-touroperadores-extranjeros\\\/#organizationLogo\"}},{\"@type\":\"Person\",\"@id\":\"https:\\\/\\\/eldigitaldeasturias.com\\\/magazine365\\\/author\\\/admin\\\/#author\",\"url\":\"https:\\\/\\\/eldigitaldeasturias.com\\\/magazine365\\\/author\\\/admin\\\/\",\"name\":\"admin\",\"image\":{\"@type\":\"ImageObject\",\"@id\":\"https:\\\/\\\/eldigitaldeasturias.com\\\/magazine365\\\/jaen-impulsa-la-promocion-turistica-con-touroperadores-extranjeros\\\/#authorImage\",\"url\":\"https:\\\/\\\/eldigitaldeasturias.com\\\/magazine365\\\/wp-content\\\/litespeed\\\/avatar\\\/e571bcf59a0edd6fa6838245a470f2fe.jpg?ver=1776969259\",\"width\":96,\"height\":96,\"caption\":\"admin\"}},{\"@type\":\"WebPage\",\"@id\":\"https:\\\/\\\/eldigitaldeasturias.com\\\/magazine365\\\/jaen-impulsa-la-promocion-turistica-con-touroperadores-extranjeros\\\/#webpage\",\"url\":\"https:\\\/\\\/eldigitaldeasturias.com\\\/magazine365\\\/jaen-impulsa-la-promocion-turistica-con-touroperadores-extranjeros\\\/\",\"name\":\"Ja\\u00e9n impulsa la promoci\\u00f3n tur\\u00edstica con touroperadores extranjeros | El Digital de Asturias\",\"description\":\"La Diputaci\\u00f3n de Ja\\u00e9n va a impulsar la promoci\\u00f3n de la provincia en el extranjero con acciones para touroperadores internacionales que se van a llevar a cabo a lo largo del mes de junio con el objetivo de atraer una mayor n\\u00famero de turistas extranjeros. \\\"Queremos que cada vez sean m\\u00e1s los viajeros de otros\",\"inLanguage\":\"es-ES\",\"isPartOf\":{\"@id\":\"https:\\\/\\\/eldigitaldeasturias.com\\\/magazine365\\\/#website\"},\"breadcrumb\":{\"@id\":\"https:\\\/\\\/eldigitaldeasturias.com\\\/magazine365\\\/jaen-impulsa-la-promocion-turistica-con-touroperadores-extranjeros\\\/#breadcrumblist\"},\"author\":{\"@id\":\"https:\\\/\\\/eldigitaldeasturias.com\\\/magazine365\\\/author\\\/admin\\\/#author\"},\"creator\":{\"@id\":\"https:\\\/\\\/eldigitaldeasturias.com\\\/magazine365\\\/author\\\/admin\\\/#author\"},\"image\":{\"@type\":\"ImageObject\",\"url\":\"https:\\\/\\\/eldigitaldeasturias.com\\\/magazine365\\\/wp-content\\\/uploads\\\/2015\\\/06\\\/fotonoticia_20150612140528_800.jpg\",\"@id\":\"https:\\\/\\\/eldigitaldeasturias.com\\\/magazine365\\\/jaen-impulsa-la-promocion-turistica-con-touroperadores-extranjeros\\\/#mainImage\",\"width\":800,\"height\":1067},\"primaryImageOfPage\":{\"@id\":\"https:\\\/\\\/eldigitaldeasturias.com\\\/magazine365\\\/jaen-impulsa-la-promocion-turistica-con-touroperadores-extranjeros\\\/#mainImage\"},\"datePublished\":\"2015-06-13T01:59:44+02:00\",\"dateModified\":\"2015-06-13T01:59:44+02:00\"},{\"@type\":\"WebSite\",\"@id\":\"https:\\\/\\\/eldigitaldeasturias.com\\\/magazine365\\\/#website\",\"url\":\"https:\\\/\\\/eldigitaldeasturias.com\\\/magazine365\\\/\",\"name\":\"El Digital de Asturias\",\"description\":\"Revista de ocio, turismo y estilo de vida\",\"inLanguage\":\"es-ES\",\"publisher\":{\"@id\":\"https:\\\/\\\/eldigitaldeasturias.com\\\/magazine365\\\/#organization\"}}]}\n\t\t<\/script>\n\t\t<!-- All in One SEO Pro -->\r\n\t\t<title>Ja\u00e9n impulsa la promoci\u00f3n tur\u00edstica con touroperadores extranjeros | El Digital de Asturias<\/title>\n\n","aioseo_head_json":{"title":"Ja\u00e9n impulsa la promoci\u00f3n tur\u00edstica con touroperadores extranjeros | El Digital de Asturias","description":"La Diputaci\u00f3n de Ja\u00e9n va a impulsar la promoci\u00f3n de la provincia en el extranjero con acciones para touroperadores internacionales que se van a llevar a cabo a lo largo del mes de junio con el objetivo de atraer una mayor n\u00famero de turistas extranjeros. \"Queremos que cada vez sean m\u00e1s los viajeros de otros","canonical_url":"https:\/\/eldigitaldeasturias.com\/magazine365\/jaen-impulsa-la-promocion-turistica-con-touroperadores-extranjeros\/","robots":"max-image-preview:large","keywords":"actualidad turismo","webmasterTools":{"google-site-verification":"UA-38556648-1","miscellaneous":""},"schema":{"@context":"https:\/\/schema.org","@graph":[{"@type":"Article","@id":"https:\/\/eldigitaldeasturias.com\/magazine365\/jaen-impulsa-la-promocion-turistica-con-touroperadores-extranjeros\/#article","name":"Ja\u00e9n impulsa la promoci\u00f3n tur\u00edstica con touroperadores extranjeros | El Digital de Asturias","headline":"Ja\u00e9n impulsa la promoci\u00f3n tur\u00edstica con touroperadores extranjeros","author":{"@id":"https:\/\/eldigitaldeasturias.com\/magazine365\/author\/admin\/#author"},"publisher":{"@id":"https:\/\/eldigitaldeasturias.com\/magazine365\/#organization"},"image":{"@type":"ImageObject","url":"https:\/\/eldigitaldeasturias.com\/magazine365\/wp-content\/uploads\/2015\/06\/fotonoticia_20150612140528_800.jpg","width":800,"height":1067},"datePublished":"2015-06-13T01:59:44+02:00","dateModified":"2015-06-13T01:59:44+02:00","inLanguage":"es-ES","mainEntityOfPage":{"@id":"https:\/\/eldigitaldeasturias.com\/magazine365\/jaen-impulsa-la-promocion-turistica-con-touroperadores-extranjeros\/#webpage"},"isPartOf":{"@id":"https:\/\/eldigitaldeasturias.com\/magazine365\/jaen-impulsa-la-promocion-turistica-con-touroperadores-extranjeros\/#webpage"},"articleSection":"Actualidad Turismo"},{"@type":"BreadcrumbList","@id":"https:\/\/eldigitaldeasturias.com\/magazine365\/jaen-impulsa-la-promocion-turistica-con-touroperadores-extranjeros\/#breadcrumblist","itemListElement":[{"@type":"ListItem","@id":"https:\/\/eldigitaldeasturias.com\/magazine365#listItem","position":1,"name":"Home","item":"https:\/\/eldigitaldeasturias.com\/magazine365","nextItem":{"@type":"ListItem","@id":"https:\/\/eldigitaldeasturias.com\/magazine365\/category\/actualidad-turismo\/#listItem","name":"Actualidad Turismo"}},{"@type":"ListItem","@id":"https:\/\/eldigitaldeasturias.com\/magazine365\/category\/actualidad-turismo\/#listItem","position":2,"name":"Actualidad Turismo","item":"https:\/\/eldigitaldeasturias.com\/magazine365\/category\/actualidad-turismo\/","nextItem":{"@type":"ListItem","@id":"https:\/\/eldigitaldeasturias.com\/magazine365\/jaen-impulsa-la-promocion-turistica-con-touroperadores-extranjeros\/#listItem","name":"Ja\u00e9n impulsa la promoci\u00f3n tur\u00edstica con touroperadores extranjeros"},"previousItem":{"@type":"ListItem","@id":"https:\/\/eldigitaldeasturias.com\/magazine365#listItem","name":"Home"}},{"@type":"ListItem","@id":"https:\/\/eldigitaldeasturias.com\/magazine365\/jaen-impulsa-la-promocion-turistica-con-touroperadores-extranjeros\/#listItem","position":3,"name":"Ja\u00e9n impulsa la promoci\u00f3n tur\u00edstica con touroperadores extranjeros","previousItem":{"@type":"ListItem","@id":"https:\/\/eldigitaldeasturias.com\/magazine365\/category\/actualidad-turismo\/#listItem","name":"Actualidad Turismo"}}]},{"@type":"Organization","@id":"https:\/\/eldigitaldeasturias.com\/magazine365\/#organization","name":"El digital de Asturias","description":"Revista de ocio, turismo y estilo de vida","url":"https:\/\/eldigitaldeasturias.com\/magazine365\/","logo":{"@type":"ImageObject","url":"https:\/\/www.eldigitaldeasturias.com\/noticias\/wp-content\/uploads\/2020\/12\/EDA.jpg","@id":"https:\/\/eldigitaldeasturias.com\/magazine365\/jaen-impulsa-la-promocion-turistica-con-touroperadores-extranjeros\/#organizationLogo"},"image":{"@id":"https:\/\/eldigitaldeasturias.com\/magazine365\/jaen-impulsa-la-promocion-turistica-con-touroperadores-extranjeros\/#organizationLogo"}},{"@type":"Person","@id":"https:\/\/eldigitaldeasturias.com\/magazine365\/author\/admin\/#author","url":"https:\/\/eldigitaldeasturias.com\/magazine365\/author\/admin\/","name":"admin","image":{"@type":"ImageObject","@id":"https:\/\/eldigitaldeasturias.com\/magazine365\/jaen-impulsa-la-promocion-turistica-con-touroperadores-extranjeros\/#authorImage","url":"https:\/\/eldigitaldeasturias.com\/magazine365\/wp-content\/litespeed\/avatar\/e571bcf59a0edd6fa6838245a470f2fe.jpg?ver=1776969259","width":96,"height":96,"caption":"admin"}},{"@type":"WebPage","@id":"https:\/\/eldigitaldeasturias.com\/magazine365\/jaen-impulsa-la-promocion-turistica-con-touroperadores-extranjeros\/#webpage","url":"https:\/\/eldigitaldeasturias.com\/magazine365\/jaen-impulsa-la-promocion-turistica-con-touroperadores-extranjeros\/","name":"Ja\u00e9n impulsa la promoci\u00f3n tur\u00edstica con touroperadores extranjeros | El Digital de Asturias","description":"La Diputaci\u00f3n de Ja\u00e9n va a impulsar la promoci\u00f3n de la provincia en el extranjero con acciones para touroperadores internacionales que se van a llevar a cabo a lo largo del mes de junio con el objetivo de atraer una mayor n\u00famero de turistas extranjeros. \"Queremos que cada vez sean m\u00e1s los viajeros de otros","inLanguage":"es-ES","isPartOf":{"@id":"https:\/\/eldigitaldeasturias.com\/magazine365\/#website"},"breadcrumb":{"@id":"https:\/\/eldigitaldeasturias.com\/magazine365\/jaen-impulsa-la-promocion-turistica-con-touroperadores-extranjeros\/#breadcrumblist"},"author":{"@id":"https:\/\/eldigitaldeasturias.com\/magazine365\/author\/admin\/#author"},"creator":{"@id":"https:\/\/eldigitaldeasturias.com\/magazine365\/author\/admin\/#author"},"image":{"@type":"ImageObject","url":"https:\/\/eldigitaldeasturias.com\/magazine365\/wp-content\/uploads\/2015\/06\/fotonoticia_20150612140528_800.jpg","@id":"https:\/\/eldigitaldeasturias.com\/magazine365\/jaen-impulsa-la-promocion-turistica-con-touroperadores-extranjeros\/#mainImage","width":800,"height":1067},"primaryImageOfPage":{"@id":"https:\/\/eldigitaldeasturias.com\/magazine365\/jaen-impulsa-la-promocion-turistica-con-touroperadores-extranjeros\/#mainImage"},"datePublished":"2015-06-13T01:59:44+02:00","dateModified":"2015-06-13T01:59:44+02:00"},{"@type":"WebSite","@id":"https:\/\/eldigitaldeasturias.com\/magazine365\/#website","url":"https:\/\/eldigitaldeasturias.com\/magazine365\/","name":"El Digital de Asturias","description":"Revista de ocio, turismo y estilo de vida","inLanguage":"es-ES","publisher":{"@id":"https:\/\/eldigitaldeasturias.com\/magazine365\/#organization"}}]},"og:locale":"es_ES","og:site_name":"El Digital de Asturias \u2013 Revista de ocio, turismo y estilo de vida","og:type":"article","og:title":"Ja\u00e9n impulsa la promoci\u00f3n tur\u00edstica con touroperadores extranjeros | El Digital de Asturias","og:description":"La Diputaci\u00f3n de Ja\u00e9n va a impulsar la promoci\u00f3n de la provincia en el extranjero con acciones para touroperadores internacionales que se van a llevar a cabo a lo largo del mes de junio con el objetivo de atraer una mayor n\u00famero de turistas extranjeros. &quot;Queremos que cada vez sean m\u00e1s los viajeros de otros","og:url":"https:\/\/eldigitaldeasturias.com\/magazine365\/jaen-impulsa-la-promocion-turistica-con-touroperadores-extranjeros\/","og:image":"https:\/\/eldigitaldeasturias.com\/magazine365\/wp-content\/uploads\/2015\/06\/fotonoticia_20150612140528_800.jpg","og:image:secure_url":"https:\/\/eldigitaldeasturias.com\/magazine365\/wp-content\/uploads\/2015\/06\/fotonoticia_20150612140528_800.jpg","og:image:width":800,"og:image:height":1067,"article:published_time":"2015-06-13T00:29:44+00:00","article:modified_time":"2015-06-13T00:29:44+00:00","twitter:card":"summary_large_image","twitter:title":"Ja\u00e9n impulsa la promoci\u00f3n tur\u00edstica con touroperadores extranjeros | El Digital de Asturias","twitter:description":"La Diputaci\u00f3n de Ja\u00e9n va a impulsar la promoci\u00f3n de la provincia en el extranjero con acciones para touroperadores internacionales que se van a llevar a cabo a lo largo del mes de junio con el objetivo de atraer una mayor n\u00famero de turistas extranjeros. &quot;Queremos que cada vez sean m\u00e1s los viajeros de otros","twitter:image":"https:\/\/eldigitaldeasturias.com\/magazine365\/wp-content\/uploads\/2015\/06\/fotonoticia_20150612140528_800.jpg"},"aioseo_meta_data":{"post_id":"39735","title":null,"description":null,"keywords":null,"keyphrases":null,"primary_term":null,"canonical_url":null,"og_title":null,"og_description":null,"og_object_type":"default","og_image_type":"default","og_image_url":null,"og_image_width":null,"og_image_height":null,"og_image_custom_url":null,"og_image_custom_fields":null,"og_video":null,"og_custom_url":null,"og_article_section":null,"og_article_tags":null,"twitter_use_og":false,"twitter_card":"default","twitter_image_type":"default","twitter_image_url":null,"twitter_image_custom_url":null,"twitter_image_custom_fields":null,"twitter_title":null,"twitter_description":null,"schema":{"blockGraphs":[],"customGraphs":[],"default":{"data":{"Article":[],"Course":[],"Dataset":[],"FAQPage":[],"Movie":[],"Person":[],"Product":[],"ProductReview":[],"Car":[],"Recipe":[],"Service":[],"SoftwareApplication":[],"WebPage":[]},"graphName":"","isEnabled":true},"graphs":[],"defaultGraph":"","defaultPostTypeGraph":""},"schema_type":null,"schema_type_options":null,"pillar_content":false,"robots_default":true,"robots_noindex":false,"robots_noarchive":false,"robots_nosnippet":false,"robots_nofollow":false,"robots_noimageindex":false,"robots_noodp":false,"robots_notranslate":false,"robots_max_snippet":null,"robots_max_videopreview":null,"robots_max_imagepreview":"large","priority":null,"frequency":null,"location":null,"local_seo":null,"seo_analyzer_scan_date":"2025-09-19 12:12:29","breadcrumb_settings":null,"limit_modified_date":false,"open_ai":null,"ai":null,"created":"2021-03-09 02:37:42","updated":"2025-09-19 12:12:29"},"aioseo_breadcrumb":"<div class=\"aioseo-breadcrumbs\"><span class=\"aioseo-breadcrumb\">\n\t<a href=\"https:\/\/eldigitaldeasturias.com\/magazine365\" title=\"Home\">Home<\/a>\n<\/span><span class=\"aioseo-breadcrumb-separator\">\u2013<\/span><span class=\"aioseo-breadcrumb\">\n\t<a href=\"https:\/\/eldigitaldeasturias.com\/magazine365\/category\/actualidad-turismo\/\" title=\"Actualidad Turismo\">Actualidad Turismo<\/a>\n<\/span><span class=\"aioseo-breadcrumb-separator\">\u2013<\/span><span class=\"aioseo-breadcrumb\">\n\t<a href=\"https:\/\/eldigitaldeasturias.com\/magazine365\/jaen-impulsa-la-promocion-turistica-con-touroperadores-extranjeros\/\" title=\"Ja\u00e9n impulsa la promoci\u00f3n tur\u00edstica con touroperadores extranjeros\">Ja\u00e9n impulsa la promoci\u00f3n tur\u00edstica con touroperadores extranjeros<\/a>\n<\/span><\/div>","aioseo_breadcrumb_json":[{"label":"Home","link":"https:\/\/eldigitaldeasturias.com\/magazine365"},{"label":"Actualidad Turismo","link":"https:\/\/eldigitaldeasturias.com\/magazine365\/category\/actualidad-turismo\/"},{"label":"Ja\u00e9n impulsa la promoci\u00f3n tur\u00edstica con touroperadores extranjeros","link":"https:\/\/eldigitaldeasturias.com\/magazine365\/jaen-impulsa-la-promocion-turistica-con-touroperadores-extranjeros\/"}],"_links":{"self":[{"href":"https:\/\/eldigitaldeasturias.com\/magazine365\/wp-json\/wp\/v2\/posts\/39735","targetHints":{"allow":["GET"]}}],"collection":[{"href":"https:\/\/eldigitaldeasturias.com\/magazine365\/wp-json\/wp\/v2\/posts"}],"about":[{"href":"https:\/\/eldigitaldeasturias.com\/magazine365\/wp-json\/wp\/v2\/types\/post"}],"author":[{"embeddable":true,"href":"https:\/\/eldigitaldeasturias.com\/magazine365\/wp-json\/wp\/v2\/users\/1"}],"replies":[{"embeddable":true,"href":"https:\/\/eldigitaldeasturias.com\/magazine365\/wp-json\/wp\/v2\/comments?post=39735"}],"version-history":[{"count":0,"href":"https:\/\/eldigitaldeasturias.com\/magazine365\/wp-json\/wp\/v2\/posts\/39735\/revisions"}],"wp:featuredmedia":[{"embeddable":true,"href":"https:\/\/eldigitaldeasturias.com\/magazine365\/wp-json\/wp\/v2\/media\/39736"}],"wp:attachment":[{"href":"https:\/\/eldigitaldeasturias.com\/magazine365\/wp-json\/wp\/v2\/media?parent=39735"}],"wp:term":[{"taxonomy":"category","embeddable":true,"href":"https:\/\/eldigitaldeasturias.com\/magazine365\/wp-json\/wp\/v2\/categories?post=39735"},{"taxonomy":"post_tag","embeddable":true,"href":"https:\/\/eldigitaldeasturias.com\/magazine365\/wp-json\/wp\/v2\/tags?post=39735"}],"curies":[{"name":"wp","href":"https:\/\/api.w.org\/{rel}","templated":true}]}}