{"id":39732,"date":"2015-06-13T01:54:46","date_gmt":"2015-06-13T00:24:46","guid":{"rendered":"http:\/\/eldigitaldeasturias.com\/magazine365\/?p=39732"},"modified":"2015-06-13T01:54:46","modified_gmt":"2015-06-13T00:24:46","slug":"airbus-ds-no-ve-razones-para-mantener-restriccion-a-los-vuelos-de-a400m-en-produccion-para-clientes","status":"publish","type":"post","link":"https:\/\/eldigitaldeasturias.com\/magazine365\/airbus-ds-no-ve-razones-para-mantener-restriccion-a-los-vuelos-de-a400m-en-produccion-para-clientes\/","title":{"rendered":"Airbus D&#038;S no ve razones para mantener restricci\u00f3n a los vuelos de A400M en producci\u00f3n para clientes"},"content":{"rendered":"<p><img fetchpriority=\"high\" decoding=\"async\" class=\"alignleft size-medium wp-image-39733\" src=\"https:\/\/eldigitaldeasturias.com\/magazine365\/wp-content\/uploads\/2015\/06\/fotonoticia_20150612135220_800-360x204.jpg\" alt=\"fotonoticia_20150612135220_800\" width=\"360\" height=\"204\" srcset=\"https:\/\/eldigitaldeasturias.com\/magazine365\/wp-content\/uploads\/2015\/06\/fotonoticia_20150612135220_800-360x204.jpg 360w, https:\/\/eldigitaldeasturias.com\/magazine365\/wp-content\/uploads\/2015\/06\/fotonoticia_20150612135220_800-650x368.jpg 650w, https:\/\/eldigitaldeasturias.com\/magazine365\/wp-content\/uploads\/2015\/06\/fotonoticia_20150612135220_800-768x435.jpg 768w, https:\/\/eldigitaldeasturias.com\/magazine365\/wp-content\/uploads\/2015\/06\/fotonoticia_20150612135220_800-150x85.jpg 150w, https:\/\/eldigitaldeasturias.com\/magazine365\/wp-content\/uploads\/2015\/06\/fotonoticia_20150612135220_800-450x255.jpg 450w, https:\/\/eldigitaldeasturias.com\/magazine365\/wp-content\/uploads\/2015\/06\/fotonoticia_20150612135220_800-696x394.jpg 696w, https:\/\/eldigitaldeasturias.com\/magazine365\/wp-content\/uploads\/2015\/06\/fotonoticia_20150612135220_800-742x420.jpg 742w, https:\/\/eldigitaldeasturias.com\/magazine365\/wp-content\/uploads\/2015\/06\/fotonoticia_20150612135220_800.jpg 800w\" sizes=\"(max-width: 360px) 100vw, 360px\" \/>Airbus Defence and Space ha considerado este viernes \u00abun paso en la direcci\u00f3n correcta\u00bb la autorizaci\u00f3n del Gobierno de los vuelos de los prototipos del avi\u00f3n A400M, que utiliza la compa\u00f1\u00eda para desarrollar capacidades militares del modelo, pero, si bien, no ve razones para que se mantengan las restricciones a los vuelos de producci\u00f3n de los A400M para clientes.<\/p>\n<p>Fuentes de la compa\u00f1\u00eda han se\u00f1alado a Europa Press que el A400M cuenta tanto con la certificaci\u00f3n civil como militar y, aunque estaban volando con la civil, \u00abno pod\u00edan hacer pruebas de las capacidades militares\u00bb.<\/p>\n<p>Tras el levantamiento de la restricci\u00f3n a los prototipos de la aeronave, la compa\u00f1\u00eda puede hacer las pruebas de las capacidades militares con prototipos\u00bb, que, en detalle, se trata de tres aviones prototipo cuyo propietario es Airbus D&amp;S con este fin.<\/p>\n<p>Por su parte, los aviones de producci\u00f3n o de serie hacen referencia a los aviones A400M que se est\u00e1n fabricando para un cliente que lo ha comprado. Estos todav\u00eda no pueden volar al no contar con la autorizaci\u00f3n del Gobierno central.<\/p>\n<p>Esta situaci\u00f3n, seg\u00fan explicaron d\u00edas atr\u00e1s a Europa Press fuentes del sector, afecta a un total de ocho A400M, en diferentes fases de producci\u00f3n. En concreto, dos aviones est\u00e1n pendientes de esta autorizaci\u00f3n para su entrega inmediata, otros dos cuentan con una entrega cercana, tres est\u00e1n preparados para comenzar las pruebas en la l\u00ednea de vuelo y, adem\u00e1s, un avi\u00f3n m\u00e1s llegar\u00eda en pocos d\u00edas a esta fase de l\u00ednea de vuelo.<\/p>\n<p>De esta manera, apuntaron que un total de ocho aviones se encuentran pendientes de esta autorizaci\u00f3n, que podr\u00eda llegar en los pr\u00f3ximos d\u00edas, y, si bien, mientras tanto el proceso de producci\u00f3n en la L\u00ednea de Montaje Final (FAL) de Sevilla contin\u00faa su ritmo.<\/p>\n<p>Cabe recordar que tres d\u00edas despu\u00e9s del accidente del A400M en Sevilla, el Gobierno decidi\u00f3 retirar temporalmente la licencia de vuelo a las unidades del avi\u00f3n que se encontraban en fase de producci\u00f3n, ya que no se pod\u00eda descartar ninguna hip\u00f3tesis.<\/p>\n<p>El presidente de Airbus Espa\u00f1a, Fernando Alonso, ya se mostr\u00f3 convencido de que, una vez que Airbus D&amp;S sabe \u00ablo que hay que hacer para evitar que los aviones puedan volar con este fallo aparente\u00bb, la Direcci\u00f3n General de Armamento y Material (Digam) del Ministerio de Defensa y el Instituto Nacional de T\u00e9cnica Aeroespacial (INTA), que son los organismos que dan el visto bueno a la aeronavegabilidad de los aviones, le conceder\u00e1 la autorizaci\u00f3n para volar de nuevo.<\/p>\n<p>En los pr\u00f3ximos d\u00edas tendr\u00e1n lugar nuevas reuniones entre el Instituto Nacional de T\u00e9cnica Aeroespacial (INTA) y la empresa para liberar el resto de certificados de aeronavegabilidad, es decir, de los aviones que se encuentran en producci\u00f3n y que ser\u00e1n entregados a los Estados clientes que han adquirido unidades de este modelo.<\/p>\n<p>Para conceder las autorizaciones de vuelo de estos aviones, el Gobierno est\u00e1 a la espera de que Airbus le facilite en los pr\u00f3ximos d\u00edas la informaci\u00f3n adicional que se le ha solicitado \u00abcon el prop\u00f3sito de establecer las m\u00e1ximas garant\u00edas de seguridad para los vuelos de estos aviones\u00bb.<\/p>\n","protected":false},"excerpt":{"rendered":"<p>Airbus Defence and Space ha considerado este viernes \u00abun paso en la direcci\u00f3n correcta\u00bb la autorizaci\u00f3n del Gobierno de los vuelos de los prototipos del avi\u00f3n A400M, que utiliza la compa\u00f1\u00eda para desarrollar capacidades militares del modelo, pero, si bien, no ve razones para que se mantengan las restricciones a los vuelos de producci\u00f3n de<\/p>\n","protected":false},"author":1,"featured_media":39733,"comment_status":"open","ping_status":"closed","sticky":false,"template":"","format":"standard","meta":{"footnotes":""},"categories":[224],"tags":[],"class_list":{"0":"post-39732","1":"post","2":"type-post","3":"status-publish","4":"format-standard","5":"has-post-thumbnail","7":"category-noticias-actualidad"},"aioseo_notices":[],"aioseo_head":"\n\t\t<!-- All in One SEO Pro 4.9.6.1 - aioseo.com -->\n\t<meta name=\"description\" content=\"Airbus Defence and Space ha considerado este viernes &quot;un paso en la direcci\u00f3n correcta&quot; la autorizaci\u00f3n del Gobierno de los vuelos de los prototipos del avi\u00f3n A400M, que utiliza la compa\u00f1\u00eda para desarrollar capacidades militares del modelo, pero, si bien, no ve razones para que se mantengan las restricciones a los vuelos de producci\u00f3n de\" \/>\n\t<meta name=\"robots\" content=\"max-image-preview:large\" \/>\n\t<meta name=\"author\" content=\"admin\"\/>\n\t<meta name=\"google-site-verification\" content=\"UA-38556648-1\" \/>\n\t<meta name=\"keywords\" content=\"noticias y actualidad\" \/>\n\t<link rel=\"canonical\" href=\"https:\/\/eldigitaldeasturias.com\/magazine365\/airbus-ds-no-ve-razones-para-mantener-restriccion-a-los-vuelos-de-a400m-en-produccion-para-clientes\/\" \/>\n\t<meta name=\"generator\" content=\"All in One SEO Pro (AIOSEO) 4.9.6.1\" \/>\n\t\t<meta property=\"og:locale\" content=\"es_ES\" \/>\n\t\t<meta property=\"og:site_name\" content=\"El Digital de Asturias \u2013 Revista de ocio, turismo y estilo de vida\" \/>\n\t\t<meta property=\"og:type\" content=\"article\" \/>\n\t\t<meta property=\"og:title\" content=\"Airbus D&amp;S no ve razones para mantener restricci\u00f3n a los vuelos de A400M en producci\u00f3n para clientes | El Digital de Asturias\" \/>\n\t\t<meta property=\"og:description\" content=\"Airbus Defence and Space ha considerado este viernes &quot;un paso en la direcci\u00f3n correcta&quot; la autorizaci\u00f3n del Gobierno de los vuelos de los prototipos del avi\u00f3n A400M, que utiliza la compa\u00f1\u00eda para desarrollar capacidades militares del modelo, pero, si bien, no ve razones para que se mantengan las restricciones a los vuelos de producci\u00f3n de\" \/>\n\t\t<meta property=\"og:url\" content=\"https:\/\/eldigitaldeasturias.com\/magazine365\/airbus-ds-no-ve-razones-para-mantener-restriccion-a-los-vuelos-de-a400m-en-produccion-para-clientes\/\" \/>\n\t\t<meta property=\"og:image\" content=\"https:\/\/eldigitaldeasturias.com\/magazine365\/wp-content\/uploads\/2015\/06\/fotonoticia_20150612135220_800.jpg\" \/>\n\t\t<meta property=\"og:image:secure_url\" content=\"https:\/\/eldigitaldeasturias.com\/magazine365\/wp-content\/uploads\/2015\/06\/fotonoticia_20150612135220_800.jpg\" \/>\n\t\t<meta property=\"og:image:width\" content=\"800\" \/>\n\t\t<meta property=\"og:image:height\" content=\"453\" \/>\n\t\t<meta property=\"article:published_time\" content=\"2015-06-13T00:24:46+00:00\" \/>\n\t\t<meta property=\"article:modified_time\" content=\"2015-06-13T00:24:46+00:00\" \/>\n\t\t<meta name=\"twitter:card\" content=\"summary_large_image\" \/>\n\t\t<meta name=\"twitter:title\" content=\"Airbus D&amp;S no ve razones para mantener restricci\u00f3n a los vuelos de A400M en producci\u00f3n para clientes | El Digital de Asturias\" \/>\n\t\t<meta name=\"twitter:description\" content=\"Airbus Defence and Space ha considerado este viernes &quot;un paso en la direcci\u00f3n correcta&quot; la autorizaci\u00f3n del Gobierno de los vuelos de los prototipos del avi\u00f3n A400M, que utiliza la compa\u00f1\u00eda para desarrollar capacidades militares del modelo, pero, si bien, no ve razones para que se mantengan las restricciones a los vuelos de producci\u00f3n de\" \/>\n\t\t<meta name=\"twitter:image\" content=\"https:\/\/eldigitaldeasturias.com\/magazine365\/wp-content\/uploads\/2015\/06\/fotonoticia_20150612135220_800.jpg\" \/>\n\t\t<script type=\"application\/ld+json\" class=\"aioseo-schema\">\n\t\t\t{\"@context\":\"https:\\\/\\\/schema.org\",\"@graph\":[{\"@type\":\"Article\",\"@id\":\"https:\\\/\\\/eldigitaldeasturias.com\\\/magazine365\\\/airbus-ds-no-ve-razones-para-mantener-restriccion-a-los-vuelos-de-a400m-en-produccion-para-clientes\\\/#article\",\"name\":\"Airbus D&S no ve razones para mantener restricci\\u00f3n a los vuelos de A400M en producci\\u00f3n para clientes | El Digital de Asturias\",\"headline\":\"Airbus D&#038;S no ve razones para mantener restricci\\u00f3n a los vuelos de A400M en producci\\u00f3n para clientes\",\"author\":{\"@id\":\"https:\\\/\\\/eldigitaldeasturias.com\\\/magazine365\\\/author\\\/admin\\\/#author\"},\"publisher\":{\"@id\":\"https:\\\/\\\/eldigitaldeasturias.com\\\/magazine365\\\/#organization\"},\"image\":{\"@type\":\"ImageObject\",\"url\":\"https:\\\/\\\/eldigitaldeasturias.com\\\/magazine365\\\/wp-content\\\/uploads\\\/2015\\\/06\\\/fotonoticia_20150612135220_800.jpg\",\"width\":800,\"height\":453},\"datePublished\":\"2015-06-13T01:54:46+02:00\",\"dateModified\":\"2015-06-13T01:54:46+02:00\",\"inLanguage\":\"es-ES\",\"mainEntityOfPage\":{\"@id\":\"https:\\\/\\\/eldigitaldeasturias.com\\\/magazine365\\\/airbus-ds-no-ve-razones-para-mantener-restriccion-a-los-vuelos-de-a400m-en-produccion-para-clientes\\\/#webpage\"},\"isPartOf\":{\"@id\":\"https:\\\/\\\/eldigitaldeasturias.com\\\/magazine365\\\/airbus-ds-no-ve-razones-para-mantener-restriccion-a-los-vuelos-de-a400m-en-produccion-para-clientes\\\/#webpage\"},\"articleSection\":\"Noticias y Actualidad\"},{\"@type\":\"BreadcrumbList\",\"@id\":\"https:\\\/\\\/eldigitaldeasturias.com\\\/magazine365\\\/airbus-ds-no-ve-razones-para-mantener-restriccion-a-los-vuelos-de-a400m-en-produccion-para-clientes\\\/#breadcrumblist\",\"itemListElement\":[{\"@type\":\"ListItem\",\"@id\":\"https:\\\/\\\/eldigitaldeasturias.com\\\/magazine365#listItem\",\"position\":1,\"name\":\"Home\",\"item\":\"https:\\\/\\\/eldigitaldeasturias.com\\\/magazine365\",\"nextItem\":{\"@type\":\"ListItem\",\"@id\":\"https:\\\/\\\/eldigitaldeasturias.com\\\/magazine365\\\/category\\\/noticias-actualidad\\\/#listItem\",\"name\":\"Noticias y Actualidad\"}},{\"@type\":\"ListItem\",\"@id\":\"https:\\\/\\\/eldigitaldeasturias.com\\\/magazine365\\\/category\\\/noticias-actualidad\\\/#listItem\",\"position\":2,\"name\":\"Noticias y Actualidad\",\"item\":\"https:\\\/\\\/eldigitaldeasturias.com\\\/magazine365\\\/category\\\/noticias-actualidad\\\/\",\"nextItem\":{\"@type\":\"ListItem\",\"@id\":\"https:\\\/\\\/eldigitaldeasturias.com\\\/magazine365\\\/airbus-ds-no-ve-razones-para-mantener-restriccion-a-los-vuelos-de-a400m-en-produccion-para-clientes\\\/#listItem\",\"name\":\"Airbus D&#038;S no ve razones para mantener restricci\\u00f3n a los vuelos de A400M en producci\\u00f3n para clientes\"},\"previousItem\":{\"@type\":\"ListItem\",\"@id\":\"https:\\\/\\\/eldigitaldeasturias.com\\\/magazine365#listItem\",\"name\":\"Home\"}},{\"@type\":\"ListItem\",\"@id\":\"https:\\\/\\\/eldigitaldeasturias.com\\\/magazine365\\\/airbus-ds-no-ve-razones-para-mantener-restriccion-a-los-vuelos-de-a400m-en-produccion-para-clientes\\\/#listItem\",\"position\":3,\"name\":\"Airbus D&#038;S no ve razones para mantener restricci\\u00f3n a los vuelos de A400M en producci\\u00f3n para clientes\",\"previousItem\":{\"@type\":\"ListItem\",\"@id\":\"https:\\\/\\\/eldigitaldeasturias.com\\\/magazine365\\\/category\\\/noticias-actualidad\\\/#listItem\",\"name\":\"Noticias y Actualidad\"}}]},{\"@type\":\"Organization\",\"@id\":\"https:\\\/\\\/eldigitaldeasturias.com\\\/magazine365\\\/#organization\",\"name\":\"El digital de Asturias\",\"description\":\"Revista de ocio, turismo y estilo de vida\",\"url\":\"https:\\\/\\\/eldigitaldeasturias.com\\\/magazine365\\\/\",\"logo\":{\"@type\":\"ImageObject\",\"url\":\"https:\\\/\\\/www.eldigitaldeasturias.com\\\/noticias\\\/wp-content\\\/uploads\\\/2020\\\/12\\\/EDA.jpg\",\"@id\":\"https:\\\/\\\/eldigitaldeasturias.com\\\/magazine365\\\/airbus-ds-no-ve-razones-para-mantener-restriccion-a-los-vuelos-de-a400m-en-produccion-para-clientes\\\/#organizationLogo\"},\"image\":{\"@id\":\"https:\\\/\\\/eldigitaldeasturias.com\\\/magazine365\\\/airbus-ds-no-ve-razones-para-mantener-restriccion-a-los-vuelos-de-a400m-en-produccion-para-clientes\\\/#organizationLogo\"}},{\"@type\":\"Person\",\"@id\":\"https:\\\/\\\/eldigitaldeasturias.com\\\/magazine365\\\/author\\\/admin\\\/#author\",\"url\":\"https:\\\/\\\/eldigitaldeasturias.com\\\/magazine365\\\/author\\\/admin\\\/\",\"name\":\"admin\",\"image\":{\"@type\":\"ImageObject\",\"@id\":\"https:\\\/\\\/eldigitaldeasturias.com\\\/magazine365\\\/airbus-ds-no-ve-razones-para-mantener-restriccion-a-los-vuelos-de-a400m-en-produccion-para-clientes\\\/#authorImage\",\"url\":\"https:\\\/\\\/eldigitaldeasturias.com\\\/magazine365\\\/wp-content\\\/litespeed\\\/avatar\\\/e571bcf59a0edd6fa6838245a470f2fe.jpg?ver=1776969259\",\"width\":96,\"height\":96,\"caption\":\"admin\"}},{\"@type\":\"WebPage\",\"@id\":\"https:\\\/\\\/eldigitaldeasturias.com\\\/magazine365\\\/airbus-ds-no-ve-razones-para-mantener-restriccion-a-los-vuelos-de-a400m-en-produccion-para-clientes\\\/#webpage\",\"url\":\"https:\\\/\\\/eldigitaldeasturias.com\\\/magazine365\\\/airbus-ds-no-ve-razones-para-mantener-restriccion-a-los-vuelos-de-a400m-en-produccion-para-clientes\\\/\",\"name\":\"Airbus D&S no ve razones para mantener restricci\\u00f3n a los vuelos de A400M en producci\\u00f3n para clientes | El Digital de Asturias\",\"description\":\"Airbus Defence and Space ha considerado este viernes \\\"un paso en la direcci\\u00f3n correcta\\\" la autorizaci\\u00f3n del Gobierno de los vuelos de los prototipos del avi\\u00f3n A400M, que utiliza la compa\\u00f1\\u00eda para desarrollar capacidades militares del modelo, pero, si bien, no ve razones para que se mantengan las restricciones a los vuelos de producci\\u00f3n de\",\"inLanguage\":\"es-ES\",\"isPartOf\":{\"@id\":\"https:\\\/\\\/eldigitaldeasturias.com\\\/magazine365\\\/#website\"},\"breadcrumb\":{\"@id\":\"https:\\\/\\\/eldigitaldeasturias.com\\\/magazine365\\\/airbus-ds-no-ve-razones-para-mantener-restriccion-a-los-vuelos-de-a400m-en-produccion-para-clientes\\\/#breadcrumblist\"},\"author\":{\"@id\":\"https:\\\/\\\/eldigitaldeasturias.com\\\/magazine365\\\/author\\\/admin\\\/#author\"},\"creator\":{\"@id\":\"https:\\\/\\\/eldigitaldeasturias.com\\\/magazine365\\\/author\\\/admin\\\/#author\"},\"image\":{\"@type\":\"ImageObject\",\"url\":\"https:\\\/\\\/eldigitaldeasturias.com\\\/magazine365\\\/wp-content\\\/uploads\\\/2015\\\/06\\\/fotonoticia_20150612135220_800.jpg\",\"@id\":\"https:\\\/\\\/eldigitaldeasturias.com\\\/magazine365\\\/airbus-ds-no-ve-razones-para-mantener-restriccion-a-los-vuelos-de-a400m-en-produccion-para-clientes\\\/#mainImage\",\"width\":800,\"height\":453},\"primaryImageOfPage\":{\"@id\":\"https:\\\/\\\/eldigitaldeasturias.com\\\/magazine365\\\/airbus-ds-no-ve-razones-para-mantener-restriccion-a-los-vuelos-de-a400m-en-produccion-para-clientes\\\/#mainImage\"},\"datePublished\":\"2015-06-13T01:54:46+02:00\",\"dateModified\":\"2015-06-13T01:54:46+02:00\"},{\"@type\":\"WebSite\",\"@id\":\"https:\\\/\\\/eldigitaldeasturias.com\\\/magazine365\\\/#website\",\"url\":\"https:\\\/\\\/eldigitaldeasturias.com\\\/magazine365\\\/\",\"name\":\"El Digital de Asturias\",\"description\":\"Revista de ocio, turismo y estilo de vida\",\"inLanguage\":\"es-ES\",\"publisher\":{\"@id\":\"https:\\\/\\\/eldigitaldeasturias.com\\\/magazine365\\\/#organization\"}}]}\n\t\t<\/script>\n\t\t<!-- All in One SEO Pro -->\r\n\t\t<title>Airbus D&amp;S no ve razones para mantener restricci\u00f3n a los vuelos de A400M en producci\u00f3n para clientes | El Digital de Asturias<\/title>\n\n","aioseo_head_json":{"title":"Airbus D&S no ve razones para mantener restricci\u00f3n a los vuelos de A400M en producci\u00f3n para clientes | El Digital de Asturias","description":"Airbus Defence and Space ha considerado este viernes \"un paso en la direcci\u00f3n correcta\" la autorizaci\u00f3n del Gobierno de los vuelos de los prototipos del avi\u00f3n A400M, que utiliza la compa\u00f1\u00eda para desarrollar capacidades militares del modelo, pero, si bien, no ve razones para que se mantengan las restricciones a los vuelos de producci\u00f3n de","canonical_url":"https:\/\/eldigitaldeasturias.com\/magazine365\/airbus-ds-no-ve-razones-para-mantener-restriccion-a-los-vuelos-de-a400m-en-produccion-para-clientes\/","robots":"max-image-preview:large","keywords":"noticias y actualidad","webmasterTools":{"google-site-verification":"UA-38556648-1","miscellaneous":""},"schema":{"@context":"https:\/\/schema.org","@graph":[{"@type":"Article","@id":"https:\/\/eldigitaldeasturias.com\/magazine365\/airbus-ds-no-ve-razones-para-mantener-restriccion-a-los-vuelos-de-a400m-en-produccion-para-clientes\/#article","name":"Airbus D&S no ve razones para mantener restricci\u00f3n a los vuelos de A400M en producci\u00f3n para clientes | El Digital de Asturias","headline":"Airbus D&#038;S no ve razones para mantener restricci\u00f3n a los vuelos de A400M en producci\u00f3n para clientes","author":{"@id":"https:\/\/eldigitaldeasturias.com\/magazine365\/author\/admin\/#author"},"publisher":{"@id":"https:\/\/eldigitaldeasturias.com\/magazine365\/#organization"},"image":{"@type":"ImageObject","url":"https:\/\/eldigitaldeasturias.com\/magazine365\/wp-content\/uploads\/2015\/06\/fotonoticia_20150612135220_800.jpg","width":800,"height":453},"datePublished":"2015-06-13T01:54:46+02:00","dateModified":"2015-06-13T01:54:46+02:00","inLanguage":"es-ES","mainEntityOfPage":{"@id":"https:\/\/eldigitaldeasturias.com\/magazine365\/airbus-ds-no-ve-razones-para-mantener-restriccion-a-los-vuelos-de-a400m-en-produccion-para-clientes\/#webpage"},"isPartOf":{"@id":"https:\/\/eldigitaldeasturias.com\/magazine365\/airbus-ds-no-ve-razones-para-mantener-restriccion-a-los-vuelos-de-a400m-en-produccion-para-clientes\/#webpage"},"articleSection":"Noticias y Actualidad"},{"@type":"BreadcrumbList","@id":"https:\/\/eldigitaldeasturias.com\/magazine365\/airbus-ds-no-ve-razones-para-mantener-restriccion-a-los-vuelos-de-a400m-en-produccion-para-clientes\/#breadcrumblist","itemListElement":[{"@type":"ListItem","@id":"https:\/\/eldigitaldeasturias.com\/magazine365#listItem","position":1,"name":"Home","item":"https:\/\/eldigitaldeasturias.com\/magazine365","nextItem":{"@type":"ListItem","@id":"https:\/\/eldigitaldeasturias.com\/magazine365\/category\/noticias-actualidad\/#listItem","name":"Noticias y Actualidad"}},{"@type":"ListItem","@id":"https:\/\/eldigitaldeasturias.com\/magazine365\/category\/noticias-actualidad\/#listItem","position":2,"name":"Noticias y Actualidad","item":"https:\/\/eldigitaldeasturias.com\/magazine365\/category\/noticias-actualidad\/","nextItem":{"@type":"ListItem","@id":"https:\/\/eldigitaldeasturias.com\/magazine365\/airbus-ds-no-ve-razones-para-mantener-restriccion-a-los-vuelos-de-a400m-en-produccion-para-clientes\/#listItem","name":"Airbus D&#038;S no ve razones para mantener restricci\u00f3n a los vuelos de A400M en producci\u00f3n para clientes"},"previousItem":{"@type":"ListItem","@id":"https:\/\/eldigitaldeasturias.com\/magazine365#listItem","name":"Home"}},{"@type":"ListItem","@id":"https:\/\/eldigitaldeasturias.com\/magazine365\/airbus-ds-no-ve-razones-para-mantener-restriccion-a-los-vuelos-de-a400m-en-produccion-para-clientes\/#listItem","position":3,"name":"Airbus D&#038;S no ve razones para mantener restricci\u00f3n a los vuelos de A400M en producci\u00f3n para clientes","previousItem":{"@type":"ListItem","@id":"https:\/\/eldigitaldeasturias.com\/magazine365\/category\/noticias-actualidad\/#listItem","name":"Noticias y Actualidad"}}]},{"@type":"Organization","@id":"https:\/\/eldigitaldeasturias.com\/magazine365\/#organization","name":"El digital de Asturias","description":"Revista de ocio, turismo y estilo de vida","url":"https:\/\/eldigitaldeasturias.com\/magazine365\/","logo":{"@type":"ImageObject","url":"https:\/\/www.eldigitaldeasturias.com\/noticias\/wp-content\/uploads\/2020\/12\/EDA.jpg","@id":"https:\/\/eldigitaldeasturias.com\/magazine365\/airbus-ds-no-ve-razones-para-mantener-restriccion-a-los-vuelos-de-a400m-en-produccion-para-clientes\/#organizationLogo"},"image":{"@id":"https:\/\/eldigitaldeasturias.com\/magazine365\/airbus-ds-no-ve-razones-para-mantener-restriccion-a-los-vuelos-de-a400m-en-produccion-para-clientes\/#organizationLogo"}},{"@type":"Person","@id":"https:\/\/eldigitaldeasturias.com\/magazine365\/author\/admin\/#author","url":"https:\/\/eldigitaldeasturias.com\/magazine365\/author\/admin\/","name":"admin","image":{"@type":"ImageObject","@id":"https:\/\/eldigitaldeasturias.com\/magazine365\/airbus-ds-no-ve-razones-para-mantener-restriccion-a-los-vuelos-de-a400m-en-produccion-para-clientes\/#authorImage","url":"https:\/\/eldigitaldeasturias.com\/magazine365\/wp-content\/litespeed\/avatar\/e571bcf59a0edd6fa6838245a470f2fe.jpg?ver=1776969259","width":96,"height":96,"caption":"admin"}},{"@type":"WebPage","@id":"https:\/\/eldigitaldeasturias.com\/magazine365\/airbus-ds-no-ve-razones-para-mantener-restriccion-a-los-vuelos-de-a400m-en-produccion-para-clientes\/#webpage","url":"https:\/\/eldigitaldeasturias.com\/magazine365\/airbus-ds-no-ve-razones-para-mantener-restriccion-a-los-vuelos-de-a400m-en-produccion-para-clientes\/","name":"Airbus D&S no ve razones para mantener restricci\u00f3n a los vuelos de A400M en producci\u00f3n para clientes | El Digital de Asturias","description":"Airbus Defence and Space ha considerado este viernes \"un paso en la direcci\u00f3n correcta\" la autorizaci\u00f3n del Gobierno de los vuelos de los prototipos del avi\u00f3n A400M, que utiliza la compa\u00f1\u00eda para desarrollar capacidades militares del modelo, pero, si bien, no ve razones para que se mantengan las restricciones a los vuelos de producci\u00f3n de","inLanguage":"es-ES","isPartOf":{"@id":"https:\/\/eldigitaldeasturias.com\/magazine365\/#website"},"breadcrumb":{"@id":"https:\/\/eldigitaldeasturias.com\/magazine365\/airbus-ds-no-ve-razones-para-mantener-restriccion-a-los-vuelos-de-a400m-en-produccion-para-clientes\/#breadcrumblist"},"author":{"@id":"https:\/\/eldigitaldeasturias.com\/magazine365\/author\/admin\/#author"},"creator":{"@id":"https:\/\/eldigitaldeasturias.com\/magazine365\/author\/admin\/#author"},"image":{"@type":"ImageObject","url":"https:\/\/eldigitaldeasturias.com\/magazine365\/wp-content\/uploads\/2015\/06\/fotonoticia_20150612135220_800.jpg","@id":"https:\/\/eldigitaldeasturias.com\/magazine365\/airbus-ds-no-ve-razones-para-mantener-restriccion-a-los-vuelos-de-a400m-en-produccion-para-clientes\/#mainImage","width":800,"height":453},"primaryImageOfPage":{"@id":"https:\/\/eldigitaldeasturias.com\/magazine365\/airbus-ds-no-ve-razones-para-mantener-restriccion-a-los-vuelos-de-a400m-en-produccion-para-clientes\/#mainImage"},"datePublished":"2015-06-13T01:54:46+02:00","dateModified":"2015-06-13T01:54:46+02:00"},{"@type":"WebSite","@id":"https:\/\/eldigitaldeasturias.com\/magazine365\/#website","url":"https:\/\/eldigitaldeasturias.com\/magazine365\/","name":"El Digital de Asturias","description":"Revista de ocio, turismo y estilo de vida","inLanguage":"es-ES","publisher":{"@id":"https:\/\/eldigitaldeasturias.com\/magazine365\/#organization"}}]},"og:locale":"es_ES","og:site_name":"El Digital de Asturias \u2013 Revista de ocio, turismo y estilo de vida","og:type":"article","og:title":"Airbus D&amp;S no ve razones para mantener restricci\u00f3n a los vuelos de A400M en producci\u00f3n para clientes | El Digital de Asturias","og:description":"Airbus Defence and Space ha considerado este viernes &quot;un paso en la direcci\u00f3n correcta&quot; la autorizaci\u00f3n del Gobierno de los vuelos de los prototipos del avi\u00f3n A400M, que utiliza la compa\u00f1\u00eda para desarrollar capacidades militares del modelo, pero, si bien, no ve razones para que se mantengan las restricciones a los vuelos de producci\u00f3n de","og:url":"https:\/\/eldigitaldeasturias.com\/magazine365\/airbus-ds-no-ve-razones-para-mantener-restriccion-a-los-vuelos-de-a400m-en-produccion-para-clientes\/","og:image":"https:\/\/eldigitaldeasturias.com\/magazine365\/wp-content\/uploads\/2015\/06\/fotonoticia_20150612135220_800.jpg","og:image:secure_url":"https:\/\/eldigitaldeasturias.com\/magazine365\/wp-content\/uploads\/2015\/06\/fotonoticia_20150612135220_800.jpg","og:image:width":800,"og:image:height":453,"article:published_time":"2015-06-13T00:24:46+00:00","article:modified_time":"2015-06-13T00:24:46+00:00","twitter:card":"summary_large_image","twitter:title":"Airbus D&amp;S no ve razones para mantener restricci\u00f3n a los vuelos de A400M en producci\u00f3n para clientes | El Digital de Asturias","twitter:description":"Airbus Defence and Space ha considerado este viernes &quot;un paso en la direcci\u00f3n correcta&quot; la autorizaci\u00f3n del Gobierno de los vuelos de los prototipos del avi\u00f3n A400M, que utiliza la compa\u00f1\u00eda para desarrollar capacidades militares del modelo, pero, si bien, no ve razones para que se mantengan las restricciones a los vuelos de producci\u00f3n de","twitter:image":"https:\/\/eldigitaldeasturias.com\/magazine365\/wp-content\/uploads\/2015\/06\/fotonoticia_20150612135220_800.jpg"},"aioseo_meta_data":{"post_id":"39732","title":null,"description":null,"keywords":null,"keyphrases":null,"primary_term":null,"canonical_url":null,"og_title":null,"og_description":null,"og_object_type":"default","og_image_type":"default","og_image_url":null,"og_image_width":null,"og_image_height":null,"og_image_custom_url":null,"og_image_custom_fields":null,"og_video":null,"og_custom_url":null,"og_article_section":null,"og_article_tags":null,"twitter_use_og":false,"twitter_card":"default","twitter_image_type":"default","twitter_image_url":null,"twitter_image_custom_url":null,"twitter_image_custom_fields":null,"twitter_title":null,"twitter_description":null,"schema":{"blockGraphs":[],"customGraphs":[],"default":{"data":{"Article":[],"Course":[],"Dataset":[],"FAQPage":[],"Movie":[],"Person":[],"Product":[],"ProductReview":[],"Car":[],"Recipe":[],"Service":[],"SoftwareApplication":[],"WebPage":[]},"graphName":"","isEnabled":true},"graphs":[]},"schema_type":null,"schema_type_options":null,"pillar_content":false,"robots_default":true,"robots_noindex":false,"robots_noarchive":false,"robots_nosnippet":false,"robots_nofollow":false,"robots_noimageindex":false,"robots_noodp":false,"robots_notranslate":false,"robots_max_snippet":null,"robots_max_videopreview":null,"robots_max_imagepreview":"large","priority":null,"frequency":null,"location":null,"local_seo":null,"seo_analyzer_scan_date":"2025-09-19 12:12:28","breadcrumb_settings":null,"limit_modified_date":false,"open_ai":null,"ai":null,"created":"2021-03-09 02:37:42","updated":"2025-09-19 12:12:28"},"aioseo_breadcrumb":"<div class=\"aioseo-breadcrumbs\"><span class=\"aioseo-breadcrumb\">\n\t<a href=\"https:\/\/eldigitaldeasturias.com\/magazine365\" title=\"Home\">Home<\/a>\n<\/span><span class=\"aioseo-breadcrumb-separator\">\u2013<\/span><span class=\"aioseo-breadcrumb\">\n\t<a href=\"https:\/\/eldigitaldeasturias.com\/magazine365\/category\/noticias-actualidad\/\" title=\"Noticias y Actualidad\">Noticias y Actualidad<\/a>\n<\/span><span class=\"aioseo-breadcrumb-separator\">\u2013<\/span><span class=\"aioseo-breadcrumb\">\n\t<a href=\"https:\/\/eldigitaldeasturias.com\/magazine365\/airbus-ds-no-ve-razones-para-mantener-restriccion-a-los-vuelos-de-a400m-en-produccion-para-clientes\/\" title=\"Airbus D&amp;S no ve razones para mantener restricci\u00f3n a los vuelos de A400M en producci\u00f3n para clientes\">Airbus D&amp;S no ve razones para mantener restricci\u00f3n a los vuelos de A400M en producci\u00f3n para clientes<\/a>\n<\/span><\/div>","aioseo_breadcrumb_json":[{"label":"Home","link":"https:\/\/eldigitaldeasturias.com\/magazine365"},{"label":"Noticias y Actualidad","link":"https:\/\/eldigitaldeasturias.com\/magazine365\/category\/noticias-actualidad\/"},{"label":"Airbus D&#038;S no ve razones para mantener restricci\u00f3n a los vuelos de A400M en producci\u00f3n para clientes","link":"https:\/\/eldigitaldeasturias.com\/magazine365\/airbus-ds-no-ve-razones-para-mantener-restriccion-a-los-vuelos-de-a400m-en-produccion-para-clientes\/"}],"_links":{"self":[{"href":"https:\/\/eldigitaldeasturias.com\/magazine365\/wp-json\/wp\/v2\/posts\/39732","targetHints":{"allow":["GET"]}}],"collection":[{"href":"https:\/\/eldigitaldeasturias.com\/magazine365\/wp-json\/wp\/v2\/posts"}],"about":[{"href":"https:\/\/eldigitaldeasturias.com\/magazine365\/wp-json\/wp\/v2\/types\/post"}],"author":[{"embeddable":true,"href":"https:\/\/eldigitaldeasturias.com\/magazine365\/wp-json\/wp\/v2\/users\/1"}],"replies":[{"embeddable":true,"href":"https:\/\/eldigitaldeasturias.com\/magazine365\/wp-json\/wp\/v2\/comments?post=39732"}],"version-history":[{"count":0,"href":"https:\/\/eldigitaldeasturias.com\/magazine365\/wp-json\/wp\/v2\/posts\/39732\/revisions"}],"wp:featuredmedia":[{"embeddable":true,"href":"https:\/\/eldigitaldeasturias.com\/magazine365\/wp-json\/wp\/v2\/media\/39733"}],"wp:attachment":[{"href":"https:\/\/eldigitaldeasturias.com\/magazine365\/wp-json\/wp\/v2\/media?parent=39732"}],"wp:term":[{"taxonomy":"category","embeddable":true,"href":"https:\/\/eldigitaldeasturias.com\/magazine365\/wp-json\/wp\/v2\/categories?post=39732"},{"taxonomy":"post_tag","embeddable":true,"href":"https:\/\/eldigitaldeasturias.com\/magazine365\/wp-json\/wp\/v2\/tags?post=39732"}],"curies":[{"name":"wp","href":"https:\/\/api.w.org\/{rel}","templated":true}]}}