{"id":39729,"date":"2015-06-13T01:48:41","date_gmt":"2015-06-13T00:18:41","guid":{"rendered":"http:\/\/eldigitaldeasturias.com\/magazine365\/?p=39729"},"modified":"2015-06-13T01:48:41","modified_gmt":"2015-06-13T00:18:41","slug":"baleares-promociona-su-oferta-de-congresos-con-unas-jornadas-inversas-en-palma","status":"publish","type":"post","link":"https:\/\/eldigitaldeasturias.com\/magazine365\/baleares-promociona-su-oferta-de-congresos-con-unas-jornadas-inversas-en-palma\/","title":{"rendered":"Baleares promociona su oferta de congresos con unas jornadas inversas en Palma"},"content":{"rendered":"<p><img fetchpriority=\"high\" decoding=\"async\" class=\"alignleft size-medium wp-image-39730\" src=\"https:\/\/eldigitaldeasturias.com\/magazine365\/wp-content\/uploads\/2015\/06\/fotonoticia_20150612134114_800-360x270.jpg\" alt=\"fotonoticia_20150612134114_800\" width=\"360\" height=\"270\" srcset=\"https:\/\/eldigitaldeasturias.com\/magazine365\/wp-content\/uploads\/2015\/06\/fotonoticia_20150612134114_800-360x270.jpg 360w, https:\/\/eldigitaldeasturias.com\/magazine365\/wp-content\/uploads\/2015\/06\/fotonoticia_20150612134114_800-650x488.jpg 650w, https:\/\/eldigitaldeasturias.com\/magazine365\/wp-content\/uploads\/2015\/06\/fotonoticia_20150612134114_800-768x576.jpg 768w, https:\/\/eldigitaldeasturias.com\/magazine365\/wp-content\/uploads\/2015\/06\/fotonoticia_20150612134114_800-150x113.jpg 150w, https:\/\/eldigitaldeasturias.com\/magazine365\/wp-content\/uploads\/2015\/06\/fotonoticia_20150612134114_800-450x338.jpg 450w, https:\/\/eldigitaldeasturias.com\/magazine365\/wp-content\/uploads\/2015\/06\/fotonoticia_20150612134114_800-80x60.jpg 80w, https:\/\/eldigitaldeasturias.com\/magazine365\/wp-content\/uploads\/2015\/06\/fotonoticia_20150612134114_800-265x198.jpg 265w, https:\/\/eldigitaldeasturias.com\/magazine365\/wp-content\/uploads\/2015\/06\/fotonoticia_20150612134114_800-696x522.jpg 696w, https:\/\/eldigitaldeasturias.com\/magazine365\/wp-content\/uploads\/2015\/06\/fotonoticia_20150612134114_800-560x420.jpg 560w, https:\/\/eldigitaldeasturias.com\/magazine365\/wp-content\/uploads\/2015\/06\/fotonoticia_20150612134114_800-90x67.jpg 90w, https:\/\/eldigitaldeasturias.com\/magazine365\/wp-content\/uploads\/2015\/06\/fotonoticia_20150612134114_800-100x75.jpg 100w, https:\/\/eldigitaldeasturias.com\/magazine365\/wp-content\/uploads\/2015\/06\/fotonoticia_20150612134114_800.jpg 800w\" sizes=\"(max-width: 360px) 100vw, 360px\" \/>La Agencia de Turismo de las Islas Baleares (ATB) organiza hasta el 14 de junio unas jornadas inversas en Mallorca con el objetivo de promocionar toda la oferta del producto MICE en la isla.<\/p>\n<p>Participan en estas jornadas un total de 19 empresas extranjeras dedicadas al mercado de los incentivos, congresos y convenciones y procedentes de m\u00faltiples mercados emisores como Holanda, Finlandia, Portugal, Italia, Rusia, Polonia, Suiza y Alemania.<\/p>\n<p>Colaboran con la ATB en estas jornadas las Oficinas Espa\u00f1olas de Turismo de los pa\u00edses participantes as\u00ed como el Mallorca Convention Bureau, seg\u00fan informa el Govern en un comunicado.<\/p>\n<p>Dentro del programa previsto, el grupo particip\u00f3 este jueves en un &#8216;workshop&#8217; con el sector tur\u00edstico local, en el Hotel Vapara\u00edso, en el que las empresas participantes pudieron contactar directamente con cerca de 26 empresas tur\u00edsticas de Mallorca para conocer mejor todo lo que \u00e9stas pueden ofrecer a sus clientes en torno al producto MICE.<\/p>\n<p>Esta jornada inversa forma parte de la programaci\u00f3n anual de acciones promocionales de la ATB para el 2015 y en este caso se trata de promoci\u00f3n en destino.<\/p>\n","protected":false},"excerpt":{"rendered":"<p>La Agencia de Turismo de las Islas Baleares (ATB) organiza hasta el 14 de junio unas jornadas inversas en Mallorca con el objetivo de promocionar toda la oferta del producto MICE en la isla. Participan en estas jornadas un total de 19 empresas extranjeras dedicadas al mercado de los incentivos, congresos y convenciones y procedentes<\/p>\n","protected":false},"author":1,"featured_media":39730,"comment_status":"open","ping_status":"closed","sticky":false,"template":"","format":"standard","meta":{"footnotes":""},"categories":[222],"tags":[],"class_list":{"0":"post-39729","1":"post","2":"type-post","3":"status-publish","4":"format-standard","5":"has-post-thumbnail","7":"category-actualidad-turismo"},"aioseo_notices":[],"aioseo_head":"\n\t\t<!-- All in One SEO Pro 4.9.6.1 - aioseo.com -->\n\t<meta name=\"description\" content=\"La Agencia de Turismo de las Islas Baleares (ATB) organiza hasta el 14 de junio unas jornadas inversas en Mallorca con el objetivo de promocionar toda la oferta del producto MICE en la isla. Participan en estas jornadas un total de 19 empresas extranjeras dedicadas al mercado de los incentivos, congresos y convenciones y procedentes\" \/>\n\t<meta name=\"robots\" content=\"max-image-preview:large\" \/>\n\t<meta name=\"author\" content=\"admin\"\/>\n\t<meta name=\"google-site-verification\" content=\"UA-38556648-1\" \/>\n\t<meta name=\"keywords\" content=\"actualidad turismo\" \/>\n\t<link rel=\"canonical\" href=\"https:\/\/eldigitaldeasturias.com\/magazine365\/baleares-promociona-su-oferta-de-congresos-con-unas-jornadas-inversas-en-palma\/\" \/>\n\t<meta name=\"generator\" content=\"All in One SEO Pro (AIOSEO) 4.9.6.1\" \/>\n\t\t<meta property=\"og:locale\" content=\"es_ES\" \/>\n\t\t<meta property=\"og:site_name\" content=\"El Digital de Asturias \u2013 Revista de ocio, turismo y estilo de vida\" \/>\n\t\t<meta property=\"og:type\" content=\"article\" \/>\n\t\t<meta property=\"og:title\" content=\"Baleares promociona su oferta de congresos con unas jornadas inversas en Palma | El Digital de Asturias\" \/>\n\t\t<meta property=\"og:description\" content=\"La Agencia de Turismo de las Islas Baleares (ATB) organiza hasta el 14 de junio unas jornadas inversas en Mallorca con el objetivo de promocionar toda la oferta del producto MICE en la isla. Participan en estas jornadas un total de 19 empresas extranjeras dedicadas al mercado de los incentivos, congresos y convenciones y procedentes\" \/>\n\t\t<meta property=\"og:url\" content=\"https:\/\/eldigitaldeasturias.com\/magazine365\/baleares-promociona-su-oferta-de-congresos-con-unas-jornadas-inversas-en-palma\/\" \/>\n\t\t<meta property=\"og:image\" content=\"https:\/\/eldigitaldeasturias.com\/magazine365\/wp-content\/uploads\/2015\/06\/fotonoticia_20150612134114_800.jpg\" \/>\n\t\t<meta property=\"og:image:secure_url\" content=\"https:\/\/eldigitaldeasturias.com\/magazine365\/wp-content\/uploads\/2015\/06\/fotonoticia_20150612134114_800.jpg\" \/>\n\t\t<meta property=\"og:image:width\" content=\"800\" \/>\n\t\t<meta property=\"og:image:height\" content=\"600\" \/>\n\t\t<meta property=\"article:published_time\" content=\"2015-06-13T00:18:41+00:00\" \/>\n\t\t<meta property=\"article:modified_time\" content=\"2015-06-13T00:18:41+00:00\" \/>\n\t\t<meta name=\"twitter:card\" content=\"summary_large_image\" \/>\n\t\t<meta name=\"twitter:title\" content=\"Baleares promociona su oferta de congresos con unas jornadas inversas en Palma | El Digital de Asturias\" \/>\n\t\t<meta name=\"twitter:description\" content=\"La Agencia de Turismo de las Islas Baleares (ATB) organiza hasta el 14 de junio unas jornadas inversas en Mallorca con el objetivo de promocionar toda la oferta del producto MICE en la isla. Participan en estas jornadas un total de 19 empresas extranjeras dedicadas al mercado de los incentivos, congresos y convenciones y procedentes\" \/>\n\t\t<meta name=\"twitter:image\" content=\"https:\/\/eldigitaldeasturias.com\/magazine365\/wp-content\/uploads\/2015\/06\/fotonoticia_20150612134114_800.jpg\" \/>\n\t\t<script type=\"application\/ld+json\" class=\"aioseo-schema\">\n\t\t\t{\"@context\":\"https:\\\/\\\/schema.org\",\"@graph\":[{\"@type\":\"Article\",\"@id\":\"https:\\\/\\\/eldigitaldeasturias.com\\\/magazine365\\\/baleares-promociona-su-oferta-de-congresos-con-unas-jornadas-inversas-en-palma\\\/#article\",\"name\":\"Baleares promociona su oferta de congresos con unas jornadas inversas en Palma | El Digital de Asturias\",\"headline\":\"Baleares promociona su oferta de congresos con unas jornadas inversas en Palma\",\"author\":{\"@id\":\"https:\\\/\\\/eldigitaldeasturias.com\\\/magazine365\\\/author\\\/admin\\\/#author\"},\"publisher\":{\"@id\":\"https:\\\/\\\/eldigitaldeasturias.com\\\/magazine365\\\/#organization\"},\"image\":{\"@type\":\"ImageObject\",\"url\":\"https:\\\/\\\/eldigitaldeasturias.com\\\/magazine365\\\/wp-content\\\/uploads\\\/2015\\\/06\\\/fotonoticia_20150612134114_800.jpg\",\"width\":800,\"height\":600},\"datePublished\":\"2015-06-13T01:48:41+02:00\",\"dateModified\":\"2015-06-13T01:48:41+02:00\",\"inLanguage\":\"es-ES\",\"mainEntityOfPage\":{\"@id\":\"https:\\\/\\\/eldigitaldeasturias.com\\\/magazine365\\\/baleares-promociona-su-oferta-de-congresos-con-unas-jornadas-inversas-en-palma\\\/#webpage\"},\"isPartOf\":{\"@id\":\"https:\\\/\\\/eldigitaldeasturias.com\\\/magazine365\\\/baleares-promociona-su-oferta-de-congresos-con-unas-jornadas-inversas-en-palma\\\/#webpage\"},\"articleSection\":\"Actualidad Turismo\"},{\"@type\":\"BreadcrumbList\",\"@id\":\"https:\\\/\\\/eldigitaldeasturias.com\\\/magazine365\\\/baleares-promociona-su-oferta-de-congresos-con-unas-jornadas-inversas-en-palma\\\/#breadcrumblist\",\"itemListElement\":[{\"@type\":\"ListItem\",\"@id\":\"https:\\\/\\\/eldigitaldeasturias.com\\\/magazine365#listItem\",\"position\":1,\"name\":\"Home\",\"item\":\"https:\\\/\\\/eldigitaldeasturias.com\\\/magazine365\",\"nextItem\":{\"@type\":\"ListItem\",\"@id\":\"https:\\\/\\\/eldigitaldeasturias.com\\\/magazine365\\\/category\\\/actualidad-turismo\\\/#listItem\",\"name\":\"Actualidad Turismo\"}},{\"@type\":\"ListItem\",\"@id\":\"https:\\\/\\\/eldigitaldeasturias.com\\\/magazine365\\\/category\\\/actualidad-turismo\\\/#listItem\",\"position\":2,\"name\":\"Actualidad Turismo\",\"item\":\"https:\\\/\\\/eldigitaldeasturias.com\\\/magazine365\\\/category\\\/actualidad-turismo\\\/\",\"nextItem\":{\"@type\":\"ListItem\",\"@id\":\"https:\\\/\\\/eldigitaldeasturias.com\\\/magazine365\\\/baleares-promociona-su-oferta-de-congresos-con-unas-jornadas-inversas-en-palma\\\/#listItem\",\"name\":\"Baleares promociona su oferta de congresos con unas jornadas inversas en Palma\"},\"previousItem\":{\"@type\":\"ListItem\",\"@id\":\"https:\\\/\\\/eldigitaldeasturias.com\\\/magazine365#listItem\",\"name\":\"Home\"}},{\"@type\":\"ListItem\",\"@id\":\"https:\\\/\\\/eldigitaldeasturias.com\\\/magazine365\\\/baleares-promociona-su-oferta-de-congresos-con-unas-jornadas-inversas-en-palma\\\/#listItem\",\"position\":3,\"name\":\"Baleares promociona su oferta de congresos con unas jornadas inversas en Palma\",\"previousItem\":{\"@type\":\"ListItem\",\"@id\":\"https:\\\/\\\/eldigitaldeasturias.com\\\/magazine365\\\/category\\\/actualidad-turismo\\\/#listItem\",\"name\":\"Actualidad Turismo\"}}]},{\"@type\":\"Organization\",\"@id\":\"https:\\\/\\\/eldigitaldeasturias.com\\\/magazine365\\\/#organization\",\"name\":\"El digital de Asturias\",\"description\":\"Revista de ocio, turismo y estilo de vida\",\"url\":\"https:\\\/\\\/eldigitaldeasturias.com\\\/magazine365\\\/\",\"logo\":{\"@type\":\"ImageObject\",\"url\":\"https:\\\/\\\/www.eldigitaldeasturias.com\\\/noticias\\\/wp-content\\\/uploads\\\/2020\\\/12\\\/EDA.jpg\",\"@id\":\"https:\\\/\\\/eldigitaldeasturias.com\\\/magazine365\\\/baleares-promociona-su-oferta-de-congresos-con-unas-jornadas-inversas-en-palma\\\/#organizationLogo\"},\"image\":{\"@id\":\"https:\\\/\\\/eldigitaldeasturias.com\\\/magazine365\\\/baleares-promociona-su-oferta-de-congresos-con-unas-jornadas-inversas-en-palma\\\/#organizationLogo\"}},{\"@type\":\"Person\",\"@id\":\"https:\\\/\\\/eldigitaldeasturias.com\\\/magazine365\\\/author\\\/admin\\\/#author\",\"url\":\"https:\\\/\\\/eldigitaldeasturias.com\\\/magazine365\\\/author\\\/admin\\\/\",\"name\":\"admin\",\"image\":{\"@type\":\"ImageObject\",\"@id\":\"https:\\\/\\\/eldigitaldeasturias.com\\\/magazine365\\\/baleares-promociona-su-oferta-de-congresos-con-unas-jornadas-inversas-en-palma\\\/#authorImage\",\"url\":\"https:\\\/\\\/eldigitaldeasturias.com\\\/magazine365\\\/wp-content\\\/litespeed\\\/avatar\\\/e571bcf59a0edd6fa6838245a470f2fe.jpg?ver=1776969259\",\"width\":96,\"height\":96,\"caption\":\"admin\"}},{\"@type\":\"WebPage\",\"@id\":\"https:\\\/\\\/eldigitaldeasturias.com\\\/magazine365\\\/baleares-promociona-su-oferta-de-congresos-con-unas-jornadas-inversas-en-palma\\\/#webpage\",\"url\":\"https:\\\/\\\/eldigitaldeasturias.com\\\/magazine365\\\/baleares-promociona-su-oferta-de-congresos-con-unas-jornadas-inversas-en-palma\\\/\",\"name\":\"Baleares promociona su oferta de congresos con unas jornadas inversas en Palma | El Digital de Asturias\",\"description\":\"La Agencia de Turismo de las Islas Baleares (ATB) organiza hasta el 14 de junio unas jornadas inversas en Mallorca con el objetivo de promocionar toda la oferta del producto MICE en la isla. Participan en estas jornadas un total de 19 empresas extranjeras dedicadas al mercado de los incentivos, congresos y convenciones y procedentes\",\"inLanguage\":\"es-ES\",\"isPartOf\":{\"@id\":\"https:\\\/\\\/eldigitaldeasturias.com\\\/magazine365\\\/#website\"},\"breadcrumb\":{\"@id\":\"https:\\\/\\\/eldigitaldeasturias.com\\\/magazine365\\\/baleares-promociona-su-oferta-de-congresos-con-unas-jornadas-inversas-en-palma\\\/#breadcrumblist\"},\"author\":{\"@id\":\"https:\\\/\\\/eldigitaldeasturias.com\\\/magazine365\\\/author\\\/admin\\\/#author\"},\"creator\":{\"@id\":\"https:\\\/\\\/eldigitaldeasturias.com\\\/magazine365\\\/author\\\/admin\\\/#author\"},\"image\":{\"@type\":\"ImageObject\",\"url\":\"https:\\\/\\\/eldigitaldeasturias.com\\\/magazine365\\\/wp-content\\\/uploads\\\/2015\\\/06\\\/fotonoticia_20150612134114_800.jpg\",\"@id\":\"https:\\\/\\\/eldigitaldeasturias.com\\\/magazine365\\\/baleares-promociona-su-oferta-de-congresos-con-unas-jornadas-inversas-en-palma\\\/#mainImage\",\"width\":800,\"height\":600},\"primaryImageOfPage\":{\"@id\":\"https:\\\/\\\/eldigitaldeasturias.com\\\/magazine365\\\/baleares-promociona-su-oferta-de-congresos-con-unas-jornadas-inversas-en-palma\\\/#mainImage\"},\"datePublished\":\"2015-06-13T01:48:41+02:00\",\"dateModified\":\"2015-06-13T01:48:41+02:00\"},{\"@type\":\"WebSite\",\"@id\":\"https:\\\/\\\/eldigitaldeasturias.com\\\/magazine365\\\/#website\",\"url\":\"https:\\\/\\\/eldigitaldeasturias.com\\\/magazine365\\\/\",\"name\":\"El Digital de Asturias\",\"description\":\"Revista de ocio, turismo y estilo de vida\",\"inLanguage\":\"es-ES\",\"publisher\":{\"@id\":\"https:\\\/\\\/eldigitaldeasturias.com\\\/magazine365\\\/#organization\"}}]}\n\t\t<\/script>\n\t\t<!-- All in One SEO Pro -->\r\n\t\t<title>Baleares promociona su oferta de congresos con unas jornadas inversas en Palma | El Digital de Asturias<\/title>\n\n","aioseo_head_json":{"title":"Baleares promociona su oferta de congresos con unas jornadas inversas en Palma | El Digital de Asturias","description":"La Agencia de Turismo de las Islas Baleares (ATB) organiza hasta el 14 de junio unas jornadas inversas en Mallorca con el objetivo de promocionar toda la oferta del producto MICE en la isla. Participan en estas jornadas un total de 19 empresas extranjeras dedicadas al mercado de los incentivos, congresos y convenciones y procedentes","canonical_url":"https:\/\/eldigitaldeasturias.com\/magazine365\/baleares-promociona-su-oferta-de-congresos-con-unas-jornadas-inversas-en-palma\/","robots":"max-image-preview:large","keywords":"actualidad turismo","webmasterTools":{"google-site-verification":"UA-38556648-1","miscellaneous":""},"schema":{"@context":"https:\/\/schema.org","@graph":[{"@type":"Article","@id":"https:\/\/eldigitaldeasturias.com\/magazine365\/baleares-promociona-su-oferta-de-congresos-con-unas-jornadas-inversas-en-palma\/#article","name":"Baleares promociona su oferta de congresos con unas jornadas inversas en Palma | El Digital de Asturias","headline":"Baleares promociona su oferta de congresos con unas jornadas inversas en Palma","author":{"@id":"https:\/\/eldigitaldeasturias.com\/magazine365\/author\/admin\/#author"},"publisher":{"@id":"https:\/\/eldigitaldeasturias.com\/magazine365\/#organization"},"image":{"@type":"ImageObject","url":"https:\/\/eldigitaldeasturias.com\/magazine365\/wp-content\/uploads\/2015\/06\/fotonoticia_20150612134114_800.jpg","width":800,"height":600},"datePublished":"2015-06-13T01:48:41+02:00","dateModified":"2015-06-13T01:48:41+02:00","inLanguage":"es-ES","mainEntityOfPage":{"@id":"https:\/\/eldigitaldeasturias.com\/magazine365\/baleares-promociona-su-oferta-de-congresos-con-unas-jornadas-inversas-en-palma\/#webpage"},"isPartOf":{"@id":"https:\/\/eldigitaldeasturias.com\/magazine365\/baleares-promociona-su-oferta-de-congresos-con-unas-jornadas-inversas-en-palma\/#webpage"},"articleSection":"Actualidad Turismo"},{"@type":"BreadcrumbList","@id":"https:\/\/eldigitaldeasturias.com\/magazine365\/baleares-promociona-su-oferta-de-congresos-con-unas-jornadas-inversas-en-palma\/#breadcrumblist","itemListElement":[{"@type":"ListItem","@id":"https:\/\/eldigitaldeasturias.com\/magazine365#listItem","position":1,"name":"Home","item":"https:\/\/eldigitaldeasturias.com\/magazine365","nextItem":{"@type":"ListItem","@id":"https:\/\/eldigitaldeasturias.com\/magazine365\/category\/actualidad-turismo\/#listItem","name":"Actualidad Turismo"}},{"@type":"ListItem","@id":"https:\/\/eldigitaldeasturias.com\/magazine365\/category\/actualidad-turismo\/#listItem","position":2,"name":"Actualidad Turismo","item":"https:\/\/eldigitaldeasturias.com\/magazine365\/category\/actualidad-turismo\/","nextItem":{"@type":"ListItem","@id":"https:\/\/eldigitaldeasturias.com\/magazine365\/baleares-promociona-su-oferta-de-congresos-con-unas-jornadas-inversas-en-palma\/#listItem","name":"Baleares promociona su oferta de congresos con unas jornadas inversas en Palma"},"previousItem":{"@type":"ListItem","@id":"https:\/\/eldigitaldeasturias.com\/magazine365#listItem","name":"Home"}},{"@type":"ListItem","@id":"https:\/\/eldigitaldeasturias.com\/magazine365\/baleares-promociona-su-oferta-de-congresos-con-unas-jornadas-inversas-en-palma\/#listItem","position":3,"name":"Baleares promociona su oferta de congresos con unas jornadas inversas en Palma","previousItem":{"@type":"ListItem","@id":"https:\/\/eldigitaldeasturias.com\/magazine365\/category\/actualidad-turismo\/#listItem","name":"Actualidad Turismo"}}]},{"@type":"Organization","@id":"https:\/\/eldigitaldeasturias.com\/magazine365\/#organization","name":"El digital de Asturias","description":"Revista de ocio, turismo y estilo de vida","url":"https:\/\/eldigitaldeasturias.com\/magazine365\/","logo":{"@type":"ImageObject","url":"https:\/\/www.eldigitaldeasturias.com\/noticias\/wp-content\/uploads\/2020\/12\/EDA.jpg","@id":"https:\/\/eldigitaldeasturias.com\/magazine365\/baleares-promociona-su-oferta-de-congresos-con-unas-jornadas-inversas-en-palma\/#organizationLogo"},"image":{"@id":"https:\/\/eldigitaldeasturias.com\/magazine365\/baleares-promociona-su-oferta-de-congresos-con-unas-jornadas-inversas-en-palma\/#organizationLogo"}},{"@type":"Person","@id":"https:\/\/eldigitaldeasturias.com\/magazine365\/author\/admin\/#author","url":"https:\/\/eldigitaldeasturias.com\/magazine365\/author\/admin\/","name":"admin","image":{"@type":"ImageObject","@id":"https:\/\/eldigitaldeasturias.com\/magazine365\/baleares-promociona-su-oferta-de-congresos-con-unas-jornadas-inversas-en-palma\/#authorImage","url":"https:\/\/eldigitaldeasturias.com\/magazine365\/wp-content\/litespeed\/avatar\/e571bcf59a0edd6fa6838245a470f2fe.jpg?ver=1776969259","width":96,"height":96,"caption":"admin"}},{"@type":"WebPage","@id":"https:\/\/eldigitaldeasturias.com\/magazine365\/baleares-promociona-su-oferta-de-congresos-con-unas-jornadas-inversas-en-palma\/#webpage","url":"https:\/\/eldigitaldeasturias.com\/magazine365\/baleares-promociona-su-oferta-de-congresos-con-unas-jornadas-inversas-en-palma\/","name":"Baleares promociona su oferta de congresos con unas jornadas inversas en Palma | El Digital de Asturias","description":"La Agencia de Turismo de las Islas Baleares (ATB) organiza hasta el 14 de junio unas jornadas inversas en Mallorca con el objetivo de promocionar toda la oferta del producto MICE en la isla. Participan en estas jornadas un total de 19 empresas extranjeras dedicadas al mercado de los incentivos, congresos y convenciones y procedentes","inLanguage":"es-ES","isPartOf":{"@id":"https:\/\/eldigitaldeasturias.com\/magazine365\/#website"},"breadcrumb":{"@id":"https:\/\/eldigitaldeasturias.com\/magazine365\/baleares-promociona-su-oferta-de-congresos-con-unas-jornadas-inversas-en-palma\/#breadcrumblist"},"author":{"@id":"https:\/\/eldigitaldeasturias.com\/magazine365\/author\/admin\/#author"},"creator":{"@id":"https:\/\/eldigitaldeasturias.com\/magazine365\/author\/admin\/#author"},"image":{"@type":"ImageObject","url":"https:\/\/eldigitaldeasturias.com\/magazine365\/wp-content\/uploads\/2015\/06\/fotonoticia_20150612134114_800.jpg","@id":"https:\/\/eldigitaldeasturias.com\/magazine365\/baleares-promociona-su-oferta-de-congresos-con-unas-jornadas-inversas-en-palma\/#mainImage","width":800,"height":600},"primaryImageOfPage":{"@id":"https:\/\/eldigitaldeasturias.com\/magazine365\/baleares-promociona-su-oferta-de-congresos-con-unas-jornadas-inversas-en-palma\/#mainImage"},"datePublished":"2015-06-13T01:48:41+02:00","dateModified":"2015-06-13T01:48:41+02:00"},{"@type":"WebSite","@id":"https:\/\/eldigitaldeasturias.com\/magazine365\/#website","url":"https:\/\/eldigitaldeasturias.com\/magazine365\/","name":"El Digital de Asturias","description":"Revista de ocio, turismo y estilo de vida","inLanguage":"es-ES","publisher":{"@id":"https:\/\/eldigitaldeasturias.com\/magazine365\/#organization"}}]},"og:locale":"es_ES","og:site_name":"El Digital de Asturias \u2013 Revista de ocio, turismo y estilo de vida","og:type":"article","og:title":"Baleares promociona su oferta de congresos con unas jornadas inversas en Palma | El Digital de Asturias","og:description":"La Agencia de Turismo de las Islas Baleares (ATB) organiza hasta el 14 de junio unas jornadas inversas en Mallorca con el objetivo de promocionar toda la oferta del producto MICE en la isla. Participan en estas jornadas un total de 19 empresas extranjeras dedicadas al mercado de los incentivos, congresos y convenciones y procedentes","og:url":"https:\/\/eldigitaldeasturias.com\/magazine365\/baleares-promociona-su-oferta-de-congresos-con-unas-jornadas-inversas-en-palma\/","og:image":"https:\/\/eldigitaldeasturias.com\/magazine365\/wp-content\/uploads\/2015\/06\/fotonoticia_20150612134114_800.jpg","og:image:secure_url":"https:\/\/eldigitaldeasturias.com\/magazine365\/wp-content\/uploads\/2015\/06\/fotonoticia_20150612134114_800.jpg","og:image:width":800,"og:image:height":600,"article:published_time":"2015-06-13T00:18:41+00:00","article:modified_time":"2015-06-13T00:18:41+00:00","twitter:card":"summary_large_image","twitter:title":"Baleares promociona su oferta de congresos con unas jornadas inversas en Palma | El Digital de Asturias","twitter:description":"La Agencia de Turismo de las Islas Baleares (ATB) organiza hasta el 14 de junio unas jornadas inversas en Mallorca con el objetivo de promocionar toda la oferta del producto MICE en la isla. Participan en estas jornadas un total de 19 empresas extranjeras dedicadas al mercado de los incentivos, congresos y convenciones y procedentes","twitter:image":"https:\/\/eldigitaldeasturias.com\/magazine365\/wp-content\/uploads\/2015\/06\/fotonoticia_20150612134114_800.jpg"},"aioseo_meta_data":{"post_id":"39729","title":null,"description":null,"keywords":null,"keyphrases":null,"primary_term":null,"canonical_url":null,"og_title":null,"og_description":null,"og_object_type":"default","og_image_type":"default","og_image_url":null,"og_image_width":null,"og_image_height":null,"og_image_custom_url":null,"og_image_custom_fields":null,"og_video":null,"og_custom_url":null,"og_article_section":null,"og_article_tags":null,"twitter_use_og":false,"twitter_card":"default","twitter_image_type":"default","twitter_image_url":null,"twitter_image_custom_url":null,"twitter_image_custom_fields":null,"twitter_title":null,"twitter_description":null,"schema":{"blockGraphs":[],"customGraphs":[],"default":{"data":{"Article":[],"Course":[],"Dataset":[],"FAQPage":[],"Movie":[],"Person":[],"Product":[],"ProductReview":[],"Car":[],"Recipe":[],"Service":[],"SoftwareApplication":[],"WebPage":[]},"graphName":"","isEnabled":true},"graphs":[],"defaultGraph":"","defaultPostTypeGraph":""},"schema_type":null,"schema_type_options":null,"pillar_content":false,"robots_default":true,"robots_noindex":false,"robots_noarchive":false,"robots_nosnippet":false,"robots_nofollow":false,"robots_noimageindex":false,"robots_noodp":false,"robots_notranslate":false,"robots_max_snippet":null,"robots_max_videopreview":null,"robots_max_imagepreview":"large","priority":null,"frequency":null,"location":null,"local_seo":null,"seo_analyzer_scan_date":"2025-09-19 12:12:27","breadcrumb_settings":null,"limit_modified_date":false,"open_ai":null,"ai":null,"created":"2021-03-09 02:37:42","updated":"2025-09-19 12:12:27"},"aioseo_breadcrumb":"<div class=\"aioseo-breadcrumbs\"><span class=\"aioseo-breadcrumb\">\n\t<a href=\"https:\/\/eldigitaldeasturias.com\/magazine365\" title=\"Home\">Home<\/a>\n<\/span><span class=\"aioseo-breadcrumb-separator\">\u2013<\/span><span class=\"aioseo-breadcrumb\">\n\t<a href=\"https:\/\/eldigitaldeasturias.com\/magazine365\/category\/actualidad-turismo\/\" title=\"Actualidad Turismo\">Actualidad Turismo<\/a>\n<\/span><span class=\"aioseo-breadcrumb-separator\">\u2013<\/span><span class=\"aioseo-breadcrumb\">\n\t<a href=\"https:\/\/eldigitaldeasturias.com\/magazine365\/baleares-promociona-su-oferta-de-congresos-con-unas-jornadas-inversas-en-palma\/\" title=\"Baleares promociona su oferta de congresos con unas jornadas inversas en Palma\">Baleares promociona su oferta de congresos con unas jornadas inversas en Palma<\/a>\n<\/span><\/div>","aioseo_breadcrumb_json":[{"label":"Home","link":"https:\/\/eldigitaldeasturias.com\/magazine365"},{"label":"Actualidad Turismo","link":"https:\/\/eldigitaldeasturias.com\/magazine365\/category\/actualidad-turismo\/"},{"label":"Baleares promociona su oferta de congresos con unas jornadas inversas en Palma","link":"https:\/\/eldigitaldeasturias.com\/magazine365\/baleares-promociona-su-oferta-de-congresos-con-unas-jornadas-inversas-en-palma\/"}],"_links":{"self":[{"href":"https:\/\/eldigitaldeasturias.com\/magazine365\/wp-json\/wp\/v2\/posts\/39729","targetHints":{"allow":["GET"]}}],"collection":[{"href":"https:\/\/eldigitaldeasturias.com\/magazine365\/wp-json\/wp\/v2\/posts"}],"about":[{"href":"https:\/\/eldigitaldeasturias.com\/magazine365\/wp-json\/wp\/v2\/types\/post"}],"author":[{"embeddable":true,"href":"https:\/\/eldigitaldeasturias.com\/magazine365\/wp-json\/wp\/v2\/users\/1"}],"replies":[{"embeddable":true,"href":"https:\/\/eldigitaldeasturias.com\/magazine365\/wp-json\/wp\/v2\/comments?post=39729"}],"version-history":[{"count":0,"href":"https:\/\/eldigitaldeasturias.com\/magazine365\/wp-json\/wp\/v2\/posts\/39729\/revisions"}],"wp:featuredmedia":[{"embeddable":true,"href":"https:\/\/eldigitaldeasturias.com\/magazine365\/wp-json\/wp\/v2\/media\/39730"}],"wp:attachment":[{"href":"https:\/\/eldigitaldeasturias.com\/magazine365\/wp-json\/wp\/v2\/media?parent=39729"}],"wp:term":[{"taxonomy":"category","embeddable":true,"href":"https:\/\/eldigitaldeasturias.com\/magazine365\/wp-json\/wp\/v2\/categories?post=39729"},{"taxonomy":"post_tag","embeddable":true,"href":"https:\/\/eldigitaldeasturias.com\/magazine365\/wp-json\/wp\/v2\/tags?post=39729"}],"curies":[{"name":"wp","href":"https:\/\/api.w.org\/{rel}","templated":true}]}}