{"id":39723,"date":"2015-06-13T01:46:36","date_gmt":"2015-06-13T00:16:36","guid":{"rendered":"http:\/\/eldigitaldeasturias.com\/magazine365\/?p=39723"},"modified":"2015-06-13T01:46:36","modified_gmt":"2015-06-13T00:16:36","slug":"normalidad-en-los-aeropuertos-en-la-tercera-jornada-de-paros-de-los-controladores","status":"publish","type":"post","link":"https:\/\/eldigitaldeasturias.com\/magazine365\/normalidad-en-los-aeropuertos-en-la-tercera-jornada-de-paros-de-los-controladores\/","title":{"rendered":"Normalidad en los aeropuertos en la tercera jornada de paros de los controladores"},"content":{"rendered":"<p><img fetchpriority=\"high\" decoding=\"async\" class=\"alignleft size-medium wp-image-39724\" src=\"https:\/\/eldigitaldeasturias.com\/magazine365\/wp-content\/uploads\/2015\/06\/aeropu-360x240.jpg\" alt=\"aeropu\" width=\"360\" height=\"240\" srcset=\"https:\/\/eldigitaldeasturias.com\/magazine365\/wp-content\/uploads\/2015\/06\/aeropu-360x240.jpg 360w, https:\/\/eldigitaldeasturias.com\/magazine365\/wp-content\/uploads\/2015\/06\/aeropu-650x433.jpg 650w, https:\/\/eldigitaldeasturias.com\/magazine365\/wp-content\/uploads\/2015\/06\/aeropu-768x512.jpg 768w, https:\/\/eldigitaldeasturias.com\/magazine365\/wp-content\/uploads\/2015\/06\/aeropu-150x100.jpg 150w, https:\/\/eldigitaldeasturias.com\/magazine365\/wp-content\/uploads\/2015\/06\/aeropu-450x300.jpg 450w, https:\/\/eldigitaldeasturias.com\/magazine365\/wp-content\/uploads\/2015\/06\/aeropu-696x464.jpg 696w, https:\/\/eldigitaldeasturias.com\/magazine365\/wp-content\/uploads\/2015\/06\/aeropu-630x420.jpg 630w, https:\/\/eldigitaldeasturias.com\/magazine365\/wp-content\/uploads\/2015\/06\/aeropu-84x55.jpg 84w, https:\/\/eldigitaldeasturias.com\/magazine365\/wp-content\/uploads\/2015\/06\/aeropu.jpg 800w\" sizes=\"(max-width: 360px) 100vw, 360px\" \/>Normalidad en los aeropuertos espa\u00f1oles en el turno de la ma\u00f1ana de este viernes, de 10:00 a 12:00 horas, en la tercera jornada de huelga de controladores a\u00e9reos convocada por el sindicato mayoritario USCA, seg\u00fan informaron fuentes de ENAIRE a Europa Press.<\/p>\n<p>La jornada de ma\u00f1ana han transcurrido con \u00abnormalidad\u00bb todos los aeropuertos de la red de Aena, \u00absin cancelaciones ni demoras atribuibles a la protesta\u00bb cumpli\u00e9ndose los servicios m\u00ednimos \u00abal cien por cien\u00bb.<\/p>\n<p>La convocatoria de paros, la primera en 26 a\u00f1os del colectivo, arranc\u00f3 el lunes y durante todo su desarrollo no se han producido cancelaciones, ni demoras atribuibles a los paros, con una puntualidad media que roz\u00f3 el 100% en la mayor\u00eda de los casos, ante unos servicios m\u00ednimos del 70% decretados por el Ministerio de Fomento.<\/p>\n<p>Un total de 1.532 movimientos de aeronaves, el 25% de los 6.147 previstos en el espacio a\u00e9reo espa\u00f1ol este viernes &#8211;incluyendo sobrevuelos&#8211; podr\u00edan verse afectados por los paros parciales en las dos franjas horarias de paros convocados para este viernes.<\/p>\n<p>Seg\u00fan datos facilitados por ENAIRE, este viernes se prev\u00e9n 834 movimientos en las dos horas de paro de la ma\u00f1ana y 698 durante el paro de dos horas en el turno de tarde.<\/p>\n<p>Para el domingo 14 de junio, \u00faltima jornada de la convocatoria de protestas, se estiman 5.588 movimientos, de ellos 688 entre las 10 y las 12.00 horas y 647 entre las 18.00 y las 20.00 horas, por lo que podr\u00edan verse afectados un total de 1.335 movimientos.<\/p>\n","protected":false},"excerpt":{"rendered":"<p>Normalidad en los aeropuertos espa\u00f1oles en el turno de la ma\u00f1ana de este viernes, de 10:00 a 12:00 horas, en la tercera jornada de huelga de controladores a\u00e9reos convocada por el sindicato mayoritario USCA, seg\u00fan informaron fuentes de ENAIRE a Europa Press. La jornada de ma\u00f1ana han transcurrido con \u00abnormalidad\u00bb todos los aeropuertos de la<\/p>\n","protected":false},"author":1,"featured_media":39724,"comment_status":"open","ping_status":"closed","sticky":false,"template":"","format":"standard","meta":{"footnotes":""},"categories":[224],"tags":[],"class_list":{"0":"post-39723","1":"post","2":"type-post","3":"status-publish","4":"format-standard","5":"has-post-thumbnail","7":"category-noticias-actualidad"},"aioseo_notices":[],"aioseo_head":"\n\t\t<!-- All in One SEO Pro 4.9.6.1 - aioseo.com -->\n\t<meta name=\"description\" content=\"Normalidad en los aeropuertos espa\u00f1oles en el turno de la ma\u00f1ana de este viernes, de 10:00 a 12:00 horas, en la tercera jornada de huelga de controladores a\u00e9reos convocada por el sindicato mayoritario USCA, seg\u00fan informaron fuentes de ENAIRE a Europa Press. La jornada de ma\u00f1ana han transcurrido con &quot;normalidad&quot; todos los aeropuertos de la\" \/>\n\t<meta name=\"robots\" content=\"max-image-preview:large\" \/>\n\t<meta name=\"author\" content=\"admin\"\/>\n\t<meta name=\"google-site-verification\" content=\"UA-38556648-1\" \/>\n\t<meta name=\"keywords\" content=\"noticias y actualidad\" \/>\n\t<link rel=\"canonical\" href=\"https:\/\/eldigitaldeasturias.com\/magazine365\/normalidad-en-los-aeropuertos-en-la-tercera-jornada-de-paros-de-los-controladores\/\" \/>\n\t<meta name=\"generator\" content=\"All in One SEO Pro (AIOSEO) 4.9.6.1\" \/>\n\t\t<meta property=\"og:locale\" content=\"es_ES\" \/>\n\t\t<meta property=\"og:site_name\" content=\"El Digital de Asturias \u2013 Revista de ocio, turismo y estilo de vida\" \/>\n\t\t<meta property=\"og:type\" content=\"article\" \/>\n\t\t<meta property=\"og:title\" content=\"Normalidad en los aeropuertos en la tercera jornada de paros de los controladores | El Digital de Asturias\" \/>\n\t\t<meta property=\"og:description\" content=\"Normalidad en los aeropuertos espa\u00f1oles en el turno de la ma\u00f1ana de este viernes, de 10:00 a 12:00 horas, en la tercera jornada de huelga de controladores a\u00e9reos convocada por el sindicato mayoritario USCA, seg\u00fan informaron fuentes de ENAIRE a Europa Press. La jornada de ma\u00f1ana han transcurrido con &quot;normalidad&quot; todos los aeropuertos de la\" \/>\n\t\t<meta property=\"og:url\" content=\"https:\/\/eldigitaldeasturias.com\/magazine365\/normalidad-en-los-aeropuertos-en-la-tercera-jornada-de-paros-de-los-controladores\/\" \/>\n\t\t<meta property=\"og:image\" content=\"https:\/\/eldigitaldeasturias.com\/magazine365\/wp-content\/uploads\/2015\/06\/aeropu.jpg\" \/>\n\t\t<meta property=\"og:image:secure_url\" content=\"https:\/\/eldigitaldeasturias.com\/magazine365\/wp-content\/uploads\/2015\/06\/aeropu.jpg\" \/>\n\t\t<meta property=\"og:image:width\" content=\"800\" \/>\n\t\t<meta property=\"og:image:height\" content=\"533\" \/>\n\t\t<meta property=\"article:published_time\" content=\"2015-06-13T00:16:36+00:00\" \/>\n\t\t<meta property=\"article:modified_time\" content=\"2015-06-13T00:16:36+00:00\" \/>\n\t\t<meta name=\"twitter:card\" content=\"summary_large_image\" \/>\n\t\t<meta name=\"twitter:title\" content=\"Normalidad en los aeropuertos en la tercera jornada de paros de los controladores | El Digital de Asturias\" \/>\n\t\t<meta name=\"twitter:description\" content=\"Normalidad en los aeropuertos espa\u00f1oles en el turno de la ma\u00f1ana de este viernes, de 10:00 a 12:00 horas, en la tercera jornada de huelga de controladores a\u00e9reos convocada por el sindicato mayoritario USCA, seg\u00fan informaron fuentes de ENAIRE a Europa Press. La jornada de ma\u00f1ana han transcurrido con &quot;normalidad&quot; todos los aeropuertos de la\" \/>\n\t\t<meta name=\"twitter:image\" content=\"https:\/\/eldigitaldeasturias.com\/magazine365\/wp-content\/uploads\/2015\/06\/aeropu.jpg\" \/>\n\t\t<script type=\"application\/ld+json\" class=\"aioseo-schema\">\n\t\t\t{\"@context\":\"https:\\\/\\\/schema.org\",\"@graph\":[{\"@type\":\"Article\",\"@id\":\"https:\\\/\\\/eldigitaldeasturias.com\\\/magazine365\\\/normalidad-en-los-aeropuertos-en-la-tercera-jornada-de-paros-de-los-controladores\\\/#article\",\"name\":\"Normalidad en los aeropuertos en la tercera jornada de paros de los controladores | El Digital de Asturias\",\"headline\":\"Normalidad en los aeropuertos en la tercera jornada de paros de los controladores\",\"author\":{\"@id\":\"https:\\\/\\\/eldigitaldeasturias.com\\\/magazine365\\\/author\\\/admin\\\/#author\"},\"publisher\":{\"@id\":\"https:\\\/\\\/eldigitaldeasturias.com\\\/magazine365\\\/#organization\"},\"image\":{\"@type\":\"ImageObject\",\"url\":\"https:\\\/\\\/eldigitaldeasturias.com\\\/magazine365\\\/wp-content\\\/uploads\\\/2015\\\/06\\\/aeropu.jpg\",\"width\":800,\"height\":533},\"datePublished\":\"2015-06-13T01:46:36+02:00\",\"dateModified\":\"2015-06-13T01:46:36+02:00\",\"inLanguage\":\"es-ES\",\"mainEntityOfPage\":{\"@id\":\"https:\\\/\\\/eldigitaldeasturias.com\\\/magazine365\\\/normalidad-en-los-aeropuertos-en-la-tercera-jornada-de-paros-de-los-controladores\\\/#webpage\"},\"isPartOf\":{\"@id\":\"https:\\\/\\\/eldigitaldeasturias.com\\\/magazine365\\\/normalidad-en-los-aeropuertos-en-la-tercera-jornada-de-paros-de-los-controladores\\\/#webpage\"},\"articleSection\":\"Noticias y Actualidad\"},{\"@type\":\"BreadcrumbList\",\"@id\":\"https:\\\/\\\/eldigitaldeasturias.com\\\/magazine365\\\/normalidad-en-los-aeropuertos-en-la-tercera-jornada-de-paros-de-los-controladores\\\/#breadcrumblist\",\"itemListElement\":[{\"@type\":\"ListItem\",\"@id\":\"https:\\\/\\\/eldigitaldeasturias.com\\\/magazine365#listItem\",\"position\":1,\"name\":\"Home\",\"item\":\"https:\\\/\\\/eldigitaldeasturias.com\\\/magazine365\",\"nextItem\":{\"@type\":\"ListItem\",\"@id\":\"https:\\\/\\\/eldigitaldeasturias.com\\\/magazine365\\\/category\\\/noticias-actualidad\\\/#listItem\",\"name\":\"Noticias y Actualidad\"}},{\"@type\":\"ListItem\",\"@id\":\"https:\\\/\\\/eldigitaldeasturias.com\\\/magazine365\\\/category\\\/noticias-actualidad\\\/#listItem\",\"position\":2,\"name\":\"Noticias y Actualidad\",\"item\":\"https:\\\/\\\/eldigitaldeasturias.com\\\/magazine365\\\/category\\\/noticias-actualidad\\\/\",\"nextItem\":{\"@type\":\"ListItem\",\"@id\":\"https:\\\/\\\/eldigitaldeasturias.com\\\/magazine365\\\/normalidad-en-los-aeropuertos-en-la-tercera-jornada-de-paros-de-los-controladores\\\/#listItem\",\"name\":\"Normalidad en los aeropuertos en la tercera jornada de paros de los controladores\"},\"previousItem\":{\"@type\":\"ListItem\",\"@id\":\"https:\\\/\\\/eldigitaldeasturias.com\\\/magazine365#listItem\",\"name\":\"Home\"}},{\"@type\":\"ListItem\",\"@id\":\"https:\\\/\\\/eldigitaldeasturias.com\\\/magazine365\\\/normalidad-en-los-aeropuertos-en-la-tercera-jornada-de-paros-de-los-controladores\\\/#listItem\",\"position\":3,\"name\":\"Normalidad en los aeropuertos en la tercera jornada de paros de los controladores\",\"previousItem\":{\"@type\":\"ListItem\",\"@id\":\"https:\\\/\\\/eldigitaldeasturias.com\\\/magazine365\\\/category\\\/noticias-actualidad\\\/#listItem\",\"name\":\"Noticias y Actualidad\"}}]},{\"@type\":\"Organization\",\"@id\":\"https:\\\/\\\/eldigitaldeasturias.com\\\/magazine365\\\/#organization\",\"name\":\"El digital de Asturias\",\"description\":\"Revista de ocio, turismo y estilo de vida\",\"url\":\"https:\\\/\\\/eldigitaldeasturias.com\\\/magazine365\\\/\",\"logo\":{\"@type\":\"ImageObject\",\"url\":\"https:\\\/\\\/www.eldigitaldeasturias.com\\\/noticias\\\/wp-content\\\/uploads\\\/2020\\\/12\\\/EDA.jpg\",\"@id\":\"https:\\\/\\\/eldigitaldeasturias.com\\\/magazine365\\\/normalidad-en-los-aeropuertos-en-la-tercera-jornada-de-paros-de-los-controladores\\\/#organizationLogo\"},\"image\":{\"@id\":\"https:\\\/\\\/eldigitaldeasturias.com\\\/magazine365\\\/normalidad-en-los-aeropuertos-en-la-tercera-jornada-de-paros-de-los-controladores\\\/#organizationLogo\"}},{\"@type\":\"Person\",\"@id\":\"https:\\\/\\\/eldigitaldeasturias.com\\\/magazine365\\\/author\\\/admin\\\/#author\",\"url\":\"https:\\\/\\\/eldigitaldeasturias.com\\\/magazine365\\\/author\\\/admin\\\/\",\"name\":\"admin\",\"image\":{\"@type\":\"ImageObject\",\"@id\":\"https:\\\/\\\/eldigitaldeasturias.com\\\/magazine365\\\/normalidad-en-los-aeropuertos-en-la-tercera-jornada-de-paros-de-los-controladores\\\/#authorImage\",\"url\":\"https:\\\/\\\/eldigitaldeasturias.com\\\/magazine365\\\/wp-content\\\/litespeed\\\/avatar\\\/e571bcf59a0edd6fa6838245a470f2fe.jpg?ver=1776969259\",\"width\":96,\"height\":96,\"caption\":\"admin\"}},{\"@type\":\"WebPage\",\"@id\":\"https:\\\/\\\/eldigitaldeasturias.com\\\/magazine365\\\/normalidad-en-los-aeropuertos-en-la-tercera-jornada-de-paros-de-los-controladores\\\/#webpage\",\"url\":\"https:\\\/\\\/eldigitaldeasturias.com\\\/magazine365\\\/normalidad-en-los-aeropuertos-en-la-tercera-jornada-de-paros-de-los-controladores\\\/\",\"name\":\"Normalidad en los aeropuertos en la tercera jornada de paros de los controladores | El Digital de Asturias\",\"description\":\"Normalidad en los aeropuertos espa\\u00f1oles en el turno de la ma\\u00f1ana de este viernes, de 10:00 a 12:00 horas, en la tercera jornada de huelga de controladores a\\u00e9reos convocada por el sindicato mayoritario USCA, seg\\u00fan informaron fuentes de ENAIRE a Europa Press. La jornada de ma\\u00f1ana han transcurrido con \\\"normalidad\\\" todos los aeropuertos de la\",\"inLanguage\":\"es-ES\",\"isPartOf\":{\"@id\":\"https:\\\/\\\/eldigitaldeasturias.com\\\/magazine365\\\/#website\"},\"breadcrumb\":{\"@id\":\"https:\\\/\\\/eldigitaldeasturias.com\\\/magazine365\\\/normalidad-en-los-aeropuertos-en-la-tercera-jornada-de-paros-de-los-controladores\\\/#breadcrumblist\"},\"author\":{\"@id\":\"https:\\\/\\\/eldigitaldeasturias.com\\\/magazine365\\\/author\\\/admin\\\/#author\"},\"creator\":{\"@id\":\"https:\\\/\\\/eldigitaldeasturias.com\\\/magazine365\\\/author\\\/admin\\\/#author\"},\"image\":{\"@type\":\"ImageObject\",\"url\":\"https:\\\/\\\/eldigitaldeasturias.com\\\/magazine365\\\/wp-content\\\/uploads\\\/2015\\\/06\\\/aeropu.jpg\",\"@id\":\"https:\\\/\\\/eldigitaldeasturias.com\\\/magazine365\\\/normalidad-en-los-aeropuertos-en-la-tercera-jornada-de-paros-de-los-controladores\\\/#mainImage\",\"width\":800,\"height\":533},\"primaryImageOfPage\":{\"@id\":\"https:\\\/\\\/eldigitaldeasturias.com\\\/magazine365\\\/normalidad-en-los-aeropuertos-en-la-tercera-jornada-de-paros-de-los-controladores\\\/#mainImage\"},\"datePublished\":\"2015-06-13T01:46:36+02:00\",\"dateModified\":\"2015-06-13T01:46:36+02:00\"},{\"@type\":\"WebSite\",\"@id\":\"https:\\\/\\\/eldigitaldeasturias.com\\\/magazine365\\\/#website\",\"url\":\"https:\\\/\\\/eldigitaldeasturias.com\\\/magazine365\\\/\",\"name\":\"El Digital de Asturias\",\"description\":\"Revista de ocio, turismo y estilo de vida\",\"inLanguage\":\"es-ES\",\"publisher\":{\"@id\":\"https:\\\/\\\/eldigitaldeasturias.com\\\/magazine365\\\/#organization\"}}]}\n\t\t<\/script>\n\t\t<!-- All in One SEO Pro -->\r\n\t\t<title>Normalidad en los aeropuertos en la tercera jornada de paros de los controladores | El Digital de Asturias<\/title>\n\n","aioseo_head_json":{"title":"Normalidad en los aeropuertos en la tercera jornada de paros de los controladores | El Digital de Asturias","description":"Normalidad en los aeropuertos espa\u00f1oles en el turno de la ma\u00f1ana de este viernes, de 10:00 a 12:00 horas, en la tercera jornada de huelga de controladores a\u00e9reos convocada por el sindicato mayoritario USCA, seg\u00fan informaron fuentes de ENAIRE a Europa Press. La jornada de ma\u00f1ana han transcurrido con \"normalidad\" todos los aeropuertos de la","canonical_url":"https:\/\/eldigitaldeasturias.com\/magazine365\/normalidad-en-los-aeropuertos-en-la-tercera-jornada-de-paros-de-los-controladores\/","robots":"max-image-preview:large","keywords":"noticias y actualidad","webmasterTools":{"google-site-verification":"UA-38556648-1","miscellaneous":""},"schema":{"@context":"https:\/\/schema.org","@graph":[{"@type":"Article","@id":"https:\/\/eldigitaldeasturias.com\/magazine365\/normalidad-en-los-aeropuertos-en-la-tercera-jornada-de-paros-de-los-controladores\/#article","name":"Normalidad en los aeropuertos en la tercera jornada de paros de los controladores | El Digital de Asturias","headline":"Normalidad en los aeropuertos en la tercera jornada de paros de los controladores","author":{"@id":"https:\/\/eldigitaldeasturias.com\/magazine365\/author\/admin\/#author"},"publisher":{"@id":"https:\/\/eldigitaldeasturias.com\/magazine365\/#organization"},"image":{"@type":"ImageObject","url":"https:\/\/eldigitaldeasturias.com\/magazine365\/wp-content\/uploads\/2015\/06\/aeropu.jpg","width":800,"height":533},"datePublished":"2015-06-13T01:46:36+02:00","dateModified":"2015-06-13T01:46:36+02:00","inLanguage":"es-ES","mainEntityOfPage":{"@id":"https:\/\/eldigitaldeasturias.com\/magazine365\/normalidad-en-los-aeropuertos-en-la-tercera-jornada-de-paros-de-los-controladores\/#webpage"},"isPartOf":{"@id":"https:\/\/eldigitaldeasturias.com\/magazine365\/normalidad-en-los-aeropuertos-en-la-tercera-jornada-de-paros-de-los-controladores\/#webpage"},"articleSection":"Noticias y Actualidad"},{"@type":"BreadcrumbList","@id":"https:\/\/eldigitaldeasturias.com\/magazine365\/normalidad-en-los-aeropuertos-en-la-tercera-jornada-de-paros-de-los-controladores\/#breadcrumblist","itemListElement":[{"@type":"ListItem","@id":"https:\/\/eldigitaldeasturias.com\/magazine365#listItem","position":1,"name":"Home","item":"https:\/\/eldigitaldeasturias.com\/magazine365","nextItem":{"@type":"ListItem","@id":"https:\/\/eldigitaldeasturias.com\/magazine365\/category\/noticias-actualidad\/#listItem","name":"Noticias y Actualidad"}},{"@type":"ListItem","@id":"https:\/\/eldigitaldeasturias.com\/magazine365\/category\/noticias-actualidad\/#listItem","position":2,"name":"Noticias y Actualidad","item":"https:\/\/eldigitaldeasturias.com\/magazine365\/category\/noticias-actualidad\/","nextItem":{"@type":"ListItem","@id":"https:\/\/eldigitaldeasturias.com\/magazine365\/normalidad-en-los-aeropuertos-en-la-tercera-jornada-de-paros-de-los-controladores\/#listItem","name":"Normalidad en los aeropuertos en la tercera jornada de paros de los controladores"},"previousItem":{"@type":"ListItem","@id":"https:\/\/eldigitaldeasturias.com\/magazine365#listItem","name":"Home"}},{"@type":"ListItem","@id":"https:\/\/eldigitaldeasturias.com\/magazine365\/normalidad-en-los-aeropuertos-en-la-tercera-jornada-de-paros-de-los-controladores\/#listItem","position":3,"name":"Normalidad en los aeropuertos en la tercera jornada de paros de los controladores","previousItem":{"@type":"ListItem","@id":"https:\/\/eldigitaldeasturias.com\/magazine365\/category\/noticias-actualidad\/#listItem","name":"Noticias y Actualidad"}}]},{"@type":"Organization","@id":"https:\/\/eldigitaldeasturias.com\/magazine365\/#organization","name":"El digital de Asturias","description":"Revista de ocio, turismo y estilo de vida","url":"https:\/\/eldigitaldeasturias.com\/magazine365\/","logo":{"@type":"ImageObject","url":"https:\/\/www.eldigitaldeasturias.com\/noticias\/wp-content\/uploads\/2020\/12\/EDA.jpg","@id":"https:\/\/eldigitaldeasturias.com\/magazine365\/normalidad-en-los-aeropuertos-en-la-tercera-jornada-de-paros-de-los-controladores\/#organizationLogo"},"image":{"@id":"https:\/\/eldigitaldeasturias.com\/magazine365\/normalidad-en-los-aeropuertos-en-la-tercera-jornada-de-paros-de-los-controladores\/#organizationLogo"}},{"@type":"Person","@id":"https:\/\/eldigitaldeasturias.com\/magazine365\/author\/admin\/#author","url":"https:\/\/eldigitaldeasturias.com\/magazine365\/author\/admin\/","name":"admin","image":{"@type":"ImageObject","@id":"https:\/\/eldigitaldeasturias.com\/magazine365\/normalidad-en-los-aeropuertos-en-la-tercera-jornada-de-paros-de-los-controladores\/#authorImage","url":"https:\/\/eldigitaldeasturias.com\/magazine365\/wp-content\/litespeed\/avatar\/e571bcf59a0edd6fa6838245a470f2fe.jpg?ver=1776969259","width":96,"height":96,"caption":"admin"}},{"@type":"WebPage","@id":"https:\/\/eldigitaldeasturias.com\/magazine365\/normalidad-en-los-aeropuertos-en-la-tercera-jornada-de-paros-de-los-controladores\/#webpage","url":"https:\/\/eldigitaldeasturias.com\/magazine365\/normalidad-en-los-aeropuertos-en-la-tercera-jornada-de-paros-de-los-controladores\/","name":"Normalidad en los aeropuertos en la tercera jornada de paros de los controladores | El Digital de Asturias","description":"Normalidad en los aeropuertos espa\u00f1oles en el turno de la ma\u00f1ana de este viernes, de 10:00 a 12:00 horas, en la tercera jornada de huelga de controladores a\u00e9reos convocada por el sindicato mayoritario USCA, seg\u00fan informaron fuentes de ENAIRE a Europa Press. La jornada de ma\u00f1ana han transcurrido con \"normalidad\" todos los aeropuertos de la","inLanguage":"es-ES","isPartOf":{"@id":"https:\/\/eldigitaldeasturias.com\/magazine365\/#website"},"breadcrumb":{"@id":"https:\/\/eldigitaldeasturias.com\/magazine365\/normalidad-en-los-aeropuertos-en-la-tercera-jornada-de-paros-de-los-controladores\/#breadcrumblist"},"author":{"@id":"https:\/\/eldigitaldeasturias.com\/magazine365\/author\/admin\/#author"},"creator":{"@id":"https:\/\/eldigitaldeasturias.com\/magazine365\/author\/admin\/#author"},"image":{"@type":"ImageObject","url":"https:\/\/eldigitaldeasturias.com\/magazine365\/wp-content\/uploads\/2015\/06\/aeropu.jpg","@id":"https:\/\/eldigitaldeasturias.com\/magazine365\/normalidad-en-los-aeropuertos-en-la-tercera-jornada-de-paros-de-los-controladores\/#mainImage","width":800,"height":533},"primaryImageOfPage":{"@id":"https:\/\/eldigitaldeasturias.com\/magazine365\/normalidad-en-los-aeropuertos-en-la-tercera-jornada-de-paros-de-los-controladores\/#mainImage"},"datePublished":"2015-06-13T01:46:36+02:00","dateModified":"2015-06-13T01:46:36+02:00"},{"@type":"WebSite","@id":"https:\/\/eldigitaldeasturias.com\/magazine365\/#website","url":"https:\/\/eldigitaldeasturias.com\/magazine365\/","name":"El Digital de Asturias","description":"Revista de ocio, turismo y estilo de vida","inLanguage":"es-ES","publisher":{"@id":"https:\/\/eldigitaldeasturias.com\/magazine365\/#organization"}}]},"og:locale":"es_ES","og:site_name":"El Digital de Asturias \u2013 Revista de ocio, turismo y estilo de vida","og:type":"article","og:title":"Normalidad en los aeropuertos en la tercera jornada de paros de los controladores | El Digital de Asturias","og:description":"Normalidad en los aeropuertos espa\u00f1oles en el turno de la ma\u00f1ana de este viernes, de 10:00 a 12:00 horas, en la tercera jornada de huelga de controladores a\u00e9reos convocada por el sindicato mayoritario USCA, seg\u00fan informaron fuentes de ENAIRE a Europa Press. La jornada de ma\u00f1ana han transcurrido con &quot;normalidad&quot; todos los aeropuertos de la","og:url":"https:\/\/eldigitaldeasturias.com\/magazine365\/normalidad-en-los-aeropuertos-en-la-tercera-jornada-de-paros-de-los-controladores\/","og:image":"https:\/\/eldigitaldeasturias.com\/magazine365\/wp-content\/uploads\/2015\/06\/aeropu.jpg","og:image:secure_url":"https:\/\/eldigitaldeasturias.com\/magazine365\/wp-content\/uploads\/2015\/06\/aeropu.jpg","og:image:width":800,"og:image:height":533,"article:published_time":"2015-06-13T00:16:36+00:00","article:modified_time":"2015-06-13T00:16:36+00:00","twitter:card":"summary_large_image","twitter:title":"Normalidad en los aeropuertos en la tercera jornada de paros de los controladores | El Digital de Asturias","twitter:description":"Normalidad en los aeropuertos espa\u00f1oles en el turno de la ma\u00f1ana de este viernes, de 10:00 a 12:00 horas, en la tercera jornada de huelga de controladores a\u00e9reos convocada por el sindicato mayoritario USCA, seg\u00fan informaron fuentes de ENAIRE a Europa Press. La jornada de ma\u00f1ana han transcurrido con &quot;normalidad&quot; todos los aeropuertos de la","twitter:image":"https:\/\/eldigitaldeasturias.com\/magazine365\/wp-content\/uploads\/2015\/06\/aeropu.jpg"},"aioseo_meta_data":{"post_id":"39723","title":null,"description":null,"keywords":null,"keyphrases":null,"primary_term":null,"canonical_url":null,"og_title":null,"og_description":null,"og_object_type":"default","og_image_type":"default","og_image_url":null,"og_image_width":null,"og_image_height":null,"og_image_custom_url":null,"og_image_custom_fields":null,"og_video":null,"og_custom_url":null,"og_article_section":null,"og_article_tags":null,"twitter_use_og":false,"twitter_card":"default","twitter_image_type":"default","twitter_image_url":null,"twitter_image_custom_url":null,"twitter_image_custom_fields":null,"twitter_title":null,"twitter_description":null,"schema":{"blockGraphs":[],"customGraphs":[],"default":{"data":{"Article":[],"Course":[],"Dataset":[],"FAQPage":[],"Movie":[],"Person":[],"Product":[],"ProductReview":[],"Car":[],"Recipe":[],"Service":[],"SoftwareApplication":[],"WebPage":[]},"graphName":"","isEnabled":true},"graphs":[]},"schema_type":null,"schema_type_options":null,"pillar_content":false,"robots_default":true,"robots_noindex":false,"robots_noarchive":false,"robots_nosnippet":false,"robots_nofollow":false,"robots_noimageindex":false,"robots_noodp":false,"robots_notranslate":false,"robots_max_snippet":null,"robots_max_videopreview":null,"robots_max_imagepreview":"large","priority":null,"frequency":null,"location":null,"local_seo":null,"seo_analyzer_scan_date":"2025-09-19 12:12:25","breadcrumb_settings":null,"limit_modified_date":false,"open_ai":null,"ai":null,"created":"2021-03-09 02:37:42","updated":"2025-09-19 12:12:25"},"aioseo_breadcrumb":"<div class=\"aioseo-breadcrumbs\"><span class=\"aioseo-breadcrumb\">\n\t<a href=\"https:\/\/eldigitaldeasturias.com\/magazine365\" title=\"Home\">Home<\/a>\n<\/span><span class=\"aioseo-breadcrumb-separator\">\u2013<\/span><span class=\"aioseo-breadcrumb\">\n\t<a href=\"https:\/\/eldigitaldeasturias.com\/magazine365\/category\/noticias-actualidad\/\" title=\"Noticias y Actualidad\">Noticias y Actualidad<\/a>\n<\/span><span class=\"aioseo-breadcrumb-separator\">\u2013<\/span><span class=\"aioseo-breadcrumb\">\n\t<a href=\"https:\/\/eldigitaldeasturias.com\/magazine365\/normalidad-en-los-aeropuertos-en-la-tercera-jornada-de-paros-de-los-controladores\/\" title=\"Normalidad en los aeropuertos en la tercera jornada de paros de los controladores\">Normalidad en los aeropuertos en la tercera jornada de paros de los controladores<\/a>\n<\/span><\/div>","aioseo_breadcrumb_json":[{"label":"Home","link":"https:\/\/eldigitaldeasturias.com\/magazine365"},{"label":"Noticias y Actualidad","link":"https:\/\/eldigitaldeasturias.com\/magazine365\/category\/noticias-actualidad\/"},{"label":"Normalidad en los aeropuertos en la tercera jornada de paros de los controladores","link":"https:\/\/eldigitaldeasturias.com\/magazine365\/normalidad-en-los-aeropuertos-en-la-tercera-jornada-de-paros-de-los-controladores\/"}],"_links":{"self":[{"href":"https:\/\/eldigitaldeasturias.com\/magazine365\/wp-json\/wp\/v2\/posts\/39723","targetHints":{"allow":["GET"]}}],"collection":[{"href":"https:\/\/eldigitaldeasturias.com\/magazine365\/wp-json\/wp\/v2\/posts"}],"about":[{"href":"https:\/\/eldigitaldeasturias.com\/magazine365\/wp-json\/wp\/v2\/types\/post"}],"author":[{"embeddable":true,"href":"https:\/\/eldigitaldeasturias.com\/magazine365\/wp-json\/wp\/v2\/users\/1"}],"replies":[{"embeddable":true,"href":"https:\/\/eldigitaldeasturias.com\/magazine365\/wp-json\/wp\/v2\/comments?post=39723"}],"version-history":[{"count":0,"href":"https:\/\/eldigitaldeasturias.com\/magazine365\/wp-json\/wp\/v2\/posts\/39723\/revisions"}],"wp:featuredmedia":[{"embeddable":true,"href":"https:\/\/eldigitaldeasturias.com\/magazine365\/wp-json\/wp\/v2\/media\/39724"}],"wp:attachment":[{"href":"https:\/\/eldigitaldeasturias.com\/magazine365\/wp-json\/wp\/v2\/media?parent=39723"}],"wp:term":[{"taxonomy":"category","embeddable":true,"href":"https:\/\/eldigitaldeasturias.com\/magazine365\/wp-json\/wp\/v2\/categories?post=39723"},{"taxonomy":"post_tag","embeddable":true,"href":"https:\/\/eldigitaldeasturias.com\/magazine365\/wp-json\/wp\/v2\/tags?post=39723"}],"curies":[{"name":"wp","href":"https:\/\/api.w.org\/{rel}","templated":true}]}}