{"id":39720,"date":"2015-06-13T01:44:50","date_gmt":"2015-06-13T00:14:50","guid":{"rendered":"http:\/\/eldigitaldeasturias.com\/magazine365\/?p=39720"},"modified":"2015-06-13T01:44:50","modified_gmt":"2015-06-13T00:14:50","slug":"pasaporte-natural-castilla-y-leon-desde-julio-en-gredos","status":"publish","type":"post","link":"https:\/\/eldigitaldeasturias.com\/magazine365\/pasaporte-natural-castilla-y-leon-desde-julio-en-gredos\/","title":{"rendered":"\u00abPasaporte Natural Castilla y Le\u00f3n\u00bb desde julio en Gredos"},"content":{"rendered":"<p><img fetchpriority=\"high\" decoding=\"async\" class=\"alignleft size-medium wp-image-39721\" src=\"https:\/\/eldigitaldeasturias.com\/magazine365\/wp-content\/uploads\/2015\/06\/fotonoticia_20150612133155_800-360x225.jpg\" alt=\"fotonoticia_20150612133155_800\" width=\"360\" height=\"225\" srcset=\"https:\/\/eldigitaldeasturias.com\/magazine365\/wp-content\/uploads\/2015\/06\/fotonoticia_20150612133155_800-360x225.jpg 360w, https:\/\/eldigitaldeasturias.com\/magazine365\/wp-content\/uploads\/2015\/06\/fotonoticia_20150612133155_800-650x405.jpg 650w, https:\/\/eldigitaldeasturias.com\/magazine365\/wp-content\/uploads\/2015\/06\/fotonoticia_20150612133155_800-768x479.jpg 768w, https:\/\/eldigitaldeasturias.com\/magazine365\/wp-content\/uploads\/2015\/06\/fotonoticia_20150612133155_800-150x94.jpg 150w, https:\/\/eldigitaldeasturias.com\/magazine365\/wp-content\/uploads\/2015\/06\/fotonoticia_20150612133155_800-450x281.jpg 450w, https:\/\/eldigitaldeasturias.com\/magazine365\/wp-content\/uploads\/2015\/06\/fotonoticia_20150612133155_800-696x434.jpg 696w, https:\/\/eldigitaldeasturias.com\/magazine365\/wp-content\/uploads\/2015\/06\/fotonoticia_20150612133155_800-673x420.jpg 673w, https:\/\/eldigitaldeasturias.com\/magazine365\/wp-content\/uploads\/2015\/06\/fotonoticia_20150612133155_800-279x173.jpg 279w, https:\/\/eldigitaldeasturias.com\/magazine365\/wp-content\/uploads\/2015\/06\/fotonoticia_20150612133155_800-480x300.jpg 480w, https:\/\/eldigitaldeasturias.com\/magazine365\/wp-content\/uploads\/2015\/06\/fotonoticia_20150612133155_800.jpg 800w\" sizes=\"(max-width: 360px) 100vw, 360px\" \/>La iniciativa &#8216;Pasaporte Natural Castilla y Le\u00f3n&#8217;, una iniciativa novedosa que a\u00fana deporte y turismo en los espacios naturales de la Comunidad, dar\u00e1 comienzo el pr\u00f3ximo domingo 19 de julio a trav\u00e9s de las pruebas deportivas que acoger\u00e1 el Parque Regional de la Sierra de Gredos entre las que figurar\u00e1n la bicicleta de monta\u00f1a o BBT, el Trail running o el Nordic Walking.<\/p>\n<p>La Fundaci\u00f3n Eusebio Sacrist\u00e1n ha sido la autora de esta pionera idea en Castilla y Le\u00f3n, desarrollada en colaboraci\u00f3n con la Junta, que aunar\u00e1 el medio natural, el turismo y el deporte, tres dimensiones \u00abfundamentales\u00bb para la Comunidad, en palabras del director general de Deporte, Alfonso Lahuerta Izquierdo.<\/p>\n<p>Las pruebas en la Sierra de Gredos conformar\u00e1n el punto de partida de este proyecto que tendr\u00e1, en el oto\u00f1o de este a\u00f1o, su segunda cita que se desarrollar\u00e1 en este caso en el Parque Natural Fuentes Carrionas y Fuente Cobre de la Monta\u00f1a Palentina.<\/p>\n<p>A estas dos pruebas se sumar\u00e1n en 2016 las de la Fuentona-Sabinar de Calata\u00f1azor en la provincia de Soria y las de Montes Obarenes en Burgos, que se celebrar\u00e1n en primavera y verano, respectivamente.<\/p>\n<p>Esta iniciativa multidisciplinar busca, seg\u00fan ha informado la Fundaci\u00f3n Eusebio Sacrist\u00e1n a Europa Press, ofrecer la posibilidad de \u00abdisfrutar\u00bb de los paisajes castellanoleoneses tanto a aficionados como a profesionales por medio de actividades deportivas de \u00abgran calado\u00bb en la comunidad.<\/p>\n<p>Esta oportunidad es \u00abinigualable\u00bb, seg\u00fan ha se\u00f1alado el director general de Deporte, ya que poder realizar este tipo de actividades en la \u00abespectacular\u00bb Sierra de Gredos es equiparable a jugar un partido de f\u00fatbol de aficionados en el Santiago Bernab\u00e9u o en el Camp Nou.<\/p>\n<p>En esta misma l\u00ednea, el director general de Calidad y Sosteniblidad Medioambiental, Jos\u00e9 Manuel Jim\u00e9nez, ha indicado que el uso de los espacios medioambientales de Castilla y Le\u00f3n siempre ha sido una \u00abprioridad\u00bb para la Junta, motivo por el que Gredos ha sido sede de acogida de m\u00faltiples proyectos como &#8216;M\u00fasicos en la Naturaleza&#8217; para escuchar \u00abbuena m\u00fasica\u00bb, el Programa VEEN dirigido a escolares o &#8216;Espacios Naturales a Vista de P\u00e1jaro&#8217; para volar en globo.<\/p>\n<p>Jimen\u00e9z ha recordado que m\u00e1s de un mill\u00f3n de personas han recorrido en el \u00faltimo a\u00f1o los espacios naturales de Castilla y Le\u00f3n, cifra que en su opini\u00f3n es buena, pero no suficiente, ya que siempre hay que \u00abaspirar a lo mejor\u00bb.<\/p>\n<p>El 70 por ciento de los recorridos transcurrir\u00e1n por los trazados creados por la Consejer\u00eda de Cultura y Turismo dentro del proyecto &#8216;Rutas tur\u00edsticas de bicicleta de monta\u00f1a&#8217;, y todos los circuitos estar\u00e1n se\u00f1alizados y balizados para \u00abgarantizar el correcto funcionamiento de las pruebas\u00bb, seg\u00fan ha se\u00f1alado Jim\u00e9nez.<\/p>\n<p>80 Y 45 KIL\u00d3METROS DE RECORRIDO<\/p>\n<p>Tanto las pruebas de BTT como la de Trail y la actividad de senderismo partir\u00e1n el pr\u00f3ximo d\u00eda 19 de julio de la Casa del Parque de Hoyos del Espino, donde tambi\u00e9n se situar\u00e1 la meta del recorrido.<\/p>\n<p>Los participantes de la prueba BBT tendr\u00e1n dos posibles rutas a seguir, la primera de 80 kil\u00f3metros con un desnivel de 3.600 metros aproximadamente y la segunda de 45 kil\u00f3metros con 1.800 metros de desnivel; adem\u00e1s dispondr\u00e1n de tres puntos de avituallamiento l\u00edquido y s\u00f3lido abastecidos por productores locales y contar\u00e1n con un chip para el cronometraje, estar\u00e1n asegurados y recibir\u00e1n una bolsa de corredor.<\/p>\n<p>Por su parte, la prueba de trail es una carrera de monta\u00f1a en la que los participantes recorrer\u00e1n 23 kil\u00f3metros de los que el 70 por ciento transcurrir\u00e1n en pista de 1.000 metros de desnivel. Por otro lado, la actividad de walking recorrer\u00e1 13 kil\u00f3metros a trav\u00e9s de espacios \u00edntegramente naturales.<\/p>\n<p>El precio de la inscripci\u00f3n es de 20 euros para una prueba de BTT y 35 euros para las dos, y de 12 euros para una prueba de Trail y 20 euros para la de \u00c1vila y Palencia, mientras que la actividad de &#8216;walking&#8217; tendr\u00e1 un coste de inscripci\u00f3n de 5 euros.<\/p>\n<p>2,3 MILLONES DE EUROS<\/p>\n<p>El Director General de Turismo, Javier Ram\u00edrez Utrilla, ha explicado que el Plan de Competitividad tur\u00edstica Gredos-Iruelas, en el que se integra el proyecto &#8216;Pasaporte Natural&#8217;, ha supuesto una inversi\u00f3n de 2,3 millones de euros repartidos entre la Diputaci\u00f3n Provincial de \u00c1vila, la Consejer\u00eda de Cultura y Turismo de Castilla y Le\u00f3n y la Administraci\u00f3n Central.<\/p>\n<p>A su vez, &#8216;Pasaporte Natural&#8217; servir\u00e1 de refuerzo del producto tur\u00edstico de la Junta &#8216;A vueltas con Gredos&#8217; que a\u00fana un recorrido de 261 kil\u00f3metros en los que se engloba bicicleta de monta\u00f1a, senderismo y turismo ecuestre, adem\u00e1s de un circuito interior para trekking de alta monta\u00f1a.<\/p>\n<p>Esta iniciativa, seg\u00fan Ram\u00edrez, vincula dos recursos tur\u00edsticos \u00abfundamentales\u00bb en Castilla y Le\u00f3n: el turismo activo, que cuenta con 270 empresas en la comunidad, y el turismo rural, en el que, seg\u00fan el \u00faltimo informe del INE de enero a abril de 2015, Castilla y Le\u00f3n ha crecido un 15 por ciento, respecto a las mismas fechas de 2014.<\/p>\n<p>Castilla y Le\u00f3n ocupa la primera posici\u00f3n a nivel nacional en el turismo rural con el 22 por ciento del total de los viajeros en este sector y con el 19 por ciento de las pernoctaciones.<\/p>\n","protected":false},"excerpt":{"rendered":"<p>La iniciativa &#8216;Pasaporte Natural Castilla y Le\u00f3n&#8217;, una iniciativa novedosa que a\u00fana deporte y turismo en los espacios naturales de la Comunidad, dar\u00e1 comienzo el pr\u00f3ximo domingo 19 de julio a trav\u00e9s de las pruebas deportivas que acoger\u00e1 el Parque Regional de la Sierra de Gredos entre las que figurar\u00e1n la bicicleta de monta\u00f1a o<\/p>\n","protected":false},"author":1,"featured_media":39721,"comment_status":"open","ping_status":"closed","sticky":false,"template":"","format":"standard","meta":{"footnotes":""},"categories":[222],"tags":[],"class_list":{"0":"post-39720","1":"post","2":"type-post","3":"status-publish","4":"format-standard","5":"has-post-thumbnail","7":"category-actualidad-turismo"},"aioseo_notices":[],"aioseo_head":"\n\t\t<!-- All in One SEO Pro 4.9.6.1 - aioseo.com -->\n\t<meta name=\"description\" content=\"La iniciativa &#039;Pasaporte Natural Castilla y Le\u00f3n&#039;, una iniciativa novedosa que a\u00fana deporte y turismo en los espacios naturales de la Comunidad, dar\u00e1 comienzo el pr\u00f3ximo domingo 19 de julio a trav\u00e9s de las pruebas deportivas que acoger\u00e1 el Parque Regional de la Sierra de Gredos entre las que figurar\u00e1n la bicicleta de monta\u00f1a o\" \/>\n\t<meta name=\"robots\" content=\"max-image-preview:large\" \/>\n\t<meta name=\"author\" content=\"admin\"\/>\n\t<meta name=\"google-site-verification\" content=\"UA-38556648-1\" \/>\n\t<meta name=\"keywords\" content=\"actualidad turismo\" \/>\n\t<link rel=\"canonical\" href=\"https:\/\/eldigitaldeasturias.com\/magazine365\/pasaporte-natural-castilla-y-leon-desde-julio-en-gredos\/\" \/>\n\t<meta name=\"generator\" content=\"All in One SEO Pro (AIOSEO) 4.9.6.1\" \/>\n\t\t<meta property=\"og:locale\" content=\"es_ES\" \/>\n\t\t<meta property=\"og:site_name\" content=\"El Digital de Asturias \u2013 Revista de ocio, turismo y estilo de vida\" \/>\n\t\t<meta property=\"og:type\" content=\"article\" \/>\n\t\t<meta property=\"og:title\" content=\"\u00abPasaporte Natural Castilla y Le\u00f3n\u00bb desde julio en Gredos | El Digital de Asturias\" \/>\n\t\t<meta property=\"og:description\" content=\"La iniciativa &#039;Pasaporte Natural Castilla y Le\u00f3n&#039;, una iniciativa novedosa que a\u00fana deporte y turismo en los espacios naturales de la Comunidad, dar\u00e1 comienzo el pr\u00f3ximo domingo 19 de julio a trav\u00e9s de las pruebas deportivas que acoger\u00e1 el Parque Regional de la Sierra de Gredos entre las que figurar\u00e1n la bicicleta de monta\u00f1a o\" \/>\n\t\t<meta property=\"og:url\" content=\"https:\/\/eldigitaldeasturias.com\/magazine365\/pasaporte-natural-castilla-y-leon-desde-julio-en-gredos\/\" \/>\n\t\t<meta property=\"og:image\" content=\"https:\/\/eldigitaldeasturias.com\/magazine365\/wp-content\/uploads\/2015\/06\/fotonoticia_20150612133155_800.jpg\" \/>\n\t\t<meta property=\"og:image:secure_url\" content=\"https:\/\/eldigitaldeasturias.com\/magazine365\/wp-content\/uploads\/2015\/06\/fotonoticia_20150612133155_800.jpg\" \/>\n\t\t<meta property=\"og:image:width\" content=\"800\" \/>\n\t\t<meta property=\"og:image:height\" content=\"499\" \/>\n\t\t<meta property=\"article:published_time\" content=\"2015-06-13T00:14:50+00:00\" \/>\n\t\t<meta property=\"article:modified_time\" content=\"2015-06-13T00:14:50+00:00\" \/>\n\t\t<meta name=\"twitter:card\" content=\"summary_large_image\" \/>\n\t\t<meta name=\"twitter:title\" content=\"\u00abPasaporte Natural Castilla y Le\u00f3n\u00bb desde julio en Gredos | El Digital de Asturias\" \/>\n\t\t<meta name=\"twitter:description\" content=\"La iniciativa &#039;Pasaporte Natural Castilla y Le\u00f3n&#039;, una iniciativa novedosa que a\u00fana deporte y turismo en los espacios naturales de la Comunidad, dar\u00e1 comienzo el pr\u00f3ximo domingo 19 de julio a trav\u00e9s de las pruebas deportivas que acoger\u00e1 el Parque Regional de la Sierra de Gredos entre las que figurar\u00e1n la bicicleta de monta\u00f1a o\" \/>\n\t\t<meta name=\"twitter:image\" content=\"https:\/\/eldigitaldeasturias.com\/magazine365\/wp-content\/uploads\/2015\/06\/fotonoticia_20150612133155_800.jpg\" \/>\n\t\t<script type=\"application\/ld+json\" class=\"aioseo-schema\">\n\t\t\t{\"@context\":\"https:\\\/\\\/schema.org\",\"@graph\":[{\"@type\":\"Article\",\"@id\":\"https:\\\/\\\/eldigitaldeasturias.com\\\/magazine365\\\/pasaporte-natural-castilla-y-leon-desde-julio-en-gredos\\\/#article\",\"name\":\"\\u00abPasaporte Natural Castilla y Le\\u00f3n\\u00bb desde julio en Gredos | El Digital de Asturias\",\"headline\":\"\\u00abPasaporte Natural Castilla y Le\\u00f3n\\u00bb desde julio en Gredos\",\"author\":{\"@id\":\"https:\\\/\\\/eldigitaldeasturias.com\\\/magazine365\\\/author\\\/admin\\\/#author\"},\"publisher\":{\"@id\":\"https:\\\/\\\/eldigitaldeasturias.com\\\/magazine365\\\/#organization\"},\"image\":{\"@type\":\"ImageObject\",\"url\":\"https:\\\/\\\/eldigitaldeasturias.com\\\/magazine365\\\/wp-content\\\/uploads\\\/2015\\\/06\\\/fotonoticia_20150612133155_800.jpg\",\"width\":800,\"height\":499},\"datePublished\":\"2015-06-13T01:44:50+02:00\",\"dateModified\":\"2015-06-13T01:44:50+02:00\",\"inLanguage\":\"es-ES\",\"mainEntityOfPage\":{\"@id\":\"https:\\\/\\\/eldigitaldeasturias.com\\\/magazine365\\\/pasaporte-natural-castilla-y-leon-desde-julio-en-gredos\\\/#webpage\"},\"isPartOf\":{\"@id\":\"https:\\\/\\\/eldigitaldeasturias.com\\\/magazine365\\\/pasaporte-natural-castilla-y-leon-desde-julio-en-gredos\\\/#webpage\"},\"articleSection\":\"Actualidad Turismo\"},{\"@type\":\"BreadcrumbList\",\"@id\":\"https:\\\/\\\/eldigitaldeasturias.com\\\/magazine365\\\/pasaporte-natural-castilla-y-leon-desde-julio-en-gredos\\\/#breadcrumblist\",\"itemListElement\":[{\"@type\":\"ListItem\",\"@id\":\"https:\\\/\\\/eldigitaldeasturias.com\\\/magazine365#listItem\",\"position\":1,\"name\":\"Home\",\"item\":\"https:\\\/\\\/eldigitaldeasturias.com\\\/magazine365\",\"nextItem\":{\"@type\":\"ListItem\",\"@id\":\"https:\\\/\\\/eldigitaldeasturias.com\\\/magazine365\\\/category\\\/actualidad-turismo\\\/#listItem\",\"name\":\"Actualidad Turismo\"}},{\"@type\":\"ListItem\",\"@id\":\"https:\\\/\\\/eldigitaldeasturias.com\\\/magazine365\\\/category\\\/actualidad-turismo\\\/#listItem\",\"position\":2,\"name\":\"Actualidad Turismo\",\"item\":\"https:\\\/\\\/eldigitaldeasturias.com\\\/magazine365\\\/category\\\/actualidad-turismo\\\/\",\"nextItem\":{\"@type\":\"ListItem\",\"@id\":\"https:\\\/\\\/eldigitaldeasturias.com\\\/magazine365\\\/pasaporte-natural-castilla-y-leon-desde-julio-en-gredos\\\/#listItem\",\"name\":\"\\u00abPasaporte Natural Castilla y Le\\u00f3n\\u00bb desde julio en Gredos\"},\"previousItem\":{\"@type\":\"ListItem\",\"@id\":\"https:\\\/\\\/eldigitaldeasturias.com\\\/magazine365#listItem\",\"name\":\"Home\"}},{\"@type\":\"ListItem\",\"@id\":\"https:\\\/\\\/eldigitaldeasturias.com\\\/magazine365\\\/pasaporte-natural-castilla-y-leon-desde-julio-en-gredos\\\/#listItem\",\"position\":3,\"name\":\"\\u00abPasaporte Natural Castilla y Le\\u00f3n\\u00bb desde julio en Gredos\",\"previousItem\":{\"@type\":\"ListItem\",\"@id\":\"https:\\\/\\\/eldigitaldeasturias.com\\\/magazine365\\\/category\\\/actualidad-turismo\\\/#listItem\",\"name\":\"Actualidad Turismo\"}}]},{\"@type\":\"Organization\",\"@id\":\"https:\\\/\\\/eldigitaldeasturias.com\\\/magazine365\\\/#organization\",\"name\":\"El digital de Asturias\",\"description\":\"Revista de ocio, turismo y estilo de vida\",\"url\":\"https:\\\/\\\/eldigitaldeasturias.com\\\/magazine365\\\/\",\"logo\":{\"@type\":\"ImageObject\",\"url\":\"https:\\\/\\\/www.eldigitaldeasturias.com\\\/noticias\\\/wp-content\\\/uploads\\\/2020\\\/12\\\/EDA.jpg\",\"@id\":\"https:\\\/\\\/eldigitaldeasturias.com\\\/magazine365\\\/pasaporte-natural-castilla-y-leon-desde-julio-en-gredos\\\/#organizationLogo\"},\"image\":{\"@id\":\"https:\\\/\\\/eldigitaldeasturias.com\\\/magazine365\\\/pasaporte-natural-castilla-y-leon-desde-julio-en-gredos\\\/#organizationLogo\"}},{\"@type\":\"Person\",\"@id\":\"https:\\\/\\\/eldigitaldeasturias.com\\\/magazine365\\\/author\\\/admin\\\/#author\",\"url\":\"https:\\\/\\\/eldigitaldeasturias.com\\\/magazine365\\\/author\\\/admin\\\/\",\"name\":\"admin\",\"image\":{\"@type\":\"ImageObject\",\"@id\":\"https:\\\/\\\/eldigitaldeasturias.com\\\/magazine365\\\/pasaporte-natural-castilla-y-leon-desde-julio-en-gredos\\\/#authorImage\",\"url\":\"https:\\\/\\\/eldigitaldeasturias.com\\\/magazine365\\\/wp-content\\\/litespeed\\\/avatar\\\/e571bcf59a0edd6fa6838245a470f2fe.jpg?ver=1776969259\",\"width\":96,\"height\":96,\"caption\":\"admin\"}},{\"@type\":\"WebPage\",\"@id\":\"https:\\\/\\\/eldigitaldeasturias.com\\\/magazine365\\\/pasaporte-natural-castilla-y-leon-desde-julio-en-gredos\\\/#webpage\",\"url\":\"https:\\\/\\\/eldigitaldeasturias.com\\\/magazine365\\\/pasaporte-natural-castilla-y-leon-desde-julio-en-gredos\\\/\",\"name\":\"\\u00abPasaporte Natural Castilla y Le\\u00f3n\\u00bb desde julio en Gredos | El Digital de Asturias\",\"description\":\"La iniciativa 'Pasaporte Natural Castilla y Le\\u00f3n', una iniciativa novedosa que a\\u00fana deporte y turismo en los espacios naturales de la Comunidad, dar\\u00e1 comienzo el pr\\u00f3ximo domingo 19 de julio a trav\\u00e9s de las pruebas deportivas que acoger\\u00e1 el Parque Regional de la Sierra de Gredos entre las que figurar\\u00e1n la bicicleta de monta\\u00f1a o\",\"inLanguage\":\"es-ES\",\"isPartOf\":{\"@id\":\"https:\\\/\\\/eldigitaldeasturias.com\\\/magazine365\\\/#website\"},\"breadcrumb\":{\"@id\":\"https:\\\/\\\/eldigitaldeasturias.com\\\/magazine365\\\/pasaporte-natural-castilla-y-leon-desde-julio-en-gredos\\\/#breadcrumblist\"},\"author\":{\"@id\":\"https:\\\/\\\/eldigitaldeasturias.com\\\/magazine365\\\/author\\\/admin\\\/#author\"},\"creator\":{\"@id\":\"https:\\\/\\\/eldigitaldeasturias.com\\\/magazine365\\\/author\\\/admin\\\/#author\"},\"image\":{\"@type\":\"ImageObject\",\"url\":\"https:\\\/\\\/eldigitaldeasturias.com\\\/magazine365\\\/wp-content\\\/uploads\\\/2015\\\/06\\\/fotonoticia_20150612133155_800.jpg\",\"@id\":\"https:\\\/\\\/eldigitaldeasturias.com\\\/magazine365\\\/pasaporte-natural-castilla-y-leon-desde-julio-en-gredos\\\/#mainImage\",\"width\":800,\"height\":499},\"primaryImageOfPage\":{\"@id\":\"https:\\\/\\\/eldigitaldeasturias.com\\\/magazine365\\\/pasaporte-natural-castilla-y-leon-desde-julio-en-gredos\\\/#mainImage\"},\"datePublished\":\"2015-06-13T01:44:50+02:00\",\"dateModified\":\"2015-06-13T01:44:50+02:00\"},{\"@type\":\"WebSite\",\"@id\":\"https:\\\/\\\/eldigitaldeasturias.com\\\/magazine365\\\/#website\",\"url\":\"https:\\\/\\\/eldigitaldeasturias.com\\\/magazine365\\\/\",\"name\":\"El Digital de Asturias\",\"description\":\"Revista de ocio, turismo y estilo de vida\",\"inLanguage\":\"es-ES\",\"publisher\":{\"@id\":\"https:\\\/\\\/eldigitaldeasturias.com\\\/magazine365\\\/#organization\"}}]}\n\t\t<\/script>\n\t\t<!-- All in One SEO Pro -->\r\n\t\t<title>\u00abPasaporte Natural Castilla y Le\u00f3n\u00bb desde julio en Gredos | El Digital de Asturias<\/title>\n\n","aioseo_head_json":{"title":"\u00abPasaporte Natural Castilla y Le\u00f3n\u00bb desde julio en Gredos | El Digital de Asturias","description":"La iniciativa 'Pasaporte Natural Castilla y Le\u00f3n', una iniciativa novedosa que a\u00fana deporte y turismo en los espacios naturales de la Comunidad, dar\u00e1 comienzo el pr\u00f3ximo domingo 19 de julio a trav\u00e9s de las pruebas deportivas que acoger\u00e1 el Parque Regional de la Sierra de Gredos entre las que figurar\u00e1n la bicicleta de monta\u00f1a o","canonical_url":"https:\/\/eldigitaldeasturias.com\/magazine365\/pasaporte-natural-castilla-y-leon-desde-julio-en-gredos\/","robots":"max-image-preview:large","keywords":"actualidad turismo","webmasterTools":{"google-site-verification":"UA-38556648-1","miscellaneous":""},"schema":{"@context":"https:\/\/schema.org","@graph":[{"@type":"Article","@id":"https:\/\/eldigitaldeasturias.com\/magazine365\/pasaporte-natural-castilla-y-leon-desde-julio-en-gredos\/#article","name":"\u00abPasaporte Natural Castilla y Le\u00f3n\u00bb desde julio en Gredos | El Digital de Asturias","headline":"\u00abPasaporte Natural Castilla y Le\u00f3n\u00bb desde julio en Gredos","author":{"@id":"https:\/\/eldigitaldeasturias.com\/magazine365\/author\/admin\/#author"},"publisher":{"@id":"https:\/\/eldigitaldeasturias.com\/magazine365\/#organization"},"image":{"@type":"ImageObject","url":"https:\/\/eldigitaldeasturias.com\/magazine365\/wp-content\/uploads\/2015\/06\/fotonoticia_20150612133155_800.jpg","width":800,"height":499},"datePublished":"2015-06-13T01:44:50+02:00","dateModified":"2015-06-13T01:44:50+02:00","inLanguage":"es-ES","mainEntityOfPage":{"@id":"https:\/\/eldigitaldeasturias.com\/magazine365\/pasaporte-natural-castilla-y-leon-desde-julio-en-gredos\/#webpage"},"isPartOf":{"@id":"https:\/\/eldigitaldeasturias.com\/magazine365\/pasaporte-natural-castilla-y-leon-desde-julio-en-gredos\/#webpage"},"articleSection":"Actualidad Turismo"},{"@type":"BreadcrumbList","@id":"https:\/\/eldigitaldeasturias.com\/magazine365\/pasaporte-natural-castilla-y-leon-desde-julio-en-gredos\/#breadcrumblist","itemListElement":[{"@type":"ListItem","@id":"https:\/\/eldigitaldeasturias.com\/magazine365#listItem","position":1,"name":"Home","item":"https:\/\/eldigitaldeasturias.com\/magazine365","nextItem":{"@type":"ListItem","@id":"https:\/\/eldigitaldeasturias.com\/magazine365\/category\/actualidad-turismo\/#listItem","name":"Actualidad Turismo"}},{"@type":"ListItem","@id":"https:\/\/eldigitaldeasturias.com\/magazine365\/category\/actualidad-turismo\/#listItem","position":2,"name":"Actualidad Turismo","item":"https:\/\/eldigitaldeasturias.com\/magazine365\/category\/actualidad-turismo\/","nextItem":{"@type":"ListItem","@id":"https:\/\/eldigitaldeasturias.com\/magazine365\/pasaporte-natural-castilla-y-leon-desde-julio-en-gredos\/#listItem","name":"\u00abPasaporte Natural Castilla y Le\u00f3n\u00bb desde julio en Gredos"},"previousItem":{"@type":"ListItem","@id":"https:\/\/eldigitaldeasturias.com\/magazine365#listItem","name":"Home"}},{"@type":"ListItem","@id":"https:\/\/eldigitaldeasturias.com\/magazine365\/pasaporte-natural-castilla-y-leon-desde-julio-en-gredos\/#listItem","position":3,"name":"\u00abPasaporte Natural Castilla y Le\u00f3n\u00bb desde julio en Gredos","previousItem":{"@type":"ListItem","@id":"https:\/\/eldigitaldeasturias.com\/magazine365\/category\/actualidad-turismo\/#listItem","name":"Actualidad Turismo"}}]},{"@type":"Organization","@id":"https:\/\/eldigitaldeasturias.com\/magazine365\/#organization","name":"El digital de Asturias","description":"Revista de ocio, turismo y estilo de vida","url":"https:\/\/eldigitaldeasturias.com\/magazine365\/","logo":{"@type":"ImageObject","url":"https:\/\/www.eldigitaldeasturias.com\/noticias\/wp-content\/uploads\/2020\/12\/EDA.jpg","@id":"https:\/\/eldigitaldeasturias.com\/magazine365\/pasaporte-natural-castilla-y-leon-desde-julio-en-gredos\/#organizationLogo"},"image":{"@id":"https:\/\/eldigitaldeasturias.com\/magazine365\/pasaporte-natural-castilla-y-leon-desde-julio-en-gredos\/#organizationLogo"}},{"@type":"Person","@id":"https:\/\/eldigitaldeasturias.com\/magazine365\/author\/admin\/#author","url":"https:\/\/eldigitaldeasturias.com\/magazine365\/author\/admin\/","name":"admin","image":{"@type":"ImageObject","@id":"https:\/\/eldigitaldeasturias.com\/magazine365\/pasaporte-natural-castilla-y-leon-desde-julio-en-gredos\/#authorImage","url":"https:\/\/eldigitaldeasturias.com\/magazine365\/wp-content\/litespeed\/avatar\/e571bcf59a0edd6fa6838245a470f2fe.jpg?ver=1776969259","width":96,"height":96,"caption":"admin"}},{"@type":"WebPage","@id":"https:\/\/eldigitaldeasturias.com\/magazine365\/pasaporte-natural-castilla-y-leon-desde-julio-en-gredos\/#webpage","url":"https:\/\/eldigitaldeasturias.com\/magazine365\/pasaporte-natural-castilla-y-leon-desde-julio-en-gredos\/","name":"\u00abPasaporte Natural Castilla y Le\u00f3n\u00bb desde julio en Gredos | El Digital de Asturias","description":"La iniciativa 'Pasaporte Natural Castilla y Le\u00f3n', una iniciativa novedosa que a\u00fana deporte y turismo en los espacios naturales de la Comunidad, dar\u00e1 comienzo el pr\u00f3ximo domingo 19 de julio a trav\u00e9s de las pruebas deportivas que acoger\u00e1 el Parque Regional de la Sierra de Gredos entre las que figurar\u00e1n la bicicleta de monta\u00f1a o","inLanguage":"es-ES","isPartOf":{"@id":"https:\/\/eldigitaldeasturias.com\/magazine365\/#website"},"breadcrumb":{"@id":"https:\/\/eldigitaldeasturias.com\/magazine365\/pasaporte-natural-castilla-y-leon-desde-julio-en-gredos\/#breadcrumblist"},"author":{"@id":"https:\/\/eldigitaldeasturias.com\/magazine365\/author\/admin\/#author"},"creator":{"@id":"https:\/\/eldigitaldeasturias.com\/magazine365\/author\/admin\/#author"},"image":{"@type":"ImageObject","url":"https:\/\/eldigitaldeasturias.com\/magazine365\/wp-content\/uploads\/2015\/06\/fotonoticia_20150612133155_800.jpg","@id":"https:\/\/eldigitaldeasturias.com\/magazine365\/pasaporte-natural-castilla-y-leon-desde-julio-en-gredos\/#mainImage","width":800,"height":499},"primaryImageOfPage":{"@id":"https:\/\/eldigitaldeasturias.com\/magazine365\/pasaporte-natural-castilla-y-leon-desde-julio-en-gredos\/#mainImage"},"datePublished":"2015-06-13T01:44:50+02:00","dateModified":"2015-06-13T01:44:50+02:00"},{"@type":"WebSite","@id":"https:\/\/eldigitaldeasturias.com\/magazine365\/#website","url":"https:\/\/eldigitaldeasturias.com\/magazine365\/","name":"El Digital de Asturias","description":"Revista de ocio, turismo y estilo de vida","inLanguage":"es-ES","publisher":{"@id":"https:\/\/eldigitaldeasturias.com\/magazine365\/#organization"}}]},"og:locale":"es_ES","og:site_name":"El Digital de Asturias \u2013 Revista de ocio, turismo y estilo de vida","og:type":"article","og:title":"\u00abPasaporte Natural Castilla y Le\u00f3n\u00bb desde julio en Gredos | El Digital de Asturias","og:description":"La iniciativa 'Pasaporte Natural Castilla y Le\u00f3n', una iniciativa novedosa que a\u00fana deporte y turismo en los espacios naturales de la Comunidad, dar\u00e1 comienzo el pr\u00f3ximo domingo 19 de julio a trav\u00e9s de las pruebas deportivas que acoger\u00e1 el Parque Regional de la Sierra de Gredos entre las que figurar\u00e1n la bicicleta de monta\u00f1a o","og:url":"https:\/\/eldigitaldeasturias.com\/magazine365\/pasaporte-natural-castilla-y-leon-desde-julio-en-gredos\/","og:image":"https:\/\/eldigitaldeasturias.com\/magazine365\/wp-content\/uploads\/2015\/06\/fotonoticia_20150612133155_800.jpg","og:image:secure_url":"https:\/\/eldigitaldeasturias.com\/magazine365\/wp-content\/uploads\/2015\/06\/fotonoticia_20150612133155_800.jpg","og:image:width":800,"og:image:height":499,"article:published_time":"2015-06-13T00:14:50+00:00","article:modified_time":"2015-06-13T00:14:50+00:00","twitter:card":"summary_large_image","twitter:title":"\u00abPasaporte Natural Castilla y Le\u00f3n\u00bb desde julio en Gredos | El Digital de Asturias","twitter:description":"La iniciativa 'Pasaporte Natural Castilla y Le\u00f3n', una iniciativa novedosa que a\u00fana deporte y turismo en los espacios naturales de la Comunidad, dar\u00e1 comienzo el pr\u00f3ximo domingo 19 de julio a trav\u00e9s de las pruebas deportivas que acoger\u00e1 el Parque Regional de la Sierra de Gredos entre las que figurar\u00e1n la bicicleta de monta\u00f1a o","twitter:image":"https:\/\/eldigitaldeasturias.com\/magazine365\/wp-content\/uploads\/2015\/06\/fotonoticia_20150612133155_800.jpg"},"aioseo_meta_data":{"post_id":"39720","title":null,"description":null,"keywords":null,"keyphrases":null,"primary_term":null,"canonical_url":null,"og_title":null,"og_description":null,"og_object_type":"default","og_image_type":"default","og_image_url":null,"og_image_width":null,"og_image_height":null,"og_image_custom_url":null,"og_image_custom_fields":null,"og_video":null,"og_custom_url":null,"og_article_section":null,"og_article_tags":null,"twitter_use_og":false,"twitter_card":"default","twitter_image_type":"default","twitter_image_url":null,"twitter_image_custom_url":null,"twitter_image_custom_fields":null,"twitter_title":null,"twitter_description":null,"schema":{"blockGraphs":[],"customGraphs":[],"default":{"data":{"Article":[],"Course":[],"Dataset":[],"FAQPage":[],"Movie":[],"Person":[],"Product":[],"ProductReview":[],"Car":[],"Recipe":[],"Service":[],"SoftwareApplication":[],"WebPage":[]},"graphName":"","isEnabled":true},"graphs":[],"defaultGraph":"","defaultPostTypeGraph":""},"schema_type":null,"schema_type_options":null,"pillar_content":false,"robots_default":true,"robots_noindex":false,"robots_noarchive":false,"robots_nosnippet":false,"robots_nofollow":false,"robots_noimageindex":false,"robots_noodp":false,"robots_notranslate":false,"robots_max_snippet":null,"robots_max_videopreview":null,"robots_max_imagepreview":"large","priority":null,"frequency":null,"location":null,"local_seo":null,"seo_analyzer_scan_date":"2025-09-19 12:10:51","breadcrumb_settings":null,"limit_modified_date":false,"open_ai":null,"ai":null,"created":"2021-03-09 02:37:42","updated":"2025-09-19 12:10:51"},"aioseo_breadcrumb":"<div class=\"aioseo-breadcrumbs\"><span class=\"aioseo-breadcrumb\">\n\t<a href=\"https:\/\/eldigitaldeasturias.com\/magazine365\" title=\"Home\">Home<\/a>\n<\/span><span class=\"aioseo-breadcrumb-separator\">\u2013<\/span><span class=\"aioseo-breadcrumb\">\n\t<a href=\"https:\/\/eldigitaldeasturias.com\/magazine365\/category\/actualidad-turismo\/\" title=\"Actualidad Turismo\">Actualidad Turismo<\/a>\n<\/span><span class=\"aioseo-breadcrumb-separator\">\u2013<\/span><span class=\"aioseo-breadcrumb\">\n\t<a href=\"https:\/\/eldigitaldeasturias.com\/magazine365\/pasaporte-natural-castilla-y-leon-desde-julio-en-gredos\/\" title=\"\u00abPasaporte Natural Castilla y Le\u00f3n\u00bb desde julio en Gredos\">\u00abPasaporte Natural Castilla y Le\u00f3n\u00bb desde julio en Gredos<\/a>\n<\/span><\/div>","aioseo_breadcrumb_json":[{"label":"Home","link":"https:\/\/eldigitaldeasturias.com\/magazine365"},{"label":"Actualidad Turismo","link":"https:\/\/eldigitaldeasturias.com\/magazine365\/category\/actualidad-turismo\/"},{"label":"\u00abPasaporte Natural Castilla y Le\u00f3n\u00bb desde julio en Gredos","link":"https:\/\/eldigitaldeasturias.com\/magazine365\/pasaporte-natural-castilla-y-leon-desde-julio-en-gredos\/"}],"_links":{"self":[{"href":"https:\/\/eldigitaldeasturias.com\/magazine365\/wp-json\/wp\/v2\/posts\/39720","targetHints":{"allow":["GET"]}}],"collection":[{"href":"https:\/\/eldigitaldeasturias.com\/magazine365\/wp-json\/wp\/v2\/posts"}],"about":[{"href":"https:\/\/eldigitaldeasturias.com\/magazine365\/wp-json\/wp\/v2\/types\/post"}],"author":[{"embeddable":true,"href":"https:\/\/eldigitaldeasturias.com\/magazine365\/wp-json\/wp\/v2\/users\/1"}],"replies":[{"embeddable":true,"href":"https:\/\/eldigitaldeasturias.com\/magazine365\/wp-json\/wp\/v2\/comments?post=39720"}],"version-history":[{"count":0,"href":"https:\/\/eldigitaldeasturias.com\/magazine365\/wp-json\/wp\/v2\/posts\/39720\/revisions"}],"wp:featuredmedia":[{"embeddable":true,"href":"https:\/\/eldigitaldeasturias.com\/magazine365\/wp-json\/wp\/v2\/media\/39721"}],"wp:attachment":[{"href":"https:\/\/eldigitaldeasturias.com\/magazine365\/wp-json\/wp\/v2\/media?parent=39720"}],"wp:term":[{"taxonomy":"category","embeddable":true,"href":"https:\/\/eldigitaldeasturias.com\/magazine365\/wp-json\/wp\/v2\/categories?post=39720"},{"taxonomy":"post_tag","embeddable":true,"href":"https:\/\/eldigitaldeasturias.com\/magazine365\/wp-json\/wp\/v2\/tags?post=39720"}],"curies":[{"name":"wp","href":"https:\/\/api.w.org\/{rel}","templated":true}]}}