{"id":39711,"date":"2015-06-13T01:34:48","date_gmt":"2015-06-13T00:04:48","guid":{"rendered":"http:\/\/eldigitaldeasturias.com\/magazine365\/?p=39711"},"modified":"2015-06-13T01:34:48","modified_gmt":"2015-06-13T00:04:48","slug":"el-presidente-de-tap-califica-de-muy-positiva-la-privatizacion-e-insta-a-la-confianza-en-el-futuro","status":"publish","type":"post","link":"https:\/\/eldigitaldeasturias.com\/magazine365\/el-presidente-de-tap-califica-de-muy-positiva-la-privatizacion-e-insta-a-la-confianza-en-el-futuro\/","title":{"rendered":"El presidente de TAP califica de \u00abmuy positiva\u00bb la privatizaci\u00f3n e insta a la \u00abconfianza en el futuro\u00bb"},"content":{"rendered":"<p><img fetchpriority=\"high\" decoding=\"async\" class=\"alignleft size-medium wp-image-39712\" src=\"https:\/\/eldigitaldeasturias.com\/magazine365\/wp-content\/uploads\/2015\/06\/fotonoticia_20150612124842_800-360x239.jpg\" alt=\"fotonoticia_20150612124842_800\" width=\"360\" height=\"239\" srcset=\"https:\/\/eldigitaldeasturias.com\/magazine365\/wp-content\/uploads\/2015\/06\/fotonoticia_20150612124842_800-360x239.jpg 360w, https:\/\/eldigitaldeasturias.com\/magazine365\/wp-content\/uploads\/2015\/06\/fotonoticia_20150612124842_800-650x432.jpg 650w, https:\/\/eldigitaldeasturias.com\/magazine365\/wp-content\/uploads\/2015\/06\/fotonoticia_20150612124842_800-768x511.jpg 768w, https:\/\/eldigitaldeasturias.com\/magazine365\/wp-content\/uploads\/2015\/06\/fotonoticia_20150612124842_800-150x100.jpg 150w, https:\/\/eldigitaldeasturias.com\/magazine365\/wp-content\/uploads\/2015\/06\/fotonoticia_20150612124842_800-450x299.jpg 450w, https:\/\/eldigitaldeasturias.com\/magazine365\/wp-content\/uploads\/2015\/06\/fotonoticia_20150612124842_800-696x463.jpg 696w, https:\/\/eldigitaldeasturias.com\/magazine365\/wp-content\/uploads\/2015\/06\/fotonoticia_20150612124842_800-632x420.jpg 632w, https:\/\/eldigitaldeasturias.com\/magazine365\/wp-content\/uploads\/2015\/06\/fotonoticia_20150612124842_800-84x55.jpg 84w, https:\/\/eldigitaldeasturias.com\/magazine365\/wp-content\/uploads\/2015\/06\/fotonoticia_20150612124842_800.jpg 800w\" sizes=\"(max-width: 360px) 100vw, 360px\" \/>El presidente de TAP, Fernando Pinto, ha enviado una carta a sus trabajadores en la que valoraba los resultados de la privatizaci\u00f3n como \u00abmuy positivos\u00bb, adem\u00e1s de asegurar a los trabajadores que deben tener \u00abconfianza en el futuro\u00bb, seg\u00fan informan medios locales.<\/p>\n<p>El Gobierno de Portugal ha vendido el 61% de la aerol\u00ednea lusa TAP al consorcio liderado por el director ejecutivo de la aerol\u00ednea brasile\u00f1a Azul, David Neeleman, por 354 millones de euros.<\/p>\n<p>Pinto recalc\u00f3 que el empresario norteamericano Neeleman apuesta por \u00abrespetar la historia\u00bb de la empresa y \u00absalvaguardar sus valores\u00bb, adem\u00e1s de garantizar \u00ablos intereses de los trabajadores\u00bb.<\/p>\n<p>El empresario de Azul gan\u00f3 la competici\u00f3n al propietario de Avianca, Germ\u00e1n Efromovich, que ya en 2012 intent\u00f3 hacerse con TAP y que afirm\u00f3 tener aviones parados y nuevos en Espa\u00f1a en espera a adquirir la aerol\u00ednea lusa.<\/p>\n<p>40 A\u00d1OS BAJO EL CONTROL DEL ESTADO.<\/p>\n<p>Pinto tambi\u00e9n quiso poner en valor la experiencia del que ahora posee el 61% de la lusa TAP, un hecho que, junto al apoyo del Gobierno luso, auguran la continuaci\u00f3n y expansi\u00f3n de la aerol\u00ednea.<\/p>\n<p>Adem\u00e1s, el inter\u00e9s que suscit\u00f3 la operaci\u00f3n de privatizaci\u00f3n demuestra la importancia de la compa\u00f1\u00eda a\u00e9rea del pa\u00eds vecino, a pesar de tener que haber afrontado 15 a\u00f1os de dificultados econ\u00f3micas.<\/p>\n<p>Tras 40 a\u00f1os bajo el control de la Administraci\u00f3n P\u00fablica, TAP est\u00e1 ahora participada en el 61% de sus acciones por David Neeleman, operaci\u00f3n valorada en 354 millones de euros.<\/p>\n<p>Portugal busca as\u00ed sanear la situaci\u00f3n de la empresa a\u00e9rea, una iniciativa que retom\u00f3 &#8211;tras un intento fallido en 2012&#8211; el pasado mes de noviembre, con fecha l\u00edmite en el primer semestre de este a\u00f1o. Era tambi\u00e9n una de las condiciones del rescate financiero del pa\u00eds que tuvo lugar en 2011 por parte de la Uni\u00f3n Europea y el Fondo Monetario Internacional (FMI).<\/p>\n","protected":false},"excerpt":{"rendered":"<p>El presidente de TAP, Fernando Pinto, ha enviado una carta a sus trabajadores en la que valoraba los resultados de la privatizaci\u00f3n como \u00abmuy positivos\u00bb, adem\u00e1s de asegurar a los trabajadores que deben tener \u00abconfianza en el futuro\u00bb, seg\u00fan informan medios locales. El Gobierno de Portugal ha vendido el 61% de la aerol\u00ednea lusa TAP<\/p>\n","protected":false},"author":1,"featured_media":39712,"comment_status":"open","ping_status":"closed","sticky":false,"template":"","format":"standard","meta":{"footnotes":""},"categories":[222],"tags":[],"class_list":{"0":"post-39711","1":"post","2":"type-post","3":"status-publish","4":"format-standard","5":"has-post-thumbnail","7":"category-actualidad-turismo"},"aioseo_notices":[],"aioseo_head":"\n\t\t<!-- All in One SEO Pro 4.9.6.1 - aioseo.com -->\n\t<meta name=\"description\" content=\"El presidente de TAP, Fernando Pinto, ha enviado una carta a sus trabajadores en la que valoraba los resultados de la privatizaci\u00f3n como &quot;muy positivos&quot;, adem\u00e1s de asegurar a los trabajadores que deben tener &quot;confianza en el futuro&quot;, seg\u00fan informan medios locales. El Gobierno de Portugal ha vendido el 61% de la aerol\u00ednea lusa TAP\" \/>\n\t<meta name=\"robots\" content=\"max-image-preview:large\" \/>\n\t<meta name=\"author\" content=\"admin\"\/>\n\t<meta name=\"google-site-verification\" content=\"UA-38556648-1\" \/>\n\t<meta name=\"keywords\" content=\"actualidad turismo\" \/>\n\t<link rel=\"canonical\" href=\"https:\/\/eldigitaldeasturias.com\/magazine365\/el-presidente-de-tap-califica-de-muy-positiva-la-privatizacion-e-insta-a-la-confianza-en-el-futuro\/\" \/>\n\t<meta name=\"generator\" content=\"All in One SEO Pro (AIOSEO) 4.9.6.1\" \/>\n\t\t<meta property=\"og:locale\" content=\"es_ES\" \/>\n\t\t<meta property=\"og:site_name\" content=\"El Digital de Asturias \u2013 Revista de ocio, turismo y estilo de vida\" \/>\n\t\t<meta property=\"og:type\" content=\"article\" \/>\n\t\t<meta property=\"og:title\" content=\"El presidente de TAP califica de \u00abmuy positiva\u00bb la privatizaci\u00f3n e insta a la \u00abconfianza en el futuro\u00bb | El Digital de Asturias\" \/>\n\t\t<meta property=\"og:description\" content=\"El presidente de TAP, Fernando Pinto, ha enviado una carta a sus trabajadores en la que valoraba los resultados de la privatizaci\u00f3n como &quot;muy positivos&quot;, adem\u00e1s de asegurar a los trabajadores que deben tener &quot;confianza en el futuro&quot;, seg\u00fan informan medios locales. El Gobierno de Portugal ha vendido el 61% de la aerol\u00ednea lusa TAP\" \/>\n\t\t<meta property=\"og:url\" content=\"https:\/\/eldigitaldeasturias.com\/magazine365\/el-presidente-de-tap-califica-de-muy-positiva-la-privatizacion-e-insta-a-la-confianza-en-el-futuro\/\" \/>\n\t\t<meta property=\"og:image\" content=\"https:\/\/eldigitaldeasturias.com\/magazine365\/wp-content\/uploads\/2015\/06\/fotonoticia_20150612124842_800.jpg\" \/>\n\t\t<meta property=\"og:image:secure_url\" content=\"https:\/\/eldigitaldeasturias.com\/magazine365\/wp-content\/uploads\/2015\/06\/fotonoticia_20150612124842_800.jpg\" \/>\n\t\t<meta property=\"og:image:width\" content=\"800\" \/>\n\t\t<meta property=\"og:image:height\" content=\"532\" \/>\n\t\t<meta property=\"article:published_time\" content=\"2015-06-13T00:04:48+00:00\" \/>\n\t\t<meta property=\"article:modified_time\" content=\"2015-06-13T00:04:48+00:00\" \/>\n\t\t<meta name=\"twitter:card\" content=\"summary_large_image\" \/>\n\t\t<meta name=\"twitter:title\" content=\"El presidente de TAP califica de \u00abmuy positiva\u00bb la privatizaci\u00f3n e insta a la \u00abconfianza en el futuro\u00bb | El Digital de Asturias\" \/>\n\t\t<meta name=\"twitter:description\" content=\"El presidente de TAP, Fernando Pinto, ha enviado una carta a sus trabajadores en la que valoraba los resultados de la privatizaci\u00f3n como &quot;muy positivos&quot;, adem\u00e1s de asegurar a los trabajadores que deben tener &quot;confianza en el futuro&quot;, seg\u00fan informan medios locales. El Gobierno de Portugal ha vendido el 61% de la aerol\u00ednea lusa TAP\" \/>\n\t\t<meta name=\"twitter:image\" content=\"https:\/\/eldigitaldeasturias.com\/magazine365\/wp-content\/uploads\/2015\/06\/fotonoticia_20150612124842_800.jpg\" \/>\n\t\t<script type=\"application\/ld+json\" class=\"aioseo-schema\">\n\t\t\t{\"@context\":\"https:\\\/\\\/schema.org\",\"@graph\":[{\"@type\":\"Article\",\"@id\":\"https:\\\/\\\/eldigitaldeasturias.com\\\/magazine365\\\/el-presidente-de-tap-califica-de-muy-positiva-la-privatizacion-e-insta-a-la-confianza-en-el-futuro\\\/#article\",\"name\":\"El presidente de TAP califica de \\u00abmuy positiva\\u00bb la privatizaci\\u00f3n e insta a la \\u00abconfianza en el futuro\\u00bb | El Digital de Asturias\",\"headline\":\"El presidente de TAP califica de \\u00abmuy positiva\\u00bb la privatizaci\\u00f3n e insta a la \\u00abconfianza en el futuro\\u00bb\",\"author\":{\"@id\":\"https:\\\/\\\/eldigitaldeasturias.com\\\/magazine365\\\/author\\\/admin\\\/#author\"},\"publisher\":{\"@id\":\"https:\\\/\\\/eldigitaldeasturias.com\\\/magazine365\\\/#organization\"},\"image\":{\"@type\":\"ImageObject\",\"url\":\"https:\\\/\\\/eldigitaldeasturias.com\\\/magazine365\\\/wp-content\\\/uploads\\\/2015\\\/06\\\/fotonoticia_20150612124842_800.jpg\",\"width\":800,\"height\":532},\"datePublished\":\"2015-06-13T01:34:48+02:00\",\"dateModified\":\"2015-06-13T01:34:48+02:00\",\"inLanguage\":\"es-ES\",\"mainEntityOfPage\":{\"@id\":\"https:\\\/\\\/eldigitaldeasturias.com\\\/magazine365\\\/el-presidente-de-tap-califica-de-muy-positiva-la-privatizacion-e-insta-a-la-confianza-en-el-futuro\\\/#webpage\"},\"isPartOf\":{\"@id\":\"https:\\\/\\\/eldigitaldeasturias.com\\\/magazine365\\\/el-presidente-de-tap-califica-de-muy-positiva-la-privatizacion-e-insta-a-la-confianza-en-el-futuro\\\/#webpage\"},\"articleSection\":\"Actualidad Turismo\"},{\"@type\":\"BreadcrumbList\",\"@id\":\"https:\\\/\\\/eldigitaldeasturias.com\\\/magazine365\\\/el-presidente-de-tap-califica-de-muy-positiva-la-privatizacion-e-insta-a-la-confianza-en-el-futuro\\\/#breadcrumblist\",\"itemListElement\":[{\"@type\":\"ListItem\",\"@id\":\"https:\\\/\\\/eldigitaldeasturias.com\\\/magazine365#listItem\",\"position\":1,\"name\":\"Home\",\"item\":\"https:\\\/\\\/eldigitaldeasturias.com\\\/magazine365\",\"nextItem\":{\"@type\":\"ListItem\",\"@id\":\"https:\\\/\\\/eldigitaldeasturias.com\\\/magazine365\\\/category\\\/actualidad-turismo\\\/#listItem\",\"name\":\"Actualidad Turismo\"}},{\"@type\":\"ListItem\",\"@id\":\"https:\\\/\\\/eldigitaldeasturias.com\\\/magazine365\\\/category\\\/actualidad-turismo\\\/#listItem\",\"position\":2,\"name\":\"Actualidad Turismo\",\"item\":\"https:\\\/\\\/eldigitaldeasturias.com\\\/magazine365\\\/category\\\/actualidad-turismo\\\/\",\"nextItem\":{\"@type\":\"ListItem\",\"@id\":\"https:\\\/\\\/eldigitaldeasturias.com\\\/magazine365\\\/el-presidente-de-tap-califica-de-muy-positiva-la-privatizacion-e-insta-a-la-confianza-en-el-futuro\\\/#listItem\",\"name\":\"El presidente de TAP califica de \\u00abmuy positiva\\u00bb la privatizaci\\u00f3n e insta a la \\u00abconfianza en el futuro\\u00bb\"},\"previousItem\":{\"@type\":\"ListItem\",\"@id\":\"https:\\\/\\\/eldigitaldeasturias.com\\\/magazine365#listItem\",\"name\":\"Home\"}},{\"@type\":\"ListItem\",\"@id\":\"https:\\\/\\\/eldigitaldeasturias.com\\\/magazine365\\\/el-presidente-de-tap-califica-de-muy-positiva-la-privatizacion-e-insta-a-la-confianza-en-el-futuro\\\/#listItem\",\"position\":3,\"name\":\"El presidente de TAP califica de \\u00abmuy positiva\\u00bb la privatizaci\\u00f3n e insta a la \\u00abconfianza en el futuro\\u00bb\",\"previousItem\":{\"@type\":\"ListItem\",\"@id\":\"https:\\\/\\\/eldigitaldeasturias.com\\\/magazine365\\\/category\\\/actualidad-turismo\\\/#listItem\",\"name\":\"Actualidad Turismo\"}}]},{\"@type\":\"Organization\",\"@id\":\"https:\\\/\\\/eldigitaldeasturias.com\\\/magazine365\\\/#organization\",\"name\":\"El digital de Asturias\",\"description\":\"Revista de ocio, turismo y estilo de vida\",\"url\":\"https:\\\/\\\/eldigitaldeasturias.com\\\/magazine365\\\/\",\"logo\":{\"@type\":\"ImageObject\",\"url\":\"https:\\\/\\\/www.eldigitaldeasturias.com\\\/noticias\\\/wp-content\\\/uploads\\\/2020\\\/12\\\/EDA.jpg\",\"@id\":\"https:\\\/\\\/eldigitaldeasturias.com\\\/magazine365\\\/el-presidente-de-tap-califica-de-muy-positiva-la-privatizacion-e-insta-a-la-confianza-en-el-futuro\\\/#organizationLogo\"},\"image\":{\"@id\":\"https:\\\/\\\/eldigitaldeasturias.com\\\/magazine365\\\/el-presidente-de-tap-califica-de-muy-positiva-la-privatizacion-e-insta-a-la-confianza-en-el-futuro\\\/#organizationLogo\"}},{\"@type\":\"Person\",\"@id\":\"https:\\\/\\\/eldigitaldeasturias.com\\\/magazine365\\\/author\\\/admin\\\/#author\",\"url\":\"https:\\\/\\\/eldigitaldeasturias.com\\\/magazine365\\\/author\\\/admin\\\/\",\"name\":\"admin\",\"image\":{\"@type\":\"ImageObject\",\"@id\":\"https:\\\/\\\/eldigitaldeasturias.com\\\/magazine365\\\/el-presidente-de-tap-califica-de-muy-positiva-la-privatizacion-e-insta-a-la-confianza-en-el-futuro\\\/#authorImage\",\"url\":\"https:\\\/\\\/eldigitaldeasturias.com\\\/magazine365\\\/wp-content\\\/litespeed\\\/avatar\\\/e571bcf59a0edd6fa6838245a470f2fe.jpg?ver=1776969259\",\"width\":96,\"height\":96,\"caption\":\"admin\"}},{\"@type\":\"WebPage\",\"@id\":\"https:\\\/\\\/eldigitaldeasturias.com\\\/magazine365\\\/el-presidente-de-tap-califica-de-muy-positiva-la-privatizacion-e-insta-a-la-confianza-en-el-futuro\\\/#webpage\",\"url\":\"https:\\\/\\\/eldigitaldeasturias.com\\\/magazine365\\\/el-presidente-de-tap-califica-de-muy-positiva-la-privatizacion-e-insta-a-la-confianza-en-el-futuro\\\/\",\"name\":\"El presidente de TAP califica de \\u00abmuy positiva\\u00bb la privatizaci\\u00f3n e insta a la \\u00abconfianza en el futuro\\u00bb | El Digital de Asturias\",\"description\":\"El presidente de TAP, Fernando Pinto, ha enviado una carta a sus trabajadores en la que valoraba los resultados de la privatizaci\\u00f3n como \\\"muy positivos\\\", adem\\u00e1s de asegurar a los trabajadores que deben tener \\\"confianza en el futuro\\\", seg\\u00fan informan medios locales. El Gobierno de Portugal ha vendido el 61% de la aerol\\u00ednea lusa TAP\",\"inLanguage\":\"es-ES\",\"isPartOf\":{\"@id\":\"https:\\\/\\\/eldigitaldeasturias.com\\\/magazine365\\\/#website\"},\"breadcrumb\":{\"@id\":\"https:\\\/\\\/eldigitaldeasturias.com\\\/magazine365\\\/el-presidente-de-tap-califica-de-muy-positiva-la-privatizacion-e-insta-a-la-confianza-en-el-futuro\\\/#breadcrumblist\"},\"author\":{\"@id\":\"https:\\\/\\\/eldigitaldeasturias.com\\\/magazine365\\\/author\\\/admin\\\/#author\"},\"creator\":{\"@id\":\"https:\\\/\\\/eldigitaldeasturias.com\\\/magazine365\\\/author\\\/admin\\\/#author\"},\"image\":{\"@type\":\"ImageObject\",\"url\":\"https:\\\/\\\/eldigitaldeasturias.com\\\/magazine365\\\/wp-content\\\/uploads\\\/2015\\\/06\\\/fotonoticia_20150612124842_800.jpg\",\"@id\":\"https:\\\/\\\/eldigitaldeasturias.com\\\/magazine365\\\/el-presidente-de-tap-califica-de-muy-positiva-la-privatizacion-e-insta-a-la-confianza-en-el-futuro\\\/#mainImage\",\"width\":800,\"height\":532},\"primaryImageOfPage\":{\"@id\":\"https:\\\/\\\/eldigitaldeasturias.com\\\/magazine365\\\/el-presidente-de-tap-califica-de-muy-positiva-la-privatizacion-e-insta-a-la-confianza-en-el-futuro\\\/#mainImage\"},\"datePublished\":\"2015-06-13T01:34:48+02:00\",\"dateModified\":\"2015-06-13T01:34:48+02:00\"},{\"@type\":\"WebSite\",\"@id\":\"https:\\\/\\\/eldigitaldeasturias.com\\\/magazine365\\\/#website\",\"url\":\"https:\\\/\\\/eldigitaldeasturias.com\\\/magazine365\\\/\",\"name\":\"El Digital de Asturias\",\"description\":\"Revista de ocio, turismo y estilo de vida\",\"inLanguage\":\"es-ES\",\"publisher\":{\"@id\":\"https:\\\/\\\/eldigitaldeasturias.com\\\/magazine365\\\/#organization\"}}]}\n\t\t<\/script>\n\t\t<!-- All in One SEO Pro -->\r\n\t\t<title>El presidente de TAP califica de \u00abmuy positiva\u00bb la privatizaci\u00f3n e insta a la \u00abconfianza en el futuro\u00bb | El Digital de Asturias<\/title>\n\n","aioseo_head_json":{"title":"El presidente de TAP califica de \u00abmuy positiva\u00bb la privatizaci\u00f3n e insta a la \u00abconfianza en el futuro\u00bb | El Digital de Asturias","description":"El presidente de TAP, Fernando Pinto, ha enviado una carta a sus trabajadores en la que valoraba los resultados de la privatizaci\u00f3n como \"muy positivos\", adem\u00e1s de asegurar a los trabajadores que deben tener \"confianza en el futuro\", seg\u00fan informan medios locales. El Gobierno de Portugal ha vendido el 61% de la aerol\u00ednea lusa TAP","canonical_url":"https:\/\/eldigitaldeasturias.com\/magazine365\/el-presidente-de-tap-califica-de-muy-positiva-la-privatizacion-e-insta-a-la-confianza-en-el-futuro\/","robots":"max-image-preview:large","keywords":"actualidad turismo","webmasterTools":{"google-site-verification":"UA-38556648-1","miscellaneous":""},"schema":{"@context":"https:\/\/schema.org","@graph":[{"@type":"Article","@id":"https:\/\/eldigitaldeasturias.com\/magazine365\/el-presidente-de-tap-califica-de-muy-positiva-la-privatizacion-e-insta-a-la-confianza-en-el-futuro\/#article","name":"El presidente de TAP califica de \u00abmuy positiva\u00bb la privatizaci\u00f3n e insta a la \u00abconfianza en el futuro\u00bb | El Digital de Asturias","headline":"El presidente de TAP califica de \u00abmuy positiva\u00bb la privatizaci\u00f3n e insta a la \u00abconfianza en el futuro\u00bb","author":{"@id":"https:\/\/eldigitaldeasturias.com\/magazine365\/author\/admin\/#author"},"publisher":{"@id":"https:\/\/eldigitaldeasturias.com\/magazine365\/#organization"},"image":{"@type":"ImageObject","url":"https:\/\/eldigitaldeasturias.com\/magazine365\/wp-content\/uploads\/2015\/06\/fotonoticia_20150612124842_800.jpg","width":800,"height":532},"datePublished":"2015-06-13T01:34:48+02:00","dateModified":"2015-06-13T01:34:48+02:00","inLanguage":"es-ES","mainEntityOfPage":{"@id":"https:\/\/eldigitaldeasturias.com\/magazine365\/el-presidente-de-tap-califica-de-muy-positiva-la-privatizacion-e-insta-a-la-confianza-en-el-futuro\/#webpage"},"isPartOf":{"@id":"https:\/\/eldigitaldeasturias.com\/magazine365\/el-presidente-de-tap-califica-de-muy-positiva-la-privatizacion-e-insta-a-la-confianza-en-el-futuro\/#webpage"},"articleSection":"Actualidad Turismo"},{"@type":"BreadcrumbList","@id":"https:\/\/eldigitaldeasturias.com\/magazine365\/el-presidente-de-tap-califica-de-muy-positiva-la-privatizacion-e-insta-a-la-confianza-en-el-futuro\/#breadcrumblist","itemListElement":[{"@type":"ListItem","@id":"https:\/\/eldigitaldeasturias.com\/magazine365#listItem","position":1,"name":"Home","item":"https:\/\/eldigitaldeasturias.com\/magazine365","nextItem":{"@type":"ListItem","@id":"https:\/\/eldigitaldeasturias.com\/magazine365\/category\/actualidad-turismo\/#listItem","name":"Actualidad Turismo"}},{"@type":"ListItem","@id":"https:\/\/eldigitaldeasturias.com\/magazine365\/category\/actualidad-turismo\/#listItem","position":2,"name":"Actualidad Turismo","item":"https:\/\/eldigitaldeasturias.com\/magazine365\/category\/actualidad-turismo\/","nextItem":{"@type":"ListItem","@id":"https:\/\/eldigitaldeasturias.com\/magazine365\/el-presidente-de-tap-califica-de-muy-positiva-la-privatizacion-e-insta-a-la-confianza-en-el-futuro\/#listItem","name":"El presidente de TAP califica de \u00abmuy positiva\u00bb la privatizaci\u00f3n e insta a la \u00abconfianza en el futuro\u00bb"},"previousItem":{"@type":"ListItem","@id":"https:\/\/eldigitaldeasturias.com\/magazine365#listItem","name":"Home"}},{"@type":"ListItem","@id":"https:\/\/eldigitaldeasturias.com\/magazine365\/el-presidente-de-tap-califica-de-muy-positiva-la-privatizacion-e-insta-a-la-confianza-en-el-futuro\/#listItem","position":3,"name":"El presidente de TAP califica de \u00abmuy positiva\u00bb la privatizaci\u00f3n e insta a la \u00abconfianza en el futuro\u00bb","previousItem":{"@type":"ListItem","@id":"https:\/\/eldigitaldeasturias.com\/magazine365\/category\/actualidad-turismo\/#listItem","name":"Actualidad Turismo"}}]},{"@type":"Organization","@id":"https:\/\/eldigitaldeasturias.com\/magazine365\/#organization","name":"El digital de Asturias","description":"Revista de ocio, turismo y estilo de vida","url":"https:\/\/eldigitaldeasturias.com\/magazine365\/","logo":{"@type":"ImageObject","url":"https:\/\/www.eldigitaldeasturias.com\/noticias\/wp-content\/uploads\/2020\/12\/EDA.jpg","@id":"https:\/\/eldigitaldeasturias.com\/magazine365\/el-presidente-de-tap-califica-de-muy-positiva-la-privatizacion-e-insta-a-la-confianza-en-el-futuro\/#organizationLogo"},"image":{"@id":"https:\/\/eldigitaldeasturias.com\/magazine365\/el-presidente-de-tap-califica-de-muy-positiva-la-privatizacion-e-insta-a-la-confianza-en-el-futuro\/#organizationLogo"}},{"@type":"Person","@id":"https:\/\/eldigitaldeasturias.com\/magazine365\/author\/admin\/#author","url":"https:\/\/eldigitaldeasturias.com\/magazine365\/author\/admin\/","name":"admin","image":{"@type":"ImageObject","@id":"https:\/\/eldigitaldeasturias.com\/magazine365\/el-presidente-de-tap-califica-de-muy-positiva-la-privatizacion-e-insta-a-la-confianza-en-el-futuro\/#authorImage","url":"https:\/\/eldigitaldeasturias.com\/magazine365\/wp-content\/litespeed\/avatar\/e571bcf59a0edd6fa6838245a470f2fe.jpg?ver=1776969259","width":96,"height":96,"caption":"admin"}},{"@type":"WebPage","@id":"https:\/\/eldigitaldeasturias.com\/magazine365\/el-presidente-de-tap-califica-de-muy-positiva-la-privatizacion-e-insta-a-la-confianza-en-el-futuro\/#webpage","url":"https:\/\/eldigitaldeasturias.com\/magazine365\/el-presidente-de-tap-califica-de-muy-positiva-la-privatizacion-e-insta-a-la-confianza-en-el-futuro\/","name":"El presidente de TAP califica de \u00abmuy positiva\u00bb la privatizaci\u00f3n e insta a la \u00abconfianza en el futuro\u00bb | El Digital de Asturias","description":"El presidente de TAP, Fernando Pinto, ha enviado una carta a sus trabajadores en la que valoraba los resultados de la privatizaci\u00f3n como \"muy positivos\", adem\u00e1s de asegurar a los trabajadores que deben tener \"confianza en el futuro\", seg\u00fan informan medios locales. El Gobierno de Portugal ha vendido el 61% de la aerol\u00ednea lusa TAP","inLanguage":"es-ES","isPartOf":{"@id":"https:\/\/eldigitaldeasturias.com\/magazine365\/#website"},"breadcrumb":{"@id":"https:\/\/eldigitaldeasturias.com\/magazine365\/el-presidente-de-tap-califica-de-muy-positiva-la-privatizacion-e-insta-a-la-confianza-en-el-futuro\/#breadcrumblist"},"author":{"@id":"https:\/\/eldigitaldeasturias.com\/magazine365\/author\/admin\/#author"},"creator":{"@id":"https:\/\/eldigitaldeasturias.com\/magazine365\/author\/admin\/#author"},"image":{"@type":"ImageObject","url":"https:\/\/eldigitaldeasturias.com\/magazine365\/wp-content\/uploads\/2015\/06\/fotonoticia_20150612124842_800.jpg","@id":"https:\/\/eldigitaldeasturias.com\/magazine365\/el-presidente-de-tap-califica-de-muy-positiva-la-privatizacion-e-insta-a-la-confianza-en-el-futuro\/#mainImage","width":800,"height":532},"primaryImageOfPage":{"@id":"https:\/\/eldigitaldeasturias.com\/magazine365\/el-presidente-de-tap-califica-de-muy-positiva-la-privatizacion-e-insta-a-la-confianza-en-el-futuro\/#mainImage"},"datePublished":"2015-06-13T01:34:48+02:00","dateModified":"2015-06-13T01:34:48+02:00"},{"@type":"WebSite","@id":"https:\/\/eldigitaldeasturias.com\/magazine365\/#website","url":"https:\/\/eldigitaldeasturias.com\/magazine365\/","name":"El Digital de Asturias","description":"Revista de ocio, turismo y estilo de vida","inLanguage":"es-ES","publisher":{"@id":"https:\/\/eldigitaldeasturias.com\/magazine365\/#organization"}}]},"og:locale":"es_ES","og:site_name":"El Digital de Asturias \u2013 Revista de ocio, turismo y estilo de vida","og:type":"article","og:title":"El presidente de TAP califica de \u00abmuy positiva\u00bb la privatizaci\u00f3n e insta a la \u00abconfianza en el futuro\u00bb | El Digital de Asturias","og:description":"El presidente de TAP, Fernando Pinto, ha enviado una carta a sus trabajadores en la que valoraba los resultados de la privatizaci\u00f3n como &quot;muy positivos&quot;, adem\u00e1s de asegurar a los trabajadores que deben tener &quot;confianza en el futuro&quot;, seg\u00fan informan medios locales. El Gobierno de Portugal ha vendido el 61% de la aerol\u00ednea lusa TAP","og:url":"https:\/\/eldigitaldeasturias.com\/magazine365\/el-presidente-de-tap-califica-de-muy-positiva-la-privatizacion-e-insta-a-la-confianza-en-el-futuro\/","og:image":"https:\/\/eldigitaldeasturias.com\/magazine365\/wp-content\/uploads\/2015\/06\/fotonoticia_20150612124842_800.jpg","og:image:secure_url":"https:\/\/eldigitaldeasturias.com\/magazine365\/wp-content\/uploads\/2015\/06\/fotonoticia_20150612124842_800.jpg","og:image:width":800,"og:image:height":532,"article:published_time":"2015-06-13T00:04:48+00:00","article:modified_time":"2015-06-13T00:04:48+00:00","twitter:card":"summary_large_image","twitter:title":"El presidente de TAP califica de \u00abmuy positiva\u00bb la privatizaci\u00f3n e insta a la \u00abconfianza en el futuro\u00bb | El Digital de Asturias","twitter:description":"El presidente de TAP, Fernando Pinto, ha enviado una carta a sus trabajadores en la que valoraba los resultados de la privatizaci\u00f3n como &quot;muy positivos&quot;, adem\u00e1s de asegurar a los trabajadores que deben tener &quot;confianza en el futuro&quot;, seg\u00fan informan medios locales. El Gobierno de Portugal ha vendido el 61% de la aerol\u00ednea lusa TAP","twitter:image":"https:\/\/eldigitaldeasturias.com\/magazine365\/wp-content\/uploads\/2015\/06\/fotonoticia_20150612124842_800.jpg"},"aioseo_meta_data":{"post_id":"39711","title":null,"description":null,"keywords":null,"keyphrases":null,"primary_term":null,"canonical_url":null,"og_title":null,"og_description":null,"og_object_type":"default","og_image_type":"default","og_image_url":null,"og_image_width":null,"og_image_height":null,"og_image_custom_url":null,"og_image_custom_fields":null,"og_video":null,"og_custom_url":null,"og_article_section":null,"og_article_tags":null,"twitter_use_og":false,"twitter_card":"default","twitter_image_type":"default","twitter_image_url":null,"twitter_image_custom_url":null,"twitter_image_custom_fields":null,"twitter_title":null,"twitter_description":null,"schema":{"blockGraphs":[],"customGraphs":[],"default":{"data":{"Article":[],"Course":[],"Dataset":[],"FAQPage":[],"Movie":[],"Person":[],"Product":[],"ProductReview":[],"Car":[],"Recipe":[],"Service":[],"SoftwareApplication":[],"WebPage":[]},"graphName":"","isEnabled":true},"graphs":[],"defaultGraph":"","defaultPostTypeGraph":""},"schema_type":null,"schema_type_options":null,"pillar_content":false,"robots_default":true,"robots_noindex":false,"robots_noarchive":false,"robots_nosnippet":false,"robots_nofollow":false,"robots_noimageindex":false,"robots_noodp":false,"robots_notranslate":false,"robots_max_snippet":null,"robots_max_videopreview":null,"robots_max_imagepreview":"large","priority":null,"frequency":null,"location":null,"local_seo":null,"seo_analyzer_scan_date":"2025-09-19 12:10:47","breadcrumb_settings":null,"limit_modified_date":false,"open_ai":null,"ai":null,"created":"2021-03-09 02:37:42","updated":"2025-09-19 12:10:47"},"aioseo_breadcrumb":"<div class=\"aioseo-breadcrumbs\"><span class=\"aioseo-breadcrumb\">\n\t<a href=\"https:\/\/eldigitaldeasturias.com\/magazine365\" title=\"Home\">Home<\/a>\n<\/span><span class=\"aioseo-breadcrumb-separator\">\u2013<\/span><span class=\"aioseo-breadcrumb\">\n\t<a href=\"https:\/\/eldigitaldeasturias.com\/magazine365\/category\/actualidad-turismo\/\" title=\"Actualidad Turismo\">Actualidad Turismo<\/a>\n<\/span><span class=\"aioseo-breadcrumb-separator\">\u2013<\/span><span class=\"aioseo-breadcrumb\">\n\t<a href=\"https:\/\/eldigitaldeasturias.com\/magazine365\/el-presidente-de-tap-califica-de-muy-positiva-la-privatizacion-e-insta-a-la-confianza-en-el-futuro\/\" title=\"El presidente de TAP califica de \u00abmuy positiva\u00bb la privatizaci\u00f3n e insta a la \u00abconfianza en el futuro\u00bb\">El presidente de TAP califica de \u00abmuy positiva\u00bb la privatizaci\u00f3n e insta a la \u00abconfianza en el futuro\u00bb<\/a>\n<\/span><\/div>","aioseo_breadcrumb_json":[{"label":"Home","link":"https:\/\/eldigitaldeasturias.com\/magazine365"},{"label":"Actualidad Turismo","link":"https:\/\/eldigitaldeasturias.com\/magazine365\/category\/actualidad-turismo\/"},{"label":"El presidente de TAP califica de \u00abmuy positiva\u00bb la privatizaci\u00f3n e insta a la \u00abconfianza en el futuro\u00bb","link":"https:\/\/eldigitaldeasturias.com\/magazine365\/el-presidente-de-tap-califica-de-muy-positiva-la-privatizacion-e-insta-a-la-confianza-en-el-futuro\/"}],"_links":{"self":[{"href":"https:\/\/eldigitaldeasturias.com\/magazine365\/wp-json\/wp\/v2\/posts\/39711","targetHints":{"allow":["GET"]}}],"collection":[{"href":"https:\/\/eldigitaldeasturias.com\/magazine365\/wp-json\/wp\/v2\/posts"}],"about":[{"href":"https:\/\/eldigitaldeasturias.com\/magazine365\/wp-json\/wp\/v2\/types\/post"}],"author":[{"embeddable":true,"href":"https:\/\/eldigitaldeasturias.com\/magazine365\/wp-json\/wp\/v2\/users\/1"}],"replies":[{"embeddable":true,"href":"https:\/\/eldigitaldeasturias.com\/magazine365\/wp-json\/wp\/v2\/comments?post=39711"}],"version-history":[{"count":0,"href":"https:\/\/eldigitaldeasturias.com\/magazine365\/wp-json\/wp\/v2\/posts\/39711\/revisions"}],"wp:featuredmedia":[{"embeddable":true,"href":"https:\/\/eldigitaldeasturias.com\/magazine365\/wp-json\/wp\/v2\/media\/39712"}],"wp:attachment":[{"href":"https:\/\/eldigitaldeasturias.com\/magazine365\/wp-json\/wp\/v2\/media?parent=39711"}],"wp:term":[{"taxonomy":"category","embeddable":true,"href":"https:\/\/eldigitaldeasturias.com\/magazine365\/wp-json\/wp\/v2\/categories?post=39711"},{"taxonomy":"post_tag","embeddable":true,"href":"https:\/\/eldigitaldeasturias.com\/magazine365\/wp-json\/wp\/v2\/tags?post=39711"}],"curies":[{"name":"wp","href":"https:\/\/api.w.org\/{rel}","templated":true}]}}