{"id":39708,"date":"2015-06-13T01:33:30","date_gmt":"2015-06-13T00:03:30","guid":{"rendered":"http:\/\/eldigitaldeasturias.com\/magazine365\/?p=39708"},"modified":"2015-06-13T01:33:30","modified_gmt":"2015-06-13T00:03:30","slug":"la-comision-de-investigacion-sobre-la-quiebra-de-spanair-descarta-responsabilidades-politicas","status":"publish","type":"post","link":"https:\/\/eldigitaldeasturias.com\/magazine365\/la-comision-de-investigacion-sobre-la-quiebra-de-spanair-descarta-responsabilidades-politicas\/","title":{"rendered":"La Comisi\u00f3n de investigaci\u00f3n sobre la quiebra de Spanair descarta responsabilidades pol\u00edticas"},"content":{"rendered":"<p><img fetchpriority=\"high\" decoding=\"async\" class=\"alignleft size-medium wp-image-39709\" src=\"https:\/\/eldigitaldeasturias.com\/magazine365\/wp-content\/uploads\/2015\/06\/fotonoticia_20150612124215_800-360x270.jpg\" alt=\"fotonoticia_20150612124215_800\" width=\"360\" height=\"270\" srcset=\"https:\/\/eldigitaldeasturias.com\/magazine365\/wp-content\/uploads\/2015\/06\/fotonoticia_20150612124215_800-360x270.jpg 360w, https:\/\/eldigitaldeasturias.com\/magazine365\/wp-content\/uploads\/2015\/06\/fotonoticia_20150612124215_800-650x488.jpg 650w, https:\/\/eldigitaldeasturias.com\/magazine365\/wp-content\/uploads\/2015\/06\/fotonoticia_20150612124215_800-768x576.jpg 768w, https:\/\/eldigitaldeasturias.com\/magazine365\/wp-content\/uploads\/2015\/06\/fotonoticia_20150612124215_800-150x113.jpg 150w, https:\/\/eldigitaldeasturias.com\/magazine365\/wp-content\/uploads\/2015\/06\/fotonoticia_20150612124215_800-450x338.jpg 450w, https:\/\/eldigitaldeasturias.com\/magazine365\/wp-content\/uploads\/2015\/06\/fotonoticia_20150612124215_800-80x60.jpg 80w, https:\/\/eldigitaldeasturias.com\/magazine365\/wp-content\/uploads\/2015\/06\/fotonoticia_20150612124215_800-265x198.jpg 265w, https:\/\/eldigitaldeasturias.com\/magazine365\/wp-content\/uploads\/2015\/06\/fotonoticia_20150612124215_800-696x522.jpg 696w, https:\/\/eldigitaldeasturias.com\/magazine365\/wp-content\/uploads\/2015\/06\/fotonoticia_20150612124215_800-560x420.jpg 560w, https:\/\/eldigitaldeasturias.com\/magazine365\/wp-content\/uploads\/2015\/06\/fotonoticia_20150612124215_800-90x67.jpg 90w, https:\/\/eldigitaldeasturias.com\/magazine365\/wp-content\/uploads\/2015\/06\/fotonoticia_20150612124215_800-100x75.jpg 100w, https:\/\/eldigitaldeasturias.com\/magazine365\/wp-content\/uploads\/2015\/06\/fotonoticia_20150612124215_800.jpg 800w\" sizes=\"(max-width: 360px) 100vw, 360px\" \/>La Comisi\u00f3n de investigaci\u00f3n del Parlament sobre la quiebra de Spanair ha concluido este viernes sus trabajos aprobando un dictamen que descarta responsabilidades pol\u00edticas, y que unificar\u00e1 las conclusiones de CiU, ERC y PSC, mientras que no han prosperado las conclusiones y recomendaciones de PP, ICV-EUiA y C&#8217;s, que s\u00ed defend\u00edan que hubo responsabilidad pol\u00edtica.<\/p>\n<p>M\u00e1s de ocho meses despu\u00e9s de constituirse y de participar una sesentena de comparecientes, la Comisi\u00f3n prev\u00e9 remitir sus conclusiones al pleno del Parlament para que las debata y apruebe \u00abantes de que acabe el periodo de sesiones\u00bb, ha expuesto el presidente de la comisi\u00f3n, el diputado Mat\u00edas Alonso.<\/p>\n<p>Ha confiado en que \u00abhaya servido para dar m\u00e1s luz sobre una empresa en la que se aboc\u00f3 dinero p\u00fablico, y que los ciudadanos hayan podido tener una visi\u00f3n m\u00e1s amplia de lo que ha sucedido\u00bb desde que en 2009 un grupo de empresarios y administraciones p\u00fablicas catalanas adquirieron la aerol\u00ednea, que acab\u00f3 quebrando en enero de 2012 al no conseguir un socio industrial.<\/p>\n","protected":false},"excerpt":{"rendered":"<p>La Comisi\u00f3n de investigaci\u00f3n del Parlament sobre la quiebra de Spanair ha concluido este viernes sus trabajos aprobando un dictamen que descarta responsabilidades pol\u00edticas, y que unificar\u00e1 las conclusiones de CiU, ERC y PSC, mientras que no han prosperado las conclusiones y recomendaciones de PP, ICV-EUiA y C&#8217;s, que s\u00ed defend\u00edan que hubo responsabilidad pol\u00edtica.<\/p>\n","protected":false},"author":1,"featured_media":39709,"comment_status":"open","ping_status":"closed","sticky":false,"template":"","format":"standard","meta":{"footnotes":""},"categories":[222],"tags":[],"class_list":{"0":"post-39708","1":"post","2":"type-post","3":"status-publish","4":"format-standard","5":"has-post-thumbnail","7":"category-actualidad-turismo"},"aioseo_notices":[],"aioseo_head":"\n\t\t<!-- All in One SEO Pro 4.9.6.1 - aioseo.com -->\n\t<meta name=\"description\" content=\"La Comisi\u00f3n de investigaci\u00f3n del Parlament sobre la quiebra de Spanair ha concluido este viernes sus trabajos aprobando un dictamen que descarta responsabilidades pol\u00edticas, y que unificar\u00e1 las conclusiones de CiU, ERC y PSC, mientras que no han prosperado las conclusiones y recomendaciones de PP, ICV-EUiA y C&#039;s, que s\u00ed defend\u00edan que hubo responsabilidad pol\u00edtica.\" \/>\n\t<meta name=\"robots\" content=\"max-image-preview:large\" \/>\n\t<meta name=\"author\" content=\"admin\"\/>\n\t<meta name=\"google-site-verification\" content=\"UA-38556648-1\" \/>\n\t<meta name=\"keywords\" content=\"actualidad turismo\" \/>\n\t<link rel=\"canonical\" href=\"https:\/\/eldigitaldeasturias.com\/magazine365\/la-comision-de-investigacion-sobre-la-quiebra-de-spanair-descarta-responsabilidades-politicas\/\" \/>\n\t<meta name=\"generator\" content=\"All in One SEO Pro (AIOSEO) 4.9.6.1\" \/>\n\t\t<meta property=\"og:locale\" content=\"es_ES\" \/>\n\t\t<meta property=\"og:site_name\" content=\"El Digital de Asturias \u2013 Revista de ocio, turismo y estilo de vida\" \/>\n\t\t<meta property=\"og:type\" content=\"article\" \/>\n\t\t<meta property=\"og:title\" content=\"La Comisi\u00f3n de investigaci\u00f3n sobre la quiebra de Spanair descarta responsabilidades pol\u00edticas | El Digital de Asturias\" \/>\n\t\t<meta property=\"og:description\" content=\"La Comisi\u00f3n de investigaci\u00f3n del Parlament sobre la quiebra de Spanair ha concluido este viernes sus trabajos aprobando un dictamen que descarta responsabilidades pol\u00edticas, y que unificar\u00e1 las conclusiones de CiU, ERC y PSC, mientras que no han prosperado las conclusiones y recomendaciones de PP, ICV-EUiA y C&#039;s, que s\u00ed defend\u00edan que hubo responsabilidad pol\u00edtica.\" \/>\n\t\t<meta property=\"og:url\" content=\"https:\/\/eldigitaldeasturias.com\/magazine365\/la-comision-de-investigacion-sobre-la-quiebra-de-spanair-descarta-responsabilidades-politicas\/\" \/>\n\t\t<meta property=\"og:image\" content=\"https:\/\/eldigitaldeasturias.com\/magazine365\/wp-content\/uploads\/2015\/06\/fotonoticia_20150612124215_800.jpg\" \/>\n\t\t<meta property=\"og:image:secure_url\" content=\"https:\/\/eldigitaldeasturias.com\/magazine365\/wp-content\/uploads\/2015\/06\/fotonoticia_20150612124215_800.jpg\" \/>\n\t\t<meta property=\"og:image:width\" content=\"800\" \/>\n\t\t<meta property=\"og:image:height\" content=\"600\" \/>\n\t\t<meta property=\"article:published_time\" content=\"2015-06-13T00:03:30+00:00\" \/>\n\t\t<meta property=\"article:modified_time\" content=\"2015-06-13T00:03:30+00:00\" \/>\n\t\t<meta name=\"twitter:card\" content=\"summary_large_image\" \/>\n\t\t<meta name=\"twitter:title\" content=\"La Comisi\u00f3n de investigaci\u00f3n sobre la quiebra de Spanair descarta responsabilidades pol\u00edticas | El Digital de Asturias\" \/>\n\t\t<meta name=\"twitter:description\" content=\"La Comisi\u00f3n de investigaci\u00f3n del Parlament sobre la quiebra de Spanair ha concluido este viernes sus trabajos aprobando un dictamen que descarta responsabilidades pol\u00edticas, y que unificar\u00e1 las conclusiones de CiU, ERC y PSC, mientras que no han prosperado las conclusiones y recomendaciones de PP, ICV-EUiA y C&#039;s, que s\u00ed defend\u00edan que hubo responsabilidad pol\u00edtica.\" \/>\n\t\t<meta name=\"twitter:image\" content=\"https:\/\/eldigitaldeasturias.com\/magazine365\/wp-content\/uploads\/2015\/06\/fotonoticia_20150612124215_800.jpg\" \/>\n\t\t<script type=\"application\/ld+json\" class=\"aioseo-schema\">\n\t\t\t{\"@context\":\"https:\\\/\\\/schema.org\",\"@graph\":[{\"@type\":\"Article\",\"@id\":\"https:\\\/\\\/eldigitaldeasturias.com\\\/magazine365\\\/la-comision-de-investigacion-sobre-la-quiebra-de-spanair-descarta-responsabilidades-politicas\\\/#article\",\"name\":\"La Comisi\\u00f3n de investigaci\\u00f3n sobre la quiebra de Spanair descarta responsabilidades pol\\u00edticas | El Digital de Asturias\",\"headline\":\"La Comisi\\u00f3n de investigaci\\u00f3n sobre la quiebra de Spanair descarta responsabilidades pol\\u00edticas\",\"author\":{\"@id\":\"https:\\\/\\\/eldigitaldeasturias.com\\\/magazine365\\\/author\\\/admin\\\/#author\"},\"publisher\":{\"@id\":\"https:\\\/\\\/eldigitaldeasturias.com\\\/magazine365\\\/#organization\"},\"image\":{\"@type\":\"ImageObject\",\"url\":\"https:\\\/\\\/eldigitaldeasturias.com\\\/magazine365\\\/wp-content\\\/uploads\\\/2015\\\/06\\\/fotonoticia_20150612124215_800.jpg\",\"width\":800,\"height\":600},\"datePublished\":\"2015-06-13T01:33:30+02:00\",\"dateModified\":\"2015-06-13T01:33:30+02:00\",\"inLanguage\":\"es-ES\",\"mainEntityOfPage\":{\"@id\":\"https:\\\/\\\/eldigitaldeasturias.com\\\/magazine365\\\/la-comision-de-investigacion-sobre-la-quiebra-de-spanair-descarta-responsabilidades-politicas\\\/#webpage\"},\"isPartOf\":{\"@id\":\"https:\\\/\\\/eldigitaldeasturias.com\\\/magazine365\\\/la-comision-de-investigacion-sobre-la-quiebra-de-spanair-descarta-responsabilidades-politicas\\\/#webpage\"},\"articleSection\":\"Actualidad Turismo\"},{\"@type\":\"BreadcrumbList\",\"@id\":\"https:\\\/\\\/eldigitaldeasturias.com\\\/magazine365\\\/la-comision-de-investigacion-sobre-la-quiebra-de-spanair-descarta-responsabilidades-politicas\\\/#breadcrumblist\",\"itemListElement\":[{\"@type\":\"ListItem\",\"@id\":\"https:\\\/\\\/eldigitaldeasturias.com\\\/magazine365#listItem\",\"position\":1,\"name\":\"Home\",\"item\":\"https:\\\/\\\/eldigitaldeasturias.com\\\/magazine365\",\"nextItem\":{\"@type\":\"ListItem\",\"@id\":\"https:\\\/\\\/eldigitaldeasturias.com\\\/magazine365\\\/category\\\/actualidad-turismo\\\/#listItem\",\"name\":\"Actualidad Turismo\"}},{\"@type\":\"ListItem\",\"@id\":\"https:\\\/\\\/eldigitaldeasturias.com\\\/magazine365\\\/category\\\/actualidad-turismo\\\/#listItem\",\"position\":2,\"name\":\"Actualidad Turismo\",\"item\":\"https:\\\/\\\/eldigitaldeasturias.com\\\/magazine365\\\/category\\\/actualidad-turismo\\\/\",\"nextItem\":{\"@type\":\"ListItem\",\"@id\":\"https:\\\/\\\/eldigitaldeasturias.com\\\/magazine365\\\/la-comision-de-investigacion-sobre-la-quiebra-de-spanair-descarta-responsabilidades-politicas\\\/#listItem\",\"name\":\"La Comisi\\u00f3n de investigaci\\u00f3n sobre la quiebra de Spanair descarta responsabilidades pol\\u00edticas\"},\"previousItem\":{\"@type\":\"ListItem\",\"@id\":\"https:\\\/\\\/eldigitaldeasturias.com\\\/magazine365#listItem\",\"name\":\"Home\"}},{\"@type\":\"ListItem\",\"@id\":\"https:\\\/\\\/eldigitaldeasturias.com\\\/magazine365\\\/la-comision-de-investigacion-sobre-la-quiebra-de-spanair-descarta-responsabilidades-politicas\\\/#listItem\",\"position\":3,\"name\":\"La Comisi\\u00f3n de investigaci\\u00f3n sobre la quiebra de Spanair descarta responsabilidades pol\\u00edticas\",\"previousItem\":{\"@type\":\"ListItem\",\"@id\":\"https:\\\/\\\/eldigitaldeasturias.com\\\/magazine365\\\/category\\\/actualidad-turismo\\\/#listItem\",\"name\":\"Actualidad Turismo\"}}]},{\"@type\":\"Organization\",\"@id\":\"https:\\\/\\\/eldigitaldeasturias.com\\\/magazine365\\\/#organization\",\"name\":\"El digital de Asturias\",\"description\":\"Revista de ocio, turismo y estilo de vida\",\"url\":\"https:\\\/\\\/eldigitaldeasturias.com\\\/magazine365\\\/\",\"logo\":{\"@type\":\"ImageObject\",\"url\":\"https:\\\/\\\/www.eldigitaldeasturias.com\\\/noticias\\\/wp-content\\\/uploads\\\/2020\\\/12\\\/EDA.jpg\",\"@id\":\"https:\\\/\\\/eldigitaldeasturias.com\\\/magazine365\\\/la-comision-de-investigacion-sobre-la-quiebra-de-spanair-descarta-responsabilidades-politicas\\\/#organizationLogo\"},\"image\":{\"@id\":\"https:\\\/\\\/eldigitaldeasturias.com\\\/magazine365\\\/la-comision-de-investigacion-sobre-la-quiebra-de-spanair-descarta-responsabilidades-politicas\\\/#organizationLogo\"}},{\"@type\":\"Person\",\"@id\":\"https:\\\/\\\/eldigitaldeasturias.com\\\/magazine365\\\/author\\\/admin\\\/#author\",\"url\":\"https:\\\/\\\/eldigitaldeasturias.com\\\/magazine365\\\/author\\\/admin\\\/\",\"name\":\"admin\",\"image\":{\"@type\":\"ImageObject\",\"@id\":\"https:\\\/\\\/eldigitaldeasturias.com\\\/magazine365\\\/la-comision-de-investigacion-sobre-la-quiebra-de-spanair-descarta-responsabilidades-politicas\\\/#authorImage\",\"url\":\"https:\\\/\\\/eldigitaldeasturias.com\\\/magazine365\\\/wp-content\\\/litespeed\\\/avatar\\\/e571bcf59a0edd6fa6838245a470f2fe.jpg?ver=1776969259\",\"width\":96,\"height\":96,\"caption\":\"admin\"}},{\"@type\":\"WebPage\",\"@id\":\"https:\\\/\\\/eldigitaldeasturias.com\\\/magazine365\\\/la-comision-de-investigacion-sobre-la-quiebra-de-spanair-descarta-responsabilidades-politicas\\\/#webpage\",\"url\":\"https:\\\/\\\/eldigitaldeasturias.com\\\/magazine365\\\/la-comision-de-investigacion-sobre-la-quiebra-de-spanair-descarta-responsabilidades-politicas\\\/\",\"name\":\"La Comisi\\u00f3n de investigaci\\u00f3n sobre la quiebra de Spanair descarta responsabilidades pol\\u00edticas | El Digital de Asturias\",\"description\":\"La Comisi\\u00f3n de investigaci\\u00f3n del Parlament sobre la quiebra de Spanair ha concluido este viernes sus trabajos aprobando un dictamen que descarta responsabilidades pol\\u00edticas, y que unificar\\u00e1 las conclusiones de CiU, ERC y PSC, mientras que no han prosperado las conclusiones y recomendaciones de PP, ICV-EUiA y C's, que s\\u00ed defend\\u00edan que hubo responsabilidad pol\\u00edtica.\",\"inLanguage\":\"es-ES\",\"isPartOf\":{\"@id\":\"https:\\\/\\\/eldigitaldeasturias.com\\\/magazine365\\\/#website\"},\"breadcrumb\":{\"@id\":\"https:\\\/\\\/eldigitaldeasturias.com\\\/magazine365\\\/la-comision-de-investigacion-sobre-la-quiebra-de-spanair-descarta-responsabilidades-politicas\\\/#breadcrumblist\"},\"author\":{\"@id\":\"https:\\\/\\\/eldigitaldeasturias.com\\\/magazine365\\\/author\\\/admin\\\/#author\"},\"creator\":{\"@id\":\"https:\\\/\\\/eldigitaldeasturias.com\\\/magazine365\\\/author\\\/admin\\\/#author\"},\"image\":{\"@type\":\"ImageObject\",\"url\":\"https:\\\/\\\/eldigitaldeasturias.com\\\/magazine365\\\/wp-content\\\/uploads\\\/2015\\\/06\\\/fotonoticia_20150612124215_800.jpg\",\"@id\":\"https:\\\/\\\/eldigitaldeasturias.com\\\/magazine365\\\/la-comision-de-investigacion-sobre-la-quiebra-de-spanair-descarta-responsabilidades-politicas\\\/#mainImage\",\"width\":800,\"height\":600},\"primaryImageOfPage\":{\"@id\":\"https:\\\/\\\/eldigitaldeasturias.com\\\/magazine365\\\/la-comision-de-investigacion-sobre-la-quiebra-de-spanair-descarta-responsabilidades-politicas\\\/#mainImage\"},\"datePublished\":\"2015-06-13T01:33:30+02:00\",\"dateModified\":\"2015-06-13T01:33:30+02:00\"},{\"@type\":\"WebSite\",\"@id\":\"https:\\\/\\\/eldigitaldeasturias.com\\\/magazine365\\\/#website\",\"url\":\"https:\\\/\\\/eldigitaldeasturias.com\\\/magazine365\\\/\",\"name\":\"El Digital de Asturias\",\"description\":\"Revista de ocio, turismo y estilo de vida\",\"inLanguage\":\"es-ES\",\"publisher\":{\"@id\":\"https:\\\/\\\/eldigitaldeasturias.com\\\/magazine365\\\/#organization\"}}]}\n\t\t<\/script>\n\t\t<!-- All in One SEO Pro -->\r\n\t\t<title>La Comisi\u00f3n de investigaci\u00f3n sobre la quiebra de Spanair descarta responsabilidades pol\u00edticas | El Digital de Asturias<\/title>\n\n","aioseo_head_json":{"title":"La Comisi\u00f3n de investigaci\u00f3n sobre la quiebra de Spanair descarta responsabilidades pol\u00edticas | El Digital de Asturias","description":"La Comisi\u00f3n de investigaci\u00f3n del Parlament sobre la quiebra de Spanair ha concluido este viernes sus trabajos aprobando un dictamen que descarta responsabilidades pol\u00edticas, y que unificar\u00e1 las conclusiones de CiU, ERC y PSC, mientras que no han prosperado las conclusiones y recomendaciones de PP, ICV-EUiA y C's, que s\u00ed defend\u00edan que hubo responsabilidad pol\u00edtica.","canonical_url":"https:\/\/eldigitaldeasturias.com\/magazine365\/la-comision-de-investigacion-sobre-la-quiebra-de-spanair-descarta-responsabilidades-politicas\/","robots":"max-image-preview:large","keywords":"actualidad turismo","webmasterTools":{"google-site-verification":"UA-38556648-1","miscellaneous":""},"schema":{"@context":"https:\/\/schema.org","@graph":[{"@type":"Article","@id":"https:\/\/eldigitaldeasturias.com\/magazine365\/la-comision-de-investigacion-sobre-la-quiebra-de-spanair-descarta-responsabilidades-politicas\/#article","name":"La Comisi\u00f3n de investigaci\u00f3n sobre la quiebra de Spanair descarta responsabilidades pol\u00edticas | El Digital de Asturias","headline":"La Comisi\u00f3n de investigaci\u00f3n sobre la quiebra de Spanair descarta responsabilidades pol\u00edticas","author":{"@id":"https:\/\/eldigitaldeasturias.com\/magazine365\/author\/admin\/#author"},"publisher":{"@id":"https:\/\/eldigitaldeasturias.com\/magazine365\/#organization"},"image":{"@type":"ImageObject","url":"https:\/\/eldigitaldeasturias.com\/magazine365\/wp-content\/uploads\/2015\/06\/fotonoticia_20150612124215_800.jpg","width":800,"height":600},"datePublished":"2015-06-13T01:33:30+02:00","dateModified":"2015-06-13T01:33:30+02:00","inLanguage":"es-ES","mainEntityOfPage":{"@id":"https:\/\/eldigitaldeasturias.com\/magazine365\/la-comision-de-investigacion-sobre-la-quiebra-de-spanair-descarta-responsabilidades-politicas\/#webpage"},"isPartOf":{"@id":"https:\/\/eldigitaldeasturias.com\/magazine365\/la-comision-de-investigacion-sobre-la-quiebra-de-spanair-descarta-responsabilidades-politicas\/#webpage"},"articleSection":"Actualidad Turismo"},{"@type":"BreadcrumbList","@id":"https:\/\/eldigitaldeasturias.com\/magazine365\/la-comision-de-investigacion-sobre-la-quiebra-de-spanair-descarta-responsabilidades-politicas\/#breadcrumblist","itemListElement":[{"@type":"ListItem","@id":"https:\/\/eldigitaldeasturias.com\/magazine365#listItem","position":1,"name":"Home","item":"https:\/\/eldigitaldeasturias.com\/magazine365","nextItem":{"@type":"ListItem","@id":"https:\/\/eldigitaldeasturias.com\/magazine365\/category\/actualidad-turismo\/#listItem","name":"Actualidad Turismo"}},{"@type":"ListItem","@id":"https:\/\/eldigitaldeasturias.com\/magazine365\/category\/actualidad-turismo\/#listItem","position":2,"name":"Actualidad Turismo","item":"https:\/\/eldigitaldeasturias.com\/magazine365\/category\/actualidad-turismo\/","nextItem":{"@type":"ListItem","@id":"https:\/\/eldigitaldeasturias.com\/magazine365\/la-comision-de-investigacion-sobre-la-quiebra-de-spanair-descarta-responsabilidades-politicas\/#listItem","name":"La Comisi\u00f3n de investigaci\u00f3n sobre la quiebra de Spanair descarta responsabilidades pol\u00edticas"},"previousItem":{"@type":"ListItem","@id":"https:\/\/eldigitaldeasturias.com\/magazine365#listItem","name":"Home"}},{"@type":"ListItem","@id":"https:\/\/eldigitaldeasturias.com\/magazine365\/la-comision-de-investigacion-sobre-la-quiebra-de-spanair-descarta-responsabilidades-politicas\/#listItem","position":3,"name":"La Comisi\u00f3n de investigaci\u00f3n sobre la quiebra de Spanair descarta responsabilidades pol\u00edticas","previousItem":{"@type":"ListItem","@id":"https:\/\/eldigitaldeasturias.com\/magazine365\/category\/actualidad-turismo\/#listItem","name":"Actualidad Turismo"}}]},{"@type":"Organization","@id":"https:\/\/eldigitaldeasturias.com\/magazine365\/#organization","name":"El digital de Asturias","description":"Revista de ocio, turismo y estilo de vida","url":"https:\/\/eldigitaldeasturias.com\/magazine365\/","logo":{"@type":"ImageObject","url":"https:\/\/www.eldigitaldeasturias.com\/noticias\/wp-content\/uploads\/2020\/12\/EDA.jpg","@id":"https:\/\/eldigitaldeasturias.com\/magazine365\/la-comision-de-investigacion-sobre-la-quiebra-de-spanair-descarta-responsabilidades-politicas\/#organizationLogo"},"image":{"@id":"https:\/\/eldigitaldeasturias.com\/magazine365\/la-comision-de-investigacion-sobre-la-quiebra-de-spanair-descarta-responsabilidades-politicas\/#organizationLogo"}},{"@type":"Person","@id":"https:\/\/eldigitaldeasturias.com\/magazine365\/author\/admin\/#author","url":"https:\/\/eldigitaldeasturias.com\/magazine365\/author\/admin\/","name":"admin","image":{"@type":"ImageObject","@id":"https:\/\/eldigitaldeasturias.com\/magazine365\/la-comision-de-investigacion-sobre-la-quiebra-de-spanair-descarta-responsabilidades-politicas\/#authorImage","url":"https:\/\/eldigitaldeasturias.com\/magazine365\/wp-content\/litespeed\/avatar\/e571bcf59a0edd6fa6838245a470f2fe.jpg?ver=1776969259","width":96,"height":96,"caption":"admin"}},{"@type":"WebPage","@id":"https:\/\/eldigitaldeasturias.com\/magazine365\/la-comision-de-investigacion-sobre-la-quiebra-de-spanair-descarta-responsabilidades-politicas\/#webpage","url":"https:\/\/eldigitaldeasturias.com\/magazine365\/la-comision-de-investigacion-sobre-la-quiebra-de-spanair-descarta-responsabilidades-politicas\/","name":"La Comisi\u00f3n de investigaci\u00f3n sobre la quiebra de Spanair descarta responsabilidades pol\u00edticas | El Digital de Asturias","description":"La Comisi\u00f3n de investigaci\u00f3n del Parlament sobre la quiebra de Spanair ha concluido este viernes sus trabajos aprobando un dictamen que descarta responsabilidades pol\u00edticas, y que unificar\u00e1 las conclusiones de CiU, ERC y PSC, mientras que no han prosperado las conclusiones y recomendaciones de PP, ICV-EUiA y C's, que s\u00ed defend\u00edan que hubo responsabilidad pol\u00edtica.","inLanguage":"es-ES","isPartOf":{"@id":"https:\/\/eldigitaldeasturias.com\/magazine365\/#website"},"breadcrumb":{"@id":"https:\/\/eldigitaldeasturias.com\/magazine365\/la-comision-de-investigacion-sobre-la-quiebra-de-spanair-descarta-responsabilidades-politicas\/#breadcrumblist"},"author":{"@id":"https:\/\/eldigitaldeasturias.com\/magazine365\/author\/admin\/#author"},"creator":{"@id":"https:\/\/eldigitaldeasturias.com\/magazine365\/author\/admin\/#author"},"image":{"@type":"ImageObject","url":"https:\/\/eldigitaldeasturias.com\/magazine365\/wp-content\/uploads\/2015\/06\/fotonoticia_20150612124215_800.jpg","@id":"https:\/\/eldigitaldeasturias.com\/magazine365\/la-comision-de-investigacion-sobre-la-quiebra-de-spanair-descarta-responsabilidades-politicas\/#mainImage","width":800,"height":600},"primaryImageOfPage":{"@id":"https:\/\/eldigitaldeasturias.com\/magazine365\/la-comision-de-investigacion-sobre-la-quiebra-de-spanair-descarta-responsabilidades-politicas\/#mainImage"},"datePublished":"2015-06-13T01:33:30+02:00","dateModified":"2015-06-13T01:33:30+02:00"},{"@type":"WebSite","@id":"https:\/\/eldigitaldeasturias.com\/magazine365\/#website","url":"https:\/\/eldigitaldeasturias.com\/magazine365\/","name":"El Digital de Asturias","description":"Revista de ocio, turismo y estilo de vida","inLanguage":"es-ES","publisher":{"@id":"https:\/\/eldigitaldeasturias.com\/magazine365\/#organization"}}]},"og:locale":"es_ES","og:site_name":"El Digital de Asturias \u2013 Revista de ocio, turismo y estilo de vida","og:type":"article","og:title":"La Comisi\u00f3n de investigaci\u00f3n sobre la quiebra de Spanair descarta responsabilidades pol\u00edticas | El Digital de Asturias","og:description":"La Comisi\u00f3n de investigaci\u00f3n del Parlament sobre la quiebra de Spanair ha concluido este viernes sus trabajos aprobando un dictamen que descarta responsabilidades pol\u00edticas, y que unificar\u00e1 las conclusiones de CiU, ERC y PSC, mientras que no han prosperado las conclusiones y recomendaciones de PP, ICV-EUiA y C's, que s\u00ed defend\u00edan que hubo responsabilidad pol\u00edtica.","og:url":"https:\/\/eldigitaldeasturias.com\/magazine365\/la-comision-de-investigacion-sobre-la-quiebra-de-spanair-descarta-responsabilidades-politicas\/","og:image":"https:\/\/eldigitaldeasturias.com\/magazine365\/wp-content\/uploads\/2015\/06\/fotonoticia_20150612124215_800.jpg","og:image:secure_url":"https:\/\/eldigitaldeasturias.com\/magazine365\/wp-content\/uploads\/2015\/06\/fotonoticia_20150612124215_800.jpg","og:image:width":800,"og:image:height":600,"article:published_time":"2015-06-13T00:03:30+00:00","article:modified_time":"2015-06-13T00:03:30+00:00","twitter:card":"summary_large_image","twitter:title":"La Comisi\u00f3n de investigaci\u00f3n sobre la quiebra de Spanair descarta responsabilidades pol\u00edticas | El Digital de Asturias","twitter:description":"La Comisi\u00f3n de investigaci\u00f3n del Parlament sobre la quiebra de Spanair ha concluido este viernes sus trabajos aprobando un dictamen que descarta responsabilidades pol\u00edticas, y que unificar\u00e1 las conclusiones de CiU, ERC y PSC, mientras que no han prosperado las conclusiones y recomendaciones de PP, ICV-EUiA y C's, que s\u00ed defend\u00edan que hubo responsabilidad pol\u00edtica.","twitter:image":"https:\/\/eldigitaldeasturias.com\/magazine365\/wp-content\/uploads\/2015\/06\/fotonoticia_20150612124215_800.jpg"},"aioseo_meta_data":{"post_id":"39708","title":null,"description":null,"keywords":null,"keyphrases":null,"primary_term":null,"canonical_url":null,"og_title":null,"og_description":null,"og_object_type":"default","og_image_type":"default","og_image_url":null,"og_image_width":null,"og_image_height":null,"og_image_custom_url":null,"og_image_custom_fields":null,"og_video":null,"og_custom_url":null,"og_article_section":null,"og_article_tags":null,"twitter_use_og":false,"twitter_card":"default","twitter_image_type":"default","twitter_image_url":null,"twitter_image_custom_url":null,"twitter_image_custom_fields":null,"twitter_title":null,"twitter_description":null,"schema":{"blockGraphs":[],"customGraphs":[],"default":{"data":{"Article":[],"Course":[],"Dataset":[],"FAQPage":[],"Movie":[],"Person":[],"Product":[],"ProductReview":[],"Car":[],"Recipe":[],"Service":[],"SoftwareApplication":[],"WebPage":[]},"graphName":"","isEnabled":true},"graphs":[],"defaultGraph":"","defaultPostTypeGraph":""},"schema_type":null,"schema_type_options":null,"pillar_content":false,"robots_default":true,"robots_noindex":false,"robots_noarchive":false,"robots_nosnippet":false,"robots_nofollow":false,"robots_noimageindex":false,"robots_noodp":false,"robots_notranslate":false,"robots_max_snippet":null,"robots_max_videopreview":null,"robots_max_imagepreview":"large","priority":null,"frequency":null,"location":null,"local_seo":null,"seo_analyzer_scan_date":"2025-09-19 12:10:46","breadcrumb_settings":null,"limit_modified_date":false,"open_ai":null,"ai":null,"created":"2021-03-09 02:37:42","updated":"2025-09-19 12:10:46"},"aioseo_breadcrumb":"<div class=\"aioseo-breadcrumbs\"><span class=\"aioseo-breadcrumb\">\n\t<a href=\"https:\/\/eldigitaldeasturias.com\/magazine365\" title=\"Home\">Home<\/a>\n<\/span><span class=\"aioseo-breadcrumb-separator\">\u2013<\/span><span class=\"aioseo-breadcrumb\">\n\t<a href=\"https:\/\/eldigitaldeasturias.com\/magazine365\/category\/actualidad-turismo\/\" title=\"Actualidad Turismo\">Actualidad Turismo<\/a>\n<\/span><span class=\"aioseo-breadcrumb-separator\">\u2013<\/span><span class=\"aioseo-breadcrumb\">\n\t<a href=\"https:\/\/eldigitaldeasturias.com\/magazine365\/la-comision-de-investigacion-sobre-la-quiebra-de-spanair-descarta-responsabilidades-politicas\/\" title=\"La Comisi\u00f3n de investigaci\u00f3n sobre la quiebra de Spanair descarta responsabilidades pol\u00edticas\">La Comisi\u00f3n de investigaci\u00f3n sobre la quiebra de Spanair descarta responsabilidades pol\u00edticas<\/a>\n<\/span><\/div>","aioseo_breadcrumb_json":[{"label":"Home","link":"https:\/\/eldigitaldeasturias.com\/magazine365"},{"label":"Actualidad Turismo","link":"https:\/\/eldigitaldeasturias.com\/magazine365\/category\/actualidad-turismo\/"},{"label":"La Comisi\u00f3n de investigaci\u00f3n sobre la quiebra de Spanair descarta responsabilidades pol\u00edticas","link":"https:\/\/eldigitaldeasturias.com\/magazine365\/la-comision-de-investigacion-sobre-la-quiebra-de-spanair-descarta-responsabilidades-politicas\/"}],"_links":{"self":[{"href":"https:\/\/eldigitaldeasturias.com\/magazine365\/wp-json\/wp\/v2\/posts\/39708","targetHints":{"allow":["GET"]}}],"collection":[{"href":"https:\/\/eldigitaldeasturias.com\/magazine365\/wp-json\/wp\/v2\/posts"}],"about":[{"href":"https:\/\/eldigitaldeasturias.com\/magazine365\/wp-json\/wp\/v2\/types\/post"}],"author":[{"embeddable":true,"href":"https:\/\/eldigitaldeasturias.com\/magazine365\/wp-json\/wp\/v2\/users\/1"}],"replies":[{"embeddable":true,"href":"https:\/\/eldigitaldeasturias.com\/magazine365\/wp-json\/wp\/v2\/comments?post=39708"}],"version-history":[{"count":0,"href":"https:\/\/eldigitaldeasturias.com\/magazine365\/wp-json\/wp\/v2\/posts\/39708\/revisions"}],"wp:featuredmedia":[{"embeddable":true,"href":"https:\/\/eldigitaldeasturias.com\/magazine365\/wp-json\/wp\/v2\/media\/39709"}],"wp:attachment":[{"href":"https:\/\/eldigitaldeasturias.com\/magazine365\/wp-json\/wp\/v2\/media?parent=39708"}],"wp:term":[{"taxonomy":"category","embeddable":true,"href":"https:\/\/eldigitaldeasturias.com\/magazine365\/wp-json\/wp\/v2\/categories?post=39708"},{"taxonomy":"post_tag","embeddable":true,"href":"https:\/\/eldigitaldeasturias.com\/magazine365\/wp-json\/wp\/v2\/tags?post=39708"}],"curies":[{"name":"wp","href":"https:\/\/api.w.org\/{rel}","templated":true}]}}