{"id":39701,"date":"2015-06-13T01:26:16","date_gmt":"2015-06-12T23:56:16","guid":{"rendered":"http:\/\/eldigitaldeasturias.com\/magazine365\/?p=39701"},"modified":"2015-06-13T01:26:16","modified_gmt":"2015-06-12T23:56:16","slug":"hilton-garden-inn-abre-su-primer-hotel-en-malaga-capital","status":"publish","type":"post","link":"https:\/\/eldigitaldeasturias.com\/magazine365\/hilton-garden-inn-abre-su-primer-hotel-en-malaga-capital\/","title":{"rendered":"Hilton Garden Inn abre su primer hotel en M\u00e1laga capital"},"content":{"rendered":"<p><img fetchpriority=\"high\" decoding=\"async\" class=\"alignleft size-medium wp-image-39702\" src=\"https:\/\/eldigitaldeasturias.com\/magazine365\/wp-content\/uploads\/2015\/06\/fotonoticia_20150612112631_800-360x201.jpg\" alt=\"fotonoticia_20150612112631_800\" width=\"360\" height=\"201\" srcset=\"https:\/\/eldigitaldeasturias.com\/magazine365\/wp-content\/uploads\/2015\/06\/fotonoticia_20150612112631_800-360x201.jpg 360w, https:\/\/eldigitaldeasturias.com\/magazine365\/wp-content\/uploads\/2015\/06\/fotonoticia_20150612112631_800-650x363.jpg 650w, https:\/\/eldigitaldeasturias.com\/magazine365\/wp-content\/uploads\/2015\/06\/fotonoticia_20150612112631_800-768x429.jpg 768w, https:\/\/eldigitaldeasturias.com\/magazine365\/wp-content\/uploads\/2015\/06\/fotonoticia_20150612112631_800-150x84.jpg 150w, https:\/\/eldigitaldeasturias.com\/magazine365\/wp-content\/uploads\/2015\/06\/fotonoticia_20150612112631_800-450x251.jpg 450w, https:\/\/eldigitaldeasturias.com\/magazine365\/wp-content\/uploads\/2015\/06\/fotonoticia_20150612112631_800-696x389.jpg 696w, https:\/\/eldigitaldeasturias.com\/magazine365\/wp-content\/uploads\/2015\/06\/fotonoticia_20150612112631_800-752x420.jpg 752w, https:\/\/eldigitaldeasturias.com\/magazine365\/wp-content\/uploads\/2015\/06\/fotonoticia_20150612112631_800-499x280.jpg 499w, https:\/\/eldigitaldeasturias.com\/magazine365\/wp-content\/uploads\/2015\/06\/fotonoticia_20150612112631_800.jpg 800w\" sizes=\"(max-width: 360px) 100vw, 360px\" \/>Hilton Garden Inn, marca de Hilton Worldwide, abre este viernes su primer hotel en M\u00e1laga capital, un nuevo establecimiento que ser\u00e1 administrado por URH Hoteliers &amp; Co y que est\u00e1 ubicado en la avenida de Vel\u00e1zquez, concretamente en el mismo edificio donde se situaba el hotel Novotel M\u00e1laga, cerrado a principios de 2012.<\/p>\n<p>Este primer Hilton Garden Inn M\u00e1laga, junto con el Hilton Garden Inn Sevilla, ubicado en el Parque Empresarial Torneo, sienta las bases para el crecimiento futuro de la marca en Espa\u00f1a. El director internacional de esta marca, Adrian Kurre, ha se\u00f1alado que cuenta con una \u00abimportante red de establecimientos en Europa\u00bb.<\/p>\n<p>\u00abNuestra nueva propiedad en M\u00e1laga se une a los hoteles abiertos recientemente en Ufa, Corlu y Mil\u00e1n y precede a m\u00e1s de 40 propiedades europeas previstas. La Costa del Sol constituye un magn\u00edfico entorno para este nuevo hotel, y ofrece a sus hu\u00e9spedes la oportunidad de explorar algunas de las mejores playas del sur de Europa\u00bb, ha sostenido en un comunicado.<\/p>\n<p>Hilton Garden Inn M\u00e1laga est\u00e1 muy cerca del aeropuerto de M\u00e1laga-Costa del Sol, cerca de la playa y de la estaci\u00f3n de metro Puerta Blanca. \u00abM\u00e1laga es famosa por su gran variedad de atracciones para los visitantes y su impresionante patrimonio\u00bb, ha recalcado.<\/p>\n<p>El hotel cuenta con instalaciones y servicios destinados a ofrecer todas las comodidades a los viajeros. Cuenta con 155 habitaciones, conexi\u00f3n inal\u00e1mbrica gratuita a Internet y del acceso a un centro de negocios abierto las 24 horas. Tambi\u00e9n dispone de tres salas de reuniones, un centro de &#8216;fitness&#8217; y una piscina al aire libre.<\/p>\n<p>Asimismo, dispone el Garden Grille and Bar, que prepara desayunos a la carta, cenas y se encarga del servicio de habitaciones; y el Pavilion Pantry, abierto las 24 horas con snacks y bebidas fr\u00edas.<\/p>\n<p>\u00abLa mundialmente famosa Costa del Sol cuenta con m\u00e1s de 320 d\u00edas de sol anuales, por lo que esperamos acoger hu\u00e9spedes en nuestro hotel a lo largo de todo el a\u00f1o\u00bb, seg\u00fan ha manifestado el gerente de Hilton Garden Inn M\u00e1laga, Juli\u00e1n Murciano.<\/p>\n<p>Hilton Garden Inn M\u00e1laga est\u00e1 incluido en Hilton HHonors, el \u00fanico programa hotelero de fidelizaci\u00f3n que permite a sus miembros ganar puntos y millas en la misma estancia y disfrutar de noches de regalo sin restricci\u00f3n de fechas.<\/p>\n<p>RESERVA DEL HIGUER\u00d3N.<\/p>\n<p>Tras esta apertura en la capital, la cadena Hilton, aunque a trav\u00e9s de la marca DoubleTree by Hilton, abrir\u00e1 este verano en la localidad malague\u00f1a de Fuengirola. De esta manera, la Costa del Sol contar\u00e1 con el primer &#8216;resort&#8217; and SPA de Europa de esta cadena gracias al acuerdo alcanzado entre la firma internacional y complejo tur\u00edstico Reserva del Higuer\u00f3n.<\/p>\n<p>Las instalaciones del mismo contin\u00faan con las obras de mejora, seg\u00fan han indicado a Europa Press fuentes de la cadena hotelera. Este hotel cuenta con 177 habitaciones y suites con un dise\u00f1o innovador, un SPAa con un circuito de hidromasaje de lujo, un centro &#8216;wellness&#8217;, centro comercial y otras instalaciones de ocio con gran variedad de alternativas deportivas y restaurantes, entre los que destacan la el restaurante Sollo, con el galardonado como chef revelaci\u00f3n en Madrid Fusi\u00f3n, Diego Gallego.<\/p>\n","protected":false},"excerpt":{"rendered":"<p>Hilton Garden Inn, marca de Hilton Worldwide, abre este viernes su primer hotel en M\u00e1laga capital, un nuevo establecimiento que ser\u00e1 administrado por URH Hoteliers &amp; Co y que est\u00e1 ubicado en la avenida de Vel\u00e1zquez, concretamente en el mismo edificio donde se situaba el hotel Novotel M\u00e1laga, cerrado a principios de 2012. Este primer<\/p>\n","protected":false},"author":1,"featured_media":39702,"comment_status":"open","ping_status":"closed","sticky":false,"template":"","format":"standard","meta":{"footnotes":""},"categories":[222],"tags":[],"class_list":{"0":"post-39701","1":"post","2":"type-post","3":"status-publish","4":"format-standard","5":"has-post-thumbnail","7":"category-actualidad-turismo"},"aioseo_notices":[],"aioseo_head":"\n\t\t<!-- All in One SEO Pro 4.9.6.1 - aioseo.com -->\n\t<meta name=\"description\" content=\"Hilton Garden Inn, marca de Hilton Worldwide, abre este viernes su primer hotel en M\u00e1laga capital, un nuevo establecimiento que ser\u00e1 administrado por URH Hoteliers &amp; Co y que est\u00e1 ubicado en la avenida de Vel\u00e1zquez, concretamente en el mismo edificio donde se situaba el hotel Novotel M\u00e1laga, cerrado a principios de 2012. Este primer\" \/>\n\t<meta name=\"robots\" content=\"max-image-preview:large\" \/>\n\t<meta name=\"author\" content=\"admin\"\/>\n\t<meta name=\"google-site-verification\" content=\"UA-38556648-1\" \/>\n\t<meta name=\"keywords\" content=\"actualidad turismo\" \/>\n\t<link rel=\"canonical\" href=\"https:\/\/eldigitaldeasturias.com\/magazine365\/hilton-garden-inn-abre-su-primer-hotel-en-malaga-capital\/\" \/>\n\t<meta name=\"generator\" content=\"All in One SEO Pro (AIOSEO) 4.9.6.1\" \/>\n\t\t<meta property=\"og:locale\" content=\"es_ES\" \/>\n\t\t<meta property=\"og:site_name\" content=\"El Digital de Asturias \u2013 Revista de ocio, turismo y estilo de vida\" \/>\n\t\t<meta property=\"og:type\" content=\"article\" \/>\n\t\t<meta property=\"og:title\" content=\"Hilton Garden Inn abre su primer hotel en M\u00e1laga capital | El Digital de Asturias\" \/>\n\t\t<meta property=\"og:description\" content=\"Hilton Garden Inn, marca de Hilton Worldwide, abre este viernes su primer hotel en M\u00e1laga capital, un nuevo establecimiento que ser\u00e1 administrado por URH Hoteliers &amp; Co y que est\u00e1 ubicado en la avenida de Vel\u00e1zquez, concretamente en el mismo edificio donde se situaba el hotel Novotel M\u00e1laga, cerrado a principios de 2012. Este primer\" \/>\n\t\t<meta property=\"og:url\" content=\"https:\/\/eldigitaldeasturias.com\/magazine365\/hilton-garden-inn-abre-su-primer-hotel-en-malaga-capital\/\" \/>\n\t\t<meta property=\"og:image\" content=\"https:\/\/eldigitaldeasturias.com\/magazine365\/wp-content\/uploads\/2015\/06\/fotonoticia_20150612112631_800.jpg\" \/>\n\t\t<meta property=\"og:image:secure_url\" content=\"https:\/\/eldigitaldeasturias.com\/magazine365\/wp-content\/uploads\/2015\/06\/fotonoticia_20150612112631_800.jpg\" \/>\n\t\t<meta property=\"og:image:width\" content=\"800\" \/>\n\t\t<meta property=\"og:image:height\" content=\"447\" \/>\n\t\t<meta property=\"article:published_time\" content=\"2015-06-12T23:56:16+00:00\" \/>\n\t\t<meta property=\"article:modified_time\" content=\"2015-06-12T23:56:16+00:00\" \/>\n\t\t<meta name=\"twitter:card\" content=\"summary_large_image\" \/>\n\t\t<meta name=\"twitter:title\" content=\"Hilton Garden Inn abre su primer hotel en M\u00e1laga capital | El Digital de Asturias\" \/>\n\t\t<meta name=\"twitter:description\" content=\"Hilton Garden Inn, marca de Hilton Worldwide, abre este viernes su primer hotel en M\u00e1laga capital, un nuevo establecimiento que ser\u00e1 administrado por URH Hoteliers &amp; Co y que est\u00e1 ubicado en la avenida de Vel\u00e1zquez, concretamente en el mismo edificio donde se situaba el hotel Novotel M\u00e1laga, cerrado a principios de 2012. Este primer\" \/>\n\t\t<meta name=\"twitter:image\" content=\"https:\/\/eldigitaldeasturias.com\/magazine365\/wp-content\/uploads\/2015\/06\/fotonoticia_20150612112631_800.jpg\" \/>\n\t\t<script type=\"application\/ld+json\" class=\"aioseo-schema\">\n\t\t\t{\"@context\":\"https:\\\/\\\/schema.org\",\"@graph\":[{\"@type\":\"Article\",\"@id\":\"https:\\\/\\\/eldigitaldeasturias.com\\\/magazine365\\\/hilton-garden-inn-abre-su-primer-hotel-en-malaga-capital\\\/#article\",\"name\":\"Hilton Garden Inn abre su primer hotel en M\\u00e1laga capital | El Digital de Asturias\",\"headline\":\"Hilton Garden Inn abre su primer hotel en M\\u00e1laga capital\",\"author\":{\"@id\":\"https:\\\/\\\/eldigitaldeasturias.com\\\/magazine365\\\/author\\\/admin\\\/#author\"},\"publisher\":{\"@id\":\"https:\\\/\\\/eldigitaldeasturias.com\\\/magazine365\\\/#organization\"},\"image\":{\"@type\":\"ImageObject\",\"url\":\"https:\\\/\\\/eldigitaldeasturias.com\\\/magazine365\\\/wp-content\\\/uploads\\\/2015\\\/06\\\/fotonoticia_20150612112631_800.jpg\",\"width\":800,\"height\":447},\"datePublished\":\"2015-06-13T01:26:16+02:00\",\"dateModified\":\"2015-06-13T01:26:16+02:00\",\"inLanguage\":\"es-ES\",\"mainEntityOfPage\":{\"@id\":\"https:\\\/\\\/eldigitaldeasturias.com\\\/magazine365\\\/hilton-garden-inn-abre-su-primer-hotel-en-malaga-capital\\\/#webpage\"},\"isPartOf\":{\"@id\":\"https:\\\/\\\/eldigitaldeasturias.com\\\/magazine365\\\/hilton-garden-inn-abre-su-primer-hotel-en-malaga-capital\\\/#webpage\"},\"articleSection\":\"Actualidad Turismo\"},{\"@type\":\"BreadcrumbList\",\"@id\":\"https:\\\/\\\/eldigitaldeasturias.com\\\/magazine365\\\/hilton-garden-inn-abre-su-primer-hotel-en-malaga-capital\\\/#breadcrumblist\",\"itemListElement\":[{\"@type\":\"ListItem\",\"@id\":\"https:\\\/\\\/eldigitaldeasturias.com\\\/magazine365#listItem\",\"position\":1,\"name\":\"Home\",\"item\":\"https:\\\/\\\/eldigitaldeasturias.com\\\/magazine365\",\"nextItem\":{\"@type\":\"ListItem\",\"@id\":\"https:\\\/\\\/eldigitaldeasturias.com\\\/magazine365\\\/category\\\/actualidad-turismo\\\/#listItem\",\"name\":\"Actualidad Turismo\"}},{\"@type\":\"ListItem\",\"@id\":\"https:\\\/\\\/eldigitaldeasturias.com\\\/magazine365\\\/category\\\/actualidad-turismo\\\/#listItem\",\"position\":2,\"name\":\"Actualidad Turismo\",\"item\":\"https:\\\/\\\/eldigitaldeasturias.com\\\/magazine365\\\/category\\\/actualidad-turismo\\\/\",\"nextItem\":{\"@type\":\"ListItem\",\"@id\":\"https:\\\/\\\/eldigitaldeasturias.com\\\/magazine365\\\/hilton-garden-inn-abre-su-primer-hotel-en-malaga-capital\\\/#listItem\",\"name\":\"Hilton Garden Inn abre su primer hotel en M\\u00e1laga capital\"},\"previousItem\":{\"@type\":\"ListItem\",\"@id\":\"https:\\\/\\\/eldigitaldeasturias.com\\\/magazine365#listItem\",\"name\":\"Home\"}},{\"@type\":\"ListItem\",\"@id\":\"https:\\\/\\\/eldigitaldeasturias.com\\\/magazine365\\\/hilton-garden-inn-abre-su-primer-hotel-en-malaga-capital\\\/#listItem\",\"position\":3,\"name\":\"Hilton Garden Inn abre su primer hotel en M\\u00e1laga capital\",\"previousItem\":{\"@type\":\"ListItem\",\"@id\":\"https:\\\/\\\/eldigitaldeasturias.com\\\/magazine365\\\/category\\\/actualidad-turismo\\\/#listItem\",\"name\":\"Actualidad Turismo\"}}]},{\"@type\":\"Organization\",\"@id\":\"https:\\\/\\\/eldigitaldeasturias.com\\\/magazine365\\\/#organization\",\"name\":\"El digital de Asturias\",\"description\":\"Revista de ocio, turismo y estilo de vida\",\"url\":\"https:\\\/\\\/eldigitaldeasturias.com\\\/magazine365\\\/\",\"logo\":{\"@type\":\"ImageObject\",\"url\":\"https:\\\/\\\/www.eldigitaldeasturias.com\\\/noticias\\\/wp-content\\\/uploads\\\/2020\\\/12\\\/EDA.jpg\",\"@id\":\"https:\\\/\\\/eldigitaldeasturias.com\\\/magazine365\\\/hilton-garden-inn-abre-su-primer-hotel-en-malaga-capital\\\/#organizationLogo\"},\"image\":{\"@id\":\"https:\\\/\\\/eldigitaldeasturias.com\\\/magazine365\\\/hilton-garden-inn-abre-su-primer-hotel-en-malaga-capital\\\/#organizationLogo\"}},{\"@type\":\"Person\",\"@id\":\"https:\\\/\\\/eldigitaldeasturias.com\\\/magazine365\\\/author\\\/admin\\\/#author\",\"url\":\"https:\\\/\\\/eldigitaldeasturias.com\\\/magazine365\\\/author\\\/admin\\\/\",\"name\":\"admin\",\"image\":{\"@type\":\"ImageObject\",\"@id\":\"https:\\\/\\\/eldigitaldeasturias.com\\\/magazine365\\\/hilton-garden-inn-abre-su-primer-hotel-en-malaga-capital\\\/#authorImage\",\"url\":\"https:\\\/\\\/eldigitaldeasturias.com\\\/magazine365\\\/wp-content\\\/litespeed\\\/avatar\\\/e571bcf59a0edd6fa6838245a470f2fe.jpg?ver=1776969259\",\"width\":96,\"height\":96,\"caption\":\"admin\"}},{\"@type\":\"WebPage\",\"@id\":\"https:\\\/\\\/eldigitaldeasturias.com\\\/magazine365\\\/hilton-garden-inn-abre-su-primer-hotel-en-malaga-capital\\\/#webpage\",\"url\":\"https:\\\/\\\/eldigitaldeasturias.com\\\/magazine365\\\/hilton-garden-inn-abre-su-primer-hotel-en-malaga-capital\\\/\",\"name\":\"Hilton Garden Inn abre su primer hotel en M\\u00e1laga capital | El Digital de Asturias\",\"description\":\"Hilton Garden Inn, marca de Hilton Worldwide, abre este viernes su primer hotel en M\\u00e1laga capital, un nuevo establecimiento que ser\\u00e1 administrado por URH Hoteliers & Co y que est\\u00e1 ubicado en la avenida de Vel\\u00e1zquez, concretamente en el mismo edificio donde se situaba el hotel Novotel M\\u00e1laga, cerrado a principios de 2012. Este primer\",\"inLanguage\":\"es-ES\",\"isPartOf\":{\"@id\":\"https:\\\/\\\/eldigitaldeasturias.com\\\/magazine365\\\/#website\"},\"breadcrumb\":{\"@id\":\"https:\\\/\\\/eldigitaldeasturias.com\\\/magazine365\\\/hilton-garden-inn-abre-su-primer-hotel-en-malaga-capital\\\/#breadcrumblist\"},\"author\":{\"@id\":\"https:\\\/\\\/eldigitaldeasturias.com\\\/magazine365\\\/author\\\/admin\\\/#author\"},\"creator\":{\"@id\":\"https:\\\/\\\/eldigitaldeasturias.com\\\/magazine365\\\/author\\\/admin\\\/#author\"},\"image\":{\"@type\":\"ImageObject\",\"url\":\"https:\\\/\\\/eldigitaldeasturias.com\\\/magazine365\\\/wp-content\\\/uploads\\\/2015\\\/06\\\/fotonoticia_20150612112631_800.jpg\",\"@id\":\"https:\\\/\\\/eldigitaldeasturias.com\\\/magazine365\\\/hilton-garden-inn-abre-su-primer-hotel-en-malaga-capital\\\/#mainImage\",\"width\":800,\"height\":447},\"primaryImageOfPage\":{\"@id\":\"https:\\\/\\\/eldigitaldeasturias.com\\\/magazine365\\\/hilton-garden-inn-abre-su-primer-hotel-en-malaga-capital\\\/#mainImage\"},\"datePublished\":\"2015-06-13T01:26:16+02:00\",\"dateModified\":\"2015-06-13T01:26:16+02:00\"},{\"@type\":\"WebSite\",\"@id\":\"https:\\\/\\\/eldigitaldeasturias.com\\\/magazine365\\\/#website\",\"url\":\"https:\\\/\\\/eldigitaldeasturias.com\\\/magazine365\\\/\",\"name\":\"El Digital de Asturias\",\"description\":\"Revista de ocio, turismo y estilo de vida\",\"inLanguage\":\"es-ES\",\"publisher\":{\"@id\":\"https:\\\/\\\/eldigitaldeasturias.com\\\/magazine365\\\/#organization\"}}]}\n\t\t<\/script>\n\t\t<!-- All in One SEO Pro -->\r\n\t\t<title>Hilton Garden Inn abre su primer hotel en M\u00e1laga capital | El Digital de Asturias<\/title>\n\n","aioseo_head_json":{"title":"Hilton Garden Inn abre su primer hotel en M\u00e1laga capital | El Digital de Asturias","description":"Hilton Garden Inn, marca de Hilton Worldwide, abre este viernes su primer hotel en M\u00e1laga capital, un nuevo establecimiento que ser\u00e1 administrado por URH Hoteliers & Co y que est\u00e1 ubicado en la avenida de Vel\u00e1zquez, concretamente en el mismo edificio donde se situaba el hotel Novotel M\u00e1laga, cerrado a principios de 2012. Este primer","canonical_url":"https:\/\/eldigitaldeasturias.com\/magazine365\/hilton-garden-inn-abre-su-primer-hotel-en-malaga-capital\/","robots":"max-image-preview:large","keywords":"actualidad turismo","webmasterTools":{"google-site-verification":"UA-38556648-1","miscellaneous":""},"schema":{"@context":"https:\/\/schema.org","@graph":[{"@type":"Article","@id":"https:\/\/eldigitaldeasturias.com\/magazine365\/hilton-garden-inn-abre-su-primer-hotel-en-malaga-capital\/#article","name":"Hilton Garden Inn abre su primer hotel en M\u00e1laga capital | El Digital de Asturias","headline":"Hilton Garden Inn abre su primer hotel en M\u00e1laga capital","author":{"@id":"https:\/\/eldigitaldeasturias.com\/magazine365\/author\/admin\/#author"},"publisher":{"@id":"https:\/\/eldigitaldeasturias.com\/magazine365\/#organization"},"image":{"@type":"ImageObject","url":"https:\/\/eldigitaldeasturias.com\/magazine365\/wp-content\/uploads\/2015\/06\/fotonoticia_20150612112631_800.jpg","width":800,"height":447},"datePublished":"2015-06-13T01:26:16+02:00","dateModified":"2015-06-13T01:26:16+02:00","inLanguage":"es-ES","mainEntityOfPage":{"@id":"https:\/\/eldigitaldeasturias.com\/magazine365\/hilton-garden-inn-abre-su-primer-hotel-en-malaga-capital\/#webpage"},"isPartOf":{"@id":"https:\/\/eldigitaldeasturias.com\/magazine365\/hilton-garden-inn-abre-su-primer-hotel-en-malaga-capital\/#webpage"},"articleSection":"Actualidad Turismo"},{"@type":"BreadcrumbList","@id":"https:\/\/eldigitaldeasturias.com\/magazine365\/hilton-garden-inn-abre-su-primer-hotel-en-malaga-capital\/#breadcrumblist","itemListElement":[{"@type":"ListItem","@id":"https:\/\/eldigitaldeasturias.com\/magazine365#listItem","position":1,"name":"Home","item":"https:\/\/eldigitaldeasturias.com\/magazine365","nextItem":{"@type":"ListItem","@id":"https:\/\/eldigitaldeasturias.com\/magazine365\/category\/actualidad-turismo\/#listItem","name":"Actualidad Turismo"}},{"@type":"ListItem","@id":"https:\/\/eldigitaldeasturias.com\/magazine365\/category\/actualidad-turismo\/#listItem","position":2,"name":"Actualidad Turismo","item":"https:\/\/eldigitaldeasturias.com\/magazine365\/category\/actualidad-turismo\/","nextItem":{"@type":"ListItem","@id":"https:\/\/eldigitaldeasturias.com\/magazine365\/hilton-garden-inn-abre-su-primer-hotel-en-malaga-capital\/#listItem","name":"Hilton Garden Inn abre su primer hotel en M\u00e1laga capital"},"previousItem":{"@type":"ListItem","@id":"https:\/\/eldigitaldeasturias.com\/magazine365#listItem","name":"Home"}},{"@type":"ListItem","@id":"https:\/\/eldigitaldeasturias.com\/magazine365\/hilton-garden-inn-abre-su-primer-hotel-en-malaga-capital\/#listItem","position":3,"name":"Hilton Garden Inn abre su primer hotel en M\u00e1laga capital","previousItem":{"@type":"ListItem","@id":"https:\/\/eldigitaldeasturias.com\/magazine365\/category\/actualidad-turismo\/#listItem","name":"Actualidad Turismo"}}]},{"@type":"Organization","@id":"https:\/\/eldigitaldeasturias.com\/magazine365\/#organization","name":"El digital de Asturias","description":"Revista de ocio, turismo y estilo de vida","url":"https:\/\/eldigitaldeasturias.com\/magazine365\/","logo":{"@type":"ImageObject","url":"https:\/\/www.eldigitaldeasturias.com\/noticias\/wp-content\/uploads\/2020\/12\/EDA.jpg","@id":"https:\/\/eldigitaldeasturias.com\/magazine365\/hilton-garden-inn-abre-su-primer-hotel-en-malaga-capital\/#organizationLogo"},"image":{"@id":"https:\/\/eldigitaldeasturias.com\/magazine365\/hilton-garden-inn-abre-su-primer-hotel-en-malaga-capital\/#organizationLogo"}},{"@type":"Person","@id":"https:\/\/eldigitaldeasturias.com\/magazine365\/author\/admin\/#author","url":"https:\/\/eldigitaldeasturias.com\/magazine365\/author\/admin\/","name":"admin","image":{"@type":"ImageObject","@id":"https:\/\/eldigitaldeasturias.com\/magazine365\/hilton-garden-inn-abre-su-primer-hotel-en-malaga-capital\/#authorImage","url":"https:\/\/eldigitaldeasturias.com\/magazine365\/wp-content\/litespeed\/avatar\/e571bcf59a0edd6fa6838245a470f2fe.jpg?ver=1776969259","width":96,"height":96,"caption":"admin"}},{"@type":"WebPage","@id":"https:\/\/eldigitaldeasturias.com\/magazine365\/hilton-garden-inn-abre-su-primer-hotel-en-malaga-capital\/#webpage","url":"https:\/\/eldigitaldeasturias.com\/magazine365\/hilton-garden-inn-abre-su-primer-hotel-en-malaga-capital\/","name":"Hilton Garden Inn abre su primer hotel en M\u00e1laga capital | El Digital de Asturias","description":"Hilton Garden Inn, marca de Hilton Worldwide, abre este viernes su primer hotel en M\u00e1laga capital, un nuevo establecimiento que ser\u00e1 administrado por URH Hoteliers & Co y que est\u00e1 ubicado en la avenida de Vel\u00e1zquez, concretamente en el mismo edificio donde se situaba el hotel Novotel M\u00e1laga, cerrado a principios de 2012. Este primer","inLanguage":"es-ES","isPartOf":{"@id":"https:\/\/eldigitaldeasturias.com\/magazine365\/#website"},"breadcrumb":{"@id":"https:\/\/eldigitaldeasturias.com\/magazine365\/hilton-garden-inn-abre-su-primer-hotel-en-malaga-capital\/#breadcrumblist"},"author":{"@id":"https:\/\/eldigitaldeasturias.com\/magazine365\/author\/admin\/#author"},"creator":{"@id":"https:\/\/eldigitaldeasturias.com\/magazine365\/author\/admin\/#author"},"image":{"@type":"ImageObject","url":"https:\/\/eldigitaldeasturias.com\/magazine365\/wp-content\/uploads\/2015\/06\/fotonoticia_20150612112631_800.jpg","@id":"https:\/\/eldigitaldeasturias.com\/magazine365\/hilton-garden-inn-abre-su-primer-hotel-en-malaga-capital\/#mainImage","width":800,"height":447},"primaryImageOfPage":{"@id":"https:\/\/eldigitaldeasturias.com\/magazine365\/hilton-garden-inn-abre-su-primer-hotel-en-malaga-capital\/#mainImage"},"datePublished":"2015-06-13T01:26:16+02:00","dateModified":"2015-06-13T01:26:16+02:00"},{"@type":"WebSite","@id":"https:\/\/eldigitaldeasturias.com\/magazine365\/#website","url":"https:\/\/eldigitaldeasturias.com\/magazine365\/","name":"El Digital de Asturias","description":"Revista de ocio, turismo y estilo de vida","inLanguage":"es-ES","publisher":{"@id":"https:\/\/eldigitaldeasturias.com\/magazine365\/#organization"}}]},"og:locale":"es_ES","og:site_name":"El Digital de Asturias \u2013 Revista de ocio, turismo y estilo de vida","og:type":"article","og:title":"Hilton Garden Inn abre su primer hotel en M\u00e1laga capital | El Digital de Asturias","og:description":"Hilton Garden Inn, marca de Hilton Worldwide, abre este viernes su primer hotel en M\u00e1laga capital, un nuevo establecimiento que ser\u00e1 administrado por URH Hoteliers &amp; Co y que est\u00e1 ubicado en la avenida de Vel\u00e1zquez, concretamente en el mismo edificio donde se situaba el hotel Novotel M\u00e1laga, cerrado a principios de 2012. Este primer","og:url":"https:\/\/eldigitaldeasturias.com\/magazine365\/hilton-garden-inn-abre-su-primer-hotel-en-malaga-capital\/","og:image":"https:\/\/eldigitaldeasturias.com\/magazine365\/wp-content\/uploads\/2015\/06\/fotonoticia_20150612112631_800.jpg","og:image:secure_url":"https:\/\/eldigitaldeasturias.com\/magazine365\/wp-content\/uploads\/2015\/06\/fotonoticia_20150612112631_800.jpg","og:image:width":800,"og:image:height":447,"article:published_time":"2015-06-12T23:56:16+00:00","article:modified_time":"2015-06-12T23:56:16+00:00","twitter:card":"summary_large_image","twitter:title":"Hilton Garden Inn abre su primer hotel en M\u00e1laga capital | El Digital de Asturias","twitter:description":"Hilton Garden Inn, marca de Hilton Worldwide, abre este viernes su primer hotel en M\u00e1laga capital, un nuevo establecimiento que ser\u00e1 administrado por URH Hoteliers &amp; Co y que est\u00e1 ubicado en la avenida de Vel\u00e1zquez, concretamente en el mismo edificio donde se situaba el hotel Novotel M\u00e1laga, cerrado a principios de 2012. Este primer","twitter:image":"https:\/\/eldigitaldeasturias.com\/magazine365\/wp-content\/uploads\/2015\/06\/fotonoticia_20150612112631_800.jpg"},"aioseo_meta_data":{"post_id":"39701","title":null,"description":null,"keywords":null,"keyphrases":null,"primary_term":null,"canonical_url":null,"og_title":null,"og_description":null,"og_object_type":"default","og_image_type":"default","og_image_url":null,"og_image_width":null,"og_image_height":null,"og_image_custom_url":null,"og_image_custom_fields":null,"og_video":null,"og_custom_url":null,"og_article_section":null,"og_article_tags":null,"twitter_use_og":false,"twitter_card":"default","twitter_image_type":"default","twitter_image_url":null,"twitter_image_custom_url":null,"twitter_image_custom_fields":null,"twitter_title":null,"twitter_description":null,"schema":{"blockGraphs":[],"customGraphs":[],"default":{"data":{"Article":[],"Course":[],"Dataset":[],"FAQPage":[],"Movie":[],"Person":[],"Product":[],"ProductReview":[],"Car":[],"Recipe":[],"Service":[],"SoftwareApplication":[],"WebPage":[]},"graphName":"","isEnabled":true},"graphs":[],"defaultGraph":"","defaultPostTypeGraph":""},"schema_type":null,"schema_type_options":null,"pillar_content":false,"robots_default":true,"robots_noindex":false,"robots_noarchive":false,"robots_nosnippet":false,"robots_nofollow":false,"robots_noimageindex":false,"robots_noodp":false,"robots_notranslate":false,"robots_max_snippet":null,"robots_max_videopreview":null,"robots_max_imagepreview":"large","priority":null,"frequency":null,"location":null,"local_seo":null,"seo_analyzer_scan_date":"2025-09-19 12:09:09","breadcrumb_settings":null,"limit_modified_date":false,"open_ai":null,"ai":null,"created":"2021-03-09 02:37:42","updated":"2025-09-19 12:09:09"},"aioseo_breadcrumb":"<div class=\"aioseo-breadcrumbs\"><span class=\"aioseo-breadcrumb\">\n\t<a href=\"https:\/\/eldigitaldeasturias.com\/magazine365\" title=\"Home\">Home<\/a>\n<\/span><span class=\"aioseo-breadcrumb-separator\">\u2013<\/span><span class=\"aioseo-breadcrumb\">\n\t<a href=\"https:\/\/eldigitaldeasturias.com\/magazine365\/category\/actualidad-turismo\/\" title=\"Actualidad Turismo\">Actualidad Turismo<\/a>\n<\/span><span class=\"aioseo-breadcrumb-separator\">\u2013<\/span><span class=\"aioseo-breadcrumb\">\n\t<a href=\"https:\/\/eldigitaldeasturias.com\/magazine365\/hilton-garden-inn-abre-su-primer-hotel-en-malaga-capital\/\" title=\"Hilton Garden Inn abre su primer hotel en M\u00e1laga capital\">Hilton Garden Inn abre su primer hotel en M\u00e1laga capital<\/a>\n<\/span><\/div>","aioseo_breadcrumb_json":[{"label":"Home","link":"https:\/\/eldigitaldeasturias.com\/magazine365"},{"label":"Actualidad Turismo","link":"https:\/\/eldigitaldeasturias.com\/magazine365\/category\/actualidad-turismo\/"},{"label":"Hilton Garden Inn abre su primer hotel en M\u00e1laga capital","link":"https:\/\/eldigitaldeasturias.com\/magazine365\/hilton-garden-inn-abre-su-primer-hotel-en-malaga-capital\/"}],"_links":{"self":[{"href":"https:\/\/eldigitaldeasturias.com\/magazine365\/wp-json\/wp\/v2\/posts\/39701","targetHints":{"allow":["GET"]}}],"collection":[{"href":"https:\/\/eldigitaldeasturias.com\/magazine365\/wp-json\/wp\/v2\/posts"}],"about":[{"href":"https:\/\/eldigitaldeasturias.com\/magazine365\/wp-json\/wp\/v2\/types\/post"}],"author":[{"embeddable":true,"href":"https:\/\/eldigitaldeasturias.com\/magazine365\/wp-json\/wp\/v2\/users\/1"}],"replies":[{"embeddable":true,"href":"https:\/\/eldigitaldeasturias.com\/magazine365\/wp-json\/wp\/v2\/comments?post=39701"}],"version-history":[{"count":0,"href":"https:\/\/eldigitaldeasturias.com\/magazine365\/wp-json\/wp\/v2\/posts\/39701\/revisions"}],"wp:featuredmedia":[{"embeddable":true,"href":"https:\/\/eldigitaldeasturias.com\/magazine365\/wp-json\/wp\/v2\/media\/39702"}],"wp:attachment":[{"href":"https:\/\/eldigitaldeasturias.com\/magazine365\/wp-json\/wp\/v2\/media?parent=39701"}],"wp:term":[{"taxonomy":"category","embeddable":true,"href":"https:\/\/eldigitaldeasturias.com\/magazine365\/wp-json\/wp\/v2\/categories?post=39701"},{"taxonomy":"post_tag","embeddable":true,"href":"https:\/\/eldigitaldeasturias.com\/magazine365\/wp-json\/wp\/v2\/tags?post=39701"}],"curies":[{"name":"wp","href":"https:\/\/api.w.org\/{rel}","templated":true}]}}